{"id":62909,"date":"2021-05-12T22:37:46","date_gmt":"2021-05-13T02:37:46","guid":{"rendered":"https:\/\/webdelmaestrocmf.com\/portal\/?p=62909"},"modified":"2021-05-12T22:39:12","modified_gmt":"2021-05-13T02:39:12","slug":"el-covid-y-el-clima-demuestran-que-no-tenemos-tiempo-para-esperar","status":"publish","type":"post","link":"https:\/\/webdelmaestrocmf.com\/portal\/el-covid-y-el-clima-demuestran-que-no-tenemos-tiempo-para-esperar\/","title":{"rendered":"El Covid y el clima, demuestran que no tenemos tiempo para esperar"},"content":{"rendered":"<h5 style=\"text-align: justify;\">Compartimos un videomensaje del Papa Francisco con motivo del D\u00eda de la Tierra, establecida por las Naciones Unidas con el fin de consolidar una conciencia mundial sobre la relaci\u00f3n de interdependencia entre los seres humanos, los seres vivos y el medioambiente que los rodea.<\/h5>\n<p><!--more--><\/p>\n<h5 style=\"text-align: justify;\">Art\u00edculo recomendado:<\/h5>\n<p><iframe loading=\"lazy\" class=\"wp-embedded-content\" title=\"\u00abEducar para cuidar el medio ambiente\u00bb \u2014 Web del Maestro CMF\" src=\"https:\/\/webdelmaestrocmf.com\/portal\/educar-para-cuidar-el-medio-ambiente\/embed\/\" width=\"100%\" height=\"100\" frameborder=\"0\" marginwidth=\"0\" marginheight=\"0\" scrolling=\"no\" sandbox=\"allow-scripts\"><span data-mce-type=\"bookmark\" style=\"display: inline-block; width: 0px; overflow: hidden; line-height: 0;\" class=\"mce_SELRES_start\">\ufeff<\/span><span data-mce-type=\"bookmark\" style=\"display: inline-block; width: 0px; overflow: hidden; line-height: 0;\" class=\"mce_SELRES_start\">\ufeff<\/span><\/iframe><\/p>\n<p style=\"text-align: justify;\">Por motivos \u00fanicamente educativos y pastorales, compartimos con los educadores que consideren puede ser de utilidad este recurso, el video y las palabras del Papa Francisco. Hacemos la aclaraci\u00f3n que los resaltados en negritas y cursivas, son nuestros. Al final de esta publicaci\u00f3n indicamos el enlace con la fuente del texto que a continuaci\u00f3n publicamos.<\/p>\n<p style=\"text-align: justify;\">\u201cHermanos y hermanas:<\/p>\n<p style=\"text-align: justify;\">En esta conmemoraci\u00f3n del D\u00eda de la Tierra, siempre es bueno recordar cosas que nos decimos mutuamente para que no caigan en el olvido. <strong>Desde hace tiempo estamos tomando m\u00e1s conciencia de que la naturaleza merece ser protegida<\/strong>, aunque sea por el hecho de que las interacciones humanas con la biodiversidad de Dios [que Dios nos ha dado] deben hacerse con el m\u00e1ximo cuidado y con respeto<strong>: cuidar la biodiversidad, cuidar la naturaleza<\/strong>. Y esto en esta pandemia lo hemos aprendido mucho m\u00e1s. Tambi\u00e9n esta pandemia nos ha demostrado qu\u00e9 ocurre cuando el mundo se para, hace una pausa, aunque sea de unos pocos meses. Y el impacto que esto tiene en la naturaleza y en el cambio clim\u00e1tico, de una forma, de una manera tristemente positiva, \u00bfno?, es decir, hace da\u00f1o.<\/p>\n<p style=\"text-align: justify;\">Art\u00edculo recomendado:<\/p>\n<p><iframe loading=\"lazy\" class=\"wp-embedded-content\" title=\"\u00abPapa Francisco: Queremos ser amos de la Tierra, pero arruinamos la biodiversidad y el equilibrio ecol\u00f3gico\u00bb \u2014 Web del Maestro CMF\" src=\"https:\/\/webdelmaestrocmf.com\/portal\/papa-francisco-queremos-ser-amos-de-la-tierra-pero-arruinamos-la-biodiversidad-y-el-equilibrio-ecologico\/embed\/\" width=\"100%\" height=\"100\" frameborder=\"0\" marginwidth=\"0\" marginheight=\"0\" scrolling=\"no\" sandbox=\"allow-scripts\"><span data-mce-type=\"bookmark\" style=\"display: inline-block; width: 0px; overflow: hidden; line-height: 0;\" class=\"mce_SELRES_start\">\ufeff<\/span><\/iframe><\/p>\n<p style=\"text-align: justify;\">Y esto nos demuestra que <strong>la naturaleza global necesita de nuestras vidas en este planeta.<\/strong> A todos nos afecta, aunque de m\u00faltiples formas, diversas e inequ\u00edvocas. Y es as\u00ed. Tambi\u00e9n nos ense\u00f1a m\u00e1s sobre lo que necesitamos hacer para <strong>crear un planeta justo, equitativo, ambientalmente seguro<\/strong>.<\/p>\n<p><img loading=\"lazy\" decoding=\"async\" class=\"alignnone size-large\" src=\"https:\/\/static.independent.co.uk\/2020\/10\/27\/16\/PAPA%20CUBREBOCAS.jpeg?width=982&amp;height=726&amp;auto=webp&amp;quality=75\" width=\"982\" height=\"726\" \/><\/p>\n<p style=\"text-align: justify;\">En resumen, <strong>la pandemia del Covid nos ha ense\u00f1ado esta interdependencia, este compartir el planeta. <\/strong>Y ambas cat\u00e1strofes globales, Covid y el clima, demuestran que no tenemos tiempo para esperar. El tiempo nos apremia y que, como lo ha demostrado la Covid-19, s\u00ed tenemos los medios para enfrentar el desaf\u00edo. Tenemos los medios. <strong>Es el momento de actuar, estamos en el l\u00edmite.<\/strong><\/p>\n<h5 style=\"text-align: left;\">PAPA EN EL D\u00cdA DE LA TIERRA: \u00ab\u00a1ES EL MOMENTO DE ACTUAR!\u00bb\u00a0(04\u00b4 20\u201d)<\/h5>\n<p><iframe loading=\"lazy\" title=\"YouTube video player\" src=\"https:\/\/www.youtube.com\/embed\/xSrxwuB0mZs\" width=\"100%\" height=\"400\" frameborder=\"0\" allowfullscreen=\"allowfullscreen\"><span data-mce-type=\"bookmark\" style=\"display: inline-block; width: 0px; overflow: hidden; line-height: 0;\" class=\"mce_SELRES_start\">\ufeff<\/span><\/iframe><\/p>\n<p style=\"text-align: justify;\">Quisiera repetir un dicho viejo, espa\u00f1ol: <em>\u201cDios perdona siempre, los hombres perdonamos de vez en cuando, la naturaleza no perdona m\u00e1s\u201d<\/em>. Y cuando se gatilla esta destrucci\u00f3n de la naturaleza es muy dif\u00edcil frenarla, pero todav\u00eda estamos a tiempo. Y <strong>vamos a ser m\u00e1s resilientes cuando trabajemos juntos en lugar de hacerlo solos<\/strong>. La adversidad que estamos viviendo con la pandemia, y que ya en el cambio clim\u00e1tico la sentimos, nos ha de impulsar, nos tiene que impulsar a la innovaci\u00f3n, a la invenci\u00f3n, a buscar caminos nuevos. De una crisis no se sale igual, salimos mejores o peores. <strong>Este es el desaf\u00edo, y si no salimos mejores vamos por un camino de autodestrucci\u00f3n<\/strong>.<\/p>\n<p style=\"text-align: justify;\">Que todos ustedes&#8230; Yo tambi\u00e9n me uno a ustedes, a <strong>un llamado a todos los l\u00edderes del mundo: para que act\u00faen con valent\u00eda, que act\u00faen con justicia y que siempre digan la verdad a la gente<\/strong>, para que la gente sepa c\u00f3mo protegerse de la destrucci\u00f3n del planeta, c\u00f3mo proteger al planeta de la destrucci\u00f3n que muchas veces nosotros gatillamos.<\/p>\n<p style=\"text-align: justify;\">Gracias por lo que hacen, gracias por la buena intenci\u00f3n, gracias por reunirse todos y prosperidad para todos\u201d<\/p>\n<p style=\"text-align: justify;\">Fuente: <a href=\"https:\/\/www.vatican.va\/content\/francesco\/es\/messages\/pont-messages\/2021\/documents\/papa-francesco_20210422_videomessaggio-giornata-terra.html\" target=\"_blank\" rel=\"noopener\"><strong>VIDEOMENSAJE DEL SANTO PADRE FRANCISCO CON OCASI\u00d3N DEL D\u00cdA DE LA TIERRA<\/strong><\/a><\/p>\n<p style=\"text-align: center;\"><em>\u201cLa felicidad requiere saber limitar algunas necesidades que nos atontan\u2026. Nos necesitamos unos a otros tenemos una responsabilidad por los dem\u00e1s y por el mundo\u2026 vale la pena ser buenos y honestos\u201d<\/em> (LS)<\/p>\n<p style=\"text-align: right;\"><strong>REDACCI\u00d3N WEB DEL MAESTRO CMF<\/strong><\/p>\n\t\t<div class=\"pk-inline-posts\">\n\t\t\t\n\t\t\t<div class=\"pk-inline-posts-container pk-inline-posts-template-list\"\n\t\t\t\tdata-columns=\"1\">\n\t\t\t\t\t\t<article id=\"post-117930\" class=\"post-117930 post type-post status-publish format-standard has-post-thumbnail category-pastoral category-noticias-internacionales category-papa-leon-xiv tag-conflictos tag-derechos-humanos tag-educacion-en-valores-2 tag-etica-3 tag-justicia-social tag-liderazgo tag-papa-2 tag-paz tag-reflexion-2 tag-solidaridad cs-entry cs-video-wrap\">\n\t\t\t<div class=\"pk-post-outer\">\n\n\t\t\t\t\t\t\t\t<div class=\"pk-post-inner\">\n\t\t\t\t\t<div class=\"entry-thumbnail\">\n\t\t\t\t\t\t<div class=\"pk-overlay pk-overlay-ratio pk-ratio-landscape\">\n\t\t\t\t\t\t\t<div class=\"pk-overlay-background\">\n\t\t\t\t\t\t\t\t<a href=\"https:\/\/webdelmaestrocmf.com\/portal\/papa-leon-xiv-el-mundo-esta-siendo-destruido-por-unos-pocos-tiranos-en-referencia-a-trump\/\" class=\"pk-overlay-link\">\n\t\t\t\t\t\t\t\t\t<img loading=\"lazy\" decoding=\"async\" width=\"300\" height=\"225\" src=\"https:\/\/webdelmaestrocmf.com\/portal\/wp-content\/uploads\/2026\/04\/1AA-Banner-1-portada-imagen-10-1-copia-30-300x225.webp\" class=\"attachment-pk-thumbnail size-pk-thumbnail wp-post-image\" alt=\"\" \/>\t\t\t\t\t\t\t\t<\/a>\n\t\t\t\t\t\t\t<\/div>\n\t\t\t\t\t\t<\/div>\n\t\t\t\t\t<\/div>\n\t\t\t\t<\/div>\n\t\t\t\t\n\t\t\t\t<div class=\"pk-post-inner\">\n\t\t\t\t\t<header>\n\t\t\t\t\t\t<h3 class=\"pk-title\"><a href=\"https:\/\/webdelmaestrocmf.com\/portal\/papa-leon-xiv-el-mundo-esta-siendo-destruido-por-unos-pocos-tiranos-en-referencia-a-trump\/\" rel=\"bookmark\">Papa Le\u00f3n XIV: \u201cEl mundo est\u00e1 siendo destruido por unos pocos tiranos\u201d, en referencia a Trump<\/a><\/h3>\t\t\t\t\t<\/header><!-- .entry-header -->\n\t\t\t\t<\/div><!-- .post-inner -->\n\n\t\t\t<\/div><!-- .post-outer -->\n\t\t<\/article>\n\t\t\t\t<\/div>\n\t\t<\/div>\n\t\t\n","protected":false},"excerpt":{"rendered":"Compartimos un videomensaje del Papa Francisco con motivo del D\u00eda de la Tierra, establecida por las Naciones Unidas&hellip;","protected":false},"author":1,"featured_media":62911,"comment_status":"open","ping_status":"closed","sticky":false,"template":"","format":"standard","meta":{"csco_display_header_overlay":false,"csco_singular_sidebar":"default","csco_page_header_type":"default","csco_page_load_nextpost":"default","csco_post_video_location":[],"csco_post_video_location_hash":"","csco_post_video_url":"","csco_post_video_bg_start_time":0,"csco_post_video_bg_end_time":0,"csco_post_video_bg_volume":false,"_jetpack_memberships_contains_paid_content":false,"footnotes":""},"categories":[431,467],"tags":[1671,4787,13560,2645,2950],"class_list":{"0":"post-62909","1":"post","2":"type-post","3":"status-publish","4":"format-standard","5":"has-post-thumbnail","7":"category-pastoral","8":"category-papa-francisco","9":"tag-clima","10":"tag-covid","11":"tag-esperar","12":"tag-tenemos","13":"tag-tiempo","14":"cs-entry","15":"cs-video-wrap"},"yoast_head":"<!-- This site is optimized with the Yoast SEO plugin v27.4 - https:\/\/yoast.com\/product\/yoast-seo-wordpress\/ -->\n<title>El Covid y el clima, demuestran que no tenemos tiempo para esperar - 2026<\/title>\n<meta name=\"description\" content=\"Compartimos un videomensaje del Papa Francisco con motivo del D\u00eda de la Tierra, establecida por las Naciones Unidas con el...\" \/>\n<meta name=\"robots\" content=\"index, follow, max-snippet:-1, max-image-preview:large, max-video-preview:-1\" \/>\n<link rel=\"canonical\" href=\"https:\/\/webdelmaestrocmf.com\/portal\/el-covid-y-el-clima-demuestran-que-no-tenemos-tiempo-para-esperar\/\" \/>\n<meta property=\"og:locale\" content=\"es_ES\" \/>\n<meta property=\"og:type\" content=\"article\" \/>\n<meta property=\"og:title\" content=\"El Covid y el clima, demuestran que no tenemos tiempo para esperar - 2026\" \/>\n<meta property=\"og:description\" content=\"Compartimos un videomensaje del Papa Francisco con motivo del D\u00eda de la Tierra, establecida por las Naciones Unidas con el...\" \/>\n<meta property=\"og:url\" content=\"https:\/\/webdelmaestrocmf.com\/portal\/el-covid-y-el-clima-demuestran-que-no-tenemos-tiempo-para-esperar\/\" \/>\n<meta property=\"og:site_name\" content=\"Web del Maestro CMF\" \/>\n<meta property=\"article:publisher\" content=\"https:\/\/www.facebook.com\/WebdelMaestroCMF\/\" \/>\n<meta property=\"article:author\" content=\"https:\/\/www.facebook.com\/WebdelMaestroCMF\/\" \/>\n<meta property=\"article:published_time\" content=\"2021-05-13T02:37:46+00:00\" \/>\n<meta property=\"article:modified_time\" content=\"2021-05-13T02:39:12+00:00\" \/>\n<meta property=\"og:image\" content=\"https:\/\/i0.wp.com\/webdelmaestrocmf.com\/portal\/wp-content\/uploads\/2021\/05\/1-copia-15.jpg?fit=1100%2C680&ssl=1\" \/>\n\t<meta property=\"og:image:width\" content=\"1100\" \/>\n\t<meta property=\"og:image:height\" content=\"680\" \/>\n\t<meta property=\"og:image:type\" content=\"image\/jpeg\" \/>\n<meta name=\"author\" content=\"Web del Maestro CMF\" \/>\n<meta name=\"twitter:card\" content=\"summary_large_image\" \/>\n<meta name=\"twitter:creator\" content=\"@cmf_w\" \/>\n<meta name=\"twitter:site\" content=\"@cmf_w\" \/>\n<meta name=\"twitter:label1\" content=\"Escrito por\" \/>\n\t<meta name=\"twitter:data1\" content=\"Web del Maestro CMF\" \/>\n\t<meta name=\"twitter:label2\" content=\"Tiempo de lectura\" \/>\n\t<meta name=\"twitter:data2\" content=\"3 minutos\" \/>\n<script type=\"application\/ld+json\" class=\"yoast-schema-graph\">{\"@context\":\"https:\\\/\\\/schema.org\",\"@graph\":[{\"@type\":\"ScholarlyArticle\",\"@id\":\"https:\\\/\\\/webdelmaestrocmf.com\\\/portal\\\/el-covid-y-el-clima-demuestran-que-no-tenemos-tiempo-para-esperar\\\/#article\",\"isPartOf\":{\"@id\":\"https:\\\/\\\/webdelmaestrocmf.com\\\/portal\\\/el-covid-y-el-clima-demuestran-que-no-tenemos-tiempo-para-esperar\\\/\"},\"author\":{\"name\":\"Web del Maestro CMF\",\"@id\":\"https:\\\/\\\/webdelmaestrocmf.com\\\/portal\\\/#\\\/schema\\\/person\\\/1072a2ed7bd960df8ef99a551fa35dc5\"},\"headline\":\"El Covid y el clima, demuestran que no tenemos tiempo para esperar\",\"datePublished\":\"2021-05-13T02:37:46+00:00\",\"dateModified\":\"2021-05-13T02:39:12+00:00\",\"mainEntityOfPage\":{\"@id\":\"https:\\\/\\\/webdelmaestrocmf.com\\\/portal\\\/el-covid-y-el-clima-demuestran-que-no-tenemos-tiempo-para-esperar\\\/\"},\"wordCount\":665,\"commentCount\":0,\"publisher\":{\"@id\":\"https:\\\/\\\/webdelmaestrocmf.com\\\/portal\\\/#organization\"},\"image\":{\"@id\":\"https:\\\/\\\/webdelmaestrocmf.com\\\/portal\\\/el-covid-y-el-clima-demuestran-que-no-tenemos-tiempo-para-esperar\\\/#primaryimage\"},\"thumbnailUrl\":\"https:\\\/\\\/webdelmaestrocmf.com\\\/portal\\\/wp-content\\\/uploads\\\/2021\\\/05\\\/1-copia-15.jpg\",\"keywords\":[\"CLIMA\",\"Covid\",\"esperar\",\"TENEMOS\",\"TIEMPO\"],\"articleSection\":[\"Mundo cart\u00f3lico\",\"Papa Francisco\"],\"inLanguage\":\"es\",\"potentialAction\":[{\"@type\":\"CommentAction\",\"name\":\"Comment\",\"target\":[\"https:\\\/\\\/webdelmaestrocmf.com\\\/portal\\\/el-covid-y-el-clima-demuestran-que-no-tenemos-tiempo-para-esperar\\\/#respond\"]}]},{\"@type\":\"WebPage\",\"@id\":\"https:\\\/\\\/webdelmaestrocmf.com\\\/portal\\\/el-covid-y-el-clima-demuestran-que-no-tenemos-tiempo-para-esperar\\\/\",\"url\":\"https:\\\/\\\/webdelmaestrocmf.com\\\/portal\\\/el-covid-y-el-clima-demuestran-que-no-tenemos-tiempo-para-esperar\\\/\",\"name\":\"El Covid y el clima, demuestran que no tenemos tiempo para esperar - 2026\",\"isPartOf\":{\"@id\":\"https:\\\/\\\/webdelmaestrocmf.com\\\/portal\\\/#website\"},\"primaryImageOfPage\":{\"@id\":\"https:\\\/\\\/webdelmaestrocmf.com\\\/portal\\\/el-covid-y-el-clima-demuestran-que-no-tenemos-tiempo-para-esperar\\\/#primaryimage\"},\"image\":{\"@id\":\"https:\\\/\\\/webdelmaestrocmf.com\\\/portal\\\/el-covid-y-el-clima-demuestran-que-no-tenemos-tiempo-para-esperar\\\/#primaryimage\"},\"thumbnailUrl\":\"https:\\\/\\\/webdelmaestrocmf.com\\\/portal\\\/wp-content\\\/uploads\\\/2021\\\/05\\\/1-copia-15.jpg\",\"datePublished\":\"2021-05-13T02:37:46+00:00\",\"dateModified\":\"2021-05-13T02:39:12+00:00\",\"description\":\"Compartimos un videomensaje del Papa Francisco con motivo del D\u00eda de la Tierra, establecida por las Naciones Unidas con el...\",\"breadcrumb\":{\"@id\":\"https:\\\/\\\/webdelmaestrocmf.com\\\/portal\\\/el-covid-y-el-clima-demuestran-que-no-tenemos-tiempo-para-esperar\\\/#breadcrumb\"},\"inLanguage\":\"es\",\"potentialAction\":[{\"@type\":\"ReadAction\",\"target\":[\"https:\\\/\\\/webdelmaestrocmf.com\\\/portal\\\/el-covid-y-el-clima-demuestran-que-no-tenemos-tiempo-para-esperar\\\/\"]}]},{\"@type\":\"ImageObject\",\"inLanguage\":\"es\",\"@id\":\"https:\\\/\\\/webdelmaestrocmf.com\\\/portal\\\/el-covid-y-el-clima-demuestran-que-no-tenemos-tiempo-para-esperar\\\/#primaryimage\",\"url\":\"https:\\\/\\\/webdelmaestrocmf.com\\\/portal\\\/wp-content\\\/uploads\\\/2021\\\/05\\\/1-copia-15.jpg\",\"contentUrl\":\"https:\\\/\\\/webdelmaestrocmf.com\\\/portal\\\/wp-content\\\/uploads\\\/2021\\\/05\\\/1-copia-15.jpg\",\"width\":1100,\"height\":680},{\"@type\":\"BreadcrumbList\",\"@id\":\"https:\\\/\\\/webdelmaestrocmf.com\\\/portal\\\/el-covid-y-el-clima-demuestran-que-no-tenemos-tiempo-para-esperar\\\/#breadcrumb\",\"itemListElement\":[{\"@type\":\"ListItem\",\"position\":1,\"name\":\"Portada\",\"item\":\"https:\\\/\\\/webdelmaestrocmf.com\\\/portal\\\/\"},{\"@type\":\"ListItem\",\"position\":2,\"name\":\"Mundo cart\u00f3lico\",\"item\":\"https:\\\/\\\/webdelmaestrocmf.com\\\/portal\\\/category\\\/pastoral\\\/\"},{\"@type\":\"ListItem\",\"position\":3,\"name\":\"El Covid y el clima, demuestran que no tenemos tiempo para esperar\"}]},{\"@type\":\"WebSite\",\"@id\":\"https:\\\/\\\/webdelmaestrocmf.com\\\/portal\\\/#website\",\"url\":\"https:\\\/\\\/webdelmaestrocmf.com\\\/portal\\\/\",\"name\":\"Web del Maestro CMF\",\"description\":\"Maestros al servicio de la educaci\u00f3n\",\"publisher\":{\"@id\":\"https:\\\/\\\/webdelmaestrocmf.com\\\/portal\\\/#organization\"},\"alternateName\":\"WMCMF\",\"potentialAction\":[{\"@type\":\"SearchAction\",\"target\":{\"@type\":\"EntryPoint\",\"urlTemplate\":\"https:\\\/\\\/webdelmaestrocmf.com\\\/portal\\\/?s={search_term_string}\"},\"query-input\":{\"@type\":\"PropertyValueSpecification\",\"valueRequired\":true,\"valueName\":\"search_term_string\"}}],\"inLanguage\":\"es\"},{\"@type\":\"Organization\",\"@id\":\"https:\\\/\\\/webdelmaestrocmf.com\\\/portal\\\/#organization\",\"name\":\"Web del Maestro CMF\",\"alternateName\":\"WMCMF\",\"url\":\"https:\\\/\\\/webdelmaestrocmf.com\\\/portal\\\/\",\"logo\":{\"@type\":\"ImageObject\",\"inLanguage\":\"es\",\"@id\":\"https:\\\/\\\/webdelmaestrocmf.com\\\/portal\\\/#\\\/schema\\\/logo\\\/image\\\/\",\"url\":\"https:\\\/\\\/webdelmaestrocmf.com\\\/portal\\\/wp-content\\\/uploads\\\/2023\\\/01\\\/logo-wmcmf-2.png\",\"contentUrl\":\"https:\\\/\\\/webdelmaestrocmf.com\\\/portal\\\/wp-content\\\/uploads\\\/2023\\\/01\\\/logo-wmcmf-2.png\",\"width\":200,\"height\":60,\"caption\":\"Web del Maestro CMF\"},\"image\":{\"@id\":\"https:\\\/\\\/webdelmaestrocmf.com\\\/portal\\\/#\\\/schema\\\/logo\\\/image\\\/\"},\"sameAs\":[\"https:\\\/\\\/www.facebook.com\\\/WebdelMaestroCMF\\\/\",\"https:\\\/\\\/x.com\\\/cmf_w\",\"https:\\\/\\\/www.pinterest.com\\\/WMCMF\\\/\",\"https:\\\/\\\/www.linkedin.com\\\/company\\\/web-del-maestro-cmf\\\/\",\"https:\\\/\\\/www.instagram.com\\\/wmcmf\\\/\",\"https:\\\/\\\/www.youtube.com\\\/channel\\\/UCDPSvjbdodE5sHnC3OxutHw\",\"https:\\\/\\\/mastodon.social\\\/@wmcmf\",\"https:\\\/\\\/www.tiktok.com\\\/@webdelmaestrocmf\"]},{\"@type\":\"Person\",\"@id\":\"https:\\\/\\\/webdelmaestrocmf.com\\\/portal\\\/#\\\/schema\\\/person\\\/1072a2ed7bd960df8ef99a551fa35dc5\",\"name\":\"Web del Maestro CMF\",\"image\":{\"@type\":\"ImageObject\",\"inLanguage\":\"es\",\"@id\":\"https:\\\/\\\/secure.gravatar.com\\\/avatar\\\/23291dd5b5ae1077dcff3dbb04c3e02bd28403fa75af6d8787d5e97c5bbbe30b?s=96&d=mm&r=g\",\"url\":\"https:\\\/\\\/secure.gravatar.com\\\/avatar\\\/23291dd5b5ae1077dcff3dbb04c3e02bd28403fa75af6d8787d5e97c5bbbe30b?s=96&d=mm&r=g\",\"contentUrl\":\"https:\\\/\\\/secure.gravatar.com\\\/avatar\\\/23291dd5b5ae1077dcff3dbb04c3e02bd28403fa75af6d8787d5e97c5bbbe30b?s=96&d=mm&r=g\",\"caption\":\"Web del Maestro CMF\"},\"description\":\"Esta Web se cre\u00f3 sin fines de lucro, con fines educativos, cient\u00edficos y acad\u00e9micos, para personas que tengan dificultades y\\\/o inconvenientes en visualizar el material original. El objetivo es entregar recursos, compartir experiencias y materiales que ayuden a los padres de familia, maestros y estudiantes en su actualizaci\u00f3n y formaci\u00f3n permanente, en bien de la Educaci\u00f3n.\",\"sameAs\":[\"http:\\\/\\\/webdelmaestrocmf.com\\\/portal\",\"https:\\\/\\\/www.facebook.com\\\/WebdelMaestroCMF\\\/\",\"https:\\\/\\\/www.instagram.com\\\/wmcmf\\\/\",\"https:\\\/\\\/cl.linkedin.com\\\/company\\\/web-del-maestro-cmf\",\"https:\\\/\\\/www.pinterest.com\\\/WMCMF\\\/publicaciones\\\/\",\"https:\\\/\\\/x.com\\\/cmf_w\",\"https:\\\/\\\/www.youtube.com\\\/@WMCMF\"]}]}<\/script>\n<!-- \/ Yoast SEO plugin. -->","yoast_head_json":{"title":"El Covid y el clima, demuestran que no tenemos tiempo para esperar - 2026","description":"Compartimos un videomensaje del Papa Francisco con motivo del D\u00eda de la Tierra, establecida por las Naciones Unidas con el...","robots":{"index":"index","follow":"follow","max-snippet":"max-snippet:-1","max-image-preview":"max-image-preview:large","max-video-preview":"max-video-preview:-1"},"canonical":"https:\/\/webdelmaestrocmf.com\/portal\/el-covid-y-el-clima-demuestran-que-no-tenemos-tiempo-para-esperar\/","og_locale":"es_ES","og_type":"article","og_title":"El Covid y el clima, demuestran que no tenemos tiempo para esperar - 2026","og_description":"Compartimos un videomensaje del Papa Francisco con motivo del D\u00eda de la Tierra, establecida por las Naciones Unidas con el...","og_url":"https:\/\/webdelmaestrocmf.com\/portal\/el-covid-y-el-clima-demuestran-que-no-tenemos-tiempo-para-esperar\/","og_site_name":"Web del Maestro CMF","article_publisher":"https:\/\/www.facebook.com\/WebdelMaestroCMF\/","article_author":"https:\/\/www.facebook.com\/WebdelMaestroCMF\/","article_published_time":"2021-05-13T02:37:46+00:00","article_modified_time":"2021-05-13T02:39:12+00:00","og_image":[{"width":1100,"height":680,"url":"https:\/\/i0.wp.com\/webdelmaestrocmf.com\/portal\/wp-content\/uploads\/2021\/05\/1-copia-15.jpg?fit=1100%2C680&ssl=1","type":"image\/jpeg"}],"author":"Web del Maestro CMF","twitter_card":"summary_large_image","twitter_creator":"@cmf_w","twitter_site":"@cmf_w","twitter_misc":{"Escrito por":"Web del Maestro CMF","Tiempo de lectura":"3 minutos"},"schema":{"@context":"https:\/\/schema.org","@graph":[{"@type":"ScholarlyArticle","@id":"https:\/\/webdelmaestrocmf.com\/portal\/el-covid-y-el-clima-demuestran-que-no-tenemos-tiempo-para-esperar\/#article","isPartOf":{"@id":"https:\/\/webdelmaestrocmf.com\/portal\/el-covid-y-el-clima-demuestran-que-no-tenemos-tiempo-para-esperar\/"},"author":{"name":"Web del Maestro CMF","@id":"https:\/\/webdelmaestrocmf.com\/portal\/#\/schema\/person\/1072a2ed7bd960df8ef99a551fa35dc5"},"headline":"El Covid y el clima, demuestran que no tenemos tiempo para esperar","datePublished":"2021-05-13T02:37:46+00:00","dateModified":"2021-05-13T02:39:12+00:00","mainEntityOfPage":{"@id":"https:\/\/webdelmaestrocmf.com\/portal\/el-covid-y-el-clima-demuestran-que-no-tenemos-tiempo-para-esperar\/"},"wordCount":665,"commentCount":0,"publisher":{"@id":"https:\/\/webdelmaestrocmf.com\/portal\/#organization"},"image":{"@id":"https:\/\/webdelmaestrocmf.com\/portal\/el-covid-y-el-clima-demuestran-que-no-tenemos-tiempo-para-esperar\/#primaryimage"},"thumbnailUrl":"https:\/\/webdelmaestrocmf.com\/portal\/wp-content\/uploads\/2021\/05\/1-copia-15.jpg","keywords":["CLIMA","Covid","esperar","TENEMOS","TIEMPO"],"articleSection":["Mundo cart\u00f3lico","Papa Francisco"],"inLanguage":"es","potentialAction":[{"@type":"CommentAction","name":"Comment","target":["https:\/\/webdelmaestrocmf.com\/portal\/el-covid-y-el-clima-demuestran-que-no-tenemos-tiempo-para-esperar\/#respond"]}]},{"@type":"WebPage","@id":"https:\/\/webdelmaestrocmf.com\/portal\/el-covid-y-el-clima-demuestran-que-no-tenemos-tiempo-para-esperar\/","url":"https:\/\/webdelmaestrocmf.com\/portal\/el-covid-y-el-clima-demuestran-que-no-tenemos-tiempo-para-esperar\/","name":"El Covid y el clima, demuestran que no tenemos tiempo para esperar - 2026","isPartOf":{"@id":"https:\/\/webdelmaestrocmf.com\/portal\/#website"},"primaryImageOfPage":{"@id":"https:\/\/webdelmaestrocmf.com\/portal\/el-covid-y-el-clima-demuestran-que-no-tenemos-tiempo-para-esperar\/#primaryimage"},"image":{"@id":"https:\/\/webdelmaestrocmf.com\/portal\/el-covid-y-el-clima-demuestran-que-no-tenemos-tiempo-para-esperar\/#primaryimage"},"thumbnailUrl":"https:\/\/webdelmaestrocmf.com\/portal\/wp-content\/uploads\/2021\/05\/1-copia-15.jpg","datePublished":"2021-05-13T02:37:46+00:00","dateModified":"2021-05-13T02:39:12+00:00","description":"Compartimos un videomensaje del Papa Francisco con motivo del D\u00eda de la Tierra, establecida por las Naciones Unidas con el...","breadcrumb":{"@id":"https:\/\/webdelmaestrocmf.com\/portal\/el-covid-y-el-clima-demuestran-que-no-tenemos-tiempo-para-esperar\/#breadcrumb"},"inLanguage":"es","potentialAction":[{"@type":"ReadAction","target":["https:\/\/webdelmaestrocmf.com\/portal\/el-covid-y-el-clima-demuestran-que-no-tenemos-tiempo-para-esperar\/"]}]},{"@type":"ImageObject","inLanguage":"es","@id":"https:\/\/webdelmaestrocmf.com\/portal\/el-covid-y-el-clima-demuestran-que-no-tenemos-tiempo-para-esperar\/#primaryimage","url":"https:\/\/webdelmaestrocmf.com\/portal\/wp-content\/uploads\/2021\/05\/1-copia-15.jpg","contentUrl":"https:\/\/webdelmaestrocmf.com\/portal\/wp-content\/uploads\/2021\/05\/1-copia-15.jpg","width":1100,"height":680},{"@type":"BreadcrumbList","@id":"https:\/\/webdelmaestrocmf.com\/portal\/el-covid-y-el-clima-demuestran-que-no-tenemos-tiempo-para-esperar\/#breadcrumb","itemListElement":[{"@type":"ListItem","position":1,"name":"Portada","item":"https:\/\/webdelmaestrocmf.com\/portal\/"},{"@type":"ListItem","position":2,"name":"Mundo cart\u00f3lico","item":"https:\/\/webdelmaestrocmf.com\/portal\/category\/pastoral\/"},{"@type":"ListItem","position":3,"name":"El Covid y el clima, demuestran que no tenemos tiempo para esperar"}]},{"@type":"WebSite","@id":"https:\/\/webdelmaestrocmf.com\/portal\/#website","url":"https:\/\/webdelmaestrocmf.com\/portal\/","name":"Web del Maestro CMF","description":"Maestros al servicio de la educaci\u00f3n","publisher":{"@id":"https:\/\/webdelmaestrocmf.com\/portal\/#organization"},"alternateName":"WMCMF","potentialAction":[{"@type":"SearchAction","target":{"@type":"EntryPoint","urlTemplate":"https:\/\/webdelmaestrocmf.com\/portal\/?s={search_term_string}"},"query-input":{"@type":"PropertyValueSpecification","valueRequired":true,"valueName":"search_term_string"}}],"inLanguage":"es"},{"@type":"Organization","@id":"https:\/\/webdelmaestrocmf.com\/portal\/#organization","name":"Web del Maestro CMF","alternateName":"WMCMF","url":"https:\/\/webdelmaestrocmf.com\/portal\/","logo":{"@type":"ImageObject","inLanguage":"es","@id":"https:\/\/webdelmaestrocmf.com\/portal\/#\/schema\/logo\/image\/","url":"https:\/\/webdelmaestrocmf.com\/portal\/wp-content\/uploads\/2023\/01\/logo-wmcmf-2.png","contentUrl":"https:\/\/webdelmaestrocmf.com\/portal\/wp-content\/uploads\/2023\/01\/logo-wmcmf-2.png","width":200,"height":60,"caption":"Web del Maestro CMF"},"image":{"@id":"https:\/\/webdelmaestrocmf.com\/portal\/#\/schema\/logo\/image\/"},"sameAs":["https:\/\/www.facebook.com\/WebdelMaestroCMF\/","https:\/\/x.com\/cmf_w","https:\/\/www.pinterest.com\/WMCMF\/","https:\/\/www.linkedin.com\/company\/web-del-maestro-cmf\/","https:\/\/www.instagram.com\/wmcmf\/","https:\/\/www.youtube.com\/channel\/UCDPSvjbdodE5sHnC3OxutHw","https:\/\/mastodon.social\/@wmcmf","https:\/\/www.tiktok.com\/@webdelmaestrocmf"]},{"@type":"Person","@id":"https:\/\/webdelmaestrocmf.com\/portal\/#\/schema\/person\/1072a2ed7bd960df8ef99a551fa35dc5","name":"Web del Maestro CMF","image":{"@type":"ImageObject","inLanguage":"es","@id":"https:\/\/secure.gravatar.com\/avatar\/23291dd5b5ae1077dcff3dbb04c3e02bd28403fa75af6d8787d5e97c5bbbe30b?s=96&d=mm&r=g","url":"https:\/\/secure.gravatar.com\/avatar\/23291dd5b5ae1077dcff3dbb04c3e02bd28403fa75af6d8787d5e97c5bbbe30b?s=96&d=mm&r=g","contentUrl":"https:\/\/secure.gravatar.com\/avatar\/23291dd5b5ae1077dcff3dbb04c3e02bd28403fa75af6d8787d5e97c5bbbe30b?s=96&d=mm&r=g","caption":"Web del Maestro CMF"},"description":"Esta Web se cre\u00f3 sin fines de lucro, con fines educativos, cient\u00edficos y acad\u00e9micos, para personas que tengan dificultades y\/o inconvenientes en visualizar el material original. El objetivo es entregar recursos, compartir experiencias y materiales que ayuden a los padres de familia, maestros y estudiantes en su actualizaci\u00f3n y formaci\u00f3n permanente, en bien de la Educaci\u00f3n.","sameAs":["http:\/\/webdelmaestrocmf.com\/portal","https:\/\/www.facebook.com\/WebdelMaestroCMF\/","https:\/\/www.instagram.com\/wmcmf\/","https:\/\/cl.linkedin.com\/company\/web-del-maestro-cmf","https:\/\/www.pinterest.com\/WMCMF\/publicaciones\/","https:\/\/x.com\/cmf_w","https:\/\/www.youtube.com\/@WMCMF"]}]}},"jetpack_featured_media_url":"https:\/\/webdelmaestrocmf.com\/portal\/wp-content\/uploads\/2021\/05\/1-copia-15.jpg","jetpack_sharing_enabled":true,"jetpack-related-posts":[{"id":49084,"url":"https:\/\/webdelmaestrocmf.com\/portal\/papa-francisco-la-vida-despues-de-la-pandemia-pdf\/","url_meta":{"origin":62909,"position":0},"title":"Papa Francisco: \u201cLa vida despu\u00e9s de la pandemia\u201d (PDF)","author":"Web del Maestro CMF","date":"14 julio, 2020","format":false,"excerpt":"Mirar, sentir y reflexionar con coraz\u00f3n de educadores la experiencia de la pandemia del Covid 19, es una tarea que tendr\u00edamos que intentar hacer en alg\u00fan momento los profesores, para despu\u00e9s motivar a nuestros estudiantes al desarrollo de su pensamiento cr\u00edtico, el saber exponer su propio pensamiento y dialogar sobre\u2026","rel":"","context":"En \u00abMundo cart\u00f3lico\u00bb","block_context":{"text":"Mundo cart\u00f3lico","link":"https:\/\/webdelmaestrocmf.com\/portal\/category\/pastoral\/"},"img":{"alt_text":"","src":"https:\/\/i0.wp.com\/webdelmaestrocmf.com\/portal\/wp-content\/uploads\/2020\/07\/1-47.jpg?resize=350%2C200&ssl=1","width":350,"height":200,"srcset":"https:\/\/i0.wp.com\/webdelmaestrocmf.com\/portal\/wp-content\/uploads\/2020\/07\/1-47.jpg?resize=350%2C200&ssl=1 1x, https:\/\/i0.wp.com\/webdelmaestrocmf.com\/portal\/wp-content\/uploads\/2020\/07\/1-47.jpg?resize=525%2C300&ssl=1 1.5x, https:\/\/i0.wp.com\/webdelmaestrocmf.com\/portal\/wp-content\/uploads\/2020\/07\/1-47.jpg?resize=700%2C400&ssl=1 2x, https:\/\/i0.wp.com\/webdelmaestrocmf.com\/portal\/wp-content\/uploads\/2020\/07\/1-47.jpg?resize=1050%2C600&ssl=1 3x"},"classes":[]},{"id":82725,"url":"https:\/\/webdelmaestrocmf.com\/portal\/papa-francisco-el-educador-es-un-testigo-de-sus-convicciones-de-su-compromiso-con-la-vida\/","url_meta":{"origin":62909,"position":1},"title":"Papa Francisco: El educador es un testigo de sus convicciones, de su compromiso con la vida","author":"Web del Maestro CMF","date":"11 enero, 2023","format":false,"excerpt":"Como cada mes, el Papa Francisco expresa su opini\u00f3n sobre un tema que desea sirva de reflexi\u00f3n para quienes lo deseen, y que les pueda servir de tema para el encuentro y el di\u00e1logo. Al comenzar el a\u00f1o 2023, dedicado a los educadores (padres de familia y profesores) les plantea\u2026","rel":"","context":"En \u00abMundo cart\u00f3lico\u00bb","block_context":{"text":"Mundo cart\u00f3lico","link":"https:\/\/webdelmaestrocmf.com\/portal\/category\/pastoral\/"},"img":{"alt_text":"","src":"https:\/\/i0.wp.com\/webdelmaestrocmf.com\/portal\/wp-content\/uploads\/2023\/01\/1-18.jpeg?resize=350%2C200&ssl=1","width":350,"height":200,"srcset":"https:\/\/i0.wp.com\/webdelmaestrocmf.com\/portal\/wp-content\/uploads\/2023\/01\/1-18.jpeg?resize=350%2C200&ssl=1 1x, https:\/\/i0.wp.com\/webdelmaestrocmf.com\/portal\/wp-content\/uploads\/2023\/01\/1-18.jpeg?resize=525%2C300&ssl=1 1.5x, https:\/\/i0.wp.com\/webdelmaestrocmf.com\/portal\/wp-content\/uploads\/2023\/01\/1-18.jpeg?resize=700%2C400&ssl=1 2x"},"classes":[]},{"id":52084,"url":"https:\/\/webdelmaestrocmf.com\/portal\/papa-francisco-el-comunicador-nunca-debe-ocultar-la-verdad-o-manipular-la-informacion\/","url_meta":{"origin":62909,"position":2},"title":"Papa Francisco: El comunicador nunca debe ocultar la verdad o manipular la informaci\u00f3n","author":"Web del Maestro CMF","date":"25 septiembre, 2020","format":false,"excerpt":"El Papa Francisco en su mensaje con motivo de la Jornada de las Comunicaciones Sociales 2020, nos dijo que \u201cen medio de la confusi\u00f3n de las voces y de los mensajes que nos rodean, necesitamos una narraci\u00f3n humana, que nos hable de nosotros y de la belleza que poseemos. Una\u2026","rel":"","context":"En \u00abMundo cart\u00f3lico\u00bb","block_context":{"text":"Mundo cart\u00f3lico","link":"https:\/\/webdelmaestrocmf.com\/portal\/category\/pastoral\/"},"img":{"alt_text":"","src":"https:\/\/i0.wp.com\/webdelmaestrocmf.com\/portal\/wp-content\/uploads\/2020\/09\/1-copia-91.jpg?resize=350%2C200&ssl=1","width":350,"height":200,"srcset":"https:\/\/i0.wp.com\/webdelmaestrocmf.com\/portal\/wp-content\/uploads\/2020\/09\/1-copia-91.jpg?resize=350%2C200&ssl=1 1x, https:\/\/i0.wp.com\/webdelmaestrocmf.com\/portal\/wp-content\/uploads\/2020\/09\/1-copia-91.jpg?resize=525%2C300&ssl=1 1.5x, https:\/\/i0.wp.com\/webdelmaestrocmf.com\/portal\/wp-content\/uploads\/2020\/09\/1-copia-91.jpg?resize=700%2C400&ssl=1 2x, https:\/\/i0.wp.com\/webdelmaestrocmf.com\/portal\/wp-content\/uploads\/2020\/09\/1-copia-91.jpg?resize=1050%2C600&ssl=1 3x"},"classes":[]},{"id":35897,"url":"https:\/\/webdelmaestrocmf.com\/portal\/curso-gratuito-en-linea-el-pensamiento-del-papa-francisco\/","url_meta":{"origin":62909,"position":3},"title":"CURSO GRATUITO EN L\u00cdNEA: EL PENSAMIENTO DEL PAPA FRANCISCO","author":"Web del Maestro CMF","date":"25 marzo, 2019","format":false,"excerpt":"La Universidad Cat\u00f3lica de Trujillo (Per\u00fa), Benedicto XVI inici\u00f3 su servicio educativo en el a\u00f1o 2000 con el prop\u00f3sito de colaborar en la formaci\u00f3n de nuevos l\u00edderes con alma y valores. Durante estos a\u00f1os, somos muchos los que nos hemos educado profesionalmente en sus aulas. Y es por eso que,\u2026","rel":"","context":"En \u00abCursos\u00bb","block_context":{"text":"Cursos","link":"https:\/\/webdelmaestrocmf.com\/portal\/category\/cursos\/"},"img":{"alt_text":"","src":"https:\/\/i0.wp.com\/webdelmaestrocmf.com\/portal\/wp-content\/uploads\/2019\/03\/1-49.jpg?resize=350%2C200&ssl=1","width":350,"height":200,"srcset":"https:\/\/i0.wp.com\/webdelmaestrocmf.com\/portal\/wp-content\/uploads\/2019\/03\/1-49.jpg?resize=350%2C200&ssl=1 1x, https:\/\/i0.wp.com\/webdelmaestrocmf.com\/portal\/wp-content\/uploads\/2019\/03\/1-49.jpg?resize=525%2C300&ssl=1 1.5x, https:\/\/i0.wp.com\/webdelmaestrocmf.com\/portal\/wp-content\/uploads\/2019\/03\/1-49.jpg?resize=700%2C400&ssl=1 2x, https:\/\/i0.wp.com\/webdelmaestrocmf.com\/portal\/wp-content\/uploads\/2019\/03\/1-49.jpg?resize=1050%2C600&ssl=1 3x"},"classes":[]},{"id":59194,"url":"https:\/\/webdelmaestrocmf.com\/portal\/papa-francisco-un-buen-musico-conoce-el-valor-del-silencio-el-valor-de-la-pausa\/","url_meta":{"origin":62909,"position":4},"title":"Papa Francisco: Un buen m\u00fasico conoce el valor del silencio, el valor de la pausa","author":"Web del Maestro CMF","date":"10 febrero, 2021","format":false,"excerpt":"Para los educadores de centros educativos confesionales, esta publicaci\u00f3n podr\u00eda ser de utilidad, sobre todo en un tema tan poco tocado, pero que en esta oportunidad el Papa Francisco, con su inspirada creatividad, comparte su sentir uniendo los objetivos de la religi\u00f3n, la educaci\u00f3n religiosa, los m\u00fasicos y la m\u00fasica.\u2026","rel":"","context":"En \u00abMundo cart\u00f3lico\u00bb","block_context":{"text":"Mundo cart\u00f3lico","link":"https:\/\/webdelmaestrocmf.com\/portal\/category\/pastoral\/"},"img":{"alt_text":"","src":"https:\/\/i0.wp.com\/webdelmaestrocmf.com\/portal\/wp-content\/uploads\/2019\/07\/1.jpg?resize=350%2C200&ssl=1","width":350,"height":200,"srcset":"https:\/\/i0.wp.com\/webdelmaestrocmf.com\/portal\/wp-content\/uploads\/2019\/07\/1.jpg?resize=350%2C200&ssl=1 1x, https:\/\/i0.wp.com\/webdelmaestrocmf.com\/portal\/wp-content\/uploads\/2019\/07\/1.jpg?resize=525%2C300&ssl=1 1.5x, https:\/\/i0.wp.com\/webdelmaestrocmf.com\/portal\/wp-content\/uploads\/2019\/07\/1.jpg?resize=700%2C400&ssl=1 2x, https:\/\/i0.wp.com\/webdelmaestrocmf.com\/portal\/wp-content\/uploads\/2019\/07\/1.jpg?resize=1050%2C600&ssl=1 3x"},"classes":[]},{"id":80125,"url":"https:\/\/webdelmaestrocmf.com\/portal\/papa-francisco-el-discernimiento-es-esa-reflexion-de-la-mente-del-corazon-que-debemos-hacer-antes-de-tomar-una-decision\/","url_meta":{"origin":62909,"position":5},"title":"Papa Francisco: El discernimiento es esa reflexi\u00f3n de la mente, del coraz\u00f3n que debemos hacer antes de tomar una decisi\u00f3n","author":"Web del Maestro CMF","date":"8 septiembre, 2022","format":false,"excerpt":"Como educadores es bueno tener presente que en todo proyecto de vida el discernimiento es un acto importante, y que concierne a todos, sin distinci\u00f3n alguna, ya sea referida a la comida, la ropa, un curso de estudio, un trabajo, una relaci\u00f3n, ... el tener la posibilidad de elegir una\u2026","rel":"","context":"En \u00abMundo cart\u00f3lico\u00bb","block_context":{"text":"Mundo cart\u00f3lico","link":"https:\/\/webdelmaestrocmf.com\/portal\/category\/pastoral\/"},"img":{"alt_text":"","src":"https:\/\/i0.wp.com\/webdelmaestrocmf.com\/portal\/wp-content\/uploads\/2022\/09\/1-36.jpg?resize=350%2C200&ssl=1","width":350,"height":200,"srcset":"https:\/\/i0.wp.com\/webdelmaestrocmf.com\/portal\/wp-content\/uploads\/2022\/09\/1-36.jpg?resize=350%2C200&ssl=1 1x, https:\/\/i0.wp.com\/webdelmaestrocmf.com\/portal\/wp-content\/uploads\/2022\/09\/1-36.jpg?resize=525%2C300&ssl=1 1.5x, https:\/\/i0.wp.com\/webdelmaestrocmf.com\/portal\/wp-content\/uploads\/2022\/09\/1-36.jpg?resize=700%2C400&ssl=1 2x"},"classes":[]}],"_links":{"self":[{"href":"https:\/\/webdelmaestrocmf.com\/portal\/wp-json\/wp\/v2\/posts\/62909","targetHints":{"allow":["GET"]}}],"collection":[{"href":"https:\/\/webdelmaestrocmf.com\/portal\/wp-json\/wp\/v2\/posts"}],"about":[{"href":"https:\/\/webdelmaestrocmf.com\/portal\/wp-json\/wp\/v2\/types\/post"}],"author":[{"embeddable":true,"href":"https:\/\/webdelmaestrocmf.com\/portal\/wp-json\/wp\/v2\/users\/1"}],"replies":[{"embeddable":true,"href":"https:\/\/webdelmaestrocmf.com\/portal\/wp-json\/wp\/v2\/comments?post=62909"}],"version-history":[{"count":0,"href":"https:\/\/webdelmaestrocmf.com\/portal\/wp-json\/wp\/v2\/posts\/62909\/revisions"}],"wp:featuredmedia":[{"embeddable":true,"href":"https:\/\/webdelmaestrocmf.com\/portal\/wp-json\/wp\/v2\/media\/62911"}],"wp:attachment":[{"href":"https:\/\/webdelmaestrocmf.com\/portal\/wp-json\/wp\/v2\/media?parent=62909"}],"wp:term":[{"taxonomy":"category","embeddable":true,"href":"https:\/\/webdelmaestrocmf.com\/portal\/wp-json\/wp\/v2\/categories?post=62909"},{"taxonomy":"post_tag","embeddable":true,"href":"https:\/\/webdelmaestrocmf.com\/portal\/wp-json\/wp\/v2\/tags?post=62909"}],"curies":[{"name":"wp","href":"https:\/\/api.w.org\/{rel}","templated":true}]}}