{"id":62621,"date":"2021-05-06T21:08:00","date_gmt":"2021-05-07T01:08:00","guid":{"rendered":"https:\/\/webdelmaestrocmf.com\/portal\/?p=62621"},"modified":"2023-10-10T23:16:54","modified_gmt":"2023-10-11T02:16:54","slug":"la-caja-un-hermoso-corto-para-trabajar-la-empatia-y-el-respeto-por-la-vida","status":"publish","type":"post","link":"https:\/\/webdelmaestrocmf.com\/portal\/la-caja-un-hermoso-corto-para-trabajar-la-empatia-y-el-respeto-por-la-vida\/","title":{"rendered":"La caja, un hermoso corto para trabajar la empat\u00eda y el respeto por la vida. Incluye ficha de trabajo"},"content":{"rendered":"<p style=\"text-align: justify;\"><strong>La educaci\u00f3n no solo se trata de impartir conocimientos acad\u00e9micos, sino tambi\u00e9n de inculcar valores que ayuden a los estudiantes a crecer como individuos emocionalmente inteligentes y \u00e9ticos. La educaci\u00f3n emocional y personal de los menores es fundamental para su desarrollo integral, y una de las formas efectivas de lograrlo es a trav\u00e9s de recursos audiovisuales en los centros educativos.<\/strong> <!--more--><\/p>\n<p style=\"text-align: justify;\">En este art\u00edculo, exploraremos c\u00f3mo los cortometrajes, como \u00abLa Bo\u00eete\u00bb (La Caja), pueden desempe\u00f1ar un papel crucial en la promoci\u00f3n de valores, en particular, la empat\u00eda.<\/p>\n<h5 style=\"text-align: justify;\"><strong>Empat\u00eda en el Aula: La Importancia de la Educaci\u00f3n Emocional<\/strong><\/h5>\n<p style=\"text-align: justify;\">La empat\u00eda es la capacidad de ponerse en el lugar de otra persona, comprender sus emociones y actuar de manera comprensiva y solidaria. Es un valor esencial en la sociedad, ya que fomenta la tolerancia, la comprensi\u00f3n y la cooperaci\u00f3n entre individuos. La educaci\u00f3n emocional, que incluye la promoci\u00f3n de la empat\u00eda, no solo enriquece la vida de los estudiantes, sino que tambi\u00e9n contribuye a la creaci\u00f3n de una sociedad m\u00e1s justa y equitativa.<\/p>\n<h5 style=\"text-align: justify;\"><strong>Recursos Audiovisuales para Fomentar la Empat\u00eda<\/strong><\/h5>\n<p style=\"text-align: justify;\">Uno de los m\u00e9todos efectivos para promover la empat\u00eda en las aulas es el uso de recursos audiovisuales, como cortometrajes. Estas pel\u00edculas breves pueden transportar a los estudiantes a diferentes mundos y situaciones, permiti\u00e9ndoles conectarse con personajes y experiencias que de otro modo podr\u00edan no conocer. \u00abLa Bo\u00eete\u00bb (La Caja), un cortometraje basado en la historia de un abuelo y un rat\u00f3n que entra en su casa, es un ejemplo de c\u00f3mo la empat\u00eda puede ser cultivada de manera entretenida y efectiva.<\/p>\n<h5 style=\"text-align: justify;\"><strong>\u00abLa Bo\u00eete\u00bb: Una Lecci\u00f3n de Empat\u00eda<\/strong><\/h5>\n<p style=\"text-align: justify;\">Este encantador cortometraje, realizado por alumnos de la \u00c9cole Sup\u00e9rieure des M\u00e9tiers Artistiques (ESMA), una escuela de artes aplicadas, narra la historia de un abuelo que se enfrenta a la inusual situaci\u00f3n de tener un rat\u00f3n en su casa. La pel\u00edcula plantea preguntas intrigantes: \u00bfC\u00f3mo reaccionar\u00e1 el abuelo ante la presencia del rat\u00f3n? \u00bfIntentar\u00e1 expulsarlo de su hogar?<\/p>\n<p style=\"text-align: justify;\">\u00abLa Bo\u00eete\u00bb no solo entretiene a los espectadores con su trama ingeniosa y su animaci\u00f3n en 3D, sino que tambi\u00e9n brinda una oportunidad \u00fanica para explorar valores fundamentales. Algunos de los valores y emociones que pueden trabajarse a trav\u00e9s de este cortometraje incluyen:<\/p>\n<ol>\n<li style=\"text-align: justify;\"><strong>Empat\u00eda:<\/strong> Los estudiantes pueden ponerse en el lugar tanto del abuelo como del rat\u00f3n, lo que les permite comprender los sentimientos y las perspectivas de ambos personajes.<\/li>\n<li style=\"text-align: justify;\"><strong>Respeto por la Vida:<\/strong> La pel\u00edcula aborda la relaci\u00f3n entre el abuelo y el rat\u00f3n de una manera que fomenta la compasi\u00f3n y el respeto por todas las formas de vida.<\/li>\n<li>\n<p style=\"text-align: justify;\"><strong>Amistad:<\/strong> La interacci\u00f3n entre el abuelo y el rat\u00f3n muestra c\u00f3mo la amistad puede surgir en las situaciones m\u00e1s inesperadas.<\/p>\n<\/li>\n<\/ol>\n<p><iframe loading=\"lazy\" title=\"YouTube video player\" src=\"https:\/\/www.youtube.com\/embed\/gsk9Oic8xxI\" width=\"100%\" height=\"400\" frameborder=\"0\" allowfullscreen=\"allowfullscreen\"><span data-mce-type=\"bookmark\" style=\"display: inline-block; width: 0px; overflow: hidden; line-height: 0;\" class=\"mce_SELRES_start\">\ufeff<\/span><\/iframe><\/p>\n<h5><strong>Cortometrajes para Trabajar Valores y Emociones<\/strong><\/h5>\n<p style=\"text-align: justify;\">Adem\u00e1s de \u00abLa Bo\u00eete,\u00bb existen numerosos cortometrajes que pueden utilizarse en el aula para fomentar valores y emociones. Estos cortos son herramientas valiosas que los educadores pueden aprovechar para enriquecer la educaci\u00f3n emocional de sus estudiantes.<\/p>\n<p style=\"text-align: justify;\">Como complemento a este art\u00edculo, les proporcionamos una lista de cortos disponibles para su descarga en la secci\u00f3n de materiales. Estos recursos pueden servir como un complemento educativo efectivo, ayudando a los estudiantes a comprender y aplicar valores esenciales en sus vidas cotidianas.<\/p>\n<p style=\"text-align: justify;\">En resumen, educar en valores desde los centros educativos a trav\u00e9s de recursos audiovisuales, como cortometrajes, es una estrategia efectiva para trabajar la educaci\u00f3n emocional y personal de los menores. La empat\u00eda, en particular, puede ser cultivada a trav\u00e9s de historias como \u00abLa Bo\u00eete,\u00bb que permiten a los estudiantes conectarse con personajes y situaciones de manera significativa. Al utilizar estos recursos, los educadores pueden contribuir al crecimiento de individuos emp\u00e1ticos y \u00e9ticos que, a su vez, ayudar\u00e1n a construir una sociedad m\u00e1s inclusiva y compasiva.<\/p>\n<h5><strong>Ficha para trabajar el corto \u00abLA CAJA\u00bb<\/strong><\/h5>\n<p><img loading=\"lazy\" decoding=\"async\" class=\"alignnone wp-image-62622\" src=\"https:\/\/webdelmaestrocmf.com\/portal\/wp-content\/uploads\/2021\/05\/1-37-724x1024.jpg\" alt=\"\" width=\"814\" height=\"1152\" srcset=\"https:\/\/webdelmaestrocmf.com\/portal\/wp-content\/uploads\/2021\/05\/1-37-724x1024.jpg 724w, https:\/\/webdelmaestrocmf.com\/portal\/wp-content\/uploads\/2021\/05\/1-37-212x300.jpg 212w, https:\/\/webdelmaestrocmf.com\/portal\/wp-content\/uploads\/2021\/05\/1-37-768x1086.jpg 768w, https:\/\/webdelmaestrocmf.com\/portal\/wp-content\/uploads\/2021\/05\/1-37-1086x1536.jpg 1086w, https:\/\/webdelmaestrocmf.com\/portal\/wp-content\/uploads\/2021\/05\/1-37-110x156.jpg 110w, https:\/\/webdelmaestrocmf.com\/portal\/wp-content\/uploads\/2021\/05\/1-37-200x283.jpg 200w, https:\/\/webdelmaestrocmf.com\/portal\/wp-content\/uploads\/2021\/05\/1-37-380x537.jpg 380w, https:\/\/webdelmaestrocmf.com\/portal\/wp-content\/uploads\/2021\/05\/1-37-255x361.jpg 255w, https:\/\/webdelmaestrocmf.com\/portal\/wp-content\/uploads\/2021\/05\/1-37-300x424.jpg 300w, https:\/\/webdelmaestrocmf.com\/portal\/wp-content\/uploads\/2021\/05\/1-37-550x778.jpg 550w, https:\/\/webdelmaestrocmf.com\/portal\/wp-content\/uploads\/2021\/05\/1-37-800x1131.jpg 800w, https:\/\/webdelmaestrocmf.com\/portal\/wp-content\/uploads\/2021\/05\/1-37-1160x1641.jpg 1160w, https:\/\/webdelmaestrocmf.com\/portal\/wp-content\/uploads\/2021\/05\/1-37-220x311.jpg 220w, https:\/\/webdelmaestrocmf.com\/portal\/wp-content\/uploads\/2021\/05\/1-37-400x566.jpg 400w, https:\/\/webdelmaestrocmf.com\/portal\/wp-content\/uploads\/2021\/05\/1-37-760x1075.jpg 760w, https:\/\/webdelmaestrocmf.com\/portal\/wp-content\/uploads\/2021\/05\/1-37-510x721.jpg 510w, https:\/\/webdelmaestrocmf.com\/portal\/wp-content\/uploads\/2021\/05\/1-37-600x849.jpg 600w, https:\/\/webdelmaestrocmf.com\/portal\/wp-content\/uploads\/2021\/05\/1-37-1100x1556.jpg 1100w, https:\/\/webdelmaestrocmf.com\/portal\/wp-content\/uploads\/2021\/05\/1-37-424x600.jpg 424w, https:\/\/webdelmaestrocmf.com\/portal\/wp-content\/uploads\/2021\/05\/1-37.jpg 1448w\" sizes=\"auto, (max-width: 814px) 100vw, 814px\" \/><\/p>\n<p><img loading=\"lazy\" decoding=\"async\" class=\"alignnone wp-image-62623\" src=\"https:\/\/webdelmaestrocmf.com\/portal\/wp-content\/uploads\/2021\/05\/2-2.jpg\" alt=\"\" width=\"806\" height=\"1141\" srcset=\"https:\/\/webdelmaestrocmf.com\/portal\/wp-content\/uploads\/2021\/05\/2-2.jpg 452w, https:\/\/webdelmaestrocmf.com\/portal\/wp-content\/uploads\/2021\/05\/2-2-212x300.jpg 212w, https:\/\/webdelmaestrocmf.com\/portal\/wp-content\/uploads\/2021\/05\/2-2-110x156.jpg 110w, https:\/\/webdelmaestrocmf.com\/portal\/wp-content\/uploads\/2021\/05\/2-2-200x283.jpg 200w, https:\/\/webdelmaestrocmf.com\/portal\/wp-content\/uploads\/2021\/05\/2-2-380x538.jpg 380w, https:\/\/webdelmaestrocmf.com\/portal\/wp-content\/uploads\/2021\/05\/2-2-255x361.jpg 255w, https:\/\/webdelmaestrocmf.com\/portal\/wp-content\/uploads\/2021\/05\/2-2-300x425.jpg 300w, https:\/\/webdelmaestrocmf.com\/portal\/wp-content\/uploads\/2021\/05\/2-2-220x312.jpg 220w, https:\/\/webdelmaestrocmf.com\/portal\/wp-content\/uploads\/2021\/05\/2-2-400x566.jpg 400w, https:\/\/webdelmaestrocmf.com\/portal\/wp-content\/uploads\/2021\/05\/2-2-424x600.jpg 424w\" sizes=\"auto, (max-width: 806px) 100vw, 806px\" \/><\/p>\n<p style=\"text-align: right;\"><strong>REDACCI\u00d3N WEB DEL MAESTRO CMF<\/strong><\/p>\n<p style=\"text-align: center;\">Recomendamos a la Comunidad Educativa Digital tener en cuenta que, el enlace y\/o la carpeta en donde est\u00e1n alojados los libros, recursos y\/o materiales, no es administrado por la Web del Maestro CMF, pueda ser que en cuesti\u00f3n de d\u00edas (o seg\u00fan el tiempo transcurrido desde su publicaci\u00f3n), los enlaces no funcionen y el material ya no se encuentre disponible. Gracias por su comprensi\u00f3n.<\/p>\n<p style=\"text-align: center;\"><strong>ENLACE DE LECTURA:<\/strong> 1. <a href=\"https:\/\/mega.nz\/folder\/SiBF1YSQ#tNCRIeo5Muv3c_brRrQ1WQ\" target=\"_blank\" rel=\"noopener\">DESCARGA LAS FICHAS DEL CORTO \u00abLA CAJA\u00bb<\/a> | 2. <a href=\"https:\/\/mega.nz\/folder\/2zRzTSaY#QiIUHqXSyWM4P3aSmBSIWw\" target=\"_blank\" rel=\"noopener\">LISTA DE PEL\u00cdCULAS DE VALORES Y EMOCIONES<\/a><\/p>\n<p style=\"text-align: center;\"><strong>Si te sirvi\u00f3 el material, ap\u00f3yanos con un clic. Nos ayudar\u00e1 a mantener el servicio. \u00a1Comparte y as\u00ed m\u00e1s docentes utilizar\u00e1n estos recursos gratis! Muchas gracias.<\/strong><\/p>\n<p><img decoding=\"async\" src=\"https:\/\/webdelmaestrocmf.com\/portal\/wp-content\/uploads\/2023\/04\/banner_des.png\" \/><\/p>\n\t\t<div class=\"pk-inline-posts\">\n\t\t\t\n\t\t\t<div class=\"pk-inline-posts-container pk-inline-posts-template-list\"\n\t\t\t\tdata-columns=\"1\">\n\t\t\t\t\t\t<article id=\"post-66850\" class=\"post-66850 post type-post status-publish format-standard has-post-thumbnail category-peliculas category-pedagogia tag-aqui-estamos tag-escuchar tag-hermosa tag-invita tag-pelicula tag-planeta tag-tierra cs-entry cs-video-wrap\">\n\t\t\t<div class=\"pk-post-outer\">\n\n\t\t\t\t\t\t\t\t<div class=\"pk-post-inner\">\n\t\t\t\t\t<div class=\"entry-thumbnail\">\n\t\t\t\t\t\t<div class=\"pk-overlay pk-overlay-ratio pk-ratio-landscape\">\n\t\t\t\t\t\t\t<div class=\"pk-overlay-background\">\n\t\t\t\t\t\t\t\t<a href=\"https:\/\/webdelmaestrocmf.com\/portal\/aqui-estamos-una-hermosa-pelicula-que-nos-invita-a-escuchar-al-planeta-tierra\/\" class=\"pk-overlay-link\">\n\t\t\t\t\t\t\t\t\t<img loading=\"lazy\" decoding=\"async\" width=\"300\" height=\"225\" src=\"https:\/\/webdelmaestrocmf.com\/portal\/wp-content\/uploads\/2021\/08\/1a-15-300x225.jpg\" class=\"attachment-pk-thumbnail size-pk-thumbnail wp-post-image\" alt=\"\" srcset=\"https:\/\/webdelmaestrocmf.com\/portal\/wp-content\/uploads\/2021\/08\/1a-15-300x225.jpg 300w, https:\/\/webdelmaestrocmf.com\/portal\/wp-content\/uploads\/2021\/08\/1a-15-600x450.jpg 600w\" sizes=\"auto, (max-width: 300px) 100vw, 300px\" \/>\t\t\t\t\t\t\t\t<\/a>\n\t\t\t\t\t\t\t<\/div>\n\t\t\t\t\t\t<\/div>\n\t\t\t\t\t<\/div>\n\t\t\t\t<\/div>\n\t\t\t\t\n\t\t\t\t<div class=\"pk-post-inner\">\n\t\t\t\t\t<header>\n\t\t\t\t\t\t<h3 class=\"pk-title\"><a href=\"https:\/\/webdelmaestrocmf.com\/portal\/aqui-estamos-una-hermosa-pelicula-que-nos-invita-a-escuchar-al-planeta-tierra\/\" rel=\"bookmark\">\u00abAqu\u00ed estamos\u00bb, una hermosa pel\u00edcula que nos invita a escuchar al planeta Tierra | Descarga las 50 fichas para colorear en el d\u00eda de la tierra<\/a><\/h3>\t\t\t\t\t<\/header><!-- .entry-header -->\n\t\t\t\t<\/div><!-- .post-inner -->\n\n\t\t\t<\/div><!-- .post-outer -->\n\t\t<\/article>\n\t\t\t<article id=\"post-12231\" class=\"post-12231 post type-post status-publish format-video has-post-thumbnail category-peliculas category-pedagogia tag-10-peliculas tag-educacion tag-educador tag-estudiante tag-peliculas-para-docentes tag-peliculas-sobre-educacion tag-peliculas-sobre-pedagogia post_format-post-format-video cs-entry cs-video-wrap\">\n\t\t\t<div class=\"pk-post-outer\">\n\n\t\t\t\t\t\t\t\t<div class=\"pk-post-inner\">\n\t\t\t\t\t<div class=\"entry-thumbnail\">\n\t\t\t\t\t\t<div class=\"pk-overlay pk-overlay-ratio pk-ratio-landscape\">\n\t\t\t\t\t\t\t<div class=\"pk-overlay-background\">\n\t\t\t\t\t\t\t\t<a href=\"https:\/\/webdelmaestrocmf.com\/portal\/10-peliculas-que-todo-educador-y-estudiante-de-educacion-tiene-que-ver\/\" class=\"pk-overlay-link\">\n\t\t\t\t\t\t\t\t\t<img loading=\"lazy\" decoding=\"async\" width=\"300\" height=\"225\" src=\"https:\/\/webdelmaestrocmf.com\/portal\/wp-content\/uploads\/2021\/07\/Banner-1-portada-imagen-10-14-300x225.jpg\" class=\"attachment-pk-thumbnail size-pk-thumbnail wp-post-image\" alt=\"pel\u00edculas\" \/>\t\t\t\t\t\t\t\t<\/a>\n\t\t\t\t\t\t\t<\/div>\n\t\t\t\t\t\t<\/div>\n\t\t\t\t\t<\/div>\n\t\t\t\t<\/div>\n\t\t\t\t\n\t\t\t\t<div class=\"pk-post-inner\">\n\t\t\t\t\t<header>\n\t\t\t\t\t\t<h3 class=\"pk-title\"><a href=\"https:\/\/webdelmaestrocmf.com\/portal\/10-peliculas-que-todo-educador-y-estudiante-de-educacion-tiene-que-ver\/\" rel=\"bookmark\">36 pel\u00edculas que todo educador y estudiante tienen que ver<\/a><\/h3>\t\t\t\t\t<\/header><!-- .entry-header -->\n\t\t\t\t<\/div><!-- .post-inner -->\n\n\t\t\t<\/div><!-- .post-outer -->\n\t\t<\/article>\n\t\t\t<article id=\"post-106946\" class=\"post-106946 post type-post status-publish format-standard has-post-thumbnail category-peliculas category-pedagogia tag-la-ola tag-pelicula cs-entry cs-video-wrap\">\n\t\t\t<div class=\"pk-post-outer\">\n\n\t\t\t\t\t\t\t\t<div class=\"pk-post-inner\">\n\t\t\t\t\t<div class=\"entry-thumbnail\">\n\t\t\t\t\t\t<div class=\"pk-overlay pk-overlay-ratio pk-ratio-landscape\">\n\t\t\t\t\t\t\t<div class=\"pk-overlay-background\">\n\t\t\t\t\t\t\t\t<a href=\"https:\/\/webdelmaestrocmf.com\/portal\/la-ola-pelicula-para-docentes-sobre-los-riesgos-de-perder-el-contro\/\" class=\"pk-overlay-link\">\n\t\t\t\t\t\t\t\t\t<img loading=\"lazy\" decoding=\"async\" width=\"300\" height=\"225\" src=\"https:\/\/webdelmaestrocmf.com\/portal\/wp-content\/uploads\/2024\/11\/Banner-1-portada-imagen-10-1-11-300x225.jpg\" class=\"attachment-pk-thumbnail size-pk-thumbnail wp-post-image\" alt=\"\" \/>\t\t\t\t\t\t\t\t<\/a>\n\t\t\t\t\t\t\t<\/div>\n\t\t\t\t\t\t<\/div>\n\t\t\t\t\t<\/div>\n\t\t\t\t<\/div>\n\t\t\t\t\n\t\t\t\t<div class=\"pk-post-inner\">\n\t\t\t\t\t<header>\n\t\t\t\t\t\t<h3 class=\"pk-title\"><a href=\"https:\/\/webdelmaestrocmf.com\/portal\/la-ola-pelicula-para-docentes-sobre-los-riesgos-de-perder-el-contro\/\" rel=\"bookmark\">\u00abLa ola\u00bb pel\u00edcula para docentes sobre los riesgos de perder el control<\/a><\/h3>\t\t\t\t\t<\/header><!-- .entry-header -->\n\t\t\t\t<\/div><!-- .post-inner -->\n\n\t\t\t<\/div><!-- .post-outer -->\n\t\t<\/article>\n\t\t\t\t<\/div>\n\t\t<\/div>\n\t\t\n","protected":false},"excerpt":{"rendered":"La educaci\u00f3n no solo se trata de impartir conocimientos acad\u00e9micos, sino tambi\u00e9n de inculcar valores que ayuden a&hellip;","protected":false},"author":1,"featured_media":62624,"comment_status":"open","ping_status":"closed","sticky":false,"template":"","format":"standard","meta":{"csco_display_header_overlay":false,"csco_singular_sidebar":"default","csco_page_header_type":"default","csco_page_load_nextpost":"default","csco_post_video_location":[],"csco_post_video_location_hash":"","csco_post_video_url":"","csco_post_video_bg_start_time":0,"csco_post_video_bg_end_time":0,"csco_post_video_bg_volume":false,"_jetpack_memberships_contains_paid_content":false,"footnotes":""},"categories":[644,735],"tags":[6876,1011,607,5051,1576,1173,1015],"class_list":{"0":"post-62621","1":"post","2":"type-post","3":"status-publish","4":"format-standard","5":"has-post-thumbnail","7":"category-peliculas","8":"category-pedagogia","9":"tag-caja","10":"tag-corto","11":"tag-empatia","12":"tag-hermoso","13":"tag-respeto","14":"tag-trabajar","15":"tag-vida","16":"cs-entry","17":"cs-video-wrap"},"yoast_head":"<!-- This site is optimized with the Yoast SEO plugin v27.5 - https:\/\/yoast.com\/product\/yoast-seo-wordpress\/ -->\n<title>La caja, un hermoso corto para trabajar la empat\u00eda y el respeto por la vida. Incluye ficha de trabajo - 2026<\/title>\n<meta name=\"description\" content=\"La educaci\u00f3n no solo se trata de impartir conocimientos acad\u00e9micos, sino tambi\u00e9n de inculcar valores que ayuden a los estudiantes...\" \/>\n<meta name=\"robots\" content=\"index, follow, max-snippet:-1, max-image-preview:large, max-video-preview:-1\" \/>\n<link rel=\"canonical\" href=\"https:\/\/webdelmaestrocmf.com\/portal\/la-caja-un-hermoso-corto-para-trabajar-la-empatia-y-el-respeto-por-la-vida\/\" \/>\n<meta property=\"og:locale\" content=\"es_ES\" \/>\n<meta property=\"og:type\" content=\"article\" \/>\n<meta property=\"og:title\" content=\"La caja, un hermoso corto para trabajar la empat\u00eda y el respeto por la vida. Incluye ficha de trabajo - 2026\" \/>\n<meta property=\"og:description\" content=\"La educaci\u00f3n no solo se trata de impartir conocimientos acad\u00e9micos, sino tambi\u00e9n de inculcar valores que ayuden a los estudiantes...\" \/>\n<meta property=\"og:url\" content=\"https:\/\/webdelmaestrocmf.com\/portal\/la-caja-un-hermoso-corto-para-trabajar-la-empatia-y-el-respeto-por-la-vida\/\" \/>\n<meta property=\"og:site_name\" content=\"Web del Maestro CMF\" \/>\n<meta property=\"article:publisher\" content=\"https:\/\/www.facebook.com\/WebdelMaestroCMF\/\" \/>\n<meta property=\"article:author\" content=\"https:\/\/www.facebook.com\/WebdelMaestroCMF\/\" \/>\n<meta property=\"article:published_time\" content=\"2021-05-07T01:08:00+00:00\" \/>\n<meta property=\"article:modified_time\" content=\"2023-10-11T02:16:54+00:00\" \/>\n<meta property=\"og:image\" content=\"https:\/\/i0.wp.com\/webdelmaestrocmf.com\/portal\/wp-content\/uploads\/2021\/05\/1-38.jpg?fit=1100%2C680&ssl=1\" \/>\n\t<meta property=\"og:image:width\" content=\"1100\" \/>\n\t<meta property=\"og:image:height\" content=\"680\" \/>\n\t<meta property=\"og:image:type\" content=\"image\/jpeg\" \/>\n<meta name=\"author\" content=\"Web del Maestro CMF\" \/>\n<meta name=\"twitter:card\" content=\"summary_large_image\" \/>\n<meta name=\"twitter:creator\" content=\"@cmf_w\" \/>\n<meta name=\"twitter:site\" content=\"@cmf_w\" \/>\n<script type=\"application\/ld+json\" class=\"yoast-schema-graph\">{\"@context\":\"https:\\\/\\\/schema.org\",\"@graph\":[{\"@type\":\"ScholarlyArticle\",\"@id\":\"https:\\\/\\\/webdelmaestrocmf.com\\\/portal\\\/la-caja-un-hermoso-corto-para-trabajar-la-empatia-y-el-respeto-por-la-vida\\\/#article\",\"isPartOf\":{\"@id\":\"https:\\\/\\\/webdelmaestrocmf.com\\\/portal\\\/la-caja-un-hermoso-corto-para-trabajar-la-empatia-y-el-respeto-por-la-vida\\\/\"},\"author\":{\"name\":\"Web del Maestro CMF\",\"@id\":\"https:\\\/\\\/webdelmaestrocmf.com\\\/portal\\\/#\\\/schema\\\/person\\\/1072a2ed7bd960df8ef99a551fa35dc5\"},\"headline\":\"La caja, un hermoso corto para trabajar la empat\u00eda y el respeto por la vida. Incluye ficha de trabajo\",\"datePublished\":\"2021-05-07T01:08:00+00:00\",\"dateModified\":\"2023-10-11T02:16:54+00:00\",\"mainEntityOfPage\":{\"@id\":\"https:\\\/\\\/webdelmaestrocmf.com\\\/portal\\\/la-caja-un-hermoso-corto-para-trabajar-la-empatia-y-el-respeto-por-la-vida\\\/\"},\"wordCount\":837,\"commentCount\":1,\"publisher\":{\"@id\":\"https:\\\/\\\/webdelmaestrocmf.com\\\/portal\\\/#organization\"},\"image\":{\"@id\":\"https:\\\/\\\/webdelmaestrocmf.com\\\/portal\\\/la-caja-un-hermoso-corto-para-trabajar-la-empatia-y-el-respeto-por-la-vida\\\/#primaryimage\"},\"thumbnailUrl\":\"https:\\\/\\\/webdelmaestrocmf.com\\\/portal\\\/wp-content\\\/uploads\\\/2021\\\/05\\\/1-38.jpg\",\"keywords\":[\"caja\",\"CORTO\",\"EMPAT\u00cdA\",\"hermoso\",\"RESPETO\",\"TRABAJAR\",\"vida\"],\"articleSection\":[\"Pel\u00edculas\",\"Recursos\"],\"inLanguage\":\"es\",\"potentialAction\":[{\"@type\":\"CommentAction\",\"name\":\"Comment\",\"target\":[\"https:\\\/\\\/webdelmaestrocmf.com\\\/portal\\\/la-caja-un-hermoso-corto-para-trabajar-la-empatia-y-el-respeto-por-la-vida\\\/#respond\"]}]},{\"@type\":\"WebPage\",\"@id\":\"https:\\\/\\\/webdelmaestrocmf.com\\\/portal\\\/la-caja-un-hermoso-corto-para-trabajar-la-empatia-y-el-respeto-por-la-vida\\\/\",\"url\":\"https:\\\/\\\/webdelmaestrocmf.com\\\/portal\\\/la-caja-un-hermoso-corto-para-trabajar-la-empatia-y-el-respeto-por-la-vida\\\/\",\"name\":\"La caja, un hermoso corto para trabajar la empat\u00eda y el respeto por la vida. Incluye ficha de trabajo - 2026\",\"isPartOf\":{\"@id\":\"https:\\\/\\\/webdelmaestrocmf.com\\\/portal\\\/#website\"},\"primaryImageOfPage\":{\"@id\":\"https:\\\/\\\/webdelmaestrocmf.com\\\/portal\\\/la-caja-un-hermoso-corto-para-trabajar-la-empatia-y-el-respeto-por-la-vida\\\/#primaryimage\"},\"image\":{\"@id\":\"https:\\\/\\\/webdelmaestrocmf.com\\\/portal\\\/la-caja-un-hermoso-corto-para-trabajar-la-empatia-y-el-respeto-por-la-vida\\\/#primaryimage\"},\"thumbnailUrl\":\"https:\\\/\\\/webdelmaestrocmf.com\\\/portal\\\/wp-content\\\/uploads\\\/2021\\\/05\\\/1-38.jpg\",\"datePublished\":\"2021-05-07T01:08:00+00:00\",\"dateModified\":\"2023-10-11T02:16:54+00:00\",\"description\":\"La educaci\u00f3n no solo se trata de impartir conocimientos acad\u00e9micos, sino tambi\u00e9n de inculcar valores que ayuden a los estudiantes...\",\"breadcrumb\":{\"@id\":\"https:\\\/\\\/webdelmaestrocmf.com\\\/portal\\\/la-caja-un-hermoso-corto-para-trabajar-la-empatia-y-el-respeto-por-la-vida\\\/#breadcrumb\"},\"inLanguage\":\"es\",\"potentialAction\":[{\"@type\":\"ReadAction\",\"target\":[\"https:\\\/\\\/webdelmaestrocmf.com\\\/portal\\\/la-caja-un-hermoso-corto-para-trabajar-la-empatia-y-el-respeto-por-la-vida\\\/\"]}]},{\"@type\":\"ImageObject\",\"inLanguage\":\"es\",\"@id\":\"https:\\\/\\\/webdelmaestrocmf.com\\\/portal\\\/la-caja-un-hermoso-corto-para-trabajar-la-empatia-y-el-respeto-por-la-vida\\\/#primaryimage\",\"url\":\"https:\\\/\\\/webdelmaestrocmf.com\\\/portal\\\/wp-content\\\/uploads\\\/2021\\\/05\\\/1-38.jpg\",\"contentUrl\":\"https:\\\/\\\/webdelmaestrocmf.com\\\/portal\\\/wp-content\\\/uploads\\\/2021\\\/05\\\/1-38.jpg\",\"width\":1100,\"height\":680,\"caption\":\"corto\"},{\"@type\":\"BreadcrumbList\",\"@id\":\"https:\\\/\\\/webdelmaestrocmf.com\\\/portal\\\/la-caja-un-hermoso-corto-para-trabajar-la-empatia-y-el-respeto-por-la-vida\\\/#breadcrumb\",\"itemListElement\":[{\"@type\":\"ListItem\",\"position\":1,\"name\":\"Portada\",\"item\":\"https:\\\/\\\/webdelmaestrocmf.com\\\/portal\\\/\"},{\"@type\":\"ListItem\",\"position\":2,\"name\":\"Recursos\",\"item\":\"https:\\\/\\\/webdelmaestrocmf.com\\\/portal\\\/category\\\/pedagogia\\\/\"},{\"@type\":\"ListItem\",\"position\":3,\"name\":\"La caja, un hermoso corto para trabajar la empat\u00eda y el respeto por la vida. Incluye ficha de trabajo\"}]},{\"@type\":\"WebSite\",\"@id\":\"https:\\\/\\\/webdelmaestrocmf.com\\\/portal\\\/#website\",\"url\":\"https:\\\/\\\/webdelmaestrocmf.com\\\/portal\\\/\",\"name\":\"Web del Maestro CMF\",\"description\":\"Maestros al servicio de la educaci\u00f3n\",\"publisher\":{\"@id\":\"https:\\\/\\\/webdelmaestrocmf.com\\\/portal\\\/#organization\"},\"alternateName\":\"WMCMF\",\"potentialAction\":[{\"@type\":\"SearchAction\",\"target\":{\"@type\":\"EntryPoint\",\"urlTemplate\":\"https:\\\/\\\/webdelmaestrocmf.com\\\/portal\\\/?s={search_term_string}\"},\"query-input\":{\"@type\":\"PropertyValueSpecification\",\"valueRequired\":true,\"valueName\":\"search_term_string\"}}],\"inLanguage\":\"es\"},{\"@type\":\"Organization\",\"@id\":\"https:\\\/\\\/webdelmaestrocmf.com\\\/portal\\\/#organization\",\"name\":\"Web del Maestro CMF\",\"alternateName\":\"WMCMF\",\"url\":\"https:\\\/\\\/webdelmaestrocmf.com\\\/portal\\\/\",\"logo\":{\"@type\":\"ImageObject\",\"inLanguage\":\"es\",\"@id\":\"https:\\\/\\\/webdelmaestrocmf.com\\\/portal\\\/#\\\/schema\\\/logo\\\/image\\\/\",\"url\":\"https:\\\/\\\/webdelmaestrocmf.com\\\/portal\\\/wp-content\\\/uploads\\\/2023\\\/01\\\/logo-wmcmf-2.png\",\"contentUrl\":\"https:\\\/\\\/webdelmaestrocmf.com\\\/portal\\\/wp-content\\\/uploads\\\/2023\\\/01\\\/logo-wmcmf-2.png\",\"width\":200,\"height\":60,\"caption\":\"Web del Maestro CMF\"},\"image\":{\"@id\":\"https:\\\/\\\/webdelmaestrocmf.com\\\/portal\\\/#\\\/schema\\\/logo\\\/image\\\/\"},\"sameAs\":[\"https:\\\/\\\/www.facebook.com\\\/WebdelMaestroCMF\\\/\",\"https:\\\/\\\/x.com\\\/cmf_w\",\"https:\\\/\\\/www.pinterest.com\\\/WMCMF\\\/\",\"https:\\\/\\\/www.linkedin.com\\\/company\\\/web-del-maestro-cmf\\\/\",\"https:\\\/\\\/www.instagram.com\\\/wmcmf\\\/\",\"https:\\\/\\\/www.youtube.com\\\/channel\\\/UCDPSvjbdodE5sHnC3OxutHw\",\"https:\\\/\\\/mastodon.social\\\/@wmcmf\",\"https:\\\/\\\/www.tiktok.com\\\/@webdelmaestrocmf\"]},{\"@type\":\"Person\",\"@id\":\"https:\\\/\\\/webdelmaestrocmf.com\\\/portal\\\/#\\\/schema\\\/person\\\/1072a2ed7bd960df8ef99a551fa35dc5\",\"name\":\"Web del Maestro CMF\",\"image\":{\"@type\":\"ImageObject\",\"inLanguage\":\"es\",\"@id\":\"https:\\\/\\\/secure.gravatar.com\\\/avatar\\\/23291dd5b5ae1077dcff3dbb04c3e02bd28403fa75af6d8787d5e97c5bbbe30b?s=96&d=mm&r=g\",\"url\":\"https:\\\/\\\/secure.gravatar.com\\\/avatar\\\/23291dd5b5ae1077dcff3dbb04c3e02bd28403fa75af6d8787d5e97c5bbbe30b?s=96&d=mm&r=g\",\"contentUrl\":\"https:\\\/\\\/secure.gravatar.com\\\/avatar\\\/23291dd5b5ae1077dcff3dbb04c3e02bd28403fa75af6d8787d5e97c5bbbe30b?s=96&d=mm&r=g\",\"caption\":\"Web del Maestro CMF\"},\"description\":\"Esta Web se cre\u00f3 sin fines de lucro, con fines educativos, cient\u00edficos y acad\u00e9micos, para personas que tengan dificultades y\\\/o inconvenientes en visualizar el material original. El objetivo es entregar recursos, compartir experiencias y materiales que ayuden a los padres de familia, maestros y estudiantes en su actualizaci\u00f3n y formaci\u00f3n permanente, en bien de la Educaci\u00f3n.\",\"sameAs\":[\"http:\\\/\\\/webdelmaestrocmf.com\\\/portal\",\"https:\\\/\\\/www.facebook.com\\\/WebdelMaestroCMF\\\/\",\"https:\\\/\\\/www.instagram.com\\\/wmcmf\\\/\",\"https:\\\/\\\/cl.linkedin.com\\\/company\\\/web-del-maestro-cmf\",\"https:\\\/\\\/www.pinterest.com\\\/WMCMF\\\/publicaciones\\\/\",\"https:\\\/\\\/x.com\\\/cmf_w\",\"https:\\\/\\\/www.youtube.com\\\/@WMCMF\"]}]}<\/script>\n<!-- \/ Yoast SEO plugin. -->","yoast_head_json":{"title":"La caja, un hermoso corto para trabajar la empat\u00eda y el respeto por la vida. Incluye ficha de trabajo - 2026","description":"La educaci\u00f3n no solo se trata de impartir conocimientos acad\u00e9micos, sino tambi\u00e9n de inculcar valores que ayuden a los estudiantes...","robots":{"index":"index","follow":"follow","max-snippet":"max-snippet:-1","max-image-preview":"max-image-preview:large","max-video-preview":"max-video-preview:-1"},"canonical":"https:\/\/webdelmaestrocmf.com\/portal\/la-caja-un-hermoso-corto-para-trabajar-la-empatia-y-el-respeto-por-la-vida\/","og_locale":"es_ES","og_type":"article","og_title":"La caja, un hermoso corto para trabajar la empat\u00eda y el respeto por la vida. Incluye ficha de trabajo - 2026","og_description":"La educaci\u00f3n no solo se trata de impartir conocimientos acad\u00e9micos, sino tambi\u00e9n de inculcar valores que ayuden a los estudiantes...","og_url":"https:\/\/webdelmaestrocmf.com\/portal\/la-caja-un-hermoso-corto-para-trabajar-la-empatia-y-el-respeto-por-la-vida\/","og_site_name":"Web del Maestro CMF","article_publisher":"https:\/\/www.facebook.com\/WebdelMaestroCMF\/","article_author":"https:\/\/www.facebook.com\/WebdelMaestroCMF\/","article_published_time":"2021-05-07T01:08:00+00:00","article_modified_time":"2023-10-11T02:16:54+00:00","og_image":[{"width":1100,"height":680,"url":"https:\/\/i0.wp.com\/webdelmaestrocmf.com\/portal\/wp-content\/uploads\/2021\/05\/1-38.jpg?fit=1100%2C680&ssl=1","type":"image\/jpeg"}],"author":"Web del Maestro CMF","twitter_card":"summary_large_image","twitter_creator":"@cmf_w","twitter_site":"@cmf_w","schema":{"@context":"https:\/\/schema.org","@graph":[{"@type":"ScholarlyArticle","@id":"https:\/\/webdelmaestrocmf.com\/portal\/la-caja-un-hermoso-corto-para-trabajar-la-empatia-y-el-respeto-por-la-vida\/#article","isPartOf":{"@id":"https:\/\/webdelmaestrocmf.com\/portal\/la-caja-un-hermoso-corto-para-trabajar-la-empatia-y-el-respeto-por-la-vida\/"},"author":{"name":"Web del Maestro CMF","@id":"https:\/\/webdelmaestrocmf.com\/portal\/#\/schema\/person\/1072a2ed7bd960df8ef99a551fa35dc5"},"headline":"La caja, un hermoso corto para trabajar la empat\u00eda y el respeto por la vida. Incluye ficha de trabajo","datePublished":"2021-05-07T01:08:00+00:00","dateModified":"2023-10-11T02:16:54+00:00","mainEntityOfPage":{"@id":"https:\/\/webdelmaestrocmf.com\/portal\/la-caja-un-hermoso-corto-para-trabajar-la-empatia-y-el-respeto-por-la-vida\/"},"wordCount":837,"commentCount":1,"publisher":{"@id":"https:\/\/webdelmaestrocmf.com\/portal\/#organization"},"image":{"@id":"https:\/\/webdelmaestrocmf.com\/portal\/la-caja-un-hermoso-corto-para-trabajar-la-empatia-y-el-respeto-por-la-vida\/#primaryimage"},"thumbnailUrl":"https:\/\/webdelmaestrocmf.com\/portal\/wp-content\/uploads\/2021\/05\/1-38.jpg","keywords":["caja","CORTO","EMPAT\u00cdA","hermoso","RESPETO","TRABAJAR","vida"],"articleSection":["Pel\u00edculas","Recursos"],"inLanguage":"es","potentialAction":[{"@type":"CommentAction","name":"Comment","target":["https:\/\/webdelmaestrocmf.com\/portal\/la-caja-un-hermoso-corto-para-trabajar-la-empatia-y-el-respeto-por-la-vida\/#respond"]}]},{"@type":"WebPage","@id":"https:\/\/webdelmaestrocmf.com\/portal\/la-caja-un-hermoso-corto-para-trabajar-la-empatia-y-el-respeto-por-la-vida\/","url":"https:\/\/webdelmaestrocmf.com\/portal\/la-caja-un-hermoso-corto-para-trabajar-la-empatia-y-el-respeto-por-la-vida\/","name":"La caja, un hermoso corto para trabajar la empat\u00eda y el respeto por la vida. Incluye ficha de trabajo - 2026","isPartOf":{"@id":"https:\/\/webdelmaestrocmf.com\/portal\/#website"},"primaryImageOfPage":{"@id":"https:\/\/webdelmaestrocmf.com\/portal\/la-caja-un-hermoso-corto-para-trabajar-la-empatia-y-el-respeto-por-la-vida\/#primaryimage"},"image":{"@id":"https:\/\/webdelmaestrocmf.com\/portal\/la-caja-un-hermoso-corto-para-trabajar-la-empatia-y-el-respeto-por-la-vida\/#primaryimage"},"thumbnailUrl":"https:\/\/webdelmaestrocmf.com\/portal\/wp-content\/uploads\/2021\/05\/1-38.jpg","datePublished":"2021-05-07T01:08:00+00:00","dateModified":"2023-10-11T02:16:54+00:00","description":"La educaci\u00f3n no solo se trata de impartir conocimientos acad\u00e9micos, sino tambi\u00e9n de inculcar valores que ayuden a los estudiantes...","breadcrumb":{"@id":"https:\/\/webdelmaestrocmf.com\/portal\/la-caja-un-hermoso-corto-para-trabajar-la-empatia-y-el-respeto-por-la-vida\/#breadcrumb"},"inLanguage":"es","potentialAction":[{"@type":"ReadAction","target":["https:\/\/webdelmaestrocmf.com\/portal\/la-caja-un-hermoso-corto-para-trabajar-la-empatia-y-el-respeto-por-la-vida\/"]}]},{"@type":"ImageObject","inLanguage":"es","@id":"https:\/\/webdelmaestrocmf.com\/portal\/la-caja-un-hermoso-corto-para-trabajar-la-empatia-y-el-respeto-por-la-vida\/#primaryimage","url":"https:\/\/webdelmaestrocmf.com\/portal\/wp-content\/uploads\/2021\/05\/1-38.jpg","contentUrl":"https:\/\/webdelmaestrocmf.com\/portal\/wp-content\/uploads\/2021\/05\/1-38.jpg","width":1100,"height":680,"caption":"corto"},{"@type":"BreadcrumbList","@id":"https:\/\/webdelmaestrocmf.com\/portal\/la-caja-un-hermoso-corto-para-trabajar-la-empatia-y-el-respeto-por-la-vida\/#breadcrumb","itemListElement":[{"@type":"ListItem","position":1,"name":"Portada","item":"https:\/\/webdelmaestrocmf.com\/portal\/"},{"@type":"ListItem","position":2,"name":"Recursos","item":"https:\/\/webdelmaestrocmf.com\/portal\/category\/pedagogia\/"},{"@type":"ListItem","position":3,"name":"La caja, un hermoso corto para trabajar la empat\u00eda y el respeto por la vida. Incluye ficha de trabajo"}]},{"@type":"WebSite","@id":"https:\/\/webdelmaestrocmf.com\/portal\/#website","url":"https:\/\/webdelmaestrocmf.com\/portal\/","name":"Web del Maestro CMF","description":"Maestros al servicio de la educaci\u00f3n","publisher":{"@id":"https:\/\/webdelmaestrocmf.com\/portal\/#organization"},"alternateName":"WMCMF","potentialAction":[{"@type":"SearchAction","target":{"@type":"EntryPoint","urlTemplate":"https:\/\/webdelmaestrocmf.com\/portal\/?s={search_term_string}"},"query-input":{"@type":"PropertyValueSpecification","valueRequired":true,"valueName":"search_term_string"}}],"inLanguage":"es"},{"@type":"Organization","@id":"https:\/\/webdelmaestrocmf.com\/portal\/#organization","name":"Web del Maestro CMF","alternateName":"WMCMF","url":"https:\/\/webdelmaestrocmf.com\/portal\/","logo":{"@type":"ImageObject","inLanguage":"es","@id":"https:\/\/webdelmaestrocmf.com\/portal\/#\/schema\/logo\/image\/","url":"https:\/\/webdelmaestrocmf.com\/portal\/wp-content\/uploads\/2023\/01\/logo-wmcmf-2.png","contentUrl":"https:\/\/webdelmaestrocmf.com\/portal\/wp-content\/uploads\/2023\/01\/logo-wmcmf-2.png","width":200,"height":60,"caption":"Web del Maestro CMF"},"image":{"@id":"https:\/\/webdelmaestrocmf.com\/portal\/#\/schema\/logo\/image\/"},"sameAs":["https:\/\/www.facebook.com\/WebdelMaestroCMF\/","https:\/\/x.com\/cmf_w","https:\/\/www.pinterest.com\/WMCMF\/","https:\/\/www.linkedin.com\/company\/web-del-maestro-cmf\/","https:\/\/www.instagram.com\/wmcmf\/","https:\/\/www.youtube.com\/channel\/UCDPSvjbdodE5sHnC3OxutHw","https:\/\/mastodon.social\/@wmcmf","https:\/\/www.tiktok.com\/@webdelmaestrocmf"]},{"@type":"Person","@id":"https:\/\/webdelmaestrocmf.com\/portal\/#\/schema\/person\/1072a2ed7bd960df8ef99a551fa35dc5","name":"Web del Maestro CMF","image":{"@type":"ImageObject","inLanguage":"es","@id":"https:\/\/secure.gravatar.com\/avatar\/23291dd5b5ae1077dcff3dbb04c3e02bd28403fa75af6d8787d5e97c5bbbe30b?s=96&d=mm&r=g","url":"https:\/\/secure.gravatar.com\/avatar\/23291dd5b5ae1077dcff3dbb04c3e02bd28403fa75af6d8787d5e97c5bbbe30b?s=96&d=mm&r=g","contentUrl":"https:\/\/secure.gravatar.com\/avatar\/23291dd5b5ae1077dcff3dbb04c3e02bd28403fa75af6d8787d5e97c5bbbe30b?s=96&d=mm&r=g","caption":"Web del Maestro CMF"},"description":"Esta Web se cre\u00f3 sin fines de lucro, con fines educativos, cient\u00edficos y acad\u00e9micos, para personas que tengan dificultades y\/o inconvenientes en visualizar el material original. El objetivo es entregar recursos, compartir experiencias y materiales que ayuden a los padres de familia, maestros y estudiantes en su actualizaci\u00f3n y formaci\u00f3n permanente, en bien de la Educaci\u00f3n.","sameAs":["http:\/\/webdelmaestrocmf.com\/portal","https:\/\/www.facebook.com\/WebdelMaestroCMF\/","https:\/\/www.instagram.com\/wmcmf\/","https:\/\/cl.linkedin.com\/company\/web-del-maestro-cmf","https:\/\/www.pinterest.com\/WMCMF\/publicaciones\/","https:\/\/x.com\/cmf_w","https:\/\/www.youtube.com\/@WMCMF"]}]}},"jetpack_featured_media_url":"https:\/\/webdelmaestrocmf.com\/portal\/wp-content\/uploads\/2021\/05\/1-38.jpg","jetpack_sharing_enabled":true,"jetpack-related-posts":[{"id":107822,"url":"https:\/\/webdelmaestrocmf.com\/portal\/caja-de-herramientas-para-promover-la-empatia-en-el-aula-guia-para-docentes\/","url_meta":{"origin":62621,"position":0},"title":"Caja de herramientas para promover la empat\u00eda en el aula: gu\u00eda para docentes","author":"Web del Maestro CMF","date":"3 febrero, 2025","format":false,"excerpt":"La Caja de Herramientas para Promover la Empat\u00eda en los Colegios es un recurso desarrollado por Ashoka, una organizaci\u00f3n global que impulsa el cambio social a trav\u00e9s del emprendimiento. Su prop\u00f3sito es ayudar a docentes a integrar la empat\u00eda en el aula, mejorando la convivencia escolar y preparando a los\u2026","rel":"","context":"En \u00abDescargas Manuales PDF\u00bb","block_context":{"text":"Descargas Manuales PDF","link":"https:\/\/webdelmaestrocmf.com\/portal\/category\/pedagogia\/descargas-manuales-pdf\/"},"img":{"alt_text":"","src":"https:\/\/i0.wp.com\/webdelmaestrocmf.com\/portal\/wp-content\/uploads\/2025\/02\/1A-Banner-1-portada-imagen-10-1-54.jpg?resize=350%2C200&ssl=1","width":350,"height":200,"srcset":"https:\/\/i0.wp.com\/webdelmaestrocmf.com\/portal\/wp-content\/uploads\/2025\/02\/1A-Banner-1-portada-imagen-10-1-54.jpg?resize=350%2C200&ssl=1 1x, https:\/\/i0.wp.com\/webdelmaestrocmf.com\/portal\/wp-content\/uploads\/2025\/02\/1A-Banner-1-portada-imagen-10-1-54.jpg?resize=525%2C300&ssl=1 1.5x, https:\/\/i0.wp.com\/webdelmaestrocmf.com\/portal\/wp-content\/uploads\/2025\/02\/1A-Banner-1-portada-imagen-10-1-54.jpg?resize=700%2C400&ssl=1 2x"},"classes":[]},{"id":112054,"url":"https:\/\/webdelmaestrocmf.com\/portal\/docentes-descarguen-la-nueva-guia-practica-para-trabajar-las-emociones-en-el-aula\/","url_meta":{"origin":62621,"position":1},"title":"Docentes, descarguen la nueva gu\u00eda pr\u00e1ctica para trabajar las emociones en el aula","author":"Web del Maestro CMF","date":"11 septiembre, 2025","format":false,"excerpt":"La gu\u00eda propone actividades pr\u00e1cticas para reconocer, expresar y gestionar emociones, fortaleciendo autoestima, empat\u00eda, convivencia escolar y aprendizaje significativo.","rel":"","context":"En \u00abEmociones\u00bb","block_context":{"text":"Emociones","link":"https:\/\/webdelmaestrocmf.com\/portal\/category\/pedagogia\/emociones\/"},"img":{"alt_text":"","src":"https:\/\/i0.wp.com\/webdelmaestrocmf.com\/portal\/wp-content\/uploads\/2025\/09\/1A-Banner-1-portada-imagen-10-1-copia-2025-09-11T132059.065.webp?resize=350%2C200&ssl=1","width":350,"height":200,"srcset":"https:\/\/i0.wp.com\/webdelmaestrocmf.com\/portal\/wp-content\/uploads\/2025\/09\/1A-Banner-1-portada-imagen-10-1-copia-2025-09-11T132059.065.webp?resize=350%2C200&ssl=1 1x, https:\/\/i0.wp.com\/webdelmaestrocmf.com\/portal\/wp-content\/uploads\/2025\/09\/1A-Banner-1-portada-imagen-10-1-copia-2025-09-11T132059.065.webp?resize=525%2C300&ssl=1 1.5x, https:\/\/i0.wp.com\/webdelmaestrocmf.com\/portal\/wp-content\/uploads\/2025\/09\/1A-Banner-1-portada-imagen-10-1-copia-2025-09-11T132059.065.webp?resize=700%2C400&ssl=1 2x"},"classes":[]},{"id":47446,"url":"https:\/\/webdelmaestrocmf.com\/portal\/scrambled-un-hermoso-corto-para-hablar-sobre-la-empatia-la-paciencia-la-fortaleza-y-el-impetu\/","url_meta":{"origin":62621,"position":2},"title":"\u00abScrambled\u00bb, un hermoso corto para hablar sobre la empat\u00eda, la paciencia, la fortaleza y el \u00edmpetu","author":"Web del Maestro CMF","date":"28 mayo, 2020","format":"video","excerpt":"Scrambled, de Bastiaan Schravendeel y el equipo de\u00a0Podel Animation, es un simp\u00e1tico cortometraje de animaci\u00f3n donde el protagonismo recae en un cubo de Rubik abandonado en una estaci\u00f3n de metro y busca que quienes lleguen a esa parada jueguen con \u00e9l.\u00a0La primera en hacer esto es\u00a0Esra,\u00a0una joven que pierde su\u2026","rel":"","context":"En \u00abPel\u00edculas\u00bb","block_context":{"text":"Pel\u00edculas","link":"https:\/\/webdelmaestrocmf.com\/portal\/category\/pedagogia\/peliculas\/"},"img":{"alt_text":"","src":"https:\/\/i0.wp.com\/webdelmaestrocmf.com\/portal\/wp-content\/uploads\/2020\/05\/1-36.jpg?resize=350%2C200&ssl=1","width":350,"height":200,"srcset":"https:\/\/i0.wp.com\/webdelmaestrocmf.com\/portal\/wp-content\/uploads\/2020\/05\/1-36.jpg?resize=350%2C200&ssl=1 1x, https:\/\/i0.wp.com\/webdelmaestrocmf.com\/portal\/wp-content\/uploads\/2020\/05\/1-36.jpg?resize=525%2C300&ssl=1 1.5x, https:\/\/i0.wp.com\/webdelmaestrocmf.com\/portal\/wp-content\/uploads\/2020\/05\/1-36.jpg?resize=700%2C400&ssl=1 2x, https:\/\/i0.wp.com\/webdelmaestrocmf.com\/portal\/wp-content\/uploads\/2020\/05\/1-36.jpg?resize=1050%2C600&ssl=1 3x"},"classes":[]},{"id":20960,"url":"https:\/\/webdelmaestrocmf.com\/portal\/cinco-propuestas-eduques-emocionalmente-alumno-hijo\/","url_meta":{"origin":62621,"position":3},"title":"Propuestas para que eduques emocionalmente","author":"Web del Maestro CMF","date":"9 marzo, 2021","format":false,"excerpt":"Cuando nos nombran el aprendizaje, solemos pensar en los conocimientos. Pero tan importante o m\u00e1s es el aprendizaje social y emocional, que adem\u00e1s de estar introduci\u00e9ndose en las aulas debe, sobre todo y en primer lugar, trabajarse en casa. Para ello, te damos cinco claves y los recursos adecuados para\u2026","rel":"","context":"En \u00abInteligencia Emocional\u00bb","block_context":{"text":"Inteligencia Emocional","link":"https:\/\/webdelmaestrocmf.com\/portal\/category\/pedagogia\/inteligencia-emocional-educacion-y-familia\/"},"img":{"alt_text":"","src":"https:\/\/i0.wp.com\/webdelmaestrocmf.com\/portal\/wp-content\/uploads\/2019\/06\/1-78.jpg?resize=350%2C200&ssl=1","width":350,"height":200,"srcset":"https:\/\/i0.wp.com\/webdelmaestrocmf.com\/portal\/wp-content\/uploads\/2019\/06\/1-78.jpg?resize=350%2C200&ssl=1 1x, https:\/\/i0.wp.com\/webdelmaestrocmf.com\/portal\/wp-content\/uploads\/2019\/06\/1-78.jpg?resize=525%2C300&ssl=1 1.5x, https:\/\/i0.wp.com\/webdelmaestrocmf.com\/portal\/wp-content\/uploads\/2019\/06\/1-78.jpg?resize=700%2C400&ssl=1 2x, https:\/\/i0.wp.com\/webdelmaestrocmf.com\/portal\/wp-content\/uploads\/2019\/06\/1-78.jpg?resize=1050%2C600&ssl=1 3x"},"classes":[]},{"id":116639,"url":"https:\/\/webdelmaestrocmf.com\/portal\/manual-de-habilidades-socioemocionales-un-recurso-clave-para-la-educacion-integral\/","url_meta":{"origin":62621,"position":4},"title":"Descarga el \u00abManual de Habilidades Socioemocionales\u00bb: un recurso clave para la educaci\u00f3n integral","author":"Web del Maestro CMF","date":"19 marzo, 2026","format":false,"excerpt":"Manual educativo que fortalece habilidades socioemocionales en estudiantes, promoviendo autoconciencia, empat\u00eda y convivencia. Un recurso clave para docentes comprometidos con una educaci\u00f3n integral, humana y centrada en el desarrollo emocional.","rel":"","context":"En \u00abDescarga\u00bb","block_context":{"text":"Descarga","link":"https:\/\/webdelmaestrocmf.com\/portal\/category\/descarga\/"},"img":{"alt_text":"","src":"https:\/\/i0.wp.com\/webdelmaestrocmf.com\/portal\/wp-content\/uploads\/2026\/03\/1AA-Banner-1-portada-imagen-10-1-copia-17.webp?resize=350%2C200&ssl=1","width":350,"height":200,"srcset":"https:\/\/i0.wp.com\/webdelmaestrocmf.com\/portal\/wp-content\/uploads\/2026\/03\/1AA-Banner-1-portada-imagen-10-1-copia-17.webp?resize=350%2C200&ssl=1 1x, https:\/\/i0.wp.com\/webdelmaestrocmf.com\/portal\/wp-content\/uploads\/2026\/03\/1AA-Banner-1-portada-imagen-10-1-copia-17.webp?resize=525%2C300&ssl=1 1.5x, https:\/\/i0.wp.com\/webdelmaestrocmf.com\/portal\/wp-content\/uploads\/2026\/03\/1AA-Banner-1-portada-imagen-10-1-copia-17.webp?resize=700%2C400&ssl=1 2x, https:\/\/i0.wp.com\/webdelmaestrocmf.com\/portal\/wp-content\/uploads\/2026\/03\/1AA-Banner-1-portada-imagen-10-1-copia-17.webp?resize=1050%2C600&ssl=1 3x"},"classes":[]},{"id":98052,"url":"https:\/\/webdelmaestrocmf.com\/portal\/educacion-emocional-por-que-es-importante-y-como-implementarla-en-primaria-y-secundaria\/","url_meta":{"origin":62621,"position":5},"title":"Educaci\u00f3n emocional: descarga el cuaderno de regulaci\u00f3n emocional para primaria, herramientas pr\u00e1cticas para secundaria y una gu\u00eda completa para el docente","author":"Web del Maestro CMF","date":"19 abril, 2026","format":false,"excerpt":"Ayuda al ni\u00f1o a reconocer, expresar y regular sus emociones, mejorar su atenci\u00f3n y autocontrol, reducir el estr\u00e9s, fortalecer la autoestima y desarrollar habilidades sociales mediante actividades pr\u00e1cticas y reflexivas","rel":"","context":"En \u00abEducaci\u00f3n Emocional\u00bb","block_context":{"text":"Educaci\u00f3n Emocional","link":"https:\/\/webdelmaestrocmf.com\/portal\/category\/pedagogia\/educacion-emocional\/"},"img":{"alt_text":"","src":"https:\/\/i0.wp.com\/webdelmaestrocmf.com\/portal\/wp-content\/uploads\/2026\/03\/1AA-Banner-1-portada-imagen-10-1-copia-1-6.webp?resize=350%2C200&ssl=1","width":350,"height":200,"srcset":"https:\/\/i0.wp.com\/webdelmaestrocmf.com\/portal\/wp-content\/uploads\/2026\/03\/1AA-Banner-1-portada-imagen-10-1-copia-1-6.webp?resize=350%2C200&ssl=1 1x, https:\/\/i0.wp.com\/webdelmaestrocmf.com\/portal\/wp-content\/uploads\/2026\/03\/1AA-Banner-1-portada-imagen-10-1-copia-1-6.webp?resize=525%2C300&ssl=1 1.5x, https:\/\/i0.wp.com\/webdelmaestrocmf.com\/portal\/wp-content\/uploads\/2026\/03\/1AA-Banner-1-portada-imagen-10-1-copia-1-6.webp?resize=700%2C400&ssl=1 2x, https:\/\/i0.wp.com\/webdelmaestrocmf.com\/portal\/wp-content\/uploads\/2026\/03\/1AA-Banner-1-portada-imagen-10-1-copia-1-6.webp?resize=1050%2C600&ssl=1 3x"},"classes":[]}],"_links":{"self":[{"href":"https:\/\/webdelmaestrocmf.com\/portal\/wp-json\/wp\/v2\/posts\/62621","targetHints":{"allow":["GET"]}}],"collection":[{"href":"https:\/\/webdelmaestrocmf.com\/portal\/wp-json\/wp\/v2\/posts"}],"about":[{"href":"https:\/\/webdelmaestrocmf.com\/portal\/wp-json\/wp\/v2\/types\/post"}],"author":[{"embeddable":true,"href":"https:\/\/webdelmaestrocmf.com\/portal\/wp-json\/wp\/v2\/users\/1"}],"replies":[{"embeddable":true,"href":"https:\/\/webdelmaestrocmf.com\/portal\/wp-json\/wp\/v2\/comments?post=62621"}],"version-history":[{"count":0,"href":"https:\/\/webdelmaestrocmf.com\/portal\/wp-json\/wp\/v2\/posts\/62621\/revisions"}],"wp:featuredmedia":[{"embeddable":true,"href":"https:\/\/webdelmaestrocmf.com\/portal\/wp-json\/wp\/v2\/media\/62624"}],"wp:attachment":[{"href":"https:\/\/webdelmaestrocmf.com\/portal\/wp-json\/wp\/v2\/media?parent=62621"}],"wp:term":[{"taxonomy":"category","embeddable":true,"href":"https:\/\/webdelmaestrocmf.com\/portal\/wp-json\/wp\/v2\/categories?post=62621"},{"taxonomy":"post_tag","embeddable":true,"href":"https:\/\/webdelmaestrocmf.com\/portal\/wp-json\/wp\/v2\/tags?post=62621"}],"curies":[{"name":"wp","href":"https:\/\/api.w.org\/{rel}","templated":true}]}}