{"id":62614,"date":"2021-05-06T18:18:11","date_gmt":"2021-05-06T22:18:11","guid":{"rendered":"https:\/\/webdelmaestrocmf.com\/portal\/?p=62614"},"modified":"2021-05-07T10:29:08","modified_gmt":"2021-05-07T14:29:08","slug":"segun-los-expertos-la-implementacion-de-los-programas-de-educacion-online-han-tenido-una-falla-de-origen-replicar-la-clase-presencial-en-la-virtualidad","status":"publish","type":"post","link":"https:\/\/webdelmaestrocmf.com\/portal\/segun-los-expertos-la-implementacion-de-los-programas-de-educacion-online-han-tenido-una-falla-de-origen-replicar-la-clase-presencial-en-la-virtualidad\/","title":{"rendered":"Seg\u00fan los expertos, la implementaci\u00f3n de los programas de educaci\u00f3n online han tenido una falla de origen: replicar la clase presencial en la virtualidad"},"content":{"rendered":"<h5 style=\"text-align: justify;\">Extenuantes jornadas de estudiantes frente a clases online, poca participaci\u00f3n de los alumnos, nulos espacios para afianzar los v\u00ednculos personales y c\u00e1tedras poco interactivas son algunas de las problem\u00e1ticas del nuevo escenario escolar virtual.<\/h5>\n<h5 style=\"text-align: justify;\">Desaf\u00edo que hoy es un tema para los expertos en la materia, quienes sostienen que para lograr una real educaci\u00f3n online se debe hacer un cambio rotundo, comenzando con el desarrollo de competencias tecnol\u00f3gicas y el acceso a la conectividad para todos los sectores sociales.<\/h5>\n<p><!--more--><\/p>\n<h5 style=\"text-align: justify;\">Claves y consejos para que una clase virtual sea atractiva y efectiva<\/h5>\n<p class=\"paragraph \" style=\"text-align: justify;\">Suena el despertador a las 7.30 y Gaspar Az\u00f3car (7) se levanta, toma desayuno y se prepara para su clase virtual. Su sala de clases, a diferencia de otros a\u00f1os, es el comedor de su hogar desde donde se conecta con el resto de sus compa\u00f1eros de segundo b\u00e1sico. Al otro lado de la pantalla, su profesora intenta pasar la lista entre muchas interrupciones que hacen sus peque\u00f1os alumnos que quieren conversar de todo menos de la materia. La clase avanza entre la mala se\u00f1al de internet, las c\u00e1maras apagadas de algunos estudiantes y la frustraci\u00f3n de otros por no poder participar. Finalmente, la jornada termina con estudiantes totalmente desconcentrados, sin ganas de estar frente al computador y sin recordar lo ense\u00f1ado por la docente.<\/p>\n<p class=\"paragraph \" style=\"text-align: justify;\">Lo cierto es que la pandemia cambi\u00f3 la forma de educar y aprender en todo el mundo, apresurando la digitalizaci\u00f3n y evidenciando lo lejos que estamos de una real educaci\u00f3n virtual. Una transformaci\u00f3n que, seg\u00fan Stefania Giannini, subdirectora general de Educaci\u00f3n de la Unesco, ha llevado a un despliegue acelerado de soluciones de educaci\u00f3n a distancia para asegurar la continuidad pedag\u00f3gica.<\/p>\n<p class=\"paragraph \" style=\"text-align: justify;\">\u201cCasi de la noche a la ma\u00f1ana, las escuelas y universidades de todo el mundo cerraron sus puertas, afectando a 1.570 millones de estudiantes en 191 pa\u00edses\u201d, se\u00f1ala la l\u00edder de la Unesco en el informe\u00a0<a href=\"http:\/\/www.iesalc.unesco.org\/wp-content\/uploads\/2020\/05\/COVID-19-ES-130520.pdf\" target=\"_blank\" rel=\"noopener\"><b>Covid-19 y educaci\u00f3n superior: De los efectos inmediatos al d\u00eda despu\u00e9s (2020).<\/b><\/a><\/p>\n<p class=\"paragraph \" style=\"text-align: justify;\">La virtualidad acelerada ha tra\u00eddo una serie de situaciones inesperadas, tanto para el profesorado como para los alumnos y padres. No solo ha existido un diferenciado acceso a la tecnolog\u00eda y baja conectividad, sino que tambi\u00e9n educadores que sobre la marcha han implementado un sistema online.<\/p>\n<p class=\"paragraph \" style=\"text-align: justify;\">Una realidad que da a conocer el informe\u00a0<a href=\"https:\/\/www.mineduc.cl\/wp-content\/uploads\/sites\/19\/2020\/08\/EstudioMineduc_bancomundial.pdf\" target=\"_blank\" rel=\"noopener\"><b>Impacto del Covid-19 en los resultados de aprendizaje y escolaridad en Chile (agosto 2020<\/b><\/a><b>)<\/b>, realizado por el Centro de Estudios del Ministerio de Salud, que se\u00f1ala que la cobertura de los aprendizajes por parte de los estudiantes que se encuentran en el quintil m\u00e1s bajo es de un 27%, mientras que en el quintil m\u00e1s alto esta cobertura alcanza el 89%.<\/p>\n<p class=\"paragraph \" style=\"text-align: justify;\">El estudio revela -adem\u00e1s- que el 82% de los estudiantes de establecimientos p\u00fablicos cuenta con acceso a alg\u00fan tipo de dispositivo que permite su formaci\u00f3n a distancia, mientras que este porcentaje alcanza un 97% en el caso de los alumnos de establecimientos particulares pagados.<\/p>\n<p class=\"paragraph \" style=\"text-align: justify;\">Sobre las principales dificultades que ha tenido la ense\u00f1anza virtual en Chile, Felipe Alegr\u00eda, director nacional del Departamento de Pedagog\u00eda de la\u00a0<a href=\"https:\/\/www.uss.cl\/ciencias-educacion\/\" target=\"_blank\" rel=\"noopener\">Facultad de Ciencias de la Educaci\u00f3n de la Universidad San Sebasti\u00e1n<\/a>\u00a0(USS), dice que no est\u00e1bamos preparados para ella. Seg\u00fan el acad\u00e9mico, \u201cesta modalidad se instal\u00f3 de forma muy r\u00e1pida y todos los actores han tenido que aprender en el camino. Adem\u00e1s, se suman aspectos como el acceso a internet, disponibilidad de equipos, preparaci\u00f3n y manejo en plataformas, entre otros. Este proceso ha evidenciado las brechas que existen en educaci\u00f3n respecto de los recursos disponibles y la posibilidad de capacitaci\u00f3n. Si bien se han hecho esfuerzos, ha sido innegable que la adaptaci\u00f3n ha sacado elementos tanto positivos como negativos respecto de la ense\u00f1anza virtual\u201d.<\/p>\n<p class=\"paragraph \" style=\"text-align: justify;\">Seg\u00fan los expertos, la implementaci\u00f3n de los programas de educaci\u00f3n online han tenido una falla de origen: replicar la clase presencial en la virtualidad.<\/p>\n<p><img loading=\"lazy\" decoding=\"async\" class=\"alignnone size-large\" src=\"https:\/\/webdelmaestrocmf.com\/portal\/wp-content\/uploads\/2020\/09\/1-scaled.jpeg\" width=\"1706\" height=\"2560\" \/><\/p>\n<p class=\"paragraph \" style=\"text-align: justify;\">Sobre ello, Jessica Bast\u00edas, acad\u00e9mica de Educaci\u00f3n Diferencial y especialista en el uso de las tecnolog\u00edas de aprendizaje de la USS manifiesta que \u201cdesde que se inici\u00f3 el estallido social, y luego la pandemia, hemos tenido una educaci\u00f3n reactiva que no es bajo ning\u00fan modo educaci\u00f3n virtual o a distancia. Docentes, estudiantes y familias reaccionaron con su mejor intenci\u00f3n y con lo que ten\u00edan a mano (conocimientos, manejo de competencias tecnol\u00f3gicas, equipamiento, conectividad, disposici\u00f3n y espacios) para suplir lo que hac\u00edan de manera presencial y llevarlo a din\u00e1micas virtuales; pero la gran mayor\u00eda nunca hab\u00eda tenido una experiencia de educaci\u00f3n en esta modalidad\u201d.<\/p>\n<p class=\"paragraph \" style=\"text-align: justify;\">La acad\u00e9mica es enf\u00e1tica en se\u00f1alar que \u201cdise\u00f1ar y ejecutar un programa de educaci\u00f3n virtual requiere de un equipo de profesionales que se coordina, selecciona contenidos, dise\u00f1a trayectorias de aprendizaje atractivas y desafiantes, y donde se decide cu\u00e1ndo y en qu\u00e9 momento el estudiante tendr\u00e1 actividades asincr\u00f3nicas y sincr\u00f3nicas; cu\u00e1ndo ser\u00e1 evaluado y c\u00f3mo ser\u00e1n dichos procesos. En paralelo, se toman muchas decisiones pedag\u00f3gicas y estrat\u00e9gicas que tiene que ver con la elecci\u00f3n de contenidos, dise\u00f1o de actividades interactivas, atractivas y bonitas para motivar y atraer al estudiante\u201d.<\/p>\n<h5>Hacia una educaci\u00f3n virtual real<\/h5>\n<p class=\"paragraph \" style=\"text-align: justify;\">Para que un programa de educaci\u00f3n virtual sea exitoso, por un lado, debe existir preparaci\u00f3n para garantizar un buen v\u00ednculo profesor-estudiante, aprendizaje y participaci\u00f3n, por otra, el estudiante debe estar acondicionado en su hogar y dispuesto a cumplir con las exigencias de la modalidad. As\u00ed lo cree Jessica Bast\u00edas, quien sostiene que los profesores tienen que desarrollar competencias tecnol\u00f3gicas para la docencia y actualizar la manera de ense\u00f1ar.<\/p>\n<p class=\"paragraph \" style=\"text-align: justify;\">\u201cAntes de la pandemia se hablaba mucho sobre el uso celular, y ahora tanto este dispositivo como las redes sociales han sido fundamentales para comunicarnos con nuestros estudiantes y sus familias. Con el celular investigamos, contestamos formularios, enviamos fotos de los trabajos, compartimos archivos, tenemos reuniones, etc. El celular tiene un uso social, pero tambi\u00e9n pedag\u00f3gico, y es el docente el que tiene que cambiar el foco y los padres aprender a ver y validar que los ni\u00f1os y j\u00f3venes de hoy tienen mec\u00e1nicas diferentes de resolver sus desaf\u00edos y eso es tremendamente positivo\u201d, dice Bast\u00edas.<\/p>\n<p class=\"paragraph \" style=\"text-align: justify;\">Para que un sistema educativo online sea efectivo, Felipe Alegr\u00eda, se\u00f1ala que se debe tener claro el objetivo que se quiere alcanzar, y buscar y utilizar herramientas digitales que fomenten la participaci\u00f3n activa de los estudiantes. \u201cGenerar espacios de interacci\u00f3n entre el contenido y las habilidades a desarrollar y m\u00e1s tiempos de pr\u00e1ctica son necesarios para tener espacios de aprendizaje; el uso de estrategias como la gamificaci\u00f3n (t\u00e9cnica de aprendizaje que traslada la mec\u00e1nica de los juegos al \u00e1mbito educativo) tambi\u00e9n permite motivar la participaci\u00f3n en clases, pues pone desaf\u00edos que fomentan las ganas por aprender; e instalar espacios de retroalimentaci\u00f3n durante las clases y compartir los avances del curso son los recursos que permiten situar la experiencia de aprendizaje\u201d, asegura el acad\u00e9mico.<\/p>\n<p class=\"paragraph \" style=\"text-align: justify;\">Sobre c\u00f3mo poder planificar una clase virtual, Bast\u00edas plantea que es posible hacerlo considerando los siguientes puntos:<\/p>\n<ul>\n<li><b>Capacitarse<\/b> y desarrollar competencias tecnol\u00f3gicas y as\u00ed lograr que las TIC sean un facilitador de las experiencias de aprendizaje.<\/li>\n<li><b>Seleccionar<\/b>\u00a0<b>algunas aplicaciones<\/b> para perfeccionarse en ellas (documentos digitales de Drive, JamBoard, Classroom, Meet, Genialy, Padlet y Kahoot);<\/li>\n<li><b>Planificar el proceso<\/b>, es decir, brindar actividades asincr\u00f3nicas y sincr\u00f3nicas, individuales y grupales, crear una trayectoria de aprendizaje din\u00e1mico, brindar la oportunidad de transitar por distintos niveles de la taxonom\u00eda de Bloom y siempre tener en cuenta cu\u00e1l es el resultado de aprendizaje que gu\u00eda el programa de asignatura;<\/li>\n<li><b>Crear v\u00ednculo<\/b> con los estudiantes es prioridad, a trav\u00e9s de juegos, retroalimentaciones y el di\u00e1logo.<\/li>\n<li><b>Destinar tiempo<\/b> para que los estudiantes tambi\u00e9n desarrollen competencias digitales, b\u00e1sico para que logren autonom\u00eda;<\/li>\n<li><b>Participar de webinar<\/b>\u00a0sobre dise\u00f1o instruccional b\u00e1sico y colocar el sello personal en dicho proceso para programar sus clases.<\/li>\n<\/ul>\n<p class=\"paragraph \" style=\"text-align: justify;\">La docente tambi\u00e9n dice que nuestra cultura hacia las tecnolog\u00edas y la educaci\u00f3n debe cambiar, y ese es un rol muy importante para la futura escuela. \u201cDebemos valorar m\u00e1s una sala o sesiones de videoconferencia en donde los grupos hablen y se r\u00edan, resuelvan. Abrir la oportunidad que un estudiante se conecte desde su casa, ocupe su computador para crear, comunicar e investigar. Es importante que a futuro exploremos el uso de ambas modalidades, mejorar la conectividad en la casa y en las escuelas, ya que ha quedado m\u00e1s que claro que todas las instituciones educacionales necesitan de una buena conexi\u00f3n\u2026 No puede ser que el profesor o los estudiantes compartan su red para trabajar en la sala de clases\u201d, sostiene.<\/p>\n<p><strong>Este contenido ha sido publicado originalmente por La Tercera (Chile) en la siguiente direcci\u00f3n: <a href=\"http:\/\/latercera.com\" target=\"_blank\" rel=\"noopener\">latercera.com<\/a><\/strong><\/p>\n\t\t<div class=\"pk-inline-posts\">\n\t\t\t\n\t\t\t<div class=\"pk-inline-posts-container pk-inline-posts-template-list\"\n\t\t\t\tdata-columns=\"1\">\n\t\t\t\t\t\t<article id=\"post-114355\" class=\"post-114355 post type-post status-publish format-standard has-post-thumbnail category-docentes category-noticias-pedagogia category-pedagogia tag-derechos-del-nino tag-docentes-en-redes-sociales tag-educacion-responsable tag-etica-docente tag-legislacion-educativa tag-privacidad-infantil tag-profesores-influencers tag-proteccion-de-datos tag-uso-de-imagen cs-entry cs-video-wrap\">\n\t\t\t<div class=\"pk-post-outer\">\n\n\t\t\t\t\t\t\t\t<div class=\"pk-post-inner\">\n\t\t\t\t\t<div class=\"entry-thumbnail\">\n\t\t\t\t\t\t<div class=\"pk-overlay pk-overlay-ratio pk-ratio-landscape\">\n\t\t\t\t\t\t\t<div class=\"pk-overlay-background\">\n\t\t\t\t\t\t\t\t<a href=\"https:\/\/webdelmaestrocmf.com\/portal\/atencion-profesores-tiktokers-por-que-no-pueden-usar-imagenes-fotos-de-sus-estudiantes-en-redes-sociales-personales\/\" class=\"pk-overlay-link\">\n\t\t\t\t\t\t\t\t\t<img loading=\"lazy\" decoding=\"async\" width=\"300\" height=\"225\" src=\"https:\/\/webdelmaestrocmf.com\/portal\/wp-content\/uploads\/2025\/12\/1A-Banner-1-portada-imagen-10-1-copia-1-18-300x225.webp\" class=\"attachment-pk-thumbnail size-pk-thumbnail wp-post-image\" alt=\"\" \/>\t\t\t\t\t\t\t\t<\/a>\n\t\t\t\t\t\t\t<\/div>\n\t\t\t\t\t\t<\/div>\n\t\t\t\t\t<\/div>\n\t\t\t\t<\/div>\n\t\t\t\t\n\t\t\t\t<div class=\"pk-post-inner\">\n\t\t\t\t\t<header>\n\t\t\t\t\t\t<h3 class=\"pk-title\"><a href=\"https:\/\/webdelmaestrocmf.com\/portal\/atencion-profesores-tiktokers-por-que-no-pueden-usar-imagenes-fotos-de-sus-estudiantes-en-redes-sociales-personales\/\" rel=\"bookmark\">Atenci\u00f3n, profesores tiktokers: por qu\u00e9 no pueden usar im\u00e1genes (fotos) de sus estudiantes en redes sociales personales<\/a><\/h3>\t\t\t\t\t<\/header><!-- .entry-header -->\n\t\t\t\t<\/div><!-- .post-inner -->\n\n\t\t\t<\/div><!-- .post-outer -->\n\t\t<\/article>\n\t\t\t\t<\/div>\n\t\t<\/div>\n\t\t\n","protected":false},"excerpt":{"rendered":"Extenuantes jornadas de estudiantes frente a clases online, poca participaci\u00f3n de los alumnos, nulos espacios para afianzar los&hellip;","protected":false},"author":1,"featured_media":62617,"comment_status":"open","ping_status":"closed","sticky":false,"template":"","format":"standard","meta":{"csco_display_header_overlay":false,"csco_singular_sidebar":"default","csco_page_header_type":"default","csco_page_load_nextpost":"default","csco_post_video_location":[],"csco_post_video_location_hash":"","csco_post_video_url":"","csco_post_video_bg_start_time":0,"csco_post_video_bg_end_time":0,"csco_post_video_bg_volume":false,"_jetpack_memberships_contains_paid_content":false,"footnotes":""},"categories":[5375,735],"tags":[692,55,1707,6874,4728,1182,6875,5419,5043,6348,6169],"class_list":{"0":"post-62614","1":"post","2":"type-post","3":"status-publish","4":"format-standard","5":"has-post-thumbnail","7":"category-noticias-pedagogia","8":"category-pedagogia","9":"tag-clase","10":"tag-educacion","11":"tag-expertos","12":"tag-falla","13":"tag-implementacion","14":"tag-online","15":"tag-origen","16":"tag-presencial","17":"tag-programas","18":"tag-replicar","19":"tag-virtualidad","20":"cs-entry","21":"cs-video-wrap"},"yoast_head":"<!-- This site is optimized with the Yoast SEO plugin v27.5 - https:\/\/yoast.com\/product\/yoast-seo-wordpress\/ -->\n<title>Seg\u00fan los expertos, la implementaci\u00f3n de los programas de educaci\u00f3n online han tenido una falla de origen: replicar la clase presencial en la virtualidad - 2026<\/title>\n<meta name=\"description\" content=\"Sobre ello, Jessica Bast\u00edas, acad\u00e9mica de Educaci\u00f3n Diferencial y especialista en el uso de las tecnolog\u00edas de aprendizaje de la USS...\" \/>\n<meta name=\"robots\" content=\"index, follow, max-snippet:-1, max-image-preview:large, max-video-preview:-1\" \/>\n<link rel=\"canonical\" href=\"https:\/\/webdelmaestrocmf.com\/portal\/segun-los-expertos-la-implementacion-de-los-programas-de-educacion-online-han-tenido-una-falla-de-origen-replicar-la-clase-presencial-en-la-virtualidad\/\" \/>\n<meta property=\"og:locale\" content=\"es_ES\" \/>\n<meta property=\"og:type\" content=\"article\" \/>\n<meta property=\"og:title\" content=\"Seg\u00fan los expertos, la implementaci\u00f3n de los programas de educaci\u00f3n online han tenido una falla de origen: replicar la clase presencial en la virtualidad - 2026\" \/>\n<meta property=\"og:description\" content=\"Sobre ello, Jessica Bast\u00edas, acad\u00e9mica de Educaci\u00f3n Diferencial y especialista en el uso de las tecnolog\u00edas de aprendizaje de la USS...\" \/>\n<meta property=\"og:url\" content=\"https:\/\/webdelmaestrocmf.com\/portal\/segun-los-expertos-la-implementacion-de-los-programas-de-educacion-online-han-tenido-una-falla-de-origen-replicar-la-clase-presencial-en-la-virtualidad\/\" \/>\n<meta property=\"og:site_name\" content=\"Web del Maestro CMF\" \/>\n<meta property=\"article:publisher\" content=\"https:\/\/www.facebook.com\/WebdelMaestroCMF\/\" \/>\n<meta property=\"article:author\" content=\"https:\/\/www.facebook.com\/WebdelMaestroCMF\/\" \/>\n<meta property=\"article:published_time\" content=\"2021-05-06T22:18:11+00:00\" \/>\n<meta property=\"article:modified_time\" content=\"2021-05-07T14:29:08+00:00\" \/>\n<meta property=\"og:image\" content=\"https:\/\/i0.wp.com\/webdelmaestrocmf.com\/portal\/wp-content\/uploads\/2021\/05\/1-36.jpg?fit=1100%2C680&ssl=1\" \/>\n\t<meta property=\"og:image:width\" content=\"1100\" \/>\n\t<meta property=\"og:image:height\" content=\"680\" \/>\n\t<meta property=\"og:image:type\" content=\"image\/jpeg\" \/>\n<meta name=\"author\" content=\"Web del Maestro CMF\" \/>\n<meta name=\"twitter:card\" content=\"summary_large_image\" \/>\n<meta name=\"twitter:creator\" content=\"@cmf_w\" \/>\n<meta name=\"twitter:site\" content=\"@cmf_w\" \/>\n<script type=\"application\/ld+json\" class=\"yoast-schema-graph\">{\"@context\":\"https:\\\/\\\/schema.org\",\"@graph\":[{\"@type\":\"ScholarlyArticle\",\"@id\":\"https:\\\/\\\/webdelmaestrocmf.com\\\/portal\\\/segun-los-expertos-la-implementacion-de-los-programas-de-educacion-online-han-tenido-una-falla-de-origen-replicar-la-clase-presencial-en-la-virtualidad\\\/#article\",\"isPartOf\":{\"@id\":\"https:\\\/\\\/webdelmaestrocmf.com\\\/portal\\\/segun-los-expertos-la-implementacion-de-los-programas-de-educacion-online-han-tenido-una-falla-de-origen-replicar-la-clase-presencial-en-la-virtualidad\\\/\"},\"author\":{\"name\":\"Web del Maestro CMF\",\"@id\":\"https:\\\/\\\/webdelmaestrocmf.com\\\/portal\\\/#\\\/schema\\\/person\\\/1072a2ed7bd960df8ef99a551fa35dc5\"},\"headline\":\"Seg\u00fan los expertos, la implementaci\u00f3n de los programas de educaci\u00f3n online han tenido una falla de origen: replicar la clase presencial en la virtualidad\",\"datePublished\":\"2021-05-06T22:18:11+00:00\",\"dateModified\":\"2021-05-07T14:29:08+00:00\",\"mainEntityOfPage\":{\"@id\":\"https:\\\/\\\/webdelmaestrocmf.com\\\/portal\\\/segun-los-expertos-la-implementacion-de-los-programas-de-educacion-online-han-tenido-una-falla-de-origen-replicar-la-clase-presencial-en-la-virtualidad\\\/\"},\"wordCount\":1569,\"commentCount\":0,\"publisher\":{\"@id\":\"https:\\\/\\\/webdelmaestrocmf.com\\\/portal\\\/#organization\"},\"image\":{\"@id\":\"https:\\\/\\\/webdelmaestrocmf.com\\\/portal\\\/segun-los-expertos-la-implementacion-de-los-programas-de-educacion-online-han-tenido-una-falla-de-origen-replicar-la-clase-presencial-en-la-virtualidad\\\/#primaryimage\"},\"thumbnailUrl\":\"https:\\\/\\\/webdelmaestrocmf.com\\\/portal\\\/wp-content\\\/uploads\\\/2021\\\/05\\\/1-36.jpg\",\"keywords\":[\"CLASE\",\"EDUCACI\u00d3N\",\"EXPERTOS\",\"falla\",\"implementaci\u00f3n\",\"ONLINE\",\"origen\",\"presencial\",\"programas\",\"replicar\",\"virtualidad\"],\"articleSection\":[\"Noticias\",\"Recursos\"],\"inLanguage\":\"es\",\"potentialAction\":[{\"@type\":\"CommentAction\",\"name\":\"Comment\",\"target\":[\"https:\\\/\\\/webdelmaestrocmf.com\\\/portal\\\/segun-los-expertos-la-implementacion-de-los-programas-de-educacion-online-han-tenido-una-falla-de-origen-replicar-la-clase-presencial-en-la-virtualidad\\\/#respond\"]}]},{\"@type\":\"WebPage\",\"@id\":\"https:\\\/\\\/webdelmaestrocmf.com\\\/portal\\\/segun-los-expertos-la-implementacion-de-los-programas-de-educacion-online-han-tenido-una-falla-de-origen-replicar-la-clase-presencial-en-la-virtualidad\\\/\",\"url\":\"https:\\\/\\\/webdelmaestrocmf.com\\\/portal\\\/segun-los-expertos-la-implementacion-de-los-programas-de-educacion-online-han-tenido-una-falla-de-origen-replicar-la-clase-presencial-en-la-virtualidad\\\/\",\"name\":\"Seg\u00fan los expertos, la implementaci\u00f3n de los programas de educaci\u00f3n online han tenido una falla de origen: replicar la clase presencial en la virtualidad - 2026\",\"isPartOf\":{\"@id\":\"https:\\\/\\\/webdelmaestrocmf.com\\\/portal\\\/#website\"},\"primaryImageOfPage\":{\"@id\":\"https:\\\/\\\/webdelmaestrocmf.com\\\/portal\\\/segun-los-expertos-la-implementacion-de-los-programas-de-educacion-online-han-tenido-una-falla-de-origen-replicar-la-clase-presencial-en-la-virtualidad\\\/#primaryimage\"},\"image\":{\"@id\":\"https:\\\/\\\/webdelmaestrocmf.com\\\/portal\\\/segun-los-expertos-la-implementacion-de-los-programas-de-educacion-online-han-tenido-una-falla-de-origen-replicar-la-clase-presencial-en-la-virtualidad\\\/#primaryimage\"},\"thumbnailUrl\":\"https:\\\/\\\/webdelmaestrocmf.com\\\/portal\\\/wp-content\\\/uploads\\\/2021\\\/05\\\/1-36.jpg\",\"datePublished\":\"2021-05-06T22:18:11+00:00\",\"dateModified\":\"2021-05-07T14:29:08+00:00\",\"description\":\"Sobre ello, Jessica Bast\u00edas, acad\u00e9mica de Educaci\u00f3n Diferencial y especialista en el uso de las tecnolog\u00edas de aprendizaje de la USS...\",\"breadcrumb\":{\"@id\":\"https:\\\/\\\/webdelmaestrocmf.com\\\/portal\\\/segun-los-expertos-la-implementacion-de-los-programas-de-educacion-online-han-tenido-una-falla-de-origen-replicar-la-clase-presencial-en-la-virtualidad\\\/#breadcrumb\"},\"inLanguage\":\"es\",\"potentialAction\":[{\"@type\":\"ReadAction\",\"target\":[\"https:\\\/\\\/webdelmaestrocmf.com\\\/portal\\\/segun-los-expertos-la-implementacion-de-los-programas-de-educacion-online-han-tenido-una-falla-de-origen-replicar-la-clase-presencial-en-la-virtualidad\\\/\"]}]},{\"@type\":\"ImageObject\",\"inLanguage\":\"es\",\"@id\":\"https:\\\/\\\/webdelmaestrocmf.com\\\/portal\\\/segun-los-expertos-la-implementacion-de-los-programas-de-educacion-online-han-tenido-una-falla-de-origen-replicar-la-clase-presencial-en-la-virtualidad\\\/#primaryimage\",\"url\":\"https:\\\/\\\/webdelmaestrocmf.com\\\/portal\\\/wp-content\\\/uploads\\\/2021\\\/05\\\/1-36.jpg\",\"contentUrl\":\"https:\\\/\\\/webdelmaestrocmf.com\\\/portal\\\/wp-content\\\/uploads\\\/2021\\\/05\\\/1-36.jpg\",\"width\":1100,\"height\":680},{\"@type\":\"BreadcrumbList\",\"@id\":\"https:\\\/\\\/webdelmaestrocmf.com\\\/portal\\\/segun-los-expertos-la-implementacion-de-los-programas-de-educacion-online-han-tenido-una-falla-de-origen-replicar-la-clase-presencial-en-la-virtualidad\\\/#breadcrumb\",\"itemListElement\":[{\"@type\":\"ListItem\",\"position\":1,\"name\":\"Portada\",\"item\":\"https:\\\/\\\/webdelmaestrocmf.com\\\/portal\\\/\"},{\"@type\":\"ListItem\",\"position\":2,\"name\":\"Recursos\",\"item\":\"https:\\\/\\\/webdelmaestrocmf.com\\\/portal\\\/category\\\/pedagogia\\\/\"},{\"@type\":\"ListItem\",\"position\":3,\"name\":\"Noticias\",\"item\":\"https:\\\/\\\/webdelmaestrocmf.com\\\/portal\\\/category\\\/pedagogia\\\/noticias-pedagogia\\\/\"},{\"@type\":\"ListItem\",\"position\":4,\"name\":\"Seg\u00fan los expertos, la implementaci\u00f3n de los programas de educaci\u00f3n online han tenido una falla de origen: replicar la clase presencial en la virtualidad\"}]},{\"@type\":\"WebSite\",\"@id\":\"https:\\\/\\\/webdelmaestrocmf.com\\\/portal\\\/#website\",\"url\":\"https:\\\/\\\/webdelmaestrocmf.com\\\/portal\\\/\",\"name\":\"Web del Maestro CMF\",\"description\":\"Maestros al servicio de la educaci\u00f3n\",\"publisher\":{\"@id\":\"https:\\\/\\\/webdelmaestrocmf.com\\\/portal\\\/#organization\"},\"alternateName\":\"WMCMF\",\"potentialAction\":[{\"@type\":\"SearchAction\",\"target\":{\"@type\":\"EntryPoint\",\"urlTemplate\":\"https:\\\/\\\/webdelmaestrocmf.com\\\/portal\\\/?s={search_term_string}\"},\"query-input\":{\"@type\":\"PropertyValueSpecification\",\"valueRequired\":true,\"valueName\":\"search_term_string\"}}],\"inLanguage\":\"es\"},{\"@type\":\"Organization\",\"@id\":\"https:\\\/\\\/webdelmaestrocmf.com\\\/portal\\\/#organization\",\"name\":\"Web del Maestro CMF\",\"alternateName\":\"WMCMF\",\"url\":\"https:\\\/\\\/webdelmaestrocmf.com\\\/portal\\\/\",\"logo\":{\"@type\":\"ImageObject\",\"inLanguage\":\"es\",\"@id\":\"https:\\\/\\\/webdelmaestrocmf.com\\\/portal\\\/#\\\/schema\\\/logo\\\/image\\\/\",\"url\":\"https:\\\/\\\/webdelmaestrocmf.com\\\/portal\\\/wp-content\\\/uploads\\\/2023\\\/01\\\/logo-wmcmf-2.png\",\"contentUrl\":\"https:\\\/\\\/webdelmaestrocmf.com\\\/portal\\\/wp-content\\\/uploads\\\/2023\\\/01\\\/logo-wmcmf-2.png\",\"width\":200,\"height\":60,\"caption\":\"Web del Maestro CMF\"},\"image\":{\"@id\":\"https:\\\/\\\/webdelmaestrocmf.com\\\/portal\\\/#\\\/schema\\\/logo\\\/image\\\/\"},\"sameAs\":[\"https:\\\/\\\/www.facebook.com\\\/WebdelMaestroCMF\\\/\",\"https:\\\/\\\/x.com\\\/cmf_w\",\"https:\\\/\\\/www.pinterest.com\\\/WMCMF\\\/\",\"https:\\\/\\\/www.linkedin.com\\\/company\\\/web-del-maestro-cmf\\\/\",\"https:\\\/\\\/www.instagram.com\\\/wmcmf\\\/\",\"https:\\\/\\\/www.youtube.com\\\/channel\\\/UCDPSvjbdodE5sHnC3OxutHw\",\"https:\\\/\\\/mastodon.social\\\/@wmcmf\",\"https:\\\/\\\/www.tiktok.com\\\/@webdelmaestrocmf\"]},{\"@type\":\"Person\",\"@id\":\"https:\\\/\\\/webdelmaestrocmf.com\\\/portal\\\/#\\\/schema\\\/person\\\/1072a2ed7bd960df8ef99a551fa35dc5\",\"name\":\"Web del Maestro CMF\",\"image\":{\"@type\":\"ImageObject\",\"inLanguage\":\"es\",\"@id\":\"https:\\\/\\\/secure.gravatar.com\\\/avatar\\\/23291dd5b5ae1077dcff3dbb04c3e02bd28403fa75af6d8787d5e97c5bbbe30b?s=96&d=mm&r=g\",\"url\":\"https:\\\/\\\/secure.gravatar.com\\\/avatar\\\/23291dd5b5ae1077dcff3dbb04c3e02bd28403fa75af6d8787d5e97c5bbbe30b?s=96&d=mm&r=g\",\"contentUrl\":\"https:\\\/\\\/secure.gravatar.com\\\/avatar\\\/23291dd5b5ae1077dcff3dbb04c3e02bd28403fa75af6d8787d5e97c5bbbe30b?s=96&d=mm&r=g\",\"caption\":\"Web del Maestro CMF\"},\"description\":\"Esta Web se cre\u00f3 sin fines de lucro, con fines educativos, cient\u00edficos y acad\u00e9micos, para personas que tengan dificultades y\\\/o inconvenientes en visualizar el material original. El objetivo es entregar recursos, compartir experiencias y materiales que ayuden a los padres de familia, maestros y estudiantes en su actualizaci\u00f3n y formaci\u00f3n permanente, en bien de la Educaci\u00f3n.\",\"sameAs\":[\"http:\\\/\\\/webdelmaestrocmf.com\\\/portal\",\"https:\\\/\\\/www.facebook.com\\\/WebdelMaestroCMF\\\/\",\"https:\\\/\\\/www.instagram.com\\\/wmcmf\\\/\",\"https:\\\/\\\/cl.linkedin.com\\\/company\\\/web-del-maestro-cmf\",\"https:\\\/\\\/www.pinterest.com\\\/WMCMF\\\/publicaciones\\\/\",\"https:\\\/\\\/x.com\\\/cmf_w\",\"https:\\\/\\\/www.youtube.com\\\/@WMCMF\"]}]}<\/script>\n<!-- \/ Yoast SEO plugin. -->","yoast_head_json":{"title":"Seg\u00fan los expertos, la implementaci\u00f3n de los programas de educaci\u00f3n online han tenido una falla de origen: replicar la clase presencial en la virtualidad - 2026","description":"Sobre ello, Jessica Bast\u00edas, acad\u00e9mica de Educaci\u00f3n Diferencial y especialista en el uso de las tecnolog\u00edas de aprendizaje de la USS...","robots":{"index":"index","follow":"follow","max-snippet":"max-snippet:-1","max-image-preview":"max-image-preview:large","max-video-preview":"max-video-preview:-1"},"canonical":"https:\/\/webdelmaestrocmf.com\/portal\/segun-los-expertos-la-implementacion-de-los-programas-de-educacion-online-han-tenido-una-falla-de-origen-replicar-la-clase-presencial-en-la-virtualidad\/","og_locale":"es_ES","og_type":"article","og_title":"Seg\u00fan los expertos, la implementaci\u00f3n de los programas de educaci\u00f3n online han tenido una falla de origen: replicar la clase presencial en la virtualidad - 2026","og_description":"Sobre ello, Jessica Bast\u00edas, acad\u00e9mica de Educaci\u00f3n Diferencial y especialista en el uso de las tecnolog\u00edas de aprendizaje de la USS...","og_url":"https:\/\/webdelmaestrocmf.com\/portal\/segun-los-expertos-la-implementacion-de-los-programas-de-educacion-online-han-tenido-una-falla-de-origen-replicar-la-clase-presencial-en-la-virtualidad\/","og_site_name":"Web del Maestro CMF","article_publisher":"https:\/\/www.facebook.com\/WebdelMaestroCMF\/","article_author":"https:\/\/www.facebook.com\/WebdelMaestroCMF\/","article_published_time":"2021-05-06T22:18:11+00:00","article_modified_time":"2021-05-07T14:29:08+00:00","og_image":[{"width":1100,"height":680,"url":"https:\/\/i0.wp.com\/webdelmaestrocmf.com\/portal\/wp-content\/uploads\/2021\/05\/1-36.jpg?fit=1100%2C680&ssl=1","type":"image\/jpeg"}],"author":"Web del Maestro CMF","twitter_card":"summary_large_image","twitter_creator":"@cmf_w","twitter_site":"@cmf_w","schema":{"@context":"https:\/\/schema.org","@graph":[{"@type":"ScholarlyArticle","@id":"https:\/\/webdelmaestrocmf.com\/portal\/segun-los-expertos-la-implementacion-de-los-programas-de-educacion-online-han-tenido-una-falla-de-origen-replicar-la-clase-presencial-en-la-virtualidad\/#article","isPartOf":{"@id":"https:\/\/webdelmaestrocmf.com\/portal\/segun-los-expertos-la-implementacion-de-los-programas-de-educacion-online-han-tenido-una-falla-de-origen-replicar-la-clase-presencial-en-la-virtualidad\/"},"author":{"name":"Web del Maestro CMF","@id":"https:\/\/webdelmaestrocmf.com\/portal\/#\/schema\/person\/1072a2ed7bd960df8ef99a551fa35dc5"},"headline":"Seg\u00fan los expertos, la implementaci\u00f3n de los programas de educaci\u00f3n online han tenido una falla de origen: replicar la clase presencial en la virtualidad","datePublished":"2021-05-06T22:18:11+00:00","dateModified":"2021-05-07T14:29:08+00:00","mainEntityOfPage":{"@id":"https:\/\/webdelmaestrocmf.com\/portal\/segun-los-expertos-la-implementacion-de-los-programas-de-educacion-online-han-tenido-una-falla-de-origen-replicar-la-clase-presencial-en-la-virtualidad\/"},"wordCount":1569,"commentCount":0,"publisher":{"@id":"https:\/\/webdelmaestrocmf.com\/portal\/#organization"},"image":{"@id":"https:\/\/webdelmaestrocmf.com\/portal\/segun-los-expertos-la-implementacion-de-los-programas-de-educacion-online-han-tenido-una-falla-de-origen-replicar-la-clase-presencial-en-la-virtualidad\/#primaryimage"},"thumbnailUrl":"https:\/\/webdelmaestrocmf.com\/portal\/wp-content\/uploads\/2021\/05\/1-36.jpg","keywords":["CLASE","EDUCACI\u00d3N","EXPERTOS","falla","implementaci\u00f3n","ONLINE","origen","presencial","programas","replicar","virtualidad"],"articleSection":["Noticias","Recursos"],"inLanguage":"es","potentialAction":[{"@type":"CommentAction","name":"Comment","target":["https:\/\/webdelmaestrocmf.com\/portal\/segun-los-expertos-la-implementacion-de-los-programas-de-educacion-online-han-tenido-una-falla-de-origen-replicar-la-clase-presencial-en-la-virtualidad\/#respond"]}]},{"@type":"WebPage","@id":"https:\/\/webdelmaestrocmf.com\/portal\/segun-los-expertos-la-implementacion-de-los-programas-de-educacion-online-han-tenido-una-falla-de-origen-replicar-la-clase-presencial-en-la-virtualidad\/","url":"https:\/\/webdelmaestrocmf.com\/portal\/segun-los-expertos-la-implementacion-de-los-programas-de-educacion-online-han-tenido-una-falla-de-origen-replicar-la-clase-presencial-en-la-virtualidad\/","name":"Seg\u00fan los expertos, la implementaci\u00f3n de los programas de educaci\u00f3n online han tenido una falla de origen: replicar la clase presencial en la virtualidad - 2026","isPartOf":{"@id":"https:\/\/webdelmaestrocmf.com\/portal\/#website"},"primaryImageOfPage":{"@id":"https:\/\/webdelmaestrocmf.com\/portal\/segun-los-expertos-la-implementacion-de-los-programas-de-educacion-online-han-tenido-una-falla-de-origen-replicar-la-clase-presencial-en-la-virtualidad\/#primaryimage"},"image":{"@id":"https:\/\/webdelmaestrocmf.com\/portal\/segun-los-expertos-la-implementacion-de-los-programas-de-educacion-online-han-tenido-una-falla-de-origen-replicar-la-clase-presencial-en-la-virtualidad\/#primaryimage"},"thumbnailUrl":"https:\/\/webdelmaestrocmf.com\/portal\/wp-content\/uploads\/2021\/05\/1-36.jpg","datePublished":"2021-05-06T22:18:11+00:00","dateModified":"2021-05-07T14:29:08+00:00","description":"Sobre ello, Jessica Bast\u00edas, acad\u00e9mica de Educaci\u00f3n Diferencial y especialista en el uso de las tecnolog\u00edas de aprendizaje de la USS...","breadcrumb":{"@id":"https:\/\/webdelmaestrocmf.com\/portal\/segun-los-expertos-la-implementacion-de-los-programas-de-educacion-online-han-tenido-una-falla-de-origen-replicar-la-clase-presencial-en-la-virtualidad\/#breadcrumb"},"inLanguage":"es","potentialAction":[{"@type":"ReadAction","target":["https:\/\/webdelmaestrocmf.com\/portal\/segun-los-expertos-la-implementacion-de-los-programas-de-educacion-online-han-tenido-una-falla-de-origen-replicar-la-clase-presencial-en-la-virtualidad\/"]}]},{"@type":"ImageObject","inLanguage":"es","@id":"https:\/\/webdelmaestrocmf.com\/portal\/segun-los-expertos-la-implementacion-de-los-programas-de-educacion-online-han-tenido-una-falla-de-origen-replicar-la-clase-presencial-en-la-virtualidad\/#primaryimage","url":"https:\/\/webdelmaestrocmf.com\/portal\/wp-content\/uploads\/2021\/05\/1-36.jpg","contentUrl":"https:\/\/webdelmaestrocmf.com\/portal\/wp-content\/uploads\/2021\/05\/1-36.jpg","width":1100,"height":680},{"@type":"BreadcrumbList","@id":"https:\/\/webdelmaestrocmf.com\/portal\/segun-los-expertos-la-implementacion-de-los-programas-de-educacion-online-han-tenido-una-falla-de-origen-replicar-la-clase-presencial-en-la-virtualidad\/#breadcrumb","itemListElement":[{"@type":"ListItem","position":1,"name":"Portada","item":"https:\/\/webdelmaestrocmf.com\/portal\/"},{"@type":"ListItem","position":2,"name":"Recursos","item":"https:\/\/webdelmaestrocmf.com\/portal\/category\/pedagogia\/"},{"@type":"ListItem","position":3,"name":"Noticias","item":"https:\/\/webdelmaestrocmf.com\/portal\/category\/pedagogia\/noticias-pedagogia\/"},{"@type":"ListItem","position":4,"name":"Seg\u00fan los expertos, la implementaci\u00f3n de los programas de educaci\u00f3n online han tenido una falla de origen: replicar la clase presencial en la virtualidad"}]},{"@type":"WebSite","@id":"https:\/\/webdelmaestrocmf.com\/portal\/#website","url":"https:\/\/webdelmaestrocmf.com\/portal\/","name":"Web del Maestro CMF","description":"Maestros al servicio de la educaci\u00f3n","publisher":{"@id":"https:\/\/webdelmaestrocmf.com\/portal\/#organization"},"alternateName":"WMCMF","potentialAction":[{"@type":"SearchAction","target":{"@type":"EntryPoint","urlTemplate":"https:\/\/webdelmaestrocmf.com\/portal\/?s={search_term_string}"},"query-input":{"@type":"PropertyValueSpecification","valueRequired":true,"valueName":"search_term_string"}}],"inLanguage":"es"},{"@type":"Organization","@id":"https:\/\/webdelmaestrocmf.com\/portal\/#organization","name":"Web del Maestro CMF","alternateName":"WMCMF","url":"https:\/\/webdelmaestrocmf.com\/portal\/","logo":{"@type":"ImageObject","inLanguage":"es","@id":"https:\/\/webdelmaestrocmf.com\/portal\/#\/schema\/logo\/image\/","url":"https:\/\/webdelmaestrocmf.com\/portal\/wp-content\/uploads\/2023\/01\/logo-wmcmf-2.png","contentUrl":"https:\/\/webdelmaestrocmf.com\/portal\/wp-content\/uploads\/2023\/01\/logo-wmcmf-2.png","width":200,"height":60,"caption":"Web del Maestro CMF"},"image":{"@id":"https:\/\/webdelmaestrocmf.com\/portal\/#\/schema\/logo\/image\/"},"sameAs":["https:\/\/www.facebook.com\/WebdelMaestroCMF\/","https:\/\/x.com\/cmf_w","https:\/\/www.pinterest.com\/WMCMF\/","https:\/\/www.linkedin.com\/company\/web-del-maestro-cmf\/","https:\/\/www.instagram.com\/wmcmf\/","https:\/\/www.youtube.com\/channel\/UCDPSvjbdodE5sHnC3OxutHw","https:\/\/mastodon.social\/@wmcmf","https:\/\/www.tiktok.com\/@webdelmaestrocmf"]},{"@type":"Person","@id":"https:\/\/webdelmaestrocmf.com\/portal\/#\/schema\/person\/1072a2ed7bd960df8ef99a551fa35dc5","name":"Web del Maestro CMF","image":{"@type":"ImageObject","inLanguage":"es","@id":"https:\/\/secure.gravatar.com\/avatar\/23291dd5b5ae1077dcff3dbb04c3e02bd28403fa75af6d8787d5e97c5bbbe30b?s=96&d=mm&r=g","url":"https:\/\/secure.gravatar.com\/avatar\/23291dd5b5ae1077dcff3dbb04c3e02bd28403fa75af6d8787d5e97c5bbbe30b?s=96&d=mm&r=g","contentUrl":"https:\/\/secure.gravatar.com\/avatar\/23291dd5b5ae1077dcff3dbb04c3e02bd28403fa75af6d8787d5e97c5bbbe30b?s=96&d=mm&r=g","caption":"Web del Maestro CMF"},"description":"Esta Web se cre\u00f3 sin fines de lucro, con fines educativos, cient\u00edficos y acad\u00e9micos, para personas que tengan dificultades y\/o inconvenientes en visualizar el material original. El objetivo es entregar recursos, compartir experiencias y materiales que ayuden a los padres de familia, maestros y estudiantes en su actualizaci\u00f3n y formaci\u00f3n permanente, en bien de la Educaci\u00f3n.","sameAs":["http:\/\/webdelmaestrocmf.com\/portal","https:\/\/www.facebook.com\/WebdelMaestroCMF\/","https:\/\/www.instagram.com\/wmcmf\/","https:\/\/cl.linkedin.com\/company\/web-del-maestro-cmf","https:\/\/www.pinterest.com\/WMCMF\/publicaciones\/","https:\/\/x.com\/cmf_w","https:\/\/www.youtube.com\/@WMCMF"]}]}},"jetpack_featured_media_url":"https:\/\/webdelmaestrocmf.com\/portal\/wp-content\/uploads\/2021\/05\/1-36.jpg","jetpack_sharing_enabled":true,"jetpack-related-posts":[{"id":65203,"url":"https:\/\/webdelmaestrocmf.com\/portal\/baul-del-docente-estrategias-educativas-para-la-educacion-virtual\/","url_meta":{"origin":62614,"position":0},"title":"[Ba\u00fal del docente] Estrategias educativas para la educaci\u00f3n virtual","author":"Web del Maestro CMF","date":"14 julio, 2021","format":false,"excerpt":"Estimados docentes: Nos escriben desde diversos pa\u00edses de la regi\u00f3n \u2013Argentina, Venezuela, Colombia, Per\u00fa- solicitando apoyo para encontrar buenas estrategias educativas que ayuden a que nuestras clases virtuales sean m\u00e1s efectivas, capten la atenci\u00f3n de alumnos generalmente dispersos en contextos digitales y, lo m\u00e1s importante, para que el acto de\u2026","rel":"","context":"En \u00abZ-Colaboradores\u00bb","block_context":{"text":"Z-Colaboradores","link":"https:\/\/webdelmaestrocmf.com\/portal\/category\/colaborador\/"},"img":{"alt_text":"","src":"https:\/\/i0.wp.com\/webdelmaestrocmf.com\/portal\/wp-content\/uploads\/2021\/07\/1-53.jpg?resize=350%2C200&ssl=1","width":350,"height":200,"srcset":"https:\/\/i0.wp.com\/webdelmaestrocmf.com\/portal\/wp-content\/uploads\/2021\/07\/1-53.jpg?resize=350%2C200&ssl=1 1x, https:\/\/i0.wp.com\/webdelmaestrocmf.com\/portal\/wp-content\/uploads\/2021\/07\/1-53.jpg?resize=525%2C300&ssl=1 1.5x, https:\/\/i0.wp.com\/webdelmaestrocmf.com\/portal\/wp-content\/uploads\/2021\/07\/1-53.jpg?resize=700%2C400&ssl=1 2x, https:\/\/i0.wp.com\/webdelmaestrocmf.com\/portal\/wp-content\/uploads\/2021\/07\/1-53.jpg?resize=1050%2C600&ssl=1 3x"},"classes":[]},{"id":64910,"url":"https:\/\/webdelmaestrocmf.com\/portal\/estudio-realizado-en-colombia-mexico-y-peru-muestra-que-solo-el-35-de-los-padres-se-sienten-satisfechos-con-la-educacion-en-linea\/","url_meta":{"origin":62614,"position":1},"title":"Estudio realizado en Colombia, M\u00e9xico y Per\u00fa muestra que solo el 35% de los padres se sienten satisfechos con la educaci\u00f3n en l\u00ednea","author":"Web del Maestro CMF","date":"8 julio, 2021","format":false,"excerpt":"Desde el comienzo de la pandemia se evidenciaron sus efectos en la educaci\u00f3n de los colombianos con el cierre de colegios y universidades, y con la necesidad de adoptar esquemas virtuales para que los estudiantes de educaci\u00f3n b\u00e1sica y media pudieran continuar con sus estudios. Sin embargo, el reciente estudio\u2026","rel":"","context":"En \u00abNoticias\u00bb","block_context":{"text":"Noticias","link":"https:\/\/webdelmaestrocmf.com\/portal\/category\/pedagogia\/noticias-pedagogia\/"},"img":{"alt_text":"","src":"https:\/\/i0.wp.com\/webdelmaestrocmf.com\/portal\/wp-content\/uploads\/2021\/07\/1-17.jpg?resize=350%2C200&ssl=1","width":350,"height":200,"srcset":"https:\/\/i0.wp.com\/webdelmaestrocmf.com\/portal\/wp-content\/uploads\/2021\/07\/1-17.jpg?resize=350%2C200&ssl=1 1x, https:\/\/i0.wp.com\/webdelmaestrocmf.com\/portal\/wp-content\/uploads\/2021\/07\/1-17.jpg?resize=525%2C300&ssl=1 1.5x, https:\/\/i0.wp.com\/webdelmaestrocmf.com\/portal\/wp-content\/uploads\/2021\/07\/1-17.jpg?resize=700%2C400&ssl=1 2x, https:\/\/i0.wp.com\/webdelmaestrocmf.com\/portal\/wp-content\/uploads\/2021\/07\/1-17.jpg?resize=1050%2C600&ssl=1 3x"},"classes":[]},{"id":46068,"url":"https:\/\/webdelmaestrocmf.com\/portal\/10-tecnicas-y-estrategias-didacticas-para-mejorar-tus-clases-virtuales\/","url_meta":{"origin":62614,"position":2},"title":"T\u00e9cnicas y estrategias did\u00e1cticas para mejorar tus clases virtuales o hibridas","author":"Web del Maestro CMF","date":"2 abril, 2020","format":false,"excerpt":"Aunque tiene bastantes puntos en com\u00fan con la ense\u00f1anza tradicional o presencial, la educaci\u00f3n virtual requiere otro tipo de t\u00e9cnicas y herramientas para que ofrezca los resultados esperados. Ser un docente online no es solo cambiar una clase presencial por una online, enviar documentos electr\u00f3nicos o crear foros para mostrar\u2026","rel":"","context":"En \u00abInformativo\u00bb","block_context":{"text":"Informativo","link":"https:\/\/webdelmaestrocmf.com\/portal\/category\/tecnologia\/informativo-tecnologia\/"},"img":{"alt_text":"T\u00e9cnicas y estrategias did\u00e1cticas para mejorar tus clases virtuales o hibridas","src":"https:\/\/i0.wp.com\/webdelmaestrocmf.com\/portal\/wp-content\/uploads\/2020\/04\/3-7.jpg?resize=350%2C200&ssl=1","width":350,"height":200,"srcset":"https:\/\/i0.wp.com\/webdelmaestrocmf.com\/portal\/wp-content\/uploads\/2020\/04\/3-7.jpg?resize=350%2C200&ssl=1 1x, https:\/\/i0.wp.com\/webdelmaestrocmf.com\/portal\/wp-content\/uploads\/2020\/04\/3-7.jpg?resize=525%2C300&ssl=1 1.5x, https:\/\/i0.wp.com\/webdelmaestrocmf.com\/portal\/wp-content\/uploads\/2020\/04\/3-7.jpg?resize=700%2C400&ssl=1 2x, https:\/\/i0.wp.com\/webdelmaestrocmf.com\/portal\/wp-content\/uploads\/2020\/04\/3-7.jpg?resize=1050%2C600&ssl=1 3x"},"classes":[]},{"id":53550,"url":"https:\/\/webdelmaestrocmf.com\/portal\/pack-gratuito-de-guias-y-manuales-para-la-creacion-de-cursos-virtuales-indispensable-para-docentes-2020-2021\/","url_meta":{"origin":62614,"position":3},"title":"Pack gratuito de gu\u00edas y manuales para la creaci\u00f3n de Cursos Virtuales, indispensable para docentes 2020 &#8211; 2021","author":"Web del Maestro CMF","date":"27 octubre, 2020","format":false,"excerpt":"\u00bfC\u00f3mo crear un curso online? Si te est\u00e1s planteando esta misma pregunta, es porque est\u00e1s interesado en ofrecer y organizar formaciones valiendote de los recursos que ofrece internet y los canales en los que tengas presencia. En este post vas a resolver todas tus dudas acerca de c\u00f3mo crear un\u2026","rel":"","context":"En \u00abSoftware\u00bb","block_context":{"text":"Software","link":"https:\/\/webdelmaestrocmf.com\/portal\/category\/tecnologia\/software\/"},"img":{"alt_text":"","src":"https:\/\/i0.wp.com\/webdelmaestrocmf.com\/portal\/wp-content\/uploads\/2020\/10\/1-13.jpeg?resize=350%2C200&ssl=1","width":350,"height":200,"srcset":"https:\/\/i0.wp.com\/webdelmaestrocmf.com\/portal\/wp-content\/uploads\/2020\/10\/1-13.jpeg?resize=350%2C200&ssl=1 1x, https:\/\/i0.wp.com\/webdelmaestrocmf.com\/portal\/wp-content\/uploads\/2020\/10\/1-13.jpeg?resize=525%2C300&ssl=1 1.5x, https:\/\/i0.wp.com\/webdelmaestrocmf.com\/portal\/wp-content\/uploads\/2020\/10\/1-13.jpeg?resize=700%2C400&ssl=1 2x, https:\/\/i0.wp.com\/webdelmaestrocmf.com\/portal\/wp-content\/uploads\/2020\/10\/1-13.jpeg?resize=1050%2C600&ssl=1 3x"},"classes":[]},{"id":65063,"url":"https:\/\/webdelmaestrocmf.com\/portal\/estrategias-para-la-educacion-hibrida-prepara-tus-clases-con-estas-guias-de-actividades\/","url_meta":{"origin":62614,"position":4},"title":"Estrategias para la educaci\u00f3n h\u00edbrida: prepara tus clases con estas gu\u00edas de actividades","author":"Web del Maestro CMF","date":"11 julio, 2021","format":false,"excerpt":"El futuro de la educaci\u00f3n es hoy, \u00bfEst\u00e1 listo tu colegio para volver a clases en la nueva normalidad? No s\u00f3lo es necesario implementar tecnolog\u00eda en el aula, sino adoptar una metodolog\u00eda que nos ayude a que el aprendizaje sea significativo para los alumnos que estar\u00e1n en el pupitre como\u2026","rel":"","context":"En \u00abHibrida\u00bb","block_context":{"text":"Hibrida","link":"https:\/\/webdelmaestrocmf.com\/portal\/category\/pedagogia\/hibrida\/"},"img":{"alt_text":"","src":"https:\/\/i0.wp.com\/webdelmaestrocmf.com\/portal\/wp-content\/uploads\/2021\/07\/1-75.jpeg?resize=350%2C200&ssl=1","width":350,"height":200,"srcset":"https:\/\/i0.wp.com\/webdelmaestrocmf.com\/portal\/wp-content\/uploads\/2021\/07\/1-75.jpeg?resize=350%2C200&ssl=1 1x, https:\/\/i0.wp.com\/webdelmaestrocmf.com\/portal\/wp-content\/uploads\/2021\/07\/1-75.jpeg?resize=525%2C300&ssl=1 1.5x, https:\/\/i0.wp.com\/webdelmaestrocmf.com\/portal\/wp-content\/uploads\/2021\/07\/1-75.jpeg?resize=700%2C400&ssl=1 2x, https:\/\/i0.wp.com\/webdelmaestrocmf.com\/portal\/wp-content\/uploads\/2021\/07\/1-75.jpeg?resize=1050%2C600&ssl=1 3x"},"classes":[]},{"id":63886,"url":"https:\/\/webdelmaestrocmf.com\/portal\/3-alternativas-de-clases-hibridas-que-puede-aplicar-en-su-regreso-a-clases-presenciales\/","url_meta":{"origin":62614,"position":5},"title":"3 alternativas de clases h\u00edbridas que puede aplicar","author":"Web del Maestro CMF","date":"10 junio, 2021","format":false,"excerpt":"as clases h\u00edbridas han surgido como una respuesta innovadora a los desaf\u00edos educativos planteados por la pandemia de COVID-19 y la necesidad de adaptar los m\u00e9todos de ense\u00f1anza al aprendizaje en l\u00ednea. Esta modalidad combina elementos de la educaci\u00f3n presencial y la educaci\u00f3n a distancia, brindando a los estudiantes la\u2026","rel":"","context":"En \u00abAprendizaje h\u00edbrido\u00bb","block_context":{"text":"Aprendizaje h\u00edbrido","link":"https:\/\/webdelmaestrocmf.com\/portal\/category\/pedagogia\/aprendizaje-hibrido\/"},"img":{"alt_text":"","src":"https:\/\/i0.wp.com\/webdelmaestrocmf.com\/portal\/wp-content\/uploads\/2021\/06\/1-13.jpg?resize=350%2C200&ssl=1","width":350,"height":200,"srcset":"https:\/\/i0.wp.com\/webdelmaestrocmf.com\/portal\/wp-content\/uploads\/2021\/06\/1-13.jpg?resize=350%2C200&ssl=1 1x, https:\/\/i0.wp.com\/webdelmaestrocmf.com\/portal\/wp-content\/uploads\/2021\/06\/1-13.jpg?resize=525%2C300&ssl=1 1.5x, https:\/\/i0.wp.com\/webdelmaestrocmf.com\/portal\/wp-content\/uploads\/2021\/06\/1-13.jpg?resize=700%2C400&ssl=1 2x, https:\/\/i0.wp.com\/webdelmaestrocmf.com\/portal\/wp-content\/uploads\/2021\/06\/1-13.jpg?resize=1050%2C600&ssl=1 3x"},"classes":[]}],"_links":{"self":[{"href":"https:\/\/webdelmaestrocmf.com\/portal\/wp-json\/wp\/v2\/posts\/62614","targetHints":{"allow":["GET"]}}],"collection":[{"href":"https:\/\/webdelmaestrocmf.com\/portal\/wp-json\/wp\/v2\/posts"}],"about":[{"href":"https:\/\/webdelmaestrocmf.com\/portal\/wp-json\/wp\/v2\/types\/post"}],"author":[{"embeddable":true,"href":"https:\/\/webdelmaestrocmf.com\/portal\/wp-json\/wp\/v2\/users\/1"}],"replies":[{"embeddable":true,"href":"https:\/\/webdelmaestrocmf.com\/portal\/wp-json\/wp\/v2\/comments?post=62614"}],"version-history":[{"count":0,"href":"https:\/\/webdelmaestrocmf.com\/portal\/wp-json\/wp\/v2\/posts\/62614\/revisions"}],"wp:featuredmedia":[{"embeddable":true,"href":"https:\/\/webdelmaestrocmf.com\/portal\/wp-json\/wp\/v2\/media\/62617"}],"wp:attachment":[{"href":"https:\/\/webdelmaestrocmf.com\/portal\/wp-json\/wp\/v2\/media?parent=62614"}],"wp:term":[{"taxonomy":"category","embeddable":true,"href":"https:\/\/webdelmaestrocmf.com\/portal\/wp-json\/wp\/v2\/categories?post=62614"},{"taxonomy":"post_tag","embeddable":true,"href":"https:\/\/webdelmaestrocmf.com\/portal\/wp-json\/wp\/v2\/tags?post=62614"}],"curies":[{"name":"wp","href":"https:\/\/api.w.org\/{rel}","templated":true}]}}