{"id":62182,"date":"2021-04-25T15:55:49","date_gmt":"2021-04-25T19:55:49","guid":{"rendered":"https:\/\/webdelmaestrocmf.com\/portal\/?p=62182"},"modified":"2021-04-26T19:21:21","modified_gmt":"2021-04-26T23:21:21","slug":"jorge-luis-tineo-tabletas-como-aprovechar-su-uso-educativo","status":"publish","type":"post","link":"https:\/\/webdelmaestrocmf.com\/portal\/jorge-luis-tineo-tabletas-como-aprovechar-su-uso-educativo\/","title":{"rendered":"[Ba\u00fal del Docente] Tabletas: \u00bfC\u00f3mo aprovechar su uso educativo?"},"content":{"rendered":"<h5 style=\"text-align: justify;\">Estimados docentes: Las tabletas y su uso en la educaci\u00f3n no son novedades. Lo que s\u00ed es reciente es que varios pa\u00edses han tenido que acelerar, a ra\u00edz del cierre de escuelas y la suspensi\u00f3n de clases presenciales, los programas de compra y distribuci\u00f3n gratuita, en colegios p\u00fablicos, de estos aparatos para apoyar la educaci\u00f3n a distancia, y de esta manera contribuir a que maestros de bajos recursos econ\u00f3micos se introduzcan en este universo nuevo de la ense\u00f1anza lejos de las aulas.<\/h5>\n<p><!--more--><\/p>\n<p style=\"text-align: justify;\">Estas tabletas, computadoras port\u00e1tiles no tan pesadas como una laptop ni tan peque\u00f1as como un Smartphone, poseen caracter\u00edsticas f\u00edsicas ideales para ser una buena herramienta para el consumo de contenidos educativos. Pero ser\u00e1 siempre una importante contribuci\u00f3n en la medida en que sea utilizada correctamente, tanto por alumnos como por maestros, y as\u00ed potencializar sus aplicaciones, capacidades y funciones.<\/p>\n<p style=\"text-align: justify;\">Aprender a usar o manejar una tableta es cosa mec\u00e1nica, operacional, como navegar por internet. Estar conectado a la red depende, en zonas rurales, alejadas y de baja conectividad, del Estado \u2013otra de las cosas a las que han debido aplicar una velocidad que, en condiciones pre-pand\u00e9micas, jam\u00e1s habr\u00edan aplicado- como una de sus responsabilidades m\u00e1s urgentes desde el punto de vista de garantizar buena educaci\u00f3n virtual para la mayor\u00eda de ni\u00f1os, ni\u00f1as y adolescentes en edad escolar.<\/p>\n<p style=\"text-align: justify;\">La cosa es qu\u00e9 hacemos con la tableta en las manos, c\u00f3mo usarla bien. Conocimientos previos, buen criterio y vocaci\u00f3n pedag\u00f3gica alturada.<\/p>\n<p style=\"text-align: justify;\">Este es el libro digital (e-book): <a href=\"https:\/\/blog.derrama.org.pe\/admaestro\/2020\/diciembre\/mobile\/index.html\" target=\"_blank\" rel=\"noopener\">Revista AD Maestro<\/a> (ir a p\u00e1ginas 50-53)<\/p>\n<p><iframe loading=\"lazy\" title=\"REVISTA AD MAESTRO - Diciembre de 2020\" src=\"https:\/\/blog.derrama.org.pe\/admaestro\/2020\/diciembre\/mobile\/index.html\" width=\"100%\" height=\"400\" frameborder=\"0\" marginwidth=\"0\" marginheight=\"0\" scrolling=\"no\" allowfullscreen=\"allowfullscreen\"><span data-mce-type=\"bookmark\" style=\"display: inline-block; width: 0px; overflow: hidden; line-height: 0;\" class=\"mce_SELRES_start\">\ufeff<\/span><span data-mce-type=\"bookmark\" style=\"display: inline-block; width: 0px; overflow: hidden; line-height: 0;\" class=\"mce_SELRES_start\">\ufeff<\/span><\/iframe><\/p>\n<h5 style=\"text-align: justify;\"><strong>EL DATO<\/strong><\/h5>\n<p style=\"text-align: justify;\">Con la aplicaci\u00f3n de las tabletas en la educaci\u00f3n entran en juego nuevos t\u00e9rminos pedag\u00f3gicos como:<\/p>\n<ul style=\"text-align: justify;\">\n<li>Ubicuidad: A diferencia de los ordenadores, con las tabletas el aprendizaje sale fuera de las aulas, y puede producirse en cualquier parte y en cualquier momento, lo que se define como ubicuidad.<\/li>\n<li>Trabajar por proyectos: El aprendizaje por proyectos se enfoca en un problema que hay que solucionar o en una tarea que se debe realizar m\u00e1s all\u00e1 del aula. La idea fundamental es la soluci\u00f3n de problemas o la realizaci\u00f3n de tareas, que se construyen sobre el trabajo realizado anteriormente, por el alumno u otras fuentes.<\/li>\n<li>El curr\u00edculum bimodal: propone abandonar el aprendizaje memor\u00edstico, manteniendo actividades de memorizaci\u00f3n de cierta cantidad de vocabulario y datos imprescindibles para manejar con soltura la materia, y actividades pr\u00e1cticas para \u201chacer\u201d cosas con apoyo documental, individualmente o en grupo, estimulando el aprendizaje y entrenamiento de destrezas orientadas a idear, planificar, buscar y gestionar la informaci\u00f3n y los datos en las nuevas redes u otras fuentes documentales (Marqu\u00e9s, 2011).<\/li>\n<li>Enfoque interdisciplinar: Que significa dejar de lado la ense\u00f1anza mec\u00e1nica y memor\u00edstica para enfocarse en un trabajo m\u00e1s complejo y utilizar un enfoque con mayor interrelaci\u00f3n del conocimiento en vez de uno por \u00e1rea o asignatura. Un enfoque que demande el trabajo cooperativo y una mayor participaci\u00f3n de los alumnos, as\u00ed como su implicaci\u00f3n y motivaci\u00f3n.<\/li>\n<\/ul>\n<p><img loading=\"lazy\" decoding=\"async\" class=\"alignnone size-large wp-image-62184\" src=\"https:\/\/webdelmaestrocmf.com\/portal\/wp-content\/uploads\/2021\/04\/1-47-953x1024.jpeg\" alt=\"\" width=\"953\" height=\"1024\" srcset=\"https:\/\/webdelmaestrocmf.com\/portal\/wp-content\/uploads\/2021\/04\/1-47-953x1024.jpeg 953w, https:\/\/webdelmaestrocmf.com\/portal\/wp-content\/uploads\/2021\/04\/1-47-279x300.jpeg 279w, https:\/\/webdelmaestrocmf.com\/portal\/wp-content\/uploads\/2021\/04\/1-47-768x825.jpeg 768w, https:\/\/webdelmaestrocmf.com\/portal\/wp-content\/uploads\/2021\/04\/1-47-110x118.jpeg 110w, https:\/\/webdelmaestrocmf.com\/portal\/wp-content\/uploads\/2021\/04\/1-47-200x215.jpeg 200w, https:\/\/webdelmaestrocmf.com\/portal\/wp-content\/uploads\/2021\/04\/1-47-380x408.jpeg 380w, https:\/\/webdelmaestrocmf.com\/portal\/wp-content\/uploads\/2021\/04\/1-47-255x274.jpeg 255w, https:\/\/webdelmaestrocmf.com\/portal\/wp-content\/uploads\/2021\/04\/1-47-300x322.jpeg 300w, https:\/\/webdelmaestrocmf.com\/portal\/wp-content\/uploads\/2021\/04\/1-47-550x591.jpeg 550w, https:\/\/webdelmaestrocmf.com\/portal\/wp-content\/uploads\/2021\/04\/1-47-800x859.jpeg 800w, https:\/\/webdelmaestrocmf.com\/portal\/wp-content\/uploads\/2021\/04\/1-47-1160x1246.jpeg 1160w, https:\/\/webdelmaestrocmf.com\/portal\/wp-content\/uploads\/2021\/04\/1-47-220x236.jpeg 220w, https:\/\/webdelmaestrocmf.com\/portal\/wp-content\/uploads\/2021\/04\/1-47-400x430.jpeg 400w, https:\/\/webdelmaestrocmf.com\/portal\/wp-content\/uploads\/2021\/04\/1-47-760x816.jpeg 760w, https:\/\/webdelmaestrocmf.com\/portal\/wp-content\/uploads\/2021\/04\/1-47-510x548.jpeg 510w, https:\/\/webdelmaestrocmf.com\/portal\/wp-content\/uploads\/2021\/04\/1-47-600x645.jpeg 600w, https:\/\/webdelmaestrocmf.com\/portal\/wp-content\/uploads\/2021\/04\/1-47-1100x1182.jpeg 1100w, https:\/\/webdelmaestrocmf.com\/portal\/wp-content\/uploads\/2021\/04\/1-47-559x600.jpeg 559w, https:\/\/webdelmaestrocmf.com\/portal\/wp-content\/uploads\/2021\/04\/1-47.jpeg 1173w\" sizes=\"auto, (max-width: 953px) 100vw, 953px\" \/><\/p>\n<p style=\"text-align: justify;\"><strong>Fuente<\/strong>: <a href=\"http:\/\/Inspiratics.org\" target=\"_blank\" rel=\"noopener\">Inspiratics.org<\/a><\/p>\n<p style=\"text-align: justify;\"><strong>NOTA DE REDACCI\u00d3N: <\/strong>La Web del Maestro CMF publica los textos originales de su autor, no necesariamente coincide con lo expuesto en el tema, y no se hace responsable de las opiniones expresadas.<\/p>\n<table class=\" alignleft\" border=\"0\" width=\"100%\" cellspacing=\"10\" cellpadding=\"10\">\n<tbody>\n<tr>\n<td style=\"text-align: center;\" width=\"30%\"><strong><img loading=\"lazy\" decoding=\"async\" class=\"size-full wp-image-62269 aligncenter\" src=\"https:\/\/webdelmaestrocmf.com\/portal\/wp-content\/uploads\/2021\/04\/1-136.jpg\" alt=\"\" width=\"200\" height=\"200\" srcset=\"https:\/\/webdelmaestrocmf.com\/portal\/wp-content\/uploads\/2021\/04\/1-136.jpg 200w, https:\/\/webdelmaestrocmf.com\/portal\/wp-content\/uploads\/2021\/04\/1-136-150x150.jpg 150w, https:\/\/webdelmaestrocmf.com\/portal\/wp-content\/uploads\/2021\/04\/1-136-80x80.jpg 80w, https:\/\/webdelmaestrocmf.com\/portal\/wp-content\/uploads\/2021\/04\/1-136-110x110.jpg 110w, https:\/\/webdelmaestrocmf.com\/portal\/wp-content\/uploads\/2021\/04\/1-136-160x160.jpg 160w\" sizes=\"auto, (max-width: 200px) 100vw, 200px\" \/><\/strong><br \/>\nEste art\u00edculo ha sido publicado en el blog Ba\u00fal del Docente, portal de recursos educativos de la Derrama Magisterial del Per\u00fa, y lo puede encontrar en este enlace: <a href=\"https:\/\/bauldocente.pe\/\" target=\"_blank\" rel=\"noopener\"><strong>BLOG BA\u00daL DEL DOCENTE<\/strong><\/a>.<br \/>\nY este es el enlace del Profesor <strong>Jorge Luis Tineo Rendon: <\/strong><a href=\"mailto:jtineo@derrama.org.pe\">jtineo@derrama.org.pe<\/a>.<strong><br \/>\n<\/strong><\/td>\n<\/tr>\n<\/tbody>\n<\/table>\n<p style=\"text-align: left;\">.<\/p>\n\t\t<div class=\"pk-inline-posts\">\n\t\t\t\n\t\t\t<div class=\"pk-inline-posts-container pk-inline-posts-template-list\"\n\t\t\t\tdata-columns=\"1\">\n\t\t\t\t\t\t<article id=\"post-106869\" class=\"post-106869 post type-post status-publish format-standard has-post-thumbnail category-colaborador category-z-colaboradores-baul-del-docente tag-baul-del-docente tag-criticas tag-exageraciones tag-prevencion tag-tecnologia cs-entry cs-video-wrap\">\n\t\t\t<div class=\"pk-post-outer\">\n\n\t\t\t\t\t\t\t\t<div class=\"pk-post-inner\">\n\t\t\t\t\t<div class=\"entry-thumbnail\">\n\t\t\t\t\t\t<div class=\"pk-overlay pk-overlay-ratio pk-ratio-landscape\">\n\t\t\t\t\t\t\t<div class=\"pk-overlay-background\">\n\t\t\t\t\t\t\t\t<a href=\"https:\/\/webdelmaestrocmf.com\/portal\/baul-del-docente-criticas-a-la-tecnologia-prevencion-o-exageraciones\/\" class=\"pk-overlay-link\">\n\t\t\t\t\t\t\t\t\t<img loading=\"lazy\" decoding=\"async\" width=\"300\" height=\"225\" src=\"https:\/\/webdelmaestrocmf.com\/portal\/wp-content\/uploads\/2024\/11\/Banner-1-portada-imagen-10-1-30-300x225.jpg\" class=\"attachment-pk-thumbnail size-pk-thumbnail wp-post-image\" alt=\"\" \/>\t\t\t\t\t\t\t\t<\/a>\n\t\t\t\t\t\t\t<\/div>\n\t\t\t\t\t\t<\/div>\n\t\t\t\t\t<\/div>\n\t\t\t\t<\/div>\n\t\t\t\t\n\t\t\t\t<div class=\"pk-post-inner\">\n\t\t\t\t\t<header>\n\t\t\t\t\t\t<h3 class=\"pk-title\"><a href=\"https:\/\/webdelmaestrocmf.com\/portal\/baul-del-docente-criticas-a-la-tecnologia-prevencion-o-exageraciones\/\" rel=\"bookmark\">[Ba\u00fal del docente] Cr\u00edticas a la tecnolog\u00eda: \u00bfPrevenci\u00f3n o exageraciones?<\/a><\/h3>\t\t\t\t\t<\/header><!-- .entry-header -->\n\t\t\t\t<\/div><!-- .post-inner -->\n\n\t\t\t<\/div><!-- .post-outer -->\n\t\t<\/article>\n\t\t\t\t<\/div>\n\t\t<\/div>\n\t\t\n","protected":false},"excerpt":{"rendered":"Estimados docentes: Las tabletas y su uso en la educaci\u00f3n no son novedades. Lo que s\u00ed es reciente&hellip;","protected":false},"author":1,"featured_media":62183,"comment_status":"open","ping_status":"closed","sticky":false,"template":"","format":"standard","meta":{"csco_display_header_overlay":false,"csco_singular_sidebar":"default","csco_page_header_type":"default","csco_page_load_nextpost":"default","csco_post_video_location":[],"csco_post_video_location_hash":"","csco_post_video_url":"","csco_post_video_bg_start_time":0,"csco_post_video_bg_end_time":0,"csco_post_video_bg_volume":false,"_jetpack_memberships_contains_paid_content":false,"footnotes":""},"categories":[1790,6829],"tags":[5746,828,6830,6831,2372],"class_list":{"0":"post-62182","1":"post","2":"type-post","3":"status-publish","4":"format-standard","5":"has-post-thumbnail","7":"category-colaborador","8":"category-z-colaboradores-baul-del-docente","9":"tag-aprovechar","10":"tag-educativo","11":"tag-jorge-luis-tineo","12":"tag-tabletas","13":"tag-uso","14":"cs-entry","15":"cs-video-wrap"},"yoast_head":"<!-- This site is optimized with the Yoast SEO plugin v27.5 - https:\/\/yoast.com\/product\/yoast-seo-wordpress\/ -->\n<title>[Ba\u00fal del Docente] Tabletas: \u00bfC\u00f3mo aprovechar su uso educativo? - 2026<\/title>\n<meta name=\"description\" content=\"Estimados docentes: Las tabletas y su uso en la educaci\u00f3n no son novedades. Lo que s\u00ed es reciente es que varios pa\u00edses han tenido...\" \/>\n<meta name=\"robots\" content=\"index, follow, max-snippet:-1, max-image-preview:large, max-video-preview:-1\" \/>\n<link rel=\"canonical\" href=\"https:\/\/webdelmaestrocmf.com\/portal\/jorge-luis-tineo-tabletas-como-aprovechar-su-uso-educativo\/\" \/>\n<meta property=\"og:locale\" content=\"es_ES\" \/>\n<meta property=\"og:type\" content=\"article\" \/>\n<meta property=\"og:title\" content=\"[Ba\u00fal del Docente] Tabletas: \u00bfC\u00f3mo aprovechar su uso educativo? - 2026\" \/>\n<meta property=\"og:description\" content=\"Estimados docentes: Las tabletas y su uso en la educaci\u00f3n no son novedades. Lo que s\u00ed es reciente es que varios pa\u00edses han tenido...\" \/>\n<meta property=\"og:url\" content=\"https:\/\/webdelmaestrocmf.com\/portal\/jorge-luis-tineo-tabletas-como-aprovechar-su-uso-educativo\/\" \/>\n<meta property=\"og:site_name\" content=\"Web del Maestro CMF\" \/>\n<meta property=\"article:publisher\" content=\"https:\/\/www.facebook.com\/WebdelMaestroCMF\/\" \/>\n<meta property=\"article:author\" content=\"https:\/\/www.facebook.com\/WebdelMaestroCMF\/\" \/>\n<meta property=\"article:published_time\" content=\"2021-04-25T19:55:49+00:00\" \/>\n<meta property=\"article:modified_time\" content=\"2021-04-26T23:21:21+00:00\" \/>\n<meta property=\"og:image\" content=\"https:\/\/i0.wp.com\/webdelmaestrocmf.com\/portal\/wp-content\/uploads\/2021\/04\/1-copia-26.jpg?fit=1100%2C680&ssl=1\" \/>\n\t<meta property=\"og:image:width\" content=\"1100\" \/>\n\t<meta property=\"og:image:height\" content=\"680\" \/>\n\t<meta property=\"og:image:type\" content=\"image\/jpeg\" \/>\n<meta name=\"author\" content=\"Web del Maestro CMF\" \/>\n<meta name=\"twitter:card\" content=\"summary_large_image\" \/>\n<meta name=\"twitter:creator\" content=\"@cmf_w\" \/>\n<meta name=\"twitter:site\" content=\"@cmf_w\" \/>\n<script type=\"application\/ld+json\" class=\"yoast-schema-graph\">{\"@context\":\"https:\\\/\\\/schema.org\",\"@graph\":[{\"@type\":\"ScholarlyArticle\",\"@id\":\"https:\\\/\\\/webdelmaestrocmf.com\\\/portal\\\/jorge-luis-tineo-tabletas-como-aprovechar-su-uso-educativo\\\/#article\",\"isPartOf\":{\"@id\":\"https:\\\/\\\/webdelmaestrocmf.com\\\/portal\\\/jorge-luis-tineo-tabletas-como-aprovechar-su-uso-educativo\\\/\"},\"author\":{\"name\":\"Web del Maestro CMF\",\"@id\":\"https:\\\/\\\/webdelmaestrocmf.com\\\/portal\\\/#\\\/schema\\\/person\\\/1072a2ed7bd960df8ef99a551fa35dc5\"},\"headline\":\"[Ba\u00fal del Docente] Tabletas: \u00bfC\u00f3mo aprovechar su uso educativo?\",\"datePublished\":\"2021-04-25T19:55:49+00:00\",\"dateModified\":\"2021-04-26T23:21:21+00:00\",\"mainEntityOfPage\":{\"@id\":\"https:\\\/\\\/webdelmaestrocmf.com\\\/portal\\\/jorge-luis-tineo-tabletas-como-aprovechar-su-uso-educativo\\\/\"},\"wordCount\":630,\"commentCount\":0,\"publisher\":{\"@id\":\"https:\\\/\\\/webdelmaestrocmf.com\\\/portal\\\/#organization\"},\"image\":{\"@id\":\"https:\\\/\\\/webdelmaestrocmf.com\\\/portal\\\/jorge-luis-tineo-tabletas-como-aprovechar-su-uso-educativo\\\/#primaryimage\"},\"thumbnailUrl\":\"https:\\\/\\\/webdelmaestrocmf.com\\\/portal\\\/wp-content\\\/uploads\\\/2021\\\/04\\\/1-copia-26.jpg\",\"keywords\":[\"aprovechar\",\"EDUCATIVO\",\"Jorge Luis Tineo\",\"Tabletas\",\"USO\"],\"articleSection\":[\"Z-Colaboradores\",\"Z-Colaboradores-Ba\u00fal-del-Docente\"],\"inLanguage\":\"es\",\"potentialAction\":[{\"@type\":\"CommentAction\",\"name\":\"Comment\",\"target\":[\"https:\\\/\\\/webdelmaestrocmf.com\\\/portal\\\/jorge-luis-tineo-tabletas-como-aprovechar-su-uso-educativo\\\/#respond\"]}]},{\"@type\":\"WebPage\",\"@id\":\"https:\\\/\\\/webdelmaestrocmf.com\\\/portal\\\/jorge-luis-tineo-tabletas-como-aprovechar-su-uso-educativo\\\/\",\"url\":\"https:\\\/\\\/webdelmaestrocmf.com\\\/portal\\\/jorge-luis-tineo-tabletas-como-aprovechar-su-uso-educativo\\\/\",\"name\":\"[Ba\u00fal del Docente] Tabletas: \u00bfC\u00f3mo aprovechar su uso educativo? - 2026\",\"isPartOf\":{\"@id\":\"https:\\\/\\\/webdelmaestrocmf.com\\\/portal\\\/#website\"},\"primaryImageOfPage\":{\"@id\":\"https:\\\/\\\/webdelmaestrocmf.com\\\/portal\\\/jorge-luis-tineo-tabletas-como-aprovechar-su-uso-educativo\\\/#primaryimage\"},\"image\":{\"@id\":\"https:\\\/\\\/webdelmaestrocmf.com\\\/portal\\\/jorge-luis-tineo-tabletas-como-aprovechar-su-uso-educativo\\\/#primaryimage\"},\"thumbnailUrl\":\"https:\\\/\\\/webdelmaestrocmf.com\\\/portal\\\/wp-content\\\/uploads\\\/2021\\\/04\\\/1-copia-26.jpg\",\"datePublished\":\"2021-04-25T19:55:49+00:00\",\"dateModified\":\"2021-04-26T23:21:21+00:00\",\"description\":\"Estimados docentes: Las tabletas y su uso en la educaci\u00f3n no son novedades. Lo que s\u00ed es reciente es que varios pa\u00edses han tenido...\",\"breadcrumb\":{\"@id\":\"https:\\\/\\\/webdelmaestrocmf.com\\\/portal\\\/jorge-luis-tineo-tabletas-como-aprovechar-su-uso-educativo\\\/#breadcrumb\"},\"inLanguage\":\"es\",\"potentialAction\":[{\"@type\":\"ReadAction\",\"target\":[\"https:\\\/\\\/webdelmaestrocmf.com\\\/portal\\\/jorge-luis-tineo-tabletas-como-aprovechar-su-uso-educativo\\\/\"]}]},{\"@type\":\"ImageObject\",\"inLanguage\":\"es\",\"@id\":\"https:\\\/\\\/webdelmaestrocmf.com\\\/portal\\\/jorge-luis-tineo-tabletas-como-aprovechar-su-uso-educativo\\\/#primaryimage\",\"url\":\"https:\\\/\\\/webdelmaestrocmf.com\\\/portal\\\/wp-content\\\/uploads\\\/2021\\\/04\\\/1-copia-26.jpg\",\"contentUrl\":\"https:\\\/\\\/webdelmaestrocmf.com\\\/portal\\\/wp-content\\\/uploads\\\/2021\\\/04\\\/1-copia-26.jpg\",\"width\":1100,\"height\":680},{\"@type\":\"BreadcrumbList\",\"@id\":\"https:\\\/\\\/webdelmaestrocmf.com\\\/portal\\\/jorge-luis-tineo-tabletas-como-aprovechar-su-uso-educativo\\\/#breadcrumb\",\"itemListElement\":[{\"@type\":\"ListItem\",\"position\":1,\"name\":\"Portada\",\"item\":\"https:\\\/\\\/webdelmaestrocmf.com\\\/portal\\\/\"},{\"@type\":\"ListItem\",\"position\":2,\"name\":\"Z-Colaboradores\",\"item\":\"https:\\\/\\\/webdelmaestrocmf.com\\\/portal\\\/category\\\/colaborador\\\/\"},{\"@type\":\"ListItem\",\"position\":3,\"name\":\"[Ba\u00fal del Docente] Tabletas: \u00bfC\u00f3mo aprovechar su uso educativo?\"}]},{\"@type\":\"WebSite\",\"@id\":\"https:\\\/\\\/webdelmaestrocmf.com\\\/portal\\\/#website\",\"url\":\"https:\\\/\\\/webdelmaestrocmf.com\\\/portal\\\/\",\"name\":\"Web del Maestro CMF\",\"description\":\"Maestros al servicio de la educaci\u00f3n\",\"publisher\":{\"@id\":\"https:\\\/\\\/webdelmaestrocmf.com\\\/portal\\\/#organization\"},\"alternateName\":\"WMCMF\",\"potentialAction\":[{\"@type\":\"SearchAction\",\"target\":{\"@type\":\"EntryPoint\",\"urlTemplate\":\"https:\\\/\\\/webdelmaestrocmf.com\\\/portal\\\/?s={search_term_string}\"},\"query-input\":{\"@type\":\"PropertyValueSpecification\",\"valueRequired\":true,\"valueName\":\"search_term_string\"}}],\"inLanguage\":\"es\"},{\"@type\":\"Organization\",\"@id\":\"https:\\\/\\\/webdelmaestrocmf.com\\\/portal\\\/#organization\",\"name\":\"Web del Maestro CMF\",\"alternateName\":\"WMCMF\",\"url\":\"https:\\\/\\\/webdelmaestrocmf.com\\\/portal\\\/\",\"logo\":{\"@type\":\"ImageObject\",\"inLanguage\":\"es\",\"@id\":\"https:\\\/\\\/webdelmaestrocmf.com\\\/portal\\\/#\\\/schema\\\/logo\\\/image\\\/\",\"url\":\"https:\\\/\\\/webdelmaestrocmf.com\\\/portal\\\/wp-content\\\/uploads\\\/2023\\\/01\\\/logo-wmcmf-2.png\",\"contentUrl\":\"https:\\\/\\\/webdelmaestrocmf.com\\\/portal\\\/wp-content\\\/uploads\\\/2023\\\/01\\\/logo-wmcmf-2.png\",\"width\":200,\"height\":60,\"caption\":\"Web del Maestro CMF\"},\"image\":{\"@id\":\"https:\\\/\\\/webdelmaestrocmf.com\\\/portal\\\/#\\\/schema\\\/logo\\\/image\\\/\"},\"sameAs\":[\"https:\\\/\\\/www.facebook.com\\\/WebdelMaestroCMF\\\/\",\"https:\\\/\\\/x.com\\\/cmf_w\",\"https:\\\/\\\/www.pinterest.com\\\/WMCMF\\\/\",\"https:\\\/\\\/www.linkedin.com\\\/company\\\/web-del-maestro-cmf\\\/\",\"https:\\\/\\\/www.instagram.com\\\/wmcmf\\\/\",\"https:\\\/\\\/www.youtube.com\\\/channel\\\/UCDPSvjbdodE5sHnC3OxutHw\",\"https:\\\/\\\/mastodon.social\\\/@wmcmf\",\"https:\\\/\\\/www.tiktok.com\\\/@webdelmaestrocmf\"]},{\"@type\":\"Person\",\"@id\":\"https:\\\/\\\/webdelmaestrocmf.com\\\/portal\\\/#\\\/schema\\\/person\\\/1072a2ed7bd960df8ef99a551fa35dc5\",\"name\":\"Web del Maestro CMF\",\"image\":{\"@type\":\"ImageObject\",\"inLanguage\":\"es\",\"@id\":\"https:\\\/\\\/secure.gravatar.com\\\/avatar\\\/23291dd5b5ae1077dcff3dbb04c3e02bd28403fa75af6d8787d5e97c5bbbe30b?s=96&d=mm&r=g\",\"url\":\"https:\\\/\\\/secure.gravatar.com\\\/avatar\\\/23291dd5b5ae1077dcff3dbb04c3e02bd28403fa75af6d8787d5e97c5bbbe30b?s=96&d=mm&r=g\",\"contentUrl\":\"https:\\\/\\\/secure.gravatar.com\\\/avatar\\\/23291dd5b5ae1077dcff3dbb04c3e02bd28403fa75af6d8787d5e97c5bbbe30b?s=96&d=mm&r=g\",\"caption\":\"Web del Maestro CMF\"},\"description\":\"Esta Web se cre\u00f3 sin fines de lucro, con fines educativos, cient\u00edficos y acad\u00e9micos, para personas que tengan dificultades y\\\/o inconvenientes en visualizar el material original. El objetivo es entregar recursos, compartir experiencias y materiales que ayuden a los padres de familia, maestros y estudiantes en su actualizaci\u00f3n y formaci\u00f3n permanente, en bien de la Educaci\u00f3n.\",\"sameAs\":[\"http:\\\/\\\/webdelmaestrocmf.com\\\/portal\",\"https:\\\/\\\/www.facebook.com\\\/WebdelMaestroCMF\\\/\",\"https:\\\/\\\/www.instagram.com\\\/wmcmf\\\/\",\"https:\\\/\\\/cl.linkedin.com\\\/company\\\/web-del-maestro-cmf\",\"https:\\\/\\\/www.pinterest.com\\\/WMCMF\\\/publicaciones\\\/\",\"https:\\\/\\\/x.com\\\/cmf_w\",\"https:\\\/\\\/www.youtube.com\\\/@WMCMF\"]}]}<\/script>\n<!-- \/ Yoast SEO plugin. -->","yoast_head_json":{"title":"[Ba\u00fal del Docente] Tabletas: \u00bfC\u00f3mo aprovechar su uso educativo? - 2026","description":"Estimados docentes: Las tabletas y su uso en la educaci\u00f3n no son novedades. Lo que s\u00ed es reciente es que varios pa\u00edses han tenido...","robots":{"index":"index","follow":"follow","max-snippet":"max-snippet:-1","max-image-preview":"max-image-preview:large","max-video-preview":"max-video-preview:-1"},"canonical":"https:\/\/webdelmaestrocmf.com\/portal\/jorge-luis-tineo-tabletas-como-aprovechar-su-uso-educativo\/","og_locale":"es_ES","og_type":"article","og_title":"[Ba\u00fal del Docente] Tabletas: \u00bfC\u00f3mo aprovechar su uso educativo? - 2026","og_description":"Estimados docentes: Las tabletas y su uso en la educaci\u00f3n no son novedades. Lo que s\u00ed es reciente es que varios pa\u00edses han tenido...","og_url":"https:\/\/webdelmaestrocmf.com\/portal\/jorge-luis-tineo-tabletas-como-aprovechar-su-uso-educativo\/","og_site_name":"Web del Maestro CMF","article_publisher":"https:\/\/www.facebook.com\/WebdelMaestroCMF\/","article_author":"https:\/\/www.facebook.com\/WebdelMaestroCMF\/","article_published_time":"2021-04-25T19:55:49+00:00","article_modified_time":"2021-04-26T23:21:21+00:00","og_image":[{"width":1100,"height":680,"url":"https:\/\/i0.wp.com\/webdelmaestrocmf.com\/portal\/wp-content\/uploads\/2021\/04\/1-copia-26.jpg?fit=1100%2C680&ssl=1","type":"image\/jpeg"}],"author":"Web del Maestro CMF","twitter_card":"summary_large_image","twitter_creator":"@cmf_w","twitter_site":"@cmf_w","schema":{"@context":"https:\/\/schema.org","@graph":[{"@type":"ScholarlyArticle","@id":"https:\/\/webdelmaestrocmf.com\/portal\/jorge-luis-tineo-tabletas-como-aprovechar-su-uso-educativo\/#article","isPartOf":{"@id":"https:\/\/webdelmaestrocmf.com\/portal\/jorge-luis-tineo-tabletas-como-aprovechar-su-uso-educativo\/"},"author":{"name":"Web del Maestro CMF","@id":"https:\/\/webdelmaestrocmf.com\/portal\/#\/schema\/person\/1072a2ed7bd960df8ef99a551fa35dc5"},"headline":"[Ba\u00fal del Docente] Tabletas: \u00bfC\u00f3mo aprovechar su uso educativo?","datePublished":"2021-04-25T19:55:49+00:00","dateModified":"2021-04-26T23:21:21+00:00","mainEntityOfPage":{"@id":"https:\/\/webdelmaestrocmf.com\/portal\/jorge-luis-tineo-tabletas-como-aprovechar-su-uso-educativo\/"},"wordCount":630,"commentCount":0,"publisher":{"@id":"https:\/\/webdelmaestrocmf.com\/portal\/#organization"},"image":{"@id":"https:\/\/webdelmaestrocmf.com\/portal\/jorge-luis-tineo-tabletas-como-aprovechar-su-uso-educativo\/#primaryimage"},"thumbnailUrl":"https:\/\/webdelmaestrocmf.com\/portal\/wp-content\/uploads\/2021\/04\/1-copia-26.jpg","keywords":["aprovechar","EDUCATIVO","Jorge Luis Tineo","Tabletas","USO"],"articleSection":["Z-Colaboradores","Z-Colaboradores-Ba\u00fal-del-Docente"],"inLanguage":"es","potentialAction":[{"@type":"CommentAction","name":"Comment","target":["https:\/\/webdelmaestrocmf.com\/portal\/jorge-luis-tineo-tabletas-como-aprovechar-su-uso-educativo\/#respond"]}]},{"@type":"WebPage","@id":"https:\/\/webdelmaestrocmf.com\/portal\/jorge-luis-tineo-tabletas-como-aprovechar-su-uso-educativo\/","url":"https:\/\/webdelmaestrocmf.com\/portal\/jorge-luis-tineo-tabletas-como-aprovechar-su-uso-educativo\/","name":"[Ba\u00fal del Docente] Tabletas: \u00bfC\u00f3mo aprovechar su uso educativo? - 2026","isPartOf":{"@id":"https:\/\/webdelmaestrocmf.com\/portal\/#website"},"primaryImageOfPage":{"@id":"https:\/\/webdelmaestrocmf.com\/portal\/jorge-luis-tineo-tabletas-como-aprovechar-su-uso-educativo\/#primaryimage"},"image":{"@id":"https:\/\/webdelmaestrocmf.com\/portal\/jorge-luis-tineo-tabletas-como-aprovechar-su-uso-educativo\/#primaryimage"},"thumbnailUrl":"https:\/\/webdelmaestrocmf.com\/portal\/wp-content\/uploads\/2021\/04\/1-copia-26.jpg","datePublished":"2021-04-25T19:55:49+00:00","dateModified":"2021-04-26T23:21:21+00:00","description":"Estimados docentes: Las tabletas y su uso en la educaci\u00f3n no son novedades. Lo que s\u00ed es reciente es que varios pa\u00edses han tenido...","breadcrumb":{"@id":"https:\/\/webdelmaestrocmf.com\/portal\/jorge-luis-tineo-tabletas-como-aprovechar-su-uso-educativo\/#breadcrumb"},"inLanguage":"es","potentialAction":[{"@type":"ReadAction","target":["https:\/\/webdelmaestrocmf.com\/portal\/jorge-luis-tineo-tabletas-como-aprovechar-su-uso-educativo\/"]}]},{"@type":"ImageObject","inLanguage":"es","@id":"https:\/\/webdelmaestrocmf.com\/portal\/jorge-luis-tineo-tabletas-como-aprovechar-su-uso-educativo\/#primaryimage","url":"https:\/\/webdelmaestrocmf.com\/portal\/wp-content\/uploads\/2021\/04\/1-copia-26.jpg","contentUrl":"https:\/\/webdelmaestrocmf.com\/portal\/wp-content\/uploads\/2021\/04\/1-copia-26.jpg","width":1100,"height":680},{"@type":"BreadcrumbList","@id":"https:\/\/webdelmaestrocmf.com\/portal\/jorge-luis-tineo-tabletas-como-aprovechar-su-uso-educativo\/#breadcrumb","itemListElement":[{"@type":"ListItem","position":1,"name":"Portada","item":"https:\/\/webdelmaestrocmf.com\/portal\/"},{"@type":"ListItem","position":2,"name":"Z-Colaboradores","item":"https:\/\/webdelmaestrocmf.com\/portal\/category\/colaborador\/"},{"@type":"ListItem","position":3,"name":"[Ba\u00fal del Docente] Tabletas: \u00bfC\u00f3mo aprovechar su uso educativo?"}]},{"@type":"WebSite","@id":"https:\/\/webdelmaestrocmf.com\/portal\/#website","url":"https:\/\/webdelmaestrocmf.com\/portal\/","name":"Web del Maestro CMF","description":"Maestros al servicio de la educaci\u00f3n","publisher":{"@id":"https:\/\/webdelmaestrocmf.com\/portal\/#organization"},"alternateName":"WMCMF","potentialAction":[{"@type":"SearchAction","target":{"@type":"EntryPoint","urlTemplate":"https:\/\/webdelmaestrocmf.com\/portal\/?s={search_term_string}"},"query-input":{"@type":"PropertyValueSpecification","valueRequired":true,"valueName":"search_term_string"}}],"inLanguage":"es"},{"@type":"Organization","@id":"https:\/\/webdelmaestrocmf.com\/portal\/#organization","name":"Web del Maestro CMF","alternateName":"WMCMF","url":"https:\/\/webdelmaestrocmf.com\/portal\/","logo":{"@type":"ImageObject","inLanguage":"es","@id":"https:\/\/webdelmaestrocmf.com\/portal\/#\/schema\/logo\/image\/","url":"https:\/\/webdelmaestrocmf.com\/portal\/wp-content\/uploads\/2023\/01\/logo-wmcmf-2.png","contentUrl":"https:\/\/webdelmaestrocmf.com\/portal\/wp-content\/uploads\/2023\/01\/logo-wmcmf-2.png","width":200,"height":60,"caption":"Web del Maestro CMF"},"image":{"@id":"https:\/\/webdelmaestrocmf.com\/portal\/#\/schema\/logo\/image\/"},"sameAs":["https:\/\/www.facebook.com\/WebdelMaestroCMF\/","https:\/\/x.com\/cmf_w","https:\/\/www.pinterest.com\/WMCMF\/","https:\/\/www.linkedin.com\/company\/web-del-maestro-cmf\/","https:\/\/www.instagram.com\/wmcmf\/","https:\/\/www.youtube.com\/channel\/UCDPSvjbdodE5sHnC3OxutHw","https:\/\/mastodon.social\/@wmcmf","https:\/\/www.tiktok.com\/@webdelmaestrocmf"]},{"@type":"Person","@id":"https:\/\/webdelmaestrocmf.com\/portal\/#\/schema\/person\/1072a2ed7bd960df8ef99a551fa35dc5","name":"Web del Maestro CMF","image":{"@type":"ImageObject","inLanguage":"es","@id":"https:\/\/secure.gravatar.com\/avatar\/23291dd5b5ae1077dcff3dbb04c3e02bd28403fa75af6d8787d5e97c5bbbe30b?s=96&d=mm&r=g","url":"https:\/\/secure.gravatar.com\/avatar\/23291dd5b5ae1077dcff3dbb04c3e02bd28403fa75af6d8787d5e97c5bbbe30b?s=96&d=mm&r=g","contentUrl":"https:\/\/secure.gravatar.com\/avatar\/23291dd5b5ae1077dcff3dbb04c3e02bd28403fa75af6d8787d5e97c5bbbe30b?s=96&d=mm&r=g","caption":"Web del Maestro CMF"},"description":"Esta Web se cre\u00f3 sin fines de lucro, con fines educativos, cient\u00edficos y acad\u00e9micos, para personas que tengan dificultades y\/o inconvenientes en visualizar el material original. El objetivo es entregar recursos, compartir experiencias y materiales que ayuden a los padres de familia, maestros y estudiantes en su actualizaci\u00f3n y formaci\u00f3n permanente, en bien de la Educaci\u00f3n.","sameAs":["http:\/\/webdelmaestrocmf.com\/portal","https:\/\/www.facebook.com\/WebdelMaestroCMF\/","https:\/\/www.instagram.com\/wmcmf\/","https:\/\/cl.linkedin.com\/company\/web-del-maestro-cmf","https:\/\/www.pinterest.com\/WMCMF\/publicaciones\/","https:\/\/x.com\/cmf_w","https:\/\/www.youtube.com\/@WMCMF"]}]}},"jetpack_featured_media_url":"https:\/\/webdelmaestrocmf.com\/portal\/wp-content\/uploads\/2021\/04\/1-copia-26.jpg","jetpack_sharing_enabled":true,"jetpack-related-posts":[{"id":105235,"url":"https:\/\/webdelmaestrocmf.com\/portal\/baul-del-docente-educacion-religiosa-como-desarrollar-esta-materia\/","url_meta":{"origin":62182,"position":0},"title":"[Ba\u00fal del docente] Educaci\u00f3n Religiosa: \u00bfC\u00f3mo desarrollar esta materia?","author":"Web del Maestro CMF","date":"1 mayo, 2024","format":false,"excerpt":"Estimados docentes: En el sistema educativo peruano, el curso de Religi\u00f3n es opcional. Esto significa que aquellas familias que no profesen la religi\u00f3n cat\u00f3lica -religi\u00f3n oficial del Estado- tienen el derecho de solicitar la exoneraci\u00f3n de sus hijos de esta asignatura, sin ning\u00fan perjuicio a sus promedios ponderados en base\u2026","rel":"","context":"En \u00abZ-Colaboradores\u00bb","block_context":{"text":"Z-Colaboradores","link":"https:\/\/webdelmaestrocmf.com\/portal\/category\/colaborador\/"},"img":{"alt_text":"","src":"https:\/\/i0.wp.com\/webdelmaestrocmf.com\/portal\/wp-content\/uploads\/2024\/05\/Banner-1-portada-imagen-10-1-59.jpg?resize=350%2C200&ssl=1","width":350,"height":200,"srcset":"https:\/\/i0.wp.com\/webdelmaestrocmf.com\/portal\/wp-content\/uploads\/2024\/05\/Banner-1-portada-imagen-10-1-59.jpg?resize=350%2C200&ssl=1 1x, https:\/\/i0.wp.com\/webdelmaestrocmf.com\/portal\/wp-content\/uploads\/2024\/05\/Banner-1-portada-imagen-10-1-59.jpg?resize=525%2C300&ssl=1 1.5x, https:\/\/i0.wp.com\/webdelmaestrocmf.com\/portal\/wp-content\/uploads\/2024\/05\/Banner-1-portada-imagen-10-1-59.jpg?resize=700%2C400&ssl=1 2x"},"classes":[]},{"id":104079,"url":"https:\/\/webdelmaestrocmf.com\/portal\/baul-del-docente-campana-como-recuperamos-los-valores\/","url_meta":{"origin":62182,"position":1},"title":"[Ba\u00fal del Docente] Campa\u00f1a: \u00bfC\u00f3mo recuperamos los valores?","author":"Web del Maestro CMF","date":"19 febrero, 2024","format":false,"excerpt":"Estimados docentes: Recuperar los valores es una tarea tit\u00e1nica en el mundo entero. Las nociones de respeto, pudor, correcci\u00f3n, legalidad, lealtad y dem\u00e1s est\u00e1n, hoy en d\u00eda, devaluadas y no forman parte del proyecto de vida de grandes mayor\u00edas que han mal entendido, a trav\u00e9s de m\u00faltiples ejemplos, que no\u2026","rel":"","context":"En \u00abZ-Colaboradores\u00bb","block_context":{"text":"Z-Colaboradores","link":"https:\/\/webdelmaestrocmf.com\/portal\/category\/colaborador\/"},"img":{"alt_text":"","src":"https:\/\/i0.wp.com\/webdelmaestrocmf.com\/portal\/wp-content\/uploads\/2024\/02\/Banner-1-portada-imagen-10-1-21-1.jpg?resize=350%2C200&ssl=1","width":350,"height":200,"srcset":"https:\/\/i0.wp.com\/webdelmaestrocmf.com\/portal\/wp-content\/uploads\/2024\/02\/Banner-1-portada-imagen-10-1-21-1.jpg?resize=350%2C200&ssl=1 1x, https:\/\/i0.wp.com\/webdelmaestrocmf.com\/portal\/wp-content\/uploads\/2024\/02\/Banner-1-portada-imagen-10-1-21-1.jpg?resize=525%2C300&ssl=1 1.5x, https:\/\/i0.wp.com\/webdelmaestrocmf.com\/portal\/wp-content\/uploads\/2024\/02\/Banner-1-portada-imagen-10-1-21-1.jpg?resize=700%2C400&ssl=1 2x"},"classes":[]},{"id":106869,"url":"https:\/\/webdelmaestrocmf.com\/portal\/baul-del-docente-criticas-a-la-tecnologia-prevencion-o-exageraciones\/","url_meta":{"origin":62182,"position":2},"title":"[Ba\u00fal del docente] Cr\u00edticas a la tecnolog\u00eda: \u00bfPrevenci\u00f3n o exageraciones?","author":"Web del Maestro CMF","date":"9 noviembre, 2024","format":false,"excerpt":"Estimados docentes: La sobreexposici\u00f3n a las redes sociales y, en general, a las herramientas tecnol\u00f3gicas, est\u00e1 trayendo una serie de riesgos como vimos la semana pasada, relacionados a la seguridad e integridad f\u00edsica de los ciudadanos. Secuestros, extorsiones, acosos telef\u00f3nicos, abusos y estafas de toda clase, llegan unidas al uso\u2026","rel":"","context":"En \u00abZ-Colaboradores\u00bb","block_context":{"text":"Z-Colaboradores","link":"https:\/\/webdelmaestrocmf.com\/portal\/category\/colaborador\/"},"img":{"alt_text":"","src":"https:\/\/i0.wp.com\/webdelmaestrocmf.com\/portal\/wp-content\/uploads\/2024\/11\/Banner-1-portada-imagen-10-1-30.jpg?resize=350%2C200&ssl=1","width":350,"height":200,"srcset":"https:\/\/i0.wp.com\/webdelmaestrocmf.com\/portal\/wp-content\/uploads\/2024\/11\/Banner-1-portada-imagen-10-1-30.jpg?resize=350%2C200&ssl=1 1x, https:\/\/i0.wp.com\/webdelmaestrocmf.com\/portal\/wp-content\/uploads\/2024\/11\/Banner-1-portada-imagen-10-1-30.jpg?resize=525%2C300&ssl=1 1.5x, https:\/\/i0.wp.com\/webdelmaestrocmf.com\/portal\/wp-content\/uploads\/2024\/11\/Banner-1-portada-imagen-10-1-30.jpg?resize=700%2C400&ssl=1 2x"},"classes":[]},{"id":75563,"url":"https:\/\/webdelmaestrocmf.com\/portal\/baul-del-docente-educacion-presencial-merecida-revaloracion\/","url_meta":{"origin":62182,"position":3},"title":"[Ba\u00fal del Docente] Educaci\u00f3n presencial: Merecida revaloraci\u00f3n","author":"Web del Maestro CMF","date":"16 marzo, 2022","format":false,"excerpt":"Estimados docentes: Hasta antes de la pandemia, una de las principales cr\u00edticas al sistema educativo \u201ctradicional\u201d era la supuesta conclusi\u00f3n de que las escuelas ya no aportaban lo necesario para la formaci\u00f3n de los estudiantes. Muchos subg\u00e9neros de lo que se consideraba \u201cmoderno\u201d en t\u00e9rminos educativos comenzaron a aparecer: aula\u2026","rel":"","context":"En \u00abZ-Colaboradores\u00bb","block_context":{"text":"Z-Colaboradores","link":"https:\/\/webdelmaestrocmf.com\/portal\/category\/colaborador\/"},"img":{"alt_text":"","src":"https:\/\/i0.wp.com\/webdelmaestrocmf.com\/portal\/wp-content\/uploads\/2022\/03\/1-28.jpg?resize=350%2C200&ssl=1","width":350,"height":200,"srcset":"https:\/\/i0.wp.com\/webdelmaestrocmf.com\/portal\/wp-content\/uploads\/2022\/03\/1-28.jpg?resize=350%2C200&ssl=1 1x, https:\/\/i0.wp.com\/webdelmaestrocmf.com\/portal\/wp-content\/uploads\/2022\/03\/1-28.jpg?resize=525%2C300&ssl=1 1.5x, https:\/\/i0.wp.com\/webdelmaestrocmf.com\/portal\/wp-content\/uploads\/2022\/03\/1-28.jpg?resize=700%2C400&ssl=1 2x, https:\/\/i0.wp.com\/webdelmaestrocmf.com\/portal\/wp-content\/uploads\/2022\/03\/1-28.jpg?resize=1050%2C600&ssl=1 3x"},"classes":[]},{"id":101969,"url":"https:\/\/webdelmaestrocmf.com\/portal\/baul-del-docente-por-que-celebramos-el-ano-nuevo\/","url_meta":{"origin":62182,"position":4},"title":"[Ba\u00fal del Docente] \u00bfPor qu\u00e9 celebramos el A\u00f1o Nuevo?","author":"Web del Maestro CMF","date":"28 diciembre, 2023","format":false,"excerpt":"Estimados docentes: El domingo 31 por la noche, cuando lleguen las doce, muchos de nosotros nos apuraremos en comer doce uvas para que la buena suerte nos acompa\u00f1e en cada uno de los doce meses del nuevo a\u00f1o que comienza. Otros saldremos a correr una vuelta a la manzana abrazados\u2026","rel":"","context":"En \u00abZ-Colaboradores\u00bb","block_context":{"text":"Z-Colaboradores","link":"https:\/\/webdelmaestrocmf.com\/portal\/category\/colaborador\/"},"img":{"alt_text":"","src":"https:\/\/i0.wp.com\/webdelmaestrocmf.com\/portal\/wp-content\/uploads\/2023\/12\/A12B3C4D-2-5.jpg?resize=350%2C200&ssl=1","width":350,"height":200,"srcset":"https:\/\/i0.wp.com\/webdelmaestrocmf.com\/portal\/wp-content\/uploads\/2023\/12\/A12B3C4D-2-5.jpg?resize=350%2C200&ssl=1 1x, https:\/\/i0.wp.com\/webdelmaestrocmf.com\/portal\/wp-content\/uploads\/2023\/12\/A12B3C4D-2-5.jpg?resize=525%2C300&ssl=1 1.5x, https:\/\/i0.wp.com\/webdelmaestrocmf.com\/portal\/wp-content\/uploads\/2023\/12\/A12B3C4D-2-5.jpg?resize=700%2C400&ssl=1 2x"},"classes":[]},{"id":104289,"url":"https:\/\/webdelmaestrocmf.com\/portal\/baul-del-docente-el-amor-en-tiempos-de-internet-y-redes\/","url_meta":{"origin":62182,"position":5},"title":"[Ba\u00fal del Docente] El amor en tiempos de internet y redes","author":"Web del Maestro CMF","date":"25 febrero, 2024","format":false,"excerpt":"Estimados docentes: Uno de los aspectos m\u00e1s delicados y trascendentales, para los docentes de Secundaria -e inclusive, en las \u00faltimas d\u00e9cadas, en el nivel Primaria tambi\u00e9n con mucha m\u00e1s fuerza que antes- es aprender a lidiar con las penas amorosas de sus alumnos. Ya sea que est\u00e9n trabajando en instituciones\u2026","rel":"","context":"En \u00abZ-Colaboradores\u00bb","block_context":{"text":"Z-Colaboradores","link":"https:\/\/webdelmaestrocmf.com\/portal\/category\/colaborador\/"},"img":{"alt_text":"","src":"https:\/\/i0.wp.com\/webdelmaestrocmf.com\/portal\/wp-content\/uploads\/2024\/02\/Banner-1-portada-imagen-10-1-51.jpg?resize=350%2C200&ssl=1","width":350,"height":200,"srcset":"https:\/\/i0.wp.com\/webdelmaestrocmf.com\/portal\/wp-content\/uploads\/2024\/02\/Banner-1-portada-imagen-10-1-51.jpg?resize=350%2C200&ssl=1 1x, https:\/\/i0.wp.com\/webdelmaestrocmf.com\/portal\/wp-content\/uploads\/2024\/02\/Banner-1-portada-imagen-10-1-51.jpg?resize=525%2C300&ssl=1 1.5x, https:\/\/i0.wp.com\/webdelmaestrocmf.com\/portal\/wp-content\/uploads\/2024\/02\/Banner-1-portada-imagen-10-1-51.jpg?resize=700%2C400&ssl=1 2x"},"classes":[]}],"_links":{"self":[{"href":"https:\/\/webdelmaestrocmf.com\/portal\/wp-json\/wp\/v2\/posts\/62182","targetHints":{"allow":["GET"]}}],"collection":[{"href":"https:\/\/webdelmaestrocmf.com\/portal\/wp-json\/wp\/v2\/posts"}],"about":[{"href":"https:\/\/webdelmaestrocmf.com\/portal\/wp-json\/wp\/v2\/types\/post"}],"author":[{"embeddable":true,"href":"https:\/\/webdelmaestrocmf.com\/portal\/wp-json\/wp\/v2\/users\/1"}],"replies":[{"embeddable":true,"href":"https:\/\/webdelmaestrocmf.com\/portal\/wp-json\/wp\/v2\/comments?post=62182"}],"version-history":[{"count":0,"href":"https:\/\/webdelmaestrocmf.com\/portal\/wp-json\/wp\/v2\/posts\/62182\/revisions"}],"wp:featuredmedia":[{"embeddable":true,"href":"https:\/\/webdelmaestrocmf.com\/portal\/wp-json\/wp\/v2\/media\/62183"}],"wp:attachment":[{"href":"https:\/\/webdelmaestrocmf.com\/portal\/wp-json\/wp\/v2\/media?parent=62182"}],"wp:term":[{"taxonomy":"category","embeddable":true,"href":"https:\/\/webdelmaestrocmf.com\/portal\/wp-json\/wp\/v2\/categories?post=62182"},{"taxonomy":"post_tag","embeddable":true,"href":"https:\/\/webdelmaestrocmf.com\/portal\/wp-json\/wp\/v2\/tags?post=62182"}],"curies":[{"name":"wp","href":"https:\/\/api.w.org\/{rel}","templated":true}]}}