{"id":62027,"date":"2021-04-21T18:00:00","date_gmt":"2021-04-21T22:00:00","guid":{"rendered":"https:\/\/webdelmaestrocmf.com\/portal\/?p=62027"},"modified":"2022-10-05T22:50:21","modified_gmt":"2022-10-06T01:50:21","slug":"usos-de-la-mayuscula-y-minuscula-descargue-todas-las-fichas-en-pdf","status":"publish","type":"post","link":"https:\/\/webdelmaestrocmf.com\/portal\/usos-de-la-mayuscula-y-minuscula-descargue-todas-las-fichas-en-pdf\/","title":{"rendered":"Usos de la may\u00fascula y min\u00fascula. Descargue todas las fichas en PDF"},"content":{"rendered":"<h5 style=\"text-align: justify;\">Normalmente, se escribe con letras\u00a0min\u00fasculas, si bien, por distintos motivos, pueden escribirse enteramente con\u00a0may\u00fasculas palabras, frases e incluso textos enteros. Lo usual es que las may\u00fasculas se utilicen solo en posici\u00f3n inicial de palabra, y su aparici\u00f3n est\u00e1 condicionada por distintos factores.<\/h5>\n<p><!--more--><\/p>\n<h5 style=\"text-align: justify;\">El uso de may\u00fasculas fuera de los casos m\u00e1s claros, como nombres propios de persona y de un buen n\u00famero de top\u00f3nimos, es objeto de continuos y vivos debates y no siempre hay acuerdo en casos m\u00e1s espec\u00edficos, por lo que a menudo ha sido m\u00e1s materia de\u00a0manuales de estilo.<\/h5>\n<p style=\"text-align: justify;\">La\u00a0OLE\u00a0es a este respecto mucho m\u00e1s extensa que obras acad\u00e9micas anteriores, aunque aclara que en las may\u00fasculas intervienen \u00abmuchos factores, como la intenci\u00f3n de quien escribe, el tipo de texto o el contexto de aparici\u00f3n\u00bb (p. 446), y contin\u00faa en esa misma p\u00e1gina:<\/p>\n<dl>\n<dt>\n<div class=\"pk-content-block pk-block-bg pk-block-bg-inverse\">&#8230; es a todas luces imposible prever y explicar todos los contextos en los que quien escribe puede optar por utilizar la may\u00fascula o la min\u00fascula en funci\u00f3n de variables muy diversas, sin que, en rigor, ninguno de los dos pueda considerarse incorrecto.<\/div>\n<\/dt>\n<\/dl>\n<p style=\"text-align: justify;\">Por tanto, no siempre se trata de normas r\u00edgidas y hay margen para la elecci\u00f3n personal o editorial. Lo importante es establecer un criterio y mantenerlo en un determinado escrito.<\/p>\n<h5 id=\"anchor_0\" class=\"titulo titulo--h2 titulo--apartado\" style=\"text-align: justify;\">Introducci\u00f3n al uso de las may\u00fasculas<\/h5>\n<div class=\"apartado\" style=\"text-align: justify;\">\n<p>Antes de explicar los usos de las letras may\u00fasculas, es importante tener en cuenta algunas cuestiones generales relativas al empleo de este tipo de letra. En primer lugar, al igual que las letras min\u00fasculas,<strong>\u00a0las letras may\u00fasculas se acent\u00faan<\/strong>\u00a0siguiendo lo establecido por las reglaste acentuaci\u00f3n.<\/p>\n<p><img loading=\"lazy\" decoding=\"async\" class=\"alignnone size-full wp-image-62030\" src=\"https:\/\/webdelmaestrocmf.com\/portal\/wp-content\/uploads\/2021\/04\/1-86.jpg\" alt=\"\" width=\"720\" height=\"902\" srcset=\"https:\/\/webdelmaestrocmf.com\/portal\/wp-content\/uploads\/2021\/04\/1-86.jpg 720w, https:\/\/webdelmaestrocmf.com\/portal\/wp-content\/uploads\/2021\/04\/1-86-239x300.jpg 239w, https:\/\/webdelmaestrocmf.com\/portal\/wp-content\/uploads\/2021\/04\/1-86-110x137.jpg 110w, https:\/\/webdelmaestrocmf.com\/portal\/wp-content\/uploads\/2021\/04\/1-86-200x250.jpg 200w, https:\/\/webdelmaestrocmf.com\/portal\/wp-content\/uploads\/2021\/04\/1-86-380x476.jpg 380w, https:\/\/webdelmaestrocmf.com\/portal\/wp-content\/uploads\/2021\/04\/1-86-255x318.jpg 255w, https:\/\/webdelmaestrocmf.com\/portal\/wp-content\/uploads\/2021\/04\/1-86-300x375.jpg 300w, https:\/\/webdelmaestrocmf.com\/portal\/wp-content\/uploads\/2021\/04\/1-86-550x689.jpg 550w, https:\/\/webdelmaestrocmf.com\/portal\/wp-content\/uploads\/2021\/04\/1-86-220x276.jpg 220w, https:\/\/webdelmaestrocmf.com\/portal\/wp-content\/uploads\/2021\/04\/1-86-400x500.jpg 400w, https:\/\/webdelmaestrocmf.com\/portal\/wp-content\/uploads\/2021\/04\/1-86-510x639.jpg 510w, https:\/\/webdelmaestrocmf.com\/portal\/wp-content\/uploads\/2021\/04\/1-86-600x752.jpg 600w, https:\/\/webdelmaestrocmf.com\/portal\/wp-content\/uploads\/2021\/04\/1-86-479x600.jpg 479w\" sizes=\"auto, (max-width: 720px) 100vw, 720px\" \/><\/p>\n<p>Por ejemplo, \u00ab\u00e1nima\u00bb es una palabra que, cuando se escribe en letras min\u00fasculas se acent\u00faa porque es esdr\u00fajula. Entonces, cuando escribimos la misma palabra con letra may\u00fascula, \u00ab\u00c1nima\u00bb, debemos escribirla con tilde en la letra inicial. Sin embargo,\u00a0<strong>las siglas<\/strong>, que son palabras que se escriben siempre en may\u00fascula,\u00a0<strong>nunca llevan tilde: \u00abCIA<\/strong>\u00ab, que procede del ingl\u00e9s\u00a0Central Intelligence Agency) no se acent\u00faa en espa\u00f1ol.<\/p>\n<p>Otro dato de inter\u00e9s en relaci\u00f3n al uso de la letra may\u00fascula inicial es el hecho de que las letras \u00abi\u00bb y \u00abj\u00bb, cuando se escriben en forma may\u00fascula, no llevan el punto, como en las palabras \u00abIndia\u00bb o \u00abJos\u00e9\u00bb.<\/p>\n<div class=\"imagen_wrap\">\n<div class=\"imagen lupa\" data-js-selector=\"imagen\" data-posicion=\"1\"><img loading=\"lazy\" decoding=\"async\" class=\"alignnone wp-image-62029\" src=\"https:\/\/webdelmaestrocmf.com\/portal\/wp-content\/uploads\/2021\/04\/1-85.jpg\" alt=\"\" width=\"736\" height=\"702\" srcset=\"https:\/\/webdelmaestrocmf.com\/portal\/wp-content\/uploads\/2021\/04\/1-85.jpg 578w, https:\/\/webdelmaestrocmf.com\/portal\/wp-content\/uploads\/2021\/04\/1-85-300x286.jpg 300w, https:\/\/webdelmaestrocmf.com\/portal\/wp-content\/uploads\/2021\/04\/1-85-110x105.jpg 110w, https:\/\/webdelmaestrocmf.com\/portal\/wp-content\/uploads\/2021\/04\/1-85-200x191.jpg 200w, https:\/\/webdelmaestrocmf.com\/portal\/wp-content\/uploads\/2021\/04\/1-85-380x362.jpg 380w, https:\/\/webdelmaestrocmf.com\/portal\/wp-content\/uploads\/2021\/04\/1-85-255x243.jpg 255w, https:\/\/webdelmaestrocmf.com\/portal\/wp-content\/uploads\/2021\/04\/1-85-550x524.jpg 550w, https:\/\/webdelmaestrocmf.com\/portal\/wp-content\/uploads\/2021\/04\/1-85-220x210.jpg 220w, https:\/\/webdelmaestrocmf.com\/portal\/wp-content\/uploads\/2021\/04\/1-85-400x381.jpg 400w, https:\/\/webdelmaestrocmf.com\/portal\/wp-content\/uploads\/2021\/04\/1-85-510x486.jpg 510w\" sizes=\"auto, (max-width: 736px) 100vw, 736px\" \/><\/div>\n<\/div>\n<\/div>\n<h5 id=\"anchor_1\" class=\"titulo titulo--h2 titulo--apartado\" style=\"text-align: justify;\">Uso de las may\u00fasculas seg\u00fan los signos de puntuaci\u00f3n<\/h5>\n<div class=\"apartado\" style=\"text-align: justify;\">\n<p>Dependiendo de la posici\u00f3n de los puntos a lo largo del discurso o del texto escrito, el uso de may\u00fasculas cambia o no, puesto que\u00a0<strong>la puntuaci\u00f3n condiciona de forma directa la aparici\u00f3n de las may\u00fasculas<\/strong>, tal y como veremos a continuaci\u00f3n, en los siguientes contextos:<\/p>\n<ul>\n<li><strong>Despu\u00e9s de un punto y seguido<\/strong>:\u00a0Esta noche he dormido mal. Estar\u00e9 cansado todo el d\u00eda.<\/li>\n<li><strong>Detr\u00e1s de los puntos suspensivos<\/strong>\u00a0siempre que la frase no contin\u00fae despu\u00e9s de ellos; es decir, siempre que los puntos suspensivos dividan dos frases independientes la una de la otra: As\u00ed,\u00a0T\u00fa tienes que comprar pan, cerveza, chocolate, lechuga, mermelada&#8230; y yo me encargo de hacer la cena\u00a0es un enunciado que contin\u00faa despu\u00e9s de los tres puntos, por lo que no lleva may\u00fascula, frente al siguiente ejemplo:\u00a0Fuimos al cine y despu\u00e9s a pasear&#8230; Hac\u00eda una noche\u00a0fr\u00eda de invierno como las de antes.<\/li>\n<li>Cuando\u00a0<strong>escribimos una carta<\/strong>, despu\u00e9s de los dos puntos del saludo inicial, utilizamos la letra may\u00fascula para iniciar la carta:\u00a0Querida Miriam: Te escribo porque&#8230;<\/li>\n<li>De igual forma, despu\u00e9s de los<strong>\u00a0dos puntos que utilizamos para reproducir un discurso<\/strong>\u00a0en estilo directo:\u00a0Alicia me dijo: \u00abTe querr\u00e9 siempre\u00bb.<\/li>\n<\/ul>\n<\/div>\n<h5 id=\"anchor_2\" class=\"titulo titulo--h2 titulo--apartado\" style=\"text-align: justify;\">Uso de las may\u00fasculas sin tener en cuenta los signos de puntuaci\u00f3n<\/h5>\n<div class=\"apartado\" style=\"text-align: justify;\">\n<p>Por otro lado, adem\u00e1s de los signos de puntuaci\u00f3n, las may\u00fasculas tambi\u00e9n se rigen por otro tipo de normas independientes de la puntuaci\u00f3n de un texto. Por ejemplo, siempre se\u00a0<strong>escriben con may\u00fascula inicial todos los nombres propios<\/strong>.<\/p>\n<p>En general, los nombres comunes se escriben siempre en letra min\u00fascula, pero, en determinados contextos, cuando este nombre com\u00fan se recategoriza y se emplea para nombrar una realidad distinta del resto, tambi\u00e9n se puede escribir con letra may\u00fascula.<\/p>\n<p>A continuaci\u00f3n, veremos algunos\u00a0<strong>ejemplos de sustantivos que se escriben con may\u00fascula<\/strong>:<\/p>\n<ul>\n<li>Los nombres propios de personas, animales y cosas singularizadas:\u00a0Isabel, Pedro, Rocinante, Tizona.<\/li>\n<li>Los apellidos:\u00a0Ramirez, Mart\u00ednez, Garc\u00eda, Moreno, Molina, Ruiz.<\/li>\n<li>Los nombres de dioses:\u00a0Dios, Al\u00e1, J\u00fapiter, Marte, Atenea, Isis, Jehov\u00e1.<\/li>\n<li>Los sobrenombres o apodos:\u00a0Alfonso X el Sabio, Manuel Ben\u00edtez el Cordob\u00e9s.<\/li>\n<li>Los top\u00f3nimos:\u00a0Am\u00e9rica, Italia, Toledo, M\u00e9xico, la Mancha, el Ebro, los Pirineos, Sevilla, Madrid, Sierra Nevada, los Picos de Europa, R\u00edo de la Plata.<\/li>\n<li>Los nombres de las calles y los espacio p\u00fablicos de las ciudades se escriben con may\u00fascula, pero se escriben con min\u00fascula los nombres comunes que les acompa\u00f1en: As\u00ed, escribimos \u00abcalle\u00bb con min\u00fascula\u00bb pero \u00abSierpes\u00bb con may\u00fascula porque es el nombre propio de la calle: \u00abcalle Sierpes\u00bb. Lo mismo ocurre con:\u00a0calle Alcal\u00e1, plaza Mayor, plaza de Espa\u00f1a, paseo de Recoletos, avenida de la Constituci\u00f3n.<\/li>\n<li>Se escriben tambi\u00e9n con may\u00fasculas los nombre de los cuatro puntos cardinales:\u00a0Norte, Sur, Este y Oeste,\u00a0as\u00ed como los nombres y adjetivos que dan t\u00edtulo a publicaciones peri\u00f3dicas o colecciones:\u00a0La Vanguardia, el Marca, la Biblioteca de Autores Espa\u00f1oles.<\/li>\n<li>Tambi\u00e9n se escriben con letra may\u00fascula los nombres de las festividades:\u00a0Navidad, Corpus, D\u00eda de la Constituci\u00f3n, Feria de Abril, D\u00eda del Trabajador.<\/li>\n<\/ul>\n<div class=\"imagen_wrap\">\n<div class=\"imagen lupa\" data-js-selector=\"imagen\" data-posicion=\"2\"><img loading=\"lazy\" decoding=\"async\" class=\"alignnone wp-image-62028\" src=\"https:\/\/webdelmaestrocmf.com\/portal\/wp-content\/uploads\/2021\/04\/1-84.jpg\" alt=\"\" width=\"819\" height=\"614\" srcset=\"https:\/\/webdelmaestrocmf.com\/portal\/wp-content\/uploads\/2021\/04\/1-84.jpg 480w, https:\/\/webdelmaestrocmf.com\/portal\/wp-content\/uploads\/2021\/04\/1-84-300x225.jpg 300w, https:\/\/webdelmaestrocmf.com\/portal\/wp-content\/uploads\/2021\/04\/1-84-110x83.jpg 110w, https:\/\/webdelmaestrocmf.com\/portal\/wp-content\/uploads\/2021\/04\/1-84-200x150.jpg 200w, https:\/\/webdelmaestrocmf.com\/portal\/wp-content\/uploads\/2021\/04\/1-84-380x285.jpg 380w, https:\/\/webdelmaestrocmf.com\/portal\/wp-content\/uploads\/2021\/04\/1-84-255x191.jpg 255w, https:\/\/webdelmaestrocmf.com\/portal\/wp-content\/uploads\/2021\/04\/1-84-220x165.jpg 220w, https:\/\/webdelmaestrocmf.com\/portal\/wp-content\/uploads\/2021\/04\/1-84-400x300.jpg 400w\" sizes=\"auto, (max-width: 819px) 100vw, 819px\" \/><\/div>\n<\/div>\n<\/div>\n<h5 id=\"anchor_3\" class=\"titulo titulo--h2 titulo--apartado\" style=\"text-align: justify;\">Uso de las min\u00fasculas<\/h5>\n<div class=\"apartado\">\n<p style=\"text-align: justify;\">La letra may\u00fascula se utiliza para la escritura gen\u00e9rica en espa\u00f1ol. Por ejemplo, los d\u00edas, meses y estaciones del a\u00f1o se escriben con min\u00fascula en nuestra lengua, salvo que formen parte de un nombre propio como por ejemplo\u00a0Jueves Santo, en cuyo caso se escribir\u00eda con may\u00fascula.<\/p>\n<p style=\"text-align: justify;\">Por otra parte,\u00a0<strong>todos los nombres comunes se escriben, por norma general, en letra min\u00fascula,<\/strong>\u00a0salvo las excepciones antes mencionadas. De igual forma, los nombres propios que se recategorizan y se utilizan como comunes, se deben escribir con letra min\u00fascula. Tambi\u00e9n se escriben en min\u00fasculas las f\u00f3rmulas de tratamiento como\u00a0usted, se\u00f1or(a), santo(a)\u00a0o\u00a0don(\u00f1a).<\/p>\n<p><strong>Este contenido ha sido publicado originalmente por Un Profesor en la siguiente direcci\u00f3n: <a href=\"http:\/\/unprofesor.com\" target=\"_blank\" rel=\"noopener\">unprofesor.com<\/a><\/strong><\/p>\n<p style=\"text-align: center;\">Recomendamos a la Comunidad Educativa Digital tener en cuenta que, el enlace y\/o la carpeta en donde est\u00e1n alojados los libros, recursos y\/o materiales, no es administrado por la Web del Maestro CMF, pueda ser que en cuesti\u00f3n de d\u00edas (o seg\u00fan el tiempo transcurrido desde su publicaci\u00f3n), los enlaces no funcionen y el material ya no se encuentre disponible. Gracias por su comprensi\u00f3n.<\/p>\n<h3>ENLACE DE LECTURA:<\/h3>\n<p style=\"text-align: center;\">\u00a1Comparte y as\u00ed m\u00e1s docentes utilizar\u00e1n estos recursos\u00a0gratis! Muchas gracias.<\/p>\n<p style=\"text-align: center;\">LECTURA 1: <span style=\"color: #000000;\"><a style=\"color: #000000;\" href=\"https:\/\/mega.nz\/folder\/LnoxRYaC#v3wmdwP5EXzbtDijI7MsLQ\" target=\"_blank\" rel=\"noopener\">DESCARGUE TODAS LA FICHAS<\/a><\/span><\/p>\n\t\t<div class=\"pk-inline-posts\">\n\t\t\t\n\t\t\t<div class=\"pk-inline-posts-container pk-inline-posts-template-list\"\n\t\t\t\tdata-columns=\"1\">\n\t\t\t\t\t\t<article id=\"post-101267\" class=\"post-101267 post type-post status-publish format-standard has-post-thumbnail category-calculo category-descargas-manuales-pdf category-pedagogia tag-calculo tag-desarrollar tag-guia tag-mental tag-ninos cs-entry cs-video-wrap\">\n\t\t\t<div class=\"pk-post-outer\">\n\n\t\t\t\t\t\t\t\t<div class=\"pk-post-inner\">\n\t\t\t\t\t<div class=\"entry-thumbnail\">\n\t\t\t\t\t\t<div class=\"pk-overlay pk-overlay-ratio pk-ratio-landscape\">\n\t\t\t\t\t\t\t<div class=\"pk-overlay-background\">\n\t\t\t\t\t\t\t\t<a href=\"https:\/\/webdelmaestrocmf.com\/portal\/guia-para-desarrollar-el-calculo-mental-en-ninos\/\" class=\"pk-overlay-link\">\n\t\t\t\t\t\t\t\t\t<img loading=\"lazy\" decoding=\"async\" width=\"300\" height=\"225\" src=\"https:\/\/webdelmaestrocmf.com\/portal\/wp-content\/uploads\/2023\/11\/1AA-Banner-1-portada-imagen-10-1-copia-1-300x225.webp\" class=\"attachment-pk-thumbnail size-pk-thumbnail wp-post-image\" alt=\"\" \/>\t\t\t\t\t\t\t\t<\/a>\n\t\t\t\t\t\t\t<\/div>\n\t\t\t\t\t\t<\/div>\n\t\t\t\t\t<\/div>\n\t\t\t\t<\/div>\n\t\t\t\t\n\t\t\t\t<div class=\"pk-post-inner\">\n\t\t\t\t\t<header>\n\t\t\t\t\t\t<h3 class=\"pk-title\"><a href=\"https:\/\/webdelmaestrocmf.com\/portal\/guia-para-desarrollar-el-calculo-mental-en-ninos\/\" rel=\"bookmark\">Gu\u00eda pr\u00e1ctica para desarrollar el c\u00e1lculo mental en ni\u00f1os: descarga los tres cuadernillos de c\u00e1lculo mental<\/a><\/h3>\t\t\t\t\t<\/header><!-- .entry-header -->\n\t\t\t\t<\/div><!-- .post-inner -->\n\n\t\t\t<\/div><!-- .post-outer -->\n\t\t<\/article>\n\t\t\t\t<\/div>\n\t\t<\/div>\n\t\t\n<\/div>\n","protected":false},"excerpt":{"rendered":"Normalmente, se escribe con letras\u00a0min\u00fasculas, si bien, por distintos motivos, pueden escribirse enteramente con\u00a0may\u00fasculas palabras, frases e incluso&hellip;","protected":false},"author":1,"featured_media":62031,"comment_status":"open","ping_status":"closed","sticky":false,"template":"","format":"standard","meta":{"csco_display_header_overlay":false,"csco_singular_sidebar":"default","csco_page_header_type":"default","csco_page_load_nextpost":"default","csco_post_video_location":[],"csco_post_video_location_hash":"","csco_post_video_url":"","csco_post_video_bg_start_time":0,"csco_post_video_bg_end_time":0,"csco_post_video_bg_volume":false,"_jetpack_memberships_contains_paid_content":false,"footnotes":""},"categories":[2004,735],"tags":[5506,2214,6808,6809,776,3936],"class_list":{"0":"post-62027","1":"post","2":"type-post","3":"status-publish","4":"format-standard","5":"has-post-thumbnail","7":"category-descargas-manuales-pdf","8":"category-pedagogia","9":"tag-descargue","10":"tag-fichas","11":"tag-mayuscula","12":"tag-minuscula","13":"tag-pdf","14":"tag-todas","15":"cs-entry","16":"cs-video-wrap"},"yoast_head":"<!-- This site is optimized with the Yoast SEO plugin v27.5 - https:\/\/yoast.com\/product\/yoast-seo-wordpress\/ -->\n<title>Usos de la may\u00fascula y min\u00fascula. Descargue todas las fichas en PDF - 2026<\/title>\n<meta name=\"description\" content=\"Normalmente, se escribe con letras\u00a0min\u00fasculas, si bien, por distintos motivos, pueden escribirse enteramente con\u00a0may\u00fasculas palabras...\" \/>\n<meta name=\"robots\" content=\"index, follow, max-snippet:-1, max-image-preview:large, max-video-preview:-1\" \/>\n<link rel=\"canonical\" href=\"https:\/\/webdelmaestrocmf.com\/portal\/usos-de-la-mayuscula-y-minuscula-descargue-todas-las-fichas-en-pdf\/\" \/>\n<meta property=\"og:locale\" content=\"es_ES\" \/>\n<meta property=\"og:type\" content=\"article\" \/>\n<meta property=\"og:title\" content=\"Usos de la may\u00fascula y min\u00fascula. Descargue todas las fichas en PDF - 2026\" \/>\n<meta property=\"og:description\" content=\"Normalmente, se escribe con letras\u00a0min\u00fasculas, si bien, por distintos motivos, pueden escribirse enteramente con\u00a0may\u00fasculas palabras...\" \/>\n<meta property=\"og:url\" content=\"https:\/\/webdelmaestrocmf.com\/portal\/usos-de-la-mayuscula-y-minuscula-descargue-todas-las-fichas-en-pdf\/\" \/>\n<meta property=\"og:site_name\" content=\"Web del Maestro CMF\" \/>\n<meta property=\"article:publisher\" content=\"https:\/\/www.facebook.com\/WebdelMaestroCMF\/\" \/>\n<meta property=\"article:author\" content=\"https:\/\/www.facebook.com\/WebdelMaestroCMF\/\" \/>\n<meta property=\"article:published_time\" content=\"2021-04-21T22:00:00+00:00\" \/>\n<meta property=\"article:modified_time\" content=\"2022-10-06T01:50:21+00:00\" \/>\n<meta property=\"og:image\" content=\"https:\/\/i0.wp.com\/webdelmaestrocmf.com\/portal\/wp-content\/uploads\/2021\/04\/1-87.jpg?fit=1100%2C680&ssl=1\" \/>\n\t<meta property=\"og:image:width\" content=\"1100\" \/>\n\t<meta property=\"og:image:height\" content=\"680\" \/>\n\t<meta property=\"og:image:type\" content=\"image\/jpeg\" \/>\n<meta name=\"author\" content=\"Web del Maestro CMF\" \/>\n<meta name=\"twitter:card\" content=\"summary_large_image\" \/>\n<meta name=\"twitter:creator\" content=\"@cmf_w\" \/>\n<meta name=\"twitter:site\" content=\"@cmf_w\" \/>\n<script type=\"application\/ld+json\" class=\"yoast-schema-graph\">{\"@context\":\"https:\\\/\\\/schema.org\",\"@graph\":[{\"@type\":\"ScholarlyArticle\",\"@id\":\"https:\\\/\\\/webdelmaestrocmf.com\\\/portal\\\/usos-de-la-mayuscula-y-minuscula-descargue-todas-las-fichas-en-pdf\\\/#article\",\"isPartOf\":{\"@id\":\"https:\\\/\\\/webdelmaestrocmf.com\\\/portal\\\/usos-de-la-mayuscula-y-minuscula-descargue-todas-las-fichas-en-pdf\\\/\"},\"author\":{\"name\":\"Web del Maestro CMF\",\"@id\":\"https:\\\/\\\/webdelmaestrocmf.com\\\/portal\\\/#\\\/schema\\\/person\\\/1072a2ed7bd960df8ef99a551fa35dc5\"},\"headline\":\"Usos de la may\u00fascula y min\u00fascula. Descargue todas las fichas en PDF\",\"datePublished\":\"2021-04-21T22:00:00+00:00\",\"dateModified\":\"2022-10-06T01:50:21+00:00\",\"mainEntityOfPage\":{\"@id\":\"https:\\\/\\\/webdelmaestrocmf.com\\\/portal\\\/usos-de-la-mayuscula-y-minuscula-descargue-todas-las-fichas-en-pdf\\\/\"},\"wordCount\":1223,\"commentCount\":0,\"publisher\":{\"@id\":\"https:\\\/\\\/webdelmaestrocmf.com\\\/portal\\\/#organization\"},\"image\":{\"@id\":\"https:\\\/\\\/webdelmaestrocmf.com\\\/portal\\\/usos-de-la-mayuscula-y-minuscula-descargue-todas-las-fichas-en-pdf\\\/#primaryimage\"},\"thumbnailUrl\":\"https:\\\/\\\/webdelmaestrocmf.com\\\/portal\\\/wp-content\\\/uploads\\\/2021\\\/04\\\/1-87.jpg\",\"keywords\":[\"Descargue\",\"FICHAS\",\"may\u00fascula\",\"min\u00fascula\",\"PDF\",\"TODAS\"],\"articleSection\":[\"Descargas Manuales PDF\",\"Recursos\"],\"inLanguage\":\"es\",\"potentialAction\":[{\"@type\":\"CommentAction\",\"name\":\"Comment\",\"target\":[\"https:\\\/\\\/webdelmaestrocmf.com\\\/portal\\\/usos-de-la-mayuscula-y-minuscula-descargue-todas-las-fichas-en-pdf\\\/#respond\"]}]},{\"@type\":\"WebPage\",\"@id\":\"https:\\\/\\\/webdelmaestrocmf.com\\\/portal\\\/usos-de-la-mayuscula-y-minuscula-descargue-todas-las-fichas-en-pdf\\\/\",\"url\":\"https:\\\/\\\/webdelmaestrocmf.com\\\/portal\\\/usos-de-la-mayuscula-y-minuscula-descargue-todas-las-fichas-en-pdf\\\/\",\"name\":\"Usos de la may\u00fascula y min\u00fascula. Descargue todas las fichas en PDF - 2026\",\"isPartOf\":{\"@id\":\"https:\\\/\\\/webdelmaestrocmf.com\\\/portal\\\/#website\"},\"primaryImageOfPage\":{\"@id\":\"https:\\\/\\\/webdelmaestrocmf.com\\\/portal\\\/usos-de-la-mayuscula-y-minuscula-descargue-todas-las-fichas-en-pdf\\\/#primaryimage\"},\"image\":{\"@id\":\"https:\\\/\\\/webdelmaestrocmf.com\\\/portal\\\/usos-de-la-mayuscula-y-minuscula-descargue-todas-las-fichas-en-pdf\\\/#primaryimage\"},\"thumbnailUrl\":\"https:\\\/\\\/webdelmaestrocmf.com\\\/portal\\\/wp-content\\\/uploads\\\/2021\\\/04\\\/1-87.jpg\",\"datePublished\":\"2021-04-21T22:00:00+00:00\",\"dateModified\":\"2022-10-06T01:50:21+00:00\",\"description\":\"Normalmente, se escribe con letras\u00a0min\u00fasculas, si bien, por distintos motivos, pueden escribirse enteramente con\u00a0may\u00fasculas palabras...\",\"breadcrumb\":{\"@id\":\"https:\\\/\\\/webdelmaestrocmf.com\\\/portal\\\/usos-de-la-mayuscula-y-minuscula-descargue-todas-las-fichas-en-pdf\\\/#breadcrumb\"},\"inLanguage\":\"es\",\"potentialAction\":[{\"@type\":\"ReadAction\",\"target\":[\"https:\\\/\\\/webdelmaestrocmf.com\\\/portal\\\/usos-de-la-mayuscula-y-minuscula-descargue-todas-las-fichas-en-pdf\\\/\"]}]},{\"@type\":\"ImageObject\",\"inLanguage\":\"es\",\"@id\":\"https:\\\/\\\/webdelmaestrocmf.com\\\/portal\\\/usos-de-la-mayuscula-y-minuscula-descargue-todas-las-fichas-en-pdf\\\/#primaryimage\",\"url\":\"https:\\\/\\\/webdelmaestrocmf.com\\\/portal\\\/wp-content\\\/uploads\\\/2021\\\/04\\\/1-87.jpg\",\"contentUrl\":\"https:\\\/\\\/webdelmaestrocmf.com\\\/portal\\\/wp-content\\\/uploads\\\/2021\\\/04\\\/1-87.jpg\",\"width\":1100,\"height\":680},{\"@type\":\"BreadcrumbList\",\"@id\":\"https:\\\/\\\/webdelmaestrocmf.com\\\/portal\\\/usos-de-la-mayuscula-y-minuscula-descargue-todas-las-fichas-en-pdf\\\/#breadcrumb\",\"itemListElement\":[{\"@type\":\"ListItem\",\"position\":1,\"name\":\"Portada\",\"item\":\"https:\\\/\\\/webdelmaestrocmf.com\\\/portal\\\/\"},{\"@type\":\"ListItem\",\"position\":2,\"name\":\"Recursos\",\"item\":\"https:\\\/\\\/webdelmaestrocmf.com\\\/portal\\\/category\\\/pedagogia\\\/\"},{\"@type\":\"ListItem\",\"position\":3,\"name\":\"Usos de la may\u00fascula y min\u00fascula. Descargue todas las fichas en PDF\"}]},{\"@type\":\"WebSite\",\"@id\":\"https:\\\/\\\/webdelmaestrocmf.com\\\/portal\\\/#website\",\"url\":\"https:\\\/\\\/webdelmaestrocmf.com\\\/portal\\\/\",\"name\":\"Web del Maestro CMF\",\"description\":\"Maestros al servicio de la educaci\u00f3n\",\"publisher\":{\"@id\":\"https:\\\/\\\/webdelmaestrocmf.com\\\/portal\\\/#organization\"},\"alternateName\":\"WMCMF\",\"potentialAction\":[{\"@type\":\"SearchAction\",\"target\":{\"@type\":\"EntryPoint\",\"urlTemplate\":\"https:\\\/\\\/webdelmaestrocmf.com\\\/portal\\\/?s={search_term_string}\"},\"query-input\":{\"@type\":\"PropertyValueSpecification\",\"valueRequired\":true,\"valueName\":\"search_term_string\"}}],\"inLanguage\":\"es\"},{\"@type\":\"Organization\",\"@id\":\"https:\\\/\\\/webdelmaestrocmf.com\\\/portal\\\/#organization\",\"name\":\"Web del Maestro CMF\",\"alternateName\":\"WMCMF\",\"url\":\"https:\\\/\\\/webdelmaestrocmf.com\\\/portal\\\/\",\"logo\":{\"@type\":\"ImageObject\",\"inLanguage\":\"es\",\"@id\":\"https:\\\/\\\/webdelmaestrocmf.com\\\/portal\\\/#\\\/schema\\\/logo\\\/image\\\/\",\"url\":\"https:\\\/\\\/webdelmaestrocmf.com\\\/portal\\\/wp-content\\\/uploads\\\/2023\\\/01\\\/logo-wmcmf-2.png\",\"contentUrl\":\"https:\\\/\\\/webdelmaestrocmf.com\\\/portal\\\/wp-content\\\/uploads\\\/2023\\\/01\\\/logo-wmcmf-2.png\",\"width\":200,\"height\":60,\"caption\":\"Web del Maestro CMF\"},\"image\":{\"@id\":\"https:\\\/\\\/webdelmaestrocmf.com\\\/portal\\\/#\\\/schema\\\/logo\\\/image\\\/\"},\"sameAs\":[\"https:\\\/\\\/www.facebook.com\\\/WebdelMaestroCMF\\\/\",\"https:\\\/\\\/x.com\\\/cmf_w\",\"https:\\\/\\\/www.pinterest.com\\\/WMCMF\\\/\",\"https:\\\/\\\/www.linkedin.com\\\/company\\\/web-del-maestro-cmf\\\/\",\"https:\\\/\\\/www.instagram.com\\\/wmcmf\\\/\",\"https:\\\/\\\/www.youtube.com\\\/channel\\\/UCDPSvjbdodE5sHnC3OxutHw\",\"https:\\\/\\\/mastodon.social\\\/@wmcmf\",\"https:\\\/\\\/www.tiktok.com\\\/@webdelmaestrocmf\"]},{\"@type\":\"Person\",\"@id\":\"https:\\\/\\\/webdelmaestrocmf.com\\\/portal\\\/#\\\/schema\\\/person\\\/1072a2ed7bd960df8ef99a551fa35dc5\",\"name\":\"Web del Maestro CMF\",\"image\":{\"@type\":\"ImageObject\",\"inLanguage\":\"es\",\"@id\":\"https:\\\/\\\/secure.gravatar.com\\\/avatar\\\/23291dd5b5ae1077dcff3dbb04c3e02bd28403fa75af6d8787d5e97c5bbbe30b?s=96&d=mm&r=g\",\"url\":\"https:\\\/\\\/secure.gravatar.com\\\/avatar\\\/23291dd5b5ae1077dcff3dbb04c3e02bd28403fa75af6d8787d5e97c5bbbe30b?s=96&d=mm&r=g\",\"contentUrl\":\"https:\\\/\\\/secure.gravatar.com\\\/avatar\\\/23291dd5b5ae1077dcff3dbb04c3e02bd28403fa75af6d8787d5e97c5bbbe30b?s=96&d=mm&r=g\",\"caption\":\"Web del Maestro CMF\"},\"description\":\"Esta Web se cre\u00f3 sin fines de lucro, con fines educativos, cient\u00edficos y acad\u00e9micos, para personas que tengan dificultades y\\\/o inconvenientes en visualizar el material original. El objetivo es entregar recursos, compartir experiencias y materiales que ayuden a los padres de familia, maestros y estudiantes en su actualizaci\u00f3n y formaci\u00f3n permanente, en bien de la Educaci\u00f3n.\",\"sameAs\":[\"http:\\\/\\\/webdelmaestrocmf.com\\\/portal\",\"https:\\\/\\\/www.facebook.com\\\/WebdelMaestroCMF\\\/\",\"https:\\\/\\\/www.instagram.com\\\/wmcmf\\\/\",\"https:\\\/\\\/cl.linkedin.com\\\/company\\\/web-del-maestro-cmf\",\"https:\\\/\\\/www.pinterest.com\\\/WMCMF\\\/publicaciones\\\/\",\"https:\\\/\\\/x.com\\\/cmf_w\",\"https:\\\/\\\/www.youtube.com\\\/@WMCMF\"]}]}<\/script>\n<!-- \/ Yoast SEO plugin. -->","yoast_head_json":{"title":"Usos de la may\u00fascula y min\u00fascula. Descargue todas las fichas en PDF - 2026","description":"Normalmente, se escribe con letras\u00a0min\u00fasculas, si bien, por distintos motivos, pueden escribirse enteramente con\u00a0may\u00fasculas palabras...","robots":{"index":"index","follow":"follow","max-snippet":"max-snippet:-1","max-image-preview":"max-image-preview:large","max-video-preview":"max-video-preview:-1"},"canonical":"https:\/\/webdelmaestrocmf.com\/portal\/usos-de-la-mayuscula-y-minuscula-descargue-todas-las-fichas-en-pdf\/","og_locale":"es_ES","og_type":"article","og_title":"Usos de la may\u00fascula y min\u00fascula. Descargue todas las fichas en PDF - 2026","og_description":"Normalmente, se escribe con letras\u00a0min\u00fasculas, si bien, por distintos motivos, pueden escribirse enteramente con\u00a0may\u00fasculas palabras...","og_url":"https:\/\/webdelmaestrocmf.com\/portal\/usos-de-la-mayuscula-y-minuscula-descargue-todas-las-fichas-en-pdf\/","og_site_name":"Web del Maestro CMF","article_publisher":"https:\/\/www.facebook.com\/WebdelMaestroCMF\/","article_author":"https:\/\/www.facebook.com\/WebdelMaestroCMF\/","article_published_time":"2021-04-21T22:00:00+00:00","article_modified_time":"2022-10-06T01:50:21+00:00","og_image":[{"width":1100,"height":680,"url":"https:\/\/i0.wp.com\/webdelmaestrocmf.com\/portal\/wp-content\/uploads\/2021\/04\/1-87.jpg?fit=1100%2C680&ssl=1","type":"image\/jpeg"}],"author":"Web del Maestro CMF","twitter_card":"summary_large_image","twitter_creator":"@cmf_w","twitter_site":"@cmf_w","schema":{"@context":"https:\/\/schema.org","@graph":[{"@type":"ScholarlyArticle","@id":"https:\/\/webdelmaestrocmf.com\/portal\/usos-de-la-mayuscula-y-minuscula-descargue-todas-las-fichas-en-pdf\/#article","isPartOf":{"@id":"https:\/\/webdelmaestrocmf.com\/portal\/usos-de-la-mayuscula-y-minuscula-descargue-todas-las-fichas-en-pdf\/"},"author":{"name":"Web del Maestro CMF","@id":"https:\/\/webdelmaestrocmf.com\/portal\/#\/schema\/person\/1072a2ed7bd960df8ef99a551fa35dc5"},"headline":"Usos de la may\u00fascula y min\u00fascula. Descargue todas las fichas en PDF","datePublished":"2021-04-21T22:00:00+00:00","dateModified":"2022-10-06T01:50:21+00:00","mainEntityOfPage":{"@id":"https:\/\/webdelmaestrocmf.com\/portal\/usos-de-la-mayuscula-y-minuscula-descargue-todas-las-fichas-en-pdf\/"},"wordCount":1223,"commentCount":0,"publisher":{"@id":"https:\/\/webdelmaestrocmf.com\/portal\/#organization"},"image":{"@id":"https:\/\/webdelmaestrocmf.com\/portal\/usos-de-la-mayuscula-y-minuscula-descargue-todas-las-fichas-en-pdf\/#primaryimage"},"thumbnailUrl":"https:\/\/webdelmaestrocmf.com\/portal\/wp-content\/uploads\/2021\/04\/1-87.jpg","keywords":["Descargue","FICHAS","may\u00fascula","min\u00fascula","PDF","TODAS"],"articleSection":["Descargas Manuales PDF","Recursos"],"inLanguage":"es","potentialAction":[{"@type":"CommentAction","name":"Comment","target":["https:\/\/webdelmaestrocmf.com\/portal\/usos-de-la-mayuscula-y-minuscula-descargue-todas-las-fichas-en-pdf\/#respond"]}]},{"@type":"WebPage","@id":"https:\/\/webdelmaestrocmf.com\/portal\/usos-de-la-mayuscula-y-minuscula-descargue-todas-las-fichas-en-pdf\/","url":"https:\/\/webdelmaestrocmf.com\/portal\/usos-de-la-mayuscula-y-minuscula-descargue-todas-las-fichas-en-pdf\/","name":"Usos de la may\u00fascula y min\u00fascula. Descargue todas las fichas en PDF - 2026","isPartOf":{"@id":"https:\/\/webdelmaestrocmf.com\/portal\/#website"},"primaryImageOfPage":{"@id":"https:\/\/webdelmaestrocmf.com\/portal\/usos-de-la-mayuscula-y-minuscula-descargue-todas-las-fichas-en-pdf\/#primaryimage"},"image":{"@id":"https:\/\/webdelmaestrocmf.com\/portal\/usos-de-la-mayuscula-y-minuscula-descargue-todas-las-fichas-en-pdf\/#primaryimage"},"thumbnailUrl":"https:\/\/webdelmaestrocmf.com\/portal\/wp-content\/uploads\/2021\/04\/1-87.jpg","datePublished":"2021-04-21T22:00:00+00:00","dateModified":"2022-10-06T01:50:21+00:00","description":"Normalmente, se escribe con letras\u00a0min\u00fasculas, si bien, por distintos motivos, pueden escribirse enteramente con\u00a0may\u00fasculas palabras...","breadcrumb":{"@id":"https:\/\/webdelmaestrocmf.com\/portal\/usos-de-la-mayuscula-y-minuscula-descargue-todas-las-fichas-en-pdf\/#breadcrumb"},"inLanguage":"es","potentialAction":[{"@type":"ReadAction","target":["https:\/\/webdelmaestrocmf.com\/portal\/usos-de-la-mayuscula-y-minuscula-descargue-todas-las-fichas-en-pdf\/"]}]},{"@type":"ImageObject","inLanguage":"es","@id":"https:\/\/webdelmaestrocmf.com\/portal\/usos-de-la-mayuscula-y-minuscula-descargue-todas-las-fichas-en-pdf\/#primaryimage","url":"https:\/\/webdelmaestrocmf.com\/portal\/wp-content\/uploads\/2021\/04\/1-87.jpg","contentUrl":"https:\/\/webdelmaestrocmf.com\/portal\/wp-content\/uploads\/2021\/04\/1-87.jpg","width":1100,"height":680},{"@type":"BreadcrumbList","@id":"https:\/\/webdelmaestrocmf.com\/portal\/usos-de-la-mayuscula-y-minuscula-descargue-todas-las-fichas-en-pdf\/#breadcrumb","itemListElement":[{"@type":"ListItem","position":1,"name":"Portada","item":"https:\/\/webdelmaestrocmf.com\/portal\/"},{"@type":"ListItem","position":2,"name":"Recursos","item":"https:\/\/webdelmaestrocmf.com\/portal\/category\/pedagogia\/"},{"@type":"ListItem","position":3,"name":"Usos de la may\u00fascula y min\u00fascula. Descargue todas las fichas en PDF"}]},{"@type":"WebSite","@id":"https:\/\/webdelmaestrocmf.com\/portal\/#website","url":"https:\/\/webdelmaestrocmf.com\/portal\/","name":"Web del Maestro CMF","description":"Maestros al servicio de la educaci\u00f3n","publisher":{"@id":"https:\/\/webdelmaestrocmf.com\/portal\/#organization"},"alternateName":"WMCMF","potentialAction":[{"@type":"SearchAction","target":{"@type":"EntryPoint","urlTemplate":"https:\/\/webdelmaestrocmf.com\/portal\/?s={search_term_string}"},"query-input":{"@type":"PropertyValueSpecification","valueRequired":true,"valueName":"search_term_string"}}],"inLanguage":"es"},{"@type":"Organization","@id":"https:\/\/webdelmaestrocmf.com\/portal\/#organization","name":"Web del Maestro CMF","alternateName":"WMCMF","url":"https:\/\/webdelmaestrocmf.com\/portal\/","logo":{"@type":"ImageObject","inLanguage":"es","@id":"https:\/\/webdelmaestrocmf.com\/portal\/#\/schema\/logo\/image\/","url":"https:\/\/webdelmaestrocmf.com\/portal\/wp-content\/uploads\/2023\/01\/logo-wmcmf-2.png","contentUrl":"https:\/\/webdelmaestrocmf.com\/portal\/wp-content\/uploads\/2023\/01\/logo-wmcmf-2.png","width":200,"height":60,"caption":"Web del Maestro CMF"},"image":{"@id":"https:\/\/webdelmaestrocmf.com\/portal\/#\/schema\/logo\/image\/"},"sameAs":["https:\/\/www.facebook.com\/WebdelMaestroCMF\/","https:\/\/x.com\/cmf_w","https:\/\/www.pinterest.com\/WMCMF\/","https:\/\/www.linkedin.com\/company\/web-del-maestro-cmf\/","https:\/\/www.instagram.com\/wmcmf\/","https:\/\/www.youtube.com\/channel\/UCDPSvjbdodE5sHnC3OxutHw","https:\/\/mastodon.social\/@wmcmf","https:\/\/www.tiktok.com\/@webdelmaestrocmf"]},{"@type":"Person","@id":"https:\/\/webdelmaestrocmf.com\/portal\/#\/schema\/person\/1072a2ed7bd960df8ef99a551fa35dc5","name":"Web del Maestro CMF","image":{"@type":"ImageObject","inLanguage":"es","@id":"https:\/\/secure.gravatar.com\/avatar\/23291dd5b5ae1077dcff3dbb04c3e02bd28403fa75af6d8787d5e97c5bbbe30b?s=96&d=mm&r=g","url":"https:\/\/secure.gravatar.com\/avatar\/23291dd5b5ae1077dcff3dbb04c3e02bd28403fa75af6d8787d5e97c5bbbe30b?s=96&d=mm&r=g","contentUrl":"https:\/\/secure.gravatar.com\/avatar\/23291dd5b5ae1077dcff3dbb04c3e02bd28403fa75af6d8787d5e97c5bbbe30b?s=96&d=mm&r=g","caption":"Web del Maestro CMF"},"description":"Esta Web se cre\u00f3 sin fines de lucro, con fines educativos, cient\u00edficos y acad\u00e9micos, para personas que tengan dificultades y\/o inconvenientes en visualizar el material original. El objetivo es entregar recursos, compartir experiencias y materiales que ayuden a los padres de familia, maestros y estudiantes en su actualizaci\u00f3n y formaci\u00f3n permanente, en bien de la Educaci\u00f3n.","sameAs":["http:\/\/webdelmaestrocmf.com\/portal","https:\/\/www.facebook.com\/WebdelMaestroCMF\/","https:\/\/www.instagram.com\/wmcmf\/","https:\/\/cl.linkedin.com\/company\/web-del-maestro-cmf","https:\/\/www.pinterest.com\/WMCMF\/publicaciones\/","https:\/\/x.com\/cmf_w","https:\/\/www.youtube.com\/@WMCMF"]}]}},"jetpack_featured_media_url":"https:\/\/webdelmaestrocmf.com\/portal\/wp-content\/uploads\/2021\/04\/1-87.jpg","jetpack_sharing_enabled":true,"jetpack-related-posts":[{"id":27030,"url":"https:\/\/webdelmaestrocmf.com\/portal\/250-juegos-ejercicios-y-actividades-de-ortografia-para-estudiantes\/","url_meta":{"origin":62027,"position":0},"title":"Ortograf\u00eda: reglas, ejercicios, juegos y actividades","author":"Web del Maestro CMF","date":"24 noviembre, 2023","format":false,"excerpt":"La ortograf\u00eda regula la correcta escritura y es clave para una comunicaci\u00f3n clara. Su ense\u00f1anza sigue siendo un desaf\u00edo, por lo que practicar con ejercicios fortalece reglas, comprensi\u00f3n y precisi\u00f3n en los estudiantes","rel":"","context":"En \u00abJuegos\u00bb","block_context":{"text":"Juegos","link":"https:\/\/webdelmaestrocmf.com\/portal\/category\/pedagogia\/juegos\/"},"img":{"alt_text":"","src":"https:\/\/i0.wp.com\/webdelmaestrocmf.com\/portal\/wp-content\/uploads\/2023\/11\/1AA-Banner-1-portada-imagen-10-1-copia.webp?resize=350%2C200&ssl=1","width":350,"height":200,"srcset":"https:\/\/i0.wp.com\/webdelmaestrocmf.com\/portal\/wp-content\/uploads\/2023\/11\/1AA-Banner-1-portada-imagen-10-1-copia.webp?resize=350%2C200&ssl=1 1x, https:\/\/i0.wp.com\/webdelmaestrocmf.com\/portal\/wp-content\/uploads\/2023\/11\/1AA-Banner-1-portada-imagen-10-1-copia.webp?resize=525%2C300&ssl=1 1.5x, https:\/\/i0.wp.com\/webdelmaestrocmf.com\/portal\/wp-content\/uploads\/2023\/11\/1AA-Banner-1-portada-imagen-10-1-copia.webp?resize=700%2C400&ssl=1 2x, https:\/\/i0.wp.com\/webdelmaestrocmf.com\/portal\/wp-content\/uploads\/2023\/11\/1AA-Banner-1-portada-imagen-10-1-copia.webp?resize=1050%2C600&ssl=1 3x"},"classes":[]},{"id":23141,"url":"https:\/\/webdelmaestrocmf.com\/portal\/16-recursos-mejorar-la-caligrafia-infantil-primaria\/","url_meta":{"origin":62027,"position":1},"title":"80 recursos para mejorar la caligraf\u00eda en infantil y primaria","author":"Web del Maestro CMF","date":"11 junio, 2021","format":false,"excerpt":"El acto de la escritura no s\u00f3lo requiere la coordinaci\u00f3n de la mano y del cuerpo. Tambi\u00e9n requiere del desarrollo neurol\u00f3gico adecuado, habilidades sensoriales y la comprensi\u00f3n de aquello que se escribe. De este modo el ni\u00f1o no s\u00f3lo estar\u00e1 repitiendo la escritura por imitaci\u00f3n sino que comprender\u00e1 el significado\u2026","rel":"","context":"En \u00abLas m\u00e1s vistas\u00bb","block_context":{"text":"Las m\u00e1s vistas","link":"https:\/\/webdelmaestrocmf.com\/portal\/category\/pedagogia\/visitadas\/"},"img":{"alt_text":"caligraf\u00eda","src":"https:\/\/i0.wp.com\/webdelmaestrocmf.com\/portal\/wp-content\/uploads\/2018\/05\/1-156.jpg?resize=350%2C200&ssl=1","width":350,"height":200,"srcset":"https:\/\/i0.wp.com\/webdelmaestrocmf.com\/portal\/wp-content\/uploads\/2018\/05\/1-156.jpg?resize=350%2C200&ssl=1 1x, https:\/\/i0.wp.com\/webdelmaestrocmf.com\/portal\/wp-content\/uploads\/2018\/05\/1-156.jpg?resize=525%2C300&ssl=1 1.5x, https:\/\/i0.wp.com\/webdelmaestrocmf.com\/portal\/wp-content\/uploads\/2018\/05\/1-156.jpg?resize=700%2C400&ssl=1 2x, https:\/\/i0.wp.com\/webdelmaestrocmf.com\/portal\/wp-content\/uploads\/2018\/05\/1-156.jpg?resize=1050%2C600&ssl=1 3x"},"classes":[]},{"id":98875,"url":"https:\/\/webdelmaestrocmf.com\/portal\/fichas-para-aprender-cada-letra-del-abecedario-con-dibujos\/","url_meta":{"origin":62027,"position":2},"title":"Descargsa las Fichas, lecturas y l\u00e1minas para aprender cada letra del abecedario con dibujos","author":"Web del Maestro CMF","date":"5 marzo, 2026","format":false,"excerpt":"Aprender cada letra no es solo memorizar su forma, sino comprender su sonido, su uso y su presencia en palabras significativas. Las fichas estructuradas, las lecturas cortas y las l\u00e1minas ilustradas permiten reforzar la alfabetizaci\u00f3n desde un enfoque visual, fonol\u00f3gico y comprensivo.","rel":"","context":"En \u00abCuadernillos\u00bb","block_context":{"text":"Cuadernillos","link":"https:\/\/webdelmaestrocmf.com\/portal\/category\/pedagogia\/cuadernillos\/"},"img":{"alt_text":"","src":"https:\/\/i0.wp.com\/webdelmaestrocmf.com\/portal\/wp-content\/uploads\/2023\/10\/1A-Banner-1-portada-imagen-10-1-30.jpg?resize=350%2C200&ssl=1","width":350,"height":200,"srcset":"https:\/\/i0.wp.com\/webdelmaestrocmf.com\/portal\/wp-content\/uploads\/2023\/10\/1A-Banner-1-portada-imagen-10-1-30.jpg?resize=350%2C200&ssl=1 1x, https:\/\/i0.wp.com\/webdelmaestrocmf.com\/portal\/wp-content\/uploads\/2023\/10\/1A-Banner-1-portada-imagen-10-1-30.jpg?resize=525%2C300&ssl=1 1.5x, https:\/\/i0.wp.com\/webdelmaestrocmf.com\/portal\/wp-content\/uploads\/2023\/10\/1A-Banner-1-portada-imagen-10-1-30.jpg?resize=700%2C400&ssl=1 2x"},"classes":[]},{"id":24347,"url":"https:\/\/webdelmaestrocmf.com\/portal\/normas-apa-2018-6ta-sexta-edicion\/","url_meta":{"origin":62027,"position":3},"title":"Normas APA &#8211; actualizado","author":"Web del Maestro CMF","date":"2 enero, 2019","format":false,"excerpt":"Las normas de la\u00a0American Psychological Association\u00a0son hoy en d\u00eda uno de los est\u00e1ndares m\u00e1s reconocidos para la transmisi\u00f3n del conocimiento cient\u00edfico y acad\u00e9mico. Desde el a\u00f1o 1929, cuando sale a luz el primer esbozo de las normas, hasta el presente,\u00a0APA\u00a0se ha convertido en un extenso manual para la divulgaci\u00f3n del\u2026","rel":"","context":"En \u00abDescargas Manuales PDF\u00bb","block_context":{"text":"Descargas Manuales PDF","link":"https:\/\/webdelmaestrocmf.com\/portal\/category\/pedagogia\/descargas-manuales-pdf\/"},"img":{"alt_text":"Normas APA","src":"https:\/\/i0.wp.com\/webdelmaestrocmf.com\/portal\/wp-content\/uploads\/2019\/01\/1-101.jpg?resize=350%2C200&ssl=1","width":350,"height":200,"srcset":"https:\/\/i0.wp.com\/webdelmaestrocmf.com\/portal\/wp-content\/uploads\/2019\/01\/1-101.jpg?resize=350%2C200&ssl=1 1x, https:\/\/i0.wp.com\/webdelmaestrocmf.com\/portal\/wp-content\/uploads\/2019\/01\/1-101.jpg?resize=525%2C300&ssl=1 1.5x, https:\/\/i0.wp.com\/webdelmaestrocmf.com\/portal\/wp-content\/uploads\/2019\/01\/1-101.jpg?resize=700%2C400&ssl=1 2x, https:\/\/i0.wp.com\/webdelmaestrocmf.com\/portal\/wp-content\/uploads\/2019\/01\/1-101.jpg?resize=1050%2C600&ssl=1 3x"},"classes":[]},{"id":71126,"url":"https:\/\/webdelmaestrocmf.com\/portal\/nuevos-cambios-sobre-las-mayusculas-minusculas-y-letras-en-la-ortografia-de-la-lengua-espanola\/","url_meta":{"origin":62027,"position":4},"title":"Nuevos cambios sobre las may\u00fasculas, min\u00fasculas y letras en la ortograf\u00eda de la lengua espa\u00f1ola que se deben tener en cuenta","author":"Web del Maestro CMF","date":"14 noviembre, 2021","format":false,"excerpt":"Sabemos \u201cque los errores ortogr\u00e1ficos est\u00e1n muy mal vistos y arrojan una imagen muy negativa, de escasa preparaci\u00f3n y poco cuidado, de la persona que escribe de esa manera err\u00f3nea. Escribir bien no es una tarea sencilla, ya que requiere de pr\u00e1ctica, de conocer a fondo la estructura ling\u00fc\u00edstica de\u2026","rel":"","context":"En \u00abYo opino - WMCMF\u00bb","block_context":{"text":"Yo opino - WMCMF","link":"https:\/\/webdelmaestrocmf.com\/portal\/category\/jamb\/"},"img":{"alt_text":"","src":"https:\/\/i0.wp.com\/webdelmaestrocmf.com\/portal\/wp-content\/uploads\/2021\/11\/1zxc-6.jpg?resize=350%2C200&ssl=1","width":350,"height":200,"srcset":"https:\/\/i0.wp.com\/webdelmaestrocmf.com\/portal\/wp-content\/uploads\/2021\/11\/1zxc-6.jpg?resize=350%2C200&ssl=1 1x, https:\/\/i0.wp.com\/webdelmaestrocmf.com\/portal\/wp-content\/uploads\/2021\/11\/1zxc-6.jpg?resize=525%2C300&ssl=1 1.5x, https:\/\/i0.wp.com\/webdelmaestrocmf.com\/portal\/wp-content\/uploads\/2021\/11\/1zxc-6.jpg?resize=700%2C400&ssl=1 2x, https:\/\/i0.wp.com\/webdelmaestrocmf.com\/portal\/wp-content\/uploads\/2021\/11\/1zxc-6.jpg?resize=1050%2C600&ssl=1 3x"},"classes":[]},{"id":101685,"url":"https:\/\/webdelmaestrocmf.com\/portal\/excelentes-fichas-pdf-para-recortar-y-armar-oraciones\/","url_meta":{"origin":62027,"position":5},"title":"Excelentes fichas PDF para recortar y armar oraciones","author":"Web del Maestro CMF","date":"13 diciembre, 2023","format":false,"excerpt":"Fichas PDF para recortar y armar oraciones, los ni\u00f1os encontrar\u00e1n en este material una forma entretenida de poner a prueba sus habilidades visuales, mientras despiertan su ingenio y trabajan en el desarrollo de la motricidad. Este recurso es ideal para alumnos que buscan aprender de manera divertida y efectiva. Art\u00edculo\u2026","rel":"","context":"En \u00abFichas\u00bb","block_context":{"text":"Fichas","link":"https:\/\/webdelmaestrocmf.com\/portal\/category\/pedagogia\/fichas\/"},"img":{"alt_text":"recortar y armar oraciones","src":"https:\/\/i0.wp.com\/webdelmaestrocmf.com\/portal\/wp-content\/uploads\/2023\/12\/A12B3C4D-3-2.jpg?resize=350%2C200&ssl=1","width":350,"height":200,"srcset":"https:\/\/i0.wp.com\/webdelmaestrocmf.com\/portal\/wp-content\/uploads\/2023\/12\/A12B3C4D-3-2.jpg?resize=350%2C200&ssl=1 1x, https:\/\/i0.wp.com\/webdelmaestrocmf.com\/portal\/wp-content\/uploads\/2023\/12\/A12B3C4D-3-2.jpg?resize=525%2C300&ssl=1 1.5x, https:\/\/i0.wp.com\/webdelmaestrocmf.com\/portal\/wp-content\/uploads\/2023\/12\/A12B3C4D-3-2.jpg?resize=700%2C400&ssl=1 2x"},"classes":[]}],"_links":{"self":[{"href":"https:\/\/webdelmaestrocmf.com\/portal\/wp-json\/wp\/v2\/posts\/62027","targetHints":{"allow":["GET"]}}],"collection":[{"href":"https:\/\/webdelmaestrocmf.com\/portal\/wp-json\/wp\/v2\/posts"}],"about":[{"href":"https:\/\/webdelmaestrocmf.com\/portal\/wp-json\/wp\/v2\/types\/post"}],"author":[{"embeddable":true,"href":"https:\/\/webdelmaestrocmf.com\/portal\/wp-json\/wp\/v2\/users\/1"}],"replies":[{"embeddable":true,"href":"https:\/\/webdelmaestrocmf.com\/portal\/wp-json\/wp\/v2\/comments?post=62027"}],"version-history":[{"count":0,"href":"https:\/\/webdelmaestrocmf.com\/portal\/wp-json\/wp\/v2\/posts\/62027\/revisions"}],"wp:featuredmedia":[{"embeddable":true,"href":"https:\/\/webdelmaestrocmf.com\/portal\/wp-json\/wp\/v2\/media\/62031"}],"wp:attachment":[{"href":"https:\/\/webdelmaestrocmf.com\/portal\/wp-json\/wp\/v2\/media?parent=62027"}],"wp:term":[{"taxonomy":"category","embeddable":true,"href":"https:\/\/webdelmaestrocmf.com\/portal\/wp-json\/wp\/v2\/categories?post=62027"},{"taxonomy":"post_tag","embeddable":true,"href":"https:\/\/webdelmaestrocmf.com\/portal\/wp-json\/wp\/v2\/tags?post=62027"}],"curies":[{"name":"wp","href":"https:\/\/api.w.org\/{rel}","templated":true}]}}