{"id":62008,"date":"2021-04-21T14:27:39","date_gmt":"2021-04-21T18:27:39","guid":{"rendered":"https:\/\/webdelmaestrocmf.com\/portal\/?p=62008"},"modified":"2021-04-22T11:07:54","modified_gmt":"2021-04-22T15:07:54","slug":"mario-schiavelli-el-nuevo-educador","status":"publish","type":"post","link":"https:\/\/webdelmaestrocmf.com\/portal\/mario-schiavelli-el-nuevo-educador\/","title":{"rendered":"[Mario Schiavelli] El \u201cnuevo\u201d educador"},"content":{"rendered":"<h5 style=\"text-align: justify;\">\u201cUn jardinero que riega semillas y espera que broten\u201d.<\/h5>\n<h5 style=\"text-align: justify;\">La ense\u00f1anza debe superar las fronteras de la simple transferencia de informaci\u00f3n.<\/h5>\n<h5 style=\"text-align: justify;\">Si queremos ser \u201cNuevos\u201d Educadores, debemos lograr ser estimuladores multisensoriales. Debemos ser tambi\u00e9n actores, mimos, bufones, comunicadores, psic\u00f3logos, difusores de sentimientos, de sensaciones.<\/h5>\n<p><!--more--><\/p>\n<p style=\"text-align: justify;\"><strong>Capaces de despertar en el estudiante todos sus sentidos<\/strong> para que toda sesi\u00f3n se convierta en una experiencia multisensorial \u00fanica e inolvidable, fortaleciendo constantemente la atenci\u00f3n y la concentraci\u00f3n del alumnado.<\/p>\n<h5 style=\"text-align: justify;\">C\u00d3MO MOTIVAR A LOS ALUMNOS\u00a0(05\u00b4 39\u201d)<\/h5>\n<p><iframe loading=\"lazy\" title=\"YouTube video player\" src=\"https:\/\/www.youtube.com\/embed\/JCYHW4ApvBs\" width=\"100%\" height=\"400\" frameborder=\"0\" allowfullscreen=\"allowfullscreen\"><span data-mce-type=\"bookmark\" style=\"display: inline-block; width: 0px; overflow: hidden; line-height: 0;\" class=\"mce_SELRES_start\">\ufeff<\/span><\/iframe><\/p>\n<p style=\"text-align: justify;\">Debemos lograr que el estudiante modifique su mapa mental del <em>\u201c\u00a1qu\u00e9 fastidio, tengo clase!\u201d<\/em> al <strong><em>\u201c\u00a1qu\u00e9 bueno, tengo clase!\u201d<\/em><\/strong>.<\/p>\n<p style=\"text-align: justify;\">Adem\u00e1s,<\/p>\n<ul style=\"text-align: justify;\">\n<li>Debemos ser valientes, seguros.<\/li>\n<li>Debemos conocer c\u00f3mo funciona el cerebro.<\/li>\n<li>Debemos estar conscientes del impacto sobre el estudiante.<\/li>\n<li>Debemos ser sensibles &#8211; humildes &#8211; coherentes &#8211; honestos.<\/li>\n<li>Debemos ser provocadores y estimuladores.<\/li>\n<li>No debemos ser ni directivos ni autoritarios.<\/li>\n<li>Debemos ser interactivos &#8211; emp\u00e1ticos.<\/li>\n<li>Debemos transmitir confianza.<\/li>\n<li>Debemos estimular la atenci\u00f3n y la concentraci\u00f3n.<\/li>\n<li>Debemos saber gratificar constantemente.<\/li>\n<\/ul>\n<p style=\"text-align: justify;\">Art\u00edculo recomendado:<\/p>\n<p style=\"text-align: justify;\"><iframe loading=\"lazy\" class=\"wp-embedded-content\" title=\"\u00abSufri\u00f3 de dislexia, fue separado de la escuela, sus profesores pensaron que no era muy inteligente y su madre lo educ\u00f3\u00bb \u2014 Web del Maestro CMF\" src=\"https:\/\/webdelmaestrocmf.com\/portal\/thomas-edison-sufrio-de-dislexia-fue-separado-de-la-escuela-sus-profesores-pensaron-que-no-era-muy-inteligente-y-su-madre-lo-educo\/embed\/\" width=\"100%\" height=\"100\" frameborder=\"0\" marginwidth=\"0\" marginheight=\"0\" scrolling=\"no\" sandbox=\"allow-scripts\"><span data-mce-type=\"bookmark\" style=\"display: inline-block; width: 0px; overflow: hidden; line-height: 0;\" class=\"mce_SELRES_start\">\ufeff<\/span><span data-mce-type=\"bookmark\" style=\"display: inline-block; width: 0px; overflow: hidden; line-height: 0;\" class=\"mce_SELRES_start\">\ufeff<\/span><\/iframe><\/p>\n<ul style=\"text-align: justify;\">\n<li>Debemos ejercer la escucha activa.<\/li>\n<li>Debemos impulsar conversaciones interesantes con preguntas abiertas.<\/li>\n<li>Debemos tener siempre buen sentido del humor.<\/li>\n<li>Debemos saber motivar, comprometer y responsabilizar al estudiante de su propio aprendizaje.<\/li>\n<li>Debemos promover nexos ling\u00fc\u00edsticos y culturales con reflexiones.<\/li>\n<li>Debemos mantener un ambiente seguro y tranquilo.<\/li>\n<li>Debemos ser un recurso disponible y flexible tambi\u00e9n fuera de clase.<\/li>\n<\/ul>\n<p><img loading=\"lazy\" decoding=\"async\" class=\"alignnone size-large wp-image-62009\" src=\"https:\/\/webdelmaestrocmf.com\/portal\/wp-content\/uploads\/2021\/04\/1-7-1024x538.png\" alt=\"\" width=\"1024\" height=\"538\" srcset=\"https:\/\/webdelmaestrocmf.com\/portal\/wp-content\/uploads\/2021\/04\/1-7-1024x538.png 1024w, https:\/\/webdelmaestrocmf.com\/portal\/wp-content\/uploads\/2021\/04\/1-7-300x158.png 300w, https:\/\/webdelmaestrocmf.com\/portal\/wp-content\/uploads\/2021\/04\/1-7-768x403.png 768w, https:\/\/webdelmaestrocmf.com\/portal\/wp-content\/uploads\/2021\/04\/1-7-110x58.png 110w, https:\/\/webdelmaestrocmf.com\/portal\/wp-content\/uploads\/2021\/04\/1-7-200x105.png 200w, https:\/\/webdelmaestrocmf.com\/portal\/wp-content\/uploads\/2021\/04\/1-7-380x200.png 380w, https:\/\/webdelmaestrocmf.com\/portal\/wp-content\/uploads\/2021\/04\/1-7-255x134.png 255w, https:\/\/webdelmaestrocmf.com\/portal\/wp-content\/uploads\/2021\/04\/1-7-550x289.png 550w, https:\/\/webdelmaestrocmf.com\/portal\/wp-content\/uploads\/2021\/04\/1-7-800x420.png 800w, https:\/\/webdelmaestrocmf.com\/portal\/wp-content\/uploads\/2021\/04\/1-7-1160x609.png 1160w, https:\/\/webdelmaestrocmf.com\/portal\/wp-content\/uploads\/2021\/04\/1-7-220x116.png 220w, https:\/\/webdelmaestrocmf.com\/portal\/wp-content\/uploads\/2021\/04\/1-7-400x210.png 400w, https:\/\/webdelmaestrocmf.com\/portal\/wp-content\/uploads\/2021\/04\/1-7-760x399.png 760w, https:\/\/webdelmaestrocmf.com\/portal\/wp-content\/uploads\/2021\/04\/1-7-510x268.png 510w, https:\/\/webdelmaestrocmf.com\/portal\/wp-content\/uploads\/2021\/04\/1-7-600x315.png 600w, https:\/\/webdelmaestrocmf.com\/portal\/wp-content\/uploads\/2021\/04\/1-7-1100x578.png 1100w, https:\/\/webdelmaestrocmf.com\/portal\/wp-content\/uploads\/2021\/04\/1-7.png 1200w\" sizes=\"auto, (max-width: 1024px) 100vw, 1024px\" \/><\/p>\n<p style=\"text-align: justify;\">Art\u00edculo relacionado:<\/p>\n<p><iframe loading=\"lazy\" class=\"wp-embedded-content\" title=\"\u00abPilar Sanz: Los errores son maravillosas oportunidades de aprendizaje\u00bb \u2014 Web del Maestro CMF\" src=\"https:\/\/webdelmaestrocmf.com\/portal\/los-errores-son-maravillosas-oportunidades-de-aprendizaje\/embed\/\" width=\"100%\" height=\"100\" frameborder=\"0\" marginwidth=\"0\" marginheight=\"0\" scrolling=\"no\" sandbox=\"allow-scripts\"><span data-mce-type=\"bookmark\" style=\"display: inline-block; width: 0px; overflow: hidden; line-height: 0;\" class=\"mce_SELRES_start\">\ufeff<\/span><\/iframe><\/p>\n<ul style=\"text-align: justify;\">\n<li>Debemos saber cu\u00e1ndo y c\u00f3mo corregir.<\/li>\n<li>No debemos juzgar &#8211; no debemos sugerir.<\/li>\n<li>Debemos ser promotores de conversaciones, no de cuestionarios.<\/li>\n<li>Debemos respetar los silencios-no debemos interrumpir.<\/li>\n<\/ul>\n<p style=\"text-align: justify;\"><strong><em>Debemos saber Ense\u00f1ar sin Ense\u00f1ar<\/em><\/strong><\/p>\n<p style=\"text-align: justify;\"><strong>NOTA DE REDACCI\u00d3N<\/strong>: La Web del Maestro CMF publica los textos originales de su autor, no necesariamente coincide con lo expuesto en el tema, y no se hace responsable de las opiniones expresadas. Nosostros hemos agregado el video y sobresaltado en negritas algunas frases del original. Este art\u00edculo es propiedad intelectual del profesor Mario Schiavelli, autor del libro fuente de esta publicaci\u00f3n, que puede Usted descargar (gracias a su geneosidad docente). Les sugerimos, si desean, acceder al libro original (e Book); lo pueden hacer en el siguiente enlace <a href=\"https:\/\/mega.nz\/file\/Xz5gzSoA#p4Ij-aSmLd0k0fU9t09vXVDlZb5OQTOjUGyN5ESf38w\" target=\"_blank\" rel=\"noopener\"><strong>ENSEN\u0303AR SIN ENSEN\u0303AR. <\/strong><strong>MANUAL PARA EL NUEVO EDUCADOR.<\/strong><\/a><\/p>\n<p style=\"text-align: center;\"><em>\u201cNada en la vida debe ser temido, solamente comprendido. Es hora de comprender m\u00e1s, para temer menos\u201d. <\/em>(Marie Curie)<\/p>\n<p style=\"text-align: right;\"><strong>REDACCI\u00d3N WEB DEL MAESTRO CMF<\/strong><\/p>\n<table class=\" alignleft\" border=\"0\" width=\"100%\" cellspacing=\"10\" cellpadding=\"10\">\n<tbody>\n<tr>\n<td style=\"text-align: center;\" width=\"30%\"><strong><img loading=\"lazy\" decoding=\"async\" class=\"size-full wp-image-45404 aligncenter\" src=\"https:\/\/webdelmaestrocmf.com\/portal\/wp-content\/uploads\/2020\/03\/2-2.jpg\" alt=\"\" width=\"200\" height=\"200\" srcset=\"https:\/\/webdelmaestrocmf.com\/portal\/wp-content\/uploads\/2020\/03\/2-2.jpg 200w, https:\/\/webdelmaestrocmf.com\/portal\/wp-content\/uploads\/2020\/03\/2-2-150x150.jpg 150w, https:\/\/webdelmaestrocmf.com\/portal\/wp-content\/uploads\/2020\/03\/2-2-80x80.jpg 80w, https:\/\/webdelmaestrocmf.com\/portal\/wp-content\/uploads\/2020\/03\/2-2-110x110.jpg 110w\" sizes=\"auto, (max-width: 200px) 100vw, 200px\" \/><\/strong><\/p>\n<p><strong>Autor: Mario Schiavelli, <\/strong>de nacionalidad Italiana.<br \/>\n<strong>Profesor de Idiomas Modernos<\/strong> (Ingl\u00e9s &#8211; Italiano &#8211; Espa\u00f1ol &#8211; Portugu\u00e9s).<br \/>\nEgresado de las universidades de Siena y Perugia, Italia.<br \/>\n<strong>Coach en Neuroeducaci\u00f3n y Comunicaci\u00f3n Interpersonal<\/strong> &#8211; (International Coach Federation -ICF- EEUU).<br \/>\n<strong>Fundador y Director de GOTEACH&amp;COACH (UK), <\/strong>un proyecto multiling\u00fce de formaci\u00f3n y educaci\u00f3n para docentes y alumnos con la finalidad de promover cambios eficientes y eficaces en el \u00e1mbito educativo mundial. A tal prop\u00f3sito, organiza, dirige y dicta conferencias, seminarios y talleres sobre Neuroeducaci\u00f3n e Inteligencia Conversacional.<br \/>\nCreador de <strong>\u00abProyecto Icarus\u00bb,<\/strong> una iniciativa de promoci\u00f3n cultural sin fines de lucro para ni\u00f1os y j\u00f3venes de \u00e1reas econ\u00f3micamente desfavorecidas a trav\u00e9s de la ense\u00f1anza de idiomas y sus culturas para as\u00ed lograr promover una nueva y m\u00e1s proactiva visi\u00f3n del Mundo.<br \/>\n<strong>Autor de \u00abEnse\u00f1ar Sin Ense\u00f1ar<\/strong> &#8211; Manual para el nuevo Educador.\u00bb<br \/>\n<strong>Autor de \u00abConversar Sin Conversar<\/strong> &#8211; El poder de las Conversaciones.\u00bb<br \/>\n<strong>Blog<\/strong>: <a href=\"http:\/\/www.nocommenteducation.blogspot.com\" target=\"_blank\" rel=\"noopener noreferrer\">nocommenteducation.blogspot.com<\/a><\/td>\n<\/tr>\n<\/tbody>\n<\/table>\n<p style=\"text-align: left;\">.<\/p>\n\t\t<div class=\"pk-inline-posts\">\n\t\t\t\n\t\t\t<div class=\"pk-inline-posts-container pk-inline-posts-template-list\"\n\t\t\t\tdata-columns=\"1\">\n\t\t\t\t\t\t<article id=\"post-51527\" class=\"post-51527 post type-post status-publish format-standard has-post-thumbnail category-colaborador category-z-colaboradores-mario-schiavelli tag-cinco tag-mario-schiavelli tag-sentidos cs-entry cs-video-wrap\">\n\t\t\t<div class=\"pk-post-outer\">\n\n\t\t\t\t\t\t\t\t<div class=\"pk-post-inner\">\n\t\t\t\t\t<div class=\"entry-thumbnail\">\n\t\t\t\t\t\t<div class=\"pk-overlay pk-overlay-ratio pk-ratio-landscape\">\n\t\t\t\t\t\t\t<div class=\"pk-overlay-background\">\n\t\t\t\t\t\t\t\t<a href=\"https:\/\/webdelmaestrocmf.com\/portal\/mario-schiavelli-los-cinco-sentidos\/\" class=\"pk-overlay-link\">\n\t\t\t\t\t\t\t\t\t<img loading=\"lazy\" decoding=\"async\" width=\"300\" height=\"225\" src=\"https:\/\/webdelmaestrocmf.com\/portal\/wp-content\/uploads\/2020\/09\/1AA-Banner-1-portada-imagen-10-1-copia-300x225.webp\" class=\"attachment-pk-thumbnail size-pk-thumbnail wp-post-image\" alt=\"\" \/>\t\t\t\t\t\t\t\t<\/a>\n\t\t\t\t\t\t\t<\/div>\n\t\t\t\t\t\t<\/div>\n\t\t\t\t\t<\/div>\n\t\t\t\t<\/div>\n\t\t\t\t\n\t\t\t\t<div class=\"pk-post-inner\">\n\t\t\t\t\t<header>\n\t\t\t\t\t\t<h3 class=\"pk-title\"><a href=\"https:\/\/webdelmaestrocmf.com\/portal\/mario-schiavelli-los-cinco-sentidos\/\" rel=\"bookmark\">Los Cinco Sentidos:  Descarga la gu\u00eda \u00abTu cerebro y los cinco sentidos\u00bb<\/a><\/h3>\t\t\t\t\t<\/header><!-- .entry-header -->\n\t\t\t\t<\/div><!-- .post-inner -->\n\n\t\t\t<\/div><!-- .post-outer -->\n\t\t<\/article>\n\t\t\t\t<\/div>\n\t\t<\/div>\n\t\t\n","protected":false},"excerpt":{"rendered":"\u201cUn jardinero que riega semillas y espera que broten\u201d. La ense\u00f1anza debe superar las fronteras de la simple&hellip;","protected":false},"author":1,"featured_media":62013,"comment_status":"open","ping_status":"closed","sticky":false,"template":"","format":"standard","meta":{"csco_display_header_overlay":false,"csco_singular_sidebar":"default","csco_page_header_type":"default","csco_page_load_nextpost":"default","csco_post_video_location":[],"csco_post_video_location_hash":"","csco_post_video_url":"","csco_post_video_bg_start_time":0,"csco_post_video_bg_end_time":0,"csco_post_video_bg_volume":false,"_jetpack_memberships_contains_paid_content":false,"footnotes":""},"categories":[1790,4782],"tags":[1578,4783,3156],"class_list":{"0":"post-62008","1":"post","2":"type-post","3":"status-publish","4":"format-standard","5":"has-post-thumbnail","7":"category-colaborador","8":"category-z-colaboradores-mario-schiavelli","9":"tag-educador","10":"tag-mario-schiavelli","11":"tag-nuevo","12":"cs-entry","13":"cs-video-wrap"},"yoast_head":"<!-- This site is optimized with the Yoast SEO plugin v27.5 - https:\/\/yoast.com\/product\/yoast-seo-wordpress\/ -->\n<title>[Mario Schiavelli] El \u201cnuevo\u201d educador - 2026<\/title>\n<meta name=\"description\" content=\"Si queremos ser \u201cNuevos\u201d Educadores, debemos lograr ser estimuladores multisensoriales. Debemos ser tambi\u00e9n actores...\" \/>\n<meta name=\"robots\" content=\"index, follow, max-snippet:-1, max-image-preview:large, max-video-preview:-1\" \/>\n<link rel=\"canonical\" href=\"https:\/\/webdelmaestrocmf.com\/portal\/mario-schiavelli-el-nuevo-educador\/\" \/>\n<meta property=\"og:locale\" content=\"es_ES\" \/>\n<meta property=\"og:type\" content=\"article\" \/>\n<meta property=\"og:title\" content=\"[Mario Schiavelli] El \u201cnuevo\u201d educador - 2026\" \/>\n<meta property=\"og:description\" content=\"Si queremos ser \u201cNuevos\u201d Educadores, debemos lograr ser estimuladores multisensoriales. Debemos ser tambi\u00e9n actores...\" \/>\n<meta property=\"og:url\" content=\"https:\/\/webdelmaestrocmf.com\/portal\/mario-schiavelli-el-nuevo-educador\/\" \/>\n<meta property=\"og:site_name\" content=\"Web del Maestro CMF\" \/>\n<meta property=\"article:publisher\" content=\"https:\/\/www.facebook.com\/WebdelMaestroCMF\/\" \/>\n<meta property=\"article:author\" content=\"https:\/\/www.facebook.com\/WebdelMaestroCMF\/\" \/>\n<meta property=\"article:published_time\" content=\"2021-04-21T18:27:39+00:00\" \/>\n<meta property=\"article:modified_time\" content=\"2021-04-22T15:07:54+00:00\" \/>\n<meta property=\"og:image\" content=\"https:\/\/i0.wp.com\/webdelmaestrocmf.com\/portal\/wp-content\/uploads\/2021\/04\/1-copia-12.jpg?fit=1100%2C680&ssl=1\" \/>\n\t<meta property=\"og:image:width\" content=\"1100\" \/>\n\t<meta property=\"og:image:height\" content=\"680\" \/>\n\t<meta property=\"og:image:type\" content=\"image\/jpeg\" \/>\n<meta name=\"author\" content=\"Web del Maestro CMF\" \/>\n<meta name=\"twitter:card\" content=\"summary_large_image\" \/>\n<meta name=\"twitter:creator\" content=\"@cmf_w\" \/>\n<meta name=\"twitter:site\" content=\"@cmf_w\" \/>\n<script type=\"application\/ld+json\" class=\"yoast-schema-graph\">{\"@context\":\"https:\\\/\\\/schema.org\",\"@graph\":[{\"@type\":\"ScholarlyArticle\",\"@id\":\"https:\\\/\\\/webdelmaestrocmf.com\\\/portal\\\/mario-schiavelli-el-nuevo-educador\\\/#article\",\"isPartOf\":{\"@id\":\"https:\\\/\\\/webdelmaestrocmf.com\\\/portal\\\/mario-schiavelli-el-nuevo-educador\\\/\"},\"author\":{\"name\":\"Web del Maestro CMF\",\"@id\":\"https:\\\/\\\/webdelmaestrocmf.com\\\/portal\\\/#\\\/schema\\\/person\\\/1072a2ed7bd960df8ef99a551fa35dc5\"},\"headline\":\"[Mario Schiavelli] El \u201cnuevo\u201d educador\",\"datePublished\":\"2021-04-21T18:27:39+00:00\",\"dateModified\":\"2021-04-22T15:07:54+00:00\",\"mainEntityOfPage\":{\"@id\":\"https:\\\/\\\/webdelmaestrocmf.com\\\/portal\\\/mario-schiavelli-el-nuevo-educador\\\/\"},\"wordCount\":582,\"commentCount\":0,\"publisher\":{\"@id\":\"https:\\\/\\\/webdelmaestrocmf.com\\\/portal\\\/#organization\"},\"image\":{\"@id\":\"https:\\\/\\\/webdelmaestrocmf.com\\\/portal\\\/mario-schiavelli-el-nuevo-educador\\\/#primaryimage\"},\"thumbnailUrl\":\"https:\\\/\\\/webdelmaestrocmf.com\\\/portal\\\/wp-content\\\/uploads\\\/2021\\\/04\\\/1-copia-12.jpg\",\"keywords\":[\"EDUCADOR\",\"Mario Schiavelli\",\"NUEVO\"],\"articleSection\":[\"Z-Colaboradores\",\"Z-Colaboradores-Mario-Schiavelli\"],\"inLanguage\":\"es\",\"potentialAction\":[{\"@type\":\"CommentAction\",\"name\":\"Comment\",\"target\":[\"https:\\\/\\\/webdelmaestrocmf.com\\\/portal\\\/mario-schiavelli-el-nuevo-educador\\\/#respond\"]}]},{\"@type\":\"WebPage\",\"@id\":\"https:\\\/\\\/webdelmaestrocmf.com\\\/portal\\\/mario-schiavelli-el-nuevo-educador\\\/\",\"url\":\"https:\\\/\\\/webdelmaestrocmf.com\\\/portal\\\/mario-schiavelli-el-nuevo-educador\\\/\",\"name\":\"[Mario Schiavelli] El \u201cnuevo\u201d educador - 2026\",\"isPartOf\":{\"@id\":\"https:\\\/\\\/webdelmaestrocmf.com\\\/portal\\\/#website\"},\"primaryImageOfPage\":{\"@id\":\"https:\\\/\\\/webdelmaestrocmf.com\\\/portal\\\/mario-schiavelli-el-nuevo-educador\\\/#primaryimage\"},\"image\":{\"@id\":\"https:\\\/\\\/webdelmaestrocmf.com\\\/portal\\\/mario-schiavelli-el-nuevo-educador\\\/#primaryimage\"},\"thumbnailUrl\":\"https:\\\/\\\/webdelmaestrocmf.com\\\/portal\\\/wp-content\\\/uploads\\\/2021\\\/04\\\/1-copia-12.jpg\",\"datePublished\":\"2021-04-21T18:27:39+00:00\",\"dateModified\":\"2021-04-22T15:07:54+00:00\",\"description\":\"Si queremos ser \u201cNuevos\u201d Educadores, debemos lograr ser estimuladores multisensoriales. Debemos ser tambi\u00e9n actores...\",\"breadcrumb\":{\"@id\":\"https:\\\/\\\/webdelmaestrocmf.com\\\/portal\\\/mario-schiavelli-el-nuevo-educador\\\/#breadcrumb\"},\"inLanguage\":\"es\",\"potentialAction\":[{\"@type\":\"ReadAction\",\"target\":[\"https:\\\/\\\/webdelmaestrocmf.com\\\/portal\\\/mario-schiavelli-el-nuevo-educador\\\/\"]}]},{\"@type\":\"ImageObject\",\"inLanguage\":\"es\",\"@id\":\"https:\\\/\\\/webdelmaestrocmf.com\\\/portal\\\/mario-schiavelli-el-nuevo-educador\\\/#primaryimage\",\"url\":\"https:\\\/\\\/webdelmaestrocmf.com\\\/portal\\\/wp-content\\\/uploads\\\/2021\\\/04\\\/1-copia-12.jpg\",\"contentUrl\":\"https:\\\/\\\/webdelmaestrocmf.com\\\/portal\\\/wp-content\\\/uploads\\\/2021\\\/04\\\/1-copia-12.jpg\",\"width\":1100,\"height\":680},{\"@type\":\"BreadcrumbList\",\"@id\":\"https:\\\/\\\/webdelmaestrocmf.com\\\/portal\\\/mario-schiavelli-el-nuevo-educador\\\/#breadcrumb\",\"itemListElement\":[{\"@type\":\"ListItem\",\"position\":1,\"name\":\"Portada\",\"item\":\"https:\\\/\\\/webdelmaestrocmf.com\\\/portal\\\/\"},{\"@type\":\"ListItem\",\"position\":2,\"name\":\"Z-Colaboradores\",\"item\":\"https:\\\/\\\/webdelmaestrocmf.com\\\/portal\\\/category\\\/colaborador\\\/\"},{\"@type\":\"ListItem\",\"position\":3,\"name\":\"[Mario Schiavelli] El \u201cnuevo\u201d educador\"}]},{\"@type\":\"WebSite\",\"@id\":\"https:\\\/\\\/webdelmaestrocmf.com\\\/portal\\\/#website\",\"url\":\"https:\\\/\\\/webdelmaestrocmf.com\\\/portal\\\/\",\"name\":\"Web del Maestro CMF\",\"description\":\"Maestros al servicio de la educaci\u00f3n\",\"publisher\":{\"@id\":\"https:\\\/\\\/webdelmaestrocmf.com\\\/portal\\\/#organization\"},\"alternateName\":\"WMCMF\",\"potentialAction\":[{\"@type\":\"SearchAction\",\"target\":{\"@type\":\"EntryPoint\",\"urlTemplate\":\"https:\\\/\\\/webdelmaestrocmf.com\\\/portal\\\/?s={search_term_string}\"},\"query-input\":{\"@type\":\"PropertyValueSpecification\",\"valueRequired\":true,\"valueName\":\"search_term_string\"}}],\"inLanguage\":\"es\"},{\"@type\":\"Organization\",\"@id\":\"https:\\\/\\\/webdelmaestrocmf.com\\\/portal\\\/#organization\",\"name\":\"Web del Maestro CMF\",\"alternateName\":\"WMCMF\",\"url\":\"https:\\\/\\\/webdelmaestrocmf.com\\\/portal\\\/\",\"logo\":{\"@type\":\"ImageObject\",\"inLanguage\":\"es\",\"@id\":\"https:\\\/\\\/webdelmaestrocmf.com\\\/portal\\\/#\\\/schema\\\/logo\\\/image\\\/\",\"url\":\"https:\\\/\\\/webdelmaestrocmf.com\\\/portal\\\/wp-content\\\/uploads\\\/2023\\\/01\\\/logo-wmcmf-2.png\",\"contentUrl\":\"https:\\\/\\\/webdelmaestrocmf.com\\\/portal\\\/wp-content\\\/uploads\\\/2023\\\/01\\\/logo-wmcmf-2.png\",\"width\":200,\"height\":60,\"caption\":\"Web del Maestro CMF\"},\"image\":{\"@id\":\"https:\\\/\\\/webdelmaestrocmf.com\\\/portal\\\/#\\\/schema\\\/logo\\\/image\\\/\"},\"sameAs\":[\"https:\\\/\\\/www.facebook.com\\\/WebdelMaestroCMF\\\/\",\"https:\\\/\\\/x.com\\\/cmf_w\",\"https:\\\/\\\/www.pinterest.com\\\/WMCMF\\\/\",\"https:\\\/\\\/www.linkedin.com\\\/company\\\/web-del-maestro-cmf\\\/\",\"https:\\\/\\\/www.instagram.com\\\/wmcmf\\\/\",\"https:\\\/\\\/www.youtube.com\\\/channel\\\/UCDPSvjbdodE5sHnC3OxutHw\",\"https:\\\/\\\/mastodon.social\\\/@wmcmf\",\"https:\\\/\\\/www.tiktok.com\\\/@webdelmaestrocmf\"]},{\"@type\":\"Person\",\"@id\":\"https:\\\/\\\/webdelmaestrocmf.com\\\/portal\\\/#\\\/schema\\\/person\\\/1072a2ed7bd960df8ef99a551fa35dc5\",\"name\":\"Web del Maestro CMF\",\"image\":{\"@type\":\"ImageObject\",\"inLanguage\":\"es\",\"@id\":\"https:\\\/\\\/secure.gravatar.com\\\/avatar\\\/23291dd5b5ae1077dcff3dbb04c3e02bd28403fa75af6d8787d5e97c5bbbe30b?s=96&d=mm&r=g\",\"url\":\"https:\\\/\\\/secure.gravatar.com\\\/avatar\\\/23291dd5b5ae1077dcff3dbb04c3e02bd28403fa75af6d8787d5e97c5bbbe30b?s=96&d=mm&r=g\",\"contentUrl\":\"https:\\\/\\\/secure.gravatar.com\\\/avatar\\\/23291dd5b5ae1077dcff3dbb04c3e02bd28403fa75af6d8787d5e97c5bbbe30b?s=96&d=mm&r=g\",\"caption\":\"Web del Maestro CMF\"},\"description\":\"Esta Web se cre\u00f3 sin fines de lucro, con fines educativos, cient\u00edficos y acad\u00e9micos, para personas que tengan dificultades y\\\/o inconvenientes en visualizar el material original. El objetivo es entregar recursos, compartir experiencias y materiales que ayuden a los padres de familia, maestros y estudiantes en su actualizaci\u00f3n y formaci\u00f3n permanente, en bien de la Educaci\u00f3n.\",\"sameAs\":[\"http:\\\/\\\/webdelmaestrocmf.com\\\/portal\",\"https:\\\/\\\/www.facebook.com\\\/WebdelMaestroCMF\\\/\",\"https:\\\/\\\/www.instagram.com\\\/wmcmf\\\/\",\"https:\\\/\\\/cl.linkedin.com\\\/company\\\/web-del-maestro-cmf\",\"https:\\\/\\\/www.pinterest.com\\\/WMCMF\\\/publicaciones\\\/\",\"https:\\\/\\\/x.com\\\/cmf_w\",\"https:\\\/\\\/www.youtube.com\\\/@WMCMF\"]}]}<\/script>\n<!-- \/ Yoast SEO plugin. -->","yoast_head_json":{"title":"[Mario Schiavelli] El \u201cnuevo\u201d educador - 2026","description":"Si queremos ser \u201cNuevos\u201d Educadores, debemos lograr ser estimuladores multisensoriales. Debemos ser tambi\u00e9n actores...","robots":{"index":"index","follow":"follow","max-snippet":"max-snippet:-1","max-image-preview":"max-image-preview:large","max-video-preview":"max-video-preview:-1"},"canonical":"https:\/\/webdelmaestrocmf.com\/portal\/mario-schiavelli-el-nuevo-educador\/","og_locale":"es_ES","og_type":"article","og_title":"[Mario Schiavelli] El \u201cnuevo\u201d educador - 2026","og_description":"Si queremos ser \u201cNuevos\u201d Educadores, debemos lograr ser estimuladores multisensoriales. Debemos ser tambi\u00e9n actores...","og_url":"https:\/\/webdelmaestrocmf.com\/portal\/mario-schiavelli-el-nuevo-educador\/","og_site_name":"Web del Maestro CMF","article_publisher":"https:\/\/www.facebook.com\/WebdelMaestroCMF\/","article_author":"https:\/\/www.facebook.com\/WebdelMaestroCMF\/","article_published_time":"2021-04-21T18:27:39+00:00","article_modified_time":"2021-04-22T15:07:54+00:00","og_image":[{"width":1100,"height":680,"url":"https:\/\/i0.wp.com\/webdelmaestrocmf.com\/portal\/wp-content\/uploads\/2021\/04\/1-copia-12.jpg?fit=1100%2C680&ssl=1","type":"image\/jpeg"}],"author":"Web del Maestro CMF","twitter_card":"summary_large_image","twitter_creator":"@cmf_w","twitter_site":"@cmf_w","schema":{"@context":"https:\/\/schema.org","@graph":[{"@type":"ScholarlyArticle","@id":"https:\/\/webdelmaestrocmf.com\/portal\/mario-schiavelli-el-nuevo-educador\/#article","isPartOf":{"@id":"https:\/\/webdelmaestrocmf.com\/portal\/mario-schiavelli-el-nuevo-educador\/"},"author":{"name":"Web del Maestro CMF","@id":"https:\/\/webdelmaestrocmf.com\/portal\/#\/schema\/person\/1072a2ed7bd960df8ef99a551fa35dc5"},"headline":"[Mario Schiavelli] El \u201cnuevo\u201d educador","datePublished":"2021-04-21T18:27:39+00:00","dateModified":"2021-04-22T15:07:54+00:00","mainEntityOfPage":{"@id":"https:\/\/webdelmaestrocmf.com\/portal\/mario-schiavelli-el-nuevo-educador\/"},"wordCount":582,"commentCount":0,"publisher":{"@id":"https:\/\/webdelmaestrocmf.com\/portal\/#organization"},"image":{"@id":"https:\/\/webdelmaestrocmf.com\/portal\/mario-schiavelli-el-nuevo-educador\/#primaryimage"},"thumbnailUrl":"https:\/\/webdelmaestrocmf.com\/portal\/wp-content\/uploads\/2021\/04\/1-copia-12.jpg","keywords":["EDUCADOR","Mario Schiavelli","NUEVO"],"articleSection":["Z-Colaboradores","Z-Colaboradores-Mario-Schiavelli"],"inLanguage":"es","potentialAction":[{"@type":"CommentAction","name":"Comment","target":["https:\/\/webdelmaestrocmf.com\/portal\/mario-schiavelli-el-nuevo-educador\/#respond"]}]},{"@type":"WebPage","@id":"https:\/\/webdelmaestrocmf.com\/portal\/mario-schiavelli-el-nuevo-educador\/","url":"https:\/\/webdelmaestrocmf.com\/portal\/mario-schiavelli-el-nuevo-educador\/","name":"[Mario Schiavelli] El \u201cnuevo\u201d educador - 2026","isPartOf":{"@id":"https:\/\/webdelmaestrocmf.com\/portal\/#website"},"primaryImageOfPage":{"@id":"https:\/\/webdelmaestrocmf.com\/portal\/mario-schiavelli-el-nuevo-educador\/#primaryimage"},"image":{"@id":"https:\/\/webdelmaestrocmf.com\/portal\/mario-schiavelli-el-nuevo-educador\/#primaryimage"},"thumbnailUrl":"https:\/\/webdelmaestrocmf.com\/portal\/wp-content\/uploads\/2021\/04\/1-copia-12.jpg","datePublished":"2021-04-21T18:27:39+00:00","dateModified":"2021-04-22T15:07:54+00:00","description":"Si queremos ser \u201cNuevos\u201d Educadores, debemos lograr ser estimuladores multisensoriales. Debemos ser tambi\u00e9n actores...","breadcrumb":{"@id":"https:\/\/webdelmaestrocmf.com\/portal\/mario-schiavelli-el-nuevo-educador\/#breadcrumb"},"inLanguage":"es","potentialAction":[{"@type":"ReadAction","target":["https:\/\/webdelmaestrocmf.com\/portal\/mario-schiavelli-el-nuevo-educador\/"]}]},{"@type":"ImageObject","inLanguage":"es","@id":"https:\/\/webdelmaestrocmf.com\/portal\/mario-schiavelli-el-nuevo-educador\/#primaryimage","url":"https:\/\/webdelmaestrocmf.com\/portal\/wp-content\/uploads\/2021\/04\/1-copia-12.jpg","contentUrl":"https:\/\/webdelmaestrocmf.com\/portal\/wp-content\/uploads\/2021\/04\/1-copia-12.jpg","width":1100,"height":680},{"@type":"BreadcrumbList","@id":"https:\/\/webdelmaestrocmf.com\/portal\/mario-schiavelli-el-nuevo-educador\/#breadcrumb","itemListElement":[{"@type":"ListItem","position":1,"name":"Portada","item":"https:\/\/webdelmaestrocmf.com\/portal\/"},{"@type":"ListItem","position":2,"name":"Z-Colaboradores","item":"https:\/\/webdelmaestrocmf.com\/portal\/category\/colaborador\/"},{"@type":"ListItem","position":3,"name":"[Mario Schiavelli] El \u201cnuevo\u201d educador"}]},{"@type":"WebSite","@id":"https:\/\/webdelmaestrocmf.com\/portal\/#website","url":"https:\/\/webdelmaestrocmf.com\/portal\/","name":"Web del Maestro CMF","description":"Maestros al servicio de la educaci\u00f3n","publisher":{"@id":"https:\/\/webdelmaestrocmf.com\/portal\/#organization"},"alternateName":"WMCMF","potentialAction":[{"@type":"SearchAction","target":{"@type":"EntryPoint","urlTemplate":"https:\/\/webdelmaestrocmf.com\/portal\/?s={search_term_string}"},"query-input":{"@type":"PropertyValueSpecification","valueRequired":true,"valueName":"search_term_string"}}],"inLanguage":"es"},{"@type":"Organization","@id":"https:\/\/webdelmaestrocmf.com\/portal\/#organization","name":"Web del Maestro CMF","alternateName":"WMCMF","url":"https:\/\/webdelmaestrocmf.com\/portal\/","logo":{"@type":"ImageObject","inLanguage":"es","@id":"https:\/\/webdelmaestrocmf.com\/portal\/#\/schema\/logo\/image\/","url":"https:\/\/webdelmaestrocmf.com\/portal\/wp-content\/uploads\/2023\/01\/logo-wmcmf-2.png","contentUrl":"https:\/\/webdelmaestrocmf.com\/portal\/wp-content\/uploads\/2023\/01\/logo-wmcmf-2.png","width":200,"height":60,"caption":"Web del Maestro CMF"},"image":{"@id":"https:\/\/webdelmaestrocmf.com\/portal\/#\/schema\/logo\/image\/"},"sameAs":["https:\/\/www.facebook.com\/WebdelMaestroCMF\/","https:\/\/x.com\/cmf_w","https:\/\/www.pinterest.com\/WMCMF\/","https:\/\/www.linkedin.com\/company\/web-del-maestro-cmf\/","https:\/\/www.instagram.com\/wmcmf\/","https:\/\/www.youtube.com\/channel\/UCDPSvjbdodE5sHnC3OxutHw","https:\/\/mastodon.social\/@wmcmf","https:\/\/www.tiktok.com\/@webdelmaestrocmf"]},{"@type":"Person","@id":"https:\/\/webdelmaestrocmf.com\/portal\/#\/schema\/person\/1072a2ed7bd960df8ef99a551fa35dc5","name":"Web del Maestro CMF","image":{"@type":"ImageObject","inLanguage":"es","@id":"https:\/\/secure.gravatar.com\/avatar\/23291dd5b5ae1077dcff3dbb04c3e02bd28403fa75af6d8787d5e97c5bbbe30b?s=96&d=mm&r=g","url":"https:\/\/secure.gravatar.com\/avatar\/23291dd5b5ae1077dcff3dbb04c3e02bd28403fa75af6d8787d5e97c5bbbe30b?s=96&d=mm&r=g","contentUrl":"https:\/\/secure.gravatar.com\/avatar\/23291dd5b5ae1077dcff3dbb04c3e02bd28403fa75af6d8787d5e97c5bbbe30b?s=96&d=mm&r=g","caption":"Web del Maestro CMF"},"description":"Esta Web se cre\u00f3 sin fines de lucro, con fines educativos, cient\u00edficos y acad\u00e9micos, para personas que tengan dificultades y\/o inconvenientes en visualizar el material original. El objetivo es entregar recursos, compartir experiencias y materiales que ayuden a los padres de familia, maestros y estudiantes en su actualizaci\u00f3n y formaci\u00f3n permanente, en bien de la Educaci\u00f3n.","sameAs":["http:\/\/webdelmaestrocmf.com\/portal","https:\/\/www.facebook.com\/WebdelMaestroCMF\/","https:\/\/www.instagram.com\/wmcmf\/","https:\/\/cl.linkedin.com\/company\/web-del-maestro-cmf","https:\/\/www.pinterest.com\/WMCMF\/publicaciones\/","https:\/\/x.com\/cmf_w","https:\/\/www.youtube.com\/@WMCMF"]}]}},"jetpack_featured_media_url":"https:\/\/webdelmaestrocmf.com\/portal\/wp-content\/uploads\/2021\/04\/1-copia-12.jpg","jetpack_sharing_enabled":true,"jetpack-related-posts":[{"id":50685,"url":"https:\/\/webdelmaestrocmf.com\/portal\/mario-schiavelli-nuestro-cerebro-es-perezoso\/","url_meta":{"origin":62008,"position":0},"title":"[Mario Schiavelli] Nuestro Cerebro es perezoso","author":"Web del Maestro CMF","date":"31 agosto, 2020","format":false,"excerpt":"Todo Educador a la hora de ensen\u0303ar se enfrenta a un primer obsta\u0301culo: La pereza de nuestro cerebro. Nuestro cerebro posee la maravillosa capacidad de cambiar y rejuvenecer constantemente durante toda nuestra vida. Esta capacidad se conoce como Neuroplasticidad. Sin embargo, se siente \u201cco\u0301modo\u201d con sus ha\u0301bitos. Lo nuevo implica\u2026","rel":"","context":"En \u00abZ-Colaboradores\u00bb","block_context":{"text":"Z-Colaboradores","link":"https:\/\/webdelmaestrocmf.com\/portal\/category\/colaborador\/"},"img":{"alt_text":"","src":"https:\/\/i0.wp.com\/webdelmaestrocmf.com\/portal\/wp-content\/uploads\/2020\/08\/1-copia-78.jpg?resize=350%2C200&ssl=1","width":350,"height":200,"srcset":"https:\/\/i0.wp.com\/webdelmaestrocmf.com\/portal\/wp-content\/uploads\/2020\/08\/1-copia-78.jpg?resize=350%2C200&ssl=1 1x, https:\/\/i0.wp.com\/webdelmaestrocmf.com\/portal\/wp-content\/uploads\/2020\/08\/1-copia-78.jpg?resize=525%2C300&ssl=1 1.5x, https:\/\/i0.wp.com\/webdelmaestrocmf.com\/portal\/wp-content\/uploads\/2020\/08\/1-copia-78.jpg?resize=700%2C400&ssl=1 2x, https:\/\/i0.wp.com\/webdelmaestrocmf.com\/portal\/wp-content\/uploads\/2020\/08\/1-copia-78.jpg?resize=1050%2C600&ssl=1 3x"},"classes":[]},{"id":54894,"url":"https:\/\/webdelmaestrocmf.com\/portal\/mario-schiavelli-la-empatia\/","url_meta":{"origin":62008,"position":1},"title":"[Mario Schiavelli] La Empati\u0301a","author":"Web del Maestro CMF","date":"20 noviembre, 2020","format":false,"excerpt":"\u201cLa empati\u0301a es la habilidad de compartir el dolor de otra persona\u201d \u00a0(Marshall Rosenberg) La Educacio\u0301n y el Aprendizaje son un proceso comunicativo. Antes de toda consideracio\u0301n curricular, debe privar la relacio\u0301n Educador-Alumno como eje principal de ese proceso. Para lograr despertar intere\u0301s en la materia a ensen\u0303ar, nosotros los\u2026","rel":"","context":"En \u00abZ-Colaboradores\u00bb","block_context":{"text":"Z-Colaboradores","link":"https:\/\/webdelmaestrocmf.com\/portal\/category\/colaborador\/"},"img":{"alt_text":"","src":"https:\/\/i0.wp.com\/webdelmaestrocmf.com\/portal\/wp-content\/uploads\/2020\/11\/1-copia-58.jpg?resize=350%2C200&ssl=1","width":350,"height":200,"srcset":"https:\/\/i0.wp.com\/webdelmaestrocmf.com\/portal\/wp-content\/uploads\/2020\/11\/1-copia-58.jpg?resize=350%2C200&ssl=1 1x, https:\/\/i0.wp.com\/webdelmaestrocmf.com\/portal\/wp-content\/uploads\/2020\/11\/1-copia-58.jpg?resize=525%2C300&ssl=1 1.5x, https:\/\/i0.wp.com\/webdelmaestrocmf.com\/portal\/wp-content\/uploads\/2020\/11\/1-copia-58.jpg?resize=700%2C400&ssl=1 2x, https:\/\/i0.wp.com\/webdelmaestrocmf.com\/portal\/wp-content\/uploads\/2020\/11\/1-copia-58.jpg?resize=1050%2C600&ssl=1 3x"},"classes":[]},{"id":71958,"url":"https:\/\/webdelmaestrocmf.com\/portal\/mario-schiavelli-input-emocionales\/","url_meta":{"origin":62008,"position":2},"title":"[Mario Schiavelli] Input Emocionales","author":"Web del Maestro CMF","date":"13 diciembre, 2021","format":false,"excerpt":"\u201cUn Educador y sus estudiantes deben sentirse a gusto, serenos y contentos\u201d. Un cerebro con ansiedad, miedo, depresi\u00f3n, inseguridad, cansancio, no est\u00e1 motivado, no funciona, no focaliza, no presta atenci\u00f3n, no memoriza. \u00a1No aprende! Un buen Educador debe transmitir Input Emocionales para lograr esa condici\u00f3n en su aula. Docente cinco\u2026","rel":"","context":"En \u00abZ-Colaboradores\u00bb","block_context":{"text":"Z-Colaboradores","link":"https:\/\/webdelmaestrocmf.com\/portal\/category\/colaborador\/"},"img":{"alt_text":"","src":"https:\/\/i0.wp.com\/webdelmaestrocmf.com\/portal\/wp-content\/uploads\/2021\/12\/1-21.jpg?resize=350%2C200&ssl=1","width":350,"height":200,"srcset":"https:\/\/i0.wp.com\/webdelmaestrocmf.com\/portal\/wp-content\/uploads\/2021\/12\/1-21.jpg?resize=350%2C200&ssl=1 1x, https:\/\/i0.wp.com\/webdelmaestrocmf.com\/portal\/wp-content\/uploads\/2021\/12\/1-21.jpg?resize=525%2C300&ssl=1 1.5x, https:\/\/i0.wp.com\/webdelmaestrocmf.com\/portal\/wp-content\/uploads\/2021\/12\/1-21.jpg?resize=700%2C400&ssl=1 2x, https:\/\/i0.wp.com\/webdelmaestrocmf.com\/portal\/wp-content\/uploads\/2021\/12\/1-21.jpg?resize=1050%2C600&ssl=1 3x"},"classes":[]},{"id":59450,"url":"https:\/\/webdelmaestrocmf.com\/portal\/mario-schiavelli-el-cerebro-es-autonomo\/","url_meta":{"origin":62008,"position":3},"title":"[Mario Schiavelli] El cerebro es aut\u00f3nomo","author":"Web del Maestro CMF","date":"17 febrero, 2021","format":false,"excerpt":"Est\u00e1 comprobado que el cerebro es aut\u00f3nomo y le gusta decidir qu\u00e9 aprender, c\u00f3mo aprender, cu\u00e1ndo aprender y de qui\u00e9n aprender. La autonom\u00eda en el aprendizaje no significa hacer al individuo protagonista \u00fanico de su propio aprendizaje. Se trata de ser independiente en la labor de aprender, pero tiene que\u2026","rel":"","context":"En \u00abZ-Colaboradores\u00bb","block_context":{"text":"Z-Colaboradores","link":"https:\/\/webdelmaestrocmf.com\/portal\/category\/colaborador\/"},"img":{"alt_text":"","src":"https:\/\/i0.wp.com\/webdelmaestrocmf.com\/portal\/wp-content\/uploads\/2021\/02\/1-copia-50.jpg?resize=350%2C200&ssl=1","width":350,"height":200,"srcset":"https:\/\/i0.wp.com\/webdelmaestrocmf.com\/portal\/wp-content\/uploads\/2021\/02\/1-copia-50.jpg?resize=350%2C200&ssl=1 1x, https:\/\/i0.wp.com\/webdelmaestrocmf.com\/portal\/wp-content\/uploads\/2021\/02\/1-copia-50.jpg?resize=525%2C300&ssl=1 1.5x, https:\/\/i0.wp.com\/webdelmaestrocmf.com\/portal\/wp-content\/uploads\/2021\/02\/1-copia-50.jpg?resize=700%2C400&ssl=1 2x, https:\/\/i0.wp.com\/webdelmaestrocmf.com\/portal\/wp-content\/uploads\/2021\/02\/1-copia-50.jpg?resize=1050%2C600&ssl=1 3x"},"classes":[]},{"id":72612,"url":"https:\/\/webdelmaestrocmf.com\/portal\/mario-schiavelli-el-nuevo-estudiante\/","url_meta":{"origin":62008,"position":4},"title":"[Mario Schiavelli] El \u201cnuevo\u201d estudiante","author":"Web del Maestro CMF","date":"3 enero, 2022","format":false,"excerpt":"Como \u201cnuevos\u201d Educadores, formaremos \u201cnuevos\u201d Estudiantes. Seres humanos que a trav\u00e9s del placer y la emoci\u00f3n de aprender y formarse, ser\u00e1n personas m\u00e1s felices y m\u00e1s satisfechas. Son los verdaderos protagonistas del proceso de formaci\u00f3n. Sienten confianza en sus educadores y en s\u00ed mismos. Se sienten tranquilos, no presionados Asumen\u2026","rel":"","context":"En \u00abZ-Colaboradores\u00bb","block_context":{"text":"Z-Colaboradores","link":"https:\/\/webdelmaestrocmf.com\/portal\/category\/colaborador\/"},"img":{"alt_text":"","src":"https:\/\/i0.wp.com\/webdelmaestrocmf.com\/portal\/wp-content\/uploads\/2022\/01\/1-5.jpg?resize=350%2C200&ssl=1","width":350,"height":200,"srcset":"https:\/\/i0.wp.com\/webdelmaestrocmf.com\/portal\/wp-content\/uploads\/2022\/01\/1-5.jpg?resize=350%2C200&ssl=1 1x, https:\/\/i0.wp.com\/webdelmaestrocmf.com\/portal\/wp-content\/uploads\/2022\/01\/1-5.jpg?resize=525%2C300&ssl=1 1.5x, https:\/\/i0.wp.com\/webdelmaestrocmf.com\/portal\/wp-content\/uploads\/2022\/01\/1-5.jpg?resize=700%2C400&ssl=1 2x, https:\/\/i0.wp.com\/webdelmaestrocmf.com\/portal\/wp-content\/uploads\/2022\/01\/1-5.jpg?resize=1050%2C600&ssl=1 3x"},"classes":[]},{"id":65030,"url":"https:\/\/webdelmaestrocmf.com\/portal\/mario-schiavelli-la-ensenanza-eficaz\/","url_meta":{"origin":62008,"position":5},"title":"[Mario Schiavelli] La ense\u00f1anza eficaz","author":"Web del Maestro CMF","date":"11 julio, 2021","format":false,"excerpt":"La ense\u00f1anza eficaz es el resultado de una combinaci\u00f3n de muchos factores, pero el n\u00facleo es el Educador con sus aspectos de fondo y forma para comunicar e interactuar con los dem\u00e1s, as\u00ed como la ense\u00f1anza de las pr\u00e1cticas espec\u00edficas. Para averiguar lo que hace a un buen Educador, he\u2026","rel":"","context":"En \u00abZ-Colaboradores\u00bb","block_context":{"text":"Z-Colaboradores","link":"https:\/\/webdelmaestrocmf.com\/portal\/category\/colaborador\/"},"img":{"alt_text":"","src":"https:\/\/i0.wp.com\/webdelmaestrocmf.com\/portal\/wp-content\/uploads\/2021\/07\/1-31.jpg?resize=350%2C200&ssl=1","width":350,"height":200,"srcset":"https:\/\/i0.wp.com\/webdelmaestrocmf.com\/portal\/wp-content\/uploads\/2021\/07\/1-31.jpg?resize=350%2C200&ssl=1 1x, https:\/\/i0.wp.com\/webdelmaestrocmf.com\/portal\/wp-content\/uploads\/2021\/07\/1-31.jpg?resize=525%2C300&ssl=1 1.5x, https:\/\/i0.wp.com\/webdelmaestrocmf.com\/portal\/wp-content\/uploads\/2021\/07\/1-31.jpg?resize=700%2C400&ssl=1 2x, https:\/\/i0.wp.com\/webdelmaestrocmf.com\/portal\/wp-content\/uploads\/2021\/07\/1-31.jpg?resize=1050%2C600&ssl=1 3x"},"classes":[]}],"_links":{"self":[{"href":"https:\/\/webdelmaestrocmf.com\/portal\/wp-json\/wp\/v2\/posts\/62008","targetHints":{"allow":["GET"]}}],"collection":[{"href":"https:\/\/webdelmaestrocmf.com\/portal\/wp-json\/wp\/v2\/posts"}],"about":[{"href":"https:\/\/webdelmaestrocmf.com\/portal\/wp-json\/wp\/v2\/types\/post"}],"author":[{"embeddable":true,"href":"https:\/\/webdelmaestrocmf.com\/portal\/wp-json\/wp\/v2\/users\/1"}],"replies":[{"embeddable":true,"href":"https:\/\/webdelmaestrocmf.com\/portal\/wp-json\/wp\/v2\/comments?post=62008"}],"version-history":[{"count":0,"href":"https:\/\/webdelmaestrocmf.com\/portal\/wp-json\/wp\/v2\/posts\/62008\/revisions"}],"wp:featuredmedia":[{"embeddable":true,"href":"https:\/\/webdelmaestrocmf.com\/portal\/wp-json\/wp\/v2\/media\/62013"}],"wp:attachment":[{"href":"https:\/\/webdelmaestrocmf.com\/portal\/wp-json\/wp\/v2\/media?parent=62008"}],"wp:term":[{"taxonomy":"category","embeddable":true,"href":"https:\/\/webdelmaestrocmf.com\/portal\/wp-json\/wp\/v2\/categories?post=62008"},{"taxonomy":"post_tag","embeddable":true,"href":"https:\/\/webdelmaestrocmf.com\/portal\/wp-json\/wp\/v2\/tags?post=62008"}],"curies":[{"name":"wp","href":"https:\/\/api.w.org\/{rel}","templated":true}]}}