{"id":61925,"date":"2021-04-18T22:30:44","date_gmt":"2021-04-19T02:30:44","guid":{"rendered":"https:\/\/webdelmaestrocmf.com\/portal\/?p=61925"},"modified":"2021-04-18T22:38:49","modified_gmt":"2021-04-19T02:38:49","slug":"historia-visita-virtual-a-cuatro-museos-romanos","status":"publish","type":"post","link":"https:\/\/webdelmaestrocmf.com\/portal\/historia-visita-virtual-a-cuatro-museos-romanos\/","title":{"rendered":"Historia: visita virtual a cuatro museos romanos"},"content":{"rendered":"<h5 style=\"text-align: justify;\">Uno de los recursos que m\u00e1s se han modernizado, a causa de la pandemia del Covid 19, es la accesibilidad y facilidad para comunicarnos con las herramientas digitales. Con la \u2018nueva normalidad\u2019 ser\u00e1 (a corto tiempo) muy dif\u00edcil llevar a los alumnos a un museo. \u201cPor suerte, las visitas a museos virtuales ofrecen la posibilidad de acercar la cultura de un modo distinto pero din\u00e1mico\u201d. Por esta raz\u00f3n compartimos, por motivos \u00fanicamente educativos y de formaci\u00f3n permanente, <strong>un recorrido virtual y remoto de cuatro de los museos m\u00e1s importantes de la llamada Ciudad Eterna: Roma<\/strong>. Ingresar a virtualmente a estos lugares que custodian partes o vestigios de la historia de la humanidad, y trasladarse al momento hist\u00f3rico que representan, es acercarnos y hacer una visita remota sin precedentes y <strong>altamente inmersiva.<\/strong><\/h5>\n<p><!--more--><\/p>\n<p style=\"text-align: justify;\">La teconolog\u00eda nos permite hoy visitar cuatro museos romanos, con \u201cun <strong>recorrido virtual gratuito a pantalla completa<\/strong> enriquecido con im\u00e1genes, videos, audio y textos informativos\u201d. Est\u00e1 (por ahora) <strong>disponible en italiano e ingl\u00e9s<\/strong>. Estos recorridos virtuales o \u201cTours Virtuales cuentan con varias innovaciones, que optimizan y amplifican la experiencia\u201d: el uso de una tecnolog\u00eda m\u00e1s innovadora que la anterior, la visita se hace desde cualquier tipo de dispositivo (celulares o m\u00f3viles inteligentes y tabletas). Ofrece \u201ccontenidos multimedia, con fotograf\u00edas de 360 \u200b\u200b\u00b0 que <strong>se pueden navegar a trav\u00e9s de un panel de control especial para moverse virtualmente dentro de las habitaciones,<\/strong> paneles explicativos de las salas y obras, comandos para hacer zoom y rotar 360 \u00b0 la imagen, mapa del itinerario, foto galer\u00edas, videos y otros contenidos contextuales, los nuevos recorridos virtuales cubren casi todo el espacio del museo\u201d.<\/p>\n<p style=\"text-align: justify;\">La experiencia, tanto para los profesores y padres de familia, consideramos que ser\u00e1 de mucha utilidad para usar el medio digital como un medio para <strong>reducir las tensiones y el estr\u00e9s de este tiempo de confinamiento<\/strong>. Puede ser un valioso recurso para despertar la curiosidad (tan importante en el aprendizaje) por <strong>conocer la historia del Imperio Romano, como nunca se ha tenido antes la oportunidad,<\/strong> gracias al desarrollo de las tecnolog\u00eda y al Sistema de Museos C\u00edvicos de Roma (Italia) .<\/p>\n<p><img loading=\"lazy\" decoding=\"async\" class=\"alignnone size-large wp-image-61931\" src=\"https:\/\/webdelmaestrocmf.com\/portal\/wp-content\/uploads\/2021\/04\/1-37-1024x682.jpeg\" alt=\"\" width=\"1024\" height=\"682\" srcset=\"https:\/\/webdelmaestrocmf.com\/portal\/wp-content\/uploads\/2021\/04\/1-37-1024x682.jpeg 1024w, https:\/\/webdelmaestrocmf.com\/portal\/wp-content\/uploads\/2021\/04\/1-37-300x200.jpeg 300w, https:\/\/webdelmaestrocmf.com\/portal\/wp-content\/uploads\/2021\/04\/1-37-768x512.jpeg 768w, https:\/\/webdelmaestrocmf.com\/portal\/wp-content\/uploads\/2021\/04\/1-37-110x73.jpeg 110w, https:\/\/webdelmaestrocmf.com\/portal\/wp-content\/uploads\/2021\/04\/1-37-200x133.jpeg 200w, https:\/\/webdelmaestrocmf.com\/portal\/wp-content\/uploads\/2021\/04\/1-37-380x253.jpeg 380w, https:\/\/webdelmaestrocmf.com\/portal\/wp-content\/uploads\/2021\/04\/1-37-255x170.jpeg 255w, https:\/\/webdelmaestrocmf.com\/portal\/wp-content\/uploads\/2021\/04\/1-37-550x367.jpeg 550w, https:\/\/webdelmaestrocmf.com\/portal\/wp-content\/uploads\/2021\/04\/1-37-800x533.jpeg 800w, https:\/\/webdelmaestrocmf.com\/portal\/wp-content\/uploads\/2021\/04\/1-37-1160x773.jpeg 1160w, https:\/\/webdelmaestrocmf.com\/portal\/wp-content\/uploads\/2021\/04\/1-37-220x147.jpeg 220w, https:\/\/webdelmaestrocmf.com\/portal\/wp-content\/uploads\/2021\/04\/1-37-400x267.jpeg 400w, https:\/\/webdelmaestrocmf.com\/portal\/wp-content\/uploads\/2021\/04\/1-37-760x506.jpeg 760w, https:\/\/webdelmaestrocmf.com\/portal\/wp-content\/uploads\/2021\/04\/1-37-510x340.jpeg 510w, https:\/\/webdelmaestrocmf.com\/portal\/wp-content\/uploads\/2021\/04\/1-37-600x400.jpeg 600w, https:\/\/webdelmaestrocmf.com\/portal\/wp-content\/uploads\/2021\/04\/1-37-1100x733.jpeg 1100w, https:\/\/webdelmaestrocmf.com\/portal\/wp-content\/uploads\/2021\/04\/1-37.jpeg 1280w\" sizes=\"auto, (max-width: 1024px) 100vw, 1024px\" \/><\/p>\n<p style=\"text-align: justify;\">Con hacer un clic en una obra representada (por ejemplo \u00abLa Loba\u00bb -que amamant\u00f3 a R\u00f3mulo y Remo- en los Museos Capitolinos) \u201cel usuario se transporta virtualmente a la sala que contiene la obra elegida. Adem\u00e1s, no hay riesgo de perderse durante la visita: los recorridos <strong>est\u00e1n equipados con mapas inteligentes<\/strong> que siguen al visitante a medida que pasa de una habitaci\u00f3n a otra, indicando habitaciones u obras que a\u00fan no se muestran. Adem\u00e1s \u201c<strong>gracias a los drones de \u00faltima generaci\u00f3n, el visitante podr\u00e1 ver salas y obras desde arriba<\/strong>, disfrutando de una mayor y perspectiva sin precedentes de visitar el museo y tambi\u00e9n la ciudad\u201d.<\/p>\n<p style=\"text-align: justify;\"><strong>ROMA VIRTUAL <\/strong>(07\u00b4 17\u201d)<\/p>\n<p><iframe loading=\"lazy\" title=\"YouTube video player\" src=\"https:\/\/www.youtube.com\/embed\/87PrcMKJFMs\" width=\"100%\" height=\"400\" frameborder=\"0\" allowfullscreen=\"allowfullscreen\"><span data-mce-type=\"bookmark\" style=\"display: inline-block; width: 0px; overflow: hidden; line-height: 0;\" class=\"mce_SELRES_start\">\ufeff<\/span><\/iframe><\/p>\n<p style=\"text-align: justify;\">Recordemos que los museos no son grandes dep\u00f3sitos de patrimonio, aburridos, oscuros y alejados de la comprensi\u00f3n de los estudiantes. Las <strong>posibilidades educativas, comunicativas, recreativas y pedag\u00f3gicas que ofrecen los museos,<\/strong> depender\u00e1n mucho del entusiasmo de los profesores, incluso de los padres de familia; de su capacidad de usar este recurso y de entusiasmar a los estudiantes. No pocos adultos regresan de adultos a los espacios de aprendizaje que impactaron en su vida escolar.<\/p>\n<p style=\"text-align: justify;\">\u00bfSe anima? Disfrute haciendo clic en cada museo:<\/p>\n<ul>\n<li style=\"text-align: justify;\"><a href=\"https:\/\/tourvirtuale.museicapitolini.org\/\" target=\"_blank\" rel=\"noopener\"><strong>Musei Capitolini<\/strong><\/a> <strong>Museos Capitolinos) Constituye el museo c\u00edvico municipal de Roma. Se dice \u00abmuseos\u00bb, en plural, debido a su origen: a las colecciones previas de esculturas antiguas fue a\u00f1adida por Benedicto XIV, en el siglo XVIII, la Pinacoteca, de tem\u00e1tica tambi\u00e9n principalmente romana (Wikipedia).<\/strong><\/li>\n<li style=\"text-align: justify;\"><a href=\"https:\/\/tourvirtuale.arapacis.it\/\" target=\"_blank\" rel=\"noopener\"><strong>Museo dell\u2019Ara Pacis<\/strong><\/a> <strong>(Museo del Altar del Cielo o de la Paz) Es una estructura que resalta el estilo de la Roma imperial. <\/strong><\/li>\n<li style=\"text-align: justify;\"><a href=\"https:\/\/tourvirtuale.museonapoleonico.it\/\" target=\"_blank\" rel=\"noopener\"><strong>Museo Napoleonico<\/strong><\/a><strong> (<\/strong><strong>Museo Napole\u00f3nico) museo hist\u00f3rico dedicado a objetos de inter\u00e9s relacionados con Napole\u00f3n.<\/strong><\/li>\n<li style=\"text-align: justify;\"><a href=\"https:\/\/tourvirtuale.mercatiditraiano.it\/\" target=\"_blank\" rel=\"noopener\"><strong>Mercati di Traiano \u2013 Museo dei Fori Imperiali<\/strong><\/a> <strong>(Mercado de Trajano \u2013 Museo de los Foros Imperiales) El mercado es complejo de ruinas considerado por muchos como el primer centro comercial cubierto del mundo. Los Foros Romanos fueron mandados construir por diferentes hasta formar un amplio complejo. Es uno de los lugares m\u00e1s visitados de Roma, vecinos al Altar de la Patria y Plaza Venecia.<\/strong><\/li>\n<\/ul>\n<p style=\"text-align: justify;\">Roma est\u00e1 llena de sitios para visitar, pero estos cuatro lugares, gracias a la tecnolog\u00eda, puede acercarnos a la historia universal. Los enlaces han sido tomados por Web del Maestro CMF como una invitaci\u00f3n a ampliar esta informaci\u00f3n en <a href=\"http:\/\/museiincomuneroma.it\/it\/notizie\/online-i-nuovi-tour-virtuali-dei-musei-civici\" target=\"_blank\" rel=\"noopener\"><strong>ONLINE I NUOVI TOUR VIRTUALI DEI MUSEI CIVICI.<\/strong><\/a><\/p>\n<p style=\"text-align: justify;\">\u201cLos museos son espacios de cultura donde muchas veces se ha realizado <strong>una verdadera revoluci\u00f3n did\u00e1ctica <\/strong>mucho m\u00e1s potente que la llevada a cabo dentro de las aulas. [&#8230;Y ahora con las nuevas tecnolog\u00edas, hay que], <strong>sacar el m\u00e1ximo beneficio de la red para los planes educativos<\/strong>, [&#8230;] hacer m\u00e1s visible sus recursos y el patrimonio que albergan, manteniendo la caracter\u00edstica principal de estas instituciones, la funci\u00f3n educativa y de transmisi\u00f3n de conocimientos, por lo que la manera de mostrarlo debe, adem\u00e1s de educar, entretener\u201d. (Ana M\u00aa Robles Gamazo).<\/p>\n<p style=\"text-align: center;\"><em>\u00abLos museos y galer\u00edas de arte tambi\u00e9n, para mi, son fuentes de placer e inspiraci\u00f3n. Sin duda esto les parecer\u00e1 extra\u00f1o a muchos, que mi mano, sin ayuda de la vista, pueda sentir el movimiento, el sentimiento, la belleza del fr\u00edo m\u00e1rmol; y, sin embargo, es cierto que siento genuino placer al tocar las grandes obras de arte. A trav\u00e9s de las puntas de los dedos siguiendo la curva de la l\u00ednea del trazo, descubren el pensamiento y la emoci\u00f3n que el artista ha retratado\u00bb.<\/em> (Hellen Keller).<\/p>\n<p style=\"text-align: right;\"><strong>REDACCI\u00d3N WEB DEL MAESTRO CMF<\/strong><\/p>\n\t\t<div class=\"pk-inline-posts\">\n\t\t\t\n\t\t\t<div class=\"pk-inline-posts-container pk-inline-posts-template-list\"\n\t\t\t\tdata-columns=\"1\">\n\t\t\t\t\t\t<article id=\"post-17756\" class=\"post-17756 post type-post status-publish format-standard has-post-thumbnail category-jamb tag-dia tag-dia-del-trabajo tag-jorge-bergoglio tag-maestros tag-trabajo cs-entry cs-video-wrap\">\n\t\t\t<div class=\"pk-post-outer\">\n\n\t\t\t\t\t\t\t\t<div class=\"pk-post-inner\">\n\t\t\t\t\t<div class=\"entry-thumbnail\">\n\t\t\t\t\t\t<div class=\"pk-overlay pk-overlay-ratio pk-ratio-landscape\">\n\t\t\t\t\t\t\t<div class=\"pk-overlay-background\">\n\t\t\t\t\t\t\t\t<a href=\"https:\/\/webdelmaestrocmf.com\/portal\/dia-del-trabajo-maestros-gracias-lo-hacen\/\" class=\"pk-overlay-link\">\n\t\t\t\t\t\t\t\t\t<img loading=\"lazy\" decoding=\"async\" width=\"300\" height=\"225\" src=\"https:\/\/webdelmaestrocmf.com\/portal\/wp-content\/uploads\/2023\/05\/Banner-1-portada-imagen-10-1-55-300x225.jpg\" class=\"attachment-pk-thumbnail size-pk-thumbnail wp-post-image\" alt=\"d\u00eda del trabajo\" \/>\t\t\t\t\t\t\t\t<\/a>\n\t\t\t\t\t\t\t<\/div>\n\t\t\t\t\t\t<\/div>\n\t\t\t\t\t<\/div>\n\t\t\t\t<\/div>\n\t\t\t\t\n\t\t\t\t<div class=\"pk-post-inner\">\n\t\t\t\t\t<header>\n\t\t\t\t\t\t<h3 class=\"pk-title\"><a href=\"https:\/\/webdelmaestrocmf.com\/portal\/dia-del-trabajo-maestros-gracias-lo-hacen\/\" rel=\"bookmark\">D\u00eda Internacional de los Trabajadores: Maestros, \u00a1gracias por lo que hacen!<\/a><\/h3>\t\t\t\t\t<\/header><!-- .entry-header -->\n\t\t\t\t<\/div><!-- .post-inner -->\n\n\t\t\t<\/div><!-- .post-outer -->\n\t\t<\/article>\n\t\t\t\t<\/div>\n\t\t<\/div>\n\t\t\n","protected":false},"excerpt":{"rendered":"Uno de los recursos que m\u00e1s se han modernizado, a causa de la pandemia del Covid 19, es&hellip;","protected":false},"author":1,"featured_media":61926,"comment_status":"open","ping_status":"closed","sticky":false,"template":"","format":"standard","meta":{"csco_display_header_overlay":false,"csco_singular_sidebar":"default","csco_page_header_type":"default","csco_page_load_nextpost":"default","csco_post_video_location":[],"csco_post_video_location_hash":"","csco_post_video_url":"","csco_post_video_bg_start_time":0,"csco_post_video_bg_end_time":0,"csco_post_video_bg_volume":false,"_jetpack_memberships_contains_paid_content":false,"footnotes":""},"categories":[61],"tags":[1988,1759,4800,6791,2422,6790],"class_list":{"0":"post-61925","1":"post","2":"type-post","3":"status-publish","4":"format-standard","5":"has-post-thumbnail","7":"category-jamb","8":"tag-cuatro","9":"tag-historia","10":"tag-museos","11":"tag-romanos","12":"tag-virtual","13":"tag-visita","14":"cs-entry","15":"cs-video-wrap"},"yoast_head":"<!-- This site is optimized with the Yoast SEO plugin v27.5 - https:\/\/yoast.com\/product\/yoast-seo-wordpress\/ -->\n<title>Historia: visita virtual a cuatro museos romanos - 2026<\/title>\n<meta name=\"description\" content=\"Uno de los recursos que m\u00e1s se han modernizado, a causa de la pandemia del Covid 19, es la accesibilidad y facilidad para comunicarnos...\" \/>\n<meta name=\"robots\" content=\"index, follow, max-snippet:-1, max-image-preview:large, max-video-preview:-1\" \/>\n<link rel=\"canonical\" href=\"https:\/\/webdelmaestrocmf.com\/portal\/historia-visita-virtual-a-cuatro-museos-romanos\/\" \/>\n<meta property=\"og:locale\" content=\"es_ES\" \/>\n<meta property=\"og:type\" content=\"article\" \/>\n<meta property=\"og:title\" content=\"Historia: visita virtual a cuatro museos romanos - 2026\" \/>\n<meta property=\"og:description\" content=\"Uno de los recursos que m\u00e1s se han modernizado, a causa de la pandemia del Covid 19, es la accesibilidad y facilidad para comunicarnos...\" \/>\n<meta property=\"og:url\" content=\"https:\/\/webdelmaestrocmf.com\/portal\/historia-visita-virtual-a-cuatro-museos-romanos\/\" \/>\n<meta property=\"og:site_name\" content=\"Web del Maestro CMF\" \/>\n<meta property=\"article:publisher\" content=\"https:\/\/www.facebook.com\/WebdelMaestroCMF\/\" \/>\n<meta property=\"article:author\" content=\"https:\/\/www.facebook.com\/WebdelMaestroCMF\/\" \/>\n<meta property=\"article:published_time\" content=\"2021-04-19T02:30:44+00:00\" \/>\n<meta property=\"article:modified_time\" content=\"2021-04-19T02:38:49+00:00\" \/>\n<meta property=\"og:image\" content=\"https:\/\/i0.wp.com\/webdelmaestrocmf.com\/portal\/wp-content\/uploads\/2021\/04\/1-74.jpg?fit=1100%2C680&ssl=1\" \/>\n\t<meta property=\"og:image:width\" content=\"1100\" \/>\n\t<meta property=\"og:image:height\" content=\"680\" \/>\n\t<meta property=\"og:image:type\" content=\"image\/jpeg\" \/>\n<meta name=\"author\" content=\"Web del Maestro CMF\" \/>\n<meta name=\"twitter:card\" content=\"summary_large_image\" \/>\n<meta name=\"twitter:creator\" content=\"@cmf_w\" \/>\n<meta name=\"twitter:site\" content=\"@cmf_w\" \/>\n<script type=\"application\/ld+json\" class=\"yoast-schema-graph\">{\"@context\":\"https:\\\/\\\/schema.org\",\"@graph\":[{\"@type\":\"ScholarlyArticle\",\"@id\":\"https:\\\/\\\/webdelmaestrocmf.com\\\/portal\\\/historia-visita-virtual-a-cuatro-museos-romanos\\\/#article\",\"isPartOf\":{\"@id\":\"https:\\\/\\\/webdelmaestrocmf.com\\\/portal\\\/historia-visita-virtual-a-cuatro-museos-romanos\\\/\"},\"author\":{\"name\":\"Web del Maestro CMF\",\"@id\":\"https:\\\/\\\/webdelmaestrocmf.com\\\/portal\\\/#\\\/schema\\\/person\\\/1072a2ed7bd960df8ef99a551fa35dc5\"},\"headline\":\"Historia: visita virtual a cuatro museos romanos\",\"datePublished\":\"2021-04-19T02:30:44+00:00\",\"dateModified\":\"2021-04-19T02:38:49+00:00\",\"mainEntityOfPage\":{\"@id\":\"https:\\\/\\\/webdelmaestrocmf.com\\\/portal\\\/historia-visita-virtual-a-cuatro-museos-romanos\\\/\"},\"wordCount\":979,\"commentCount\":0,\"publisher\":{\"@id\":\"https:\\\/\\\/webdelmaestrocmf.com\\\/portal\\\/#organization\"},\"image\":{\"@id\":\"https:\\\/\\\/webdelmaestrocmf.com\\\/portal\\\/historia-visita-virtual-a-cuatro-museos-romanos\\\/#primaryimage\"},\"thumbnailUrl\":\"https:\\\/\\\/webdelmaestrocmf.com\\\/portal\\\/wp-content\\\/uploads\\\/2021\\\/04\\\/1-74.jpg\",\"keywords\":[\"CUATRO\",\"HISTORIA\",\"museos\",\"romanos\",\"VIRTUAL\",\"visita\"],\"articleSection\":[\"Yo opino - WMCMF\"],\"inLanguage\":\"es\",\"potentialAction\":[{\"@type\":\"CommentAction\",\"name\":\"Comment\",\"target\":[\"https:\\\/\\\/webdelmaestrocmf.com\\\/portal\\\/historia-visita-virtual-a-cuatro-museos-romanos\\\/#respond\"]}]},{\"@type\":\"WebPage\",\"@id\":\"https:\\\/\\\/webdelmaestrocmf.com\\\/portal\\\/historia-visita-virtual-a-cuatro-museos-romanos\\\/\",\"url\":\"https:\\\/\\\/webdelmaestrocmf.com\\\/portal\\\/historia-visita-virtual-a-cuatro-museos-romanos\\\/\",\"name\":\"Historia: visita virtual a cuatro museos romanos - 2026\",\"isPartOf\":{\"@id\":\"https:\\\/\\\/webdelmaestrocmf.com\\\/portal\\\/#website\"},\"primaryImageOfPage\":{\"@id\":\"https:\\\/\\\/webdelmaestrocmf.com\\\/portal\\\/historia-visita-virtual-a-cuatro-museos-romanos\\\/#primaryimage\"},\"image\":{\"@id\":\"https:\\\/\\\/webdelmaestrocmf.com\\\/portal\\\/historia-visita-virtual-a-cuatro-museos-romanos\\\/#primaryimage\"},\"thumbnailUrl\":\"https:\\\/\\\/webdelmaestrocmf.com\\\/portal\\\/wp-content\\\/uploads\\\/2021\\\/04\\\/1-74.jpg\",\"datePublished\":\"2021-04-19T02:30:44+00:00\",\"dateModified\":\"2021-04-19T02:38:49+00:00\",\"description\":\"Uno de los recursos que m\u00e1s se han modernizado, a causa de la pandemia del Covid 19, es la accesibilidad y facilidad para comunicarnos...\",\"breadcrumb\":{\"@id\":\"https:\\\/\\\/webdelmaestrocmf.com\\\/portal\\\/historia-visita-virtual-a-cuatro-museos-romanos\\\/#breadcrumb\"},\"inLanguage\":\"es\",\"potentialAction\":[{\"@type\":\"ReadAction\",\"target\":[\"https:\\\/\\\/webdelmaestrocmf.com\\\/portal\\\/historia-visita-virtual-a-cuatro-museos-romanos\\\/\"]}]},{\"@type\":\"ImageObject\",\"inLanguage\":\"es\",\"@id\":\"https:\\\/\\\/webdelmaestrocmf.com\\\/portal\\\/historia-visita-virtual-a-cuatro-museos-romanos\\\/#primaryimage\",\"url\":\"https:\\\/\\\/webdelmaestrocmf.com\\\/portal\\\/wp-content\\\/uploads\\\/2021\\\/04\\\/1-74.jpg\",\"contentUrl\":\"https:\\\/\\\/webdelmaestrocmf.com\\\/portal\\\/wp-content\\\/uploads\\\/2021\\\/04\\\/1-74.jpg\",\"width\":1100,\"height\":680},{\"@type\":\"BreadcrumbList\",\"@id\":\"https:\\\/\\\/webdelmaestrocmf.com\\\/portal\\\/historia-visita-virtual-a-cuatro-museos-romanos\\\/#breadcrumb\",\"itemListElement\":[{\"@type\":\"ListItem\",\"position\":1,\"name\":\"Portada\",\"item\":\"https:\\\/\\\/webdelmaestrocmf.com\\\/portal\\\/\"},{\"@type\":\"ListItem\",\"position\":2,\"name\":\"Yo opino - WMCMF\",\"item\":\"https:\\\/\\\/webdelmaestrocmf.com\\\/portal\\\/category\\\/jamb\\\/\"},{\"@type\":\"ListItem\",\"position\":3,\"name\":\"Historia: visita virtual a cuatro museos romanos\"}]},{\"@type\":\"WebSite\",\"@id\":\"https:\\\/\\\/webdelmaestrocmf.com\\\/portal\\\/#website\",\"url\":\"https:\\\/\\\/webdelmaestrocmf.com\\\/portal\\\/\",\"name\":\"Web del Maestro CMF\",\"description\":\"Maestros al servicio de la educaci\u00f3n\",\"publisher\":{\"@id\":\"https:\\\/\\\/webdelmaestrocmf.com\\\/portal\\\/#organization\"},\"alternateName\":\"WMCMF\",\"potentialAction\":[{\"@type\":\"SearchAction\",\"target\":{\"@type\":\"EntryPoint\",\"urlTemplate\":\"https:\\\/\\\/webdelmaestrocmf.com\\\/portal\\\/?s={search_term_string}\"},\"query-input\":{\"@type\":\"PropertyValueSpecification\",\"valueRequired\":true,\"valueName\":\"search_term_string\"}}],\"inLanguage\":\"es\"},{\"@type\":\"Organization\",\"@id\":\"https:\\\/\\\/webdelmaestrocmf.com\\\/portal\\\/#organization\",\"name\":\"Web del Maestro CMF\",\"alternateName\":\"WMCMF\",\"url\":\"https:\\\/\\\/webdelmaestrocmf.com\\\/portal\\\/\",\"logo\":{\"@type\":\"ImageObject\",\"inLanguage\":\"es\",\"@id\":\"https:\\\/\\\/webdelmaestrocmf.com\\\/portal\\\/#\\\/schema\\\/logo\\\/image\\\/\",\"url\":\"https:\\\/\\\/webdelmaestrocmf.com\\\/portal\\\/wp-content\\\/uploads\\\/2023\\\/01\\\/logo-wmcmf-2.png\",\"contentUrl\":\"https:\\\/\\\/webdelmaestrocmf.com\\\/portal\\\/wp-content\\\/uploads\\\/2023\\\/01\\\/logo-wmcmf-2.png\",\"width\":200,\"height\":60,\"caption\":\"Web del Maestro CMF\"},\"image\":{\"@id\":\"https:\\\/\\\/webdelmaestrocmf.com\\\/portal\\\/#\\\/schema\\\/logo\\\/image\\\/\"},\"sameAs\":[\"https:\\\/\\\/www.facebook.com\\\/WebdelMaestroCMF\\\/\",\"https:\\\/\\\/x.com\\\/cmf_w\",\"https:\\\/\\\/www.pinterest.com\\\/WMCMF\\\/\",\"https:\\\/\\\/www.linkedin.com\\\/company\\\/web-del-maestro-cmf\\\/\",\"https:\\\/\\\/www.instagram.com\\\/wmcmf\\\/\",\"https:\\\/\\\/www.youtube.com\\\/channel\\\/UCDPSvjbdodE5sHnC3OxutHw\",\"https:\\\/\\\/mastodon.social\\\/@wmcmf\",\"https:\\\/\\\/www.tiktok.com\\\/@webdelmaestrocmf\"]},{\"@type\":\"Person\",\"@id\":\"https:\\\/\\\/webdelmaestrocmf.com\\\/portal\\\/#\\\/schema\\\/person\\\/1072a2ed7bd960df8ef99a551fa35dc5\",\"name\":\"Web del Maestro CMF\",\"image\":{\"@type\":\"ImageObject\",\"inLanguage\":\"es\",\"@id\":\"https:\\\/\\\/secure.gravatar.com\\\/avatar\\\/23291dd5b5ae1077dcff3dbb04c3e02bd28403fa75af6d8787d5e97c5bbbe30b?s=96&d=mm&r=g\",\"url\":\"https:\\\/\\\/secure.gravatar.com\\\/avatar\\\/23291dd5b5ae1077dcff3dbb04c3e02bd28403fa75af6d8787d5e97c5bbbe30b?s=96&d=mm&r=g\",\"contentUrl\":\"https:\\\/\\\/secure.gravatar.com\\\/avatar\\\/23291dd5b5ae1077dcff3dbb04c3e02bd28403fa75af6d8787d5e97c5bbbe30b?s=96&d=mm&r=g\",\"caption\":\"Web del Maestro CMF\"},\"description\":\"Esta Web se cre\u00f3 sin fines de lucro, con fines educativos, cient\u00edficos y acad\u00e9micos, para personas que tengan dificultades y\\\/o inconvenientes en visualizar el material original. El objetivo es entregar recursos, compartir experiencias y materiales que ayuden a los padres de familia, maestros y estudiantes en su actualizaci\u00f3n y formaci\u00f3n permanente, en bien de la Educaci\u00f3n.\",\"sameAs\":[\"http:\\\/\\\/webdelmaestrocmf.com\\\/portal\",\"https:\\\/\\\/www.facebook.com\\\/WebdelMaestroCMF\\\/\",\"https:\\\/\\\/www.instagram.com\\\/wmcmf\\\/\",\"https:\\\/\\\/cl.linkedin.com\\\/company\\\/web-del-maestro-cmf\",\"https:\\\/\\\/www.pinterest.com\\\/WMCMF\\\/publicaciones\\\/\",\"https:\\\/\\\/x.com\\\/cmf_w\",\"https:\\\/\\\/www.youtube.com\\\/@WMCMF\"]}]}<\/script>\n<!-- \/ Yoast SEO plugin. -->","yoast_head_json":{"title":"Historia: visita virtual a cuatro museos romanos - 2026","description":"Uno de los recursos que m\u00e1s se han modernizado, a causa de la pandemia del Covid 19, es la accesibilidad y facilidad para comunicarnos...","robots":{"index":"index","follow":"follow","max-snippet":"max-snippet:-1","max-image-preview":"max-image-preview:large","max-video-preview":"max-video-preview:-1"},"canonical":"https:\/\/webdelmaestrocmf.com\/portal\/historia-visita-virtual-a-cuatro-museos-romanos\/","og_locale":"es_ES","og_type":"article","og_title":"Historia: visita virtual a cuatro museos romanos - 2026","og_description":"Uno de los recursos que m\u00e1s se han modernizado, a causa de la pandemia del Covid 19, es la accesibilidad y facilidad para comunicarnos...","og_url":"https:\/\/webdelmaestrocmf.com\/portal\/historia-visita-virtual-a-cuatro-museos-romanos\/","og_site_name":"Web del Maestro CMF","article_publisher":"https:\/\/www.facebook.com\/WebdelMaestroCMF\/","article_author":"https:\/\/www.facebook.com\/WebdelMaestroCMF\/","article_published_time":"2021-04-19T02:30:44+00:00","article_modified_time":"2021-04-19T02:38:49+00:00","og_image":[{"width":1100,"height":680,"url":"https:\/\/i0.wp.com\/webdelmaestrocmf.com\/portal\/wp-content\/uploads\/2021\/04\/1-74.jpg?fit=1100%2C680&ssl=1","type":"image\/jpeg"}],"author":"Web del Maestro CMF","twitter_card":"summary_large_image","twitter_creator":"@cmf_w","twitter_site":"@cmf_w","schema":{"@context":"https:\/\/schema.org","@graph":[{"@type":"ScholarlyArticle","@id":"https:\/\/webdelmaestrocmf.com\/portal\/historia-visita-virtual-a-cuatro-museos-romanos\/#article","isPartOf":{"@id":"https:\/\/webdelmaestrocmf.com\/portal\/historia-visita-virtual-a-cuatro-museos-romanos\/"},"author":{"name":"Web del Maestro CMF","@id":"https:\/\/webdelmaestrocmf.com\/portal\/#\/schema\/person\/1072a2ed7bd960df8ef99a551fa35dc5"},"headline":"Historia: visita virtual a cuatro museos romanos","datePublished":"2021-04-19T02:30:44+00:00","dateModified":"2021-04-19T02:38:49+00:00","mainEntityOfPage":{"@id":"https:\/\/webdelmaestrocmf.com\/portal\/historia-visita-virtual-a-cuatro-museos-romanos\/"},"wordCount":979,"commentCount":0,"publisher":{"@id":"https:\/\/webdelmaestrocmf.com\/portal\/#organization"},"image":{"@id":"https:\/\/webdelmaestrocmf.com\/portal\/historia-visita-virtual-a-cuatro-museos-romanos\/#primaryimage"},"thumbnailUrl":"https:\/\/webdelmaestrocmf.com\/portal\/wp-content\/uploads\/2021\/04\/1-74.jpg","keywords":["CUATRO","HISTORIA","museos","romanos","VIRTUAL","visita"],"articleSection":["Yo opino - WMCMF"],"inLanguage":"es","potentialAction":[{"@type":"CommentAction","name":"Comment","target":["https:\/\/webdelmaestrocmf.com\/portal\/historia-visita-virtual-a-cuatro-museos-romanos\/#respond"]}]},{"@type":"WebPage","@id":"https:\/\/webdelmaestrocmf.com\/portal\/historia-visita-virtual-a-cuatro-museos-romanos\/","url":"https:\/\/webdelmaestrocmf.com\/portal\/historia-visita-virtual-a-cuatro-museos-romanos\/","name":"Historia: visita virtual a cuatro museos romanos - 2026","isPartOf":{"@id":"https:\/\/webdelmaestrocmf.com\/portal\/#website"},"primaryImageOfPage":{"@id":"https:\/\/webdelmaestrocmf.com\/portal\/historia-visita-virtual-a-cuatro-museos-romanos\/#primaryimage"},"image":{"@id":"https:\/\/webdelmaestrocmf.com\/portal\/historia-visita-virtual-a-cuatro-museos-romanos\/#primaryimage"},"thumbnailUrl":"https:\/\/webdelmaestrocmf.com\/portal\/wp-content\/uploads\/2021\/04\/1-74.jpg","datePublished":"2021-04-19T02:30:44+00:00","dateModified":"2021-04-19T02:38:49+00:00","description":"Uno de los recursos que m\u00e1s se han modernizado, a causa de la pandemia del Covid 19, es la accesibilidad y facilidad para comunicarnos...","breadcrumb":{"@id":"https:\/\/webdelmaestrocmf.com\/portal\/historia-visita-virtual-a-cuatro-museos-romanos\/#breadcrumb"},"inLanguage":"es","potentialAction":[{"@type":"ReadAction","target":["https:\/\/webdelmaestrocmf.com\/portal\/historia-visita-virtual-a-cuatro-museos-romanos\/"]}]},{"@type":"ImageObject","inLanguage":"es","@id":"https:\/\/webdelmaestrocmf.com\/portal\/historia-visita-virtual-a-cuatro-museos-romanos\/#primaryimage","url":"https:\/\/webdelmaestrocmf.com\/portal\/wp-content\/uploads\/2021\/04\/1-74.jpg","contentUrl":"https:\/\/webdelmaestrocmf.com\/portal\/wp-content\/uploads\/2021\/04\/1-74.jpg","width":1100,"height":680},{"@type":"BreadcrumbList","@id":"https:\/\/webdelmaestrocmf.com\/portal\/historia-visita-virtual-a-cuatro-museos-romanos\/#breadcrumb","itemListElement":[{"@type":"ListItem","position":1,"name":"Portada","item":"https:\/\/webdelmaestrocmf.com\/portal\/"},{"@type":"ListItem","position":2,"name":"Yo opino - WMCMF","item":"https:\/\/webdelmaestrocmf.com\/portal\/category\/jamb\/"},{"@type":"ListItem","position":3,"name":"Historia: visita virtual a cuatro museos romanos"}]},{"@type":"WebSite","@id":"https:\/\/webdelmaestrocmf.com\/portal\/#website","url":"https:\/\/webdelmaestrocmf.com\/portal\/","name":"Web del Maestro CMF","description":"Maestros al servicio de la educaci\u00f3n","publisher":{"@id":"https:\/\/webdelmaestrocmf.com\/portal\/#organization"},"alternateName":"WMCMF","potentialAction":[{"@type":"SearchAction","target":{"@type":"EntryPoint","urlTemplate":"https:\/\/webdelmaestrocmf.com\/portal\/?s={search_term_string}"},"query-input":{"@type":"PropertyValueSpecification","valueRequired":true,"valueName":"search_term_string"}}],"inLanguage":"es"},{"@type":"Organization","@id":"https:\/\/webdelmaestrocmf.com\/portal\/#organization","name":"Web del Maestro CMF","alternateName":"WMCMF","url":"https:\/\/webdelmaestrocmf.com\/portal\/","logo":{"@type":"ImageObject","inLanguage":"es","@id":"https:\/\/webdelmaestrocmf.com\/portal\/#\/schema\/logo\/image\/","url":"https:\/\/webdelmaestrocmf.com\/portal\/wp-content\/uploads\/2023\/01\/logo-wmcmf-2.png","contentUrl":"https:\/\/webdelmaestrocmf.com\/portal\/wp-content\/uploads\/2023\/01\/logo-wmcmf-2.png","width":200,"height":60,"caption":"Web del Maestro CMF"},"image":{"@id":"https:\/\/webdelmaestrocmf.com\/portal\/#\/schema\/logo\/image\/"},"sameAs":["https:\/\/www.facebook.com\/WebdelMaestroCMF\/","https:\/\/x.com\/cmf_w","https:\/\/www.pinterest.com\/WMCMF\/","https:\/\/www.linkedin.com\/company\/web-del-maestro-cmf\/","https:\/\/www.instagram.com\/wmcmf\/","https:\/\/www.youtube.com\/channel\/UCDPSvjbdodE5sHnC3OxutHw","https:\/\/mastodon.social\/@wmcmf","https:\/\/www.tiktok.com\/@webdelmaestrocmf"]},{"@type":"Person","@id":"https:\/\/webdelmaestrocmf.com\/portal\/#\/schema\/person\/1072a2ed7bd960df8ef99a551fa35dc5","name":"Web del Maestro CMF","image":{"@type":"ImageObject","inLanguage":"es","@id":"https:\/\/secure.gravatar.com\/avatar\/23291dd5b5ae1077dcff3dbb04c3e02bd28403fa75af6d8787d5e97c5bbbe30b?s=96&d=mm&r=g","url":"https:\/\/secure.gravatar.com\/avatar\/23291dd5b5ae1077dcff3dbb04c3e02bd28403fa75af6d8787d5e97c5bbbe30b?s=96&d=mm&r=g","contentUrl":"https:\/\/secure.gravatar.com\/avatar\/23291dd5b5ae1077dcff3dbb04c3e02bd28403fa75af6d8787d5e97c5bbbe30b?s=96&d=mm&r=g","caption":"Web del Maestro CMF"},"description":"Esta Web se cre\u00f3 sin fines de lucro, con fines educativos, cient\u00edficos y acad\u00e9micos, para personas que tengan dificultades y\/o inconvenientes en visualizar el material original. El objetivo es entregar recursos, compartir experiencias y materiales que ayuden a los padres de familia, maestros y estudiantes en su actualizaci\u00f3n y formaci\u00f3n permanente, en bien de la Educaci\u00f3n.","sameAs":["http:\/\/webdelmaestrocmf.com\/portal","https:\/\/www.facebook.com\/WebdelMaestroCMF\/","https:\/\/www.instagram.com\/wmcmf\/","https:\/\/cl.linkedin.com\/company\/web-del-maestro-cmf","https:\/\/www.pinterest.com\/WMCMF\/publicaciones\/","https:\/\/x.com\/cmf_w","https:\/\/www.youtube.com\/@WMCMF"]}]}},"jetpack_featured_media_url":"https:\/\/webdelmaestrocmf.com\/portal\/wp-content\/uploads\/2021\/04\/1-74.jpg","jetpack_sharing_enabled":true,"jetpack-related-posts":[{"id":63131,"url":"https:\/\/webdelmaestrocmf.com\/portal\/18-de-mayo-dia-internacional-de-los-museos-tres-recursos-para-implementar-sus-clases-virtuales\/","url_meta":{"origin":61925,"position":0},"title":"18 de mayo \u00abD\u00eda Internacional de los Museos\u00bb:  tres recursos para implementar sus clases virtuales","author":"Web del Maestro CMF","date":"18 mayo, 2021","format":false,"excerpt":"El D\u00eda Internacional de los Museos es un evento coordinado, desde hace m\u00e1s de 40 a\u00f1os, por el Consejo Internacional de Museos (ICOM), y que este a\u00f1o 2021 lo ha denominado: \u201cEl futuro de los museos: recuperar y reimaginar\u201d, invitando \u201ca crear, imaginar y compartir nuevas pr\u00e1cticas de (co)creaci\u00f3n de\u2026","rel":"","context":"En \u00abINTER\u00c9S\u00bb","block_context":{"text":"INTER\u00c9S","link":"https:\/\/webdelmaestrocmf.com\/portal\/category\/noticias-educacion\/"},"img":{"alt_text":"","src":"https:\/\/i0.wp.com\/webdelmaestrocmf.com\/portal\/wp-content\/uploads\/2021\/05\/1-102.jpg?resize=350%2C200&ssl=1","width":350,"height":200,"srcset":"https:\/\/i0.wp.com\/webdelmaestrocmf.com\/portal\/wp-content\/uploads\/2021\/05\/1-102.jpg?resize=350%2C200&ssl=1 1x, https:\/\/i0.wp.com\/webdelmaestrocmf.com\/portal\/wp-content\/uploads\/2021\/05\/1-102.jpg?resize=525%2C300&ssl=1 1.5x, https:\/\/i0.wp.com\/webdelmaestrocmf.com\/portal\/wp-content\/uploads\/2021\/05\/1-102.jpg?resize=700%2C400&ssl=1 2x, https:\/\/i0.wp.com\/webdelmaestrocmf.com\/portal\/wp-content\/uploads\/2021\/05\/1-102.jpg?resize=1050%2C600&ssl=1 3x"},"classes":[]},{"id":45549,"url":"https:\/\/webdelmaestrocmf.com\/portal\/como-viajar-sin-salir-de-casa-visitas-virtuales-a-los-mejores-museos-del-mundo\/","url_meta":{"origin":61925,"position":1},"title":"20 museos virtuales que valen la pena que nuestros estudiantes los visiten","author":"Web del Maestro CMF","date":"17 noviembre, 2021","format":false,"excerpt":"Depender\u00e1 de tantos factores, el lograr que nuestros estudiantes se aficionen a visitar museos, exposiciones, lugares de inter\u00e9s hist\u00f3rico, ...\u00a0 Pero (consideramos que) la \u201cchispa\u201d m\u00e1s importante, es que el profesor (o padre de familia) est\u00e9 entusiasmado, lo haya vivido, se sienta emocionado, o comunique el inter\u00e9s para despertar la\u2026","rel":"","context":"En \u00abYo opino - WMCMF\u00bb","block_context":{"text":"Yo opino - WMCMF","link":"https:\/\/webdelmaestrocmf.com\/portal\/category\/jamb\/"},"img":{"alt_text":"","src":"https:\/\/i0.wp.com\/webdelmaestrocmf.com\/portal\/wp-content\/uploads\/2021\/11\/1QfER-4.jpg?resize=350%2C200&ssl=1","width":350,"height":200,"srcset":"https:\/\/i0.wp.com\/webdelmaestrocmf.com\/portal\/wp-content\/uploads\/2021\/11\/1QfER-4.jpg?resize=350%2C200&ssl=1 1x, https:\/\/i0.wp.com\/webdelmaestrocmf.com\/portal\/wp-content\/uploads\/2021\/11\/1QfER-4.jpg?resize=525%2C300&ssl=1 1.5x, https:\/\/i0.wp.com\/webdelmaestrocmf.com\/portal\/wp-content\/uploads\/2021\/11\/1QfER-4.jpg?resize=700%2C400&ssl=1 2x, https:\/\/i0.wp.com\/webdelmaestrocmf.com\/portal\/wp-content\/uploads\/2021\/11\/1QfER-4.jpg?resize=1050%2C600&ssl=1 3x"},"classes":[]},{"id":54233,"url":"https:\/\/webdelmaestrocmf.com\/portal\/historia-del-peru-precolombino-en-20-videos\/","url_meta":{"origin":61925,"position":2},"title":"Historia del Per\u00fa Precolombino en 20 videos","author":"Web del Maestro CMF","date":"8 noviembre, 2020","format":false,"excerpt":"La civilizaci\u00f3n m\u00e1s importante que se desarroll\u00f3 en Sudam\u00e9rica y que ha marcado la historia de la humanidad en esta parte del mundo, es el Imperio Inca, que ocup\u00f3 m\u00e1s de tres millones de kil\u00f3metros cuadrados, dividido en cuatro suyos o regiones, las cuales ten\u00edan como centro pol\u00edtico-religioso a la\u2026","rel":"","context":"En \u00abYo opino - WMCMF\u00bb","block_context":{"text":"Yo opino - WMCMF","link":"https:\/\/webdelmaestrocmf.com\/portal\/category\/jamb\/"},"img":{"alt_text":"","src":"https:\/\/i0.wp.com\/webdelmaestrocmf.com\/portal\/wp-content\/uploads\/2020\/11\/1-copia-25.jpg?resize=350%2C200&ssl=1","width":350,"height":200,"srcset":"https:\/\/i0.wp.com\/webdelmaestrocmf.com\/portal\/wp-content\/uploads\/2020\/11\/1-copia-25.jpg?resize=350%2C200&ssl=1 1x, https:\/\/i0.wp.com\/webdelmaestrocmf.com\/portal\/wp-content\/uploads\/2020\/11\/1-copia-25.jpg?resize=525%2C300&ssl=1 1.5x, https:\/\/i0.wp.com\/webdelmaestrocmf.com\/portal\/wp-content\/uploads\/2020\/11\/1-copia-25.jpg?resize=700%2C400&ssl=1 2x, https:\/\/i0.wp.com\/webdelmaestrocmf.com\/portal\/wp-content\/uploads\/2020\/11\/1-copia-25.jpg?resize=1050%2C600&ssl=1 3x"},"classes":[]},{"id":49491,"url":"https:\/\/webdelmaestrocmf.com\/portal\/neurociencia-y-educacion-12-principiosque-todo-educador-deberia-conocer\/","url_meta":{"origin":61925,"position":3},"title":"C\u00f3mo funciona la aplicaci\u00f3n \u00abArte y Cultura\u00bb de Google","author":"Web del Maestro CMF","date":"27 julio, 2020","format":false,"excerpt":"\"Google Arte y Cultura\" es una aplicaci\u00f3n de \"Google Suite\" creada en el 2011. Tiene un sitio web y\u00a0 tambi\u00e9n est\u00e1 disponible como aplicaci\u00f3n para Android\u00a0e\u00a0iOS, donde los usuarios podr\u00e1n\u00a0conocer y repasar obras de arte, fotograf\u00edas, colecciones, biograf\u00edas e historias, adem\u00e1s de obtener datos \u00fatiles de museos. Google Arte y\u2026","rel":"","context":"En \u00abSoftware\u00bb","block_context":{"text":"Software","link":"https:\/\/webdelmaestrocmf.com\/portal\/category\/tecnologia\/software\/"},"img":{"alt_text":"","src":"https:\/\/i0.wp.com\/webdelmaestrocmf.com\/portal\/wp-content\/uploads\/2020\/07\/1-copia-61.jpg?resize=350%2C200&ssl=1","width":350,"height":200,"srcset":"https:\/\/i0.wp.com\/webdelmaestrocmf.com\/portal\/wp-content\/uploads\/2020\/07\/1-copia-61.jpg?resize=350%2C200&ssl=1 1x, https:\/\/i0.wp.com\/webdelmaestrocmf.com\/portal\/wp-content\/uploads\/2020\/07\/1-copia-61.jpg?resize=525%2C300&ssl=1 1.5x, https:\/\/i0.wp.com\/webdelmaestrocmf.com\/portal\/wp-content\/uploads\/2020\/07\/1-copia-61.jpg?resize=700%2C400&ssl=1 2x, https:\/\/i0.wp.com\/webdelmaestrocmf.com\/portal\/wp-content\/uploads\/2020\/07\/1-copia-61.jpg?resize=1050%2C600&ssl=1 3x"},"classes":[]},{"id":56348,"url":"https:\/\/webdelmaestrocmf.com\/portal\/ana-rodriguez-podcast-para-aprender-arte-y-literatura\/","url_meta":{"origin":61925,"position":4},"title":"[Ana Rodr\u00edguez] Podcast para aprender arte y literatura","author":"Web del Maestro CMF","date":"26 diciembre, 2020","format":false,"excerpt":"La educaci\u00f3n ha ido evolucionando en cada generaci\u00f3n, y actualmente gran parte de los procesos de ense\u00f1anza est\u00e1n acompa\u00f1ados de herramientas digitales. Entre ellas se encuentran los podcasts, los cuales son un medio para ense\u00f1arle a los alumnos una forma interesante, divertida y diferente de aprender cualquier materia, entre estas\u2026","rel":"","context":"En \u00abZ-Colaborador-Ana-Rodr\u00edguez\u00bb","block_context":{"text":"Z-Colaborador-Ana-Rodr\u00edguez","link":"https:\/\/webdelmaestrocmf.com\/portal\/category\/colaborador\/z-colaborador-ana-rodriguez\/"},"img":{"alt_text":"","src":"https:\/\/i0.wp.com\/webdelmaestrocmf.com\/portal\/wp-content\/uploads\/2020\/12\/1-copia-67.jpg?resize=350%2C200&ssl=1","width":350,"height":200,"srcset":"https:\/\/i0.wp.com\/webdelmaestrocmf.com\/portal\/wp-content\/uploads\/2020\/12\/1-copia-67.jpg?resize=350%2C200&ssl=1 1x, https:\/\/i0.wp.com\/webdelmaestrocmf.com\/portal\/wp-content\/uploads\/2020\/12\/1-copia-67.jpg?resize=525%2C300&ssl=1 1.5x, https:\/\/i0.wp.com\/webdelmaestrocmf.com\/portal\/wp-content\/uploads\/2020\/12\/1-copia-67.jpg?resize=700%2C400&ssl=1 2x, https:\/\/i0.wp.com\/webdelmaestrocmf.com\/portal\/wp-content\/uploads\/2020\/12\/1-copia-67.jpg?resize=1050%2C600&ssl=1 3x"},"classes":[]},{"id":110418,"url":"https:\/\/webdelmaestrocmf.com\/portal\/turista-dana-cuadro-de-300-anos-en-florencia-al-intentar-recrear-un-meme\/","url_meta":{"origin":61925,"position":5},"title":"Turista da\u00f1a cuadro de 300 a\u00f1os en Florencia al intentar recrear un \u201cmeme\u201d","author":"Web del Maestro CMF","date":"24 junio, 2025","format":false,"excerpt":"Se trata de un retrato de Ferdinando de M\u00e9dici de 1722, cuya tela result\u00f3 rasgada. Desde la galer\u00eda denunciaron el problema \"creciente\" de los visitantes que se hacen fotos ante las obras.","rel":"","context":"En \u00abNoticias Internacionales\u00bb","block_context":{"text":"Noticias Internacionales","link":"https:\/\/webdelmaestrocmf.com\/portal\/category\/noticias-internacionales\/"},"img":{"alt_text":"","src":"https:\/\/i0.wp.com\/webdelmaestrocmf.com\/portal\/wp-content\/uploads\/2025\/06\/1A-Banner-1-portada-imagen-10-1-copia-6.webp?resize=350%2C200&ssl=1","width":350,"height":200,"srcset":"https:\/\/i0.wp.com\/webdelmaestrocmf.com\/portal\/wp-content\/uploads\/2025\/06\/1A-Banner-1-portada-imagen-10-1-copia-6.webp?resize=350%2C200&ssl=1 1x, https:\/\/i0.wp.com\/webdelmaestrocmf.com\/portal\/wp-content\/uploads\/2025\/06\/1A-Banner-1-portada-imagen-10-1-copia-6.webp?resize=525%2C300&ssl=1 1.5x, https:\/\/i0.wp.com\/webdelmaestrocmf.com\/portal\/wp-content\/uploads\/2025\/06\/1A-Banner-1-portada-imagen-10-1-copia-6.webp?resize=700%2C400&ssl=1 2x"},"classes":[]}],"_links":{"self":[{"href":"https:\/\/webdelmaestrocmf.com\/portal\/wp-json\/wp\/v2\/posts\/61925","targetHints":{"allow":["GET"]}}],"collection":[{"href":"https:\/\/webdelmaestrocmf.com\/portal\/wp-json\/wp\/v2\/posts"}],"about":[{"href":"https:\/\/webdelmaestrocmf.com\/portal\/wp-json\/wp\/v2\/types\/post"}],"author":[{"embeddable":true,"href":"https:\/\/webdelmaestrocmf.com\/portal\/wp-json\/wp\/v2\/users\/1"}],"replies":[{"embeddable":true,"href":"https:\/\/webdelmaestrocmf.com\/portal\/wp-json\/wp\/v2\/comments?post=61925"}],"version-history":[{"count":0,"href":"https:\/\/webdelmaestrocmf.com\/portal\/wp-json\/wp\/v2\/posts\/61925\/revisions"}],"wp:featuredmedia":[{"embeddable":true,"href":"https:\/\/webdelmaestrocmf.com\/portal\/wp-json\/wp\/v2\/media\/61926"}],"wp:attachment":[{"href":"https:\/\/webdelmaestrocmf.com\/portal\/wp-json\/wp\/v2\/media?parent=61925"}],"wp:term":[{"taxonomy":"category","embeddable":true,"href":"https:\/\/webdelmaestrocmf.com\/portal\/wp-json\/wp\/v2\/categories?post=61925"},{"taxonomy":"post_tag","embeddable":true,"href":"https:\/\/webdelmaestrocmf.com\/portal\/wp-json\/wp\/v2\/tags?post=61925"}],"curies":[{"name":"wp","href":"https:\/\/api.w.org\/{rel}","templated":true}]}}