{"id":61656,"date":"2021-04-12T20:19:47","date_gmt":"2021-04-13T00:19:47","guid":{"rendered":"https:\/\/webdelmaestrocmf.com\/portal\/?p=61656"},"modified":"2021-04-12T20:22:35","modified_gmt":"2021-04-13T00:22:35","slug":"seminario-evangelizador-digital-recurso-para-educacion-religiosa-gratuito","status":"publish","type":"post","link":"https:\/\/webdelmaestrocmf.com\/portal\/seminario-evangelizador-digital-recurso-para-educacion-religiosa-gratuito\/","title":{"rendered":"Seminario \u201cEvangelizador Digital\u201d: recurso para Educaci\u00f3n Religiosa (GRATUITO)"},"content":{"rendered":"<h5 style=\"text-align: justify;\">El cierre de las escuelas, las estrictas medidas de confinamiento y la singular, in\u00e9dita y \u201cheroica\u201d tarea que han realizado (y realizan) los profesores y padres de familia para hacer funcional y efectiva la Educaci\u00f3n a Distancia, y que ahora nos lleva a revisar sobre la necesidad de innovar la <strong>planificaci\u00f3n y evaluaci\u00f3n de los aprendizajes de educaci\u00f3n religiosa <\/strong>a trav\u00e9s de metodolog\u00edas activas, as\u00ed como dise\u00f1ar un\u00a0 nuevo itinerario de\u00a0 ense\u00f1anza &#8211; aprendizaje mediante el uso de herramientas digitales.<\/h5>\n<p><!--more--><\/p>\n<p style=\"text-align: justify;\">\u00c9sta es una gran oportunidad del uso de la TIC, que la pandemia nos ha adelantado, seg\u00fan no pocas planificaciones de la educaci\u00f3n propuesta para el Siglo XXI.<\/p>\n<p>Art\u00edculo relacionado:<\/p>\n<p><iframe loading=\"lazy\" class=\"wp-embedded-content\" title=\"\u00abRob\u00f3tica en el aula: c\u00f3mo la tecnolog\u00eda est\u00e1 cambiando a la educaci\u00f3n\u00bb \u2014 Web del Maestro CMF\" src=\"https:\/\/webdelmaestrocmf.com\/portal\/la-tecnologia-esta-cambiando-la-educacion\/embed\/\" width=\"100%\" height=\"100\" frameborder=\"0\" marginwidth=\"0\" marginheight=\"0\" scrolling=\"no\" sandbox=\"allow-scripts\"><span data-mce-type=\"bookmark\" style=\"display: inline-block; width: 0px; overflow: hidden; line-height: 0;\" class=\"mce_SELRES_start\">\ufeff<\/span><\/iframe><\/p>\n<p style=\"text-align: justify;\">El Papa Francisco ya nos dijo que \u201c<strong>la tecnolog\u00eda digital <\/strong>nos da la posibilidad de una informaci\u00f3n de primera mano y oportuna<strong>,<\/strong> [&#8230;] <strong>es un instrumento formidable, que nos responsabiliza a todos como usuarios y como consumidores.<\/strong> [&#8230;] Gracias a la red tenemos la posibilidad de relatar lo que vemos, lo que sucede frente a nuestros ojos, de compartir testimonios\u201d. Pero no hay que olvidar que \u201cen <strong>la comunicaci\u00f3n, nada puede sustituir completamente el hecho de ver en persona. <\/strong>Algunas cosas se pueden aprender s\u00f3lo con la experiencia. No se comunica, de hecho, solamente con las palabras, sino con los ojos, con el tono de la voz, con los gestos\u201d. cf <a href=\"http:\/\/www.vatican.va\/content\/francesco\/es\/messages\/communications\/documents\/papa-francesco_20210123_messaggio-comunicazioni-sociali.html\" target=\"_blank\" rel=\"noopener\"><strong>MENSAJE PARA LA 55 JORNADA MUNDIAL DE LAS COMUNICACIONES SOCIALES<\/strong><\/a><\/p>\n<p><a href=\"https:\/\/cursos.catholic-link.com\/semanaevangelizadordigital2021\" target=\"_blank\" rel=\"noopener\"><img loading=\"lazy\" decoding=\"async\" class=\"alignnone size-large wp-image-61661\" src=\"https:\/\/webdelmaestrocmf.com\/portal\/wp-content\/uploads\/2021\/04\/1-41-1024x534.jpg\" alt=\"\" width=\"1024\" height=\"534\" srcset=\"https:\/\/webdelmaestrocmf.com\/portal\/wp-content\/uploads\/2021\/04\/1-41-1024x534.jpg 1024w, https:\/\/webdelmaestrocmf.com\/portal\/wp-content\/uploads\/2021\/04\/1-41-300x157.jpg 300w, https:\/\/webdelmaestrocmf.com\/portal\/wp-content\/uploads\/2021\/04\/1-41-768x401.jpg 768w, https:\/\/webdelmaestrocmf.com\/portal\/wp-content\/uploads\/2021\/04\/1-41-110x57.jpg 110w, https:\/\/webdelmaestrocmf.com\/portal\/wp-content\/uploads\/2021\/04\/1-41-200x104.jpg 200w, https:\/\/webdelmaestrocmf.com\/portal\/wp-content\/uploads\/2021\/04\/1-41-380x198.jpg 380w, https:\/\/webdelmaestrocmf.com\/portal\/wp-content\/uploads\/2021\/04\/1-41-255x133.jpg 255w, https:\/\/webdelmaestrocmf.com\/portal\/wp-content\/uploads\/2021\/04\/1-41-550x287.jpg 550w, https:\/\/webdelmaestrocmf.com\/portal\/wp-content\/uploads\/2021\/04\/1-41-800x417.jpg 800w, https:\/\/webdelmaestrocmf.com\/portal\/wp-content\/uploads\/2021\/04\/1-41-220x115.jpg 220w, https:\/\/webdelmaestrocmf.com\/portal\/wp-content\/uploads\/2021\/04\/1-41-400x209.jpg 400w, https:\/\/webdelmaestrocmf.com\/portal\/wp-content\/uploads\/2021\/04\/1-41-760x397.jpg 760w, https:\/\/webdelmaestrocmf.com\/portal\/wp-content\/uploads\/2021\/04\/1-41-510x266.jpg 510w, https:\/\/webdelmaestrocmf.com\/portal\/wp-content\/uploads\/2021\/04\/1-41-600x313.jpg 600w, https:\/\/webdelmaestrocmf.com\/portal\/wp-content\/uploads\/2021\/04\/1-41.jpg 1100w\" sizes=\"auto, (max-width: 1024px) 100vw, 1024px\" \/><\/a><\/p>\n<p style=\"text-align: justify;\">Con la experiencia de la educaci\u00f3n a distancia, se vuelto evidente <strong>los riesgos de una comunicaci\u00f3n social carente del acompa\u00f1amiento de los padres de familia y profesores, <\/strong>no ayuda a formar una conciencia cr\u00edtica, incluso empuja a demonizar los instrumento y herramientas digitales.\u00a0 Como educadores, necesitamos capacitarnos para motivar a nuestros ni\u00f1os y j\u00f3venes <strong>la importancia de \u201cadquirir una mayor capacidad de discernimiento y a un sentido de la responsabilidad m\u00e1s maduro\u201d. <\/strong>Todos, en el fondo, somos responsables de correcta formaci\u00f3n en el uso de la comunicaci\u00f3n para descubrir las noticias falsas y desenmascararlas. \u201cTodos estamos llamados a ser testigos de la verdad: a ir, ver y compartir\u201d.<\/p>\n<p>Art\u00edculo recomendado:<\/p>\n<p><iframe loading=\"lazy\" class=\"wp-embedded-content\" title=\"\u00abDe la educaci\u00f3n a distancia a la h\u00edbrida: 4 elementos clave para hacerla realidad en este 2021\u00bb \u2014 Web del Maestro CMF\" src=\"https:\/\/webdelmaestrocmf.com\/portal\/de-la-educacion-a-distancia-a-la-hibrida-4-elementos-clave-para-hacerla-realidad-en-este-2021\/embed\/\" width=\"100%\" height=\"100\" frameborder=\"0\" marginwidth=\"0\" marginheight=\"0\" scrolling=\"no\" sandbox=\"allow-scripts\"><span data-mce-type=\"bookmark\" style=\"display: inline-block; width: 0px; overflow: hidden; line-height: 0;\" class=\"mce_SELRES_start\">\ufeff<\/span><\/iframe><\/p>\n<p style=\"text-align: justify;\">El Portal Catholic Link, especialista en ofrecer recursos apost\u00f3licos que recopila y comenta videos, pel\u00edculas, fotos y otras cosas \u00fatiles para la Nueva Evangelizaci\u00f3n, <strong>est\u00e1 ofreciendo gratuitamente a los evangelizadores<\/strong> (padres de familia, profesores y estudiantes) que se hayan dado cuenta sobre la relevancia en la transmisi\u00f3n de los contenidos escolares del \u00c1rea de Educaci\u00f3n Religiosa <strong>mediante las nuevas tecnolog\u00edas y la importancia del espacio digital<\/strong> expresando que \u201ces hora de tomar las \u201credes\u201d y lanzarlas bien\u201d.<\/p>\n<p style=\"text-align: justify;\">Su Director, Mauricio Artieda, en el video que compartimos, opina que <strong>el espacio digital que se ha abierto a educaci\u00f3n en general,<\/strong> que nos est\u00e1 ofreciendo la oportunidad, no solo de compartir cursos interactivos, experiencias pedag\u00f3gicas, visitas guiadas a centros hist\u00f3ricos y religiosos, clases de afianzamiento, charlas magistrales, sino tambi\u00e9n nos abre un nuevo escenario que podemos llenar de\u00a0 muchas novedades para consolidar el proceso de ense\u00f1ar a aprender a aprender.<\/p>\n<h5>Seminario para formar a evangelizadores digitales (00\u00b4 33\u201d)<\/h5>\n<p><iframe loading=\"lazy\" title=\"YouTube video player\" src=\"https:\/\/www.youtube.com\/embed\/KHzRE6fslss\" width=\"100%\" height=\"400\" frameborder=\"0\" allowfullscreen=\"allowfullscreen\"><span data-mce-type=\"bookmark\" style=\"display: inline-block; width: 0px; overflow: hidden; line-height: 0;\" class=\"mce_SELRES_start\">\ufeff<\/span><\/iframe><\/p>\n<p style=\"text-align: justify;\">Catholic Link, pensando en aprovechar esta oportunidad, ha planificado y ofrece el evento que ha llamado: Semana de Evangelizador Digital. Ser\u00e1 del 20 al 22 de abril del 2021, y sus las charlas est\u00e1n a cargo de su director Mauricio Artieda; Marigina Bruno, Directora de Redes Sociales; Fernando Merino, Responsable de Creatividad Digital, Sebasti\u00e1n Campos y los miembros del equipo de Catholic Link, con una formaci\u00f3n y una experiencia que ponen al servicio de los que se contacten.<\/p>\n<p style=\"text-align: justify;\">Tambi\u00e9n participar\u00e1n como invitados especiales Rodrigo Echavez, uno de los influencers m\u00e1s importantes de M\u00e9xico; el Padre Jorge Reinaudo, uno de los evangelizadores y creadores digitales m\u00e1s creativos que existen en la red y a Athenas V\u00e9nica, la cantante cat\u00f3lica que m\u00e1s impacto tiene en el mundo digital.<\/p>\n<p style=\"text-align: justify;\">Este evento nos permitir\u00e1 conocer, m\u00e1s profunda y claramente:<\/p>\n<ul style=\"text-align: justify;\">\n<li>Cu\u00e1les son las estrategias digital m\u00e1s adecuadas para emprender un proyecto de evangelizaci\u00f3n digital.<\/li>\n<li>C\u00f3mo crear contenido atractivo y \u00fatil para tu audiencia sin sin vivir pegado a tu pantalla.<\/li>\n<li>Qu\u00e9 es la creatividad 3.0 y c\u00f3mo te puede ayudar traducir el evangelio al lenguaje digital .<\/li>\n<\/ul>\n<p style=\"text-align: justify;\">Para mayor informaci\u00f3n, les recomendamos ingresar a nuestra fuente: <a href=\"https:\/\/catholic-link.com\/semana-evangelizador-digital-evento-gratuito\/\" target=\"_blank\" rel=\"noopener\"><strong>UN EVENTO GRATUITO QUE NO TE PUEDES PERDER<\/strong><\/a><\/p>\n<h5 style=\"text-align: left;\">Organizan ambicioso seminario para formar a evangelizadores digitales (01\u00b4 08\u201d)<\/h5>\n<p><iframe loading=\"lazy\" title=\"YouTube video player\" src=\"https:\/\/www.youtube.com\/embed\/KHzRE6fslss\" width=\"100%\" height=\"400\" frameborder=\"0\" allowfullscreen=\"allowfullscreen\"><span data-mce-type=\"bookmark\" style=\"display: inline-block; width: 0px; overflow: hidden; line-height: 0;\" class=\"mce_SELRES_start\">\ufeff<\/span><\/iframe><\/p>\n<p style=\"text-align: justify;\">En este evento, que nos puede ayudar no solo en el \u00e1rea de Educaci\u00f3n Religiosa, sino actualizar el manejo de las herramientas TIC (que han cambiado mucho a causa de la pandemia del Covid 19); tambi\u00e9n podremos conocer propuestas sobre <strong>c\u00f3mo llevar a cabo estrategias de comunicaci\u00f3n de alto impacto, c\u00f3mo crear contenidos atractivos y lo f\u00e1cil y peligroso que es consumir cualquier informaci\u00f3n de las redes<\/strong>. Y para los profesores de cualquier \u00e1rea educativa, este seminario les permitir\u00e1 saber c\u00f3mo desarrollar m\u00e1s la creatividad adecuada para el entorno digital de su asignatura, aprovechando las herramientas digitales y ganar un acercamiento a sus padres de familia y estudiantes.<\/p>\n<p>En este enlace puede Usted encontrar toda la informaci\u00f3n sobre los <a href=\"https:\/\/cursos.catholic-link.com\/semanaevangelizadordigital2021\" target=\"_blank\" rel=\"noopener\"><strong>horarios e inscripciones<\/strong>:<strong> SEMANA DEL EVANGELIZADOR DIGITAL<\/strong><\/a><\/p>\n<p style=\"text-align: center;\"><em>\u201cLa educaci\u00f3n entra\u00f1a la tarea de promover libertades responsables, que opten en esa encrucijada con sentido e inteligencia; personas que comprendan sin retaceos que su vida y la de su comunidad est\u00e1 en sus manos y que esa libertad es un don infinito solo comparable a la inefable medida de su destino trascendente\u201d.<\/em> (Jorge Bergoglio).<\/p>\n<p style=\"text-align: right;\"><strong>REDACCI\u00d3N WEB DEL MAESTRO CMF<\/strong><\/p>\n\t\t<div class=\"pk-inline-posts\">\n\t\t\t\n\t\t\t<div class=\"pk-inline-posts-container pk-inline-posts-template-list\"\n\t\t\t\tdata-columns=\"1\">\n\t\t\t\t\t\t<article id=\"post-31801\" class=\"post-31801 post type-post status-publish format-standard has-post-thumbnail category-inteligencias-multiples category-pedagogia tag-aula tag-estrategias-clave tag-guia-para-docentes tag-inteligencias tag-inteligencias-multiples tag-inteligencias-multiples-en-el-aula tag-multiples cs-entry cs-video-wrap\">\n\t\t\t<div class=\"pk-post-outer\">\n\n\t\t\t\t\t\t\t\t<div class=\"pk-post-inner\">\n\t\t\t\t\t<div class=\"entry-thumbnail\">\n\t\t\t\t\t\t<div class=\"pk-overlay pk-overlay-ratio pk-ratio-landscape\">\n\t\t\t\t\t\t\t<div class=\"pk-overlay-background\">\n\t\t\t\t\t\t\t\t<a href=\"https:\/\/webdelmaestrocmf.com\/portal\/guia-para-docentes-las-inteligencias-multiples-en-el-aula\/\" class=\"pk-overlay-link\">\n\t\t\t\t\t\t\t\t\t<img loading=\"lazy\" decoding=\"async\" width=\"300\" height=\"225\" src=\"https:\/\/webdelmaestrocmf.com\/portal\/wp-content\/uploads\/2020\/11\/Banner-1-portada-imagen-10-1-15-300x225.jpg\" class=\"attachment-pk-thumbnail size-pk-thumbnail wp-post-image\" alt=\"inteligencias m\u00faltiples\" \/>\t\t\t\t\t\t\t\t<\/a>\n\t\t\t\t\t\t\t<\/div>\n\t\t\t\t\t\t<\/div>\n\t\t\t\t\t<\/div>\n\t\t\t\t<\/div>\n\t\t\t\t\n\t\t\t\t<div class=\"pk-post-inner\">\n\t\t\t\t\t<header>\n\t\t\t\t\t\t<h3 class=\"pk-title\"><a href=\"https:\/\/webdelmaestrocmf.com\/portal\/guia-para-docentes-las-inteligencias-multiples-en-el-aula\/\" rel=\"bookmark\">Gu\u00eda para docentes sobre las inteligencias m\u00faltiples en el aula<\/a><\/h3>\t\t\t\t\t<\/header><!-- .entry-header -->\n\t\t\t\t<\/div><!-- .post-inner -->\n\n\t\t\t<\/div><!-- .post-outer -->\n\t\t<\/article>\n\t\t\t\t<\/div>\n\t\t<\/div>\n\t\t\n","protected":false},"excerpt":{"rendered":"El cierre de las escuelas, las estrictas medidas de confinamiento y la singular, in\u00e9dita y \u201cheroica\u201d tarea que&hellip;","protected":false},"author":1,"featured_media":61660,"comment_status":"open","ping_status":"closed","sticky":false,"template":"","format":"standard","meta":{"csco_display_header_overlay":false,"csco_singular_sidebar":"default","csco_page_header_type":"default","csco_page_load_nextpost":"default","csco_post_video_location":[],"csco_post_video_location_hash":"","csco_post_video_url":"","csco_post_video_bg_start_time":0,"csco_post_video_bg_end_time":0,"csco_post_video_bg_volume":false,"_jetpack_memberships_contains_paid_content":false,"footnotes":""},"categories":[1171,735],"tags":[2318,55,6768,1722,2126,6188,5047],"class_list":{"0":"post-61656","1":"post","2":"type-post","3":"status-publish","4":"format-standard","5":"has-post-thumbnail","7":"category-cursos","8":"category-pedagogia","9":"tag-digital","10":"tag-educacion","11":"tag-evangelizador","12":"tag-gratuito","13":"tag-recurso","14":"tag-religiosa","15":"tag-seminario","16":"cs-entry","17":"cs-video-wrap"},"yoast_head":"<!-- This site is optimized with the Yoast SEO plugin v27.5 - https:\/\/yoast.com\/product\/yoast-seo-wordpress\/ -->\n<title>Seminario \u201cEvangelizador Digital\u201d: recurso para Educaci\u00f3n Religiosa (GRATUITO) - 2026<\/title>\n<meta name=\"description\" content=\"El cierre de las escuelas, las estrictas medidas de confinamiento y la singular, in\u00e9dita y \u201cheroica\u201d tarea que han realizado (y realizan)...\" \/>\n<meta name=\"robots\" content=\"index, follow, max-snippet:-1, max-image-preview:large, max-video-preview:-1\" \/>\n<link rel=\"canonical\" href=\"https:\/\/webdelmaestrocmf.com\/portal\/seminario-evangelizador-digital-recurso-para-educacion-religiosa-gratuito\/\" \/>\n<meta property=\"og:locale\" content=\"es_ES\" \/>\n<meta property=\"og:type\" content=\"article\" \/>\n<meta property=\"og:title\" content=\"Seminario \u201cEvangelizador Digital\u201d: recurso para Educaci\u00f3n Religiosa (GRATUITO) - 2026\" \/>\n<meta property=\"og:description\" content=\"El cierre de las escuelas, las estrictas medidas de confinamiento y la singular, in\u00e9dita y \u201cheroica\u201d tarea que han realizado (y realizan)...\" \/>\n<meta property=\"og:url\" content=\"https:\/\/webdelmaestrocmf.com\/portal\/seminario-evangelizador-digital-recurso-para-educacion-religiosa-gratuito\/\" \/>\n<meta property=\"og:site_name\" content=\"Web del Maestro CMF\" \/>\n<meta property=\"article:publisher\" content=\"https:\/\/www.facebook.com\/WebdelMaestroCMF\/\" \/>\n<meta property=\"article:author\" content=\"https:\/\/www.facebook.com\/WebdelMaestroCMF\/\" \/>\n<meta property=\"article:published_time\" content=\"2021-04-13T00:19:47+00:00\" \/>\n<meta property=\"article:modified_time\" content=\"2021-04-13T00:22:35+00:00\" \/>\n<meta property=\"og:image\" content=\"https:\/\/i0.wp.com\/webdelmaestrocmf.com\/portal\/wp-content\/uploads\/2021\/04\/1-40.jpg?fit=1100%2C680&ssl=1\" \/>\n\t<meta property=\"og:image:width\" content=\"1100\" \/>\n\t<meta property=\"og:image:height\" content=\"680\" \/>\n\t<meta property=\"og:image:type\" content=\"image\/jpeg\" \/>\n<meta name=\"author\" content=\"Web del Maestro CMF\" \/>\n<meta name=\"twitter:card\" content=\"summary_large_image\" \/>\n<meta name=\"twitter:creator\" content=\"@cmf_w\" \/>\n<meta name=\"twitter:site\" content=\"@cmf_w\" \/>\n<script type=\"application\/ld+json\" class=\"yoast-schema-graph\">{\"@context\":\"https:\\\/\\\/schema.org\",\"@graph\":[{\"@type\":\"ScholarlyArticle\",\"@id\":\"https:\\\/\\\/webdelmaestrocmf.com\\\/portal\\\/seminario-evangelizador-digital-recurso-para-educacion-religiosa-gratuito\\\/#article\",\"isPartOf\":{\"@id\":\"https:\\\/\\\/webdelmaestrocmf.com\\\/portal\\\/seminario-evangelizador-digital-recurso-para-educacion-religiosa-gratuito\\\/\"},\"author\":{\"name\":\"Web del Maestro CMF\",\"@id\":\"https:\\\/\\\/webdelmaestrocmf.com\\\/portal\\\/#\\\/schema\\\/person\\\/1072a2ed7bd960df8ef99a551fa35dc5\"},\"headline\":\"Seminario \u201cEvangelizador Digital\u201d: recurso para Educaci\u00f3n Religiosa (GRATUITO)\",\"datePublished\":\"2021-04-13T00:19:47+00:00\",\"dateModified\":\"2021-04-13T00:22:35+00:00\",\"mainEntityOfPage\":{\"@id\":\"https:\\\/\\\/webdelmaestrocmf.com\\\/portal\\\/seminario-evangelizador-digital-recurso-para-educacion-religiosa-gratuito\\\/\"},\"wordCount\":958,\"commentCount\":0,\"publisher\":{\"@id\":\"https:\\\/\\\/webdelmaestrocmf.com\\\/portal\\\/#organization\"},\"image\":{\"@id\":\"https:\\\/\\\/webdelmaestrocmf.com\\\/portal\\\/seminario-evangelizador-digital-recurso-para-educacion-religiosa-gratuito\\\/#primaryimage\"},\"thumbnailUrl\":\"https:\\\/\\\/webdelmaestrocmf.com\\\/portal\\\/wp-content\\\/uploads\\\/2021\\\/04\\\/1-40.jpg\",\"keywords\":[\"DIGITAL\",\"EDUCACI\u00d3N\",\"Evangelizador\",\"GRATUITO\",\"RECURSO\",\"religiosa\",\"Seminario\"],\"articleSection\":[\"Cursos\",\"Recursos\"],\"inLanguage\":\"es\",\"potentialAction\":[{\"@type\":\"CommentAction\",\"name\":\"Comment\",\"target\":[\"https:\\\/\\\/webdelmaestrocmf.com\\\/portal\\\/seminario-evangelizador-digital-recurso-para-educacion-religiosa-gratuito\\\/#respond\"]}]},{\"@type\":\"WebPage\",\"@id\":\"https:\\\/\\\/webdelmaestrocmf.com\\\/portal\\\/seminario-evangelizador-digital-recurso-para-educacion-religiosa-gratuito\\\/\",\"url\":\"https:\\\/\\\/webdelmaestrocmf.com\\\/portal\\\/seminario-evangelizador-digital-recurso-para-educacion-religiosa-gratuito\\\/\",\"name\":\"Seminario \u201cEvangelizador Digital\u201d: recurso para Educaci\u00f3n Religiosa (GRATUITO) - 2026\",\"isPartOf\":{\"@id\":\"https:\\\/\\\/webdelmaestrocmf.com\\\/portal\\\/#website\"},\"primaryImageOfPage\":{\"@id\":\"https:\\\/\\\/webdelmaestrocmf.com\\\/portal\\\/seminario-evangelizador-digital-recurso-para-educacion-religiosa-gratuito\\\/#primaryimage\"},\"image\":{\"@id\":\"https:\\\/\\\/webdelmaestrocmf.com\\\/portal\\\/seminario-evangelizador-digital-recurso-para-educacion-religiosa-gratuito\\\/#primaryimage\"},\"thumbnailUrl\":\"https:\\\/\\\/webdelmaestrocmf.com\\\/portal\\\/wp-content\\\/uploads\\\/2021\\\/04\\\/1-40.jpg\",\"datePublished\":\"2021-04-13T00:19:47+00:00\",\"dateModified\":\"2021-04-13T00:22:35+00:00\",\"description\":\"El cierre de las escuelas, las estrictas medidas de confinamiento y la singular, in\u00e9dita y \u201cheroica\u201d tarea que han realizado (y realizan)...\",\"breadcrumb\":{\"@id\":\"https:\\\/\\\/webdelmaestrocmf.com\\\/portal\\\/seminario-evangelizador-digital-recurso-para-educacion-religiosa-gratuito\\\/#breadcrumb\"},\"inLanguage\":\"es\",\"potentialAction\":[{\"@type\":\"ReadAction\",\"target\":[\"https:\\\/\\\/webdelmaestrocmf.com\\\/portal\\\/seminario-evangelizador-digital-recurso-para-educacion-religiosa-gratuito\\\/\"]}]},{\"@type\":\"ImageObject\",\"inLanguage\":\"es\",\"@id\":\"https:\\\/\\\/webdelmaestrocmf.com\\\/portal\\\/seminario-evangelizador-digital-recurso-para-educacion-religiosa-gratuito\\\/#primaryimage\",\"url\":\"https:\\\/\\\/webdelmaestrocmf.com\\\/portal\\\/wp-content\\\/uploads\\\/2021\\\/04\\\/1-40.jpg\",\"contentUrl\":\"https:\\\/\\\/webdelmaestrocmf.com\\\/portal\\\/wp-content\\\/uploads\\\/2021\\\/04\\\/1-40.jpg\",\"width\":1100,\"height\":680},{\"@type\":\"BreadcrumbList\",\"@id\":\"https:\\\/\\\/webdelmaestrocmf.com\\\/portal\\\/seminario-evangelizador-digital-recurso-para-educacion-religiosa-gratuito\\\/#breadcrumb\",\"itemListElement\":[{\"@type\":\"ListItem\",\"position\":1,\"name\":\"Portada\",\"item\":\"https:\\\/\\\/webdelmaestrocmf.com\\\/portal\\\/\"},{\"@type\":\"ListItem\",\"position\":2,\"name\":\"Recursos\",\"item\":\"https:\\\/\\\/webdelmaestrocmf.com\\\/portal\\\/category\\\/pedagogia\\\/\"},{\"@type\":\"ListItem\",\"position\":3,\"name\":\"Seminario \u201cEvangelizador Digital\u201d: recurso para Educaci\u00f3n Religiosa (GRATUITO)\"}]},{\"@type\":\"WebSite\",\"@id\":\"https:\\\/\\\/webdelmaestrocmf.com\\\/portal\\\/#website\",\"url\":\"https:\\\/\\\/webdelmaestrocmf.com\\\/portal\\\/\",\"name\":\"Web del Maestro CMF\",\"description\":\"Maestros al servicio de la educaci\u00f3n\",\"publisher\":{\"@id\":\"https:\\\/\\\/webdelmaestrocmf.com\\\/portal\\\/#organization\"},\"alternateName\":\"WMCMF\",\"potentialAction\":[{\"@type\":\"SearchAction\",\"target\":{\"@type\":\"EntryPoint\",\"urlTemplate\":\"https:\\\/\\\/webdelmaestrocmf.com\\\/portal\\\/?s={search_term_string}\"},\"query-input\":{\"@type\":\"PropertyValueSpecification\",\"valueRequired\":true,\"valueName\":\"search_term_string\"}}],\"inLanguage\":\"es\"},{\"@type\":\"Organization\",\"@id\":\"https:\\\/\\\/webdelmaestrocmf.com\\\/portal\\\/#organization\",\"name\":\"Web del Maestro CMF\",\"alternateName\":\"WMCMF\",\"url\":\"https:\\\/\\\/webdelmaestrocmf.com\\\/portal\\\/\",\"logo\":{\"@type\":\"ImageObject\",\"inLanguage\":\"es\",\"@id\":\"https:\\\/\\\/webdelmaestrocmf.com\\\/portal\\\/#\\\/schema\\\/logo\\\/image\\\/\",\"url\":\"https:\\\/\\\/webdelmaestrocmf.com\\\/portal\\\/wp-content\\\/uploads\\\/2023\\\/01\\\/logo-wmcmf-2.png\",\"contentUrl\":\"https:\\\/\\\/webdelmaestrocmf.com\\\/portal\\\/wp-content\\\/uploads\\\/2023\\\/01\\\/logo-wmcmf-2.png\",\"width\":200,\"height\":60,\"caption\":\"Web del Maestro CMF\"},\"image\":{\"@id\":\"https:\\\/\\\/webdelmaestrocmf.com\\\/portal\\\/#\\\/schema\\\/logo\\\/image\\\/\"},\"sameAs\":[\"https:\\\/\\\/www.facebook.com\\\/WebdelMaestroCMF\\\/\",\"https:\\\/\\\/x.com\\\/cmf_w\",\"https:\\\/\\\/www.pinterest.com\\\/WMCMF\\\/\",\"https:\\\/\\\/www.linkedin.com\\\/company\\\/web-del-maestro-cmf\\\/\",\"https:\\\/\\\/www.instagram.com\\\/wmcmf\\\/\",\"https:\\\/\\\/www.youtube.com\\\/channel\\\/UCDPSvjbdodE5sHnC3OxutHw\",\"https:\\\/\\\/mastodon.social\\\/@wmcmf\",\"https:\\\/\\\/www.tiktok.com\\\/@webdelmaestrocmf\"]},{\"@type\":\"Person\",\"@id\":\"https:\\\/\\\/webdelmaestrocmf.com\\\/portal\\\/#\\\/schema\\\/person\\\/1072a2ed7bd960df8ef99a551fa35dc5\",\"name\":\"Web del Maestro CMF\",\"image\":{\"@type\":\"ImageObject\",\"inLanguage\":\"es\",\"@id\":\"https:\\\/\\\/secure.gravatar.com\\\/avatar\\\/23291dd5b5ae1077dcff3dbb04c3e02bd28403fa75af6d8787d5e97c5bbbe30b?s=96&d=mm&r=g\",\"url\":\"https:\\\/\\\/secure.gravatar.com\\\/avatar\\\/23291dd5b5ae1077dcff3dbb04c3e02bd28403fa75af6d8787d5e97c5bbbe30b?s=96&d=mm&r=g\",\"contentUrl\":\"https:\\\/\\\/secure.gravatar.com\\\/avatar\\\/23291dd5b5ae1077dcff3dbb04c3e02bd28403fa75af6d8787d5e97c5bbbe30b?s=96&d=mm&r=g\",\"caption\":\"Web del Maestro CMF\"},\"description\":\"Esta Web se cre\u00f3 sin fines de lucro, con fines educativos, cient\u00edficos y acad\u00e9micos, para personas que tengan dificultades y\\\/o inconvenientes en visualizar el material original. El objetivo es entregar recursos, compartir experiencias y materiales que ayuden a los padres de familia, maestros y estudiantes en su actualizaci\u00f3n y formaci\u00f3n permanente, en bien de la Educaci\u00f3n.\",\"sameAs\":[\"http:\\\/\\\/webdelmaestrocmf.com\\\/portal\",\"https:\\\/\\\/www.facebook.com\\\/WebdelMaestroCMF\\\/\",\"https:\\\/\\\/www.instagram.com\\\/wmcmf\\\/\",\"https:\\\/\\\/cl.linkedin.com\\\/company\\\/web-del-maestro-cmf\",\"https:\\\/\\\/www.pinterest.com\\\/WMCMF\\\/publicaciones\\\/\",\"https:\\\/\\\/x.com\\\/cmf_w\",\"https:\\\/\\\/www.youtube.com\\\/@WMCMF\"]}]}<\/script>\n<!-- \/ Yoast SEO plugin. -->","yoast_head_json":{"title":"Seminario \u201cEvangelizador Digital\u201d: recurso para Educaci\u00f3n Religiosa (GRATUITO) - 2026","description":"El cierre de las escuelas, las estrictas medidas de confinamiento y la singular, in\u00e9dita y \u201cheroica\u201d tarea que han realizado (y realizan)...","robots":{"index":"index","follow":"follow","max-snippet":"max-snippet:-1","max-image-preview":"max-image-preview:large","max-video-preview":"max-video-preview:-1"},"canonical":"https:\/\/webdelmaestrocmf.com\/portal\/seminario-evangelizador-digital-recurso-para-educacion-religiosa-gratuito\/","og_locale":"es_ES","og_type":"article","og_title":"Seminario \u201cEvangelizador Digital\u201d: recurso para Educaci\u00f3n Religiosa (GRATUITO) - 2026","og_description":"El cierre de las escuelas, las estrictas medidas de confinamiento y la singular, in\u00e9dita y \u201cheroica\u201d tarea que han realizado (y realizan)...","og_url":"https:\/\/webdelmaestrocmf.com\/portal\/seminario-evangelizador-digital-recurso-para-educacion-religiosa-gratuito\/","og_site_name":"Web del Maestro CMF","article_publisher":"https:\/\/www.facebook.com\/WebdelMaestroCMF\/","article_author":"https:\/\/www.facebook.com\/WebdelMaestroCMF\/","article_published_time":"2021-04-13T00:19:47+00:00","article_modified_time":"2021-04-13T00:22:35+00:00","og_image":[{"width":1100,"height":680,"url":"https:\/\/i0.wp.com\/webdelmaestrocmf.com\/portal\/wp-content\/uploads\/2021\/04\/1-40.jpg?fit=1100%2C680&ssl=1","type":"image\/jpeg"}],"author":"Web del Maestro CMF","twitter_card":"summary_large_image","twitter_creator":"@cmf_w","twitter_site":"@cmf_w","schema":{"@context":"https:\/\/schema.org","@graph":[{"@type":"ScholarlyArticle","@id":"https:\/\/webdelmaestrocmf.com\/portal\/seminario-evangelizador-digital-recurso-para-educacion-religiosa-gratuito\/#article","isPartOf":{"@id":"https:\/\/webdelmaestrocmf.com\/portal\/seminario-evangelizador-digital-recurso-para-educacion-religiosa-gratuito\/"},"author":{"name":"Web del Maestro CMF","@id":"https:\/\/webdelmaestrocmf.com\/portal\/#\/schema\/person\/1072a2ed7bd960df8ef99a551fa35dc5"},"headline":"Seminario \u201cEvangelizador Digital\u201d: recurso para Educaci\u00f3n Religiosa (GRATUITO)","datePublished":"2021-04-13T00:19:47+00:00","dateModified":"2021-04-13T00:22:35+00:00","mainEntityOfPage":{"@id":"https:\/\/webdelmaestrocmf.com\/portal\/seminario-evangelizador-digital-recurso-para-educacion-religiosa-gratuito\/"},"wordCount":958,"commentCount":0,"publisher":{"@id":"https:\/\/webdelmaestrocmf.com\/portal\/#organization"},"image":{"@id":"https:\/\/webdelmaestrocmf.com\/portal\/seminario-evangelizador-digital-recurso-para-educacion-religiosa-gratuito\/#primaryimage"},"thumbnailUrl":"https:\/\/webdelmaestrocmf.com\/portal\/wp-content\/uploads\/2021\/04\/1-40.jpg","keywords":["DIGITAL","EDUCACI\u00d3N","Evangelizador","GRATUITO","RECURSO","religiosa","Seminario"],"articleSection":["Cursos","Recursos"],"inLanguage":"es","potentialAction":[{"@type":"CommentAction","name":"Comment","target":["https:\/\/webdelmaestrocmf.com\/portal\/seminario-evangelizador-digital-recurso-para-educacion-religiosa-gratuito\/#respond"]}]},{"@type":"WebPage","@id":"https:\/\/webdelmaestrocmf.com\/portal\/seminario-evangelizador-digital-recurso-para-educacion-religiosa-gratuito\/","url":"https:\/\/webdelmaestrocmf.com\/portal\/seminario-evangelizador-digital-recurso-para-educacion-religiosa-gratuito\/","name":"Seminario \u201cEvangelizador Digital\u201d: recurso para Educaci\u00f3n Religiosa (GRATUITO) - 2026","isPartOf":{"@id":"https:\/\/webdelmaestrocmf.com\/portal\/#website"},"primaryImageOfPage":{"@id":"https:\/\/webdelmaestrocmf.com\/portal\/seminario-evangelizador-digital-recurso-para-educacion-religiosa-gratuito\/#primaryimage"},"image":{"@id":"https:\/\/webdelmaestrocmf.com\/portal\/seminario-evangelizador-digital-recurso-para-educacion-religiosa-gratuito\/#primaryimage"},"thumbnailUrl":"https:\/\/webdelmaestrocmf.com\/portal\/wp-content\/uploads\/2021\/04\/1-40.jpg","datePublished":"2021-04-13T00:19:47+00:00","dateModified":"2021-04-13T00:22:35+00:00","description":"El cierre de las escuelas, las estrictas medidas de confinamiento y la singular, in\u00e9dita y \u201cheroica\u201d tarea que han realizado (y realizan)...","breadcrumb":{"@id":"https:\/\/webdelmaestrocmf.com\/portal\/seminario-evangelizador-digital-recurso-para-educacion-religiosa-gratuito\/#breadcrumb"},"inLanguage":"es","potentialAction":[{"@type":"ReadAction","target":["https:\/\/webdelmaestrocmf.com\/portal\/seminario-evangelizador-digital-recurso-para-educacion-religiosa-gratuito\/"]}]},{"@type":"ImageObject","inLanguage":"es","@id":"https:\/\/webdelmaestrocmf.com\/portal\/seminario-evangelizador-digital-recurso-para-educacion-religiosa-gratuito\/#primaryimage","url":"https:\/\/webdelmaestrocmf.com\/portal\/wp-content\/uploads\/2021\/04\/1-40.jpg","contentUrl":"https:\/\/webdelmaestrocmf.com\/portal\/wp-content\/uploads\/2021\/04\/1-40.jpg","width":1100,"height":680},{"@type":"BreadcrumbList","@id":"https:\/\/webdelmaestrocmf.com\/portal\/seminario-evangelizador-digital-recurso-para-educacion-religiosa-gratuito\/#breadcrumb","itemListElement":[{"@type":"ListItem","position":1,"name":"Portada","item":"https:\/\/webdelmaestrocmf.com\/portal\/"},{"@type":"ListItem","position":2,"name":"Recursos","item":"https:\/\/webdelmaestrocmf.com\/portal\/category\/pedagogia\/"},{"@type":"ListItem","position":3,"name":"Seminario \u201cEvangelizador Digital\u201d: recurso para Educaci\u00f3n Religiosa (GRATUITO)"}]},{"@type":"WebSite","@id":"https:\/\/webdelmaestrocmf.com\/portal\/#website","url":"https:\/\/webdelmaestrocmf.com\/portal\/","name":"Web del Maestro CMF","description":"Maestros al servicio de la educaci\u00f3n","publisher":{"@id":"https:\/\/webdelmaestrocmf.com\/portal\/#organization"},"alternateName":"WMCMF","potentialAction":[{"@type":"SearchAction","target":{"@type":"EntryPoint","urlTemplate":"https:\/\/webdelmaestrocmf.com\/portal\/?s={search_term_string}"},"query-input":{"@type":"PropertyValueSpecification","valueRequired":true,"valueName":"search_term_string"}}],"inLanguage":"es"},{"@type":"Organization","@id":"https:\/\/webdelmaestrocmf.com\/portal\/#organization","name":"Web del Maestro CMF","alternateName":"WMCMF","url":"https:\/\/webdelmaestrocmf.com\/portal\/","logo":{"@type":"ImageObject","inLanguage":"es","@id":"https:\/\/webdelmaestrocmf.com\/portal\/#\/schema\/logo\/image\/","url":"https:\/\/webdelmaestrocmf.com\/portal\/wp-content\/uploads\/2023\/01\/logo-wmcmf-2.png","contentUrl":"https:\/\/webdelmaestrocmf.com\/portal\/wp-content\/uploads\/2023\/01\/logo-wmcmf-2.png","width":200,"height":60,"caption":"Web del Maestro CMF"},"image":{"@id":"https:\/\/webdelmaestrocmf.com\/portal\/#\/schema\/logo\/image\/"},"sameAs":["https:\/\/www.facebook.com\/WebdelMaestroCMF\/","https:\/\/x.com\/cmf_w","https:\/\/www.pinterest.com\/WMCMF\/","https:\/\/www.linkedin.com\/company\/web-del-maestro-cmf\/","https:\/\/www.instagram.com\/wmcmf\/","https:\/\/www.youtube.com\/channel\/UCDPSvjbdodE5sHnC3OxutHw","https:\/\/mastodon.social\/@wmcmf","https:\/\/www.tiktok.com\/@webdelmaestrocmf"]},{"@type":"Person","@id":"https:\/\/webdelmaestrocmf.com\/portal\/#\/schema\/person\/1072a2ed7bd960df8ef99a551fa35dc5","name":"Web del Maestro CMF","image":{"@type":"ImageObject","inLanguage":"es","@id":"https:\/\/secure.gravatar.com\/avatar\/23291dd5b5ae1077dcff3dbb04c3e02bd28403fa75af6d8787d5e97c5bbbe30b?s=96&d=mm&r=g","url":"https:\/\/secure.gravatar.com\/avatar\/23291dd5b5ae1077dcff3dbb04c3e02bd28403fa75af6d8787d5e97c5bbbe30b?s=96&d=mm&r=g","contentUrl":"https:\/\/secure.gravatar.com\/avatar\/23291dd5b5ae1077dcff3dbb04c3e02bd28403fa75af6d8787d5e97c5bbbe30b?s=96&d=mm&r=g","caption":"Web del Maestro CMF"},"description":"Esta Web se cre\u00f3 sin fines de lucro, con fines educativos, cient\u00edficos y acad\u00e9micos, para personas que tengan dificultades y\/o inconvenientes en visualizar el material original. El objetivo es entregar recursos, compartir experiencias y materiales que ayuden a los padres de familia, maestros y estudiantes en su actualizaci\u00f3n y formaci\u00f3n permanente, en bien de la Educaci\u00f3n.","sameAs":["http:\/\/webdelmaestrocmf.com\/portal","https:\/\/www.facebook.com\/WebdelMaestroCMF\/","https:\/\/www.instagram.com\/wmcmf\/","https:\/\/cl.linkedin.com\/company\/web-del-maestro-cmf","https:\/\/www.pinterest.com\/WMCMF\/publicaciones\/","https:\/\/x.com\/cmf_w","https:\/\/www.youtube.com\/@WMCMF"]}]}},"jetpack_featured_media_url":"https:\/\/webdelmaestrocmf.com\/portal\/wp-content\/uploads\/2021\/04\/1-40.jpg","jetpack_sharing_enabled":true,"jetpack-related-posts":[{"id":55863,"url":"https:\/\/webdelmaestrocmf.com\/portal\/educacion-religiosa-el-saludo-de-adviento-en-tiempo-de-pandemia\/","url_meta":{"origin":61656,"position":0},"title":"Educaci\u00f3n religiosa: El saludo de adviento, en tiempo de pandemia","author":"Web del Maestro CMF","date":"13 diciembre, 2020","format":false,"excerpt":"En este tiempo de espera de la Navidad, (Adviento para los cat\u00f3licos), deseamos compartir, con los profesores, padres de familia y educadores en general, un \u201csubsidio\u201d o recurso que contiene la reflexi\u00f3n que hace el P. Juan Carlos Martos (desde Espa\u00f1a) a los participantes de La Fragua, (encuentro de formaci\u00f3n\u2026","rel":"","context":"En \u00abINTER\u00c9S\u00bb","block_context":{"text":"INTER\u00c9S","link":"https:\/\/webdelmaestrocmf.com\/portal\/category\/noticias-educacion\/"},"img":{"alt_text":"","src":"https:\/\/i0.wp.com\/webdelmaestrocmf.com\/portal\/wp-content\/uploads\/2020\/12\/1-copia-33.jpg?resize=350%2C200&ssl=1","width":350,"height":200,"srcset":"https:\/\/i0.wp.com\/webdelmaestrocmf.com\/portal\/wp-content\/uploads\/2020\/12\/1-copia-33.jpg?resize=350%2C200&ssl=1 1x, https:\/\/i0.wp.com\/webdelmaestrocmf.com\/portal\/wp-content\/uploads\/2020\/12\/1-copia-33.jpg?resize=525%2C300&ssl=1 1.5x, https:\/\/i0.wp.com\/webdelmaestrocmf.com\/portal\/wp-content\/uploads\/2020\/12\/1-copia-33.jpg?resize=700%2C400&ssl=1 2x, https:\/\/i0.wp.com\/webdelmaestrocmf.com\/portal\/wp-content\/uploads\/2020\/12\/1-copia-33.jpg?resize=1050%2C600&ssl=1 3x"},"classes":[]},{"id":107950,"url":"https:\/\/webdelmaestrocmf.com\/portal\/seis-libros-gratuitos-para-docentes-como-integrar-la-ia-en-la-educacion\/","url_meta":{"origin":61656,"position":1},"title":"Seis libros gratuitos para docentes: C\u00f3mo integrar la IA en la educaci\u00f3n","author":"Web del Maestro CMF","date":"11 febrero, 2025","format":false,"excerpt":"La educaci\u00f3n est\u00e1 atravesando un punto de inflexi\u00f3n. La inteligencia artificial no reemplazar\u00e1 a los docentes, pero s\u00ed transformar\u00e1 la forma en que se ense\u00f1a y aprende. En este escenario, quienes logren integrar la IA de manera estrat\u00e9gica marcar\u00e1n la diferencia en la educaci\u00f3n del futuro. Conscientes de esta realidad,\u2026","rel":"","context":"En \u00abLibros\u00bb","block_context":{"text":"Libros","link":"https:\/\/webdelmaestrocmf.com\/portal\/category\/pedagogia\/libros\/"},"img":{"alt_text":"","src":"https:\/\/i0.wp.com\/webdelmaestrocmf.com\/portal\/wp-content\/uploads\/2025\/02\/1A-Banner-1-portada-imagen-10-1-66.jpg?resize=350%2C200&ssl=1","width":350,"height":200,"srcset":"https:\/\/i0.wp.com\/webdelmaestrocmf.com\/portal\/wp-content\/uploads\/2025\/02\/1A-Banner-1-portada-imagen-10-1-66.jpg?resize=350%2C200&ssl=1 1x, https:\/\/i0.wp.com\/webdelmaestrocmf.com\/portal\/wp-content\/uploads\/2025\/02\/1A-Banner-1-portada-imagen-10-1-66.jpg?resize=525%2C300&ssl=1 1.5x, https:\/\/i0.wp.com\/webdelmaestrocmf.com\/portal\/wp-content\/uploads\/2025\/02\/1A-Banner-1-portada-imagen-10-1-66.jpg?resize=700%2C400&ssl=1 2x"},"classes":[]},{"id":60932,"url":"https:\/\/webdelmaestrocmf.com\/portal\/google-lanza-nuevos-recursos-gratuitos-para-profesores-seminarios-recursos-y-tutoriales-online\/","url_meta":{"origin":61656,"position":2},"title":"Google lanza nuevos recursos gratuitos para profesores: Seminarios, recursos\u00a0y tutoriales online","author":"Web del Maestro CMF","date":"24 marzo, 2021","format":false,"excerpt":"El\u00a0equipo de Google\u00a0anunci\u00f3 una serie de recursos para educadores que les ayudar\u00e1n a impartir un plan de estudio a distancia. A trav\u00e9s de diferentes plataformas, Google ense\u00f1a tips, herramientas y estrategias que los docentes pueden implementar con sus estudiantes en este per\u00edodo de cuarentena. Seminarios, recursos\u00a0y tutoriales online Teniendo en\u2026","rel":"","context":"En \u00abSoftware\u00bb","block_context":{"text":"Software","link":"https:\/\/webdelmaestrocmf.com\/portal\/category\/tecnologia\/software\/"},"img":{"alt_text":"","src":"https:\/\/i0.wp.com\/webdelmaestrocmf.com\/portal\/wp-content\/uploads\/2021\/03\/1-129.jpg?resize=350%2C200&ssl=1","width":350,"height":200,"srcset":"https:\/\/i0.wp.com\/webdelmaestrocmf.com\/portal\/wp-content\/uploads\/2021\/03\/1-129.jpg?resize=350%2C200&ssl=1 1x, https:\/\/i0.wp.com\/webdelmaestrocmf.com\/portal\/wp-content\/uploads\/2021\/03\/1-129.jpg?resize=525%2C300&ssl=1 1.5x, https:\/\/i0.wp.com\/webdelmaestrocmf.com\/portal\/wp-content\/uploads\/2021\/03\/1-129.jpg?resize=700%2C400&ssl=1 2x, https:\/\/i0.wp.com\/webdelmaestrocmf.com\/portal\/wp-content\/uploads\/2021\/03\/1-129.jpg?resize=1050%2C600&ssl=1 3x"},"classes":[]},{"id":49131,"url":"https:\/\/webdelmaestrocmf.com\/portal\/inscribete-en-el-13-seminario-internacional-de-la-red-de-escuelas-lideres\/","url_meta":{"origin":61656,"position":3},"title":"Inscr\u00edbete en el 13\u00b0 Seminario Internacional de la Red de Escuelas L\u00edderes","author":"Web del Maestro CMF","date":"15 julio, 2020","format":false,"excerpt":"El portal educativo EducarChile est\u00e1 informando sobre la organizaci\u00f3n del \"13\u00b0 Seminario Internacional de la Red de Escuelas L\u00edderes\" para este jueves 23 de julio transmitir\u00e1 por su canal de YouTube, el Seminario Internacional \u201cRedes y colaboraci\u00f3n: compartiendo soluciones para enfrentar los nuevos desaf\u00edos educativos\u201d, organizado por la Red de\u2026","rel":"","context":"En \u00abCursos\u00bb","block_context":{"text":"Cursos","link":"https:\/\/webdelmaestrocmf.com\/portal\/category\/cursos\/"},"img":{"alt_text":"","src":"https:\/\/i0.wp.com\/webdelmaestrocmf.com\/portal\/wp-content\/uploads\/2020\/07\/1-51.jpg?resize=350%2C200&ssl=1","width":350,"height":200,"srcset":"https:\/\/i0.wp.com\/webdelmaestrocmf.com\/portal\/wp-content\/uploads\/2020\/07\/1-51.jpg?resize=350%2C200&ssl=1 1x, https:\/\/i0.wp.com\/webdelmaestrocmf.com\/portal\/wp-content\/uploads\/2020\/07\/1-51.jpg?resize=525%2C300&ssl=1 1.5x, https:\/\/i0.wp.com\/webdelmaestrocmf.com\/portal\/wp-content\/uploads\/2020\/07\/1-51.jpg?resize=700%2C400&ssl=1 2x, https:\/\/i0.wp.com\/webdelmaestrocmf.com\/portal\/wp-content\/uploads\/2020\/07\/1-51.jpg?resize=1050%2C600&ssl=1 3x"},"classes":[]},{"id":49791,"url":"https:\/\/webdelmaestrocmf.com\/portal\/seminario-de-neurociencias-y-educacion-comprender-los-procesos-de-aprendizaje-para-la-innovacion-pedagogica\/","url_meta":{"origin":61656,"position":4},"title":"Seminario de Neurociencias y Educaci\u00f3n: Comprender los procesos de aprendizaje, para la innovaci\u00f3n pedag\u00f3gica","author":"Web del Maestro CMF","date":"6 agosto, 2020","format":false,"excerpt":"Si te interesa conocer m\u00e1s sobre la relaci\u00f3n entre neurociencias y aprendizaje, participa en nuestro concurso y asiste a este evento formativo organizado por Fundaci\u00f3n Educacional Seminarium. El portal EducarChile est\u00e1 ofreciendo un curso de actualizaci\u00f3n \"Seminario de Neurociencias y Educaci\u00f3n: Comprender los procesos de aprendizaje, para la innovaci\u00f3n pedag\u00f3gica\".\u2026","rel":"","context":"En \u00abCursos\u00bb","block_context":{"text":"Cursos","link":"https:\/\/webdelmaestrocmf.com\/portal\/category\/cursos\/"},"img":{"alt_text":"","src":"https:\/\/i0.wp.com\/webdelmaestrocmf.com\/portal\/wp-content\/uploads\/2020\/08\/1-30.jpg?resize=350%2C200&ssl=1","width":350,"height":200,"srcset":"https:\/\/i0.wp.com\/webdelmaestrocmf.com\/portal\/wp-content\/uploads\/2020\/08\/1-30.jpg?resize=350%2C200&ssl=1 1x, https:\/\/i0.wp.com\/webdelmaestrocmf.com\/portal\/wp-content\/uploads\/2020\/08\/1-30.jpg?resize=525%2C300&ssl=1 1.5x, https:\/\/i0.wp.com\/webdelmaestrocmf.com\/portal\/wp-content\/uploads\/2020\/08\/1-30.jpg?resize=700%2C400&ssl=1 2x, https:\/\/i0.wp.com\/webdelmaestrocmf.com\/portal\/wp-content\/uploads\/2020\/08\/1-30.jpg?resize=1050%2C600&ssl=1 3x"},"classes":[]},{"id":108445,"url":"https:\/\/webdelmaestrocmf.com\/portal\/100-conceptos-clave-para-transformar-la-educacion-con-tecnologia-descarga-la-guia-pdf\/","url_meta":{"origin":61656,"position":5},"title":"100 conceptos clave para transformar la educaci\u00f3n con tecnolog\u00eda: descarga la gu\u00eda PDF","author":"Web del Maestro CMF","date":"23 marzo, 2025","format":false,"excerpt":"La transformaci\u00f3n digital en la educaci\u00f3n va mucho m\u00e1s all\u00e1 de integrar nuevas herramientas tecnol\u00f3gicas: implica comprender a fondo los conceptos que est\u00e1n redefiniendo la ense\u00f1anza. En este nuevo contexto, comprender el lenguaje de la educaci\u00f3n en l\u00ednea es indispensable para cualquier docente que quiera avanzar con seguridad en su\u2026","rel":"","context":"En \u00abDescarga\u00bb","block_context":{"text":"Descarga","link":"https:\/\/webdelmaestrocmf.com\/portal\/category\/descarga\/"},"img":{"alt_text":"","src":"https:\/\/i0.wp.com\/webdelmaestrocmf.com\/portal\/wp-content\/uploads\/2025\/03\/1A-Banner-1-portada-imagen-10-1-6-1.jpg?resize=350%2C200&ssl=1","width":350,"height":200,"srcset":"https:\/\/i0.wp.com\/webdelmaestrocmf.com\/portal\/wp-content\/uploads\/2025\/03\/1A-Banner-1-portada-imagen-10-1-6-1.jpg?resize=350%2C200&ssl=1 1x, https:\/\/i0.wp.com\/webdelmaestrocmf.com\/portal\/wp-content\/uploads\/2025\/03\/1A-Banner-1-portada-imagen-10-1-6-1.jpg?resize=525%2C300&ssl=1 1.5x, https:\/\/i0.wp.com\/webdelmaestrocmf.com\/portal\/wp-content\/uploads\/2025\/03\/1A-Banner-1-portada-imagen-10-1-6-1.jpg?resize=700%2C400&ssl=1 2x"},"classes":[]}],"_links":{"self":[{"href":"https:\/\/webdelmaestrocmf.com\/portal\/wp-json\/wp\/v2\/posts\/61656","targetHints":{"allow":["GET"]}}],"collection":[{"href":"https:\/\/webdelmaestrocmf.com\/portal\/wp-json\/wp\/v2\/posts"}],"about":[{"href":"https:\/\/webdelmaestrocmf.com\/portal\/wp-json\/wp\/v2\/types\/post"}],"author":[{"embeddable":true,"href":"https:\/\/webdelmaestrocmf.com\/portal\/wp-json\/wp\/v2\/users\/1"}],"replies":[{"embeddable":true,"href":"https:\/\/webdelmaestrocmf.com\/portal\/wp-json\/wp\/v2\/comments?post=61656"}],"version-history":[{"count":0,"href":"https:\/\/webdelmaestrocmf.com\/portal\/wp-json\/wp\/v2\/posts\/61656\/revisions"}],"wp:featuredmedia":[{"embeddable":true,"href":"https:\/\/webdelmaestrocmf.com\/portal\/wp-json\/wp\/v2\/media\/61660"}],"wp:attachment":[{"href":"https:\/\/webdelmaestrocmf.com\/portal\/wp-json\/wp\/v2\/media?parent=61656"}],"wp:term":[{"taxonomy":"category","embeddable":true,"href":"https:\/\/webdelmaestrocmf.com\/portal\/wp-json\/wp\/v2\/categories?post=61656"},{"taxonomy":"post_tag","embeddable":true,"href":"https:\/\/webdelmaestrocmf.com\/portal\/wp-json\/wp\/v2\/tags?post=61656"}],"curies":[{"name":"wp","href":"https:\/\/api.w.org\/{rel}","templated":true}]}}