{"id":61499,"date":"2023-02-07T23:18:53","date_gmt":"2023-02-08T02:18:53","guid":{"rendered":"https:\/\/webdelmaestrocmf.com\/portal\/?p=61499"},"modified":"2026-04-27T13:25:22","modified_gmt":"2026-04-27T17:25:22","slug":"ser-maestro-es-la-profesion-mas-bonita-del-mundo-quien-lo-probo-lo-sabe","status":"publish","type":"post","link":"https:\/\/webdelmaestrocmf.com\/portal\/ser-maestro-es-la-profesion-mas-bonita-del-mundo-quien-lo-probo-lo-sabe\/","title":{"rendered":"Carmen Guaita: Ser maestro es la profesi\u00f3n m\u00e1s bonita del mundo. Quien lo prob\u00f3, lo sabe"},"content":{"rendered":"\n<p>La profesora espa\u00f1ola Carmen Guaita (C\u00e1diz 1960) es licenciada en Filosof\u00eda y maestra, colabora en medios profesionales y audiovisuales, siempre sobre temas educativos. Es presidenta de la Junta de Madrid de la ONG Delwende, que sostiene proyectos educativos en \u00c1frica, Asia y Latinoam\u00e9rica (www.delwende.org). Est\u00e1 casada desde el a\u00f1o 1982 y es madre de dos hijos. Acaba de ausentarse de las aulas, pero no se separa de la tarea educativa como tutora en la Universidad de Padres, en Escuelas de Padres y en la plataforma \u201cEducar es todo\u201d. Tambi\u00e9n es autora de Los amigos de mis hijos (2007); Contigo aprend\u00ed (2008); Desconocidas, una geometr\u00eda de las mujeres (2009); La flor de la esperanza (2010); Memorias de la pizarra (2012); Cartas para encender linternas (2012); Jilgueros en la cabeza (2015); Encuentros: Reflexiones y par\u00e1bolas (2017) y Todo se olvida (2019)<\/p>\n\n\n\n<!--more-->\n\n\n\n<p>Nos motiva a compartir este art\u00edculo, el saber que opina que hoy \u201ccuando todo el mundo sabe para lo que sirve Wikipedia, <strong>los profesores tienen que explicar, por primera vez en la historia, para qu\u00e9 sirven ellos<\/strong>\u201d. [&#8230;]no son t\u00e9cnicos expertos en ense\u00f1anza-aprendizaje, sino intelectuales capaces de amplificar no el \u201ccapital humano\u201d sino el capital del humano: el conocimiento y la cultura. [&#8230;] Es un <strong>profesional del di\u00e1logo entre seres humanos<\/strong>. <strong>Maestros y alumnos se comunican cara a cara,<\/strong> afirm\u00e1ndose en el lugar que ocupan sin dejar de afirmar al otro. Durante cada curso escolar, <strong>conectan profundamente sus vidas en un espacio donde todos aprenden<\/strong>: el adulto mira el mundo con los ojos de los ni\u00f1os; estos lo descubren con la mirada del maestro. Act\u00faan modific\u00e1ndose la vida mutuamente, creciendo como personas. [&#8230;]&nbsp;<strong>Profesor y alumno, iguales en dignidad y derechos como personas que son, se encuentran situados durante su relaci\u00f3n en distintos planos.<\/strong> El plano del maestro se eleva sobre la responsabilidad de desempe\u00f1ar una tarea que le obliga a dar el m\u00e1ximo y de la cual deriva su autoridad; el del alumno, se asienta sobre el respeto que debe a quien le ense\u00f1a y sobre su propia voluntad de aprender. Porque la relaci\u00f3n educativa tiene tambi\u00e9n un componente imprescindible que pone \u00fanicamente el alumno y que <strong>est\u00e1 relacionado con su actitud ante el aprendizaje, ante el conocimiento y ante el proyecto de su propia vida<\/strong>. Profesores y alumnos ponemos cada d\u00eda en juego lo mejor de nosotros mismos\u201d. <a href=\"https:\/\/www.educacionresponsable.org\/web\/la-educacion-que-queremos\/en-juego-lo-mejor-carmen-guaita.html\" target=\"_blank\" rel=\"noopener\"><strong>ESENCIA E IDENTIDAD DE LA PROFESI\u00d3N DOCENTE.<\/strong><\/a><\/p>\n\n\n\n<p>Gracias a la publicaci\u00f3n de El Pa\u00eds (Espa\u00f1a), BBVA y Editorial Santillana, compartimos con fines \u00fanicamente educativos, el di\u00e1logo entre la profesora Guaita y Naiara Larrea, quien fue su alumna, sobre la vocaci\u00f3n docente, qu\u00e9 es ense\u00f1ar, los valores en la familia y en la escuela, pensamiento cr\u00edtico, pensamiento creativo, Est\u00e9tica, las relaciones humanas, aprender de los otros, el arte, la lectura, el curr\u00edculo, la autoridad del docente, la motivaci\u00f3n, el ritmo del aprendizaje, el trabajo cooperativo, la importancia del conocimiento de los estudiantes y la vocaci\u00f3n docente entre otros temas que pueden ayudarnos a conocer y amar el servicio educativo docente.<\/p>\n\n\n\n<figure class=\"wp-block-image\"><img loading=\"lazy\" decoding=\"async\" width=\"1024\" height=\"427\" src=\"https:\/\/webdelmaestrocmf.com\/portal\/wp-content\/uploads\/2021\/04\/1-52-1024x427.jpeg\" alt=\"Carmen Guaita\" class=\"wp-image-67781\" srcset=\"https:\/\/webdelmaestrocmf.com\/portal\/wp-content\/uploads\/2021\/04\/1-52-1024x427.jpeg 1024w, https:\/\/webdelmaestrocmf.com\/portal\/wp-content\/uploads\/2021\/04\/1-52-300x125.jpeg 300w, https:\/\/webdelmaestrocmf.com\/portal\/wp-content\/uploads\/2021\/04\/1-52-768x320.jpeg 768w, https:\/\/webdelmaestrocmf.com\/portal\/wp-content\/uploads\/2021\/04\/1-52-110x46.jpeg 110w, https:\/\/webdelmaestrocmf.com\/portal\/wp-content\/uploads\/2021\/04\/1-52-200x83.jpeg 200w, https:\/\/webdelmaestrocmf.com\/portal\/wp-content\/uploads\/2021\/04\/1-52-380x159.jpeg 380w, https:\/\/webdelmaestrocmf.com\/portal\/wp-content\/uploads\/2021\/04\/1-52-255x106.jpeg 255w, https:\/\/webdelmaestrocmf.com\/portal\/wp-content\/uploads\/2021\/04\/1-52-550x229.jpeg 550w, https:\/\/webdelmaestrocmf.com\/portal\/wp-content\/uploads\/2021\/04\/1-52-800x334.jpeg 800w, https:\/\/webdelmaestrocmf.com\/portal\/wp-content\/uploads\/2021\/04\/1-52-1160x484.jpeg 1160w, https:\/\/webdelmaestrocmf.com\/portal\/wp-content\/uploads\/2021\/04\/1-52-220x92.jpeg 220w, https:\/\/webdelmaestrocmf.com\/portal\/wp-content\/uploads\/2021\/04\/1-52-400x167.jpeg 400w, https:\/\/webdelmaestrocmf.com\/portal\/wp-content\/uploads\/2021\/04\/1-52-760x317.jpeg 760w, https:\/\/webdelmaestrocmf.com\/portal\/wp-content\/uploads\/2021\/04\/1-52-510x213.jpeg 510w, https:\/\/webdelmaestrocmf.com\/portal\/wp-content\/uploads\/2021\/04\/1-52-600x250.jpeg 600w, https:\/\/webdelmaestrocmf.com\/portal\/wp-content\/uploads\/2021\/04\/1-52-1100x459.jpeg 1100w, https:\/\/webdelmaestrocmf.com\/portal\/wp-content\/uploads\/2021\/04\/1-52.jpeg 1376w\" sizes=\"auto, (max-width: 1024px) 100vw, 1024px\" \/><\/figure>\n\n\n\n<p><\/p>\n\n\n\n<p>En esta publicaci\u00f3n compartimos los enlaces del video completo y el momento m\u00e1s destacado, as\u00ed como partes del di\u00e1logo, que <strong>recomendamos leer \u00edntegramente en el t\u00edtulo que indicamos al final del art\u00edculo<\/strong>. Es nuestro prop\u00f3sito que esta publicaci\u00f3n sea una invitaci\u00f3n a seguir entusiasmados en nuestra formaci\u00f3n permanente, conociendo los aportes y la experiencia de especialistas cercanos al mundo educativo. Hacemos presente que las letras en negritas y cursivas son nuestras.<\/p>\n\n\n\n<p>Art\u00edculo de inter\u00e9s:&nbsp;<a href=\"https:\/\/webdelmaestrocmf.com\/portal\/importancia-la-relacion-profesor-estudiante-aprendizaje\/\" target=\"_top\" rel=\"noopener\">Importancia de la relaci\u00f3n entre el profesor y el estudiante en el aprendizaje<\/a><\/p>\n\n\n\n<h5 class=\"wp-block-heading\"><strong>NAIARA: &#8230; \u00bfpor qu\u00e9 elegiste esta profesi\u00f3n? \u00bfPor qu\u00e9 quisiste ser maestra? \u00bfPor qu\u00e9 quisiste ense\u00f1ar y guiar a tantas personas?<\/strong><\/h5>\n\n\n\n<p><strong>CARMEN GUAITA:<\/strong> \u201c[&#8230;] El d\u00eda que mi abuelo se jubil\u00f3, sus alumnos le hicieron un homenaje muy grande, muy emocionante. [&#8230;]&nbsp;durante la <strong>adolescencia<\/strong>, creo que compart\u00ed con todos los que luego hemos decidido ser profes, me di cuenta de que <strong>ten\u00eda una serie de caracter\u00edsticas que son las que compartimos todos los profes<\/strong>. La primera, que <strong>me interesaba much\u00edsimo la gente, la gente, estar con gente<\/strong>. La segunda, que dentro de toda la gente <strong>me interesaban especialmente los ni\u00f1os<\/strong>. Que me interesaba, o que me gustaba, o que <strong>me hac\u00eda muy feliz, contar lo que yo aprend\u00eda,<\/strong> transmitir lo que yo hab\u00eda aprendido. [&#8230;]&nbsp;La palabra \u00abvocaci\u00f3n\u00bb est\u00e1 un poco anticuada y la hemos asociado como a una llamada que te llega desde arriba, pero no, es una llamada que te llega desde dentro [&#8230;]\u201d<\/p>\n\n\n\n<h5 class=\"wp-block-heading\"><strong>NAIARA: &#8230; <\/strong><strong>\u00bfqu\u00e9 es para ti la educaci\u00f3n? \u00bfQu\u00e9 es para ti ense\u00f1ar?<\/strong><\/h5>\n\n\n\n<p><strong>CARMEN GUAITA:<\/strong>\u201d [&#8230;] en primer lugar es la relaci\u00f3n de <strong>comunicaci\u00f3n humana<\/strong> m\u00e1s importante, m\u00e1s viva, m\u00e1s profunda y m\u00e1s prolongada en el tiempo despu\u00e9s de la de la familia. [&#8230;] educar es <strong>transmitir el modo de empleo de la vida<\/strong> y abrir las ventanas de un ni\u00f1o a la cultura, a todo lo grande que han hecho las generaciones que nos antecedieron, [&#8230;] <strong>la escuela educa, la familia educa<\/strong>, ambas educamos en valores, pero no educamos en los mismos valores. [&#8230;]&nbsp;<strong>La familia educa en los valores personales, la escuela educa en los valores sociales.<\/strong> [&#8230;]&nbsp;Los valores son cualidades reales de los objetos, pero tambi\u00e9n de las actitudes humanas. No son relativos, aunque pueda parecerlo. Lo que son es relacionales, es decir, t\u00fa los valoras si los conoces, si los aprecias. [&#8230;]&nbsp;Por eso es tan importante que nos demos cuenta de que <strong>educar y educar en valores es lo mismo<\/strong>. Porque tan herramienta para vivir una vida, una vida verdaderamente humana [&#8230;]\u201d<\/p>\n\n\n\n<p>Art\u00edculo relacionado:&nbsp;<a href=\"https:\/\/webdelmaestrocmf.com\/portal\/bernabe-tierno-el-sistema-educativo-en-muchos-paises-es-claramente-selectivo-competitivo-y-discriminatorio\/\" target=\"_top\" rel=\"noopener\">Bernab\u00e9 Tierno: El sistema educativo (en muchos pa\u00edses) es claramente selectivo, competitivo y discriminatorio<\/a><\/p>\n\n\n\n<h5 class=\"wp-block-heading\"><strong>NUNCA SE DEJA DE SER MAESTRA <\/strong>(MOMENTO DESTACADO 06\u00b4 00\u201d)<\/h5>\n\n\n\n<p><iframe loading=\"lazy\" title=\"Nunca se deja de ser maestra. Carmen Guaita, escritora y maestra jubilada\" src=\"https:\/\/www.youtube.com\/embed\/izR1ZxFFiWU\" width=\"100%\" height=\"315\" frameborder=\"0\" allowfullscreen=\"allowfullscreen\"><span data-mce-type=\"bookmark\" style=\"display: inline-block; width: 0px; overflow: hidden; line-height: 0;\" class=\"mce_SELRES_start\">\ufeff<\/span><\/iframe><\/p>\n\n\n\n<h5 class=\"wp-block-heading\"><strong>NAIARA: <\/strong>&#8230; <strong>\u00bfqu\u00e9 es lo que tus alumnos te hemos ense\u00f1ado?<\/strong><\/h5>\n\n\n\n<p><strong>CARMEN GUAITA:<\/strong>\u201d [&#8230;] una de las cosas m\u00e1s importantes que he aprendido ha sido <strong>el dominio del tiempo<\/strong>, porque la infancia tiene el dominio absoluto sobre el tiempo. [&#8230;]&nbsp;una frase como <strong>\u00abdiversidad es todo\u00bb <\/strong>es un tratado, es un tratado de filosof\u00eda, es un tratado de sociolog\u00eda y un tratado de educaci\u00f3n, \u00bfc\u00f3mo no lo iba a aprender? [&#8230;]&nbsp;<strong>todos los profesores aprendemos a diario<\/strong> y contraemos con los alumnos, a lo largo de nuestra vida, grandes deudas de aprendizaje, de crecimiento, [&#8230;] la profesi\u00f3n docente, ser profesor, ser maestro, es muy complejo, es muy, muy\u2026 Tienes que tener un constante estado de forma. Tienes que <strong>estar aprendiendo constantemente<\/strong>, tienes que ser creativo. [&#8230;]&nbsp;<strong>Considero un privilegio haber sido profesora,<\/strong> [&#8230;] <strong>porque a lo largo de la vida profesional yo formo parte de la biograf\u00eda de centenares de personas,<\/strong> [&#8230;] que te ha forzado a sacar de ti lo mejor. [&#8230;]&nbsp;la educaci\u00f3n necesita desregular, algunas veces m\u00e1s que regular en exceso. Igual que los profesores ante esta nueva realidad, necesitamos desaprender algunos latiguillos antiguos que conservamos y que han perdido vigencia frente a los requisitos nuevos de la realidad. [&#8230;]&nbsp;En estos momentos, nosotros hemos dejado de ser las personas m\u00e1s informadas. La informaci\u00f3n entra de una forma horizontal, pero somos las personas que podemos convertir <strong>la informaci\u00f3n<\/strong> [&#8230;] <strong>en conocimiento<\/strong>. [&#8230;]\u201d.<\/p>\n\n\n\n<p>Art\u00edculo recomendado:&nbsp;<a href=\"https:\/\/webdelmaestrocmf.com\/portal\/marco-perez-la-motivacion-gran-inspiracion-procesos-innovacion-la-ensenanza-aprendizaje\/\" target=\"_top\" rel=\"noopener\">[Marco P\u00e9rez] La motivaci\u00f3n, gran inspiraci\u00f3n para procesos de innovaci\u00f3n en la ense\u00f1anza aprendizaje<\/a><\/p>\n\n\n\n<h5 class=\"wp-block-heading\"><strong>NAIARA: &#8230; <\/strong><strong>\u00bfQu\u00e9 hac\u00edas para conseguir esa motivaci\u00f3n en tus alumnos?<\/strong><\/h5>\n\n\n\n<p><strong>CARMEN GUAITA:<\/strong> \u201cEl tema de la motivaci\u00f3n es muy importante, [&#8230;]&nbsp;El verbo motivar est\u00e1 relacionado con el movimiento, con la palabra motor, de ah\u00ed proviene, ponerse en movimiento. T\u00fa puedes <strong>ponerte en movimiento por un est\u00edmulo externo<\/strong>, puedes ponerte en movimiento por un est\u00edmulo interno, por algo que a ti te hace feliz hacer, pero t\u00fa eres quien se pone en movimiento, [&#8230;]&nbsp;T\u00fa como profesor o como entrenador, o como padre, o como educador, lo \u00fanico que haces es situar un decorado propicio para que haya <strong>algo que pueda interesar a esa persona, que pueda emocionar a esa persona,<\/strong> para lo cual tienes que conocerla bien. Y una de las primeras obligaciones de los profesores es, precisamente, conocer bien nuestra clase. [&#8230;]&nbsp;ha sido frustrante para los profesores la confusi\u00f3n cuando nosotros <strong>hemos sentido que \u00e9ramos nosotros los que de alguna manera m\u00e1gica ten\u00edamos que poner en movimiento al alumno<\/strong>. [&#8230;] el alumno se pone en movimiento y t\u00fa lo \u00fanico que haces es ofrecerle est\u00edmulos para ese movimiento. [&#8230;]\u201d.<\/p>\n\n\n\n<h5 class=\"wp-block-heading\"><strong>REFLEXIONES DE UNA MAESTRA JUBILADA<\/strong>&nbsp;(VIDEO COMPLETO 01h 02\u00b4 52\u201d)<\/h5>\n\n\n\n<p><iframe loading=\"lazy\" title=\"V. Completa. Reflexiones de una maestra jubilada. Carmen Guaita, escritora y maestra\" src=\"https:\/\/www.youtube.com\/embed\/FJbDoD_D_XU\" width=\"100%\" height=\"315\" frameborder=\"0\" allowfullscreen=\"allowfullscreen\"><span data-mce-type=\"bookmark\" style=\"display: inline-block; width: 0px; overflow: hidden; line-height: 0;\" class=\"mce_SELRES_start\">\ufeff<\/span><\/iframe><\/p>\n\n\n\n<h5 class=\"wp-block-heading\"><strong>NAIARA: &#8230; <\/strong><strong>\u00bfqu\u00e9 has aprendido t\u00fa de otros profesores?<\/strong><\/h5>\n\n\n\n<p><strong>CARMEN GUAITA:<\/strong> \u201c[&#8230;] hay muchos profesores, que viven esta tarea, este trabajo, implic\u00e1ndose tanto, de una manera tan en cuerpo y alma, tan volcada, sacando tanto sus capacidades que <strong>tienen una generosidad tan grande para compartir lo que ellos hacen bien,<\/strong> lo que les sale bien, compartirlo con los dem\u00e1s compa\u00f1eros de claustro y decirles: \u00abPrueba por aqu\u00ed, prueba por all\u00e1\u00bb, que son inolvidables. [&#8230;] <strong>Nosotros tenemos que luchar por la profesionalidad<\/strong>. [&#8230;] nosotros hacemos sencillamente, humildemente, un trabajo maravilloso, superdif\u00edcil, pero es un trabajo. [&#8230;] De hecho, a los profes <strong>nos cuesta mucho llevarnos a casa el momento dulce, el momento milagroso<\/strong>, que lo hay cada d\u00eda y casi siempre nos llevamos a casa el momento que nos ha dejado dudando sobre nuestra capacidad profesional. Porque si algo sale mal t\u00fa dudas sobre si vales para esta tarea. <strong>Y este secreto que yo acabo de desvelar no lo sabe casi nadie, solo lo sabemos los maestros<\/strong>. [&#8230;]\u201d.<\/p>\n\n\n\n<h5 class=\"wp-block-heading\"><strong>NAIARA: &#8230; <\/strong><strong>\u00bfVolver\u00edas a ser maestra? \u00bfVolver\u00edas a hacer todo lo que has hecho despu\u00e9s de haber dedicado una vida?<\/strong><\/h5>\n\n\n\n<p><strong>CARMEN GUAITA:<\/strong> \u201cA lo largo de una vida hay muchas cosas que, evidentemente, no volver\u00edas a hacer. Pero, \u00bfser maestra? Eso no lo dudar\u00eda. [&#8230;] Mi situaci\u00f3n actual es jubilada, pero jubilada es un adjetivo. <strong>El sustantivo es maestra.<\/strong> Yo soy una maestra jubilada. Quiere decir que <strong>no he dejado de ser maestra<\/strong> y que no pienso dejar de serlo, y esto lo comparto con todos mis compa\u00f1eros de profesi\u00f3n. Es una forma de ser. <strong>Vivir la educaci\u00f3n es m\u00e1s que una forma de trabajar<\/strong>, es una forma de ser [&#8230;] Es la profesi\u00f3n m\u00e1s bonita del mundo. <strong>Quien lo prob\u00f3, lo sabe.<\/strong> As\u00ed que no me pienso ir, jubilar\u201d.<\/p>\n\n\n\n<p>La transcripci\u00f3n completa de este di\u00e1logo lo puede Usted leer aqu\u00ed<strong>:<\/strong> <a href=\"https:\/\/aprendemosjuntos.elpais.com\/especial\/nunca-se-deja-de-ser-maestra-carmen-guaita\/\" target=\"_blank\" rel=\"noopener\"><strong>NUNCA SE DEJA DE SER MAESTRA<\/strong><\/a><\/p>\n\n\n\n<p>Esta publicaci\u00f3n corresponde a<a href=\"http:\/\/webdelmaestrocmf.com\/portal\/serie-de-videos-aprendamos-juntos-para-sumar-por-la-educacion\/\" target=\"_blank\" rel=\"noopener\"><strong> SERIE DE VIDEOS: APRENDAMOS JUNTOS, PARA SUMAR POR LA EDUCACI\u00d3N<\/strong><\/a><\/p>\n\n\n\n<p class=\"has-text-align-center\"><em>\u201cSi nos preguntan qu\u00e9 pintamos los maestros en el imperio de Google, podemos responder que somos profesionales del saber, del saber aprender y del aprender a ser. Y que a diario ponemos en juego lo mejor de nosotros mismos, en un desaf\u00edo \u00e9tico que aceptamos con alegr\u00eda\u201d. <\/em><\/p>\n\n\n\n<p class=\"has-text-align-right\"><strong>REDACCI\u00d3N WEB DEL MAESTRO CMF<\/strong><\/p>\n\n\n\t\t<div class=\"pk-inline-posts\">\n\t\t\t\n\t\t\t<div class=\"pk-inline-posts-container pk-inline-posts-template-list\"\n\t\t\t\tdata-columns=\"1\">\n\t\t\t\t\t\t<article id=\"post-95717\" class=\"post-95717 post type-post status-publish format-video has-post-thumbnail category-charlas tag-aprendamos-juntos tag-aprendemos-juntos-2030 tag-aprender tag-aprendizaje tag-bbva tag-calificacion-por-notas tag-cerebro tag-compresion tag-descanso tag-dislexia tag-dormir tag-entrevista tag-error tag-escritura tag-fonologia tag-lectura tag-lenguaje-oral tag-matematica tag-memoria tag-neurociencia tag-neurona tag-para-sumar-por-la-educacion tag-pensamiento tag-sinapsis tag-stanislas-dehaene tag-sueno tag-tecnologia tag-videos post_format-post-format-video cs-entry cs-video-wrap\">\n\t\t\t<div class=\"pk-post-outer\">\n\n\t\t\t\t\t\t\t\t<div class=\"pk-post-inner\">\n\t\t\t\t\t<div class=\"entry-thumbnail\">\n\t\t\t\t\t\t<div class=\"pk-overlay pk-overlay-ratio pk-ratio-landscape\">\n\t\t\t\t\t\t\t<div class=\"pk-overlay-background\">\n\t\t\t\t\t\t\t\t<a href=\"https:\/\/webdelmaestrocmf.com\/portal\/stanislas-dehaene-el-mayor-talento-de-un-profesor-es-ser-capaz-de-dirigir-la-atencion-del-alumno-hacia-el-nivel-correcto\/\" class=\"pk-overlay-link\">\n\t\t\t\t\t\t\t\t\t<img loading=\"lazy\" decoding=\"async\" width=\"300\" height=\"225\" src=\"https:\/\/webdelmaestrocmf.com\/portal\/wp-content\/uploads\/2024\/02\/1AA-Banner-1-portada-imagen-10-1-copia-300x225.webp\" class=\"attachment-pk-thumbnail size-pk-thumbnail wp-post-image\" alt=\"\" \/>\t\t\t\t\t\t\t\t<\/a>\n\t\t\t\t\t\t\t<\/div>\n\t\t\t\t\t\t<\/div>\n\t\t\t\t\t<\/div>\n\t\t\t\t<\/div>\n\t\t\t\t\n\t\t\t\t<div class=\"pk-post-inner\">\n\t\t\t\t\t<header>\n\t\t\t\t\t\t<h3 class=\"pk-title\"><a href=\"https:\/\/webdelmaestrocmf.com\/portal\/stanislas-dehaene-el-mayor-talento-de-un-profesor-es-ser-capaz-de-dirigir-la-atencion-del-alumno-hacia-el-nivel-correcto\/\" rel=\"bookmark\">Stanislas Dehaene: El mayor talento de un profesor es ser capaz de dirigir la atenci\u00f3n del alumno, hacia el nivel correcto<\/a><\/h3>\t\t\t\t\t<\/header><!-- .entry-header -->\n\t\t\t\t<\/div><!-- .post-inner -->\n\n\t\t\t<\/div><!-- .post-outer -->\n\t\t<\/article>\n\t\t\t<article id=\"post-98898\" class=\"post-98898 post type-post status-publish format-video has-post-thumbnail category-charlas tag-duermen-poco tag-estudiantes tag-estudiantes-que-duermen-poco tag-javier-albares tag-problemas-escolares post_format-post-format-video cs-entry cs-video-wrap\">\n\t\t\t<div class=\"pk-post-outer\">\n\n\t\t\t\t\t\t\t\t<div class=\"pk-post-inner\">\n\t\t\t\t\t<div class=\"entry-thumbnail\">\n\t\t\t\t\t\t<div class=\"pk-overlay pk-overlay-ratio pk-ratio-landscape\">\n\t\t\t\t\t\t\t<div class=\"pk-overlay-background\">\n\t\t\t\t\t\t\t\t<a href=\"https:\/\/webdelmaestrocmf.com\/portal\/javier-albares-los-estudiantes-que-duermen-poco-tienen-muchisimos-mas-problemas-escolares\/\" class=\"pk-overlay-link\">\n\t\t\t\t\t\t\t\t\t<img loading=\"lazy\" decoding=\"async\" width=\"300\" height=\"225\" src=\"https:\/\/webdelmaestrocmf.com\/portal\/wp-content\/uploads\/2023\/10\/A12B3C4D-4-2-300x225.jpg\" class=\"attachment-pk-thumbnail size-pk-thumbnail wp-post-image\" alt=\"Javier Albares\" \/>\t\t\t\t\t\t\t\t<\/a>\n\t\t\t\t\t\t\t<\/div>\n\t\t\t\t\t\t<\/div>\n\t\t\t\t\t<\/div>\n\t\t\t\t<\/div>\n\t\t\t\t\n\t\t\t\t<div class=\"pk-post-inner\">\n\t\t\t\t\t<header>\n\t\t\t\t\t\t<h3 class=\"pk-title\"><a href=\"https:\/\/webdelmaestrocmf.com\/portal\/javier-albares-los-estudiantes-que-duermen-poco-tienen-muchisimos-mas-problemas-escolares\/\" rel=\"bookmark\">Javier Albares: Los estudiantes que duermen poco, tienen much\u00edsimos m\u00e1s problemas escolares<\/a><\/h3>\t\t\t\t\t<\/header><!-- .entry-header -->\n\t\t\t\t<\/div><!-- .post-inner -->\n\n\t\t\t<\/div><!-- .post-outer -->\n\t\t<\/article>\n\t\t\t<article id=\"post-77345\" class=\"post-77345 post type-post status-publish format-video has-post-thumbnail category-charlas tag-amor tag-antonio-rios-sarrio tag-autoridad tag-hijo post_format-post-format-video cs-entry cs-video-wrap\">\n\t\t\t<div class=\"pk-post-outer\">\n\n\t\t\t\t\t\t\t\t<div class=\"pk-post-inner\">\n\t\t\t\t\t<div class=\"entry-thumbnail\">\n\t\t\t\t\t\t<div class=\"pk-overlay pk-overlay-ratio pk-ratio-landscape\">\n\t\t\t\t\t\t\t<div class=\"pk-overlay-background\">\n\t\t\t\t\t\t\t\t<a href=\"https:\/\/webdelmaestrocmf.com\/portal\/mucho-amor-eso-no-puede-faltar-nunca-en-la-vida-de-un-hijo-y-mucha-autoridad\/\" class=\"pk-overlay-link\">\n\t\t\t\t\t\t\t\t\t<img loading=\"lazy\" decoding=\"async\" width=\"300\" height=\"225\" src=\"https:\/\/webdelmaestrocmf.com\/portal\/wp-content\/uploads\/2025\/06\/1AA-Banner-1-portada-imagen-10-1-copia-5-300x225.webp\" class=\"attachment-pk-thumbnail size-pk-thumbnail wp-post-image\" alt=\"\" \/>\t\t\t\t\t\t\t\t<\/a>\n\t\t\t\t\t\t\t<\/div>\n\t\t\t\t\t\t<\/div>\n\t\t\t\t\t<\/div>\n\t\t\t\t<\/div>\n\t\t\t\t\n\t\t\t\t<div class=\"pk-post-inner\">\n\t\t\t\t\t<header>\n\t\t\t\t\t\t<h3 class=\"pk-title\"><a href=\"https:\/\/webdelmaestrocmf.com\/portal\/mucho-amor-eso-no-puede-faltar-nunca-en-la-vida-de-un-hijo-y-mucha-autoridad\/\" rel=\"bookmark\">Antonio R\u00edos: Mucho amor, eso no puede faltar nunca en la vida de un hijo, y mucha autoridad<\/a><\/h3>\t\t\t\t\t<\/header><!-- .entry-header -->\n\t\t\t\t<\/div><!-- .post-inner -->\n\n\t\t\t<\/div><!-- .post-outer -->\n\t\t<\/article>\n\t\t\t\t<\/div>\n\t\t<\/div>\n\t\t\n","protected":false},"excerpt":{"rendered":"Carmen Guaita afirma que educar es una relaci\u00f3n humana profunda que forma en valores y conocimiento. El docente gu\u00eda, inspira y transforma vidas, mientras el alumno aporta actitud y deseo de aprender.","protected":false},"author":1,"featured_media":101516,"comment_status":"open","ping_status":"closed","sticky":false,"template":"","format":"video","meta":{"csco_display_header_overlay":false,"csco_singular_sidebar":"disabled","csco_page_header_type":"featured","csco_page_load_nextpost":"default","csco_post_video_location":[],"csco_post_video_location_hash":"","csco_post_video_url":"","csco_post_video_bg_start_time":0,"csco_post_video_bg_end_time":0,"csco_post_video_bg_volume":false,"_jetpack_memberships_contains_paid_content":false,"footnotes":""},"categories":[3453],"tags":[3768,216,201,6748,582,6747,3302],"class_list":{"0":"post-61499","1":"post","2":"type-post","3":"status-publish","4":"format-video","5":"has-post-thumbnail","7":"category-charlas","8":"tag-bonita","9":"tag-maestro","10":"tag-mundo","11":"tag-probo","12":"tag-profesion","13":"tag-quien","14":"tag-sabe","15":"post_format-post-format-video","16":"cs-entry","17":"cs-video-wrap"},"yoast_head":"<!-- This site is optimized with the Yoast SEO plugin v27.5 - https:\/\/yoast.com\/product\/yoast-seo-wordpress\/ -->\n<title>Carmen Guaita: Ser maestro es la profesi\u00f3n m\u00e1s bonita del mundo. Quien lo prob\u00f3, lo sabe - 2026<\/title>\n<meta name=\"description\" content=\"La profesora espa\u00f1ola Carmen Guaita (C\u00e1diz 1960) es licenciada en Filosof\u00eda y maestra, colabora en medios profesionales...\" \/>\n<meta name=\"robots\" content=\"index, follow, max-snippet:-1, max-image-preview:large, max-video-preview:-1\" \/>\n<link rel=\"canonical\" href=\"https:\/\/webdelmaestrocmf.com\/portal\/ser-maestro-es-la-profesion-mas-bonita-del-mundo-quien-lo-probo-lo-sabe\/\" \/>\n<meta property=\"og:locale\" content=\"es_ES\" \/>\n<meta property=\"og:type\" content=\"article\" \/>\n<meta property=\"og:title\" content=\"Carmen Guaita: Ser maestro es la profesi\u00f3n m\u00e1s bonita del mundo. Quien lo prob\u00f3, lo sabe - 2026\" \/>\n<meta property=\"og:description\" content=\"La profesora espa\u00f1ola Carmen Guaita (C\u00e1diz 1960) es licenciada en Filosof\u00eda y maestra, colabora en medios profesionales...\" \/>\n<meta property=\"og:url\" content=\"https:\/\/webdelmaestrocmf.com\/portal\/ser-maestro-es-la-profesion-mas-bonita-del-mundo-quien-lo-probo-lo-sabe\/\" \/>\n<meta property=\"og:site_name\" content=\"Web del Maestro CMF\" \/>\n<meta property=\"article:publisher\" content=\"https:\/\/www.facebook.com\/WebdelMaestroCMF\/\" \/>\n<meta property=\"article:author\" content=\"https:\/\/www.facebook.com\/WebdelMaestroCMF\/\" \/>\n<meta property=\"article:published_time\" content=\"2023-02-08T02:18:53+00:00\" \/>\n<meta property=\"article:modified_time\" content=\"2026-04-27T17:25:22+00:00\" \/>\n<meta property=\"og:image\" content=\"https:\/\/webdelmaestrocmf.com\/portal\/wp-content\/uploads\/2023\/02\/A12B3C4D-2.jpg\" \/>\n\t<meta property=\"og:image:width\" content=\"900\" \/>\n\t<meta property=\"og:image:height\" content=\"556\" \/>\n\t<meta property=\"og:image:type\" content=\"image\/jpeg\" \/>\n<meta name=\"author\" content=\"Web del Maestro CMF\" \/>\n<meta name=\"twitter:card\" content=\"summary_large_image\" \/>\n<meta name=\"twitter:creator\" content=\"@cmf_w\" \/>\n<meta name=\"twitter:site\" content=\"@cmf_w\" \/>\n<script type=\"application\/ld+json\" class=\"yoast-schema-graph\">{\"@context\":\"https:\\\/\\\/schema.org\",\"@graph\":[{\"@type\":\"ScholarlyArticle\",\"@id\":\"https:\\\/\\\/webdelmaestrocmf.com\\\/portal\\\/ser-maestro-es-la-profesion-mas-bonita-del-mundo-quien-lo-probo-lo-sabe\\\/#article\",\"isPartOf\":{\"@id\":\"https:\\\/\\\/webdelmaestrocmf.com\\\/portal\\\/ser-maestro-es-la-profesion-mas-bonita-del-mundo-quien-lo-probo-lo-sabe\\\/\"},\"author\":{\"name\":\"Web del Maestro CMF\",\"@id\":\"https:\\\/\\\/webdelmaestrocmf.com\\\/portal\\\/#\\\/schema\\\/person\\\/1072a2ed7bd960df8ef99a551fa35dc5\"},\"headline\":\"Carmen Guaita: Ser maestro es la profesi\u00f3n m\u00e1s bonita del mundo. Quien lo prob\u00f3, lo sabe\",\"datePublished\":\"2023-02-08T02:18:53+00:00\",\"dateModified\":\"2026-04-27T17:25:22+00:00\",\"mainEntityOfPage\":{\"@id\":\"https:\\\/\\\/webdelmaestrocmf.com\\\/portal\\\/ser-maestro-es-la-profesion-mas-bonita-del-mundo-quien-lo-probo-lo-sabe\\\/\"},\"wordCount\":1877,\"commentCount\":0,\"publisher\":{\"@id\":\"https:\\\/\\\/webdelmaestrocmf.com\\\/portal\\\/#organization\"},\"image\":{\"@id\":\"https:\\\/\\\/webdelmaestrocmf.com\\\/portal\\\/ser-maestro-es-la-profesion-mas-bonita-del-mundo-quien-lo-probo-lo-sabe\\\/#primaryimage\"},\"thumbnailUrl\":\"https:\\\/\\\/webdelmaestrocmf.com\\\/portal\\\/wp-content\\\/uploads\\\/2023\\\/02\\\/A12B3C4D-2.jpg\",\"keywords\":[\"BONITA\",\"Maestro\",\"Mundo\",\"prob\u00f3\",\"PROFESI\u00d3N\",\"Quien\",\"SABE\"],\"articleSection\":[\"Charlas\"],\"inLanguage\":\"es\",\"potentialAction\":[{\"@type\":\"CommentAction\",\"name\":\"Comment\",\"target\":[\"https:\\\/\\\/webdelmaestrocmf.com\\\/portal\\\/ser-maestro-es-la-profesion-mas-bonita-del-mundo-quien-lo-probo-lo-sabe\\\/#respond\"]}]},{\"@type\":\"WebPage\",\"@id\":\"https:\\\/\\\/webdelmaestrocmf.com\\\/portal\\\/ser-maestro-es-la-profesion-mas-bonita-del-mundo-quien-lo-probo-lo-sabe\\\/\",\"url\":\"https:\\\/\\\/webdelmaestrocmf.com\\\/portal\\\/ser-maestro-es-la-profesion-mas-bonita-del-mundo-quien-lo-probo-lo-sabe\\\/\",\"name\":\"Carmen Guaita: Ser maestro es la profesi\u00f3n m\u00e1s bonita del mundo. Quien lo prob\u00f3, lo sabe - 2026\",\"isPartOf\":{\"@id\":\"https:\\\/\\\/webdelmaestrocmf.com\\\/portal\\\/#website\"},\"primaryImageOfPage\":{\"@id\":\"https:\\\/\\\/webdelmaestrocmf.com\\\/portal\\\/ser-maestro-es-la-profesion-mas-bonita-del-mundo-quien-lo-probo-lo-sabe\\\/#primaryimage\"},\"image\":{\"@id\":\"https:\\\/\\\/webdelmaestrocmf.com\\\/portal\\\/ser-maestro-es-la-profesion-mas-bonita-del-mundo-quien-lo-probo-lo-sabe\\\/#primaryimage\"},\"thumbnailUrl\":\"https:\\\/\\\/webdelmaestrocmf.com\\\/portal\\\/wp-content\\\/uploads\\\/2023\\\/02\\\/A12B3C4D-2.jpg\",\"datePublished\":\"2023-02-08T02:18:53+00:00\",\"dateModified\":\"2026-04-27T17:25:22+00:00\",\"description\":\"La profesora espa\u00f1ola Carmen Guaita (C\u00e1diz 1960) es licenciada en Filosof\u00eda y maestra, colabora en medios profesionales...\",\"breadcrumb\":{\"@id\":\"https:\\\/\\\/webdelmaestrocmf.com\\\/portal\\\/ser-maestro-es-la-profesion-mas-bonita-del-mundo-quien-lo-probo-lo-sabe\\\/#breadcrumb\"},\"inLanguage\":\"es\",\"potentialAction\":[{\"@type\":\"ReadAction\",\"target\":[\"https:\\\/\\\/webdelmaestrocmf.com\\\/portal\\\/ser-maestro-es-la-profesion-mas-bonita-del-mundo-quien-lo-probo-lo-sabe\\\/\"]}]},{\"@type\":\"ImageObject\",\"inLanguage\":\"es\",\"@id\":\"https:\\\/\\\/webdelmaestrocmf.com\\\/portal\\\/ser-maestro-es-la-profesion-mas-bonita-del-mundo-quien-lo-probo-lo-sabe\\\/#primaryimage\",\"url\":\"https:\\\/\\\/webdelmaestrocmf.com\\\/portal\\\/wp-content\\\/uploads\\\/2023\\\/02\\\/A12B3C4D-2.jpg\",\"contentUrl\":\"https:\\\/\\\/webdelmaestrocmf.com\\\/portal\\\/wp-content\\\/uploads\\\/2023\\\/02\\\/A12B3C4D-2.jpg\",\"width\":900,\"height\":556,\"caption\":\"Carmen Guaita\"},{\"@type\":\"BreadcrumbList\",\"@id\":\"https:\\\/\\\/webdelmaestrocmf.com\\\/portal\\\/ser-maestro-es-la-profesion-mas-bonita-del-mundo-quien-lo-probo-lo-sabe\\\/#breadcrumb\",\"itemListElement\":[{\"@type\":\"ListItem\",\"position\":1,\"name\":\"Portada\",\"item\":\"https:\\\/\\\/webdelmaestrocmf.com\\\/portal\\\/\"},{\"@type\":\"ListItem\",\"position\":2,\"name\":\"Charlas\",\"item\":\"https:\\\/\\\/webdelmaestrocmf.com\\\/portal\\\/category\\\/charlas\\\/\"},{\"@type\":\"ListItem\",\"position\":3,\"name\":\"Carmen Guaita: Ser maestro es la profesi\u00f3n m\u00e1s bonita del mundo. Quien lo prob\u00f3, lo sabe\"}]},{\"@type\":\"WebSite\",\"@id\":\"https:\\\/\\\/webdelmaestrocmf.com\\\/portal\\\/#website\",\"url\":\"https:\\\/\\\/webdelmaestrocmf.com\\\/portal\\\/\",\"name\":\"Web del Maestro CMF\",\"description\":\"Maestros al servicio de la educaci\u00f3n\",\"publisher\":{\"@id\":\"https:\\\/\\\/webdelmaestrocmf.com\\\/portal\\\/#organization\"},\"alternateName\":\"WMCMF\",\"potentialAction\":[{\"@type\":\"SearchAction\",\"target\":{\"@type\":\"EntryPoint\",\"urlTemplate\":\"https:\\\/\\\/webdelmaestrocmf.com\\\/portal\\\/?s={search_term_string}\"},\"query-input\":{\"@type\":\"PropertyValueSpecification\",\"valueRequired\":true,\"valueName\":\"search_term_string\"}}],\"inLanguage\":\"es\"},{\"@type\":\"Organization\",\"@id\":\"https:\\\/\\\/webdelmaestrocmf.com\\\/portal\\\/#organization\",\"name\":\"Web del Maestro CMF\",\"alternateName\":\"WMCMF\",\"url\":\"https:\\\/\\\/webdelmaestrocmf.com\\\/portal\\\/\",\"logo\":{\"@type\":\"ImageObject\",\"inLanguage\":\"es\",\"@id\":\"https:\\\/\\\/webdelmaestrocmf.com\\\/portal\\\/#\\\/schema\\\/logo\\\/image\\\/\",\"url\":\"https:\\\/\\\/webdelmaestrocmf.com\\\/portal\\\/wp-content\\\/uploads\\\/2023\\\/01\\\/logo-wmcmf-2.png\",\"contentUrl\":\"https:\\\/\\\/webdelmaestrocmf.com\\\/portal\\\/wp-content\\\/uploads\\\/2023\\\/01\\\/logo-wmcmf-2.png\",\"width\":200,\"height\":60,\"caption\":\"Web del Maestro CMF\"},\"image\":{\"@id\":\"https:\\\/\\\/webdelmaestrocmf.com\\\/portal\\\/#\\\/schema\\\/logo\\\/image\\\/\"},\"sameAs\":[\"https:\\\/\\\/www.facebook.com\\\/WebdelMaestroCMF\\\/\",\"https:\\\/\\\/x.com\\\/cmf_w\",\"https:\\\/\\\/www.pinterest.com\\\/WMCMF\\\/\",\"https:\\\/\\\/www.linkedin.com\\\/company\\\/web-del-maestro-cmf\\\/\",\"https:\\\/\\\/www.instagram.com\\\/wmcmf\\\/\",\"https:\\\/\\\/www.youtube.com\\\/channel\\\/UCDPSvjbdodE5sHnC3OxutHw\",\"https:\\\/\\\/mastodon.social\\\/@wmcmf\",\"https:\\\/\\\/www.tiktok.com\\\/@webdelmaestrocmf\"]},{\"@type\":\"Person\",\"@id\":\"https:\\\/\\\/webdelmaestrocmf.com\\\/portal\\\/#\\\/schema\\\/person\\\/1072a2ed7bd960df8ef99a551fa35dc5\",\"name\":\"Web del Maestro CMF\",\"image\":{\"@type\":\"ImageObject\",\"inLanguage\":\"es\",\"@id\":\"https:\\\/\\\/secure.gravatar.com\\\/avatar\\\/23291dd5b5ae1077dcff3dbb04c3e02bd28403fa75af6d8787d5e97c5bbbe30b?s=96&d=mm&r=g\",\"url\":\"https:\\\/\\\/secure.gravatar.com\\\/avatar\\\/23291dd5b5ae1077dcff3dbb04c3e02bd28403fa75af6d8787d5e97c5bbbe30b?s=96&d=mm&r=g\",\"contentUrl\":\"https:\\\/\\\/secure.gravatar.com\\\/avatar\\\/23291dd5b5ae1077dcff3dbb04c3e02bd28403fa75af6d8787d5e97c5bbbe30b?s=96&d=mm&r=g\",\"caption\":\"Web del Maestro CMF\"},\"description\":\"Esta Web se cre\u00f3 sin fines de lucro, con fines educativos, cient\u00edficos y acad\u00e9micos, para personas que tengan dificultades y\\\/o inconvenientes en visualizar el material original. El objetivo es entregar recursos, compartir experiencias y materiales que ayuden a los padres de familia, maestros y estudiantes en su actualizaci\u00f3n y formaci\u00f3n permanente, en bien de la Educaci\u00f3n.\",\"sameAs\":[\"http:\\\/\\\/webdelmaestrocmf.com\\\/portal\",\"https:\\\/\\\/www.facebook.com\\\/WebdelMaestroCMF\\\/\",\"https:\\\/\\\/www.instagram.com\\\/wmcmf\\\/\",\"https:\\\/\\\/cl.linkedin.com\\\/company\\\/web-del-maestro-cmf\",\"https:\\\/\\\/www.pinterest.com\\\/WMCMF\\\/publicaciones\\\/\",\"https:\\\/\\\/x.com\\\/cmf_w\",\"https:\\\/\\\/www.youtube.com\\\/@WMCMF\"]}]}<\/script>\n<!-- \/ Yoast SEO plugin. -->","yoast_head_json":{"title":"Carmen Guaita: Ser maestro es la profesi\u00f3n m\u00e1s bonita del mundo. Quien lo prob\u00f3, lo sabe - 2026","description":"La profesora espa\u00f1ola Carmen Guaita (C\u00e1diz 1960) es licenciada en Filosof\u00eda y maestra, colabora en medios profesionales...","robots":{"index":"index","follow":"follow","max-snippet":"max-snippet:-1","max-image-preview":"max-image-preview:large","max-video-preview":"max-video-preview:-1"},"canonical":"https:\/\/webdelmaestrocmf.com\/portal\/ser-maestro-es-la-profesion-mas-bonita-del-mundo-quien-lo-probo-lo-sabe\/","og_locale":"es_ES","og_type":"article","og_title":"Carmen Guaita: Ser maestro es la profesi\u00f3n m\u00e1s bonita del mundo. Quien lo prob\u00f3, lo sabe - 2026","og_description":"La profesora espa\u00f1ola Carmen Guaita (C\u00e1diz 1960) es licenciada en Filosof\u00eda y maestra, colabora en medios profesionales...","og_url":"https:\/\/webdelmaestrocmf.com\/portal\/ser-maestro-es-la-profesion-mas-bonita-del-mundo-quien-lo-probo-lo-sabe\/","og_site_name":"Web del Maestro CMF","article_publisher":"https:\/\/www.facebook.com\/WebdelMaestroCMF\/","article_author":"https:\/\/www.facebook.com\/WebdelMaestroCMF\/","article_published_time":"2023-02-08T02:18:53+00:00","article_modified_time":"2026-04-27T17:25:22+00:00","og_image":[{"width":900,"height":556,"url":"https:\/\/webdelmaestrocmf.com\/portal\/wp-content\/uploads\/2023\/02\/A12B3C4D-2.jpg","type":"image\/jpeg"}],"author":"Web del Maestro CMF","twitter_card":"summary_large_image","twitter_creator":"@cmf_w","twitter_site":"@cmf_w","schema":{"@context":"https:\/\/schema.org","@graph":[{"@type":"ScholarlyArticle","@id":"https:\/\/webdelmaestrocmf.com\/portal\/ser-maestro-es-la-profesion-mas-bonita-del-mundo-quien-lo-probo-lo-sabe\/#article","isPartOf":{"@id":"https:\/\/webdelmaestrocmf.com\/portal\/ser-maestro-es-la-profesion-mas-bonita-del-mundo-quien-lo-probo-lo-sabe\/"},"author":{"name":"Web del Maestro CMF","@id":"https:\/\/webdelmaestrocmf.com\/portal\/#\/schema\/person\/1072a2ed7bd960df8ef99a551fa35dc5"},"headline":"Carmen Guaita: Ser maestro es la profesi\u00f3n m\u00e1s bonita del mundo. Quien lo prob\u00f3, lo sabe","datePublished":"2023-02-08T02:18:53+00:00","dateModified":"2026-04-27T17:25:22+00:00","mainEntityOfPage":{"@id":"https:\/\/webdelmaestrocmf.com\/portal\/ser-maestro-es-la-profesion-mas-bonita-del-mundo-quien-lo-probo-lo-sabe\/"},"wordCount":1877,"commentCount":0,"publisher":{"@id":"https:\/\/webdelmaestrocmf.com\/portal\/#organization"},"image":{"@id":"https:\/\/webdelmaestrocmf.com\/portal\/ser-maestro-es-la-profesion-mas-bonita-del-mundo-quien-lo-probo-lo-sabe\/#primaryimage"},"thumbnailUrl":"https:\/\/webdelmaestrocmf.com\/portal\/wp-content\/uploads\/2023\/02\/A12B3C4D-2.jpg","keywords":["BONITA","Maestro","Mundo","prob\u00f3","PROFESI\u00d3N","Quien","SABE"],"articleSection":["Charlas"],"inLanguage":"es","potentialAction":[{"@type":"CommentAction","name":"Comment","target":["https:\/\/webdelmaestrocmf.com\/portal\/ser-maestro-es-la-profesion-mas-bonita-del-mundo-quien-lo-probo-lo-sabe\/#respond"]}]},{"@type":"WebPage","@id":"https:\/\/webdelmaestrocmf.com\/portal\/ser-maestro-es-la-profesion-mas-bonita-del-mundo-quien-lo-probo-lo-sabe\/","url":"https:\/\/webdelmaestrocmf.com\/portal\/ser-maestro-es-la-profesion-mas-bonita-del-mundo-quien-lo-probo-lo-sabe\/","name":"Carmen Guaita: Ser maestro es la profesi\u00f3n m\u00e1s bonita del mundo. Quien lo prob\u00f3, lo sabe - 2026","isPartOf":{"@id":"https:\/\/webdelmaestrocmf.com\/portal\/#website"},"primaryImageOfPage":{"@id":"https:\/\/webdelmaestrocmf.com\/portal\/ser-maestro-es-la-profesion-mas-bonita-del-mundo-quien-lo-probo-lo-sabe\/#primaryimage"},"image":{"@id":"https:\/\/webdelmaestrocmf.com\/portal\/ser-maestro-es-la-profesion-mas-bonita-del-mundo-quien-lo-probo-lo-sabe\/#primaryimage"},"thumbnailUrl":"https:\/\/webdelmaestrocmf.com\/portal\/wp-content\/uploads\/2023\/02\/A12B3C4D-2.jpg","datePublished":"2023-02-08T02:18:53+00:00","dateModified":"2026-04-27T17:25:22+00:00","description":"La profesora espa\u00f1ola Carmen Guaita (C\u00e1diz 1960) es licenciada en Filosof\u00eda y maestra, colabora en medios profesionales...","breadcrumb":{"@id":"https:\/\/webdelmaestrocmf.com\/portal\/ser-maestro-es-la-profesion-mas-bonita-del-mundo-quien-lo-probo-lo-sabe\/#breadcrumb"},"inLanguage":"es","potentialAction":[{"@type":"ReadAction","target":["https:\/\/webdelmaestrocmf.com\/portal\/ser-maestro-es-la-profesion-mas-bonita-del-mundo-quien-lo-probo-lo-sabe\/"]}]},{"@type":"ImageObject","inLanguage":"es","@id":"https:\/\/webdelmaestrocmf.com\/portal\/ser-maestro-es-la-profesion-mas-bonita-del-mundo-quien-lo-probo-lo-sabe\/#primaryimage","url":"https:\/\/webdelmaestrocmf.com\/portal\/wp-content\/uploads\/2023\/02\/A12B3C4D-2.jpg","contentUrl":"https:\/\/webdelmaestrocmf.com\/portal\/wp-content\/uploads\/2023\/02\/A12B3C4D-2.jpg","width":900,"height":556,"caption":"Carmen Guaita"},{"@type":"BreadcrumbList","@id":"https:\/\/webdelmaestrocmf.com\/portal\/ser-maestro-es-la-profesion-mas-bonita-del-mundo-quien-lo-probo-lo-sabe\/#breadcrumb","itemListElement":[{"@type":"ListItem","position":1,"name":"Portada","item":"https:\/\/webdelmaestrocmf.com\/portal\/"},{"@type":"ListItem","position":2,"name":"Charlas","item":"https:\/\/webdelmaestrocmf.com\/portal\/category\/charlas\/"},{"@type":"ListItem","position":3,"name":"Carmen Guaita: Ser maestro es la profesi\u00f3n m\u00e1s bonita del mundo. Quien lo prob\u00f3, lo sabe"}]},{"@type":"WebSite","@id":"https:\/\/webdelmaestrocmf.com\/portal\/#website","url":"https:\/\/webdelmaestrocmf.com\/portal\/","name":"Web del Maestro CMF","description":"Maestros al servicio de la educaci\u00f3n","publisher":{"@id":"https:\/\/webdelmaestrocmf.com\/portal\/#organization"},"alternateName":"WMCMF","potentialAction":[{"@type":"SearchAction","target":{"@type":"EntryPoint","urlTemplate":"https:\/\/webdelmaestrocmf.com\/portal\/?s={search_term_string}"},"query-input":{"@type":"PropertyValueSpecification","valueRequired":true,"valueName":"search_term_string"}}],"inLanguage":"es"},{"@type":"Organization","@id":"https:\/\/webdelmaestrocmf.com\/portal\/#organization","name":"Web del Maestro CMF","alternateName":"WMCMF","url":"https:\/\/webdelmaestrocmf.com\/portal\/","logo":{"@type":"ImageObject","inLanguage":"es","@id":"https:\/\/webdelmaestrocmf.com\/portal\/#\/schema\/logo\/image\/","url":"https:\/\/webdelmaestrocmf.com\/portal\/wp-content\/uploads\/2023\/01\/logo-wmcmf-2.png","contentUrl":"https:\/\/webdelmaestrocmf.com\/portal\/wp-content\/uploads\/2023\/01\/logo-wmcmf-2.png","width":200,"height":60,"caption":"Web del Maestro CMF"},"image":{"@id":"https:\/\/webdelmaestrocmf.com\/portal\/#\/schema\/logo\/image\/"},"sameAs":["https:\/\/www.facebook.com\/WebdelMaestroCMF\/","https:\/\/x.com\/cmf_w","https:\/\/www.pinterest.com\/WMCMF\/","https:\/\/www.linkedin.com\/company\/web-del-maestro-cmf\/","https:\/\/www.instagram.com\/wmcmf\/","https:\/\/www.youtube.com\/channel\/UCDPSvjbdodE5sHnC3OxutHw","https:\/\/mastodon.social\/@wmcmf","https:\/\/www.tiktok.com\/@webdelmaestrocmf"]},{"@type":"Person","@id":"https:\/\/webdelmaestrocmf.com\/portal\/#\/schema\/person\/1072a2ed7bd960df8ef99a551fa35dc5","name":"Web del Maestro CMF","image":{"@type":"ImageObject","inLanguage":"es","@id":"https:\/\/secure.gravatar.com\/avatar\/23291dd5b5ae1077dcff3dbb04c3e02bd28403fa75af6d8787d5e97c5bbbe30b?s=96&d=mm&r=g","url":"https:\/\/secure.gravatar.com\/avatar\/23291dd5b5ae1077dcff3dbb04c3e02bd28403fa75af6d8787d5e97c5bbbe30b?s=96&d=mm&r=g","contentUrl":"https:\/\/secure.gravatar.com\/avatar\/23291dd5b5ae1077dcff3dbb04c3e02bd28403fa75af6d8787d5e97c5bbbe30b?s=96&d=mm&r=g","caption":"Web del Maestro CMF"},"description":"Esta Web se cre\u00f3 sin fines de lucro, con fines educativos, cient\u00edficos y acad\u00e9micos, para personas que tengan dificultades y\/o inconvenientes en visualizar el material original. El objetivo es entregar recursos, compartir experiencias y materiales que ayuden a los padres de familia, maestros y estudiantes en su actualizaci\u00f3n y formaci\u00f3n permanente, en bien de la Educaci\u00f3n.","sameAs":["http:\/\/webdelmaestrocmf.com\/portal","https:\/\/www.facebook.com\/WebdelMaestroCMF\/","https:\/\/www.instagram.com\/wmcmf\/","https:\/\/cl.linkedin.com\/company\/web-del-maestro-cmf","https:\/\/www.pinterest.com\/WMCMF\/publicaciones\/","https:\/\/x.com\/cmf_w","https:\/\/www.youtube.com\/@WMCMF"]}]}},"jetpack_featured_media_url":"https:\/\/webdelmaestrocmf.com\/portal\/wp-content\/uploads\/2023\/02\/A12B3C4D-2.jpg","jetpack_sharing_enabled":true,"jetpack-related-posts":[{"id":92731,"url":"https:\/\/webdelmaestrocmf.com\/portal\/carmen-guaita-ya-esta-bien-de-titulares-que-desacrediten-a-los-docentes\/","url_meta":{"origin":61499,"position":0},"title":"Carmen Guaita: Ya est\u00e1 bien de titulares que desacrediten a los docentes","author":"Web del Maestro CMF","date":"19 agosto, 2023","format":false,"excerpt":"Carmen Guaita denuncia que el debate educativo ha sido reducido a titulares simplistas que desacreditan al docente, ignorando su criterio profesional y desviando la atenci\u00f3n de los verdaderos responsables del sistema educativo.","rel":"","context":"En \u00abEntrevistas\u00bb","block_context":{"text":"Entrevistas","link":"https:\/\/webdelmaestrocmf.com\/portal\/category\/noticias\/entrevistas\/"},"img":{"alt_text":"","src":"https:\/\/i0.wp.com\/webdelmaestrocmf.com\/portal\/wp-content\/uploads\/2023\/08\/1AA-Banner-1-portada-imagen-10-1-copia-22.webp?resize=350%2C200&ssl=1","width":350,"height":200,"srcset":"https:\/\/i0.wp.com\/webdelmaestrocmf.com\/portal\/wp-content\/uploads\/2023\/08\/1AA-Banner-1-portada-imagen-10-1-copia-22.webp?resize=350%2C200&ssl=1 1x, https:\/\/i0.wp.com\/webdelmaestrocmf.com\/portal\/wp-content\/uploads\/2023\/08\/1AA-Banner-1-portada-imagen-10-1-copia-22.webp?resize=525%2C300&ssl=1 1.5x, https:\/\/i0.wp.com\/webdelmaestrocmf.com\/portal\/wp-content\/uploads\/2023\/08\/1AA-Banner-1-portada-imagen-10-1-copia-22.webp?resize=700%2C400&ssl=1 2x, https:\/\/i0.wp.com\/webdelmaestrocmf.com\/portal\/wp-content\/uploads\/2023\/08\/1AA-Banner-1-portada-imagen-10-1-copia-22.webp?resize=1050%2C600&ssl=1 3x"},"classes":[]},{"id":87823,"url":"https:\/\/webdelmaestrocmf.com\/portal\/los-nietos-son-un-sueno-cumplido-para-los-abuelos\/","url_meta":{"origin":61499,"position":1},"title":"Los nietos son un sue\u00f1o cumplido para los abuelos","author":"Web del Maestro CMF","date":"19 abril, 2023","format":"video","excerpt":"La escritora y profesora\u00a0espa\u00f1ola Carmen Guaita Fern\u00e1ndez\u00a0(C\u00e1diz, 1960), especializada en ensayos sobre \u00e9tica y educaci\u00f3n, es Licenciada en Filosof\u00eda, especialista en Ciencias Sociales y en Pedagog\u00eda Terap\u00e9utica. Ha sido profesora de la ense\u00f1anza p\u00fablica durante veintitr\u00e9s a\u00f1os. En la actualidad es vicepresidenta del sindicato de profesores ANPE, miembro de la\u2026","rel":"","context":"En \u00abAdolescente\u00bb","block_context":{"text":"Adolescente","link":"https:\/\/webdelmaestrocmf.com\/portal\/category\/adolescente\/"},"img":{"alt_text":"","src":"https:\/\/i0.wp.com\/webdelmaestrocmf.com\/portal\/wp-content\/uploads\/2023\/04\/A12B3C4D-26.jpg?resize=350%2C200&ssl=1","width":350,"height":200,"srcset":"https:\/\/i0.wp.com\/webdelmaestrocmf.com\/portal\/wp-content\/uploads\/2023\/04\/A12B3C4D-26.jpg?resize=350%2C200&ssl=1 1x, https:\/\/i0.wp.com\/webdelmaestrocmf.com\/portal\/wp-content\/uploads\/2023\/04\/A12B3C4D-26.jpg?resize=525%2C300&ssl=1 1.5x, https:\/\/i0.wp.com\/webdelmaestrocmf.com\/portal\/wp-content\/uploads\/2023\/04\/A12B3C4D-26.jpg?resize=700%2C400&ssl=1 2x"},"classes":[]},{"id":111026,"url":"https:\/\/webdelmaestrocmf.com\/portal\/carmen-guaita-la-docencia-es-tal-vez-la-profesion-mas-exigente-del-mundo-implica-una-manera-de-ser-de-comportarse-y-de-trabajar-por-los-demas\/","url_meta":{"origin":61499,"position":2},"title":"Carmen Guaita: La docencia es, tal vez, la profesi\u00f3n m\u00e1s exigente del mundo: implica una manera de ser, de comportarse y de trabajar por los dem\u00e1s","author":"Web del Maestro CMF","date":"8 julio, 2025","format":false,"excerpt":"Una reflexi\u00f3n profunda sobre el valor de la ense\u00f1anza y la necesidad urgente de recuperar el tiempo para educar y convivir","rel":"","context":"En \u00abEntrevistas\u00bb","block_context":{"text":"Entrevistas","link":"https:\/\/webdelmaestrocmf.com\/portal\/category\/noticias\/entrevistas\/"},"img":{"alt_text":"","src":"https:\/\/i0.wp.com\/webdelmaestrocmf.com\/portal\/wp-content\/uploads\/2025\/07\/1A-Banner-1-portada-imagen-10-1-copia-58.jpg?resize=350%2C200&ssl=1","width":350,"height":200,"srcset":"https:\/\/i0.wp.com\/webdelmaestrocmf.com\/portal\/wp-content\/uploads\/2025\/07\/1A-Banner-1-portada-imagen-10-1-copia-58.jpg?resize=350%2C200&ssl=1 1x, https:\/\/i0.wp.com\/webdelmaestrocmf.com\/portal\/wp-content\/uploads\/2025\/07\/1A-Banner-1-portada-imagen-10-1-copia-58.jpg?resize=525%2C300&ssl=1 1.5x, https:\/\/i0.wp.com\/webdelmaestrocmf.com\/portal\/wp-content\/uploads\/2025\/07\/1A-Banner-1-portada-imagen-10-1-copia-58.jpg?resize=700%2C400&ssl=1 2x"},"classes":[]},{"id":18536,"url":"https:\/\/webdelmaestrocmf.com\/portal\/cesar-bona-maestro-alguien-te-inspira-la-vida-2\/","url_meta":{"origin":61499,"position":3},"title":"C\u00c9SAR BONA: MAESTRO ES ALGUIEN QUE TE INSPIRA PARA LA VIDA","author":"Web del Maestro CMF","date":"15 marzo, 2018","format":false,"excerpt":"C\u00e9sar Bona\u00a0finalista en el premio internacional al mejor profesor nos recuerda que\u00a0Maestro es alguien que te inspira para la vida. Todo el mundo recuerda un maestro, para bien o para mal. Tenemos que hacer todo lo posible para que la gente recuerde un maestro por todo lo que te ha\u2026","rel":"","context":"En \u00abSin categor\u00eda\u00bb","block_context":{"text":"Sin categor\u00eda","link":"https:\/\/webdelmaestrocmf.com\/portal\/category\/sin-categoria-es\/"},"img":{"alt_text":"","src":"https:\/\/i0.wp.com\/webdelmaestrocmf.com\/portal\/wp-content\/uploads\/2017\/05\/C%C3%A9sar-Bona.jpg?resize=350%2C200&ssl=1","width":350,"height":200,"srcset":"https:\/\/i0.wp.com\/webdelmaestrocmf.com\/portal\/wp-content\/uploads\/2017\/05\/C%C3%A9sar-Bona.jpg?resize=350%2C200&ssl=1 1x, https:\/\/i0.wp.com\/webdelmaestrocmf.com\/portal\/wp-content\/uploads\/2017\/05\/C%C3%A9sar-Bona.jpg?resize=525%2C300&ssl=1 1.5x, https:\/\/i0.wp.com\/webdelmaestrocmf.com\/portal\/wp-content\/uploads\/2017\/05\/C%C3%A9sar-Bona.jpg?resize=700%2C400&ssl=1 2x, https:\/\/i0.wp.com\/webdelmaestrocmf.com\/portal\/wp-content\/uploads\/2017\/05\/C%C3%A9sar-Bona.jpg?resize=1050%2C600&ssl=1 3x"},"classes":[]},{"id":30681,"url":"https:\/\/webdelmaestrocmf.com\/portal\/a-los-profesores-siempre-les-digo-que-tenemos-la-profesion-mas-bonita-del-mundo\/","url_meta":{"origin":61499,"position":4},"title":"David Calle: A los profesores siempre les digo que tenemos la profesi\u00f3n m\u00e1s bonita del mundo","author":"Web del Maestro CMF","date":"21 agosto, 2018","format":false,"excerpt":"David Calle\u00a0Parrilla (Coslada,\u00a0Comunidad de Madrid, 1972) es un ingeniero de telecomunicaciones y profesor de academia presencial y online desde Secundaria a Universidad, nominado entre los diez finalistas al\u00a0Global Teacher Prize\u00a0en 2017. Est\u00e1 considerado una de las cien personas m\u00e1s creativas a nivel mundial por la revista\u00a0Forbes. Es licenciado por la\u00a0Universidad\u2026","rel":"","context":"En \u00abEntrevistas\u00bb","block_context":{"text":"Entrevistas","link":"https:\/\/webdelmaestrocmf.com\/portal\/category\/noticias\/entrevistas\/"},"img":{"alt_text":"","src":"https:\/\/i0.wp.com\/webdelmaestrocmf.com\/portal\/wp-content\/uploads\/2018\/08\/2-12.jpg?resize=350%2C200&ssl=1","width":350,"height":200,"srcset":"https:\/\/i0.wp.com\/webdelmaestrocmf.com\/portal\/wp-content\/uploads\/2018\/08\/2-12.jpg?resize=350%2C200&ssl=1 1x, https:\/\/i0.wp.com\/webdelmaestrocmf.com\/portal\/wp-content\/uploads\/2018\/08\/2-12.jpg?resize=525%2C300&ssl=1 1.5x, https:\/\/i0.wp.com\/webdelmaestrocmf.com\/portal\/wp-content\/uploads\/2018\/08\/2-12.jpg?resize=700%2C400&ssl=1 2x, https:\/\/i0.wp.com\/webdelmaestrocmf.com\/portal\/wp-content\/uploads\/2018\/08\/2-12.jpg?resize=1050%2C600&ssl=1 3x"},"classes":[]},{"id":105351,"url":"https:\/\/webdelmaestrocmf.com\/portal\/como-madre-nos-das-la-vida-como-maestra-nos-ensenas-a-vivirla-plenamente\/","url_meta":{"origin":61499,"position":5},"title":"Como madre nos das la vida, como maestra nos ense\u00f1as a vivirla plenamente","author":"Web del Maestro CMF","date":"7 mayo, 2024","format":false,"excerpt":"Las maestras desempe\u00f1an roles -y no decimos rol- de gu\u00eda, cuidado, cercan\u00eda, orientaci\u00f3n y apoyo emocional de sus estudiantes, que expresan su capacidad natural de adaptarse a las necesidades individuales de los estudiantes, la comprensi\u00f3n de sus emociones y estado de \u00e1nimo para poder brindar un apoyo efectivo y crear\u2026","rel":"","context":"En \u00abYo opino - WMCMF\u00bb","block_context":{"text":"Yo opino - WMCMF","link":"https:\/\/webdelmaestrocmf.com\/portal\/category\/jamb\/"},"img":{"alt_text":"DIA DE LA MADRE","src":"https:\/\/i0.wp.com\/webdelmaestrocmf.com\/portal\/wp-content\/uploads\/2024\/05\/Banner-1-portada-imagen-10-1-83.jpg?resize=350%2C200&ssl=1","width":350,"height":200,"srcset":"https:\/\/i0.wp.com\/webdelmaestrocmf.com\/portal\/wp-content\/uploads\/2024\/05\/Banner-1-portada-imagen-10-1-83.jpg?resize=350%2C200&ssl=1 1x, https:\/\/i0.wp.com\/webdelmaestrocmf.com\/portal\/wp-content\/uploads\/2024\/05\/Banner-1-portada-imagen-10-1-83.jpg?resize=525%2C300&ssl=1 1.5x, https:\/\/i0.wp.com\/webdelmaestrocmf.com\/portal\/wp-content\/uploads\/2024\/05\/Banner-1-portada-imagen-10-1-83.jpg?resize=700%2C400&ssl=1 2x"},"classes":[]}],"_links":{"self":[{"href":"https:\/\/webdelmaestrocmf.com\/portal\/wp-json\/wp\/v2\/posts\/61499","targetHints":{"allow":["GET"]}}],"collection":[{"href":"https:\/\/webdelmaestrocmf.com\/portal\/wp-json\/wp\/v2\/posts"}],"about":[{"href":"https:\/\/webdelmaestrocmf.com\/portal\/wp-json\/wp\/v2\/types\/post"}],"author":[{"embeddable":true,"href":"https:\/\/webdelmaestrocmf.com\/portal\/wp-json\/wp\/v2\/users\/1"}],"replies":[{"embeddable":true,"href":"https:\/\/webdelmaestrocmf.com\/portal\/wp-json\/wp\/v2\/comments?post=61499"}],"version-history":[{"count":1,"href":"https:\/\/webdelmaestrocmf.com\/portal\/wp-json\/wp\/v2\/posts\/61499\/revisions"}],"predecessor-version":[{"id":118304,"href":"https:\/\/webdelmaestrocmf.com\/portal\/wp-json\/wp\/v2\/posts\/61499\/revisions\/118304"}],"wp:featuredmedia":[{"embeddable":true,"href":"https:\/\/webdelmaestrocmf.com\/portal\/wp-json\/wp\/v2\/media\/101516"}],"wp:attachment":[{"href":"https:\/\/webdelmaestrocmf.com\/portal\/wp-json\/wp\/v2\/media?parent=61499"}],"wp:term":[{"taxonomy":"category","embeddable":true,"href":"https:\/\/webdelmaestrocmf.com\/portal\/wp-json\/wp\/v2\/categories?post=61499"},{"taxonomy":"post_tag","embeddable":true,"href":"https:\/\/webdelmaestrocmf.com\/portal\/wp-json\/wp\/v2\/tags?post=61499"}],"curies":[{"name":"wp","href":"https:\/\/api.w.org\/{rel}","templated":true}]}}