{"id":61479,"date":"2024-05-24T17:00:09","date_gmt":"2024-05-24T21:00:09","guid":{"rendered":"https:\/\/webdelmaestrocmf.com\/portal\/?p=61479"},"modified":"2026-04-21T11:00:47","modified_gmt":"2026-04-21T15:00:47","slug":"decalogo-del-maestro-de-gabriela-mistral","status":"publish","type":"post","link":"https:\/\/webdelmaestrocmf.com\/portal\/decalogo-del-maestro-de-gabriela-mistral\/","title":{"rendered":"\u00abDec\u00e1logo del maestro\u00bb de Gabriela Mistral"},"content":{"rendered":"\n<p>Lucila Godoy (1889-1957), m\u00e1s conocida como Gabriela Mistral, comparti\u00f3 la vocaci\u00f3n literaria que le llevar\u00eda a ganar el Nobel en 1945 con la docente. Su hermana Emelina fue su primera profesroa y le ense\u00f1\u00f3 a leer. A\u00f1os m\u00e1s tarde le rendir\u00e1 un homenaje en su poema \u00abLa maestra rural\u00bb: \u00abLa Maestra era pobre. Su reino no es humano. \/ (As\u00ed en el doloroso sembrador de Israel). \/ Vest\u00eda sayas pardas, no enjoyaba su mano \/ \u00a1y era todo su esp\u00edritu un inmenso joyel!\u00bb.<\/p>\n\n\n\n<!--more-->\n\n\n\n<p>Sus primeras incursiones en la literatura fueron de la mano de sus comienzos como maestra rural en su pa\u00eds, Chile, hasta que abandona Temuco para dirigir una escuela de ni\u00f1as de la capital. Fue la primera directora del Liceo de Ni\u00f1as N\u00ba6 de Santiago.<\/p>\n\n\n\n<p>Sus andaduras en el campo de la educaci\u00f3n comenzaron de manera muy temprana gracias a la influencia de su hermana. Con 15 a\u00f1os de edad, Gabriela Mistral ya hab\u00eda sido nombrada ayudante en la Escuela de la Compa\u00f1\u00eda Baja, y a partir de ese momento dedic\u00f3 toda su vida a la educaci\u00f3n promoviendo un <strong>pensamiento pedag\u00f3gico y una forma de actuar centrado en el desarrollo y la protecci\u00f3n de todos los ni\u00f1os.<\/strong><\/p>\n\n\n\n<p>Gabriela Mistral quiso combinar su amor por la docencia y la ense\u00f1anza y la escritura y realiz\u00f3 un<strong>&nbsp;dec\u00e1logo del maestro<\/strong>&nbsp;para recordar a todos los docentes y amantes de la educaci\u00f3n la pasi\u00f3n por la ense\u00f1anza que debe ser piedra angular en la vida de todo catedr\u00e1tico:<\/p>\n\n\n\n<ol class=\"wp-block-list\">\n<li><strong>AMA<\/strong>. Si no puedes amar mucho, no ense\u00f1es a ni\u00f1os<\/li>\n\n\n\n<li><strong>SIMPLIFICA<\/strong>. Saber es simplificar sin quitar esencia<\/li>\n\n\n\n<li><strong>INSISTE<\/strong>. Repite como la naturaleza repite las especies hasta alcanzar la perfecci\u00f3n<\/li>\n\n\n\n<li><strong>ENSE\u00d1A<\/strong>. Con intenci\u00f3n de hermosura, porque la hermosura es madre<\/li>\n\n\n\n<li><strong>MAESTRO se fervoroso<\/strong>. Para encender l\u00e1mparas basta llevar fuego en el coraz\u00f3n<\/li>\n\n\n\n<li><strong>VIVIFICA<\/strong>\u00a0tu clase. Cada lecci\u00f3n ha de ser viva como un ser<\/li>\n\n\n\n<li><strong>ACU\u00c9RDATE<\/strong>\u00a0de que tu oficio no es mercanc\u00eda sino oficio divino<\/li>\n\n\n\n<li><strong>ACU\u00c9RDATE<\/strong>. Para dar hay que tener mucho<\/li>\n\n\n\n<li><strong>ANTES<\/strong> de dictar tu lecci\u00f3n cotidiana <strong>mira a tu coraz\u00f3n<\/strong>\u00a0y mira si es puro<\/li>\n\n\n\n<li><strong>PIENSA<\/strong>\u00a0en que Dios te ha puesto a crear el mundo de ma\u00f1ana<\/li>\n<\/ol>\n\n\n\n<p>El \u00abDec\u00e1logo del maestro\u00bb de Gabriela Mistral es una serie de principios que reflejan su visi\u00f3n sobre la educaci\u00f3n y el rol del maestro. A continuaci\u00f3n, se desarrollan m\u00e1s profundamente los puntos mencionados:<\/p>\n\n\n\n<h2 class=\"wp-block-heading\">AMA. Si no puedes amar mucho, no ense\u00f1es a ni\u00f1os<\/h2>\n\n\n\n<p>El amor es fundamental en la ense\u00f1anza, especialmente con los ni\u00f1os. Este principio sugiere que un maestro debe tener una profunda capacidad de amor y empat\u00eda para poder conectar y entender a sus alumnos. El amor permite crear un ambiente seguro y estimulante donde los ni\u00f1os se sientan valorados y motivados para aprender. Sin amor, la ense\u00f1anza se convierte en una tarea fr\u00eda y mec\u00e1nica, incapaz de inspirar y nutrir el crecimiento integral del alumno.<\/p>\n\n\n\n<h2 class=\"wp-block-heading\">SIMPLIFICA. Saber es simplificar sin quitar esencia<\/h2>\n\n\n\n<p>La capacidad de simplificar conceptos complejos sin perder su esencia es una habilidad crucial para un maestro. Esto implica descomponer ideas complicadas en elementos m\u00e1s manejables y accesibles, de manera que los estudiantes puedan comprenderlas y aplicarlas. Simplificar no significa reducir la calidad o profundidad del conocimiento, sino presentarlo de manera clara y directa, facilitando el aprendizaje y la retenci\u00f3n.<\/p>\n\n\n\n<h2 class=\"wp-block-heading\">INSISTE. Repite como la naturaleza repite las especies hasta alcanzar la perfecci\u00f3n<\/h2>\n\n\n\n<p>La repetici\u00f3n es una estrategia clave en el aprendizaje. Tal como la naturaleza persiste en su proceso hasta lograr la perfecci\u00f3n, los maestros deben insistir en los conceptos fundamentales hasta que los estudiantes los dominen completamente. La repetici\u00f3n refuerza el conocimiento y ayuda a establecer conexiones m\u00e1s profundas en la mente de los alumnos, asegurando un aprendizaje duradero.<\/p>\n\n\n\n<h2 class=\"wp-block-heading\">ENSE\u00d1A. Con intenci\u00f3n de hermosura, porque la hermosura es madre<\/h2>\n\n\n\n<p>La ense\u00f1anza debe ir m\u00e1s all\u00e1 de la transmisi\u00f3n de conocimientos; debe aspirar a la belleza en su forma y contenido. La belleza en la ense\u00f1anza inspira y eleva el esp\u00edritu, despertando el inter\u00e9s y la curiosidad de los estudiantes. La intenci\u00f3n de hermosura en la ense\u00f1anza fomenta un ambiente educativo donde el aprendizaje se convierte en una experiencia enriquecedora y placentera.<\/p>\n\n\n\n<h2 class=\"wp-block-heading\">MAESTRO se fervoroso. Para encender l\u00e1mparas basta llevar fuego en el coraz\u00f3n<\/h2>\n\n\n\n<p>La pasi\u00f3n y el fervor del maestro son contagiosos y pueden encender el entusiasmo y la curiosidad en los estudiantes. Un maestro fervoroso es aquel que ense\u00f1a con energ\u00eda, dedicaci\u00f3n y amor por su materia. Este entusiasmo no solo motiva a los alumnos, sino que tambi\u00e9n crea un ambiente din\u00e1mico y estimulante donde el aprendizaje florece.<\/p>\n\n\n\n<h2 class=\"wp-block-heading\">VIVIFICA tu clase. Cada lecci\u00f3n ha de ser viva como un ser<\/h2>\n\n\n\n<p>Las clases deben ser din\u00e1micas y llenas de vida, no mon\u00f3tonas o aburridas. Vivificar una lecci\u00f3n implica usar m\u00e9todos interactivos, ejemplos relevantes y actividades que involucren a los estudiantes activamente. Una clase viva capta la atenci\u00f3n y el inter\u00e9s de los alumnos, facilitando una comprensi\u00f3n m\u00e1s profunda y una experiencia de aprendizaje memorable.<\/p>\n\n\n\n<h2 class=\"wp-block-heading\">ACU\u00c9RDATE de que tu oficio no es mercanc\u00eda sino oficio divino<\/h2>\n\n\n\n<p>La ense\u00f1anza no debe ser vista como una mera transacci\u00f3n comercial, sino como una vocaci\u00f3n sagrada. Este principio subraya la importancia de ver la educaci\u00f3n como una misi\u00f3n noble y trascendental, en la que el maestro tiene la responsabilidad de moldear mentes y corazones. Reconocer la ense\u00f1anza como un oficio divino eleva el prop\u00f3sito y el compromiso del maestro con su labor.<\/p>\n\n\n\n<h2 class=\"wp-block-heading\">ACU\u00c9RDATE. Para dar hay que tener mucho<\/h2>\n\n\n\n<p>Un maestro debe estar bien preparado y tener un amplio conocimiento y recursos internos para poder dar lo mejor a sus alumnos. Esto implica una formaci\u00f3n continua, reflexi\u00f3n personal y un profundo entendimiento de los temas que se ense\u00f1an. Solo as\u00ed, el maestro puede proporcionar un aprendizaje rico y significativo a sus estudiantes.<\/p>\n\n\n\n<h2 class=\"wp-block-heading\">ANTES de dictar tu lecci\u00f3n cotidiana mira a tu coraz\u00f3n y mira si es puro<\/h2>\n\n\n\n<p>Este punto enfatiza la importancia de la integridad y la autenticidad del maestro. Antes de ense\u00f1ar, es esencial que el maestro reflexione sobre sus propias intenciones y valores, asegur\u00e1ndose de que su coraz\u00f3n est\u00e9 puro y sus motivaciones sean sinceras. Un coraz\u00f3n puro y una intenci\u00f3n genuina crean un ambiente de confianza y respeto, fundamental para una educaci\u00f3n efectiva.<\/p>\n\n\n\n<h2 class=\"wp-block-heading\">PIENSA en que Dios te ha puesto a crear el mundo de ma\u00f1ana<\/h2>\n\n\n\n<p>Los maestros tienen la responsabilidad de preparar a las futuras generaciones para construir un mundo mejor. Este principio invita a los maestros a ser conscientes del impacto duradero de su trabajo y a abordar la ense\u00f1anza con una visi\u00f3n a largo plazo. Educar es formar a los futuros ciudadanos, y cada lecci\u00f3n contribuye a la creaci\u00f3n de un futuro m\u00e1s justo, sabio y compasivo.<\/p>\n\n\n\n<p>Estos principios reflejan la visi\u00f3n profunda y humanista de Gabriela Mistral sobre la educaci\u00f3n, resaltando la importancia del amor, la simplicidad, la repetici\u00f3n, la belleza, la pasi\u00f3n, la vitalidad, la vocaci\u00f3n, la preparaci\u00f3n, la integridad y la visi\u00f3n de futuro en la labor del maestro.<\/p>\n\n\n\n<figure class=\"wp-block-image is-resized\"><img loading=\"lazy\" decoding=\"async\" width=\"510\" height=\"727\" src=\"https:\/\/webdelmaestrocmf.com\/portal\/wp-content\/uploads\/2021\/04\/1-3.png\" alt=\"\" class=\"wp-image-61480\" style=\"aspect-ratio:0.7015149164986298;width:636px;height:auto\" srcset=\"https:\/\/webdelmaestrocmf.com\/portal\/wp-content\/uploads\/2021\/04\/1-3.png 510w, https:\/\/webdelmaestrocmf.com\/portal\/wp-content\/uploads\/2021\/04\/1-3-210x300.png 210w, https:\/\/webdelmaestrocmf.com\/portal\/wp-content\/uploads\/2021\/04\/1-3-110x157.png 110w, https:\/\/webdelmaestrocmf.com\/portal\/wp-content\/uploads\/2021\/04\/1-3-200x285.png 200w, https:\/\/webdelmaestrocmf.com\/portal\/wp-content\/uploads\/2021\/04\/1-3-380x542.png 380w, https:\/\/webdelmaestrocmf.com\/portal\/wp-content\/uploads\/2021\/04\/1-3-255x364.png 255w, https:\/\/webdelmaestrocmf.com\/portal\/wp-content\/uploads\/2021\/04\/1-3-300x428.png 300w, https:\/\/webdelmaestrocmf.com\/portal\/wp-content\/uploads\/2021\/04\/1-3-220x314.png 220w, https:\/\/webdelmaestrocmf.com\/portal\/wp-content\/uploads\/2021\/04\/1-3-400x570.png 400w, https:\/\/webdelmaestrocmf.com\/portal\/wp-content\/uploads\/2021\/04\/1-3-421x600.png 421w\" sizes=\"auto, (max-width: 510px) 100vw, 510px\" \/><\/figure>\n\n\n\n<p class=\"has-text-align-center\">Recomendamos a la Comunidad Educativa Digital tener en cuenta que, el enlace y\/o la carpeta en donde est\u00e1n alojados los libros, recursos y\/o materiales, no es administrado por la Web del Maestro CMF, pueda ser que en cuesti\u00f3n de d\u00edas (o seg\u00fan el tiempo transcurrido desde su publicaci\u00f3n), los enlaces no funcionen y el material ya no se encuentre disponible. Gracias por su comprensi\u00f3n.<\/p>\n\n\n\n<p class=\"has-text-align-center\">ENLACE DE LECTURA:&nbsp;<a href=\"http:\/\/ftp.e-mineduc.cl\/cursoscpeip\/PuntosVista\/DECaLOGO_DEL_MAESTRO.pdf\" target=\"_blank\" rel=\"noopener\">\u00abDEC\u00c1LOGO DEL MAESTRO\u00bb DE GABRIELA MISTRAL<\/a><\/p>\n\n\n\t\t<div class=\"pk-inline-posts\">\n\t\t\t\t\t\t\t<h5 class=\"pk-inline-posts-title pk-title pk-font-block\">\n\t\t\t\t\t\u00daltimas entradas\t\t\t\t<\/h5>\n\t\t\t\n\t\t\t<div class=\"pk-inline-posts-container pk-inline-posts-template-list\"\n\t\t\t\tdata-columns=\"1\">\n\t\t\t\t\t\t<article id=\"post-28153\" class=\"post-28153 post type-post status-publish format-standard has-post-thumbnail category-consejos category-docentes category-pedagogia tag-adaptacion-a-diversidad tag-adaptacion-curricular tag-aprendizaje-activo tag-clases tag-diseno-curricular tag-diseno-de-actividades tag-diseno-de-lecciones tag-diseno-de-unidades-didacticas tag-eficiente tag-enfoque-centrado-en-el-estudiante tag-estrategias-de-ensenanza tag-estrategias-de-ensenanza-efectiva tag-estrategias-de-instruccion tag-estrategias-de-participacion tag-evaluacion-autentica tag-evaluacion-del-aprendizaje tag-evaluacion-formativa tag-evaluacion-sumativa tag-instruccion-diferenciada tag-manera tag-medicion-del-progreso tag-metodologia-educativa tag-motivacion-del-estudiante tag-objetivos-de-aprendizaje tag-planificacion-a-corto-plazo tag-planificacion-a-largo-plazo tag-planificacion-de-clases tag-planificar tag-recursos-didacticos tag-retroalimentacion-formativa tag-secuencia-didactica tag-taxonomia-de-bloom tag-tecnicas-de-organizacion tag-uso-de-tecnologia-educativa cs-entry cs-video-wrap\">\n\t\t\t<div class=\"pk-post-outer\">\n\n\t\t\t\t\t\t\t\t<div class=\"pk-post-inner\">\n\t\t\t\t\t<div class=\"entry-thumbnail\">\n\t\t\t\t\t\t<div class=\"pk-overlay pk-overlay-ratio pk-ratio-landscape\">\n\t\t\t\t\t\t\t<div class=\"pk-overlay-background\">\n\t\t\t\t\t\t\t\t<a href=\"https:\/\/webdelmaestrocmf.com\/portal\/como-planificar-las-clases-de-manera-eficiente\/\" class=\"pk-overlay-link\">\n\t\t\t\t\t\t\t\t\t<img loading=\"lazy\" decoding=\"async\" width=\"300\" height=\"225\" src=\"https:\/\/webdelmaestrocmf.com\/portal\/wp-content\/uploads\/2026\/02\/1AA-Banner-1-portada-imagen-10-1-copia-16-300x225.webp\" class=\"attachment-pk-thumbnail size-pk-thumbnail wp-post-image\" alt=\"\" \/>\t\t\t\t\t\t\t\t<\/a>\n\t\t\t\t\t\t\t<\/div>\n\t\t\t\t\t\t<\/div>\n\t\t\t\t\t<\/div>\n\t\t\t\t<\/div>\n\t\t\t\t\n\t\t\t\t<div class=\"pk-post-inner\">\n\t\t\t\t\t<header>\n\t\t\t\t\t\t<h3 class=\"pk-title\"><a href=\"https:\/\/webdelmaestrocmf.com\/portal\/como-planificar-las-clases-de-manera-eficiente\/\" rel=\"bookmark\">C\u00f3mo planificar las clases de manera eficiente: descarga las mejores plantillas de planificaci\u00f3n de clases<\/a><\/h3>\t\t\t\t\t<\/header><!-- .entry-header -->\n\t\t\t\t<\/div><!-- .post-inner -->\n\n\t\t\t<\/div><!-- .post-outer -->\n\t\t<\/article>\n\t\t\t<article id=\"post-117746\" class=\"post-117746 post type-post status-publish format-standard has-post-thumbnail category-docentes category-pedagogia tag-bienestar-docente tag-clima-escolar tag-docentes tag-educacion-3 tag-gestion-educativa-3 tag-salud-mental-docente tag-sistema-educativo tag-sobrecarga-laboral tag-trabajo-docente tag-vocacion-docente-2 cs-entry cs-video-wrap\">\n\t\t\t<div class=\"pk-post-outer\">\n\n\t\t\t\t\t\t\t\t<div class=\"pk-post-inner\">\n\t\t\t\t\t<div class=\"entry-thumbnail\">\n\t\t\t\t\t\t<div class=\"pk-overlay pk-overlay-ratio pk-ratio-landscape\">\n\t\t\t\t\t\t\t<div class=\"pk-overlay-background\">\n\t\t\t\t\t\t\t\t<a href=\"https:\/\/webdelmaestrocmf.com\/portal\/la-mochila-invisible-del-docente-una-carga-que-el-sistema-aun-no-logra-ver\/\" class=\"pk-overlay-link\">\n\t\t\t\t\t\t\t\t\t<img loading=\"lazy\" decoding=\"async\" width=\"300\" height=\"225\" src=\"https:\/\/webdelmaestrocmf.com\/portal\/wp-content\/uploads\/2026\/04\/1AA-Banner-1-portada-imagen-10-1-copia-14-1-300x225.webp\" class=\"attachment-pk-thumbnail size-pk-thumbnail wp-post-image\" alt=\"\" \/>\t\t\t\t\t\t\t\t<\/a>\n\t\t\t\t\t\t\t<\/div>\n\t\t\t\t\t\t<\/div>\n\t\t\t\t\t<\/div>\n\t\t\t\t<\/div>\n\t\t\t\t\n\t\t\t\t<div class=\"pk-post-inner\">\n\t\t\t\t\t<header>\n\t\t\t\t\t\t<h3 class=\"pk-title\"><a href=\"https:\/\/webdelmaestrocmf.com\/portal\/la-mochila-invisible-del-docente-una-carga-que-el-sistema-aun-no-logra-ver\/\" rel=\"bookmark\">La mochila invisible del docente: una carga que el sistema a\u00fan no logra ver<\/a><\/h3>\t\t\t\t\t<\/header><!-- .entry-header -->\n\t\t\t\t<\/div><!-- .post-inner -->\n\n\t\t\t<\/div><!-- .post-outer -->\n\t\t<\/article>\n\t\t\t<article id=\"post-117526\" class=\"post-117526 post type-post status-publish format-standard has-post-thumbnail category-docentes category-pedagogia tag-aula tag-convivencia-escolar tag-docentes tag-educacion-2 tag-educacion-socioemocional tag-espacio-personal tag-limites tag-pedagogia-2 tag-vinculo-educativo cs-entry cs-video-wrap\">\n\t\t\t<div class=\"pk-post-outer\">\n\n\t\t\t\t\t\t\t\t<div class=\"pk-post-inner\">\n\t\t\t\t\t<div class=\"entry-thumbnail\">\n\t\t\t\t\t\t<div class=\"pk-overlay pk-overlay-ratio pk-ratio-landscape\">\n\t\t\t\t\t\t\t<div class=\"pk-overlay-background\">\n\t\t\t\t\t\t\t\t<a href=\"https:\/\/webdelmaestrocmf.com\/portal\/el-dilema-del-contacto-fisico-en-la-escuela-entre-el-vinculo-humano-y-la-responsabilidad-profesional-que-debe-hacer-el-docente\/\" class=\"pk-overlay-link\">\n\t\t\t\t\t\t\t\t\t<img loading=\"lazy\" decoding=\"async\" width=\"300\" height=\"225\" src=\"https:\/\/webdelmaestrocmf.com\/portal\/wp-content\/uploads\/2026\/04\/1AA-Banner-1-portada-imagen-10-1-copia-6-1-300x225.webp\" class=\"attachment-pk-thumbnail size-pk-thumbnail wp-post-image\" alt=\"\" \/>\t\t\t\t\t\t\t\t<\/a>\n\t\t\t\t\t\t\t<\/div>\n\t\t\t\t\t\t<\/div>\n\t\t\t\t\t<\/div>\n\t\t\t\t<\/div>\n\t\t\t\t\n\t\t\t\t<div class=\"pk-post-inner\">\n\t\t\t\t\t<header>\n\t\t\t\t\t\t<h3 class=\"pk-title\"><a href=\"https:\/\/webdelmaestrocmf.com\/portal\/el-dilema-del-contacto-fisico-en-la-escuela-entre-el-vinculo-humano-y-la-responsabilidad-profesional-que-debe-hacer-el-docente\/\" rel=\"bookmark\">El dilema del contacto f\u00edsico en la escuela: entre el v\u00ednculo humano y la responsabilidad profesional \u00bfQu\u00e9 debe hacer el docente?<\/a><\/h3>\t\t\t\t\t<\/header><!-- .entry-header -->\n\t\t\t\t<\/div><!-- .post-inner -->\n\n\t\t\t<\/div><!-- .post-outer -->\n\t\t<\/article>\n\t\t\t\t<\/div>\n\t\t<\/div>\n\t\t\n","protected":false},"excerpt":{"rendered":"Gabriela Mistral combin\u00f3 docencia y literatura, promoviendo una educaci\u00f3n basada en amor, simplicidad, repetici\u00f3n, pasi\u00f3n y vocaci\u00f3n. Su dec\u00e1logo orienta al maestro como formador integral comprometido con el futuro.","protected":false},"author":1,"featured_media":105731,"comment_status":"open","ping_status":"closed","sticky":false,"template":"","format":"standard","meta":{"csco_display_header_overlay":false,"csco_singular_sidebar":"default","csco_page_header_type":"default","csco_page_load_nextpost":"default","csco_post_video_location":[],"csco_post_video_location_hash":"","csco_post_video_url":"","csco_post_video_bg_start_time":0,"csco_post_video_bg_end_time":0,"csco_post_video_bg_volume":false,"_jetpack_memberships_contains_paid_content":false,"footnotes":""},"categories":[570,735],"tags":[4266,1046,216],"class_list":{"0":"post-61479","1":"post","2":"type-post","3":"status-publish","4":"format-standard","5":"has-post-thumbnail","7":"category-docentes","8":"category-pedagogia","9":"tag-decalogo","10":"tag-gabriela-mistral","11":"tag-maestro","12":"cs-entry","13":"cs-video-wrap"},"yoast_head":"<!-- This site is optimized with the Yoast SEO plugin v27.5 - https:\/\/yoast.com\/product\/yoast-seo-wordpress\/ -->\n<title>&quot;Dec\u00e1logo del maestro&quot; de Gabriela Mistral - 2026<\/title>\n<meta name=\"description\" content=\"Descubre el legado de Gabriela Mistral como maestra y escritora. Conoce su vida y los valores reflejados en su obra literaria.\" \/>\n<meta name=\"robots\" content=\"index, follow, max-snippet:-1, max-image-preview:large, max-video-preview:-1\" \/>\n<link rel=\"canonical\" href=\"https:\/\/webdelmaestrocmf.com\/portal\/decalogo-del-maestro-de-gabriela-mistral\/\" \/>\n<meta property=\"og:locale\" content=\"es_ES\" \/>\n<meta property=\"og:type\" content=\"article\" \/>\n<meta property=\"og:title\" content=\"&quot;Dec\u00e1logo del maestro&quot; de Gabriela Mistral - 2026\" \/>\n<meta property=\"og:description\" content=\"Descubre el legado de Gabriela Mistral como maestra y escritora. Conoce su vida y los valores reflejados en su obra literaria.\" \/>\n<meta property=\"og:url\" content=\"https:\/\/webdelmaestrocmf.com\/portal\/decalogo-del-maestro-de-gabriela-mistral\/\" \/>\n<meta property=\"og:site_name\" content=\"Web del Maestro CMF\" \/>\n<meta property=\"article:publisher\" content=\"https:\/\/www.facebook.com\/WebdelMaestroCMF\/\" \/>\n<meta property=\"article:author\" content=\"https:\/\/www.facebook.com\/WebdelMaestroCMF\/\" \/>\n<meta property=\"article:published_time\" content=\"2024-05-24T21:00:09+00:00\" \/>\n<meta property=\"article:modified_time\" content=\"2026-04-21T15:00:47+00:00\" \/>\n<meta property=\"og:image\" content=\"https:\/\/webdelmaestrocmf.com\/portal\/wp-content\/uploads\/2021\/04\/Banner-1-portada-imagen-10-1-2024-05-24T170829.159.jpg\" \/>\n\t<meta property=\"og:image:width\" content=\"1024\" \/>\n\t<meta property=\"og:image:height\" content=\"1024\" \/>\n\t<meta property=\"og:image:type\" content=\"image\/jpeg\" \/>\n<meta name=\"author\" content=\"Web del Maestro CMF\" \/>\n<meta name=\"twitter:card\" content=\"summary_large_image\" \/>\n<meta name=\"twitter:creator\" content=\"@cmf_w\" \/>\n<meta name=\"twitter:site\" content=\"@cmf_w\" \/>\n<script type=\"application\/ld+json\" class=\"yoast-schema-graph\">{\"@context\":\"https:\\\/\\\/schema.org\",\"@graph\":[{\"@type\":\"ScholarlyArticle\",\"@id\":\"https:\\\/\\\/webdelmaestrocmf.com\\\/portal\\\/decalogo-del-maestro-de-gabriela-mistral\\\/#article\",\"isPartOf\":{\"@id\":\"https:\\\/\\\/webdelmaestrocmf.com\\\/portal\\\/decalogo-del-maestro-de-gabriela-mistral\\\/\"},\"author\":{\"name\":\"Web del Maestro CMF\",\"@id\":\"https:\\\/\\\/webdelmaestrocmf.com\\\/portal\\\/#\\\/schema\\\/person\\\/1072a2ed7bd960df8ef99a551fa35dc5\"},\"headline\":\"\u00abDec\u00e1logo del maestro\u00bb de Gabriela Mistral\",\"datePublished\":\"2024-05-24T21:00:09+00:00\",\"dateModified\":\"2026-04-21T15:00:47+00:00\",\"mainEntityOfPage\":{\"@id\":\"https:\\\/\\\/webdelmaestrocmf.com\\\/portal\\\/decalogo-del-maestro-de-gabriela-mistral\\\/\"},\"wordCount\":1370,\"commentCount\":0,\"publisher\":{\"@id\":\"https:\\\/\\\/webdelmaestrocmf.com\\\/portal\\\/#organization\"},\"image\":{\"@id\":\"https:\\\/\\\/webdelmaestrocmf.com\\\/portal\\\/decalogo-del-maestro-de-gabriela-mistral\\\/#primaryimage\"},\"thumbnailUrl\":\"https:\\\/\\\/webdelmaestrocmf.com\\\/portal\\\/wp-content\\\/uploads\\\/2021\\\/04\\\/Banner-1-portada-imagen-10-1-2024-05-24T170829.159.jpg\",\"keywords\":[\"DEC\u00c1LOGO\",\"Gabriela Mistral\",\"Maestro\"],\"articleSection\":[\"Docentes\",\"Recursos\"],\"inLanguage\":\"es\",\"potentialAction\":[{\"@type\":\"CommentAction\",\"name\":\"Comment\",\"target\":[\"https:\\\/\\\/webdelmaestrocmf.com\\\/portal\\\/decalogo-del-maestro-de-gabriela-mistral\\\/#respond\"]}]},{\"@type\":\"WebPage\",\"@id\":\"https:\\\/\\\/webdelmaestrocmf.com\\\/portal\\\/decalogo-del-maestro-de-gabriela-mistral\\\/\",\"url\":\"https:\\\/\\\/webdelmaestrocmf.com\\\/portal\\\/decalogo-del-maestro-de-gabriela-mistral\\\/\",\"name\":\"\\\"Dec\u00e1logo del maestro\\\" de Gabriela Mistral - 2026\",\"isPartOf\":{\"@id\":\"https:\\\/\\\/webdelmaestrocmf.com\\\/portal\\\/#website\"},\"primaryImageOfPage\":{\"@id\":\"https:\\\/\\\/webdelmaestrocmf.com\\\/portal\\\/decalogo-del-maestro-de-gabriela-mistral\\\/#primaryimage\"},\"image\":{\"@id\":\"https:\\\/\\\/webdelmaestrocmf.com\\\/portal\\\/decalogo-del-maestro-de-gabriela-mistral\\\/#primaryimage\"},\"thumbnailUrl\":\"https:\\\/\\\/webdelmaestrocmf.com\\\/portal\\\/wp-content\\\/uploads\\\/2021\\\/04\\\/Banner-1-portada-imagen-10-1-2024-05-24T170829.159.jpg\",\"datePublished\":\"2024-05-24T21:00:09+00:00\",\"dateModified\":\"2026-04-21T15:00:47+00:00\",\"description\":\"Descubre el legado de Gabriela Mistral como maestra y escritora. Conoce su vida y los valores reflejados en su obra literaria.\",\"breadcrumb\":{\"@id\":\"https:\\\/\\\/webdelmaestrocmf.com\\\/portal\\\/decalogo-del-maestro-de-gabriela-mistral\\\/#breadcrumb\"},\"inLanguage\":\"es\",\"potentialAction\":[{\"@type\":\"ReadAction\",\"target\":[\"https:\\\/\\\/webdelmaestrocmf.com\\\/portal\\\/decalogo-del-maestro-de-gabriela-mistral\\\/\"]}]},{\"@type\":\"ImageObject\",\"inLanguage\":\"es\",\"@id\":\"https:\\\/\\\/webdelmaestrocmf.com\\\/portal\\\/decalogo-del-maestro-de-gabriela-mistral\\\/#primaryimage\",\"url\":\"https:\\\/\\\/webdelmaestrocmf.com\\\/portal\\\/wp-content\\\/uploads\\\/2021\\\/04\\\/Banner-1-portada-imagen-10-1-2024-05-24T170829.159.jpg\",\"contentUrl\":\"https:\\\/\\\/webdelmaestrocmf.com\\\/portal\\\/wp-content\\\/uploads\\\/2021\\\/04\\\/Banner-1-portada-imagen-10-1-2024-05-24T170829.159.jpg\",\"width\":1024,\"height\":1024},{\"@type\":\"BreadcrumbList\",\"@id\":\"https:\\\/\\\/webdelmaestrocmf.com\\\/portal\\\/decalogo-del-maestro-de-gabriela-mistral\\\/#breadcrumb\",\"itemListElement\":[{\"@type\":\"ListItem\",\"position\":1,\"name\":\"Portada\",\"item\":\"https:\\\/\\\/webdelmaestrocmf.com\\\/portal\\\/\"},{\"@type\":\"ListItem\",\"position\":2,\"name\":\"Recursos\",\"item\":\"https:\\\/\\\/webdelmaestrocmf.com\\\/portal\\\/category\\\/pedagogia\\\/\"},{\"@type\":\"ListItem\",\"position\":3,\"name\":\"\u00abDec\u00e1logo del maestro\u00bb de Gabriela Mistral\"}]},{\"@type\":\"WebSite\",\"@id\":\"https:\\\/\\\/webdelmaestrocmf.com\\\/portal\\\/#website\",\"url\":\"https:\\\/\\\/webdelmaestrocmf.com\\\/portal\\\/\",\"name\":\"Web del Maestro CMF\",\"description\":\"Maestros al servicio de la educaci\u00f3n\",\"publisher\":{\"@id\":\"https:\\\/\\\/webdelmaestrocmf.com\\\/portal\\\/#organization\"},\"alternateName\":\"WMCMF\",\"potentialAction\":[{\"@type\":\"SearchAction\",\"target\":{\"@type\":\"EntryPoint\",\"urlTemplate\":\"https:\\\/\\\/webdelmaestrocmf.com\\\/portal\\\/?s={search_term_string}\"},\"query-input\":{\"@type\":\"PropertyValueSpecification\",\"valueRequired\":true,\"valueName\":\"search_term_string\"}}],\"inLanguage\":\"es\"},{\"@type\":\"Organization\",\"@id\":\"https:\\\/\\\/webdelmaestrocmf.com\\\/portal\\\/#organization\",\"name\":\"Web del Maestro CMF\",\"alternateName\":\"WMCMF\",\"url\":\"https:\\\/\\\/webdelmaestrocmf.com\\\/portal\\\/\",\"logo\":{\"@type\":\"ImageObject\",\"inLanguage\":\"es\",\"@id\":\"https:\\\/\\\/webdelmaestrocmf.com\\\/portal\\\/#\\\/schema\\\/logo\\\/image\\\/\",\"url\":\"https:\\\/\\\/webdelmaestrocmf.com\\\/portal\\\/wp-content\\\/uploads\\\/2023\\\/01\\\/logo-wmcmf-2.png\",\"contentUrl\":\"https:\\\/\\\/webdelmaestrocmf.com\\\/portal\\\/wp-content\\\/uploads\\\/2023\\\/01\\\/logo-wmcmf-2.png\",\"width\":200,\"height\":60,\"caption\":\"Web del Maestro CMF\"},\"image\":{\"@id\":\"https:\\\/\\\/webdelmaestrocmf.com\\\/portal\\\/#\\\/schema\\\/logo\\\/image\\\/\"},\"sameAs\":[\"https:\\\/\\\/www.facebook.com\\\/WebdelMaestroCMF\\\/\",\"https:\\\/\\\/x.com\\\/cmf_w\",\"https:\\\/\\\/www.pinterest.com\\\/WMCMF\\\/\",\"https:\\\/\\\/www.linkedin.com\\\/company\\\/web-del-maestro-cmf\\\/\",\"https:\\\/\\\/www.instagram.com\\\/wmcmf\\\/\",\"https:\\\/\\\/www.youtube.com\\\/channel\\\/UCDPSvjbdodE5sHnC3OxutHw\",\"https:\\\/\\\/mastodon.social\\\/@wmcmf\",\"https:\\\/\\\/www.tiktok.com\\\/@webdelmaestrocmf\"]},{\"@type\":\"Person\",\"@id\":\"https:\\\/\\\/webdelmaestrocmf.com\\\/portal\\\/#\\\/schema\\\/person\\\/1072a2ed7bd960df8ef99a551fa35dc5\",\"name\":\"Web del Maestro CMF\",\"image\":{\"@type\":\"ImageObject\",\"inLanguage\":\"es\",\"@id\":\"https:\\\/\\\/secure.gravatar.com\\\/avatar\\\/23291dd5b5ae1077dcff3dbb04c3e02bd28403fa75af6d8787d5e97c5bbbe30b?s=96&d=mm&r=g\",\"url\":\"https:\\\/\\\/secure.gravatar.com\\\/avatar\\\/23291dd5b5ae1077dcff3dbb04c3e02bd28403fa75af6d8787d5e97c5bbbe30b?s=96&d=mm&r=g\",\"contentUrl\":\"https:\\\/\\\/secure.gravatar.com\\\/avatar\\\/23291dd5b5ae1077dcff3dbb04c3e02bd28403fa75af6d8787d5e97c5bbbe30b?s=96&d=mm&r=g\",\"caption\":\"Web del Maestro CMF\"},\"description\":\"Esta Web se cre\u00f3 sin fines de lucro, con fines educativos, cient\u00edficos y acad\u00e9micos, para personas que tengan dificultades y\\\/o inconvenientes en visualizar el material original. El objetivo es entregar recursos, compartir experiencias y materiales que ayuden a los padres de familia, maestros y estudiantes en su actualizaci\u00f3n y formaci\u00f3n permanente, en bien de la Educaci\u00f3n.\",\"sameAs\":[\"http:\\\/\\\/webdelmaestrocmf.com\\\/portal\",\"https:\\\/\\\/www.facebook.com\\\/WebdelMaestroCMF\\\/\",\"https:\\\/\\\/www.instagram.com\\\/wmcmf\\\/\",\"https:\\\/\\\/cl.linkedin.com\\\/company\\\/web-del-maestro-cmf\",\"https:\\\/\\\/www.pinterest.com\\\/WMCMF\\\/publicaciones\\\/\",\"https:\\\/\\\/x.com\\\/cmf_w\",\"https:\\\/\\\/www.youtube.com\\\/@WMCMF\"]}]}<\/script>\n<!-- \/ Yoast SEO plugin. -->","yoast_head_json":{"title":"\"Dec\u00e1logo del maestro\" de Gabriela Mistral - 2026","description":"Descubre el legado de Gabriela Mistral como maestra y escritora. Conoce su vida y los valores reflejados en su obra literaria.","robots":{"index":"index","follow":"follow","max-snippet":"max-snippet:-1","max-image-preview":"max-image-preview:large","max-video-preview":"max-video-preview:-1"},"canonical":"https:\/\/webdelmaestrocmf.com\/portal\/decalogo-del-maestro-de-gabriela-mistral\/","og_locale":"es_ES","og_type":"article","og_title":"\"Dec\u00e1logo del maestro\" de Gabriela Mistral - 2026","og_description":"Descubre el legado de Gabriela Mistral como maestra y escritora. Conoce su vida y los valores reflejados en su obra literaria.","og_url":"https:\/\/webdelmaestrocmf.com\/portal\/decalogo-del-maestro-de-gabriela-mistral\/","og_site_name":"Web del Maestro CMF","article_publisher":"https:\/\/www.facebook.com\/WebdelMaestroCMF\/","article_author":"https:\/\/www.facebook.com\/WebdelMaestroCMF\/","article_published_time":"2024-05-24T21:00:09+00:00","article_modified_time":"2026-04-21T15:00:47+00:00","og_image":[{"width":1024,"height":1024,"url":"https:\/\/webdelmaestrocmf.com\/portal\/wp-content\/uploads\/2021\/04\/Banner-1-portada-imagen-10-1-2024-05-24T170829.159.jpg","type":"image\/jpeg"}],"author":"Web del Maestro CMF","twitter_card":"summary_large_image","twitter_creator":"@cmf_w","twitter_site":"@cmf_w","schema":{"@context":"https:\/\/schema.org","@graph":[{"@type":"ScholarlyArticle","@id":"https:\/\/webdelmaestrocmf.com\/portal\/decalogo-del-maestro-de-gabriela-mistral\/#article","isPartOf":{"@id":"https:\/\/webdelmaestrocmf.com\/portal\/decalogo-del-maestro-de-gabriela-mistral\/"},"author":{"name":"Web del Maestro CMF","@id":"https:\/\/webdelmaestrocmf.com\/portal\/#\/schema\/person\/1072a2ed7bd960df8ef99a551fa35dc5"},"headline":"\u00abDec\u00e1logo del maestro\u00bb de Gabriela Mistral","datePublished":"2024-05-24T21:00:09+00:00","dateModified":"2026-04-21T15:00:47+00:00","mainEntityOfPage":{"@id":"https:\/\/webdelmaestrocmf.com\/portal\/decalogo-del-maestro-de-gabriela-mistral\/"},"wordCount":1370,"commentCount":0,"publisher":{"@id":"https:\/\/webdelmaestrocmf.com\/portal\/#organization"},"image":{"@id":"https:\/\/webdelmaestrocmf.com\/portal\/decalogo-del-maestro-de-gabriela-mistral\/#primaryimage"},"thumbnailUrl":"https:\/\/webdelmaestrocmf.com\/portal\/wp-content\/uploads\/2021\/04\/Banner-1-portada-imagen-10-1-2024-05-24T170829.159.jpg","keywords":["DEC\u00c1LOGO","Gabriela Mistral","Maestro"],"articleSection":["Docentes","Recursos"],"inLanguage":"es","potentialAction":[{"@type":"CommentAction","name":"Comment","target":["https:\/\/webdelmaestrocmf.com\/portal\/decalogo-del-maestro-de-gabriela-mistral\/#respond"]}]},{"@type":"WebPage","@id":"https:\/\/webdelmaestrocmf.com\/portal\/decalogo-del-maestro-de-gabriela-mistral\/","url":"https:\/\/webdelmaestrocmf.com\/portal\/decalogo-del-maestro-de-gabriela-mistral\/","name":"\"Dec\u00e1logo del maestro\" de Gabriela Mistral - 2026","isPartOf":{"@id":"https:\/\/webdelmaestrocmf.com\/portal\/#website"},"primaryImageOfPage":{"@id":"https:\/\/webdelmaestrocmf.com\/portal\/decalogo-del-maestro-de-gabriela-mistral\/#primaryimage"},"image":{"@id":"https:\/\/webdelmaestrocmf.com\/portal\/decalogo-del-maestro-de-gabriela-mistral\/#primaryimage"},"thumbnailUrl":"https:\/\/webdelmaestrocmf.com\/portal\/wp-content\/uploads\/2021\/04\/Banner-1-portada-imagen-10-1-2024-05-24T170829.159.jpg","datePublished":"2024-05-24T21:00:09+00:00","dateModified":"2026-04-21T15:00:47+00:00","description":"Descubre el legado de Gabriela Mistral como maestra y escritora. Conoce su vida y los valores reflejados en su obra literaria.","breadcrumb":{"@id":"https:\/\/webdelmaestrocmf.com\/portal\/decalogo-del-maestro-de-gabriela-mistral\/#breadcrumb"},"inLanguage":"es","potentialAction":[{"@type":"ReadAction","target":["https:\/\/webdelmaestrocmf.com\/portal\/decalogo-del-maestro-de-gabriela-mistral\/"]}]},{"@type":"ImageObject","inLanguage":"es","@id":"https:\/\/webdelmaestrocmf.com\/portal\/decalogo-del-maestro-de-gabriela-mistral\/#primaryimage","url":"https:\/\/webdelmaestrocmf.com\/portal\/wp-content\/uploads\/2021\/04\/Banner-1-portada-imagen-10-1-2024-05-24T170829.159.jpg","contentUrl":"https:\/\/webdelmaestrocmf.com\/portal\/wp-content\/uploads\/2021\/04\/Banner-1-portada-imagen-10-1-2024-05-24T170829.159.jpg","width":1024,"height":1024},{"@type":"BreadcrumbList","@id":"https:\/\/webdelmaestrocmf.com\/portal\/decalogo-del-maestro-de-gabriela-mistral\/#breadcrumb","itemListElement":[{"@type":"ListItem","position":1,"name":"Portada","item":"https:\/\/webdelmaestrocmf.com\/portal\/"},{"@type":"ListItem","position":2,"name":"Recursos","item":"https:\/\/webdelmaestrocmf.com\/portal\/category\/pedagogia\/"},{"@type":"ListItem","position":3,"name":"\u00abDec\u00e1logo del maestro\u00bb de Gabriela Mistral"}]},{"@type":"WebSite","@id":"https:\/\/webdelmaestrocmf.com\/portal\/#website","url":"https:\/\/webdelmaestrocmf.com\/portal\/","name":"Web del Maestro CMF","description":"Maestros al servicio de la educaci\u00f3n","publisher":{"@id":"https:\/\/webdelmaestrocmf.com\/portal\/#organization"},"alternateName":"WMCMF","potentialAction":[{"@type":"SearchAction","target":{"@type":"EntryPoint","urlTemplate":"https:\/\/webdelmaestrocmf.com\/portal\/?s={search_term_string}"},"query-input":{"@type":"PropertyValueSpecification","valueRequired":true,"valueName":"search_term_string"}}],"inLanguage":"es"},{"@type":"Organization","@id":"https:\/\/webdelmaestrocmf.com\/portal\/#organization","name":"Web del Maestro CMF","alternateName":"WMCMF","url":"https:\/\/webdelmaestrocmf.com\/portal\/","logo":{"@type":"ImageObject","inLanguage":"es","@id":"https:\/\/webdelmaestrocmf.com\/portal\/#\/schema\/logo\/image\/","url":"https:\/\/webdelmaestrocmf.com\/portal\/wp-content\/uploads\/2023\/01\/logo-wmcmf-2.png","contentUrl":"https:\/\/webdelmaestrocmf.com\/portal\/wp-content\/uploads\/2023\/01\/logo-wmcmf-2.png","width":200,"height":60,"caption":"Web del Maestro CMF"},"image":{"@id":"https:\/\/webdelmaestrocmf.com\/portal\/#\/schema\/logo\/image\/"},"sameAs":["https:\/\/www.facebook.com\/WebdelMaestroCMF\/","https:\/\/x.com\/cmf_w","https:\/\/www.pinterest.com\/WMCMF\/","https:\/\/www.linkedin.com\/company\/web-del-maestro-cmf\/","https:\/\/www.instagram.com\/wmcmf\/","https:\/\/www.youtube.com\/channel\/UCDPSvjbdodE5sHnC3OxutHw","https:\/\/mastodon.social\/@wmcmf","https:\/\/www.tiktok.com\/@webdelmaestrocmf"]},{"@type":"Person","@id":"https:\/\/webdelmaestrocmf.com\/portal\/#\/schema\/person\/1072a2ed7bd960df8ef99a551fa35dc5","name":"Web del Maestro CMF","image":{"@type":"ImageObject","inLanguage":"es","@id":"https:\/\/secure.gravatar.com\/avatar\/23291dd5b5ae1077dcff3dbb04c3e02bd28403fa75af6d8787d5e97c5bbbe30b?s=96&d=mm&r=g","url":"https:\/\/secure.gravatar.com\/avatar\/23291dd5b5ae1077dcff3dbb04c3e02bd28403fa75af6d8787d5e97c5bbbe30b?s=96&d=mm&r=g","contentUrl":"https:\/\/secure.gravatar.com\/avatar\/23291dd5b5ae1077dcff3dbb04c3e02bd28403fa75af6d8787d5e97c5bbbe30b?s=96&d=mm&r=g","caption":"Web del Maestro CMF"},"description":"Esta Web se cre\u00f3 sin fines de lucro, con fines educativos, cient\u00edficos y acad\u00e9micos, para personas que tengan dificultades y\/o inconvenientes en visualizar el material original. El objetivo es entregar recursos, compartir experiencias y materiales que ayuden a los padres de familia, maestros y estudiantes en su actualizaci\u00f3n y formaci\u00f3n permanente, en bien de la Educaci\u00f3n.","sameAs":["http:\/\/webdelmaestrocmf.com\/portal","https:\/\/www.facebook.com\/WebdelMaestroCMF\/","https:\/\/www.instagram.com\/wmcmf\/","https:\/\/cl.linkedin.com\/company\/web-del-maestro-cmf","https:\/\/www.pinterest.com\/WMCMF\/publicaciones\/","https:\/\/x.com\/cmf_w","https:\/\/www.youtube.com\/@WMCMF"]}]}},"jetpack_featured_media_url":"https:\/\/webdelmaestrocmf.com\/portal\/wp-content\/uploads\/2021\/04\/Banner-1-portada-imagen-10-1-2024-05-24T170829.159.jpg","jetpack_sharing_enabled":true,"jetpack-related-posts":[{"id":76307,"url":"https:\/\/webdelmaestrocmf.com\/portal\/gabriela-mistral-yo-quiero-una-imagen-viva-de-un-jesus-hombre-sufriendo-que-ilumine-a-quien-la-mire-el-corazon-y-el-cerebro\/","url_meta":{"origin":61479,"position":0},"title":"Gabriela Mistral: Yo quiero una imagen viva de un Jes\u00fas Hombre sufriendo, que ilumine a quien la mire el coraz\u00f3n y el cerebro","author":"Web del Maestro CMF","date":"15 abril, 2022","format":false,"excerpt":"Gabriela Mistral (Vicu\u00f1a, Chile, 07\/04\/1889 - Nueva York, USA 10\/01\/1957), cuyo nombre de nacimiento fue Lucila de Mar\u00eda del Perpetuo Socorro Godoy Alcayaga, publicado en su poema \u00abDel pasado\u00bb por el diario \u00abEl Coquimbo\u00bb (1908). En 1922 se traslada a M\u00e9xico para colaborar en los planes de reforma educativos de\u2026","rel":"","context":"En \u00abYo opino - WMCMF\u00bb","block_context":{"text":"Yo opino - WMCMF","link":"https:\/\/webdelmaestrocmf.com\/portal\/category\/jamb\/"},"img":{"alt_text":"","src":"https:\/\/i0.wp.com\/webdelmaestrocmf.com\/portal\/wp-content\/uploads\/2022\/04\/1-35.jpg?resize=350%2C200&ssl=1","width":350,"height":200,"srcset":"https:\/\/i0.wp.com\/webdelmaestrocmf.com\/portal\/wp-content\/uploads\/2022\/04\/1-35.jpg?resize=350%2C200&ssl=1 1x, https:\/\/i0.wp.com\/webdelmaestrocmf.com\/portal\/wp-content\/uploads\/2022\/04\/1-35.jpg?resize=525%2C300&ssl=1 1.5x, https:\/\/i0.wp.com\/webdelmaestrocmf.com\/portal\/wp-content\/uploads\/2022\/04\/1-35.jpg?resize=700%2C400&ssl=1 2x, https:\/\/i0.wp.com\/webdelmaestrocmf.com\/portal\/wp-content\/uploads\/2022\/04\/1-35.jpg?resize=1050%2C600&ssl=1 3x"},"classes":[]},{"id":53408,"url":"https:\/\/webdelmaestrocmf.com\/portal\/maestros-de-america-latina-una-serie-que-todo-educador-y-estudiante-de-educacion-tiene-que-ver\/","url_meta":{"origin":61479,"position":1},"title":"Maestros de Am\u00e9rica Latina, una serie que todo educador y estudiante de educaci\u00f3n tiene que ver","author":"Web del Maestro CMF","date":"25 octubre, 2020","format":false,"excerpt":"Maestros de Am\u00e9rica Latina es una serie que narra la vida y obra de ocho pedagogos trascendentales para la historia de la educaci\u00f3n latinoamericana. El repertorio est\u00e1 compuesto por Sim\u00f3n Rodr\u00edguez, Domingo F. Sarmiento, Jos\u00e9 Mart\u00ed, Jos\u00e9 Vasconcelos, Jos\u00e9 Carlos Mari\u00e1tegui, Gabriela Mistral, Jesualdo Sosa y Paulo Freire. Sin idealizaciones\u2026","rel":"","context":"En \u00abPel\u00edculas\u00bb","block_context":{"text":"Pel\u00edculas","link":"https:\/\/webdelmaestrocmf.com\/portal\/category\/pedagogia\/peliculas\/"},"img":{"alt_text":"","src":"https:\/\/i0.wp.com\/webdelmaestrocmf.com\/portal\/wp-content\/uploads\/2020\/10\/1-copia-78.jpg?resize=350%2C200&ssl=1","width":350,"height":200,"srcset":"https:\/\/i0.wp.com\/webdelmaestrocmf.com\/portal\/wp-content\/uploads\/2020\/10\/1-copia-78.jpg?resize=350%2C200&ssl=1 1x, https:\/\/i0.wp.com\/webdelmaestrocmf.com\/portal\/wp-content\/uploads\/2020\/10\/1-copia-78.jpg?resize=525%2C300&ssl=1 1.5x, https:\/\/i0.wp.com\/webdelmaestrocmf.com\/portal\/wp-content\/uploads\/2020\/10\/1-copia-78.jpg?resize=700%2C400&ssl=1 2x, https:\/\/i0.wp.com\/webdelmaestrocmf.com\/portal\/wp-content\/uploads\/2020\/10\/1-copia-78.jpg?resize=1050%2C600&ssl=1 3x"},"classes":[]},{"id":15770,"url":"https:\/\/webdelmaestrocmf.com\/portal\/homenaje-mujer-maestra\/","url_meta":{"origin":61479,"position":2},"title":"Homenaje: mujer y maestra &#8211; D\u00eda internacional de la mujer","author":"Web del Maestro CMF","date":"8 marzo, 2019","format":false,"excerpt":"Un homenaje a nuestras maestras de ayer, que sembraron mucho de lo que ahora somos, y a las de hoy, porque nos siguen ense\u00f1ando y nos animan a creer (en m\u00e1s de una ocasi\u00f3n) que el sol est\u00e1 detr\u00e1s de las nubes. Para ellas les dedicamos esta creaci\u00f3n art\u00edstica de\u2026","rel":"","context":"En \u00abYo opino - WMCMF\u00bb","block_context":{"text":"Yo opino - WMCMF","link":"https:\/\/webdelmaestrocmf.com\/portal\/category\/jamb\/"},"img":{"alt_text":"","src":"https:\/\/i0.wp.com\/webdelmaestrocmf.com\/portal\/wp-content\/uploads\/2019\/03\/1-104.jpg?resize=350%2C200&ssl=1","width":350,"height":200,"srcset":"https:\/\/i0.wp.com\/webdelmaestrocmf.com\/portal\/wp-content\/uploads\/2019\/03\/1-104.jpg?resize=350%2C200&ssl=1 1x, https:\/\/i0.wp.com\/webdelmaestrocmf.com\/portal\/wp-content\/uploads\/2019\/03\/1-104.jpg?resize=525%2C300&ssl=1 1.5x, https:\/\/i0.wp.com\/webdelmaestrocmf.com\/portal\/wp-content\/uploads\/2019\/03\/1-104.jpg?resize=700%2C400&ssl=1 2x, https:\/\/i0.wp.com\/webdelmaestrocmf.com\/portal\/wp-content\/uploads\/2019\/03\/1-104.jpg?resize=1050%2C600&ssl=1 3x"},"classes":[]},{"id":46977,"url":"https:\/\/webdelmaestrocmf.com\/portal\/con-amor-y-gratitud-para-ti-madre-y-maestra\/","url_meta":{"origin":61479,"position":3},"title":"Con amor y gratitud, para ti Madre y Maestra","author":"Web del Maestro CMF","date":"5 mayo, 2020","format":false,"excerpt":"El d\u00eda de homenaje a la madre, a su maternidad f\u00edsica y espiritual, a su singular tarea y su presencia en la vida de todos los seres humanos, lo celebraban los griegos en honor \u201ca Rea, la madre de los dioses Zeus, Poseid\u00f3n y Hades. Posteriormente los romanos llamaron a\u2026","rel":"","context":"En \u00abYo opino - WMCMF\u00bb","block_context":{"text":"Yo opino - WMCMF","link":"https:\/\/webdelmaestrocmf.com\/portal\/category\/jamb\/"},"img":{"alt_text":"","src":"https:\/\/i0.wp.com\/webdelmaestrocmf.com\/portal\/wp-content\/uploads\/2020\/05\/1-16.jpg?resize=350%2C200&ssl=1","width":350,"height":200,"srcset":"https:\/\/i0.wp.com\/webdelmaestrocmf.com\/portal\/wp-content\/uploads\/2020\/05\/1-16.jpg?resize=350%2C200&ssl=1 1x, https:\/\/i0.wp.com\/webdelmaestrocmf.com\/portal\/wp-content\/uploads\/2020\/05\/1-16.jpg?resize=525%2C300&ssl=1 1.5x, https:\/\/i0.wp.com\/webdelmaestrocmf.com\/portal\/wp-content\/uploads\/2020\/05\/1-16.jpg?resize=700%2C400&ssl=1 2x, https:\/\/i0.wp.com\/webdelmaestrocmf.com\/portal\/wp-content\/uploads\/2020\/05\/1-16.jpg?resize=1050%2C600&ssl=1 3x"},"classes":[]},{"id":20395,"url":"https:\/\/webdelmaestrocmf.com\/portal\/200-mil-gracias\/","url_meta":{"origin":61479,"position":4},"title":"200 mil gracias a nuestros seguidores","author":"Web del Maestro CMF","date":"11 julio, 2017","format":false,"excerpt":"Porque cada uno de nosotros, somos una experiencia valios\u00edsima de la educaci\u00f3n y para la educaci\u00f3n, que nunca debe esconderse, guardarse o perderse. Gracias, porque 200 mil educadores, aqu\u00ed en la Web del Maestro CMF, no somos un n\u00famero, sino notas de un pentagrama que hace una sinfon\u00eda; conocimientos compartidos\u2026","rel":"","context":"En \u00abYo opino - WMCMF\u00bb","block_context":{"text":"Yo opino - WMCMF","link":"https:\/\/webdelmaestrocmf.com\/portal\/category\/jamb\/"},"img":{"alt_text":"","src":"https:\/\/i0.wp.com\/webdelmaestrocmf.com\/portal\/wp-content\/uploads\/2017\/07\/a2-6.jpg?resize=350%2C200&ssl=1","width":350,"height":200,"srcset":"https:\/\/i0.wp.com\/webdelmaestrocmf.com\/portal\/wp-content\/uploads\/2017\/07\/a2-6.jpg?resize=350%2C200&ssl=1 1x, https:\/\/i0.wp.com\/webdelmaestrocmf.com\/portal\/wp-content\/uploads\/2017\/07\/a2-6.jpg?resize=525%2C300&ssl=1 1.5x, https:\/\/i0.wp.com\/webdelmaestrocmf.com\/portal\/wp-content\/uploads\/2017\/07\/a2-6.jpg?resize=700%2C400&ssl=1 2x, https:\/\/i0.wp.com\/webdelmaestrocmf.com\/portal\/wp-content\/uploads\/2017\/07\/a2-6.jpg?resize=1050%2C600&ssl=1 3x"},"classes":[]},{"id":22693,"url":"https:\/\/webdelmaestrocmf.com\/portal\/maestros-memoria-agradecida-deseos-seguir-aprendiendo-sembradores-suenos\/","url_meta":{"origin":61479,"position":5},"title":"Ser maestros con memoria agradecida, con deseos de seguir aprendiendo y sembradores de sue\u00f1os","author":"Web del Maestro CMF","date":"19 junio, 2022","format":false,"excerpt":"So\u00f1ar, tener ilusiones, con los ojos abiertos y a la luz del sol, - pidi\u00f3 el Papa Francisco a los universitarios de Bologna (Italia)- para enriquecer la cultura, cultivar la esperanza y alcanzar la paz. Y considero, que es una hermosa invitaci\u00f3n para todos nosotros los que estamos en este\u2026","rel":"","context":"En \u00abYo opino - WMCMF\u00bb","block_context":{"text":"Yo opino - WMCMF","link":"https:\/\/webdelmaestrocmf.com\/portal\/category\/jamb\/"},"img":{"alt_text":"","src":"https:\/\/i0.wp.com\/webdelmaestrocmf.com\/portal\/wp-content\/uploads\/2022\/06\/1a.jpeg?resize=350%2C200&ssl=1","width":350,"height":200,"srcset":"https:\/\/i0.wp.com\/webdelmaestrocmf.com\/portal\/wp-content\/uploads\/2022\/06\/1a.jpeg?resize=350%2C200&ssl=1 1x, https:\/\/i0.wp.com\/webdelmaestrocmf.com\/portal\/wp-content\/uploads\/2022\/06\/1a.jpeg?resize=525%2C300&ssl=1 1.5x, https:\/\/i0.wp.com\/webdelmaestrocmf.com\/portal\/wp-content\/uploads\/2022\/06\/1a.jpeg?resize=700%2C400&ssl=1 2x"},"classes":[]}],"_links":{"self":[{"href":"https:\/\/webdelmaestrocmf.com\/portal\/wp-json\/wp\/v2\/posts\/61479","targetHints":{"allow":["GET"]}}],"collection":[{"href":"https:\/\/webdelmaestrocmf.com\/portal\/wp-json\/wp\/v2\/posts"}],"about":[{"href":"https:\/\/webdelmaestrocmf.com\/portal\/wp-json\/wp\/v2\/types\/post"}],"author":[{"embeddable":true,"href":"https:\/\/webdelmaestrocmf.com\/portal\/wp-json\/wp\/v2\/users\/1"}],"replies":[{"embeddable":true,"href":"https:\/\/webdelmaestrocmf.com\/portal\/wp-json\/wp\/v2\/comments?post=61479"}],"version-history":[{"count":1,"href":"https:\/\/webdelmaestrocmf.com\/portal\/wp-json\/wp\/v2\/posts\/61479\/revisions"}],"predecessor-version":[{"id":118086,"href":"https:\/\/webdelmaestrocmf.com\/portal\/wp-json\/wp\/v2\/posts\/61479\/revisions\/118086"}],"wp:featuredmedia":[{"embeddable":true,"href":"https:\/\/webdelmaestrocmf.com\/portal\/wp-json\/wp\/v2\/media\/105731"}],"wp:attachment":[{"href":"https:\/\/webdelmaestrocmf.com\/portal\/wp-json\/wp\/v2\/media?parent=61479"}],"wp:term":[{"taxonomy":"category","embeddable":true,"href":"https:\/\/webdelmaestrocmf.com\/portal\/wp-json\/wp\/v2\/categories?post=61479"},{"taxonomy":"post_tag","embeddable":true,"href":"https:\/\/webdelmaestrocmf.com\/portal\/wp-json\/wp\/v2\/tags?post=61479"}],"curies":[{"name":"wp","href":"https:\/\/api.w.org\/{rel}","templated":true}]}}