{"id":60336,"date":"2021-03-10T15:11:00","date_gmt":"2021-03-10T18:11:00","guid":{"rendered":"https:\/\/webdelmaestrocmf.com\/portal\/?p=60336"},"modified":"2021-03-10T15:20:15","modified_gmt":"2021-03-10T18:20:15","slug":"ernesto-gonzalez-la-evaluacion-requiere-ser-vacunada-no-importa-el-laboratorio","status":"publish","type":"post","link":"https:\/\/webdelmaestrocmf.com\/portal\/ernesto-gonzalez-la-evaluacion-requiere-ser-vacunada-no-importa-el-laboratorio\/","title":{"rendered":"[Ernesto Gonz\u00e1lez] La evaluaci\u00f3n requiere ser \u201cvacunada\u201d, no importa \u201cel laboratorio\u201d"},"content":{"rendered":"<h5 style=\"text-align: justify;\">Pedag\u00f3gicamente se plantean tres tipos de evaluaci\u00f3n: Diagn\u00f3stica, Formativa y Sumativa, siendo las caracter\u00edsticas de cada una de ellas las siguientes:<\/h5>\n<h5 style=\"text-align: justify;\">Diagn\u00f3stica: Orientada a explorar los niveles de conocimientos previos que poseen los estudiantes relacionados con las asignaturas o con unidades o contenidos de las mismas.\u00a0 Tiene como funci\u00f3n: detectar carencias, lagunas, aspectos confusos o ya superados, etc.<\/h5>\n<p><!--more--><\/p>\n<p style=\"text-align: justify;\">Formativa. Tiene un fin educativo y se orienta hacia la mejora permanente del estudiante. Las pruebas sistem\u00e1ticas, se podr\u00edan catalogar en este tipo de evaluaci\u00f3n, en dependencia del enfoque que cada docente le d\u00e9 a la misma, y las recomendaciones proporcionadas por escrito o remota y de forma individual a los estudiantes con la finalidad de suministrarles sugerencias y\/o orientaciones necesarias para superar sus desaciertos, con miras a mejorar la calidad de sus aprendizajes.<\/p>\n<p style=\"text-align: justify;\">Sumativa.\u00a0 Nos permite constatar la eficacia de una propuesta did\u00e1ctica, si se lograron los objetivos o competencias y en qu\u00e9 medida. Se implementa en las evaluaciones parciales o cortes evaluativos y finales en las que el estudiante alcanza la calificaci\u00f3n de aprobado o reprobado.<\/p>\n<p style=\"text-align: justify;\">Pero en el caso de esta \u00faltima, se enmarca dentro de la metodolog\u00eda tradicional; escalas diversas 1-100; 2-5; 0-10; A+ A-&#8230; C+, D; A-F, etc. donde en el caso de las letras, sus equivalencias equivalen a rangos num\u00e9ricos.<\/p>\n<p style=\"text-align: justify;\">Hasta aqu\u00ed, al parecer todo bien, me refiero a lo que aplicamos en nuestros pa\u00edses, dir\u00eda que, en tiempos normales, normalidad muy compleja ante la situaci\u00f3n tan heterog\u00e9nea que vive el planeta Tierra por la pandemia y sus diversas modalidades de clases donde el estudiante \u201casiste\u201d presencial (f\u00edsico o sincr\u00f3nicamente) en su horario normal de clase; semipresencial donde asiste presencialmente a la instituci\u00f3n dos o tres d\u00edas de la semana, o semipresencial bajo la modalidad sincr\u00f3nica-asincr\u00f3nica v\u00eda en l\u00ednea, y qui\u00e9n recibe sus clases, sin asistir f\u00edsicamente al colegio, instituto o universidad con las excepciones en \u00e9sta \u00faltima\u00a0 para clases meramente pr\u00e1cticas, realizaciones de ex\u00e1menes (evitando con ello la copia v\u00eda digital) y el resto desde el hogar.<\/p>\n<p style=\"text-align: justify;\">Queda la modalidad del uso de la televisi\u00f3n<a href=\"#_ftn1\" name=\"_ftnref1\">[1]<\/a>, y la radio como medios m\u00e1s tradicionales y econ\u00f3mico con relaci\u00f3n a que no todos cuentan con recursos tecnol\u00f3gicos.<\/p>\n<p><img loading=\"lazy\" decoding=\"async\" class=\"alignnone size-large\" src=\"https:\/\/webdelmaestrocmf.com\/portal\/wp-content\/uploads\/2020\/03\/2-18.jpg\" width=\"960\" height=\"960\" \/><\/p>\n<p style=\"text-align: justify;\">La evaluaci\u00f3n, para el evaluado, para todos constituye un factor de estr\u00e9s, pero a la vez de un alto componente de subjetividad (que se basa en los sentimientos de la persona), donde un o una docente vacila por el esfuerzo que hizo el estudiante \u2013 que incluye problemas personales: padres divorciados, trabaja, etc.; de salud y tecnol\u00f3gicos: no cuenta siempre con recursos, ni condiciones &#8211; y \u201clo aprueba\u201d, otorg\u00e1ndole el punto que le faltaba.<\/p>\n<p style=\"text-align: justify;\">En lo personal &#8211; sean letras con sus equivalentes num\u00e9ricos o n\u00fameros \u2013 ser\u00eda necesario repensar si la evaluaci\u00f3n debe cambiar \u2013 al menos la sumativa \u2013 quedando las dos anteriores, diagn\u00f3stica y formativa y cuyas evaluaciones se desarrollen como actividades de control sistem\u00e1tico, con un incremento moderado de evaluaciones, controladas y planificadas por los docentes, y eliminando los ex\u00e1menes parciales o finales.<\/p>\n<p style=\"text-align: justify;\">La evaluaci\u00f3n debe ser \u201cvacunada\u201d, no importan las dosis, que requieran los \u201cpacientes\u201d ni las medidas de como conservarlas, pero es un buen momento, para el cambio.<\/p>\n<p style=\"text-align: justify;\"><a href=\"#_ftnref1\" name=\"_ftn1\">[1]<\/a> 127 pa\u00edses en el mundo utilizan la televisi\u00f3n como herramienta de educaci\u00f3n para los ni\u00f1os; M\u00e1s de la mitad de los pa\u00edses est\u00e1n utilizando los mensajes de texto, el m\u00f3vil o las redes sociales como sistema alternativo para ofrecer educaci\u00f3n: en un 74% de los pa\u00edses de Europa y Asia Central. UNICEF junio 2020<\/p>\n<p style=\"text-align: justify;\">.<\/p>\n<table class=\" alignleft\" border=\"0\" width=\"100%\" cellspacing=\"10\" cellpadding=\"10\">\n<tbody>\n<tr>\n<td style=\"text-align: center;\" width=\"30%\"><strong><img loading=\"lazy\" decoding=\"async\" class=\"size-full wp-image-35086 aligncenter\" src=\"http:\/\/webdelmaestrocmf.com\/portal\/wp-content\/uploads\/2019\/02\/1-6.jpg\" alt=\"\" width=\"200\" height=\"200\" srcset=\"https:\/\/webdelmaestrocmf.com\/portal\/wp-content\/uploads\/2019\/02\/1-6.jpg 200w, https:\/\/webdelmaestrocmf.com\/portal\/wp-content\/uploads\/2019\/02\/1-6-150x150.jpg 150w, https:\/\/webdelmaestrocmf.com\/portal\/wp-content\/uploads\/2019\/02\/1-6-109x109.jpg 109w, https:\/\/webdelmaestrocmf.com\/portal\/wp-content\/uploads\/2019\/02\/1-6-100x100.jpg 100w, https:\/\/webdelmaestrocmf.com\/portal\/wp-content\/uploads\/2019\/02\/1-6-65x65.jpg 65w\" sizes=\"auto, (max-width: 200px) 100vw, 200px\" \/><br \/>\nAutor: <\/strong>Ernesto Gonzalez , ciudadano nicarag\u00fcense, nacido en Cuba.<strong><br \/>\nExperiencia laboral:<\/strong> Lic. en Ciencias Pedag\u00f3gicas con menci\u00f3n en qu\u00edmica. 40 a\u00f1os de experiencia como docente en los niveles de educaci\u00f3n media y superior; cursos de posgrado propios de la especialidad y en pedagog\u00eda; autor de libros de texto para la ense\u00f1anza media tanto en ciencias naturales, como sociales. Articulista para los peri\u00f3dicos La Prensa, El Nuevo Diario (nicarag\u00fcenses 2000-2008), actualmente para el peri\u00f3dico El Siglo 21 guatemalteco.<strong><br \/>\nCorreo electr\u00f3nico:<\/strong> <a href=\"mailto:eglezvaldes@gmail.com\">eglezvaldes@gmail.com<\/a><br \/>\n<strong>Cuenta de twitter:<\/strong> <a href=\"https:\/\/twitter.com\/search?q=%40gonzlez_ernesto&amp;src=typd\" target=\"_blank\" rel=\"noopener noreferrer\">@gonzlez_ernesto<\/a><\/td>\n<\/tr>\n<\/tbody>\n<\/table>\n<p style=\"text-align: left;\">.<\/p>\n\t\t<div class=\"pk-inline-posts\">\n\t\t\t\n\t\t\t<div class=\"pk-inline-posts-container pk-inline-posts-template-list\"\n\t\t\t\tdata-columns=\"1\">\n\t\t\t\t\t\t<article id=\"post-83656\" class=\"post-83656 post type-post status-publish format-standard has-post-thumbnail category-colaborador category-z-colaboradores-ernesto-gonzalez tag-blandas tag-competencias tag-ernesto-gonzalez cs-entry cs-video-wrap\">\n\t\t\t<div class=\"pk-post-outer\">\n\n\t\t\t\t\t\t\t\t<div class=\"pk-post-inner\">\n\t\t\t\t\t<div class=\"entry-thumbnail\">\n\t\t\t\t\t\t<div class=\"pk-overlay pk-overlay-ratio pk-ratio-landscape\">\n\t\t\t\t\t\t\t<div class=\"pk-overlay-background\">\n\t\t\t\t\t\t\t\t<a href=\"https:\/\/webdelmaestrocmf.com\/portal\/ernesto-gonzalezcompetencias-blandas\/\" class=\"pk-overlay-link\">\n\t\t\t\t\t\t\t\t\t<img loading=\"lazy\" decoding=\"async\" width=\"300\" height=\"225\" src=\"https:\/\/webdelmaestrocmf.com\/portal\/wp-content\/uploads\/2023\/02\/1-1-300x225.jpg\" class=\"attachment-pk-thumbnail size-pk-thumbnail wp-post-image\" alt=\"\" srcset=\"https:\/\/webdelmaestrocmf.com\/portal\/wp-content\/uploads\/2023\/02\/1-1-300x225.jpg 300w, https:\/\/webdelmaestrocmf.com\/portal\/wp-content\/uploads\/2023\/02\/1-1-200x150.jpg 200w, https:\/\/webdelmaestrocmf.com\/portal\/wp-content\/uploads\/2023\/02\/1-1-260x195.jpg 260w\" sizes=\"auto, (max-width: 300px) 100vw, 300px\" \/>\t\t\t\t\t\t\t\t<\/a>\n\t\t\t\t\t\t\t<\/div>\n\t\t\t\t\t\t<\/div>\n\t\t\t\t\t<\/div>\n\t\t\t\t<\/div>\n\t\t\t\t\n\t\t\t\t<div class=\"pk-post-inner\">\n\t\t\t\t\t<header>\n\t\t\t\t\t\t<h3 class=\"pk-title\"><a href=\"https:\/\/webdelmaestrocmf.com\/portal\/ernesto-gonzalezcompetencias-blandas\/\" rel=\"bookmark\">[Ernesto Gonz\u00e1lez]\u00bfCompetencias blandas?<\/a><\/h3>\t\t\t\t\t<\/header><!-- .entry-header -->\n\t\t\t\t<\/div><!-- .post-inner -->\n\n\t\t\t<\/div><!-- .post-outer -->\n\t\t<\/article>\n\t\t\t\t<\/div>\n\t\t<\/div>\n\t\t\n","protected":false},"excerpt":{"rendered":"Pedag\u00f3gicamente se plantean tres tipos de evaluaci\u00f3n: Diagn\u00f3stica, Formativa y Sumativa, siendo las caracter\u00edsticas de cada una de&hellip;","protected":false},"author":1,"featured_media":60337,"comment_status":"open","ping_status":"closed","sticky":false,"template":"","format":"standard","meta":{"csco_display_header_overlay":false,"csco_singular_sidebar":"default","csco_page_header_type":"default","csco_page_load_nextpost":"default","csco_post_video_location":[],"csco_post_video_location_hash":"","csco_post_video_url":"","csco_post_video_bg_start_time":0,"csco_post_video_bg_end_time":0,"csco_post_video_bg_volume":false,"_jetpack_memberships_contains_paid_content":false,"footnotes":""},"categories":[1790,4122],"tags":[6643,4123,6642,5738,4150,2442,6644],"class_list":{"0":"post-60336","1":"post","2":"type-post","3":"status-publish","4":"format-standard","5":"has-post-thumbnail","7":"category-colaborador","8":"category-z-colaboradores-ernesto-gonzalez","9":"tag-equiere","10":"tag-ernesto-gonzalez","11":"tag-evaluacion-r","12":"tag-importa","13":"tag-laboratorio","14":"tag-ser","15":"tag-vacunada","16":"cs-entry","17":"cs-video-wrap"},"yoast_head":"<!-- This site is optimized with the Yoast SEO plugin v27.5 - https:\/\/yoast.com\/product\/yoast-seo-wordpress\/ -->\n<title>[Ernesto Gonz\u00e1lez] La evaluaci\u00f3n requiere ser \u201cvacunada\u201d, no importa \u201cel laboratorio\u201d - 2026<\/title>\n<meta name=\"description\" content=\"Pedag\u00f3gicamente se plantean tres tipos de evaluaci\u00f3n: Diagn\u00f3stica, Formativa y Sumativa, siendo las caracter\u00edsticas de...\" \/>\n<meta name=\"robots\" content=\"index, follow, max-snippet:-1, max-image-preview:large, max-video-preview:-1\" \/>\n<link rel=\"canonical\" href=\"https:\/\/webdelmaestrocmf.com\/portal\/ernesto-gonzalez-la-evaluacion-requiere-ser-vacunada-no-importa-el-laboratorio\/\" \/>\n<meta property=\"og:locale\" content=\"es_ES\" \/>\n<meta property=\"og:type\" content=\"article\" \/>\n<meta property=\"og:title\" content=\"[Ernesto Gonz\u00e1lez] La evaluaci\u00f3n requiere ser \u201cvacunada\u201d, no importa \u201cel laboratorio\u201d - 2026\" \/>\n<meta property=\"og:description\" content=\"Pedag\u00f3gicamente se plantean tres tipos de evaluaci\u00f3n: Diagn\u00f3stica, Formativa y Sumativa, siendo las caracter\u00edsticas de...\" \/>\n<meta property=\"og:url\" content=\"https:\/\/webdelmaestrocmf.com\/portal\/ernesto-gonzalez-la-evaluacion-requiere-ser-vacunada-no-importa-el-laboratorio\/\" \/>\n<meta property=\"og:site_name\" content=\"Web del Maestro CMF\" \/>\n<meta property=\"article:publisher\" content=\"https:\/\/www.facebook.com\/WebdelMaestroCMF\/\" \/>\n<meta property=\"article:author\" content=\"https:\/\/www.facebook.com\/WebdelMaestroCMF\/\" \/>\n<meta property=\"article:published_time\" content=\"2021-03-10T18:11:00+00:00\" \/>\n<meta property=\"article:modified_time\" content=\"2021-03-10T18:20:15+00:00\" \/>\n<meta property=\"og:image\" content=\"https:\/\/i0.wp.com\/webdelmaestrocmf.com\/portal\/wp-content\/uploads\/2021\/03\/1-copia-16.jpg?fit=1100%2C680&ssl=1\" \/>\n\t<meta property=\"og:image:width\" content=\"1100\" \/>\n\t<meta property=\"og:image:height\" content=\"680\" \/>\n\t<meta property=\"og:image:type\" content=\"image\/jpeg\" \/>\n<meta name=\"author\" content=\"Web del Maestro CMF\" \/>\n<meta name=\"twitter:card\" content=\"summary_large_image\" \/>\n<meta name=\"twitter:creator\" content=\"@cmf_w\" \/>\n<meta name=\"twitter:site\" content=\"@cmf_w\" \/>\n<script type=\"application\/ld+json\" class=\"yoast-schema-graph\">{\"@context\":\"https:\\\/\\\/schema.org\",\"@graph\":[{\"@type\":\"ScholarlyArticle\",\"@id\":\"https:\\\/\\\/webdelmaestrocmf.com\\\/portal\\\/ernesto-gonzalez-la-evaluacion-requiere-ser-vacunada-no-importa-el-laboratorio\\\/#article\",\"isPartOf\":{\"@id\":\"https:\\\/\\\/webdelmaestrocmf.com\\\/portal\\\/ernesto-gonzalez-la-evaluacion-requiere-ser-vacunada-no-importa-el-laboratorio\\\/\"},\"author\":{\"name\":\"Web del Maestro CMF\",\"@id\":\"https:\\\/\\\/webdelmaestrocmf.com\\\/portal\\\/#\\\/schema\\\/person\\\/1072a2ed7bd960df8ef99a551fa35dc5\"},\"headline\":\"[Ernesto Gonz\u00e1lez] La evaluaci\u00f3n requiere ser \u201cvacunada\u201d, no importa \u201cel laboratorio\u201d\",\"datePublished\":\"2021-03-10T18:11:00+00:00\",\"dateModified\":\"2021-03-10T18:20:15+00:00\",\"mainEntityOfPage\":{\"@id\":\"https:\\\/\\\/webdelmaestrocmf.com\\\/portal\\\/ernesto-gonzalez-la-evaluacion-requiere-ser-vacunada-no-importa-el-laboratorio\\\/\"},\"wordCount\":739,\"commentCount\":0,\"publisher\":{\"@id\":\"https:\\\/\\\/webdelmaestrocmf.com\\\/portal\\\/#organization\"},\"image\":{\"@id\":\"https:\\\/\\\/webdelmaestrocmf.com\\\/portal\\\/ernesto-gonzalez-la-evaluacion-requiere-ser-vacunada-no-importa-el-laboratorio\\\/#primaryimage\"},\"thumbnailUrl\":\"https:\\\/\\\/webdelmaestrocmf.com\\\/portal\\\/wp-content\\\/uploads\\\/2021\\\/03\\\/1-copia-16.jpg\",\"keywords\":[\"equiere\",\"ERNESTO GONZALEZ\",\"evaluaci\u00f3n r\",\"importa\",\"LABORATORIO\",\"SER\",\"vacunada\"],\"articleSection\":[\"Z-Colaboradores\",\"Z-Colaboradores-Ernesto-Gonzalez\"],\"inLanguage\":\"es\",\"potentialAction\":[{\"@type\":\"CommentAction\",\"name\":\"Comment\",\"target\":[\"https:\\\/\\\/webdelmaestrocmf.com\\\/portal\\\/ernesto-gonzalez-la-evaluacion-requiere-ser-vacunada-no-importa-el-laboratorio\\\/#respond\"]}]},{\"@type\":\"WebPage\",\"@id\":\"https:\\\/\\\/webdelmaestrocmf.com\\\/portal\\\/ernesto-gonzalez-la-evaluacion-requiere-ser-vacunada-no-importa-el-laboratorio\\\/\",\"url\":\"https:\\\/\\\/webdelmaestrocmf.com\\\/portal\\\/ernesto-gonzalez-la-evaluacion-requiere-ser-vacunada-no-importa-el-laboratorio\\\/\",\"name\":\"[Ernesto Gonz\u00e1lez] La evaluaci\u00f3n requiere ser \u201cvacunada\u201d, no importa \u201cel laboratorio\u201d - 2026\",\"isPartOf\":{\"@id\":\"https:\\\/\\\/webdelmaestrocmf.com\\\/portal\\\/#website\"},\"primaryImageOfPage\":{\"@id\":\"https:\\\/\\\/webdelmaestrocmf.com\\\/portal\\\/ernesto-gonzalez-la-evaluacion-requiere-ser-vacunada-no-importa-el-laboratorio\\\/#primaryimage\"},\"image\":{\"@id\":\"https:\\\/\\\/webdelmaestrocmf.com\\\/portal\\\/ernesto-gonzalez-la-evaluacion-requiere-ser-vacunada-no-importa-el-laboratorio\\\/#primaryimage\"},\"thumbnailUrl\":\"https:\\\/\\\/webdelmaestrocmf.com\\\/portal\\\/wp-content\\\/uploads\\\/2021\\\/03\\\/1-copia-16.jpg\",\"datePublished\":\"2021-03-10T18:11:00+00:00\",\"dateModified\":\"2021-03-10T18:20:15+00:00\",\"description\":\"Pedag\u00f3gicamente se plantean tres tipos de evaluaci\u00f3n: Diagn\u00f3stica, Formativa y Sumativa, siendo las caracter\u00edsticas de...\",\"breadcrumb\":{\"@id\":\"https:\\\/\\\/webdelmaestrocmf.com\\\/portal\\\/ernesto-gonzalez-la-evaluacion-requiere-ser-vacunada-no-importa-el-laboratorio\\\/#breadcrumb\"},\"inLanguage\":\"es\",\"potentialAction\":[{\"@type\":\"ReadAction\",\"target\":[\"https:\\\/\\\/webdelmaestrocmf.com\\\/portal\\\/ernesto-gonzalez-la-evaluacion-requiere-ser-vacunada-no-importa-el-laboratorio\\\/\"]}]},{\"@type\":\"ImageObject\",\"inLanguage\":\"es\",\"@id\":\"https:\\\/\\\/webdelmaestrocmf.com\\\/portal\\\/ernesto-gonzalez-la-evaluacion-requiere-ser-vacunada-no-importa-el-laboratorio\\\/#primaryimage\",\"url\":\"https:\\\/\\\/webdelmaestrocmf.com\\\/portal\\\/wp-content\\\/uploads\\\/2021\\\/03\\\/1-copia-16.jpg\",\"contentUrl\":\"https:\\\/\\\/webdelmaestrocmf.com\\\/portal\\\/wp-content\\\/uploads\\\/2021\\\/03\\\/1-copia-16.jpg\",\"width\":1100,\"height\":680},{\"@type\":\"BreadcrumbList\",\"@id\":\"https:\\\/\\\/webdelmaestrocmf.com\\\/portal\\\/ernesto-gonzalez-la-evaluacion-requiere-ser-vacunada-no-importa-el-laboratorio\\\/#breadcrumb\",\"itemListElement\":[{\"@type\":\"ListItem\",\"position\":1,\"name\":\"Portada\",\"item\":\"https:\\\/\\\/webdelmaestrocmf.com\\\/portal\\\/\"},{\"@type\":\"ListItem\",\"position\":2,\"name\":\"Z-Colaboradores\",\"item\":\"https:\\\/\\\/webdelmaestrocmf.com\\\/portal\\\/category\\\/colaborador\\\/\"},{\"@type\":\"ListItem\",\"position\":3,\"name\":\"[Ernesto Gonz\u00e1lez] La evaluaci\u00f3n requiere ser \u201cvacunada\u201d, no importa \u201cel laboratorio\u201d\"}]},{\"@type\":\"WebSite\",\"@id\":\"https:\\\/\\\/webdelmaestrocmf.com\\\/portal\\\/#website\",\"url\":\"https:\\\/\\\/webdelmaestrocmf.com\\\/portal\\\/\",\"name\":\"Web del Maestro CMF\",\"description\":\"Maestros al servicio de la educaci\u00f3n\",\"publisher\":{\"@id\":\"https:\\\/\\\/webdelmaestrocmf.com\\\/portal\\\/#organization\"},\"alternateName\":\"WMCMF\",\"potentialAction\":[{\"@type\":\"SearchAction\",\"target\":{\"@type\":\"EntryPoint\",\"urlTemplate\":\"https:\\\/\\\/webdelmaestrocmf.com\\\/portal\\\/?s={search_term_string}\"},\"query-input\":{\"@type\":\"PropertyValueSpecification\",\"valueRequired\":true,\"valueName\":\"search_term_string\"}}],\"inLanguage\":\"es\"},{\"@type\":\"Organization\",\"@id\":\"https:\\\/\\\/webdelmaestrocmf.com\\\/portal\\\/#organization\",\"name\":\"Web del Maestro CMF\",\"alternateName\":\"WMCMF\",\"url\":\"https:\\\/\\\/webdelmaestrocmf.com\\\/portal\\\/\",\"logo\":{\"@type\":\"ImageObject\",\"inLanguage\":\"es\",\"@id\":\"https:\\\/\\\/webdelmaestrocmf.com\\\/portal\\\/#\\\/schema\\\/logo\\\/image\\\/\",\"url\":\"https:\\\/\\\/webdelmaestrocmf.com\\\/portal\\\/wp-content\\\/uploads\\\/2023\\\/01\\\/logo-wmcmf-2.png\",\"contentUrl\":\"https:\\\/\\\/webdelmaestrocmf.com\\\/portal\\\/wp-content\\\/uploads\\\/2023\\\/01\\\/logo-wmcmf-2.png\",\"width\":200,\"height\":60,\"caption\":\"Web del Maestro CMF\"},\"image\":{\"@id\":\"https:\\\/\\\/webdelmaestrocmf.com\\\/portal\\\/#\\\/schema\\\/logo\\\/image\\\/\"},\"sameAs\":[\"https:\\\/\\\/www.facebook.com\\\/WebdelMaestroCMF\\\/\",\"https:\\\/\\\/x.com\\\/cmf_w\",\"https:\\\/\\\/www.pinterest.com\\\/WMCMF\\\/\",\"https:\\\/\\\/www.linkedin.com\\\/company\\\/web-del-maestro-cmf\\\/\",\"https:\\\/\\\/www.instagram.com\\\/wmcmf\\\/\",\"https:\\\/\\\/www.youtube.com\\\/channel\\\/UCDPSvjbdodE5sHnC3OxutHw\",\"https:\\\/\\\/mastodon.social\\\/@wmcmf\",\"https:\\\/\\\/www.tiktok.com\\\/@webdelmaestrocmf\"]},{\"@type\":\"Person\",\"@id\":\"https:\\\/\\\/webdelmaestrocmf.com\\\/portal\\\/#\\\/schema\\\/person\\\/1072a2ed7bd960df8ef99a551fa35dc5\",\"name\":\"Web del Maestro CMF\",\"image\":{\"@type\":\"ImageObject\",\"inLanguage\":\"es\",\"@id\":\"https:\\\/\\\/secure.gravatar.com\\\/avatar\\\/23291dd5b5ae1077dcff3dbb04c3e02bd28403fa75af6d8787d5e97c5bbbe30b?s=96&d=mm&r=g\",\"url\":\"https:\\\/\\\/secure.gravatar.com\\\/avatar\\\/23291dd5b5ae1077dcff3dbb04c3e02bd28403fa75af6d8787d5e97c5bbbe30b?s=96&d=mm&r=g\",\"contentUrl\":\"https:\\\/\\\/secure.gravatar.com\\\/avatar\\\/23291dd5b5ae1077dcff3dbb04c3e02bd28403fa75af6d8787d5e97c5bbbe30b?s=96&d=mm&r=g\",\"caption\":\"Web del Maestro CMF\"},\"description\":\"Esta Web se cre\u00f3 sin fines de lucro, con fines educativos, cient\u00edficos y acad\u00e9micos, para personas que tengan dificultades y\\\/o inconvenientes en visualizar el material original. El objetivo es entregar recursos, compartir experiencias y materiales que ayuden a los padres de familia, maestros y estudiantes en su actualizaci\u00f3n y formaci\u00f3n permanente, en bien de la Educaci\u00f3n.\",\"sameAs\":[\"http:\\\/\\\/webdelmaestrocmf.com\\\/portal\",\"https:\\\/\\\/www.facebook.com\\\/WebdelMaestroCMF\\\/\",\"https:\\\/\\\/www.instagram.com\\\/wmcmf\\\/\",\"https:\\\/\\\/cl.linkedin.com\\\/company\\\/web-del-maestro-cmf\",\"https:\\\/\\\/www.pinterest.com\\\/WMCMF\\\/publicaciones\\\/\",\"https:\\\/\\\/x.com\\\/cmf_w\",\"https:\\\/\\\/www.youtube.com\\\/@WMCMF\"]}]}<\/script>\n<!-- \/ Yoast SEO plugin. -->","yoast_head_json":{"title":"[Ernesto Gonz\u00e1lez] La evaluaci\u00f3n requiere ser \u201cvacunada\u201d, no importa \u201cel laboratorio\u201d - 2026","description":"Pedag\u00f3gicamente se plantean tres tipos de evaluaci\u00f3n: Diagn\u00f3stica, Formativa y Sumativa, siendo las caracter\u00edsticas de...","robots":{"index":"index","follow":"follow","max-snippet":"max-snippet:-1","max-image-preview":"max-image-preview:large","max-video-preview":"max-video-preview:-1"},"canonical":"https:\/\/webdelmaestrocmf.com\/portal\/ernesto-gonzalez-la-evaluacion-requiere-ser-vacunada-no-importa-el-laboratorio\/","og_locale":"es_ES","og_type":"article","og_title":"[Ernesto Gonz\u00e1lez] La evaluaci\u00f3n requiere ser \u201cvacunada\u201d, no importa \u201cel laboratorio\u201d - 2026","og_description":"Pedag\u00f3gicamente se plantean tres tipos de evaluaci\u00f3n: Diagn\u00f3stica, Formativa y Sumativa, siendo las caracter\u00edsticas de...","og_url":"https:\/\/webdelmaestrocmf.com\/portal\/ernesto-gonzalez-la-evaluacion-requiere-ser-vacunada-no-importa-el-laboratorio\/","og_site_name":"Web del Maestro CMF","article_publisher":"https:\/\/www.facebook.com\/WebdelMaestroCMF\/","article_author":"https:\/\/www.facebook.com\/WebdelMaestroCMF\/","article_published_time":"2021-03-10T18:11:00+00:00","article_modified_time":"2021-03-10T18:20:15+00:00","og_image":[{"width":1100,"height":680,"url":"https:\/\/i0.wp.com\/webdelmaestrocmf.com\/portal\/wp-content\/uploads\/2021\/03\/1-copia-16.jpg?fit=1100%2C680&ssl=1","type":"image\/jpeg"}],"author":"Web del Maestro CMF","twitter_card":"summary_large_image","twitter_creator":"@cmf_w","twitter_site":"@cmf_w","schema":{"@context":"https:\/\/schema.org","@graph":[{"@type":"ScholarlyArticle","@id":"https:\/\/webdelmaestrocmf.com\/portal\/ernesto-gonzalez-la-evaluacion-requiere-ser-vacunada-no-importa-el-laboratorio\/#article","isPartOf":{"@id":"https:\/\/webdelmaestrocmf.com\/portal\/ernesto-gonzalez-la-evaluacion-requiere-ser-vacunada-no-importa-el-laboratorio\/"},"author":{"name":"Web del Maestro CMF","@id":"https:\/\/webdelmaestrocmf.com\/portal\/#\/schema\/person\/1072a2ed7bd960df8ef99a551fa35dc5"},"headline":"[Ernesto Gonz\u00e1lez] La evaluaci\u00f3n requiere ser \u201cvacunada\u201d, no importa \u201cel laboratorio\u201d","datePublished":"2021-03-10T18:11:00+00:00","dateModified":"2021-03-10T18:20:15+00:00","mainEntityOfPage":{"@id":"https:\/\/webdelmaestrocmf.com\/portal\/ernesto-gonzalez-la-evaluacion-requiere-ser-vacunada-no-importa-el-laboratorio\/"},"wordCount":739,"commentCount":0,"publisher":{"@id":"https:\/\/webdelmaestrocmf.com\/portal\/#organization"},"image":{"@id":"https:\/\/webdelmaestrocmf.com\/portal\/ernesto-gonzalez-la-evaluacion-requiere-ser-vacunada-no-importa-el-laboratorio\/#primaryimage"},"thumbnailUrl":"https:\/\/webdelmaestrocmf.com\/portal\/wp-content\/uploads\/2021\/03\/1-copia-16.jpg","keywords":["equiere","ERNESTO GONZALEZ","evaluaci\u00f3n r","importa","LABORATORIO","SER","vacunada"],"articleSection":["Z-Colaboradores","Z-Colaboradores-Ernesto-Gonzalez"],"inLanguage":"es","potentialAction":[{"@type":"CommentAction","name":"Comment","target":["https:\/\/webdelmaestrocmf.com\/portal\/ernesto-gonzalez-la-evaluacion-requiere-ser-vacunada-no-importa-el-laboratorio\/#respond"]}]},{"@type":"WebPage","@id":"https:\/\/webdelmaestrocmf.com\/portal\/ernesto-gonzalez-la-evaluacion-requiere-ser-vacunada-no-importa-el-laboratorio\/","url":"https:\/\/webdelmaestrocmf.com\/portal\/ernesto-gonzalez-la-evaluacion-requiere-ser-vacunada-no-importa-el-laboratorio\/","name":"[Ernesto Gonz\u00e1lez] La evaluaci\u00f3n requiere ser \u201cvacunada\u201d, no importa \u201cel laboratorio\u201d - 2026","isPartOf":{"@id":"https:\/\/webdelmaestrocmf.com\/portal\/#website"},"primaryImageOfPage":{"@id":"https:\/\/webdelmaestrocmf.com\/portal\/ernesto-gonzalez-la-evaluacion-requiere-ser-vacunada-no-importa-el-laboratorio\/#primaryimage"},"image":{"@id":"https:\/\/webdelmaestrocmf.com\/portal\/ernesto-gonzalez-la-evaluacion-requiere-ser-vacunada-no-importa-el-laboratorio\/#primaryimage"},"thumbnailUrl":"https:\/\/webdelmaestrocmf.com\/portal\/wp-content\/uploads\/2021\/03\/1-copia-16.jpg","datePublished":"2021-03-10T18:11:00+00:00","dateModified":"2021-03-10T18:20:15+00:00","description":"Pedag\u00f3gicamente se plantean tres tipos de evaluaci\u00f3n: Diagn\u00f3stica, Formativa y Sumativa, siendo las caracter\u00edsticas de...","breadcrumb":{"@id":"https:\/\/webdelmaestrocmf.com\/portal\/ernesto-gonzalez-la-evaluacion-requiere-ser-vacunada-no-importa-el-laboratorio\/#breadcrumb"},"inLanguage":"es","potentialAction":[{"@type":"ReadAction","target":["https:\/\/webdelmaestrocmf.com\/portal\/ernesto-gonzalez-la-evaluacion-requiere-ser-vacunada-no-importa-el-laboratorio\/"]}]},{"@type":"ImageObject","inLanguage":"es","@id":"https:\/\/webdelmaestrocmf.com\/portal\/ernesto-gonzalez-la-evaluacion-requiere-ser-vacunada-no-importa-el-laboratorio\/#primaryimage","url":"https:\/\/webdelmaestrocmf.com\/portal\/wp-content\/uploads\/2021\/03\/1-copia-16.jpg","contentUrl":"https:\/\/webdelmaestrocmf.com\/portal\/wp-content\/uploads\/2021\/03\/1-copia-16.jpg","width":1100,"height":680},{"@type":"BreadcrumbList","@id":"https:\/\/webdelmaestrocmf.com\/portal\/ernesto-gonzalez-la-evaluacion-requiere-ser-vacunada-no-importa-el-laboratorio\/#breadcrumb","itemListElement":[{"@type":"ListItem","position":1,"name":"Portada","item":"https:\/\/webdelmaestrocmf.com\/portal\/"},{"@type":"ListItem","position":2,"name":"Z-Colaboradores","item":"https:\/\/webdelmaestrocmf.com\/portal\/category\/colaborador\/"},{"@type":"ListItem","position":3,"name":"[Ernesto Gonz\u00e1lez] La evaluaci\u00f3n requiere ser \u201cvacunada\u201d, no importa \u201cel laboratorio\u201d"}]},{"@type":"WebSite","@id":"https:\/\/webdelmaestrocmf.com\/portal\/#website","url":"https:\/\/webdelmaestrocmf.com\/portal\/","name":"Web del Maestro CMF","description":"Maestros al servicio de la educaci\u00f3n","publisher":{"@id":"https:\/\/webdelmaestrocmf.com\/portal\/#organization"},"alternateName":"WMCMF","potentialAction":[{"@type":"SearchAction","target":{"@type":"EntryPoint","urlTemplate":"https:\/\/webdelmaestrocmf.com\/portal\/?s={search_term_string}"},"query-input":{"@type":"PropertyValueSpecification","valueRequired":true,"valueName":"search_term_string"}}],"inLanguage":"es"},{"@type":"Organization","@id":"https:\/\/webdelmaestrocmf.com\/portal\/#organization","name":"Web del Maestro CMF","alternateName":"WMCMF","url":"https:\/\/webdelmaestrocmf.com\/portal\/","logo":{"@type":"ImageObject","inLanguage":"es","@id":"https:\/\/webdelmaestrocmf.com\/portal\/#\/schema\/logo\/image\/","url":"https:\/\/webdelmaestrocmf.com\/portal\/wp-content\/uploads\/2023\/01\/logo-wmcmf-2.png","contentUrl":"https:\/\/webdelmaestrocmf.com\/portal\/wp-content\/uploads\/2023\/01\/logo-wmcmf-2.png","width":200,"height":60,"caption":"Web del Maestro CMF"},"image":{"@id":"https:\/\/webdelmaestrocmf.com\/portal\/#\/schema\/logo\/image\/"},"sameAs":["https:\/\/www.facebook.com\/WebdelMaestroCMF\/","https:\/\/x.com\/cmf_w","https:\/\/www.pinterest.com\/WMCMF\/","https:\/\/www.linkedin.com\/company\/web-del-maestro-cmf\/","https:\/\/www.instagram.com\/wmcmf\/","https:\/\/www.youtube.com\/channel\/UCDPSvjbdodE5sHnC3OxutHw","https:\/\/mastodon.social\/@wmcmf","https:\/\/www.tiktok.com\/@webdelmaestrocmf"]},{"@type":"Person","@id":"https:\/\/webdelmaestrocmf.com\/portal\/#\/schema\/person\/1072a2ed7bd960df8ef99a551fa35dc5","name":"Web del Maestro CMF","image":{"@type":"ImageObject","inLanguage":"es","@id":"https:\/\/secure.gravatar.com\/avatar\/23291dd5b5ae1077dcff3dbb04c3e02bd28403fa75af6d8787d5e97c5bbbe30b?s=96&d=mm&r=g","url":"https:\/\/secure.gravatar.com\/avatar\/23291dd5b5ae1077dcff3dbb04c3e02bd28403fa75af6d8787d5e97c5bbbe30b?s=96&d=mm&r=g","contentUrl":"https:\/\/secure.gravatar.com\/avatar\/23291dd5b5ae1077dcff3dbb04c3e02bd28403fa75af6d8787d5e97c5bbbe30b?s=96&d=mm&r=g","caption":"Web del Maestro CMF"},"description":"Esta Web se cre\u00f3 sin fines de lucro, con fines educativos, cient\u00edficos y acad\u00e9micos, para personas que tengan dificultades y\/o inconvenientes en visualizar el material original. El objetivo es entregar recursos, compartir experiencias y materiales que ayuden a los padres de familia, maestros y estudiantes en su actualizaci\u00f3n y formaci\u00f3n permanente, en bien de la Educaci\u00f3n.","sameAs":["http:\/\/webdelmaestrocmf.com\/portal","https:\/\/www.facebook.com\/WebdelMaestroCMF\/","https:\/\/www.instagram.com\/wmcmf\/","https:\/\/cl.linkedin.com\/company\/web-del-maestro-cmf","https:\/\/www.pinterest.com\/WMCMF\/publicaciones\/","https:\/\/x.com\/cmf_w","https:\/\/www.youtube.com\/@WMCMF"]}]}},"jetpack_featured_media_url":"https:\/\/webdelmaestrocmf.com\/portal\/wp-content\/uploads\/2021\/03\/1-copia-16.jpg","jetpack_sharing_enabled":true,"jetpack-related-posts":[{"id":63531,"url":"https:\/\/webdelmaestrocmf.com\/portal\/ernesto-gonzalez-la-rubrica-como-instrumento-de-evaluacion-para-el-trabajo-online-o-educacion-remota-webinar\/","url_meta":{"origin":60336,"position":0},"title":"[Ernesto Gonz\u00e1lez] La r\u00fabrica como instrumento de evaluaci\u00f3n para el trabajo online o educaci\u00f3n remota (Webinar)","author":"Web del Maestro CMF","date":"29 mayo, 2021","format":false,"excerpt":"Los instrumentos y herramientas para evaluar el aprendizaje, de acuerdo a la realidad de nuestros estudiantes, para analizar y conocer el real desempe\u00f1o del estudiantado, as\u00ed como la planificaci\u00f3n de la retroalimentaci\u00f3n a modo de \u201cterm\u00f3metro\u201d, son recursos pedag\u00f3gicos fundamentales para nuestra tarea docente. El conocerlos, saber aplicarlos y tener\u2026","rel":"","context":"En \u00abZ-Colaboradores\u00bb","block_context":{"text":"Z-Colaboradores","link":"https:\/\/webdelmaestrocmf.com\/portal\/category\/colaborador\/"},"img":{"alt_text":"","src":"https:\/\/i0.wp.com\/webdelmaestrocmf.com\/portal\/wp-content\/uploads\/2021\/05\/1-copia-40.jpg?resize=350%2C200&ssl=1","width":350,"height":200,"srcset":"https:\/\/i0.wp.com\/webdelmaestrocmf.com\/portal\/wp-content\/uploads\/2021\/05\/1-copia-40.jpg?resize=350%2C200&ssl=1 1x, https:\/\/i0.wp.com\/webdelmaestrocmf.com\/portal\/wp-content\/uploads\/2021\/05\/1-copia-40.jpg?resize=525%2C300&ssl=1 1.5x, https:\/\/i0.wp.com\/webdelmaestrocmf.com\/portal\/wp-content\/uploads\/2021\/05\/1-copia-40.jpg?resize=700%2C400&ssl=1 2x, https:\/\/i0.wp.com\/webdelmaestrocmf.com\/portal\/wp-content\/uploads\/2021\/05\/1-copia-40.jpg?resize=1050%2C600&ssl=1 3x"},"classes":[]},{"id":36325,"url":"https:\/\/webdelmaestrocmf.com\/portal\/ernesto-gonzalez-me-correran-del-trabajo\/","url_meta":{"origin":60336,"position":1},"title":"[ERNESTO GONZ\u00c1LEZ] \u00bfME CORRER\u00c1N DEL TRABAJO?","author":"Web del Maestro CMF","date":"1 mayo, 2019","format":false,"excerpt":"\u00bfCu\u00e1ndo surge el temor, dada la interrogante del t\u00edtulo del presente art\u00edculo, en la persona? Posiblemente donde no hay o no existe una cultura de evaluaci\u00f3n, d\u00f3nde no se manejan que le evaluar\u00e1n - no solo a las personas- a las instituciones, empresas mismas cuyo resultado final a la larga\u2026","rel":"","context":"En \u00abZ-Colaboradores\u00bb","block_context":{"text":"Z-Colaboradores","link":"https:\/\/webdelmaestrocmf.com\/portal\/category\/colaborador\/"},"img":{"alt_text":"","src":"https:\/\/i0.wp.com\/webdelmaestrocmf.com\/portal\/wp-content\/uploads\/2019\/05\/1-1.jpg?resize=350%2C200&ssl=1","width":350,"height":200,"srcset":"https:\/\/i0.wp.com\/webdelmaestrocmf.com\/portal\/wp-content\/uploads\/2019\/05\/1-1.jpg?resize=350%2C200&ssl=1 1x, https:\/\/i0.wp.com\/webdelmaestrocmf.com\/portal\/wp-content\/uploads\/2019\/05\/1-1.jpg?resize=525%2C300&ssl=1 1.5x, https:\/\/i0.wp.com\/webdelmaestrocmf.com\/portal\/wp-content\/uploads\/2019\/05\/1-1.jpg?resize=700%2C400&ssl=1 2x, https:\/\/i0.wp.com\/webdelmaestrocmf.com\/portal\/wp-content\/uploads\/2019\/05\/1-1.jpg?resize=1050%2C600&ssl=1 3x"},"classes":[]},{"id":60580,"url":"https:\/\/webdelmaestrocmf.com\/portal\/ernesto-gonzalez-el-plenario-una-estrategia-de-ensenanza-aprendizaje\/","url_meta":{"origin":60336,"position":2},"title":"[Ernesto Gonz\u00e1lez] El Plenario, una estrategia de ense\u00f1anza aprendizaje","author":"Web del Maestro CMF","date":"16 marzo, 2021","format":false,"excerpt":"Resulta innegable en el presente y nuevo siglo XXI, la incorporaci\u00f3n de un conjunto de acciones planificadas y dise\u00f1adas (estrategias) por el\/la docente, para facilitar la toma de decisiones y orientadas a alcanzar un determinado resultado, en nuestro caso las competencias de cada unidad o tema, por parte del estudiante.\u2026","rel":"","context":"En \u00abZ-Colaboradores\u00bb","block_context":{"text":"Z-Colaboradores","link":"https:\/\/webdelmaestrocmf.com\/portal\/category\/colaborador\/"},"img":{"alt_text":"","src":"https:\/\/i0.wp.com\/webdelmaestrocmf.com\/portal\/wp-content\/uploads\/2021\/03\/1-copia-26.jpg?resize=350%2C200&ssl=1","width":350,"height":200,"srcset":"https:\/\/i0.wp.com\/webdelmaestrocmf.com\/portal\/wp-content\/uploads\/2021\/03\/1-copia-26.jpg?resize=350%2C200&ssl=1 1x, https:\/\/i0.wp.com\/webdelmaestrocmf.com\/portal\/wp-content\/uploads\/2021\/03\/1-copia-26.jpg?resize=525%2C300&ssl=1 1.5x, https:\/\/i0.wp.com\/webdelmaestrocmf.com\/portal\/wp-content\/uploads\/2021\/03\/1-copia-26.jpg?resize=700%2C400&ssl=1 2x, https:\/\/i0.wp.com\/webdelmaestrocmf.com\/portal\/wp-content\/uploads\/2021\/03\/1-copia-26.jpg?resize=1050%2C600&ssl=1 3x"},"classes":[]},{"id":49000,"url":"https:\/\/webdelmaestrocmf.com\/portal\/ernesto-gonzalez-un-paso-complejo-las-clases-en-modalidad-virtual\/","url_meta":{"origin":60336,"position":3},"title":"[Ernesto Gonz\u00e1lez] Un paso complejo, las clases en modalidad virtual","author":"Web del Maestro CMF","date":"12 julio, 2020","format":false,"excerpt":"En el art\u00edculo o tema de la semana anterior \u201cUna neo educaci\u00f3n\u2026\u201d, en el \u00faltimo p\u00e1rrafo expres\u00e1bamos varias interrogantes ante la posible modalidad de clases virtuales: \u00bfy la forma de impartir la clase \u2013 como forma de organizaci\u00f3n de la ense\u00f1anza \u2013 a trav\u00e9s de conferencias, clases pr\u00e1cticas, laboratorios, trabajos\u2026","rel":"","context":"En \u00abZ-Colaboradores\u00bb","block_context":{"text":"Z-Colaboradores","link":"https:\/\/webdelmaestrocmf.com\/portal\/category\/colaborador\/"},"img":{"alt_text":"","src":"https:\/\/i0.wp.com\/webdelmaestrocmf.com\/portal\/wp-content\/uploads\/2020\/07\/1-37.jpg?resize=350%2C200&ssl=1","width":350,"height":200,"srcset":"https:\/\/i0.wp.com\/webdelmaestrocmf.com\/portal\/wp-content\/uploads\/2020\/07\/1-37.jpg?resize=350%2C200&ssl=1 1x, https:\/\/i0.wp.com\/webdelmaestrocmf.com\/portal\/wp-content\/uploads\/2020\/07\/1-37.jpg?resize=525%2C300&ssl=1 1.5x, https:\/\/i0.wp.com\/webdelmaestrocmf.com\/portal\/wp-content\/uploads\/2020\/07\/1-37.jpg?resize=700%2C400&ssl=1 2x, https:\/\/i0.wp.com\/webdelmaestrocmf.com\/portal\/wp-content\/uploads\/2020\/07\/1-37.jpg?resize=1050%2C600&ssl=1 3x"},"classes":[]},{"id":49217,"url":"https:\/\/webdelmaestrocmf.com\/portal\/ernesto-gonzalez-estrategias-de-aprendizaje-que-se-que-quiero-saber-que-aprendi-sqa\/","url_meta":{"origin":60336,"position":4},"title":"[Ernesto Gonz\u00e1lez] Estrategias de aprendizaje. Qu\u00e9 s\u00e9, qu\u00e9 quiero saber, qu\u00e9 aprend\u00ed (SQA)","author":"Web del Maestro CMF","date":"18 julio, 2020","format":false,"excerpt":"Resulta innegable en el presente y nuevo siglo XXI, la incorporaci\u00f3n de un conjunto de acciones planificadas y dise\u00f1adas (estrategias) por el\/la docente, para facilitar la toma de decisiones y orientadas a alcanzar un determinado resultado, en nuestro caso las competencias de cada unidad o tema, por parte del estudiante.\u2026","rel":"","context":"En \u00abZ-Colaboradores\u00bb","block_context":{"text":"Z-Colaboradores","link":"https:\/\/webdelmaestrocmf.com\/portal\/category\/colaborador\/"},"img":{"alt_text":"","src":"https:\/\/i0.wp.com\/webdelmaestrocmf.com\/portal\/wp-content\/uploads\/2020\/07\/1-59.jpg?resize=350%2C200&ssl=1","width":350,"height":200,"srcset":"https:\/\/i0.wp.com\/webdelmaestrocmf.com\/portal\/wp-content\/uploads\/2020\/07\/1-59.jpg?resize=350%2C200&ssl=1 1x, https:\/\/i0.wp.com\/webdelmaestrocmf.com\/portal\/wp-content\/uploads\/2020\/07\/1-59.jpg?resize=525%2C300&ssl=1 1.5x, https:\/\/i0.wp.com\/webdelmaestrocmf.com\/portal\/wp-content\/uploads\/2020\/07\/1-59.jpg?resize=700%2C400&ssl=1 2x, https:\/\/i0.wp.com\/webdelmaestrocmf.com\/portal\/wp-content\/uploads\/2020\/07\/1-59.jpg?resize=1050%2C600&ssl=1 3x"},"classes":[]},{"id":72920,"url":"https:\/\/webdelmaestrocmf.com\/portal\/ernesto-gonzalez-algo-tan-espinoso-que-merece-ser-estudiado-y-actualizado\/","url_meta":{"origin":60336,"position":5},"title":"[Ernesto Gonz\u00e1lez] Algo tan espinoso\u2026 que merece ser estudiado y actualizado","author":"Web del Maestro CMF","date":"11 enero, 2022","format":false,"excerpt":"Recientemente impart\u00edamos un Webinar (\u201cLa evaluaci\u00f3n bajo la modalidad remota o virtual\u201d[1]), donde se sumaron personas de 14 pa\u00edses, procedentes de Centroam\u00e9rica, Europa, Am\u00e9rica del Sur, lo que por una parte me agrad\u00f3 a modo de est\u00edmulo, pero por otra el tema en s\u00ed, que por lo visto resultaba necesario\u2026","rel":"","context":"En \u00abZ-Colaboradores\u00bb","block_context":{"text":"Z-Colaboradores","link":"https:\/\/webdelmaestrocmf.com\/portal\/category\/colaborador\/"},"img":{"alt_text":"","src":"https:\/\/i0.wp.com\/webdelmaestrocmf.com\/portal\/wp-content\/uploads\/2022\/01\/1-55.jpg?resize=350%2C200&ssl=1","width":350,"height":200,"srcset":"https:\/\/i0.wp.com\/webdelmaestrocmf.com\/portal\/wp-content\/uploads\/2022\/01\/1-55.jpg?resize=350%2C200&ssl=1 1x, https:\/\/i0.wp.com\/webdelmaestrocmf.com\/portal\/wp-content\/uploads\/2022\/01\/1-55.jpg?resize=525%2C300&ssl=1 1.5x, https:\/\/i0.wp.com\/webdelmaestrocmf.com\/portal\/wp-content\/uploads\/2022\/01\/1-55.jpg?resize=700%2C400&ssl=1 2x, https:\/\/i0.wp.com\/webdelmaestrocmf.com\/portal\/wp-content\/uploads\/2022\/01\/1-55.jpg?resize=1050%2C600&ssl=1 3x"},"classes":[]}],"_links":{"self":[{"href":"https:\/\/webdelmaestrocmf.com\/portal\/wp-json\/wp\/v2\/posts\/60336","targetHints":{"allow":["GET"]}}],"collection":[{"href":"https:\/\/webdelmaestrocmf.com\/portal\/wp-json\/wp\/v2\/posts"}],"about":[{"href":"https:\/\/webdelmaestrocmf.com\/portal\/wp-json\/wp\/v2\/types\/post"}],"author":[{"embeddable":true,"href":"https:\/\/webdelmaestrocmf.com\/portal\/wp-json\/wp\/v2\/users\/1"}],"replies":[{"embeddable":true,"href":"https:\/\/webdelmaestrocmf.com\/portal\/wp-json\/wp\/v2\/comments?post=60336"}],"version-history":[{"count":0,"href":"https:\/\/webdelmaestrocmf.com\/portal\/wp-json\/wp\/v2\/posts\/60336\/revisions"}],"wp:featuredmedia":[{"embeddable":true,"href":"https:\/\/webdelmaestrocmf.com\/portal\/wp-json\/wp\/v2\/media\/60337"}],"wp:attachment":[{"href":"https:\/\/webdelmaestrocmf.com\/portal\/wp-json\/wp\/v2\/media?parent=60336"}],"wp:term":[{"taxonomy":"category","embeddable":true,"href":"https:\/\/webdelmaestrocmf.com\/portal\/wp-json\/wp\/v2\/categories?post=60336"},{"taxonomy":"post_tag","embeddable":true,"href":"https:\/\/webdelmaestrocmf.com\/portal\/wp-json\/wp\/v2\/tags?post=60336"}],"curies":[{"name":"wp","href":"https:\/\/api.w.org\/{rel}","templated":true}]}}