{"id":60250,"date":"2021-03-07T22:47:28","date_gmt":"2021-03-08T01:47:28","guid":{"rendered":"https:\/\/webdelmaestrocmf.com\/portal\/?p=60250"},"modified":"2021-03-07T22:47:28","modified_gmt":"2021-03-08T01:47:28","slug":"papa-francisco-gracias-maestros-por-lo-que-hacen","status":"publish","type":"post","link":"https:\/\/webdelmaestrocmf.com\/portal\/papa-francisco-gracias-maestros-por-lo-que-hacen\/","title":{"rendered":"Papa Francisco: Gracias maestros, por lo que hacen"},"content":{"rendered":"<h5 style=\"text-align: justify;\">En la ciudad de Los \u00c1ngeles (California, USA) se ha desarrollado el Congreso virtual de Educaci\u00f3n Religiosa 2021, con el lema <strong>\u00a1Proclame la promesa! <\/strong>(18-21 de febrero 2021), como alegre y entusiasta \u201cinvitaci\u00f3n radical a creer que <strong>nuestras vidas y nuestro mundo est\u00e1n sostenidos por la promesa de Dios<\/strong>. Ahora m\u00e1s que nunca, necesitamos esperanza y una visi\u00f3n para nuestro futuro\u201d.<\/h5>\n<p><!--more--><\/p>\n<h5 style=\"text-align: justify;\">Los educadores de Educaci\u00f3n Religiosa que se reunieron virtualmente, hacen llegar una invitaci\u00f3n a seguir consolidando un movimiento que, sumando los aportes y riquezas personales, permitan superar el desaf\u00edo de reinventar una nueva ruta pedag\u00f3gica con la ayuda de los recursos digitales.<\/h5>\n<p style=\"text-align: justify;\">Es como moverse como en el juego del <strong>\u201ct\u00e1ndem\u201d<\/strong> \u201cpara unirse en forma de trompeta, el instrumento de proclamaci\u00f3n. A\u00f1adiendo una segunda trompeta, las formas combinadas sugirieron ahora \u00abalas\u00bb. Como un p\u00e1jaro se convirti\u00f3 en el Gran Viento, el Esp\u00edritu Santo &#8230; nuestro \u00abAbogado\u00bb que nos fue dado para calmar nuestro miedo a quedarnos solos. \u00a1Todas las cosas son posibles a trav\u00e9s del Esp\u00edritu Santo y ah\u00ed est\u00e1 la Esperanza! \u00a1Una imagen de celebraci\u00f3n, espiritualidad, calidez y alegr\u00eda &#8230;\u201d (cf <a href=\"https:\/\/es.recongress.org\/tema\" target=\"_blank\" rel=\"noopener\"><strong>RECONGRESS<\/strong><\/a>)<\/p>\n<p><img loading=\"lazy\" decoding=\"async\" class=\"alignnone \" src=\"https:\/\/sc2.elpais.com.uy\/files\/article_default_content\/uploads\/2017\/09\/08\/59b34b8e13b27.jpeg\" width=\"799\" height=\"533\" \/><\/p>\n<p style=\"text-align: justify;\">El Papa Francisco ha querido animar este encuentro y lo ha hacho a trav\u00e9s de un videomensaje, que compartimos, por motivos \u00fanicamente educativos y de formaci\u00f3n permanente, y ojal\u00e1 sirva de recursos para las clases h\u00edbridas que se vislumbran en el horizonte la nueva normalidad educativa.<\/p>\n<h5 style=\"text-align: justify;\"><strong>EN LAS CRISIS SE REVELA EL CORAZ\u00d3N <\/strong>(04\u00b4 59\u201d)<\/h5>\n<p><iframe loading=\"lazy\" src=\"https:\/\/www.youtube.com\/embed\/RHsHzNpJ6MA\" width=\"100%\" height=\"400\" frameborder=\"0\" allowfullscreen=\"allowfullscreen\"><span data-mce-type=\"bookmark\" style=\"display: inline-block; width: 0px; overflow: hidden; line-height: 0;\" class=\"mce_SELRES_start\">\ufeff<\/span><\/iframe><\/p>\n<p style=\"text-align: justify;\">Como habr\u00e1n escuchado, el Papa nos dice que todos, \u201ctirios y troyanos\u201d, creyentes y no creyentes, \u201cestamos en un tiempo dif\u00edcil para todos, es un tiempo de crisis <strong>[&#8230;]\u00a0de la crisis nunca se sale igual, se sale mejor o se sale peor, pero nunca se sale igual.<\/strong> [Es en estas circunstancian en que se debe <strong>manifestar la vocaci\u00f3n docente los profesores de Educaci\u00f3n Religiosa<\/strong>, revelar su coraz\u00f3n formado en la escuela de Jes\u00fas El Maestro]: su solidez, su misericordia, su grandeza, su peque\u00f1ez. Las crisis nos ponen ante la necesidad de <strong>elegir y de optar y de comprometernos por un camino<\/strong>, &#8230; es necesario <strong>construir el ma\u00f1ana, mirar el futuro,<\/strong> y para ello hacen falta el compromiso, la fuerza y la dedicaci\u00f3n de todos\u201d.<\/p>\n<p style=\"text-align: justify;\">Art\u00edculo relacionado:<\/p>\n<p><iframe loading=\"lazy\" class=\"wp-embedded-content\" title=\"\u00abPapa Francisco: Ciertos ni\u00f1os, a pesar de las dificultades, pueden seguir recibiendo una educaci\u00f3n escolar, mientras que para much\u00edsimos otros esta se ha interrumpido bruscamente\u00bb \u2014 Web del Maestro CMF\" src=\"https:\/\/webdelmaestrocmf.com\/portal\/papa-francisco-ciertos-ninos-a-pesar-de-las-dificultades-pueden-seguir-recibiendo-una-educacion-escolar-mientras-que-para-muchisimos-otros-esta-se-ha-interrumpido-bruscamente\/embed\/\" width=\"100%\" height=\"100\" frameborder=\"0\" marginwidth=\"0\" marginheight=\"0\" scrolling=\"no\" sandbox=\"allow-scripts\"><span data-mce-type=\"bookmark\" style=\"display: inline-block; width: 0px; overflow: hidden; line-height: 0;\" class=\"mce_SELRES_start\">\ufeff<\/span><\/iframe><\/p>\n<p style=\"text-align: justify;\">\u201cLos <strong>testimonios de amor generoso y gratuito<\/strong> que hemos presenciado durante todos estos meses -tantos testimonios- han dejado una huella imborrable en las conciencias y en el tejido de la sociedad, <strong>ense\u00f1ando cu\u00e1n necesaria es la cercan\u00eda, el cuidado, el acompa\u00f1amiento y el sacrificio para alimentar la fraternidad<\/strong>. [Tambi\u00e9n los profesores y catequistas] han sido anuncio y realizaci\u00f3n de la promesa de Dios\u201d.<\/p>\n<p style=\"text-align: justify;\">Aqu\u00ed tienen Ustedes el texto completo: <a href=\"http:\/\/www.vatican.va\/content\/francesco\/es\/messages\/pont-messages\/2021\/documents\/papa-francesco_20210219_videomessaggio-educazionereligiosa.html\" target=\"_blank\" rel=\"noopener\"><strong>A LOS PARTICIPANTES EN EL CONGRESO DE EDUCACI\u00d3N RELIGIOSA, PATROCINADO POR LA ARQUIDI\u00d3CESIS DE LOS \u00c1NGELES.<\/strong><\/a><\/p>\n<p style=\"text-align: center;\"><em>\u201cLos sue\u00f1os se construyen juntos. So\u00f1emos como una \u00fanica humanidad, como caminantes de la misma carne humana, como hijos de esta misma tierra que nos cobija a todos, cada uno con la riqueza de su fe o de sus convicciones, cada uno con su propia voz, pero s\u00ed, todos hermanos\u201d.<\/em><\/p>\n<p style=\"text-align: right;\"><strong>REDACCI\u00d3N WEB DEL MAESTRO CMF<\/strong><\/p>\n\t\t<div class=\"pk-inline-posts\">\n\t\t\t\n\t\t\t<div class=\"pk-inline-posts-container pk-inline-posts-template-list\"\n\t\t\t\tdata-columns=\"1\">\n\t\t\t\t\t\t<article id=\"post-117930\" class=\"post-117930 post type-post status-publish format-standard has-post-thumbnail category-pastoral category-noticias-internacionales category-papa-leon-xiv tag-conflictos tag-derechos-humanos tag-educacion-en-valores-2 tag-etica-3 tag-justicia-social tag-liderazgo tag-papa-2 tag-paz tag-reflexion-2 tag-solidaridad cs-entry cs-video-wrap\">\n\t\t\t<div class=\"pk-post-outer\">\n\n\t\t\t\t\t\t\t\t<div class=\"pk-post-inner\">\n\t\t\t\t\t<div class=\"entry-thumbnail\">\n\t\t\t\t\t\t<div class=\"pk-overlay pk-overlay-ratio pk-ratio-landscape\">\n\t\t\t\t\t\t\t<div class=\"pk-overlay-background\">\n\t\t\t\t\t\t\t\t<a href=\"https:\/\/webdelmaestrocmf.com\/portal\/papa-leon-xiv-el-mundo-esta-siendo-destruido-por-unos-pocos-tiranos-en-referencia-a-trump\/\" class=\"pk-overlay-link\">\n\t\t\t\t\t\t\t\t\t<img loading=\"lazy\" decoding=\"async\" width=\"300\" height=\"225\" src=\"https:\/\/webdelmaestrocmf.com\/portal\/wp-content\/uploads\/2026\/04\/1AA-Banner-1-portada-imagen-10-1-copia-30-300x225.webp\" class=\"attachment-pk-thumbnail size-pk-thumbnail wp-post-image\" alt=\"\" \/>\t\t\t\t\t\t\t\t<\/a>\n\t\t\t\t\t\t\t<\/div>\n\t\t\t\t\t\t<\/div>\n\t\t\t\t\t<\/div>\n\t\t\t\t<\/div>\n\t\t\t\t\n\t\t\t\t<div class=\"pk-post-inner\">\n\t\t\t\t\t<header>\n\t\t\t\t\t\t<h3 class=\"pk-title\"><a href=\"https:\/\/webdelmaestrocmf.com\/portal\/papa-leon-xiv-el-mundo-esta-siendo-destruido-por-unos-pocos-tiranos-en-referencia-a-trump\/\" rel=\"bookmark\">Papa Le\u00f3n XIV: \u201cEl mundo est\u00e1 siendo destruido por unos pocos tiranos\u201d, en referencia a Trump<\/a><\/h3>\t\t\t\t\t<\/header><!-- .entry-header -->\n\t\t\t\t<\/div><!-- .post-inner -->\n\n\t\t\t<\/div><!-- .post-outer -->\n\t\t<\/article>\n\t\t\t\t<\/div>\n\t\t<\/div>\n\t\t\n","protected":false},"excerpt":{"rendered":"En la ciudad de Los \u00c1ngeles (California, USA) se ha desarrollado el Congreso virtual de Educaci\u00f3n Religiosa 2021,&hellip;","protected":false},"author":1,"featured_media":60251,"comment_status":"open","ping_status":"closed","sticky":false,"template":"","format":"standard","meta":{"csco_display_header_overlay":false,"csco_singular_sidebar":"default","csco_page_header_type":"default","csco_page_load_nextpost":"default","csco_post_video_location":[],"csco_post_video_location_hash":"","csco_post_video_url":"","csco_post_video_bg_start_time":0,"csco_post_video_bg_end_time":0,"csco_post_video_bg_volume":false,"_jetpack_memberships_contains_paid_content":false,"footnotes":""},"categories":[431,467],"tags":[1684,3006,190,218],"class_list":{"0":"post-60250","1":"post","2":"type-post","3":"status-publish","4":"format-standard","5":"has-post-thumbnail","7":"category-pastoral","8":"category-papa-francisco","9":"tag-gracias","10":"tag-hacen","11":"tag-maestros","12":"tag-papa-francisco","13":"cs-entry","14":"cs-video-wrap"},"yoast_head":"<!-- This site is optimized with the Yoast SEO plugin v27.5 - https:\/\/yoast.com\/product\/yoast-seo-wordpress\/ -->\n<title>Papa Francisco: Gracias maestros, por lo que hacen - 2026<\/title>\n<meta name=\"description\" content=\"En la ciudad de Los \u00c1ngeles (California, USA) se ha desarrollado el Congreso virtual de Educaci\u00f3n Religiosa 2021, con el lema \u00a1Proclame...\" \/>\n<meta name=\"robots\" content=\"index, follow, max-snippet:-1, max-image-preview:large, max-video-preview:-1\" \/>\n<link rel=\"canonical\" href=\"https:\/\/webdelmaestrocmf.com\/portal\/papa-francisco-gracias-maestros-por-lo-que-hacen\/\" \/>\n<meta property=\"og:locale\" content=\"es_ES\" \/>\n<meta property=\"og:type\" content=\"article\" \/>\n<meta property=\"og:title\" content=\"Papa Francisco: Gracias maestros, por lo que hacen - 2026\" \/>\n<meta property=\"og:description\" content=\"En la ciudad de Los \u00c1ngeles (California, USA) se ha desarrollado el Congreso virtual de Educaci\u00f3n Religiosa 2021, con el lema \u00a1Proclame...\" \/>\n<meta property=\"og:url\" content=\"https:\/\/webdelmaestrocmf.com\/portal\/papa-francisco-gracias-maestros-por-lo-que-hacen\/\" \/>\n<meta property=\"og:site_name\" content=\"Web del Maestro CMF\" \/>\n<meta property=\"article:publisher\" content=\"https:\/\/www.facebook.com\/WebdelMaestroCMF\/\" \/>\n<meta property=\"article:author\" content=\"https:\/\/www.facebook.com\/WebdelMaestroCMF\/\" \/>\n<meta property=\"article:published_time\" content=\"2021-03-08T01:47:28+00:00\" \/>\n<meta property=\"og:image\" content=\"https:\/\/i0.wp.com\/webdelmaestrocmf.com\/portal\/wp-content\/uploads\/2021\/03\/1-39.jpg?fit=1100%2C680&ssl=1\" \/>\n\t<meta property=\"og:image:width\" content=\"1100\" \/>\n\t<meta property=\"og:image:height\" content=\"680\" \/>\n\t<meta property=\"og:image:type\" content=\"image\/jpeg\" \/>\n<meta name=\"author\" content=\"Web del Maestro CMF\" \/>\n<meta name=\"twitter:card\" content=\"summary_large_image\" \/>\n<meta name=\"twitter:creator\" content=\"@cmf_w\" \/>\n<meta name=\"twitter:site\" content=\"@cmf_w\" \/>\n<script type=\"application\/ld+json\" class=\"yoast-schema-graph\">{\"@context\":\"https:\\\/\\\/schema.org\",\"@graph\":[{\"@type\":\"ScholarlyArticle\",\"@id\":\"https:\\\/\\\/webdelmaestrocmf.com\\\/portal\\\/papa-francisco-gracias-maestros-por-lo-que-hacen\\\/#article\",\"isPartOf\":{\"@id\":\"https:\\\/\\\/webdelmaestrocmf.com\\\/portal\\\/papa-francisco-gracias-maestros-por-lo-que-hacen\\\/\"},\"author\":{\"name\":\"Web del Maestro CMF\",\"@id\":\"https:\\\/\\\/webdelmaestrocmf.com\\\/portal\\\/#\\\/schema\\\/person\\\/1072a2ed7bd960df8ef99a551fa35dc5\"},\"headline\":\"Papa Francisco: Gracias maestros, por lo que hacen\",\"datePublished\":\"2021-03-08T01:47:28+00:00\",\"mainEntityOfPage\":{\"@id\":\"https:\\\/\\\/webdelmaestrocmf.com\\\/portal\\\/papa-francisco-gracias-maestros-por-lo-que-hacen\\\/\"},\"wordCount\":551,\"commentCount\":0,\"publisher\":{\"@id\":\"https:\\\/\\\/webdelmaestrocmf.com\\\/portal\\\/#organization\"},\"image\":{\"@id\":\"https:\\\/\\\/webdelmaestrocmf.com\\\/portal\\\/papa-francisco-gracias-maestros-por-lo-que-hacen\\\/#primaryimage\"},\"thumbnailUrl\":\"https:\\\/\\\/webdelmaestrocmf.com\\\/portal\\\/wp-content\\\/uploads\\\/2021\\\/03\\\/1-39.jpg\",\"keywords\":[\"GRACIAS\",\"HACEN\",\"Maestros\",\"Papa Francisco\"],\"articleSection\":[\"Mundo cart\u00f3lico\",\"Papa Francisco\"],\"inLanguage\":\"es\",\"potentialAction\":[{\"@type\":\"CommentAction\",\"name\":\"Comment\",\"target\":[\"https:\\\/\\\/webdelmaestrocmf.com\\\/portal\\\/papa-francisco-gracias-maestros-por-lo-que-hacen\\\/#respond\"]}]},{\"@type\":\"WebPage\",\"@id\":\"https:\\\/\\\/webdelmaestrocmf.com\\\/portal\\\/papa-francisco-gracias-maestros-por-lo-que-hacen\\\/\",\"url\":\"https:\\\/\\\/webdelmaestrocmf.com\\\/portal\\\/papa-francisco-gracias-maestros-por-lo-que-hacen\\\/\",\"name\":\"Papa Francisco: Gracias maestros, por lo que hacen - 2026\",\"isPartOf\":{\"@id\":\"https:\\\/\\\/webdelmaestrocmf.com\\\/portal\\\/#website\"},\"primaryImageOfPage\":{\"@id\":\"https:\\\/\\\/webdelmaestrocmf.com\\\/portal\\\/papa-francisco-gracias-maestros-por-lo-que-hacen\\\/#primaryimage\"},\"image\":{\"@id\":\"https:\\\/\\\/webdelmaestrocmf.com\\\/portal\\\/papa-francisco-gracias-maestros-por-lo-que-hacen\\\/#primaryimage\"},\"thumbnailUrl\":\"https:\\\/\\\/webdelmaestrocmf.com\\\/portal\\\/wp-content\\\/uploads\\\/2021\\\/03\\\/1-39.jpg\",\"datePublished\":\"2021-03-08T01:47:28+00:00\",\"description\":\"En la ciudad de Los \u00c1ngeles (California, USA) se ha desarrollado el Congreso virtual de Educaci\u00f3n Religiosa 2021, con el lema \u00a1Proclame...\",\"breadcrumb\":{\"@id\":\"https:\\\/\\\/webdelmaestrocmf.com\\\/portal\\\/papa-francisco-gracias-maestros-por-lo-que-hacen\\\/#breadcrumb\"},\"inLanguage\":\"es\",\"potentialAction\":[{\"@type\":\"ReadAction\",\"target\":[\"https:\\\/\\\/webdelmaestrocmf.com\\\/portal\\\/papa-francisco-gracias-maestros-por-lo-que-hacen\\\/\"]}]},{\"@type\":\"ImageObject\",\"inLanguage\":\"es\",\"@id\":\"https:\\\/\\\/webdelmaestrocmf.com\\\/portal\\\/papa-francisco-gracias-maestros-por-lo-que-hacen\\\/#primaryimage\",\"url\":\"https:\\\/\\\/webdelmaestrocmf.com\\\/portal\\\/wp-content\\\/uploads\\\/2021\\\/03\\\/1-39.jpg\",\"contentUrl\":\"https:\\\/\\\/webdelmaestrocmf.com\\\/portal\\\/wp-content\\\/uploads\\\/2021\\\/03\\\/1-39.jpg\",\"width\":1100,\"height\":680},{\"@type\":\"BreadcrumbList\",\"@id\":\"https:\\\/\\\/webdelmaestrocmf.com\\\/portal\\\/papa-francisco-gracias-maestros-por-lo-que-hacen\\\/#breadcrumb\",\"itemListElement\":[{\"@type\":\"ListItem\",\"position\":1,\"name\":\"Portada\",\"item\":\"https:\\\/\\\/webdelmaestrocmf.com\\\/portal\\\/\"},{\"@type\":\"ListItem\",\"position\":2,\"name\":\"Sin categor\u00eda\",\"item\":\"https:\\\/\\\/webdelmaestrocmf.com\\\/portal\\\/category\\\/sin-categoria-es\\\/\"},{\"@type\":\"ListItem\",\"position\":3,\"name\":\"Papa Francisco\",\"item\":\"https:\\\/\\\/webdelmaestrocmf.com\\\/portal\\\/category\\\/sin-categoria-es\\\/papa-francisco\\\/\"},{\"@type\":\"ListItem\",\"position\":4,\"name\":\"Papa Francisco: Gracias maestros, por lo que hacen\"}]},{\"@type\":\"WebSite\",\"@id\":\"https:\\\/\\\/webdelmaestrocmf.com\\\/portal\\\/#website\",\"url\":\"https:\\\/\\\/webdelmaestrocmf.com\\\/portal\\\/\",\"name\":\"Web del Maestro CMF\",\"description\":\"Maestros al servicio de la educaci\u00f3n\",\"publisher\":{\"@id\":\"https:\\\/\\\/webdelmaestrocmf.com\\\/portal\\\/#organization\"},\"alternateName\":\"WMCMF\",\"potentialAction\":[{\"@type\":\"SearchAction\",\"target\":{\"@type\":\"EntryPoint\",\"urlTemplate\":\"https:\\\/\\\/webdelmaestrocmf.com\\\/portal\\\/?s={search_term_string}\"},\"query-input\":{\"@type\":\"PropertyValueSpecification\",\"valueRequired\":true,\"valueName\":\"search_term_string\"}}],\"inLanguage\":\"es\"},{\"@type\":\"Organization\",\"@id\":\"https:\\\/\\\/webdelmaestrocmf.com\\\/portal\\\/#organization\",\"name\":\"Web del Maestro CMF\",\"alternateName\":\"WMCMF\",\"url\":\"https:\\\/\\\/webdelmaestrocmf.com\\\/portal\\\/\",\"logo\":{\"@type\":\"ImageObject\",\"inLanguage\":\"es\",\"@id\":\"https:\\\/\\\/webdelmaestrocmf.com\\\/portal\\\/#\\\/schema\\\/logo\\\/image\\\/\",\"url\":\"https:\\\/\\\/webdelmaestrocmf.com\\\/portal\\\/wp-content\\\/uploads\\\/2023\\\/01\\\/logo-wmcmf-2.png\",\"contentUrl\":\"https:\\\/\\\/webdelmaestrocmf.com\\\/portal\\\/wp-content\\\/uploads\\\/2023\\\/01\\\/logo-wmcmf-2.png\",\"width\":200,\"height\":60,\"caption\":\"Web del Maestro CMF\"},\"image\":{\"@id\":\"https:\\\/\\\/webdelmaestrocmf.com\\\/portal\\\/#\\\/schema\\\/logo\\\/image\\\/\"},\"sameAs\":[\"https:\\\/\\\/www.facebook.com\\\/WebdelMaestroCMF\\\/\",\"https:\\\/\\\/x.com\\\/cmf_w\",\"https:\\\/\\\/www.pinterest.com\\\/WMCMF\\\/\",\"https:\\\/\\\/www.linkedin.com\\\/company\\\/web-del-maestro-cmf\\\/\",\"https:\\\/\\\/www.instagram.com\\\/wmcmf\\\/\",\"https:\\\/\\\/www.youtube.com\\\/channel\\\/UCDPSvjbdodE5sHnC3OxutHw\",\"https:\\\/\\\/mastodon.social\\\/@wmcmf\",\"https:\\\/\\\/www.tiktok.com\\\/@webdelmaestrocmf\"]},{\"@type\":\"Person\",\"@id\":\"https:\\\/\\\/webdelmaestrocmf.com\\\/portal\\\/#\\\/schema\\\/person\\\/1072a2ed7bd960df8ef99a551fa35dc5\",\"name\":\"Web del Maestro CMF\",\"image\":{\"@type\":\"ImageObject\",\"inLanguage\":\"es\",\"@id\":\"https:\\\/\\\/secure.gravatar.com\\\/avatar\\\/23291dd5b5ae1077dcff3dbb04c3e02bd28403fa75af6d8787d5e97c5bbbe30b?s=96&d=mm&r=g\",\"url\":\"https:\\\/\\\/secure.gravatar.com\\\/avatar\\\/23291dd5b5ae1077dcff3dbb04c3e02bd28403fa75af6d8787d5e97c5bbbe30b?s=96&d=mm&r=g\",\"contentUrl\":\"https:\\\/\\\/secure.gravatar.com\\\/avatar\\\/23291dd5b5ae1077dcff3dbb04c3e02bd28403fa75af6d8787d5e97c5bbbe30b?s=96&d=mm&r=g\",\"caption\":\"Web del Maestro CMF\"},\"description\":\"Esta Web se cre\u00f3 sin fines de lucro, con fines educativos, cient\u00edficos y acad\u00e9micos, para personas que tengan dificultades y\\\/o inconvenientes en visualizar el material original. El objetivo es entregar recursos, compartir experiencias y materiales que ayuden a los padres de familia, maestros y estudiantes en su actualizaci\u00f3n y formaci\u00f3n permanente, en bien de la Educaci\u00f3n.\",\"sameAs\":[\"http:\\\/\\\/webdelmaestrocmf.com\\\/portal\",\"https:\\\/\\\/www.facebook.com\\\/WebdelMaestroCMF\\\/\",\"https:\\\/\\\/www.instagram.com\\\/wmcmf\\\/\",\"https:\\\/\\\/cl.linkedin.com\\\/company\\\/web-del-maestro-cmf\",\"https:\\\/\\\/www.pinterest.com\\\/WMCMF\\\/publicaciones\\\/\",\"https:\\\/\\\/x.com\\\/cmf_w\",\"https:\\\/\\\/www.youtube.com\\\/@WMCMF\"]}]}<\/script>\n<!-- \/ Yoast SEO plugin. -->","yoast_head_json":{"title":"Papa Francisco: Gracias maestros, por lo que hacen - 2026","description":"En la ciudad de Los \u00c1ngeles (California, USA) se ha desarrollado el Congreso virtual de Educaci\u00f3n Religiosa 2021, con el lema \u00a1Proclame...","robots":{"index":"index","follow":"follow","max-snippet":"max-snippet:-1","max-image-preview":"max-image-preview:large","max-video-preview":"max-video-preview:-1"},"canonical":"https:\/\/webdelmaestrocmf.com\/portal\/papa-francisco-gracias-maestros-por-lo-que-hacen\/","og_locale":"es_ES","og_type":"article","og_title":"Papa Francisco: Gracias maestros, por lo que hacen - 2026","og_description":"En la ciudad de Los \u00c1ngeles (California, USA) se ha desarrollado el Congreso virtual de Educaci\u00f3n Religiosa 2021, con el lema \u00a1Proclame...","og_url":"https:\/\/webdelmaestrocmf.com\/portal\/papa-francisco-gracias-maestros-por-lo-que-hacen\/","og_site_name":"Web del Maestro CMF","article_publisher":"https:\/\/www.facebook.com\/WebdelMaestroCMF\/","article_author":"https:\/\/www.facebook.com\/WebdelMaestroCMF\/","article_published_time":"2021-03-08T01:47:28+00:00","og_image":[{"width":1100,"height":680,"url":"https:\/\/i0.wp.com\/webdelmaestrocmf.com\/portal\/wp-content\/uploads\/2021\/03\/1-39.jpg?fit=1100%2C680&ssl=1","type":"image\/jpeg"}],"author":"Web del Maestro CMF","twitter_card":"summary_large_image","twitter_creator":"@cmf_w","twitter_site":"@cmf_w","schema":{"@context":"https:\/\/schema.org","@graph":[{"@type":"ScholarlyArticle","@id":"https:\/\/webdelmaestrocmf.com\/portal\/papa-francisco-gracias-maestros-por-lo-que-hacen\/#article","isPartOf":{"@id":"https:\/\/webdelmaestrocmf.com\/portal\/papa-francisco-gracias-maestros-por-lo-que-hacen\/"},"author":{"name":"Web del Maestro CMF","@id":"https:\/\/webdelmaestrocmf.com\/portal\/#\/schema\/person\/1072a2ed7bd960df8ef99a551fa35dc5"},"headline":"Papa Francisco: Gracias maestros, por lo que hacen","datePublished":"2021-03-08T01:47:28+00:00","mainEntityOfPage":{"@id":"https:\/\/webdelmaestrocmf.com\/portal\/papa-francisco-gracias-maestros-por-lo-que-hacen\/"},"wordCount":551,"commentCount":0,"publisher":{"@id":"https:\/\/webdelmaestrocmf.com\/portal\/#organization"},"image":{"@id":"https:\/\/webdelmaestrocmf.com\/portal\/papa-francisco-gracias-maestros-por-lo-que-hacen\/#primaryimage"},"thumbnailUrl":"https:\/\/webdelmaestrocmf.com\/portal\/wp-content\/uploads\/2021\/03\/1-39.jpg","keywords":["GRACIAS","HACEN","Maestros","Papa Francisco"],"articleSection":["Mundo cart\u00f3lico","Papa Francisco"],"inLanguage":"es","potentialAction":[{"@type":"CommentAction","name":"Comment","target":["https:\/\/webdelmaestrocmf.com\/portal\/papa-francisco-gracias-maestros-por-lo-que-hacen\/#respond"]}]},{"@type":"WebPage","@id":"https:\/\/webdelmaestrocmf.com\/portal\/papa-francisco-gracias-maestros-por-lo-que-hacen\/","url":"https:\/\/webdelmaestrocmf.com\/portal\/papa-francisco-gracias-maestros-por-lo-que-hacen\/","name":"Papa Francisco: Gracias maestros, por lo que hacen - 2026","isPartOf":{"@id":"https:\/\/webdelmaestrocmf.com\/portal\/#website"},"primaryImageOfPage":{"@id":"https:\/\/webdelmaestrocmf.com\/portal\/papa-francisco-gracias-maestros-por-lo-que-hacen\/#primaryimage"},"image":{"@id":"https:\/\/webdelmaestrocmf.com\/portal\/papa-francisco-gracias-maestros-por-lo-que-hacen\/#primaryimage"},"thumbnailUrl":"https:\/\/webdelmaestrocmf.com\/portal\/wp-content\/uploads\/2021\/03\/1-39.jpg","datePublished":"2021-03-08T01:47:28+00:00","description":"En la ciudad de Los \u00c1ngeles (California, USA) se ha desarrollado el Congreso virtual de Educaci\u00f3n Religiosa 2021, con el lema \u00a1Proclame...","breadcrumb":{"@id":"https:\/\/webdelmaestrocmf.com\/portal\/papa-francisco-gracias-maestros-por-lo-que-hacen\/#breadcrumb"},"inLanguage":"es","potentialAction":[{"@type":"ReadAction","target":["https:\/\/webdelmaestrocmf.com\/portal\/papa-francisco-gracias-maestros-por-lo-que-hacen\/"]}]},{"@type":"ImageObject","inLanguage":"es","@id":"https:\/\/webdelmaestrocmf.com\/portal\/papa-francisco-gracias-maestros-por-lo-que-hacen\/#primaryimage","url":"https:\/\/webdelmaestrocmf.com\/portal\/wp-content\/uploads\/2021\/03\/1-39.jpg","contentUrl":"https:\/\/webdelmaestrocmf.com\/portal\/wp-content\/uploads\/2021\/03\/1-39.jpg","width":1100,"height":680},{"@type":"BreadcrumbList","@id":"https:\/\/webdelmaestrocmf.com\/portal\/papa-francisco-gracias-maestros-por-lo-que-hacen\/#breadcrumb","itemListElement":[{"@type":"ListItem","position":1,"name":"Portada","item":"https:\/\/webdelmaestrocmf.com\/portal\/"},{"@type":"ListItem","position":2,"name":"Sin categor\u00eda","item":"https:\/\/webdelmaestrocmf.com\/portal\/category\/sin-categoria-es\/"},{"@type":"ListItem","position":3,"name":"Papa Francisco","item":"https:\/\/webdelmaestrocmf.com\/portal\/category\/sin-categoria-es\/papa-francisco\/"},{"@type":"ListItem","position":4,"name":"Papa Francisco: Gracias maestros, por lo que hacen"}]},{"@type":"WebSite","@id":"https:\/\/webdelmaestrocmf.com\/portal\/#website","url":"https:\/\/webdelmaestrocmf.com\/portal\/","name":"Web del Maestro CMF","description":"Maestros al servicio de la educaci\u00f3n","publisher":{"@id":"https:\/\/webdelmaestrocmf.com\/portal\/#organization"},"alternateName":"WMCMF","potentialAction":[{"@type":"SearchAction","target":{"@type":"EntryPoint","urlTemplate":"https:\/\/webdelmaestrocmf.com\/portal\/?s={search_term_string}"},"query-input":{"@type":"PropertyValueSpecification","valueRequired":true,"valueName":"search_term_string"}}],"inLanguage":"es"},{"@type":"Organization","@id":"https:\/\/webdelmaestrocmf.com\/portal\/#organization","name":"Web del Maestro CMF","alternateName":"WMCMF","url":"https:\/\/webdelmaestrocmf.com\/portal\/","logo":{"@type":"ImageObject","inLanguage":"es","@id":"https:\/\/webdelmaestrocmf.com\/portal\/#\/schema\/logo\/image\/","url":"https:\/\/webdelmaestrocmf.com\/portal\/wp-content\/uploads\/2023\/01\/logo-wmcmf-2.png","contentUrl":"https:\/\/webdelmaestrocmf.com\/portal\/wp-content\/uploads\/2023\/01\/logo-wmcmf-2.png","width":200,"height":60,"caption":"Web del Maestro CMF"},"image":{"@id":"https:\/\/webdelmaestrocmf.com\/portal\/#\/schema\/logo\/image\/"},"sameAs":["https:\/\/www.facebook.com\/WebdelMaestroCMF\/","https:\/\/x.com\/cmf_w","https:\/\/www.pinterest.com\/WMCMF\/","https:\/\/www.linkedin.com\/company\/web-del-maestro-cmf\/","https:\/\/www.instagram.com\/wmcmf\/","https:\/\/www.youtube.com\/channel\/UCDPSvjbdodE5sHnC3OxutHw","https:\/\/mastodon.social\/@wmcmf","https:\/\/www.tiktok.com\/@webdelmaestrocmf"]},{"@type":"Person","@id":"https:\/\/webdelmaestrocmf.com\/portal\/#\/schema\/person\/1072a2ed7bd960df8ef99a551fa35dc5","name":"Web del Maestro CMF","image":{"@type":"ImageObject","inLanguage":"es","@id":"https:\/\/secure.gravatar.com\/avatar\/23291dd5b5ae1077dcff3dbb04c3e02bd28403fa75af6d8787d5e97c5bbbe30b?s=96&d=mm&r=g","url":"https:\/\/secure.gravatar.com\/avatar\/23291dd5b5ae1077dcff3dbb04c3e02bd28403fa75af6d8787d5e97c5bbbe30b?s=96&d=mm&r=g","contentUrl":"https:\/\/secure.gravatar.com\/avatar\/23291dd5b5ae1077dcff3dbb04c3e02bd28403fa75af6d8787d5e97c5bbbe30b?s=96&d=mm&r=g","caption":"Web del Maestro CMF"},"description":"Esta Web se cre\u00f3 sin fines de lucro, con fines educativos, cient\u00edficos y acad\u00e9micos, para personas que tengan dificultades y\/o inconvenientes en visualizar el material original. El objetivo es entregar recursos, compartir experiencias y materiales que ayuden a los padres de familia, maestros y estudiantes en su actualizaci\u00f3n y formaci\u00f3n permanente, en bien de la Educaci\u00f3n.","sameAs":["http:\/\/webdelmaestrocmf.com\/portal","https:\/\/www.facebook.com\/WebdelMaestroCMF\/","https:\/\/www.instagram.com\/wmcmf\/","https:\/\/cl.linkedin.com\/company\/web-del-maestro-cmf","https:\/\/www.pinterest.com\/WMCMF\/publicaciones\/","https:\/\/x.com\/cmf_w","https:\/\/www.youtube.com\/@WMCMF"]}]}},"jetpack_featured_media_url":"https:\/\/webdelmaestrocmf.com\/portal\/wp-content\/uploads\/2021\/03\/1-39.jpg","jetpack_sharing_enabled":true,"jetpack-related-posts":[{"id":36681,"url":"https:\/\/webdelmaestrocmf.com\/portal\/papa-francisco-gracias-a-las-madres-porque-protegen-el-valor-de-la-familia\/","url_meta":{"origin":60250,"position":0},"title":"Papa Francisco: gracias a las madres porque protegen el valor de la familia","author":"Web del Maestro CMF","date":"13 mayo, 2019","format":false,"excerpt":"Este domingo el Papa Francisco en el Regina Coeli record\u00f3 que Jes\u00fas siempre sale en busca de las personas, consciente de sus esperanzas, deseos, fracasos y decepciones. \u201cNos protege y nos conduce con amor, nos ayuda a atravesar los senderos dif\u00edciles y los caminos peligrosos que se presentan en el\u2026","rel":"","context":"En \u00abMundo cart\u00f3lico\u00bb","block_context":{"text":"Mundo cart\u00f3lico","link":"https:\/\/webdelmaestrocmf.com\/portal\/category\/pastoral\/"},"img":{"alt_text":"","src":"https:\/\/i0.wp.com\/webdelmaestrocmf.com\/portal\/wp-content\/uploads\/2019\/05\/1-22.jpg?resize=350%2C200&ssl=1","width":350,"height":200,"srcset":"https:\/\/i0.wp.com\/webdelmaestrocmf.com\/portal\/wp-content\/uploads\/2019\/05\/1-22.jpg?resize=350%2C200&ssl=1 1x, https:\/\/i0.wp.com\/webdelmaestrocmf.com\/portal\/wp-content\/uploads\/2019\/05\/1-22.jpg?resize=525%2C300&ssl=1 1.5x, https:\/\/i0.wp.com\/webdelmaestrocmf.com\/portal\/wp-content\/uploads\/2019\/05\/1-22.jpg?resize=700%2C400&ssl=1 2x, https:\/\/i0.wp.com\/webdelmaestrocmf.com\/portal\/wp-content\/uploads\/2019\/05\/1-22.jpg?resize=1050%2C600&ssl=1 3x"},"classes":[]},{"id":77963,"url":"https:\/\/webdelmaestrocmf.com\/portal\/papa-francisco-dios-nos-guarde-de-esa-religiosidad-moralista-y-de-esa-religiosidad-de-preceptos\/","url_meta":{"origin":60250,"position":1},"title":"Papa Francisco: Dios nos guarde de esa religiosidad moralista y de esa religiosidad de preceptos","author":"Web del Maestro CMF","date":"26 junio, 2022","format":false,"excerpt":"El Papa Francisco en su catequesis de los jueves y dentro sus reflexiones sobre la vejez, \u201cdijo que todo cristiano tiene un \u201cderecho de protesta\u201d a Dios que puede ejercer de modo leg\u00edtimo. El mismo que todo hijo tiene ante un padre. [...] Como ejemplo el Papa puso a la\u2026","rel":"","context":"En \u00abMundo cart\u00f3lico\u00bb","block_context":{"text":"Mundo cart\u00f3lico","link":"https:\/\/webdelmaestrocmf.com\/portal\/category\/pastoral\/"},"img":{"alt_text":"","src":"https:\/\/i0.wp.com\/webdelmaestrocmf.com\/portal\/wp-content\/uploads\/2022\/06\/1a-9.jpg?resize=350%2C200&ssl=1","width":350,"height":200,"srcset":"https:\/\/i0.wp.com\/webdelmaestrocmf.com\/portal\/wp-content\/uploads\/2022\/06\/1a-9.jpg?resize=350%2C200&ssl=1 1x, https:\/\/i0.wp.com\/webdelmaestrocmf.com\/portal\/wp-content\/uploads\/2022\/06\/1a-9.jpg?resize=525%2C300&ssl=1 1.5x, https:\/\/i0.wp.com\/webdelmaestrocmf.com\/portal\/wp-content\/uploads\/2022\/06\/1a-9.jpg?resize=700%2C400&ssl=1 2x"},"classes":[]},{"id":39953,"url":"https:\/\/webdelmaestrocmf.com\/portal\/veinte-consejos-del-papa-francisco-a-los-jovenes-para-no-darse-por-vencidos\/","url_meta":{"origin":60250,"position":2},"title":"Veinte consejos del Papa Francisco a los j\u00f3venes para no darse por vencidos","author":"Web del Maestro CMF","date":"5 septiembre, 2019","format":false,"excerpt":"El Papa Francisco, durante su visita Mozambique, tuvo un encuentro en la capital Maputo, con miles de j\u00f3venes de diferentes religiones, y les pidi\u00f3 no olvidar que tienen mucha fuerza y que (por naturaleza) son capaces de mirar la vida con mucha esperanza. Esa juventud es \u201cuna promesa de vida\u2026","rel":"","context":"En \u00abMundo cart\u00f3lico\u00bb","block_context":{"text":"Mundo cart\u00f3lico","link":"https:\/\/webdelmaestrocmf.com\/portal\/category\/pastoral\/"},"img":{"alt_text":"","src":"https:\/\/i0.wp.com\/webdelmaestrocmf.com\/portal\/wp-content\/uploads\/2019\/09\/2-3.jpg?resize=350%2C200&ssl=1","width":350,"height":200,"srcset":"https:\/\/i0.wp.com\/webdelmaestrocmf.com\/portal\/wp-content\/uploads\/2019\/09\/2-3.jpg?resize=350%2C200&ssl=1 1x, https:\/\/i0.wp.com\/webdelmaestrocmf.com\/portal\/wp-content\/uploads\/2019\/09\/2-3.jpg?resize=525%2C300&ssl=1 1.5x, https:\/\/i0.wp.com\/webdelmaestrocmf.com\/portal\/wp-content\/uploads\/2019\/09\/2-3.jpg?resize=700%2C400&ssl=1 2x, https:\/\/i0.wp.com\/webdelmaestrocmf.com\/portal\/wp-content\/uploads\/2019\/09\/2-3.jpg?resize=1050%2C600&ssl=1 3x"},"classes":[]},{"id":10250,"url":"https:\/\/webdelmaestrocmf.com\/portal\/papa-francisco-la-esclavitud-moderna-es-un-crimen-contra-la-humanidad\/","url_meta":{"origin":60250,"position":3},"title":"Papa Francisco: la esclavitud moderna es un crimen contra la humanidad","author":"Web del Maestro CMF","date":"8 noviembre, 2016","format":false,"excerpt":"Son religiosas de todo el mundo que luchan contra la esclavitud moderna. La presidenta de esta organizaci\u00f3n, RENATE, agradeci\u00f3 a Francisco la oportunidad de tener este encuentro. \"Santo Padre. Nosotros, RENATE, Religiosas en Europa contra el Tr\u00e1fico y la Explotaci\u00f3n, queremos agradecerle que nos d\u00e9 su tiempo y su presencia\u2026","rel":"","context":"En \u00abMundo cart\u00f3lico\u00bb","block_context":{"text":"Mundo cart\u00f3lico","link":"https:\/\/webdelmaestrocmf.com\/portal\/category\/pastoral\/"},"img":{"alt_text":"","src":"https:\/\/i0.wp.com\/webdelmaestrocmf.com\/portal\/wp-content\/uploads\/2017\/10\/1ss.jpg?resize=350%2C200&ssl=1","width":350,"height":200,"srcset":"https:\/\/i0.wp.com\/webdelmaestrocmf.com\/portal\/wp-content\/uploads\/2017\/10\/1ss.jpg?resize=350%2C200&ssl=1 1x, https:\/\/i0.wp.com\/webdelmaestrocmf.com\/portal\/wp-content\/uploads\/2017\/10\/1ss.jpg?resize=525%2C300&ssl=1 1.5x"},"classes":[]},{"id":73941,"url":"https:\/\/webdelmaestrocmf.com\/portal\/papa-francisco-es-fundamental-ser-solidarios-los-unos-con-los-otros-y-por-eso-hoy-lo-repito-no-es-tiempo-para-la-indiferencia\/","url_meta":{"origin":60250,"position":4},"title":"Papa Francisco: Es fundamental ser solidarios los unos con los otros. Y por eso hoy, lo repito, no es tiempo para la indiferencia","author":"Web del Maestro CMF","date":"3 febrero, 2022","format":false,"excerpt":"Con motivo del D\u00cdA INTERNACIONAL DE LA FRATERNIDAD HUMANA, el Papa Francisco record\u00f3 el encuentro con Gran Im\u00e1n Ahmed Al-Tayyeb hace tres a\u00f1os en Abu Dabi, y la firma de un compromiso sobre la construcci\u00f3n sobre una convivencia de la humanidad que destierre el odio, la violencia y la injusticia.\u2026","rel":"","context":"En \u00abMundo cart\u00f3lico\u00bb","block_context":{"text":"Mundo cart\u00f3lico","link":"https:\/\/webdelmaestrocmf.com\/portal\/category\/pastoral\/"},"img":{"alt_text":"","src":"https:\/\/i0.wp.com\/webdelmaestrocmf.com\/portal\/wp-content\/uploads\/2022\/02\/1-19.jpg?resize=350%2C200&ssl=1","width":350,"height":200,"srcset":"https:\/\/i0.wp.com\/webdelmaestrocmf.com\/portal\/wp-content\/uploads\/2022\/02\/1-19.jpg?resize=350%2C200&ssl=1 1x, https:\/\/i0.wp.com\/webdelmaestrocmf.com\/portal\/wp-content\/uploads\/2022\/02\/1-19.jpg?resize=525%2C300&ssl=1 1.5x, https:\/\/i0.wp.com\/webdelmaestrocmf.com\/portal\/wp-content\/uploads\/2022\/02\/1-19.jpg?resize=700%2C400&ssl=1 2x, https:\/\/i0.wp.com\/webdelmaestrocmf.com\/portal\/wp-content\/uploads\/2022\/02\/1-19.jpg?resize=1050%2C600&ssl=1 3x"},"classes":[]},{"id":26335,"url":"https:\/\/webdelmaestrocmf.com\/portal\/papa-francisco-las-victorias-obtenidas-violencia-falsas-victorias\/","url_meta":{"origin":60250,"position":5},"title":"Papa Francisco: las victorias obtenidas con violencia son falsas victorias","author":"Web del Maestro CMF","date":"8 febrero, 2018","format":false,"excerpt":"Ante unos 20.000 fieles, el Papa Francisco\u00a0explic\u00f3 que Jes\u00fas vivi\u00f3 junto a las personas, acompa\u00f1\u00e1ndolas en sus problemas y sus dificultades. \u201cJes\u00fas no vino para traer la salvaci\u00f3n en un laboratorio. No hace una predicaci\u00f3n de laboratorio, separado de la gente. \u00a1Est\u00e1 en medio de la gente, en medio del\u2026","rel":"","context":"En \u00abMundo cart\u00f3lico\u00bb","block_context":{"text":"Mundo cart\u00f3lico","link":"https:\/\/webdelmaestrocmf.com\/portal\/category\/pastoral\/"},"img":{"alt_text":"","src":"https:\/\/i0.wp.com\/webdelmaestrocmf.com\/portal\/wp-content\/uploads\/2018\/02\/21GumucioEs2-master1050.jpg?resize=350%2C200&ssl=1","width":350,"height":200,"srcset":"https:\/\/i0.wp.com\/webdelmaestrocmf.com\/portal\/wp-content\/uploads\/2018\/02\/21GumucioEs2-master1050.jpg?resize=350%2C200&ssl=1 1x, https:\/\/i0.wp.com\/webdelmaestrocmf.com\/portal\/wp-content\/uploads\/2018\/02\/21GumucioEs2-master1050.jpg?resize=525%2C300&ssl=1 1.5x, https:\/\/i0.wp.com\/webdelmaestrocmf.com\/portal\/wp-content\/uploads\/2018\/02\/21GumucioEs2-master1050.jpg?resize=700%2C400&ssl=1 2x, https:\/\/i0.wp.com\/webdelmaestrocmf.com\/portal\/wp-content\/uploads\/2018\/02\/21GumucioEs2-master1050.jpg?resize=1050%2C600&ssl=1 3x"},"classes":[]}],"_links":{"self":[{"href":"https:\/\/webdelmaestrocmf.com\/portal\/wp-json\/wp\/v2\/posts\/60250","targetHints":{"allow":["GET"]}}],"collection":[{"href":"https:\/\/webdelmaestrocmf.com\/portal\/wp-json\/wp\/v2\/posts"}],"about":[{"href":"https:\/\/webdelmaestrocmf.com\/portal\/wp-json\/wp\/v2\/types\/post"}],"author":[{"embeddable":true,"href":"https:\/\/webdelmaestrocmf.com\/portal\/wp-json\/wp\/v2\/users\/1"}],"replies":[{"embeddable":true,"href":"https:\/\/webdelmaestrocmf.com\/portal\/wp-json\/wp\/v2\/comments?post=60250"}],"version-history":[{"count":0,"href":"https:\/\/webdelmaestrocmf.com\/portal\/wp-json\/wp\/v2\/posts\/60250\/revisions"}],"wp:featuredmedia":[{"embeddable":true,"href":"https:\/\/webdelmaestrocmf.com\/portal\/wp-json\/wp\/v2\/media\/60251"}],"wp:attachment":[{"href":"https:\/\/webdelmaestrocmf.com\/portal\/wp-json\/wp\/v2\/media?parent=60250"}],"wp:term":[{"taxonomy":"category","embeddable":true,"href":"https:\/\/webdelmaestrocmf.com\/portal\/wp-json\/wp\/v2\/categories?post=60250"},{"taxonomy":"post_tag","embeddable":true,"href":"https:\/\/webdelmaestrocmf.com\/portal\/wp-json\/wp\/v2\/tags?post=60250"}],"curies":[{"name":"wp","href":"https:\/\/api.w.org\/{rel}","templated":true}]}}