{"id":60052,"date":"2021-03-03T22:28:55","date_gmt":"2021-03-04T01:28:55","guid":{"rendered":"https:\/\/webdelmaestrocmf.com\/portal\/?p=60052"},"modified":"2022-03-16T20:15:03","modified_gmt":"2022-03-16T23:15:03","slug":"lineamientos-para-la-convivencia-escolar-2021","status":"publish","type":"post","link":"https:\/\/webdelmaestrocmf.com\/portal\/lineamientos-para-la-convivencia-escolar-2021\/","title":{"rendered":"Lineamientos para la convivencia escolar"},"content":{"rendered":"<h5 style=\"text-align: justify;\">La educaci\u00f3n tiene el compromiso de contribuir con la formaci\u00f3n de una sociedad pac\u00edfica, inclusiva y democr\u00e1tica, que promueva el respeto a los derechos humanos, el ejercicio pleno de la ciudadan\u00eda y el rechazo a cualquier forma de violencia o discriminaci\u00f3n.<\/h5>\n<p><!--more--><\/p>\n<h5 style=\"text-align: justify;\">Todo proceso educativo que aspire a una formaci\u00f3n integral de las estudiantes y los estudiantes requiere un contexto de relaciones interpersonales arm\u00f3nicas, satisfactorias y seguras que favorezca los aspectos motivacionales, actitudinales y emocionales. Por ello, la gesti\u00f3n de la convivencia escolar \u2014es decir, la gesti\u00f3n de las relaciones entre las personas que formamos parte de una escuela\u2014 es un componente fundamental para el logro de aprendizajes sustentados en el ejercicio responsable de los derechos ciudadanos.<\/h5>\n<p style=\"text-align: justify;\">Asimismo, para alcanzar el objetivo de erradicar la violencia contra las ni\u00f1as, ni\u00f1os y adolescentes de nuestras escuelas, es necesaria una estrategia integral que no se centre \u00fanicamente en la atenci\u00f3n de la urgencia ya ocurrida, sino que se esfuerce en promover una convivencia democr\u00e1tica y en prevenir las manifestaciones de la violencia en todas sus formas.<\/p>\n<p style=\"text-align: justify;\">En respuesta a esta necesidad, hemos aprobado los Lineamientos para la gesti\u00f3n de la convivencia escolar, la prevenci\u00f3n y la atenci\u00f3n de la violencia contra ni\u00f1as, ni\u00f1os y adolescentes, mediante el Decreto Supremo N.\u00b0 004-2018-MINEDU. Estos lineamientos tienen como finalidad establecer las orientaciones para la promoci\u00f3n de la convivencia escolar, la prevenci\u00f3n y la atenci\u00f3n de la violencia contra ni\u00f1as, ni\u00f1os y adolescentes, a fin de aportar en su desarrollo integral en entornos escolares seguros y libres de violencia, y para consolidar una comunidad educativa que ejerza sus derechos y responsabilidades con plenitud.<\/p>\n<p><img loading=\"lazy\" decoding=\"async\" class=\"alignnone size-large wp-image-60053\" src=\"https:\/\/webdelmaestrocmf.com\/portal\/wp-content\/uploads\/2021\/03\/1-copia-3-1024x895.jpg\" alt=\"\" width=\"1024\" height=\"895\" srcset=\"https:\/\/webdelmaestrocmf.com\/portal\/wp-content\/uploads\/2021\/03\/1-copia-3-1024x895.jpg 1024w, https:\/\/webdelmaestrocmf.com\/portal\/wp-content\/uploads\/2021\/03\/1-copia-3-300x262.jpg 300w, https:\/\/webdelmaestrocmf.com\/portal\/wp-content\/uploads\/2021\/03\/1-copia-3-768x671.jpg 768w, https:\/\/webdelmaestrocmf.com\/portal\/wp-content\/uploads\/2021\/03\/1-copia-3-1536x1343.jpg 1536w, https:\/\/webdelmaestrocmf.com\/portal\/wp-content\/uploads\/2021\/03\/1-copia-3-110x96.jpg 110w, https:\/\/webdelmaestrocmf.com\/portal\/wp-content\/uploads\/2021\/03\/1-copia-3-200x175.jpg 200w, https:\/\/webdelmaestrocmf.com\/portal\/wp-content\/uploads\/2021\/03\/1-copia-3-380x332.jpg 380w, https:\/\/webdelmaestrocmf.com\/portal\/wp-content\/uploads\/2021\/03\/1-copia-3-255x223.jpg 255w, https:\/\/webdelmaestrocmf.com\/portal\/wp-content\/uploads\/2021\/03\/1-copia-3-550x481.jpg 550w, https:\/\/webdelmaestrocmf.com\/portal\/wp-content\/uploads\/2021\/03\/1-copia-3-800x699.jpg 800w, https:\/\/webdelmaestrocmf.com\/portal\/wp-content\/uploads\/2021\/03\/1-copia-3-1160x1014.jpg 1160w, https:\/\/webdelmaestrocmf.com\/portal\/wp-content\/uploads\/2021\/03\/1-copia-3-220x192.jpg 220w, https:\/\/webdelmaestrocmf.com\/portal\/wp-content\/uploads\/2021\/03\/1-copia-3-400x350.jpg 400w, https:\/\/webdelmaestrocmf.com\/portal\/wp-content\/uploads\/2021\/03\/1-copia-3-760x664.jpg 760w, https:\/\/webdelmaestrocmf.com\/portal\/wp-content\/uploads\/2021\/03\/1-copia-3-510x446.jpg 510w, https:\/\/webdelmaestrocmf.com\/portal\/wp-content\/uploads\/2021\/03\/1-copia-3-600x524.jpg 600w, https:\/\/webdelmaestrocmf.com\/portal\/wp-content\/uploads\/2021\/03\/1-copia-3-1100x961.jpg 1100w, https:\/\/webdelmaestrocmf.com\/portal\/wp-content\/uploads\/2021\/03\/1-copia-3.jpg 1572w\" sizes=\"auto, (max-width: 1024px) 100vw, 1024px\" \/><\/p>\n<p style=\"text-align: justify;\">Para facilitar el uso y la implementaci\u00f3n de estos lineamientos en las instituciones educativas, te presentamos esta gu\u00eda que pone a tu alcance los principales contenidos de la norma de una manera accesible. En ella encontrar\u00e1s el desarrollo conceptual de la convivencia escolar, as\u00ed como las caracter\u00edsticas y actividades principales de cada una de sus l\u00edneas de acci\u00f3n.<\/p>\n<p style=\"text-align: justify;\">Estamos convencidos de que estos contenidos te ser\u00e1n de mucha utilidad para promover una convivencia democr\u00e1tica en tu escuela y en tu aula, prevenir los riesgos a los que pueden estar expuestos tus estudiantes y prepararte para actuar ante cualquier hecho de violencia que pueda suscitarse.<\/p>\n<p><img loading=\"lazy\" decoding=\"async\" class=\"alignnone size-full wp-image-60056\" src=\"https:\/\/webdelmaestrocmf.com\/portal\/wp-content\/uploads\/2021\/03\/1-17.jpg\" alt=\"\" width=\"1024\" height=\"512\" srcset=\"https:\/\/webdelmaestrocmf.com\/portal\/wp-content\/uploads\/2021\/03\/1-17.jpg 1024w, https:\/\/webdelmaestrocmf.com\/portal\/wp-content\/uploads\/2021\/03\/1-17-300x150.jpg 300w, https:\/\/webdelmaestrocmf.com\/portal\/wp-content\/uploads\/2021\/03\/1-17-768x384.jpg 768w, https:\/\/webdelmaestrocmf.com\/portal\/wp-content\/uploads\/2021\/03\/1-17-110x55.jpg 110w, https:\/\/webdelmaestrocmf.com\/portal\/wp-content\/uploads\/2021\/03\/1-17-200x100.jpg 200w, https:\/\/webdelmaestrocmf.com\/portal\/wp-content\/uploads\/2021\/03\/1-17-380x190.jpg 380w, https:\/\/webdelmaestrocmf.com\/portal\/wp-content\/uploads\/2021\/03\/1-17-255x128.jpg 255w, https:\/\/webdelmaestrocmf.com\/portal\/wp-content\/uploads\/2021\/03\/1-17-550x275.jpg 550w, https:\/\/webdelmaestrocmf.com\/portal\/wp-content\/uploads\/2021\/03\/1-17-800x400.jpg 800w, https:\/\/webdelmaestrocmf.com\/portal\/wp-content\/uploads\/2021\/03\/1-17-220x110.jpg 220w, https:\/\/webdelmaestrocmf.com\/portal\/wp-content\/uploads\/2021\/03\/1-17-400x200.jpg 400w, https:\/\/webdelmaestrocmf.com\/portal\/wp-content\/uploads\/2021\/03\/1-17-760x380.jpg 760w, https:\/\/webdelmaestrocmf.com\/portal\/wp-content\/uploads\/2021\/03\/1-17-510x255.jpg 510w, https:\/\/webdelmaestrocmf.com\/portal\/wp-content\/uploads\/2021\/03\/1-17-600x300.jpg 600w\" sizes=\"auto, (max-width: 1024px) 100vw, 1024px\" \/><\/p>\n<p style=\"text-align: justify;\">Finalmente, estos lineamientos son una pieza clave en el desarrollo de una pol\u00edtica educativa de largo aliento para la construcci\u00f3n de entornos escolares seguros y para la defensa de los derechos de las ni\u00f1as, ni\u00f1os y adolescentes. Solo con tu compromiso y con tu labor podremos seguir construyendo juntos una cultura de paz y democr\u00e1tica para nuestros estudiantes.<\/p>\n<p style=\"text-align: center;\">Recomendamos a la Comunidad Educativa Digital tener en cuenta que, el enlace y\/o la carpeta en donde est\u00e1n alojados los libros, recursos y\/o materiales, no es administrado por la Web del Maestro CMF, pueda ser que en cuesti\u00f3n de d\u00edas (o seg\u00fan el tiempo transcurrido desde su publicaci\u00f3n), los enlaces no funcionen y el material ya no se encuentre disponible. Gracias por su comprensi\u00f3n.<\/p>\n<h3>ENLACE DE LECTURA:<\/h3>\n<p style=\"text-align: center;\">\u00a1Comparte y as\u00ed m\u00e1s docentes utilizar\u00e1n estos recursos\u00a0gratis! Muchas gracias.<\/p>\n<p style=\"text-align: center;\">ENLACE 1: <span style=\"color: #000000;\"><a style=\"color: #000000;\" href=\"https:\/\/mega.nz\/file\/PmICQTha#k22IcPLJco00N69X4_bTzC3lyDecrrnwvt8aeE1xc00\" target=\"_blank\" rel=\"noopener\">LINEAMIENTOS PARA LA GESTI\u00d3N DE LA CONVIVENCIA ESCOLAR, LA PREVENCI\u00d3N Y LA ATENCI\u00d3N DE LA VIOLENCIA CONTRA NI\u00d1AS, NI\u00d1OS Y ADOLESCENTES<\/a><br \/>\nENLACE 2: <a style=\"color: #000000;\" href=\"https:\/\/liceosbicentenario.mineduc.cl\/wp-content\/uploads\/sites\/120\/2020\/11\/LINEAMIENTOS-MINEDUC-2021.pdf\" target=\"_blank\" rel=\"noopener\">LINEAMIENTOS PARA LA PLANIFICACI\u00d3N DEL A\u00d1O ESCOLAR<\/a><\/span><\/p>\n\t\t<div class=\"pk-inline-posts\">\n\t\t\t\n\t\t\t<div class=\"pk-inline-posts-container pk-inline-posts-template-list\"\n\t\t\t\tdata-columns=\"1\">\n\t\t\t\t\t\t<article id=\"post-101267\" class=\"post-101267 post type-post status-publish format-standard has-post-thumbnail category-calculo category-descargas-manuales-pdf category-pedagogia tag-calculo tag-desarrollar tag-guia tag-mental tag-ninos cs-entry cs-video-wrap\">\n\t\t\t<div class=\"pk-post-outer\">\n\n\t\t\t\t\t\t\t\t<div class=\"pk-post-inner\">\n\t\t\t\t\t<div class=\"entry-thumbnail\">\n\t\t\t\t\t\t<div class=\"pk-overlay pk-overlay-ratio pk-ratio-landscape\">\n\t\t\t\t\t\t\t<div class=\"pk-overlay-background\">\n\t\t\t\t\t\t\t\t<a href=\"https:\/\/webdelmaestrocmf.com\/portal\/guia-para-desarrollar-el-calculo-mental-en-ninos\/\" class=\"pk-overlay-link\">\n\t\t\t\t\t\t\t\t\t<img loading=\"lazy\" decoding=\"async\" width=\"300\" height=\"225\" src=\"https:\/\/webdelmaestrocmf.com\/portal\/wp-content\/uploads\/2023\/11\/1AA-Banner-1-portada-imagen-10-1-copia-1-300x225.webp\" class=\"attachment-pk-thumbnail size-pk-thumbnail wp-post-image\" alt=\"\" \/>\t\t\t\t\t\t\t\t<\/a>\n\t\t\t\t\t\t\t<\/div>\n\t\t\t\t\t\t<\/div>\n\t\t\t\t\t<\/div>\n\t\t\t\t<\/div>\n\t\t\t\t\n\t\t\t\t<div class=\"pk-post-inner\">\n\t\t\t\t\t<header>\n\t\t\t\t\t\t<h3 class=\"pk-title\"><a href=\"https:\/\/webdelmaestrocmf.com\/portal\/guia-para-desarrollar-el-calculo-mental-en-ninos\/\" rel=\"bookmark\">Gu\u00eda pr\u00e1ctica para desarrollar el c\u00e1lculo mental en ni\u00f1os: descarga los tres cuadernillos de c\u00e1lculo mental<\/a><\/h3>\t\t\t\t\t<\/header><!-- .entry-header -->\n\t\t\t\t<\/div><!-- .post-inner -->\n\n\t\t\t<\/div><!-- .post-outer -->\n\t\t<\/article>\n\t\t\t\t<\/div>\n\t\t<\/div>\n\t\t\n","protected":false},"excerpt":{"rendered":"La educaci\u00f3n tiene el compromiso de contribuir con la formaci\u00f3n de una sociedad pac\u00edfica, inclusiva y democr\u00e1tica, que&hellip;","protected":false},"author":1,"featured_media":60054,"comment_status":"open","ping_status":"closed","sticky":false,"template":"","format":"standard","meta":{"csco_display_header_overlay":false,"csco_singular_sidebar":"default","csco_page_header_type":"default","csco_page_load_nextpost":"default","csco_post_video_location":[],"csco_post_video_location_hash":"","csco_post_video_url":"","csco_post_video_bg_start_time":0,"csco_post_video_bg_end_time":0,"csco_post_video_bg_volume":false,"_jetpack_memberships_contains_paid_content":false,"footnotes":""},"categories":[2004,735],"tags":[2147,608,6620],"class_list":{"0":"post-60052","1":"post","2":"type-post","3":"status-publish","4":"format-standard","5":"has-post-thumbnail","7":"category-descargas-manuales-pdf","8":"category-pedagogia","9":"tag-convivencia","10":"tag-escolar","11":"tag-lineamientos","12":"cs-entry","13":"cs-video-wrap"},"yoast_head":"<!-- This site is optimized with the Yoast SEO plugin v27.5 - https:\/\/yoast.com\/product\/yoast-seo-wordpress\/ -->\n<title>Lineamientos para la convivencia escolar - 2026<\/title>\n<meta name=\"description\" content=\"Todo proceso educativo que aspire a una formaci\u00f3n integral de las estudiantes y los estudiantes requiere un contexto de relaciones...\" \/>\n<meta name=\"robots\" content=\"index, follow, max-snippet:-1, max-image-preview:large, max-video-preview:-1\" \/>\n<link rel=\"canonical\" href=\"https:\/\/webdelmaestrocmf.com\/portal\/lineamientos-para-la-convivencia-escolar-2021\/\" \/>\n<meta property=\"og:locale\" content=\"es_ES\" \/>\n<meta property=\"og:type\" content=\"article\" \/>\n<meta property=\"og:title\" content=\"Lineamientos para la convivencia escolar - 2026\" \/>\n<meta property=\"og:description\" content=\"Todo proceso educativo que aspire a una formaci\u00f3n integral de las estudiantes y los estudiantes requiere un contexto de relaciones...\" \/>\n<meta property=\"og:url\" content=\"https:\/\/webdelmaestrocmf.com\/portal\/lineamientos-para-la-convivencia-escolar-2021\/\" \/>\n<meta property=\"og:site_name\" content=\"Web del Maestro CMF\" \/>\n<meta property=\"article:publisher\" content=\"https:\/\/www.facebook.com\/WebdelMaestroCMF\/\" \/>\n<meta property=\"article:author\" content=\"https:\/\/www.facebook.com\/WebdelMaestroCMF\/\" \/>\n<meta property=\"article:published_time\" content=\"2021-03-04T01:28:55+00:00\" \/>\n<meta property=\"article:modified_time\" content=\"2022-03-16T23:15:03+00:00\" \/>\n<meta property=\"og:image\" content=\"https:\/\/i0.wp.com\/webdelmaestrocmf.com\/portal\/wp-content\/uploads\/2021\/03\/1-copia-4.jpg?fit=1100%2C680&ssl=1\" \/>\n\t<meta property=\"og:image:width\" content=\"1100\" \/>\n\t<meta property=\"og:image:height\" content=\"680\" \/>\n\t<meta property=\"og:image:type\" content=\"image\/jpeg\" \/>\n<meta name=\"author\" content=\"Web del Maestro CMF\" \/>\n<meta name=\"twitter:card\" content=\"summary_large_image\" \/>\n<meta name=\"twitter:creator\" content=\"@cmf_w\" \/>\n<meta name=\"twitter:site\" content=\"@cmf_w\" \/>\n<script type=\"application\/ld+json\" class=\"yoast-schema-graph\">{\"@context\":\"https:\\\/\\\/schema.org\",\"@graph\":[{\"@type\":\"ScholarlyArticle\",\"@id\":\"https:\\\/\\\/webdelmaestrocmf.com\\\/portal\\\/lineamientos-para-la-convivencia-escolar-2021\\\/#article\",\"isPartOf\":{\"@id\":\"https:\\\/\\\/webdelmaestrocmf.com\\\/portal\\\/lineamientos-para-la-convivencia-escolar-2021\\\/\"},\"author\":{\"name\":\"Web del Maestro CMF\",\"@id\":\"https:\\\/\\\/webdelmaestrocmf.com\\\/portal\\\/#\\\/schema\\\/person\\\/1072a2ed7bd960df8ef99a551fa35dc5\"},\"headline\":\"Lineamientos para la convivencia escolar\",\"datePublished\":\"2021-03-04T01:28:55+00:00\",\"dateModified\":\"2022-03-16T23:15:03+00:00\",\"mainEntityOfPage\":{\"@id\":\"https:\\\/\\\/webdelmaestrocmf.com\\\/portal\\\/lineamientos-para-la-convivencia-escolar-2021\\\/\"},\"wordCount\":598,\"commentCount\":0,\"publisher\":{\"@id\":\"https:\\\/\\\/webdelmaestrocmf.com\\\/portal\\\/#organization\"},\"image\":{\"@id\":\"https:\\\/\\\/webdelmaestrocmf.com\\\/portal\\\/lineamientos-para-la-convivencia-escolar-2021\\\/#primaryimage\"},\"thumbnailUrl\":\"https:\\\/\\\/webdelmaestrocmf.com\\\/portal\\\/wp-content\\\/uploads\\\/2021\\\/03\\\/1-copia-4.jpg\",\"keywords\":[\"CONVIVENCIA\",\"ESCOLAR\",\"Lineamientos\"],\"articleSection\":[\"Descargas Manuales PDF\",\"Recursos\"],\"inLanguage\":\"es\",\"potentialAction\":[{\"@type\":\"CommentAction\",\"name\":\"Comment\",\"target\":[\"https:\\\/\\\/webdelmaestrocmf.com\\\/portal\\\/lineamientos-para-la-convivencia-escolar-2021\\\/#respond\"]}]},{\"@type\":\"WebPage\",\"@id\":\"https:\\\/\\\/webdelmaestrocmf.com\\\/portal\\\/lineamientos-para-la-convivencia-escolar-2021\\\/\",\"url\":\"https:\\\/\\\/webdelmaestrocmf.com\\\/portal\\\/lineamientos-para-la-convivencia-escolar-2021\\\/\",\"name\":\"Lineamientos para la convivencia escolar - 2026\",\"isPartOf\":{\"@id\":\"https:\\\/\\\/webdelmaestrocmf.com\\\/portal\\\/#website\"},\"primaryImageOfPage\":{\"@id\":\"https:\\\/\\\/webdelmaestrocmf.com\\\/portal\\\/lineamientos-para-la-convivencia-escolar-2021\\\/#primaryimage\"},\"image\":{\"@id\":\"https:\\\/\\\/webdelmaestrocmf.com\\\/portal\\\/lineamientos-para-la-convivencia-escolar-2021\\\/#primaryimage\"},\"thumbnailUrl\":\"https:\\\/\\\/webdelmaestrocmf.com\\\/portal\\\/wp-content\\\/uploads\\\/2021\\\/03\\\/1-copia-4.jpg\",\"datePublished\":\"2021-03-04T01:28:55+00:00\",\"dateModified\":\"2022-03-16T23:15:03+00:00\",\"description\":\"Todo proceso educativo que aspire a una formaci\u00f3n integral de las estudiantes y los estudiantes requiere un contexto de relaciones...\",\"breadcrumb\":{\"@id\":\"https:\\\/\\\/webdelmaestrocmf.com\\\/portal\\\/lineamientos-para-la-convivencia-escolar-2021\\\/#breadcrumb\"},\"inLanguage\":\"es\",\"potentialAction\":[{\"@type\":\"ReadAction\",\"target\":[\"https:\\\/\\\/webdelmaestrocmf.com\\\/portal\\\/lineamientos-para-la-convivencia-escolar-2021\\\/\"]}]},{\"@type\":\"ImageObject\",\"inLanguage\":\"es\",\"@id\":\"https:\\\/\\\/webdelmaestrocmf.com\\\/portal\\\/lineamientos-para-la-convivencia-escolar-2021\\\/#primaryimage\",\"url\":\"https:\\\/\\\/webdelmaestrocmf.com\\\/portal\\\/wp-content\\\/uploads\\\/2021\\\/03\\\/1-copia-4.jpg\",\"contentUrl\":\"https:\\\/\\\/webdelmaestrocmf.com\\\/portal\\\/wp-content\\\/uploads\\\/2021\\\/03\\\/1-copia-4.jpg\",\"width\":1100,\"height\":680},{\"@type\":\"BreadcrumbList\",\"@id\":\"https:\\\/\\\/webdelmaestrocmf.com\\\/portal\\\/lineamientos-para-la-convivencia-escolar-2021\\\/#breadcrumb\",\"itemListElement\":[{\"@type\":\"ListItem\",\"position\":1,\"name\":\"Portada\",\"item\":\"https:\\\/\\\/webdelmaestrocmf.com\\\/portal\\\/\"},{\"@type\":\"ListItem\",\"position\":2,\"name\":\"Recursos\",\"item\":\"https:\\\/\\\/webdelmaestrocmf.com\\\/portal\\\/category\\\/pedagogia\\\/\"},{\"@type\":\"ListItem\",\"position\":3,\"name\":\"Lineamientos para la convivencia escolar\"}]},{\"@type\":\"WebSite\",\"@id\":\"https:\\\/\\\/webdelmaestrocmf.com\\\/portal\\\/#website\",\"url\":\"https:\\\/\\\/webdelmaestrocmf.com\\\/portal\\\/\",\"name\":\"Web del Maestro CMF\",\"description\":\"Maestros al servicio de la educaci\u00f3n\",\"publisher\":{\"@id\":\"https:\\\/\\\/webdelmaestrocmf.com\\\/portal\\\/#organization\"},\"alternateName\":\"WMCMF\",\"potentialAction\":[{\"@type\":\"SearchAction\",\"target\":{\"@type\":\"EntryPoint\",\"urlTemplate\":\"https:\\\/\\\/webdelmaestrocmf.com\\\/portal\\\/?s={search_term_string}\"},\"query-input\":{\"@type\":\"PropertyValueSpecification\",\"valueRequired\":true,\"valueName\":\"search_term_string\"}}],\"inLanguage\":\"es\"},{\"@type\":\"Organization\",\"@id\":\"https:\\\/\\\/webdelmaestrocmf.com\\\/portal\\\/#organization\",\"name\":\"Web del Maestro CMF\",\"alternateName\":\"WMCMF\",\"url\":\"https:\\\/\\\/webdelmaestrocmf.com\\\/portal\\\/\",\"logo\":{\"@type\":\"ImageObject\",\"inLanguage\":\"es\",\"@id\":\"https:\\\/\\\/webdelmaestrocmf.com\\\/portal\\\/#\\\/schema\\\/logo\\\/image\\\/\",\"url\":\"https:\\\/\\\/webdelmaestrocmf.com\\\/portal\\\/wp-content\\\/uploads\\\/2023\\\/01\\\/logo-wmcmf-2.png\",\"contentUrl\":\"https:\\\/\\\/webdelmaestrocmf.com\\\/portal\\\/wp-content\\\/uploads\\\/2023\\\/01\\\/logo-wmcmf-2.png\",\"width\":200,\"height\":60,\"caption\":\"Web del Maestro CMF\"},\"image\":{\"@id\":\"https:\\\/\\\/webdelmaestrocmf.com\\\/portal\\\/#\\\/schema\\\/logo\\\/image\\\/\"},\"sameAs\":[\"https:\\\/\\\/www.facebook.com\\\/WebdelMaestroCMF\\\/\",\"https:\\\/\\\/x.com\\\/cmf_w\",\"https:\\\/\\\/www.pinterest.com\\\/WMCMF\\\/\",\"https:\\\/\\\/www.linkedin.com\\\/company\\\/web-del-maestro-cmf\\\/\",\"https:\\\/\\\/www.instagram.com\\\/wmcmf\\\/\",\"https:\\\/\\\/www.youtube.com\\\/channel\\\/UCDPSvjbdodE5sHnC3OxutHw\",\"https:\\\/\\\/mastodon.social\\\/@wmcmf\",\"https:\\\/\\\/www.tiktok.com\\\/@webdelmaestrocmf\"]},{\"@type\":\"Person\",\"@id\":\"https:\\\/\\\/webdelmaestrocmf.com\\\/portal\\\/#\\\/schema\\\/person\\\/1072a2ed7bd960df8ef99a551fa35dc5\",\"name\":\"Web del Maestro CMF\",\"image\":{\"@type\":\"ImageObject\",\"inLanguage\":\"es\",\"@id\":\"https:\\\/\\\/secure.gravatar.com\\\/avatar\\\/23291dd5b5ae1077dcff3dbb04c3e02bd28403fa75af6d8787d5e97c5bbbe30b?s=96&d=mm&r=g\",\"url\":\"https:\\\/\\\/secure.gravatar.com\\\/avatar\\\/23291dd5b5ae1077dcff3dbb04c3e02bd28403fa75af6d8787d5e97c5bbbe30b?s=96&d=mm&r=g\",\"contentUrl\":\"https:\\\/\\\/secure.gravatar.com\\\/avatar\\\/23291dd5b5ae1077dcff3dbb04c3e02bd28403fa75af6d8787d5e97c5bbbe30b?s=96&d=mm&r=g\",\"caption\":\"Web del Maestro CMF\"},\"description\":\"Esta Web se cre\u00f3 sin fines de lucro, con fines educativos, cient\u00edficos y acad\u00e9micos, para personas que tengan dificultades y\\\/o inconvenientes en visualizar el material original. El objetivo es entregar recursos, compartir experiencias y materiales que ayuden a los padres de familia, maestros y estudiantes en su actualizaci\u00f3n y formaci\u00f3n permanente, en bien de la Educaci\u00f3n.\",\"sameAs\":[\"http:\\\/\\\/webdelmaestrocmf.com\\\/portal\",\"https:\\\/\\\/www.facebook.com\\\/WebdelMaestroCMF\\\/\",\"https:\\\/\\\/www.instagram.com\\\/wmcmf\\\/\",\"https:\\\/\\\/cl.linkedin.com\\\/company\\\/web-del-maestro-cmf\",\"https:\\\/\\\/www.pinterest.com\\\/WMCMF\\\/publicaciones\\\/\",\"https:\\\/\\\/x.com\\\/cmf_w\",\"https:\\\/\\\/www.youtube.com\\\/@WMCMF\"]}]}<\/script>\n<!-- \/ Yoast SEO plugin. -->","yoast_head_json":{"title":"Lineamientos para la convivencia escolar - 2026","description":"Todo proceso educativo que aspire a una formaci\u00f3n integral de las estudiantes y los estudiantes requiere un contexto de relaciones...","robots":{"index":"index","follow":"follow","max-snippet":"max-snippet:-1","max-image-preview":"max-image-preview:large","max-video-preview":"max-video-preview:-1"},"canonical":"https:\/\/webdelmaestrocmf.com\/portal\/lineamientos-para-la-convivencia-escolar-2021\/","og_locale":"es_ES","og_type":"article","og_title":"Lineamientos para la convivencia escolar - 2026","og_description":"Todo proceso educativo que aspire a una formaci\u00f3n integral de las estudiantes y los estudiantes requiere un contexto de relaciones...","og_url":"https:\/\/webdelmaestrocmf.com\/portal\/lineamientos-para-la-convivencia-escolar-2021\/","og_site_name":"Web del Maestro CMF","article_publisher":"https:\/\/www.facebook.com\/WebdelMaestroCMF\/","article_author":"https:\/\/www.facebook.com\/WebdelMaestroCMF\/","article_published_time":"2021-03-04T01:28:55+00:00","article_modified_time":"2022-03-16T23:15:03+00:00","og_image":[{"width":1100,"height":680,"url":"https:\/\/i0.wp.com\/webdelmaestrocmf.com\/portal\/wp-content\/uploads\/2021\/03\/1-copia-4.jpg?fit=1100%2C680&ssl=1","type":"image\/jpeg"}],"author":"Web del Maestro CMF","twitter_card":"summary_large_image","twitter_creator":"@cmf_w","twitter_site":"@cmf_w","schema":{"@context":"https:\/\/schema.org","@graph":[{"@type":"ScholarlyArticle","@id":"https:\/\/webdelmaestrocmf.com\/portal\/lineamientos-para-la-convivencia-escolar-2021\/#article","isPartOf":{"@id":"https:\/\/webdelmaestrocmf.com\/portal\/lineamientos-para-la-convivencia-escolar-2021\/"},"author":{"name":"Web del Maestro CMF","@id":"https:\/\/webdelmaestrocmf.com\/portal\/#\/schema\/person\/1072a2ed7bd960df8ef99a551fa35dc5"},"headline":"Lineamientos para la convivencia escolar","datePublished":"2021-03-04T01:28:55+00:00","dateModified":"2022-03-16T23:15:03+00:00","mainEntityOfPage":{"@id":"https:\/\/webdelmaestrocmf.com\/portal\/lineamientos-para-la-convivencia-escolar-2021\/"},"wordCount":598,"commentCount":0,"publisher":{"@id":"https:\/\/webdelmaestrocmf.com\/portal\/#organization"},"image":{"@id":"https:\/\/webdelmaestrocmf.com\/portal\/lineamientos-para-la-convivencia-escolar-2021\/#primaryimage"},"thumbnailUrl":"https:\/\/webdelmaestrocmf.com\/portal\/wp-content\/uploads\/2021\/03\/1-copia-4.jpg","keywords":["CONVIVENCIA","ESCOLAR","Lineamientos"],"articleSection":["Descargas Manuales PDF","Recursos"],"inLanguage":"es","potentialAction":[{"@type":"CommentAction","name":"Comment","target":["https:\/\/webdelmaestrocmf.com\/portal\/lineamientos-para-la-convivencia-escolar-2021\/#respond"]}]},{"@type":"WebPage","@id":"https:\/\/webdelmaestrocmf.com\/portal\/lineamientos-para-la-convivencia-escolar-2021\/","url":"https:\/\/webdelmaestrocmf.com\/portal\/lineamientos-para-la-convivencia-escolar-2021\/","name":"Lineamientos para la convivencia escolar - 2026","isPartOf":{"@id":"https:\/\/webdelmaestrocmf.com\/portal\/#website"},"primaryImageOfPage":{"@id":"https:\/\/webdelmaestrocmf.com\/portal\/lineamientos-para-la-convivencia-escolar-2021\/#primaryimage"},"image":{"@id":"https:\/\/webdelmaestrocmf.com\/portal\/lineamientos-para-la-convivencia-escolar-2021\/#primaryimage"},"thumbnailUrl":"https:\/\/webdelmaestrocmf.com\/portal\/wp-content\/uploads\/2021\/03\/1-copia-4.jpg","datePublished":"2021-03-04T01:28:55+00:00","dateModified":"2022-03-16T23:15:03+00:00","description":"Todo proceso educativo que aspire a una formaci\u00f3n integral de las estudiantes y los estudiantes requiere un contexto de relaciones...","breadcrumb":{"@id":"https:\/\/webdelmaestrocmf.com\/portal\/lineamientos-para-la-convivencia-escolar-2021\/#breadcrumb"},"inLanguage":"es","potentialAction":[{"@type":"ReadAction","target":["https:\/\/webdelmaestrocmf.com\/portal\/lineamientos-para-la-convivencia-escolar-2021\/"]}]},{"@type":"ImageObject","inLanguage":"es","@id":"https:\/\/webdelmaestrocmf.com\/portal\/lineamientos-para-la-convivencia-escolar-2021\/#primaryimage","url":"https:\/\/webdelmaestrocmf.com\/portal\/wp-content\/uploads\/2021\/03\/1-copia-4.jpg","contentUrl":"https:\/\/webdelmaestrocmf.com\/portal\/wp-content\/uploads\/2021\/03\/1-copia-4.jpg","width":1100,"height":680},{"@type":"BreadcrumbList","@id":"https:\/\/webdelmaestrocmf.com\/portal\/lineamientos-para-la-convivencia-escolar-2021\/#breadcrumb","itemListElement":[{"@type":"ListItem","position":1,"name":"Portada","item":"https:\/\/webdelmaestrocmf.com\/portal\/"},{"@type":"ListItem","position":2,"name":"Recursos","item":"https:\/\/webdelmaestrocmf.com\/portal\/category\/pedagogia\/"},{"@type":"ListItem","position":3,"name":"Lineamientos para la convivencia escolar"}]},{"@type":"WebSite","@id":"https:\/\/webdelmaestrocmf.com\/portal\/#website","url":"https:\/\/webdelmaestrocmf.com\/portal\/","name":"Web del Maestro CMF","description":"Maestros al servicio de la educaci\u00f3n","publisher":{"@id":"https:\/\/webdelmaestrocmf.com\/portal\/#organization"},"alternateName":"WMCMF","potentialAction":[{"@type":"SearchAction","target":{"@type":"EntryPoint","urlTemplate":"https:\/\/webdelmaestrocmf.com\/portal\/?s={search_term_string}"},"query-input":{"@type":"PropertyValueSpecification","valueRequired":true,"valueName":"search_term_string"}}],"inLanguage":"es"},{"@type":"Organization","@id":"https:\/\/webdelmaestrocmf.com\/portal\/#organization","name":"Web del Maestro CMF","alternateName":"WMCMF","url":"https:\/\/webdelmaestrocmf.com\/portal\/","logo":{"@type":"ImageObject","inLanguage":"es","@id":"https:\/\/webdelmaestrocmf.com\/portal\/#\/schema\/logo\/image\/","url":"https:\/\/webdelmaestrocmf.com\/portal\/wp-content\/uploads\/2023\/01\/logo-wmcmf-2.png","contentUrl":"https:\/\/webdelmaestrocmf.com\/portal\/wp-content\/uploads\/2023\/01\/logo-wmcmf-2.png","width":200,"height":60,"caption":"Web del Maestro CMF"},"image":{"@id":"https:\/\/webdelmaestrocmf.com\/portal\/#\/schema\/logo\/image\/"},"sameAs":["https:\/\/www.facebook.com\/WebdelMaestroCMF\/","https:\/\/x.com\/cmf_w","https:\/\/www.pinterest.com\/WMCMF\/","https:\/\/www.linkedin.com\/company\/web-del-maestro-cmf\/","https:\/\/www.instagram.com\/wmcmf\/","https:\/\/www.youtube.com\/channel\/UCDPSvjbdodE5sHnC3OxutHw","https:\/\/mastodon.social\/@wmcmf","https:\/\/www.tiktok.com\/@webdelmaestrocmf"]},{"@type":"Person","@id":"https:\/\/webdelmaestrocmf.com\/portal\/#\/schema\/person\/1072a2ed7bd960df8ef99a551fa35dc5","name":"Web del Maestro CMF","image":{"@type":"ImageObject","inLanguage":"es","@id":"https:\/\/secure.gravatar.com\/avatar\/23291dd5b5ae1077dcff3dbb04c3e02bd28403fa75af6d8787d5e97c5bbbe30b?s=96&d=mm&r=g","url":"https:\/\/secure.gravatar.com\/avatar\/23291dd5b5ae1077dcff3dbb04c3e02bd28403fa75af6d8787d5e97c5bbbe30b?s=96&d=mm&r=g","contentUrl":"https:\/\/secure.gravatar.com\/avatar\/23291dd5b5ae1077dcff3dbb04c3e02bd28403fa75af6d8787d5e97c5bbbe30b?s=96&d=mm&r=g","caption":"Web del Maestro CMF"},"description":"Esta Web se cre\u00f3 sin fines de lucro, con fines educativos, cient\u00edficos y acad\u00e9micos, para personas que tengan dificultades y\/o inconvenientes en visualizar el material original. El objetivo es entregar recursos, compartir experiencias y materiales que ayuden a los padres de familia, maestros y estudiantes en su actualizaci\u00f3n y formaci\u00f3n permanente, en bien de la Educaci\u00f3n.","sameAs":["http:\/\/webdelmaestrocmf.com\/portal","https:\/\/www.facebook.com\/WebdelMaestroCMF\/","https:\/\/www.instagram.com\/wmcmf\/","https:\/\/cl.linkedin.com\/company\/web-del-maestro-cmf","https:\/\/www.pinterest.com\/WMCMF\/publicaciones\/","https:\/\/x.com\/cmf_w","https:\/\/www.youtube.com\/@WMCMF"]}]}},"jetpack_featured_media_url":"https:\/\/webdelmaestrocmf.com\/portal\/wp-content\/uploads\/2021\/03\/1-copia-4.jpg","jetpack_sharing_enabled":true,"jetpack-related-posts":[{"id":115494,"url":"https:\/\/webdelmaestrocmf.com\/portal\/nuevo-leon-debate-la-llamada-ley-therian-identidad-derechos-y-convivencia-escolar\/","url_meta":{"origin":60052,"position":0},"title":"Nuevo Le\u00f3n debate la llamada \u201cLey Therian\u201d: identidad, derechos y convivencia escolar","author":"Web del Maestro CMF","date":"21 febrero, 2026","format":false,"excerpt":"Nuevo Le\u00f3n debate una iniciativa para proteger a j\u00f3venes therian del bullying escolar mediante protocolos de convivencia y acompa\u00f1amiento psicol\u00f3gico.","rel":"","context":"En \u00abNoticias Internacionales\u00bb","block_context":{"text":"Noticias Internacionales","link":"https:\/\/webdelmaestrocmf.com\/portal\/category\/noticias-internacionales\/"},"img":{"alt_text":"","src":"https:\/\/i0.wp.com\/webdelmaestrocmf.com\/portal\/wp-content\/uploads\/2026\/02\/1A-Banner-1-portada-imagen-10-1-copia-7-1.webp?resize=350%2C200&ssl=1","width":350,"height":200,"srcset":"https:\/\/i0.wp.com\/webdelmaestrocmf.com\/portal\/wp-content\/uploads\/2026\/02\/1A-Banner-1-portada-imagen-10-1-copia-7-1.webp?resize=350%2C200&ssl=1 1x, https:\/\/i0.wp.com\/webdelmaestrocmf.com\/portal\/wp-content\/uploads\/2026\/02\/1A-Banner-1-portada-imagen-10-1-copia-7-1.webp?resize=525%2C300&ssl=1 1.5x, https:\/\/i0.wp.com\/webdelmaestrocmf.com\/portal\/wp-content\/uploads\/2026\/02\/1A-Banner-1-portada-imagen-10-1-copia-7-1.webp?resize=700%2C400&ssl=1 2x"},"classes":[]},{"id":117850,"url":"https:\/\/webdelmaestrocmf.com\/portal\/directora-aplica-medida-disciplinaria-que-obliga-a-estudiantes-a-limpiar-y-barrer-y-padres-presentan-denuncia\/","url_meta":{"origin":60052,"position":1},"title":"Directora aplica medida disciplinaria que obliga a estudiantes a limpiar y barrer, y padres presentan denuncia","author":"Web del Maestro CMF","date":"16 abril, 2026","format":false,"excerpt":"Los alumnos fueron asignados a barrer el patio y ordenar espacios comunes como parte de una acci\u00f3n correctiva orientada a la responsabilidad.","rel":"","context":"En \u00abNoticias Internacionales\u00bb","block_context":{"text":"Noticias Internacionales","link":"https:\/\/webdelmaestrocmf.com\/portal\/category\/noticias-internacionales\/"},"img":{"alt_text":"","src":"https:\/\/i0.wp.com\/webdelmaestrocmf.com\/portal\/wp-content\/uploads\/2026\/04\/1AA-Banner-1-portada-imagen-10-1-copia-21.webp?resize=350%2C200&ssl=1","width":350,"height":200,"srcset":"https:\/\/i0.wp.com\/webdelmaestrocmf.com\/portal\/wp-content\/uploads\/2026\/04\/1AA-Banner-1-portada-imagen-10-1-copia-21.webp?resize=350%2C200&ssl=1 1x, https:\/\/i0.wp.com\/webdelmaestrocmf.com\/portal\/wp-content\/uploads\/2026\/04\/1AA-Banner-1-portada-imagen-10-1-copia-21.webp?resize=525%2C300&ssl=1 1.5x, https:\/\/i0.wp.com\/webdelmaestrocmf.com\/portal\/wp-content\/uploads\/2026\/04\/1AA-Banner-1-portada-imagen-10-1-copia-21.webp?resize=700%2C400&ssl=1 2x, https:\/\/i0.wp.com\/webdelmaestrocmf.com\/portal\/wp-content\/uploads\/2026\/04\/1AA-Banner-1-portada-imagen-10-1-copia-21.webp?resize=1050%2C600&ssl=1 3x"},"classes":[]},{"id":99988,"url":"https:\/\/webdelmaestrocmf.com\/portal\/5-compromisos-de-gestion-escolar-2024\/","url_meta":{"origin":60052,"position":2},"title":"5 compromisos de Gesti\u00f3n Escolar &#8211; 2024","author":"Web del Maestro CMF","date":"12 noviembre, 2023","format":false,"excerpt":"La gesti\u00f3n escolar es clave para el desarrollo integral de los estudiantes y su acceso continuo a una educaci\u00f3n de calidad. Los Compromisos de Gesti\u00f3n Escolar (CGE) va m\u00e1s all\u00e1 de la transmisi\u00f3n de conocimientos, enfoc\u00e1ndose en la formaci\u00f3n integral. El primer compromiso destaca la importancia de una educaci\u00f3n inclusiva\u2026","rel":"","context":"En \u00abCompromisos\u00bb","block_context":{"text":"Compromisos","link":"https:\/\/webdelmaestrocmf.com\/portal\/category\/pedagogia\/compromisos\/"},"img":{"alt_text":"compromisos de Gesti\u00f3n Escolar","src":"https:\/\/i0.wp.com\/webdelmaestrocmf.com\/portal\/wp-content\/uploads\/2023\/11\/A12B3C4D-6-2.jpg?resize=350%2C200&ssl=1","width":350,"height":200,"srcset":"https:\/\/i0.wp.com\/webdelmaestrocmf.com\/portal\/wp-content\/uploads\/2023\/11\/A12B3C4D-6-2.jpg?resize=350%2C200&ssl=1 1x, https:\/\/i0.wp.com\/webdelmaestrocmf.com\/portal\/wp-content\/uploads\/2023\/11\/A12B3C4D-6-2.jpg?resize=525%2C300&ssl=1 1.5x, https:\/\/i0.wp.com\/webdelmaestrocmf.com\/portal\/wp-content\/uploads\/2023\/11\/A12B3C4D-6-2.jpg?resize=700%2C400&ssl=1 2x"},"classes":[]},{"id":116658,"url":"https:\/\/webdelmaestrocmf.com\/portal\/colombia-corte-de-cabello-disciplina-escolar-y-derechos-fundamentales\/","url_meta":{"origin":60052,"position":3},"title":"Colombia: corte de cabello, disciplina escolar y derechos fundamentales","author":"Web del Maestro CMF","date":"20 marzo, 2026","format":false,"excerpt":"Caso en Colombia: expulsan a ni\u00f1o por su corte de cabello, generando debate sobre disciplina escolar y posible vulneraci\u00f3n del derecho al libre desarrollo de la personalidad.","rel":"","context":"En \u00abNoticias Internacionales\u00bb","block_context":{"text":"Noticias Internacionales","link":"https:\/\/webdelmaestrocmf.com\/portal\/category\/noticias-internacionales\/"},"img":{"alt_text":"","src":"https:\/\/i0.wp.com\/webdelmaestrocmf.com\/portal\/wp-content\/uploads\/2026\/03\/1AA-Banner-1-portada-imagen-10-1-copia-5-1.webp?resize=350%2C200&ssl=1","width":350,"height":200,"srcset":"https:\/\/i0.wp.com\/webdelmaestrocmf.com\/portal\/wp-content\/uploads\/2026\/03\/1AA-Banner-1-portada-imagen-10-1-copia-5-1.webp?resize=350%2C200&ssl=1 1x, https:\/\/i0.wp.com\/webdelmaestrocmf.com\/portal\/wp-content\/uploads\/2026\/03\/1AA-Banner-1-portada-imagen-10-1-copia-5-1.webp?resize=525%2C300&ssl=1 1.5x, https:\/\/i0.wp.com\/webdelmaestrocmf.com\/portal\/wp-content\/uploads\/2026\/03\/1AA-Banner-1-portada-imagen-10-1-copia-5-1.webp?resize=700%2C400&ssl=1 2x, https:\/\/i0.wp.com\/webdelmaestrocmf.com\/portal\/wp-content\/uploads\/2026\/03\/1AA-Banner-1-portada-imagen-10-1-copia-5-1.webp?resize=1050%2C600&ssl=1 3x"},"classes":[]},{"id":101593,"url":"https:\/\/webdelmaestrocmf.com\/portal\/lineamientos-para-el-desarrollo-del-ano-escolar-2024\/","url_meta":{"origin":60052,"position":4},"title":"Lineamientos para el desarrollo del a\u00f1o escolar 2024","author":"Web del Maestro CMF","date":"10 diciembre, 2023","format":false,"excerpt":"El a\u00f1o escolar 2024 se regir\u00e1 por estrictos lineamientos que buscan optimizar la gesti\u00f3n educativa, asegurando un enfoque eficiente en la planificaci\u00f3n, seguimiento y evaluaci\u00f3n. Las semanas de gesti\u00f3n son el epicentro de esta estrategia, proporcionando un tiempo dedicado exclusivamente al personal educativo para llevar a cabo tareas esenciales. Les\u2026","rel":"","context":"En \u00abA\u00f1o escolar\u00bb","block_context":{"text":"A\u00f1o escolar","link":"https:\/\/webdelmaestrocmf.com\/portal\/category\/pedagogia\/ano-escolar-2024\/"},"img":{"alt_text":"","src":"https:\/\/i0.wp.com\/webdelmaestrocmf.com\/portal\/wp-content\/uploads\/2023\/12\/Lineamientos-para-el-desarrollo-del-ano-escolar.jpg?resize=350%2C200&ssl=1","width":350,"height":200,"srcset":"https:\/\/i0.wp.com\/webdelmaestrocmf.com\/portal\/wp-content\/uploads\/2023\/12\/Lineamientos-para-el-desarrollo-del-ano-escolar.jpg?resize=350%2C200&ssl=1 1x, https:\/\/i0.wp.com\/webdelmaestrocmf.com\/portal\/wp-content\/uploads\/2023\/12\/Lineamientos-para-el-desarrollo-del-ano-escolar.jpg?resize=525%2C300&ssl=1 1.5x, https:\/\/i0.wp.com\/webdelmaestrocmf.com\/portal\/wp-content\/uploads\/2023\/12\/Lineamientos-para-el-desarrollo-del-ano-escolar.jpg?resize=700%2C400&ssl=1 2x"},"classes":[]},{"id":32322,"url":"https:\/\/webdelmaestrocmf.com\/portal\/derechos-de-los-docentes-como-resguardar-a-los-maestros\/","url_meta":{"origin":60052,"position":5},"title":"Derechos de los docentes: \u00bfC\u00f3mo resguardar a los maestros?","author":"Web del Maestro CMF","date":"30 enero, 2021","format":false,"excerpt":"La Superintendencia de Educaci\u00f3n es una instituci\u00f3n que fiscaliza el cumplimiento de la normativa vigente,\u00a0con la finalidad de\u00a0mejorar la calidad de la educaci\u00f3n y resguardar los derechos de cada uno de los actores de la comunidad educativa. Todo docente tiene derechos\u00a0que deben de cumplirse al ejercer su profesi\u00f3n. En este\u2026","rel":"","context":"En \u00abDocentes\u00bb","block_context":{"text":"Docentes","link":"https:\/\/webdelmaestrocmf.com\/portal\/category\/pedagogia\/docentes\/"},"img":{"alt_text":"derecho","src":"https:\/\/i0.wp.com\/webdelmaestrocmf.com\/portal\/wp-content\/uploads\/2021\/01\/Banner-1-portada-imagen-10-1-56.jpg?resize=350%2C200&ssl=1","width":350,"height":200,"srcset":"https:\/\/i0.wp.com\/webdelmaestrocmf.com\/portal\/wp-content\/uploads\/2021\/01\/Banner-1-portada-imagen-10-1-56.jpg?resize=350%2C200&ssl=1 1x, https:\/\/i0.wp.com\/webdelmaestrocmf.com\/portal\/wp-content\/uploads\/2021\/01\/Banner-1-portada-imagen-10-1-56.jpg?resize=525%2C300&ssl=1 1.5x, https:\/\/i0.wp.com\/webdelmaestrocmf.com\/portal\/wp-content\/uploads\/2021\/01\/Banner-1-portada-imagen-10-1-56.jpg?resize=700%2C400&ssl=1 2x"},"classes":[]}],"_links":{"self":[{"href":"https:\/\/webdelmaestrocmf.com\/portal\/wp-json\/wp\/v2\/posts\/60052","targetHints":{"allow":["GET"]}}],"collection":[{"href":"https:\/\/webdelmaestrocmf.com\/portal\/wp-json\/wp\/v2\/posts"}],"about":[{"href":"https:\/\/webdelmaestrocmf.com\/portal\/wp-json\/wp\/v2\/types\/post"}],"author":[{"embeddable":true,"href":"https:\/\/webdelmaestrocmf.com\/portal\/wp-json\/wp\/v2\/users\/1"}],"replies":[{"embeddable":true,"href":"https:\/\/webdelmaestrocmf.com\/portal\/wp-json\/wp\/v2\/comments?post=60052"}],"version-history":[{"count":0,"href":"https:\/\/webdelmaestrocmf.com\/portal\/wp-json\/wp\/v2\/posts\/60052\/revisions"}],"wp:featuredmedia":[{"embeddable":true,"href":"https:\/\/webdelmaestrocmf.com\/portal\/wp-json\/wp\/v2\/media\/60054"}],"wp:attachment":[{"href":"https:\/\/webdelmaestrocmf.com\/portal\/wp-json\/wp\/v2\/media?parent=60052"}],"wp:term":[{"taxonomy":"category","embeddable":true,"href":"https:\/\/webdelmaestrocmf.com\/portal\/wp-json\/wp\/v2\/categories?post=60052"},{"taxonomy":"post_tag","embeddable":true,"href":"https:\/\/webdelmaestrocmf.com\/portal\/wp-json\/wp\/v2\/tags?post=60052"}],"curies":[{"name":"wp","href":"https:\/\/api.w.org\/{rel}","templated":true}]}}