{"id":60020,"date":"2021-03-03T16:11:21","date_gmt":"2021-03-03T19:11:21","guid":{"rendered":"https:\/\/webdelmaestrocmf.com\/portal\/?p=60020"},"modified":"2023-01-06T11:43:15","modified_gmt":"2023-01-06T14:43:15","slug":"como-tener-una-voz-perfecta-clara-y-grave-en-tus-clases-en-zoom-google-meet-microsoft-teams-etc","status":"publish","type":"post","link":"https:\/\/webdelmaestrocmf.com\/portal\/como-tener-una-voz-perfecta-clara-y-grave-en-tus-clases-en-zoom-google-meet-microsoft-teams-etc\/","title":{"rendered":"C\u00f3mo tener una voz perfecta, clara y grave en tus clases"},"content":{"rendered":"<h5 style=\"text-align: justify;\">Hablar con una voz grave puede ser una habilidad \u00fatil en una variedad de contextos profesionales. Muchos locutores de radio, artistas de voz en off y oradores p\u00fablicos utilizan voces graves profesionalmente porque llaman la atenci\u00f3n mientras al mismo tiempo sugieren una autoridad suave. El tono o la gravedad de la voz est\u00e1 relacionado a varios factores biol\u00f3gicos y ambientales como el estr\u00e9s, el consumo de sustancias y la contaminaci\u00f3n.<\/h5>\n<p><!--more--><\/p>\n<p style=\"text-align: justify;\">Si est\u00e1s interesado en tener una voz voz perfecta, clara y grave, puedes probar una variedad de ejercicios vocales y de respiraci\u00f3n. En este v\u00eddeo Sol Wagner te da claves, tips y ejercicios para lograrlo. Es importante que veas el v\u00eddeo hasta el final porque da excelentes claves a lo largo del v\u00eddeo.<\/p>\n<p style=\"text-align: justify;\">Nuestra voz es importante cuando nos conectamos en Zoom, Google Meet, Microsoft Teams, etc., porque es parte de la imagen que ven de nosotros, nuestra marca personal.<\/p>\n<p><iframe loading=\"lazy\" src=\"https:\/\/www.youtube.com\/embed\/XA5e5B3eWVw\" width=\"100%\" height=\"400\" frameborder=\"0\" allowfullscreen=\"allowfullscreen\"><\/iframe><\/p>\n<p style=\"text-align: justify;\">Esperamos que el video anterior les haya sido gran utilidad y puedan aplicarlo en sus clases virtuales. Agradecemos al canal del Profesor <span style=\"color: #000000;\"><a class=\"yt-simple-endpoint style-scope yt-formatted-string\" dir=\"auto\" style=\"font-family: -apple-system, BlinkMacSystemFont, 'segoe ui', Roboto, 'helvetica neue', Arial, 'noto sans', sans-serif, 'apple color emoji', 'segoe ui emoji', 'segoe ui symbol', 'noto color emoji'; color: #000000;\" spellcheck=\"false\" href=\"https:\/\/www.youtube.com\/channel\/UCPijFsVn7MCF103LhQjKBAw\" target=\"_blank\" rel=\"noopener\">Javi Galu\u00e9 &#8211; Comunicaci\u00f3n Efectiva<\/a><\/span> por la informaci\u00f3n.<\/p>\n<p style=\"text-align: center;\">\u00a1Comparte y as\u00ed m\u00e1s docentes utilizar\u00e1n estos recursos\u00a0gratis! Muchas gracias.<\/p>\n\t\t<div class=\"pk-inline-posts\">\n\t\t\t\n\t\t\t<div class=\"pk-inline-posts-container pk-inline-posts-template-list\"\n\t\t\t\tdata-columns=\"1\">\n\t\t\t\t\t\t<article id=\"post-28153\" class=\"post-28153 post type-post status-publish format-standard has-post-thumbnail category-consejos category-docentes category-pedagogia tag-adaptacion-a-diversidad tag-adaptacion-curricular tag-aprendizaje-activo tag-clases tag-diseno-curricular tag-diseno-de-actividades tag-diseno-de-lecciones tag-diseno-de-unidades-didacticas tag-eficiente tag-enfoque-centrado-en-el-estudiante tag-estrategias-de-ensenanza tag-estrategias-de-ensenanza-efectiva tag-estrategias-de-instruccion tag-estrategias-de-participacion tag-evaluacion-autentica tag-evaluacion-del-aprendizaje tag-evaluacion-formativa tag-evaluacion-sumativa tag-instruccion-diferenciada tag-manera tag-medicion-del-progreso tag-metodologia-educativa tag-motivacion-del-estudiante tag-objetivos-de-aprendizaje tag-planificacion-a-corto-plazo tag-planificacion-a-largo-plazo tag-planificacion-de-clases tag-planificar tag-recursos-didacticos tag-retroalimentacion-formativa tag-secuencia-didactica tag-taxonomia-de-bloom tag-tecnicas-de-organizacion tag-uso-de-tecnologia-educativa cs-entry cs-video-wrap\">\n\t\t\t<div class=\"pk-post-outer\">\n\n\t\t\t\t\t\t\t\t<div class=\"pk-post-inner\">\n\t\t\t\t\t<div class=\"entry-thumbnail\">\n\t\t\t\t\t\t<div class=\"pk-overlay pk-overlay-ratio pk-ratio-landscape\">\n\t\t\t\t\t\t\t<div class=\"pk-overlay-background\">\n\t\t\t\t\t\t\t\t<a href=\"https:\/\/webdelmaestrocmf.com\/portal\/como-planificar-las-clases-de-manera-eficiente\/\" class=\"pk-overlay-link\">\n\t\t\t\t\t\t\t\t\t<img loading=\"lazy\" decoding=\"async\" width=\"300\" height=\"225\" src=\"https:\/\/webdelmaestrocmf.com\/portal\/wp-content\/uploads\/2026\/02\/1AA-Banner-1-portada-imagen-10-1-copia-16-300x225.webp\" class=\"attachment-pk-thumbnail size-pk-thumbnail wp-post-image\" alt=\"\" \/>\t\t\t\t\t\t\t\t<\/a>\n\t\t\t\t\t\t\t<\/div>\n\t\t\t\t\t\t<\/div>\n\t\t\t\t\t<\/div>\n\t\t\t\t<\/div>\n\t\t\t\t\n\t\t\t\t<div class=\"pk-post-inner\">\n\t\t\t\t\t<header>\n\t\t\t\t\t\t<h3 class=\"pk-title\"><a href=\"https:\/\/webdelmaestrocmf.com\/portal\/como-planificar-las-clases-de-manera-eficiente\/\" rel=\"bookmark\">C\u00f3mo planificar las clases de manera eficiente: descarga las mejores plantillas de planificaci\u00f3n de clases<\/a><\/h3>\t\t\t\t\t<\/header><!-- .entry-header -->\n\t\t\t\t<\/div><!-- .post-inner -->\n\n\t\t\t<\/div><!-- .post-outer -->\n\t\t<\/article>\n\t\t\t\t<\/div>\n\t\t<\/div>\n\t\t\n","protected":false},"excerpt":{"rendered":"Hablar con una voz grave puede ser una habilidad \u00fatil en una variedad de contextos profesionales. Muchos locutores&hellip;","protected":false},"author":1,"featured_media":60022,"comment_status":"open","ping_status":"closed","sticky":false,"template":"","format":"standard","meta":{"csco_display_header_overlay":false,"csco_singular_sidebar":"default","csco_page_header_type":"default","csco_page_load_nextpost":"default","csco_post_video_location":[],"csco_post_video_location_hash":"","csco_post_video_url":"","csco_post_video_bg_start_time":0,"csco_post_video_bg_end_time":0,"csco_post_video_bg_volume":false,"_jetpack_memberships_contains_paid_content":false,"footnotes":""},"categories":[570,735],"tags":[6616,634,788,6617,4953,5010,5069,5011,3517,4954],"class_list":{"0":"post-60020","1":"post","2":"type-post","3":"status-publish","4":"format-standard","5":"has-post-thumbnail","7":"category-docentes","8":"category-pedagogia","9":"tag-clara","10":"tag-clases","11":"tag-google","12":"tag-grave","13":"tag-meet","14":"tag-microsoft","15":"tag-perfecta","16":"tag-teams","17":"tag-voz","18":"tag-zoom","19":"cs-entry","20":"cs-video-wrap"},"yoast_head":"<!-- This site is optimized with the Yoast SEO plugin v27.5 - https:\/\/yoast.com\/product\/yoast-seo-wordpress\/ -->\n<title>C\u00f3mo tener una voz perfecta, clara y grave en tus clases - 2026<\/title>\n<meta name=\"description\" content=\"Hablar con una voz grave puede ser una habilidad \u00fatil en una variedad de contextos profesionales. Muchos locutores de...\" \/>\n<meta name=\"robots\" content=\"index, follow, max-snippet:-1, max-image-preview:large, max-video-preview:-1\" \/>\n<link rel=\"canonical\" href=\"https:\/\/webdelmaestrocmf.com\/portal\/como-tener-una-voz-perfecta-clara-y-grave-en-tus-clases-en-zoom-google-meet-microsoft-teams-etc\/\" \/>\n<meta property=\"og:locale\" content=\"es_ES\" \/>\n<meta property=\"og:type\" content=\"article\" \/>\n<meta property=\"og:title\" content=\"C\u00f3mo tener una voz perfecta, clara y grave en tus clases - 2026\" \/>\n<meta property=\"og:description\" content=\"Hablar con una voz grave puede ser una habilidad \u00fatil en una variedad de contextos profesionales. Muchos locutores de...\" \/>\n<meta property=\"og:url\" content=\"https:\/\/webdelmaestrocmf.com\/portal\/como-tener-una-voz-perfecta-clara-y-grave-en-tus-clases-en-zoom-google-meet-microsoft-teams-etc\/\" \/>\n<meta property=\"og:site_name\" content=\"Web del Maestro CMF\" \/>\n<meta property=\"article:publisher\" content=\"https:\/\/www.facebook.com\/WebdelMaestroCMF\/\" \/>\n<meta property=\"article:author\" content=\"https:\/\/www.facebook.com\/WebdelMaestroCMF\/\" \/>\n<meta property=\"article:published_time\" content=\"2021-03-03T19:11:21+00:00\" \/>\n<meta property=\"article:modified_time\" content=\"2023-01-06T14:43:15+00:00\" \/>\n<meta property=\"og:image\" content=\"https:\/\/i0.wp.com\/webdelmaestrocmf.com\/portal\/wp-content\/uploads\/2021\/03\/1-copia-1.jpg?fit=1100%2C680&ssl=1\" \/>\n\t<meta property=\"og:image:width\" content=\"1100\" \/>\n\t<meta property=\"og:image:height\" content=\"680\" \/>\n\t<meta property=\"og:image:type\" content=\"image\/jpeg\" \/>\n<meta name=\"author\" content=\"Web del Maestro CMF\" \/>\n<meta name=\"twitter:card\" content=\"summary_large_image\" \/>\n<meta name=\"twitter:creator\" content=\"@cmf_w\" \/>\n<meta name=\"twitter:site\" content=\"@cmf_w\" \/>\n<script type=\"application\/ld+json\" class=\"yoast-schema-graph\">{\"@context\":\"https:\\\/\\\/schema.org\",\"@graph\":[{\"@type\":\"ScholarlyArticle\",\"@id\":\"https:\\\/\\\/webdelmaestrocmf.com\\\/portal\\\/como-tener-una-voz-perfecta-clara-y-grave-en-tus-clases-en-zoom-google-meet-microsoft-teams-etc\\\/#article\",\"isPartOf\":{\"@id\":\"https:\\\/\\\/webdelmaestrocmf.com\\\/portal\\\/como-tener-una-voz-perfecta-clara-y-grave-en-tus-clases-en-zoom-google-meet-microsoft-teams-etc\\\/\"},\"author\":{\"name\":\"Web del Maestro CMF\",\"@id\":\"https:\\\/\\\/webdelmaestrocmf.com\\\/portal\\\/#\\\/schema\\\/person\\\/1072a2ed7bd960df8ef99a551fa35dc5\"},\"headline\":\"C\u00f3mo tener una voz perfecta, clara y grave en tus clases\",\"datePublished\":\"2021-03-03T19:11:21+00:00\",\"dateModified\":\"2023-01-06T14:43:15+00:00\",\"mainEntityOfPage\":{\"@id\":\"https:\\\/\\\/webdelmaestrocmf.com\\\/portal\\\/como-tener-una-voz-perfecta-clara-y-grave-en-tus-clases-en-zoom-google-meet-microsoft-teams-etc\\\/\"},\"wordCount\":219,\"commentCount\":1,\"publisher\":{\"@id\":\"https:\\\/\\\/webdelmaestrocmf.com\\\/portal\\\/#organization\"},\"image\":{\"@id\":\"https:\\\/\\\/webdelmaestrocmf.com\\\/portal\\\/como-tener-una-voz-perfecta-clara-y-grave-en-tus-clases-en-zoom-google-meet-microsoft-teams-etc\\\/#primaryimage\"},\"thumbnailUrl\":\"https:\\\/\\\/webdelmaestrocmf.com\\\/portal\\\/wp-content\\\/uploads\\\/2021\\\/03\\\/1-copia-1.jpg\",\"keywords\":[\"clara\",\"clases\",\"Google\",\"grave\",\"Meet\",\"Microsoft\",\"perfecta\",\"Teams\",\"VOZ\",\"Zoom\"],\"articleSection\":[\"Docentes\",\"Recursos\"],\"inLanguage\":\"es\",\"potentialAction\":[{\"@type\":\"CommentAction\",\"name\":\"Comment\",\"target\":[\"https:\\\/\\\/webdelmaestrocmf.com\\\/portal\\\/como-tener-una-voz-perfecta-clara-y-grave-en-tus-clases-en-zoom-google-meet-microsoft-teams-etc\\\/#respond\"]}]},{\"@type\":\"WebPage\",\"@id\":\"https:\\\/\\\/webdelmaestrocmf.com\\\/portal\\\/como-tener-una-voz-perfecta-clara-y-grave-en-tus-clases-en-zoom-google-meet-microsoft-teams-etc\\\/\",\"url\":\"https:\\\/\\\/webdelmaestrocmf.com\\\/portal\\\/como-tener-una-voz-perfecta-clara-y-grave-en-tus-clases-en-zoom-google-meet-microsoft-teams-etc\\\/\",\"name\":\"C\u00f3mo tener una voz perfecta, clara y grave en tus clases - 2026\",\"isPartOf\":{\"@id\":\"https:\\\/\\\/webdelmaestrocmf.com\\\/portal\\\/#website\"},\"primaryImageOfPage\":{\"@id\":\"https:\\\/\\\/webdelmaestrocmf.com\\\/portal\\\/como-tener-una-voz-perfecta-clara-y-grave-en-tus-clases-en-zoom-google-meet-microsoft-teams-etc\\\/#primaryimage\"},\"image\":{\"@id\":\"https:\\\/\\\/webdelmaestrocmf.com\\\/portal\\\/como-tener-una-voz-perfecta-clara-y-grave-en-tus-clases-en-zoom-google-meet-microsoft-teams-etc\\\/#primaryimage\"},\"thumbnailUrl\":\"https:\\\/\\\/webdelmaestrocmf.com\\\/portal\\\/wp-content\\\/uploads\\\/2021\\\/03\\\/1-copia-1.jpg\",\"datePublished\":\"2021-03-03T19:11:21+00:00\",\"dateModified\":\"2023-01-06T14:43:15+00:00\",\"description\":\"Hablar con una voz grave puede ser una habilidad \u00fatil en una variedad de contextos profesionales. Muchos locutores de...\",\"breadcrumb\":{\"@id\":\"https:\\\/\\\/webdelmaestrocmf.com\\\/portal\\\/como-tener-una-voz-perfecta-clara-y-grave-en-tus-clases-en-zoom-google-meet-microsoft-teams-etc\\\/#breadcrumb\"},\"inLanguage\":\"es\",\"potentialAction\":[{\"@type\":\"ReadAction\",\"target\":[\"https:\\\/\\\/webdelmaestrocmf.com\\\/portal\\\/como-tener-una-voz-perfecta-clara-y-grave-en-tus-clases-en-zoom-google-meet-microsoft-teams-etc\\\/\"]}]},{\"@type\":\"ImageObject\",\"inLanguage\":\"es\",\"@id\":\"https:\\\/\\\/webdelmaestrocmf.com\\\/portal\\\/como-tener-una-voz-perfecta-clara-y-grave-en-tus-clases-en-zoom-google-meet-microsoft-teams-etc\\\/#primaryimage\",\"url\":\"https:\\\/\\\/webdelmaestrocmf.com\\\/portal\\\/wp-content\\\/uploads\\\/2021\\\/03\\\/1-copia-1.jpg\",\"contentUrl\":\"https:\\\/\\\/webdelmaestrocmf.com\\\/portal\\\/wp-content\\\/uploads\\\/2021\\\/03\\\/1-copia-1.jpg\",\"width\":1100,\"height\":680},{\"@type\":\"BreadcrumbList\",\"@id\":\"https:\\\/\\\/webdelmaestrocmf.com\\\/portal\\\/como-tener-una-voz-perfecta-clara-y-grave-en-tus-clases-en-zoom-google-meet-microsoft-teams-etc\\\/#breadcrumb\",\"itemListElement\":[{\"@type\":\"ListItem\",\"position\":1,\"name\":\"Portada\",\"item\":\"https:\\\/\\\/webdelmaestrocmf.com\\\/portal\\\/\"},{\"@type\":\"ListItem\",\"position\":2,\"name\":\"Recursos\",\"item\":\"https:\\\/\\\/webdelmaestrocmf.com\\\/portal\\\/category\\\/pedagogia\\\/\"},{\"@type\":\"ListItem\",\"position\":3,\"name\":\"C\u00f3mo tener una voz perfecta, clara y grave en tus clases\"}]},{\"@type\":\"WebSite\",\"@id\":\"https:\\\/\\\/webdelmaestrocmf.com\\\/portal\\\/#website\",\"url\":\"https:\\\/\\\/webdelmaestrocmf.com\\\/portal\\\/\",\"name\":\"Web del Maestro CMF\",\"description\":\"Maestros al servicio de la educaci\u00f3n\",\"publisher\":{\"@id\":\"https:\\\/\\\/webdelmaestrocmf.com\\\/portal\\\/#organization\"},\"alternateName\":\"WMCMF\",\"potentialAction\":[{\"@type\":\"SearchAction\",\"target\":{\"@type\":\"EntryPoint\",\"urlTemplate\":\"https:\\\/\\\/webdelmaestrocmf.com\\\/portal\\\/?s={search_term_string}\"},\"query-input\":{\"@type\":\"PropertyValueSpecification\",\"valueRequired\":true,\"valueName\":\"search_term_string\"}}],\"inLanguage\":\"es\"},{\"@type\":\"Organization\",\"@id\":\"https:\\\/\\\/webdelmaestrocmf.com\\\/portal\\\/#organization\",\"name\":\"Web del Maestro CMF\",\"alternateName\":\"WMCMF\",\"url\":\"https:\\\/\\\/webdelmaestrocmf.com\\\/portal\\\/\",\"logo\":{\"@type\":\"ImageObject\",\"inLanguage\":\"es\",\"@id\":\"https:\\\/\\\/webdelmaestrocmf.com\\\/portal\\\/#\\\/schema\\\/logo\\\/image\\\/\",\"url\":\"https:\\\/\\\/webdelmaestrocmf.com\\\/portal\\\/wp-content\\\/uploads\\\/2023\\\/01\\\/logo-wmcmf-2.png\",\"contentUrl\":\"https:\\\/\\\/webdelmaestrocmf.com\\\/portal\\\/wp-content\\\/uploads\\\/2023\\\/01\\\/logo-wmcmf-2.png\",\"width\":200,\"height\":60,\"caption\":\"Web del Maestro CMF\"},\"image\":{\"@id\":\"https:\\\/\\\/webdelmaestrocmf.com\\\/portal\\\/#\\\/schema\\\/logo\\\/image\\\/\"},\"sameAs\":[\"https:\\\/\\\/www.facebook.com\\\/WebdelMaestroCMF\\\/\",\"https:\\\/\\\/x.com\\\/cmf_w\",\"https:\\\/\\\/www.pinterest.com\\\/WMCMF\\\/\",\"https:\\\/\\\/www.linkedin.com\\\/company\\\/web-del-maestro-cmf\\\/\",\"https:\\\/\\\/www.instagram.com\\\/wmcmf\\\/\",\"https:\\\/\\\/www.youtube.com\\\/channel\\\/UCDPSvjbdodE5sHnC3OxutHw\",\"https:\\\/\\\/mastodon.social\\\/@wmcmf\",\"https:\\\/\\\/www.tiktok.com\\\/@webdelmaestrocmf\"]},{\"@type\":\"Person\",\"@id\":\"https:\\\/\\\/webdelmaestrocmf.com\\\/portal\\\/#\\\/schema\\\/person\\\/1072a2ed7bd960df8ef99a551fa35dc5\",\"name\":\"Web del Maestro CMF\",\"image\":{\"@type\":\"ImageObject\",\"inLanguage\":\"es\",\"@id\":\"https:\\\/\\\/secure.gravatar.com\\\/avatar\\\/23291dd5b5ae1077dcff3dbb04c3e02bd28403fa75af6d8787d5e97c5bbbe30b?s=96&d=mm&r=g\",\"url\":\"https:\\\/\\\/secure.gravatar.com\\\/avatar\\\/23291dd5b5ae1077dcff3dbb04c3e02bd28403fa75af6d8787d5e97c5bbbe30b?s=96&d=mm&r=g\",\"contentUrl\":\"https:\\\/\\\/secure.gravatar.com\\\/avatar\\\/23291dd5b5ae1077dcff3dbb04c3e02bd28403fa75af6d8787d5e97c5bbbe30b?s=96&d=mm&r=g\",\"caption\":\"Web del Maestro CMF\"},\"description\":\"Esta Web se cre\u00f3 sin fines de lucro, con fines educativos, cient\u00edficos y acad\u00e9micos, para personas que tengan dificultades y\\\/o inconvenientes en visualizar el material original. El objetivo es entregar recursos, compartir experiencias y materiales que ayuden a los padres de familia, maestros y estudiantes en su actualizaci\u00f3n y formaci\u00f3n permanente, en bien de la Educaci\u00f3n.\",\"sameAs\":[\"http:\\\/\\\/webdelmaestrocmf.com\\\/portal\",\"https:\\\/\\\/www.facebook.com\\\/WebdelMaestroCMF\\\/\",\"https:\\\/\\\/www.instagram.com\\\/wmcmf\\\/\",\"https:\\\/\\\/cl.linkedin.com\\\/company\\\/web-del-maestro-cmf\",\"https:\\\/\\\/www.pinterest.com\\\/WMCMF\\\/publicaciones\\\/\",\"https:\\\/\\\/x.com\\\/cmf_w\",\"https:\\\/\\\/www.youtube.com\\\/@WMCMF\"]}]}<\/script>\n<!-- \/ Yoast SEO plugin. -->","yoast_head_json":{"title":"C\u00f3mo tener una voz perfecta, clara y grave en tus clases - 2026","description":"Hablar con una voz grave puede ser una habilidad \u00fatil en una variedad de contextos profesionales. Muchos locutores de...","robots":{"index":"index","follow":"follow","max-snippet":"max-snippet:-1","max-image-preview":"max-image-preview:large","max-video-preview":"max-video-preview:-1"},"canonical":"https:\/\/webdelmaestrocmf.com\/portal\/como-tener-una-voz-perfecta-clara-y-grave-en-tus-clases-en-zoom-google-meet-microsoft-teams-etc\/","og_locale":"es_ES","og_type":"article","og_title":"C\u00f3mo tener una voz perfecta, clara y grave en tus clases - 2026","og_description":"Hablar con una voz grave puede ser una habilidad \u00fatil en una variedad de contextos profesionales. Muchos locutores de...","og_url":"https:\/\/webdelmaestrocmf.com\/portal\/como-tener-una-voz-perfecta-clara-y-grave-en-tus-clases-en-zoom-google-meet-microsoft-teams-etc\/","og_site_name":"Web del Maestro CMF","article_publisher":"https:\/\/www.facebook.com\/WebdelMaestroCMF\/","article_author":"https:\/\/www.facebook.com\/WebdelMaestroCMF\/","article_published_time":"2021-03-03T19:11:21+00:00","article_modified_time":"2023-01-06T14:43:15+00:00","og_image":[{"width":1100,"height":680,"url":"https:\/\/i0.wp.com\/webdelmaestrocmf.com\/portal\/wp-content\/uploads\/2021\/03\/1-copia-1.jpg?fit=1100%2C680&ssl=1","type":"image\/jpeg"}],"author":"Web del Maestro CMF","twitter_card":"summary_large_image","twitter_creator":"@cmf_w","twitter_site":"@cmf_w","schema":{"@context":"https:\/\/schema.org","@graph":[{"@type":"ScholarlyArticle","@id":"https:\/\/webdelmaestrocmf.com\/portal\/como-tener-una-voz-perfecta-clara-y-grave-en-tus-clases-en-zoom-google-meet-microsoft-teams-etc\/#article","isPartOf":{"@id":"https:\/\/webdelmaestrocmf.com\/portal\/como-tener-una-voz-perfecta-clara-y-grave-en-tus-clases-en-zoom-google-meet-microsoft-teams-etc\/"},"author":{"name":"Web del Maestro CMF","@id":"https:\/\/webdelmaestrocmf.com\/portal\/#\/schema\/person\/1072a2ed7bd960df8ef99a551fa35dc5"},"headline":"C\u00f3mo tener una voz perfecta, clara y grave en tus clases","datePublished":"2021-03-03T19:11:21+00:00","dateModified":"2023-01-06T14:43:15+00:00","mainEntityOfPage":{"@id":"https:\/\/webdelmaestrocmf.com\/portal\/como-tener-una-voz-perfecta-clara-y-grave-en-tus-clases-en-zoom-google-meet-microsoft-teams-etc\/"},"wordCount":219,"commentCount":1,"publisher":{"@id":"https:\/\/webdelmaestrocmf.com\/portal\/#organization"},"image":{"@id":"https:\/\/webdelmaestrocmf.com\/portal\/como-tener-una-voz-perfecta-clara-y-grave-en-tus-clases-en-zoom-google-meet-microsoft-teams-etc\/#primaryimage"},"thumbnailUrl":"https:\/\/webdelmaestrocmf.com\/portal\/wp-content\/uploads\/2021\/03\/1-copia-1.jpg","keywords":["clara","clases","Google","grave","Meet","Microsoft","perfecta","Teams","VOZ","Zoom"],"articleSection":["Docentes","Recursos"],"inLanguage":"es","potentialAction":[{"@type":"CommentAction","name":"Comment","target":["https:\/\/webdelmaestrocmf.com\/portal\/como-tener-una-voz-perfecta-clara-y-grave-en-tus-clases-en-zoom-google-meet-microsoft-teams-etc\/#respond"]}]},{"@type":"WebPage","@id":"https:\/\/webdelmaestrocmf.com\/portal\/como-tener-una-voz-perfecta-clara-y-grave-en-tus-clases-en-zoom-google-meet-microsoft-teams-etc\/","url":"https:\/\/webdelmaestrocmf.com\/portal\/como-tener-una-voz-perfecta-clara-y-grave-en-tus-clases-en-zoom-google-meet-microsoft-teams-etc\/","name":"C\u00f3mo tener una voz perfecta, clara y grave en tus clases - 2026","isPartOf":{"@id":"https:\/\/webdelmaestrocmf.com\/portal\/#website"},"primaryImageOfPage":{"@id":"https:\/\/webdelmaestrocmf.com\/portal\/como-tener-una-voz-perfecta-clara-y-grave-en-tus-clases-en-zoom-google-meet-microsoft-teams-etc\/#primaryimage"},"image":{"@id":"https:\/\/webdelmaestrocmf.com\/portal\/como-tener-una-voz-perfecta-clara-y-grave-en-tus-clases-en-zoom-google-meet-microsoft-teams-etc\/#primaryimage"},"thumbnailUrl":"https:\/\/webdelmaestrocmf.com\/portal\/wp-content\/uploads\/2021\/03\/1-copia-1.jpg","datePublished":"2021-03-03T19:11:21+00:00","dateModified":"2023-01-06T14:43:15+00:00","description":"Hablar con una voz grave puede ser una habilidad \u00fatil en una variedad de contextos profesionales. Muchos locutores de...","breadcrumb":{"@id":"https:\/\/webdelmaestrocmf.com\/portal\/como-tener-una-voz-perfecta-clara-y-grave-en-tus-clases-en-zoom-google-meet-microsoft-teams-etc\/#breadcrumb"},"inLanguage":"es","potentialAction":[{"@type":"ReadAction","target":["https:\/\/webdelmaestrocmf.com\/portal\/como-tener-una-voz-perfecta-clara-y-grave-en-tus-clases-en-zoom-google-meet-microsoft-teams-etc\/"]}]},{"@type":"ImageObject","inLanguage":"es","@id":"https:\/\/webdelmaestrocmf.com\/portal\/como-tener-una-voz-perfecta-clara-y-grave-en-tus-clases-en-zoom-google-meet-microsoft-teams-etc\/#primaryimage","url":"https:\/\/webdelmaestrocmf.com\/portal\/wp-content\/uploads\/2021\/03\/1-copia-1.jpg","contentUrl":"https:\/\/webdelmaestrocmf.com\/portal\/wp-content\/uploads\/2021\/03\/1-copia-1.jpg","width":1100,"height":680},{"@type":"BreadcrumbList","@id":"https:\/\/webdelmaestrocmf.com\/portal\/como-tener-una-voz-perfecta-clara-y-grave-en-tus-clases-en-zoom-google-meet-microsoft-teams-etc\/#breadcrumb","itemListElement":[{"@type":"ListItem","position":1,"name":"Portada","item":"https:\/\/webdelmaestrocmf.com\/portal\/"},{"@type":"ListItem","position":2,"name":"Recursos","item":"https:\/\/webdelmaestrocmf.com\/portal\/category\/pedagogia\/"},{"@type":"ListItem","position":3,"name":"C\u00f3mo tener una voz perfecta, clara y grave en tus clases"}]},{"@type":"WebSite","@id":"https:\/\/webdelmaestrocmf.com\/portal\/#website","url":"https:\/\/webdelmaestrocmf.com\/portal\/","name":"Web del Maestro CMF","description":"Maestros al servicio de la educaci\u00f3n","publisher":{"@id":"https:\/\/webdelmaestrocmf.com\/portal\/#organization"},"alternateName":"WMCMF","potentialAction":[{"@type":"SearchAction","target":{"@type":"EntryPoint","urlTemplate":"https:\/\/webdelmaestrocmf.com\/portal\/?s={search_term_string}"},"query-input":{"@type":"PropertyValueSpecification","valueRequired":true,"valueName":"search_term_string"}}],"inLanguage":"es"},{"@type":"Organization","@id":"https:\/\/webdelmaestrocmf.com\/portal\/#organization","name":"Web del Maestro CMF","alternateName":"WMCMF","url":"https:\/\/webdelmaestrocmf.com\/portal\/","logo":{"@type":"ImageObject","inLanguage":"es","@id":"https:\/\/webdelmaestrocmf.com\/portal\/#\/schema\/logo\/image\/","url":"https:\/\/webdelmaestrocmf.com\/portal\/wp-content\/uploads\/2023\/01\/logo-wmcmf-2.png","contentUrl":"https:\/\/webdelmaestrocmf.com\/portal\/wp-content\/uploads\/2023\/01\/logo-wmcmf-2.png","width":200,"height":60,"caption":"Web del Maestro CMF"},"image":{"@id":"https:\/\/webdelmaestrocmf.com\/portal\/#\/schema\/logo\/image\/"},"sameAs":["https:\/\/www.facebook.com\/WebdelMaestroCMF\/","https:\/\/x.com\/cmf_w","https:\/\/www.pinterest.com\/WMCMF\/","https:\/\/www.linkedin.com\/company\/web-del-maestro-cmf\/","https:\/\/www.instagram.com\/wmcmf\/","https:\/\/www.youtube.com\/channel\/UCDPSvjbdodE5sHnC3OxutHw","https:\/\/mastodon.social\/@wmcmf","https:\/\/www.tiktok.com\/@webdelmaestrocmf"]},{"@type":"Person","@id":"https:\/\/webdelmaestrocmf.com\/portal\/#\/schema\/person\/1072a2ed7bd960df8ef99a551fa35dc5","name":"Web del Maestro CMF","image":{"@type":"ImageObject","inLanguage":"es","@id":"https:\/\/secure.gravatar.com\/avatar\/23291dd5b5ae1077dcff3dbb04c3e02bd28403fa75af6d8787d5e97c5bbbe30b?s=96&d=mm&r=g","url":"https:\/\/secure.gravatar.com\/avatar\/23291dd5b5ae1077dcff3dbb04c3e02bd28403fa75af6d8787d5e97c5bbbe30b?s=96&d=mm&r=g","contentUrl":"https:\/\/secure.gravatar.com\/avatar\/23291dd5b5ae1077dcff3dbb04c3e02bd28403fa75af6d8787d5e97c5bbbe30b?s=96&d=mm&r=g","caption":"Web del Maestro CMF"},"description":"Esta Web se cre\u00f3 sin fines de lucro, con fines educativos, cient\u00edficos y acad\u00e9micos, para personas que tengan dificultades y\/o inconvenientes en visualizar el material original. El objetivo es entregar recursos, compartir experiencias y materiales que ayuden a los padres de familia, maestros y estudiantes en su actualizaci\u00f3n y formaci\u00f3n permanente, en bien de la Educaci\u00f3n.","sameAs":["http:\/\/webdelmaestrocmf.com\/portal","https:\/\/www.facebook.com\/WebdelMaestroCMF\/","https:\/\/www.instagram.com\/wmcmf\/","https:\/\/cl.linkedin.com\/company\/web-del-maestro-cmf","https:\/\/www.pinterest.com\/WMCMF\/publicaciones\/","https:\/\/x.com\/cmf_w","https:\/\/www.youtube.com\/@WMCMF"]}]}},"jetpack_featured_media_url":"https:\/\/webdelmaestrocmf.com\/portal\/wp-content\/uploads\/2021\/03\/1-copia-1.jpg","jetpack_sharing_enabled":true,"jetpack-related-posts":[{"id":77431,"url":"https:\/\/webdelmaestrocmf.com\/portal\/4-tips-para-que-estudiantes-y-docentes-hablen-en-publico-de-la-mejor-manera\/","url_meta":{"origin":60020,"position":0},"title":"4 tips para que estudiantes y docentes hablen en p\u00fablico de la mejor manera","author":"Web del Maestro CMF","date":"9 junio, 2022","format":false,"excerpt":"A menudo hablar en p\u00fablico o exponer se transforma en un desaf\u00edo. Aqu\u00ed te contamos algunos consejos que entrega Emma Rodero para que estudiantes y docentes hablen en p\u00fablico de la mejor manera. La voz es el instrumento m\u00e1s importante para comunicar,\u00a0tiene una poderosa influencia \u2013sobretodo\u2013 al intentar convencer a\u2026","rel":"","context":"En \u00abConsejos\u00bb","block_context":{"text":"Consejos","link":"https:\/\/webdelmaestrocmf.com\/portal\/category\/pedagogia\/consejos\/"},"img":{"alt_text":"","src":"https:\/\/i0.wp.com\/webdelmaestrocmf.com\/portal\/wp-content\/uploads\/2022\/06\/Banner-1-portada-imagen-10-1-5.jpg?resize=350%2C200&ssl=1","width":350,"height":200,"srcset":"https:\/\/i0.wp.com\/webdelmaestrocmf.com\/portal\/wp-content\/uploads\/2022\/06\/Banner-1-portada-imagen-10-1-5.jpg?resize=350%2C200&ssl=1 1x, https:\/\/i0.wp.com\/webdelmaestrocmf.com\/portal\/wp-content\/uploads\/2022\/06\/Banner-1-portada-imagen-10-1-5.jpg?resize=525%2C300&ssl=1 1.5x, https:\/\/i0.wp.com\/webdelmaestrocmf.com\/portal\/wp-content\/uploads\/2022\/06\/Banner-1-portada-imagen-10-1-5.jpg?resize=700%2C400&ssl=1 2x"},"classes":[]},{"id":17464,"url":"https:\/\/webdelmaestrocmf.com\/portal\/cuidar-la-garganta-y-garantizar-la-salud-de-la-voz-de-los-docentes\/","url_meta":{"origin":60020,"position":1},"title":"Cuidar la garganta, garantizar la salud y la voz de los docentes","author":"Web del Maestro CMF","date":"12 diciembre, 2024","format":false,"excerpt":"El portal \u201cEduGobal\u201d ha compartido la publicaci\u00f3n\u00a0sobre\u00a0CONSEJOS PARA CUIDAR LA VOZ CUANDO SE ES PROFESOR(A). La publicaci\u00f3n\u00a0\u00a0trata sobre\u00a0la afon\u00eda y otras afecciones de garganta como la faringitis o la rinofaringitis son actualmente las principales causas de baja laboral\u00a0en el docente. Compartimos la siguiente\u00a0la entrada de EduGobal\u00a0con fines \u00fanicamente educativos .\u2026","rel":"","context":"En \u00abEstr\u00e9s\u00bb","block_context":{"text":"Estr\u00e9s","link":"https:\/\/webdelmaestrocmf.com\/portal\/category\/pedagogia\/estres\/"},"img":{"alt_text":"","src":"https:\/\/i0.wp.com\/webdelmaestrocmf.com\/portal\/wp-content\/uploads\/2017\/08\/Banner-1-portada-imagen-10-1-19.jpg?resize=350%2C200&ssl=1","width":350,"height":200,"srcset":"https:\/\/i0.wp.com\/webdelmaestrocmf.com\/portal\/wp-content\/uploads\/2017\/08\/Banner-1-portada-imagen-10-1-19.jpg?resize=350%2C200&ssl=1 1x, https:\/\/i0.wp.com\/webdelmaestrocmf.com\/portal\/wp-content\/uploads\/2017\/08\/Banner-1-portada-imagen-10-1-19.jpg?resize=525%2C300&ssl=1 1.5x, https:\/\/i0.wp.com\/webdelmaestrocmf.com\/portal\/wp-content\/uploads\/2017\/08\/Banner-1-portada-imagen-10-1-19.jpg?resize=700%2C400&ssl=1 2x"},"classes":[]},{"id":73901,"url":"https:\/\/webdelmaestrocmf.com\/portal\/soy-docente-como-cuidar-mi-voz-para-prevenir-problemas-serios\/","url_meta":{"origin":60020,"position":2},"title":"Soy docente, \u00bfc\u00f3mo cuidar mi voz para prevenir problemas serios?","author":"Web del Maestro CMF","date":"10 mayo, 2022","format":false,"excerpt":"Especialistas del Hospital de Manises han elaborado un cat\u00e1logo con algunos consejos para cuidar la voz. Se debe prescindir de elementos irritantes para la garganta como la tiza. Se aconseja no recurrir a caramelos de menta, mentol o eucalipto que resecan mucho la garganta. En la mayor\u00eda de los casos\u2026","rel":"","context":"En \u00abRecursos\u00bb","block_context":{"text":"Recursos","link":"https:\/\/webdelmaestrocmf.com\/portal\/category\/pedagogia\/"},"img":{"alt_text":"","src":"https:\/\/i0.wp.com\/webdelmaestrocmf.com\/portal\/wp-content\/uploads\/2022\/02\/1-15.jpg?resize=350%2C200&ssl=1","width":350,"height":200,"srcset":"https:\/\/i0.wp.com\/webdelmaestrocmf.com\/portal\/wp-content\/uploads\/2022\/02\/1-15.jpg?resize=350%2C200&ssl=1 1x, https:\/\/i0.wp.com\/webdelmaestrocmf.com\/portal\/wp-content\/uploads\/2022\/02\/1-15.jpg?resize=525%2C300&ssl=1 1.5x, https:\/\/i0.wp.com\/webdelmaestrocmf.com\/portal\/wp-content\/uploads\/2022\/02\/1-15.jpg?resize=700%2C400&ssl=1 2x, https:\/\/i0.wp.com\/webdelmaestrocmf.com\/portal\/wp-content\/uploads\/2022\/02\/1-15.jpg?resize=1050%2C600&ssl=1 3x"},"classes":[]},{"id":84188,"url":"https:\/\/webdelmaestrocmf.com\/portal\/kaizena-una-herramienta-perfecta-para-retroalimentar-de-forma-rapida-y-efectiva\/","url_meta":{"origin":60020,"position":3},"title":"Kaizena: una herramienta perfecta para retroalimentar de forma r\u00e1pida y efectiva","author":"Web del Maestro CMF","date":"13 febrero, 2023","format":false,"excerpt":"Hacer correcciones por medio de notas de voz e incluir material complementario en \u00a0un texto son algunas de las cosas que podr\u00e1s hacer con esta herramienta gratuita. Google Drive\u00a0es una plataforma de Goolge que permite, adem\u00e1s de almacenar informaci\u00f3n online, crear documentos, hojas de c\u00e1lculo, presentaciones, formularios, entre otras cosas.\u2026","rel":"","context":"En \u00abSoftware\u00bb","block_context":{"text":"Software","link":"https:\/\/webdelmaestrocmf.com\/portal\/category\/tecnologia\/software\/"},"img":{"alt_text":"","src":"https:\/\/i0.wp.com\/webdelmaestrocmf.com\/portal\/wp-content\/uploads\/2023\/02\/1-12.jpeg?resize=350%2C200&ssl=1","width":350,"height":200,"srcset":"https:\/\/i0.wp.com\/webdelmaestrocmf.com\/portal\/wp-content\/uploads\/2023\/02\/1-12.jpeg?resize=350%2C200&ssl=1 1x, https:\/\/i0.wp.com\/webdelmaestrocmf.com\/portal\/wp-content\/uploads\/2023\/02\/1-12.jpeg?resize=525%2C300&ssl=1 1.5x, https:\/\/i0.wp.com\/webdelmaestrocmf.com\/portal\/wp-content\/uploads\/2023\/02\/1-12.jpeg?resize=700%2C400&ssl=1 2x"},"classes":[]},{"id":88121,"url":"https:\/\/webdelmaestrocmf.com\/portal\/tengo-alumnos-que-pronuncian-mal-las-letras-y-las-palabras-que-puedo-hacer\/","url_meta":{"origin":60020,"position":4},"title":"Tengo alumnos que pronuncian mal las letras y las palabras \u00bfQu\u00e9 puedo hacer?","author":"Web del Maestro CMF","date":"27 abril, 2023","format":false,"excerpt":"Se considera que los trastornos de aprendizaje tienen una prevalencia entre\u00a0el 10 y el 15% y que son la principal causa de fracaso escolar.\u00a0Dentro de los trastornos de aprendizajes encontramos el\u00a0Trastorno de Aprendizaje No Verbal (TANV)\u00a0cuya prevalencia no est\u00e1 clara al estar poco divulgado, no definido en el DSM y\u2026","rel":"","context":"En \u00abPalabras\u00bb","block_context":{"text":"Palabras","link":"https:\/\/webdelmaestrocmf.com\/portal\/category\/pedagogia\/palabras\/"},"img":{"alt_text":"","src":"https:\/\/i0.wp.com\/webdelmaestrocmf.com\/portal\/wp-content\/uploads\/2023\/04\/A12B3C4D-36.jpg?resize=350%2C200&ssl=1","width":350,"height":200,"srcset":"https:\/\/i0.wp.com\/webdelmaestrocmf.com\/portal\/wp-content\/uploads\/2023\/04\/A12B3C4D-36.jpg?resize=350%2C200&ssl=1 1x, https:\/\/i0.wp.com\/webdelmaestrocmf.com\/portal\/wp-content\/uploads\/2023\/04\/A12B3C4D-36.jpg?resize=525%2C300&ssl=1 1.5x, https:\/\/i0.wp.com\/webdelmaestrocmf.com\/portal\/wp-content\/uploads\/2023\/04\/A12B3C4D-36.jpg?resize=700%2C400&ssl=1 2x"},"classes":[]},{"id":65140,"url":"https:\/\/webdelmaestrocmf.com\/portal\/como-anadir-efectos-de-sonido-a-los-audios-en-whatsapp\/","url_meta":{"origin":60020,"position":5},"title":"C\u00f3mo a\u00f1adir efectos de sonido a los audios en WhatsApp","author":"Web del Maestro CMF","date":"12 julio, 2021","format":false,"excerpt":"\u00bfQuieres sonar como robot? La mayor\u00eda de usuarios se ha divertido escuchando los audios de\u00a0WhatsApp\u00a0en velocidades de 1.5X y 2X, pues muchos consideran que al reproducirlos la voz suena como la de una\u00a0\u2018ardilla\u2019\u00a0o como si hubiera consumido helio. Si te encuentras aburrido y quieres hacer re\u00edr a los integrantes de\u2026","rel":"","context":"En \u00abSoftware\u00bb","block_context":{"text":"Software","link":"https:\/\/webdelmaestrocmf.com\/portal\/category\/tecnologia\/software\/"},"img":{"alt_text":"","src":"https:\/\/i0.wp.com\/webdelmaestrocmf.com\/portal\/wp-content\/uploads\/2021\/07\/1-47.jpg?resize=350%2C200&ssl=1","width":350,"height":200,"srcset":"https:\/\/i0.wp.com\/webdelmaestrocmf.com\/portal\/wp-content\/uploads\/2021\/07\/1-47.jpg?resize=350%2C200&ssl=1 1x, https:\/\/i0.wp.com\/webdelmaestrocmf.com\/portal\/wp-content\/uploads\/2021\/07\/1-47.jpg?resize=525%2C300&ssl=1 1.5x, https:\/\/i0.wp.com\/webdelmaestrocmf.com\/portal\/wp-content\/uploads\/2021\/07\/1-47.jpg?resize=700%2C400&ssl=1 2x, https:\/\/i0.wp.com\/webdelmaestrocmf.com\/portal\/wp-content\/uploads\/2021\/07\/1-47.jpg?resize=1050%2C600&ssl=1 3x"},"classes":[]}],"_links":{"self":[{"href":"https:\/\/webdelmaestrocmf.com\/portal\/wp-json\/wp\/v2\/posts\/60020","targetHints":{"allow":["GET"]}}],"collection":[{"href":"https:\/\/webdelmaestrocmf.com\/portal\/wp-json\/wp\/v2\/posts"}],"about":[{"href":"https:\/\/webdelmaestrocmf.com\/portal\/wp-json\/wp\/v2\/types\/post"}],"author":[{"embeddable":true,"href":"https:\/\/webdelmaestrocmf.com\/portal\/wp-json\/wp\/v2\/users\/1"}],"replies":[{"embeddable":true,"href":"https:\/\/webdelmaestrocmf.com\/portal\/wp-json\/wp\/v2\/comments?post=60020"}],"version-history":[{"count":0,"href":"https:\/\/webdelmaestrocmf.com\/portal\/wp-json\/wp\/v2\/posts\/60020\/revisions"}],"wp:featuredmedia":[{"embeddable":true,"href":"https:\/\/webdelmaestrocmf.com\/portal\/wp-json\/wp\/v2\/media\/60022"}],"wp:attachment":[{"href":"https:\/\/webdelmaestrocmf.com\/portal\/wp-json\/wp\/v2\/media?parent=60020"}],"wp:term":[{"taxonomy":"category","embeddable":true,"href":"https:\/\/webdelmaestrocmf.com\/portal\/wp-json\/wp\/v2\/categories?post=60020"},{"taxonomy":"post_tag","embeddable":true,"href":"https:\/\/webdelmaestrocmf.com\/portal\/wp-json\/wp\/v2\/tags?post=60020"}],"curies":[{"name":"wp","href":"https:\/\/api.w.org\/{rel}","templated":true}]}}