{"id":59709,"date":"2021-02-22T20:56:35","date_gmt":"2021-02-22T23:56:35","guid":{"rendered":"https:\/\/webdelmaestrocmf.com\/portal\/?p=59709"},"modified":"2023-04-05T20:56:51","modified_gmt":"2023-04-06T00:56:51","slug":"curso-de-habilidades-docentes-para-la-nueva-escuela","status":"publish","type":"post","link":"https:\/\/webdelmaestrocmf.com\/portal\/curso-de-habilidades-docentes-para-la-nueva-escuela\/","title":{"rendered":"Curso de Habilidades Docentes para la Nueva Escuela"},"content":{"rendered":"<h5 style=\"text-align: justify;\">El\u00a0<strong>Sistema de Apreciaci\u00f3n de Conocimientos y Aptitudes<\/strong> es uno de los elementos <strong>Multifactoriales <\/strong>que se conforma del Curso de Habilidades Docentes para la Nueva Escuela Mexicana; la Acreditaci\u00f3n del Curso de Habilidades Docentes para la Nueva Escuela Mexicana; y el Instrumento de Valoraci\u00f3n de Conocimientos y Aptitudes Docentes. Estos son los tres componentes de este elemento multifactorial.<\/h5>\n<p><!--more--><\/p>\n<p style=\"text-align: justify;\">Agradecemos a los canales de <a class=\"yt-simple-endpoint style-scope yt-formatted-string\" dir=\"auto\" spellcheck=\"false\" href=\"https:\/\/www.youtube.com\/channel\/UCIiWh7Z44MAMtRcfeWHEhhg\" target=\"_blank\" rel=\"noopener\">Profesor Santos Rivera<\/a>\u00a0por proporcionar la informaci\u00f3n y videos tutoriales para la realizaci\u00f3n de esta capacitaci\u00f3n que compartimos \u00fanicamente con fines educativos y de formaci\u00f3n permanente.<\/p>\n<p style=\"text-align: justify;\"><span style=\"font-weight: 400;\">Como parte de los <\/span><b>elementos multifactoriales<\/b><span style=\"font-weight: 400;\"> del <\/span><b>proceso de admisi\u00f3n para Educaci\u00f3n B\u00e1sica<\/b><span style=\"font-weight: 400;\"> se ten\u00eda que tomar el <\/span><b>Curso de Habilidades Docentes para la Nueva Escuela Mexicana<\/b><span style=\"font-weight: 400;\">.<\/span><\/p>\n<p><img loading=\"lazy\" decoding=\"async\" class=\"alignnone size-large wp-image-59710\" src=\"https:\/\/webdelmaestrocmf.com\/portal\/wp-content\/uploads\/2021\/02\/2-19-1024x534.jpg\" alt=\"\" width=\"1024\" height=\"534\" srcset=\"https:\/\/webdelmaestrocmf.com\/portal\/wp-content\/uploads\/2021\/02\/2-19-1024x534.jpg 1024w, https:\/\/webdelmaestrocmf.com\/portal\/wp-content\/uploads\/2021\/02\/2-19-300x157.jpg 300w, https:\/\/webdelmaestrocmf.com\/portal\/wp-content\/uploads\/2021\/02\/2-19-768x401.jpg 768w, https:\/\/webdelmaestrocmf.com\/portal\/wp-content\/uploads\/2021\/02\/2-19-110x57.jpg 110w, https:\/\/webdelmaestrocmf.com\/portal\/wp-content\/uploads\/2021\/02\/2-19-200x104.jpg 200w, https:\/\/webdelmaestrocmf.com\/portal\/wp-content\/uploads\/2021\/02\/2-19-380x198.jpg 380w, https:\/\/webdelmaestrocmf.com\/portal\/wp-content\/uploads\/2021\/02\/2-19-255x133.jpg 255w, https:\/\/webdelmaestrocmf.com\/portal\/wp-content\/uploads\/2021\/02\/2-19-550x287.jpg 550w, https:\/\/webdelmaestrocmf.com\/portal\/wp-content\/uploads\/2021\/02\/2-19-800x417.jpg 800w, https:\/\/webdelmaestrocmf.com\/portal\/wp-content\/uploads\/2021\/02\/2-19-220x115.jpg 220w, https:\/\/webdelmaestrocmf.com\/portal\/wp-content\/uploads\/2021\/02\/2-19-400x209.jpg 400w, https:\/\/webdelmaestrocmf.com\/portal\/wp-content\/uploads\/2021\/02\/2-19-760x397.jpg 760w, https:\/\/webdelmaestrocmf.com\/portal\/wp-content\/uploads\/2021\/02\/2-19-510x266.jpg 510w, https:\/\/webdelmaestrocmf.com\/portal\/wp-content\/uploads\/2021\/02\/2-19-600x313.jpg 600w, https:\/\/webdelmaestrocmf.com\/portal\/wp-content\/uploads\/2021\/02\/2-19.jpg 1100w\" sizes=\"auto, (max-width: 1024px) 100vw, 1024px\" \/><\/p>\n<p style=\"text-align: justify;\"><span style=\"font-weight: 400;\">La <\/span><b>Unidad del Sistema para la Carrera de las Maestras y los Maestros (USICAMM)<\/b><span style=\"font-weight: 400;\">, organiz\u00f3 a los participantes en 5 grupos para que ingresar a realizar el curso, dicha organizaci\u00f3n se llev\u00f3 a cabo como lo explico en el siguiente video:<\/span><\/p>\n<h5>1. Contenido del M\u00f3dulo I del curso de habilidades docentes de la NEM<\/h5>\n<p style=\"text-align: justify;\">En este video revisamos los contenidos m\u00e1s relevantes del primer m\u00f3dulo del Curso de Habilidades Docentes para la Nueva Escuela Mexicana (NEM), su objetivo es que te sirva de repaso para el examen correspondiente o bien para que conozcas el contenido del curso si a\u00fan no se habilita para ti.<\/p>\n<p><iframe loading=\"lazy\" src=\"https:\/\/www.youtube.com\/embed\/TOhnWduFg9M\" width=\"100%\" height=\"400\" frameborder=\"0\" allowfullscreen=\"allowfullscreen\"><span data-mce-type=\"bookmark\" style=\"display: inline-block; width: 0px; overflow: hidden; line-height: 0;\" class=\"mce_SELRES_start\">\ufeff<\/span><\/iframe><\/p>\n<h5>2. Contenido del M\u00f3dulo II del curso de habilidades docentes de la NEM<\/h5>\n<p><iframe loading=\"lazy\" src=\"https:\/\/www.youtube.com\/embed\/spaGHeQJkBs\" width=\"100%\" height=\"400\" frameborder=\"0\" allowfullscreen=\"allowfullscreen\"><\/iframe><\/p>\n<h5>2. Contenido del M\u00f3dulo III del curso de habilidades docentes de la NEM<\/h5>\n<p><iframe loading=\"lazy\" src=\"https:\/\/www.youtube.com\/embed\/tq9BqZvRLeQ\" width=\"100%\" height=\"400\" frameborder=\"0\" allowfullscreen=\"allowfullscreen\"><\/iframe><\/p>\n<h5>2. Contenido del M\u00f3dulo IV del curso de habilidades docentes de la NEM<\/h5>\n<p><iframe loading=\"lazy\" src=\"https:\/\/www.youtube.com\/embed\/wJnn6JJSeMA\" width=\"100%\" height=\"400\" frameborder=\"0\" allowfullscreen=\"allowfullscreen\"><span data-mce-type=\"bookmark\" style=\"display: inline-block; width: 0px; overflow: hidden; line-height: 0;\" class=\"mce_SELRES_start\">\ufeff<\/span><\/iframe><\/p>\n<p><strong>\u00a1Comparte y as\u00ed m\u00e1s docentes utilizar\u00e1n estos recursos\u00a0gratis! Muchas gracias.<\/strong><\/p>\n\t\t<div class=\"pk-inline-posts\">\n\t\t\t\n\t\t\t<div class=\"pk-inline-posts-container pk-inline-posts-template-list\"\n\t\t\t\tdata-columns=\"1\">\n\t\t\t\t\t\t<article id=\"post-31801\" class=\"post-31801 post type-post status-publish format-standard has-post-thumbnail category-inteligencias-multiples category-pedagogia tag-aula tag-estrategias-clave tag-guia-para-docentes tag-inteligencias tag-inteligencias-multiples tag-inteligencias-multiples-en-el-aula tag-multiples cs-entry cs-video-wrap\">\n\t\t\t<div class=\"pk-post-outer\">\n\n\t\t\t\t\t\t\t\t<div class=\"pk-post-inner\">\n\t\t\t\t\t<div class=\"entry-thumbnail\">\n\t\t\t\t\t\t<div class=\"pk-overlay pk-overlay-ratio pk-ratio-landscape\">\n\t\t\t\t\t\t\t<div class=\"pk-overlay-background\">\n\t\t\t\t\t\t\t\t<a href=\"https:\/\/webdelmaestrocmf.com\/portal\/guia-para-docentes-las-inteligencias-multiples-en-el-aula\/\" class=\"pk-overlay-link\">\n\t\t\t\t\t\t\t\t\t<img loading=\"lazy\" decoding=\"async\" width=\"300\" height=\"225\" src=\"https:\/\/webdelmaestrocmf.com\/portal\/wp-content\/uploads\/2020\/11\/Banner-1-portada-imagen-10-1-15-300x225.jpg\" class=\"attachment-pk-thumbnail size-pk-thumbnail wp-post-image\" alt=\"inteligencias m\u00faltiples\" \/>\t\t\t\t\t\t\t\t<\/a>\n\t\t\t\t\t\t\t<\/div>\n\t\t\t\t\t\t<\/div>\n\t\t\t\t\t<\/div>\n\t\t\t\t<\/div>\n\t\t\t\t\n\t\t\t\t<div class=\"pk-post-inner\">\n\t\t\t\t\t<header>\n\t\t\t\t\t\t<h3 class=\"pk-title\"><a href=\"https:\/\/webdelmaestrocmf.com\/portal\/guia-para-docentes-las-inteligencias-multiples-en-el-aula\/\" rel=\"bookmark\">Gu\u00eda para docentes sobre las inteligencias m\u00faltiples en el aula<\/a><\/h3>\t\t\t\t\t<\/header><!-- .entry-header -->\n\t\t\t\t<\/div><!-- .post-inner -->\n\n\t\t\t<\/div><!-- .post-outer -->\n\t\t<\/article>\n\t\t\t\t<\/div>\n\t\t<\/div>\n\t\t\n","protected":false},"excerpt":{"rendered":"El\u00a0Sistema de Apreciaci\u00f3n de Conocimientos y Aptitudes es uno de los elementos Multifactoriales que se conforma del Curso&hellip;","protected":false},"author":1,"featured_media":59711,"comment_status":"open","ping_status":"closed","sticky":false,"template":"","format":"standard","meta":{"csco_display_header_overlay":false,"csco_singular_sidebar":"default","csco_page_header_type":"default","csco_page_load_nextpost":"default","csco_post_video_location":[],"csco_post_video_location_hash":"","csco_post_video_url":"","csco_post_video_bg_start_time":0,"csco_post_video_bg_end_time":0,"csco_post_video_bg_volume":false,"_jetpack_memberships_contains_paid_content":false,"footnotes":""},"categories":[1171,735],"tags":[1720,58,228,83,5782],"class_list":{"0":"post-59709","1":"post","2":"type-post","3":"status-publish","4":"format-standard","5":"has-post-thumbnail","7":"category-cursos","8":"category-pedagogia","9":"tag-curso","10":"tag-docentes","11":"tag-escuela","12":"tag-habilidades","13":"tag-nueva","14":"cs-entry","15":"cs-video-wrap"},"yoast_head":"<!-- This site is optimized with the Yoast SEO plugin v27.5 - https:\/\/yoast.com\/product\/yoast-seo-wordpress\/ -->\n<title>Curso de Habilidades Docentes para la Nueva Escuela - 2026<\/title>\n<meta name=\"description\" content=\"Como parte de los elementos multifactoriales del proceso de admisi\u00f3n para Educaci\u00f3n B\u00e1sica se ten\u00eda que tomar el Curso de Habilidades...\" \/>\n<meta name=\"robots\" content=\"index, follow, max-snippet:-1, max-image-preview:large, max-video-preview:-1\" \/>\n<link rel=\"canonical\" href=\"https:\/\/webdelmaestrocmf.com\/portal\/curso-de-habilidades-docentes-para-la-nueva-escuela\/\" \/>\n<meta property=\"og:locale\" content=\"es_ES\" \/>\n<meta property=\"og:type\" content=\"article\" \/>\n<meta property=\"og:title\" content=\"Curso de Habilidades Docentes para la Nueva Escuela - 2026\" \/>\n<meta property=\"og:description\" content=\"Como parte de los elementos multifactoriales del proceso de admisi\u00f3n para Educaci\u00f3n B\u00e1sica se ten\u00eda que tomar el Curso de Habilidades...\" \/>\n<meta property=\"og:url\" content=\"https:\/\/webdelmaestrocmf.com\/portal\/curso-de-habilidades-docentes-para-la-nueva-escuela\/\" \/>\n<meta property=\"og:site_name\" content=\"Web del Maestro CMF\" \/>\n<meta property=\"article:publisher\" content=\"https:\/\/www.facebook.com\/WebdelMaestroCMF\/\" \/>\n<meta property=\"article:author\" content=\"https:\/\/www.facebook.com\/WebdelMaestroCMF\/\" \/>\n<meta property=\"article:published_time\" content=\"2021-02-22T23:56:35+00:00\" \/>\n<meta property=\"article:modified_time\" content=\"2023-04-06T00:56:51+00:00\" \/>\n<meta property=\"og:image\" content=\"https:\/\/i0.wp.com\/webdelmaestrocmf.com\/portal\/wp-content\/uploads\/2021\/02\/2-20.jpg?fit=1100%2C680&ssl=1\" \/>\n\t<meta property=\"og:image:width\" content=\"1100\" \/>\n\t<meta property=\"og:image:height\" content=\"680\" \/>\n\t<meta property=\"og:image:type\" content=\"image\/jpeg\" \/>\n<meta name=\"author\" content=\"Web del Maestro CMF\" \/>\n<meta name=\"twitter:card\" content=\"summary_large_image\" \/>\n<meta name=\"twitter:creator\" content=\"@cmf_w\" \/>\n<meta name=\"twitter:site\" content=\"@cmf_w\" \/>\n<script type=\"application\/ld+json\" class=\"yoast-schema-graph\">{\"@context\":\"https:\\\/\\\/schema.org\",\"@graph\":[{\"@type\":\"ScholarlyArticle\",\"@id\":\"https:\\\/\\\/webdelmaestrocmf.com\\\/portal\\\/curso-de-habilidades-docentes-para-la-nueva-escuela\\\/#article\",\"isPartOf\":{\"@id\":\"https:\\\/\\\/webdelmaestrocmf.com\\\/portal\\\/curso-de-habilidades-docentes-para-la-nueva-escuela\\\/\"},\"author\":{\"name\":\"Web del Maestro CMF\",\"@id\":\"https:\\\/\\\/webdelmaestrocmf.com\\\/portal\\\/#\\\/schema\\\/person\\\/1072a2ed7bd960df8ef99a551fa35dc5\"},\"headline\":\"Curso de Habilidades Docentes para la Nueva Escuela\",\"datePublished\":\"2021-02-22T23:56:35+00:00\",\"dateModified\":\"2023-04-06T00:56:51+00:00\",\"mainEntityOfPage\":{\"@id\":\"https:\\\/\\\/webdelmaestrocmf.com\\\/portal\\\/curso-de-habilidades-docentes-para-la-nueva-escuela\\\/\"},\"wordCount\":296,\"commentCount\":0,\"publisher\":{\"@id\":\"https:\\\/\\\/webdelmaestrocmf.com\\\/portal\\\/#organization\"},\"image\":{\"@id\":\"https:\\\/\\\/webdelmaestrocmf.com\\\/portal\\\/curso-de-habilidades-docentes-para-la-nueva-escuela\\\/#primaryimage\"},\"thumbnailUrl\":\"https:\\\/\\\/webdelmaestrocmf.com\\\/portal\\\/wp-content\\\/uploads\\\/2021\\\/02\\\/2-20.jpg\",\"keywords\":[\"CURSO\",\"DOCENTES\",\"escuela\",\"habilidades\",\"nueva\"],\"articleSection\":[\"Cursos\",\"Recursos\"],\"inLanguage\":\"es\",\"potentialAction\":[{\"@type\":\"CommentAction\",\"name\":\"Comment\",\"target\":[\"https:\\\/\\\/webdelmaestrocmf.com\\\/portal\\\/curso-de-habilidades-docentes-para-la-nueva-escuela\\\/#respond\"]}]},{\"@type\":\"WebPage\",\"@id\":\"https:\\\/\\\/webdelmaestrocmf.com\\\/portal\\\/curso-de-habilidades-docentes-para-la-nueva-escuela\\\/\",\"url\":\"https:\\\/\\\/webdelmaestrocmf.com\\\/portal\\\/curso-de-habilidades-docentes-para-la-nueva-escuela\\\/\",\"name\":\"Curso de Habilidades Docentes para la Nueva Escuela - 2026\",\"isPartOf\":{\"@id\":\"https:\\\/\\\/webdelmaestrocmf.com\\\/portal\\\/#website\"},\"primaryImageOfPage\":{\"@id\":\"https:\\\/\\\/webdelmaestrocmf.com\\\/portal\\\/curso-de-habilidades-docentes-para-la-nueva-escuela\\\/#primaryimage\"},\"image\":{\"@id\":\"https:\\\/\\\/webdelmaestrocmf.com\\\/portal\\\/curso-de-habilidades-docentes-para-la-nueva-escuela\\\/#primaryimage\"},\"thumbnailUrl\":\"https:\\\/\\\/webdelmaestrocmf.com\\\/portal\\\/wp-content\\\/uploads\\\/2021\\\/02\\\/2-20.jpg\",\"datePublished\":\"2021-02-22T23:56:35+00:00\",\"dateModified\":\"2023-04-06T00:56:51+00:00\",\"description\":\"Como parte de los elementos multifactoriales del proceso de admisi\u00f3n para Educaci\u00f3n B\u00e1sica se ten\u00eda que tomar el Curso de Habilidades...\",\"breadcrumb\":{\"@id\":\"https:\\\/\\\/webdelmaestrocmf.com\\\/portal\\\/curso-de-habilidades-docentes-para-la-nueva-escuela\\\/#breadcrumb\"},\"inLanguage\":\"es\",\"potentialAction\":[{\"@type\":\"ReadAction\",\"target\":[\"https:\\\/\\\/webdelmaestrocmf.com\\\/portal\\\/curso-de-habilidades-docentes-para-la-nueva-escuela\\\/\"]}]},{\"@type\":\"ImageObject\",\"inLanguage\":\"es\",\"@id\":\"https:\\\/\\\/webdelmaestrocmf.com\\\/portal\\\/curso-de-habilidades-docentes-para-la-nueva-escuela\\\/#primaryimage\",\"url\":\"https:\\\/\\\/webdelmaestrocmf.com\\\/portal\\\/wp-content\\\/uploads\\\/2021\\\/02\\\/2-20.jpg\",\"contentUrl\":\"https:\\\/\\\/webdelmaestrocmf.com\\\/portal\\\/wp-content\\\/uploads\\\/2021\\\/02\\\/2-20.jpg\",\"width\":1100,\"height\":680},{\"@type\":\"BreadcrumbList\",\"@id\":\"https:\\\/\\\/webdelmaestrocmf.com\\\/portal\\\/curso-de-habilidades-docentes-para-la-nueva-escuela\\\/#breadcrumb\",\"itemListElement\":[{\"@type\":\"ListItem\",\"position\":1,\"name\":\"Portada\",\"item\":\"https:\\\/\\\/webdelmaestrocmf.com\\\/portal\\\/\"},{\"@type\":\"ListItem\",\"position\":2,\"name\":\"Cursos\",\"item\":\"https:\\\/\\\/webdelmaestrocmf.com\\\/portal\\\/category\\\/cursos\\\/\"},{\"@type\":\"ListItem\",\"position\":3,\"name\":\"Curso de Habilidades Docentes para la Nueva Escuela\"}]},{\"@type\":\"WebSite\",\"@id\":\"https:\\\/\\\/webdelmaestrocmf.com\\\/portal\\\/#website\",\"url\":\"https:\\\/\\\/webdelmaestrocmf.com\\\/portal\\\/\",\"name\":\"Web del Maestro CMF\",\"description\":\"Maestros al servicio de la educaci\u00f3n\",\"publisher\":{\"@id\":\"https:\\\/\\\/webdelmaestrocmf.com\\\/portal\\\/#organization\"},\"alternateName\":\"WMCMF\",\"potentialAction\":[{\"@type\":\"SearchAction\",\"target\":{\"@type\":\"EntryPoint\",\"urlTemplate\":\"https:\\\/\\\/webdelmaestrocmf.com\\\/portal\\\/?s={search_term_string}\"},\"query-input\":{\"@type\":\"PropertyValueSpecification\",\"valueRequired\":true,\"valueName\":\"search_term_string\"}}],\"inLanguage\":\"es\"},{\"@type\":\"Organization\",\"@id\":\"https:\\\/\\\/webdelmaestrocmf.com\\\/portal\\\/#organization\",\"name\":\"Web del Maestro CMF\",\"alternateName\":\"WMCMF\",\"url\":\"https:\\\/\\\/webdelmaestrocmf.com\\\/portal\\\/\",\"logo\":{\"@type\":\"ImageObject\",\"inLanguage\":\"es\",\"@id\":\"https:\\\/\\\/webdelmaestrocmf.com\\\/portal\\\/#\\\/schema\\\/logo\\\/image\\\/\",\"url\":\"https:\\\/\\\/webdelmaestrocmf.com\\\/portal\\\/wp-content\\\/uploads\\\/2023\\\/01\\\/logo-wmcmf-2.png\",\"contentUrl\":\"https:\\\/\\\/webdelmaestrocmf.com\\\/portal\\\/wp-content\\\/uploads\\\/2023\\\/01\\\/logo-wmcmf-2.png\",\"width\":200,\"height\":60,\"caption\":\"Web del Maestro CMF\"},\"image\":{\"@id\":\"https:\\\/\\\/webdelmaestrocmf.com\\\/portal\\\/#\\\/schema\\\/logo\\\/image\\\/\"},\"sameAs\":[\"https:\\\/\\\/www.facebook.com\\\/WebdelMaestroCMF\\\/\",\"https:\\\/\\\/x.com\\\/cmf_w\",\"https:\\\/\\\/www.pinterest.com\\\/WMCMF\\\/\",\"https:\\\/\\\/www.linkedin.com\\\/company\\\/web-del-maestro-cmf\\\/\",\"https:\\\/\\\/www.instagram.com\\\/wmcmf\\\/\",\"https:\\\/\\\/www.youtube.com\\\/channel\\\/UCDPSvjbdodE5sHnC3OxutHw\",\"https:\\\/\\\/mastodon.social\\\/@wmcmf\",\"https:\\\/\\\/www.tiktok.com\\\/@webdelmaestrocmf\"]},{\"@type\":\"Person\",\"@id\":\"https:\\\/\\\/webdelmaestrocmf.com\\\/portal\\\/#\\\/schema\\\/person\\\/1072a2ed7bd960df8ef99a551fa35dc5\",\"name\":\"Web del Maestro CMF\",\"image\":{\"@type\":\"ImageObject\",\"inLanguage\":\"es\",\"@id\":\"https:\\\/\\\/secure.gravatar.com\\\/avatar\\\/23291dd5b5ae1077dcff3dbb04c3e02bd28403fa75af6d8787d5e97c5bbbe30b?s=96&d=mm&r=g\",\"url\":\"https:\\\/\\\/secure.gravatar.com\\\/avatar\\\/23291dd5b5ae1077dcff3dbb04c3e02bd28403fa75af6d8787d5e97c5bbbe30b?s=96&d=mm&r=g\",\"contentUrl\":\"https:\\\/\\\/secure.gravatar.com\\\/avatar\\\/23291dd5b5ae1077dcff3dbb04c3e02bd28403fa75af6d8787d5e97c5bbbe30b?s=96&d=mm&r=g\",\"caption\":\"Web del Maestro CMF\"},\"description\":\"Esta Web se cre\u00f3 sin fines de lucro, con fines educativos, cient\u00edficos y acad\u00e9micos, para personas que tengan dificultades y\\\/o inconvenientes en visualizar el material original. El objetivo es entregar recursos, compartir experiencias y materiales que ayuden a los padres de familia, maestros y estudiantes en su actualizaci\u00f3n y formaci\u00f3n permanente, en bien de la Educaci\u00f3n.\",\"sameAs\":[\"http:\\\/\\\/webdelmaestrocmf.com\\\/portal\",\"https:\\\/\\\/www.facebook.com\\\/WebdelMaestroCMF\\\/\",\"https:\\\/\\\/www.instagram.com\\\/wmcmf\\\/\",\"https:\\\/\\\/cl.linkedin.com\\\/company\\\/web-del-maestro-cmf\",\"https:\\\/\\\/www.pinterest.com\\\/WMCMF\\\/publicaciones\\\/\",\"https:\\\/\\\/x.com\\\/cmf_w\",\"https:\\\/\\\/www.youtube.com\\\/@WMCMF\"]}]}<\/script>\n<!-- \/ Yoast SEO plugin. -->","yoast_head_json":{"title":"Curso de Habilidades Docentes para la Nueva Escuela - 2026","description":"Como parte de los elementos multifactoriales del proceso de admisi\u00f3n para Educaci\u00f3n B\u00e1sica se ten\u00eda que tomar el Curso de Habilidades...","robots":{"index":"index","follow":"follow","max-snippet":"max-snippet:-1","max-image-preview":"max-image-preview:large","max-video-preview":"max-video-preview:-1"},"canonical":"https:\/\/webdelmaestrocmf.com\/portal\/curso-de-habilidades-docentes-para-la-nueva-escuela\/","og_locale":"es_ES","og_type":"article","og_title":"Curso de Habilidades Docentes para la Nueva Escuela - 2026","og_description":"Como parte de los elementos multifactoriales del proceso de admisi\u00f3n para Educaci\u00f3n B\u00e1sica se ten\u00eda que tomar el Curso de Habilidades...","og_url":"https:\/\/webdelmaestrocmf.com\/portal\/curso-de-habilidades-docentes-para-la-nueva-escuela\/","og_site_name":"Web del Maestro CMF","article_publisher":"https:\/\/www.facebook.com\/WebdelMaestroCMF\/","article_author":"https:\/\/www.facebook.com\/WebdelMaestroCMF\/","article_published_time":"2021-02-22T23:56:35+00:00","article_modified_time":"2023-04-06T00:56:51+00:00","og_image":[{"width":1100,"height":680,"url":"https:\/\/i0.wp.com\/webdelmaestrocmf.com\/portal\/wp-content\/uploads\/2021\/02\/2-20.jpg?fit=1100%2C680&ssl=1","type":"image\/jpeg"}],"author":"Web del Maestro CMF","twitter_card":"summary_large_image","twitter_creator":"@cmf_w","twitter_site":"@cmf_w","schema":{"@context":"https:\/\/schema.org","@graph":[{"@type":"ScholarlyArticle","@id":"https:\/\/webdelmaestrocmf.com\/portal\/curso-de-habilidades-docentes-para-la-nueva-escuela\/#article","isPartOf":{"@id":"https:\/\/webdelmaestrocmf.com\/portal\/curso-de-habilidades-docentes-para-la-nueva-escuela\/"},"author":{"name":"Web del Maestro CMF","@id":"https:\/\/webdelmaestrocmf.com\/portal\/#\/schema\/person\/1072a2ed7bd960df8ef99a551fa35dc5"},"headline":"Curso de Habilidades Docentes para la Nueva Escuela","datePublished":"2021-02-22T23:56:35+00:00","dateModified":"2023-04-06T00:56:51+00:00","mainEntityOfPage":{"@id":"https:\/\/webdelmaestrocmf.com\/portal\/curso-de-habilidades-docentes-para-la-nueva-escuela\/"},"wordCount":296,"commentCount":0,"publisher":{"@id":"https:\/\/webdelmaestrocmf.com\/portal\/#organization"},"image":{"@id":"https:\/\/webdelmaestrocmf.com\/portal\/curso-de-habilidades-docentes-para-la-nueva-escuela\/#primaryimage"},"thumbnailUrl":"https:\/\/webdelmaestrocmf.com\/portal\/wp-content\/uploads\/2021\/02\/2-20.jpg","keywords":["CURSO","DOCENTES","escuela","habilidades","nueva"],"articleSection":["Cursos","Recursos"],"inLanguage":"es","potentialAction":[{"@type":"CommentAction","name":"Comment","target":["https:\/\/webdelmaestrocmf.com\/portal\/curso-de-habilidades-docentes-para-la-nueva-escuela\/#respond"]}]},{"@type":"WebPage","@id":"https:\/\/webdelmaestrocmf.com\/portal\/curso-de-habilidades-docentes-para-la-nueva-escuela\/","url":"https:\/\/webdelmaestrocmf.com\/portal\/curso-de-habilidades-docentes-para-la-nueva-escuela\/","name":"Curso de Habilidades Docentes para la Nueva Escuela - 2026","isPartOf":{"@id":"https:\/\/webdelmaestrocmf.com\/portal\/#website"},"primaryImageOfPage":{"@id":"https:\/\/webdelmaestrocmf.com\/portal\/curso-de-habilidades-docentes-para-la-nueva-escuela\/#primaryimage"},"image":{"@id":"https:\/\/webdelmaestrocmf.com\/portal\/curso-de-habilidades-docentes-para-la-nueva-escuela\/#primaryimage"},"thumbnailUrl":"https:\/\/webdelmaestrocmf.com\/portal\/wp-content\/uploads\/2021\/02\/2-20.jpg","datePublished":"2021-02-22T23:56:35+00:00","dateModified":"2023-04-06T00:56:51+00:00","description":"Como parte de los elementos multifactoriales del proceso de admisi\u00f3n para Educaci\u00f3n B\u00e1sica se ten\u00eda que tomar el Curso de Habilidades...","breadcrumb":{"@id":"https:\/\/webdelmaestrocmf.com\/portal\/curso-de-habilidades-docentes-para-la-nueva-escuela\/#breadcrumb"},"inLanguage":"es","potentialAction":[{"@type":"ReadAction","target":["https:\/\/webdelmaestrocmf.com\/portal\/curso-de-habilidades-docentes-para-la-nueva-escuela\/"]}]},{"@type":"ImageObject","inLanguage":"es","@id":"https:\/\/webdelmaestrocmf.com\/portal\/curso-de-habilidades-docentes-para-la-nueva-escuela\/#primaryimage","url":"https:\/\/webdelmaestrocmf.com\/portal\/wp-content\/uploads\/2021\/02\/2-20.jpg","contentUrl":"https:\/\/webdelmaestrocmf.com\/portal\/wp-content\/uploads\/2021\/02\/2-20.jpg","width":1100,"height":680},{"@type":"BreadcrumbList","@id":"https:\/\/webdelmaestrocmf.com\/portal\/curso-de-habilidades-docentes-para-la-nueva-escuela\/#breadcrumb","itemListElement":[{"@type":"ListItem","position":1,"name":"Portada","item":"https:\/\/webdelmaestrocmf.com\/portal\/"},{"@type":"ListItem","position":2,"name":"Cursos","item":"https:\/\/webdelmaestrocmf.com\/portal\/category\/cursos\/"},{"@type":"ListItem","position":3,"name":"Curso de Habilidades Docentes para la Nueva Escuela"}]},{"@type":"WebSite","@id":"https:\/\/webdelmaestrocmf.com\/portal\/#website","url":"https:\/\/webdelmaestrocmf.com\/portal\/","name":"Web del Maestro CMF","description":"Maestros al servicio de la educaci\u00f3n","publisher":{"@id":"https:\/\/webdelmaestrocmf.com\/portal\/#organization"},"alternateName":"WMCMF","potentialAction":[{"@type":"SearchAction","target":{"@type":"EntryPoint","urlTemplate":"https:\/\/webdelmaestrocmf.com\/portal\/?s={search_term_string}"},"query-input":{"@type":"PropertyValueSpecification","valueRequired":true,"valueName":"search_term_string"}}],"inLanguage":"es"},{"@type":"Organization","@id":"https:\/\/webdelmaestrocmf.com\/portal\/#organization","name":"Web del Maestro CMF","alternateName":"WMCMF","url":"https:\/\/webdelmaestrocmf.com\/portal\/","logo":{"@type":"ImageObject","inLanguage":"es","@id":"https:\/\/webdelmaestrocmf.com\/portal\/#\/schema\/logo\/image\/","url":"https:\/\/webdelmaestrocmf.com\/portal\/wp-content\/uploads\/2023\/01\/logo-wmcmf-2.png","contentUrl":"https:\/\/webdelmaestrocmf.com\/portal\/wp-content\/uploads\/2023\/01\/logo-wmcmf-2.png","width":200,"height":60,"caption":"Web del Maestro CMF"},"image":{"@id":"https:\/\/webdelmaestrocmf.com\/portal\/#\/schema\/logo\/image\/"},"sameAs":["https:\/\/www.facebook.com\/WebdelMaestroCMF\/","https:\/\/x.com\/cmf_w","https:\/\/www.pinterest.com\/WMCMF\/","https:\/\/www.linkedin.com\/company\/web-del-maestro-cmf\/","https:\/\/www.instagram.com\/wmcmf\/","https:\/\/www.youtube.com\/channel\/UCDPSvjbdodE5sHnC3OxutHw","https:\/\/mastodon.social\/@wmcmf","https:\/\/www.tiktok.com\/@webdelmaestrocmf"]},{"@type":"Person","@id":"https:\/\/webdelmaestrocmf.com\/portal\/#\/schema\/person\/1072a2ed7bd960df8ef99a551fa35dc5","name":"Web del Maestro CMF","image":{"@type":"ImageObject","inLanguage":"es","@id":"https:\/\/secure.gravatar.com\/avatar\/23291dd5b5ae1077dcff3dbb04c3e02bd28403fa75af6d8787d5e97c5bbbe30b?s=96&d=mm&r=g","url":"https:\/\/secure.gravatar.com\/avatar\/23291dd5b5ae1077dcff3dbb04c3e02bd28403fa75af6d8787d5e97c5bbbe30b?s=96&d=mm&r=g","contentUrl":"https:\/\/secure.gravatar.com\/avatar\/23291dd5b5ae1077dcff3dbb04c3e02bd28403fa75af6d8787d5e97c5bbbe30b?s=96&d=mm&r=g","caption":"Web del Maestro CMF"},"description":"Esta Web se cre\u00f3 sin fines de lucro, con fines educativos, cient\u00edficos y acad\u00e9micos, para personas que tengan dificultades y\/o inconvenientes en visualizar el material original. El objetivo es entregar recursos, compartir experiencias y materiales que ayuden a los padres de familia, maestros y estudiantes en su actualizaci\u00f3n y formaci\u00f3n permanente, en bien de la Educaci\u00f3n.","sameAs":["http:\/\/webdelmaestrocmf.com\/portal","https:\/\/www.facebook.com\/WebdelMaestroCMF\/","https:\/\/www.instagram.com\/wmcmf\/","https:\/\/cl.linkedin.com\/company\/web-del-maestro-cmf","https:\/\/www.pinterest.com\/WMCMF\/publicaciones\/","https:\/\/x.com\/cmf_w","https:\/\/www.youtube.com\/@WMCMF"]}]}},"jetpack_featured_media_url":"https:\/\/webdelmaestrocmf.com\/portal\/wp-content\/uploads\/2021\/02\/2-20.jpg","jetpack_sharing_enabled":true,"jetpack-related-posts":[{"id":101464,"url":"https:\/\/webdelmaestrocmf.com\/portal\/proceso-de-promocion-vertical-2024-2025\/","url_meta":{"origin":59709,"position":0},"title":"Proceso de promoci\u00f3n vertical 2024-2025","author":"Web del Maestro CMF","date":"5 diciembre, 2023","format":false,"excerpt":"La SEP ha anunciado cambios en el proceso de promoci\u00f3n vertical para el ciclo 2024-2025, ampliando oportunidades para docentes de preescolar y secundaria. Se introduce el \"Desempe\u00f1o en el servicio\" como nuevo elemento de evaluaci\u00f3n, fortaleciendo la rigurosidad en la evaluaci\u00f3n del desempe\u00f1o docente. El proceso, que se llevar\u00e1 a\u2026","rel":"","context":"En \u00abDescargas Manuales PDF\u00bb","block_context":{"text":"Descargas Manuales PDF","link":"https:\/\/webdelmaestrocmf.com\/portal\/category\/pedagogia\/descargas-manuales-pdf\/"},"img":{"alt_text":"Proceso de promoci\u00f3n vertical","src":"https:\/\/i0.wp.com\/webdelmaestrocmf.com\/portal\/wp-content\/uploads\/2023\/12\/A12B3C4D-6.jpg?resize=350%2C200&ssl=1","width":350,"height":200,"srcset":"https:\/\/i0.wp.com\/webdelmaestrocmf.com\/portal\/wp-content\/uploads\/2023\/12\/A12B3C4D-6.jpg?resize=350%2C200&ssl=1 1x, https:\/\/i0.wp.com\/webdelmaestrocmf.com\/portal\/wp-content\/uploads\/2023\/12\/A12B3C4D-6.jpg?resize=525%2C300&ssl=1 1.5x, https:\/\/i0.wp.com\/webdelmaestrocmf.com\/portal\/wp-content\/uploads\/2023\/12\/A12B3C4D-6.jpg?resize=700%2C400&ssl=1 2x"},"classes":[]},{"id":107781,"url":"https:\/\/webdelmaestrocmf.com\/portal\/15-cursos-gratuitos-con-certificacion-google\/","url_meta":{"origin":59709,"position":1},"title":"15 cursos gratuitos con certificaci\u00f3n Google","author":"Web del Maestro CMF","date":"31 enero, 2025","format":false,"excerpt":"En el mundo educativo actual, la formaci\u00f3n continua es esencial para que los docentes se mantengan actualizados y mejoren sus pr\u00e1cticas pedag\u00f3gicas. A continuaci\u00f3n, se presenta una selecci\u00f3n de cursos gratuitos, muchos de ellos con certificaci\u00f3n oficial de Google, que pueden ser de gran utilidad para los educadores. Estos cursos\u2026","rel":"","context":"En \u00abCursos\u00bb","block_context":{"text":"Cursos","link":"https:\/\/webdelmaestrocmf.com\/portal\/category\/cursos\/"},"img":{"alt_text":"","src":"https:\/\/i0.wp.com\/webdelmaestrocmf.com\/portal\/wp-content\/uploads\/2025\/01\/1A-Banner-1-portada-imagen-10-1-47.jpg?resize=350%2C200&ssl=1","width":350,"height":200,"srcset":"https:\/\/i0.wp.com\/webdelmaestrocmf.com\/portal\/wp-content\/uploads\/2025\/01\/1A-Banner-1-portada-imagen-10-1-47.jpg?resize=350%2C200&ssl=1 1x, https:\/\/i0.wp.com\/webdelmaestrocmf.com\/portal\/wp-content\/uploads\/2025\/01\/1A-Banner-1-portada-imagen-10-1-47.jpg?resize=525%2C300&ssl=1 1.5x, https:\/\/i0.wp.com\/webdelmaestrocmf.com\/portal\/wp-content\/uploads\/2025\/01\/1A-Banner-1-portada-imagen-10-1-47.jpg?resize=700%2C400&ssl=1 2x"},"classes":[]},{"id":108883,"url":"https:\/\/webdelmaestrocmf.com\/portal\/5-plataformas-en-donde-puedas-estudiar-gratis\/","url_meta":{"origin":59709,"position":2},"title":"5 plataformas en donde puedas estudiar gratis","author":"Web del Maestro CMF","date":"19 mayo, 2025","format":false,"excerpt":"Uno de los principales obst\u00e1culos que muchos estudiantes y docentes enfrentan hoy en d\u00eda es el acceso limitado a formaci\u00f3n de calidad por razones econ\u00f3micas. Sin embargo, en la actualidad existen m\u00faltiples plataformas que permiten acceder a cursos, programas formativos y certificaciones sin costo alguno. No se trata de promesas\u2026","rel":"","context":"En \u00abEstudiantes\u00bb","block_context":{"text":"Estudiantes","link":"https:\/\/webdelmaestrocmf.com\/portal\/category\/pedagogia\/estudiantes\/"},"img":{"alt_text":"","src":"https:\/\/i0.wp.com\/webdelmaestrocmf.com\/portal\/wp-content\/uploads\/2025\/05\/1A-Banner-1-portada-imagen-10-1-63.jpg?resize=350%2C200&ssl=1","width":350,"height":200,"srcset":"https:\/\/i0.wp.com\/webdelmaestrocmf.com\/portal\/wp-content\/uploads\/2025\/05\/1A-Banner-1-portada-imagen-10-1-63.jpg?resize=350%2C200&ssl=1 1x, https:\/\/i0.wp.com\/webdelmaestrocmf.com\/portal\/wp-content\/uploads\/2025\/05\/1A-Banner-1-portada-imagen-10-1-63.jpg?resize=525%2C300&ssl=1 1.5x, https:\/\/i0.wp.com\/webdelmaestrocmf.com\/portal\/wp-content\/uploads\/2025\/05\/1A-Banner-1-portada-imagen-10-1-63.jpg?resize=700%2C400&ssl=1 2x"},"classes":[]},{"id":117138,"url":"https:\/\/webdelmaestrocmf.com\/portal\/duro-descargo-de-periodista-tras-los-ataques-fisicos-contra-docentes-pobres-profesores-los-digo-directamente-mirando-a-la-camara\/","url_meta":{"origin":59709,"position":3},"title":"Duro descargo de periodista tras los ataques f\u00edsicos contra docentes: \u00a1Pobres profesores! \u00a1Los digo directamente mirando a la c\u00e1mara!","author":"Web del Maestro CMF","date":"30 marzo, 2026","format":false,"excerpt":"Jos\u00e9 Antonio Neme denuncia que la violencia escolar golpea especialmente a profesores e inspectores, quienes enfrentan bajos sueldos, sobrecarga laboral, falta de respaldo y aulas masificadas sin condiciones adecuadas.","rel":"","context":"En \u00abNoticias Internacionales\u00bb","block_context":{"text":"Noticias Internacionales","link":"https:\/\/webdelmaestrocmf.com\/portal\/category\/noticias-internacionales\/"},"img":{"alt_text":"","src":"https:\/\/i0.wp.com\/webdelmaestrocmf.com\/portal\/wp-content\/uploads\/2026\/03\/1AA-Banner-1-portada-imagen-10-1-copia-26.webp?resize=350%2C200&ssl=1","width":350,"height":200,"srcset":"https:\/\/i0.wp.com\/webdelmaestrocmf.com\/portal\/wp-content\/uploads\/2026\/03\/1AA-Banner-1-portada-imagen-10-1-copia-26.webp?resize=350%2C200&ssl=1 1x, https:\/\/i0.wp.com\/webdelmaestrocmf.com\/portal\/wp-content\/uploads\/2026\/03\/1AA-Banner-1-portada-imagen-10-1-copia-26.webp?resize=525%2C300&ssl=1 1.5x, https:\/\/i0.wp.com\/webdelmaestrocmf.com\/portal\/wp-content\/uploads\/2026\/03\/1AA-Banner-1-portada-imagen-10-1-copia-26.webp?resize=700%2C400&ssl=1 2x, https:\/\/i0.wp.com\/webdelmaestrocmf.com\/portal\/wp-content\/uploads\/2026\/03\/1AA-Banner-1-portada-imagen-10-1-copia-26.webp?resize=1050%2C600&ssl=1 3x"},"classes":[]},{"id":99177,"url":"https:\/\/webdelmaestrocmf.com\/portal\/cursos-de-inteligencia-artificial-para-docentes\/","url_meta":{"origin":59709,"position":4},"title":"Cursos de Inteligencia Artificial para docentes","author":"Web del Maestro CMF","date":"7 febrero, 2024","format":false,"excerpt":"Los Cursos de Inteligencia Artificial para docentes representan una valiosa oportunidad de aprendizaje y crecimiento en la era digital. Estos cursos de Inteligencia Artificial ofrecen a los educadores una s\u00f3lida base en la comprensi\u00f3n de la IA, permiti\u00e9ndoles explorar su aplicaci\u00f3n en el aula y adaptarse a un entorno educativo\u2026","rel":"","context":"En \u00abInteligencia artificial\u00bb","block_context":{"text":"Inteligencia artificial","link":"https:\/\/webdelmaestrocmf.com\/portal\/category\/pedagogia\/inteligencia-artificial\/"},"img":{"alt_text":"Cursos de Inteligencia Artificial","src":"https:\/\/i0.wp.com\/webdelmaestrocmf.com\/portal\/wp-content\/uploads\/2023\/11\/Banner-1-portada-imagen-10-1-6.jpg?resize=350%2C200&ssl=1","width":350,"height":200,"srcset":"https:\/\/i0.wp.com\/webdelmaestrocmf.com\/portal\/wp-content\/uploads\/2023\/11\/Banner-1-portada-imagen-10-1-6.jpg?resize=350%2C200&ssl=1 1x, https:\/\/i0.wp.com\/webdelmaestrocmf.com\/portal\/wp-content\/uploads\/2023\/11\/Banner-1-portada-imagen-10-1-6.jpg?resize=525%2C300&ssl=1 1.5x, https:\/\/i0.wp.com\/webdelmaestrocmf.com\/portal\/wp-content\/uploads\/2023\/11\/Banner-1-portada-imagen-10-1-6.jpg?resize=700%2C400&ssl=1 2x"},"classes":[]},{"id":101857,"url":"https:\/\/webdelmaestrocmf.com\/portal\/recomendacion-de-cursos-de-capacitacitacion-para-docentes\/","url_meta":{"origin":59709,"position":5},"title":"Recomendaci\u00f3n de cursos de capacitaci\u00f3n para docentes","author":"Web del Maestro CMF","date":"25 diciembre, 2023","format":false,"excerpt":"Los cursos de capacitaci\u00f3n que debe hacer un docente ahora est\u00e1n determinados por las necesidades espec\u00edficas del docente y del contexto educativo en el que trabaja. Sin embargo, hay algunas \u00e1reas generales que son importantes para todos los docentes, independientemente de su experiencia o nivel de educaci\u00f3n. En este sentido,\u2026","rel":"","context":"En \u00abCursos\u00bb","block_context":{"text":"Cursos","link":"https:\/\/webdelmaestrocmf.com\/portal\/category\/cursos\/"},"img":{"alt_text":"cursos de capacitacitaci\u00f3n","src":"https:\/\/i0.wp.com\/webdelmaestrocmf.com\/portal\/wp-content\/uploads\/2023\/12\/A12B3C4D-14.jpg?resize=350%2C200&ssl=1","width":350,"height":200,"srcset":"https:\/\/i0.wp.com\/webdelmaestrocmf.com\/portal\/wp-content\/uploads\/2023\/12\/A12B3C4D-14.jpg?resize=350%2C200&ssl=1 1x, https:\/\/i0.wp.com\/webdelmaestrocmf.com\/portal\/wp-content\/uploads\/2023\/12\/A12B3C4D-14.jpg?resize=525%2C300&ssl=1 1.5x, https:\/\/i0.wp.com\/webdelmaestrocmf.com\/portal\/wp-content\/uploads\/2023\/12\/A12B3C4D-14.jpg?resize=700%2C400&ssl=1 2x"},"classes":[]}],"_links":{"self":[{"href":"https:\/\/webdelmaestrocmf.com\/portal\/wp-json\/wp\/v2\/posts\/59709","targetHints":{"allow":["GET"]}}],"collection":[{"href":"https:\/\/webdelmaestrocmf.com\/portal\/wp-json\/wp\/v2\/posts"}],"about":[{"href":"https:\/\/webdelmaestrocmf.com\/portal\/wp-json\/wp\/v2\/types\/post"}],"author":[{"embeddable":true,"href":"https:\/\/webdelmaestrocmf.com\/portal\/wp-json\/wp\/v2\/users\/1"}],"replies":[{"embeddable":true,"href":"https:\/\/webdelmaestrocmf.com\/portal\/wp-json\/wp\/v2\/comments?post=59709"}],"version-history":[{"count":0,"href":"https:\/\/webdelmaestrocmf.com\/portal\/wp-json\/wp\/v2\/posts\/59709\/revisions"}],"wp:featuredmedia":[{"embeddable":true,"href":"https:\/\/webdelmaestrocmf.com\/portal\/wp-json\/wp\/v2\/media\/59711"}],"wp:attachment":[{"href":"https:\/\/webdelmaestrocmf.com\/portal\/wp-json\/wp\/v2\/media?parent=59709"}],"wp:term":[{"taxonomy":"category","embeddable":true,"href":"https:\/\/webdelmaestrocmf.com\/portal\/wp-json\/wp\/v2\/categories?post=59709"},{"taxonomy":"post_tag","embeddable":true,"href":"https:\/\/webdelmaestrocmf.com\/portal\/wp-json\/wp\/v2\/tags?post=59709"}],"curies":[{"name":"wp","href":"https:\/\/api.w.org\/{rel}","templated":true}]}}