{"id":59526,"date":"2021-02-19T14:58:06","date_gmt":"2021-02-19T17:58:06","guid":{"rendered":"https:\/\/webdelmaestrocmf.com\/portal\/?p=59526"},"modified":"2023-10-15T13:51:56","modified_gmt":"2023-10-15T16:51:56","slug":"miguel-angel-gallegos-los-retos-para-la-universidad-del-futuro","status":"publish","type":"post","link":"https:\/\/webdelmaestrocmf.com\/portal\/miguel-angel-gallegos-los-retos-para-la-universidad-del-futuro\/","title":{"rendered":"[Miguel \u00c1ngel Gallegos] Los Retos para la Universidad del Futuro"},"content":{"rendered":"<p style=\"text-align: justify;\"><strong>El a\u00f1o 2020 ha marcado un antes y un despu\u00e9s para la humanidad. La pandemia ha dejado secuelas en muchos planos de la sociedad, tanto en la salud, la econom\u00eda, las formas de trabajar, de convivir y, sobre todo en los Sistemas Educativos en todo el mundo.<\/strong><\/p>\n<p><!--more--><\/p>\n<p style=\"text-align: justify;\">Entre marzo y abril del a\u00f1o dos mil veinte, la Organizaci\u00f3n de las Naciones Unidas (ONU), organismo implicado en la trascendencia del bienestar y seguridad mundial, al identificar las dimensiones, impactos y creciente pandemia, gener\u00f3 y emiti\u00f3 el informe: Responsabilidad compartida, solidaridad mundial. En dicho documento, se se\u00f1ala que el Grupo de las Naciones Unidas para el Desarrollo Sostenible \u2013el cual incluye al Fondo Monetario Internacional (FMI), a la Organizaci\u00f3n Mundial de la Salud (OMS) y a la Organizaci\u00f3n de las Naciones Unidas para la Educaci\u00f3n, la Ciencia y la Cultura (UNESCO), entre muchas otras\u2013 se reuni\u00f3 para generar una propuesta de acci\u00f3n global ante los estragos que comenzaron a cimbrar a la especie humana. Ese primer manuscrito, sirvi\u00f3 de antecedente para que en abril, se conformar\u00e1 un nuevo documento oficial, denominado: Marco de la ONU para la respuesta socioecon\u00f3mica inmediata ante el COVID-19.<\/p>\n<p style=\"text-align: justify;\">Estos dos documentos del m\u00e1ximo organismo mundial, apuntalaron las medidas y directrices que los gobiernos del mundo habr\u00edan de implementar, para contrarrestar el desequilibrio socioecon\u00f3mico y al mismo tiempo cuidar la salud de la poblaci\u00f3n humana. Las reglas para retomar la actividad educativa durante la emergencia estaban dictadas.<\/p>\n<p style=\"text-align: justify;\">El cierre de las escuelas y el distanciamiento presencial, oblig\u00f3 a todos los sistemas educativos a movilizar sus formas de operaci\u00f3n y funcionamiento tradicional. Fue imposibilitado el trabajo presencial al que estaban acostumbrados y sobre todo, a las formas de interacci\u00f3n f\u00edsica llevadas a cabo al interior de los recintos escolares: Educar a distancia de ahora en adelante es el primer reto a considerar. Antes de la pandemia, las mismas secuencias de actividades, relaciones interactivas, organizaci\u00f3n social, espacio y tiempo dedicado, contenidos, materiales utilizados, criterios y formas de evaluaci\u00f3n, daban como resultado ciertas pr\u00e1cticas educativas tradicionales (Zabala, A., 2000). Sin embargo, el ins\u00f3lito escenario, trajo la necesidad de considerar alternativas diferentes para llevar a cabo nuevas formas de educaci\u00f3n, acordes al contexto de distanciamiento: Generar y acostumbrarnos a nuevas pr\u00e1cticas educativas es el segundo reto.<\/p>\n<p style=\"text-align: justify;\">Aunque es cierto que la era informacional ven\u00eda gest\u00e1ndose desde los a\u00f1os cincuentas, la emergencia sanitaria, increment\u00f3 exponencialmente el uso de dispositivos, recursos, herramientas, plataformas y tecnolog\u00edas digitales. \u00a1La verdadera revoluci\u00f3n educativa digital lleg\u00f3 y lleg\u00f3 para quedarse! Incorporar la tecnolog\u00eda obligatoriamente y permanentemente al quehacer educativo es el tercer reto. Estos emergentes desaf\u00edos se viven en todos los sistemas de educaci\u00f3n desde el a\u00f1o pasado.<\/p>\n<p style=\"text-align: justify;\">La Universidad, esa instituci\u00f3n milenaria, que guarda un patrimonio hist\u00f3rico, leg\u00edtimo y relevante para la sociedad; con una gran experiencia, con oferta p\u00fablica e incluso privada, \u00a0con modalidades escolarizadas, no escolarizadas y mixtas, con modelos educativos tradicionales o modernos, con diversas instalaciones f\u00edsicas y, en algunos casos con modernas infraestructuras virtuales, aun con todo ello tambi\u00e9n enfrenta dichos desaf\u00edos.<\/p>\n<p style=\"text-align: justify;\">Cambios y m\u00e1s cambios se viven en el acontecer cotidiano y justo ahora, en medio de la pandemia, se est\u00e1 gestando y conformando una sociedad con una nueva cultura digital. Nuevas formas de convivir, de comunicar, de trabajar, de ense\u00f1ar, de aprender, de ser y de participar se viven con toda intensidad.<\/p>\n<p><img loading=\"lazy\" decoding=\"async\" class=\"alignnone size-large wp-image-59528\" src=\"https:\/\/webdelmaestrocmf.com\/portal\/wp-content\/uploads\/2021\/02\/Captura-de-Pantalla-2021-02-19-a-las-14.49.13-1024x608.png\" alt=\"\" width=\"1024\" height=\"608\" srcset=\"https:\/\/webdelmaestrocmf.com\/portal\/wp-content\/uploads\/2021\/02\/Captura-de-Pantalla-2021-02-19-a-las-14.49.13-1024x608.png 1024w, https:\/\/webdelmaestrocmf.com\/portal\/wp-content\/uploads\/2021\/02\/Captura-de-Pantalla-2021-02-19-a-las-14.49.13-300x178.png 300w, https:\/\/webdelmaestrocmf.com\/portal\/wp-content\/uploads\/2021\/02\/Captura-de-Pantalla-2021-02-19-a-las-14.49.13-768x456.png 768w, https:\/\/webdelmaestrocmf.com\/portal\/wp-content\/uploads\/2021\/02\/Captura-de-Pantalla-2021-02-19-a-las-14.49.13-1536x911.png 1536w, https:\/\/webdelmaestrocmf.com\/portal\/wp-content\/uploads\/2021\/02\/Captura-de-Pantalla-2021-02-19-a-las-14.49.13-110x65.png 110w, https:\/\/webdelmaestrocmf.com\/portal\/wp-content\/uploads\/2021\/02\/Captura-de-Pantalla-2021-02-19-a-las-14.49.13-200x119.png 200w, https:\/\/webdelmaestrocmf.com\/portal\/wp-content\/uploads\/2021\/02\/Captura-de-Pantalla-2021-02-19-a-las-14.49.13-380x225.png 380w, https:\/\/webdelmaestrocmf.com\/portal\/wp-content\/uploads\/2021\/02\/Captura-de-Pantalla-2021-02-19-a-las-14.49.13-255x151.png 255w, https:\/\/webdelmaestrocmf.com\/portal\/wp-content\/uploads\/2021\/02\/Captura-de-Pantalla-2021-02-19-a-las-14.49.13-550x326.png 550w, https:\/\/webdelmaestrocmf.com\/portal\/wp-content\/uploads\/2021\/02\/Captura-de-Pantalla-2021-02-19-a-las-14.49.13-800x475.png 800w, https:\/\/webdelmaestrocmf.com\/portal\/wp-content\/uploads\/2021\/02\/Captura-de-Pantalla-2021-02-19-a-las-14.49.13-1160x688.png 1160w, https:\/\/webdelmaestrocmf.com\/portal\/wp-content\/uploads\/2021\/02\/Captura-de-Pantalla-2021-02-19-a-las-14.49.13-220x131.png 220w, https:\/\/webdelmaestrocmf.com\/portal\/wp-content\/uploads\/2021\/02\/Captura-de-Pantalla-2021-02-19-a-las-14.49.13-400x237.png 400w, https:\/\/webdelmaestrocmf.com\/portal\/wp-content\/uploads\/2021\/02\/Captura-de-Pantalla-2021-02-19-a-las-14.49.13-760x451.png 760w, https:\/\/webdelmaestrocmf.com\/portal\/wp-content\/uploads\/2021\/02\/Captura-de-Pantalla-2021-02-19-a-las-14.49.13-510x303.png 510w, https:\/\/webdelmaestrocmf.com\/portal\/wp-content\/uploads\/2021\/02\/Captura-de-Pantalla-2021-02-19-a-las-14.49.13-600x356.png 600w, https:\/\/webdelmaestrocmf.com\/portal\/wp-content\/uploads\/2021\/02\/Captura-de-Pantalla-2021-02-19-a-las-14.49.13-1100x653.png 1100w, https:\/\/webdelmaestrocmf.com\/portal\/wp-content\/uploads\/2021\/02\/Captura-de-Pantalla-2021-02-19-a-las-14.49.13-1600x949.png 1600w, https:\/\/webdelmaestrocmf.com\/portal\/wp-content\/uploads\/2021\/02\/Captura-de-Pantalla-2021-02-19-a-las-14.49.13.png 1918w\" sizes=\"auto, (max-width: 1024px) 100vw, 1024px\" \/><\/p>\n<p style=\"text-align: justify;\">Se vive un mundo que cambia exponencialmente, en una sociedad cada vez m\u00e1s interconectada y digitalizada, en que la participaci\u00f3n econ\u00f3mica y laboral tienen cada d\u00eda nuevas caras y que, a cada instante surgen nuevas necesidades, que requieren la formaci\u00f3n de nuevas profesiones, de nuevos aprendizajes, de nuevas formas de ense\u00f1ar, transmitir y direccionar el conocimiento para desenvolverse en los diversos planos que la actualidad y el futuro demanden. Es necesario adaptar todo eso que se ha propuesto brindar la universidad, desde hace un milenio y m\u00e1s ahora.<\/p>\n<p style=\"text-align: justify;\">En relaci\u00f3n a ello, es necesario comprender el papel que jugar\u00e1n las tecnolog\u00edas digitales en el hacer universitario. Es una tarea obligada, dadas las circunstancias que se han vivido durante la pandemia. Para comenzar a vislumbrar nuevos retos vale la pena cuestionar, \u00bfC\u00f3mo funcionar\u00e1 la universidad del futuro?, \u00bfQu\u00e9 caracter\u00edsticas tendr\u00e1?, \u00bfCu\u00e1l ser\u00e1 la oferta de carreras, conocimientos y curr\u00edculums que tendr\u00e1 que ofrecer a las generaciones del ma\u00f1ana? y, \u00bfCu\u00e1les ser\u00e1n los modelos universitarios m\u00e1s id\u00f3neos?, todo ello en el marco de la conformaci\u00f3n de una nueva Sociedad.<\/p>\n<p style=\"text-align: justify;\">\u00bfA d\u00f3nde va la universidad con todos estos cambios que se han hecho presentes y que permanecer\u00e1n en la era Postpandemia? Es momento de repensar el futuro de la universidad.<\/p>\n<p style=\"text-align: justify;\">Ante estos cambios paradigm\u00e1ticos ha surgido en Madrid, Espa\u00f1a, un importante proyecto internacional: La Red de Cooperaci\u00f3n Internacional para la Transferencia del Conocimiento y el Aprendizaje Digital ante la crisis PostCovid (ReCoIn-TaD). Convocada y organizada por los doctores Sonia Santove\u00f1a Casal y Javier Gil-Quintana de la Universidad Nacional de Educaci\u00f3n a Distancia (UNED). Est\u00e1 Red, surge en un momento oportuno, como punto de encuentro para el an\u00e1lisis, la reflexi\u00f3n y repensar el futuro universitario. Es un espacio virtual que abre la oportunidad a actores internacionales, para interactuar y comprender desde diferentes perspectivas y miradas los retos de la educaci\u00f3n superior.<\/p>\n<p style=\"text-align: justify;\">Afortunadamente, en compa\u00f1\u00eda del Doctor Mauricio Andi\u00f3n Gamboa, acad\u00e9mico de la Universidad Aut\u00f3noma Metropolitana, participaremos para ahondar m\u00e1s en la l\u00ednea: Retos para la Universidad del Futuro. La intenci\u00f3n es abordar directrices como: Tecnolog\u00edas en los procesos educativos, Cualificaciones para la sociedad 2030, Modelos universitarios para la era Postcovid, Reestructuraci\u00f3n de los planes de estudio universitarios, Infraestructura y Plataformas Digitales Universitarias.<\/p>\n<p style=\"text-align: justify;\">Para conocer m\u00e1s de las Jornadas para la Transferencia del Conocimiento y Aprendizaje Digital ante la Crisis PostCovid, a celebrarse el 22 y 23 de marzo de 2021, se puede visitar el sitio: recointad.com\/jornadas-recoin-tad-2021<\/p>\n<p style=\"text-align: justify;\"><img loading=\"lazy\" decoding=\"async\" class=\"alignnone size-large wp-image-59527\" src=\"https:\/\/webdelmaestrocmf.com\/portal\/wp-content\/uploads\/2021\/02\/Captura-de-Pantalla-2021-02-19-a-las-14.48.40-1024x368.png\" alt=\"\" width=\"1024\" height=\"368\" srcset=\"https:\/\/webdelmaestrocmf.com\/portal\/wp-content\/uploads\/2021\/02\/Captura-de-Pantalla-2021-02-19-a-las-14.48.40-1024x368.png 1024w, https:\/\/webdelmaestrocmf.com\/portal\/wp-content\/uploads\/2021\/02\/Captura-de-Pantalla-2021-02-19-a-las-14.48.40-300x108.png 300w, https:\/\/webdelmaestrocmf.com\/portal\/wp-content\/uploads\/2021\/02\/Captura-de-Pantalla-2021-02-19-a-las-14.48.40-768x276.png 768w, https:\/\/webdelmaestrocmf.com\/portal\/wp-content\/uploads\/2021\/02\/Captura-de-Pantalla-2021-02-19-a-las-14.48.40-1536x553.png 1536w, https:\/\/webdelmaestrocmf.com\/portal\/wp-content\/uploads\/2021\/02\/Captura-de-Pantalla-2021-02-19-a-las-14.48.40-110x40.png 110w, https:\/\/webdelmaestrocmf.com\/portal\/wp-content\/uploads\/2021\/02\/Captura-de-Pantalla-2021-02-19-a-las-14.48.40-200x72.png 200w, https:\/\/webdelmaestrocmf.com\/portal\/wp-content\/uploads\/2021\/02\/Captura-de-Pantalla-2021-02-19-a-las-14.48.40-380x137.png 380w, https:\/\/webdelmaestrocmf.com\/portal\/wp-content\/uploads\/2021\/02\/Captura-de-Pantalla-2021-02-19-a-las-14.48.40-255x92.png 255w, https:\/\/webdelmaestrocmf.com\/portal\/wp-content\/uploads\/2021\/02\/Captura-de-Pantalla-2021-02-19-a-las-14.48.40-550x198.png 550w, https:\/\/webdelmaestrocmf.com\/portal\/wp-content\/uploads\/2021\/02\/Captura-de-Pantalla-2021-02-19-a-las-14.48.40-800x288.png 800w, https:\/\/webdelmaestrocmf.com\/portal\/wp-content\/uploads\/2021\/02\/Captura-de-Pantalla-2021-02-19-a-las-14.48.40-1160x417.png 1160w, https:\/\/webdelmaestrocmf.com\/portal\/wp-content\/uploads\/2021\/02\/Captura-de-Pantalla-2021-02-19-a-las-14.48.40-220x79.png 220w, https:\/\/webdelmaestrocmf.com\/portal\/wp-content\/uploads\/2021\/02\/Captura-de-Pantalla-2021-02-19-a-las-14.48.40-400x144.png 400w, https:\/\/webdelmaestrocmf.com\/portal\/wp-content\/uploads\/2021\/02\/Captura-de-Pantalla-2021-02-19-a-las-14.48.40-760x273.png 760w, https:\/\/webdelmaestrocmf.com\/portal\/wp-content\/uploads\/2021\/02\/Captura-de-Pantalla-2021-02-19-a-las-14.48.40-510x183.png 510w, https:\/\/webdelmaestrocmf.com\/portal\/wp-content\/uploads\/2021\/02\/Captura-de-Pantalla-2021-02-19-a-las-14.48.40-600x216.png 600w, https:\/\/webdelmaestrocmf.com\/portal\/wp-content\/uploads\/2021\/02\/Captura-de-Pantalla-2021-02-19-a-las-14.48.40-1100x396.png 1100w, https:\/\/webdelmaestrocmf.com\/portal\/wp-content\/uploads\/2021\/02\/Captura-de-Pantalla-2021-02-19-a-las-14.48.40-1600x576.png 1600w, https:\/\/webdelmaestrocmf.com\/portal\/wp-content\/uploads\/2021\/02\/Captura-de-Pantalla-2021-02-19-a-las-14.48.40.png 1718w\" sizes=\"auto, (max-width: 1024px) 100vw, 1024px\" \/><\/p>\n<p>.<\/p>\n<table class=\" alignleft\" border=\"0\" width=\"100%\" cellspacing=\"10\" cellpadding=\"10\">\n<tbody>\n<tr>\n<td style=\"text-align: center;\" width=\"30%\"><strong><img loading=\"lazy\" decoding=\"async\" class=\"size-full wp-image-58013 aligncenter\" src=\"https:\/\/webdelmaestrocmf.com\/portal\/wp-content\/uploads\/2021\/01\/1-copia-110.jpg\" alt=\"\" width=\"200\" height=\"200\" srcset=\"https:\/\/webdelmaestrocmf.com\/portal\/wp-content\/uploads\/2021\/01\/1-copia-110.jpg 200w, https:\/\/webdelmaestrocmf.com\/portal\/wp-content\/uploads\/2021\/01\/1-copia-110-150x150.jpg 150w, https:\/\/webdelmaestrocmf.com\/portal\/wp-content\/uploads\/2021\/01\/1-copia-110-80x80.jpg 80w, https:\/\/webdelmaestrocmf.com\/portal\/wp-content\/uploads\/2021\/01\/1-copia-110-110x110.jpg 110w, https:\/\/webdelmaestrocmf.com\/portal\/wp-content\/uploads\/2021\/01\/1-copia-110-160x160.jpg 160w\" sizes=\"auto, (max-width: 200px) 100vw, 200px\" \/><br \/>\nAutor:<\/strong>Miguel \u00c1ngel Gallegos, ciudadano mexicano, nacido en M\u00e9xico. <strong><br \/>\nExperiencia laboral: <\/strong>Doctorante en Ciencias Sociales en el \u00c1rea Sociedad y Educaci\u00f3n, Maestro en Desarrollo y Planeaci\u00f3n de la Educaci\u00f3n y Licenciado en Administraci\u00f3n por la Universidad Aut\u00f3noma Metropolitana (UAM), en la Ciudad de M\u00e9xico. Es docente en el Sistema de Educaci\u00f3n B\u00e1sica y Superior, enfocado en temas sociales, educativos y tecnol\u00f3gicos. Es director del programa de alfabetizaci\u00f3n digital de la Red Educativa Mundial (REDEM). Es coordinador y coautor del libro \u201cLas Pol\u00edticas Educativas en M\u00e9xico: problemas y desaf\u00edos\u201d.<strong><br \/>\nCorreo electr\u00f3nico: <\/strong><a href=\"mailto:miangaca@hotmail.com\">miangaca@hotmail.com<\/a><strong><br \/>\nCuenta de twitter: <\/strong><a href=\"https:\/\/twitter.com\/MiguelAGallegos\" target=\"_blank\" rel=\"noopener\">@MiguelAGallegos<\/a><strong><br \/>\n<\/strong><\/td>\n<\/tr>\n<\/tbody>\n<\/table>\n<p style=\"text-align: left;\">.<\/p>\n\t\t<div class=\"pk-inline-posts\">\n\t\t\t\n\t\t\t<div class=\"pk-inline-posts-container pk-inline-posts-template-list\"\n\t\t\t\tdata-columns=\"1\">\n\t\t\t\t\t\t<article id=\"post-77945\" class=\"post-77945 post type-post status-publish format-standard has-post-thumbnail category-colaborador category-z-colaboradores-miguel-angel-gallegos tag-escuelas tag-miguel-angel-gallegos tag-reglamento tag-segura tag-tragedia cs-entry cs-video-wrap\">\n\t\t\t<div class=\"pk-post-outer\">\n\n\t\t\t\t\t\t\t\t<div class=\"pk-post-inner\">\n\t\t\t\t\t<div class=\"entry-thumbnail\">\n\t\t\t\t\t\t<div class=\"pk-overlay pk-overlay-ratio pk-ratio-landscape\">\n\t\t\t\t\t\t\t<div class=\"pk-overlay-background\">\n\t\t\t\t\t\t\t\t<a href=\"https:\/\/webdelmaestrocmf.com\/portal\/miguel-angel-gallegos-escuelas-sin-reglamento-tragedia-segura\/\" class=\"pk-overlay-link\">\n\t\t\t\t\t\t\t\t\t<img loading=\"lazy\" decoding=\"async\" width=\"300\" height=\"225\" src=\"https:\/\/webdelmaestrocmf.com\/portal\/wp-content\/uploads\/2022\/06\/1a-3-300x225.jpg\" class=\"attachment-pk-thumbnail size-pk-thumbnail wp-post-image\" alt=\"\" \/>\t\t\t\t\t\t\t\t<\/a>\n\t\t\t\t\t\t\t<\/div>\n\t\t\t\t\t\t<\/div>\n\t\t\t\t\t<\/div>\n\t\t\t\t<\/div>\n\t\t\t\t\n\t\t\t\t<div class=\"pk-post-inner\">\n\t\t\t\t\t<header>\n\t\t\t\t\t\t<h3 class=\"pk-title\"><a href=\"https:\/\/webdelmaestrocmf.com\/portal\/miguel-angel-gallegos-escuelas-sin-reglamento-tragedia-segura\/\" rel=\"bookmark\">[Miguel \u00c1ngel Gallegos] Escuelas sin Reglamento, tragedia segura<\/a><\/h3>\t\t\t\t\t<\/header><!-- .entry-header -->\n\t\t\t\t<\/div><!-- .post-inner -->\n\n\t\t\t<\/div><!-- .post-outer -->\n\t\t<\/article>\n\t\t\t<article id=\"post-74254\" class=\"post-74254 post type-post status-publish format-standard has-post-thumbnail category-colaborador category-z-colaboradores-miguel-angel-gallegos tag-mexicana tag-miguel-angel-gallegos tag-nueva-nueva-escuela-mexicana-utopia-o-realidadescuela tag-realidad tag-utopia cs-entry cs-video-wrap\">\n\t\t\t<div class=\"pk-post-outer\">\n\n\t\t\t\t\t\t\t\t<div class=\"pk-post-inner\">\n\t\t\t\t\t<div class=\"entry-thumbnail\">\n\t\t\t\t\t\t<div class=\"pk-overlay pk-overlay-ratio pk-ratio-landscape\">\n\t\t\t\t\t\t\t<div class=\"pk-overlay-background\">\n\t\t\t\t\t\t\t\t<a href=\"https:\/\/webdelmaestrocmf.com\/portal\/miguel-angel-gallegos-la-nueva-escuela-mexicana-utopia-o-realidad\/\" class=\"pk-overlay-link\">\n\t\t\t\t\t\t\t\t\t<img loading=\"lazy\" decoding=\"async\" width=\"300\" height=\"225\" src=\"https:\/\/webdelmaestrocmf.com\/portal\/wp-content\/uploads\/2022\/02\/1-72-300x225.jpg\" class=\"attachment-pk-thumbnail size-pk-thumbnail wp-post-image\" alt=\"\" \/>\t\t\t\t\t\t\t\t<\/a>\n\t\t\t\t\t\t\t<\/div>\n\t\t\t\t\t\t<\/div>\n\t\t\t\t\t<\/div>\n\t\t\t\t<\/div>\n\t\t\t\t\n\t\t\t\t<div class=\"pk-post-inner\">\n\t\t\t\t\t<header>\n\t\t\t\t\t\t<h3 class=\"pk-title\"><a href=\"https:\/\/webdelmaestrocmf.com\/portal\/miguel-angel-gallegos-la-nueva-escuela-mexicana-utopia-o-realidad\/\" rel=\"bookmark\">[Miguel \u00c1ngel Gallegos] La Nueva Escuela Mexicana: Utop\u00eda o Realidad<\/a><\/h3>\t\t\t\t\t<\/header><!-- .entry-header -->\n\t\t\t\t<\/div><!-- .post-inner -->\n\n\t\t\t<\/div><!-- .post-outer -->\n\t\t<\/article>\n\t\t\t<article id=\"post-73056\" class=\"post-73056 post type-post status-publish format-standard has-post-thumbnail category-colaborador category-z-colaboradores-miguel-angel-gallegos tag-educacion tag-mexico tag-miguel-angel-gallegos tag-potenciar tag-secundaria tag-tecnologia cs-entry cs-video-wrap\">\n\t\t\t<div class=\"pk-post-outer\">\n\n\t\t\t\t\t\t\t\t<div class=\"pk-post-inner\">\n\t\t\t\t\t<div class=\"entry-thumbnail\">\n\t\t\t\t\t\t<div class=\"pk-overlay pk-overlay-ratio pk-ratio-landscape\">\n\t\t\t\t\t\t\t<div class=\"pk-overlay-background\">\n\t\t\t\t\t\t\t\t<a href=\"https:\/\/webdelmaestrocmf.com\/portal\/miguel-angel-gallegos-la-tecnologia-en-educacion-secundaria-para-potenciar-a-mexico\/\" class=\"pk-overlay-link\">\n\t\t\t\t\t\t\t\t\t<img loading=\"lazy\" decoding=\"async\" width=\"300\" height=\"225\" src=\"https:\/\/webdelmaestrocmf.com\/portal\/wp-content\/uploads\/2022\/01\/1-78-300x225.jpg\" class=\"attachment-pk-thumbnail size-pk-thumbnail wp-post-image\" alt=\"\" \/>\t\t\t\t\t\t\t\t<\/a>\n\t\t\t\t\t\t\t<\/div>\n\t\t\t\t\t\t<\/div>\n\t\t\t\t\t<\/div>\n\t\t\t\t<\/div>\n\t\t\t\t\n\t\t\t\t<div class=\"pk-post-inner\">\n\t\t\t\t\t<header>\n\t\t\t\t\t\t<h3 class=\"pk-title\"><a href=\"https:\/\/webdelmaestrocmf.com\/portal\/miguel-angel-gallegos-la-tecnologia-en-educacion-secundaria-para-potenciar-a-mexico\/\" rel=\"bookmark\">[Miguel \u00c1ngel Gallegos] La tecnolog\u00eda en educaci\u00f3n secundaria para potenciar a M\u00e9xico<\/a><\/h3>\t\t\t\t\t<\/header><!-- .entry-header -->\n\t\t\t\t<\/div><!-- .post-inner -->\n\n\t\t\t<\/div><!-- .post-outer -->\n\t\t<\/article>\n\t\t\t\t<\/div>\n\t\t<\/div>\n\t\t\n","protected":false},"excerpt":{"rendered":"El a\u00f1o 2020 ha marcado un antes y un despu\u00e9s para la humanidad. La pandemia ha dejado secuelas&hellip;","protected":false},"author":1,"featured_media":59529,"comment_status":"open","ping_status":"closed","sticky":false,"template":"","format":"standard","meta":{"csco_display_header_overlay":false,"csco_singular_sidebar":"default","csco_page_header_type":"default","csco_page_load_nextpost":"default","csco_post_video_location":[],"csco_post_video_location_hash":"","csco_post_video_url":"","csco_post_video_bg_start_time":0,"csco_post_video_bg_end_time":0,"csco_post_video_bg_volume":false,"_jetpack_memberships_contains_paid_content":false,"footnotes":""},"categories":[1790,6440],"tags":[581,6441,671,542],"class_list":{"0":"post-59526","1":"post","2":"type-post","3":"status-publish","4":"format-standard","5":"has-post-thumbnail","7":"category-colaborador","8":"category-z-colaboradores-miguel-angel-gallegos","9":"tag-futuro","10":"tag-miguel-angel-gallegos","11":"tag-retos","12":"tag-universidad","13":"cs-entry","14":"cs-video-wrap"},"yoast_head":"<!-- This site is optimized with the Yoast SEO plugin v27.5 - https:\/\/yoast.com\/product\/yoast-seo-wordpress\/ -->\n<title>[Miguel \u00c1ngel Gallegos] Los Retos para la Universidad del Futuro - 2026<\/title>\n<meta name=\"description\" content=\"El a\u00f1o 2020 ha marcado un antes y un despu\u00e9s para la humanidad. La pandemia ha dejado secuelas en muchos planos de...\" \/>\n<meta name=\"robots\" content=\"index, follow, max-snippet:-1, max-image-preview:large, max-video-preview:-1\" \/>\n<link rel=\"canonical\" href=\"https:\/\/webdelmaestrocmf.com\/portal\/miguel-angel-gallegos-los-retos-para-la-universidad-del-futuro\/\" \/>\n<meta property=\"og:locale\" content=\"es_ES\" \/>\n<meta property=\"og:type\" content=\"article\" \/>\n<meta property=\"og:title\" content=\"[Miguel \u00c1ngel Gallegos] Los Retos para la Universidad del Futuro - 2026\" \/>\n<meta property=\"og:description\" content=\"El a\u00f1o 2020 ha marcado un antes y un despu\u00e9s para la humanidad. La pandemia ha dejado secuelas en muchos planos de...\" \/>\n<meta property=\"og:url\" content=\"https:\/\/webdelmaestrocmf.com\/portal\/miguel-angel-gallegos-los-retos-para-la-universidad-del-futuro\/\" \/>\n<meta property=\"og:site_name\" content=\"Web del Maestro CMF\" \/>\n<meta property=\"article:publisher\" content=\"https:\/\/www.facebook.com\/WebdelMaestroCMF\/\" \/>\n<meta property=\"article:author\" content=\"https:\/\/www.facebook.com\/WebdelMaestroCMF\/\" \/>\n<meta property=\"article:published_time\" content=\"2021-02-19T17:58:06+00:00\" \/>\n<meta property=\"article:modified_time\" content=\"2023-10-15T16:51:56+00:00\" \/>\n<meta property=\"og:image\" content=\"https:\/\/i0.wp.com\/webdelmaestrocmf.com\/portal\/wp-content\/uploads\/2021\/02\/1-copia-55.jpg?fit=1100%2C680&ssl=1\" \/>\n\t<meta property=\"og:image:width\" content=\"1100\" \/>\n\t<meta property=\"og:image:height\" content=\"680\" \/>\n\t<meta property=\"og:image:type\" content=\"image\/jpeg\" \/>\n<meta name=\"author\" content=\"Web del Maestro CMF\" \/>\n<meta name=\"twitter:card\" content=\"summary_large_image\" \/>\n<meta name=\"twitter:creator\" content=\"@cmf_w\" \/>\n<meta name=\"twitter:site\" content=\"@cmf_w\" \/>\n<script type=\"application\/ld+json\" class=\"yoast-schema-graph\">{\"@context\":\"https:\\\/\\\/schema.org\",\"@graph\":[{\"@type\":\"ScholarlyArticle\",\"@id\":\"https:\\\/\\\/webdelmaestrocmf.com\\\/portal\\\/miguel-angel-gallegos-los-retos-para-la-universidad-del-futuro\\\/#article\",\"isPartOf\":{\"@id\":\"https:\\\/\\\/webdelmaestrocmf.com\\\/portal\\\/miguel-angel-gallegos-los-retos-para-la-universidad-del-futuro\\\/\"},\"author\":{\"name\":\"Web del Maestro CMF\",\"@id\":\"https:\\\/\\\/webdelmaestrocmf.com\\\/portal\\\/#\\\/schema\\\/person\\\/1072a2ed7bd960df8ef99a551fa35dc5\"},\"headline\":\"[Miguel \u00c1ngel Gallegos] Los Retos para la Universidad del Futuro\",\"datePublished\":\"2021-02-19T17:58:06+00:00\",\"dateModified\":\"2023-10-15T16:51:56+00:00\",\"mainEntityOfPage\":{\"@id\":\"https:\\\/\\\/webdelmaestrocmf.com\\\/portal\\\/miguel-angel-gallegos-los-retos-para-la-universidad-del-futuro\\\/\"},\"wordCount\":1156,\"commentCount\":0,\"publisher\":{\"@id\":\"https:\\\/\\\/webdelmaestrocmf.com\\\/portal\\\/#organization\"},\"image\":{\"@id\":\"https:\\\/\\\/webdelmaestrocmf.com\\\/portal\\\/miguel-angel-gallegos-los-retos-para-la-universidad-del-futuro\\\/#primaryimage\"},\"thumbnailUrl\":\"https:\\\/\\\/webdelmaestrocmf.com\\\/portal\\\/wp-content\\\/uploads\\\/2021\\\/02\\\/1-copia-55.jpg\",\"keywords\":[\"futuro\",\"Miguel \u00c1ngel Gallegos\",\"RETOS\",\"UNIVERSIDAD\"],\"articleSection\":[\"Z-Colaboradores\",\"Z-Colaboradores-Miguel-\u00c1ngel-Gallegos\"],\"inLanguage\":\"es\",\"potentialAction\":[{\"@type\":\"CommentAction\",\"name\":\"Comment\",\"target\":[\"https:\\\/\\\/webdelmaestrocmf.com\\\/portal\\\/miguel-angel-gallegos-los-retos-para-la-universidad-del-futuro\\\/#respond\"]}]},{\"@type\":\"WebPage\",\"@id\":\"https:\\\/\\\/webdelmaestrocmf.com\\\/portal\\\/miguel-angel-gallegos-los-retos-para-la-universidad-del-futuro\\\/\",\"url\":\"https:\\\/\\\/webdelmaestrocmf.com\\\/portal\\\/miguel-angel-gallegos-los-retos-para-la-universidad-del-futuro\\\/\",\"name\":\"[Miguel \u00c1ngel Gallegos] Los Retos para la Universidad del Futuro - 2026\",\"isPartOf\":{\"@id\":\"https:\\\/\\\/webdelmaestrocmf.com\\\/portal\\\/#website\"},\"primaryImageOfPage\":{\"@id\":\"https:\\\/\\\/webdelmaestrocmf.com\\\/portal\\\/miguel-angel-gallegos-los-retos-para-la-universidad-del-futuro\\\/#primaryimage\"},\"image\":{\"@id\":\"https:\\\/\\\/webdelmaestrocmf.com\\\/portal\\\/miguel-angel-gallegos-los-retos-para-la-universidad-del-futuro\\\/#primaryimage\"},\"thumbnailUrl\":\"https:\\\/\\\/webdelmaestrocmf.com\\\/portal\\\/wp-content\\\/uploads\\\/2021\\\/02\\\/1-copia-55.jpg\",\"datePublished\":\"2021-02-19T17:58:06+00:00\",\"dateModified\":\"2023-10-15T16:51:56+00:00\",\"description\":\"El a\u00f1o 2020 ha marcado un antes y un despu\u00e9s para la humanidad. La pandemia ha dejado secuelas en muchos planos de...\",\"breadcrumb\":{\"@id\":\"https:\\\/\\\/webdelmaestrocmf.com\\\/portal\\\/miguel-angel-gallegos-los-retos-para-la-universidad-del-futuro\\\/#breadcrumb\"},\"inLanguage\":\"es\",\"potentialAction\":[{\"@type\":\"ReadAction\",\"target\":[\"https:\\\/\\\/webdelmaestrocmf.com\\\/portal\\\/miguel-angel-gallegos-los-retos-para-la-universidad-del-futuro\\\/\"]}]},{\"@type\":\"ImageObject\",\"inLanguage\":\"es\",\"@id\":\"https:\\\/\\\/webdelmaestrocmf.com\\\/portal\\\/miguel-angel-gallegos-los-retos-para-la-universidad-del-futuro\\\/#primaryimage\",\"url\":\"https:\\\/\\\/webdelmaestrocmf.com\\\/portal\\\/wp-content\\\/uploads\\\/2021\\\/02\\\/1-copia-55.jpg\",\"contentUrl\":\"https:\\\/\\\/webdelmaestrocmf.com\\\/portal\\\/wp-content\\\/uploads\\\/2021\\\/02\\\/1-copia-55.jpg\",\"width\":1100,\"height\":680},{\"@type\":\"BreadcrumbList\",\"@id\":\"https:\\\/\\\/webdelmaestrocmf.com\\\/portal\\\/miguel-angel-gallegos-los-retos-para-la-universidad-del-futuro\\\/#breadcrumb\",\"itemListElement\":[{\"@type\":\"ListItem\",\"position\":1,\"name\":\"Portada\",\"item\":\"https:\\\/\\\/webdelmaestrocmf.com\\\/portal\\\/\"},{\"@type\":\"ListItem\",\"position\":2,\"name\":\"Z-Colaboradores\",\"item\":\"https:\\\/\\\/webdelmaestrocmf.com\\\/portal\\\/category\\\/colaborador\\\/\"},{\"@type\":\"ListItem\",\"position\":3,\"name\":\"[Miguel \u00c1ngel Gallegos] Los Retos para la Universidad del Futuro\"}]},{\"@type\":\"WebSite\",\"@id\":\"https:\\\/\\\/webdelmaestrocmf.com\\\/portal\\\/#website\",\"url\":\"https:\\\/\\\/webdelmaestrocmf.com\\\/portal\\\/\",\"name\":\"Web del Maestro CMF\",\"description\":\"Maestros al servicio de la educaci\u00f3n\",\"publisher\":{\"@id\":\"https:\\\/\\\/webdelmaestrocmf.com\\\/portal\\\/#organization\"},\"alternateName\":\"WMCMF\",\"potentialAction\":[{\"@type\":\"SearchAction\",\"target\":{\"@type\":\"EntryPoint\",\"urlTemplate\":\"https:\\\/\\\/webdelmaestrocmf.com\\\/portal\\\/?s={search_term_string}\"},\"query-input\":{\"@type\":\"PropertyValueSpecification\",\"valueRequired\":true,\"valueName\":\"search_term_string\"}}],\"inLanguage\":\"es\"},{\"@type\":\"Organization\",\"@id\":\"https:\\\/\\\/webdelmaestrocmf.com\\\/portal\\\/#organization\",\"name\":\"Web del Maestro CMF\",\"alternateName\":\"WMCMF\",\"url\":\"https:\\\/\\\/webdelmaestrocmf.com\\\/portal\\\/\",\"logo\":{\"@type\":\"ImageObject\",\"inLanguage\":\"es\",\"@id\":\"https:\\\/\\\/webdelmaestrocmf.com\\\/portal\\\/#\\\/schema\\\/logo\\\/image\\\/\",\"url\":\"https:\\\/\\\/webdelmaestrocmf.com\\\/portal\\\/wp-content\\\/uploads\\\/2023\\\/01\\\/logo-wmcmf-2.png\",\"contentUrl\":\"https:\\\/\\\/webdelmaestrocmf.com\\\/portal\\\/wp-content\\\/uploads\\\/2023\\\/01\\\/logo-wmcmf-2.png\",\"width\":200,\"height\":60,\"caption\":\"Web del Maestro CMF\"},\"image\":{\"@id\":\"https:\\\/\\\/webdelmaestrocmf.com\\\/portal\\\/#\\\/schema\\\/logo\\\/image\\\/\"},\"sameAs\":[\"https:\\\/\\\/www.facebook.com\\\/WebdelMaestroCMF\\\/\",\"https:\\\/\\\/x.com\\\/cmf_w\",\"https:\\\/\\\/www.pinterest.com\\\/WMCMF\\\/\",\"https:\\\/\\\/www.linkedin.com\\\/company\\\/web-del-maestro-cmf\\\/\",\"https:\\\/\\\/www.instagram.com\\\/wmcmf\\\/\",\"https:\\\/\\\/www.youtube.com\\\/channel\\\/UCDPSvjbdodE5sHnC3OxutHw\",\"https:\\\/\\\/mastodon.social\\\/@wmcmf\",\"https:\\\/\\\/www.tiktok.com\\\/@webdelmaestrocmf\"]},{\"@type\":\"Person\",\"@id\":\"https:\\\/\\\/webdelmaestrocmf.com\\\/portal\\\/#\\\/schema\\\/person\\\/1072a2ed7bd960df8ef99a551fa35dc5\",\"name\":\"Web del Maestro CMF\",\"image\":{\"@type\":\"ImageObject\",\"inLanguage\":\"es\",\"@id\":\"https:\\\/\\\/secure.gravatar.com\\\/avatar\\\/23291dd5b5ae1077dcff3dbb04c3e02bd28403fa75af6d8787d5e97c5bbbe30b?s=96&d=mm&r=g\",\"url\":\"https:\\\/\\\/secure.gravatar.com\\\/avatar\\\/23291dd5b5ae1077dcff3dbb04c3e02bd28403fa75af6d8787d5e97c5bbbe30b?s=96&d=mm&r=g\",\"contentUrl\":\"https:\\\/\\\/secure.gravatar.com\\\/avatar\\\/23291dd5b5ae1077dcff3dbb04c3e02bd28403fa75af6d8787d5e97c5bbbe30b?s=96&d=mm&r=g\",\"caption\":\"Web del Maestro CMF\"},\"description\":\"Esta Web se cre\u00f3 sin fines de lucro, con fines educativos, cient\u00edficos y acad\u00e9micos, para personas que tengan dificultades y\\\/o inconvenientes en visualizar el material original. El objetivo es entregar recursos, compartir experiencias y materiales que ayuden a los padres de familia, maestros y estudiantes en su actualizaci\u00f3n y formaci\u00f3n permanente, en bien de la Educaci\u00f3n.\",\"sameAs\":[\"http:\\\/\\\/webdelmaestrocmf.com\\\/portal\",\"https:\\\/\\\/www.facebook.com\\\/WebdelMaestroCMF\\\/\",\"https:\\\/\\\/www.instagram.com\\\/wmcmf\\\/\",\"https:\\\/\\\/cl.linkedin.com\\\/company\\\/web-del-maestro-cmf\",\"https:\\\/\\\/www.pinterest.com\\\/WMCMF\\\/publicaciones\\\/\",\"https:\\\/\\\/x.com\\\/cmf_w\",\"https:\\\/\\\/www.youtube.com\\\/@WMCMF\"]}]}<\/script>\n<!-- \/ Yoast SEO plugin. -->","yoast_head_json":{"title":"[Miguel \u00c1ngel Gallegos] Los Retos para la Universidad del Futuro - 2026","description":"El a\u00f1o 2020 ha marcado un antes y un despu\u00e9s para la humanidad. La pandemia ha dejado secuelas en muchos planos de...","robots":{"index":"index","follow":"follow","max-snippet":"max-snippet:-1","max-image-preview":"max-image-preview:large","max-video-preview":"max-video-preview:-1"},"canonical":"https:\/\/webdelmaestrocmf.com\/portal\/miguel-angel-gallegos-los-retos-para-la-universidad-del-futuro\/","og_locale":"es_ES","og_type":"article","og_title":"[Miguel \u00c1ngel Gallegos] Los Retos para la Universidad del Futuro - 2026","og_description":"El a\u00f1o 2020 ha marcado un antes y un despu\u00e9s para la humanidad. La pandemia ha dejado secuelas en muchos planos de...","og_url":"https:\/\/webdelmaestrocmf.com\/portal\/miguel-angel-gallegos-los-retos-para-la-universidad-del-futuro\/","og_site_name":"Web del Maestro CMF","article_publisher":"https:\/\/www.facebook.com\/WebdelMaestroCMF\/","article_author":"https:\/\/www.facebook.com\/WebdelMaestroCMF\/","article_published_time":"2021-02-19T17:58:06+00:00","article_modified_time":"2023-10-15T16:51:56+00:00","og_image":[{"width":1100,"height":680,"url":"https:\/\/i0.wp.com\/webdelmaestrocmf.com\/portal\/wp-content\/uploads\/2021\/02\/1-copia-55.jpg?fit=1100%2C680&ssl=1","type":"image\/jpeg"}],"author":"Web del Maestro CMF","twitter_card":"summary_large_image","twitter_creator":"@cmf_w","twitter_site":"@cmf_w","schema":{"@context":"https:\/\/schema.org","@graph":[{"@type":"ScholarlyArticle","@id":"https:\/\/webdelmaestrocmf.com\/portal\/miguel-angel-gallegos-los-retos-para-la-universidad-del-futuro\/#article","isPartOf":{"@id":"https:\/\/webdelmaestrocmf.com\/portal\/miguel-angel-gallegos-los-retos-para-la-universidad-del-futuro\/"},"author":{"name":"Web del Maestro CMF","@id":"https:\/\/webdelmaestrocmf.com\/portal\/#\/schema\/person\/1072a2ed7bd960df8ef99a551fa35dc5"},"headline":"[Miguel \u00c1ngel Gallegos] Los Retos para la Universidad del Futuro","datePublished":"2021-02-19T17:58:06+00:00","dateModified":"2023-10-15T16:51:56+00:00","mainEntityOfPage":{"@id":"https:\/\/webdelmaestrocmf.com\/portal\/miguel-angel-gallegos-los-retos-para-la-universidad-del-futuro\/"},"wordCount":1156,"commentCount":0,"publisher":{"@id":"https:\/\/webdelmaestrocmf.com\/portal\/#organization"},"image":{"@id":"https:\/\/webdelmaestrocmf.com\/portal\/miguel-angel-gallegos-los-retos-para-la-universidad-del-futuro\/#primaryimage"},"thumbnailUrl":"https:\/\/webdelmaestrocmf.com\/portal\/wp-content\/uploads\/2021\/02\/1-copia-55.jpg","keywords":["futuro","Miguel \u00c1ngel Gallegos","RETOS","UNIVERSIDAD"],"articleSection":["Z-Colaboradores","Z-Colaboradores-Miguel-\u00c1ngel-Gallegos"],"inLanguage":"es","potentialAction":[{"@type":"CommentAction","name":"Comment","target":["https:\/\/webdelmaestrocmf.com\/portal\/miguel-angel-gallegos-los-retos-para-la-universidad-del-futuro\/#respond"]}]},{"@type":"WebPage","@id":"https:\/\/webdelmaestrocmf.com\/portal\/miguel-angel-gallegos-los-retos-para-la-universidad-del-futuro\/","url":"https:\/\/webdelmaestrocmf.com\/portal\/miguel-angel-gallegos-los-retos-para-la-universidad-del-futuro\/","name":"[Miguel \u00c1ngel Gallegos] Los Retos para la Universidad del Futuro - 2026","isPartOf":{"@id":"https:\/\/webdelmaestrocmf.com\/portal\/#website"},"primaryImageOfPage":{"@id":"https:\/\/webdelmaestrocmf.com\/portal\/miguel-angel-gallegos-los-retos-para-la-universidad-del-futuro\/#primaryimage"},"image":{"@id":"https:\/\/webdelmaestrocmf.com\/portal\/miguel-angel-gallegos-los-retos-para-la-universidad-del-futuro\/#primaryimage"},"thumbnailUrl":"https:\/\/webdelmaestrocmf.com\/portal\/wp-content\/uploads\/2021\/02\/1-copia-55.jpg","datePublished":"2021-02-19T17:58:06+00:00","dateModified":"2023-10-15T16:51:56+00:00","description":"El a\u00f1o 2020 ha marcado un antes y un despu\u00e9s para la humanidad. La pandemia ha dejado secuelas en muchos planos de...","breadcrumb":{"@id":"https:\/\/webdelmaestrocmf.com\/portal\/miguel-angel-gallegos-los-retos-para-la-universidad-del-futuro\/#breadcrumb"},"inLanguage":"es","potentialAction":[{"@type":"ReadAction","target":["https:\/\/webdelmaestrocmf.com\/portal\/miguel-angel-gallegos-los-retos-para-la-universidad-del-futuro\/"]}]},{"@type":"ImageObject","inLanguage":"es","@id":"https:\/\/webdelmaestrocmf.com\/portal\/miguel-angel-gallegos-los-retos-para-la-universidad-del-futuro\/#primaryimage","url":"https:\/\/webdelmaestrocmf.com\/portal\/wp-content\/uploads\/2021\/02\/1-copia-55.jpg","contentUrl":"https:\/\/webdelmaestrocmf.com\/portal\/wp-content\/uploads\/2021\/02\/1-copia-55.jpg","width":1100,"height":680},{"@type":"BreadcrumbList","@id":"https:\/\/webdelmaestrocmf.com\/portal\/miguel-angel-gallegos-los-retos-para-la-universidad-del-futuro\/#breadcrumb","itemListElement":[{"@type":"ListItem","position":1,"name":"Portada","item":"https:\/\/webdelmaestrocmf.com\/portal\/"},{"@type":"ListItem","position":2,"name":"Z-Colaboradores","item":"https:\/\/webdelmaestrocmf.com\/portal\/category\/colaborador\/"},{"@type":"ListItem","position":3,"name":"[Miguel \u00c1ngel Gallegos] Los Retos para la Universidad del Futuro"}]},{"@type":"WebSite","@id":"https:\/\/webdelmaestrocmf.com\/portal\/#website","url":"https:\/\/webdelmaestrocmf.com\/portal\/","name":"Web del Maestro CMF","description":"Maestros al servicio de la educaci\u00f3n","publisher":{"@id":"https:\/\/webdelmaestrocmf.com\/portal\/#organization"},"alternateName":"WMCMF","potentialAction":[{"@type":"SearchAction","target":{"@type":"EntryPoint","urlTemplate":"https:\/\/webdelmaestrocmf.com\/portal\/?s={search_term_string}"},"query-input":{"@type":"PropertyValueSpecification","valueRequired":true,"valueName":"search_term_string"}}],"inLanguage":"es"},{"@type":"Organization","@id":"https:\/\/webdelmaestrocmf.com\/portal\/#organization","name":"Web del Maestro CMF","alternateName":"WMCMF","url":"https:\/\/webdelmaestrocmf.com\/portal\/","logo":{"@type":"ImageObject","inLanguage":"es","@id":"https:\/\/webdelmaestrocmf.com\/portal\/#\/schema\/logo\/image\/","url":"https:\/\/webdelmaestrocmf.com\/portal\/wp-content\/uploads\/2023\/01\/logo-wmcmf-2.png","contentUrl":"https:\/\/webdelmaestrocmf.com\/portal\/wp-content\/uploads\/2023\/01\/logo-wmcmf-2.png","width":200,"height":60,"caption":"Web del Maestro CMF"},"image":{"@id":"https:\/\/webdelmaestrocmf.com\/portal\/#\/schema\/logo\/image\/"},"sameAs":["https:\/\/www.facebook.com\/WebdelMaestroCMF\/","https:\/\/x.com\/cmf_w","https:\/\/www.pinterest.com\/WMCMF\/","https:\/\/www.linkedin.com\/company\/web-del-maestro-cmf\/","https:\/\/www.instagram.com\/wmcmf\/","https:\/\/www.youtube.com\/channel\/UCDPSvjbdodE5sHnC3OxutHw","https:\/\/mastodon.social\/@wmcmf","https:\/\/www.tiktok.com\/@webdelmaestrocmf"]},{"@type":"Person","@id":"https:\/\/webdelmaestrocmf.com\/portal\/#\/schema\/person\/1072a2ed7bd960df8ef99a551fa35dc5","name":"Web del Maestro CMF","image":{"@type":"ImageObject","inLanguage":"es","@id":"https:\/\/secure.gravatar.com\/avatar\/23291dd5b5ae1077dcff3dbb04c3e02bd28403fa75af6d8787d5e97c5bbbe30b?s=96&d=mm&r=g","url":"https:\/\/secure.gravatar.com\/avatar\/23291dd5b5ae1077dcff3dbb04c3e02bd28403fa75af6d8787d5e97c5bbbe30b?s=96&d=mm&r=g","contentUrl":"https:\/\/secure.gravatar.com\/avatar\/23291dd5b5ae1077dcff3dbb04c3e02bd28403fa75af6d8787d5e97c5bbbe30b?s=96&d=mm&r=g","caption":"Web del Maestro CMF"},"description":"Esta Web se cre\u00f3 sin fines de lucro, con fines educativos, cient\u00edficos y acad\u00e9micos, para personas que tengan dificultades y\/o inconvenientes en visualizar el material original. El objetivo es entregar recursos, compartir experiencias y materiales que ayuden a los padres de familia, maestros y estudiantes en su actualizaci\u00f3n y formaci\u00f3n permanente, en bien de la Educaci\u00f3n.","sameAs":["http:\/\/webdelmaestrocmf.com\/portal","https:\/\/www.facebook.com\/WebdelMaestroCMF\/","https:\/\/www.instagram.com\/wmcmf\/","https:\/\/cl.linkedin.com\/company\/web-del-maestro-cmf","https:\/\/www.pinterest.com\/WMCMF\/publicaciones\/","https:\/\/x.com\/cmf_w","https:\/\/www.youtube.com\/@WMCMF"]}]}},"jetpack_featured_media_url":"https:\/\/webdelmaestrocmf.com\/portal\/wp-content\/uploads\/2021\/02\/1-copia-55.jpg","jetpack_sharing_enabled":true,"jetpack-related-posts":[{"id":58545,"url":"https:\/\/webdelmaestrocmf.com\/portal\/miguel-angel-gallegos-los-modelos-educativos-deben-replantearse-ante-las-nuevas-formas-de-trabajo\/","url_meta":{"origin":59526,"position":0},"title":"[Miguel \u00c1ngel Gallegos] Los modelos educativos deben replantearse ante las nuevas formas de trabajo","author":"Web del Maestro CMF","date":"29 enero, 2021","format":false,"excerpt":"Despu\u00e9s de la pandemia del COVID-19 habr\u00e1 que replantearse los modelos educativos, ante las nuevas formas y las necesidades laborales que demandan, tanto la sociedad como el propio sector industrial, asegur\u00f3 el maestro Miguel \u00c1ngel Gallegos C\u00e1rdenas, doctorante de la Universidad Aut\u00f3noma Metropolitana (UAM). El estudiante del Posgrado en Ciencias\u2026","rel":"","context":"En \u00abZ-Colaboradores\u00bb","block_context":{"text":"Z-Colaboradores","link":"https:\/\/webdelmaestrocmf.com\/portal\/category\/colaborador\/"},"img":{"alt_text":"","src":"https:\/\/i0.wp.com\/webdelmaestrocmf.com\/portal\/wp-content\/uploads\/2021\/01\/1-copia-139.jpg?resize=350%2C200&ssl=1","width":350,"height":200,"srcset":"https:\/\/i0.wp.com\/webdelmaestrocmf.com\/portal\/wp-content\/uploads\/2021\/01\/1-copia-139.jpg?resize=350%2C200&ssl=1 1x, https:\/\/i0.wp.com\/webdelmaestrocmf.com\/portal\/wp-content\/uploads\/2021\/01\/1-copia-139.jpg?resize=525%2C300&ssl=1 1.5x, https:\/\/i0.wp.com\/webdelmaestrocmf.com\/portal\/wp-content\/uploads\/2021\/01\/1-copia-139.jpg?resize=700%2C400&ssl=1 2x, https:\/\/i0.wp.com\/webdelmaestrocmf.com\/portal\/wp-content\/uploads\/2021\/01\/1-copia-139.jpg?resize=1050%2C600&ssl=1 3x"},"classes":[]},{"id":64331,"url":"https:\/\/webdelmaestrocmf.com\/portal\/miguel-angel-gallegos-nueva-realidad-a-partir-de-la-revolucion-tecno-digital-y-la-crisis-pandemica\/","url_meta":{"origin":59526,"position":1},"title":"[Miguel \u00c1ngel Gallegos] Nueva realidad a partir de la revoluci\u00f3n tecno-digital y la crisis pand\u00e9mica","author":"Web del Maestro CMF","date":"24 junio, 2021","format":false,"excerpt":"\u201cLa manera m\u00e1s peligrosa de enga\u00f1arse a s\u00ed mismo es creer que existeuna sola realidad. De hecho existen innumerables versiones de la realidad y pueden llegar a ser muy opuestas entre s\u00ed. Todas ellas son resultado de la comunicaci\u00f3n\u201d. (Paul Watzlawick) Entender que la realidad que hemos comenzado a vivir\u2026","rel":"","context":"En \u00abZ-Colaboradores\u00bb","block_context":{"text":"Z-Colaboradores","link":"https:\/\/webdelmaestrocmf.com\/portal\/category\/colaborador\/"},"img":{"alt_text":"","src":"https:\/\/i0.wp.com\/webdelmaestrocmf.com\/portal\/wp-content\/uploads\/2021\/06\/1-copia-30.jpg?resize=350%2C200&ssl=1","width":350,"height":200,"srcset":"https:\/\/i0.wp.com\/webdelmaestrocmf.com\/portal\/wp-content\/uploads\/2021\/06\/1-copia-30.jpg?resize=350%2C200&ssl=1 1x, https:\/\/i0.wp.com\/webdelmaestrocmf.com\/portal\/wp-content\/uploads\/2021\/06\/1-copia-30.jpg?resize=525%2C300&ssl=1 1.5x, https:\/\/i0.wp.com\/webdelmaestrocmf.com\/portal\/wp-content\/uploads\/2021\/06\/1-copia-30.jpg?resize=700%2C400&ssl=1 2x, https:\/\/i0.wp.com\/webdelmaestrocmf.com\/portal\/wp-content\/uploads\/2021\/06\/1-copia-30.jpg?resize=1050%2C600&ssl=1 3x"},"classes":[]},{"id":60818,"url":"https:\/\/webdelmaestrocmf.com\/portal\/miguel-angel-gallegos-areas-de-direccion-digital-para-mejorar-los-sistemas-educativos\/","url_meta":{"origin":59526,"position":2},"title":"[Miguel \u00c1ngel Gallegos] \u00c1reas de direcci\u00f3n digital para mejorar los sistemas educativos","author":"Web del Maestro CMF","date":"21 marzo, 2021","format":false,"excerpt":"Este a\u00f1o, todos estamos conscientes de que las cosas han cambiado, que ya no son como antes, como est\u00e1bamos acostumbrados hasta hace muy poco. La pandemia trajo aceleraciones en muchos sectores de la sociedad, pero tambi\u00e9n en las personas y en su hacer cotidiano. Nos estamos acostumbrando al nuevo acontecer\u2026","rel":"","context":"En \u00abZ-Colaboradores\u00bb","block_context":{"text":"Z-Colaboradores","link":"https:\/\/webdelmaestrocmf.com\/portal\/category\/colaborador\/"},"img":{"alt_text":"","src":"https:\/\/i0.wp.com\/webdelmaestrocmf.com\/portal\/wp-content\/uploads\/2021\/03\/1-112.jpg?resize=350%2C200&ssl=1","width":350,"height":200,"srcset":"https:\/\/i0.wp.com\/webdelmaestrocmf.com\/portal\/wp-content\/uploads\/2021\/03\/1-112.jpg?resize=350%2C200&ssl=1 1x, https:\/\/i0.wp.com\/webdelmaestrocmf.com\/portal\/wp-content\/uploads\/2021\/03\/1-112.jpg?resize=525%2C300&ssl=1 1.5x, https:\/\/i0.wp.com\/webdelmaestrocmf.com\/portal\/wp-content\/uploads\/2021\/03\/1-112.jpg?resize=700%2C400&ssl=1 2x, https:\/\/i0.wp.com\/webdelmaestrocmf.com\/portal\/wp-content\/uploads\/2021\/03\/1-112.jpg?resize=1050%2C600&ssl=1 3x"},"classes":[]},{"id":60075,"url":"https:\/\/webdelmaestrocmf.com\/portal\/miguel-angel-gallegos-las-politicas-educativas-en-mexico-problemas-y-desafios-descarga-gratuita-2\/","url_meta":{"origin":59526,"position":3},"title":"[Miguel \u00c1ngel Gallegos] Las Pol\u00edticas Educativas en M\u00e9xico: Problemas y Desaf\u00edos (Descarga Gratuita)","author":"Web del Maestro CMF","date":"4 marzo, 2021","format":false,"excerpt":"El pasado jueves 18 de febrero de 2021 se llev\u00f3 a cabo la Presentaci\u00f3n del libro: Las Pol\u00edticas Educativas en M\u00e9xico: Problemas y Desaf\u00edos. El evento fue organizado, coordinado y difundido por la Universidad Aut\u00f3noma Metropolitana, unidad Xochimilco, a trav\u00e9s de la secci\u00f3n de Publicaciones de la Divisi\u00f3n de Ciencias\u2026","rel":"","context":"En \u00abZ-Colaboradores\u00bb","block_context":{"text":"Z-Colaboradores","link":"https:\/\/webdelmaestrocmf.com\/portal\/category\/colaborador\/"},"img":{"alt_text":"","src":"https:\/\/i0.wp.com\/webdelmaestrocmf.com\/portal\/wp-content\/uploads\/2021\/03\/1-copia-7.jpg?resize=350%2C200&ssl=1","width":350,"height":200,"srcset":"https:\/\/i0.wp.com\/webdelmaestrocmf.com\/portal\/wp-content\/uploads\/2021\/03\/1-copia-7.jpg?resize=350%2C200&ssl=1 1x, https:\/\/i0.wp.com\/webdelmaestrocmf.com\/portal\/wp-content\/uploads\/2021\/03\/1-copia-7.jpg?resize=525%2C300&ssl=1 1.5x, https:\/\/i0.wp.com\/webdelmaestrocmf.com\/portal\/wp-content\/uploads\/2021\/03\/1-copia-7.jpg?resize=700%2C400&ssl=1 2x, https:\/\/i0.wp.com\/webdelmaestrocmf.com\/portal\/wp-content\/uploads\/2021\/03\/1-copia-7.jpg?resize=1050%2C600&ssl=1 3x"},"classes":[]},{"id":57922,"url":"https:\/\/webdelmaestrocmf.com\/portal\/miguel-angel-gallegos-las-politicas-educativas-en-mexico-problemas-y-desafios-descarga-gratuita\/","url_meta":{"origin":59526,"position":4},"title":"[Miguel \u00c1ngel Gallegos] Las pol\u00edticas educativas en M\u00e9xico: problemas y desaf\u00edos (Descarga gratuita)","author":"Web del Maestro CMF","date":"18 enero, 2021","format":false,"excerpt":"La conformaci\u00f3n de las pol\u00edticas institucionales, son decisivas en el desarrollo de todo sistema. En el caso del sector educativo, ellas marcan la pauta de lo que ha de suceder en el \u00e1mbito escolar, sea en infraestructura, en lo pedag\u00f3gico, organizativo, administrativo, financiero, en los planes y programas de estudio,\u2026","rel":"","context":"En \u00abZ-Colaboradores\u00bb","block_context":{"text":"Z-Colaboradores","link":"https:\/\/webdelmaestrocmf.com\/portal\/category\/colaborador\/"},"img":{"alt_text":"","src":"https:\/\/i0.wp.com\/webdelmaestrocmf.com\/portal\/wp-content\/uploads\/2021\/01\/1-136.jpg?resize=350%2C200&ssl=1","width":350,"height":200,"srcset":"https:\/\/i0.wp.com\/webdelmaestrocmf.com\/portal\/wp-content\/uploads\/2021\/01\/1-136.jpg?resize=350%2C200&ssl=1 1x, https:\/\/i0.wp.com\/webdelmaestrocmf.com\/portal\/wp-content\/uploads\/2021\/01\/1-136.jpg?resize=525%2C300&ssl=1 1.5x, https:\/\/i0.wp.com\/webdelmaestrocmf.com\/portal\/wp-content\/uploads\/2021\/01\/1-136.jpg?resize=700%2C400&ssl=1 2x, https:\/\/i0.wp.com\/webdelmaestrocmf.com\/portal\/wp-content\/uploads\/2021\/01\/1-136.jpg?resize=1050%2C600&ssl=1 3x"},"classes":[]},{"id":73056,"url":"https:\/\/webdelmaestrocmf.com\/portal\/miguel-angel-gallegos-la-tecnologia-en-educacion-secundaria-para-potenciar-a-mexico\/","url_meta":{"origin":59526,"position":5},"title":"[Miguel \u00c1ngel Gallegos] La tecnolog\u00eda en educaci\u00f3n secundaria para potenciar a M\u00e9xico","author":"Web del Maestro CMF","date":"14 enero, 2022","format":false,"excerpt":"El impulso al desarrollo tecnol\u00f3gico no es una opci\u00f3n voluntaria, m\u00e1s bien, es el camino a seguir para los pa\u00edses que aspiran a posicionarse como potencias econ\u00f3micas en el mundo. Esto no es nuevo, es una constante y factor del progreso en diversos pa\u00edses, particularmente en los asi\u00e1ticos. Evidencia de\u2026","rel":"","context":"En \u00abZ-Colaboradores\u00bb","block_context":{"text":"Z-Colaboradores","link":"https:\/\/webdelmaestrocmf.com\/portal\/category\/colaborador\/"},"img":{"alt_text":"","src":"https:\/\/i0.wp.com\/webdelmaestrocmf.com\/portal\/wp-content\/uploads\/2022\/01\/1-78.jpg?resize=350%2C200&ssl=1","width":350,"height":200,"srcset":"https:\/\/i0.wp.com\/webdelmaestrocmf.com\/portal\/wp-content\/uploads\/2022\/01\/1-78.jpg?resize=350%2C200&ssl=1 1x, https:\/\/i0.wp.com\/webdelmaestrocmf.com\/portal\/wp-content\/uploads\/2022\/01\/1-78.jpg?resize=525%2C300&ssl=1 1.5x, https:\/\/i0.wp.com\/webdelmaestrocmf.com\/portal\/wp-content\/uploads\/2022\/01\/1-78.jpg?resize=700%2C400&ssl=1 2x, https:\/\/i0.wp.com\/webdelmaestrocmf.com\/portal\/wp-content\/uploads\/2022\/01\/1-78.jpg?resize=1050%2C600&ssl=1 3x"},"classes":[]}],"_links":{"self":[{"href":"https:\/\/webdelmaestrocmf.com\/portal\/wp-json\/wp\/v2\/posts\/59526","targetHints":{"allow":["GET"]}}],"collection":[{"href":"https:\/\/webdelmaestrocmf.com\/portal\/wp-json\/wp\/v2\/posts"}],"about":[{"href":"https:\/\/webdelmaestrocmf.com\/portal\/wp-json\/wp\/v2\/types\/post"}],"author":[{"embeddable":true,"href":"https:\/\/webdelmaestrocmf.com\/portal\/wp-json\/wp\/v2\/users\/1"}],"replies":[{"embeddable":true,"href":"https:\/\/webdelmaestrocmf.com\/portal\/wp-json\/wp\/v2\/comments?post=59526"}],"version-history":[{"count":0,"href":"https:\/\/webdelmaestrocmf.com\/portal\/wp-json\/wp\/v2\/posts\/59526\/revisions"}],"wp:featuredmedia":[{"embeddable":true,"href":"https:\/\/webdelmaestrocmf.com\/portal\/wp-json\/wp\/v2\/media\/59529"}],"wp:attachment":[{"href":"https:\/\/webdelmaestrocmf.com\/portal\/wp-json\/wp\/v2\/media?parent=59526"}],"wp:term":[{"taxonomy":"category","embeddable":true,"href":"https:\/\/webdelmaestrocmf.com\/portal\/wp-json\/wp\/v2\/categories?post=59526"},{"taxonomy":"post_tag","embeddable":true,"href":"https:\/\/webdelmaestrocmf.com\/portal\/wp-json\/wp\/v2\/tags?post=59526"}],"curies":[{"name":"wp","href":"https:\/\/api.w.org\/{rel}","templated":true}]}}