{"id":59518,"date":"2025-10-08T10:54:00","date_gmt":"2025-10-08T13:54:00","guid":{"rendered":"https:\/\/webdelmaestrocmf.com\/portal\/?p=59518"},"modified":"2025-10-08T17:16:01","modified_gmt":"2025-10-08T20:16:01","slug":"los-padres-helicopteros-dicen-a-una-profesora-donde-se-ha-de-sentar-su-hijo-en-clase-y-los-padres-drones-van-con-el-mando-a-distancia","status":"publish","type":"post","link":"https:\/\/webdelmaestrocmf.com\/portal\/los-padres-helicopteros-dicen-a-una-profesora-donde-se-ha-de-sentar-su-hijo-en-clase-y-los-padres-drones-van-con-el-mando-a-distancia\/","title":{"rendered":"Cristina Guti\u00e9rrez: Los padres helic\u00f3pteros dicen a una profesora d\u00f3nde se ha de sentar su hijo en clase y los padres drones van con el mando a distancia"},"content":{"rendered":"\n<p>La profesora espa\u00f1ola Cristina Guti\u00e9rrez Lest\u00f3n es educadora emocional con experiencia de m\u00e1s de 33 a\u00f1os trababjando con ni\u00f1os y adolescentes. Es directora de La Granja, con sedes en Barcelona y Madrid, dedicadas a la educaci\u00f3n en la naturaleza y la educaci\u00f3n emocional. Es autora de Entr\u00e9nalo para la vida, donde cuenta su apuesta por la educaci\u00f3n emocional y ofrece herramientas concretas que considera \u00abimprescindible[s] si queremos entrenar a nuestros hijos para que sepan qu\u00e9 hacer con su vida\u00bb. Con su equipo pedag\u00f3gico <strong>ha experiementado exitosamente en la implantaci\u00f3n de la educaci\u00f3n emocional en los programas de actividades con los ni\u00f1os<\/strong>, ante las numerosas carencias emocionales que percib\u00edan en ellos, desarrollando una metodolog\u00eda propia. Tambi\u00e9n es divulgadora medi\u00e1tica en TV3, TV2, La Vanguardia, El Peri\u00f3dico, etc, imparte cursos pr\u00e1cticos de educaci\u00f3n emocional a alumnos, maestros, padres, deportistas, entrenadores y ofrece conferencias.<\/p>\n\n\n\n<!--more-->\n\n\n\n<p><strong>\u201c<\/strong>La profesora Guti\u00e9rrez propone en su libro, \u2018Crecer con valent\u00eda\u2019, herramientas para fomentar <strong>la confianza y resiliencia<\/strong> frente a la vida. \u201cCuando nace un beb\u00e9 nos invaden todos los miedos y es normal. Pero tenemos que tomar una dif\u00edcil decisi\u00f3n: \u00bfQui\u00e9n quieres que eduque a tu hijo, tu miedo o t\u00fa? <strong>Los miedos tambi\u00e9n se heredan<\/strong>. As\u00ed encontramos <strong>dos tipos de padres<\/strong>: los que allanan el camino para que su hijo no sufra ni tropiece con las piedras, y los que superan su propio miedo y preparan a su hijo para el camino\u201d.<\/p>\n\n\n\n<p>Gracias a la publicaci\u00f3n de El Pa\u00eds (Espa\u00f1a), BBVA y Editorial Santillana, compartimos con fines \u00fanicamente educativos y de formaci\u00f3n permanente, partes del di\u00e1logo entre Cristina Guti\u00e9rrez y Marta Tamayo sobre la educaci\u00f3n antigua, las carencias emocionales, las relaciones familiares en el hogar, la cultura del ser y el tener, el crecimiento de los hijos con valent\u00eda, el miedo, la autoestima, la correcci\u00f3n, el error, la sobreprotecci\u00f3n, el estr\u00e9s, el sue\u00f1o de la familia perfecta, la impaciencia, la comunicaci\u00f3n, la empat\u00eda, y temas que nos pueden ser \u00fatiles para el conocimiento de nuestros estudiantes y para las reuniones con los padres de familia.<\/p>\n\n\n\n<p>La Web del Maestro CMF, seg\u00fan su pol\u00edtica de publicaciones, no necesariamente comparte las opiniones de la profesora Guti\u00e9rrez. <strong>Dejamos a consideraci\u00f3n del lector el an\u00e1lisis de sus opiniones y sus propuestas<\/strong> <strong>educativas<\/strong>, como lo hemos indicado en esta serie Aprendamos juntos, para sumar por la educaci\u00f3n.<\/p>\n\n\n\n<figure class=\"wp-block-image\"><img decoding=\"async\" src=\"https:\/\/www.bbva.com\/wp-content\/uploads\/2020\/09\/CRISTINA-GUTIERREZ-1920x1080.jpg\" alt=\"\"\/><\/figure>\n\n\n\n<p>Compartimos los enlaces del video completo y un momento destacado, <strong>recomend\u00e1ndoles leer \u00edntegramente en el enlace que indicamos al final del art\u00edculo<\/strong>, para conocer este interesante encuentro. Nuestro prop\u00f3sito quiere ser una invitaci\u00f3n a seguir entusiasmados en nuestra formaci\u00f3n permanente, conociendo las opiniones de especialistas cercanos al mundo educativo. Hacemos presente que las letras en negritas y cursivas son nuestras.<\/p>\n\n\n\n<p>Art\u00edculo recomendado: <a href=\"https:\/\/webdelmaestrocmf.com\/portal\/heriberto-prieto-valoracion-del-trabajo-del-docente-ante-el-cambio-de-la-forma-educativa-presencial-a-distancia\/\">[Heriberto Prieto] Valoraci\u00f3n del trabajo del docente, ante el cambio de la forma educativa presencial a distancia<\/a><\/p>\n\n\n\n<h3 class=\"wp-block-heading\"><strong>MARTA TAMAYO:<\/strong> <strong>&#8230;<\/strong> <strong>me gustar\u00eda saber un poco c\u00f3mo es tu d\u00eda a d\u00eda con los ni\u00f1os.<\/strong><\/h3>\n\n\n\n<p><strong>CRISTINA GUTI\u00c9RREZ: <\/strong>\u201c&#8230; mi d\u00eda a d\u00eda en un lugar donde hay caballos, animales, naturaleza y muchos ni\u00f1os, [&#8230;] <strong>son asombrosos<\/strong> cuando se les da espacio y tiempo, y <strong>te sorprenden cada d\u00eda<\/strong>. [&#8230;] Y qu\u00e9 suerte tengo de trabajar en un lugar donde <strong>los ni\u00f1os te confrontan cada d\u00eda y te hacen esos \u201czascas<\/strong>\u201d [sic respuesta cortante]<strong>,<\/strong> que te dicen en qu\u00e9 momento est\u00e1s como madre, como padre, como educador o como profesional. Entonces, la verdad es que creo que <strong>tengo el mejor trabajo del mundo<\/strong>\u201d.<\/p>\n\n\n\n<h3 class=\"wp-block-heading\"><strong>EL S\u00cdNDROME DE LA FAMILIA PERFECTA <\/strong>(MOMENTO DESTACADO 05\u00b4 42\u201d)<\/h3>\n\n\n\n<p><iframe loading=\"lazy\" src=\"https:\/\/www.youtube.com\/embed\/7LDYehZ2qrE\" width=\"100%\" height=\"400\" frameborder=\"0\" allowfullscreen=\"allowfullscreen\"><span data-mce-type=\"bookmark\" style=\"display: inline-block; width: 0px; overflow: hidden; line-height: 0;\" class=\"mce_SELRES_start\">\ufeff<\/span><\/iframe><\/p>\n\n\n\n<h3 class=\"wp-block-heading\"><strong>MARTA TAMAYO:<\/strong> <strong>\u00bfCrees que, en generaciones anteriores, en que se educaba de otra manera, ha habido muchos cambios con respecto a c\u00f3mo educamos hoy en d\u00eda? \u00bfVosotros hab\u00e9is notado esos cambios?<\/strong><\/h3>\n\n\n\n<p><strong>CRISTINA GUTI\u00c9RREZ: <\/strong>\u201cTengo que decirte que s\u00ed, que <strong>hemos notado muchos cambios<\/strong>, [&#8230;] los ni\u00f1os hoy en d\u00eda son mucho m\u00e1s exigentes que antes y mucho m\u00e1s retadores. Con exigente me refiero a que cuando t\u00fa hablas o les explicas un temario o algo y no les convence o no les interesa, de repente giran la mirada y ya no te escuchan. [&#8230;] <strong>nunca me he encontrado con tantas carencias emocionales<\/strong> en ellos. Hablo de <strong>miedos<\/strong>, miedos a casi todo. Hablo de <strong>bajas autoestimas<\/strong>, [&#8230;]. Hablo tambi\u00e9n de <strong>desconfianza<\/strong>, no solo hacia s\u00ed mismos, sino tambi\u00e9n hacia los compa\u00f1eros del cole, con los cuales llevan, igual, desde P3. Hablo tambi\u00e9n de <strong>inseguridad.<\/strong> [&#8230;]\u201d<\/p>\n\n\n\n<h3 class=\"wp-block-heading\"><strong>MARTA TAMAYO:<\/strong> <strong>\u00bfY de d\u00f3nde crees que vienen todas estas carencias emocionales?<\/strong><\/h3>\n\n\n\n<p><strong>CRISTINA GUTI\u00c9RREZ:<\/strong> \u201cPor un lado, <strong>la sobreprotecci\u00f3n<\/strong>. Por otro lado, <strong>la aceleraci\u00f3n del mundo <\/strong>en el que hacemos vivir a nuestros ni\u00f1os y nosotros. Y, en tercer lugar, algo muy curioso, que es que creo que hemos hecho desaparecer la cultura del ser por <strong>la cultura del tener.<\/strong> [&#8230;]&nbsp;esa sobreprotecci\u00f3n que hace que a los ni\u00f1os les baje la autoestima y no se sientan capaces de quererse a s\u00ed mismos, de tener una buena opini\u00f3n de s\u00ed mismos. La segunda de las causas, para m\u00ed, es esa aceleraci\u00f3n en la que hacemos vivir al mundo. [&#8230;]\u201d.<\/p>\n\n\n\n<h3 class=\"wp-block-heading\"><strong>\u201c\u00bfQUI\u00c9N EDUCA A TU HIJO, TU MIEDO O T\u00da?\u201d <\/strong>(VIDEO COMPLETO 44\u00b4 29\u201d)<\/h3>\n\n\n\n<p><iframe loading=\"lazy\" src=\"https:\/\/www.youtube.com\/embed\/ato6J0R_Uhc\" width=\"100%\" height=\"400\" frameborder=\"0\" allowfullscreen=\"allowfullscreen\"><span data-mce-type=\"bookmark\" style=\"display: inline-block; width: 0px; overflow: hidden; line-height: 0;\" class=\"mce_SELRES_start\">\ufeff<\/span><\/iframe><\/p>\n\n\n\n<h3 class=\"wp-block-heading\"><strong>MARTA TAMAYO:<\/strong> <strong>Expl\u00edcanos qu\u00e9 es para ti algo m\u00e1s que un padre o madre helic\u00f3ptero, un padre o madre dron.<\/strong><\/h3>\n\n\n\n<p><strong>CRISTINA GUTI\u00c9RREZ:<\/strong> \u201cLos padres helic\u00f3ptero son aquellos que <strong>van todo el d\u00eda dando vueltas alrededor de los ni\u00f1os, control\u00e1ndolo todo<\/strong> a extremos que flipamos. Padres que dicen a una profesora d\u00f3nde se ha de sentar su hijo en clase, [&#8230;] <strong>los padres dron<\/strong> ya no solo dan vueltas, o sea, que lo hacen ya con mando a distancia. Ser un padre helic\u00f3ptero es agotador. [&#8230;]&nbsp;los drones son aquellos que van con el mando a distancia y son capaces de que todos esos agentes educadores que tambi\u00e9n, aparte del padre y madre, que tiene cualquier ni\u00f1o, como por ejemplo profesor, los canguros, los abuelos y las abuelas, [&#8230;]\u201d<\/p>\n\n\n\n<p>Publicaci\u00f3n recomendada: <a href=\"https:\/\/webdelmaestrocmf.com\/portal\/padres-drones-controlar-los-hijos-desde-la-distancia\/\">Padres drones \/ helic\u00f3ptero: controlar los hijos desde la distancia<\/a><\/p>\n\n\n\n<h3 class=\"wp-block-heading\"><strong>MARTA TAMAYO: &#8230; <\/strong><strong>\u00bfQu\u00e9 cambios has notado t\u00fa y qu\u00e9 consejos podr\u00edas darnos para poder afrontar esta educaci\u00f3n?<\/strong><\/h3>\n\n\n\n<p><strong>CRISTINA GUTI\u00c9RREZ:<\/strong> \u201cAhora <strong>hay una nueva generaci\u00f3n que hemos bautiz<\/strong>ado en La Granja, porque cada vez encontramos m\u00e1s, es <strong>la generaci\u00f3n<\/strong> <strong>\u201cYo, yo, ya, ya\u201d<\/strong>. \u201cYo, yo\u201d, yo primero, antes que nadie y \u201cYa, ya\u201d, no soporto esperar. El \u201cYa, ya\u201d me conecta directamente con la impaciencia. \u00bfSabes cu\u00e1l es la habilidad principal para tolerar la frustraci\u00f3n? La paciencia. \u00bfCu\u00e1ndo la entrenamos? \u00bfCon el WhatsApp la entrenamos? \u00bfQu\u00e9 entreno, la impaciencia o la paciencia? [&#8230;] cuando entreno la impaciencia no puedo tolerar la frustraci\u00f3n. <strong>Cuando tengo paciencia, puedo tolerar la frustraci\u00f3n.<\/strong> Y eso es el \u201cYa, ya\u201d, eso est\u00e1 pasando ya, como generaci\u00f3n. Y luego est\u00e1 el \u201cYo, yo\u201d, el: \u201cYo primero y antes que nadie\u201d. Es el ego\u00edsmo. [&#8230;]&nbsp;<strong>confundimos la alegr\u00eda con felicidad<\/strong>. La alegr\u00eda es una emoci\u00f3n que, adem\u00e1s, viene r\u00e1pida y es algo moment\u00e1neo. La felicidad es un trabajo personal, es conocerte, saber qui\u00e9n eres, est\u00e1 relacionado con la sana autoestima, [&#8230;]&nbsp;es muy importante es que nos conozcamos. [&#8230;]\u201d.<\/p>\n\n\n\n<p>Art\u00edculo relacionado: <a href=\"https:\/\/webdelmaestrocmf.com\/portal\/educar-requiere-maximo-paciencia-empatia-creatividad\/\">Educar requiere un m\u00e1ximo de paciencia, empat\u00eda, creatividad y amor por lo que haces<\/a><\/p>\n\n\n\n<h3 class=\"wp-block-heading\"><strong>MARTA TAMAYO: &#8230; creo que hay otro tipo de emociones que tambi\u00e9n tenemos que validar, no solamente el estar alegre.<\/strong><\/h3>\n\n\n\n<p><strong>CRISTINA GUTI\u00c9RREZ:<\/strong> \u201c[&#8230;] confundimos la alegr\u00eda con tener que estar siempre bien. [&#8230;] \u201cLe dar\u00e9 semillas de alegr\u00eda\u201d, es <strong>una actividad que hacemos en la granja en la que nos vamos al bosque<\/strong>. Entonces hay un personaje, un hada, que tiene muchos saquitos de emociones. Hay pesimismo, hay enfado, hay rabia, hay tristeza, hay abrazos, hay sonrisas, hay un mont\u00f3n. Entonces, cada ni\u00f1o ha conseguido unas <strong>piedras m\u00e1gicas<\/strong> a trav\u00e9s de las actividades y escoge aquellas, compra, digamos, aquellas semillas que m\u00e1s necesita, que siente que m\u00e1s necesita en su vida. Ah\u00ed es cuando <strong>estamos trabajando la conciencia emocional<\/strong> a trav\u00e9s del juego. [&#8230;] hay que validar todas las emociones que sentimos, porque el tema de disimularlas, de tener que estar siempre guapos, perfectos y fant\u00e1sticos, sobre todo hoy en d\u00eda con fotos, Instagram y todo eso\u2026 Es un peligro, es un arma de doble filo, [&#8230;] Creo que debemos, <strong>podemos ser valientes<\/strong>, podemos ser valientes por ellos, para poder ser eso que queremos. Invito a que, en esta \u00e9poca de tanta sobreprotecci\u00f3n, de WhatsApp y de todo esto que est\u00e1 pasando, que seamos de esas madres, esos padres que coloreamos salt\u00e1ndonos las rayas. <strong>Seamos valientes, atrev\u00e1monos a so\u00f1ar,<\/strong> porque creo que un mundo mejor se lo merecen nuestros ni\u00f1os y que un mundo de valientes es un mundo con autoestima. [&#8230;]\u201d.<\/p>\n\n\n\n<h3 class=\"wp-block-heading\"><strong>MARTA TAMAYO: Que no nos d\u00e9 miedo lo que piensen los dem\u00e1s de nosotros.<\/strong><\/h3>\n\n\n\n<p><strong>CRISTINA GUTI\u00c9RREZ:<\/strong> \u201cQue piensen lo que quieran, t\u00fa a lo tuyo. Y <strong>si tus hijos sonr\u00eden<\/strong> y lo que haces les funciona, tira para adelante\u201d.<strong>\u00a0<\/strong><\/p>\n\n\n\n<p>Art\u00edculo recomendado: <a href=\"https:\/\/webdelmaestrocmf.com\/portal\/loris-malaguzzi-el-profesor-debe-renunciar-a-todas-sus-ideas-preconcebidas-y-aceptar-al-nino-como-un-co-constructor\/\">Loris Malaguzzi: El profesor debe renunciar a todas sus ideas preconcebidas y aceptar al ni\u00f1o como un co-constructor<\/a><\/p>\n\n\n\n<p>La transcripci\u00f3n completa de este conversatorio lo puede Usted leer aqu\u00ed<strong>:<\/strong> <a href=\"https:\/\/aprendemosjuntos.elpais.com\/especial\/el-sindrome-de-la-familia-perfecta-cristina-gutierrez-leston\/\" target=\"_blank\" rel=\"noopener\"><strong>EL S\u00cdNDROME DE LA FAMILIA PERFECTA<\/strong><\/a><\/p>\n\n\n\n<p>Esta publicaci\u00f3n corresponde a<a href=\"http:\/\/webdelmaestrocmf.com\/portal\/serie-de-videos-aprendamos-juntos-para-sumar-por-la-educacion\/\" target=\"_blank\" rel=\"noopener\"><strong> SERIE DE VIDEOS: APRENDAMOS JUNTOS, PARA SUMAR POR LA EDUCACI\u00d3N<\/strong><\/a><\/p>\n\n\n\n<p class=\"has-text-align-center\">\u201cSomos animales creados para vivir en manada, y si esa manada se ha transformado, si la tribu ya no educa y adem\u00e1s estamos todos muy ocupados con nuestras cosas, los ni\u00f1os se quedan solos\u201d. (Gestionando Hijos)<\/p>\n\n\n\n<p class=\"has-text-align-right\">REDACCI\u00d3N WEB DEL MAESTRO CMF<\/p>\n\n\n\t\t<div class=\"pk-inline-posts\">\n\t\t\t\n\t\t\t<div class=\"pk-inline-posts-container pk-inline-posts-template-list\"\n\t\t\t\tdata-columns=\"1\">\n\t\t\t\t\t\t<article id=\"post-95717\" class=\"post-95717 post type-post status-publish format-video has-post-thumbnail category-charlas tag-aprendamos-juntos tag-aprendemos-juntos-2030 tag-aprender tag-aprendizaje tag-bbva tag-calificacion-por-notas tag-cerebro tag-compresion tag-descanso tag-dislexia tag-dormir tag-entrevista tag-error tag-escritura tag-fonologia tag-lectura tag-lenguaje-oral tag-matematica tag-memoria tag-neurociencia tag-neurona tag-para-sumar-por-la-educacion tag-pensamiento tag-sinapsis tag-stanislas-dehaene tag-sueno tag-tecnologia tag-videos post_format-post-format-video cs-entry cs-video-wrap\">\n\t\t\t<div class=\"pk-post-outer\">\n\n\t\t\t\t\t\t\t\t<div class=\"pk-post-inner\">\n\t\t\t\t\t<div class=\"entry-thumbnail\">\n\t\t\t\t\t\t<div class=\"pk-overlay pk-overlay-ratio pk-ratio-landscape\">\n\t\t\t\t\t\t\t<div class=\"pk-overlay-background\">\n\t\t\t\t\t\t\t\t<a href=\"https:\/\/webdelmaestrocmf.com\/portal\/stanislas-dehaene-el-mayor-talento-de-un-profesor-es-ser-capaz-de-dirigir-la-atencion-del-alumno-hacia-el-nivel-correcto\/\" class=\"pk-overlay-link\">\n\t\t\t\t\t\t\t\t\t<img loading=\"lazy\" decoding=\"async\" width=\"300\" height=\"225\" src=\"https:\/\/webdelmaestrocmf.com\/portal\/wp-content\/uploads\/2024\/02\/1AA-Banner-1-portada-imagen-10-1-copia-300x225.webp\" class=\"attachment-pk-thumbnail size-pk-thumbnail wp-post-image\" alt=\"\" \/>\t\t\t\t\t\t\t\t<\/a>\n\t\t\t\t\t\t\t<\/div>\n\t\t\t\t\t\t<\/div>\n\t\t\t\t\t<\/div>\n\t\t\t\t<\/div>\n\t\t\t\t\n\t\t\t\t<div class=\"pk-post-inner\">\n\t\t\t\t\t<header>\n\t\t\t\t\t\t<h3 class=\"pk-title\"><a href=\"https:\/\/webdelmaestrocmf.com\/portal\/stanislas-dehaene-el-mayor-talento-de-un-profesor-es-ser-capaz-de-dirigir-la-atencion-del-alumno-hacia-el-nivel-correcto\/\" rel=\"bookmark\">Stanislas Dehaene: El mayor talento de un profesor es ser capaz de dirigir la atenci\u00f3n del alumno, hacia el nivel correcto<\/a><\/h3>\t\t\t\t\t<\/header><!-- .entry-header -->\n\t\t\t\t<\/div><!-- .post-inner -->\n\n\t\t\t<\/div><!-- .post-outer -->\n\t\t<\/article>\n\t\t\t<article id=\"post-98898\" class=\"post-98898 post type-post status-publish format-video has-post-thumbnail category-charlas tag-duermen-poco tag-estudiantes tag-estudiantes-que-duermen-poco tag-javier-albares tag-problemas-escolares post_format-post-format-video cs-entry cs-video-wrap\">\n\t\t\t<div class=\"pk-post-outer\">\n\n\t\t\t\t\t\t\t\t<div class=\"pk-post-inner\">\n\t\t\t\t\t<div class=\"entry-thumbnail\">\n\t\t\t\t\t\t<div class=\"pk-overlay pk-overlay-ratio pk-ratio-landscape\">\n\t\t\t\t\t\t\t<div class=\"pk-overlay-background\">\n\t\t\t\t\t\t\t\t<a href=\"https:\/\/webdelmaestrocmf.com\/portal\/javier-albares-los-estudiantes-que-duermen-poco-tienen-muchisimos-mas-problemas-escolares\/\" class=\"pk-overlay-link\">\n\t\t\t\t\t\t\t\t\t<img loading=\"lazy\" decoding=\"async\" width=\"300\" height=\"225\" src=\"https:\/\/webdelmaestrocmf.com\/portal\/wp-content\/uploads\/2023\/10\/A12B3C4D-4-2-300x225.jpg\" class=\"attachment-pk-thumbnail size-pk-thumbnail wp-post-image\" alt=\"Javier Albares\" \/>\t\t\t\t\t\t\t\t<\/a>\n\t\t\t\t\t\t\t<\/div>\n\t\t\t\t\t\t<\/div>\n\t\t\t\t\t<\/div>\n\t\t\t\t<\/div>\n\t\t\t\t\n\t\t\t\t<div class=\"pk-post-inner\">\n\t\t\t\t\t<header>\n\t\t\t\t\t\t<h3 class=\"pk-title\"><a href=\"https:\/\/webdelmaestrocmf.com\/portal\/javier-albares-los-estudiantes-que-duermen-poco-tienen-muchisimos-mas-problemas-escolares\/\" rel=\"bookmark\">Javier Albares: Los estudiantes que duermen poco, tienen much\u00edsimos m\u00e1s problemas escolares<\/a><\/h3>\t\t\t\t\t<\/header><!-- .entry-header -->\n\t\t\t\t<\/div><!-- .post-inner -->\n\n\t\t\t<\/div><!-- .post-outer -->\n\t\t<\/article>\n\t\t\t<article id=\"post-77345\" class=\"post-77345 post type-post status-publish format-video has-post-thumbnail category-charlas tag-amor tag-antonio-rios-sarrio tag-autoridad tag-hijo post_format-post-format-video cs-entry cs-video-wrap\">\n\t\t\t<div class=\"pk-post-outer\">\n\n\t\t\t\t\t\t\t\t<div class=\"pk-post-inner\">\n\t\t\t\t\t<div class=\"entry-thumbnail\">\n\t\t\t\t\t\t<div class=\"pk-overlay pk-overlay-ratio pk-ratio-landscape\">\n\t\t\t\t\t\t\t<div class=\"pk-overlay-background\">\n\t\t\t\t\t\t\t\t<a href=\"https:\/\/webdelmaestrocmf.com\/portal\/mucho-amor-eso-no-puede-faltar-nunca-en-la-vida-de-un-hijo-y-mucha-autoridad\/\" class=\"pk-overlay-link\">\n\t\t\t\t\t\t\t\t\t<img loading=\"lazy\" decoding=\"async\" width=\"300\" height=\"225\" src=\"https:\/\/webdelmaestrocmf.com\/portal\/wp-content\/uploads\/2025\/06\/1AA-Banner-1-portada-imagen-10-1-copia-5-300x225.webp\" class=\"attachment-pk-thumbnail size-pk-thumbnail wp-post-image\" alt=\"\" \/>\t\t\t\t\t\t\t\t<\/a>\n\t\t\t\t\t\t\t<\/div>\n\t\t\t\t\t\t<\/div>\n\t\t\t\t\t<\/div>\n\t\t\t\t<\/div>\n\t\t\t\t\n\t\t\t\t<div class=\"pk-post-inner\">\n\t\t\t\t\t<header>\n\t\t\t\t\t\t<h3 class=\"pk-title\"><a href=\"https:\/\/webdelmaestrocmf.com\/portal\/mucho-amor-eso-no-puede-faltar-nunca-en-la-vida-de-un-hijo-y-mucha-autoridad\/\" rel=\"bookmark\">Antonio R\u00edos: Mucho amor, eso no puede faltar nunca en la vida de un hijo, y mucha autoridad<\/a><\/h3>\t\t\t\t\t<\/header><!-- .entry-header -->\n\t\t\t\t<\/div><!-- .post-inner -->\n\n\t\t\t<\/div><!-- .post-outer -->\n\t\t<\/article>\n\t\t\t\t<\/div>\n\t\t<\/div>\n\t\t\n","protected":false},"excerpt":{"rendered":"Detr\u00e1s de ambos estilos hay un mismo problema: el miedo.","protected":false},"author":1,"featured_media":112509,"comment_status":"open","ping_status":"closed","sticky":false,"template":"","format":"video","meta":{"csco_display_header_overlay":false,"csco_singular_sidebar":"disabled","csco_page_header_type":"standard","csco_page_load_nextpost":"default","csco_post_video_location":[],"csco_post_video_location_hash":"","csco_post_video_url":"","csco_post_video_bg_start_time":0,"csco_post_video_bg_end_time":0,"csco_post_video_bg_volume":false,"_jetpack_memberships_contains_paid_content":false,"footnotes":""},"categories":[3453],"tags":[3471,3455,3465,3459,6571,55,305,399,682,2345,3456,1466,3203,5079,1084,1971,3462,1365,2773],"class_list":{"0":"post-59518","1":"post","2":"type-post","3":"status-publish","4":"format-video","5":"has-post-thumbnail","7":"category-charlas","8":"tag-ansiedad","9":"tag-aprendamos","10":"tag-aprendemos","11":"tag-bbva","12":"tag-cristina-gutierrez","13":"tag-educacion","14":"tag-educacion-emocional","15":"tag-emocional","16":"tag-estres","17":"tag-frustracion","18":"tag-juntos","19":"tag-miedo","20":"tag-paciencia","21":"tag-proteccion","22":"tag-resiliencia","23":"tag-sobreproteccion","24":"tag-sumar","25":"tag-valentia","26":"tag-videos","27":"post_format-post-format-video","28":"cs-entry","29":"cs-video-wrap"},"yoast_head":"<!-- This site is optimized with the Yoast SEO plugin v27.5 - https:\/\/yoast.com\/product\/yoast-seo-wordpress\/ -->\n<title>Cristina Guti\u00e9rrez: Los padres helic\u00f3pteros dicen a una profesora d\u00f3nde se ha de sentar su hijo en clase y los padres drones van con el mando a distancia - 2026<\/title>\n<meta name=\"description\" content=\"La profesora espa\u00f1ola Cristina Guti\u00e9rrez Lest\u00f3n es educadora emocional con experiencia de m\u00e1s de 33 a\u00f1os trababjando con...\" \/>\n<meta name=\"robots\" content=\"index, follow, max-snippet:-1, max-image-preview:large, max-video-preview:-1\" \/>\n<link rel=\"canonical\" href=\"https:\/\/webdelmaestrocmf.com\/portal\/los-padres-helicopteros-dicen-a-una-profesora-donde-se-ha-de-sentar-su-hijo-en-clase-y-los-padres-drones-van-con-el-mando-a-distancia\/\" \/>\n<meta property=\"og:locale\" content=\"es_ES\" \/>\n<meta property=\"og:type\" content=\"article\" \/>\n<meta property=\"og:title\" content=\"Cristina Guti\u00e9rrez: Los padres helic\u00f3pteros dicen a una profesora d\u00f3nde se ha de sentar su hijo en clase y los padres drones van con el mando a distancia - 2026\" \/>\n<meta property=\"og:description\" content=\"La profesora espa\u00f1ola Cristina Guti\u00e9rrez Lest\u00f3n es educadora emocional con experiencia de m\u00e1s de 33 a\u00f1os trababjando con...\" \/>\n<meta property=\"og:url\" content=\"https:\/\/webdelmaestrocmf.com\/portal\/los-padres-helicopteros-dicen-a-una-profesora-donde-se-ha-de-sentar-su-hijo-en-clase-y-los-padres-drones-van-con-el-mando-a-distancia\/\" \/>\n<meta property=\"og:site_name\" content=\"Web del Maestro CMF\" \/>\n<meta property=\"article:publisher\" content=\"https:\/\/www.facebook.com\/WebdelMaestroCMF\/\" \/>\n<meta property=\"article:author\" content=\"https:\/\/www.facebook.com\/WebdelMaestroCMF\/\" \/>\n<meta property=\"article:published_time\" content=\"2025-10-08T13:54:00+00:00\" \/>\n<meta property=\"article:modified_time\" content=\"2025-10-08T20:16:01+00:00\" \/>\n<meta property=\"og:image\" content=\"https:\/\/webdelmaestrocmf.com\/portal\/wp-content\/uploads\/2021\/02\/1A-Banner-1-portada-imagen-10-1-copia.jpg\" \/>\n\t<meta property=\"og:image:width\" content=\"1003\" \/>\n\t<meta property=\"og:image:height\" content=\"667\" \/>\n\t<meta property=\"og:image:type\" content=\"image\/jpeg\" \/>\n<meta name=\"author\" content=\"Web del Maestro CMF\" \/>\n<meta name=\"twitter:card\" content=\"summary_large_image\" \/>\n<meta name=\"twitter:creator\" content=\"@cmf_w\" \/>\n<meta name=\"twitter:site\" content=\"@cmf_w\" \/>\n<script type=\"application\/ld+json\" class=\"yoast-schema-graph\">{\"@context\":\"https:\\\/\\\/schema.org\",\"@graph\":[{\"@type\":\"ScholarlyArticle\",\"@id\":\"https:\\\/\\\/webdelmaestrocmf.com\\\/portal\\\/los-padres-helicopteros-dicen-a-una-profesora-donde-se-ha-de-sentar-su-hijo-en-clase-y-los-padres-drones-van-con-el-mando-a-distancia\\\/#article\",\"isPartOf\":{\"@id\":\"https:\\\/\\\/webdelmaestrocmf.com\\\/portal\\\/los-padres-helicopteros-dicen-a-una-profesora-donde-se-ha-de-sentar-su-hijo-en-clase-y-los-padres-drones-van-con-el-mando-a-distancia\\\/\"},\"author\":{\"name\":\"Web del Maestro CMF\",\"@id\":\"https:\\\/\\\/webdelmaestrocmf.com\\\/portal\\\/#\\\/schema\\\/person\\\/1072a2ed7bd960df8ef99a551fa35dc5\"},\"headline\":\"Cristina Guti\u00e9rrez: Los padres helic\u00f3pteros dicen a una profesora d\u00f3nde se ha de sentar su hijo en clase y los padres drones van con el mando a distancia\",\"datePublished\":\"2025-10-08T13:54:00+00:00\",\"dateModified\":\"2025-10-08T20:16:01+00:00\",\"mainEntityOfPage\":{\"@id\":\"https:\\\/\\\/webdelmaestrocmf.com\\\/portal\\\/los-padres-helicopteros-dicen-a-una-profesora-donde-se-ha-de-sentar-su-hijo-en-clase-y-los-padres-drones-van-con-el-mando-a-distancia\\\/\"},\"wordCount\":1720,\"commentCount\":1,\"publisher\":{\"@id\":\"https:\\\/\\\/webdelmaestrocmf.com\\\/portal\\\/#organization\"},\"image\":{\"@id\":\"https:\\\/\\\/webdelmaestrocmf.com\\\/portal\\\/los-padres-helicopteros-dicen-a-una-profesora-donde-se-ha-de-sentar-su-hijo-en-clase-y-los-padres-drones-van-con-el-mando-a-distancia\\\/#primaryimage\"},\"thumbnailUrl\":\"https:\\\/\\\/webdelmaestrocmf.com\\\/portal\\\/wp-content\\\/uploads\\\/2021\\\/02\\\/1A-Banner-1-portada-imagen-10-1-copia.jpg\",\"keywords\":[\"ANSIEDAD\",\"APRENDAMOS\",\"APRENDEMOS\",\"BBVA\",\"CRISTINA GUTI\u00c9RREZ\",\"EDUCACI\u00d3N\",\"EDUCACI\u00d3N EMOCIONAL\",\"EMOCIONAL\",\"ESTR\u00c9S\",\"FRUSTRACI\u00d3N\",\"JUNTOS\",\"MIEDO\",\"PACIENCIA\",\"protecci\u00f3n\",\"resiliencia\",\"SOBREPROTECCI\u00d3N\",\"SUMAR\",\"valent\u00eda\",\"VIDEOS\"],\"articleSection\":[\"Charlas\"],\"inLanguage\":\"es\",\"potentialAction\":[{\"@type\":\"CommentAction\",\"name\":\"Comment\",\"target\":[\"https:\\\/\\\/webdelmaestrocmf.com\\\/portal\\\/los-padres-helicopteros-dicen-a-una-profesora-donde-se-ha-de-sentar-su-hijo-en-clase-y-los-padres-drones-van-con-el-mando-a-distancia\\\/#respond\"]}]},{\"@type\":\"WebPage\",\"@id\":\"https:\\\/\\\/webdelmaestrocmf.com\\\/portal\\\/los-padres-helicopteros-dicen-a-una-profesora-donde-se-ha-de-sentar-su-hijo-en-clase-y-los-padres-drones-van-con-el-mando-a-distancia\\\/\",\"url\":\"https:\\\/\\\/webdelmaestrocmf.com\\\/portal\\\/los-padres-helicopteros-dicen-a-una-profesora-donde-se-ha-de-sentar-su-hijo-en-clase-y-los-padres-drones-van-con-el-mando-a-distancia\\\/\",\"name\":\"Cristina Guti\u00e9rrez: Los padres helic\u00f3pteros dicen a una profesora d\u00f3nde se ha de sentar su hijo en clase y los padres drones van con el mando a distancia - 2026\",\"isPartOf\":{\"@id\":\"https:\\\/\\\/webdelmaestrocmf.com\\\/portal\\\/#website\"},\"primaryImageOfPage\":{\"@id\":\"https:\\\/\\\/webdelmaestrocmf.com\\\/portal\\\/los-padres-helicopteros-dicen-a-una-profesora-donde-se-ha-de-sentar-su-hijo-en-clase-y-los-padres-drones-van-con-el-mando-a-distancia\\\/#primaryimage\"},\"image\":{\"@id\":\"https:\\\/\\\/webdelmaestrocmf.com\\\/portal\\\/los-padres-helicopteros-dicen-a-una-profesora-donde-se-ha-de-sentar-su-hijo-en-clase-y-los-padres-drones-van-con-el-mando-a-distancia\\\/#primaryimage\"},\"thumbnailUrl\":\"https:\\\/\\\/webdelmaestrocmf.com\\\/portal\\\/wp-content\\\/uploads\\\/2021\\\/02\\\/1A-Banner-1-portada-imagen-10-1-copia.jpg\",\"datePublished\":\"2025-10-08T13:54:00+00:00\",\"dateModified\":\"2025-10-08T20:16:01+00:00\",\"description\":\"La profesora espa\u00f1ola Cristina Guti\u00e9rrez Lest\u00f3n es educadora emocional con experiencia de m\u00e1s de 33 a\u00f1os trababjando con...\",\"breadcrumb\":{\"@id\":\"https:\\\/\\\/webdelmaestrocmf.com\\\/portal\\\/los-padres-helicopteros-dicen-a-una-profesora-donde-se-ha-de-sentar-su-hijo-en-clase-y-los-padres-drones-van-con-el-mando-a-distancia\\\/#breadcrumb\"},\"inLanguage\":\"es\",\"potentialAction\":[{\"@type\":\"ReadAction\",\"target\":[\"https:\\\/\\\/webdelmaestrocmf.com\\\/portal\\\/los-padres-helicopteros-dicen-a-una-profesora-donde-se-ha-de-sentar-su-hijo-en-clase-y-los-padres-drones-van-con-el-mando-a-distancia\\\/\"]}]},{\"@type\":\"ImageObject\",\"inLanguage\":\"es\",\"@id\":\"https:\\\/\\\/webdelmaestrocmf.com\\\/portal\\\/los-padres-helicopteros-dicen-a-una-profesora-donde-se-ha-de-sentar-su-hijo-en-clase-y-los-padres-drones-van-con-el-mando-a-distancia\\\/#primaryimage\",\"url\":\"https:\\\/\\\/webdelmaestrocmf.com\\\/portal\\\/wp-content\\\/uploads\\\/2021\\\/02\\\/1A-Banner-1-portada-imagen-10-1-copia.jpg\",\"contentUrl\":\"https:\\\/\\\/webdelmaestrocmf.com\\\/portal\\\/wp-content\\\/uploads\\\/2021\\\/02\\\/1A-Banner-1-portada-imagen-10-1-copia.jpg\",\"width\":1003,\"height\":667},{\"@type\":\"BreadcrumbList\",\"@id\":\"https:\\\/\\\/webdelmaestrocmf.com\\\/portal\\\/los-padres-helicopteros-dicen-a-una-profesora-donde-se-ha-de-sentar-su-hijo-en-clase-y-los-padres-drones-van-con-el-mando-a-distancia\\\/#breadcrumb\",\"itemListElement\":[{\"@type\":\"ListItem\",\"position\":1,\"name\":\"Portada\",\"item\":\"https:\\\/\\\/webdelmaestrocmf.com\\\/portal\\\/\"},{\"@type\":\"ListItem\",\"position\":2,\"name\":\"Charlas\",\"item\":\"https:\\\/\\\/webdelmaestrocmf.com\\\/portal\\\/category\\\/charlas\\\/\"},{\"@type\":\"ListItem\",\"position\":3,\"name\":\"Cristina Guti\u00e9rrez: Los padres helic\u00f3pteros dicen a una profesora d\u00f3nde se ha de sentar su hijo en clase y los padres drones van con el mando a distancia\"}]},{\"@type\":\"WebSite\",\"@id\":\"https:\\\/\\\/webdelmaestrocmf.com\\\/portal\\\/#website\",\"url\":\"https:\\\/\\\/webdelmaestrocmf.com\\\/portal\\\/\",\"name\":\"Web del Maestro CMF\",\"description\":\"Maestros al servicio de la educaci\u00f3n\",\"publisher\":{\"@id\":\"https:\\\/\\\/webdelmaestrocmf.com\\\/portal\\\/#organization\"},\"alternateName\":\"WMCMF\",\"potentialAction\":[{\"@type\":\"SearchAction\",\"target\":{\"@type\":\"EntryPoint\",\"urlTemplate\":\"https:\\\/\\\/webdelmaestrocmf.com\\\/portal\\\/?s={search_term_string}\"},\"query-input\":{\"@type\":\"PropertyValueSpecification\",\"valueRequired\":true,\"valueName\":\"search_term_string\"}}],\"inLanguage\":\"es\"},{\"@type\":\"Organization\",\"@id\":\"https:\\\/\\\/webdelmaestrocmf.com\\\/portal\\\/#organization\",\"name\":\"Web del Maestro CMF\",\"alternateName\":\"WMCMF\",\"url\":\"https:\\\/\\\/webdelmaestrocmf.com\\\/portal\\\/\",\"logo\":{\"@type\":\"ImageObject\",\"inLanguage\":\"es\",\"@id\":\"https:\\\/\\\/webdelmaestrocmf.com\\\/portal\\\/#\\\/schema\\\/logo\\\/image\\\/\",\"url\":\"https:\\\/\\\/webdelmaestrocmf.com\\\/portal\\\/wp-content\\\/uploads\\\/2023\\\/01\\\/logo-wmcmf-2.png\",\"contentUrl\":\"https:\\\/\\\/webdelmaestrocmf.com\\\/portal\\\/wp-content\\\/uploads\\\/2023\\\/01\\\/logo-wmcmf-2.png\",\"width\":200,\"height\":60,\"caption\":\"Web del Maestro CMF\"},\"image\":{\"@id\":\"https:\\\/\\\/webdelmaestrocmf.com\\\/portal\\\/#\\\/schema\\\/logo\\\/image\\\/\"},\"sameAs\":[\"https:\\\/\\\/www.facebook.com\\\/WebdelMaestroCMF\\\/\",\"https:\\\/\\\/x.com\\\/cmf_w\",\"https:\\\/\\\/www.pinterest.com\\\/WMCMF\\\/\",\"https:\\\/\\\/www.linkedin.com\\\/company\\\/web-del-maestro-cmf\\\/\",\"https:\\\/\\\/www.instagram.com\\\/wmcmf\\\/\",\"https:\\\/\\\/www.youtube.com\\\/channel\\\/UCDPSvjbdodE5sHnC3OxutHw\",\"https:\\\/\\\/mastodon.social\\\/@wmcmf\",\"https:\\\/\\\/www.tiktok.com\\\/@webdelmaestrocmf\"]},{\"@type\":\"Person\",\"@id\":\"https:\\\/\\\/webdelmaestrocmf.com\\\/portal\\\/#\\\/schema\\\/person\\\/1072a2ed7bd960df8ef99a551fa35dc5\",\"name\":\"Web del Maestro CMF\",\"image\":{\"@type\":\"ImageObject\",\"inLanguage\":\"es\",\"@id\":\"https:\\\/\\\/secure.gravatar.com\\\/avatar\\\/23291dd5b5ae1077dcff3dbb04c3e02bd28403fa75af6d8787d5e97c5bbbe30b?s=96&d=mm&r=g\",\"url\":\"https:\\\/\\\/secure.gravatar.com\\\/avatar\\\/23291dd5b5ae1077dcff3dbb04c3e02bd28403fa75af6d8787d5e97c5bbbe30b?s=96&d=mm&r=g\",\"contentUrl\":\"https:\\\/\\\/secure.gravatar.com\\\/avatar\\\/23291dd5b5ae1077dcff3dbb04c3e02bd28403fa75af6d8787d5e97c5bbbe30b?s=96&d=mm&r=g\",\"caption\":\"Web del Maestro CMF\"},\"description\":\"Esta Web se cre\u00f3 sin fines de lucro, con fines educativos, cient\u00edficos y acad\u00e9micos, para personas que tengan dificultades y\\\/o inconvenientes en visualizar el material original. El objetivo es entregar recursos, compartir experiencias y materiales que ayuden a los padres de familia, maestros y estudiantes en su actualizaci\u00f3n y formaci\u00f3n permanente, en bien de la Educaci\u00f3n.\",\"sameAs\":[\"http:\\\/\\\/webdelmaestrocmf.com\\\/portal\",\"https:\\\/\\\/www.facebook.com\\\/WebdelMaestroCMF\\\/\",\"https:\\\/\\\/www.instagram.com\\\/wmcmf\\\/\",\"https:\\\/\\\/cl.linkedin.com\\\/company\\\/web-del-maestro-cmf\",\"https:\\\/\\\/www.pinterest.com\\\/WMCMF\\\/publicaciones\\\/\",\"https:\\\/\\\/x.com\\\/cmf_w\",\"https:\\\/\\\/www.youtube.com\\\/@WMCMF\"]}]}<\/script>\n<!-- \/ Yoast SEO plugin. -->","yoast_head_json":{"title":"Cristina Guti\u00e9rrez: Los padres helic\u00f3pteros dicen a una profesora d\u00f3nde se ha de sentar su hijo en clase y los padres drones van con el mando a distancia - 2026","description":"La profesora espa\u00f1ola Cristina Guti\u00e9rrez Lest\u00f3n es educadora emocional con experiencia de m\u00e1s de 33 a\u00f1os trababjando con...","robots":{"index":"index","follow":"follow","max-snippet":"max-snippet:-1","max-image-preview":"max-image-preview:large","max-video-preview":"max-video-preview:-1"},"canonical":"https:\/\/webdelmaestrocmf.com\/portal\/los-padres-helicopteros-dicen-a-una-profesora-donde-se-ha-de-sentar-su-hijo-en-clase-y-los-padres-drones-van-con-el-mando-a-distancia\/","og_locale":"es_ES","og_type":"article","og_title":"Cristina Guti\u00e9rrez: Los padres helic\u00f3pteros dicen a una profesora d\u00f3nde se ha de sentar su hijo en clase y los padres drones van con el mando a distancia - 2026","og_description":"La profesora espa\u00f1ola Cristina Guti\u00e9rrez Lest\u00f3n es educadora emocional con experiencia de m\u00e1s de 33 a\u00f1os trababjando con...","og_url":"https:\/\/webdelmaestrocmf.com\/portal\/los-padres-helicopteros-dicen-a-una-profesora-donde-se-ha-de-sentar-su-hijo-en-clase-y-los-padres-drones-van-con-el-mando-a-distancia\/","og_site_name":"Web del Maestro CMF","article_publisher":"https:\/\/www.facebook.com\/WebdelMaestroCMF\/","article_author":"https:\/\/www.facebook.com\/WebdelMaestroCMF\/","article_published_time":"2025-10-08T13:54:00+00:00","article_modified_time":"2025-10-08T20:16:01+00:00","og_image":[{"width":1003,"height":667,"url":"https:\/\/webdelmaestrocmf.com\/portal\/wp-content\/uploads\/2021\/02\/1A-Banner-1-portada-imagen-10-1-copia.jpg","type":"image\/jpeg"}],"author":"Web del Maestro CMF","twitter_card":"summary_large_image","twitter_creator":"@cmf_w","twitter_site":"@cmf_w","schema":{"@context":"https:\/\/schema.org","@graph":[{"@type":"ScholarlyArticle","@id":"https:\/\/webdelmaestrocmf.com\/portal\/los-padres-helicopteros-dicen-a-una-profesora-donde-se-ha-de-sentar-su-hijo-en-clase-y-los-padres-drones-van-con-el-mando-a-distancia\/#article","isPartOf":{"@id":"https:\/\/webdelmaestrocmf.com\/portal\/los-padres-helicopteros-dicen-a-una-profesora-donde-se-ha-de-sentar-su-hijo-en-clase-y-los-padres-drones-van-con-el-mando-a-distancia\/"},"author":{"name":"Web del Maestro CMF","@id":"https:\/\/webdelmaestrocmf.com\/portal\/#\/schema\/person\/1072a2ed7bd960df8ef99a551fa35dc5"},"headline":"Cristina Guti\u00e9rrez: Los padres helic\u00f3pteros dicen a una profesora d\u00f3nde se ha de sentar su hijo en clase y los padres drones van con el mando a distancia","datePublished":"2025-10-08T13:54:00+00:00","dateModified":"2025-10-08T20:16:01+00:00","mainEntityOfPage":{"@id":"https:\/\/webdelmaestrocmf.com\/portal\/los-padres-helicopteros-dicen-a-una-profesora-donde-se-ha-de-sentar-su-hijo-en-clase-y-los-padres-drones-van-con-el-mando-a-distancia\/"},"wordCount":1720,"commentCount":1,"publisher":{"@id":"https:\/\/webdelmaestrocmf.com\/portal\/#organization"},"image":{"@id":"https:\/\/webdelmaestrocmf.com\/portal\/los-padres-helicopteros-dicen-a-una-profesora-donde-se-ha-de-sentar-su-hijo-en-clase-y-los-padres-drones-van-con-el-mando-a-distancia\/#primaryimage"},"thumbnailUrl":"https:\/\/webdelmaestrocmf.com\/portal\/wp-content\/uploads\/2021\/02\/1A-Banner-1-portada-imagen-10-1-copia.jpg","keywords":["ANSIEDAD","APRENDAMOS","APRENDEMOS","BBVA","CRISTINA GUTI\u00c9RREZ","EDUCACI\u00d3N","EDUCACI\u00d3N EMOCIONAL","EMOCIONAL","ESTR\u00c9S","FRUSTRACI\u00d3N","JUNTOS","MIEDO","PACIENCIA","protecci\u00f3n","resiliencia","SOBREPROTECCI\u00d3N","SUMAR","valent\u00eda","VIDEOS"],"articleSection":["Charlas"],"inLanguage":"es","potentialAction":[{"@type":"CommentAction","name":"Comment","target":["https:\/\/webdelmaestrocmf.com\/portal\/los-padres-helicopteros-dicen-a-una-profesora-donde-se-ha-de-sentar-su-hijo-en-clase-y-los-padres-drones-van-con-el-mando-a-distancia\/#respond"]}]},{"@type":"WebPage","@id":"https:\/\/webdelmaestrocmf.com\/portal\/los-padres-helicopteros-dicen-a-una-profesora-donde-se-ha-de-sentar-su-hijo-en-clase-y-los-padres-drones-van-con-el-mando-a-distancia\/","url":"https:\/\/webdelmaestrocmf.com\/portal\/los-padres-helicopteros-dicen-a-una-profesora-donde-se-ha-de-sentar-su-hijo-en-clase-y-los-padres-drones-van-con-el-mando-a-distancia\/","name":"Cristina Guti\u00e9rrez: Los padres helic\u00f3pteros dicen a una profesora d\u00f3nde se ha de sentar su hijo en clase y los padres drones van con el mando a distancia - 2026","isPartOf":{"@id":"https:\/\/webdelmaestrocmf.com\/portal\/#website"},"primaryImageOfPage":{"@id":"https:\/\/webdelmaestrocmf.com\/portal\/los-padres-helicopteros-dicen-a-una-profesora-donde-se-ha-de-sentar-su-hijo-en-clase-y-los-padres-drones-van-con-el-mando-a-distancia\/#primaryimage"},"image":{"@id":"https:\/\/webdelmaestrocmf.com\/portal\/los-padres-helicopteros-dicen-a-una-profesora-donde-se-ha-de-sentar-su-hijo-en-clase-y-los-padres-drones-van-con-el-mando-a-distancia\/#primaryimage"},"thumbnailUrl":"https:\/\/webdelmaestrocmf.com\/portal\/wp-content\/uploads\/2021\/02\/1A-Banner-1-portada-imagen-10-1-copia.jpg","datePublished":"2025-10-08T13:54:00+00:00","dateModified":"2025-10-08T20:16:01+00:00","description":"La profesora espa\u00f1ola Cristina Guti\u00e9rrez Lest\u00f3n es educadora emocional con experiencia de m\u00e1s de 33 a\u00f1os trababjando con...","breadcrumb":{"@id":"https:\/\/webdelmaestrocmf.com\/portal\/los-padres-helicopteros-dicen-a-una-profesora-donde-se-ha-de-sentar-su-hijo-en-clase-y-los-padres-drones-van-con-el-mando-a-distancia\/#breadcrumb"},"inLanguage":"es","potentialAction":[{"@type":"ReadAction","target":["https:\/\/webdelmaestrocmf.com\/portal\/los-padres-helicopteros-dicen-a-una-profesora-donde-se-ha-de-sentar-su-hijo-en-clase-y-los-padres-drones-van-con-el-mando-a-distancia\/"]}]},{"@type":"ImageObject","inLanguage":"es","@id":"https:\/\/webdelmaestrocmf.com\/portal\/los-padres-helicopteros-dicen-a-una-profesora-donde-se-ha-de-sentar-su-hijo-en-clase-y-los-padres-drones-van-con-el-mando-a-distancia\/#primaryimage","url":"https:\/\/webdelmaestrocmf.com\/portal\/wp-content\/uploads\/2021\/02\/1A-Banner-1-portada-imagen-10-1-copia.jpg","contentUrl":"https:\/\/webdelmaestrocmf.com\/portal\/wp-content\/uploads\/2021\/02\/1A-Banner-1-portada-imagen-10-1-copia.jpg","width":1003,"height":667},{"@type":"BreadcrumbList","@id":"https:\/\/webdelmaestrocmf.com\/portal\/los-padres-helicopteros-dicen-a-una-profesora-donde-se-ha-de-sentar-su-hijo-en-clase-y-los-padres-drones-van-con-el-mando-a-distancia\/#breadcrumb","itemListElement":[{"@type":"ListItem","position":1,"name":"Portada","item":"https:\/\/webdelmaestrocmf.com\/portal\/"},{"@type":"ListItem","position":2,"name":"Charlas","item":"https:\/\/webdelmaestrocmf.com\/portal\/category\/charlas\/"},{"@type":"ListItem","position":3,"name":"Cristina Guti\u00e9rrez: Los padres helic\u00f3pteros dicen a una profesora d\u00f3nde se ha de sentar su hijo en clase y los padres drones van con el mando a distancia"}]},{"@type":"WebSite","@id":"https:\/\/webdelmaestrocmf.com\/portal\/#website","url":"https:\/\/webdelmaestrocmf.com\/portal\/","name":"Web del Maestro CMF","description":"Maestros al servicio de la educaci\u00f3n","publisher":{"@id":"https:\/\/webdelmaestrocmf.com\/portal\/#organization"},"alternateName":"WMCMF","potentialAction":[{"@type":"SearchAction","target":{"@type":"EntryPoint","urlTemplate":"https:\/\/webdelmaestrocmf.com\/portal\/?s={search_term_string}"},"query-input":{"@type":"PropertyValueSpecification","valueRequired":true,"valueName":"search_term_string"}}],"inLanguage":"es"},{"@type":"Organization","@id":"https:\/\/webdelmaestrocmf.com\/portal\/#organization","name":"Web del Maestro CMF","alternateName":"WMCMF","url":"https:\/\/webdelmaestrocmf.com\/portal\/","logo":{"@type":"ImageObject","inLanguage":"es","@id":"https:\/\/webdelmaestrocmf.com\/portal\/#\/schema\/logo\/image\/","url":"https:\/\/webdelmaestrocmf.com\/portal\/wp-content\/uploads\/2023\/01\/logo-wmcmf-2.png","contentUrl":"https:\/\/webdelmaestrocmf.com\/portal\/wp-content\/uploads\/2023\/01\/logo-wmcmf-2.png","width":200,"height":60,"caption":"Web del Maestro CMF"},"image":{"@id":"https:\/\/webdelmaestrocmf.com\/portal\/#\/schema\/logo\/image\/"},"sameAs":["https:\/\/www.facebook.com\/WebdelMaestroCMF\/","https:\/\/x.com\/cmf_w","https:\/\/www.pinterest.com\/WMCMF\/","https:\/\/www.linkedin.com\/company\/web-del-maestro-cmf\/","https:\/\/www.instagram.com\/wmcmf\/","https:\/\/www.youtube.com\/channel\/UCDPSvjbdodE5sHnC3OxutHw","https:\/\/mastodon.social\/@wmcmf","https:\/\/www.tiktok.com\/@webdelmaestrocmf"]},{"@type":"Person","@id":"https:\/\/webdelmaestrocmf.com\/portal\/#\/schema\/person\/1072a2ed7bd960df8ef99a551fa35dc5","name":"Web del Maestro CMF","image":{"@type":"ImageObject","inLanguage":"es","@id":"https:\/\/secure.gravatar.com\/avatar\/23291dd5b5ae1077dcff3dbb04c3e02bd28403fa75af6d8787d5e97c5bbbe30b?s=96&d=mm&r=g","url":"https:\/\/secure.gravatar.com\/avatar\/23291dd5b5ae1077dcff3dbb04c3e02bd28403fa75af6d8787d5e97c5bbbe30b?s=96&d=mm&r=g","contentUrl":"https:\/\/secure.gravatar.com\/avatar\/23291dd5b5ae1077dcff3dbb04c3e02bd28403fa75af6d8787d5e97c5bbbe30b?s=96&d=mm&r=g","caption":"Web del Maestro CMF"},"description":"Esta Web se cre\u00f3 sin fines de lucro, con fines educativos, cient\u00edficos y acad\u00e9micos, para personas que tengan dificultades y\/o inconvenientes en visualizar el material original. El objetivo es entregar recursos, compartir experiencias y materiales que ayuden a los padres de familia, maestros y estudiantes en su actualizaci\u00f3n y formaci\u00f3n permanente, en bien de la Educaci\u00f3n.","sameAs":["http:\/\/webdelmaestrocmf.com\/portal","https:\/\/www.facebook.com\/WebdelMaestroCMF\/","https:\/\/www.instagram.com\/wmcmf\/","https:\/\/cl.linkedin.com\/company\/web-del-maestro-cmf","https:\/\/www.pinterest.com\/WMCMF\/publicaciones\/","https:\/\/x.com\/cmf_w","https:\/\/www.youtube.com\/@WMCMF"]}]}},"jetpack_featured_media_url":"https:\/\/webdelmaestrocmf.com\/portal\/wp-content\/uploads\/2021\/02\/1A-Banner-1-portada-imagen-10-1-copia.jpg","jetpack_sharing_enabled":true,"jetpack-related-posts":[{"id":13999,"url":"https:\/\/webdelmaestrocmf.com\/portal\/padres-drones-controlar-los-hijos-desde-la-distancia\/","url_meta":{"origin":59518,"position":0},"title":"Padres drones \/ helic\u00f3ptero: controlar los hijos desde la distancia","author":"Web del Maestro CMF","date":"28 enero, 2017","format":false,"excerpt":"La comprobaci\u00f3n de los padres que vigilan en forma insistente, obsesiva, asfixiante,.. a sus hijos, ha llevado denominarlos \u201cpadres helic\u00f3pteros\u201d y ahora (para estar m\u00e1s a la modernidad) \u201cpadres drones\u201d para \u201crondarlos\u201d a distancia (en ingl\u00e9s se les llama \u201coverparenting o hiperparenting\u201d). La redacci\u00f3n de Temas&Noticias (ACEPRENSA), nos ofrece un\u2026","rel":"","context":"En \u00abBienestar Familiar\u00bb","block_context":{"text":"Bienestar Familiar","link":"https:\/\/webdelmaestrocmf.com\/portal\/category\/pedagogia\/bienestar-familiar\/"},"img":{"alt_text":"","src":"https:\/\/i0.wp.com\/webdelmaestrocmf.com\/portal\/wp-content\/uploads\/2017\/01\/1-copia.jpg?resize=350%2C200&ssl=1","width":350,"height":200,"srcset":"https:\/\/i0.wp.com\/webdelmaestrocmf.com\/portal\/wp-content\/uploads\/2017\/01\/1-copia.jpg?resize=350%2C200&ssl=1 1x, https:\/\/i0.wp.com\/webdelmaestrocmf.com\/portal\/wp-content\/uploads\/2017\/01\/1-copia.jpg?resize=525%2C300&ssl=1 1.5x, https:\/\/i0.wp.com\/webdelmaestrocmf.com\/portal\/wp-content\/uploads\/2017\/01\/1-copia.jpg?resize=700%2C400&ssl=1 2x, https:\/\/i0.wp.com\/webdelmaestrocmf.com\/portal\/wp-content\/uploads\/2017\/01\/1-copia.jpg?resize=1050%2C600&ssl=1 3x"},"classes":[]},{"id":38651,"url":"https:\/\/webdelmaestrocmf.com\/portal\/rafael-guerrero-los-educadores-sin-recursos-ni-estrategias-suficientes-en-educacion-emocional-son-analfabetos-emocionales\/","url_meta":{"origin":59518,"position":1},"title":"Rafael Guerrero: Los educadores sin recursos ni estrategias suficientes en educaci\u00f3n emocional, son \u00abanalfabetos emocionales\u00bb","author":"Web del Maestro CMF","date":"2 agosto, 2019","format":false,"excerpt":"El licenciado en Psicolog\u00eda Cl\u00ednica y de la Salud por la Universidad Complutense de Madrid (UCM) Rafael Guerrero Tom\u00e1s, de nacionalidad espa\u00f1ola, es tambi\u00e9n Doctor en Educaci\u00f3n, experto en trastornos del aprendizaje y problemas de conducta, y se ha desempe\u00f1ado como profesor y orientador escolar. Es autor de los libros:\u2026","rel":"","context":"En \u00abEntrevistas\u00bb","block_context":{"text":"Entrevistas","link":"https:\/\/webdelmaestrocmf.com\/portal\/category\/noticias\/entrevistas\/"},"img":{"alt_text":"","src":"https:\/\/i0.wp.com\/webdelmaestrocmf.com\/portal\/wp-content\/uploads\/2019\/08\/2.jpg?resize=350%2C200&ssl=1","width":350,"height":200,"srcset":"https:\/\/i0.wp.com\/webdelmaestrocmf.com\/portal\/wp-content\/uploads\/2019\/08\/2.jpg?resize=350%2C200&ssl=1 1x, https:\/\/i0.wp.com\/webdelmaestrocmf.com\/portal\/wp-content\/uploads\/2019\/08\/2.jpg?resize=525%2C300&ssl=1 1.5x, https:\/\/i0.wp.com\/webdelmaestrocmf.com\/portal\/wp-content\/uploads\/2019\/08\/2.jpg?resize=700%2C400&ssl=1 2x, https:\/\/i0.wp.com\/webdelmaestrocmf.com\/portal\/wp-content\/uploads\/2019\/08\/2.jpg?resize=1050%2C600&ssl=1 3x"},"classes":[]},{"id":105881,"url":"https:\/\/webdelmaestrocmf.com\/portal\/corazon-de-nino-una-pelicula-imprescindible-para-docentes\/","url_meta":{"origin":59518,"position":2},"title":"Coraz\u00f3n de Ni\u00f1o: una pel\u00edcula imprescindible para Docentes","author":"Web del Maestro CMF","date":"5 junio, 2024","format":false,"excerpt":"Coraz\u00f3n de Ni\u00f1o, la pel\u00edcula mexicana de 1963 dirigida por Julio Bracho y protagonizada por Ignacio L\u00f3pez Tarso, es una obra maestra del cine latinoamericano que ofrece valiosas lecciones para alumnos, padres y profesores. Basada en la novela \"Cuore\" de Edmondo De Amicis, la cinta narra la historia de un\u2026","rel":"","context":"En \u00abPel\u00edculas\u00bb","block_context":{"text":"Pel\u00edculas","link":"https:\/\/webdelmaestrocmf.com\/portal\/category\/pedagogia\/peliculas\/"},"img":{"alt_text":"","src":"https:\/\/i0.wp.com\/webdelmaestrocmf.com\/portal\/wp-content\/uploads\/2024\/06\/Banner-1-portada-imagen-10-1-2024-06-05T201218.024.jpg?resize=350%2C200&ssl=1","width":350,"height":200,"srcset":"https:\/\/i0.wp.com\/webdelmaestrocmf.com\/portal\/wp-content\/uploads\/2024\/06\/Banner-1-portada-imagen-10-1-2024-06-05T201218.024.jpg?resize=350%2C200&ssl=1 1x, https:\/\/i0.wp.com\/webdelmaestrocmf.com\/portal\/wp-content\/uploads\/2024\/06\/Banner-1-portada-imagen-10-1-2024-06-05T201218.024.jpg?resize=525%2C300&ssl=1 1.5x, https:\/\/i0.wp.com\/webdelmaestrocmf.com\/portal\/wp-content\/uploads\/2024\/06\/Banner-1-portada-imagen-10-1-2024-06-05T201218.024.jpg?resize=700%2C400&ssl=1 2x"},"classes":[]},{"id":89703,"url":"https:\/\/webdelmaestrocmf.com\/portal\/la-sostenibilidad-emocional-en-la-escuela-frente-al-proceso-cognitivo-la-memoria-la-inteligencia-y-las-cualidades-racionales\/","url_meta":{"origin":59518,"position":3},"title":"La sostenibilidad emocional en la escuela, frente al proceso cognitivo, la memoria, la inteligencia y las cualidades racionales","author":"Web del Maestro CMF","date":"31 mayo, 2023","format":false,"excerpt":"El t\u00e9rmino sostenibilidad, entendido como adjetivo indica que algo que se puede mantener durante largo tiempo sin agotar los recursos o causar grave da\u00f1o, y aunque mayormente est\u00e1n referidos al medio ambiente, tambi\u00e9n podemos usarlo con una visi\u00f3n educativa a nivel personal, relacionado \u201ca un cambio interior que determine un\u2026","rel":"","context":"En \u00abYo opino - WMCMF\u00bb","block_context":{"text":"Yo opino - WMCMF","link":"https:\/\/webdelmaestrocmf.com\/portal\/category\/jamb\/"},"img":{"alt_text":"","src":"https:\/\/i0.wp.com\/webdelmaestrocmf.com\/portal\/wp-content\/uploads\/2023\/05\/A12B3C4D-2023-05-31T230229.240.jpg?resize=350%2C200&ssl=1","width":350,"height":200,"srcset":"https:\/\/i0.wp.com\/webdelmaestrocmf.com\/portal\/wp-content\/uploads\/2023\/05\/A12B3C4D-2023-05-31T230229.240.jpg?resize=350%2C200&ssl=1 1x, https:\/\/i0.wp.com\/webdelmaestrocmf.com\/portal\/wp-content\/uploads\/2023\/05\/A12B3C4D-2023-05-31T230229.240.jpg?resize=525%2C300&ssl=1 1.5x, https:\/\/i0.wp.com\/webdelmaestrocmf.com\/portal\/wp-content\/uploads\/2023\/05\/A12B3C4D-2023-05-31T230229.240.jpg?resize=700%2C400&ssl=1 2x"},"classes":[]},{"id":34761,"url":"https:\/\/webdelmaestrocmf.com\/portal\/existe-contagio-emocional-positivo-y-existe-contagio-emocional-negativo\/","url_meta":{"origin":59518,"position":4},"title":"Existe contagio emocional positivo y existe contagio emocional negativo","author":"Web del Maestro CMF","date":"14 marzo, 2020","format":"video","excerpt":"El Profesor Jes\u00fas Guill\u00e9n es licenciado en ciencias F\u00edsicas, Astrof\u00edsca y tiene un posgrado de neuroeducaci\u00f3n de la Universidad de Barcelona. Ha ejercido la docencia en Secundaria durante muchos a\u00f1os, y \u00faltimamente se ha dedicado a la investigaci\u00f3n de las aplicaciones educativas de las ciencias cognitivas. Trabaja en el Centro\u2026","rel":"","context":"En \u00abCharlas\u00bb","block_context":{"text":"Charlas","link":"https:\/\/webdelmaestrocmf.com\/portal\/category\/charlas\/"},"img":{"alt_text":"","src":"https:\/\/i0.wp.com\/webdelmaestrocmf.com\/portal\/wp-content\/uploads\/2019\/01\/1-copia.jpg?resize=350%2C200&ssl=1","width":350,"height":200,"srcset":"https:\/\/i0.wp.com\/webdelmaestrocmf.com\/portal\/wp-content\/uploads\/2019\/01\/1-copia.jpg?resize=350%2C200&ssl=1 1x, https:\/\/i0.wp.com\/webdelmaestrocmf.com\/portal\/wp-content\/uploads\/2019\/01\/1-copia.jpg?resize=525%2C300&ssl=1 1.5x, https:\/\/i0.wp.com\/webdelmaestrocmf.com\/portal\/wp-content\/uploads\/2019\/01\/1-copia.jpg?resize=700%2C400&ssl=1 2x, https:\/\/i0.wp.com\/webdelmaestrocmf.com\/portal\/wp-content\/uploads\/2019\/01\/1-copia.jpg?resize=1050%2C600&ssl=1 3x"},"classes":[]},{"id":116478,"url":"https:\/\/webdelmaestrocmf.com\/portal\/como-va-la-salud-mental-de-sus-padres-de-familia-y-estudiantes-iii-parte\/","url_meta":{"origin":59518,"position":5},"title":"\u00bfC\u00f3mo va la salud mental y emocional de sus padres de familia y estudiantes? (III Parte)","author":"Web del Maestro CMF","date":"14 marzo, 2026","format":false,"excerpt":"Ninguna metodolog\u00eda, por innovadora que sea, puede reemplazar el equilibrio emocional que deber\u00eda formarse primero en la familia. Sin esa base, ense\u00f1ar se vuelve mucho m\u00e1s dif\u00edcil.","rel":"","context":"En \u00abYo opino - WMCMF\u00bb","block_context":{"text":"Yo opino - WMCMF","link":"https:\/\/webdelmaestrocmf.com\/portal\/category\/jamb\/"},"img":{"alt_text":"","src":"https:\/\/i0.wp.com\/webdelmaestrocmf.com\/portal\/wp-content\/uploads\/2026\/03\/1AA-Banner-1-portada-imagen-10-1-copia-2-3.webp?resize=350%2C200&ssl=1","width":350,"height":200,"srcset":"https:\/\/i0.wp.com\/webdelmaestrocmf.com\/portal\/wp-content\/uploads\/2026\/03\/1AA-Banner-1-portada-imagen-10-1-copia-2-3.webp?resize=350%2C200&ssl=1 1x, https:\/\/i0.wp.com\/webdelmaestrocmf.com\/portal\/wp-content\/uploads\/2026\/03\/1AA-Banner-1-portada-imagen-10-1-copia-2-3.webp?resize=525%2C300&ssl=1 1.5x, https:\/\/i0.wp.com\/webdelmaestrocmf.com\/portal\/wp-content\/uploads\/2026\/03\/1AA-Banner-1-portada-imagen-10-1-copia-2-3.webp?resize=700%2C400&ssl=1 2x, https:\/\/i0.wp.com\/webdelmaestrocmf.com\/portal\/wp-content\/uploads\/2026\/03\/1AA-Banner-1-portada-imagen-10-1-copia-2-3.webp?resize=1050%2C600&ssl=1 3x"},"classes":[]}],"_links":{"self":[{"href":"https:\/\/webdelmaestrocmf.com\/portal\/wp-json\/wp\/v2\/posts\/59518","targetHints":{"allow":["GET"]}}],"collection":[{"href":"https:\/\/webdelmaestrocmf.com\/portal\/wp-json\/wp\/v2\/posts"}],"about":[{"href":"https:\/\/webdelmaestrocmf.com\/portal\/wp-json\/wp\/v2\/types\/post"}],"author":[{"embeddable":true,"href":"https:\/\/webdelmaestrocmf.com\/portal\/wp-json\/wp\/v2\/users\/1"}],"replies":[{"embeddable":true,"href":"https:\/\/webdelmaestrocmf.com\/portal\/wp-json\/wp\/v2\/comments?post=59518"}],"version-history":[{"count":2,"href":"https:\/\/webdelmaestrocmf.com\/portal\/wp-json\/wp\/v2\/posts\/59518\/revisions"}],"predecessor-version":[{"id":112512,"href":"https:\/\/webdelmaestrocmf.com\/portal\/wp-json\/wp\/v2\/posts\/59518\/revisions\/112512"}],"wp:featuredmedia":[{"embeddable":true,"href":"https:\/\/webdelmaestrocmf.com\/portal\/wp-json\/wp\/v2\/media\/112509"}],"wp:attachment":[{"href":"https:\/\/webdelmaestrocmf.com\/portal\/wp-json\/wp\/v2\/media?parent=59518"}],"wp:term":[{"taxonomy":"category","embeddable":true,"href":"https:\/\/webdelmaestrocmf.com\/portal\/wp-json\/wp\/v2\/categories?post=59518"},{"taxonomy":"post_tag","embeddable":true,"href":"https:\/\/webdelmaestrocmf.com\/portal\/wp-json\/wp\/v2\/tags?post=59518"}],"curies":[{"name":"wp","href":"https:\/\/api.w.org\/{rel}","templated":true}]}}