{"id":58471,"date":"2021-01-27T23:54:12","date_gmt":"2021-01-28T02:54:12","guid":{"rendered":"https:\/\/webdelmaestrocmf.com\/portal\/?p=58471"},"modified":"2021-02-03T18:27:17","modified_gmt":"2021-02-03T21:27:17","slug":"papa-francisco-cuando-falta-el-acompanamiento-en-la-desventura-de-la-enfermedad-aumenta-la-soledad-y-el-desconcierto","status":"publish","type":"post","link":"https:\/\/webdelmaestrocmf.com\/portal\/papa-francisco-cuando-falta-el-acompanamiento-en-la-desventura-de-la-enfermedad-aumenta-la-soledad-y-el-desconcierto\/","title":{"rendered":"Papa Francisco: Cuando falta el acompa\u00f1amiento en la desventura de la enfermedad, aumenta la soledad y el desconcierto"},"content":{"rendered":"<h5 style=\"text-align: justify;\">En el libro <em>So\u00f1emos juntos<\/em>, el Papa Francisco recuerda que cuando cursaba el segundo a\u00f1o del seminario diocesano en Buenos Aires <strong>conoci\u00f3 el dolor de cerca a trav\u00e9s de su enfermedad<\/strong>. Nos relata que <em>\u201cdurante meses no sab\u00eda qui\u00e9n era, si habr\u00eda muerto o vivido. Ni siquiera los m\u00e9dicos sab\u00edan si sobrevivir\u00eda\u201d.<\/em> Primero le extrajeron un litro y medio de agua de un pulm\u00f3n, y luego nos dice que continu\u00f3 \u201cluchando entre la vida y la muerte\u201d hasta que le operaron. Y por eso, sabe <em>\u201cpor experiencia, c\u00f3mo se sienten los enfermos de coronavirus que luchan por respirar conectados a un ventilador\u201d<\/em>. En esta etapa de su vida aprendi\u00f3 varias cosas, entre ellas, que <strong>es importante evitar la consolaci\u00f3n barata<\/strong>. Esa es la raz\u00f3n por la cual trata de hablar lo menos posible cuando se acerca a un enfermo, y solo les toma la mano. <a href=\"https:\/\/www.lavanguardia.com\/internacional\/20201123\/49643729035\/francisco-se-experiencia-sienten-enfermos-coronavirus-respirar.html\" target=\"_blank\" rel=\"noopener\"><strong>FRANCISCO: \u201cS\u00c9 POR EXPERIENCIA C\u00d3MO SE SIENTEN LOS ENFERMOS DE CORONAVIRUS QUE LUCHAN POR RESPIRAR\u201d<\/strong><\/a><\/h5>\n<p><!--more--><\/p>\n<p style=\"text-align: justify;\">Con ocasi\u00f3n de celebrar la XXIX Jornada Mundial del Enfermo, (11\/02\/2021), el Papa Francisco ha publicado un mensaje en medio de un singular panorama: la pandemia del Covid 19. Para los educadores creyentes y los de buena voluntad, esta publicaci\u00f3n podr\u00eda ser <strong>un buen recurso para motivar al di\u00e1logo<\/strong> con nuestros estudiantes y padres de familia, con toda nuestra comunidad educativa. Sobre todo, para expresar cada uno c\u00f3mo vamos viviendo el confinamiento, las limitaciones, la vulnerabilidad, la incertidumbre, el miedo al contagio y la importancia de la vida relacional, entre otros aspectos educadores.<\/p>\n<p style=\"text-align: justify;\">Reflexionar las palabras de este mensaje, y asociarlas a la experiencia personal en este tiempo de emergencia sanitaria,<strong> puede ser de gran utilidad para motivar la revisi\u00f3n de nuestras relaciones humanas<\/strong> <strong>y los valores en los cuales estamos educando<\/strong>, ya que son los valores los que nos proporcionan un mejor panorama, una nueva perspectiva \u201cen el mejor y en el peor de los tiempos\u201d (cf Charles Garfield).<\/p>\n<p style=\"text-align: justify;\">Compartimos 36 frases, en medio de esta \u201ctempestad global\u201d, tomadas del mensaje del Papa Francisco, y bien pueden ser de <strong>ayuda a la tarea educadora <\/strong>de aquellos que saben encontrar, como El Principito, que lo esencial es invisible a los ojos, y solo se ve bien con el coraz\u00f3n, y que <strong>ahora nos necesitamos todos para remar en la misma direcci\u00f3n y quiz\u00e1 \u201cso\u00f1ar juntos\u201d<\/strong>.<\/p>\n<p style=\"text-align: justify;\">Art\u00edculo recomendado: <strong>DANIEL GOLEMAN: EL EJEMPLO DE LOS ADULTOS ES LA MANERA M\u00c1S EFICIENTE DE ENSE\u00d1AR EMPATIA EN ESTE TIEMPO DE PANDEMIA<\/strong><\/p>\n<p><iframe loading=\"lazy\" class=\"wp-embedded-content\" title=\"\u00abDaniel Goleman: El ejemplo de los adultos es la manera m\u00e1s eficiente de ense\u00f1ar empat\u00eda en este tiempo de pandemia\u00bb \u2014 Web del Maestro CMF\" src=\"https:\/\/webdelmaestrocmf.com\/portal\/daniel-goleman-el-ejemplo-de-los-adultos-es-la-manera-mas-eficiente-de-ensenar-empatia-en-este-tiempo-de-pandemia\/embed\/\" width=\"100%\" height=\"100%\" frameborder=\"0\" marginwidth=\"0\" marginheight=\"0\" scrolling=\"no\" sandbox=\"allow-scripts\"><span data-mce-type=\"bookmark\" style=\"display: inline-block; width: 0px; overflow: hidden; line-height: 0;\" class=\"mce_SELRES_start\">\ufeff<\/span><span data-mce-type=\"bookmark\" style=\"display: inline-block; width: 0px; overflow: hidden; line-height: 0;\" class=\"mce_SELRES_start\">\ufeff<\/span><\/iframe><\/p>\n<p style=\"text-align: justify;\">Este art\u00edculo lo compartimos por motivos \u00fanicamente educativos y de formaci\u00f3n permanente, sugiri\u00e9ndoles leer el mensaje completo en el enlace que est\u00e1 al final de esta publicaci\u00f3n de la Web del Maestro CMF.<\/p>\n<ol>\n<li>\u201cTratemos de poner <strong>atenci\u00f3n especial a las personas enfermas y a quienes cuidan de ellas<\/strong>, tanto en los lugares destinados a su asistencia como en el seno de las familias y las comunidades\u201d.<\/li>\n<li><strong>No desviemos nunca la mirada de los enfermos<\/strong>, especialmente de los m\u00e1s pobres y marginados.<\/li>\n<li><em>\u201cJes\u00fas critica la hipocres\u00eda de quienes dicen, pero no hacen<\/em> (cf. Mt 23,1-12)\u201d.<\/li>\n<li>\u201cCuando la fe se limita a <strong>ejercicios verbales est\u00e9riles<\/strong>, sin involucrarse en la historia y las necesidades del pr\u00f3jimo, la <strong>coherencia entre el credo profesado y la vida real<\/strong> se debilita. El riesgo es grave\u201d.<\/li>\n<li>\u201cJes\u00fas usa expresiones fuertes, para advertirnos del <strong>peligro de caer en la idolatr\u00eda de nosotros mismos<\/strong>, y afirma: <em>\u00abUno solo es su maestro y todos Ustedes son hermanos\u00bb\u201d<\/em><\/li>\n<\/ol>\n<h5 style=\"text-align: justify;\"><strong>MENSAJE DEL PAPA PARA LA 29 JORNADA MUNDIAL DEL ENFERMO <\/strong>(1\u00b4 59\u201d)<\/h5>\n<p><iframe loading=\"lazy\" src=\"https:\/\/www.youtube.com\/embed\/NiZEmUrSE4A\" width=\"100%\" height=\"400\" frameborder=\"0\" allowfullscreen=\"allowfullscreen\"><span data-mce-type=\"bookmark\" style=\"display: inline-block; width: 0px; overflow: hidden; line-height: 0;\" class=\"mce_SELRES_start\">\ufeff<\/span><\/iframe><\/p>\n<ol style=\"text-align: justify;\" start=\"6\">\n<li>\u201cNadie es inmune al <strong>mal de la hipocres\u00eda<\/strong>, un mal muy grave, cuyo efecto es impedirnos florecer como hijos del \u00fanico Padre, llamados a vivir una fraternidad universal\u201d.<\/li>\n<li>\u201cAnte la condici\u00f3n de necesidad de un hermano o una hermana, Jes\u00fas nos muestra un modelo de comportamiento totalmente opuesto a la hipocres\u00eda. Propone <strong>detenerse, escuchar, establecer una relaci\u00f3n directa y personal con el otro, sentir empat\u00eda y conmoci\u00f3n por \u00e9l o por ella, dejarse involucrar en su sufrimiento <\/strong>hasta llegar a hacerse cargo de \u00e9l por medio del servicio\u201d.<\/li>\n<li>\u201cLa experiencia de la enfermedad hace que sintamos nuestra propia vulnerabilidad y, al mismo tiempo, la necesidad innata del otro. <strong>Nuestra condici\u00f3n de criaturas<\/strong> se vuelve a\u00fan m\u00e1s n\u00edtida y experimentamos de modo evidente nuestra dependencia de Dios\u201d.<\/li>\n<li>\u201cCuando estamos enfermos, <strong>la incertidumbre, el temor<\/strong> <strong>y a veces la consternaci\u00f3n<\/strong>, se apoderan de la mente y del coraz\u00f3n; nos encontramos en una situaci\u00f3n de impotencia, porque nuestra salud no depende de nuestras capacidades o de que nos \u00abangustiemos\u00bb\u201d.<\/li>\n<li>\u201cLa enfermedad impone una pregunta por el sentido, que en la fe se dirige a Dios; <strong>una pregunta que busca un nuevo significado y una nueva direcci\u00f3n<\/strong> para la existencia, y que a veces puede ser que no encuentre una respuesta inmediata. Nuestros mismos amigos y familiares no siempre pueden ayudarnos en esta b\u00fasqueda trabajosa\u201d.<\/li>\n<li>Cuando falta el acompa\u00f1amiento en la desventura de la enfermedad, aumenta <strong>la soledad y el desconcierto<\/strong>, se puede caer en un estado de abandono e incomprensi\u00f3n.<\/li>\n<li>Por medio de esta extrema fragilidad, en la enfermedad, rechazando toda hipocres\u00eda y eligiendo el camino de la sinceridad con Dios y con los dem\u00e1s, se llega a<strong> elevar un grito insistente a Dios<\/strong>, <strong>que al final responde<\/strong>, abriendo un nuevo horizonte.<\/li>\n<li>El sufrimiento de <strong>la enfermedad no es una condena o un castigo<\/strong>, tampoco es un estado de lejan\u00eda de Dios o un signo de su indiferencia.<\/li>\n<li>Del coraz\u00f3n herido y sanado por Dios, <strong>brota esa conmovida declaraci\u00f3n al Se\u00f1or<\/strong>: \u00abTe conoc\u00eda s\u00f3lo de o\u00eddas, pero ahora te han visto mis ojos\u00bb<\/li>\n<li>\u201c<strong>La enfermedad siempre tiene un rostro<\/strong>, incluso m\u00e1s de uno: tiene el rostro de cada enfermo y enferma, tambi\u00e9n de quienes se sienten ignorados, excluidos, v\u00edctimas de injusticias sociales que niegan sus derechos fundamentales\u201d.<\/li>\n<\/ol>\n<h5 style=\"text-align: justify;\"><strong>EL PAPA A LOS ENFERMOS: S\u00d3LO DIOS ES NUESTRA FUERZA <\/strong>(01\u00b4 39)<\/h5>\n<p><iframe loading=\"lazy\" src=\"https:\/\/www.youtube.com\/embed\/b1BsQs6kZD4\" width=\"100%\" height=\"400\" frameborder=\"0\" allowfullscreen=\"allowfullscreen\"><span data-mce-type=\"bookmark\" style=\"display: inline-block; width: 0px; overflow: hidden; line-height: 0;\" class=\"mce_SELRES_start\">\ufeff<\/span><\/iframe><\/p>\n<ol style=\"text-align: justify;\" start=\"16\">\n<li>\u201c<strong>La pandemia actual ha sacado a la luz numerosas insuficiencias<\/strong> de los sistemas sanitarios y carencias en la atenci\u00f3n de las personas enfermas\u201d.<\/li>\n<li>Los ancianos, <strong>los m\u00e1s d\u00e9biles y vulnerables<\/strong> no siempre tienen garantizado el acceso a los tratamientos, y no siempre es de manera equitativa.<\/li>\n<li>La justicia con los enfermos \u201cdepende de las decisiones pol\u00edticas, del modo de administrar los recursos y del compromiso de quienes ocupan cargos de responsabilidad. <strong>Invertir recursos en el cuidado y la atenci\u00f3n a las personas enfermas es una prioridad<\/strong> vinculada a un principio: la salud es un bien com\u00fan primario\u201d.<\/li>\n<li>\u201cLa pandemia ha puesto tambi\u00e9n de relieve <strong>la entrega y la generosidad de agentes sanitarios<\/strong>, voluntarios, trabajadores y trabajadoras, sacerdotes, religiosos y religiosas que, con profesionalidad, abnegaci\u00f3n, sentido de responsabilidad y amor al pr\u00f3jimo han ayudado, cuidado, consolado y servido a tantos enfermos y a sus familiares\u201d.<\/li>\n<li>Somos testigos de \u201c<strong>una multitud silenciosa de hombres y mujeres<\/strong> que han decidido mirar esos rostros, haci\u00e9ndose cargo de las heridas de los pacientes, que sent\u00edan pr\u00f3jimos por el hecho de pertenecer a la misma familia humana\u201d.<\/li>\n<li>\u201c<strong>La cercan\u00eda<\/strong>, de hecho, es un b\u00e1lsamo muy valioso, que brinda apoyo y consuelo a quien sufre en la enfermedad\u201d.<\/li>\n<li>\u201cComo cristianos, <strong>vivimos la projimidad como expresi\u00f3n del amor de Jesucristo,<\/strong> el buen Samaritano, que con compasi\u00f3n se ha hecho cercano a todo ser humano, herido por el pecado\u201d.<\/li>\n<li>\u201cEstamos <strong>llamados a ser misericordiosos <\/strong>como el Padre y a amar, en particular, a los hermanos enfermos, d\u00e9biles y que sufren\u201d.<\/li>\n<li>Al acercarnos a un enfermo \u201cvivimos esta cercan\u00eda, no s\u00f3lo de manera personal, sino tambi\u00e9n de forma comunitaria: en efecto, <strong>el amor fraterno en Cristo genera una comunidad<\/strong> <strong>capaz de sanar<\/strong>, que no abandona a nadie, que incluye y acoge sobre todo a los m\u00e1s fr\u00e1giles\u201d.<\/li>\n<li>La solidaridad fraterna, \u201cse expresa de modo concreto en el servicio y que puede asumir formas muy diferentes, todas <strong>orientadas a sostener al pr\u00f3jimo<\/strong>\u201d.<\/li>\n<li>\u00abServir significa cuidar a los fr\u00e1giles de nuestras familias, de nuestra sociedad, de nuestro pueblo\u00bb.<\/li>\n<li>Cada uno es \u201ccapaz de \u00abdejar de lado sus b\u00fasquedas, afanes, deseos de omnipotencia ante la mirada concreta de los m\u00e1s fr\u00e1giles. [\u2026] <strong>El servicio siempre mira el rostro del hermano, toca su carne, siente su projimidad y hasta en algunos casos la \u201cpadece\u201d <\/strong>y busca la promoci\u00f3n del hermano. Por eso nunca el servicio es ideol\u00f3gico, ya que no se sirve a ideas, sino que se sirve a personas\u00bb\u201d.<\/li>\n<li>\u201cPara que haya <strong>una buena terapia<\/strong>, es decisivo el aspecto relacional, mediante el que se puede adoptar un <strong>enfoque hol\u00edstico<\/strong> hacia la persona enferma\u201d.<\/li>\n<li>El aspecto relacional \u201cayuda a los m\u00e9dicos, los enfermeros, los profesionales y los voluntarios a hacerse cargo de aquellos que sufren <strong>para acompa\u00f1arles en un camino de curaci\u00f3n<\/strong>, gracias a una relaci\u00f3n interpersonal de confianza\u201d.<\/li>\n<li>La relaci\u00f3n interpersonal establece \u201c<strong>un pacto entre los necesitados de cuidados y quienes los cuidan<\/strong>; un pacto basado en la confianza y el respeto mutuos, en la sinceridad, en la disponibilidad, para superar toda barrera defensiva, <strong>poner en el centro la dignidad del enfermo, tutelar la profesionalidad de los agentes sanitarios y mantener una buena relaci\u00f3n con las familias de los pacientes<\/strong>\u201d.<\/li>\n<li>La relaci\u00f3n \u00abcon la persona enferma encuentra una <strong>fuente inagotable de motivaci\u00f3n<\/strong> y de fuerza en la caridad de Cristo, como demuestra el testimonio milenario de hombres y mujeres que se han santificado sirviendo a los enfermos.<\/li>\n<\/ol>\n<p><img loading=\"lazy\" decoding=\"async\" class=\"alignnone size-full wp-image-58478\" src=\"https:\/\/webdelmaestrocmf.com\/portal\/wp-content\/uploads\/2021\/01\/1-180.jpg\" alt=\"\" width=\"1024\" height=\"683\" srcset=\"https:\/\/webdelmaestrocmf.com\/portal\/wp-content\/uploads\/2021\/01\/1-180.jpg 1024w, https:\/\/webdelmaestrocmf.com\/portal\/wp-content\/uploads\/2021\/01\/1-180-300x200.jpg 300w, https:\/\/webdelmaestrocmf.com\/portal\/wp-content\/uploads\/2021\/01\/1-180-768x512.jpg 768w, https:\/\/webdelmaestrocmf.com\/portal\/wp-content\/uploads\/2021\/01\/1-180-110x73.jpg 110w, https:\/\/webdelmaestrocmf.com\/portal\/wp-content\/uploads\/2021\/01\/1-180-200x133.jpg 200w, https:\/\/webdelmaestrocmf.com\/portal\/wp-content\/uploads\/2021\/01\/1-180-380x253.jpg 380w, https:\/\/webdelmaestrocmf.com\/portal\/wp-content\/uploads\/2021\/01\/1-180-255x170.jpg 255w, https:\/\/webdelmaestrocmf.com\/portal\/wp-content\/uploads\/2021\/01\/1-180-550x367.jpg 550w, https:\/\/webdelmaestrocmf.com\/portal\/wp-content\/uploads\/2021\/01\/1-180-800x534.jpg 800w, https:\/\/webdelmaestrocmf.com\/portal\/wp-content\/uploads\/2021\/01\/1-180-220x147.jpg 220w, https:\/\/webdelmaestrocmf.com\/portal\/wp-content\/uploads\/2021\/01\/1-180-400x267.jpg 400w, https:\/\/webdelmaestrocmf.com\/portal\/wp-content\/uploads\/2021\/01\/1-180-760x507.jpg 760w, https:\/\/webdelmaestrocmf.com\/portal\/wp-content\/uploads\/2021\/01\/1-180-510x340.jpg 510w, https:\/\/webdelmaestrocmf.com\/portal\/wp-content\/uploads\/2021\/01\/1-180-600x400.jpg 600w\" sizes=\"auto, (max-width: 1024px) 100vw, 1024px\" \/><\/p>\n<p style=\"text-align: justify;\">Art\u00edculo relacionado: <strong>EL EDUCADOR DEBE COMPROMETERSE A TRABAJAR EN LA PROMOCION DE LA PERSONA HUMANA Y SU DIGNIDAD<\/strong><\/p>\n<p><iframe loading=\"lazy\" class=\"wp-embedded-content\" title=\"\u00abEl educador debe comprometerse a trabajar en la promoci\u00f3n de la persona humana y su dignidad\u00bb \u2014 Web del Maestro CMF\" src=\"https:\/\/webdelmaestrocmf.com\/portal\/el-educador-debe-comprometerse-a-trabajar-en-la-promocion-de-la-persona-humana-y-su-dignidad\/embed\/\" width=\"100%\" height=\"100%\" frameborder=\"0\" marginwidth=\"0\" marginheight=\"0\" scrolling=\"no\" sandbox=\"allow-scripts\"><span data-mce-type=\"bookmark\" style=\"display: inline-block; width: 0px; overflow: hidden; line-height: 0;\" class=\"mce_SELRES_start\">\ufeff<\/span><\/iframe><\/p>\n<ol style=\"text-align: justify;\" start=\"32\">\n<li>\u201cDel <strong>misterio de la muerte y resurrecci\u00f3n de Cristo<\/strong> brota el amor que puede dar un sentido pleno tanto a la condici\u00f3n del paciente como a la de quien cuida de \u00e9l\u201d.<\/li>\n<li>\u201cLas curaciones que hac\u00eda Jes\u00fas nunca son gestos m\u00e1gicos, sino que siempre son <strong>fruto de un encuentro, de una relaci\u00f3n interpersonal<\/strong>, en la que al don de Dios que ofrece Jes\u00fas le corresponde la fe de quien lo acoge, como resume la palabra que Jes\u00fas repite a menudo: \u00abTu fe te ha salvado\u00bb\u201d.<\/li>\n<li>\u201cEl mandamiento del amor, que Jes\u00fas dej\u00f3 a sus disc\u00edpulos, tambi\u00e9n encuentra una realizaci\u00f3n concreta en la relaci\u00f3n con los enfermos\u201d.<\/li>\n<li>\u201cUna sociedad <strong>es tanto m\u00e1s humana cuanto m\u00e1s sabe cuidar a sus miembros fr\u00e1giles <\/strong>y que m\u00e1s sufren, y sabe hacerlo con eficiencia animada por el amor fraterno. Caminemos hacia esta meta, procurando que nadie se quede solo, que nadie se sienta excluido ni abandonado\u201d.<\/li>\n<li>Que Mar\u00eda, Madre de misericordia y Salud de los enfermos, \u201csostenga nuestra fe y nuestra esperanza, y nos ayude a cuidarnos unos a otros con amor fraterno\u201d.<\/li>\n<\/ol>\n<p style=\"text-align: justify;\">Estas frases han sido tomadas y reestructuradas del <a href=\"https:\/\/press.vatican.va\/content\/salastampa\/es\/bollettino\/pubblico\/2021\/01\/12\/jorn.html\" target=\"_blank\" rel=\"noopener\"><strong>MENSAJE PARA LA XXIX JORNADA MUNDIAL DEL ENFERMO<\/strong><\/a><\/p>\n<p style=\"text-align: center;\"><em>\u201cLa sabidur\u00eda no es producto de la escolarizaci\u00f3n, sino de un intento a lo largo de la vida de adquirirlo\u201d<\/em>. (Albert Einstein)<\/p>\n<p style=\"text-align: right;\"><strong>REDACCI\u00d3N WEB DEL MAESTRO CMF<\/strong><\/p>\n\t\t<div class=\"pk-inline-posts\">\n\t\t\t\n\t\t\t<div class=\"pk-inline-posts-container pk-inline-posts-template-list\"\n\t\t\t\tdata-columns=\"1\">\n\t\t\t\t\t\t<article id=\"post-117930\" class=\"post-117930 post type-post status-publish format-standard has-post-thumbnail category-pastoral category-noticias-internacionales category-papa-leon-xiv tag-conflictos tag-derechos-humanos tag-educacion-en-valores-2 tag-etica-3 tag-justicia-social tag-liderazgo tag-papa-2 tag-paz tag-reflexion-2 tag-solidaridad cs-entry cs-video-wrap\">\n\t\t\t<div class=\"pk-post-outer\">\n\n\t\t\t\t\t\t\t\t<div class=\"pk-post-inner\">\n\t\t\t\t\t<div class=\"entry-thumbnail\">\n\t\t\t\t\t\t<div class=\"pk-overlay pk-overlay-ratio pk-ratio-landscape\">\n\t\t\t\t\t\t\t<div class=\"pk-overlay-background\">\n\t\t\t\t\t\t\t\t<a href=\"https:\/\/webdelmaestrocmf.com\/portal\/papa-leon-xiv-el-mundo-esta-siendo-destruido-por-unos-pocos-tiranos-en-referencia-a-trump\/\" class=\"pk-overlay-link\">\n\t\t\t\t\t\t\t\t\t<img loading=\"lazy\" decoding=\"async\" width=\"300\" height=\"225\" src=\"https:\/\/webdelmaestrocmf.com\/portal\/wp-content\/uploads\/2026\/04\/1AA-Banner-1-portada-imagen-10-1-copia-30-300x225.webp\" class=\"attachment-pk-thumbnail size-pk-thumbnail wp-post-image\" alt=\"\" \/>\t\t\t\t\t\t\t\t<\/a>\n\t\t\t\t\t\t\t<\/div>\n\t\t\t\t\t\t<\/div>\n\t\t\t\t\t<\/div>\n\t\t\t\t<\/div>\n\t\t\t\t\n\t\t\t\t<div class=\"pk-post-inner\">\n\t\t\t\t\t<header>\n\t\t\t\t\t\t<h3 class=\"pk-title\"><a href=\"https:\/\/webdelmaestrocmf.com\/portal\/papa-leon-xiv-el-mundo-esta-siendo-destruido-por-unos-pocos-tiranos-en-referencia-a-trump\/\" rel=\"bookmark\">Papa Le\u00f3n XIV: \u201cEl mundo est\u00e1 siendo destruido por unos pocos tiranos\u201d, en referencia a Trump<\/a><\/h3>\t\t\t\t\t<\/header><!-- .entry-header -->\n\t\t\t\t<\/div><!-- .post-inner -->\n\n\t\t\t<\/div><!-- .post-outer -->\n\t\t<\/article>\n\t\t\t\t<\/div>\n\t\t<\/div>\n\t\t\n","protected":false},"excerpt":{"rendered":"En el libro So\u00f1emos juntos, el Papa Francisco recuerda que cuando cursaba el segundo a\u00f1o del seminario diocesano&hellip;","protected":false},"author":1,"featured_media":58476,"comment_status":"open","ping_status":"closed","sticky":false,"template":"","format":"standard","meta":{"csco_display_header_overlay":false,"csco_singular_sidebar":"default","csco_page_header_type":"default","csco_page_load_nextpost":"default","csco_post_video_location":[],"csco_post_video_location_hash":"","csco_post_video_url":"","csco_post_video_bg_start_time":0,"csco_post_video_bg_end_time":0,"csco_post_video_bg_volume":false,"_jetpack_memberships_contains_paid_content":false,"footnotes":""},"categories":[431,467],"tags":[2147,1464,3624,6474,3008,1351,1363,1374,6472,1345,4863,880,218,1452,2536,6475,6355,6473,977,1284],"class_list":{"0":"post-58471","1":"post","2":"type-post","3":"status-publish","4":"format-standard","5":"has-post-thumbnail","7":"category-pastoral","8":"category-papa-francisco","9":"tag-convivencia","10":"tag-crisis","11":"tag-curacion","12":"tag-desconcierto","13":"tag-dignidad","14":"tag-enfermedad","15":"tag-francisco","16":"tag-frases","17":"tag-indiferencia","18":"tag-misericordia","19":"tag-pandemia","20":"tag-papa","21":"tag-papa-francisco","22":"tag-paz","23":"tag-rechazo","24":"tag-relacion-interpersonal","25":"tag-sanidad","26":"tag-soledad","27":"tag-solidaridad","28":"tag-video","29":"cs-entry","30":"cs-video-wrap"},"yoast_head":"<!-- This site is optimized with the Yoast SEO plugin v27.5 - https:\/\/yoast.com\/product\/yoast-seo-wordpress\/ -->\n<title>Papa Francisco: Cuando falta el acompa\u00f1amiento en la desventura de la enfermedad, aumenta la soledad y el desconcierto - 2026<\/title>\n<meta name=\"description\" content=\"En el libro So\u00f1emos juntos, el Papa Francisco recuerda que cuando cursaba el segundo a\u00f1o del seminario diocesano en...\" \/>\n<meta name=\"robots\" content=\"index, follow, max-snippet:-1, max-image-preview:large, max-video-preview:-1\" \/>\n<link rel=\"canonical\" href=\"https:\/\/webdelmaestrocmf.com\/portal\/papa-francisco-cuando-falta-el-acompanamiento-en-la-desventura-de-la-enfermedad-aumenta-la-soledad-y-el-desconcierto\/\" \/>\n<meta property=\"og:locale\" content=\"es_ES\" \/>\n<meta property=\"og:type\" content=\"article\" \/>\n<meta property=\"og:title\" content=\"Papa Francisco: Cuando falta el acompa\u00f1amiento en la desventura de la enfermedad, aumenta la soledad y el desconcierto - 2026\" \/>\n<meta property=\"og:description\" content=\"En el libro So\u00f1emos juntos, el Papa Francisco recuerda que cuando cursaba el segundo a\u00f1o del seminario diocesano en...\" \/>\n<meta property=\"og:url\" content=\"https:\/\/webdelmaestrocmf.com\/portal\/papa-francisco-cuando-falta-el-acompanamiento-en-la-desventura-de-la-enfermedad-aumenta-la-soledad-y-el-desconcierto\/\" \/>\n<meta property=\"og:site_name\" content=\"Web del Maestro CMF\" \/>\n<meta property=\"article:publisher\" content=\"https:\/\/www.facebook.com\/WebdelMaestroCMF\/\" \/>\n<meta property=\"article:author\" content=\"https:\/\/www.facebook.com\/WebdelMaestroCMF\/\" \/>\n<meta property=\"article:published_time\" content=\"2021-01-28T02:54:12+00:00\" \/>\n<meta property=\"article:modified_time\" content=\"2021-02-03T21:27:17+00:00\" \/>\n<meta property=\"og:image\" content=\"https:\/\/i0.wp.com\/webdelmaestrocmf.com\/portal\/wp-content\/uploads\/2021\/01\/1-copia-135.jpg?fit=1100%2C680&ssl=1\" \/>\n\t<meta property=\"og:image:width\" content=\"1100\" \/>\n\t<meta property=\"og:image:height\" content=\"680\" \/>\n\t<meta property=\"og:image:type\" content=\"image\/jpeg\" \/>\n<meta name=\"author\" content=\"Web del Maestro CMF\" \/>\n<meta name=\"twitter:card\" content=\"summary_large_image\" \/>\n<meta name=\"twitter:creator\" content=\"@cmf_w\" \/>\n<meta name=\"twitter:site\" content=\"@cmf_w\" \/>\n<script type=\"application\/ld+json\" class=\"yoast-schema-graph\">{\"@context\":\"https:\\\/\\\/schema.org\",\"@graph\":[{\"@type\":\"ScholarlyArticle\",\"@id\":\"https:\\\/\\\/webdelmaestrocmf.com\\\/portal\\\/papa-francisco-cuando-falta-el-acompanamiento-en-la-desventura-de-la-enfermedad-aumenta-la-soledad-y-el-desconcierto\\\/#article\",\"isPartOf\":{\"@id\":\"https:\\\/\\\/webdelmaestrocmf.com\\\/portal\\\/papa-francisco-cuando-falta-el-acompanamiento-en-la-desventura-de-la-enfermedad-aumenta-la-soledad-y-el-desconcierto\\\/\"},\"author\":{\"name\":\"Web del Maestro CMF\",\"@id\":\"https:\\\/\\\/webdelmaestrocmf.com\\\/portal\\\/#\\\/schema\\\/person\\\/1072a2ed7bd960df8ef99a551fa35dc5\"},\"headline\":\"Papa Francisco: Cuando falta el acompa\u00f1amiento en la desventura de la enfermedad, aumenta la soledad y el desconcierto\",\"datePublished\":\"2021-01-28T02:54:12+00:00\",\"dateModified\":\"2021-02-03T21:27:17+00:00\",\"mainEntityOfPage\":{\"@id\":\"https:\\\/\\\/webdelmaestrocmf.com\\\/portal\\\/papa-francisco-cuando-falta-el-acompanamiento-en-la-desventura-de-la-enfermedad-aumenta-la-soledad-y-el-desconcierto\\\/\"},\"wordCount\":1906,\"commentCount\":0,\"publisher\":{\"@id\":\"https:\\\/\\\/webdelmaestrocmf.com\\\/portal\\\/#organization\"},\"image\":{\"@id\":\"https:\\\/\\\/webdelmaestrocmf.com\\\/portal\\\/papa-francisco-cuando-falta-el-acompanamiento-en-la-desventura-de-la-enfermedad-aumenta-la-soledad-y-el-desconcierto\\\/#primaryimage\"},\"thumbnailUrl\":\"https:\\\/\\\/webdelmaestrocmf.com\\\/portal\\\/wp-content\\\/uploads\\\/2021\\\/01\\\/1-copia-135.jpg\",\"keywords\":[\"CONVIVENCIA\",\"CRISIS\",\"CURACI\u00d3N\",\"DESCONCIERTO\",\"DIGNIDAD\",\"enfermedad\",\"Francisco\",\"frases\",\"INDIFERENCIA\",\"misericordia\",\"pandemia\",\"pap\u00e1\",\"Papa Francisco\",\"PAZ\",\"RECHAZO\",\"RELACI\u00d3N INTERPERSONAL\",\"SANIDAD\",\"SOLEDAD\",\"solidaridad\",\"video\"],\"articleSection\":[\"Mundo cart\u00f3lico\",\"Papa Francisco\"],\"inLanguage\":\"es\",\"potentialAction\":[{\"@type\":\"CommentAction\",\"name\":\"Comment\",\"target\":[\"https:\\\/\\\/webdelmaestrocmf.com\\\/portal\\\/papa-francisco-cuando-falta-el-acompanamiento-en-la-desventura-de-la-enfermedad-aumenta-la-soledad-y-el-desconcierto\\\/#respond\"]}]},{\"@type\":\"WebPage\",\"@id\":\"https:\\\/\\\/webdelmaestrocmf.com\\\/portal\\\/papa-francisco-cuando-falta-el-acompanamiento-en-la-desventura-de-la-enfermedad-aumenta-la-soledad-y-el-desconcierto\\\/\",\"url\":\"https:\\\/\\\/webdelmaestrocmf.com\\\/portal\\\/papa-francisco-cuando-falta-el-acompanamiento-en-la-desventura-de-la-enfermedad-aumenta-la-soledad-y-el-desconcierto\\\/\",\"name\":\"Papa Francisco: Cuando falta el acompa\u00f1amiento en la desventura de la enfermedad, aumenta la soledad y el desconcierto - 2026\",\"isPartOf\":{\"@id\":\"https:\\\/\\\/webdelmaestrocmf.com\\\/portal\\\/#website\"},\"primaryImageOfPage\":{\"@id\":\"https:\\\/\\\/webdelmaestrocmf.com\\\/portal\\\/papa-francisco-cuando-falta-el-acompanamiento-en-la-desventura-de-la-enfermedad-aumenta-la-soledad-y-el-desconcierto\\\/#primaryimage\"},\"image\":{\"@id\":\"https:\\\/\\\/webdelmaestrocmf.com\\\/portal\\\/papa-francisco-cuando-falta-el-acompanamiento-en-la-desventura-de-la-enfermedad-aumenta-la-soledad-y-el-desconcierto\\\/#primaryimage\"},\"thumbnailUrl\":\"https:\\\/\\\/webdelmaestrocmf.com\\\/portal\\\/wp-content\\\/uploads\\\/2021\\\/01\\\/1-copia-135.jpg\",\"datePublished\":\"2021-01-28T02:54:12+00:00\",\"dateModified\":\"2021-02-03T21:27:17+00:00\",\"description\":\"En el libro So\u00f1emos juntos, el Papa Francisco recuerda que cuando cursaba el segundo a\u00f1o del seminario diocesano en...\",\"breadcrumb\":{\"@id\":\"https:\\\/\\\/webdelmaestrocmf.com\\\/portal\\\/papa-francisco-cuando-falta-el-acompanamiento-en-la-desventura-de-la-enfermedad-aumenta-la-soledad-y-el-desconcierto\\\/#breadcrumb\"},\"inLanguage\":\"es\",\"potentialAction\":[{\"@type\":\"ReadAction\",\"target\":[\"https:\\\/\\\/webdelmaestrocmf.com\\\/portal\\\/papa-francisco-cuando-falta-el-acompanamiento-en-la-desventura-de-la-enfermedad-aumenta-la-soledad-y-el-desconcierto\\\/\"]}]},{\"@type\":\"ImageObject\",\"inLanguage\":\"es\",\"@id\":\"https:\\\/\\\/webdelmaestrocmf.com\\\/portal\\\/papa-francisco-cuando-falta-el-acompanamiento-en-la-desventura-de-la-enfermedad-aumenta-la-soledad-y-el-desconcierto\\\/#primaryimage\",\"url\":\"https:\\\/\\\/webdelmaestrocmf.com\\\/portal\\\/wp-content\\\/uploads\\\/2021\\\/01\\\/1-copia-135.jpg\",\"contentUrl\":\"https:\\\/\\\/webdelmaestrocmf.com\\\/portal\\\/wp-content\\\/uploads\\\/2021\\\/01\\\/1-copia-135.jpg\",\"width\":1100,\"height\":680},{\"@type\":\"BreadcrumbList\",\"@id\":\"https:\\\/\\\/webdelmaestrocmf.com\\\/portal\\\/papa-francisco-cuando-falta-el-acompanamiento-en-la-desventura-de-la-enfermedad-aumenta-la-soledad-y-el-desconcierto\\\/#breadcrumb\",\"itemListElement\":[{\"@type\":\"ListItem\",\"position\":1,\"name\":\"Portada\",\"item\":\"https:\\\/\\\/webdelmaestrocmf.com\\\/portal\\\/\"},{\"@type\":\"ListItem\",\"position\":2,\"name\":\"Mundo cart\u00f3lico\",\"item\":\"https:\\\/\\\/webdelmaestrocmf.com\\\/portal\\\/category\\\/pastoral\\\/\"},{\"@type\":\"ListItem\",\"position\":3,\"name\":\"Papa Francisco: Cuando falta el acompa\u00f1amiento en la desventura de la enfermedad, aumenta la soledad y el desconcierto\"}]},{\"@type\":\"WebSite\",\"@id\":\"https:\\\/\\\/webdelmaestrocmf.com\\\/portal\\\/#website\",\"url\":\"https:\\\/\\\/webdelmaestrocmf.com\\\/portal\\\/\",\"name\":\"Web del Maestro CMF\",\"description\":\"Maestros al servicio de la educaci\u00f3n\",\"publisher\":{\"@id\":\"https:\\\/\\\/webdelmaestrocmf.com\\\/portal\\\/#organization\"},\"alternateName\":\"WMCMF\",\"potentialAction\":[{\"@type\":\"SearchAction\",\"target\":{\"@type\":\"EntryPoint\",\"urlTemplate\":\"https:\\\/\\\/webdelmaestrocmf.com\\\/portal\\\/?s={search_term_string}\"},\"query-input\":{\"@type\":\"PropertyValueSpecification\",\"valueRequired\":true,\"valueName\":\"search_term_string\"}}],\"inLanguage\":\"es\"},{\"@type\":\"Organization\",\"@id\":\"https:\\\/\\\/webdelmaestrocmf.com\\\/portal\\\/#organization\",\"name\":\"Web del Maestro CMF\",\"alternateName\":\"WMCMF\",\"url\":\"https:\\\/\\\/webdelmaestrocmf.com\\\/portal\\\/\",\"logo\":{\"@type\":\"ImageObject\",\"inLanguage\":\"es\",\"@id\":\"https:\\\/\\\/webdelmaestrocmf.com\\\/portal\\\/#\\\/schema\\\/logo\\\/image\\\/\",\"url\":\"https:\\\/\\\/webdelmaestrocmf.com\\\/portal\\\/wp-content\\\/uploads\\\/2023\\\/01\\\/logo-wmcmf-2.png\",\"contentUrl\":\"https:\\\/\\\/webdelmaestrocmf.com\\\/portal\\\/wp-content\\\/uploads\\\/2023\\\/01\\\/logo-wmcmf-2.png\",\"width\":200,\"height\":60,\"caption\":\"Web del Maestro CMF\"},\"image\":{\"@id\":\"https:\\\/\\\/webdelmaestrocmf.com\\\/portal\\\/#\\\/schema\\\/logo\\\/image\\\/\"},\"sameAs\":[\"https:\\\/\\\/www.facebook.com\\\/WebdelMaestroCMF\\\/\",\"https:\\\/\\\/x.com\\\/cmf_w\",\"https:\\\/\\\/www.pinterest.com\\\/WMCMF\\\/\",\"https:\\\/\\\/www.linkedin.com\\\/company\\\/web-del-maestro-cmf\\\/\",\"https:\\\/\\\/www.instagram.com\\\/wmcmf\\\/\",\"https:\\\/\\\/www.youtube.com\\\/channel\\\/UCDPSvjbdodE5sHnC3OxutHw\",\"https:\\\/\\\/mastodon.social\\\/@wmcmf\",\"https:\\\/\\\/www.tiktok.com\\\/@webdelmaestrocmf\"]},{\"@type\":\"Person\",\"@id\":\"https:\\\/\\\/webdelmaestrocmf.com\\\/portal\\\/#\\\/schema\\\/person\\\/1072a2ed7bd960df8ef99a551fa35dc5\",\"name\":\"Web del Maestro CMF\",\"image\":{\"@type\":\"ImageObject\",\"inLanguage\":\"es\",\"@id\":\"https:\\\/\\\/secure.gravatar.com\\\/avatar\\\/23291dd5b5ae1077dcff3dbb04c3e02bd28403fa75af6d8787d5e97c5bbbe30b?s=96&d=mm&r=g\",\"url\":\"https:\\\/\\\/secure.gravatar.com\\\/avatar\\\/23291dd5b5ae1077dcff3dbb04c3e02bd28403fa75af6d8787d5e97c5bbbe30b?s=96&d=mm&r=g\",\"contentUrl\":\"https:\\\/\\\/secure.gravatar.com\\\/avatar\\\/23291dd5b5ae1077dcff3dbb04c3e02bd28403fa75af6d8787d5e97c5bbbe30b?s=96&d=mm&r=g\",\"caption\":\"Web del Maestro CMF\"},\"description\":\"Esta Web se cre\u00f3 sin fines de lucro, con fines educativos, cient\u00edficos y acad\u00e9micos, para personas que tengan dificultades y\\\/o inconvenientes en visualizar el material original. El objetivo es entregar recursos, compartir experiencias y materiales que ayuden a los padres de familia, maestros y estudiantes en su actualizaci\u00f3n y formaci\u00f3n permanente, en bien de la Educaci\u00f3n.\",\"sameAs\":[\"http:\\\/\\\/webdelmaestrocmf.com\\\/portal\",\"https:\\\/\\\/www.facebook.com\\\/WebdelMaestroCMF\\\/\",\"https:\\\/\\\/www.instagram.com\\\/wmcmf\\\/\",\"https:\\\/\\\/cl.linkedin.com\\\/company\\\/web-del-maestro-cmf\",\"https:\\\/\\\/www.pinterest.com\\\/WMCMF\\\/publicaciones\\\/\",\"https:\\\/\\\/x.com\\\/cmf_w\",\"https:\\\/\\\/www.youtube.com\\\/@WMCMF\"]}]}<\/script>\n<!-- \/ Yoast SEO plugin. -->","yoast_head_json":{"title":"Papa Francisco: Cuando falta el acompa\u00f1amiento en la desventura de la enfermedad, aumenta la soledad y el desconcierto - 2026","description":"En el libro So\u00f1emos juntos, el Papa Francisco recuerda que cuando cursaba el segundo a\u00f1o del seminario diocesano en...","robots":{"index":"index","follow":"follow","max-snippet":"max-snippet:-1","max-image-preview":"max-image-preview:large","max-video-preview":"max-video-preview:-1"},"canonical":"https:\/\/webdelmaestrocmf.com\/portal\/papa-francisco-cuando-falta-el-acompanamiento-en-la-desventura-de-la-enfermedad-aumenta-la-soledad-y-el-desconcierto\/","og_locale":"es_ES","og_type":"article","og_title":"Papa Francisco: Cuando falta el acompa\u00f1amiento en la desventura de la enfermedad, aumenta la soledad y el desconcierto - 2026","og_description":"En el libro So\u00f1emos juntos, el Papa Francisco recuerda que cuando cursaba el segundo a\u00f1o del seminario diocesano en...","og_url":"https:\/\/webdelmaestrocmf.com\/portal\/papa-francisco-cuando-falta-el-acompanamiento-en-la-desventura-de-la-enfermedad-aumenta-la-soledad-y-el-desconcierto\/","og_site_name":"Web del Maestro CMF","article_publisher":"https:\/\/www.facebook.com\/WebdelMaestroCMF\/","article_author":"https:\/\/www.facebook.com\/WebdelMaestroCMF\/","article_published_time":"2021-01-28T02:54:12+00:00","article_modified_time":"2021-02-03T21:27:17+00:00","og_image":[{"width":1100,"height":680,"url":"https:\/\/i0.wp.com\/webdelmaestrocmf.com\/portal\/wp-content\/uploads\/2021\/01\/1-copia-135.jpg?fit=1100%2C680&ssl=1","type":"image\/jpeg"}],"author":"Web del Maestro CMF","twitter_card":"summary_large_image","twitter_creator":"@cmf_w","twitter_site":"@cmf_w","schema":{"@context":"https:\/\/schema.org","@graph":[{"@type":"ScholarlyArticle","@id":"https:\/\/webdelmaestrocmf.com\/portal\/papa-francisco-cuando-falta-el-acompanamiento-en-la-desventura-de-la-enfermedad-aumenta-la-soledad-y-el-desconcierto\/#article","isPartOf":{"@id":"https:\/\/webdelmaestrocmf.com\/portal\/papa-francisco-cuando-falta-el-acompanamiento-en-la-desventura-de-la-enfermedad-aumenta-la-soledad-y-el-desconcierto\/"},"author":{"name":"Web del Maestro CMF","@id":"https:\/\/webdelmaestrocmf.com\/portal\/#\/schema\/person\/1072a2ed7bd960df8ef99a551fa35dc5"},"headline":"Papa Francisco: Cuando falta el acompa\u00f1amiento en la desventura de la enfermedad, aumenta la soledad y el desconcierto","datePublished":"2021-01-28T02:54:12+00:00","dateModified":"2021-02-03T21:27:17+00:00","mainEntityOfPage":{"@id":"https:\/\/webdelmaestrocmf.com\/portal\/papa-francisco-cuando-falta-el-acompanamiento-en-la-desventura-de-la-enfermedad-aumenta-la-soledad-y-el-desconcierto\/"},"wordCount":1906,"commentCount":0,"publisher":{"@id":"https:\/\/webdelmaestrocmf.com\/portal\/#organization"},"image":{"@id":"https:\/\/webdelmaestrocmf.com\/portal\/papa-francisco-cuando-falta-el-acompanamiento-en-la-desventura-de-la-enfermedad-aumenta-la-soledad-y-el-desconcierto\/#primaryimage"},"thumbnailUrl":"https:\/\/webdelmaestrocmf.com\/portal\/wp-content\/uploads\/2021\/01\/1-copia-135.jpg","keywords":["CONVIVENCIA","CRISIS","CURACI\u00d3N","DESCONCIERTO","DIGNIDAD","enfermedad","Francisco","frases","INDIFERENCIA","misericordia","pandemia","pap\u00e1","Papa Francisco","PAZ","RECHAZO","RELACI\u00d3N INTERPERSONAL","SANIDAD","SOLEDAD","solidaridad","video"],"articleSection":["Mundo cart\u00f3lico","Papa Francisco"],"inLanguage":"es","potentialAction":[{"@type":"CommentAction","name":"Comment","target":["https:\/\/webdelmaestrocmf.com\/portal\/papa-francisco-cuando-falta-el-acompanamiento-en-la-desventura-de-la-enfermedad-aumenta-la-soledad-y-el-desconcierto\/#respond"]}]},{"@type":"WebPage","@id":"https:\/\/webdelmaestrocmf.com\/portal\/papa-francisco-cuando-falta-el-acompanamiento-en-la-desventura-de-la-enfermedad-aumenta-la-soledad-y-el-desconcierto\/","url":"https:\/\/webdelmaestrocmf.com\/portal\/papa-francisco-cuando-falta-el-acompanamiento-en-la-desventura-de-la-enfermedad-aumenta-la-soledad-y-el-desconcierto\/","name":"Papa Francisco: Cuando falta el acompa\u00f1amiento en la desventura de la enfermedad, aumenta la soledad y el desconcierto - 2026","isPartOf":{"@id":"https:\/\/webdelmaestrocmf.com\/portal\/#website"},"primaryImageOfPage":{"@id":"https:\/\/webdelmaestrocmf.com\/portal\/papa-francisco-cuando-falta-el-acompanamiento-en-la-desventura-de-la-enfermedad-aumenta-la-soledad-y-el-desconcierto\/#primaryimage"},"image":{"@id":"https:\/\/webdelmaestrocmf.com\/portal\/papa-francisco-cuando-falta-el-acompanamiento-en-la-desventura-de-la-enfermedad-aumenta-la-soledad-y-el-desconcierto\/#primaryimage"},"thumbnailUrl":"https:\/\/webdelmaestrocmf.com\/portal\/wp-content\/uploads\/2021\/01\/1-copia-135.jpg","datePublished":"2021-01-28T02:54:12+00:00","dateModified":"2021-02-03T21:27:17+00:00","description":"En el libro So\u00f1emos juntos, el Papa Francisco recuerda que cuando cursaba el segundo a\u00f1o del seminario diocesano en...","breadcrumb":{"@id":"https:\/\/webdelmaestrocmf.com\/portal\/papa-francisco-cuando-falta-el-acompanamiento-en-la-desventura-de-la-enfermedad-aumenta-la-soledad-y-el-desconcierto\/#breadcrumb"},"inLanguage":"es","potentialAction":[{"@type":"ReadAction","target":["https:\/\/webdelmaestrocmf.com\/portal\/papa-francisco-cuando-falta-el-acompanamiento-en-la-desventura-de-la-enfermedad-aumenta-la-soledad-y-el-desconcierto\/"]}]},{"@type":"ImageObject","inLanguage":"es","@id":"https:\/\/webdelmaestrocmf.com\/portal\/papa-francisco-cuando-falta-el-acompanamiento-en-la-desventura-de-la-enfermedad-aumenta-la-soledad-y-el-desconcierto\/#primaryimage","url":"https:\/\/webdelmaestrocmf.com\/portal\/wp-content\/uploads\/2021\/01\/1-copia-135.jpg","contentUrl":"https:\/\/webdelmaestrocmf.com\/portal\/wp-content\/uploads\/2021\/01\/1-copia-135.jpg","width":1100,"height":680},{"@type":"BreadcrumbList","@id":"https:\/\/webdelmaestrocmf.com\/portal\/papa-francisco-cuando-falta-el-acompanamiento-en-la-desventura-de-la-enfermedad-aumenta-la-soledad-y-el-desconcierto\/#breadcrumb","itemListElement":[{"@type":"ListItem","position":1,"name":"Portada","item":"https:\/\/webdelmaestrocmf.com\/portal\/"},{"@type":"ListItem","position":2,"name":"Mundo cart\u00f3lico","item":"https:\/\/webdelmaestrocmf.com\/portal\/category\/pastoral\/"},{"@type":"ListItem","position":3,"name":"Papa Francisco: Cuando falta el acompa\u00f1amiento en la desventura de la enfermedad, aumenta la soledad y el desconcierto"}]},{"@type":"WebSite","@id":"https:\/\/webdelmaestrocmf.com\/portal\/#website","url":"https:\/\/webdelmaestrocmf.com\/portal\/","name":"Web del Maestro CMF","description":"Maestros al servicio de la educaci\u00f3n","publisher":{"@id":"https:\/\/webdelmaestrocmf.com\/portal\/#organization"},"alternateName":"WMCMF","potentialAction":[{"@type":"SearchAction","target":{"@type":"EntryPoint","urlTemplate":"https:\/\/webdelmaestrocmf.com\/portal\/?s={search_term_string}"},"query-input":{"@type":"PropertyValueSpecification","valueRequired":true,"valueName":"search_term_string"}}],"inLanguage":"es"},{"@type":"Organization","@id":"https:\/\/webdelmaestrocmf.com\/portal\/#organization","name":"Web del Maestro CMF","alternateName":"WMCMF","url":"https:\/\/webdelmaestrocmf.com\/portal\/","logo":{"@type":"ImageObject","inLanguage":"es","@id":"https:\/\/webdelmaestrocmf.com\/portal\/#\/schema\/logo\/image\/","url":"https:\/\/webdelmaestrocmf.com\/portal\/wp-content\/uploads\/2023\/01\/logo-wmcmf-2.png","contentUrl":"https:\/\/webdelmaestrocmf.com\/portal\/wp-content\/uploads\/2023\/01\/logo-wmcmf-2.png","width":200,"height":60,"caption":"Web del Maestro CMF"},"image":{"@id":"https:\/\/webdelmaestrocmf.com\/portal\/#\/schema\/logo\/image\/"},"sameAs":["https:\/\/www.facebook.com\/WebdelMaestroCMF\/","https:\/\/x.com\/cmf_w","https:\/\/www.pinterest.com\/WMCMF\/","https:\/\/www.linkedin.com\/company\/web-del-maestro-cmf\/","https:\/\/www.instagram.com\/wmcmf\/","https:\/\/www.youtube.com\/channel\/UCDPSvjbdodE5sHnC3OxutHw","https:\/\/mastodon.social\/@wmcmf","https:\/\/www.tiktok.com\/@webdelmaestrocmf"]},{"@type":"Person","@id":"https:\/\/webdelmaestrocmf.com\/portal\/#\/schema\/person\/1072a2ed7bd960df8ef99a551fa35dc5","name":"Web del Maestro CMF","image":{"@type":"ImageObject","inLanguage":"es","@id":"https:\/\/secure.gravatar.com\/avatar\/23291dd5b5ae1077dcff3dbb04c3e02bd28403fa75af6d8787d5e97c5bbbe30b?s=96&d=mm&r=g","url":"https:\/\/secure.gravatar.com\/avatar\/23291dd5b5ae1077dcff3dbb04c3e02bd28403fa75af6d8787d5e97c5bbbe30b?s=96&d=mm&r=g","contentUrl":"https:\/\/secure.gravatar.com\/avatar\/23291dd5b5ae1077dcff3dbb04c3e02bd28403fa75af6d8787d5e97c5bbbe30b?s=96&d=mm&r=g","caption":"Web del Maestro CMF"},"description":"Esta Web se cre\u00f3 sin fines de lucro, con fines educativos, cient\u00edficos y acad\u00e9micos, para personas que tengan dificultades y\/o inconvenientes en visualizar el material original. El objetivo es entregar recursos, compartir experiencias y materiales que ayuden a los padres de familia, maestros y estudiantes en su actualizaci\u00f3n y formaci\u00f3n permanente, en bien de la Educaci\u00f3n.","sameAs":["http:\/\/webdelmaestrocmf.com\/portal","https:\/\/www.facebook.com\/WebdelMaestroCMF\/","https:\/\/www.instagram.com\/wmcmf\/","https:\/\/cl.linkedin.com\/company\/web-del-maestro-cmf","https:\/\/www.pinterest.com\/WMCMF\/publicaciones\/","https:\/\/x.com\/cmf_w","https:\/\/www.youtube.com\/@WMCMF"]}]}},"jetpack_featured_media_url":"https:\/\/webdelmaestrocmf.com\/portal\/wp-content\/uploads\/2021\/01\/1-copia-135.jpg","jetpack_sharing_enabled":true,"jetpack-related-posts":[{"id":108765,"url":"https:\/\/webdelmaestrocmf.com\/portal\/vaticano-activa-protocolo-de-sucesion-tras-muerte-del-papa-francisco\/","url_meta":{"origin":58471,"position":0},"title":"Vaticano activa protocolo de sucesi\u00f3n tras muerte del Papa Francisco","author":"Web del Maestro CMF","date":"21 abril, 2025","format":false,"excerpt":"Este lunes 21 de abril, el\u00a0papa Francisco\u00a0falleci\u00f3 en su residencia de la Casa Santa Marta, luego de m\u00e1s de dos meses padeciendo problemas respiratorios que lo mantuvieron hospitalizado en Italia. El maestro ceremoniero del Vaticano,\u00a0Diego Ravelli,\u00a0comunic\u00f3 que el f\u00e9retro ser\u00e1 velado en la capilla de su residencia por disposici\u00f3n de\u00a0Jorge\u2026","rel":"","context":"En \u00abMundo cart\u00f3lico\u00bb","block_context":{"text":"Mundo cart\u00f3lico","link":"https:\/\/webdelmaestrocmf.com\/portal\/category\/pastoral\/"},"img":{"alt_text":"","src":"https:\/\/i0.wp.com\/webdelmaestrocmf.com\/portal\/wp-content\/uploads\/2025\/04\/1A-Banner-1-portada-imagen-10-1-8.jpg?resize=350%2C200&ssl=1","width":350,"height":200,"srcset":"https:\/\/i0.wp.com\/webdelmaestrocmf.com\/portal\/wp-content\/uploads\/2025\/04\/1A-Banner-1-portada-imagen-10-1-8.jpg?resize=350%2C200&ssl=1 1x, https:\/\/i0.wp.com\/webdelmaestrocmf.com\/portal\/wp-content\/uploads\/2025\/04\/1A-Banner-1-portada-imagen-10-1-8.jpg?resize=525%2C300&ssl=1 1.5x, https:\/\/i0.wp.com\/webdelmaestrocmf.com\/portal\/wp-content\/uploads\/2025\/04\/1A-Banner-1-portada-imagen-10-1-8.jpg?resize=700%2C400&ssl=1 2x"},"classes":[]},{"id":20425,"url":"https:\/\/webdelmaestrocmf.com\/portal\/papa-aprueba-una-nueva-via-alcanzar-la-santidad\/","url_meta":{"origin":58471,"position":1},"title":"El Papa aprueba una nueva v\u00eda para alcanzar la santidad","author":"Web del Maestro CMF","date":"12 julio, 2017","format":false,"excerpt":"El Papa Francisco abre una nueva v\u00eda para alcanzar la santidad. As\u00ed lo ha establecido en esta carta apost\u00f3lica con forma de Motu Proprio titulada \"Maiorem hac dilectionem\u201d. Se llama \"la v\u00eda del ofrecimiento de la vida\u201d.\u00a0Reconoce la santidad de quienes han ofrecido su vida por el Evangelio y por\u2026","rel":"","context":"En \u00abMundo cart\u00f3lico\u00bb","block_context":{"text":"Mundo cart\u00f3lico","link":"https:\/\/webdelmaestrocmf.com\/portal\/category\/pastoral\/"},"img":{"alt_text":"","src":"https:\/\/i0.wp.com\/webdelmaestrocmf.com\/portal\/wp-content\/uploads\/2017\/10\/1ss.jpg?resize=350%2C200&ssl=1","width":350,"height":200,"srcset":"https:\/\/i0.wp.com\/webdelmaestrocmf.com\/portal\/wp-content\/uploads\/2017\/10\/1ss.jpg?resize=350%2C200&ssl=1 1x, https:\/\/i0.wp.com\/webdelmaestrocmf.com\/portal\/wp-content\/uploads\/2017\/10\/1ss.jpg?resize=525%2C300&ssl=1 1.5x"},"classes":[]},{"id":108761,"url":"https:\/\/webdelmaestrocmf.com\/portal\/fallece-el-papa-francisco-a-los-88-anos-de-edad\/","url_meta":{"origin":58471,"position":2},"title":"Fallece el Papa Francisco a los 88 a\u00f1os de edad","author":"Web del Maestro CMF","date":"21 abril, 2025","format":false,"excerpt":"El Papa Francisco ha fallecido a las 7.35 horas de este lunes a los 88 a\u00f1os de edad. As\u00ed lo ha contado desde Roma, la corresponsal de COPE, Eva Fern\u00e1ndez. El fallecimiento se ha producido horas despu\u00e9s de verle por \u00faltima vez en la Plaza de San Pedro saludando desde\u2026","rel":"","context":"En \u00abMundo cart\u00f3lico\u00bb","block_context":{"text":"Mundo cart\u00f3lico","link":"https:\/\/webdelmaestrocmf.com\/portal\/category\/pastoral\/"},"img":{"alt_text":"","src":"https:\/\/i0.wp.com\/webdelmaestrocmf.com\/portal\/wp-content\/uploads\/2025\/04\/1A-Banner-1-portada-imagen-10-1-7.jpg?resize=350%2C200&ssl=1","width":350,"height":200,"srcset":"https:\/\/i0.wp.com\/webdelmaestrocmf.com\/portal\/wp-content\/uploads\/2025\/04\/1A-Banner-1-portada-imagen-10-1-7.jpg?resize=350%2C200&ssl=1 1x, https:\/\/i0.wp.com\/webdelmaestrocmf.com\/portal\/wp-content\/uploads\/2025\/04\/1A-Banner-1-portada-imagen-10-1-7.jpg?resize=525%2C300&ssl=1 1.5x, https:\/\/i0.wp.com\/webdelmaestrocmf.com\/portal\/wp-content\/uploads\/2025\/04\/1A-Banner-1-portada-imagen-10-1-7.jpg?resize=700%2C400&ssl=1 2x"},"classes":[]},{"id":37473,"url":"https:\/\/webdelmaestrocmf.com\/portal\/fuerte-denuncia-del-papa-francisco-contra-el-aborto-durante-la-audiencia-general\/","url_meta":{"origin":58471,"position":3},"title":"Fuerte denuncia del Papa Francisco contra el aborto durante la Audiencia General","author":"Web del Maestro CMF","date":"12 junio, 2019","format":false,"excerpt":"Durante la audiencia general, al saludar a los peregrinos de Polonia, el Papa critic\u00f3 con dureza el aborto. Francisco apoy\u00f3 las \u201cMarchas por la Vida\u201d que el domingo se celebraron en todo el pa\u00eds. \u201cEstamos llamados a defenderla y servirla ya desde la concepci\u00f3n en el seno materno hasta la\u2026","rel":"","context":"En \u00abMundo cart\u00f3lico\u00bb","block_context":{"text":"Mundo cart\u00f3lico","link":"https:\/\/webdelmaestrocmf.com\/portal\/category\/pastoral\/"},"img":{"alt_text":"","src":"https:\/\/i0.wp.com\/webdelmaestrocmf.com\/portal\/wp-content\/uploads\/2019\/06\/1-9.jpg?resize=350%2C200&ssl=1","width":350,"height":200,"srcset":"https:\/\/i0.wp.com\/webdelmaestrocmf.com\/portal\/wp-content\/uploads\/2019\/06\/1-9.jpg?resize=350%2C200&ssl=1 1x, https:\/\/i0.wp.com\/webdelmaestrocmf.com\/portal\/wp-content\/uploads\/2019\/06\/1-9.jpg?resize=525%2C300&ssl=1 1.5x, https:\/\/i0.wp.com\/webdelmaestrocmf.com\/portal\/wp-content\/uploads\/2019\/06\/1-9.jpg?resize=700%2C400&ssl=1 2x, https:\/\/i0.wp.com\/webdelmaestrocmf.com\/portal\/wp-content\/uploads\/2019\/06\/1-9.jpg?resize=1050%2C600&ssl=1 3x"},"classes":[]},{"id":19179,"url":"https:\/\/webdelmaestrocmf.com\/portal\/papa-francisco-las-guerras-enriquecen-los-mercaderes-la-muerte\/","url_meta":{"origin":58471,"position":4},"title":"Papa Francisco: las guerras enriquecen a los mercaderes de la muerte","author":"Web del Maestro CMF","date":"7 junio, 2017","format":false,"excerpt":"\u201cEl Papa ha publicado un v\u00eddeo en el que presenta su intenci\u00f3n de oraci\u00f3n para el mes de junio.\u00a0Francisco pide oraciones para acabar con el comercio de armas. Francisco dice que\u00a0\"es una absurda contradicci\u00f3n hablar de paz, negociar la paz y, al mismo tiempo, promover o permitir el comercio de\u2026","rel":"","context":"En \u00abMundo cart\u00f3lico\u00bb","block_context":{"text":"Mundo cart\u00f3lico","link":"https:\/\/webdelmaestrocmf.com\/portal\/category\/pastoral\/"},"img":{"alt_text":"","src":"https:\/\/i0.wp.com\/webdelmaestrocmf.com\/portal\/wp-content\/uploads\/2017\/10\/1ss.jpg?resize=350%2C200&ssl=1","width":350,"height":200,"srcset":"https:\/\/i0.wp.com\/webdelmaestrocmf.com\/portal\/wp-content\/uploads\/2017\/10\/1ss.jpg?resize=350%2C200&ssl=1 1x, https:\/\/i0.wp.com\/webdelmaestrocmf.com\/portal\/wp-content\/uploads\/2017\/10\/1ss.jpg?resize=525%2C300&ssl=1 1.5x"},"classes":[]},{"id":54085,"url":"https:\/\/webdelmaestrocmf.com\/portal\/30-frases-del-papa-francisco-para-confiar-en-la-vida-eterna\/","url_meta":{"origin":58471,"position":5},"title":"30 frases del Papa Francisco para confiar en la Vida Eterna","author":"Web del Maestro CMF","date":"5 noviembre, 2020","format":false,"excerpt":"Con ocasi\u00f3n de recordar y pedir por el eterno descanso de los difuntos el d\u00eda 02 de noviembre, la Iglesia Cat\u00f3lica de manera especial el 05 de noviembre ha celebrado una Eucar\u00edstica en sufragio de los Cardenales y Obispos fallecidos durante el \u00faltimo a\u00f1o, compartimos algunos pensamientos del Papa Francisco.\u2026","rel":"","context":"En \u00abMundo cart\u00f3lico\u00bb","block_context":{"text":"Mundo cart\u00f3lico","link":"https:\/\/webdelmaestrocmf.com\/portal\/category\/pastoral\/"},"img":{"alt_text":"","src":"https:\/\/i0.wp.com\/webdelmaestrocmf.com\/portal\/wp-content\/uploads\/2020\/11\/1-35.jpg?resize=350%2C200&ssl=1","width":350,"height":200,"srcset":"https:\/\/i0.wp.com\/webdelmaestrocmf.com\/portal\/wp-content\/uploads\/2020\/11\/1-35.jpg?resize=350%2C200&ssl=1 1x, https:\/\/i0.wp.com\/webdelmaestrocmf.com\/portal\/wp-content\/uploads\/2020\/11\/1-35.jpg?resize=525%2C300&ssl=1 1.5x, https:\/\/i0.wp.com\/webdelmaestrocmf.com\/portal\/wp-content\/uploads\/2020\/11\/1-35.jpg?resize=700%2C400&ssl=1 2x, https:\/\/i0.wp.com\/webdelmaestrocmf.com\/portal\/wp-content\/uploads\/2020\/11\/1-35.jpg?resize=1050%2C600&ssl=1 3x"},"classes":[]}],"_links":{"self":[{"href":"https:\/\/webdelmaestrocmf.com\/portal\/wp-json\/wp\/v2\/posts\/58471","targetHints":{"allow":["GET"]}}],"collection":[{"href":"https:\/\/webdelmaestrocmf.com\/portal\/wp-json\/wp\/v2\/posts"}],"about":[{"href":"https:\/\/webdelmaestrocmf.com\/portal\/wp-json\/wp\/v2\/types\/post"}],"author":[{"embeddable":true,"href":"https:\/\/webdelmaestrocmf.com\/portal\/wp-json\/wp\/v2\/users\/1"}],"replies":[{"embeddable":true,"href":"https:\/\/webdelmaestrocmf.com\/portal\/wp-json\/wp\/v2\/comments?post=58471"}],"version-history":[{"count":0,"href":"https:\/\/webdelmaestrocmf.com\/portal\/wp-json\/wp\/v2\/posts\/58471\/revisions"}],"wp:featuredmedia":[{"embeddable":true,"href":"https:\/\/webdelmaestrocmf.com\/portal\/wp-json\/wp\/v2\/media\/58476"}],"wp:attachment":[{"href":"https:\/\/webdelmaestrocmf.com\/portal\/wp-json\/wp\/v2\/media?parent=58471"}],"wp:term":[{"taxonomy":"category","embeddable":true,"href":"https:\/\/webdelmaestrocmf.com\/portal\/wp-json\/wp\/v2\/categories?post=58471"},{"taxonomy":"post_tag","embeddable":true,"href":"https:\/\/webdelmaestrocmf.com\/portal\/wp-json\/wp\/v2\/tags?post=58471"}],"curies":[{"name":"wp","href":"https:\/\/api.w.org\/{rel}","templated":true}]}}