{"id":58421,"date":"2025-07-25T16:00:00","date_gmt":"2025-07-25T20:00:00","guid":{"rendered":"https:\/\/webdelmaestrocmf.com\/portal\/?p=58421"},"modified":"2025-07-25T19:16:43","modified_gmt":"2025-07-25T23:16:43","slug":"diferencia-significado-y-etimologia-de-docente-maestro-profesor-formador-instructor-y-mentor","status":"publish","type":"post","link":"https:\/\/webdelmaestrocmf.com\/portal\/diferencia-significado-y-etimologia-de-docente-maestro-profesor-formador-instructor-y-mentor\/","title":{"rendered":"Diferencia, significado y etimolog\u00eda de maestro, docente, profesor, formador, instructor y mentor"},"content":{"rendered":"<p style=\"text-align: justify;\">En nuestro leguaje ordinario (algunos) usamos ciertas palabras como sin\u00f3nimos, como es el caso de profesor, docente y profesor, adem\u00e1s de asociarlos a la tarea del formador, del instructor y del mentor, entre otras. Deseamos que este art\u00edculo nos ayude a tener una idea m\u00e1s clara de sus significados y las connotaciones en las cuales podemos (y debemos) usarlos, y ense\u00f1ar a usarlos.<!--more--><\/p>\n<p style=\"text-align: justify;\">Es bueno que quede claro que, este aporte a la reflexi\u00f3n de nuestra comunidad educativa de la Web del Maestro CMF, <strong>no pretende ser una regla, una norma, una receta, un dogma, &#8230;, ni la \u00faltima palabra<\/strong>; pues tenemos la experiencia que la historia de las lenguas es tambi\u00e9n la de la <strong>tensi\u00f3n entre la tradici\u00f3n y el sentido pr\u00e1ctico<\/strong> del uso.\u00a0 Y adem\u00e1s, creemos que en Educaci\u00f3n la \u00faltima palabra todav\u00eda no est\u00e1 dicha.<\/p>\n<p style=\"text-align: justify;\">Como educadores <strong>estamos involucrados en la ense\u00f1anza primaria del uso correcto del lenguaje<\/strong>, del desarrollo de las competencias y habilidades lectoras, de comprensi\u00f3n y comunicaci\u00f3n de nuestros estudiantes. y m\u00e1s ahora que encontramos el desaf\u00edo de la \u201cinvasi\u00f3n\u201d incontrolable de nuevos t\u00e9rminos provenientes de otras lenguas o nuevas connotaciones por su uso en las redes sociales. \u201cHar\u00edamos mal en descartarlos con displicencia. Incluso gente de ortograf\u00eda impecable manda sus SMS relajando la escritura hacia la fon\u00e9tica. <strong>El problema no es la relajaci\u00f3n sino el caos.<\/strong> No hay que censurar sino encauzar y uniformar ese impulso, saludable y modernizador, a trav\u00e9s de las instituciones que hist\u00f3ricamente encauzaron con \u00e9xito los usos dentro de la normativa\u201d. (<em>Karina Galper\u00edn, <\/em>en La Naci\u00f3n<em>). <\/em><strong>Y esta es una de las tareas docentes que ojal\u00e1 no se nos quede en la procrastinaci\u00f3n.<\/strong><\/p>\n<h5 style=\"text-align: left;\"><strong>NECESITAMOS MAESTROS AUT\u00c9NTICOS Y NO SIMPLE INSTRUCTORES <\/strong>(11\u00b4 04\u201d)<\/h5>\n<p><iframe loading=\"lazy\" title=\"YouTube video player\" src=\"https:\/\/www.youtube.com\/embed\/9NPhOvUc_WY\" width=\"100%\" height=\"400\" frameborder=\"0\" allowfullscreen=\"allowfullscreen\"><span data-mce-type=\"bookmark\" style=\"display: inline-block; width: 0px; overflow: hidden; line-height: 0;\" class=\"mce_SELRES_start\">\ufeff<\/span><\/iframe><\/p>\n<h5 style=\"text-align: justify;\"><strong>SIGNIFICADO SEG\u00daN LA REAL ACADEMIA DE LA LENGUA ESPA\u00d1OLA<\/strong><\/h5>\n<h5><strong>1. DOCENTE:<\/strong><\/h5>\n<ul>\n<li style=\"text-align: justify;\">adj. Que ense\u00f1a. U. t. c. s.<\/li>\n<li style=\"text-align: justify;\">adj. Perteneciente o relativo a la ense\u00f1anza.<\/li>\n<\/ul>\n<h5><strong>2. MAESTRO:<\/strong><\/h5>\n<ul>\n<li style=\"text-align: justify;\">adj. Dicho de una persona o de una obra: De m\u00e9rito relevante entre las de su clase.<\/li>\n<li style=\"text-align: justify;\">adj. Dicho de una cosa: Principal entre las de su clase. Viga maestra.<\/li>\n<li style=\"text-align: justify;\">adj. Dicho de un animal: Que est\u00e1 adiestrado. Perro, halc\u00f3n maestro.<\/li>\n<\/ul>\n<ol style=\"text-align: justify;\">\n<li>m. y f. Persona que ense\u00f1a una ciencia, arte u oficio, o tiene t\u00edtulo para hacerlo.<\/li>\n<li>m. y f. maestro de primera ense\u00f1anza.<\/li>\n<li>m. y f. Persona que es pr\u00e1ctica en una materia y la maneja con desenvoltura.<\/li>\n<li>m. y f. Persona que est\u00e1 aprobada en un oficio mec\u00e1nico o lo ejerce p\u00fablicamente. Maestro de taller.<\/li>\n<li>m. y f. Compositor de m\u00fasica.<\/li>\n<li>T\u00edtulo que en algunas \u00f3rdenes regulares se da a los religiosos encargados de ense\u00f1ar, y que otras veces sirve para condecorar a los benem\u00e9ritos.<\/li>\n<li>Hombre que ten\u00eda el grado mayor en filosof\u00eda, conferido por una universidad.<\/li>\n<li>Mar. Palo mayor de una embarcaci\u00f3n.<\/li>\n<li>M\u00e9x. Titulaci\u00f3n correspondiente a la maestr\u00eda (\u2016 curso de posgrado).<\/li>\n<\/ol>\n<h5><strong>3. PROFESOR:<\/strong><\/h5>\n<ol>\n<li>m.\u00a0 y f. Persona que ejerce o ense\u00f1a una ciencia o arte.<\/li>\n<li>m. y f. profesor normalmente adscrito a una determinada c\u00e1tedra o departamento.<\/li>\n<li>m. y f. Esp. En los institutos de bachillerato y en las universidades, profesor numerario que estaba adscrito a una c\u00e1tedra o a un departamento, de rango administrativo inmediatamente inferior al de catedr\u00e1tico.<\/li>\n<li>m. y f. Persona que trabaja fuera de la universidad y es contratada temporalmente por ella.<\/li>\n<li>m. y f. profesor que pertenece a una plantilla de funcionarios.<\/li>\n<\/ol>\n<h5><strong>4. FORMADOR:<\/strong><\/h5>\n<ul>\n<li style=\"text-align: justify;\">adj. Que forma o pone en orden. U. t. c. s.<\/li>\n<\/ul>\n<ol style=\"text-align: justify;\">\n<li>m. y f. M\u00e9x. Persona que da formato a un libro o revista.<\/li>\n<\/ol>\n<ul>\n<li style=\"text-align: justify;\">adj. Que forma u ordena. Usado tambi\u00e9n como sustantivo.<\/li>\n<\/ul>\n<h5><strong>5. INSTRUCTOR:<\/strong><\/h5>\n<ul>\n<li style=\"text-align: justify;\">adj. Que instruye. U. t. c. s.<\/li>\n<\/ul>\n<h5><strong>6. MENTOR:<\/strong><\/h5>\n<ol style=\"text-align: justify;\" start=\"6\">\n<li>m. y f. Consejero o gu\u00eda.<\/li>\n<li>m. y f. Maestro, padrino. Fue su mentor pol\u00edtico.<\/li>\n<li>m. y f. ayo.<\/li>\n<\/ol>\n<p style=\"text-align: justify;\">Art\u00edculo recomendado: <a href=\"https:\/\/webdelmaestrocmf.com\/portal\/emilia-ferreiro-ni-piaget-imagino-los-desafios-de-los-chicos-contemporaneos\/\" target=\"_blank\" rel=\"noopener\">Emilia Ferreiro: Los chicos ya vienen formados por la pantalla y reci\u00e9n en la escuela ingresan al papel escrito<\/a><\/p>\n<h5 style=\"text-align: left;\"><strong>ORIGEN Y EVOLUCI\u00d3N DE LAS PALABRAS, SIGNIFICACI\u00d3N Y SUS FORMAS<\/strong><\/h5>\n<p style=\"text-align: justify;\">A fin de conocer mejor estas seis palabras, nos permitimos compartir con Ustedes, por motivos \u00fanicamente educativos y de formaci\u00f3n permanente, casi completo el art\u00edculo con todos si enlaces originales, del profesor Francisco Javier \u00c1lvarez Comesa\u00f1a, especializado en espa\u00f1ol, ling\u00fc\u00edstica y humanidades, que publica <strong><em>Gram\u00e1tica Hist\u00f3rica del Castellano<\/em><\/strong>\u00a0 y que en YouTube tiene <strong>17 reglas fundamentales de la evoluci\u00f3n del espa\u00f1ol desde el lat\u00edn, aplic\u00e1ndolas a 30 palabras latinas (\u00c9TIMOS<\/strong>); y que nos puede ayudar a aclarar mejor si las palabras formador, profesor, maestro, docente, instructor y mentor; que usamos (algunos) como sin\u00f3nimos, realmente \u00bflo son?<\/p>\n<ol style=\"text-align: justify;\">\n<li><strong>ETIMOLOG\u00cdA DE \u00abFORMADOR\u00bb<\/strong><\/li>\n<\/ol>\n<p style=\"text-align: justify; padding-left: 40px;\">Esta palabra etimol\u00f3gicamente esta compuesta del verbo transitivo e intransitivo \u00abformar\u00bb y del sufijo \u00abdor\u00bb que indica el que suele realizar la acci\u00f3n y como agente o causante, tambi\u00e9n procede del lat\u00edn \u00abform\u0101tor\u00bb.<\/p>\n<p style=\"text-align: justify; padding-left: 40px;\">Puede actuar como un sustantivo y un adjetivo.<\/p>\n<p><img loading=\"lazy\" decoding=\"async\" class=\"alignnone wp-image-58449 \" src=\"https:\/\/webdelmaestrocmf.com\/portal\/wp-content\/uploads\/2021\/01\/1-174-e1611775069494.jpg\" alt=\"significado\" width=\"779\" height=\"600\" srcset=\"https:\/\/webdelmaestrocmf.com\/portal\/wp-content\/uploads\/2021\/01\/1-174-e1611775069494.jpg 680w, https:\/\/webdelmaestrocmf.com\/portal\/wp-content\/uploads\/2021\/01\/1-174-e1611775069494-300x231.jpg 300w, https:\/\/webdelmaestrocmf.com\/portal\/wp-content\/uploads\/2021\/01\/1-174-e1611775069494-110x85.jpg 110w, https:\/\/webdelmaestrocmf.com\/portal\/wp-content\/uploads\/2021\/01\/1-174-e1611775069494-200x154.jpg 200w, https:\/\/webdelmaestrocmf.com\/portal\/wp-content\/uploads\/2021\/01\/1-174-e1611775069494-380x293.jpg 380w, https:\/\/webdelmaestrocmf.com\/portal\/wp-content\/uploads\/2021\/01\/1-174-e1611775069494-255x197.jpg 255w, https:\/\/webdelmaestrocmf.com\/portal\/wp-content\/uploads\/2021\/01\/1-174-e1611775069494-550x424.jpg 550w, https:\/\/webdelmaestrocmf.com\/portal\/wp-content\/uploads\/2021\/01\/1-174-e1611775069494-220x170.jpg 220w, https:\/\/webdelmaestrocmf.com\/portal\/wp-content\/uploads\/2021\/01\/1-174-e1611775069494-400x308.jpg 400w, https:\/\/webdelmaestrocmf.com\/portal\/wp-content\/uploads\/2021\/01\/1-174-e1611775069494-510x393.jpg 510w, https:\/\/webdelmaestrocmf.com\/portal\/wp-content\/uploads\/2021\/01\/1-174-e1611775069494-600x462.jpg 600w\" sizes=\"auto, (max-width: 779px) 100vw, 779px\" \/><\/p>\n<ol style=\"text-align: justify;\" start=\"2\">\n<li><strong>ETIMOLOG\u00cdA DE \u00abDOCENTE\u00bb<\/strong><\/li>\n<\/ol>\n<p style=\"text-align: justify; padding-left: 40px;\">Un docente es, ni m\u00e1s ni menos, <strong>aquel que ense\u00f1a, sin hacer distinci\u00f3n de especialidades, edades, et<\/strong>c.<\/p>\n<p style=\"text-align: justify; padding-left: 40px;\">\u201cEtimol\u00f3gicamente, \u00abdocente\u00bb es el\u00a0<a href=\"https:\/\/www.delcastellano.com\/participio-presente-activo-espanol\/\"><strong>participio de presente<\/strong><\/a><strong>\u00a0del verbo latino\u00a0<\/strong><strong>doc\u011bre<\/strong><strong>\u00a0\u2018ense\u00f1ar\u2019<\/strong>, una\u00a0<a href=\"https:\/\/academialatin.com\/curso\/historia-fonetica-morfologia-latin\/temas-presente\/\">antigua formaci\u00f3n causativa<\/a>\u00a0que significaba, literalmente, \u2018<strong>hacer que alguien\u00a0aprenda\u00a0\u2192 ense\u00f1ar<\/strong>\u2019, derivada del verbo defectivo\u00a0decet\u00a0\u2018es conveniente\/apropiado\u2019 (cf.\u00a0\u00abdecente\u00bb; vid.\u00a0<em>te decet hymnus<\/em>\u00a0\u2018mereces un himno \u2190\u00a0te es apropiado un himno\u2019 en el \u00abIntroitus\u00bb de una misa), es decir, que en \u00faltima instancia\u00a0<strong>el docente es el que hace a alguien apropiado, conveniente\u201d<\/strong>.<\/p>\n<p style=\"text-align: justify; padding-left: 40px;\">Al docente se le reconoce que la ense\u00f1anza es su dedicaci\u00f3n y profesi\u00f3n fundamental. Por lo tanto, <strong>sus habilidades consisten en ense\u00f1ar de la mejor forma posible<\/strong> al alumno.<\/p>\n<p style=\"text-align: justify; padding-left: 40px;\">\u201cEl t\u00e9rmino <strong>docente es polis\u00e9mico<\/strong> se usan como sin\u00f3nimos del mismo las siguientes palabras: pedagogo, instructor, formador, educador, ense\u00f1ante, adiestrador, maestro, did\u00e1ctico, acad\u00e9mico, normativo, purista, cl\u00e1sico, culto, asesor, consejero, facilitador, promotor, orientador, coordinador, consiliario, tutor, gestor, mentor, gu\u00eda, gur\u00fa, mediador y conductor, entre otras\u201d.<\/p>\n<p><strong style=\"text-align: justify; color: #161616;\">ETIMOLOG\u00cdA DE \u00abMAESTRO\u00bb<\/strong><\/p>\n<p style=\"text-align: justify; padding-left: 40px;\">\u201cEs la forma\u00a0<a href=\"https:\/\/www.delcastellano.com\/tag\/palabras-patrimoniales\/\">patrimonial<\/a>\u00a0de la antigua\u00a0<strong>palabra latina\u00a0<\/strong><strong>magister<\/strong>,\u00a0<a href=\"https:\/\/www.delcastellano.com\/formas-sustantivos-adjetivos\/\">concretamente de su acusativo<\/a>\u00a0magistrum, con el\u00a0<a href=\"https:\/\/academialatin.com\/curso\/historia-fonetica-morfologia-latin\/cuarta-quinta-declinacion-adjetivos-adverbios-numerales\/\">significado original<\/a>\u00a0de \u2018<strong>el m\u00e1s mejor \u2192 jefe<\/strong>\u2018 \u2060-\u2060perm\u00edteme\u00a0decirlo as\u00ed, como m\u00e1s adelante justificar\u00e9\u2060- respecto a algo (cf.\u00a0ingl\u00e9s\u00a0<em>master<\/em>\u00a0\u2018amo, se\u00f1or\u2019); as\u00ed,\u00a0magister equitum\u00a0\u2018jefe de la caballer\u00eda\u2019, etc. De aqu\u00ed est\u00e1 clara la evoluci\u00f3n sem\u00e1ntica: <strong>el\u00a0<em>m\u00e1s mejor<\/em>\u00a0o el jefe de una escuela<\/strong> <strong>ha de ser forzosamente el maestro<\/strong>, ya que sabe m\u00e1s que sus\u00a0<a href=\"https:\/\/www.delcastellano.com\/etimologia-estudiante-alumno\/\">alumnos<\/a>. Tambi\u00e9n est\u00e1 clara la relaci\u00f3n con el uso en expresiones como la manida \u00ab\u00a1m\u00fasica, maestro!\u00bb, en la que el tal maestro no es que sea docente de la m\u00fasica, sino que es\u00a0<em>el m\u00e1s mejor<\/em>\u00a0de los m\u00fasicos presentes.<\/p>\n<p style=\"text-align: justify; padding-left: 40px;\">La palabra\u00a0<strong>magister<\/strong><strong>\u00a0est\u00e1 construida sobre la ra\u00edz de\u00a0<\/strong><strong>magis<\/strong><strong>\u00a0\u2018m\u00e1s\u2019<\/strong>, de donde tambi\u00e9n \u00abm\u00e1ximo\u00bb, \u00abmagno\u00bb, etc. Sobre esta ra\u00edz, que ya por s\u00ed misma tiene un significado de superioridad, se a\u00f1ade un sufijo\u00a0\u2011ter\u00a0de origen contrastivo-comparativo (cf.\u00a0<a href=\"https:\/\/academialatin.com\/curso\/historia-fonetica-morfologia-latin\/segunda-declinacion-temas-o-e\/\">dexter, sinister<\/a>\u00a0\u2018derecha,\u00a0<a href=\"https:\/\/www.delcastellano.com\/etimologia-siniestro-izquierda\/\">izquierda<\/a>\u2019: \u00abderecha\u00bb es, efectivamente, ant\u00f3nimo de \u00abizquierda\u00bb): de ah\u00ed la aberraci\u00f3n de \u00abel m\u00e1s mejor\u00bb\u201d.<\/p>\n<p><a href=\"https:\/\/webdelmaestrocmf.com\/portal\/wp-content\/uploads\/2021\/01\/3-11.jpg\"><img loading=\"lazy\" decoding=\"async\" class=\"alignnone wp-image-58442 size-full\" src=\"https:\/\/webdelmaestrocmf.com\/portal\/wp-content\/uploads\/2021\/01\/3-11.jpg\" alt=\"significado\" width=\"940\" height=\"788\" srcset=\"https:\/\/webdelmaestrocmf.com\/portal\/wp-content\/uploads\/2021\/01\/3-11.jpg 940w, https:\/\/webdelmaestrocmf.com\/portal\/wp-content\/uploads\/2021\/01\/3-11-300x251.jpg 300w, https:\/\/webdelmaestrocmf.com\/portal\/wp-content\/uploads\/2021\/01\/3-11-768x644.jpg 768w, https:\/\/webdelmaestrocmf.com\/portal\/wp-content\/uploads\/2021\/01\/3-11-110x92.jpg 110w, https:\/\/webdelmaestrocmf.com\/portal\/wp-content\/uploads\/2021\/01\/3-11-200x168.jpg 200w, https:\/\/webdelmaestrocmf.com\/portal\/wp-content\/uploads\/2021\/01\/3-11-380x319.jpg 380w, https:\/\/webdelmaestrocmf.com\/portal\/wp-content\/uploads\/2021\/01\/3-11-255x214.jpg 255w, https:\/\/webdelmaestrocmf.com\/portal\/wp-content\/uploads\/2021\/01\/3-11-550x461.jpg 550w, https:\/\/webdelmaestrocmf.com\/portal\/wp-content\/uploads\/2021\/01\/3-11-800x671.jpg 800w, https:\/\/webdelmaestrocmf.com\/portal\/wp-content\/uploads\/2021\/01\/3-11-220x184.jpg 220w, https:\/\/webdelmaestrocmf.com\/portal\/wp-content\/uploads\/2021\/01\/3-11-400x335.jpg 400w, https:\/\/webdelmaestrocmf.com\/portal\/wp-content\/uploads\/2021\/01\/3-11-760x637.jpg 760w, https:\/\/webdelmaestrocmf.com\/portal\/wp-content\/uploads\/2021\/01\/3-11-510x428.jpg 510w, https:\/\/webdelmaestrocmf.com\/portal\/wp-content\/uploads\/2021\/01\/3-11-600x503.jpg 600w\" sizes=\"auto, (max-width: 940px) 100vw, 940px\" \/><\/a><\/p>\n<h5 style=\"text-align: justify;\"><strong>EVOLUCI\u00d3N DEL LAT\u00cdN MAGISTRUM AL ESPA\u00d1OL \u00abMAESTRO\u00bb <\/strong>(01\u00b4 38\u201d)<\/h5>\n<p><iframe loading=\"lazy\" src=\"https:\/\/www.youtube.com\/embed\/wA7PyjQDAAc\" width=\"100%\" height=\"400\" frameborder=\"0\" allowfullscreen=\"allowfullscreen\"><span data-mce-type=\"bookmark\" style=\"display: inline-block; width: 0px; overflow: hidden; line-height: 0;\" class=\"mce_SELRES_start\">\ufeff<\/span><\/iframe><\/p>\n<ol style=\"text-align: justify;\" start=\"4\">\n<li><strong>ETIMOLOG\u00cdA DE \u00abPROFESOR\u00bb<\/strong><\/li>\n<\/ol>\n<p style=\"text-align: justify; padding-left: 40px;\">\u201cEs un sustantivo de acci\u00f3n\u00a0<strong>derivado del verbo\u00a0<\/strong><strong>profit\u0113ri<\/strong><strong>\u00a0\u2018hablar delante de la gente\u2019<\/strong>, compuesto por el preverbio\u00a0pro\u2011\u00a0\u2018delante de\u2019 y el verbo\u00a0fat\u0113ri\u00a0\u2018hablar\u2019 (cf.\u00a0\u00abfama\u00bb,\u00a0\u00abconfesar\u00bb, etc.). El\u00a0<a href=\"https:\/\/academialatin.com\/curso\/historia-fonetica-morfologia-latin\/vocalismo-cambios-timbre\/\">cambio de timbre<\/a>\u00a0pro\u2011f<strong>a<\/strong>t\u0113ri\u00a0a\u00a0prof<strong>i<\/strong>t\u0113ri\u00a0es una\u00a0<a href=\"https:\/\/academialatin.com\/curso\/historia-fonetica-morfologia-latin\/vocalismo-cambios-timbre\/\">apofon\u00eda t\u00edpica del lat\u00edn<\/a>\u201d, y permite saber que la evoluci\u00f3n sem\u00e1ntica de la palabra es para vreferirse a \u00abaquel que habla delante de los alumnos\u00bb.<\/p>\n<p style=\"text-align: justify; padding-left: 40px;\">Les sugerimos completar la informaci\u00f3n anterior, con enlaces a sitios muy recomendables para quienes deseen profundizar en este tema, en nuestra fuente: <a href=\"https:\/\/www.delcastellano.com\/etimologia-docente-maestro-profesor\/\" target=\"_blank\" rel=\"noopener\"><strong>ETIMOLOG\u00cdA DE \u00abDOCENTE\u00bb, \u00abMAESTRO\u00bb Y \u00abPROFESOR\u00bb<\/strong><\/a><\/p>\n<p><a href=\"https:\/\/webdelmaestrocmf.com\/portal\/wp-content\/uploads\/2021\/01\/2-2.png\"><img loading=\"lazy\" decoding=\"async\" class=\"alignnone wp-image-58444 size-full\" src=\"https:\/\/webdelmaestrocmf.com\/portal\/wp-content\/uploads\/2021\/01\/2-2.png\" alt=\"significado\" width=\"1024\" height=\"1024\" srcset=\"https:\/\/webdelmaestrocmf.com\/portal\/wp-content\/uploads\/2021\/01\/2-2.png 1024w, https:\/\/webdelmaestrocmf.com\/portal\/wp-content\/uploads\/2021\/01\/2-2-300x300.png 300w, https:\/\/webdelmaestrocmf.com\/portal\/wp-content\/uploads\/2021\/01\/2-2-150x150.png 150w, https:\/\/webdelmaestrocmf.com\/portal\/wp-content\/uploads\/2021\/01\/2-2-768x768.png 768w, https:\/\/webdelmaestrocmf.com\/portal\/wp-content\/uploads\/2021\/01\/2-2-80x80.png 80w, https:\/\/webdelmaestrocmf.com\/portal\/wp-content\/uploads\/2021\/01\/2-2-110x110.png 110w, https:\/\/webdelmaestrocmf.com\/portal\/wp-content\/uploads\/2021\/01\/2-2-200x200.png 200w, https:\/\/webdelmaestrocmf.com\/portal\/wp-content\/uploads\/2021\/01\/2-2-380x380.png 380w, https:\/\/webdelmaestrocmf.com\/portal\/wp-content\/uploads\/2021\/01\/2-2-255x255.png 255w, https:\/\/webdelmaestrocmf.com\/portal\/wp-content\/uploads\/2021\/01\/2-2-550x550.png 550w, https:\/\/webdelmaestrocmf.com\/portal\/wp-content\/uploads\/2021\/01\/2-2-800x800.png 800w, https:\/\/webdelmaestrocmf.com\/portal\/wp-content\/uploads\/2021\/01\/2-2-160x160.png 160w, https:\/\/webdelmaestrocmf.com\/portal\/wp-content\/uploads\/2021\/01\/2-2-220x220.png 220w, https:\/\/webdelmaestrocmf.com\/portal\/wp-content\/uploads\/2021\/01\/2-2-400x400.png 400w, https:\/\/webdelmaestrocmf.com\/portal\/wp-content\/uploads\/2021\/01\/2-2-760x760.png 760w, https:\/\/webdelmaestrocmf.com\/portal\/wp-content\/uploads\/2021\/01\/2-2-510x510.png 510w, https:\/\/webdelmaestrocmf.com\/portal\/wp-content\/uploads\/2021\/01\/2-2-600x600.png 600w\" sizes=\"auto, (max-width: 1024px) 100vw, 1024px\" \/><\/a><\/p>\n<ol style=\"text-align: justify;\" start=\"5\">\n<li><strong>ETIMOLOG\u00cdA DE \u00abINSTRUCTOR\u00bb<\/strong><\/li>\n<\/ol>\n<p style=\"text-align: justify; padding-left: 40px;\">\u201cSe denomina como instructor a la\u00a0<strong>persona que tiene la profesi\u00f3n de instruir a personas en la ejecuci\u00f3n de una metodolog\u00eda o funci\u00f3n<\/strong>, esta<strong>\u00a0<\/strong><a href=\"https:\/\/conceptodefinicion.de\/palabra\/\"><strong>palabra<\/strong><\/a>\u00a0posee un origen etimol\u00f3gico del lat\u00edn <em>\u201cinstruere\u201d<\/em> el cual significa la transmisi\u00f3n de una doctrina de manera sistem\u00e1tica, cumpliendo uno o m\u00e1s objetivos ya planteados; para cumplir con esto el instructor debe estar capacitado cient\u00edfica, art\u00edstica y t\u00e9cnicamente y as\u00ed poder ense\u00f1ar a los dem\u00e1s las t\u00e9cnicas que necesita para el desarrollo de una funci\u00f3n. Los instructores no son solo aquellos hombre o mujeres que transmiten informaci\u00f3n necesaria para la ejecuci\u00f3n de una\u00a0<a href=\"https:\/\/conceptodefinicion.de\/tecnica\/\"><strong>t\u00e9cnica<\/strong><\/a><strong>, <\/strong>tambi\u00e9n se considera instructor a aquellos\u00a0<a href=\"https:\/\/www.tiposde.org\/cotidianos\/568-tipos-de-manuales\/\"><strong>manuales<\/strong><\/a><strong>\u00a0<\/strong>de aparatos que indican c\u00f3mo manejar\u00a0<a href=\"https:\/\/conceptodefinicion.de\/dicho\/\">dicho<\/a>\u00a0equipo, en otras palabras todo lo que brinde informaci\u00f3n necesaria para el manejo de un aparato o desempe\u00f1o de una labor ser\u00e1 considerado un instructor\u201d. <a href=\"https:\/\/conceptodefinicion.de\/instructor\/\" target=\"_blank\" rel=\"noopener\"><strong>INSTRUCTOR<\/strong><\/a><\/p>\n<p style=\"text-align: justify; padding-left: 40px;\">Un instructor no es necesariamente un especialista en educaci\u00f3n pero s\u00ed domina la ejecuci\u00f3n de una metodolog\u00eda o funci\u00f3n espec\u00edfica. Est\u00e1n capacitados no solo con los conocimientos relacionados a la t\u00e9cnica que ense\u00f1an, sino con las habilidades para transmitirla y asistir en su pr\u00e1ctica.<\/p>\n<p><img loading=\"lazy\" decoding=\"async\" class=\"alignnone wp-image-58446 size-full\" src=\"https:\/\/webdelmaestrocmf.com\/portal\/wp-content\/uploads\/2021\/01\/1-11.jpeg\" alt=\"significado\" width=\"768\" height=\"576\" srcset=\"https:\/\/webdelmaestrocmf.com\/portal\/wp-content\/uploads\/2021\/01\/1-11.jpeg 768w, https:\/\/webdelmaestrocmf.com\/portal\/wp-content\/uploads\/2021\/01\/1-11-300x225.jpeg 300w, https:\/\/webdelmaestrocmf.com\/portal\/wp-content\/uploads\/2021\/01\/1-11-110x83.jpeg 110w, https:\/\/webdelmaestrocmf.com\/portal\/wp-content\/uploads\/2021\/01\/1-11-200x150.jpeg 200w, https:\/\/webdelmaestrocmf.com\/portal\/wp-content\/uploads\/2021\/01\/1-11-380x285.jpeg 380w, https:\/\/webdelmaestrocmf.com\/portal\/wp-content\/uploads\/2021\/01\/1-11-255x191.jpeg 255w, https:\/\/webdelmaestrocmf.com\/portal\/wp-content\/uploads\/2021\/01\/1-11-550x413.jpeg 550w, https:\/\/webdelmaestrocmf.com\/portal\/wp-content\/uploads\/2021\/01\/1-11-600x450.jpeg 600w, https:\/\/webdelmaestrocmf.com\/portal\/wp-content\/uploads\/2021\/01\/1-11-220x165.jpeg 220w, https:\/\/webdelmaestrocmf.com\/portal\/wp-content\/uploads\/2021\/01\/1-11-400x300.jpeg 400w, https:\/\/webdelmaestrocmf.com\/portal\/wp-content\/uploads\/2021\/01\/1-11-760x570.jpeg 760w, https:\/\/webdelmaestrocmf.com\/portal\/wp-content\/uploads\/2021\/01\/1-11-510x383.jpeg 510w\" sizes=\"auto, (max-width: 768px) 100vw, 768px\" \/><\/p>\n<ol style=\"text-align: justify;\" start=\"6\">\n<li><strong>ETIMOLOG\u00cdA DE \u00abMENTOR\u00bb<\/strong><\/li>\n<\/ol>\n<p style=\"text-align: justify; padding-left: 40px;\">Un mentor no es necesariamente una persona que imparte materias en una escuela, su trabajo no es solamente transmitir conocimiento, sino <strong>trabajar con toda la periferia de actividades que afianzan el aprendizaje.<\/strong> Adem\u00e1s de compartir conocimientos t\u00e9cnicos, el mentor <strong>escucha, aconseja, inspira, reta y apoya<\/strong> <strong>al aprendiz en su jornada educativa.<\/strong> Debido a esta flexibilidad en su concepto, los mentores pueden encontrarse en diversos niveles educativos, desde el b\u00e1sico hasta el universitario.<\/p>\n<p style=\"text-align: justify; padding-left: 40px;\">Para ampliar estos t\u00e9rminos, les sugerimos leer este art\u00edculo:<a href=\"https:\/\/observatorio.tec.mx\/edu-news\/diferencias-maestro-docente-profesor\" target=\"_blank\" rel=\"noopener\"><strong> PROFESOR, MAESTRO, INSTRUCTOR&#8230; \u00bfCONOCES LA DIFERENCIA?<\/strong><\/a><\/p>\n<p><a href=\"https:\/\/webdelmaestrocmf.com\/portal\/wp-content\/uploads\/2021\/01\/1-8.png\"><img loading=\"lazy\" decoding=\"async\" class=\"alignnone wp-image-58447 size-full\" src=\"https:\/\/webdelmaestrocmf.com\/portal\/wp-content\/uploads\/2021\/01\/1-8.png\" alt=\"significado\" width=\"749\" height=\"743\" srcset=\"https:\/\/webdelmaestrocmf.com\/portal\/wp-content\/uploads\/2021\/01\/1-8.png 749w, https:\/\/webdelmaestrocmf.com\/portal\/wp-content\/uploads\/2021\/01\/1-8-300x298.png 300w, https:\/\/webdelmaestrocmf.com\/portal\/wp-content\/uploads\/2021\/01\/1-8-150x150.png 150w, https:\/\/webdelmaestrocmf.com\/portal\/wp-content\/uploads\/2021\/01\/1-8-80x80.png 80w, https:\/\/webdelmaestrocmf.com\/portal\/wp-content\/uploads\/2021\/01\/1-8-110x110.png 110w, https:\/\/webdelmaestrocmf.com\/portal\/wp-content\/uploads\/2021\/01\/1-8-200x198.png 200w, https:\/\/webdelmaestrocmf.com\/portal\/wp-content\/uploads\/2021\/01\/1-8-380x377.png 380w, https:\/\/webdelmaestrocmf.com\/portal\/wp-content\/uploads\/2021\/01\/1-8-255x253.png 255w, https:\/\/webdelmaestrocmf.com\/portal\/wp-content\/uploads\/2021\/01\/1-8-550x546.png 550w, https:\/\/webdelmaestrocmf.com\/portal\/wp-content\/uploads\/2021\/01\/1-8-160x160.png 160w, https:\/\/webdelmaestrocmf.com\/portal\/wp-content\/uploads\/2021\/01\/1-8-220x218.png 220w, https:\/\/webdelmaestrocmf.com\/portal\/wp-content\/uploads\/2021\/01\/1-8-400x397.png 400w, https:\/\/webdelmaestrocmf.com\/portal\/wp-content\/uploads\/2021\/01\/1-8-510x506.png 510w, https:\/\/webdelmaestrocmf.com\/portal\/wp-content\/uploads\/2021\/01\/1-8-600x595.png 600w\" sizes=\"auto, (max-width: 749px) 100vw, 749px\" \/><\/a><\/p>\n<p style=\"text-align: justify;\"><strong>A MODO DE CONCLUSI\u00d3N<\/strong><\/p>\n<p style=\"text-align: justify;\">\u201cLa palabra <strong>maestro <\/strong>proviene del lat\u00edn (<em>mag\u00edster<\/em>), que vendr\u00eda a significar m\u00e1s. El origen de <strong>profesor<\/strong>, por su parte, es\u00a0<em>profiteri<\/em>\u00a0y har\u00eda referencia a disponerse a hablar en p\u00fablico. Con el paso de la historia cada una ha ido abarcando campos distintos de la educaci\u00f3n. <strong>Ambos son docentes<\/strong>, [&#8230;]. Ninguno est\u00e1 por encima del otro\u201d.<\/p>\n<p style=\"text-align: justify;\">En muchas partes, se entiende en el habla corriente, como maestro a aquel que acompa\u00f1a a los ni\u00f1os y ni\u00f1as en sus primeros a\u00f1os de educaci\u00f3n en la escritura, la lectura y las primeras materias, por ello sus conocimientos no se centran en una \u00fanica especialidad; mientras que el<strong> profesor <\/strong>s\u00ed debe haber cursado cualquier carrera especializada (Biolog\u00eda, Filolog\u00eda, Matem\u00e1ticas, etc.) completada con pedagog\u00eda. <a href=\"https:\/\/www.lavanguardia.com\/vida\/20191127\/471913203637\/dia-del-maestro-diferencias-profesor-maestro.html\" target=\"_blank\" rel=\"noopener\"><strong>D\u00cdA DEL MAESTRO: \u00bfQU\u00c9 DIFERENCIAS HAY ENTRE UN MAESTRO Y UN PROFESOR?<\/strong><\/a><\/p>\n<p style=\"text-align: justify;\">\u201cEn el lenguaje cotidiano, el concepto <strong>suele emplearse como an\u00e1logo de profesor o maestro<\/strong>, aunque no significan lo mismo. El <strong>profesor<\/strong> es la persona que ense\u00f1a un conjunto de saberes, sin embargo, el <strong>maestro <\/strong>es aquel al que se le reconoce una habilidad extraordinaria en la materia que instruye. De esta forma, un <strong>docente<\/strong> puede no ser un maestro (y rec\u00edprocamente). M\u00e1s all\u00e1 de esta diferencia, todos <strong>deben poseer pericias acad\u00e9micas<\/strong> para convertirse en agentes efectivos en el proceso de aprendizaje\u201d. <a href=\"https:\/\/www.colfisiocv.com\/node\/15396#:~:text=El%20profesor%20es%20la%20persona,en%20la%20materia%20que%20instruye.&amp;text=El%20docente%2C%20en%20definitiva%2C%20reconoce,su%20dedicaci%C3%B3n%20y%20profesi%C3%B3n%20fundamental.\" target=\"_blank\" rel=\"noopener\"><strong>\u00bfDIFERENCIA ENTRE PROFESOR Y FORMADOR?<\/strong><\/a><\/p>\n<p style=\"text-align: justify;\">Considerando (o aceptando) que los idiomas son organismos vivos, complejos que no terminan de evolucionar, como educadores, que <strong>debemos comunicar el correcto uso del lenguaje<\/strong> y como usuarios, que tenemos la libertad de hacer el uso que queramos del sistema ling\u00fc\u00edstico que conocemos, tenemos la responsabilidad de seguir aprendiendo y desaprendiendo en lecturas como \u00e9sta.<\/p>\n<p style=\"text-align: justify;\">Queda\u00a0 a su criterio la respuesta a esta pregunta:<em> \u00bfQu\u00e9 pasar\u00eda si en lugar de unas reglas al escribir o en el uso de las palabras pudi\u00e9ramos hacerlo como quisi\u00e9ramos, con la \u00fanica premisa de que fuera entendible lo que queremos comunicar, y tengamos solo como l\u00edmite cuando el otro ya no te entiende? <\/em>(Gustavo L\u00f3pez).<\/p>\n<p style=\"text-align: justify;\">Art\u00edculo muy recomendado: <a href=\"https:\/\/webdelmaestrocmf.com\/portal\/no-las-competencias-basicas-leer-extraer-informacion-una-nueva-forma-analfabetismo\/\" target=\"_blank\" rel=\"noopener\">Silvia Montoya: No tener las competencias b\u00e1sicas para leer y extraer informaci\u00f3n es una nueva forma de analfabetismo<\/a><\/p>\n<p style=\"text-align: justify;\">\u201cLa necesaria defensa del espa\u00f1ol no implica su constre\u00f1imiento. [&#8230;] <strong>Hay que buscar soluciones, pero nunca desde normas artificiales que s\u00f3lo acabar\u00e1n por empobrecerlo.<\/strong> [..] <em>\u00abHumanicemos sus leyes<\/em>\u00ab, nos dijo el escritor Gabriel Garc\u00eda M\u00e1rquez, para que \u201d<em>asimilemos bien los neologismos\u00bb, \u00abnegociemos de buen coraz\u00f3n con los gerundios b\u00e1rbaros, los qu\u00e9s end\u00e9micos, el deque\u00edsmo parasitario\u00bb.<\/em> [&#8230;]<\/p>\n<p style=\"text-align: justify;\">Tambi\u00e9n el escritor espa\u00f1ol Camilo Jos\u00e9 Cela pidi\u00f3 que <strong>la defensa del espa\u00f1ol se haga desde el respeto a los propios hablantes:<\/strong>\u00a0<em>\u00abcomo amante de la lengua, de las lenguas, de todas las lenguas, preconizo <strong>que juguemos a sumar y no a restar<\/strong>, que apostemos al alza y no a la baja, que defendamos la libertad de las lenguas y sus hablantes<strong>, so\u00f1emos con la igualdad de prop\u00f3sitos y troquemos la fraternidad de los juegos florales y los discursos de artificio y su escenograf\u00eda caduca e inoperante, por la justicia de la implacable erosi\u00f3n sem\u00e1ntica<\/strong>, esa ilusi\u00f3n que acabar\u00eda perfeccionando al hombre en paz\u00bb<\/em>.<\/p>\n<p style=\"text-align: justify;\">Finalizamos, no sin antes felicitarle por la inversi\u00f3n de su tiempo en esta lectura, en su formaci\u00f3n permanente, compartiendo la opini\u00f3n que sobre los hispanohablantes expres\u00f3 el gran ensayista y poeta mexicano Octavio Paz: \u201cun gran \u00e1rbol, en el que cada persona es una hoja, y \u00ablos que hablamos castellano somos una palpitaci\u00f3n. [&#8230;] <strong>nadie tiene los derechos de exclusividad de la lengua<\/strong>, que \u00abes de todos y es de nadie\u00bb\u00bb. cf <a href=\"https:\/\/elpais.com\/diario\/1997\/04\/08\/cultura\/860450401_850215.html\" target=\"_blank\" rel=\"noopener\"><strong>CELA Y GARC\u00cdA M\u00c1RQUEZ ARREMETEN CONTRA LOS INTENTOS DE CONSTRE\u00d1IR EL IDIOMA<\/strong><\/a><\/p>\n<p style=\"text-align: center;\"><em>\u00bfCu\u00e1nto tiene de importante que los profesores sepamos usar estas seis palabras en el contexto social, en nuestro ambiente educativo y que conozcamos su significado, ense\u00f1emos su correcto uso y sume al enriquecimiento y claridad en la comunicaci\u00f3n de los hombres?<\/em><\/p>\n<p style=\"text-align: right;\"><strong>REDACCI\u00d3N WEB DEL MAESTRO CMF<\/strong><\/p>\n\t\t<div class=\"pk-inline-posts\">\n\t\t\t\n\t\t\t<div class=\"pk-inline-posts-container pk-inline-posts-template-list\"\n\t\t\t\tdata-columns=\"1\">\n\t\t\t\t\t\t<article id=\"post-118333\" class=\"post-118333 post type-post status-publish format-standard has-post-thumbnail category-jamb tag-apego tag-crianza tag-docentes tag-educacion tag-escuela tag-familia tag-infancia tag-responsabilidad tag-vinculo cs-entry cs-video-wrap\">\n\t\t\t<div class=\"pk-post-outer\">\n\n\t\t\t\t\t\t\t\t<div class=\"pk-post-inner\">\n\t\t\t\t\t<div class=\"entry-thumbnail\">\n\t\t\t\t\t\t<div class=\"pk-overlay pk-overlay-ratio pk-ratio-landscape\">\n\t\t\t\t\t\t\t<div class=\"pk-overlay-background\">\n\t\t\t\t\t\t\t\t<a href=\"https:\/\/webdelmaestrocmf.com\/portal\/el-sistema-nos-rompe-a-todos-y-a-los-ninos-primero\/\" class=\"pk-overlay-link\">\n\t\t\t\t\t\t\t\t\t<img loading=\"lazy\" decoding=\"async\" width=\"300\" height=\"225\" src=\"https:\/\/webdelmaestrocmf.com\/portal\/wp-content\/uploads\/2026\/04\/1AA-Banner-1-portada-imagen-10-1-copia-2-300x225.jpg\" class=\"attachment-pk-thumbnail size-pk-thumbnail wp-post-image\" alt=\"\" \/>\t\t\t\t\t\t\t\t<\/a>\n\t\t\t\t\t\t\t<\/div>\n\t\t\t\t\t\t<\/div>\n\t\t\t\t\t<\/div>\n\t\t\t\t<\/div>\n\t\t\t\t\n\t\t\t\t<div class=\"pk-post-inner\">\n\t\t\t\t\t<header>\n\t\t\t\t\t\t<h3 class=\"pk-title\"><a href=\"https:\/\/webdelmaestrocmf.com\/portal\/el-sistema-nos-rompe-a-todos-y-a-los-ninos-primero\/\" rel=\"bookmark\">El sistema nos rompe a todos\u2026 y a los ni\u00f1os primero<\/a><\/h3>\t\t\t\t\t<\/header><!-- .entry-header -->\n\t\t\t\t<\/div><!-- .post-inner -->\n\n\t\t\t<\/div><!-- .post-outer -->\n\t\t<\/article>\n\t\t\t<article id=\"post-118324\" class=\"post-118324 post type-post status-publish format-standard has-post-thumbnail category-jamb tag-administracion-educativa tag-calidad-educativa tag-comunidad-educativa tag-direccion-escolar tag-educacion-digital tag-gestion-escolar tag-innovacion-educativa tag-liderazgo-educativo tag-mejora-continua tag-planificacion-educativa cs-entry cs-video-wrap\">\n\t\t\t<div class=\"pk-post-outer\">\n\n\t\t\t\t\t\t\t\t<div class=\"pk-post-inner\">\n\t\t\t\t\t<div class=\"entry-thumbnail\">\n\t\t\t\t\t\t<div class=\"pk-overlay pk-overlay-ratio pk-ratio-landscape\">\n\t\t\t\t\t\t\t<div class=\"pk-overlay-background\">\n\t\t\t\t\t\t\t\t<a href=\"https:\/\/webdelmaestrocmf.com\/portal\/la-administracion-educativa-el-pilar-silencioso-que-sostiene-la-escuela-administrar-o-gestionar-una-comunidad-educativa-es-lo-mismo\/\" class=\"pk-overlay-link\">\n\t\t\t\t\t\t\t\t\t<img loading=\"lazy\" decoding=\"async\" width=\"300\" height=\"225\" src=\"https:\/\/webdelmaestrocmf.com\/portal\/wp-content\/uploads\/2026\/04\/1AA-Banner-1-portada-imagen-10-1-copia-6-4-300x225.webp\" class=\"attachment-pk-thumbnail size-pk-thumbnail wp-post-image\" alt=\"\" \/>\t\t\t\t\t\t\t\t<\/a>\n\t\t\t\t\t\t\t<\/div>\n\t\t\t\t\t\t<\/div>\n\t\t\t\t\t<\/div>\n\t\t\t\t<\/div>\n\t\t\t\t\n\t\t\t\t<div class=\"pk-post-inner\">\n\t\t\t\t\t<header>\n\t\t\t\t\t\t<h3 class=\"pk-title\"><a href=\"https:\/\/webdelmaestrocmf.com\/portal\/la-administracion-educativa-el-pilar-silencioso-que-sostiene-la-escuela-administrar-o-gestionar-una-comunidad-educativa-es-lo-mismo\/\" rel=\"bookmark\">La administraci\u00f3n educativa: el pilar silencioso que sostiene la escuela. \u00bfAdministrar o gestionar una comunidad educativa es lo mismo?<\/a><\/h3>\t\t\t\t\t<\/header><!-- .entry-header -->\n\t\t\t\t<\/div><!-- .post-inner -->\n\n\t\t\t<\/div><!-- .post-outer -->\n\t\t<\/article>\n\t\t\t<article id=\"post-118319\" class=\"post-118319 post type-post status-publish format-standard has-post-thumbnail category-jamb tag-bienestar-docente tag-clima-escolar tag-convivencia-escolar tag-cultura-escolar tag-direccion-escolar tag-empatia tag-gestion-escolar tag-gestion-institucional tag-laura-lewin tag-liderazgo-educativo tag-trabajo-en-equipo cs-entry cs-video-wrap\">\n\t\t\t<div class=\"pk-post-outer\">\n\n\t\t\t\t\t\t\t\t<div class=\"pk-post-inner\">\n\t\t\t\t\t<div class=\"entry-thumbnail\">\n\t\t\t\t\t\t<div class=\"pk-overlay pk-overlay-ratio pk-ratio-landscape\">\n\t\t\t\t\t\t\t<div class=\"pk-overlay-background\">\n\t\t\t\t\t\t\t\t<a href=\"https:\/\/webdelmaestrocmf.com\/portal\/el-liderazgo-directivo-entre-la-firmeza-institucional-y-la-humanidad\/\" class=\"pk-overlay-link\">\n\t\t\t\t\t\t\t\t\t<img loading=\"lazy\" decoding=\"async\" width=\"300\" height=\"225\" src=\"https:\/\/webdelmaestrocmf.com\/portal\/wp-content\/uploads\/2026\/04\/1AA-Banner-1-portada-imagen-10-1-copia-5-5-300x225.webp\" class=\"attachment-pk-thumbnail size-pk-thumbnail wp-post-image\" alt=\"\" \/>\t\t\t\t\t\t\t\t<\/a>\n\t\t\t\t\t\t\t<\/div>\n\t\t\t\t\t\t<\/div>\n\t\t\t\t\t<\/div>\n\t\t\t\t<\/div>\n\t\t\t\t\n\t\t\t\t<div class=\"pk-post-inner\">\n\t\t\t\t\t<header>\n\t\t\t\t\t\t<h3 class=\"pk-title\"><a href=\"https:\/\/webdelmaestrocmf.com\/portal\/el-liderazgo-directivo-entre-la-firmeza-institucional-y-la-humanidad\/\" rel=\"bookmark\">El liderazgo directivo: entre la firmeza institucional y la humanidad<\/a><\/h3>\t\t\t\t\t<\/header><!-- .entry-header -->\n\t\t\t\t<\/div><!-- .post-inner -->\n\n\t\t\t<\/div><!-- .post-outer -->\n\t\t<\/article>\n\t\t\t\t<\/div>\n\t\t<\/div>\n\t\t\n","protected":false},"excerpt":{"rendered":"Cada palabra encierra un matiz \u00fanico que define funciones, enfoques y niveles distintos dentro del complejo universo educativo y formativo.","protected":false},"author":1,"featured_media":111495,"comment_status":"open","ping_status":"closed","sticky":false,"template":"","format":"standard","meta":{"csco_display_header_overlay":false,"csco_singular_sidebar":"default","csco_page_header_type":"default","csco_page_load_nextpost":"default","csco_post_video_location":[],"csco_post_video_location_hash":"","csco_post_video_url":"","csco_post_video_bg_start_time":0,"csco_post_video_bg_end_time":0,"csco_post_video_bg_volume":false,"_jetpack_memberships_contains_paid_content":false,"footnotes":""},"categories":[61],"tags":[2715,52,6468,6469,6470,216,6471,342,568],"class_list":{"0":"post-58421","1":"post","2":"type-post","3":"status-publish","4":"format-standard","5":"has-post-thumbnail","7":"category-jamb","8":"tag-diferencia","9":"tag-docente","10":"tag-etimologia","11":"tag-formador","12":"tag-instructor","13":"tag-maestro","14":"tag-mentor","15":"tag-profesor","16":"tag-significado","17":"cs-entry","18":"cs-video-wrap"},"yoast_head":"<!-- This site is optimized with the Yoast SEO plugin v27.5 - https:\/\/yoast.com\/product\/yoast-seo-wordpress\/ -->\n<title>Diferencia, significado y etimolog\u00eda de maestro, docente, profesor, formador, instructor y mentor - 2026<\/title>\n<meta name=\"description\" content=\"Deseamos que este art\u00edculo nos ayude a tener una idea m\u00e1s clara de sus significados y las connotaciones en las cuales podemos...\" \/>\n<meta name=\"robots\" content=\"index, follow, max-snippet:-1, max-image-preview:large, max-video-preview:-1\" \/>\n<link rel=\"canonical\" href=\"https:\/\/webdelmaestrocmf.com\/portal\/diferencia-significado-y-etimologia-de-docente-maestro-profesor-formador-instructor-y-mentor\/\" \/>\n<meta property=\"og:locale\" content=\"es_ES\" \/>\n<meta property=\"og:type\" content=\"article\" \/>\n<meta property=\"og:title\" content=\"Diferencia, significado y etimolog\u00eda de maestro, docente, profesor, formador, instructor y mentor - 2026\" \/>\n<meta property=\"og:description\" content=\"Deseamos que este art\u00edculo nos ayude a tener una idea m\u00e1s clara de sus significados y las connotaciones en las cuales podemos...\" \/>\n<meta property=\"og:url\" content=\"https:\/\/webdelmaestrocmf.com\/portal\/diferencia-significado-y-etimologia-de-docente-maestro-profesor-formador-instructor-y-mentor\/\" \/>\n<meta property=\"og:site_name\" content=\"Web del Maestro CMF\" \/>\n<meta property=\"article:publisher\" content=\"https:\/\/www.facebook.com\/WebdelMaestroCMF\/\" \/>\n<meta property=\"article:author\" content=\"https:\/\/www.facebook.com\/WebdelMaestroCMF\/\" \/>\n<meta property=\"article:published_time\" content=\"2025-07-25T20:00:00+00:00\" \/>\n<meta property=\"article:modified_time\" content=\"2025-07-25T23:16:43+00:00\" \/>\n<meta property=\"og:image\" content=\"https:\/\/webdelmaestrocmf.com\/portal\/wp-content\/uploads\/2021\/01\/1A-Banner-1-portada-imagen-10-1-copia-80.webp\" \/>\n\t<meta property=\"og:image:width\" content=\"1003\" \/>\n\t<meta property=\"og:image:height\" content=\"667\" \/>\n\t<meta property=\"og:image:type\" content=\"image\/webp\" \/>\n<meta name=\"author\" content=\"Web del Maestro CMF\" \/>\n<meta name=\"twitter:card\" content=\"summary_large_image\" \/>\n<meta name=\"twitter:creator\" content=\"@cmf_w\" \/>\n<meta name=\"twitter:site\" content=\"@cmf_w\" \/>\n<script type=\"application\/ld+json\" class=\"yoast-schema-graph\">{\"@context\":\"https:\\\/\\\/schema.org\",\"@graph\":[{\"@type\":\"ScholarlyArticle\",\"@id\":\"https:\\\/\\\/webdelmaestrocmf.com\\\/portal\\\/diferencia-significado-y-etimologia-de-docente-maestro-profesor-formador-instructor-y-mentor\\\/#article\",\"isPartOf\":{\"@id\":\"https:\\\/\\\/webdelmaestrocmf.com\\\/portal\\\/diferencia-significado-y-etimologia-de-docente-maestro-profesor-formador-instructor-y-mentor\\\/\"},\"author\":{\"name\":\"Web del Maestro CMF\",\"@id\":\"https:\\\/\\\/webdelmaestrocmf.com\\\/portal\\\/#\\\/schema\\\/person\\\/1072a2ed7bd960df8ef99a551fa35dc5\"},\"headline\":\"Diferencia, significado y etimolog\u00eda de maestro, docente, profesor, formador, instructor y mentor\",\"datePublished\":\"2025-07-25T20:00:00+00:00\",\"dateModified\":\"2025-07-25T23:16:43+00:00\",\"mainEntityOfPage\":{\"@id\":\"https:\\\/\\\/webdelmaestrocmf.com\\\/portal\\\/diferencia-significado-y-etimologia-de-docente-maestro-profesor-formador-instructor-y-mentor\\\/\"},\"wordCount\":2395,\"commentCount\":1,\"publisher\":{\"@id\":\"https:\\\/\\\/webdelmaestrocmf.com\\\/portal\\\/#organization\"},\"image\":{\"@id\":\"https:\\\/\\\/webdelmaestrocmf.com\\\/portal\\\/diferencia-significado-y-etimologia-de-docente-maestro-profesor-formador-instructor-y-mentor\\\/#primaryimage\"},\"thumbnailUrl\":\"https:\\\/\\\/webdelmaestrocmf.com\\\/portal\\\/wp-content\\\/uploads\\\/2021\\\/01\\\/1A-Banner-1-portada-imagen-10-1-copia-80.webp\",\"keywords\":[\"DIFERENCIA\",\"DOCENTE\",\"etimolog\u00eda\",\"formador\",\"instructor\",\"Maestro\",\"mentor\",\"profesor\",\"SIGNIFICADO\"],\"articleSection\":[\"Yo opino - WMCMF\"],\"inLanguage\":\"es\",\"potentialAction\":[{\"@type\":\"CommentAction\",\"name\":\"Comment\",\"target\":[\"https:\\\/\\\/webdelmaestrocmf.com\\\/portal\\\/diferencia-significado-y-etimologia-de-docente-maestro-profesor-formador-instructor-y-mentor\\\/#respond\"]}]},{\"@type\":\"WebPage\",\"@id\":\"https:\\\/\\\/webdelmaestrocmf.com\\\/portal\\\/diferencia-significado-y-etimologia-de-docente-maestro-profesor-formador-instructor-y-mentor\\\/\",\"url\":\"https:\\\/\\\/webdelmaestrocmf.com\\\/portal\\\/diferencia-significado-y-etimologia-de-docente-maestro-profesor-formador-instructor-y-mentor\\\/\",\"name\":\"Diferencia, significado y etimolog\u00eda de maestro, docente, profesor, formador, instructor y mentor - 2026\",\"isPartOf\":{\"@id\":\"https:\\\/\\\/webdelmaestrocmf.com\\\/portal\\\/#website\"},\"primaryImageOfPage\":{\"@id\":\"https:\\\/\\\/webdelmaestrocmf.com\\\/portal\\\/diferencia-significado-y-etimologia-de-docente-maestro-profesor-formador-instructor-y-mentor\\\/#primaryimage\"},\"image\":{\"@id\":\"https:\\\/\\\/webdelmaestrocmf.com\\\/portal\\\/diferencia-significado-y-etimologia-de-docente-maestro-profesor-formador-instructor-y-mentor\\\/#primaryimage\"},\"thumbnailUrl\":\"https:\\\/\\\/webdelmaestrocmf.com\\\/portal\\\/wp-content\\\/uploads\\\/2021\\\/01\\\/1A-Banner-1-portada-imagen-10-1-copia-80.webp\",\"datePublished\":\"2025-07-25T20:00:00+00:00\",\"dateModified\":\"2025-07-25T23:16:43+00:00\",\"description\":\"Deseamos que este art\u00edculo nos ayude a tener una idea m\u00e1s clara de sus significados y las connotaciones en las cuales podemos...\",\"breadcrumb\":{\"@id\":\"https:\\\/\\\/webdelmaestrocmf.com\\\/portal\\\/diferencia-significado-y-etimologia-de-docente-maestro-profesor-formador-instructor-y-mentor\\\/#breadcrumb\"},\"inLanguage\":\"es\",\"potentialAction\":[{\"@type\":\"ReadAction\",\"target\":[\"https:\\\/\\\/webdelmaestrocmf.com\\\/portal\\\/diferencia-significado-y-etimologia-de-docente-maestro-profesor-formador-instructor-y-mentor\\\/\"]}]},{\"@type\":\"ImageObject\",\"inLanguage\":\"es\",\"@id\":\"https:\\\/\\\/webdelmaestrocmf.com\\\/portal\\\/diferencia-significado-y-etimologia-de-docente-maestro-profesor-formador-instructor-y-mentor\\\/#primaryimage\",\"url\":\"https:\\\/\\\/webdelmaestrocmf.com\\\/portal\\\/wp-content\\\/uploads\\\/2021\\\/01\\\/1A-Banner-1-portada-imagen-10-1-copia-80.webp\",\"contentUrl\":\"https:\\\/\\\/webdelmaestrocmf.com\\\/portal\\\/wp-content\\\/uploads\\\/2021\\\/01\\\/1A-Banner-1-portada-imagen-10-1-copia-80.webp\",\"width\":1003,\"height\":667},{\"@type\":\"BreadcrumbList\",\"@id\":\"https:\\\/\\\/webdelmaestrocmf.com\\\/portal\\\/diferencia-significado-y-etimologia-de-docente-maestro-profesor-formador-instructor-y-mentor\\\/#breadcrumb\",\"itemListElement\":[{\"@type\":\"ListItem\",\"position\":1,\"name\":\"Portada\",\"item\":\"https:\\\/\\\/webdelmaestrocmf.com\\\/portal\\\/\"},{\"@type\":\"ListItem\",\"position\":2,\"name\":\"Yo opino - WMCMF\",\"item\":\"https:\\\/\\\/webdelmaestrocmf.com\\\/portal\\\/category\\\/jamb\\\/\"},{\"@type\":\"ListItem\",\"position\":3,\"name\":\"Diferencia, significado y etimolog\u00eda de maestro, docente, profesor, formador, instructor y mentor\"}]},{\"@type\":\"WebSite\",\"@id\":\"https:\\\/\\\/webdelmaestrocmf.com\\\/portal\\\/#website\",\"url\":\"https:\\\/\\\/webdelmaestrocmf.com\\\/portal\\\/\",\"name\":\"Web del Maestro CMF\",\"description\":\"Maestros al servicio de la educaci\u00f3n\",\"publisher\":{\"@id\":\"https:\\\/\\\/webdelmaestrocmf.com\\\/portal\\\/#organization\"},\"alternateName\":\"WMCMF\",\"potentialAction\":[{\"@type\":\"SearchAction\",\"target\":{\"@type\":\"EntryPoint\",\"urlTemplate\":\"https:\\\/\\\/webdelmaestrocmf.com\\\/portal\\\/?s={search_term_string}\"},\"query-input\":{\"@type\":\"PropertyValueSpecification\",\"valueRequired\":true,\"valueName\":\"search_term_string\"}}],\"inLanguage\":\"es\"},{\"@type\":\"Organization\",\"@id\":\"https:\\\/\\\/webdelmaestrocmf.com\\\/portal\\\/#organization\",\"name\":\"Web del Maestro CMF\",\"alternateName\":\"WMCMF\",\"url\":\"https:\\\/\\\/webdelmaestrocmf.com\\\/portal\\\/\",\"logo\":{\"@type\":\"ImageObject\",\"inLanguage\":\"es\",\"@id\":\"https:\\\/\\\/webdelmaestrocmf.com\\\/portal\\\/#\\\/schema\\\/logo\\\/image\\\/\",\"url\":\"https:\\\/\\\/webdelmaestrocmf.com\\\/portal\\\/wp-content\\\/uploads\\\/2023\\\/01\\\/logo-wmcmf-2.png\",\"contentUrl\":\"https:\\\/\\\/webdelmaestrocmf.com\\\/portal\\\/wp-content\\\/uploads\\\/2023\\\/01\\\/logo-wmcmf-2.png\",\"width\":200,\"height\":60,\"caption\":\"Web del Maestro CMF\"},\"image\":{\"@id\":\"https:\\\/\\\/webdelmaestrocmf.com\\\/portal\\\/#\\\/schema\\\/logo\\\/image\\\/\"},\"sameAs\":[\"https:\\\/\\\/www.facebook.com\\\/WebdelMaestroCMF\\\/\",\"https:\\\/\\\/x.com\\\/cmf_w\",\"https:\\\/\\\/www.pinterest.com\\\/WMCMF\\\/\",\"https:\\\/\\\/www.linkedin.com\\\/company\\\/web-del-maestro-cmf\\\/\",\"https:\\\/\\\/www.instagram.com\\\/wmcmf\\\/\",\"https:\\\/\\\/www.youtube.com\\\/channel\\\/UCDPSvjbdodE5sHnC3OxutHw\",\"https:\\\/\\\/mastodon.social\\\/@wmcmf\",\"https:\\\/\\\/www.tiktok.com\\\/@webdelmaestrocmf\"]},{\"@type\":\"Person\",\"@id\":\"https:\\\/\\\/webdelmaestrocmf.com\\\/portal\\\/#\\\/schema\\\/person\\\/1072a2ed7bd960df8ef99a551fa35dc5\",\"name\":\"Web del Maestro CMF\",\"image\":{\"@type\":\"ImageObject\",\"inLanguage\":\"es\",\"@id\":\"https:\\\/\\\/secure.gravatar.com\\\/avatar\\\/23291dd5b5ae1077dcff3dbb04c3e02bd28403fa75af6d8787d5e97c5bbbe30b?s=96&d=mm&r=g\",\"url\":\"https:\\\/\\\/secure.gravatar.com\\\/avatar\\\/23291dd5b5ae1077dcff3dbb04c3e02bd28403fa75af6d8787d5e97c5bbbe30b?s=96&d=mm&r=g\",\"contentUrl\":\"https:\\\/\\\/secure.gravatar.com\\\/avatar\\\/23291dd5b5ae1077dcff3dbb04c3e02bd28403fa75af6d8787d5e97c5bbbe30b?s=96&d=mm&r=g\",\"caption\":\"Web del Maestro CMF\"},\"description\":\"Esta Web se cre\u00f3 sin fines de lucro, con fines educativos, cient\u00edficos y acad\u00e9micos, para personas que tengan dificultades y\\\/o inconvenientes en visualizar el material original. El objetivo es entregar recursos, compartir experiencias y materiales que ayuden a los padres de familia, maestros y estudiantes en su actualizaci\u00f3n y formaci\u00f3n permanente, en bien de la Educaci\u00f3n.\",\"sameAs\":[\"http:\\\/\\\/webdelmaestrocmf.com\\\/portal\",\"https:\\\/\\\/www.facebook.com\\\/WebdelMaestroCMF\\\/\",\"https:\\\/\\\/www.instagram.com\\\/wmcmf\\\/\",\"https:\\\/\\\/cl.linkedin.com\\\/company\\\/web-del-maestro-cmf\",\"https:\\\/\\\/www.pinterest.com\\\/WMCMF\\\/publicaciones\\\/\",\"https:\\\/\\\/x.com\\\/cmf_w\",\"https:\\\/\\\/www.youtube.com\\\/@WMCMF\"]}]}<\/script>\n<!-- \/ Yoast SEO plugin. -->","yoast_head_json":{"title":"Diferencia, significado y etimolog\u00eda de maestro, docente, profesor, formador, instructor y mentor - 2026","description":"Deseamos que este art\u00edculo nos ayude a tener una idea m\u00e1s clara de sus significados y las connotaciones en las cuales podemos...","robots":{"index":"index","follow":"follow","max-snippet":"max-snippet:-1","max-image-preview":"max-image-preview:large","max-video-preview":"max-video-preview:-1"},"canonical":"https:\/\/webdelmaestrocmf.com\/portal\/diferencia-significado-y-etimologia-de-docente-maestro-profesor-formador-instructor-y-mentor\/","og_locale":"es_ES","og_type":"article","og_title":"Diferencia, significado y etimolog\u00eda de maestro, docente, profesor, formador, instructor y mentor - 2026","og_description":"Deseamos que este art\u00edculo nos ayude a tener una idea m\u00e1s clara de sus significados y las connotaciones en las cuales podemos...","og_url":"https:\/\/webdelmaestrocmf.com\/portal\/diferencia-significado-y-etimologia-de-docente-maestro-profesor-formador-instructor-y-mentor\/","og_site_name":"Web del Maestro CMF","article_publisher":"https:\/\/www.facebook.com\/WebdelMaestroCMF\/","article_author":"https:\/\/www.facebook.com\/WebdelMaestroCMF\/","article_published_time":"2025-07-25T20:00:00+00:00","article_modified_time":"2025-07-25T23:16:43+00:00","og_image":[{"width":1003,"height":667,"url":"https:\/\/webdelmaestrocmf.com\/portal\/wp-content\/uploads\/2021\/01\/1A-Banner-1-portada-imagen-10-1-copia-80.webp","type":"image\/webp"}],"author":"Web del Maestro CMF","twitter_card":"summary_large_image","twitter_creator":"@cmf_w","twitter_site":"@cmf_w","schema":{"@context":"https:\/\/schema.org","@graph":[{"@type":"ScholarlyArticle","@id":"https:\/\/webdelmaestrocmf.com\/portal\/diferencia-significado-y-etimologia-de-docente-maestro-profesor-formador-instructor-y-mentor\/#article","isPartOf":{"@id":"https:\/\/webdelmaestrocmf.com\/portal\/diferencia-significado-y-etimologia-de-docente-maestro-profesor-formador-instructor-y-mentor\/"},"author":{"name":"Web del Maestro CMF","@id":"https:\/\/webdelmaestrocmf.com\/portal\/#\/schema\/person\/1072a2ed7bd960df8ef99a551fa35dc5"},"headline":"Diferencia, significado y etimolog\u00eda de maestro, docente, profesor, formador, instructor y mentor","datePublished":"2025-07-25T20:00:00+00:00","dateModified":"2025-07-25T23:16:43+00:00","mainEntityOfPage":{"@id":"https:\/\/webdelmaestrocmf.com\/portal\/diferencia-significado-y-etimologia-de-docente-maestro-profesor-formador-instructor-y-mentor\/"},"wordCount":2395,"commentCount":1,"publisher":{"@id":"https:\/\/webdelmaestrocmf.com\/portal\/#organization"},"image":{"@id":"https:\/\/webdelmaestrocmf.com\/portal\/diferencia-significado-y-etimologia-de-docente-maestro-profesor-formador-instructor-y-mentor\/#primaryimage"},"thumbnailUrl":"https:\/\/webdelmaestrocmf.com\/portal\/wp-content\/uploads\/2021\/01\/1A-Banner-1-portada-imagen-10-1-copia-80.webp","keywords":["DIFERENCIA","DOCENTE","etimolog\u00eda","formador","instructor","Maestro","mentor","profesor","SIGNIFICADO"],"articleSection":["Yo opino - WMCMF"],"inLanguage":"es","potentialAction":[{"@type":"CommentAction","name":"Comment","target":["https:\/\/webdelmaestrocmf.com\/portal\/diferencia-significado-y-etimologia-de-docente-maestro-profesor-formador-instructor-y-mentor\/#respond"]}]},{"@type":"WebPage","@id":"https:\/\/webdelmaestrocmf.com\/portal\/diferencia-significado-y-etimologia-de-docente-maestro-profesor-formador-instructor-y-mentor\/","url":"https:\/\/webdelmaestrocmf.com\/portal\/diferencia-significado-y-etimologia-de-docente-maestro-profesor-formador-instructor-y-mentor\/","name":"Diferencia, significado y etimolog\u00eda de maestro, docente, profesor, formador, instructor y mentor - 2026","isPartOf":{"@id":"https:\/\/webdelmaestrocmf.com\/portal\/#website"},"primaryImageOfPage":{"@id":"https:\/\/webdelmaestrocmf.com\/portal\/diferencia-significado-y-etimologia-de-docente-maestro-profesor-formador-instructor-y-mentor\/#primaryimage"},"image":{"@id":"https:\/\/webdelmaestrocmf.com\/portal\/diferencia-significado-y-etimologia-de-docente-maestro-profesor-formador-instructor-y-mentor\/#primaryimage"},"thumbnailUrl":"https:\/\/webdelmaestrocmf.com\/portal\/wp-content\/uploads\/2021\/01\/1A-Banner-1-portada-imagen-10-1-copia-80.webp","datePublished":"2025-07-25T20:00:00+00:00","dateModified":"2025-07-25T23:16:43+00:00","description":"Deseamos que este art\u00edculo nos ayude a tener una idea m\u00e1s clara de sus significados y las connotaciones en las cuales podemos...","breadcrumb":{"@id":"https:\/\/webdelmaestrocmf.com\/portal\/diferencia-significado-y-etimologia-de-docente-maestro-profesor-formador-instructor-y-mentor\/#breadcrumb"},"inLanguage":"es","potentialAction":[{"@type":"ReadAction","target":["https:\/\/webdelmaestrocmf.com\/portal\/diferencia-significado-y-etimologia-de-docente-maestro-profesor-formador-instructor-y-mentor\/"]}]},{"@type":"ImageObject","inLanguage":"es","@id":"https:\/\/webdelmaestrocmf.com\/portal\/diferencia-significado-y-etimologia-de-docente-maestro-profesor-formador-instructor-y-mentor\/#primaryimage","url":"https:\/\/webdelmaestrocmf.com\/portal\/wp-content\/uploads\/2021\/01\/1A-Banner-1-portada-imagen-10-1-copia-80.webp","contentUrl":"https:\/\/webdelmaestrocmf.com\/portal\/wp-content\/uploads\/2021\/01\/1A-Banner-1-portada-imagen-10-1-copia-80.webp","width":1003,"height":667},{"@type":"BreadcrumbList","@id":"https:\/\/webdelmaestrocmf.com\/portal\/diferencia-significado-y-etimologia-de-docente-maestro-profesor-formador-instructor-y-mentor\/#breadcrumb","itemListElement":[{"@type":"ListItem","position":1,"name":"Portada","item":"https:\/\/webdelmaestrocmf.com\/portal\/"},{"@type":"ListItem","position":2,"name":"Yo opino - WMCMF","item":"https:\/\/webdelmaestrocmf.com\/portal\/category\/jamb\/"},{"@type":"ListItem","position":3,"name":"Diferencia, significado y etimolog\u00eda de maestro, docente, profesor, formador, instructor y mentor"}]},{"@type":"WebSite","@id":"https:\/\/webdelmaestrocmf.com\/portal\/#website","url":"https:\/\/webdelmaestrocmf.com\/portal\/","name":"Web del Maestro CMF","description":"Maestros al servicio de la educaci\u00f3n","publisher":{"@id":"https:\/\/webdelmaestrocmf.com\/portal\/#organization"},"alternateName":"WMCMF","potentialAction":[{"@type":"SearchAction","target":{"@type":"EntryPoint","urlTemplate":"https:\/\/webdelmaestrocmf.com\/portal\/?s={search_term_string}"},"query-input":{"@type":"PropertyValueSpecification","valueRequired":true,"valueName":"search_term_string"}}],"inLanguage":"es"},{"@type":"Organization","@id":"https:\/\/webdelmaestrocmf.com\/portal\/#organization","name":"Web del Maestro CMF","alternateName":"WMCMF","url":"https:\/\/webdelmaestrocmf.com\/portal\/","logo":{"@type":"ImageObject","inLanguage":"es","@id":"https:\/\/webdelmaestrocmf.com\/portal\/#\/schema\/logo\/image\/","url":"https:\/\/webdelmaestrocmf.com\/portal\/wp-content\/uploads\/2023\/01\/logo-wmcmf-2.png","contentUrl":"https:\/\/webdelmaestrocmf.com\/portal\/wp-content\/uploads\/2023\/01\/logo-wmcmf-2.png","width":200,"height":60,"caption":"Web del Maestro CMF"},"image":{"@id":"https:\/\/webdelmaestrocmf.com\/portal\/#\/schema\/logo\/image\/"},"sameAs":["https:\/\/www.facebook.com\/WebdelMaestroCMF\/","https:\/\/x.com\/cmf_w","https:\/\/www.pinterest.com\/WMCMF\/","https:\/\/www.linkedin.com\/company\/web-del-maestro-cmf\/","https:\/\/www.instagram.com\/wmcmf\/","https:\/\/www.youtube.com\/channel\/UCDPSvjbdodE5sHnC3OxutHw","https:\/\/mastodon.social\/@wmcmf","https:\/\/www.tiktok.com\/@webdelmaestrocmf"]},{"@type":"Person","@id":"https:\/\/webdelmaestrocmf.com\/portal\/#\/schema\/person\/1072a2ed7bd960df8ef99a551fa35dc5","name":"Web del Maestro CMF","image":{"@type":"ImageObject","inLanguage":"es","@id":"https:\/\/secure.gravatar.com\/avatar\/23291dd5b5ae1077dcff3dbb04c3e02bd28403fa75af6d8787d5e97c5bbbe30b?s=96&d=mm&r=g","url":"https:\/\/secure.gravatar.com\/avatar\/23291dd5b5ae1077dcff3dbb04c3e02bd28403fa75af6d8787d5e97c5bbbe30b?s=96&d=mm&r=g","contentUrl":"https:\/\/secure.gravatar.com\/avatar\/23291dd5b5ae1077dcff3dbb04c3e02bd28403fa75af6d8787d5e97c5bbbe30b?s=96&d=mm&r=g","caption":"Web del Maestro CMF"},"description":"Esta Web se cre\u00f3 sin fines de lucro, con fines educativos, cient\u00edficos y acad\u00e9micos, para personas que tengan dificultades y\/o inconvenientes en visualizar el material original. El objetivo es entregar recursos, compartir experiencias y materiales que ayuden a los padres de familia, maestros y estudiantes en su actualizaci\u00f3n y formaci\u00f3n permanente, en bien de la Educaci\u00f3n.","sameAs":["http:\/\/webdelmaestrocmf.com\/portal","https:\/\/www.facebook.com\/WebdelMaestroCMF\/","https:\/\/www.instagram.com\/wmcmf\/","https:\/\/cl.linkedin.com\/company\/web-del-maestro-cmf","https:\/\/www.pinterest.com\/WMCMF\/publicaciones\/","https:\/\/x.com\/cmf_w","https:\/\/www.youtube.com\/@WMCMF"]}]}},"jetpack_featured_media_url":"https:\/\/webdelmaestrocmf.com\/portal\/wp-content\/uploads\/2021\/01\/1A-Banner-1-portada-imagen-10-1-copia-80.webp","jetpack_sharing_enabled":true,"jetpack-related-posts":[{"id":73484,"url":"https:\/\/webdelmaestrocmf.com\/portal\/los-maestros-han-demostrado-su-vocacion-de-servicio-su-creatividad-su-resiliencia-y-su-amor-por-una-tarea-que-no-es-para-cualquiera\/","url_meta":{"origin":58421,"position":0},"title":"Los maestros han demostrado su vocaci\u00f3n de servicio, su creatividad, su resiliencia y su amor por una tarea \u201cque no es para cualquiera\u201d","author":"Web del Maestro CMF","date":"1 abril, 2022","format":false,"excerpt":"Desde el 5 de octubre de 1994 se ha llamado en el mundo el D\u00eda Mundial de los Docentes, con la finalidad de resaltar los desaf\u00edos que afrontan los maestros y la importante funci\u00f3n que han desempe\u00f1ado y deben desempe\u00f1ar con miras al futuro de la humanidad, seg\u00fan sugerencia de\u2026","rel":"","context":"En \u00abYo opino - WMCMF\u00bb","block_context":{"text":"Yo opino - WMCMF","link":"https:\/\/webdelmaestrocmf.com\/portal\/category\/jamb\/"},"img":{"alt_text":"","src":"https:\/\/i0.wp.com\/webdelmaestrocmf.com\/portal\/wp-content\/uploads\/2022\/01\/1-145.jpg?resize=350%2C200&ssl=1","width":350,"height":200,"srcset":"https:\/\/i0.wp.com\/webdelmaestrocmf.com\/portal\/wp-content\/uploads\/2022\/01\/1-145.jpg?resize=350%2C200&ssl=1 1x, https:\/\/i0.wp.com\/webdelmaestrocmf.com\/portal\/wp-content\/uploads\/2022\/01\/1-145.jpg?resize=525%2C300&ssl=1 1.5x, https:\/\/i0.wp.com\/webdelmaestrocmf.com\/portal\/wp-content\/uploads\/2022\/01\/1-145.jpg?resize=700%2C400&ssl=1 2x, https:\/\/i0.wp.com\/webdelmaestrocmf.com\/portal\/wp-content\/uploads\/2022\/01\/1-145.jpg?resize=1050%2C600&ssl=1 3x"},"classes":[]},{"id":109345,"url":"https:\/\/webdelmaestrocmf.com\/portal\/inteligencia-artificial-en-la-capacitacion-docente\/","url_meta":{"origin":58421,"position":1},"title":"Inteligencia Artificial en la Capacitaci\u00f3n Docente","author":"Web del Maestro CMF","date":"11 junio, 2025","format":false,"excerpt":"En un contexto donde el aula cambia constantemente y los desaf\u00edos educativos se multiplican, los equipos de formaci\u00f3n docente tienen la responsabilidad de ofrecer capacitaciones eficaces, pertinentes y transformadoras. La inteligencia artificial (IA) permite llevar la formaci\u00f3n profesional a otro nivel: m\u00e1s personalizada, m\u00e1s relevante, m\u00e1s medible. Aqu\u00ed te mostramos\u2026","rel":"","context":"En \u00abCapacitaci\u00f3n\u00bb","block_context":{"text":"Capacitaci\u00f3n","link":"https:\/\/webdelmaestrocmf.com\/portal\/category\/pedagogia\/capacitacion\/"},"img":{"alt_text":"","src":"https:\/\/i0.wp.com\/webdelmaestrocmf.com\/portal\/wp-content\/uploads\/2025\/06\/1A-Banner-1-portada-imagen-10-1-31.jpg?resize=350%2C200&ssl=1","width":350,"height":200,"srcset":"https:\/\/i0.wp.com\/webdelmaestrocmf.com\/portal\/wp-content\/uploads\/2025\/06\/1A-Banner-1-portada-imagen-10-1-31.jpg?resize=350%2C200&ssl=1 1x, https:\/\/i0.wp.com\/webdelmaestrocmf.com\/portal\/wp-content\/uploads\/2025\/06\/1A-Banner-1-portada-imagen-10-1-31.jpg?resize=525%2C300&ssl=1 1.5x, https:\/\/i0.wp.com\/webdelmaestrocmf.com\/portal\/wp-content\/uploads\/2025\/06\/1A-Banner-1-portada-imagen-10-1-31.jpg?resize=700%2C400&ssl=1 2x"},"classes":[]},{"id":90643,"url":"https:\/\/webdelmaestrocmf.com\/portal\/aprender-a-ensenar-claves-practicas-para-formadores-y-educadores\/","url_meta":{"origin":58421,"position":2},"title":"Aprender a ense\u00f1ar: claves pr\u00e1cticas para formadores y educadores","author":"Web del Maestro CMF","date":"16 julio, 2023","format":false,"excerpt":"En el \u00e1mbito de la educaci\u00f3n, el papel del docente es crucial. Los profesores desempe\u00f1an un rol fundamental en la formaci\u00f3n y desarrollo de los estudiantes, y su capacidad para ense\u00f1ar de manera efectiva puede marcar una gran diferencia en el aprendizaje y \u00e9xito de sus alumnos. Sin embargo, la\u2026","rel":"","context":"En \u00abLibros\u00bb","block_context":{"text":"Libros","link":"https:\/\/webdelmaestrocmf.com\/portal\/category\/pedagogia\/libros\/"},"img":{"alt_text":"","src":"https:\/\/i0.wp.com\/webdelmaestrocmf.com\/portal\/wp-content\/uploads\/2023\/07\/A12B3C4D-6.jpg?resize=350%2C200&ssl=1","width":350,"height":200,"srcset":"https:\/\/i0.wp.com\/webdelmaestrocmf.com\/portal\/wp-content\/uploads\/2023\/07\/A12B3C4D-6.jpg?resize=350%2C200&ssl=1 1x, https:\/\/i0.wp.com\/webdelmaestrocmf.com\/portal\/wp-content\/uploads\/2023\/07\/A12B3C4D-6.jpg?resize=525%2C300&ssl=1 1.5x, https:\/\/i0.wp.com\/webdelmaestrocmf.com\/portal\/wp-content\/uploads\/2023\/07\/A12B3C4D-6.jpg?resize=700%2C400&ssl=1 2x"},"classes":[]},{"id":108972,"url":"https:\/\/webdelmaestrocmf.com\/portal\/si-lo-que-das-en-clase-ya-esta-en-google-para-que-te-necesita-el-alumno\/","url_meta":{"origin":58421,"position":3},"title":"Si lo que das en clase ya est\u00e1 en Google, \u00bfpara qu\u00e9  te  necesita  el alumno?","author":"Web del Maestro CMF","date":"24 mayo, 2025","format":false,"excerpt":"Con el panel \"Un horizonte posible de la formaci\u00f3n docente\u201d, Ticmas reuni\u00f3 a tres voces referentes de Am\u00e9rica Latina que hablaron sobre el impacto de la\u00a0inteligencia artificial\u00a0en la profesi\u00f3n docente y en las aulas escolares. Moderado por\u00a0Patricio Zunini, el debate reuni\u00f3 a\u00a0Martin Salvetti, profesor t\u00e9cnico argentino con larga trayectoria en\u2026","rel":"","context":"En \u00abNoticias Internacionales\u00bb","block_context":{"text":"Noticias Internacionales","link":"https:\/\/webdelmaestrocmf.com\/portal\/category\/noticias-internacionales\/"},"img":{"alt_text":"","src":"https:\/\/i0.wp.com\/webdelmaestrocmf.com\/portal\/wp-content\/uploads\/2025\/05\/1A-Banner-1-portada-imagen-10-1.jpg?resize=350%2C200&ssl=1","width":350,"height":200,"srcset":"https:\/\/i0.wp.com\/webdelmaestrocmf.com\/portal\/wp-content\/uploads\/2025\/05\/1A-Banner-1-portada-imagen-10-1.jpg?resize=350%2C200&ssl=1 1x, https:\/\/i0.wp.com\/webdelmaestrocmf.com\/portal\/wp-content\/uploads\/2025\/05\/1A-Banner-1-portada-imagen-10-1.jpg?resize=525%2C300&ssl=1 1.5x, https:\/\/i0.wp.com\/webdelmaestrocmf.com\/portal\/wp-content\/uploads\/2025\/05\/1A-Banner-1-portada-imagen-10-1.jpg?resize=700%2C400&ssl=1 2x"},"classes":[]},{"id":77852,"url":"https:\/\/webdelmaestrocmf.com\/portal\/ernesto-gonzalez-estaran-preparados-realmente-los-estudiantes\/","url_meta":{"origin":58421,"position":4},"title":"[Ernesto Gonz\u00e1lez] \u00bfEstar\u00e1n preparados realmente los estudiantes?","author":"Web del Maestro CMF","date":"23 junio, 2022","format":false,"excerpt":"\u00bfSi te mencionara los nombres de S\u00f3crates y Plat\u00f3n y, que responder\u00edas? Si pensaste en que ambos fueron fil\u00f3sofos \u2013 tanto de la occidental como de la universal - de la Antigua Grecia y que el primero fue maestro del segundo estar\u00e1s en lo cierto. Lo que s\u00ed posiblemente desconozca\u2026","rel":"","context":"En \u00abZ-Colaboradores\u00bb","block_context":{"text":"Z-Colaboradores","link":"https:\/\/webdelmaestrocmf.com\/portal\/category\/colaborador\/"},"img":{"alt_text":"","src":"https:\/\/i0.wp.com\/webdelmaestrocmf.com\/portal\/wp-content\/uploads\/2022\/06\/12.jpg?resize=350%2C200&ssl=1","width":350,"height":200,"srcset":"https:\/\/i0.wp.com\/webdelmaestrocmf.com\/portal\/wp-content\/uploads\/2022\/06\/12.jpg?resize=350%2C200&ssl=1 1x, https:\/\/i0.wp.com\/webdelmaestrocmf.com\/portal\/wp-content\/uploads\/2022\/06\/12.jpg?resize=525%2C300&ssl=1 1.5x, https:\/\/i0.wp.com\/webdelmaestrocmf.com\/portal\/wp-content\/uploads\/2022\/06\/12.jpg?resize=700%2C400&ssl=1 2x, https:\/\/i0.wp.com\/webdelmaestrocmf.com\/portal\/wp-content\/uploads\/2022\/06\/12.jpg?resize=1050%2C600&ssl=1 3x"},"classes":[]},{"id":104716,"url":"https:\/\/webdelmaestrocmf.com\/portal\/cual-es-el-rol-de-docente-mirando-al-2030\/","url_meta":{"origin":58421,"position":5},"title":"Cu\u00e1l es el rol de docente mirando al 2030","author":"Web del Maestro CMF","date":"8 marzo, 2024","format":false,"excerpt":"El rol del docente est\u00e1 en constante evoluci\u00f3n, y la d\u00e9cada de 2030 no ser\u00e1 una excepci\u00f3n. De cara a un futuro cada vez m\u00e1s digitalizado, interconectado y cambiante, la labor del profesor se vuelve a\u00fan m\u00e1s crucial. Sin embargo, su enfoque deber\u00e1 adaptarse a las nuevas necesidades y caracter\u00edsticas\u2026","rel":"","context":"En \u00abDocentes\u00bb","block_context":{"text":"Docentes","link":"https:\/\/webdelmaestrocmf.com\/portal\/category\/pedagogia\/docentes\/"},"img":{"alt_text":"","src":"https:\/\/i0.wp.com\/webdelmaestrocmf.com\/portal\/wp-content\/uploads\/2024\/03\/Banner-1-portada-imagen-10-1-1.jpg?resize=350%2C200&ssl=1","width":350,"height":200,"srcset":"https:\/\/i0.wp.com\/webdelmaestrocmf.com\/portal\/wp-content\/uploads\/2024\/03\/Banner-1-portada-imagen-10-1-1.jpg?resize=350%2C200&ssl=1 1x, https:\/\/i0.wp.com\/webdelmaestrocmf.com\/portal\/wp-content\/uploads\/2024\/03\/Banner-1-portada-imagen-10-1-1.jpg?resize=525%2C300&ssl=1 1.5x, https:\/\/i0.wp.com\/webdelmaestrocmf.com\/portal\/wp-content\/uploads\/2024\/03\/Banner-1-portada-imagen-10-1-1.jpg?resize=700%2C400&ssl=1 2x"},"classes":[]}],"_links":{"self":[{"href":"https:\/\/webdelmaestrocmf.com\/portal\/wp-json\/wp\/v2\/posts\/58421","targetHints":{"allow":["GET"]}}],"collection":[{"href":"https:\/\/webdelmaestrocmf.com\/portal\/wp-json\/wp\/v2\/posts"}],"about":[{"href":"https:\/\/webdelmaestrocmf.com\/portal\/wp-json\/wp\/v2\/types\/post"}],"author":[{"embeddable":true,"href":"https:\/\/webdelmaestrocmf.com\/portal\/wp-json\/wp\/v2\/users\/1"}],"replies":[{"embeddable":true,"href":"https:\/\/webdelmaestrocmf.com\/portal\/wp-json\/wp\/v2\/comments?post=58421"}],"version-history":[{"count":4,"href":"https:\/\/webdelmaestrocmf.com\/portal\/wp-json\/wp\/v2\/posts\/58421\/revisions"}],"predecessor-version":[{"id":111499,"href":"https:\/\/webdelmaestrocmf.com\/portal\/wp-json\/wp\/v2\/posts\/58421\/revisions\/111499"}],"wp:featuredmedia":[{"embeddable":true,"href":"https:\/\/webdelmaestrocmf.com\/portal\/wp-json\/wp\/v2\/media\/111495"}],"wp:attachment":[{"href":"https:\/\/webdelmaestrocmf.com\/portal\/wp-json\/wp\/v2\/media?parent=58421"}],"wp:term":[{"taxonomy":"category","embeddable":true,"href":"https:\/\/webdelmaestrocmf.com\/portal\/wp-json\/wp\/v2\/categories?post=58421"},{"taxonomy":"post_tag","embeddable":true,"href":"https:\/\/webdelmaestrocmf.com\/portal\/wp-json\/wp\/v2\/tags?post=58421"}],"curies":[{"name":"wp","href":"https:\/\/api.w.org\/{rel}","templated":true}]}}