{"id":58037,"date":"2021-01-19T15:27:28","date_gmt":"2021-01-19T18:27:28","guid":{"rendered":"https:\/\/webdelmaestrocmf.com\/portal\/?p=58037"},"modified":"2022-08-07T20:21:26","modified_gmt":"2022-08-08T00:21:26","slug":"orientaciones-para-el-desarrollo-del-ano-escolar-2021-calendarizacion-principales-contenidos-acompanamiento-y-monitoreo","status":"publish","type":"post","link":"https:\/\/webdelmaestrocmf.com\/portal\/orientaciones-para-el-desarrollo-del-ano-escolar-2021-calendarizacion-principales-contenidos-acompanamiento-y-monitoreo\/","title":{"rendered":"Orientaciones para el desarrollo del A\u00f1o Escolar: Calendarizaci\u00f3n, principales contenidos, acompa\u00f1amiento y monitoreo"},"content":{"rendered":"<h5 style=\"text-align: justify;\">El a\u00f1o escolar 2021 comenzar\u00e1 el 15 de marzo y culminar\u00e1 el 17 de diciembre, seg\u00fan la norma t\u00e9cnica aprobada por el Ministerio de Educaci\u00f3n\u00a0del Per\u00fa (Minedu), cuyo objetivo es brindar tanto a los directivos como a las familias, orientaciones para el desarrollo del servicio educativo.<\/h5>\n<p><!--more--><\/p>\n<h5 style=\"text-align: justify;\">El documento denominado \u201cOrientaciones para el Desarrollo del A\u00f1o Escolar 2021 en Instituciones Educativas y Programas Educativos de la Educaci\u00f3n B\u00e1sica\u201d y aprobado por la Resoluci\u00f3n Viceministerial N\u00b0 273-2020-MINEDU, indica que el a\u00f1o escolar 2021 estar\u00e1 conformado por 36 semanas lectivas y 4 semanas de vacaciones: una en mayo, dos a mitad de a\u00f1o y una en octubre.<\/h5>\n<p style=\"text-align: justify;\">Sobre la presencialidad para las clases escolares, el Minedu tomar\u00e1 una decisi\u00f3n en base a las disposiciones y recomendaciones de las instancias pertinentes, seg\u00fan el estado del avance de la emergencia sanitaria.<\/p>\n<p style=\"text-align: justify;\">Mientras se contin\u00fae con las clases de manera virtual, los directivos deber\u00e1n planificar un cronograma de actividades pedag\u00f3gicas para garantizar que todos los y las estudiantes reciban actividades de aprendizaje. En tal sentido, el Minedu seguir\u00e1 proporcionando los contenidos de la estrategia \u201cAprendo en Casa\u201d, a trav\u00e9s de la radio, web y televisi\u00f3n.<\/p>\n<h5 style=\"text-align: justify;\"><strong>PROCESO DE MATR\u00cdCULA 2021<\/strong><\/h5>\n<p style=\"text-align: justify;\">En cuanto al proceso de matr\u00edcula 2021, \u00e9sta puede efectuarse de manera remota o presencial, aunque la recomendaci\u00f3n es utilizar el medio virtual dada la situaci\u00f3n de emergencia sanitaria que vive el pa\u00eds.<\/p>\n<p style=\"text-align: justify;\">El Minedu brindar\u00e1 m\u00e1s detalles de la Matricula 2021 a trav\u00e9s de la difusi\u00f3n de un documento instructivo.<\/p>\n<h5 style=\"text-align: justify;\"><strong>CONDICIONES DE INFRAESTRUCTURA<\/strong><\/h5>\n<p style=\"text-align: justify;\">Acerca de la infraestructura de las instituciones educativas p\u00fablicas, mediante el programa \u201cMantenimiento 2021\u201d el Minedu transferir\u00e1 recursos para el mantenimiento preventivo y correctivo de los centros educativos p\u00fablicos, as\u00ed como para el mejoramiento de los servicios de agua, saneamiento y electricidad, kits de higiene, entre otros.<\/p>\n<p><img loading=\"lazy\" decoding=\"async\" class=\"alignnone size-full wp-image-58038\" src=\"https:\/\/webdelmaestrocmf.com\/portal\/wp-content\/uploads\/2021\/01\/Captura-de-Pantalla-2021-01-19-a-las-15.16.26.png\" alt=\"\" width=\"2546\" height=\"1196\" srcset=\"https:\/\/webdelmaestrocmf.com\/portal\/wp-content\/uploads\/2021\/01\/Captura-de-Pantalla-2021-01-19-a-las-15.16.26.png 2546w, https:\/\/webdelmaestrocmf.com\/portal\/wp-content\/uploads\/2021\/01\/Captura-de-Pantalla-2021-01-19-a-las-15.16.26-300x141.png 300w, https:\/\/webdelmaestrocmf.com\/portal\/wp-content\/uploads\/2021\/01\/Captura-de-Pantalla-2021-01-19-a-las-15.16.26-1024x481.png 1024w, https:\/\/webdelmaestrocmf.com\/portal\/wp-content\/uploads\/2021\/01\/Captura-de-Pantalla-2021-01-19-a-las-15.16.26-768x361.png 768w, https:\/\/webdelmaestrocmf.com\/portal\/wp-content\/uploads\/2021\/01\/Captura-de-Pantalla-2021-01-19-a-las-15.16.26-1536x722.png 1536w, https:\/\/webdelmaestrocmf.com\/portal\/wp-content\/uploads\/2021\/01\/Captura-de-Pantalla-2021-01-19-a-las-15.16.26-2048x962.png 2048w, https:\/\/webdelmaestrocmf.com\/portal\/wp-content\/uploads\/2021\/01\/Captura-de-Pantalla-2021-01-19-a-las-15.16.26-110x52.png 110w, https:\/\/webdelmaestrocmf.com\/portal\/wp-content\/uploads\/2021\/01\/Captura-de-Pantalla-2021-01-19-a-las-15.16.26-200x94.png 200w, https:\/\/webdelmaestrocmf.com\/portal\/wp-content\/uploads\/2021\/01\/Captura-de-Pantalla-2021-01-19-a-las-15.16.26-380x179.png 380w, https:\/\/webdelmaestrocmf.com\/portal\/wp-content\/uploads\/2021\/01\/Captura-de-Pantalla-2021-01-19-a-las-15.16.26-255x120.png 255w, https:\/\/webdelmaestrocmf.com\/portal\/wp-content\/uploads\/2021\/01\/Captura-de-Pantalla-2021-01-19-a-las-15.16.26-550x258.png 550w, https:\/\/webdelmaestrocmf.com\/portal\/wp-content\/uploads\/2021\/01\/Captura-de-Pantalla-2021-01-19-a-las-15.16.26-800x376.png 800w, https:\/\/webdelmaestrocmf.com\/portal\/wp-content\/uploads\/2021\/01\/Captura-de-Pantalla-2021-01-19-a-las-15.16.26-1160x545.png 1160w, https:\/\/webdelmaestrocmf.com\/portal\/wp-content\/uploads\/2021\/01\/Captura-de-Pantalla-2021-01-19-a-las-15.16.26-220x103.png 220w, https:\/\/webdelmaestrocmf.com\/portal\/wp-content\/uploads\/2021\/01\/Captura-de-Pantalla-2021-01-19-a-las-15.16.26-400x188.png 400w, https:\/\/webdelmaestrocmf.com\/portal\/wp-content\/uploads\/2021\/01\/Captura-de-Pantalla-2021-01-19-a-las-15.16.26-760x357.png 760w, https:\/\/webdelmaestrocmf.com\/portal\/wp-content\/uploads\/2021\/01\/Captura-de-Pantalla-2021-01-19-a-las-15.16.26-510x240.png 510w, https:\/\/webdelmaestrocmf.com\/portal\/wp-content\/uploads\/2021\/01\/Captura-de-Pantalla-2021-01-19-a-las-15.16.26-600x282.png 600w, https:\/\/webdelmaestrocmf.com\/portal\/wp-content\/uploads\/2021\/01\/Captura-de-Pantalla-2021-01-19-a-las-15.16.26-1100x517.png 1100w, https:\/\/webdelmaestrocmf.com\/portal\/wp-content\/uploads\/2021\/01\/Captura-de-Pantalla-2021-01-19-a-las-15.16.26-1600x752.png 1600w, https:\/\/webdelmaestrocmf.com\/portal\/wp-content\/uploads\/2021\/01\/Captura-de-Pantalla-2021-01-19-a-las-15.16.26-2320x1090.png 2320w\" sizes=\"auto, (max-width: 2546px) 100vw, 2546px\" \/><\/p>\n<p style=\"text-align: center;\">e est\u00e1n alojados los libros, recursos y\/o materiales, no es administrado por la Web del Maestro CMF, pueda ser que en cuesti\u00f3n de d\u00edas (o seg\u00fan el tiempo transcurrido desde su publicaci\u00f3n), los enlaces no funcionen y el material ya no se encuentre disponible. Gracias por su comprensi\u00f3n.<\/p>\n<h3>ENLACE DE LECTURA:<\/h3>\n<p style=\"text-align: center;\">\u00a1Comparte y as\u00ed m\u00e1s docentes utilizar\u00e1n estos recursos\u00a0gratis! Muchas gracias.<\/p>\n<p style=\"text-align: center;\">ENLACE 1: <span style=\"color: #000000;\"><a style=\"color: #000000;\" href=\"https:\/\/amautaenlinea.com\/blog\/wp-content\/uploads\/2021\/01\/Orientaciones-para-el-desarrollo-del-ano-escolar-2021-NT-AE-2021_28122020.pdf\" target=\"_blank\" rel=\"noopener\">ORIENTACIONES PARA EL DESARROLLO DEL A\u00d1O ESCOLAR 2021<\/a><\/span><\/p>\n\t\t<div class=\"pk-inline-posts\">\n\t\t\t\n\t\t\t<div class=\"pk-inline-posts-container pk-inline-posts-template-list\"\n\t\t\t\tdata-columns=\"1\">\n\t\t\t\t\t\t<article id=\"post-101267\" class=\"post-101267 post type-post status-publish format-standard has-post-thumbnail category-calculo category-descargas-manuales-pdf category-pedagogia tag-calculo tag-desarrollar tag-guia tag-mental tag-ninos cs-entry cs-video-wrap\">\n\t\t\t<div class=\"pk-post-outer\">\n\n\t\t\t\t\t\t\t\t<div class=\"pk-post-inner\">\n\t\t\t\t\t<div class=\"entry-thumbnail\">\n\t\t\t\t\t\t<div class=\"pk-overlay pk-overlay-ratio pk-ratio-landscape\">\n\t\t\t\t\t\t\t<div class=\"pk-overlay-background\">\n\t\t\t\t\t\t\t\t<a href=\"https:\/\/webdelmaestrocmf.com\/portal\/guia-para-desarrollar-el-calculo-mental-en-ninos\/\" class=\"pk-overlay-link\">\n\t\t\t\t\t\t\t\t\t<img loading=\"lazy\" decoding=\"async\" width=\"300\" height=\"225\" src=\"https:\/\/webdelmaestrocmf.com\/portal\/wp-content\/uploads\/2023\/11\/1AA-Banner-1-portada-imagen-10-1-copia-1-300x225.webp\" class=\"attachment-pk-thumbnail size-pk-thumbnail wp-post-image\" alt=\"\" \/>\t\t\t\t\t\t\t\t<\/a>\n\t\t\t\t\t\t\t<\/div>\n\t\t\t\t\t\t<\/div>\n\t\t\t\t\t<\/div>\n\t\t\t\t<\/div>\n\t\t\t\t\n\t\t\t\t<div class=\"pk-post-inner\">\n\t\t\t\t\t<header>\n\t\t\t\t\t\t<h3 class=\"pk-title\"><a href=\"https:\/\/webdelmaestrocmf.com\/portal\/guia-para-desarrollar-el-calculo-mental-en-ninos\/\" rel=\"bookmark\">Gu\u00eda pr\u00e1ctica para desarrollar el c\u00e1lculo mental en ni\u00f1os: descarga los tres cuadernillos de c\u00e1lculo mental<\/a><\/h3>\t\t\t\t\t<\/header><!-- .entry-header -->\n\t\t\t\t<\/div><!-- .post-inner -->\n\n\t\t\t<\/div><!-- .post-outer -->\n\t\t<\/article>\n\t\t\t\t<\/div>\n\t\t<\/div>\n\t\t\n","protected":false},"excerpt":{"rendered":"El a\u00f1o escolar 2021 comenzar\u00e1 el 15 de marzo y culminar\u00e1 el 17 de diciembre, seg\u00fan la norma&hellip;","protected":false},"author":1,"featured_media":58039,"comment_status":"open","ping_status":"closed","sticky":false,"template":"","format":"standard","meta":{"csco_display_header_overlay":false,"csco_singular_sidebar":"default","csco_page_header_type":"default","csco_page_load_nextpost":"default","csco_post_video_location":[],"csco_post_video_location_hash":"","csco_post_video_url":"","csco_post_video_bg_start_time":0,"csco_post_video_bg_end_time":0,"csco_post_video_bg_volume":false,"_jetpack_memberships_contains_paid_content":false,"footnotes":""},"categories":[2004,735],"tags":[3206,773,608,2772],"class_list":{"0":"post-58037","1":"post","2":"type-post","3":"status-publish","4":"format-standard","5":"has-post-thumbnail","7":"category-descargas-manuales-pdf","8":"category-pedagogia","9":"tag-ano","10":"tag-desarrollo","11":"tag-escolar","12":"tag-orientaciones","13":"cs-entry","14":"cs-video-wrap"},"yoast_head":"<!-- This site is optimized with the Yoast SEO plugin v27.5 - https:\/\/yoast.com\/product\/yoast-seo-wordpress\/ -->\n<title>Orientaciones para el desarrollo del A\u00f1o Escolar: Calendarizaci\u00f3n, principales contenidos, acompa\u00f1amiento y monitoreo - 2026<\/title>\n<meta name=\"description\" content=\"El a\u00f1o escolar 2021 comenzar\u00e1 el 15 de marzo y culminar\u00e1 el 17 de diciembre, seg\u00fan la norma t\u00e9cnica aprobada por el...\" \/>\n<meta name=\"robots\" content=\"index, follow, max-snippet:-1, max-image-preview:large, max-video-preview:-1\" \/>\n<link rel=\"canonical\" href=\"https:\/\/webdelmaestrocmf.com\/portal\/orientaciones-para-el-desarrollo-del-ano-escolar-2021-calendarizacion-principales-contenidos-acompanamiento-y-monitoreo\/\" \/>\n<meta property=\"og:locale\" content=\"es_ES\" \/>\n<meta property=\"og:type\" content=\"article\" \/>\n<meta property=\"og:title\" content=\"Orientaciones para el desarrollo del A\u00f1o Escolar: Calendarizaci\u00f3n, principales contenidos, acompa\u00f1amiento y monitoreo - 2026\" \/>\n<meta property=\"og:description\" content=\"El a\u00f1o escolar 2021 comenzar\u00e1 el 15 de marzo y culminar\u00e1 el 17 de diciembre, seg\u00fan la norma t\u00e9cnica aprobada por el...\" \/>\n<meta property=\"og:url\" content=\"https:\/\/webdelmaestrocmf.com\/portal\/orientaciones-para-el-desarrollo-del-ano-escolar-2021-calendarizacion-principales-contenidos-acompanamiento-y-monitoreo\/\" \/>\n<meta property=\"og:site_name\" content=\"Web del Maestro CMF\" \/>\n<meta property=\"article:publisher\" content=\"https:\/\/www.facebook.com\/WebdelMaestroCMF\/\" \/>\n<meta property=\"article:author\" content=\"https:\/\/www.facebook.com\/WebdelMaestroCMF\/\" \/>\n<meta property=\"article:published_time\" content=\"2021-01-19T18:27:28+00:00\" \/>\n<meta property=\"article:modified_time\" content=\"2022-08-08T00:21:26+00:00\" \/>\n<meta property=\"og:image\" content=\"https:\/\/i0.wp.com\/webdelmaestrocmf.com\/portal\/wp-content\/uploads\/2021\/01\/1-copia-113.jpg?fit=1100%2C680&ssl=1\" \/>\n\t<meta property=\"og:image:width\" content=\"1100\" \/>\n\t<meta property=\"og:image:height\" content=\"680\" \/>\n\t<meta property=\"og:image:type\" content=\"image\/jpeg\" \/>\n<meta name=\"author\" content=\"Web del Maestro CMF\" \/>\n<meta name=\"twitter:card\" content=\"summary_large_image\" \/>\n<meta name=\"twitter:creator\" content=\"@cmf_w\" \/>\n<meta name=\"twitter:site\" content=\"@cmf_w\" \/>\n<script type=\"application\/ld+json\" class=\"yoast-schema-graph\">{\"@context\":\"https:\\\/\\\/schema.org\",\"@graph\":[{\"@type\":\"ScholarlyArticle\",\"@id\":\"https:\\\/\\\/webdelmaestrocmf.com\\\/portal\\\/orientaciones-para-el-desarrollo-del-ano-escolar-2021-calendarizacion-principales-contenidos-acompanamiento-y-monitoreo\\\/#article\",\"isPartOf\":{\"@id\":\"https:\\\/\\\/webdelmaestrocmf.com\\\/portal\\\/orientaciones-para-el-desarrollo-del-ano-escolar-2021-calendarizacion-principales-contenidos-acompanamiento-y-monitoreo\\\/\"},\"author\":{\"name\":\"Web del Maestro CMF\",\"@id\":\"https:\\\/\\\/webdelmaestrocmf.com\\\/portal\\\/#\\\/schema\\\/person\\\/1072a2ed7bd960df8ef99a551fa35dc5\"},\"headline\":\"Orientaciones para el desarrollo del A\u00f1o Escolar: Calendarizaci\u00f3n, principales contenidos, acompa\u00f1amiento y monitoreo\",\"datePublished\":\"2021-01-19T18:27:28+00:00\",\"dateModified\":\"2022-08-08T00:21:26+00:00\",\"mainEntityOfPage\":{\"@id\":\"https:\\\/\\\/webdelmaestrocmf.com\\\/portal\\\/orientaciones-para-el-desarrollo-del-ano-escolar-2021-calendarizacion-principales-contenidos-acompanamiento-y-monitoreo\\\/\"},\"wordCount\":410,\"commentCount\":0,\"publisher\":{\"@id\":\"https:\\\/\\\/webdelmaestrocmf.com\\\/portal\\\/#organization\"},\"image\":{\"@id\":\"https:\\\/\\\/webdelmaestrocmf.com\\\/portal\\\/orientaciones-para-el-desarrollo-del-ano-escolar-2021-calendarizacion-principales-contenidos-acompanamiento-y-monitoreo\\\/#primaryimage\"},\"thumbnailUrl\":\"https:\\\/\\\/webdelmaestrocmf.com\\\/portal\\\/wp-content\\\/uploads\\\/2021\\\/01\\\/1-copia-113.jpg\",\"keywords\":[\"A\u00d1O\",\"desarrollo\",\"ESCOLAR\",\"ORIENTACIONES\"],\"articleSection\":[\"Descargas Manuales PDF\",\"Recursos\"],\"inLanguage\":\"es\",\"potentialAction\":[{\"@type\":\"CommentAction\",\"name\":\"Comment\",\"target\":[\"https:\\\/\\\/webdelmaestrocmf.com\\\/portal\\\/orientaciones-para-el-desarrollo-del-ano-escolar-2021-calendarizacion-principales-contenidos-acompanamiento-y-monitoreo\\\/#respond\"]}]},{\"@type\":\"WebPage\",\"@id\":\"https:\\\/\\\/webdelmaestrocmf.com\\\/portal\\\/orientaciones-para-el-desarrollo-del-ano-escolar-2021-calendarizacion-principales-contenidos-acompanamiento-y-monitoreo\\\/\",\"url\":\"https:\\\/\\\/webdelmaestrocmf.com\\\/portal\\\/orientaciones-para-el-desarrollo-del-ano-escolar-2021-calendarizacion-principales-contenidos-acompanamiento-y-monitoreo\\\/\",\"name\":\"Orientaciones para el desarrollo del A\u00f1o Escolar: Calendarizaci\u00f3n, principales contenidos, acompa\u00f1amiento y monitoreo - 2026\",\"isPartOf\":{\"@id\":\"https:\\\/\\\/webdelmaestrocmf.com\\\/portal\\\/#website\"},\"primaryImageOfPage\":{\"@id\":\"https:\\\/\\\/webdelmaestrocmf.com\\\/portal\\\/orientaciones-para-el-desarrollo-del-ano-escolar-2021-calendarizacion-principales-contenidos-acompanamiento-y-monitoreo\\\/#primaryimage\"},\"image\":{\"@id\":\"https:\\\/\\\/webdelmaestrocmf.com\\\/portal\\\/orientaciones-para-el-desarrollo-del-ano-escolar-2021-calendarizacion-principales-contenidos-acompanamiento-y-monitoreo\\\/#primaryimage\"},\"thumbnailUrl\":\"https:\\\/\\\/webdelmaestrocmf.com\\\/portal\\\/wp-content\\\/uploads\\\/2021\\\/01\\\/1-copia-113.jpg\",\"datePublished\":\"2021-01-19T18:27:28+00:00\",\"dateModified\":\"2022-08-08T00:21:26+00:00\",\"description\":\"El a\u00f1o escolar 2021 comenzar\u00e1 el 15 de marzo y culminar\u00e1 el 17 de diciembre, seg\u00fan la norma t\u00e9cnica aprobada por el...\",\"breadcrumb\":{\"@id\":\"https:\\\/\\\/webdelmaestrocmf.com\\\/portal\\\/orientaciones-para-el-desarrollo-del-ano-escolar-2021-calendarizacion-principales-contenidos-acompanamiento-y-monitoreo\\\/#breadcrumb\"},\"inLanguage\":\"es\",\"potentialAction\":[{\"@type\":\"ReadAction\",\"target\":[\"https:\\\/\\\/webdelmaestrocmf.com\\\/portal\\\/orientaciones-para-el-desarrollo-del-ano-escolar-2021-calendarizacion-principales-contenidos-acompanamiento-y-monitoreo\\\/\"]}]},{\"@type\":\"ImageObject\",\"inLanguage\":\"es\",\"@id\":\"https:\\\/\\\/webdelmaestrocmf.com\\\/portal\\\/orientaciones-para-el-desarrollo-del-ano-escolar-2021-calendarizacion-principales-contenidos-acompanamiento-y-monitoreo\\\/#primaryimage\",\"url\":\"https:\\\/\\\/webdelmaestrocmf.com\\\/portal\\\/wp-content\\\/uploads\\\/2021\\\/01\\\/1-copia-113.jpg\",\"contentUrl\":\"https:\\\/\\\/webdelmaestrocmf.com\\\/portal\\\/wp-content\\\/uploads\\\/2021\\\/01\\\/1-copia-113.jpg\",\"width\":1100,\"height\":680},{\"@type\":\"BreadcrumbList\",\"@id\":\"https:\\\/\\\/webdelmaestrocmf.com\\\/portal\\\/orientaciones-para-el-desarrollo-del-ano-escolar-2021-calendarizacion-principales-contenidos-acompanamiento-y-monitoreo\\\/#breadcrumb\",\"itemListElement\":[{\"@type\":\"ListItem\",\"position\":1,\"name\":\"Portada\",\"item\":\"https:\\\/\\\/webdelmaestrocmf.com\\\/portal\\\/\"},{\"@type\":\"ListItem\",\"position\":2,\"name\":\"Recursos\",\"item\":\"https:\\\/\\\/webdelmaestrocmf.com\\\/portal\\\/category\\\/pedagogia\\\/\"},{\"@type\":\"ListItem\",\"position\":3,\"name\":\"Orientaciones para el desarrollo del A\u00f1o Escolar: Calendarizaci\u00f3n, principales contenidos, acompa\u00f1amiento y monitoreo\"}]},{\"@type\":\"WebSite\",\"@id\":\"https:\\\/\\\/webdelmaestrocmf.com\\\/portal\\\/#website\",\"url\":\"https:\\\/\\\/webdelmaestrocmf.com\\\/portal\\\/\",\"name\":\"Web del Maestro CMF\",\"description\":\"Maestros al servicio de la educaci\u00f3n\",\"publisher\":{\"@id\":\"https:\\\/\\\/webdelmaestrocmf.com\\\/portal\\\/#organization\"},\"alternateName\":\"WMCMF\",\"potentialAction\":[{\"@type\":\"SearchAction\",\"target\":{\"@type\":\"EntryPoint\",\"urlTemplate\":\"https:\\\/\\\/webdelmaestrocmf.com\\\/portal\\\/?s={search_term_string}\"},\"query-input\":{\"@type\":\"PropertyValueSpecification\",\"valueRequired\":true,\"valueName\":\"search_term_string\"}}],\"inLanguage\":\"es\"},{\"@type\":\"Organization\",\"@id\":\"https:\\\/\\\/webdelmaestrocmf.com\\\/portal\\\/#organization\",\"name\":\"Web del Maestro CMF\",\"alternateName\":\"WMCMF\",\"url\":\"https:\\\/\\\/webdelmaestrocmf.com\\\/portal\\\/\",\"logo\":{\"@type\":\"ImageObject\",\"inLanguage\":\"es\",\"@id\":\"https:\\\/\\\/webdelmaestrocmf.com\\\/portal\\\/#\\\/schema\\\/logo\\\/image\\\/\",\"url\":\"https:\\\/\\\/webdelmaestrocmf.com\\\/portal\\\/wp-content\\\/uploads\\\/2023\\\/01\\\/logo-wmcmf-2.png\",\"contentUrl\":\"https:\\\/\\\/webdelmaestrocmf.com\\\/portal\\\/wp-content\\\/uploads\\\/2023\\\/01\\\/logo-wmcmf-2.png\",\"width\":200,\"height\":60,\"caption\":\"Web del Maestro CMF\"},\"image\":{\"@id\":\"https:\\\/\\\/webdelmaestrocmf.com\\\/portal\\\/#\\\/schema\\\/logo\\\/image\\\/\"},\"sameAs\":[\"https:\\\/\\\/www.facebook.com\\\/WebdelMaestroCMF\\\/\",\"https:\\\/\\\/x.com\\\/cmf_w\",\"https:\\\/\\\/www.pinterest.com\\\/WMCMF\\\/\",\"https:\\\/\\\/www.linkedin.com\\\/company\\\/web-del-maestro-cmf\\\/\",\"https:\\\/\\\/www.instagram.com\\\/wmcmf\\\/\",\"https:\\\/\\\/www.youtube.com\\\/channel\\\/UCDPSvjbdodE5sHnC3OxutHw\",\"https:\\\/\\\/mastodon.social\\\/@wmcmf\",\"https:\\\/\\\/www.tiktok.com\\\/@webdelmaestrocmf\"]},{\"@type\":\"Person\",\"@id\":\"https:\\\/\\\/webdelmaestrocmf.com\\\/portal\\\/#\\\/schema\\\/person\\\/1072a2ed7bd960df8ef99a551fa35dc5\",\"name\":\"Web del Maestro CMF\",\"image\":{\"@type\":\"ImageObject\",\"inLanguage\":\"es\",\"@id\":\"https:\\\/\\\/secure.gravatar.com\\\/avatar\\\/23291dd5b5ae1077dcff3dbb04c3e02bd28403fa75af6d8787d5e97c5bbbe30b?s=96&d=mm&r=g\",\"url\":\"https:\\\/\\\/secure.gravatar.com\\\/avatar\\\/23291dd5b5ae1077dcff3dbb04c3e02bd28403fa75af6d8787d5e97c5bbbe30b?s=96&d=mm&r=g\",\"contentUrl\":\"https:\\\/\\\/secure.gravatar.com\\\/avatar\\\/23291dd5b5ae1077dcff3dbb04c3e02bd28403fa75af6d8787d5e97c5bbbe30b?s=96&d=mm&r=g\",\"caption\":\"Web del Maestro CMF\"},\"description\":\"Esta Web se cre\u00f3 sin fines de lucro, con fines educativos, cient\u00edficos y acad\u00e9micos, para personas que tengan dificultades y\\\/o inconvenientes en visualizar el material original. El objetivo es entregar recursos, compartir experiencias y materiales que ayuden a los padres de familia, maestros y estudiantes en su actualizaci\u00f3n y formaci\u00f3n permanente, en bien de la Educaci\u00f3n.\",\"sameAs\":[\"http:\\\/\\\/webdelmaestrocmf.com\\\/portal\",\"https:\\\/\\\/www.facebook.com\\\/WebdelMaestroCMF\\\/\",\"https:\\\/\\\/www.instagram.com\\\/wmcmf\\\/\",\"https:\\\/\\\/cl.linkedin.com\\\/company\\\/web-del-maestro-cmf\",\"https:\\\/\\\/www.pinterest.com\\\/WMCMF\\\/publicaciones\\\/\",\"https:\\\/\\\/x.com\\\/cmf_w\",\"https:\\\/\\\/www.youtube.com\\\/@WMCMF\"]}]}<\/script>\n<!-- \/ Yoast SEO plugin. -->","yoast_head_json":{"title":"Orientaciones para el desarrollo del A\u00f1o Escolar: Calendarizaci\u00f3n, principales contenidos, acompa\u00f1amiento y monitoreo - 2026","description":"El a\u00f1o escolar 2021 comenzar\u00e1 el 15 de marzo y culminar\u00e1 el 17 de diciembre, seg\u00fan la norma t\u00e9cnica aprobada por el...","robots":{"index":"index","follow":"follow","max-snippet":"max-snippet:-1","max-image-preview":"max-image-preview:large","max-video-preview":"max-video-preview:-1"},"canonical":"https:\/\/webdelmaestrocmf.com\/portal\/orientaciones-para-el-desarrollo-del-ano-escolar-2021-calendarizacion-principales-contenidos-acompanamiento-y-monitoreo\/","og_locale":"es_ES","og_type":"article","og_title":"Orientaciones para el desarrollo del A\u00f1o Escolar: Calendarizaci\u00f3n, principales contenidos, acompa\u00f1amiento y monitoreo - 2026","og_description":"El a\u00f1o escolar 2021 comenzar\u00e1 el 15 de marzo y culminar\u00e1 el 17 de diciembre, seg\u00fan la norma t\u00e9cnica aprobada por el...","og_url":"https:\/\/webdelmaestrocmf.com\/portal\/orientaciones-para-el-desarrollo-del-ano-escolar-2021-calendarizacion-principales-contenidos-acompanamiento-y-monitoreo\/","og_site_name":"Web del Maestro CMF","article_publisher":"https:\/\/www.facebook.com\/WebdelMaestroCMF\/","article_author":"https:\/\/www.facebook.com\/WebdelMaestroCMF\/","article_published_time":"2021-01-19T18:27:28+00:00","article_modified_time":"2022-08-08T00:21:26+00:00","og_image":[{"width":1100,"height":680,"url":"https:\/\/i0.wp.com\/webdelmaestrocmf.com\/portal\/wp-content\/uploads\/2021\/01\/1-copia-113.jpg?fit=1100%2C680&ssl=1","type":"image\/jpeg"}],"author":"Web del Maestro CMF","twitter_card":"summary_large_image","twitter_creator":"@cmf_w","twitter_site":"@cmf_w","schema":{"@context":"https:\/\/schema.org","@graph":[{"@type":"ScholarlyArticle","@id":"https:\/\/webdelmaestrocmf.com\/portal\/orientaciones-para-el-desarrollo-del-ano-escolar-2021-calendarizacion-principales-contenidos-acompanamiento-y-monitoreo\/#article","isPartOf":{"@id":"https:\/\/webdelmaestrocmf.com\/portal\/orientaciones-para-el-desarrollo-del-ano-escolar-2021-calendarizacion-principales-contenidos-acompanamiento-y-monitoreo\/"},"author":{"name":"Web del Maestro CMF","@id":"https:\/\/webdelmaestrocmf.com\/portal\/#\/schema\/person\/1072a2ed7bd960df8ef99a551fa35dc5"},"headline":"Orientaciones para el desarrollo del A\u00f1o Escolar: Calendarizaci\u00f3n, principales contenidos, acompa\u00f1amiento y monitoreo","datePublished":"2021-01-19T18:27:28+00:00","dateModified":"2022-08-08T00:21:26+00:00","mainEntityOfPage":{"@id":"https:\/\/webdelmaestrocmf.com\/portal\/orientaciones-para-el-desarrollo-del-ano-escolar-2021-calendarizacion-principales-contenidos-acompanamiento-y-monitoreo\/"},"wordCount":410,"commentCount":0,"publisher":{"@id":"https:\/\/webdelmaestrocmf.com\/portal\/#organization"},"image":{"@id":"https:\/\/webdelmaestrocmf.com\/portal\/orientaciones-para-el-desarrollo-del-ano-escolar-2021-calendarizacion-principales-contenidos-acompanamiento-y-monitoreo\/#primaryimage"},"thumbnailUrl":"https:\/\/webdelmaestrocmf.com\/portal\/wp-content\/uploads\/2021\/01\/1-copia-113.jpg","keywords":["A\u00d1O","desarrollo","ESCOLAR","ORIENTACIONES"],"articleSection":["Descargas Manuales PDF","Recursos"],"inLanguage":"es","potentialAction":[{"@type":"CommentAction","name":"Comment","target":["https:\/\/webdelmaestrocmf.com\/portal\/orientaciones-para-el-desarrollo-del-ano-escolar-2021-calendarizacion-principales-contenidos-acompanamiento-y-monitoreo\/#respond"]}]},{"@type":"WebPage","@id":"https:\/\/webdelmaestrocmf.com\/portal\/orientaciones-para-el-desarrollo-del-ano-escolar-2021-calendarizacion-principales-contenidos-acompanamiento-y-monitoreo\/","url":"https:\/\/webdelmaestrocmf.com\/portal\/orientaciones-para-el-desarrollo-del-ano-escolar-2021-calendarizacion-principales-contenidos-acompanamiento-y-monitoreo\/","name":"Orientaciones para el desarrollo del A\u00f1o Escolar: Calendarizaci\u00f3n, principales contenidos, acompa\u00f1amiento y monitoreo - 2026","isPartOf":{"@id":"https:\/\/webdelmaestrocmf.com\/portal\/#website"},"primaryImageOfPage":{"@id":"https:\/\/webdelmaestrocmf.com\/portal\/orientaciones-para-el-desarrollo-del-ano-escolar-2021-calendarizacion-principales-contenidos-acompanamiento-y-monitoreo\/#primaryimage"},"image":{"@id":"https:\/\/webdelmaestrocmf.com\/portal\/orientaciones-para-el-desarrollo-del-ano-escolar-2021-calendarizacion-principales-contenidos-acompanamiento-y-monitoreo\/#primaryimage"},"thumbnailUrl":"https:\/\/webdelmaestrocmf.com\/portal\/wp-content\/uploads\/2021\/01\/1-copia-113.jpg","datePublished":"2021-01-19T18:27:28+00:00","dateModified":"2022-08-08T00:21:26+00:00","description":"El a\u00f1o escolar 2021 comenzar\u00e1 el 15 de marzo y culminar\u00e1 el 17 de diciembre, seg\u00fan la norma t\u00e9cnica aprobada por el...","breadcrumb":{"@id":"https:\/\/webdelmaestrocmf.com\/portal\/orientaciones-para-el-desarrollo-del-ano-escolar-2021-calendarizacion-principales-contenidos-acompanamiento-y-monitoreo\/#breadcrumb"},"inLanguage":"es","potentialAction":[{"@type":"ReadAction","target":["https:\/\/webdelmaestrocmf.com\/portal\/orientaciones-para-el-desarrollo-del-ano-escolar-2021-calendarizacion-principales-contenidos-acompanamiento-y-monitoreo\/"]}]},{"@type":"ImageObject","inLanguage":"es","@id":"https:\/\/webdelmaestrocmf.com\/portal\/orientaciones-para-el-desarrollo-del-ano-escolar-2021-calendarizacion-principales-contenidos-acompanamiento-y-monitoreo\/#primaryimage","url":"https:\/\/webdelmaestrocmf.com\/portal\/wp-content\/uploads\/2021\/01\/1-copia-113.jpg","contentUrl":"https:\/\/webdelmaestrocmf.com\/portal\/wp-content\/uploads\/2021\/01\/1-copia-113.jpg","width":1100,"height":680},{"@type":"BreadcrumbList","@id":"https:\/\/webdelmaestrocmf.com\/portal\/orientaciones-para-el-desarrollo-del-ano-escolar-2021-calendarizacion-principales-contenidos-acompanamiento-y-monitoreo\/#breadcrumb","itemListElement":[{"@type":"ListItem","position":1,"name":"Portada","item":"https:\/\/webdelmaestrocmf.com\/portal\/"},{"@type":"ListItem","position":2,"name":"Recursos","item":"https:\/\/webdelmaestrocmf.com\/portal\/category\/pedagogia\/"},{"@type":"ListItem","position":3,"name":"Orientaciones para el desarrollo del A\u00f1o Escolar: Calendarizaci\u00f3n, principales contenidos, acompa\u00f1amiento y monitoreo"}]},{"@type":"WebSite","@id":"https:\/\/webdelmaestrocmf.com\/portal\/#website","url":"https:\/\/webdelmaestrocmf.com\/portal\/","name":"Web del Maestro CMF","description":"Maestros al servicio de la educaci\u00f3n","publisher":{"@id":"https:\/\/webdelmaestrocmf.com\/portal\/#organization"},"alternateName":"WMCMF","potentialAction":[{"@type":"SearchAction","target":{"@type":"EntryPoint","urlTemplate":"https:\/\/webdelmaestrocmf.com\/portal\/?s={search_term_string}"},"query-input":{"@type":"PropertyValueSpecification","valueRequired":true,"valueName":"search_term_string"}}],"inLanguage":"es"},{"@type":"Organization","@id":"https:\/\/webdelmaestrocmf.com\/portal\/#organization","name":"Web del Maestro CMF","alternateName":"WMCMF","url":"https:\/\/webdelmaestrocmf.com\/portal\/","logo":{"@type":"ImageObject","inLanguage":"es","@id":"https:\/\/webdelmaestrocmf.com\/portal\/#\/schema\/logo\/image\/","url":"https:\/\/webdelmaestrocmf.com\/portal\/wp-content\/uploads\/2023\/01\/logo-wmcmf-2.png","contentUrl":"https:\/\/webdelmaestrocmf.com\/portal\/wp-content\/uploads\/2023\/01\/logo-wmcmf-2.png","width":200,"height":60,"caption":"Web del Maestro CMF"},"image":{"@id":"https:\/\/webdelmaestrocmf.com\/portal\/#\/schema\/logo\/image\/"},"sameAs":["https:\/\/www.facebook.com\/WebdelMaestroCMF\/","https:\/\/x.com\/cmf_w","https:\/\/www.pinterest.com\/WMCMF\/","https:\/\/www.linkedin.com\/company\/web-del-maestro-cmf\/","https:\/\/www.instagram.com\/wmcmf\/","https:\/\/www.youtube.com\/channel\/UCDPSvjbdodE5sHnC3OxutHw","https:\/\/mastodon.social\/@wmcmf","https:\/\/www.tiktok.com\/@webdelmaestrocmf"]},{"@type":"Person","@id":"https:\/\/webdelmaestrocmf.com\/portal\/#\/schema\/person\/1072a2ed7bd960df8ef99a551fa35dc5","name":"Web del Maestro CMF","image":{"@type":"ImageObject","inLanguage":"es","@id":"https:\/\/secure.gravatar.com\/avatar\/23291dd5b5ae1077dcff3dbb04c3e02bd28403fa75af6d8787d5e97c5bbbe30b?s=96&d=mm&r=g","url":"https:\/\/secure.gravatar.com\/avatar\/23291dd5b5ae1077dcff3dbb04c3e02bd28403fa75af6d8787d5e97c5bbbe30b?s=96&d=mm&r=g","contentUrl":"https:\/\/secure.gravatar.com\/avatar\/23291dd5b5ae1077dcff3dbb04c3e02bd28403fa75af6d8787d5e97c5bbbe30b?s=96&d=mm&r=g","caption":"Web del Maestro CMF"},"description":"Esta Web se cre\u00f3 sin fines de lucro, con fines educativos, cient\u00edficos y acad\u00e9micos, para personas que tengan dificultades y\/o inconvenientes en visualizar el material original. El objetivo es entregar recursos, compartir experiencias y materiales que ayuden a los padres de familia, maestros y estudiantes en su actualizaci\u00f3n y formaci\u00f3n permanente, en bien de la Educaci\u00f3n.","sameAs":["http:\/\/webdelmaestrocmf.com\/portal","https:\/\/www.facebook.com\/WebdelMaestroCMF\/","https:\/\/www.instagram.com\/wmcmf\/","https:\/\/cl.linkedin.com\/company\/web-del-maestro-cmf","https:\/\/www.pinterest.com\/WMCMF\/publicaciones\/","https:\/\/x.com\/cmf_w","https:\/\/www.youtube.com\/@WMCMF"]}]}},"jetpack_featured_media_url":"https:\/\/webdelmaestrocmf.com\/portal\/wp-content\/uploads\/2021\/01\/1-copia-113.jpg","jetpack_sharing_enabled":true,"jetpack-related-posts":[{"id":113345,"url":"https:\/\/webdelmaestrocmf.com\/portal\/descarga-el-aplicativo-en-excel-que-te-ayudara-a-planificar-organizar-y-gestionar-todo-el-ano-escolar-2026-de-forma-automatica-y-eficiente\/","url_meta":{"origin":58037,"position":0},"title":"Descarga el aplicativo en Excel que te ayudar\u00e1 a planificar, organizar y gestionar todo el a\u00f1o escolar 2026 de forma autom\u00e1tica y eficiente","author":"Web del Maestro CMF","date":"9 noviembre, 2025","format":false,"excerpt":"El aplicativo en Excel permite planificar, organizar y gestionar autom\u00e1ticamente el a\u00f1o escolar 2026, optimizando tiempo, feriados y semanas lectivas.","rel":"","context":"En \u00abDescarga\u00bb","block_context":{"text":"Descarga","link":"https:\/\/webdelmaestrocmf.com\/portal\/category\/descarga\/"},"img":{"alt_text":"","src":"https:\/\/i0.wp.com\/webdelmaestrocmf.com\/portal\/wp-content\/uploads\/2025\/11\/1A-Banner-1-portada-imagen-10-1-copia-1-1.jpg?resize=350%2C200&ssl=1","width":350,"height":200,"srcset":"https:\/\/i0.wp.com\/webdelmaestrocmf.com\/portal\/wp-content\/uploads\/2025\/11\/1A-Banner-1-portada-imagen-10-1-copia-1-1.jpg?resize=350%2C200&ssl=1 1x, https:\/\/i0.wp.com\/webdelmaestrocmf.com\/portal\/wp-content\/uploads\/2025\/11\/1A-Banner-1-portada-imagen-10-1-copia-1-1.jpg?resize=525%2C300&ssl=1 1.5x, https:\/\/i0.wp.com\/webdelmaestrocmf.com\/portal\/wp-content\/uploads\/2025\/11\/1A-Banner-1-portada-imagen-10-1-copia-1-1.jpg?resize=700%2C400&ssl=1 2x"},"classes":[]},{"id":103641,"url":"https:\/\/webdelmaestrocmf.com\/portal\/plan-anual-de-tutoria-desarrollado-orientacion-educativa-y-convivencia-escolar-2024\/","url_meta":{"origin":58037,"position":1},"title":"Plan Anual de Tutor\u00eda (Desarrollado), Orientaci\u00f3n Educativa y Convivencia Escolar 2024","author":"Web del Maestro CMF","date":"9 febrero, 2024","format":false,"excerpt":"El plan de tutor\u00eda es un documento que contiene los objetivos, estrategias y actividades de tutor\u00eda para un determinado periodo de tiempo. Es un instrumento fundamental para la planificaci\u00f3n y ejecuci\u00f3n de la tutor\u00eda. El Plan Anual de TOECE 2024 es un instrumento fundamental para la gesti\u00f3n y organizaci\u00f3n de\u2026","rel":"","context":"En \u00abRecursos\u00bb","block_context":{"text":"Recursos","link":"https:\/\/webdelmaestrocmf.com\/portal\/category\/pedagogia\/"},"img":{"alt_text":"tutoria","src":"https:\/\/i0.wp.com\/webdelmaestrocmf.com\/portal\/wp-content\/uploads\/2024\/02\/Banner-1-portada-imagen-10-1-15.jpg?resize=350%2C200&ssl=1","width":350,"height":200,"srcset":"https:\/\/i0.wp.com\/webdelmaestrocmf.com\/portal\/wp-content\/uploads\/2024\/02\/Banner-1-portada-imagen-10-1-15.jpg?resize=350%2C200&ssl=1 1x, https:\/\/i0.wp.com\/webdelmaestrocmf.com\/portal\/wp-content\/uploads\/2024\/02\/Banner-1-portada-imagen-10-1-15.jpg?resize=525%2C300&ssl=1 1.5x, https:\/\/i0.wp.com\/webdelmaestrocmf.com\/portal\/wp-content\/uploads\/2024\/02\/Banner-1-portada-imagen-10-1-15.jpg?resize=700%2C400&ssl=1 2x"},"classes":[]},{"id":56582,"url":"https:\/\/webdelmaestrocmf.com\/portal\/documentos-a-presentar-de-finalizacion-de-ano-escolar\/","url_meta":{"origin":58037,"position":2},"title":"Modelo de documentos a presentar para la finalizaci\u00f3n de a\u00f1o escolar presencial &#8211; virtual","author":"Web del Maestro CMF","date":"29 diciembre, 2020","format":false,"excerpt":"La finalidad es establecer las orientaciones y procedimientos para el desarrollo de las actividades de finalizaci\u00f3n del a\u00f1o escolar, en las Instituciones y Programas Educativos P\u00fablicos y Privados de Educaci\u00f3n B\u00e1sica. Los objetivos son garantizar la oportuna y adecuada culminaci\u00f3n de las actividades del a\u00f1o escolar en las Instituciones Educativas,\u2026","rel":"","context":"En \u00abDescargas Manuales PDF\u00bb","block_context":{"text":"Descargas Manuales PDF","link":"https:\/\/webdelmaestrocmf.com\/portal\/category\/pedagogia\/descargas-manuales-pdf\/"},"img":{"alt_text":"","src":"https:\/\/i0.wp.com\/webdelmaestrocmf.com\/portal\/wp-content\/uploads\/2020\/12\/1-copia-93.jpg?resize=350%2C200&ssl=1","width":350,"height":200,"srcset":"https:\/\/i0.wp.com\/webdelmaestrocmf.com\/portal\/wp-content\/uploads\/2020\/12\/1-copia-93.jpg?resize=350%2C200&ssl=1 1x, https:\/\/i0.wp.com\/webdelmaestrocmf.com\/portal\/wp-content\/uploads\/2020\/12\/1-copia-93.jpg?resize=525%2C300&ssl=1 1.5x, https:\/\/i0.wp.com\/webdelmaestrocmf.com\/portal\/wp-content\/uploads\/2020\/12\/1-copia-93.jpg?resize=700%2C400&ssl=1 2x, https:\/\/i0.wp.com\/webdelmaestrocmf.com\/portal\/wp-content\/uploads\/2020\/12\/1-copia-93.jpg?resize=1050%2C600&ssl=1 3x"},"classes":[]},{"id":101614,"url":"https:\/\/webdelmaestrocmf.com\/portal\/orientaciones-documentos-e-informes-de-fin-de-ano\/","url_meta":{"origin":58037,"position":3},"title":"Orientaciones, documentos e informes de fin de a\u00f1o","author":"Web del Maestro CMF","date":"10 diciembre, 2023","format":false,"excerpt":"El Ministerio de Educaci\u00f3n del Per\u00fa ha dado a conocer una serie de orientaciones, documentos e informes fundamentales para las comunidades educativas con miras al cierre del a\u00f1o 2023. Estos documentos e informes de fin de a\u00f1o los puede descargar al final del art\u00edculo. Estos recursos se presentan como herramientas\u2026","rel":"","context":"En \u00abDescargas Manuales PDF\u00bb","block_context":{"text":"Descargas Manuales PDF","link":"https:\/\/webdelmaestrocmf.com\/portal\/category\/pedagogia\/descargas-manuales-pdf\/"},"img":{"alt_text":"informes de fin de a\u00f1o","src":"https:\/\/i0.wp.com\/webdelmaestrocmf.com\/portal\/wp-content\/uploads\/2023\/12\/A12B3C4D-25.jpg?resize=350%2C200&ssl=1","width":350,"height":200,"srcset":"https:\/\/i0.wp.com\/webdelmaestrocmf.com\/portal\/wp-content\/uploads\/2023\/12\/A12B3C4D-25.jpg?resize=350%2C200&ssl=1 1x, https:\/\/i0.wp.com\/webdelmaestrocmf.com\/portal\/wp-content\/uploads\/2023\/12\/A12B3C4D-25.jpg?resize=525%2C300&ssl=1 1.5x, https:\/\/i0.wp.com\/webdelmaestrocmf.com\/portal\/wp-content\/uploads\/2023\/12\/A12B3C4D-25.jpg?resize=700%2C400&ssl=1 2x"},"classes":[]},{"id":72342,"url":"https:\/\/webdelmaestrocmf.com\/portal\/formatos-de-informes-de-finalizacion-del-ano-escolar-2021\/","url_meta":{"origin":58037,"position":4},"title":"Formatos de informes de finalizaci\u00f3n del a\u00f1o escolar","author":"Web del Maestro CMF","date":"10 diciembre, 2023","format":false,"excerpt":"En el cierre anual escolar, la presentaci\u00f3n de informes reviste una importancia significativa. Los informes de finalizaci\u00f3n del a\u00f1o escolar no solo reflejan el progreso acad\u00e9mico de los estudiantes, sino que tambi\u00e9n proporcionan una visi\u00f3n integral del rendimiento y logros alcanzados a lo largo del a\u00f1o. Estos informes, meticulosamente estructurados,\u2026","rel":"","context":"En \u00abDescargas Manuales PDF\u00bb","block_context":{"text":"Descargas Manuales PDF","link":"https:\/\/webdelmaestrocmf.com\/portal\/category\/pedagogia\/descargas-manuales-pdf\/"},"img":{"alt_text":"informes de finalizaci\u00f3n","src":"https:\/\/i0.wp.com\/webdelmaestrocmf.com\/portal\/wp-content\/uploads\/2021\/12\/1-35.jpg?resize=350%2C200&ssl=1","width":350,"height":200,"srcset":"https:\/\/i0.wp.com\/webdelmaestrocmf.com\/portal\/wp-content\/uploads\/2021\/12\/1-35.jpg?resize=350%2C200&ssl=1 1x, https:\/\/i0.wp.com\/webdelmaestrocmf.com\/portal\/wp-content\/uploads\/2021\/12\/1-35.jpg?resize=525%2C300&ssl=1 1.5x, https:\/\/i0.wp.com\/webdelmaestrocmf.com\/portal\/wp-content\/uploads\/2021\/12\/1-35.jpg?resize=700%2C400&ssl=1 2x, https:\/\/i0.wp.com\/webdelmaestrocmf.com\/portal\/wp-content\/uploads\/2021\/12\/1-35.jpg?resize=1050%2C600&ssl=1 3x"},"classes":[]},{"id":64946,"url":"https:\/\/webdelmaestrocmf.com\/portal\/aprueban-la-estrategia-para-el-buen-retorno-del-ano-escolar-2021-2022\/","url_meta":{"origin":58037,"position":5},"title":"Aprueban la estrategia para el Buen Retorno del A\u00f1o Escolar","author":"Web del Maestro CMF","date":"8 julio, 2021","format":false,"excerpt":"El Ministerio de Educaci\u00f3n (MINEDU - Per\u00fa) aprob\u00f3 la Estrategia para el Buen Retorno del a\u00f1o Escolar y la Consolidaci\u00f3n de Aprendizajes 2021-2022: Mediante una norma publicada en el\u00a0diario oficial El Peruano, la\u00a0Resoluci\u00f3n Ministerial N\u00b0 245-2021-MINEDU\u00a0se\u00f1ala que dicha estrategia tiene como objetivo lograr que los estudiantes de la educaci\u00f3n b\u00e1sica\u2026","rel":"","context":"En \u00abDescargas Manuales PDF\u00bb","block_context":{"text":"Descargas Manuales PDF","link":"https:\/\/webdelmaestrocmf.com\/portal\/category\/pedagogia\/descargas-manuales-pdf\/"},"img":{"alt_text":"","src":"https:\/\/i0.wp.com\/webdelmaestrocmf.com\/portal\/wp-content\/uploads\/2021\/07\/1-58.jpeg?resize=350%2C200&ssl=1","width":350,"height":200,"srcset":"https:\/\/i0.wp.com\/webdelmaestrocmf.com\/portal\/wp-content\/uploads\/2021\/07\/1-58.jpeg?resize=350%2C200&ssl=1 1x, https:\/\/i0.wp.com\/webdelmaestrocmf.com\/portal\/wp-content\/uploads\/2021\/07\/1-58.jpeg?resize=525%2C300&ssl=1 1.5x, https:\/\/i0.wp.com\/webdelmaestrocmf.com\/portal\/wp-content\/uploads\/2021\/07\/1-58.jpeg?resize=700%2C400&ssl=1 2x, https:\/\/i0.wp.com\/webdelmaestrocmf.com\/portal\/wp-content\/uploads\/2021\/07\/1-58.jpeg?resize=1050%2C600&ssl=1 3x"},"classes":[]}],"_links":{"self":[{"href":"https:\/\/webdelmaestrocmf.com\/portal\/wp-json\/wp\/v2\/posts\/58037","targetHints":{"allow":["GET"]}}],"collection":[{"href":"https:\/\/webdelmaestrocmf.com\/portal\/wp-json\/wp\/v2\/posts"}],"about":[{"href":"https:\/\/webdelmaestrocmf.com\/portal\/wp-json\/wp\/v2\/types\/post"}],"author":[{"embeddable":true,"href":"https:\/\/webdelmaestrocmf.com\/portal\/wp-json\/wp\/v2\/users\/1"}],"replies":[{"embeddable":true,"href":"https:\/\/webdelmaestrocmf.com\/portal\/wp-json\/wp\/v2\/comments?post=58037"}],"version-history":[{"count":0,"href":"https:\/\/webdelmaestrocmf.com\/portal\/wp-json\/wp\/v2\/posts\/58037\/revisions"}],"wp:featuredmedia":[{"embeddable":true,"href":"https:\/\/webdelmaestrocmf.com\/portal\/wp-json\/wp\/v2\/media\/58039"}],"wp:attachment":[{"href":"https:\/\/webdelmaestrocmf.com\/portal\/wp-json\/wp\/v2\/media?parent=58037"}],"wp:term":[{"taxonomy":"category","embeddable":true,"href":"https:\/\/webdelmaestrocmf.com\/portal\/wp-json\/wp\/v2\/categories?post=58037"},{"taxonomy":"post_tag","embeddable":true,"href":"https:\/\/webdelmaestrocmf.com\/portal\/wp-json\/wp\/v2\/tags?post=58037"}],"curies":[{"name":"wp","href":"https:\/\/api.w.org\/{rel}","templated":true}]}}