{"id":57126,"date":"2021-01-07T17:05:58","date_gmt":"2021-01-07T20:05:58","guid":{"rendered":"https:\/\/webdelmaestrocmf.com\/portal\/?p=57126"},"modified":"2023-10-20T01:37:02","modified_gmt":"2023-10-20T04:37:02","slug":"comprension-lectora-para-concurso-de-nombramiento-docente-2021-contrata-docente-2022-2023-minedu","status":"publish","type":"post","link":"https:\/\/webdelmaestrocmf.com\/portal\/comprension-lectora-para-concurso-de-nombramiento-docente-2021-contrata-docente-2022-2023-minedu\/","title":{"rendered":"Comprensi\u00f3n lectora para aspirantes a nombramiento docente"},"content":{"rendered":"<p style=\"text-align: justify;\"><strong>La educaci\u00f3n es el pilar fundamental de cualquier sociedad. La formaci\u00f3n de nuevas generaciones, la transmisi\u00f3n del conocimiento y los valores son tareas que recaen en manos de los docentes. Por esta raz\u00f3n, la selecci\u00f3n de quienes ocupar\u00e1n estas posiciones es un proceso cr\u00edtico. En el contexto peruano, este proceso se lleva a cabo a trav\u00e9s de concursos de nombramiento docente y la firma de contratos con el Ministerio de Educaci\u00f3n (MINEDU). Uno de los aspectos m\u00e1s esenciales en la evaluaci\u00f3n de los aspirantes es su capacidad de comprensi\u00f3n lectora.<\/strong><!--more--><\/p>\n<p style=\"text-align: justify;\">La comprensi\u00f3n lectora, lejos de ser una habilidad secundaria, es un factor determinante en la calidad de la educaci\u00f3n que se brinda en nuestro pa\u00eds. En este art\u00edculo, exploraremos por qu\u00e9 la comprensi\u00f3n lectora es un criterio esencial en el proceso de selecci\u00f3n de docentes a nivel nacional y c\u00f3mo un plan de estudio efectivo puede marcar la diferencia entre el \u00e9xito y el fracaso en estos concursos.<\/p>\n<p>Art\u00edculo relacionado: <a href=\"https:\/\/webdelmaestrocmf.com\/portal\/examenes-de-nombramiento-docente-oposicion-docente-solucionario-todas-las-areas\/\" target=\"_top\" rel=\"noopener\">Ex\u00e1menes de nombramiento docente | oposici\u00f3n docente | Solucionario todas las \u00e1reas<\/a><\/p>\n<h5 style=\"text-align: justify;\"><strong>La Prueba \u00danica Nacional: Un Desaf\u00edo Educativo<\/strong><\/h5>\n<p style=\"text-align: justify;\">El MINEDU, como ente rector de la educaci\u00f3n en Per\u00fa, se ha esforzado por establecer criterios de selecci\u00f3n rigurosos para garantizar que los docentes que ingresen al sistema educativo cumplan con los est\u00e1ndares de calidad y excelencia requeridos. En este sentido, la Prueba \u00danica Nacional se ha convertido en un componente clave de este proceso.<\/p>\n<p style=\"text-align: justify;\">Esta prueba, que consta de 90 preguntas, eval\u00faa una amplia gama de habilidades y conocimientos, pero es en la secci\u00f3n de Comprensi\u00f3n Lectora donde se pone a prueba la habilidad de los aspirantes para interpretar y analizar textos. Con 25 preguntas dedicadas a esta \u00e1rea, queda claro que el MINEDU da una gran importancia a la capacidad de los docentes para comprender y comunicarse efectivamente a trav\u00e9s de la lectura.<\/p>\n<h5 style=\"text-align: justify;\"><strong>La Elaboraci\u00f3n de un Plan de Estudios Efectivo<\/strong><\/h5>\n<p style=\"text-align: justify;\">Si bien la comprensi\u00f3n lectora es esencial, no es la \u00fanica habilidad requerida para tener \u00e9xito en la Prueba \u00danica Nacional. Los docentes aspirantes deben dominar una variedad de temas, desde el razonamiento l\u00f3gico hasta conocimientos pedag\u00f3gicos de su especialidad. Esto significa que, adem\u00e1s de ser lectores competentes, deben ser estudiantes comprometidos.<\/p>\n<p style=\"text-align: justify;\">Un plan de estudios efectivo es la base de la preparaci\u00f3n para estos concursos. No importa cu\u00e1nta experiencia se tenga en la ense\u00f1anza; sin un plan s\u00f3lido, el \u00e9xito es esquivo. Cada aspirante debe asegurarse de contar con un cronograma que incluya horarios, metodolog\u00edas y temas que se evaluar\u00e1n en la prueba. Adem\u00e1s, este plan debe adaptarse a las circunstancias y tiempos individuales de cada aspirante.<\/p>\n<p style=\"text-align: justify;\">La rigidez excesiva en la planificaci\u00f3n puede ser tan perjudicial como la falta de un plan. La vida moderna es agitada, y la adaptabilidad es una habilidad valiosa. Un buen plan de estudios debe permitir ajustes seg\u00fan las necesidades y avances de cada persona.<\/p>\n<h5 style=\"text-align: justify;\"><strong>La Comprensi\u00f3n Lectora y su Papel en el Aprendizaje<\/strong><\/h5>\n<p style=\"text-align: justify;\">La comprensi\u00f3n lectora no solo es crucial en el contexto de los concursos de nombramiento docente, sino que es una habilidad fundamental en la ense\u00f1anza y el aprendizaje en general. Los docentes no solo transmiten conocimiento a sus estudiantes, sino que tambi\u00e9n les ense\u00f1an c\u00f3mo aprender y comprender por s\u00ed mismos.<\/p>\n<p style=\"text-align: justify;\">Una buena comprensi\u00f3n lectora es el fundamento de la adquisici\u00f3n de conocimientos. Permite a los estudiantes entender los textos de sus libros de texto, las instrucciones de las tareas y las evaluaciones, y les capacita para investigar y aprender de forma independiente. Por lo tanto, los docentes deben ser ejemplos vivos de una excelente comprensi\u00f3n lectora.<\/p>\n<h5 style=\"text-align: justify;\"><strong>La Preparaci\u00f3n Efectiva para la Comprensi\u00f3n Lectora<\/strong><\/h5>\n<p style=\"text-align: justify;\">La preparaci\u00f3n para la secci\u00f3n de Comprensi\u00f3n Lectora de la Prueba \u00danica Nacional no puede subestimarse. Requiere estudiar con contenido de alta calidad y la realizaci\u00f3n constante de ensayos y simulacros que eval\u00faen los temas mencionados anteriormente. Estos simulacros son una herramienta valiosa para familiarizarse con el tipo de preguntas y el tiempo disponible para responder.<\/p>\n<p style=\"text-align: justify;\">Adem\u00e1s de la pr\u00e1ctica, la comprensi\u00f3n lectora tambi\u00e9n se beneficia de una amplia lectura. Cuanto m\u00e1s se lee, m\u00e1s se mejora en esta habilidad. Los aspirantes deben dedicar tiempo a leer textos variados, desde literatura hasta textos acad\u00e9micos. Esto no solo mejora la comprensi\u00f3n, sino que tambi\u00e9n enriquece el repertorio de conocimientos que pueden transmitir a sus futuros estudiantes.<\/p>\n<h5 style=\"text-align: justify;\"><strong>Conclusi\u00f3n<\/strong><\/h5>\n<p style=\"text-align: justify;\">La comprensi\u00f3n lectora es una habilidad fundamental en la educaci\u00f3n y la vida en general. En el contexto de los concursos de nombramiento docente y la selecci\u00f3n de docentes para el sistema educativo peruano, esta habilidad se convierte en un criterio esencial para determinar la idoneidad de los candidatos. Un buen plan de estudios, que incluya pr\u00e1ctica constante y adaptabilidad, es la clave para una preparaci\u00f3n efectiva.<\/p>\n<p style=\"text-align: justify;\">La educaci\u00f3n de calidad es un derecho de todos los peruanos, y los docentes desempe\u00f1an un papel crucial en la entrega de este derecho. La inversi\u00f3n en la mejora de la comprensi\u00f3n lectora y otras habilidades docentes es una inversi\u00f3n en el futuro de nuestro pa\u00eds. A trav\u00e9s de la preparaci\u00f3n adecuada, la comprensi\u00f3n lectora y otras competencias necesarias, los docentes pueden marcar una diferencia positiva en la vida de sus estudiantes y en el desarrollo de la naci\u00f3n.<\/p>\n<p><a href=\"https:\/\/webdelmaestrocmf.com\/portal\/wp-content\/uploads\/2021\/01\/Captura-de-Pantalla-2021-01-07-a-las-17.15.54.png\"><img loading=\"lazy\" decoding=\"async\" class=\"alignnone wp-image-57132 size-full\" src=\"https:\/\/webdelmaestrocmf.com\/portal\/wp-content\/uploads\/2021\/01\/Captura-de-Pantalla-2021-01-07-a-las-17.15.54.png\" alt=\"nombramiento docente\" width=\"3584\" height=\"1998\" srcset=\"https:\/\/webdelmaestrocmf.com\/portal\/wp-content\/uploads\/2021\/01\/Captura-de-Pantalla-2021-01-07-a-las-17.15.54.png 3584w, https:\/\/webdelmaestrocmf.com\/portal\/wp-content\/uploads\/2021\/01\/Captura-de-Pantalla-2021-01-07-a-las-17.15.54-300x167.png 300w, https:\/\/webdelmaestrocmf.com\/portal\/wp-content\/uploads\/2021\/01\/Captura-de-Pantalla-2021-01-07-a-las-17.15.54-1024x571.png 1024w, https:\/\/webdelmaestrocmf.com\/portal\/wp-content\/uploads\/2021\/01\/Captura-de-Pantalla-2021-01-07-a-las-17.15.54-768x428.png 768w, https:\/\/webdelmaestrocmf.com\/portal\/wp-content\/uploads\/2021\/01\/Captura-de-Pantalla-2021-01-07-a-las-17.15.54-1536x856.png 1536w, https:\/\/webdelmaestrocmf.com\/portal\/wp-content\/uploads\/2021\/01\/Captura-de-Pantalla-2021-01-07-a-las-17.15.54-2048x1142.png 2048w, https:\/\/webdelmaestrocmf.com\/portal\/wp-content\/uploads\/2021\/01\/Captura-de-Pantalla-2021-01-07-a-las-17.15.54-110x61.png 110w, https:\/\/webdelmaestrocmf.com\/portal\/wp-content\/uploads\/2021\/01\/Captura-de-Pantalla-2021-01-07-a-las-17.15.54-200x111.png 200w, https:\/\/webdelmaestrocmf.com\/portal\/wp-content\/uploads\/2021\/01\/Captura-de-Pantalla-2021-01-07-a-las-17.15.54-380x212.png 380w, https:\/\/webdelmaestrocmf.com\/portal\/wp-content\/uploads\/2021\/01\/Captura-de-Pantalla-2021-01-07-a-las-17.15.54-255x142.png 255w, https:\/\/webdelmaestrocmf.com\/portal\/wp-content\/uploads\/2021\/01\/Captura-de-Pantalla-2021-01-07-a-las-17.15.54-550x307.png 550w, https:\/\/webdelmaestrocmf.com\/portal\/wp-content\/uploads\/2021\/01\/Captura-de-Pantalla-2021-01-07-a-las-17.15.54-800x446.png 800w, https:\/\/webdelmaestrocmf.com\/portal\/wp-content\/uploads\/2021\/01\/Captura-de-Pantalla-2021-01-07-a-las-17.15.54-1160x647.png 1160w, https:\/\/webdelmaestrocmf.com\/portal\/wp-content\/uploads\/2021\/01\/Captura-de-Pantalla-2021-01-07-a-las-17.15.54-3072x1713.png 3072w, https:\/\/webdelmaestrocmf.com\/portal\/wp-content\/uploads\/2021\/01\/Captura-de-Pantalla-2021-01-07-a-las-17.15.54-220x123.png 220w, https:\/\/webdelmaestrocmf.com\/portal\/wp-content\/uploads\/2021\/01\/Captura-de-Pantalla-2021-01-07-a-las-17.15.54-400x223.png 400w, https:\/\/webdelmaestrocmf.com\/portal\/wp-content\/uploads\/2021\/01\/Captura-de-Pantalla-2021-01-07-a-las-17.15.54-760x424.png 760w, https:\/\/webdelmaestrocmf.com\/portal\/wp-content\/uploads\/2021\/01\/Captura-de-Pantalla-2021-01-07-a-las-17.15.54-510x284.png 510w, https:\/\/webdelmaestrocmf.com\/portal\/wp-content\/uploads\/2021\/01\/Captura-de-Pantalla-2021-01-07-a-las-17.15.54-600x334.png 600w, https:\/\/webdelmaestrocmf.com\/portal\/wp-content\/uploads\/2021\/01\/Captura-de-Pantalla-2021-01-07-a-las-17.15.54-1100x613.png 1100w, https:\/\/webdelmaestrocmf.com\/portal\/wp-content\/uploads\/2021\/01\/Captura-de-Pantalla-2021-01-07-a-las-17.15.54-1600x892.png 1600w, https:\/\/webdelmaestrocmf.com\/portal\/wp-content\/uploads\/2021\/01\/Captura-de-Pantalla-2021-01-07-a-las-17.15.54-2320x1293.png 2320w\" sizes=\"auto, (max-width: 3584px) 100vw, 3584px\" \/><\/a><\/p>\n<p style=\"text-align: justify;\">A continuaci\u00f3n le presentamos un video sobre <strong>c\u00f3mo desarrollar un examen de comprensi\u00f3n lectora<\/strong> para concurso de <strong>nombramiento docente 2021 y contrata docente 2022 y 2023,<\/strong> aqu\u00ed las pautas de c\u00f3mo desarrollar la sub prueba comprensi\u00f3n lectora.<\/p>\n<p><iframe loading=\"lazy\" title=\"YouTube video player\" src=\"https:\/\/www.youtube.com\/embed\/DCikvFov5rk\" width=\"100%\" height=\"400\" frameborder=\"0\" allowfullscreen=\"allowfullscreen\"><\/iframe><\/p>\n<p><iframe loading=\"lazy\" title=\"YouTube video player\" src=\"https:\/\/www.youtube.com\/embed\/vzF6fZGNkb0\" width=\"100%\" height=\"400\" frameborder=\"0\" allowfullscreen=\"allowfullscreen\"><\/iframe><\/p>\n<p><iframe loading=\"lazy\" title=\"YouTube video player\" src=\"https:\/\/www.youtube.com\/embed\/sJXLUj7Cy1A\" width=\"100%\" height=\"400\" frameborder=\"0\" allowfullscreen=\"allowfullscreen\"><\/iframe><\/p>\n<p style=\"text-align: center;\"><strong>ENLACE DE LECTURA: <\/strong><a href=\"https:\/\/agora.xtec.cat\/afapremia\/wp-content\/uploads\/usu1270\/2016\/06\/EDUCACION-PERMANENTE-90-LECTURAS.pdf\" target=\"_blank\" rel=\"noopener\">90 EJERCICIOS COMPRENSI\u00d3N LECTORA PARA ADULTOS<\/a><\/p>\n\t\t<div class=\"pk-inline-posts\">\n\t\t\t\n\t\t\t<div class=\"pk-inline-posts-container pk-inline-posts-template-list\"\n\t\t\t\tdata-columns=\"1\">\n\t\t\t\t\t\t<article id=\"post-101267\" class=\"post-101267 post type-post status-publish format-standard has-post-thumbnail category-calculo category-descargas-manuales-pdf category-pedagogia tag-calculo tag-desarrollar tag-guia tag-mental tag-ninos cs-entry cs-video-wrap\">\n\t\t\t<div class=\"pk-post-outer\">\n\n\t\t\t\t\t\t\t\t<div class=\"pk-post-inner\">\n\t\t\t\t\t<div class=\"entry-thumbnail\">\n\t\t\t\t\t\t<div class=\"pk-overlay pk-overlay-ratio pk-ratio-landscape\">\n\t\t\t\t\t\t\t<div class=\"pk-overlay-background\">\n\t\t\t\t\t\t\t\t<a href=\"https:\/\/webdelmaestrocmf.com\/portal\/guia-para-desarrollar-el-calculo-mental-en-ninos\/\" class=\"pk-overlay-link\">\n\t\t\t\t\t\t\t\t\t<img loading=\"lazy\" decoding=\"async\" width=\"300\" height=\"225\" src=\"https:\/\/webdelmaestrocmf.com\/portal\/wp-content\/uploads\/2023\/11\/1AA-Banner-1-portada-imagen-10-1-copia-1-300x225.webp\" class=\"attachment-pk-thumbnail size-pk-thumbnail wp-post-image\" alt=\"\" \/>\t\t\t\t\t\t\t\t<\/a>\n\t\t\t\t\t\t\t<\/div>\n\t\t\t\t\t\t<\/div>\n\t\t\t\t\t<\/div>\n\t\t\t\t<\/div>\n\t\t\t\t\n\t\t\t\t<div class=\"pk-post-inner\">\n\t\t\t\t\t<header>\n\t\t\t\t\t\t<h3 class=\"pk-title\"><a href=\"https:\/\/webdelmaestrocmf.com\/portal\/guia-para-desarrollar-el-calculo-mental-en-ninos\/\" rel=\"bookmark\">Gu\u00eda pr\u00e1ctica para desarrollar el c\u00e1lculo mental en ni\u00f1os: descarga los tres cuadernillos de c\u00e1lculo mental<\/a><\/h3>\t\t\t\t\t<\/header><!-- .entry-header -->\n\t\t\t\t<\/div><!-- .post-inner -->\n\n\t\t\t<\/div><!-- .post-outer -->\n\t\t<\/article>\n\t\t\t<article id=\"post-95551\" class=\"post-95551 post type-post status-publish format-standard has-post-thumbnail category-deficit-de-atencion category-descargas-manuales-pdf category-pedagogia tag-actividades-al-aire-libre tag-actividades-en-casa tag-actividades-escolares tag-ambiente-de-aprendizaje tag-atencion tag-atencion-plena tag-comprension-lectora tag-concentracion tag-desarrollo-cognitivo tag-educacion tag-ejercicios-de-atencion tag-ejercicios-de-respiracion tag-estrategias-educativas tag-habilidades-de-atencio tag-herramientas-visuales tag-juegos-de-atencion tag-juegos-de-mesa tag-lectura-conjunta tag-limitar-tiempo-de-pantalla tag-mindfulness tag-ninos-distraidos tag-organizacion tag-pausas-activas tag-rompecabezas tag-rutinas tag-tareas-domesticas tag-tdah tag-tecnicas-de-concentracion tag-tiempo-de-silencio cs-entry cs-video-wrap\">\n\t\t\t<div class=\"pk-post-outer\">\n\n\t\t\t\t\t\t\t\t<div class=\"pk-post-inner\">\n\t\t\t\t\t<div class=\"entry-thumbnail\">\n\t\t\t\t\t\t<div class=\"pk-overlay pk-overlay-ratio pk-ratio-landscape\">\n\t\t\t\t\t\t\t<div class=\"pk-overlay-background\">\n\t\t\t\t\t\t\t\t<a href=\"https:\/\/webdelmaestrocmf.com\/portal\/como-educar-a-ninos-distraidos-o-despistados-que-se-puede-hacer-en-clase\/\" class=\"pk-overlay-link\">\n\t\t\t\t\t\t\t\t\t<img loading=\"lazy\" decoding=\"async\" width=\"300\" height=\"225\" src=\"https:\/\/webdelmaestrocmf.com\/portal\/wp-content\/uploads\/2023\/09\/1A-Banner-1-portada-imagen-10-1-copia-1-300x225.jpg\" class=\"attachment-pk-thumbnail size-pk-thumbnail wp-post-image\" alt=\"\" \/>\t\t\t\t\t\t\t\t<\/a>\n\t\t\t\t\t\t\t<\/div>\n\t\t\t\t\t\t<\/div>\n\t\t\t\t\t<\/div>\n\t\t\t\t<\/div>\n\t\t\t\t\n\t\t\t\t<div class=\"pk-post-inner\">\n\t\t\t\t\t<header>\n\t\t\t\t\t\t<h3 class=\"pk-title\"><a href=\"https:\/\/webdelmaestrocmf.com\/portal\/como-educar-a-ninos-distraidos-o-despistados-que-se-puede-hacer-en-clase\/\" rel=\"bookmark\">C\u00f3mo educar a ni\u00f1os distra\u00eddos o despistados. \u00bfQu\u00e9 se puede hacer en clase? Descarga las 80 actividades para trabajar la atenci\u00f3n en clases<\/a><\/h3>\t\t\t\t\t<\/header><!-- .entry-header -->\n\t\t\t\t<\/div><!-- .post-inner -->\n\n\t\t\t<\/div><!-- .post-outer -->\n\t\t<\/article>\n\t\t\t<article id=\"post-20592\" class=\"post-20592 post type-post status-publish format-standard has-post-thumbnail category-descarga category-descargas-manuales-pdf category-estres category-pedagogia tag-docentes tag-educadores tag-guia tag-mindfulness tag-practica cs-entry cs-video-wrap\">\n\t\t\t<div class=\"pk-post-outer\">\n\n\t\t\t\t\t\t\t\t<div class=\"pk-post-inner\">\n\t\t\t\t\t<div class=\"entry-thumbnail\">\n\t\t\t\t\t\t<div class=\"pk-overlay pk-overlay-ratio pk-ratio-landscape\">\n\t\t\t\t\t\t\t<div class=\"pk-overlay-background\">\n\t\t\t\t\t\t\t\t<a href=\"https:\/\/webdelmaestrocmf.com\/portal\/mindfulness-guia-practica-docentes-educadores\/\" class=\"pk-overlay-link\">\n\t\t\t\t\t\t\t\t\t<img loading=\"lazy\" decoding=\"async\" width=\"300\" height=\"225\" src=\"https:\/\/webdelmaestrocmf.com\/portal\/wp-content\/uploads\/2020\/03\/1AA-Banner-1-portada-imagen-10-1-copia-4-300x225.webp\" class=\"attachment-pk-thumbnail size-pk-thumbnail wp-post-image\" alt=\"\" \/>\t\t\t\t\t\t\t\t<\/a>\n\t\t\t\t\t\t\t<\/div>\n\t\t\t\t\t\t<\/div>\n\t\t\t\t\t<\/div>\n\t\t\t\t<\/div>\n\t\t\t\t\n\t\t\t\t<div class=\"pk-post-inner\">\n\t\t\t\t\t<header>\n\t\t\t\t\t\t<h3 class=\"pk-title\"><a href=\"https:\/\/webdelmaestrocmf.com\/portal\/mindfulness-guia-practica-docentes-educadores\/\" rel=\"bookmark\">Mindfulness: Gu\u00eda pr\u00e1ctica para docentes y educadores<\/a><\/h3>\t\t\t\t\t<\/header><!-- .entry-header -->\n\t\t\t\t<\/div><!-- .post-inner -->\n\n\t\t\t<\/div><!-- .post-outer -->\n\t\t<\/article>\n\t\t\t\t<\/div>\n\t\t<\/div>\n\t\t\n","protected":false},"excerpt":{"rendered":"La educaci\u00f3n es el pilar fundamental de cualquier sociedad. La formaci\u00f3n de nuevas generaciones, la transmisi\u00f3n del conocimiento&hellip;","protected":false},"author":1,"featured_media":57128,"comment_status":"open","ping_status":"closed","sticky":false,"template":"","format":"standard","meta":{"csco_display_header_overlay":false,"csco_singular_sidebar":"default","csco_page_header_type":"default","csco_page_load_nextpost":"default","csco_post_video_location":[],"csco_post_video_location_hash":"","csco_post_video_url":"","csco_post_video_bg_start_time":0,"csco_post_video_bg_end_time":0,"csco_post_video_bg_volume":false,"_jetpack_memberships_contains_paid_content":false,"footnotes":""},"categories":[6358,2004,3058,735],"tags":[5288,544,1587,52,545,3377],"class_list":{"0":"post-57126","1":"post","2":"type-post","3":"status-publish","4":"format-standard","5":"has-post-thumbnail","7":"category-concurso-nombramiento-docente","8":"category-descargas-manuales-pdf","9":"category-leer","10":"category-pedagogia","11":"tag-5288","12":"tag-comprension","13":"tag-concurso","14":"tag-docente","15":"tag-lectora","16":"tag-nombramiento","17":"cs-entry","18":"cs-video-wrap"},"yoast_head":"<!-- This site is optimized with the Yoast SEO plugin v27.5 - https:\/\/yoast.com\/product\/yoast-seo-wordpress\/ -->\n<title>Comprensi\u00f3n lectora para aspirantes a nombramiento docente<\/title>\n<meta name=\"description\" content=\"Invol\u00facrese en el proceso de nombramiento docente entendiento la comprensi\u00f3n lectora y los planes de estudios \u00a1Exigencia en excelencia!\" \/>\n<meta name=\"robots\" content=\"index, follow, max-snippet:-1, max-image-preview:large, max-video-preview:-1\" \/>\n<link rel=\"canonical\" href=\"https:\/\/webdelmaestrocmf.com\/portal\/comprension-lectora-para-concurso-de-nombramiento-docente-2021-contrata-docente-2022-2023-minedu\/\" \/>\n<meta property=\"og:locale\" content=\"es_ES\" \/>\n<meta property=\"og:type\" content=\"article\" \/>\n<meta property=\"og:title\" content=\"Comprensi\u00f3n lectora para aspirantes a nombramiento docente\" \/>\n<meta property=\"og:description\" content=\"Invol\u00facrese en el proceso de nombramiento docente entendiento la comprensi\u00f3n lectora y los planes de estudios \u00a1Exigencia en excelencia!\" \/>\n<meta property=\"og:url\" content=\"https:\/\/webdelmaestrocmf.com\/portal\/comprension-lectora-para-concurso-de-nombramiento-docente-2021-contrata-docente-2022-2023-minedu\/\" \/>\n<meta property=\"og:site_name\" content=\"Web del Maestro CMF\" \/>\n<meta property=\"article:publisher\" content=\"https:\/\/www.facebook.com\/WebdelMaestroCMF\/\" \/>\n<meta property=\"article:author\" content=\"https:\/\/www.facebook.com\/WebdelMaestroCMF\/\" \/>\n<meta property=\"article:published_time\" content=\"2021-01-07T20:05:58+00:00\" \/>\n<meta property=\"article:modified_time\" content=\"2023-10-20T04:37:02+00:00\" \/>\n<meta property=\"og:image\" content=\"https:\/\/webdelmaestrocmf.com\/portal\/wp-content\/uploads\/2021\/01\/1-copia-46.jpg\" \/>\n\t<meta property=\"og:image:width\" content=\"1100\" \/>\n\t<meta property=\"og:image:height\" content=\"680\" \/>\n\t<meta property=\"og:image:type\" content=\"image\/jpeg\" \/>\n<meta name=\"author\" content=\"Web del Maestro CMF\" \/>\n<meta name=\"twitter:card\" content=\"summary_large_image\" \/>\n<meta name=\"twitter:creator\" content=\"@cmf_w\" \/>\n<meta name=\"twitter:site\" content=\"@cmf_w\" \/>\n<script type=\"application\/ld+json\" class=\"yoast-schema-graph\">{\"@context\":\"https:\\\/\\\/schema.org\",\"@graph\":[{\"@type\":\"ScholarlyArticle\",\"@id\":\"https:\\\/\\\/webdelmaestrocmf.com\\\/portal\\\/comprension-lectora-para-concurso-de-nombramiento-docente-2021-contrata-docente-2022-2023-minedu\\\/#article\",\"isPartOf\":{\"@id\":\"https:\\\/\\\/webdelmaestrocmf.com\\\/portal\\\/comprension-lectora-para-concurso-de-nombramiento-docente-2021-contrata-docente-2022-2023-minedu\\\/\"},\"author\":{\"name\":\"Web del Maestro CMF\",\"@id\":\"https:\\\/\\\/webdelmaestrocmf.com\\\/portal\\\/#\\\/schema\\\/person\\\/1072a2ed7bd960df8ef99a551fa35dc5\"},\"headline\":\"Comprensi\u00f3n lectora para aspirantes a nombramiento docente\",\"datePublished\":\"2021-01-07T20:05:58+00:00\",\"dateModified\":\"2023-10-20T04:37:02+00:00\",\"mainEntityOfPage\":{\"@id\":\"https:\\\/\\\/webdelmaestrocmf.com\\\/portal\\\/comprension-lectora-para-concurso-de-nombramiento-docente-2021-contrata-docente-2022-2023-minedu\\\/\"},\"wordCount\":999,\"commentCount\":0,\"publisher\":{\"@id\":\"https:\\\/\\\/webdelmaestrocmf.com\\\/portal\\\/#organization\"},\"image\":{\"@id\":\"https:\\\/\\\/webdelmaestrocmf.com\\\/portal\\\/comprension-lectora-para-concurso-de-nombramiento-docente-2021-contrata-docente-2022-2023-minedu\\\/#primaryimage\"},\"thumbnailUrl\":\"https:\\\/\\\/webdelmaestrocmf.com\\\/portal\\\/wp-content\\\/uploads\\\/2021\\\/01\\\/1-copia-46.jpg\",\"keywords\":[\"2021\",\"comprensi\u00f3n\",\"CONCURSO\",\"DOCENTE\",\"LECTORA\",\"NOMBRAMIENTO\"],\"articleSection\":[\"Concurso nombramiento docente\",\"Descargas Manuales PDF\",\"Leer\",\"Recursos\"],\"inLanguage\":\"es\",\"potentialAction\":[{\"@type\":\"CommentAction\",\"name\":\"Comment\",\"target\":[\"https:\\\/\\\/webdelmaestrocmf.com\\\/portal\\\/comprension-lectora-para-concurso-de-nombramiento-docente-2021-contrata-docente-2022-2023-minedu\\\/#respond\"]}]},{\"@type\":\"WebPage\",\"@id\":\"https:\\\/\\\/webdelmaestrocmf.com\\\/portal\\\/comprension-lectora-para-concurso-de-nombramiento-docente-2021-contrata-docente-2022-2023-minedu\\\/\",\"url\":\"https:\\\/\\\/webdelmaestrocmf.com\\\/portal\\\/comprension-lectora-para-concurso-de-nombramiento-docente-2021-contrata-docente-2022-2023-minedu\\\/\",\"name\":\"Comprensi\u00f3n lectora para aspirantes a nombramiento docente\",\"isPartOf\":{\"@id\":\"https:\\\/\\\/webdelmaestrocmf.com\\\/portal\\\/#website\"},\"primaryImageOfPage\":{\"@id\":\"https:\\\/\\\/webdelmaestrocmf.com\\\/portal\\\/comprension-lectora-para-concurso-de-nombramiento-docente-2021-contrata-docente-2022-2023-minedu\\\/#primaryimage\"},\"image\":{\"@id\":\"https:\\\/\\\/webdelmaestrocmf.com\\\/portal\\\/comprension-lectora-para-concurso-de-nombramiento-docente-2021-contrata-docente-2022-2023-minedu\\\/#primaryimage\"},\"thumbnailUrl\":\"https:\\\/\\\/webdelmaestrocmf.com\\\/portal\\\/wp-content\\\/uploads\\\/2021\\\/01\\\/1-copia-46.jpg\",\"datePublished\":\"2021-01-07T20:05:58+00:00\",\"dateModified\":\"2023-10-20T04:37:02+00:00\",\"description\":\"Invol\u00facrese en el proceso de nombramiento docente entendiento la comprensi\u00f3n lectora y los planes de estudios \u00a1Exigencia en excelencia!\",\"breadcrumb\":{\"@id\":\"https:\\\/\\\/webdelmaestrocmf.com\\\/portal\\\/comprension-lectora-para-concurso-de-nombramiento-docente-2021-contrata-docente-2022-2023-minedu\\\/#breadcrumb\"},\"inLanguage\":\"es\",\"potentialAction\":[{\"@type\":\"ReadAction\",\"target\":[\"https:\\\/\\\/webdelmaestrocmf.com\\\/portal\\\/comprension-lectora-para-concurso-de-nombramiento-docente-2021-contrata-docente-2022-2023-minedu\\\/\"]}]},{\"@type\":\"ImageObject\",\"inLanguage\":\"es\",\"@id\":\"https:\\\/\\\/webdelmaestrocmf.com\\\/portal\\\/comprension-lectora-para-concurso-de-nombramiento-docente-2021-contrata-docente-2022-2023-minedu\\\/#primaryimage\",\"url\":\"https:\\\/\\\/webdelmaestrocmf.com\\\/portal\\\/wp-content\\\/uploads\\\/2021\\\/01\\\/1-copia-46.jpg\",\"contentUrl\":\"https:\\\/\\\/webdelmaestrocmf.com\\\/portal\\\/wp-content\\\/uploads\\\/2021\\\/01\\\/1-copia-46.jpg\",\"width\":1100,\"height\":680,\"caption\":\"nombramiento docente\"},{\"@type\":\"BreadcrumbList\",\"@id\":\"https:\\\/\\\/webdelmaestrocmf.com\\\/portal\\\/comprension-lectora-para-concurso-de-nombramiento-docente-2021-contrata-docente-2022-2023-minedu\\\/#breadcrumb\",\"itemListElement\":[{\"@type\":\"ListItem\",\"position\":1,\"name\":\"Portada\",\"item\":\"https:\\\/\\\/webdelmaestrocmf.com\\\/portal\\\/\"},{\"@type\":\"ListItem\",\"position\":2,\"name\":\"Recursos\",\"item\":\"https:\\\/\\\/webdelmaestrocmf.com\\\/portal\\\/category\\\/pedagogia\\\/\"},{\"@type\":\"ListItem\",\"position\":3,\"name\":\"Comprensi\u00f3n lectora para aspirantes a nombramiento docente\"}]},{\"@type\":\"WebSite\",\"@id\":\"https:\\\/\\\/webdelmaestrocmf.com\\\/portal\\\/#website\",\"url\":\"https:\\\/\\\/webdelmaestrocmf.com\\\/portal\\\/\",\"name\":\"Web del Maestro CMF\",\"description\":\"Maestros al servicio de la educaci\u00f3n\",\"publisher\":{\"@id\":\"https:\\\/\\\/webdelmaestrocmf.com\\\/portal\\\/#organization\"},\"alternateName\":\"WMCMF\",\"potentialAction\":[{\"@type\":\"SearchAction\",\"target\":{\"@type\":\"EntryPoint\",\"urlTemplate\":\"https:\\\/\\\/webdelmaestrocmf.com\\\/portal\\\/?s={search_term_string}\"},\"query-input\":{\"@type\":\"PropertyValueSpecification\",\"valueRequired\":true,\"valueName\":\"search_term_string\"}}],\"inLanguage\":\"es\"},{\"@type\":\"Organization\",\"@id\":\"https:\\\/\\\/webdelmaestrocmf.com\\\/portal\\\/#organization\",\"name\":\"Web del Maestro CMF\",\"alternateName\":\"WMCMF\",\"url\":\"https:\\\/\\\/webdelmaestrocmf.com\\\/portal\\\/\",\"logo\":{\"@type\":\"ImageObject\",\"inLanguage\":\"es\",\"@id\":\"https:\\\/\\\/webdelmaestrocmf.com\\\/portal\\\/#\\\/schema\\\/logo\\\/image\\\/\",\"url\":\"https:\\\/\\\/webdelmaestrocmf.com\\\/portal\\\/wp-content\\\/uploads\\\/2023\\\/01\\\/logo-wmcmf-2.png\",\"contentUrl\":\"https:\\\/\\\/webdelmaestrocmf.com\\\/portal\\\/wp-content\\\/uploads\\\/2023\\\/01\\\/logo-wmcmf-2.png\",\"width\":200,\"height\":60,\"caption\":\"Web del Maestro CMF\"},\"image\":{\"@id\":\"https:\\\/\\\/webdelmaestrocmf.com\\\/portal\\\/#\\\/schema\\\/logo\\\/image\\\/\"},\"sameAs\":[\"https:\\\/\\\/www.facebook.com\\\/WebdelMaestroCMF\\\/\",\"https:\\\/\\\/x.com\\\/cmf_w\",\"https:\\\/\\\/www.pinterest.com\\\/WMCMF\\\/\",\"https:\\\/\\\/www.linkedin.com\\\/company\\\/web-del-maestro-cmf\\\/\",\"https:\\\/\\\/www.instagram.com\\\/wmcmf\\\/\",\"https:\\\/\\\/www.youtube.com\\\/channel\\\/UCDPSvjbdodE5sHnC3OxutHw\",\"https:\\\/\\\/mastodon.social\\\/@wmcmf\",\"https:\\\/\\\/www.tiktok.com\\\/@webdelmaestrocmf\"]},{\"@type\":\"Person\",\"@id\":\"https:\\\/\\\/webdelmaestrocmf.com\\\/portal\\\/#\\\/schema\\\/person\\\/1072a2ed7bd960df8ef99a551fa35dc5\",\"name\":\"Web del Maestro CMF\",\"image\":{\"@type\":\"ImageObject\",\"inLanguage\":\"es\",\"@id\":\"https:\\\/\\\/secure.gravatar.com\\\/avatar\\\/23291dd5b5ae1077dcff3dbb04c3e02bd28403fa75af6d8787d5e97c5bbbe30b?s=96&d=mm&r=g\",\"url\":\"https:\\\/\\\/secure.gravatar.com\\\/avatar\\\/23291dd5b5ae1077dcff3dbb04c3e02bd28403fa75af6d8787d5e97c5bbbe30b?s=96&d=mm&r=g\",\"contentUrl\":\"https:\\\/\\\/secure.gravatar.com\\\/avatar\\\/23291dd5b5ae1077dcff3dbb04c3e02bd28403fa75af6d8787d5e97c5bbbe30b?s=96&d=mm&r=g\",\"caption\":\"Web del Maestro CMF\"},\"description\":\"Esta Web se cre\u00f3 sin fines de lucro, con fines educativos, cient\u00edficos y acad\u00e9micos, para personas que tengan dificultades y\\\/o inconvenientes en visualizar el material original. El objetivo es entregar recursos, compartir experiencias y materiales que ayuden a los padres de familia, maestros y estudiantes en su actualizaci\u00f3n y formaci\u00f3n permanente, en bien de la Educaci\u00f3n.\",\"sameAs\":[\"http:\\\/\\\/webdelmaestrocmf.com\\\/portal\",\"https:\\\/\\\/www.facebook.com\\\/WebdelMaestroCMF\\\/\",\"https:\\\/\\\/www.instagram.com\\\/wmcmf\\\/\",\"https:\\\/\\\/cl.linkedin.com\\\/company\\\/web-del-maestro-cmf\",\"https:\\\/\\\/www.pinterest.com\\\/WMCMF\\\/publicaciones\\\/\",\"https:\\\/\\\/x.com\\\/cmf_w\",\"https:\\\/\\\/www.youtube.com\\\/@WMCMF\"]}]}<\/script>\n<!-- \/ Yoast SEO plugin. -->","yoast_head_json":{"title":"Comprensi\u00f3n lectora para aspirantes a nombramiento docente","description":"Invol\u00facrese en el proceso de nombramiento docente entendiento la comprensi\u00f3n lectora y los planes de estudios \u00a1Exigencia en excelencia!","robots":{"index":"index","follow":"follow","max-snippet":"max-snippet:-1","max-image-preview":"max-image-preview:large","max-video-preview":"max-video-preview:-1"},"canonical":"https:\/\/webdelmaestrocmf.com\/portal\/comprension-lectora-para-concurso-de-nombramiento-docente-2021-contrata-docente-2022-2023-minedu\/","og_locale":"es_ES","og_type":"article","og_title":"Comprensi\u00f3n lectora para aspirantes a nombramiento docente","og_description":"Invol\u00facrese en el proceso de nombramiento docente entendiento la comprensi\u00f3n lectora y los planes de estudios \u00a1Exigencia en excelencia!","og_url":"https:\/\/webdelmaestrocmf.com\/portal\/comprension-lectora-para-concurso-de-nombramiento-docente-2021-contrata-docente-2022-2023-minedu\/","og_site_name":"Web del Maestro CMF","article_publisher":"https:\/\/www.facebook.com\/WebdelMaestroCMF\/","article_author":"https:\/\/www.facebook.com\/WebdelMaestroCMF\/","article_published_time":"2021-01-07T20:05:58+00:00","article_modified_time":"2023-10-20T04:37:02+00:00","og_image":[{"width":1100,"height":680,"url":"https:\/\/webdelmaestrocmf.com\/portal\/wp-content\/uploads\/2021\/01\/1-copia-46.jpg","type":"image\/jpeg"}],"author":"Web del Maestro CMF","twitter_card":"summary_large_image","twitter_creator":"@cmf_w","twitter_site":"@cmf_w","schema":{"@context":"https:\/\/schema.org","@graph":[{"@type":"ScholarlyArticle","@id":"https:\/\/webdelmaestrocmf.com\/portal\/comprension-lectora-para-concurso-de-nombramiento-docente-2021-contrata-docente-2022-2023-minedu\/#article","isPartOf":{"@id":"https:\/\/webdelmaestrocmf.com\/portal\/comprension-lectora-para-concurso-de-nombramiento-docente-2021-contrata-docente-2022-2023-minedu\/"},"author":{"name":"Web del Maestro CMF","@id":"https:\/\/webdelmaestrocmf.com\/portal\/#\/schema\/person\/1072a2ed7bd960df8ef99a551fa35dc5"},"headline":"Comprensi\u00f3n lectora para aspirantes a nombramiento docente","datePublished":"2021-01-07T20:05:58+00:00","dateModified":"2023-10-20T04:37:02+00:00","mainEntityOfPage":{"@id":"https:\/\/webdelmaestrocmf.com\/portal\/comprension-lectora-para-concurso-de-nombramiento-docente-2021-contrata-docente-2022-2023-minedu\/"},"wordCount":999,"commentCount":0,"publisher":{"@id":"https:\/\/webdelmaestrocmf.com\/portal\/#organization"},"image":{"@id":"https:\/\/webdelmaestrocmf.com\/portal\/comprension-lectora-para-concurso-de-nombramiento-docente-2021-contrata-docente-2022-2023-minedu\/#primaryimage"},"thumbnailUrl":"https:\/\/webdelmaestrocmf.com\/portal\/wp-content\/uploads\/2021\/01\/1-copia-46.jpg","keywords":["2021","comprensi\u00f3n","CONCURSO","DOCENTE","LECTORA","NOMBRAMIENTO"],"articleSection":["Concurso nombramiento docente","Descargas Manuales PDF","Leer","Recursos"],"inLanguage":"es","potentialAction":[{"@type":"CommentAction","name":"Comment","target":["https:\/\/webdelmaestrocmf.com\/portal\/comprension-lectora-para-concurso-de-nombramiento-docente-2021-contrata-docente-2022-2023-minedu\/#respond"]}]},{"@type":"WebPage","@id":"https:\/\/webdelmaestrocmf.com\/portal\/comprension-lectora-para-concurso-de-nombramiento-docente-2021-contrata-docente-2022-2023-minedu\/","url":"https:\/\/webdelmaestrocmf.com\/portal\/comprension-lectora-para-concurso-de-nombramiento-docente-2021-contrata-docente-2022-2023-minedu\/","name":"Comprensi\u00f3n lectora para aspirantes a nombramiento docente","isPartOf":{"@id":"https:\/\/webdelmaestrocmf.com\/portal\/#website"},"primaryImageOfPage":{"@id":"https:\/\/webdelmaestrocmf.com\/portal\/comprension-lectora-para-concurso-de-nombramiento-docente-2021-contrata-docente-2022-2023-minedu\/#primaryimage"},"image":{"@id":"https:\/\/webdelmaestrocmf.com\/portal\/comprension-lectora-para-concurso-de-nombramiento-docente-2021-contrata-docente-2022-2023-minedu\/#primaryimage"},"thumbnailUrl":"https:\/\/webdelmaestrocmf.com\/portal\/wp-content\/uploads\/2021\/01\/1-copia-46.jpg","datePublished":"2021-01-07T20:05:58+00:00","dateModified":"2023-10-20T04:37:02+00:00","description":"Invol\u00facrese en el proceso de nombramiento docente entendiento la comprensi\u00f3n lectora y los planes de estudios \u00a1Exigencia en excelencia!","breadcrumb":{"@id":"https:\/\/webdelmaestrocmf.com\/portal\/comprension-lectora-para-concurso-de-nombramiento-docente-2021-contrata-docente-2022-2023-minedu\/#breadcrumb"},"inLanguage":"es","potentialAction":[{"@type":"ReadAction","target":["https:\/\/webdelmaestrocmf.com\/portal\/comprension-lectora-para-concurso-de-nombramiento-docente-2021-contrata-docente-2022-2023-minedu\/"]}]},{"@type":"ImageObject","inLanguage":"es","@id":"https:\/\/webdelmaestrocmf.com\/portal\/comprension-lectora-para-concurso-de-nombramiento-docente-2021-contrata-docente-2022-2023-minedu\/#primaryimage","url":"https:\/\/webdelmaestrocmf.com\/portal\/wp-content\/uploads\/2021\/01\/1-copia-46.jpg","contentUrl":"https:\/\/webdelmaestrocmf.com\/portal\/wp-content\/uploads\/2021\/01\/1-copia-46.jpg","width":1100,"height":680,"caption":"nombramiento docente"},{"@type":"BreadcrumbList","@id":"https:\/\/webdelmaestrocmf.com\/portal\/comprension-lectora-para-concurso-de-nombramiento-docente-2021-contrata-docente-2022-2023-minedu\/#breadcrumb","itemListElement":[{"@type":"ListItem","position":1,"name":"Portada","item":"https:\/\/webdelmaestrocmf.com\/portal\/"},{"@type":"ListItem","position":2,"name":"Recursos","item":"https:\/\/webdelmaestrocmf.com\/portal\/category\/pedagogia\/"},{"@type":"ListItem","position":3,"name":"Comprensi\u00f3n lectora para aspirantes a nombramiento docente"}]},{"@type":"WebSite","@id":"https:\/\/webdelmaestrocmf.com\/portal\/#website","url":"https:\/\/webdelmaestrocmf.com\/portal\/","name":"Web del Maestro CMF","description":"Maestros al servicio de la educaci\u00f3n","publisher":{"@id":"https:\/\/webdelmaestrocmf.com\/portal\/#organization"},"alternateName":"WMCMF","potentialAction":[{"@type":"SearchAction","target":{"@type":"EntryPoint","urlTemplate":"https:\/\/webdelmaestrocmf.com\/portal\/?s={search_term_string}"},"query-input":{"@type":"PropertyValueSpecification","valueRequired":true,"valueName":"search_term_string"}}],"inLanguage":"es"},{"@type":"Organization","@id":"https:\/\/webdelmaestrocmf.com\/portal\/#organization","name":"Web del Maestro CMF","alternateName":"WMCMF","url":"https:\/\/webdelmaestrocmf.com\/portal\/","logo":{"@type":"ImageObject","inLanguage":"es","@id":"https:\/\/webdelmaestrocmf.com\/portal\/#\/schema\/logo\/image\/","url":"https:\/\/webdelmaestrocmf.com\/portal\/wp-content\/uploads\/2023\/01\/logo-wmcmf-2.png","contentUrl":"https:\/\/webdelmaestrocmf.com\/portal\/wp-content\/uploads\/2023\/01\/logo-wmcmf-2.png","width":200,"height":60,"caption":"Web del Maestro CMF"},"image":{"@id":"https:\/\/webdelmaestrocmf.com\/portal\/#\/schema\/logo\/image\/"},"sameAs":["https:\/\/www.facebook.com\/WebdelMaestroCMF\/","https:\/\/x.com\/cmf_w","https:\/\/www.pinterest.com\/WMCMF\/","https:\/\/www.linkedin.com\/company\/web-del-maestro-cmf\/","https:\/\/www.instagram.com\/wmcmf\/","https:\/\/www.youtube.com\/channel\/UCDPSvjbdodE5sHnC3OxutHw","https:\/\/mastodon.social\/@wmcmf","https:\/\/www.tiktok.com\/@webdelmaestrocmf"]},{"@type":"Person","@id":"https:\/\/webdelmaestrocmf.com\/portal\/#\/schema\/person\/1072a2ed7bd960df8ef99a551fa35dc5","name":"Web del Maestro CMF","image":{"@type":"ImageObject","inLanguage":"es","@id":"https:\/\/secure.gravatar.com\/avatar\/23291dd5b5ae1077dcff3dbb04c3e02bd28403fa75af6d8787d5e97c5bbbe30b?s=96&d=mm&r=g","url":"https:\/\/secure.gravatar.com\/avatar\/23291dd5b5ae1077dcff3dbb04c3e02bd28403fa75af6d8787d5e97c5bbbe30b?s=96&d=mm&r=g","contentUrl":"https:\/\/secure.gravatar.com\/avatar\/23291dd5b5ae1077dcff3dbb04c3e02bd28403fa75af6d8787d5e97c5bbbe30b?s=96&d=mm&r=g","caption":"Web del Maestro CMF"},"description":"Esta Web se cre\u00f3 sin fines de lucro, con fines educativos, cient\u00edficos y acad\u00e9micos, para personas que tengan dificultades y\/o inconvenientes en visualizar el material original. El objetivo es entregar recursos, compartir experiencias y materiales que ayuden a los padres de familia, maestros y estudiantes en su actualizaci\u00f3n y formaci\u00f3n permanente, en bien de la Educaci\u00f3n.","sameAs":["http:\/\/webdelmaestrocmf.com\/portal","https:\/\/www.facebook.com\/WebdelMaestroCMF\/","https:\/\/www.instagram.com\/wmcmf\/","https:\/\/cl.linkedin.com\/company\/web-del-maestro-cmf","https:\/\/www.pinterest.com\/WMCMF\/publicaciones\/","https:\/\/x.com\/cmf_w","https:\/\/www.youtube.com\/@WMCMF"]}]}},"jetpack_featured_media_url":"https:\/\/webdelmaestrocmf.com\/portal\/wp-content\/uploads\/2021\/01\/1-copia-46.jpg","jetpack_sharing_enabled":true,"jetpack-related-posts":[{"id":57202,"url":"https:\/\/webdelmaestrocmf.com\/portal\/razonamiento-logico-matematico-para-concurso-de-nombramiento-docente-2021-contrato-docente-2022-2023-minedu\/","url_meta":{"origin":57126,"position":0},"title":"Razonamiento L\u00f3gico Matem\u00e1tico para Concurso de Nombramiento Docente 2021, Contrato Docente 2022 &#8211; 2023 &#8211; MINEDU","author":"Web del Maestro CMF","date":"8 enero, 2021","format":false,"excerpt":"Querido maestro, le recordamos que un plan de estudios efectivo es un factor que no se puede desestimar sin importar la experiencia que se tenga sobre un tema. Cada estudiante debe asegurarse de contar con un cronograma que incluya horarios, metodolog\u00edas y temas que se evaluar\u00e1n en la Prueba \u00danica\u2026","rel":"","context":"En \u00abConcurso nombramiento docente\u00bb","block_context":{"text":"Concurso nombramiento docente","link":"https:\/\/webdelmaestrocmf.com\/portal\/category\/pedagogia\/concurso-nombramiento-docente\/"},"img":{"alt_text":"","src":"https:\/\/i0.wp.com\/webdelmaestrocmf.com\/portal\/wp-content\/uploads\/2021\/01\/2-9.jpg?resize=350%2C200&ssl=1","width":350,"height":200,"srcset":"https:\/\/i0.wp.com\/webdelmaestrocmf.com\/portal\/wp-content\/uploads\/2021\/01\/2-9.jpg?resize=350%2C200&ssl=1 1x, https:\/\/i0.wp.com\/webdelmaestrocmf.com\/portal\/wp-content\/uploads\/2021\/01\/2-9.jpg?resize=525%2C300&ssl=1 1.5x, https:\/\/i0.wp.com\/webdelmaestrocmf.com\/portal\/wp-content\/uploads\/2021\/01\/2-9.jpg?resize=700%2C400&ssl=1 2x, https:\/\/i0.wp.com\/webdelmaestrocmf.com\/portal\/wp-content\/uploads\/2021\/01\/2-9.jpg?resize=1050%2C600&ssl=1 3x"},"classes":[]},{"id":57793,"url":"https:\/\/webdelmaestrocmf.com\/portal\/nombramiento-docente-2021-retroalimentacion-y-conocimientos-pedagogicos-para-contrato-docente-2022-2023-minedu\/","url_meta":{"origin":57126,"position":1},"title":"Nombramiento Docente: Retroalimentaci\u00f3n y Conocimientos Pedag\u00f3gicos para Contrato Docente 2022 &#8211; 2023 &#8211; MINEDU","author":"Web del Maestro CMF","date":"15 enero, 2021","format":false,"excerpt":"Querido maestro, le recordamos que un plan de estudios efectivo es un factor que no se puede desestimar sin importar la experiencia que se tenga sobre un tema. Cada estudiante debe asegurarse de contar con un cronograma que incluya horarios, metodolog\u00edas y temas que se evaluar\u00e1n en la Prueba \u00danica\u2026","rel":"","context":"En \u00abExamen docente\u00bb","block_context":{"text":"Examen docente","link":"https:\/\/webdelmaestrocmf.com\/portal\/category\/pedagogia\/examen-docente\/"},"img":{"alt_text":"","src":"https:\/\/i0.wp.com\/webdelmaestrocmf.com\/portal\/wp-content\/uploads\/2021\/01\/1-122.jpg?resize=350%2C200&ssl=1","width":350,"height":200,"srcset":"https:\/\/i0.wp.com\/webdelmaestrocmf.com\/portal\/wp-content\/uploads\/2021\/01\/1-122.jpg?resize=350%2C200&ssl=1 1x, https:\/\/i0.wp.com\/webdelmaestrocmf.com\/portal\/wp-content\/uploads\/2021\/01\/1-122.jpg?resize=525%2C300&ssl=1 1.5x, https:\/\/i0.wp.com\/webdelmaestrocmf.com\/portal\/wp-content\/uploads\/2021\/01\/1-122.jpg?resize=700%2C400&ssl=1 2x, https:\/\/i0.wp.com\/webdelmaestrocmf.com\/portal\/wp-content\/uploads\/2021\/01\/1-122.jpg?resize=1050%2C600&ssl=1 3x"},"classes":[]},{"id":16873,"url":"https:\/\/webdelmaestrocmf.com\/portal\/lo-que-debes-de-estudiar-para-el-concurso-de-oposicion-docente-2017-2018\/","url_meta":{"origin":57126,"position":2},"title":"Preparaci\u00f3n para el concurso docente: Qu\u00e9 estudiar","author":"Web del Maestro CMF","date":"11 noviembre, 2023","format":false,"excerpt":"El concurso de oposici\u00f3n o nombramiento docente es crucial para garantizar la calidad educativa al seleccionar a profesionales altamente capacitados. Al fomentar la competencia basada en el m\u00e9rito, se promueve la excelencia y se evitan influencias externas, como la pol\u00edtica o conexiones personales, en la selecci\u00f3n de educadores. Este proceso\u2026","rel":"","context":"En \u00abDescargas Manuales PDF\u00bb","block_context":{"text":"Descargas Manuales PDF","link":"https:\/\/webdelmaestrocmf.com\/portal\/category\/pedagogia\/descargas-manuales-pdf\/"},"img":{"alt_text":"concurso docente","src":"https:\/\/i0.wp.com\/webdelmaestrocmf.com\/portal\/wp-content\/uploads\/2017\/04\/A12B3C4D-2-1.jpg?resize=350%2C200&ssl=1","width":350,"height":200,"srcset":"https:\/\/i0.wp.com\/webdelmaestrocmf.com\/portal\/wp-content\/uploads\/2017\/04\/A12B3C4D-2-1.jpg?resize=350%2C200&ssl=1 1x, https:\/\/i0.wp.com\/webdelmaestrocmf.com\/portal\/wp-content\/uploads\/2017\/04\/A12B3C4D-2-1.jpg?resize=525%2C300&ssl=1 1.5x, https:\/\/i0.wp.com\/webdelmaestrocmf.com\/portal\/wp-content\/uploads\/2017\/04\/A12B3C4D-2-1.jpg?resize=700%2C400&ssl=1 2x"},"classes":[]},{"id":57510,"url":"https:\/\/webdelmaestrocmf.com\/portal\/casuisticas-para-concurso-nombramiento-docente-2021\/","url_meta":{"origin":57126,"position":3},"title":"Casu\u00edsticas para Concurso Nombramiento Docente","author":"Web del Maestro CMF","date":"12 enero, 2021","format":false,"excerpt":"El Concurso de Ingreso a la Carrera P\u00fablica Magisterial es una oportunidad dirigida a todas las personas con t\u00edtulo de profesor o de licenciado en educaci\u00f3n que aspiran a desarrollar la funci\u00f3n docente en alguna de las Instituciones Educativas de Educaci\u00f3n B\u00e1sica del sector p\u00fablico. Esta convocatoria determinar\u00e1 el ingreso\u2026","rel":"","context":"En \u00abExamen docente\u00bb","block_context":{"text":"Examen docente","link":"https:\/\/webdelmaestrocmf.com\/portal\/category\/pedagogia\/examen-docente\/"},"img":{"alt_text":"","src":"https:\/\/i0.wp.com\/webdelmaestrocmf.com\/portal\/wp-content\/uploads\/2021\/01\/1-copia-72.jpg?resize=350%2C200&ssl=1","width":350,"height":200,"srcset":"https:\/\/i0.wp.com\/webdelmaestrocmf.com\/portal\/wp-content\/uploads\/2021\/01\/1-copia-72.jpg?resize=350%2C200&ssl=1 1x, https:\/\/i0.wp.com\/webdelmaestrocmf.com\/portal\/wp-content\/uploads\/2021\/01\/1-copia-72.jpg?resize=525%2C300&ssl=1 1.5x, https:\/\/i0.wp.com\/webdelmaestrocmf.com\/portal\/wp-content\/uploads\/2021\/01\/1-copia-72.jpg?resize=700%2C400&ssl=1 2x, https:\/\/i0.wp.com\/webdelmaestrocmf.com\/portal\/wp-content\/uploads\/2021\/01\/1-copia-72.jpg?resize=1050%2C600&ssl=1 3x"},"classes":[]},{"id":79920,"url":"https:\/\/webdelmaestrocmf.com\/portal\/temario-desarrollado-nombramiento-docente-teorias-principios-y-enfoques-vinculados-a-la-practica-pedagogica\/","url_meta":{"origin":57126,"position":4},"title":"Temario desarrollado &#8211; Nombramiento docente: Teor\u00edas, principios y enfoques vinculados a la pr\u00e1ctica pedag\u00f3gica","author":"Web del Maestro CMF","date":"1 septiembre, 2022","format":false,"excerpt":"El presente temario tiene el prop\u00f3sito de orientar a los participantes en la revisi\u00f3n de los conocimientos que ser\u00e1n evaluados en la Prueba \u00danica Nacional del Concurso P\u00fablico de Ingreso a la Carrera P\u00fablica Magisterial en Instituciones Educativas P\u00fablicas de Educaci\u00f3n B\u00e1sica \u2013 2022. Tenga en cuenta que los temas\u2026","rel":"","context":"En \u00abDescargas Manuales PDF\u00bb","block_context":{"text":"Descargas Manuales PDF","link":"https:\/\/webdelmaestrocmf.com\/portal\/category\/pedagogia\/descargas-manuales-pdf\/"},"img":{"alt_text":"","src":"https:\/\/i0.wp.com\/webdelmaestrocmf.com\/portal\/wp-content\/uploads\/2022\/09\/1-9.jpg?resize=350%2C200&ssl=1","width":350,"height":200,"srcset":"https:\/\/i0.wp.com\/webdelmaestrocmf.com\/portal\/wp-content\/uploads\/2022\/09\/1-9.jpg?resize=350%2C200&ssl=1 1x, https:\/\/i0.wp.com\/webdelmaestrocmf.com\/portal\/wp-content\/uploads\/2022\/09\/1-9.jpg?resize=525%2C300&ssl=1 1.5x, https:\/\/i0.wp.com\/webdelmaestrocmf.com\/portal\/wp-content\/uploads\/2022\/09\/1-9.jpg?resize=700%2C400&ssl=1 2x"},"classes":[]},{"id":82270,"url":"https:\/\/webdelmaestrocmf.com\/portal\/etapa-descentralizada-formato-de-declaracion-jurada-para-postulantes-a-nombramiento-docente\/","url_meta":{"origin":57126,"position":5},"title":"Etapa Descentralizada: Formato de Declaraci\u00f3n Jurada para Postulantes a Nombramiento Docente","author":"Web del Maestro CMF","date":"3 enero, 2023","format":false,"excerpt":"Lima - Per\u00fa, enero del 2023. El viernes 23 de diciembre, en el portal oficial del\u00a0Ministerio de Educaci\u00f3n\u00a0(Minedu) se presentaron los resultados del examen para el\u00a0Nombramiento Docente 2022, desarrollado el \u00faltimo 9 y 11 de diciembre. Los maestros que hayan aprobado y alcanzado el puntaje m\u00ednimo podr\u00e1n\u00a0seleccionar la regi\u00f3n de\u2026","rel":"","context":"En \u00abDescargas Manuales PDF\u00bb","block_context":{"text":"Descargas Manuales PDF","link":"https:\/\/webdelmaestrocmf.com\/portal\/category\/pedagogia\/descargas-manuales-pdf\/"},"img":{"alt_text":"","src":"https:\/\/i0.wp.com\/webdelmaestrocmf.com\/portal\/wp-content\/uploads\/2023\/01\/1-17.jpg?resize=350%2C200&ssl=1","width":350,"height":200,"srcset":"https:\/\/i0.wp.com\/webdelmaestrocmf.com\/portal\/wp-content\/uploads\/2023\/01\/1-17.jpg?resize=350%2C200&ssl=1 1x, https:\/\/i0.wp.com\/webdelmaestrocmf.com\/portal\/wp-content\/uploads\/2023\/01\/1-17.jpg?resize=525%2C300&ssl=1 1.5x, https:\/\/i0.wp.com\/webdelmaestrocmf.com\/portal\/wp-content\/uploads\/2023\/01\/1-17.jpg?resize=700%2C400&ssl=1 2x"},"classes":[]}],"_links":{"self":[{"href":"https:\/\/webdelmaestrocmf.com\/portal\/wp-json\/wp\/v2\/posts\/57126","targetHints":{"allow":["GET"]}}],"collection":[{"href":"https:\/\/webdelmaestrocmf.com\/portal\/wp-json\/wp\/v2\/posts"}],"about":[{"href":"https:\/\/webdelmaestrocmf.com\/portal\/wp-json\/wp\/v2\/types\/post"}],"author":[{"embeddable":true,"href":"https:\/\/webdelmaestrocmf.com\/portal\/wp-json\/wp\/v2\/users\/1"}],"replies":[{"embeddable":true,"href":"https:\/\/webdelmaestrocmf.com\/portal\/wp-json\/wp\/v2\/comments?post=57126"}],"version-history":[{"count":0,"href":"https:\/\/webdelmaestrocmf.com\/portal\/wp-json\/wp\/v2\/posts\/57126\/revisions"}],"wp:featuredmedia":[{"embeddable":true,"href":"https:\/\/webdelmaestrocmf.com\/portal\/wp-json\/wp\/v2\/media\/57128"}],"wp:attachment":[{"href":"https:\/\/webdelmaestrocmf.com\/portal\/wp-json\/wp\/v2\/media?parent=57126"}],"wp:term":[{"taxonomy":"category","embeddable":true,"href":"https:\/\/webdelmaestrocmf.com\/portal\/wp-json\/wp\/v2\/categories?post=57126"},{"taxonomy":"post_tag","embeddable":true,"href":"https:\/\/webdelmaestrocmf.com\/portal\/wp-json\/wp\/v2\/tags?post=57126"}],"curies":[{"name":"wp","href":"https:\/\/api.w.org\/{rel}","templated":true}]}}