{"id":56824,"date":"2021-01-03T13:02:36","date_gmt":"2021-01-03T16:02:36","guid":{"rendered":"https:\/\/webdelmaestrocmf.com\/portal\/?p=56824"},"modified":"2023-12-11T22:52:33","modified_gmt":"2023-12-12T01:52:33","slug":"anexos-desarrollados-y-competencias-priorizadas-para-el-informe-de-fin-de-ano-escolar","status":"publish","type":"post","link":"https:\/\/webdelmaestrocmf.com\/portal\/anexos-desarrollados-y-competencias-priorizadas-para-el-informe-de-fin-de-ano-escolar\/","title":{"rendered":"Anexos desarrollados y competencias priorizadas para el Informe de Fin de A\u00f1o Escolar"},"content":{"rendered":"<p style=\"text-align: justify;\"><strong>Hoy les compartimos los formatos editables en word: Anexos Desarrollados y Competencias Priorizadas para el Informe de Fin de A\u00f1o Escolar 2020, los cuales podr\u00e1n ser descargados y adecuados seg\u00fan sea necesario.<\/strong><\/p>\n<p style=\"text-align: justify;\"><!--more--><\/p>\n<p style=\"text-align: justify;\">Le recordamos que todos los documentos se encuentran en formato editable o PDF y puede descargarlos al final del documento. Esperamos que el siguiente material le sea de utilidad.<\/p>\n<p style=\"text-align: justify;\"><b>FORMATO 1: INFORME DE ACCIONES PEDAG\u00d3GICAS EN EL MARCO DE LA ESTRATEGIA \u201cAPRENDO EN CASA\u201d 2020<\/b><\/p>\n<p style=\"text-align: justify;\"><b>ACCIONES PEDAG\u00d3GICAS<\/b><\/p>\n<ul style=\"text-align: justify;\">\n<li style=\"font-weight: 400;\"><span style=\"font-weight: 400;\">Acompa\u00f1ar a los estudiantes en sus experiencias de aprendizaje por web, televisi\u00f3n y\/o radio: Indicar, del total de estudiantes por IE, que acceden a la estrategia \u201cAprendo en casa\u201d.<\/span><\/li>\n<li style=\"font-weight: 400;\"><span style=\"font-weight: 400;\">Adecuaci\u00f3n o adaptaci\u00f3n de actividades y\/o generaci\u00f3n de materiales complementarios.<\/span><\/li>\n<li style=\"font-weight: 400;\"><span style=\"font-weight: 400;\">Recojo y revisi\u00f3n de evidencias y realizaci\u00f3n de retroalimentaci\u00f3n a estudiantes.<\/span><\/li>\n<li style=\"font-weight: 400;\"><span style=\"font-weight: 400;\">Trabajo colegiado y coordinaci\u00f3n con el director o equipo directivo<\/span><\/li>\n<\/ul>\n<p><img loading=\"lazy\" decoding=\"async\" class=\"alignnone wp-image-56827 size-full\" src=\"https:\/\/webdelmaestrocmf.com\/portal\/wp-content\/uploads\/2021\/01\/1-18.jpg\" alt=\"Informe de Fin de A\u00f1o Escolar\" width=\"1100\" height=\"574\" srcset=\"https:\/\/webdelmaestrocmf.com\/portal\/wp-content\/uploads\/2021\/01\/1-18.jpg 1100w, https:\/\/webdelmaestrocmf.com\/portal\/wp-content\/uploads\/2021\/01\/1-18-300x157.jpg 300w, https:\/\/webdelmaestrocmf.com\/portal\/wp-content\/uploads\/2021\/01\/1-18-1024x534.jpg 1024w, https:\/\/webdelmaestrocmf.com\/portal\/wp-content\/uploads\/2021\/01\/1-18-768x401.jpg 768w, https:\/\/webdelmaestrocmf.com\/portal\/wp-content\/uploads\/2021\/01\/1-18-110x57.jpg 110w, https:\/\/webdelmaestrocmf.com\/portal\/wp-content\/uploads\/2021\/01\/1-18-200x104.jpg 200w, https:\/\/webdelmaestrocmf.com\/portal\/wp-content\/uploads\/2021\/01\/1-18-380x198.jpg 380w, https:\/\/webdelmaestrocmf.com\/portal\/wp-content\/uploads\/2021\/01\/1-18-255x133.jpg 255w, https:\/\/webdelmaestrocmf.com\/portal\/wp-content\/uploads\/2021\/01\/1-18-550x287.jpg 550w, https:\/\/webdelmaestrocmf.com\/portal\/wp-content\/uploads\/2021\/01\/1-18-800x417.jpg 800w, https:\/\/webdelmaestrocmf.com\/portal\/wp-content\/uploads\/2021\/01\/1-18-220x115.jpg 220w, https:\/\/webdelmaestrocmf.com\/portal\/wp-content\/uploads\/2021\/01\/1-18-400x209.jpg 400w, https:\/\/webdelmaestrocmf.com\/portal\/wp-content\/uploads\/2021\/01\/1-18-760x397.jpg 760w, https:\/\/webdelmaestrocmf.com\/portal\/wp-content\/uploads\/2021\/01\/1-18-510x266.jpg 510w, https:\/\/webdelmaestrocmf.com\/portal\/wp-content\/uploads\/2021\/01\/1-18-600x313.jpg 600w\" sizes=\"auto, (max-width: 1100px) 100vw, 1100px\" \/><\/p>\n<p style=\"text-align: justify;\"><b>LOGROS ALCANZADOS<\/b><\/p>\n<p style=\"text-align: justify;\"><span style=\"font-weight: 400;\">30% de estudiantes atendidos a trav\u00e9s la web.<\/span><\/p>\n<p style=\"text-align: justify;\"><span style=\"font-weight: 400;\">20% por radio.<\/span><\/p>\n<ul style=\"text-align: justify;\">\n<li style=\"font-weight: 400;\"><span style=\"font-weight: 400;\">Se elabor\u00f3 de manera colegiada las fichas de trabajo o actividades complementarias.<\/span><\/li>\n<li style=\"font-weight: 400;\"><span style=\"font-weight: 400;\">Se recogi\u00f3, registr\u00f3 y analiz\u00f3 las evidencias de aprendizaje de la mayor\u00eda de los estudiantes.<\/span><\/li>\n<li style=\"font-weight: 400;\"><span style=\"font-weight: 400;\">Se particip\u00f3 en todas las reuniones planificadas o convocadas por el equipo directivo.<\/span><\/li>\n<li style=\"font-weight: 400;\"><span style=\"font-weight: 400;\">Se logr\u00f3 una comunicaci\u00f3n permanente y fluida con los padres de familia.<\/span><\/li>\n<li style=\"font-weight: 400;\"><span style=\"font-weight: 400;\">Aliados<\/span><\/li>\n<li style=\"font-weight: 400;\"><span style=\"font-weight: 400;\">Concursos<\/span><\/li>\n<li style=\"font-weight: 400;\"><span style=\"font-weight: 400;\">Qaliwarma<\/span><\/li>\n<li style=\"font-weight: 400;\"><span style=\"font-weight: 400;\">Juntos<\/span><\/li>\n<li style=\"font-weight: 400;\"><span style=\"font-weight: 400;\">Tambo<\/span><\/li>\n<li style=\"font-weight: 400;\"><span style=\"font-weight: 400;\">Participaci\u00f3n en 3 cursos virtuales durante el a\u00f1o 2020<\/span><\/li>\n<\/ul>\n<p style=\"text-align: justify;\"><b>ACCIONES DE MEJORA<\/b><\/p>\n<p style=\"text-align: justify;\"><span style=\"font-weight: 400;\">Sensibilizar a los padres de familia para que sus menores hijos accedan a Aprendo en Casa.<\/span><\/p>\n<p style=\"text-align: justify;\"><span style=\"font-weight: 400;\">Mejorar en la contextualizaci\u00f3n de fichas de autoaprendizaje.<\/span><\/p>\n<p style=\"text-align: justify;\"><span style=\"font-weight: 400;\">Indagar sobre estrategias de retroalimentaci\u00f3n.<\/span><\/p>\n<p style=\"text-align: justify;\"><span style=\"font-weight: 400;\">Utilizar otras plataformas virtuales para el desarrollo de las reuniones o RTC.<\/span><\/p>\n<ul style=\"text-align: justify;\">\n<li><b>FORMATO 2:<\/b><span style=\"font-weight: 400;\"> INFORME DEL LOGRO DE COMPETENCIAS EN RELACI\u00d3N AL EST\u00c1NDAR DE APRENDIZAJES POR GRADO\/CICLO<\/span><\/li>\n<li><b>FORMATO 3:<\/b><span style=\"font-weight: 400;\"> CONSOLIDADO DE FORMAS DE ACCESO A LA ESTRATEGIA DE APRENDO EN CASA 2020<\/span><\/li>\n<li><b>FORMATO 4:<\/b><span style=\"font-weight: 400;\"> INFORME ESTAD\u00cdSTICO DE EFICIENCIA ESCOLAR 2020<\/span><\/li>\n<li><b>FORMATO 5:<\/b><span style=\"font-weight: 400;\"> RELACI\u00d3N DE ESTUDIANTES QUE REQUIEREN RECUPERACI\u00d3N<\/span><\/li>\n<li><b>OBSERVACIONES:<\/b><span style=\"font-weight: 400;\"> Indicar la raz\u00f3n por la que requiere atenci\u00f3n: No se contact\u00f3 todo el a\u00f1o, ingreso tard\u00edo o no desarroll\u00f3 las competencias priorizadas.<\/span><\/li>\n<\/ul>\n<p style=\"text-align: center;\">Recomendamos a la Comunidad Educativa Digital tener en cuenta que, el enlace y\/o la carpeta en donde est\u00e1n alojados los libros, recursos y\/o materiales, no es administrado por la Web del Maestro CMF, pueda ser que en cuesti\u00f3n de d\u00edas (o seg\u00fan el tiempo transcurrido desde su publicaci\u00f3n), los enlaces no funcionen y el material ya no se encuentre disponible. Gracias por su comprensi\u00f3n.<\/p>\n<h3>ENLACE DE LECTURA:<\/h3>\n<p style=\"text-align: center;\">\u00a1Comparte y as\u00ed m\u00e1s docentes utilizar\u00e1n estos recursos\u00a0gratis! Muchas gracias.<\/p>\n<p style=\"text-align: center;\">LECTURA 1: \u00a0<a href=\"https:\/\/mega.nz\/file\/aD5kSJKK#vHWMo3jwwtV6y5n4w6_fwDRaBN5kxoPQpiUsxXgE6mk\" target=\"_blank\" rel=\"noopener\">OPCI\u00d3N 1<\/a><\/p>\n\t\t<div class=\"pk-inline-posts\">\n\t\t\t\n\t\t\t<div class=\"pk-inline-posts-container pk-inline-posts-template-list\"\n\t\t\t\tdata-columns=\"1\">\n\t\t\t\t\t\t<article id=\"post-101267\" class=\"post-101267 post type-post status-publish format-standard has-post-thumbnail category-calculo category-descargas-manuales-pdf category-pedagogia tag-calculo tag-desarrollar tag-guia tag-mental tag-ninos cs-entry cs-video-wrap\">\n\t\t\t<div class=\"pk-post-outer\">\n\n\t\t\t\t\t\t\t\t<div class=\"pk-post-inner\">\n\t\t\t\t\t<div class=\"entry-thumbnail\">\n\t\t\t\t\t\t<div class=\"pk-overlay pk-overlay-ratio pk-ratio-landscape\">\n\t\t\t\t\t\t\t<div class=\"pk-overlay-background\">\n\t\t\t\t\t\t\t\t<a href=\"https:\/\/webdelmaestrocmf.com\/portal\/guia-para-desarrollar-el-calculo-mental-en-ninos\/\" class=\"pk-overlay-link\">\n\t\t\t\t\t\t\t\t\t<img loading=\"lazy\" decoding=\"async\" width=\"300\" height=\"225\" src=\"https:\/\/webdelmaestrocmf.com\/portal\/wp-content\/uploads\/2023\/11\/1AA-Banner-1-portada-imagen-10-1-copia-1-300x225.webp\" class=\"attachment-pk-thumbnail size-pk-thumbnail wp-post-image\" alt=\"\" \/>\t\t\t\t\t\t\t\t<\/a>\n\t\t\t\t\t\t\t<\/div>\n\t\t\t\t\t\t<\/div>\n\t\t\t\t\t<\/div>\n\t\t\t\t<\/div>\n\t\t\t\t\n\t\t\t\t<div class=\"pk-post-inner\">\n\t\t\t\t\t<header>\n\t\t\t\t\t\t<h3 class=\"pk-title\"><a href=\"https:\/\/webdelmaestrocmf.com\/portal\/guia-para-desarrollar-el-calculo-mental-en-ninos\/\" rel=\"bookmark\">Gu\u00eda pr\u00e1ctica para desarrollar el c\u00e1lculo mental en ni\u00f1os: descarga los tres cuadernillos de c\u00e1lculo mental<\/a><\/h3>\t\t\t\t\t<\/header><!-- .entry-header -->\n\t\t\t\t<\/div><!-- .post-inner -->\n\n\t\t\t<\/div><!-- .post-outer -->\n\t\t<\/article>\n\t\t\t<article id=\"post-95551\" class=\"post-95551 post type-post status-publish format-standard has-post-thumbnail category-deficit-de-atencion category-descargas-manuales-pdf category-pedagogia tag-actividades-al-aire-libre tag-actividades-en-casa tag-actividades-escolares tag-ambiente-de-aprendizaje tag-atencion tag-atencion-plena tag-comprension-lectora tag-concentracion tag-desarrollo-cognitivo tag-educacion tag-ejercicios-de-atencion tag-ejercicios-de-respiracion tag-estrategias-educativas tag-habilidades-de-atencio tag-herramientas-visuales tag-juegos-de-atencion tag-juegos-de-mesa tag-lectura-conjunta tag-limitar-tiempo-de-pantalla tag-mindfulness tag-ninos-distraidos tag-organizacion tag-pausas-activas tag-rompecabezas tag-rutinas tag-tareas-domesticas tag-tdah tag-tecnicas-de-concentracion tag-tiempo-de-silencio cs-entry cs-video-wrap\">\n\t\t\t<div class=\"pk-post-outer\">\n\n\t\t\t\t\t\t\t\t<div class=\"pk-post-inner\">\n\t\t\t\t\t<div class=\"entry-thumbnail\">\n\t\t\t\t\t\t<div class=\"pk-overlay pk-overlay-ratio pk-ratio-landscape\">\n\t\t\t\t\t\t\t<div class=\"pk-overlay-background\">\n\t\t\t\t\t\t\t\t<a href=\"https:\/\/webdelmaestrocmf.com\/portal\/como-educar-a-ninos-distraidos-o-despistados-que-se-puede-hacer-en-clase\/\" class=\"pk-overlay-link\">\n\t\t\t\t\t\t\t\t\t<img loading=\"lazy\" decoding=\"async\" width=\"300\" height=\"225\" src=\"https:\/\/webdelmaestrocmf.com\/portal\/wp-content\/uploads\/2023\/09\/1A-Banner-1-portada-imagen-10-1-copia-1-300x225.jpg\" class=\"attachment-pk-thumbnail size-pk-thumbnail wp-post-image\" alt=\"\" \/>\t\t\t\t\t\t\t\t<\/a>\n\t\t\t\t\t\t\t<\/div>\n\t\t\t\t\t\t<\/div>\n\t\t\t\t\t<\/div>\n\t\t\t\t<\/div>\n\t\t\t\t\n\t\t\t\t<div class=\"pk-post-inner\">\n\t\t\t\t\t<header>\n\t\t\t\t\t\t<h3 class=\"pk-title\"><a href=\"https:\/\/webdelmaestrocmf.com\/portal\/como-educar-a-ninos-distraidos-o-despistados-que-se-puede-hacer-en-clase\/\" rel=\"bookmark\">C\u00f3mo educar a ni\u00f1os distra\u00eddos o despistados. \u00bfQu\u00e9 se puede hacer en clase? Descarga las 80 actividades para trabajar la atenci\u00f3n en clases<\/a><\/h3>\t\t\t\t\t<\/header><!-- .entry-header -->\n\t\t\t\t<\/div><!-- .post-inner -->\n\n\t\t\t<\/div><!-- .post-outer -->\n\t\t<\/article>\n\t\t\t<article id=\"post-20592\" class=\"post-20592 post type-post status-publish format-standard has-post-thumbnail category-descarga category-descargas-manuales-pdf category-estres category-pedagogia tag-docentes tag-educadores tag-guia tag-mindfulness tag-practica cs-entry cs-video-wrap\">\n\t\t\t<div class=\"pk-post-outer\">\n\n\t\t\t\t\t\t\t\t<div class=\"pk-post-inner\">\n\t\t\t\t\t<div class=\"entry-thumbnail\">\n\t\t\t\t\t\t<div class=\"pk-overlay pk-overlay-ratio pk-ratio-landscape\">\n\t\t\t\t\t\t\t<div class=\"pk-overlay-background\">\n\t\t\t\t\t\t\t\t<a href=\"https:\/\/webdelmaestrocmf.com\/portal\/mindfulness-guia-practica-docentes-educadores\/\" class=\"pk-overlay-link\">\n\t\t\t\t\t\t\t\t\t<img loading=\"lazy\" decoding=\"async\" width=\"300\" height=\"225\" src=\"https:\/\/webdelmaestrocmf.com\/portal\/wp-content\/uploads\/2020\/03\/1AA-Banner-1-portada-imagen-10-1-copia-4-300x225.webp\" class=\"attachment-pk-thumbnail size-pk-thumbnail wp-post-image\" alt=\"\" \/>\t\t\t\t\t\t\t\t<\/a>\n\t\t\t\t\t\t\t<\/div>\n\t\t\t\t\t\t<\/div>\n\t\t\t\t\t<\/div>\n\t\t\t\t<\/div>\n\t\t\t\t\n\t\t\t\t<div class=\"pk-post-inner\">\n\t\t\t\t\t<header>\n\t\t\t\t\t\t<h3 class=\"pk-title\"><a href=\"https:\/\/webdelmaestrocmf.com\/portal\/mindfulness-guia-practica-docentes-educadores\/\" rel=\"bookmark\">Mindfulness: Gu\u00eda pr\u00e1ctica para docentes y educadores<\/a><\/h3>\t\t\t\t\t<\/header><!-- .entry-header -->\n\t\t\t\t<\/div><!-- .post-inner -->\n\n\t\t\t<\/div><!-- .post-outer -->\n\t\t<\/article>\n\t\t\t\t<\/div>\n\t\t<\/div>\n\t\t\n","protected":false},"excerpt":{"rendered":"Hoy les compartimos los formatos editables en word: Anexos Desarrollados y Competencias Priorizadas para el Informe de Fin&hellip;","protected":false},"author":1,"featured_media":56830,"comment_status":"open","ping_status":"closed","sticky":false,"template":"","format":"standard","meta":{"csco_display_header_overlay":false,"csco_singular_sidebar":"default","csco_page_header_type":"default","csco_page_load_nextpost":"default","csco_post_video_location":[],"csco_post_video_location_hash":"","csco_post_video_url":"","csco_post_video_bg_start_time":0,"csco_post_video_bg_end_time":0,"csco_post_video_bg_volume":false,"_jetpack_memberships_contains_paid_content":false,"footnotes":""},"categories":[2004,735],"tags":[6305,3206,82,6306,608,5176,1569,6307],"class_list":{"0":"post-56824","1":"post","2":"type-post","3":"status-publish","4":"format-standard","5":"has-post-thumbnail","7":"category-descargas-manuales-pdf","8":"category-pedagogia","9":"tag-anexos","10":"tag-ano","11":"tag-competencias","12":"tag-desarrollados","13":"tag-escolar","14":"tag-fin","15":"tag-informe","16":"tag-priorizadas","17":"cs-entry","18":"cs-video-wrap"},"yoast_head":"<!-- This site is optimized with the Yoast SEO plugin v27.5 - https:\/\/yoast.com\/product\/yoast-seo-wordpress\/ -->\n<title>Anexos desarrollados y competencias priorizadas para el Informe de Fin de A\u00f1o Escolar - 2026<\/title>\n<meta name=\"description\" content=\"Hoy les compartimos los formatos editables en word: Anexos Desarrollados y Competencias Priorizadas para el Informe...\" \/>\n<meta name=\"robots\" content=\"index, follow, max-snippet:-1, max-image-preview:large, max-video-preview:-1\" \/>\n<link rel=\"canonical\" href=\"https:\/\/webdelmaestrocmf.com\/portal\/anexos-desarrollados-y-competencias-priorizadas-para-el-informe-de-fin-de-ano-escolar\/\" \/>\n<meta property=\"og:locale\" content=\"es_ES\" \/>\n<meta property=\"og:type\" content=\"article\" \/>\n<meta property=\"og:title\" content=\"Anexos desarrollados y competencias priorizadas para el Informe de Fin de A\u00f1o Escolar - 2026\" \/>\n<meta property=\"og:description\" content=\"Hoy les compartimos los formatos editables en word: Anexos Desarrollados y Competencias Priorizadas para el Informe...\" \/>\n<meta property=\"og:url\" content=\"https:\/\/webdelmaestrocmf.com\/portal\/anexos-desarrollados-y-competencias-priorizadas-para-el-informe-de-fin-de-ano-escolar\/\" \/>\n<meta property=\"og:site_name\" content=\"Web del Maestro CMF\" \/>\n<meta property=\"article:publisher\" content=\"https:\/\/www.facebook.com\/WebdelMaestroCMF\/\" \/>\n<meta property=\"article:author\" content=\"https:\/\/www.facebook.com\/WebdelMaestroCMF\/\" \/>\n<meta property=\"article:published_time\" content=\"2021-01-03T16:02:36+00:00\" \/>\n<meta property=\"article:modified_time\" content=\"2023-12-12T01:52:33+00:00\" \/>\n<meta property=\"og:image\" content=\"https:\/\/webdelmaestrocmf.com\/portal\/wp-content\/uploads\/2021\/01\/1-19.jpg\" \/>\n\t<meta property=\"og:image:width\" content=\"1100\" \/>\n\t<meta property=\"og:image:height\" content=\"680\" \/>\n\t<meta property=\"og:image:type\" content=\"image\/jpeg\" \/>\n<meta name=\"author\" content=\"Web del Maestro CMF\" \/>\n<meta name=\"twitter:card\" content=\"summary_large_image\" \/>\n<meta name=\"twitter:creator\" content=\"@cmf_w\" \/>\n<meta name=\"twitter:site\" content=\"@cmf_w\" \/>\n<script type=\"application\/ld+json\" class=\"yoast-schema-graph\">{\"@context\":\"https:\\\/\\\/schema.org\",\"@graph\":[{\"@type\":\"ScholarlyArticle\",\"@id\":\"https:\\\/\\\/webdelmaestrocmf.com\\\/portal\\\/anexos-desarrollados-y-competencias-priorizadas-para-el-informe-de-fin-de-ano-escolar\\\/#article\",\"isPartOf\":{\"@id\":\"https:\\\/\\\/webdelmaestrocmf.com\\\/portal\\\/anexos-desarrollados-y-competencias-priorizadas-para-el-informe-de-fin-de-ano-escolar\\\/\"},\"author\":{\"name\":\"Web del Maestro CMF\",\"@id\":\"https:\\\/\\\/webdelmaestrocmf.com\\\/portal\\\/#\\\/schema\\\/person\\\/1072a2ed7bd960df8ef99a551fa35dc5\"},\"headline\":\"Anexos desarrollados y competencias priorizadas para el Informe de Fin de A\u00f1o Escolar\",\"datePublished\":\"2021-01-03T16:02:36+00:00\",\"dateModified\":\"2023-12-12T01:52:33+00:00\",\"mainEntityOfPage\":{\"@id\":\"https:\\\/\\\/webdelmaestrocmf.com\\\/portal\\\/anexos-desarrollados-y-competencias-priorizadas-para-el-informe-de-fin-de-ano-escolar\\\/\"},\"wordCount\":459,\"commentCount\":0,\"publisher\":{\"@id\":\"https:\\\/\\\/webdelmaestrocmf.com\\\/portal\\\/#organization\"},\"image\":{\"@id\":\"https:\\\/\\\/webdelmaestrocmf.com\\\/portal\\\/anexos-desarrollados-y-competencias-priorizadas-para-el-informe-de-fin-de-ano-escolar\\\/#primaryimage\"},\"thumbnailUrl\":\"https:\\\/\\\/webdelmaestrocmf.com\\\/portal\\\/wp-content\\\/uploads\\\/2021\\\/01\\\/1-19.jpg\",\"keywords\":[\"Anexos\",\"A\u00d1O\",\"competencias\",\"desarrollados\",\"ESCOLAR\",\"Fin\",\"INFORME\",\"priorizadas\"],\"articleSection\":[\"Descargas Manuales PDF\",\"Recursos\"],\"inLanguage\":\"es\",\"potentialAction\":[{\"@type\":\"CommentAction\",\"name\":\"Comment\",\"target\":[\"https:\\\/\\\/webdelmaestrocmf.com\\\/portal\\\/anexos-desarrollados-y-competencias-priorizadas-para-el-informe-de-fin-de-ano-escolar\\\/#respond\"]}]},{\"@type\":\"WebPage\",\"@id\":\"https:\\\/\\\/webdelmaestrocmf.com\\\/portal\\\/anexos-desarrollados-y-competencias-priorizadas-para-el-informe-de-fin-de-ano-escolar\\\/\",\"url\":\"https:\\\/\\\/webdelmaestrocmf.com\\\/portal\\\/anexos-desarrollados-y-competencias-priorizadas-para-el-informe-de-fin-de-ano-escolar\\\/\",\"name\":\"Anexos desarrollados y competencias priorizadas para el Informe de Fin de A\u00f1o Escolar - 2026\",\"isPartOf\":{\"@id\":\"https:\\\/\\\/webdelmaestrocmf.com\\\/portal\\\/#website\"},\"primaryImageOfPage\":{\"@id\":\"https:\\\/\\\/webdelmaestrocmf.com\\\/portal\\\/anexos-desarrollados-y-competencias-priorizadas-para-el-informe-de-fin-de-ano-escolar\\\/#primaryimage\"},\"image\":{\"@id\":\"https:\\\/\\\/webdelmaestrocmf.com\\\/portal\\\/anexos-desarrollados-y-competencias-priorizadas-para-el-informe-de-fin-de-ano-escolar\\\/#primaryimage\"},\"thumbnailUrl\":\"https:\\\/\\\/webdelmaestrocmf.com\\\/portal\\\/wp-content\\\/uploads\\\/2021\\\/01\\\/1-19.jpg\",\"datePublished\":\"2021-01-03T16:02:36+00:00\",\"dateModified\":\"2023-12-12T01:52:33+00:00\",\"description\":\"Hoy les compartimos los formatos editables en word: Anexos Desarrollados y Competencias Priorizadas para el Informe...\",\"breadcrumb\":{\"@id\":\"https:\\\/\\\/webdelmaestrocmf.com\\\/portal\\\/anexos-desarrollados-y-competencias-priorizadas-para-el-informe-de-fin-de-ano-escolar\\\/#breadcrumb\"},\"inLanguage\":\"es\",\"potentialAction\":[{\"@type\":\"ReadAction\",\"target\":[\"https:\\\/\\\/webdelmaestrocmf.com\\\/portal\\\/anexos-desarrollados-y-competencias-priorizadas-para-el-informe-de-fin-de-ano-escolar\\\/\"]}]},{\"@type\":\"ImageObject\",\"inLanguage\":\"es\",\"@id\":\"https:\\\/\\\/webdelmaestrocmf.com\\\/portal\\\/anexos-desarrollados-y-competencias-priorizadas-para-el-informe-de-fin-de-ano-escolar\\\/#primaryimage\",\"url\":\"https:\\\/\\\/webdelmaestrocmf.com\\\/portal\\\/wp-content\\\/uploads\\\/2021\\\/01\\\/1-19.jpg\",\"contentUrl\":\"https:\\\/\\\/webdelmaestrocmf.com\\\/portal\\\/wp-content\\\/uploads\\\/2021\\\/01\\\/1-19.jpg\",\"width\":1100,\"height\":680},{\"@type\":\"BreadcrumbList\",\"@id\":\"https:\\\/\\\/webdelmaestrocmf.com\\\/portal\\\/anexos-desarrollados-y-competencias-priorizadas-para-el-informe-de-fin-de-ano-escolar\\\/#breadcrumb\",\"itemListElement\":[{\"@type\":\"ListItem\",\"position\":1,\"name\":\"Portada\",\"item\":\"https:\\\/\\\/webdelmaestrocmf.com\\\/portal\\\/\"},{\"@type\":\"ListItem\",\"position\":2,\"name\":\"Recursos\",\"item\":\"https:\\\/\\\/webdelmaestrocmf.com\\\/portal\\\/category\\\/pedagogia\\\/\"},{\"@type\":\"ListItem\",\"position\":3,\"name\":\"Anexos desarrollados y competencias priorizadas para el Informe de Fin de A\u00f1o Escolar\"}]},{\"@type\":\"WebSite\",\"@id\":\"https:\\\/\\\/webdelmaestrocmf.com\\\/portal\\\/#website\",\"url\":\"https:\\\/\\\/webdelmaestrocmf.com\\\/portal\\\/\",\"name\":\"Web del Maestro CMF\",\"description\":\"Maestros al servicio de la educaci\u00f3n\",\"publisher\":{\"@id\":\"https:\\\/\\\/webdelmaestrocmf.com\\\/portal\\\/#organization\"},\"alternateName\":\"WMCMF\",\"potentialAction\":[{\"@type\":\"SearchAction\",\"target\":{\"@type\":\"EntryPoint\",\"urlTemplate\":\"https:\\\/\\\/webdelmaestrocmf.com\\\/portal\\\/?s={search_term_string}\"},\"query-input\":{\"@type\":\"PropertyValueSpecification\",\"valueRequired\":true,\"valueName\":\"search_term_string\"}}],\"inLanguage\":\"es\"},{\"@type\":\"Organization\",\"@id\":\"https:\\\/\\\/webdelmaestrocmf.com\\\/portal\\\/#organization\",\"name\":\"Web del Maestro CMF\",\"alternateName\":\"WMCMF\",\"url\":\"https:\\\/\\\/webdelmaestrocmf.com\\\/portal\\\/\",\"logo\":{\"@type\":\"ImageObject\",\"inLanguage\":\"es\",\"@id\":\"https:\\\/\\\/webdelmaestrocmf.com\\\/portal\\\/#\\\/schema\\\/logo\\\/image\\\/\",\"url\":\"https:\\\/\\\/webdelmaestrocmf.com\\\/portal\\\/wp-content\\\/uploads\\\/2023\\\/01\\\/logo-wmcmf-2.png\",\"contentUrl\":\"https:\\\/\\\/webdelmaestrocmf.com\\\/portal\\\/wp-content\\\/uploads\\\/2023\\\/01\\\/logo-wmcmf-2.png\",\"width\":200,\"height\":60,\"caption\":\"Web del Maestro CMF\"},\"image\":{\"@id\":\"https:\\\/\\\/webdelmaestrocmf.com\\\/portal\\\/#\\\/schema\\\/logo\\\/image\\\/\"},\"sameAs\":[\"https:\\\/\\\/www.facebook.com\\\/WebdelMaestroCMF\\\/\",\"https:\\\/\\\/x.com\\\/cmf_w\",\"https:\\\/\\\/www.pinterest.com\\\/WMCMF\\\/\",\"https:\\\/\\\/www.linkedin.com\\\/company\\\/web-del-maestro-cmf\\\/\",\"https:\\\/\\\/www.instagram.com\\\/wmcmf\\\/\",\"https:\\\/\\\/www.youtube.com\\\/channel\\\/UCDPSvjbdodE5sHnC3OxutHw\",\"https:\\\/\\\/mastodon.social\\\/@wmcmf\",\"https:\\\/\\\/www.tiktok.com\\\/@webdelmaestrocmf\"]},{\"@type\":\"Person\",\"@id\":\"https:\\\/\\\/webdelmaestrocmf.com\\\/portal\\\/#\\\/schema\\\/person\\\/1072a2ed7bd960df8ef99a551fa35dc5\",\"name\":\"Web del Maestro CMF\",\"image\":{\"@type\":\"ImageObject\",\"inLanguage\":\"es\",\"@id\":\"https:\\\/\\\/secure.gravatar.com\\\/avatar\\\/23291dd5b5ae1077dcff3dbb04c3e02bd28403fa75af6d8787d5e97c5bbbe30b?s=96&d=mm&r=g\",\"url\":\"https:\\\/\\\/secure.gravatar.com\\\/avatar\\\/23291dd5b5ae1077dcff3dbb04c3e02bd28403fa75af6d8787d5e97c5bbbe30b?s=96&d=mm&r=g\",\"contentUrl\":\"https:\\\/\\\/secure.gravatar.com\\\/avatar\\\/23291dd5b5ae1077dcff3dbb04c3e02bd28403fa75af6d8787d5e97c5bbbe30b?s=96&d=mm&r=g\",\"caption\":\"Web del Maestro CMF\"},\"description\":\"Esta Web se cre\u00f3 sin fines de lucro, con fines educativos, cient\u00edficos y acad\u00e9micos, para personas que tengan dificultades y\\\/o inconvenientes en visualizar el material original. El objetivo es entregar recursos, compartir experiencias y materiales que ayuden a los padres de familia, maestros y estudiantes en su actualizaci\u00f3n y formaci\u00f3n permanente, en bien de la Educaci\u00f3n.\",\"sameAs\":[\"http:\\\/\\\/webdelmaestrocmf.com\\\/portal\",\"https:\\\/\\\/www.facebook.com\\\/WebdelMaestroCMF\\\/\",\"https:\\\/\\\/www.instagram.com\\\/wmcmf\\\/\",\"https:\\\/\\\/cl.linkedin.com\\\/company\\\/web-del-maestro-cmf\",\"https:\\\/\\\/www.pinterest.com\\\/WMCMF\\\/publicaciones\\\/\",\"https:\\\/\\\/x.com\\\/cmf_w\",\"https:\\\/\\\/www.youtube.com\\\/@WMCMF\"]}]}<\/script>\n<!-- \/ Yoast SEO plugin. -->","yoast_head_json":{"title":"Anexos desarrollados y competencias priorizadas para el Informe de Fin de A\u00f1o Escolar - 2026","description":"Hoy les compartimos los formatos editables en word: Anexos Desarrollados y Competencias Priorizadas para el Informe...","robots":{"index":"index","follow":"follow","max-snippet":"max-snippet:-1","max-image-preview":"max-image-preview:large","max-video-preview":"max-video-preview:-1"},"canonical":"https:\/\/webdelmaestrocmf.com\/portal\/anexos-desarrollados-y-competencias-priorizadas-para-el-informe-de-fin-de-ano-escolar\/","og_locale":"es_ES","og_type":"article","og_title":"Anexos desarrollados y competencias priorizadas para el Informe de Fin de A\u00f1o Escolar - 2026","og_description":"Hoy les compartimos los formatos editables en word: Anexos Desarrollados y Competencias Priorizadas para el Informe...","og_url":"https:\/\/webdelmaestrocmf.com\/portal\/anexos-desarrollados-y-competencias-priorizadas-para-el-informe-de-fin-de-ano-escolar\/","og_site_name":"Web del Maestro CMF","article_publisher":"https:\/\/www.facebook.com\/WebdelMaestroCMF\/","article_author":"https:\/\/www.facebook.com\/WebdelMaestroCMF\/","article_published_time":"2021-01-03T16:02:36+00:00","article_modified_time":"2023-12-12T01:52:33+00:00","og_image":[{"width":1100,"height":680,"url":"https:\/\/webdelmaestrocmf.com\/portal\/wp-content\/uploads\/2021\/01\/1-19.jpg","type":"image\/jpeg"}],"author":"Web del Maestro CMF","twitter_card":"summary_large_image","twitter_creator":"@cmf_w","twitter_site":"@cmf_w","schema":{"@context":"https:\/\/schema.org","@graph":[{"@type":"ScholarlyArticle","@id":"https:\/\/webdelmaestrocmf.com\/portal\/anexos-desarrollados-y-competencias-priorizadas-para-el-informe-de-fin-de-ano-escolar\/#article","isPartOf":{"@id":"https:\/\/webdelmaestrocmf.com\/portal\/anexos-desarrollados-y-competencias-priorizadas-para-el-informe-de-fin-de-ano-escolar\/"},"author":{"name":"Web del Maestro CMF","@id":"https:\/\/webdelmaestrocmf.com\/portal\/#\/schema\/person\/1072a2ed7bd960df8ef99a551fa35dc5"},"headline":"Anexos desarrollados y competencias priorizadas para el Informe de Fin de A\u00f1o Escolar","datePublished":"2021-01-03T16:02:36+00:00","dateModified":"2023-12-12T01:52:33+00:00","mainEntityOfPage":{"@id":"https:\/\/webdelmaestrocmf.com\/portal\/anexos-desarrollados-y-competencias-priorizadas-para-el-informe-de-fin-de-ano-escolar\/"},"wordCount":459,"commentCount":0,"publisher":{"@id":"https:\/\/webdelmaestrocmf.com\/portal\/#organization"},"image":{"@id":"https:\/\/webdelmaestrocmf.com\/portal\/anexos-desarrollados-y-competencias-priorizadas-para-el-informe-de-fin-de-ano-escolar\/#primaryimage"},"thumbnailUrl":"https:\/\/webdelmaestrocmf.com\/portal\/wp-content\/uploads\/2021\/01\/1-19.jpg","keywords":["Anexos","A\u00d1O","competencias","desarrollados","ESCOLAR","Fin","INFORME","priorizadas"],"articleSection":["Descargas Manuales PDF","Recursos"],"inLanguage":"es","potentialAction":[{"@type":"CommentAction","name":"Comment","target":["https:\/\/webdelmaestrocmf.com\/portal\/anexos-desarrollados-y-competencias-priorizadas-para-el-informe-de-fin-de-ano-escolar\/#respond"]}]},{"@type":"WebPage","@id":"https:\/\/webdelmaestrocmf.com\/portal\/anexos-desarrollados-y-competencias-priorizadas-para-el-informe-de-fin-de-ano-escolar\/","url":"https:\/\/webdelmaestrocmf.com\/portal\/anexos-desarrollados-y-competencias-priorizadas-para-el-informe-de-fin-de-ano-escolar\/","name":"Anexos desarrollados y competencias priorizadas para el Informe de Fin de A\u00f1o Escolar - 2026","isPartOf":{"@id":"https:\/\/webdelmaestrocmf.com\/portal\/#website"},"primaryImageOfPage":{"@id":"https:\/\/webdelmaestrocmf.com\/portal\/anexos-desarrollados-y-competencias-priorizadas-para-el-informe-de-fin-de-ano-escolar\/#primaryimage"},"image":{"@id":"https:\/\/webdelmaestrocmf.com\/portal\/anexos-desarrollados-y-competencias-priorizadas-para-el-informe-de-fin-de-ano-escolar\/#primaryimage"},"thumbnailUrl":"https:\/\/webdelmaestrocmf.com\/portal\/wp-content\/uploads\/2021\/01\/1-19.jpg","datePublished":"2021-01-03T16:02:36+00:00","dateModified":"2023-12-12T01:52:33+00:00","description":"Hoy les compartimos los formatos editables en word: Anexos Desarrollados y Competencias Priorizadas para el Informe...","breadcrumb":{"@id":"https:\/\/webdelmaestrocmf.com\/portal\/anexos-desarrollados-y-competencias-priorizadas-para-el-informe-de-fin-de-ano-escolar\/#breadcrumb"},"inLanguage":"es","potentialAction":[{"@type":"ReadAction","target":["https:\/\/webdelmaestrocmf.com\/portal\/anexos-desarrollados-y-competencias-priorizadas-para-el-informe-de-fin-de-ano-escolar\/"]}]},{"@type":"ImageObject","inLanguage":"es","@id":"https:\/\/webdelmaestrocmf.com\/portal\/anexos-desarrollados-y-competencias-priorizadas-para-el-informe-de-fin-de-ano-escolar\/#primaryimage","url":"https:\/\/webdelmaestrocmf.com\/portal\/wp-content\/uploads\/2021\/01\/1-19.jpg","contentUrl":"https:\/\/webdelmaestrocmf.com\/portal\/wp-content\/uploads\/2021\/01\/1-19.jpg","width":1100,"height":680},{"@type":"BreadcrumbList","@id":"https:\/\/webdelmaestrocmf.com\/portal\/anexos-desarrollados-y-competencias-priorizadas-para-el-informe-de-fin-de-ano-escolar\/#breadcrumb","itemListElement":[{"@type":"ListItem","position":1,"name":"Portada","item":"https:\/\/webdelmaestrocmf.com\/portal\/"},{"@type":"ListItem","position":2,"name":"Recursos","item":"https:\/\/webdelmaestrocmf.com\/portal\/category\/pedagogia\/"},{"@type":"ListItem","position":3,"name":"Anexos desarrollados y competencias priorizadas para el Informe de Fin de A\u00f1o Escolar"}]},{"@type":"WebSite","@id":"https:\/\/webdelmaestrocmf.com\/portal\/#website","url":"https:\/\/webdelmaestrocmf.com\/portal\/","name":"Web del Maestro CMF","description":"Maestros al servicio de la educaci\u00f3n","publisher":{"@id":"https:\/\/webdelmaestrocmf.com\/portal\/#organization"},"alternateName":"WMCMF","potentialAction":[{"@type":"SearchAction","target":{"@type":"EntryPoint","urlTemplate":"https:\/\/webdelmaestrocmf.com\/portal\/?s={search_term_string}"},"query-input":{"@type":"PropertyValueSpecification","valueRequired":true,"valueName":"search_term_string"}}],"inLanguage":"es"},{"@type":"Organization","@id":"https:\/\/webdelmaestrocmf.com\/portal\/#organization","name":"Web del Maestro CMF","alternateName":"WMCMF","url":"https:\/\/webdelmaestrocmf.com\/portal\/","logo":{"@type":"ImageObject","inLanguage":"es","@id":"https:\/\/webdelmaestrocmf.com\/portal\/#\/schema\/logo\/image\/","url":"https:\/\/webdelmaestrocmf.com\/portal\/wp-content\/uploads\/2023\/01\/logo-wmcmf-2.png","contentUrl":"https:\/\/webdelmaestrocmf.com\/portal\/wp-content\/uploads\/2023\/01\/logo-wmcmf-2.png","width":200,"height":60,"caption":"Web del Maestro CMF"},"image":{"@id":"https:\/\/webdelmaestrocmf.com\/portal\/#\/schema\/logo\/image\/"},"sameAs":["https:\/\/www.facebook.com\/WebdelMaestroCMF\/","https:\/\/x.com\/cmf_w","https:\/\/www.pinterest.com\/WMCMF\/","https:\/\/www.linkedin.com\/company\/web-del-maestro-cmf\/","https:\/\/www.instagram.com\/wmcmf\/","https:\/\/www.youtube.com\/channel\/UCDPSvjbdodE5sHnC3OxutHw","https:\/\/mastodon.social\/@wmcmf","https:\/\/www.tiktok.com\/@webdelmaestrocmf"]},{"@type":"Person","@id":"https:\/\/webdelmaestrocmf.com\/portal\/#\/schema\/person\/1072a2ed7bd960df8ef99a551fa35dc5","name":"Web del Maestro CMF","image":{"@type":"ImageObject","inLanguage":"es","@id":"https:\/\/secure.gravatar.com\/avatar\/23291dd5b5ae1077dcff3dbb04c3e02bd28403fa75af6d8787d5e97c5bbbe30b?s=96&d=mm&r=g","url":"https:\/\/secure.gravatar.com\/avatar\/23291dd5b5ae1077dcff3dbb04c3e02bd28403fa75af6d8787d5e97c5bbbe30b?s=96&d=mm&r=g","contentUrl":"https:\/\/secure.gravatar.com\/avatar\/23291dd5b5ae1077dcff3dbb04c3e02bd28403fa75af6d8787d5e97c5bbbe30b?s=96&d=mm&r=g","caption":"Web del Maestro CMF"},"description":"Esta Web se cre\u00f3 sin fines de lucro, con fines educativos, cient\u00edficos y acad\u00e9micos, para personas que tengan dificultades y\/o inconvenientes en visualizar el material original. El objetivo es entregar recursos, compartir experiencias y materiales que ayuden a los padres de familia, maestros y estudiantes en su actualizaci\u00f3n y formaci\u00f3n permanente, en bien de la Educaci\u00f3n.","sameAs":["http:\/\/webdelmaestrocmf.com\/portal","https:\/\/www.facebook.com\/WebdelMaestroCMF\/","https:\/\/www.instagram.com\/wmcmf\/","https:\/\/cl.linkedin.com\/company\/web-del-maestro-cmf","https:\/\/www.pinterest.com\/WMCMF\/publicaciones\/","https:\/\/x.com\/cmf_w","https:\/\/www.youtube.com\/@WMCMF"]}]}},"jetpack_featured_media_url":"https:\/\/webdelmaestrocmf.com\/portal\/wp-content\/uploads\/2021\/01\/1-19.jpg","jetpack_sharing_enabled":true,"jetpack-related-posts":[{"id":101614,"url":"https:\/\/webdelmaestrocmf.com\/portal\/orientaciones-documentos-e-informes-de-fin-de-ano\/","url_meta":{"origin":56824,"position":0},"title":"Orientaciones, documentos e informes de fin de a\u00f1o","author":"Web del Maestro CMF","date":"10 diciembre, 2023","format":false,"excerpt":"El Ministerio de Educaci\u00f3n del Per\u00fa ha dado a conocer una serie de orientaciones, documentos e informes fundamentales para las comunidades educativas con miras al cierre del a\u00f1o 2023. Estos documentos e informes de fin de a\u00f1o los puede descargar al final del art\u00edculo. Estos recursos se presentan como herramientas\u2026","rel":"","context":"En \u00abDescargas Manuales PDF\u00bb","block_context":{"text":"Descargas Manuales PDF","link":"https:\/\/webdelmaestrocmf.com\/portal\/category\/pedagogia\/descargas-manuales-pdf\/"},"img":{"alt_text":"informes de fin de a\u00f1o","src":"https:\/\/i0.wp.com\/webdelmaestrocmf.com\/portal\/wp-content\/uploads\/2023\/12\/A12B3C4D-25.jpg?resize=350%2C200&ssl=1","width":350,"height":200,"srcset":"https:\/\/i0.wp.com\/webdelmaestrocmf.com\/portal\/wp-content\/uploads\/2023\/12\/A12B3C4D-25.jpg?resize=350%2C200&ssl=1 1x, https:\/\/i0.wp.com\/webdelmaestrocmf.com\/portal\/wp-content\/uploads\/2023\/12\/A12B3C4D-25.jpg?resize=525%2C300&ssl=1 1.5x, https:\/\/i0.wp.com\/webdelmaestrocmf.com\/portal\/wp-content\/uploads\/2023\/12\/A12B3C4D-25.jpg?resize=700%2C400&ssl=1 2x"},"classes":[]},{"id":72342,"url":"https:\/\/webdelmaestrocmf.com\/portal\/formatos-de-informes-de-finalizacion-del-ano-escolar-2021\/","url_meta":{"origin":56824,"position":1},"title":"Formatos de informes de finalizaci\u00f3n del a\u00f1o escolar","author":"Web del Maestro CMF","date":"10 diciembre, 2023","format":false,"excerpt":"En el cierre anual escolar, la presentaci\u00f3n de informes reviste una importancia significativa. Los informes de finalizaci\u00f3n del a\u00f1o escolar no solo reflejan el progreso acad\u00e9mico de los estudiantes, sino que tambi\u00e9n proporcionan una visi\u00f3n integral del rendimiento y logros alcanzados a lo largo del a\u00f1o. Estos informes, meticulosamente estructurados,\u2026","rel":"","context":"En \u00abDescargas Manuales PDF\u00bb","block_context":{"text":"Descargas Manuales PDF","link":"https:\/\/webdelmaestrocmf.com\/portal\/category\/pedagogia\/descargas-manuales-pdf\/"},"img":{"alt_text":"informes de finalizaci\u00f3n","src":"https:\/\/i0.wp.com\/webdelmaestrocmf.com\/portal\/wp-content\/uploads\/2021\/12\/1-35.jpg?resize=350%2C200&ssl=1","width":350,"height":200,"srcset":"https:\/\/i0.wp.com\/webdelmaestrocmf.com\/portal\/wp-content\/uploads\/2021\/12\/1-35.jpg?resize=350%2C200&ssl=1 1x, https:\/\/i0.wp.com\/webdelmaestrocmf.com\/portal\/wp-content\/uploads\/2021\/12\/1-35.jpg?resize=525%2C300&ssl=1 1.5x, https:\/\/i0.wp.com\/webdelmaestrocmf.com\/portal\/wp-content\/uploads\/2021\/12\/1-35.jpg?resize=700%2C400&ssl=1 2x, https:\/\/i0.wp.com\/webdelmaestrocmf.com\/portal\/wp-content\/uploads\/2021\/12\/1-35.jpg?resize=1050%2C600&ssl=1 3x"},"classes":[]},{"id":101623,"url":"https:\/\/webdelmaestrocmf.com\/portal\/nuevo-informe-tecnico-pedagogico-2023\/","url_meta":{"origin":56824,"position":2},"title":"Nuevo informe t\u00e9cnico pedag\u00f3gico 2023","author":"Web del Maestro CMF","date":"11 diciembre, 2023","format":false,"excerpt":"El cierre de cada a\u00f1o escolar marca el momento en que los docentes elaboran el Nuevo Informe T\u00e9cnico Pedag\u00f3gico 2023, un documento fundamental que busca evaluar y reflexionar sobre el proceso de ense\u00f1anza y aprendizaje. Este informe se convierte en una herramienta esencial para identificar logros, enfrentar dificultades y proponer\u2026","rel":"","context":"En \u00abDescargas Manuales PDF\u00bb","block_context":{"text":"Descargas Manuales PDF","link":"https:\/\/webdelmaestrocmf.com\/portal\/category\/pedagogia\/descargas-manuales-pdf\/"},"img":{"alt_text":"Nuevo informe t\u00e9cnico pedag\u00f3gico","src":"https:\/\/i0.wp.com\/webdelmaestrocmf.com\/portal\/wp-content\/uploads\/2023\/12\/A12B3C4D-9.jpg?resize=350%2C200&ssl=1","width":350,"height":200,"srcset":"https:\/\/i0.wp.com\/webdelmaestrocmf.com\/portal\/wp-content\/uploads\/2023\/12\/A12B3C4D-9.jpg?resize=350%2C200&ssl=1 1x, https:\/\/i0.wp.com\/webdelmaestrocmf.com\/portal\/wp-content\/uploads\/2023\/12\/A12B3C4D-9.jpg?resize=525%2C300&ssl=1 1.5x, https:\/\/i0.wp.com\/webdelmaestrocmf.com\/portal\/wp-content\/uploads\/2023\/12\/A12B3C4D-9.jpg?resize=700%2C400&ssl=1 2x"},"classes":[]},{"id":62221,"url":"https:\/\/webdelmaestrocmf.com\/portal\/la-evaluacion-formativa-en-la-educacion-a-distancia\/","url_meta":{"origin":56824,"position":3},"title":"La evaluaci\u00f3n formativa en la educaci\u00f3n a distancia","author":"Web del Maestro CMF","date":"25 abril, 2021","format":false,"excerpt":"El objetivo del presente documento es apoyar a los docentes en el desarrollo de la evaluaci\u00f3n formativa al interior del aula, para ello ofrece: definiciones conceptuales; estrategias para su puesta en pr\u00e1ctica; orientaciones para el rol requerido por parte de los docentes; entre otros contenidos. Adem\u00e1s, identifica desaf\u00edos y entrega\u2026","rel":"","context":"En \u00abEvaluar\u00bb","block_context":{"text":"Evaluar","link":"https:\/\/webdelmaestrocmf.com\/portal\/category\/pedagogia\/evaluar\/"},"img":{"alt_text":"","src":"https:\/\/i0.wp.com\/webdelmaestrocmf.com\/portal\/wp-content\/uploads\/2021\/04\/1-131.jpg?resize=350%2C200&ssl=1","width":350,"height":200,"srcset":"https:\/\/i0.wp.com\/webdelmaestrocmf.com\/portal\/wp-content\/uploads\/2021\/04\/1-131.jpg?resize=350%2C200&ssl=1 1x, https:\/\/i0.wp.com\/webdelmaestrocmf.com\/portal\/wp-content\/uploads\/2021\/04\/1-131.jpg?resize=525%2C300&ssl=1 1.5x, https:\/\/i0.wp.com\/webdelmaestrocmf.com\/portal\/wp-content\/uploads\/2021\/04\/1-131.jpg?resize=700%2C400&ssl=1 2x, https:\/\/i0.wp.com\/webdelmaestrocmf.com\/portal\/wp-content\/uploads\/2021\/04\/1-131.jpg?resize=1050%2C600&ssl=1 3x"},"classes":[]},{"id":62931,"url":"https:\/\/webdelmaestrocmf.com\/portal\/fernando-gamarra-semanas-de-gestion-en-el-ano-lectivo-2021-en-peru\/","url_meta":{"origin":56824,"position":4},"title":"[Fernando Gamarra] Semanas de gesti\u00f3n en el A\u00f1o Lectivo 2021 en Per\u00fa","author":"Web del Maestro CMF","date":"13 mayo, 2021","format":false,"excerpt":"El Compromiso 4: Acompa\u00f1amiento y monitoreo para la mejora de las pr\u00e1cticas pedag\u00f3gicas orientadas al logro de aprendizajes previstos en el CNEB, se\u00f1alado en el Documento Normativo \u201cOrientaciones para el Desarrollo del A\u00f1o Escolar 2021 en Instituciones Educativas y Programas Educativos de la Educaci\u00f3n B\u00e1sica\u201d, permite que el equipo directivo\u2026","rel":"","context":"En \u00abZ-Colaborador-Fernando-Gamarra\u00bb","block_context":{"text":"Z-Colaborador-Fernando-Gamarra","link":"https:\/\/webdelmaestrocmf.com\/portal\/category\/colaborador\/z-colaborador-fernando-gamarra\/"},"img":{"alt_text":"","src":"https:\/\/i0.wp.com\/webdelmaestrocmf.com\/portal\/wp-content\/uploads\/2021\/05\/1-copia-18.jpg?resize=350%2C200&ssl=1","width":350,"height":200,"srcset":"https:\/\/i0.wp.com\/webdelmaestrocmf.com\/portal\/wp-content\/uploads\/2021\/05\/1-copia-18.jpg?resize=350%2C200&ssl=1 1x, https:\/\/i0.wp.com\/webdelmaestrocmf.com\/portal\/wp-content\/uploads\/2021\/05\/1-copia-18.jpg?resize=525%2C300&ssl=1 1.5x, https:\/\/i0.wp.com\/webdelmaestrocmf.com\/portal\/wp-content\/uploads\/2021\/05\/1-copia-18.jpg?resize=700%2C400&ssl=1 2x, https:\/\/i0.wp.com\/webdelmaestrocmf.com\/portal\/wp-content\/uploads\/2021\/05\/1-copia-18.jpg?resize=1050%2C600&ssl=1 3x"},"classes":[]},{"id":114911,"url":"https:\/\/webdelmaestrocmf.com\/portal\/descarga-el-reporte-de-disciplina-y-el-reporte-de-incidencias-herramientas-pedagogicas-para-el-acompanamiento-formativo\/","url_meta":{"origin":56824,"position":5},"title":"Descarga el Reporte de disciplina y el reporte de incidencias: herramientas pedag\u00f3gicas para el acompa\u00f1amiento formativo","author":"Web del Maestro CMF","date":"7 abril, 2026","format":false,"excerpt":"Herramientas pedag\u00f3gicas que registran conductas, fortalecen la corresponsabilidad escuela-familia, orientan la evaluaci\u00f3n integral y promueven convivencia responsable en contextos educativos.","rel":"","context":"En \u00abDescargas Manuales PDF\u00bb","block_context":{"text":"Descargas Manuales PDF","link":"https:\/\/webdelmaestrocmf.com\/portal\/category\/pedagogia\/descargas-manuales-pdf\/"},"img":{"alt_text":"","src":"https:\/\/i0.wp.com\/webdelmaestrocmf.com\/portal\/wp-content\/uploads\/2026\/01\/1A-Banner-1-portada-imagen-10-1-copia-2-9.webp?resize=350%2C200&ssl=1","width":350,"height":200,"srcset":"https:\/\/i0.wp.com\/webdelmaestrocmf.com\/portal\/wp-content\/uploads\/2026\/01\/1A-Banner-1-portada-imagen-10-1-copia-2-9.webp?resize=350%2C200&ssl=1 1x, https:\/\/i0.wp.com\/webdelmaestrocmf.com\/portal\/wp-content\/uploads\/2026\/01\/1A-Banner-1-portada-imagen-10-1-copia-2-9.webp?resize=525%2C300&ssl=1 1.5x, https:\/\/i0.wp.com\/webdelmaestrocmf.com\/portal\/wp-content\/uploads\/2026\/01\/1A-Banner-1-portada-imagen-10-1-copia-2-9.webp?resize=700%2C400&ssl=1 2x"},"classes":[]}],"_links":{"self":[{"href":"https:\/\/webdelmaestrocmf.com\/portal\/wp-json\/wp\/v2\/posts\/56824","targetHints":{"allow":["GET"]}}],"collection":[{"href":"https:\/\/webdelmaestrocmf.com\/portal\/wp-json\/wp\/v2\/posts"}],"about":[{"href":"https:\/\/webdelmaestrocmf.com\/portal\/wp-json\/wp\/v2\/types\/post"}],"author":[{"embeddable":true,"href":"https:\/\/webdelmaestrocmf.com\/portal\/wp-json\/wp\/v2\/users\/1"}],"replies":[{"embeddable":true,"href":"https:\/\/webdelmaestrocmf.com\/portal\/wp-json\/wp\/v2\/comments?post=56824"}],"version-history":[{"count":0,"href":"https:\/\/webdelmaestrocmf.com\/portal\/wp-json\/wp\/v2\/posts\/56824\/revisions"}],"wp:featuredmedia":[{"embeddable":true,"href":"https:\/\/webdelmaestrocmf.com\/portal\/wp-json\/wp\/v2\/media\/56830"}],"wp:attachment":[{"href":"https:\/\/webdelmaestrocmf.com\/portal\/wp-json\/wp\/v2\/media?parent=56824"}],"wp:term":[{"taxonomy":"category","embeddable":true,"href":"https:\/\/webdelmaestrocmf.com\/portal\/wp-json\/wp\/v2\/categories?post=56824"},{"taxonomy":"post_tag","embeddable":true,"href":"https:\/\/webdelmaestrocmf.com\/portal\/wp-json\/wp\/v2\/tags?post=56824"}],"curies":[{"name":"wp","href":"https:\/\/api.w.org\/{rel}","templated":true}]}}