{"id":56423,"date":"2020-12-27T13:59:28","date_gmt":"2020-12-27T16:59:28","guid":{"rendered":"https:\/\/webdelmaestrocmf.com\/portal\/?p=56423"},"modified":"2020-12-27T18:02:28","modified_gmt":"2020-12-27T21:02:28","slug":"alexander-ortiz-la-felicidad-plena-una-utopia","status":"publish","type":"post","link":"https:\/\/webdelmaestrocmf.com\/portal\/alexander-ortiz-la-felicidad-plena-una-utopia\/","title":{"rendered":"[Alexander Ortiz] La felicidad plena: \u00bfuna utop\u00eda?"},"content":{"rendered":"<h5 style=\"text-align: justify;\"><strong>Felicidad y sufrimiento<\/strong><\/h5>\n<h5 style=\"text-align: justify;\">Mucha gente me comenta que viven una vida en paz y tranquilidad, pero no son felices. En alg\u00fan momento afirm\u00e9 que esto no es posible, dado que consideraba que paz, tranquilidad y felicidad conforman una configuraci\u00f3n tr\u00edadica, por lo tanto, si vives en paz y tranquilidad, entonces tambi\u00e9n eres feliz, y si sientes felicidad en tu vida, entonces tambi\u00e9n vives en paz y sosiego.<\/h5>\n<p><!--more--><\/p>\n<h5 style=\"text-align: justify;\">Hay otra mirada sobre la paz, la alegr\u00eda y la felicidad; la perspectiva de considerarlas estadios del estado de conciencia. Es decir, mientras m\u00e1s consciente vivas tu vida, m\u00e1s feliz eres. De ah\u00ed que la paz, la alegr\u00eda y la felicidad puedan ser consideradas como procesos, niveles o grados de concienciaci\u00f3n. Son configuraciones inmanentes al estado de conciencia, en el que la paz es el punto medio, en cambio el dolor y el sufrimiento constituyen el estadio m\u00e1s bajo y limitado de la conciencia humana. Por lo tanto, la alegr\u00eda y la felicidad pueden ser consideradas como estadios superiores de la conciencia.<\/h5>\n<p style=\"text-align: justify;\">Cuando vives la vida de manera distra\u00edda e inconsciente, te sumerges en los estadios m\u00e1s bajos y limitados de la conciencia humana: el dolor y el sufrimiento. Pero si vives una vida atenta, consciente del momento presente, concentrado en el aqu\u00ed-ahora, podr\u00e1s ser alegre y feliz sin l\u00edmites.<\/p>\n<p style=\"text-align: justify;\">Cuando observas de manera atenta y profunda una emoci\u00f3n de dolor y sufrimiento, comienzas a disolverla. Desde esta mirada, puedes ser feliz incluso en el sufrimiento, porque tu dolor se convierte en alegr\u00eda cuando lo miras atentamente y eres consciente de tu sufrir. Al observar tu sufrimiento, suspirar, expirar y sonre\u00edr, de manera atenta, concentrada y consciente, emerge la felicidad, disipando el dolor con tu autoconciencia y atenci\u00f3n vigilante.<\/p>\n<p style=\"text-align: justify;\">Es ir\u00f3nico, pero no es la felicidad ni la prosperidad las que unen a las personas; me he dado cuenta que es el dolor, el sufrimiento y las injusticias lo que las acerca y une a\u00fan m\u00e1s, ya sea para lamentarlo juntos o para solidarizarse con el otro por ese dolor. Por eso, valora a las personas que est\u00e1n contigo y te apoyan en la adversidad, porque gente para ir de fiesta sobran; pero amigos leales y sinceros son muy pocos.<\/p>\n<p style=\"text-align: justify;\">En la vida, todas las situaciones\u00a0 que nosotros\u00a0 llamamos buenas o malas forman parte del aprendizaje. El vivir humano no es est\u00e1tico, es din\u00e1mico, no es s\u00f3lido, es l\u00edquido, no es r\u00edgido, es flexible; cambia a cada segundo. Somos nosotros los que convertimos los momentos y experiencias en dolorosas, cuando nos negamos a aceptar que todo va cambiando, todo fluye, en un continuo de paz-angustia-alegr\u00eda-dolor-sosiego-tristeza-tranquilidad-sufrimiento-felicidad.<\/p>\n<p style=\"text-align: justify;\">Los seres humanos nos negamos a aceptar\u00a0 las\u00a0 nuevas situaciones porque nos sacan de nuestra zona de confort y por eso sufrimos, rechazamos los cambios emocionales y nos sentimos morir cuando no suceden las cosas como eran antes. Para ser felices y disipar el dolor y el sufrimiento, debemos vivir en el presente sin a\u00f1orar un pasado que no volver\u00e1, ni un futuro incierto, pues el futuro se configura con unas buenas bases del presente y dejando atr\u00e1s lo que doli\u00f3, solo conservando lo que nos aport\u00f3 a ser una mejor persona. Las personas queridas siempre estar\u00e1n\u00a0 en nuestro presente, a\u00fan despu\u00e9s de su desaparici\u00f3n f\u00edsica.<\/p>\n<p><img loading=\"lazy\" decoding=\"async\" class=\"alignnone size-full wp-image-56424\" src=\"https:\/\/webdelmaestrocmf.com\/portal\/wp-content\/uploads\/2020\/12\/Captura-de-Pantalla-2020-12-27-a-las-13.55.48.png\" alt=\"\" width=\"2388\" height=\"1072\" srcset=\"https:\/\/webdelmaestrocmf.com\/portal\/wp-content\/uploads\/2020\/12\/Captura-de-Pantalla-2020-12-27-a-las-13.55.48.png 2388w, https:\/\/webdelmaestrocmf.com\/portal\/wp-content\/uploads\/2020\/12\/Captura-de-Pantalla-2020-12-27-a-las-13.55.48-300x135.png 300w, https:\/\/webdelmaestrocmf.com\/portal\/wp-content\/uploads\/2020\/12\/Captura-de-Pantalla-2020-12-27-a-las-13.55.48-1024x460.png 1024w, https:\/\/webdelmaestrocmf.com\/portal\/wp-content\/uploads\/2020\/12\/Captura-de-Pantalla-2020-12-27-a-las-13.55.48-768x345.png 768w, https:\/\/webdelmaestrocmf.com\/portal\/wp-content\/uploads\/2020\/12\/Captura-de-Pantalla-2020-12-27-a-las-13.55.48-1536x690.png 1536w, https:\/\/webdelmaestrocmf.com\/portal\/wp-content\/uploads\/2020\/12\/Captura-de-Pantalla-2020-12-27-a-las-13.55.48-2048x919.png 2048w, https:\/\/webdelmaestrocmf.com\/portal\/wp-content\/uploads\/2020\/12\/Captura-de-Pantalla-2020-12-27-a-las-13.55.48-110x49.png 110w, https:\/\/webdelmaestrocmf.com\/portal\/wp-content\/uploads\/2020\/12\/Captura-de-Pantalla-2020-12-27-a-las-13.55.48-200x90.png 200w, https:\/\/webdelmaestrocmf.com\/portal\/wp-content\/uploads\/2020\/12\/Captura-de-Pantalla-2020-12-27-a-las-13.55.48-380x171.png 380w, https:\/\/webdelmaestrocmf.com\/portal\/wp-content\/uploads\/2020\/12\/Captura-de-Pantalla-2020-12-27-a-las-13.55.48-255x114.png 255w, https:\/\/webdelmaestrocmf.com\/portal\/wp-content\/uploads\/2020\/12\/Captura-de-Pantalla-2020-12-27-a-las-13.55.48-550x247.png 550w, https:\/\/webdelmaestrocmf.com\/portal\/wp-content\/uploads\/2020\/12\/Captura-de-Pantalla-2020-12-27-a-las-13.55.48-800x359.png 800w, https:\/\/webdelmaestrocmf.com\/portal\/wp-content\/uploads\/2020\/12\/Captura-de-Pantalla-2020-12-27-a-las-13.55.48-1160x521.png 1160w, https:\/\/webdelmaestrocmf.com\/portal\/wp-content\/uploads\/2020\/12\/Captura-de-Pantalla-2020-12-27-a-las-13.55.48-220x99.png 220w, https:\/\/webdelmaestrocmf.com\/portal\/wp-content\/uploads\/2020\/12\/Captura-de-Pantalla-2020-12-27-a-las-13.55.48-400x180.png 400w, https:\/\/webdelmaestrocmf.com\/portal\/wp-content\/uploads\/2020\/12\/Captura-de-Pantalla-2020-12-27-a-las-13.55.48-760x341.png 760w, https:\/\/webdelmaestrocmf.com\/portal\/wp-content\/uploads\/2020\/12\/Captura-de-Pantalla-2020-12-27-a-las-13.55.48-510x229.png 510w, https:\/\/webdelmaestrocmf.com\/portal\/wp-content\/uploads\/2020\/12\/Captura-de-Pantalla-2020-12-27-a-las-13.55.48-600x269.png 600w, https:\/\/webdelmaestrocmf.com\/portal\/wp-content\/uploads\/2020\/12\/Captura-de-Pantalla-2020-12-27-a-las-13.55.48-1100x494.png 1100w, https:\/\/webdelmaestrocmf.com\/portal\/wp-content\/uploads\/2020\/12\/Captura-de-Pantalla-2020-12-27-a-las-13.55.48-1600x718.png 1600w, https:\/\/webdelmaestrocmf.com\/portal\/wp-content\/uploads\/2020\/12\/Captura-de-Pantalla-2020-12-27-a-las-13.55.48-2320x1041.png 2320w\" sizes=\"auto, (max-width: 2388px) 100vw, 2388px\" \/><\/p>\n<p style=\"text-align: justify;\"><strong>Vivir una vida plena, sin dolor ni sufrimiento<\/strong><\/p>\n<p style=\"text-align: justify;\">Para vivir una vida plena, sin dolor ni sufrimiento es necesario detener tu mente revoltosa. A esto llegar\u00e1s si te entrenas. Si no entrenas te puedes enga\u00f1ar. Mientras m\u00e1s entrenas a prestar atenci\u00f3n a los pensamientos y a cuestionarlos, m\u00e1s f\u00e1cil te ser\u00e1 no hacerle caso a la mente y estar siempre presente. Eres presencia, pero si no entrenas seguir\u00e1s incierta en la mente obtusa.<\/p>\n<p style=\"text-align: justify;\">Recuerda que la idea es desechar pensamientos. Llegar\u00e1 el momento en que los pensamientos no vendr\u00e1n y podr\u00e1s estar en el momento presente sin estar distra\u00eddo con lo que tu mente te env\u00eda. Tu presencia y la capacidad de prestar atenci\u00f3n plena, estar\u00e1n siempre en el aqu\u00ed-ahora y, poco a poco, comenzar\u00e1s a ver aspectos de la realidad que antes no ve\u00edas, por estar sumergido en los pensamientos.<\/p>\n<p style=\"text-align: justify;\">Al final, conocer\u00e1s la diferencia entre pensar lo que est\u00e1 sucediendo y contemplar lo que est\u00e1 sucediendo. Si lo observas para saber en qu\u00e9 va a terminar, entonces est\u00e1s pensando, si lo miras para saber por qu\u00e9 sucedi\u00f3, tambi\u00e9n lo est\u00e1s pensando. En cambio, si lo miras, lo observas, lo contemplas, lo vives, lo experimentas y lo vivencias, sin sacar conclusiones, estar\u00e1s entendiendo lo que significa sumergirte en tu consciencia y descubrir c\u00f3mo es que funcionas, para liberarte de la ignorancia nociva de nuestro funcionamiento.<\/p>\n<p style=\"text-align: justify;\">Estando en el presente, a pesar de las circunstancias externas, te dar\u00e1s cuenta que cuando est\u00e1s aqu\u00ed-ahora, en este momento y lugar, todo lo dem\u00e1s fluye suavemente, de manera natural: tranquilo, sosegado, y en paz.<strong>\u00a0<\/strong><\/p>\n<h5 style=\"text-align: justify;\"><strong>Vivir f\u00e1cil<\/strong><\/h5>\n<p style=\"text-align: justify;\">Vivir es muy sencillo. Pensamos que es dif\u00edcil pero no es as\u00ed. Ser feliz es muy f\u00e1cil. Pero nos cuesta mucho trabajo porque los seres humanos complicamos nuestra existencia y lo complejizamos todo. Los \u00e1rboles, los ni\u00f1os y los animales no humanos, viven eternamente felices, no complican nada, nunca tienen ansiedad y no se preocupan ni se deprimen por nada. Para ellos todo est\u00e1 perfectamente bien, nada los angustia. \u00bfSer\u00e1 que los seres humanos, para vivir tranquilos y felices, deber\u00edamos vivir como los \u00e1rboles y los ni\u00f1os?<\/p>\n<p style=\"text-align: justify;\">La felicidad no es otra cosa que la esperanza del sosiego, la autopromesa de la alegr\u00eda, la paz y la tranquilidad.<\/p>\n<p style=\"text-align: justify;\">Somos infelices y sufrimos cuando vivimos en el pasado. La esperanza es la certeza de un presente que vendr\u00e1, lo deseamos con nostalgia, aquella que surge por no ser nuestro presente inmediato, pero finalmente lo esperamos.\u00a0Entonces, si la infelicidad es nostalgia por el pasado, la felicidad por lo menos debe ser cercana a la nostalgia por ese futuro, por nuestra esperanza.<\/p>\n<ul style=\"text-align: justify;\">\n<li>\u00bfC\u00f3mo vivir feliz sea cual sea la situaci\u00f3n o circunstancia?<\/li>\n<li>\u00bfPor qu\u00e9 a veces sufrimos tanto y nos amargamos tanto la vida incluso por banalidades, peque\u00f1eces y asuntos sin importancia ni trascendencia?<\/li>\n<li>\u00bfQu\u00e9 somos los seres humanos y c\u00f3mo vivimos nuestro vivir cotidiano?<\/li>\n<li>\u00bfQu\u00e9 es el vivir pleno y qu\u00e9 relaci\u00f3n tiene con lo que llamamos alegr\u00eda y felicidad?<\/li>\n<li>\u00bfC\u00f3mo vivir en paz, sosiego y tranquilidad?<\/li>\n<\/ul>\n<p style=\"text-align: justify;\">Sigue leyendo y lo comprender\u00e1s&#8230;..<\/p>\n<p style=\"text-align: justify;\">El ser humano es una configuraci\u00f3n de deseos, ilusiones, anhelos, sue\u00f1os, expectativas, prop\u00f3sitos e intenciones. A trav\u00e9s de nuestros seis sentidos (vista, olfato, o\u00eddo, gusto, tacto, mente)\u00a0 nos comunicamos con el mundo que llamamos realidad exterior, la vida. Pero ontol\u00f3gicamente no existe la vida, ni el mundo, ni la realidad, ni nada externo. Todo eso solo existe en nuestra mente, en nuestros pensamientos. En realidad solo existe el vivir, la afluencia de sentires, haceres, creencias, afectos, emociones, sensaciones. Solo existe lo que sentimos, vivenciamos y experimentamos. Solo existe el vivir, fragmentos de conciencia.<\/p>\n<p style=\"text-align: justify;\">A veces sufrimos tanto y nos amargamos tanto la vida incluso por banalidades, peque\u00f1eces y asuntos sin importancia ni trascendencia, porque le damos existencia real externa a lo que pensamos y vivenciamos. Nuestra mente nos arroja pensamientos y vivencias que reificamos y cosificamos como si tuviesen una existencia real independiente de lo que sentimos, creemos y pensamos. Pero nada existe independiente de nuestro sentir y pensar. Nosotros traemos a nuestro mundo el sufrimiento que podr\u00eda ocasionar cualquier situaci\u00f3n dolorosa. Es cierto que el dolor que causa la situaci\u00f3n puede ser real, pero el sufrimiento es opcional.<\/p>\n<p style=\"text-align: justify;\">Y podemos decidir no sufrir por nada. Pero \u00bfC\u00f3mo?<\/p>\n<p style=\"text-align: justify;\">En nuestro vivir cotidiano, a trav\u00e9s de las 6 operaciones neurops\u00edquicas (ver, o\u00edr, oler, gustar, tocar, pensar) configuramos el mundo en que vivimos. Experimentamos un torrente de deseos, anhelos, sue\u00f1os e ilusiones, los cuales crean expectativas que se convierten en mediadoras de nuestro estado de \u00e1nimo. Si se cumplen sentimos bienestar, alegr\u00eda o felicidad. Si no se cumplen sentimos malestar, dolor o sufrimiento.<\/p>\n<p style=\"text-align: justify;\">\u00bfQu\u00e9 hacer entonces?<\/p>\n<p style=\"text-align: justify;\">Aceptar el mundo tal como es, observarlo sin intenciones, sin supuestos, sin aprioris, sin prejuicios, sin prop\u00f3sitos, sin expectativas. \u00bfC\u00f3mo?<\/p>\n<p style=\"text-align: justify;\">Es muy sencillo. Muy f\u00e1cil.<br \/>\nCon la pr\u00e1ctica espiritual.<br \/>\nCon la voluntad ps\u00edquica.<br \/>\nSuspira. Eres un ser maravilloso.<br \/>\nRespira. Est\u00e1s vivo.<br \/>\nInhala. Est\u00e1s aqu\u00ed.<br \/>\nExhala. Est\u00e1s ahora.<br \/>\nY observa tu respiraci\u00f3n. Nada m\u00e1s.<br \/>\n\u00bfNo es hermoso vivir sea cual sea la situaci\u00f3n o circunstancia?<\/p>\n<p style=\"text-align: justify;\">.<\/p>\n<table class=\" alignleft\" border=\"0\" width=\"100%\" cellspacing=\"10\" cellpadding=\"10\">\n<tbody>\n<tr>\n<td style=\"text-align: center;\" width=\"30%\"><strong><img loading=\"lazy\" decoding=\"async\" class=\"size-full wp-image-50550 aligncenter\" src=\"https:\/\/webdelmaestrocmf.com\/portal\/wp-content\/uploads\/2020\/08\/1-copia-68.jpg\" alt=\"\" width=\"200\" height=\"200\" srcset=\"https:\/\/webdelmaestrocmf.com\/portal\/wp-content\/uploads\/2020\/08\/1-copia-68.jpg 200w, https:\/\/webdelmaestrocmf.com\/portal\/wp-content\/uploads\/2020\/08\/1-copia-68-150x150.jpg 150w, https:\/\/webdelmaestrocmf.com\/portal\/wp-content\/uploads\/2020\/08\/1-copia-68-80x80.jpg 80w, https:\/\/webdelmaestrocmf.com\/portal\/wp-content\/uploads\/2020\/08\/1-copia-68-110x110.jpg 110w, https:\/\/webdelmaestrocmf.com\/portal\/wp-content\/uploads\/2020\/08\/1-copia-68-160x160.jpg 160w\" sizes=\"auto, (max-width: 200px) 100vw, 200px\" \/><br \/>\nAutor:<\/strong> Alexander Ortiz Oca\u00f1a, ciudadano cubano-colombiano.<br \/>\nUniversidad del Magdalena Santa Marta, Colombia<br \/>\nDoctor en Ciencias Pedag\u00f3gicas, Universidad Pedag\u00f3gica de Holgu\u00edn, Cuba. Doctor Honoris Causa en Iberoam\u00e9rica, Consejo Iberoamericano en Honor a la Calidad Educativa (CIHCE), Lima. Per\u00fa. Mag\u00edster en Gesti\u00f3n Educativa en Iberoam\u00e9rica, CIHCE, Lima, Per\u00fa. Mag\u00edster en Pedagog\u00eda Profesional, Universidad Pedag\u00f3gica y Tecnol\u00f3gica de la Habana. Licenciado en Educaci\u00f3n.<br \/>\n<strong style=\"font-family: inherit; font-size: inherit; background-color: transparent;\">Correo electr\u00f3nico:<\/strong> <a style=\"font-family: inherit; font-size: inherit; background-color: transparent;\" href=\"mailto:aortiz@unimagdalena.edu.co\">aortiz@unimagdalena.edu.co<\/a><span style=\"font-family: inherit; font-size: inherit; background-color: transparent;\"> \/ <a href=\"mailto:alexanderortiz5000@gmail.com\">alexanderortiz5000@gmail.com<\/a><\/span><\/td>\n<\/tr>\n<\/tbody>\n<\/table>\n<p style=\"text-align: left;\">.<\/p>\n\t\t<div class=\"pk-inline-posts\">\n\t\t\t\n\t\t\t<div class=\"pk-inline-posts-container pk-inline-posts-template-list\"\n\t\t\t\tdata-columns=\"1\">\n\t\t\t\t\t\t<article id=\"post-105999\" class=\"post-105999 post type-post status-publish format-standard has-post-thumbnail category-colaborador category-z-colaboradores-alexander-ortiz tag-alexander-ortiz tag-exhala tag-inhala tag-respira tag-suspira cs-entry cs-video-wrap\">\n\t\t\t<div class=\"pk-post-outer\">\n\n\t\t\t\t\t\t\t\t<div class=\"pk-post-inner\">\n\t\t\t\t\t<div class=\"entry-thumbnail\">\n\t\t\t\t\t\t<div class=\"pk-overlay pk-overlay-ratio pk-ratio-landscape\">\n\t\t\t\t\t\t\t<div class=\"pk-overlay-background\">\n\t\t\t\t\t\t\t\t<a href=\"https:\/\/webdelmaestrocmf.com\/portal\/alexander-ortiz-el-giro-emocional-devolverse-hacia-la-apertura-mental-mediante-la-estrategia-ries-respira-inhala-exhala-y-suspira\/\" class=\"pk-overlay-link\">\n\t\t\t\t\t\t\t\t\t<img loading=\"lazy\" decoding=\"async\" width=\"300\" height=\"225\" src=\"https:\/\/webdelmaestrocmf.com\/portal\/wp-content\/uploads\/2024\/06\/Banner-1-portada-imagen-10-1-2024-06-12T215842.738-300x225.jpg\" class=\"attachment-pk-thumbnail size-pk-thumbnail wp-post-image\" alt=\"\" \/>\t\t\t\t\t\t\t\t<\/a>\n\t\t\t\t\t\t\t<\/div>\n\t\t\t\t\t\t<\/div>\n\t\t\t\t\t<\/div>\n\t\t\t\t<\/div>\n\t\t\t\t\n\t\t\t\t<div class=\"pk-post-inner\">\n\t\t\t\t\t<header>\n\t\t\t\t\t\t<h3 class=\"pk-title\"><a href=\"https:\/\/webdelmaestrocmf.com\/portal\/alexander-ortiz-el-giro-emocional-devolverse-hacia-la-apertura-mental-mediante-la-estrategia-ries-respira-inhala-exhala-y-suspira\/\" rel=\"bookmark\">[Alexander Ortiz] El giro emocional: devolverse hacia la apertura mental, mediante la Estrategia R\u00cdES: Respira, Inhala, Exhala y Suspira.<\/a><\/h3>\t\t\t\t\t<\/header><!-- .entry-header -->\n\t\t\t\t<\/div><!-- .post-inner -->\n\n\t\t\t<\/div><!-- .post-outer -->\n\t\t<\/article>\n\t\t\t\t<\/div>\n\t\t<\/div>\n\t\t\n","protected":false},"excerpt":{"rendered":"Felicidad y sufrimiento Mucha gente me comenta que viven una vida en paz y tranquilidad, pero no son&hellip;","protected":false},"author":1,"featured_media":56425,"comment_status":"open","ping_status":"closed","sticky":false,"template":"","format":"standard","meta":{"csco_display_header_overlay":false,"csco_singular_sidebar":"default","csco_page_header_type":"default","csco_page_load_nextpost":"default","csco_post_video_location":[],"csco_post_video_location_hash":"","csco_post_video_url":"","csco_post_video_bg_start_time":0,"csco_post_video_bg_end_time":0,"csco_post_video_bg_volume":false,"_jetpack_memberships_contains_paid_content":false,"footnotes":""},"categories":[1790,5156],"tags":[5141,1987,3982,4624],"class_list":{"0":"post-56423","1":"post","2":"type-post","3":"status-publish","4":"format-standard","5":"has-post-thumbnail","7":"category-colaborador","8":"category-z-colaboradores-alexander-ortiz","9":"tag-alexander-ortiz","10":"tag-felicidad","11":"tag-plena","12":"tag-utopia","13":"cs-entry","14":"cs-video-wrap"},"yoast_head":"<!-- This site is optimized with the Yoast SEO plugin v27.5 - https:\/\/yoast.com\/product\/yoast-seo-wordpress\/ -->\n<title>[Alexander Ortiz] La felicidad plena: \u00bfuna utop\u00eda? - 2026<\/title>\n<meta name=\"description\" content=\"Mucha gente me comenta que viven una vida en paz y tranquilidad, pero no son felices. En alg\u00fan momento afirm\u00e9 que esto no...\" \/>\n<meta name=\"robots\" content=\"index, follow, max-snippet:-1, max-image-preview:large, max-video-preview:-1\" \/>\n<link rel=\"canonical\" href=\"https:\/\/webdelmaestrocmf.com\/portal\/alexander-ortiz-la-felicidad-plena-una-utopia\/\" \/>\n<meta property=\"og:locale\" content=\"es_ES\" \/>\n<meta property=\"og:type\" content=\"article\" \/>\n<meta property=\"og:title\" content=\"[Alexander Ortiz] La felicidad plena: \u00bfuna utop\u00eda? - 2026\" \/>\n<meta property=\"og:description\" content=\"Mucha gente me comenta que viven una vida en paz y tranquilidad, pero no son felices. En alg\u00fan momento afirm\u00e9 que esto no...\" \/>\n<meta property=\"og:url\" content=\"https:\/\/webdelmaestrocmf.com\/portal\/alexander-ortiz-la-felicidad-plena-una-utopia\/\" \/>\n<meta property=\"og:site_name\" content=\"Web del Maestro CMF\" \/>\n<meta property=\"article:publisher\" content=\"https:\/\/www.facebook.com\/WebdelMaestroCMF\/\" \/>\n<meta property=\"article:author\" content=\"https:\/\/www.facebook.com\/WebdelMaestroCMF\/\" \/>\n<meta property=\"article:published_time\" content=\"2020-12-27T16:59:28+00:00\" \/>\n<meta property=\"article:modified_time\" content=\"2020-12-27T21:02:28+00:00\" \/>\n<meta property=\"og:image\" content=\"https:\/\/i0.wp.com\/webdelmaestrocmf.com\/portal\/wp-content\/uploads\/2020\/12\/1-copia-76.jpg?fit=1100%2C680&ssl=1\" \/>\n\t<meta property=\"og:image:width\" content=\"1100\" \/>\n\t<meta property=\"og:image:height\" content=\"680\" \/>\n\t<meta property=\"og:image:type\" content=\"image\/jpeg\" \/>\n<meta name=\"author\" content=\"Web del Maestro CMF\" \/>\n<meta name=\"twitter:card\" content=\"summary_large_image\" \/>\n<meta name=\"twitter:creator\" content=\"@cmf_w\" \/>\n<meta name=\"twitter:site\" content=\"@cmf_w\" \/>\n<script type=\"application\/ld+json\" class=\"yoast-schema-graph\">{\"@context\":\"https:\\\/\\\/schema.org\",\"@graph\":[{\"@type\":\"ScholarlyArticle\",\"@id\":\"https:\\\/\\\/webdelmaestrocmf.com\\\/portal\\\/alexander-ortiz-la-felicidad-plena-una-utopia\\\/#article\",\"isPartOf\":{\"@id\":\"https:\\\/\\\/webdelmaestrocmf.com\\\/portal\\\/alexander-ortiz-la-felicidad-plena-una-utopia\\\/\"},\"author\":{\"name\":\"Web del Maestro CMF\",\"@id\":\"https:\\\/\\\/webdelmaestrocmf.com\\\/portal\\\/#\\\/schema\\\/person\\\/1072a2ed7bd960df8ef99a551fa35dc5\"},\"headline\":\"[Alexander Ortiz] La felicidad plena: \u00bfuna utop\u00eda?\",\"datePublished\":\"2020-12-27T16:59:28+00:00\",\"dateModified\":\"2020-12-27T21:02:28+00:00\",\"mainEntityOfPage\":{\"@id\":\"https:\\\/\\\/webdelmaestrocmf.com\\\/portal\\\/alexander-ortiz-la-felicidad-plena-una-utopia\\\/\"},\"wordCount\":1568,\"commentCount\":1,\"publisher\":{\"@id\":\"https:\\\/\\\/webdelmaestrocmf.com\\\/portal\\\/#organization\"},\"image\":{\"@id\":\"https:\\\/\\\/webdelmaestrocmf.com\\\/portal\\\/alexander-ortiz-la-felicidad-plena-una-utopia\\\/#primaryimage\"},\"thumbnailUrl\":\"https:\\\/\\\/webdelmaestrocmf.com\\\/portal\\\/wp-content\\\/uploads\\\/2020\\\/12\\\/1-copia-76.jpg\",\"keywords\":[\"Alexander Ortiz\",\"FELICIDAD\",\"PLENA\",\"utop\u00eda\"],\"articleSection\":[\"Z-Colaboradores\",\"Z-Colaboradores-Alexander-Ortiz\"],\"inLanguage\":\"es\",\"potentialAction\":[{\"@type\":\"CommentAction\",\"name\":\"Comment\",\"target\":[\"https:\\\/\\\/webdelmaestrocmf.com\\\/portal\\\/alexander-ortiz-la-felicidad-plena-una-utopia\\\/#respond\"]}]},{\"@type\":\"WebPage\",\"@id\":\"https:\\\/\\\/webdelmaestrocmf.com\\\/portal\\\/alexander-ortiz-la-felicidad-plena-una-utopia\\\/\",\"url\":\"https:\\\/\\\/webdelmaestrocmf.com\\\/portal\\\/alexander-ortiz-la-felicidad-plena-una-utopia\\\/\",\"name\":\"[Alexander Ortiz] La felicidad plena: \u00bfuna utop\u00eda? - 2026\",\"isPartOf\":{\"@id\":\"https:\\\/\\\/webdelmaestrocmf.com\\\/portal\\\/#website\"},\"primaryImageOfPage\":{\"@id\":\"https:\\\/\\\/webdelmaestrocmf.com\\\/portal\\\/alexander-ortiz-la-felicidad-plena-una-utopia\\\/#primaryimage\"},\"image\":{\"@id\":\"https:\\\/\\\/webdelmaestrocmf.com\\\/portal\\\/alexander-ortiz-la-felicidad-plena-una-utopia\\\/#primaryimage\"},\"thumbnailUrl\":\"https:\\\/\\\/webdelmaestrocmf.com\\\/portal\\\/wp-content\\\/uploads\\\/2020\\\/12\\\/1-copia-76.jpg\",\"datePublished\":\"2020-12-27T16:59:28+00:00\",\"dateModified\":\"2020-12-27T21:02:28+00:00\",\"description\":\"Mucha gente me comenta que viven una vida en paz y tranquilidad, pero no son felices. En alg\u00fan momento afirm\u00e9 que esto no...\",\"breadcrumb\":{\"@id\":\"https:\\\/\\\/webdelmaestrocmf.com\\\/portal\\\/alexander-ortiz-la-felicidad-plena-una-utopia\\\/#breadcrumb\"},\"inLanguage\":\"es\",\"potentialAction\":[{\"@type\":\"ReadAction\",\"target\":[\"https:\\\/\\\/webdelmaestrocmf.com\\\/portal\\\/alexander-ortiz-la-felicidad-plena-una-utopia\\\/\"]}]},{\"@type\":\"ImageObject\",\"inLanguage\":\"es\",\"@id\":\"https:\\\/\\\/webdelmaestrocmf.com\\\/portal\\\/alexander-ortiz-la-felicidad-plena-una-utopia\\\/#primaryimage\",\"url\":\"https:\\\/\\\/webdelmaestrocmf.com\\\/portal\\\/wp-content\\\/uploads\\\/2020\\\/12\\\/1-copia-76.jpg\",\"contentUrl\":\"https:\\\/\\\/webdelmaestrocmf.com\\\/portal\\\/wp-content\\\/uploads\\\/2020\\\/12\\\/1-copia-76.jpg\",\"width\":1100,\"height\":680},{\"@type\":\"BreadcrumbList\",\"@id\":\"https:\\\/\\\/webdelmaestrocmf.com\\\/portal\\\/alexander-ortiz-la-felicidad-plena-una-utopia\\\/#breadcrumb\",\"itemListElement\":[{\"@type\":\"ListItem\",\"position\":1,\"name\":\"Portada\",\"item\":\"https:\\\/\\\/webdelmaestrocmf.com\\\/portal\\\/\"},{\"@type\":\"ListItem\",\"position\":2,\"name\":\"Z-Colaboradores\",\"item\":\"https:\\\/\\\/webdelmaestrocmf.com\\\/portal\\\/category\\\/colaborador\\\/\"},{\"@type\":\"ListItem\",\"position\":3,\"name\":\"[Alexander Ortiz] La felicidad plena: \u00bfuna utop\u00eda?\"}]},{\"@type\":\"WebSite\",\"@id\":\"https:\\\/\\\/webdelmaestrocmf.com\\\/portal\\\/#website\",\"url\":\"https:\\\/\\\/webdelmaestrocmf.com\\\/portal\\\/\",\"name\":\"Web del Maestro CMF\",\"description\":\"Maestros al servicio de la educaci\u00f3n\",\"publisher\":{\"@id\":\"https:\\\/\\\/webdelmaestrocmf.com\\\/portal\\\/#organization\"},\"alternateName\":\"WMCMF\",\"potentialAction\":[{\"@type\":\"SearchAction\",\"target\":{\"@type\":\"EntryPoint\",\"urlTemplate\":\"https:\\\/\\\/webdelmaestrocmf.com\\\/portal\\\/?s={search_term_string}\"},\"query-input\":{\"@type\":\"PropertyValueSpecification\",\"valueRequired\":true,\"valueName\":\"search_term_string\"}}],\"inLanguage\":\"es\"},{\"@type\":\"Organization\",\"@id\":\"https:\\\/\\\/webdelmaestrocmf.com\\\/portal\\\/#organization\",\"name\":\"Web del Maestro CMF\",\"alternateName\":\"WMCMF\",\"url\":\"https:\\\/\\\/webdelmaestrocmf.com\\\/portal\\\/\",\"logo\":{\"@type\":\"ImageObject\",\"inLanguage\":\"es\",\"@id\":\"https:\\\/\\\/webdelmaestrocmf.com\\\/portal\\\/#\\\/schema\\\/logo\\\/image\\\/\",\"url\":\"https:\\\/\\\/webdelmaestrocmf.com\\\/portal\\\/wp-content\\\/uploads\\\/2023\\\/01\\\/logo-wmcmf-2.png\",\"contentUrl\":\"https:\\\/\\\/webdelmaestrocmf.com\\\/portal\\\/wp-content\\\/uploads\\\/2023\\\/01\\\/logo-wmcmf-2.png\",\"width\":200,\"height\":60,\"caption\":\"Web del Maestro CMF\"},\"image\":{\"@id\":\"https:\\\/\\\/webdelmaestrocmf.com\\\/portal\\\/#\\\/schema\\\/logo\\\/image\\\/\"},\"sameAs\":[\"https:\\\/\\\/www.facebook.com\\\/WebdelMaestroCMF\\\/\",\"https:\\\/\\\/x.com\\\/cmf_w\",\"https:\\\/\\\/www.pinterest.com\\\/WMCMF\\\/\",\"https:\\\/\\\/www.linkedin.com\\\/company\\\/web-del-maestro-cmf\\\/\",\"https:\\\/\\\/www.instagram.com\\\/wmcmf\\\/\",\"https:\\\/\\\/www.youtube.com\\\/channel\\\/UCDPSvjbdodE5sHnC3OxutHw\",\"https:\\\/\\\/mastodon.social\\\/@wmcmf\",\"https:\\\/\\\/www.tiktok.com\\\/@webdelmaestrocmf\"]},{\"@type\":\"Person\",\"@id\":\"https:\\\/\\\/webdelmaestrocmf.com\\\/portal\\\/#\\\/schema\\\/person\\\/1072a2ed7bd960df8ef99a551fa35dc5\",\"name\":\"Web del Maestro CMF\",\"image\":{\"@type\":\"ImageObject\",\"inLanguage\":\"es\",\"@id\":\"https:\\\/\\\/secure.gravatar.com\\\/avatar\\\/23291dd5b5ae1077dcff3dbb04c3e02bd28403fa75af6d8787d5e97c5bbbe30b?s=96&d=mm&r=g\",\"url\":\"https:\\\/\\\/secure.gravatar.com\\\/avatar\\\/23291dd5b5ae1077dcff3dbb04c3e02bd28403fa75af6d8787d5e97c5bbbe30b?s=96&d=mm&r=g\",\"contentUrl\":\"https:\\\/\\\/secure.gravatar.com\\\/avatar\\\/23291dd5b5ae1077dcff3dbb04c3e02bd28403fa75af6d8787d5e97c5bbbe30b?s=96&d=mm&r=g\",\"caption\":\"Web del Maestro CMF\"},\"description\":\"Esta Web se cre\u00f3 sin fines de lucro, con fines educativos, cient\u00edficos y acad\u00e9micos, para personas que tengan dificultades y\\\/o inconvenientes en visualizar el material original. El objetivo es entregar recursos, compartir experiencias y materiales que ayuden a los padres de familia, maestros y estudiantes en su actualizaci\u00f3n y formaci\u00f3n permanente, en bien de la Educaci\u00f3n.\",\"sameAs\":[\"http:\\\/\\\/webdelmaestrocmf.com\\\/portal\",\"https:\\\/\\\/www.facebook.com\\\/WebdelMaestroCMF\\\/\",\"https:\\\/\\\/www.instagram.com\\\/wmcmf\\\/\",\"https:\\\/\\\/cl.linkedin.com\\\/company\\\/web-del-maestro-cmf\",\"https:\\\/\\\/www.pinterest.com\\\/WMCMF\\\/publicaciones\\\/\",\"https:\\\/\\\/x.com\\\/cmf_w\",\"https:\\\/\\\/www.youtube.com\\\/@WMCMF\"]}]}<\/script>\n<!-- \/ Yoast SEO plugin. -->","yoast_head_json":{"title":"[Alexander Ortiz] La felicidad plena: \u00bfuna utop\u00eda? - 2026","description":"Mucha gente me comenta que viven una vida en paz y tranquilidad, pero no son felices. En alg\u00fan momento afirm\u00e9 que esto no...","robots":{"index":"index","follow":"follow","max-snippet":"max-snippet:-1","max-image-preview":"max-image-preview:large","max-video-preview":"max-video-preview:-1"},"canonical":"https:\/\/webdelmaestrocmf.com\/portal\/alexander-ortiz-la-felicidad-plena-una-utopia\/","og_locale":"es_ES","og_type":"article","og_title":"[Alexander Ortiz] La felicidad plena: \u00bfuna utop\u00eda? - 2026","og_description":"Mucha gente me comenta que viven una vida en paz y tranquilidad, pero no son felices. En alg\u00fan momento afirm\u00e9 que esto no...","og_url":"https:\/\/webdelmaestrocmf.com\/portal\/alexander-ortiz-la-felicidad-plena-una-utopia\/","og_site_name":"Web del Maestro CMF","article_publisher":"https:\/\/www.facebook.com\/WebdelMaestroCMF\/","article_author":"https:\/\/www.facebook.com\/WebdelMaestroCMF\/","article_published_time":"2020-12-27T16:59:28+00:00","article_modified_time":"2020-12-27T21:02:28+00:00","og_image":[{"width":1100,"height":680,"url":"https:\/\/i0.wp.com\/webdelmaestrocmf.com\/portal\/wp-content\/uploads\/2020\/12\/1-copia-76.jpg?fit=1100%2C680&ssl=1","type":"image\/jpeg"}],"author":"Web del Maestro CMF","twitter_card":"summary_large_image","twitter_creator":"@cmf_w","twitter_site":"@cmf_w","schema":{"@context":"https:\/\/schema.org","@graph":[{"@type":"ScholarlyArticle","@id":"https:\/\/webdelmaestrocmf.com\/portal\/alexander-ortiz-la-felicidad-plena-una-utopia\/#article","isPartOf":{"@id":"https:\/\/webdelmaestrocmf.com\/portal\/alexander-ortiz-la-felicidad-plena-una-utopia\/"},"author":{"name":"Web del Maestro CMF","@id":"https:\/\/webdelmaestrocmf.com\/portal\/#\/schema\/person\/1072a2ed7bd960df8ef99a551fa35dc5"},"headline":"[Alexander Ortiz] La felicidad plena: \u00bfuna utop\u00eda?","datePublished":"2020-12-27T16:59:28+00:00","dateModified":"2020-12-27T21:02:28+00:00","mainEntityOfPage":{"@id":"https:\/\/webdelmaestrocmf.com\/portal\/alexander-ortiz-la-felicidad-plena-una-utopia\/"},"wordCount":1568,"commentCount":1,"publisher":{"@id":"https:\/\/webdelmaestrocmf.com\/portal\/#organization"},"image":{"@id":"https:\/\/webdelmaestrocmf.com\/portal\/alexander-ortiz-la-felicidad-plena-una-utopia\/#primaryimage"},"thumbnailUrl":"https:\/\/webdelmaestrocmf.com\/portal\/wp-content\/uploads\/2020\/12\/1-copia-76.jpg","keywords":["Alexander Ortiz","FELICIDAD","PLENA","utop\u00eda"],"articleSection":["Z-Colaboradores","Z-Colaboradores-Alexander-Ortiz"],"inLanguage":"es","potentialAction":[{"@type":"CommentAction","name":"Comment","target":["https:\/\/webdelmaestrocmf.com\/portal\/alexander-ortiz-la-felicidad-plena-una-utopia\/#respond"]}]},{"@type":"WebPage","@id":"https:\/\/webdelmaestrocmf.com\/portal\/alexander-ortiz-la-felicidad-plena-una-utopia\/","url":"https:\/\/webdelmaestrocmf.com\/portal\/alexander-ortiz-la-felicidad-plena-una-utopia\/","name":"[Alexander Ortiz] La felicidad plena: \u00bfuna utop\u00eda? - 2026","isPartOf":{"@id":"https:\/\/webdelmaestrocmf.com\/portal\/#website"},"primaryImageOfPage":{"@id":"https:\/\/webdelmaestrocmf.com\/portal\/alexander-ortiz-la-felicidad-plena-una-utopia\/#primaryimage"},"image":{"@id":"https:\/\/webdelmaestrocmf.com\/portal\/alexander-ortiz-la-felicidad-plena-una-utopia\/#primaryimage"},"thumbnailUrl":"https:\/\/webdelmaestrocmf.com\/portal\/wp-content\/uploads\/2020\/12\/1-copia-76.jpg","datePublished":"2020-12-27T16:59:28+00:00","dateModified":"2020-12-27T21:02:28+00:00","description":"Mucha gente me comenta que viven una vida en paz y tranquilidad, pero no son felices. En alg\u00fan momento afirm\u00e9 que esto no...","breadcrumb":{"@id":"https:\/\/webdelmaestrocmf.com\/portal\/alexander-ortiz-la-felicidad-plena-una-utopia\/#breadcrumb"},"inLanguage":"es","potentialAction":[{"@type":"ReadAction","target":["https:\/\/webdelmaestrocmf.com\/portal\/alexander-ortiz-la-felicidad-plena-una-utopia\/"]}]},{"@type":"ImageObject","inLanguage":"es","@id":"https:\/\/webdelmaestrocmf.com\/portal\/alexander-ortiz-la-felicidad-plena-una-utopia\/#primaryimage","url":"https:\/\/webdelmaestrocmf.com\/portal\/wp-content\/uploads\/2020\/12\/1-copia-76.jpg","contentUrl":"https:\/\/webdelmaestrocmf.com\/portal\/wp-content\/uploads\/2020\/12\/1-copia-76.jpg","width":1100,"height":680},{"@type":"BreadcrumbList","@id":"https:\/\/webdelmaestrocmf.com\/portal\/alexander-ortiz-la-felicidad-plena-una-utopia\/#breadcrumb","itemListElement":[{"@type":"ListItem","position":1,"name":"Portada","item":"https:\/\/webdelmaestrocmf.com\/portal\/"},{"@type":"ListItem","position":2,"name":"Z-Colaboradores","item":"https:\/\/webdelmaestrocmf.com\/portal\/category\/colaborador\/"},{"@type":"ListItem","position":3,"name":"[Alexander Ortiz] La felicidad plena: \u00bfuna utop\u00eda?"}]},{"@type":"WebSite","@id":"https:\/\/webdelmaestrocmf.com\/portal\/#website","url":"https:\/\/webdelmaestrocmf.com\/portal\/","name":"Web del Maestro CMF","description":"Maestros al servicio de la educaci\u00f3n","publisher":{"@id":"https:\/\/webdelmaestrocmf.com\/portal\/#organization"},"alternateName":"WMCMF","potentialAction":[{"@type":"SearchAction","target":{"@type":"EntryPoint","urlTemplate":"https:\/\/webdelmaestrocmf.com\/portal\/?s={search_term_string}"},"query-input":{"@type":"PropertyValueSpecification","valueRequired":true,"valueName":"search_term_string"}}],"inLanguage":"es"},{"@type":"Organization","@id":"https:\/\/webdelmaestrocmf.com\/portal\/#organization","name":"Web del Maestro CMF","alternateName":"WMCMF","url":"https:\/\/webdelmaestrocmf.com\/portal\/","logo":{"@type":"ImageObject","inLanguage":"es","@id":"https:\/\/webdelmaestrocmf.com\/portal\/#\/schema\/logo\/image\/","url":"https:\/\/webdelmaestrocmf.com\/portal\/wp-content\/uploads\/2023\/01\/logo-wmcmf-2.png","contentUrl":"https:\/\/webdelmaestrocmf.com\/portal\/wp-content\/uploads\/2023\/01\/logo-wmcmf-2.png","width":200,"height":60,"caption":"Web del Maestro CMF"},"image":{"@id":"https:\/\/webdelmaestrocmf.com\/portal\/#\/schema\/logo\/image\/"},"sameAs":["https:\/\/www.facebook.com\/WebdelMaestroCMF\/","https:\/\/x.com\/cmf_w","https:\/\/www.pinterest.com\/WMCMF\/","https:\/\/www.linkedin.com\/company\/web-del-maestro-cmf\/","https:\/\/www.instagram.com\/wmcmf\/","https:\/\/www.youtube.com\/channel\/UCDPSvjbdodE5sHnC3OxutHw","https:\/\/mastodon.social\/@wmcmf","https:\/\/www.tiktok.com\/@webdelmaestrocmf"]},{"@type":"Person","@id":"https:\/\/webdelmaestrocmf.com\/portal\/#\/schema\/person\/1072a2ed7bd960df8ef99a551fa35dc5","name":"Web del Maestro CMF","image":{"@type":"ImageObject","inLanguage":"es","@id":"https:\/\/secure.gravatar.com\/avatar\/23291dd5b5ae1077dcff3dbb04c3e02bd28403fa75af6d8787d5e97c5bbbe30b?s=96&d=mm&r=g","url":"https:\/\/secure.gravatar.com\/avatar\/23291dd5b5ae1077dcff3dbb04c3e02bd28403fa75af6d8787d5e97c5bbbe30b?s=96&d=mm&r=g","contentUrl":"https:\/\/secure.gravatar.com\/avatar\/23291dd5b5ae1077dcff3dbb04c3e02bd28403fa75af6d8787d5e97c5bbbe30b?s=96&d=mm&r=g","caption":"Web del Maestro CMF"},"description":"Esta Web se cre\u00f3 sin fines de lucro, con fines educativos, cient\u00edficos y acad\u00e9micos, para personas que tengan dificultades y\/o inconvenientes en visualizar el material original. El objetivo es entregar recursos, compartir experiencias y materiales que ayuden a los padres de familia, maestros y estudiantes en su actualizaci\u00f3n y formaci\u00f3n permanente, en bien de la Educaci\u00f3n.","sameAs":["http:\/\/webdelmaestrocmf.com\/portal","https:\/\/www.facebook.com\/WebdelMaestroCMF\/","https:\/\/www.instagram.com\/wmcmf\/","https:\/\/cl.linkedin.com\/company\/web-del-maestro-cmf","https:\/\/www.pinterest.com\/WMCMF\/publicaciones\/","https:\/\/x.com\/cmf_w","https:\/\/www.youtube.com\/@WMCMF"]}]}},"jetpack_featured_media_url":"https:\/\/webdelmaestrocmf.com\/portal\/wp-content\/uploads\/2020\/12\/1-copia-76.jpg","jetpack_sharing_enabled":true,"jetpack-related-posts":[{"id":56287,"url":"https:\/\/webdelmaestrocmf.com\/portal\/alexander-ortiz-por-que-sufrimos-los-seres-humanos-la-conciencia-del-pasado-el-presente-y-el-futuro\/","url_meta":{"origin":56423,"position":0},"title":"[Alexander Ortiz] \u00bfPor qu\u00e9 sufrimos los seres humanos? La conciencia del pasado, el presente y el futuro","author":"Web del Maestro CMF","date":"24 diciembre, 2020","format":false,"excerpt":"Pasado, presente y futuro: la falacia Solo existe el presente, que es lo \u00fanico que m\u00e1s o menos podemos controlar o, m\u00e1s bien, redireccionar. El pasado y el futuro no existen. El pasado es un presente que ya no es; ya expir\u00f3, muri\u00f3, no vuelve m\u00e1s, no existe. Por eso\u2026","rel":"","context":"En \u00abZ-Colaboradores\u00bb","block_context":{"text":"Z-Colaboradores","link":"https:\/\/webdelmaestrocmf.com\/portal\/category\/colaborador\/"},"img":{"alt_text":"","src":"https:\/\/i0.wp.com\/webdelmaestrocmf.com\/portal\/wp-content\/uploads\/2020\/12\/3-7.jpg?resize=350%2C200&ssl=1","width":350,"height":200,"srcset":"https:\/\/i0.wp.com\/webdelmaestrocmf.com\/portal\/wp-content\/uploads\/2020\/12\/3-7.jpg?resize=350%2C200&ssl=1 1x, https:\/\/i0.wp.com\/webdelmaestrocmf.com\/portal\/wp-content\/uploads\/2020\/12\/3-7.jpg?resize=525%2C300&ssl=1 1.5x, https:\/\/i0.wp.com\/webdelmaestrocmf.com\/portal\/wp-content\/uploads\/2020\/12\/3-7.jpg?resize=700%2C400&ssl=1 2x, https:\/\/i0.wp.com\/webdelmaestrocmf.com\/portal\/wp-content\/uploads\/2020\/12\/3-7.jpg?resize=1050%2C600&ssl=1 3x"},"classes":[]},{"id":53779,"url":"https:\/\/webdelmaestrocmf.com\/portal\/alexander-ortiz-el-ego-ese-amigo-enemigo-fiel\/","url_meta":{"origin":56423,"position":1},"title":"[Alexander Ortiz] El ego: ese amigo\/enemigo fiel","author":"Web del Maestro CMF","date":"1 noviembre, 2020","format":false,"excerpt":"El orgullo evoca el temor a haberse equivocado. Admitir que nos equivocamos y cometimos un error en la decisi\u00f3n que tomamos, nos hace sentir mal con nosotros mismos, nos causa mucho dolor y sufrimiento. Y por eso creemos y deseamos que la decisi\u00f3n tomada sea irreversible, porque tenemos miedo reconocer\u2026","rel":"","context":"En \u00abZ-Colaboradores\u00bb","block_context":{"text":"Z-Colaboradores","link":"https:\/\/webdelmaestrocmf.com\/portal\/category\/colaborador\/"},"img":{"alt_text":"","src":"https:\/\/i0.wp.com\/webdelmaestrocmf.com\/portal\/wp-content\/uploads\/2020\/11\/1-copia.jpg?resize=350%2C200&ssl=1","width":350,"height":200,"srcset":"https:\/\/i0.wp.com\/webdelmaestrocmf.com\/portal\/wp-content\/uploads\/2020\/11\/1-copia.jpg?resize=350%2C200&ssl=1 1x, https:\/\/i0.wp.com\/webdelmaestrocmf.com\/portal\/wp-content\/uploads\/2020\/11\/1-copia.jpg?resize=525%2C300&ssl=1 1.5x, https:\/\/i0.wp.com\/webdelmaestrocmf.com\/portal\/wp-content\/uploads\/2020\/11\/1-copia.jpg?resize=700%2C400&ssl=1 2x, https:\/\/i0.wp.com\/webdelmaestrocmf.com\/portal\/wp-content\/uploads\/2020\/11\/1-copia.jpg?resize=1050%2C600&ssl=1 3x"},"classes":[]},{"id":61398,"url":"https:\/\/webdelmaestrocmf.com\/portal\/alexander-ortiz-conciencia-y-presencia-dos-aliadas-del-bienestar-humano\/","url_meta":{"origin":56423,"position":2},"title":"[Alexander Ortiz] Conciencia y presencia: dos aliadas del bienestar humano","author":"Web del Maestro CMF","date":"5 abril, 2021","format":false,"excerpt":"Cuerpo del ego \u00a1No hay nada m\u00e1s nocivo para el bienestar humano que el cuerpo del ego, las m\u00e1scaras del ego: soberbia, arrogancia, altaner\u00eda, ira, orgullo, vanidad. El insulto y la burla atacan la autoestima, la identidad y el valor de la persona agredida. El insulto y la burla no\u2026","rel":"","context":"En \u00abZ-Colaboradores\u00bb","block_context":{"text":"Z-Colaboradores","link":"https:\/\/webdelmaestrocmf.com\/portal\/category\/colaborador\/"},"img":{"alt_text":"","src":"https:\/\/i0.wp.com\/webdelmaestrocmf.com\/portal\/wp-content\/uploads\/2021\/04\/1-13.jpeg?resize=350%2C200&ssl=1","width":350,"height":200,"srcset":"https:\/\/i0.wp.com\/webdelmaestrocmf.com\/portal\/wp-content\/uploads\/2021\/04\/1-13.jpeg?resize=350%2C200&ssl=1 1x, https:\/\/i0.wp.com\/webdelmaestrocmf.com\/portal\/wp-content\/uploads\/2021\/04\/1-13.jpeg?resize=525%2C300&ssl=1 1.5x, https:\/\/i0.wp.com\/webdelmaestrocmf.com\/portal\/wp-content\/uploads\/2021\/04\/1-13.jpeg?resize=700%2C400&ssl=1 2x, https:\/\/i0.wp.com\/webdelmaestrocmf.com\/portal\/wp-content\/uploads\/2021\/04\/1-13.jpeg?resize=1050%2C600&ssl=1 3x"},"classes":[]},{"id":59214,"url":"https:\/\/webdelmaestrocmf.com\/portal\/alexander-ortiz-la-felicidad-se-alcanza-o-se-descubre\/","url_meta":{"origin":56423,"position":3},"title":"[Alexander Ortiz] \u00bfLa felicidad se alcanza o se descubre?","author":"Web del Maestro CMF","date":"11 febrero, 2021","format":false,"excerpt":"En todas las \u00e9pocas, en todos los pa\u00edses, y en todas las culturas ha sido persistente el deseo del ser humano por lograr la felicidad. Todos anhelamos la felicidad y la buscamos de muchas maneras. Buscamos la felicidad en los objetos externos, en medios tangibles, en los patrimonios, y mientras\u2026","rel":"","context":"En \u00abZ-Colaboradores\u00bb","block_context":{"text":"Z-Colaboradores","link":"https:\/\/webdelmaestrocmf.com\/portal\/category\/colaborador\/"},"img":{"alt_text":"","src":"https:\/\/i0.wp.com\/webdelmaestrocmf.com\/portal\/wp-content\/uploads\/2021\/02\/1-copia-37.jpg?resize=350%2C200&ssl=1","width":350,"height":200,"srcset":"https:\/\/i0.wp.com\/webdelmaestrocmf.com\/portal\/wp-content\/uploads\/2021\/02\/1-copia-37.jpg?resize=350%2C200&ssl=1 1x, https:\/\/i0.wp.com\/webdelmaestrocmf.com\/portal\/wp-content\/uploads\/2021\/02\/1-copia-37.jpg?resize=525%2C300&ssl=1 1.5x, https:\/\/i0.wp.com\/webdelmaestrocmf.com\/portal\/wp-content\/uploads\/2021\/02\/1-copia-37.jpg?resize=700%2C400&ssl=1 2x, https:\/\/i0.wp.com\/webdelmaestrocmf.com\/portal\/wp-content\/uploads\/2021\/02\/1-copia-37.jpg?resize=1050%2C600&ssl=1 3x"},"classes":[]},{"id":53053,"url":"https:\/\/webdelmaestrocmf.com\/portal\/alexander-ortiz-pensar-es-sufrir-los-enigmas-de-la-mente-humana\/","url_meta":{"origin":56423,"position":4},"title":"[Alexander Ortiz] Pensar es sufrir: los enigmas de la mente humana","author":"Web del Maestro CMF","date":"19 octubre, 2020","format":false,"excerpt":"Sobre los juicios: Experimentamos la vida como un constante resultado que debemos calificar, pues la idea es terminar lo que comenzamos. Los juicios siempre est\u00e1n supeditados a un resultado. Pero lo importante no es el resultado, sino el trayecto. De ah\u00ed que, un trayecto libre de juicios te muestra constantemente\u2026","rel":"","context":"En \u00abZ-Colaboradores\u00bb","block_context":{"text":"Z-Colaboradores","link":"https:\/\/webdelmaestrocmf.com\/portal\/category\/colaborador\/"},"img":{"alt_text":"","src":"https:\/\/i0.wp.com\/webdelmaestrocmf.com\/portal\/wp-content\/uploads\/2020\/10\/1-copia-54.jpg?resize=350%2C200&ssl=1","width":350,"height":200,"srcset":"https:\/\/i0.wp.com\/webdelmaestrocmf.com\/portal\/wp-content\/uploads\/2020\/10\/1-copia-54.jpg?resize=350%2C200&ssl=1 1x, https:\/\/i0.wp.com\/webdelmaestrocmf.com\/portal\/wp-content\/uploads\/2020\/10\/1-copia-54.jpg?resize=525%2C300&ssl=1 1.5x, https:\/\/i0.wp.com\/webdelmaestrocmf.com\/portal\/wp-content\/uploads\/2020\/10\/1-copia-54.jpg?resize=700%2C400&ssl=1 2x, https:\/\/i0.wp.com\/webdelmaestrocmf.com\/portal\/wp-content\/uploads\/2020\/10\/1-copia-54.jpg?resize=1050%2C600&ssl=1 3x"},"classes":[]},{"id":62014,"url":"https:\/\/webdelmaestrocmf.com\/portal\/alexander-ortiz-quieres-vivir-mejor-comprende-la-vida\/","url_meta":{"origin":56423,"position":5},"title":"[Alexander Ortiz] \u00bfQuieres vivir mejor?: comprende la vida","author":"Web del Maestro CMF","date":"21 abril, 2021","format":false,"excerpt":"\u00bfQu\u00e9 es la vida? La vida est\u00e1 configurada solo por instantes, r\u00e1fagas de luz, a veces grises o de colores, una policrom\u00eda de experiencias valiosas, llenas de\u00a0 tristezas, alegr\u00edas, vivencias y aprendizajes, pero tanto las unas como las otras nos dejan profundas lecciones y nos eternizan. Vivir es lo \u00fanico\u2026","rel":"","context":"En \u00abZ-Colaboradores\u00bb","block_context":{"text":"Z-Colaboradores","link":"https:\/\/webdelmaestrocmf.com\/portal\/category\/colaborador\/"},"img":{"alt_text":"","src":"https:\/\/i0.wp.com\/webdelmaestrocmf.com\/portal\/wp-content\/uploads\/2021\/04\/1-copia-13.jpg?resize=350%2C200&ssl=1","width":350,"height":200,"srcset":"https:\/\/i0.wp.com\/webdelmaestrocmf.com\/portal\/wp-content\/uploads\/2021\/04\/1-copia-13.jpg?resize=350%2C200&ssl=1 1x, https:\/\/i0.wp.com\/webdelmaestrocmf.com\/portal\/wp-content\/uploads\/2021\/04\/1-copia-13.jpg?resize=525%2C300&ssl=1 1.5x, https:\/\/i0.wp.com\/webdelmaestrocmf.com\/portal\/wp-content\/uploads\/2021\/04\/1-copia-13.jpg?resize=700%2C400&ssl=1 2x, https:\/\/i0.wp.com\/webdelmaestrocmf.com\/portal\/wp-content\/uploads\/2021\/04\/1-copia-13.jpg?resize=1050%2C600&ssl=1 3x"},"classes":[]}],"_links":{"self":[{"href":"https:\/\/webdelmaestrocmf.com\/portal\/wp-json\/wp\/v2\/posts\/56423","targetHints":{"allow":["GET"]}}],"collection":[{"href":"https:\/\/webdelmaestrocmf.com\/portal\/wp-json\/wp\/v2\/posts"}],"about":[{"href":"https:\/\/webdelmaestrocmf.com\/portal\/wp-json\/wp\/v2\/types\/post"}],"author":[{"embeddable":true,"href":"https:\/\/webdelmaestrocmf.com\/portal\/wp-json\/wp\/v2\/users\/1"}],"replies":[{"embeddable":true,"href":"https:\/\/webdelmaestrocmf.com\/portal\/wp-json\/wp\/v2\/comments?post=56423"}],"version-history":[{"count":0,"href":"https:\/\/webdelmaestrocmf.com\/portal\/wp-json\/wp\/v2\/posts\/56423\/revisions"}],"wp:featuredmedia":[{"embeddable":true,"href":"https:\/\/webdelmaestrocmf.com\/portal\/wp-json\/wp\/v2\/media\/56425"}],"wp:attachment":[{"href":"https:\/\/webdelmaestrocmf.com\/portal\/wp-json\/wp\/v2\/media?parent=56423"}],"wp:term":[{"taxonomy":"category","embeddable":true,"href":"https:\/\/webdelmaestrocmf.com\/portal\/wp-json\/wp\/v2\/categories?post=56423"},{"taxonomy":"post_tag","embeddable":true,"href":"https:\/\/webdelmaestrocmf.com\/portal\/wp-json\/wp\/v2\/tags?post=56423"}],"curies":[{"name":"wp","href":"https:\/\/api.w.org\/{rel}","templated":true}]}}