{"id":56419,"date":"2020-12-27T13:39:34","date_gmt":"2020-12-27T16:39:34","guid":{"rendered":"https:\/\/webdelmaestrocmf.com\/portal\/?p=56419"},"modified":"2020-12-27T18:07:17","modified_gmt":"2020-12-27T21:07:17","slug":"william-jimenez-la-salud-mental-de-los-docentes-en-la-sociedad-del-rendimiento-parte-i","status":"publish","type":"post","link":"https:\/\/webdelmaestrocmf.com\/portal\/william-jimenez-la-salud-mental-de-los-docentes-en-la-sociedad-del-rendimiento-parte-i\/","title":{"rendered":"[William Jim\u00e9nez] La salud mental de los docentes en la sociedad del rendimiento (Parte I)"},"content":{"rendered":"<h5 style=\"text-align: justify;\">Seg\u00fan la OMS, \u00abla depresi\u00f3n es un trastorno mental frecuente, que se caracteriza por la presencia de tristeza, p\u00e9rdida de inter\u00e9s o placer, sentimientos de culpa o falta de autoestima, trastornos del sue\u00f1o o del apetito, sensaci\u00f3n de cansancio y falta de concentraci\u00f3n\u00bb.<\/h5>\n<p><!--more--><\/p>\n<h5 style=\"text-align: justify;\">Esta es una enfermedad que solo a partir del a\u00f1o 2015 se considera como enfermedad profesional en Colombia. En el caso del magisterio colombiano, el informe de la Fundaci\u00f3n Proservanda (2019) estableci\u00f3 que entre enero y julio de ese a\u00f1o, \u201cen Bogot\u00e1 se hab\u00edan expedido 25.460 incapacidades para una planta de cerca de 35.000 docentes lo que significa que el 73 % de los educadores se han incapacitado durante la primera mitad del a\u00f1o, para completar 180.232 d\u00edas que resultan de una incapacidad promedio de 7,1 d\u00edas\u201d. Entre las primeras causas de incapacidad, se encuentra el \u2018trastorno mixto de ansiedad y depresi\u00f3n\u2019, lo que evidencia que las condiciones del ejercicio de la docencia requiere de abordar seria y urgentemente el tema de la salud mental de los maestros y maestras.<\/h5>\n<p style=\"text-align: justify;\">Seg\u00fan el fil\u00f3sofo surcoreano, docente en la Universidad de las Artes de Berl\u00edn,\u00a0 Byung-Chul han<em>, \u201c<\/em><em>\ud835\udc3f\ud835\udc4e<\/em> <em>\ud835\udc51\ud835\udc52\ud835\udc5d\ud835\udc5f\ud835\udc52\ud835\udc60\ud835\udc56\ud835\udc5c<\/em><em>\u0301<\/em><em>\ud835\udc5b<\/em> <em>\ud835\udc52\ud835\udc60<\/em> <em>\ud835\udc59\ud835\udc4e<\/em> <em>\ud835\udc52\ud835\udc5b\ud835\udc53\ud835\udc52\ud835\udc5f\ud835\udc5a\ud835\udc52\ud835\udc51\ud835\udc4e\ud835\udc51<\/em> <em>\ud835\udc51\ud835\udc52<\/em> <em>\ud835\udc62\ud835\udc5b\ud835\udc4e<\/em> <em>\ud835\udc60\ud835\udc5c\ud835\udc50\ud835\udc56\ud835\udc52\ud835\udc51\ud835\udc4e\ud835\udc51<\/em> <em>\ud835\udc5e\ud835\udc62\ud835\udc52<\/em> <em>\ud835\udc60\ud835\udc62\ud835\udc53\ud835\udc5f\ud835\udc52<\/em> <em>\ud835\udc51\ud835\udc52<\/em> <em>\ud835\udc52\ud835\udc65\ud835\udc50\ud835\udc52\ud835\udc60\ud835\udc56\ud835\udc63\ud835\udc4e<\/em> <em>\ud835\udc5d\ud835\udc5c\ud835\udc60\ud835\udc56\ud835\udc61\ud835\udc56\ud835\udc63\ud835\udc56\ud835\udc51\ud835\udc4e\ud835\udc51<\/em><em>. <\/em><em>\ud835\udc45\ud835\udc52\ud835\udc53\ud835\udc59\ud835\udc52\ud835\udc57\ud835\udc4e<\/em> <em>\ud835\udc62\ud835\udc5b\ud835\udc4e<\/em> <em>\ud835\udc89\ud835\udc62\ud835\udc5a\ud835\udc4e\ud835\udc5b\ud835\udc56\ud835\udc51\ud835\udc4e\ud835\udc51<\/em> <em>\ud835\udc59\ud835\udc56\ud835\udc4f\ud835\udc5f\ud835\udc4e\ud835\udc5b\ud835\udc51\ud835\udc5c<\/em> <em>\ud835\udc62\ud835\udc5b\ud835\udc4e<\/em> <em>\ud835\udc54\ud835\udc62\ud835\udc52\ud835\udc5f\ud835\udc5f\ud835\udc4e<\/em> <em>\ud835\udc60\ud835\udc5c\ud835\udc4f\ud835\udc5f\ud835\udc52<\/em> <em>\ud835\udc60\ud835\udc56<\/em><em>\u0301 <\/em><em>\ud835\udc5a\ud835\udc56\ud835\udc60\ud835\udc5a\ud835\udc4e<\/em><em> (2017. p. 9)\u201d.<\/em> Una sociedad que ha instalado el discurso del que hoy en d\u00eda t\u00fa puedes lograr todo lo que quieras; pues t\u00fa eres capaz de alcanzar tus metas, ser tu propio jefe, producir m\u00e1s y m\u00e1s para gastar m\u00e1s y m\u00e1s. Si no triunfas es porque es tu culpa y no te exiges al m\u00e1ximo, \u201cel cielo es el l\u00edmite\u201d dicen.<\/p>\n<p><img loading=\"lazy\" decoding=\"async\" class=\"alignnone  wp-image-56447\" src=\"https:\/\/webdelmaestrocmf.com\/portal\/wp-content\/uploads\/2020\/12\/3-18.jpg\" alt=\"\" width=\"776\" height=\"644\" srcset=\"https:\/\/webdelmaestrocmf.com\/portal\/wp-content\/uploads\/2020\/12\/3-18.jpg 477w, https:\/\/webdelmaestrocmf.com\/portal\/wp-content\/uploads\/2020\/12\/3-18-300x249.jpg 300w, https:\/\/webdelmaestrocmf.com\/portal\/wp-content\/uploads\/2020\/12\/3-18-110x91.jpg 110w, https:\/\/webdelmaestrocmf.com\/portal\/wp-content\/uploads\/2020\/12\/3-18-200x166.jpg 200w, https:\/\/webdelmaestrocmf.com\/portal\/wp-content\/uploads\/2020\/12\/3-18-380x315.jpg 380w, https:\/\/webdelmaestrocmf.com\/portal\/wp-content\/uploads\/2020\/12\/3-18-255x212.jpg 255w, https:\/\/webdelmaestrocmf.com\/portal\/wp-content\/uploads\/2020\/12\/3-18-220x183.jpg 220w, https:\/\/webdelmaestrocmf.com\/portal\/wp-content\/uploads\/2020\/12\/3-18-400x332.jpg 400w\" sizes=\"auto, (max-width: 776px) 100vw, 776px\" \/><\/p>\n<p style=\"text-align: justify;\">Hace unos d\u00edas, se difundi\u00f3 por redes sociales la imagen de un docente que estuvo revisando y trabajo de sus estudiantes, desde la misma camilla en la que fallecer\u00eda algunas horas despu\u00e9s. A primera vista podr\u00e1 exaltarse el \u00abalto nivel\u00bb de compromiso del docente. No obstante, es un ejemplo m\u00e1s del paradigma de esta sociedad del rendimiento, en la que el individuo se explota a s\u00ed mismo y cree que est\u00e1 realiz\u00e1ndose, individuos sacrific\u00e1ndose en detrimento de s\u00ed mismos con la ilusi\u00f3n de estar sirviendo a algo mayor. Solo sujetos de rendimiento, agotados, enfermos, otros depresivos y hasta con enfermedades mentales. Esto, sumado al exceso de funciones administrativas y sobrecarga laboral, y en muchos casos con bajos salarios, produce en los maestros burnout, depresi\u00f3n y afecta su salud mental.<\/p>\n<p style=\"text-align: justify;\">El ser humano actual se ha convertido a s\u00ed mismo en objeto de consumo y [auto]explotaci\u00f3n, en una f\u00e1brica de s\u00ed, hiperactiva, hiperneur\u00f3tica, hiperacelerada, que se agota y se quema d\u00eda a en un af\u00e1n competitivo y de rendimiento. De all\u00ed que el s\u00edntoma de nuestra \u00e9poca es el cansancio. El sistema neoliberal ha conquistado la psique del individuo, ha sido internalizado hasta el punto de que ya no necesita coerci\u00f3n externa para existir.<\/p>\n<p style=\"text-align: justify;\">Si la sociedad disciplinaria, basada en la negatividad, que nos describi\u00f3 Foucault produc\u00eda\u00a0 \u201clocos y criminales, la sociedad de rendimiento, produce depresivos y fracasados (\u2026) el que fracasa se culpa a s\u00ed mismo y se averg\u00fcenza. Uno se cuestiona a s\u00ed mismo, no a la sociedad (p. 27)\u201d.<\/p>\n<p><img loading=\"lazy\" decoding=\"async\" class=\"alignnone size-full wp-image-56420\" src=\"https:\/\/webdelmaestrocmf.com\/portal\/wp-content\/uploads\/2020\/12\/1-3.jpeg\" alt=\"\" width=\"2998\" height=\"1998\" srcset=\"https:\/\/webdelmaestrocmf.com\/portal\/wp-content\/uploads\/2020\/12\/1-3.jpeg 2998w, https:\/\/webdelmaestrocmf.com\/portal\/wp-content\/uploads\/2020\/12\/1-3-300x200.jpeg 300w, https:\/\/webdelmaestrocmf.com\/portal\/wp-content\/uploads\/2020\/12\/1-3-1024x682.jpeg 1024w, https:\/\/webdelmaestrocmf.com\/portal\/wp-content\/uploads\/2020\/12\/1-3-768x512.jpeg 768w, https:\/\/webdelmaestrocmf.com\/portal\/wp-content\/uploads\/2020\/12\/1-3-1536x1024.jpeg 1536w, https:\/\/webdelmaestrocmf.com\/portal\/wp-content\/uploads\/2020\/12\/1-3-2048x1365.jpeg 2048w, https:\/\/webdelmaestrocmf.com\/portal\/wp-content\/uploads\/2020\/12\/1-3-110x73.jpeg 110w, https:\/\/webdelmaestrocmf.com\/portal\/wp-content\/uploads\/2020\/12\/1-3-200x133.jpeg 200w, https:\/\/webdelmaestrocmf.com\/portal\/wp-content\/uploads\/2020\/12\/1-3-380x253.jpeg 380w, https:\/\/webdelmaestrocmf.com\/portal\/wp-content\/uploads\/2020\/12\/1-3-255x170.jpeg 255w, https:\/\/webdelmaestrocmf.com\/portal\/wp-content\/uploads\/2020\/12\/1-3-550x367.jpeg 550w, https:\/\/webdelmaestrocmf.com\/portal\/wp-content\/uploads\/2020\/12\/1-3-800x533.jpeg 800w, https:\/\/webdelmaestrocmf.com\/portal\/wp-content\/uploads\/2020\/12\/1-3-1160x773.jpeg 1160w, https:\/\/webdelmaestrocmf.com\/portal\/wp-content\/uploads\/2020\/12\/1-3-220x147.jpeg 220w, https:\/\/webdelmaestrocmf.com\/portal\/wp-content\/uploads\/2020\/12\/1-3-400x267.jpeg 400w, https:\/\/webdelmaestrocmf.com\/portal\/wp-content\/uploads\/2020\/12\/1-3-760x506.jpeg 760w, https:\/\/webdelmaestrocmf.com\/portal\/wp-content\/uploads\/2020\/12\/1-3-510x340.jpeg 510w, https:\/\/webdelmaestrocmf.com\/portal\/wp-content\/uploads\/2020\/12\/1-3-600x400.jpeg 600w, https:\/\/webdelmaestrocmf.com\/portal\/wp-content\/uploads\/2020\/12\/1-3-1100x733.jpeg 1100w, https:\/\/webdelmaestrocmf.com\/portal\/wp-content\/uploads\/2020\/12\/1-3-1600x1066.jpeg 1600w, https:\/\/webdelmaestrocmf.com\/portal\/wp-content\/uploads\/2020\/12\/1-3-2320x1546.jpeg 2320w\" sizes=\"auto, (max-width: 2998px) 100vw, 2998px\" \/><\/p>\n<p style=\"text-align: justify;\">Es necesario que los docentes mantengan un equilibrio en todas sus dimensiones por su bienestar como ser humano, no tanto para producir m\u00e1s. Si no fuera as\u00ed, seguir\u00eda siendo cosificado y reducido a simple polea de la raz\u00f3n instrumental del capital. Un maestro en equilibrio ense\u00f1a mejor, transmite m\u00e1s amor y desde la integralidad de su espacio interior genera espacios \u2013no dispositivos- de aprendizaje m\u00e1s profundos que conectan con la interioridad del ser. Maestros que hagan de su vita activa tambi\u00e9n vita contemplativa, modelan en sus estudiantes una profunda \u00e9tica del cuidado de s\u00ed, de los otros, de lo otro, del entorno y\u00a0 la naturaleza, la paz, la alegr\u00eda, el pleno reconocimiento de su espiritualidad y de la alteridad que se construye en la hospitalidad con el otro, con el extra\u00f1o, con mi pr\u00f3ximo que es mi pr\u00f3jimo.<\/p>\n<ul>\n<li style=\"text-align: justify;\">\u00a0Para saber m\u00e1s del <strong>Pensamiento y obra de Byung-Chul Han<\/strong>, visita: <a href=\"https:\/\/www.facebook.com\/groups\/byungchulhan\/\" target=\"_blank\" rel=\"noopener\">facebook.com<\/a><\/li>\n<li style=\"text-align: justify;\">Si desea aprender sobre el <strong>estr\u00e9s, la ansiedad y la depresi\u00f3n y c\u00f3mo gestionarlos<\/strong>, visita el canal: <a href=\"https:\/\/www.youtube.com\/channel\/UCnB8Rd5Xd-1euNGOV7ONeuQ\" target=\"_blank\" rel=\"noopener\">youtube.com<\/a><\/li>\n<\/ul>\n<h5 style=\"text-align: justify;\"><strong>Referencias bibliogr\u00e1ficas.<\/strong><\/h5>\n<ul>\n<li style=\"text-align: justify;\">Fundaci\u00f3n Proservanda. (2019). El Cuerpo Docente: Enfermo e Incapacitado. Informe presentado a la Asociaci\u00f3n Distrital de Educadores ADE. Bogot\u00e1, Colombia.<\/li>\n<li style=\"text-align: justify;\">\u00a0Han, B-C. (2006). La sociedad del cansancio. Editorial Herder. Barcelona, Espa\u00f1a.<\/li>\n<li style=\"text-align: justify;\">Organizaci\u00f3n Mundial\u00a0 de la Salud OMS \u2013 Organizaci\u00f3n Panamericana de la salud OPS. Depresi\u00f3n y otros trastornos mentales comunes. Estimaciones sanitarias mundiales. Oficina Regional para las Am\u00e9ricas. Washington, D.C.<\/li>\n<\/ul>\n<p style=\"text-align: justify;\">.<\/p>\n<table border=\"0\" width=\"100%\" cellspacing=\"10\" cellpadding=\"10\">\n<tbody>\n<tr>\n<td style=\"text-align: center;\" width=\"30%\"><strong><img loading=\"lazy\" decoding=\"async\" class=\"size-full wp-image-56442 aligncenter\" src=\"https:\/\/webdelmaestrocmf.com\/portal\/wp-content\/uploads\/2020\/12\/4-4.jpg\" alt=\"\" width=\"200\" height=\"200\" srcset=\"https:\/\/webdelmaestrocmf.com\/portal\/wp-content\/uploads\/2020\/12\/4-4.jpg 200w, https:\/\/webdelmaestrocmf.com\/portal\/wp-content\/uploads\/2020\/12\/4-4-150x150.jpg 150w, https:\/\/webdelmaestrocmf.com\/portal\/wp-content\/uploads\/2020\/12\/4-4-80x80.jpg 80w, https:\/\/webdelmaestrocmf.com\/portal\/wp-content\/uploads\/2020\/12\/4-4-110x110.jpg 110w, https:\/\/webdelmaestrocmf.com\/portal\/wp-content\/uploads\/2020\/12\/4-4-160x160.jpg 160w\" sizes=\"auto, (max-width: 200px) 100vw, 200px\" \/><\/strong><\/p>\n<p><strong>Autor:<\/strong> William Guillermo Jim\u00e9nez Agudelo.<br \/>\nInvestigador en Educaci\u00f3n, filosof\u00eda,convivencia, nuevas tecnolog\u00edas y producci\u00f3n de subjetividad.<br \/>\nMag\u00edster en Educaci\u00f3n, Pontificia Universidad Javeriana.<br \/>\nEspecialista en Teolog\u00eda y Estudios B\u00edblicos. Universidad Claretiana.<br \/>\nLicenciado en Inform\u00e1tica. Universidad Minuto de Dios.<br \/>\nMag\u00edster en Educaci\u00f3n.<br \/>\nEspecialista en teolog\u00eda y Estudios B\u00edblicos.<br \/>\nInvestigador en educaci\u00f3n, filosof\u00eda, convivencia, nuevas tecnolog\u00edas y producci\u00f3n de subjetividad.<br \/>\nDirector Centro de Estudios Humanistas de Colombia.<br \/>\nRed internacional de Educadores Humanistas.<\/td>\n<\/tr>\n<\/tbody>\n<\/table>\n<p style=\"text-align: justify;\">.<\/p>\n\n","protected":false},"excerpt":{"rendered":"Seg\u00fan la OMS, \u00abla depresi\u00f3n es un trastorno mental frecuente, que se caracteriza por la presencia de tristeza,&hellip;","protected":false},"author":1,"featured_media":56421,"comment_status":"open","ping_status":"closed","sticky":false,"template":"","format":"standard","meta":{"csco_display_header_overlay":false,"csco_singular_sidebar":"default","csco_page_header_type":"default","csco_page_load_nextpost":"default","csco_post_video_location":[],"csco_post_video_location_hash":"","csco_post_video_url":"","csco_post_video_bg_start_time":0,"csco_post_video_bg_end_time":0,"csco_post_video_bg_volume":false,"_jetpack_memberships_contains_paid_content":false,"footnotes":""},"categories":[1790,6254],"tags":[58,3671,1305,1205,92,6255],"class_list":{"0":"post-56419","1":"post","2":"type-post","3":"status-publish","4":"format-standard","5":"has-post-thumbnail","7":"category-colaborador","8":"category-z-colaboradores-william-jimenez","9":"tag-docentes","10":"tag-mental","11":"tag-rendimiento","12":"tag-salud","13":"tag-sociedad","14":"tag-william-jimenez","15":"cs-entry","16":"cs-video-wrap"},"yoast_head":"<!-- This site is optimized with the Yoast SEO plugin v27.5 - https:\/\/yoast.com\/product\/yoast-seo-wordpress\/ -->\n<title>[William Jim\u00e9nez] La salud mental de los docentes en la sociedad del rendimiento (Parte I) - 2026<\/title>\n<meta name=\"description\" content=\"Seg\u00fan la OMS, &quot;la depresi\u00f3n es un trastorno mental frecuente, que se caracteriza por la presencia de tristeza, p\u00e9rdida de inter\u00e9s...\" \/>\n<meta name=\"robots\" content=\"index, follow, max-snippet:-1, max-image-preview:large, max-video-preview:-1\" \/>\n<link rel=\"canonical\" href=\"https:\/\/webdelmaestrocmf.com\/portal\/william-jimenez-la-salud-mental-de-los-docentes-en-la-sociedad-del-rendimiento-parte-i\/\" \/>\n<meta property=\"og:locale\" content=\"es_ES\" \/>\n<meta property=\"og:type\" content=\"article\" \/>\n<meta property=\"og:title\" content=\"[William Jim\u00e9nez] La salud mental de los docentes en la sociedad del rendimiento (Parte I) - 2026\" \/>\n<meta property=\"og:description\" content=\"Seg\u00fan la OMS, &quot;la depresi\u00f3n es un trastorno mental frecuente, que se caracteriza por la presencia de tristeza, p\u00e9rdida de inter\u00e9s...\" \/>\n<meta property=\"og:url\" content=\"https:\/\/webdelmaestrocmf.com\/portal\/william-jimenez-la-salud-mental-de-los-docentes-en-la-sociedad-del-rendimiento-parte-i\/\" \/>\n<meta property=\"og:site_name\" content=\"Web del Maestro CMF\" \/>\n<meta property=\"article:publisher\" content=\"https:\/\/www.facebook.com\/WebdelMaestroCMF\/\" \/>\n<meta property=\"article:author\" content=\"https:\/\/www.facebook.com\/WebdelMaestroCMF\/\" \/>\n<meta property=\"article:published_time\" content=\"2020-12-27T16:39:34+00:00\" \/>\n<meta property=\"article:modified_time\" content=\"2020-12-27T21:07:17+00:00\" \/>\n<meta property=\"og:image\" content=\"https:\/\/i0.wp.com\/webdelmaestrocmf.com\/portal\/wp-content\/uploads\/2020\/12\/1-copia-75.jpg?fit=1100%2C680&ssl=1\" \/>\n\t<meta property=\"og:image:width\" content=\"1100\" \/>\n\t<meta property=\"og:image:height\" content=\"680\" \/>\n\t<meta property=\"og:image:type\" content=\"image\/jpeg\" \/>\n<meta name=\"author\" content=\"Web del Maestro CMF\" \/>\n<meta name=\"twitter:card\" content=\"summary_large_image\" \/>\n<meta name=\"twitter:creator\" content=\"@cmf_w\" \/>\n<meta name=\"twitter:site\" content=\"@cmf_w\" \/>\n<script type=\"application\/ld+json\" class=\"yoast-schema-graph\">{\"@context\":\"https:\\\/\\\/schema.org\",\"@graph\":[{\"@type\":\"ScholarlyArticle\",\"@id\":\"https:\\\/\\\/webdelmaestrocmf.com\\\/portal\\\/william-jimenez-la-salud-mental-de-los-docentes-en-la-sociedad-del-rendimiento-parte-i\\\/#article\",\"isPartOf\":{\"@id\":\"https:\\\/\\\/webdelmaestrocmf.com\\\/portal\\\/william-jimenez-la-salud-mental-de-los-docentes-en-la-sociedad-del-rendimiento-parte-i\\\/\"},\"author\":{\"name\":\"Web del Maestro CMF\",\"@id\":\"https:\\\/\\\/webdelmaestrocmf.com\\\/portal\\\/#\\\/schema\\\/person\\\/1072a2ed7bd960df8ef99a551fa35dc5\"},\"headline\":\"[William Jim\u00e9nez] La salud mental de los docentes en la sociedad del rendimiento (Parte I)\",\"datePublished\":\"2020-12-27T16:39:34+00:00\",\"dateModified\":\"2020-12-27T21:07:17+00:00\",\"mainEntityOfPage\":{\"@id\":\"https:\\\/\\\/webdelmaestrocmf.com\\\/portal\\\/william-jimenez-la-salud-mental-de-los-docentes-en-la-sociedad-del-rendimiento-parte-i\\\/\"},\"wordCount\":891,\"commentCount\":0,\"publisher\":{\"@id\":\"https:\\\/\\\/webdelmaestrocmf.com\\\/portal\\\/#organization\"},\"image\":{\"@id\":\"https:\\\/\\\/webdelmaestrocmf.com\\\/portal\\\/william-jimenez-la-salud-mental-de-los-docentes-en-la-sociedad-del-rendimiento-parte-i\\\/#primaryimage\"},\"thumbnailUrl\":\"https:\\\/\\\/webdelmaestrocmf.com\\\/portal\\\/wp-content\\\/uploads\\\/2020\\\/12\\\/1-copia-75.jpg\",\"keywords\":[\"DOCENTES\",\"MENTAL\",\"RENDIMIENTO\",\"salud\",\"sociedad\",\"William Jim\u00e9nez\"],\"articleSection\":[\"Z-Colaboradores\",\"Z-Colaboradores-William-Jim\u00e9nez\"],\"inLanguage\":\"es\",\"potentialAction\":[{\"@type\":\"CommentAction\",\"name\":\"Comment\",\"target\":[\"https:\\\/\\\/webdelmaestrocmf.com\\\/portal\\\/william-jimenez-la-salud-mental-de-los-docentes-en-la-sociedad-del-rendimiento-parte-i\\\/#respond\"]}]},{\"@type\":\"WebPage\",\"@id\":\"https:\\\/\\\/webdelmaestrocmf.com\\\/portal\\\/william-jimenez-la-salud-mental-de-los-docentes-en-la-sociedad-del-rendimiento-parte-i\\\/\",\"url\":\"https:\\\/\\\/webdelmaestrocmf.com\\\/portal\\\/william-jimenez-la-salud-mental-de-los-docentes-en-la-sociedad-del-rendimiento-parte-i\\\/\",\"name\":\"[William Jim\u00e9nez] La salud mental de los docentes en la sociedad del rendimiento (Parte I) - 2026\",\"isPartOf\":{\"@id\":\"https:\\\/\\\/webdelmaestrocmf.com\\\/portal\\\/#website\"},\"primaryImageOfPage\":{\"@id\":\"https:\\\/\\\/webdelmaestrocmf.com\\\/portal\\\/william-jimenez-la-salud-mental-de-los-docentes-en-la-sociedad-del-rendimiento-parte-i\\\/#primaryimage\"},\"image\":{\"@id\":\"https:\\\/\\\/webdelmaestrocmf.com\\\/portal\\\/william-jimenez-la-salud-mental-de-los-docentes-en-la-sociedad-del-rendimiento-parte-i\\\/#primaryimage\"},\"thumbnailUrl\":\"https:\\\/\\\/webdelmaestrocmf.com\\\/portal\\\/wp-content\\\/uploads\\\/2020\\\/12\\\/1-copia-75.jpg\",\"datePublished\":\"2020-12-27T16:39:34+00:00\",\"dateModified\":\"2020-12-27T21:07:17+00:00\",\"description\":\"Seg\u00fan la OMS, \\\"la depresi\u00f3n es un trastorno mental frecuente, que se caracteriza por la presencia de tristeza, p\u00e9rdida de inter\u00e9s...\",\"breadcrumb\":{\"@id\":\"https:\\\/\\\/webdelmaestrocmf.com\\\/portal\\\/william-jimenez-la-salud-mental-de-los-docentes-en-la-sociedad-del-rendimiento-parte-i\\\/#breadcrumb\"},\"inLanguage\":\"es\",\"potentialAction\":[{\"@type\":\"ReadAction\",\"target\":[\"https:\\\/\\\/webdelmaestrocmf.com\\\/portal\\\/william-jimenez-la-salud-mental-de-los-docentes-en-la-sociedad-del-rendimiento-parte-i\\\/\"]}]},{\"@type\":\"ImageObject\",\"inLanguage\":\"es\",\"@id\":\"https:\\\/\\\/webdelmaestrocmf.com\\\/portal\\\/william-jimenez-la-salud-mental-de-los-docentes-en-la-sociedad-del-rendimiento-parte-i\\\/#primaryimage\",\"url\":\"https:\\\/\\\/webdelmaestrocmf.com\\\/portal\\\/wp-content\\\/uploads\\\/2020\\\/12\\\/1-copia-75.jpg\",\"contentUrl\":\"https:\\\/\\\/webdelmaestrocmf.com\\\/portal\\\/wp-content\\\/uploads\\\/2020\\\/12\\\/1-copia-75.jpg\",\"width\":1100,\"height\":680},{\"@type\":\"BreadcrumbList\",\"@id\":\"https:\\\/\\\/webdelmaestrocmf.com\\\/portal\\\/william-jimenez-la-salud-mental-de-los-docentes-en-la-sociedad-del-rendimiento-parte-i\\\/#breadcrumb\",\"itemListElement\":[{\"@type\":\"ListItem\",\"position\":1,\"name\":\"Portada\",\"item\":\"https:\\\/\\\/webdelmaestrocmf.com\\\/portal\\\/\"},{\"@type\":\"ListItem\",\"position\":2,\"name\":\"Z-Colaboradores\",\"item\":\"https:\\\/\\\/webdelmaestrocmf.com\\\/portal\\\/category\\\/colaborador\\\/\"},{\"@type\":\"ListItem\",\"position\":3,\"name\":\"[William Jim\u00e9nez] La salud mental de los docentes en la sociedad del rendimiento (Parte I)\"}]},{\"@type\":\"WebSite\",\"@id\":\"https:\\\/\\\/webdelmaestrocmf.com\\\/portal\\\/#website\",\"url\":\"https:\\\/\\\/webdelmaestrocmf.com\\\/portal\\\/\",\"name\":\"Web del Maestro CMF\",\"description\":\"Maestros al servicio de la educaci\u00f3n\",\"publisher\":{\"@id\":\"https:\\\/\\\/webdelmaestrocmf.com\\\/portal\\\/#organization\"},\"alternateName\":\"WMCMF\",\"potentialAction\":[{\"@type\":\"SearchAction\",\"target\":{\"@type\":\"EntryPoint\",\"urlTemplate\":\"https:\\\/\\\/webdelmaestrocmf.com\\\/portal\\\/?s={search_term_string}\"},\"query-input\":{\"@type\":\"PropertyValueSpecification\",\"valueRequired\":true,\"valueName\":\"search_term_string\"}}],\"inLanguage\":\"es\"},{\"@type\":\"Organization\",\"@id\":\"https:\\\/\\\/webdelmaestrocmf.com\\\/portal\\\/#organization\",\"name\":\"Web del Maestro CMF\",\"alternateName\":\"WMCMF\",\"url\":\"https:\\\/\\\/webdelmaestrocmf.com\\\/portal\\\/\",\"logo\":{\"@type\":\"ImageObject\",\"inLanguage\":\"es\",\"@id\":\"https:\\\/\\\/webdelmaestrocmf.com\\\/portal\\\/#\\\/schema\\\/logo\\\/image\\\/\",\"url\":\"https:\\\/\\\/webdelmaestrocmf.com\\\/portal\\\/wp-content\\\/uploads\\\/2023\\\/01\\\/logo-wmcmf-2.png\",\"contentUrl\":\"https:\\\/\\\/webdelmaestrocmf.com\\\/portal\\\/wp-content\\\/uploads\\\/2023\\\/01\\\/logo-wmcmf-2.png\",\"width\":200,\"height\":60,\"caption\":\"Web del Maestro CMF\"},\"image\":{\"@id\":\"https:\\\/\\\/webdelmaestrocmf.com\\\/portal\\\/#\\\/schema\\\/logo\\\/image\\\/\"},\"sameAs\":[\"https:\\\/\\\/www.facebook.com\\\/WebdelMaestroCMF\\\/\",\"https:\\\/\\\/x.com\\\/cmf_w\",\"https:\\\/\\\/www.pinterest.com\\\/WMCMF\\\/\",\"https:\\\/\\\/www.linkedin.com\\\/company\\\/web-del-maestro-cmf\\\/\",\"https:\\\/\\\/www.instagram.com\\\/wmcmf\\\/\",\"https:\\\/\\\/www.youtube.com\\\/channel\\\/UCDPSvjbdodE5sHnC3OxutHw\",\"https:\\\/\\\/mastodon.social\\\/@wmcmf\",\"https:\\\/\\\/www.tiktok.com\\\/@webdelmaestrocmf\"]},{\"@type\":\"Person\",\"@id\":\"https:\\\/\\\/webdelmaestrocmf.com\\\/portal\\\/#\\\/schema\\\/person\\\/1072a2ed7bd960df8ef99a551fa35dc5\",\"name\":\"Web del Maestro CMF\",\"image\":{\"@type\":\"ImageObject\",\"inLanguage\":\"es\",\"@id\":\"https:\\\/\\\/secure.gravatar.com\\\/avatar\\\/23291dd5b5ae1077dcff3dbb04c3e02bd28403fa75af6d8787d5e97c5bbbe30b?s=96&d=mm&r=g\",\"url\":\"https:\\\/\\\/secure.gravatar.com\\\/avatar\\\/23291dd5b5ae1077dcff3dbb04c3e02bd28403fa75af6d8787d5e97c5bbbe30b?s=96&d=mm&r=g\",\"contentUrl\":\"https:\\\/\\\/secure.gravatar.com\\\/avatar\\\/23291dd5b5ae1077dcff3dbb04c3e02bd28403fa75af6d8787d5e97c5bbbe30b?s=96&d=mm&r=g\",\"caption\":\"Web del Maestro CMF\"},\"description\":\"Esta Web se cre\u00f3 sin fines de lucro, con fines educativos, cient\u00edficos y acad\u00e9micos, para personas que tengan dificultades y\\\/o inconvenientes en visualizar el material original. El objetivo es entregar recursos, compartir experiencias y materiales que ayuden a los padres de familia, maestros y estudiantes en su actualizaci\u00f3n y formaci\u00f3n permanente, en bien de la Educaci\u00f3n.\",\"sameAs\":[\"http:\\\/\\\/webdelmaestrocmf.com\\\/portal\",\"https:\\\/\\\/www.facebook.com\\\/WebdelMaestroCMF\\\/\",\"https:\\\/\\\/www.instagram.com\\\/wmcmf\\\/\",\"https:\\\/\\\/cl.linkedin.com\\\/company\\\/web-del-maestro-cmf\",\"https:\\\/\\\/www.pinterest.com\\\/WMCMF\\\/publicaciones\\\/\",\"https:\\\/\\\/x.com\\\/cmf_w\",\"https:\\\/\\\/www.youtube.com\\\/@WMCMF\"]}]}<\/script>\n<!-- \/ Yoast SEO plugin. -->","yoast_head_json":{"title":"[William Jim\u00e9nez] La salud mental de los docentes en la sociedad del rendimiento (Parte I) - 2026","description":"Seg\u00fan la OMS, \"la depresi\u00f3n es un trastorno mental frecuente, que se caracteriza por la presencia de tristeza, p\u00e9rdida de inter\u00e9s...","robots":{"index":"index","follow":"follow","max-snippet":"max-snippet:-1","max-image-preview":"max-image-preview:large","max-video-preview":"max-video-preview:-1"},"canonical":"https:\/\/webdelmaestrocmf.com\/portal\/william-jimenez-la-salud-mental-de-los-docentes-en-la-sociedad-del-rendimiento-parte-i\/","og_locale":"es_ES","og_type":"article","og_title":"[William Jim\u00e9nez] La salud mental de los docentes en la sociedad del rendimiento (Parte I) - 2026","og_description":"Seg\u00fan la OMS, \"la depresi\u00f3n es un trastorno mental frecuente, que se caracteriza por la presencia de tristeza, p\u00e9rdida de inter\u00e9s...","og_url":"https:\/\/webdelmaestrocmf.com\/portal\/william-jimenez-la-salud-mental-de-los-docentes-en-la-sociedad-del-rendimiento-parte-i\/","og_site_name":"Web del Maestro CMF","article_publisher":"https:\/\/www.facebook.com\/WebdelMaestroCMF\/","article_author":"https:\/\/www.facebook.com\/WebdelMaestroCMF\/","article_published_time":"2020-12-27T16:39:34+00:00","article_modified_time":"2020-12-27T21:07:17+00:00","og_image":[{"width":1100,"height":680,"url":"https:\/\/i0.wp.com\/webdelmaestrocmf.com\/portal\/wp-content\/uploads\/2020\/12\/1-copia-75.jpg?fit=1100%2C680&ssl=1","type":"image\/jpeg"}],"author":"Web del Maestro CMF","twitter_card":"summary_large_image","twitter_creator":"@cmf_w","twitter_site":"@cmf_w","schema":{"@context":"https:\/\/schema.org","@graph":[{"@type":"ScholarlyArticle","@id":"https:\/\/webdelmaestrocmf.com\/portal\/william-jimenez-la-salud-mental-de-los-docentes-en-la-sociedad-del-rendimiento-parte-i\/#article","isPartOf":{"@id":"https:\/\/webdelmaestrocmf.com\/portal\/william-jimenez-la-salud-mental-de-los-docentes-en-la-sociedad-del-rendimiento-parte-i\/"},"author":{"name":"Web del Maestro CMF","@id":"https:\/\/webdelmaestrocmf.com\/portal\/#\/schema\/person\/1072a2ed7bd960df8ef99a551fa35dc5"},"headline":"[William Jim\u00e9nez] La salud mental de los docentes en la sociedad del rendimiento (Parte I)","datePublished":"2020-12-27T16:39:34+00:00","dateModified":"2020-12-27T21:07:17+00:00","mainEntityOfPage":{"@id":"https:\/\/webdelmaestrocmf.com\/portal\/william-jimenez-la-salud-mental-de-los-docentes-en-la-sociedad-del-rendimiento-parte-i\/"},"wordCount":891,"commentCount":0,"publisher":{"@id":"https:\/\/webdelmaestrocmf.com\/portal\/#organization"},"image":{"@id":"https:\/\/webdelmaestrocmf.com\/portal\/william-jimenez-la-salud-mental-de-los-docentes-en-la-sociedad-del-rendimiento-parte-i\/#primaryimage"},"thumbnailUrl":"https:\/\/webdelmaestrocmf.com\/portal\/wp-content\/uploads\/2020\/12\/1-copia-75.jpg","keywords":["DOCENTES","MENTAL","RENDIMIENTO","salud","sociedad","William Jim\u00e9nez"],"articleSection":["Z-Colaboradores","Z-Colaboradores-William-Jim\u00e9nez"],"inLanguage":"es","potentialAction":[{"@type":"CommentAction","name":"Comment","target":["https:\/\/webdelmaestrocmf.com\/portal\/william-jimenez-la-salud-mental-de-los-docentes-en-la-sociedad-del-rendimiento-parte-i\/#respond"]}]},{"@type":"WebPage","@id":"https:\/\/webdelmaestrocmf.com\/portal\/william-jimenez-la-salud-mental-de-los-docentes-en-la-sociedad-del-rendimiento-parte-i\/","url":"https:\/\/webdelmaestrocmf.com\/portal\/william-jimenez-la-salud-mental-de-los-docentes-en-la-sociedad-del-rendimiento-parte-i\/","name":"[William Jim\u00e9nez] La salud mental de los docentes en la sociedad del rendimiento (Parte I) - 2026","isPartOf":{"@id":"https:\/\/webdelmaestrocmf.com\/portal\/#website"},"primaryImageOfPage":{"@id":"https:\/\/webdelmaestrocmf.com\/portal\/william-jimenez-la-salud-mental-de-los-docentes-en-la-sociedad-del-rendimiento-parte-i\/#primaryimage"},"image":{"@id":"https:\/\/webdelmaestrocmf.com\/portal\/william-jimenez-la-salud-mental-de-los-docentes-en-la-sociedad-del-rendimiento-parte-i\/#primaryimage"},"thumbnailUrl":"https:\/\/webdelmaestrocmf.com\/portal\/wp-content\/uploads\/2020\/12\/1-copia-75.jpg","datePublished":"2020-12-27T16:39:34+00:00","dateModified":"2020-12-27T21:07:17+00:00","description":"Seg\u00fan la OMS, \"la depresi\u00f3n es un trastorno mental frecuente, que se caracteriza por la presencia de tristeza, p\u00e9rdida de inter\u00e9s...","breadcrumb":{"@id":"https:\/\/webdelmaestrocmf.com\/portal\/william-jimenez-la-salud-mental-de-los-docentes-en-la-sociedad-del-rendimiento-parte-i\/#breadcrumb"},"inLanguage":"es","potentialAction":[{"@type":"ReadAction","target":["https:\/\/webdelmaestrocmf.com\/portal\/william-jimenez-la-salud-mental-de-los-docentes-en-la-sociedad-del-rendimiento-parte-i\/"]}]},{"@type":"ImageObject","inLanguage":"es","@id":"https:\/\/webdelmaestrocmf.com\/portal\/william-jimenez-la-salud-mental-de-los-docentes-en-la-sociedad-del-rendimiento-parte-i\/#primaryimage","url":"https:\/\/webdelmaestrocmf.com\/portal\/wp-content\/uploads\/2020\/12\/1-copia-75.jpg","contentUrl":"https:\/\/webdelmaestrocmf.com\/portal\/wp-content\/uploads\/2020\/12\/1-copia-75.jpg","width":1100,"height":680},{"@type":"BreadcrumbList","@id":"https:\/\/webdelmaestrocmf.com\/portal\/william-jimenez-la-salud-mental-de-los-docentes-en-la-sociedad-del-rendimiento-parte-i\/#breadcrumb","itemListElement":[{"@type":"ListItem","position":1,"name":"Portada","item":"https:\/\/webdelmaestrocmf.com\/portal\/"},{"@type":"ListItem","position":2,"name":"Z-Colaboradores","item":"https:\/\/webdelmaestrocmf.com\/portal\/category\/colaborador\/"},{"@type":"ListItem","position":3,"name":"[William Jim\u00e9nez] La salud mental de los docentes en la sociedad del rendimiento (Parte I)"}]},{"@type":"WebSite","@id":"https:\/\/webdelmaestrocmf.com\/portal\/#website","url":"https:\/\/webdelmaestrocmf.com\/portal\/","name":"Web del Maestro CMF","description":"Maestros al servicio de la educaci\u00f3n","publisher":{"@id":"https:\/\/webdelmaestrocmf.com\/portal\/#organization"},"alternateName":"WMCMF","potentialAction":[{"@type":"SearchAction","target":{"@type":"EntryPoint","urlTemplate":"https:\/\/webdelmaestrocmf.com\/portal\/?s={search_term_string}"},"query-input":{"@type":"PropertyValueSpecification","valueRequired":true,"valueName":"search_term_string"}}],"inLanguage":"es"},{"@type":"Organization","@id":"https:\/\/webdelmaestrocmf.com\/portal\/#organization","name":"Web del Maestro CMF","alternateName":"WMCMF","url":"https:\/\/webdelmaestrocmf.com\/portal\/","logo":{"@type":"ImageObject","inLanguage":"es","@id":"https:\/\/webdelmaestrocmf.com\/portal\/#\/schema\/logo\/image\/","url":"https:\/\/webdelmaestrocmf.com\/portal\/wp-content\/uploads\/2023\/01\/logo-wmcmf-2.png","contentUrl":"https:\/\/webdelmaestrocmf.com\/portal\/wp-content\/uploads\/2023\/01\/logo-wmcmf-2.png","width":200,"height":60,"caption":"Web del Maestro CMF"},"image":{"@id":"https:\/\/webdelmaestrocmf.com\/portal\/#\/schema\/logo\/image\/"},"sameAs":["https:\/\/www.facebook.com\/WebdelMaestroCMF\/","https:\/\/x.com\/cmf_w","https:\/\/www.pinterest.com\/WMCMF\/","https:\/\/www.linkedin.com\/company\/web-del-maestro-cmf\/","https:\/\/www.instagram.com\/wmcmf\/","https:\/\/www.youtube.com\/channel\/UCDPSvjbdodE5sHnC3OxutHw","https:\/\/mastodon.social\/@wmcmf","https:\/\/www.tiktok.com\/@webdelmaestrocmf"]},{"@type":"Person","@id":"https:\/\/webdelmaestrocmf.com\/portal\/#\/schema\/person\/1072a2ed7bd960df8ef99a551fa35dc5","name":"Web del Maestro CMF","image":{"@type":"ImageObject","inLanguage":"es","@id":"https:\/\/secure.gravatar.com\/avatar\/23291dd5b5ae1077dcff3dbb04c3e02bd28403fa75af6d8787d5e97c5bbbe30b?s=96&d=mm&r=g","url":"https:\/\/secure.gravatar.com\/avatar\/23291dd5b5ae1077dcff3dbb04c3e02bd28403fa75af6d8787d5e97c5bbbe30b?s=96&d=mm&r=g","contentUrl":"https:\/\/secure.gravatar.com\/avatar\/23291dd5b5ae1077dcff3dbb04c3e02bd28403fa75af6d8787d5e97c5bbbe30b?s=96&d=mm&r=g","caption":"Web del Maestro CMF"},"description":"Esta Web se cre\u00f3 sin fines de lucro, con fines educativos, cient\u00edficos y acad\u00e9micos, para personas que tengan dificultades y\/o inconvenientes en visualizar el material original. El objetivo es entregar recursos, compartir experiencias y materiales que ayuden a los padres de familia, maestros y estudiantes en su actualizaci\u00f3n y formaci\u00f3n permanente, en bien de la Educaci\u00f3n.","sameAs":["http:\/\/webdelmaestrocmf.com\/portal","https:\/\/www.facebook.com\/WebdelMaestroCMF\/","https:\/\/www.instagram.com\/wmcmf\/","https:\/\/cl.linkedin.com\/company\/web-del-maestro-cmf","https:\/\/www.pinterest.com\/WMCMF\/publicaciones\/","https:\/\/x.com\/cmf_w","https:\/\/www.youtube.com\/@WMCMF"]}]}},"jetpack_featured_media_url":"https:\/\/webdelmaestrocmf.com\/portal\/wp-content\/uploads\/2020\/12\/1-copia-75.jpg","jetpack_sharing_enabled":true,"jetpack-related-posts":[{"id":113987,"url":"https:\/\/webdelmaestrocmf.com\/portal\/familia-o-escuela-quien-debe-detectar-a-tiempo-los-desajustes-en-el-aprendizaje-y-las-alertas-en-salud-mental\/","url_meta":{"origin":56419,"position":0},"title":"\u00bfFamilia o escuela? \u00bfQui\u00e9n debe detectar a tiempo los desajustes en el aprendizaje y las alertas en salud mental?","author":"Web del Maestro CMF","date":"12 diciembre, 2025","format":false,"excerpt":"La escuela debe detectar y activar la alerta, y la familia debe acompa\u00f1ar, colaborar y sostener el proceso.","rel":"","context":"En \u00abYo opino - WMCMF\u00bb","block_context":{"text":"Yo opino - WMCMF","link":"https:\/\/webdelmaestrocmf.com\/portal\/category\/jamb\/"},"img":{"alt_text":"","src":"https:\/\/i0.wp.com\/webdelmaestrocmf.com\/portal\/wp-content\/uploads\/2025\/12\/1A-Banner-1-portada-imagen-10-1-copia-14.webp?resize=350%2C200&ssl=1","width":350,"height":200,"srcset":"https:\/\/i0.wp.com\/webdelmaestrocmf.com\/portal\/wp-content\/uploads\/2025\/12\/1A-Banner-1-portada-imagen-10-1-copia-14.webp?resize=350%2C200&ssl=1 1x, https:\/\/i0.wp.com\/webdelmaestrocmf.com\/portal\/wp-content\/uploads\/2025\/12\/1A-Banner-1-portada-imagen-10-1-copia-14.webp?resize=525%2C300&ssl=1 1.5x, https:\/\/i0.wp.com\/webdelmaestrocmf.com\/portal\/wp-content\/uploads\/2025\/12\/1A-Banner-1-portada-imagen-10-1-copia-14.webp?resize=700%2C400&ssl=1 2x"},"classes":[]},{"id":111273,"url":"https:\/\/webdelmaestrocmf.com\/portal\/como-va-la-salud-mental-de-sus-padres-de-familia-y-estudiantes-i-parte-2\/","url_meta":{"origin":56419,"position":1},"title":"\u00bfC\u00f3mo va la salud mental de sus padres de familia y estudiantes? (I Parte)","author":"Web del Maestro CMF","date":"16 julio, 2025","format":false,"excerpt":"El aula refleja el estado emocional de sus protagonistas: sin salud mental, no hay aprendizaje, v\u00ednculos sanos ni futuro posible.","rel":"","context":"En \u00abYo opino - WMCMF\u00bb","block_context":{"text":"Yo opino - WMCMF","link":"https:\/\/webdelmaestrocmf.com\/portal\/category\/jamb\/"},"img":{"alt_text":"","src":"https:\/\/i0.wp.com\/webdelmaestrocmf.com\/portal\/wp-content\/uploads\/2025\/07\/1A-Banner-1-portada-imagen-10-1-copia-68.jpg?resize=350%2C200&ssl=1","width":350,"height":200,"srcset":"https:\/\/i0.wp.com\/webdelmaestrocmf.com\/portal\/wp-content\/uploads\/2025\/07\/1A-Banner-1-portada-imagen-10-1-copia-68.jpg?resize=350%2C200&ssl=1 1x, https:\/\/i0.wp.com\/webdelmaestrocmf.com\/portal\/wp-content\/uploads\/2025\/07\/1A-Banner-1-portada-imagen-10-1-copia-68.jpg?resize=525%2C300&ssl=1 1.5x, https:\/\/i0.wp.com\/webdelmaestrocmf.com\/portal\/wp-content\/uploads\/2025\/07\/1A-Banner-1-portada-imagen-10-1-copia-68.jpg?resize=700%2C400&ssl=1 2x"},"classes":[]},{"id":90667,"url":"https:\/\/webdelmaestrocmf.com\/portal\/cuales-son-los-factoresdel-bajo-rendimiento-academico-y-que-pueden-hacer-los-docentes-y-los-padres\/","url_meta":{"origin":56419,"position":2},"title":"Causas del bajo rendimiento acad\u00e9mico","author":"Web del Maestro CMF","date":"17 julio, 2023","format":false,"excerpt":"El rendimiento acad\u00e9mico es un aspecto fundamental en la vida de los estudiantes, ya que puede influir significativamente en su futuro. Sin embargo, en ocasiones, nos encontramos con situaciones en las que algunos estudiantes experimentan un bajo rendimiento acad\u00e9mico. Este fen\u00f3meno puede estar relacionado con diversas causas que van m\u00e1s\u2026","rel":"","context":"En \u00abBajo rendimiento\u00bb","block_context":{"text":"Bajo rendimiento","link":"https:\/\/webdelmaestrocmf.com\/portal\/category\/pedagogia\/bajo-rendimiento\/"},"img":{"alt_text":"bajo rendimiento","src":"https:\/\/i0.wp.com\/webdelmaestrocmf.com\/portal\/wp-content\/uploads\/2023\/07\/A12B3C4D-35.jpg?resize=350%2C200&ssl=1","width":350,"height":200,"srcset":"https:\/\/i0.wp.com\/webdelmaestrocmf.com\/portal\/wp-content\/uploads\/2023\/07\/A12B3C4D-35.jpg?resize=350%2C200&ssl=1 1x, https:\/\/i0.wp.com\/webdelmaestrocmf.com\/portal\/wp-content\/uploads\/2023\/07\/A12B3C4D-35.jpg?resize=525%2C300&ssl=1 1.5x, https:\/\/i0.wp.com\/webdelmaestrocmf.com\/portal\/wp-content\/uploads\/2023\/07\/A12B3C4D-35.jpg?resize=700%2C400&ssl=1 2x"},"classes":[]},{"id":48625,"url":"https:\/\/webdelmaestrocmf.com\/portal\/series-que-le-ayudaran-abordar-temas-importantes-como-el-feminismo-creatividad-sexualidad-salud-mental-e-identidad\/","url_meta":{"origin":56419,"position":3},"title":"Series que le ayudar\u00e1n abordar temas importantes como el feminismo, creatividad, sexualidad, salud mental e identidad","author":"Web del Maestro CMF","date":"3 julio, 2020","format":"video","excerpt":"Los diversos modelos educativos alrededor del mundo, la importancia de motivar a los alumnos en temas sobre la creatividad, o los avances de la neurociencia relacionados con la educaci\u00f3n, el feminismo, la salud mental y la identidad son algunos de los protagonistas de esta variedad de pel\u00edculas, documentales y series\u2026","rel":"","context":"En \u00abPel\u00edculas\u00bb","block_context":{"text":"Pel\u00edculas","link":"https:\/\/webdelmaestrocmf.com\/portal\/category\/pedagogia\/peliculas\/"},"img":{"alt_text":"","src":"https:\/\/i0.wp.com\/webdelmaestrocmf.com\/portal\/wp-content\/uploads\/2020\/07\/1-copia-2.jpg?resize=350%2C200&ssl=1","width":350,"height":200,"srcset":"https:\/\/i0.wp.com\/webdelmaestrocmf.com\/portal\/wp-content\/uploads\/2020\/07\/1-copia-2.jpg?resize=350%2C200&ssl=1 1x, https:\/\/i0.wp.com\/webdelmaestrocmf.com\/portal\/wp-content\/uploads\/2020\/07\/1-copia-2.jpg?resize=525%2C300&ssl=1 1.5x, https:\/\/i0.wp.com\/webdelmaestrocmf.com\/portal\/wp-content\/uploads\/2020\/07\/1-copia-2.jpg?resize=700%2C400&ssl=1 2x, https:\/\/i0.wp.com\/webdelmaestrocmf.com\/portal\/wp-content\/uploads\/2020\/07\/1-copia-2.jpg?resize=1050%2C600&ssl=1 3x"},"classes":[]},{"id":103474,"url":"https:\/\/webdelmaestrocmf.com\/portal\/para-que-los-alumnos-aprendan-necesitan-buenos-profesores\/","url_meta":{"origin":56419,"position":4},"title":"Para que los alumnos aprendan, necesitan buenos profesores","author":"Web del Maestro CMF","date":"4 febrero, 2024","format":false,"excerpt":"Ordinariamente se dice que toda generalizaci\u00f3n es \u201codiosa\u201d, y tantas veces las sugerencias o propuestas de actualizaci\u00f3n suelen adolecer por exceso o defecto, y m\u00e1s cuando se trata del grupo socioprofesional dedicado a la docencia. Y si a eso le sumamos una no es para menos, cada profesor tiene un\u2026","rel":"","context":"En \u00abYo opino - WMCMF\u00bb","block_context":{"text":"Yo opino - WMCMF","link":"https:\/\/webdelmaestrocmf.com\/portal\/category\/jamb\/"},"img":{"alt_text":"buenos profesores","src":"https:\/\/i0.wp.com\/webdelmaestrocmf.com\/portal\/wp-content\/uploads\/2024\/02\/Banner-1-portada-imagen-10-1-30.jpg?resize=350%2C200&ssl=1","width":350,"height":200,"srcset":"https:\/\/i0.wp.com\/webdelmaestrocmf.com\/portal\/wp-content\/uploads\/2024\/02\/Banner-1-portada-imagen-10-1-30.jpg?resize=350%2C200&ssl=1 1x, https:\/\/i0.wp.com\/webdelmaestrocmf.com\/portal\/wp-content\/uploads\/2024\/02\/Banner-1-portada-imagen-10-1-30.jpg?resize=525%2C300&ssl=1 1.5x, https:\/\/i0.wp.com\/webdelmaestrocmf.com\/portal\/wp-content\/uploads\/2024\/02\/Banner-1-portada-imagen-10-1-30.jpg?resize=700%2C400&ssl=1 2x"},"classes":[]},{"id":113715,"url":"https:\/\/webdelmaestrocmf.com\/portal\/los-docentes-no-son-psicologos-pero-son-clave-para-detectar-y-prevenir-problemas-de-salud-mental-en-el-aula\/","url_meta":{"origin":56419,"position":5},"title":"Los docentes no son psic\u00f3logos, pero son clave para detectar y prevenir problemas de salud mental en el aula","author":"Web del Maestro CMF","date":"28 noviembre, 2025","format":false,"excerpt":"La creciente preocupaci\u00f3n por la salud mental infantil y adolescente ha colocado a los docentes en un lugar central dentro del entramado de apoyo, prevenci\u00f3n y detecci\u00f3n temprana. Aunque los profesores no son profesionales cl\u00ednicos, su rol cotidiano con el alumnado les permite identificar se\u00f1ales de alerta que a menudo\u2026","rel":"","context":"En \u00abPsicolog\u00eda\u00bb","block_context":{"text":"Psicolog\u00eda","link":"https:\/\/webdelmaestrocmf.com\/portal\/category\/pedagogia\/picologia\/"},"img":{"alt_text":"","src":"https:\/\/i0.wp.com\/webdelmaestrocmf.com\/portal\/wp-content\/uploads\/2025\/11\/1A-Banner-1-portada-imagen-10-1-copia-8-2.webp?resize=350%2C200&ssl=1","width":350,"height":200,"srcset":"https:\/\/i0.wp.com\/webdelmaestrocmf.com\/portal\/wp-content\/uploads\/2025\/11\/1A-Banner-1-portada-imagen-10-1-copia-8-2.webp?resize=350%2C200&ssl=1 1x, https:\/\/i0.wp.com\/webdelmaestrocmf.com\/portal\/wp-content\/uploads\/2025\/11\/1A-Banner-1-portada-imagen-10-1-copia-8-2.webp?resize=525%2C300&ssl=1 1.5x, https:\/\/i0.wp.com\/webdelmaestrocmf.com\/portal\/wp-content\/uploads\/2025\/11\/1A-Banner-1-portada-imagen-10-1-copia-8-2.webp?resize=700%2C400&ssl=1 2x"},"classes":[]}],"_links":{"self":[{"href":"https:\/\/webdelmaestrocmf.com\/portal\/wp-json\/wp\/v2\/posts\/56419","targetHints":{"allow":["GET"]}}],"collection":[{"href":"https:\/\/webdelmaestrocmf.com\/portal\/wp-json\/wp\/v2\/posts"}],"about":[{"href":"https:\/\/webdelmaestrocmf.com\/portal\/wp-json\/wp\/v2\/types\/post"}],"author":[{"embeddable":true,"href":"https:\/\/webdelmaestrocmf.com\/portal\/wp-json\/wp\/v2\/users\/1"}],"replies":[{"embeddable":true,"href":"https:\/\/webdelmaestrocmf.com\/portal\/wp-json\/wp\/v2\/comments?post=56419"}],"version-history":[{"count":0,"href":"https:\/\/webdelmaestrocmf.com\/portal\/wp-json\/wp\/v2\/posts\/56419\/revisions"}],"wp:featuredmedia":[{"embeddable":true,"href":"https:\/\/webdelmaestrocmf.com\/portal\/wp-json\/wp\/v2\/media\/56421"}],"wp:attachment":[{"href":"https:\/\/webdelmaestrocmf.com\/portal\/wp-json\/wp\/v2\/media?parent=56419"}],"wp:term":[{"taxonomy":"category","embeddable":true,"href":"https:\/\/webdelmaestrocmf.com\/portal\/wp-json\/wp\/v2\/categories?post=56419"},{"taxonomy":"post_tag","embeddable":true,"href":"https:\/\/webdelmaestrocmf.com\/portal\/wp-json\/wp\/v2\/tags?post=56419"}],"curies":[{"name":"wp","href":"https:\/\/api.w.org\/{rel}","templated":true}]}}