{"id":56076,"date":"2020-12-18T14:46:59","date_gmt":"2020-12-18T17:46:59","guid":{"rendered":"https:\/\/webdelmaestrocmf.com\/portal\/?p=56076"},"modified":"2020-12-18T14:49:42","modified_gmt":"2020-12-18T17:49:42","slug":"alexander-ortiz-emocion-versus-razon-una-paradoja","status":"publish","type":"post","link":"https:\/\/webdelmaestrocmf.com\/portal\/alexander-ortiz-emocion-versus-razon-una-paradoja\/","title":{"rendered":"[Alexander Ortiz] Emoci\u00f3n versus raz\u00f3n: \u00bfuna paradoja?"},"content":{"rendered":"<h5 style=\"text-align: justify;\">A lo largo de nuestra historia, los seres humanos siempre hemos pensado que somos seres eminentemente racionales. Es por ello que subvaloramos las emociones y cuestionamos aquellas decisiones que se sustentan en alguna emoci\u00f3n. Criticamos las actuaciones emocionales y enarbolamos toda acci\u00f3n que parezca racional. Ahora bien, esto es lo que pensamos. Son solo creencias. Pero nuestra condici\u00f3n humana no es racional sino emocional.<\/h5>\n<p><!--more--><\/p>\n<h5 style=\"text-align: justify;\">En realidad, los seres humanos usamos la raz\u00f3n con el prop\u00f3sito de justificar u ocultar nuestros deseos y emociones. No lo hacemos de manera intencional, esa es nuestra ontolog\u00eda humana. As\u00ed somos, emocionales, pero no queremos reconocerlo. Entonces, mediante la raz\u00f3n, sin propon\u00e9rnoslo, justificamos y ocultamos el car\u00e1cter emocional de nuestras acciones. Lo negamos, porque creemos que somos racionales, pero en realidad somos emocionales.<\/h5>\n<p style=\"text-align: justify;\">Casi nadie reconoce que sus decisiones tienen un sustento emocional. Todos afirmamos que nuestras acciones son racionales, y con la raz\u00f3n ocultamos y justificamos el sustrato emocional de nuestras acciones. Por ejemplo, t\u00fa tomas decisiones en tu vida, y las justificas racionalmente, para no reconocer que el fundamento de tu decisi\u00f3n es emocional. Y es as\u00ed porque son los deseos los que te gu\u00edan, no la raz\u00f3n. No hay pensamiento sin emoci\u00f3n.<\/p>\n<p style=\"text-align: justify;\">Nuestros pensamientos est\u00e1n configurados por las emociones, afectos y sentimientos. En realidad, el sentir determina el pensar, y \u00e9ste determina el actuar. Es cierto que actuamos acorde con nuestro pensamiento, con nuestra raz\u00f3n, pero pensamos y razonamos acorde con nuestras emociones y sentimientos. Dime lo que est\u00e1s sintiendo y te dir\u00e9 lo que est\u00e1s pensando, dime lo que est\u00e1s pensando y te dir\u00e9 lo que eres capaz de hacer y decir. Lo que hacemos y decimos en nuestra cotidianidad depende de lo que sentimos, de nuestras emociones. No hay acci\u00f3n sin emoci\u00f3n.<\/p>\n<p style=\"text-align: justify;\">\u00bfPodemos cambiar nuestra forma de actuar? S\u00ed. \u00bfC\u00f3mo? Cambiando nuestra emoci\u00f3n. Por cuanto en toda acci\u00f3n subyace al menos una emoci\u00f3n, si cambiamos las emociones por medio de las cuales fluye nuestra vida, tambi\u00e9n cambiar\u00e1n nuestras acciones. \u00bfY c\u00f3mo cambiamos una emoci\u00f3n? Por medio de la reflexi\u00f3n.<\/p>\n<p><img loading=\"lazy\" decoding=\"async\" class=\"alignnone size-full wp-image-56079\" src=\"https:\/\/webdelmaestrocmf.com\/portal\/wp-content\/uploads\/2020\/12\/1-25.png\" alt=\"\" width=\"1200\" height=\"628\" srcset=\"https:\/\/webdelmaestrocmf.com\/portal\/wp-content\/uploads\/2020\/12\/1-25.png 1200w, https:\/\/webdelmaestrocmf.com\/portal\/wp-content\/uploads\/2020\/12\/1-25-300x157.png 300w, https:\/\/webdelmaestrocmf.com\/portal\/wp-content\/uploads\/2020\/12\/1-25-1024x536.png 1024w, https:\/\/webdelmaestrocmf.com\/portal\/wp-content\/uploads\/2020\/12\/1-25-768x402.png 768w, https:\/\/webdelmaestrocmf.com\/portal\/wp-content\/uploads\/2020\/12\/1-25-110x58.png 110w, https:\/\/webdelmaestrocmf.com\/portal\/wp-content\/uploads\/2020\/12\/1-25-200x105.png 200w, https:\/\/webdelmaestrocmf.com\/portal\/wp-content\/uploads\/2020\/12\/1-25-380x199.png 380w, https:\/\/webdelmaestrocmf.com\/portal\/wp-content\/uploads\/2020\/12\/1-25-255x133.png 255w, https:\/\/webdelmaestrocmf.com\/portal\/wp-content\/uploads\/2020\/12\/1-25-550x288.png 550w, https:\/\/webdelmaestrocmf.com\/portal\/wp-content\/uploads\/2020\/12\/1-25-800x419.png 800w, https:\/\/webdelmaestrocmf.com\/portal\/wp-content\/uploads\/2020\/12\/1-25-1160x607.png 1160w, https:\/\/webdelmaestrocmf.com\/portal\/wp-content\/uploads\/2020\/12\/1-25-220x115.png 220w, https:\/\/webdelmaestrocmf.com\/portal\/wp-content\/uploads\/2020\/12\/1-25-400x209.png 400w, https:\/\/webdelmaestrocmf.com\/portal\/wp-content\/uploads\/2020\/12\/1-25-760x398.png 760w, https:\/\/webdelmaestrocmf.com\/portal\/wp-content\/uploads\/2020\/12\/1-25-510x267.png 510w, https:\/\/webdelmaestrocmf.com\/portal\/wp-content\/uploads\/2020\/12\/1-25-600x314.png 600w, https:\/\/webdelmaestrocmf.com\/portal\/wp-content\/uploads\/2020\/12\/1-25-1100x576.png 1100w\" sizes=\"auto, (max-width: 1200px) 100vw, 1200px\" \/><\/p>\n<p style=\"text-align: justify;\">La reflexi\u00f3n es una emoci\u00f3n. Cuando reflexionamos lo hacemos porque hemos tomado la decisi\u00f3n de hacerlo, y el acto de tomar la decisi\u00f3n de reflexionar no es racional sino emocional. Deseamos reflexionar.<\/p>\n<p style=\"text-align: justify;\">Cuando la raz\u00f3n toma conciencia de la emoci\u00f3n es porque hay otra emoci\u00f3n activa, la propia raz\u00f3n es emocional. Ontol\u00f3gicamente hablando la raz\u00f3n no existe.<\/p>\n<p style=\"text-align: justify;\">No existe el pensamiento.<\/p>\n<p style=\"text-align: justify;\">La raz\u00f3n y el pensamiento son conceptos creados por los seres humanos para dar cuenta de un acto emocional. La raz\u00f3n es una configuraci\u00f3n conceptual comprensiva, un signo. El pensamiento es una configuraci\u00f3n conceptual comprensiva, un signo. Lo \u00fanico que en realidad tenemos, ontol\u00f3gicamente hablando, son las emociones, y \u00e9stas gu\u00edan nuestras acciones. Esto lo que yo denomino biopraxis humana, eso es lo \u00fanico que tenemos. Pensar es vivir y vivir es pensar. Lo \u00fanico que tenemos es el vivir, las biopraxis, fragmentos de vivencias, experiencias y emociones. En nuestras biopraxis cotidianas subyacen las emociones.<\/p>\n<p style=\"text-align: justify;\">La raz\u00f3n y el pensamiento son configuraciones ling\u00fc\u00edsticas. La conciencia es una relaci\u00f3n emocional entre humanos, el \u00abyo\u00bb no tiene existencia ontol\u00f3gica. Yo existo porque existe el otro, o porque reflejo al otro en m\u00ed mismo. El yo es una relaci\u00f3n, la mente humana es una relaci\u00f3n con otro o conmigo mismo. Conciencia significa \u00abdarse cuenta\u00bb, y nos damos cuenta cuando sentimos, no cuando pensamos o razonamos. Estar consciente es sentir, emocionarse, y a la reflexi\u00f3n que hacemos de esa emoci\u00f3n o sentimiento le llamamos raz\u00f3n o pensamiento, pero en realidad es solo un concepto creado por el ser humano para dar cuenta de una \u201cacci\u00f3n superior\u201d (pensar, razonar).<\/p>\n<p style=\"text-align: justify;\">Los seres humanos somos los \u00fanicos seres vivos que tenemos la capacidad de modificar y cambiar nuestro mundo y a nosotros mismos mediante el lenguaje, a trav\u00e9s de la reflexi\u00f3n, del discurso, creando una nueva cultura. Y ese acto reflexivo no es racional, es emocional, porque para hacer la reflexi\u00f3n debemos querer hacerla, debemos desearlo, y esa acci\u00f3n de desearlo y quererlo es emocional, no racional.<\/p>\n<p style=\"text-align: justify;\">A partir de lo anterior, podemos afirmar que los seres humanos no somos racionales sino emocionales, y utilizamos la raz\u00f3n para justificar u ocultar las emociones que subyacen nuestras acciones, porque a lo largo de la historia hemos subvalorado las emociones y le hemos dado mayor importancia a la raz\u00f3n.<\/p>\n<p style=\"text-align: justify;\">Lo que debemos hacer es reconocer nuestra ontolog\u00eda humana, reconocer el car\u00e1cter emocional de nuestras acciones, y hacernos cargo de ellas; asumir sin miedo nuestras emociones, no ocultarlas, vivenciarlas, hacer que emerjan y asumir las consecuencia de ello; redireccionarlas sin temor, vivirlas a plenitud, y no ocultarlas o justificarlas mediante la \u00abraz\u00f3n\u00bb.<\/p>\n<p style=\"text-align: justify;\">Ese fue precisamente el error de Descartes: subordinar la existencia humana a la raz\u00f3n y al pensamiento, y quiz\u00e1 por eso nuestro mundo no es como lo deseamos. Nuestro mundo fuese muy diferente si Descartes en vez de decir Cogito, ergo Sum, hubiese dicho Emotio, ergo Cogito, Ergo Sum. O mejor: Emotio, ergo Sum; y mucho mejor: Amo, ergo Sum.<\/p>\n<p style=\"text-align: justify;\">.<\/p>\n<table class=\" alignleft\" border=\"0\" width=\"100%\" cellspacing=\"10\" cellpadding=\"10\">\n<tbody>\n<tr>\n<td style=\"text-align: center;\" width=\"30%\"><strong><img loading=\"lazy\" decoding=\"async\" class=\"size-full wp-image-50550 aligncenter\" src=\"https:\/\/webdelmaestrocmf.com\/portal\/wp-content\/uploads\/2020\/08\/1-copia-68.jpg\" alt=\"\" width=\"200\" height=\"200\" srcset=\"https:\/\/webdelmaestrocmf.com\/portal\/wp-content\/uploads\/2020\/08\/1-copia-68.jpg 200w, https:\/\/webdelmaestrocmf.com\/portal\/wp-content\/uploads\/2020\/08\/1-copia-68-150x150.jpg 150w, https:\/\/webdelmaestrocmf.com\/portal\/wp-content\/uploads\/2020\/08\/1-copia-68-80x80.jpg 80w, https:\/\/webdelmaestrocmf.com\/portal\/wp-content\/uploads\/2020\/08\/1-copia-68-110x110.jpg 110w, https:\/\/webdelmaestrocmf.com\/portal\/wp-content\/uploads\/2020\/08\/1-copia-68-160x160.jpg 160w\" sizes=\"auto, (max-width: 200px) 100vw, 200px\" \/><br \/>\nAutor:<\/strong> Alexander Ortiz Oca\u00f1a, ciudadano cubano-colombiano.<br \/>\nUniversidad del Magdalena Santa Marta, Colombia<br \/>\nDoctor en Ciencias Pedag\u00f3gicas, Universidad Pedag\u00f3gica de Holgu\u00edn, Cuba. Doctor Honoris Causa en Iberoam\u00e9rica, Consejo Iberoamericano en Honor a la Calidad Educativa (CIHCE), Lima. Per\u00fa. Mag\u00edster en Gesti\u00f3n Educativa en Iberoam\u00e9rica, CIHCE, Lima, Per\u00fa. Mag\u00edster en Pedagog\u00eda Profesional, Universidad Pedag\u00f3gica y Tecnol\u00f3gica de la Habana. Licenciado en Educaci\u00f3n.<br \/>\n<strong style=\"font-family: inherit; font-size: inherit; background-color: transparent;\">Correo electr\u00f3nico:<\/strong> <a style=\"font-family: inherit; font-size: inherit; background-color: transparent;\" href=\"mailto:aortiz@unimagdalena.edu.co\">aortiz@unimagdalena.edu.co<\/a><span style=\"font-family: inherit; font-size: inherit; background-color: transparent;\"> \/ <a href=\"mailto:alexanderortiz5000@gmail.com\">alexanderortiz5000@gmail.com<\/a><\/span><\/td>\n<\/tr>\n<\/tbody>\n<\/table>\n<p style=\"text-align: left;\">.<\/p>\n\t\t<div class=\"pk-inline-posts\">\n\t\t\t\n\t\t\t<div class=\"pk-inline-posts-container pk-inline-posts-template-list\"\n\t\t\t\tdata-columns=\"1\">\n\t\t\t\t\t\t<article id=\"post-105999\" class=\"post-105999 post type-post status-publish format-standard has-post-thumbnail category-colaborador category-z-colaboradores-alexander-ortiz tag-alexander-ortiz tag-exhala tag-inhala tag-respira tag-suspira cs-entry cs-video-wrap\">\n\t\t\t<div class=\"pk-post-outer\">\n\n\t\t\t\t\t\t\t\t<div class=\"pk-post-inner\">\n\t\t\t\t\t<div class=\"entry-thumbnail\">\n\t\t\t\t\t\t<div class=\"pk-overlay pk-overlay-ratio pk-ratio-landscape\">\n\t\t\t\t\t\t\t<div class=\"pk-overlay-background\">\n\t\t\t\t\t\t\t\t<a href=\"https:\/\/webdelmaestrocmf.com\/portal\/alexander-ortiz-el-giro-emocional-devolverse-hacia-la-apertura-mental-mediante-la-estrategia-ries-respira-inhala-exhala-y-suspira\/\" class=\"pk-overlay-link\">\n\t\t\t\t\t\t\t\t\t<img loading=\"lazy\" decoding=\"async\" width=\"300\" height=\"225\" src=\"https:\/\/webdelmaestrocmf.com\/portal\/wp-content\/uploads\/2024\/06\/Banner-1-portada-imagen-10-1-2024-06-12T215842.738-300x225.jpg\" class=\"attachment-pk-thumbnail size-pk-thumbnail wp-post-image\" alt=\"\" \/>\t\t\t\t\t\t\t\t<\/a>\n\t\t\t\t\t\t\t<\/div>\n\t\t\t\t\t\t<\/div>\n\t\t\t\t\t<\/div>\n\t\t\t\t<\/div>\n\t\t\t\t\n\t\t\t\t<div class=\"pk-post-inner\">\n\t\t\t\t\t<header>\n\t\t\t\t\t\t<h3 class=\"pk-title\"><a href=\"https:\/\/webdelmaestrocmf.com\/portal\/alexander-ortiz-el-giro-emocional-devolverse-hacia-la-apertura-mental-mediante-la-estrategia-ries-respira-inhala-exhala-y-suspira\/\" rel=\"bookmark\">[Alexander Ortiz] El giro emocional: devolverse hacia la apertura mental, mediante la Estrategia R\u00cdES: Respira, Inhala, Exhala y Suspira.<\/a><\/h3>\t\t\t\t\t<\/header><!-- .entry-header -->\n\t\t\t\t<\/div><!-- .post-inner -->\n\n\t\t\t<\/div><!-- .post-outer -->\n\t\t<\/article>\n\t\t\t\t<\/div>\n\t\t<\/div>\n\t\t\n","protected":false},"excerpt":{"rendered":"A lo largo de nuestra historia, los seres humanos siempre hemos pensado que somos seres eminentemente racionales. Es&hellip;","protected":false},"author":1,"featured_media":56078,"comment_status":"open","ping_status":"closed","sticky":false,"template":"","format":"standard","meta":{"csco_display_header_overlay":false,"csco_singular_sidebar":"default","csco_page_header_type":"default","csco_page_load_nextpost":"default","csco_post_video_location":[],"csco_post_video_location_hash":"","csco_post_video_url":"","csco_post_video_bg_start_time":0,"csco_post_video_bg_end_time":0,"csco_post_video_bg_volume":false,"_jetpack_memberships_contains_paid_content":false,"footnotes":""},"categories":[1790,5156],"tags":[5141,1789,6213,6210,6212],"class_list":{"0":"post-56076","1":"post","2":"type-post","3":"status-publish","4":"format-standard","5":"has-post-thumbnail","7":"category-colaborador","8":"category-z-colaboradores-alexander-ortiz","9":"tag-alexander-ortiz","10":"tag-emocion","11":"tag-paradoja","12":"tag-razon","13":"tag-versus","14":"cs-entry","15":"cs-video-wrap"},"yoast_head":"<!-- This site is optimized with the Yoast SEO plugin v27.5 - https:\/\/yoast.com\/product\/yoast-seo-wordpress\/ -->\n<title>[Alexander Ortiz] Emoci\u00f3n versus raz\u00f3n: \u00bfuna paradoja? - 2026<\/title>\n<meta name=\"description\" content=\"A lo largo de nuestra historia, los seres humanos siempre hemos pensado que somos seres eminentemente racionales.\" \/>\n<meta name=\"robots\" content=\"index, follow, max-snippet:-1, max-image-preview:large, max-video-preview:-1\" \/>\n<link rel=\"canonical\" href=\"https:\/\/webdelmaestrocmf.com\/portal\/alexander-ortiz-emocion-versus-razon-una-paradoja\/\" \/>\n<meta property=\"og:locale\" content=\"es_ES\" \/>\n<meta property=\"og:type\" content=\"article\" \/>\n<meta property=\"og:title\" content=\"[Alexander Ortiz] Emoci\u00f3n versus raz\u00f3n: \u00bfuna paradoja? - 2026\" \/>\n<meta property=\"og:description\" content=\"A lo largo de nuestra historia, los seres humanos siempre hemos pensado que somos seres eminentemente racionales.\" \/>\n<meta property=\"og:url\" content=\"https:\/\/webdelmaestrocmf.com\/portal\/alexander-ortiz-emocion-versus-razon-una-paradoja\/\" \/>\n<meta property=\"og:site_name\" content=\"Web del Maestro CMF\" \/>\n<meta property=\"article:publisher\" content=\"https:\/\/www.facebook.com\/WebdelMaestroCMF\/\" \/>\n<meta property=\"article:author\" content=\"https:\/\/www.facebook.com\/WebdelMaestroCMF\/\" \/>\n<meta property=\"article:published_time\" content=\"2020-12-18T17:46:59+00:00\" \/>\n<meta property=\"article:modified_time\" content=\"2020-12-18T17:49:42+00:00\" \/>\n<meta property=\"og:image\" content=\"https:\/\/i0.wp.com\/webdelmaestrocmf.com\/portal\/wp-content\/uploads\/2020\/12\/1-copia-52.jpg?fit=1100%2C680&ssl=1\" \/>\n\t<meta property=\"og:image:width\" content=\"1100\" \/>\n\t<meta property=\"og:image:height\" content=\"680\" \/>\n\t<meta property=\"og:image:type\" content=\"image\/jpeg\" \/>\n<meta name=\"author\" content=\"Web del Maestro CMF\" \/>\n<meta name=\"twitter:card\" content=\"summary_large_image\" \/>\n<meta name=\"twitter:creator\" content=\"@cmf_w\" \/>\n<meta name=\"twitter:site\" content=\"@cmf_w\" \/>\n<script type=\"application\/ld+json\" class=\"yoast-schema-graph\">{\"@context\":\"https:\\\/\\\/schema.org\",\"@graph\":[{\"@type\":\"ScholarlyArticle\",\"@id\":\"https:\\\/\\\/webdelmaestrocmf.com\\\/portal\\\/alexander-ortiz-emocion-versus-razon-una-paradoja\\\/#article\",\"isPartOf\":{\"@id\":\"https:\\\/\\\/webdelmaestrocmf.com\\\/portal\\\/alexander-ortiz-emocion-versus-razon-una-paradoja\\\/\"},\"author\":{\"name\":\"Web del Maestro CMF\",\"@id\":\"https:\\\/\\\/webdelmaestrocmf.com\\\/portal\\\/#\\\/schema\\\/person\\\/1072a2ed7bd960df8ef99a551fa35dc5\"},\"headline\":\"[Alexander Ortiz] Emoci\u00f3n versus raz\u00f3n: \u00bfuna paradoja?\",\"datePublished\":\"2020-12-18T17:46:59+00:00\",\"dateModified\":\"2020-12-18T17:49:42+00:00\",\"mainEntityOfPage\":{\"@id\":\"https:\\\/\\\/webdelmaestrocmf.com\\\/portal\\\/alexander-ortiz-emocion-versus-razon-una-paradoja\\\/\"},\"wordCount\":992,\"commentCount\":0,\"publisher\":{\"@id\":\"https:\\\/\\\/webdelmaestrocmf.com\\\/portal\\\/#organization\"},\"image\":{\"@id\":\"https:\\\/\\\/webdelmaestrocmf.com\\\/portal\\\/alexander-ortiz-emocion-versus-razon-una-paradoja\\\/#primaryimage\"},\"thumbnailUrl\":\"https:\\\/\\\/webdelmaestrocmf.com\\\/portal\\\/wp-content\\\/uploads\\\/2020\\\/12\\\/1-copia-52.jpg\",\"keywords\":[\"Alexander Ortiz\",\"EMOCI\u00f3n\",\"paradoja\",\"raz\u00f3n\",\"versus\"],\"articleSection\":[\"Z-Colaboradores\",\"Z-Colaboradores-Alexander-Ortiz\"],\"inLanguage\":\"es\",\"potentialAction\":[{\"@type\":\"CommentAction\",\"name\":\"Comment\",\"target\":[\"https:\\\/\\\/webdelmaestrocmf.com\\\/portal\\\/alexander-ortiz-emocion-versus-razon-una-paradoja\\\/#respond\"]}]},{\"@type\":\"WebPage\",\"@id\":\"https:\\\/\\\/webdelmaestrocmf.com\\\/portal\\\/alexander-ortiz-emocion-versus-razon-una-paradoja\\\/\",\"url\":\"https:\\\/\\\/webdelmaestrocmf.com\\\/portal\\\/alexander-ortiz-emocion-versus-razon-una-paradoja\\\/\",\"name\":\"[Alexander Ortiz] Emoci\u00f3n versus raz\u00f3n: \u00bfuna paradoja? - 2026\",\"isPartOf\":{\"@id\":\"https:\\\/\\\/webdelmaestrocmf.com\\\/portal\\\/#website\"},\"primaryImageOfPage\":{\"@id\":\"https:\\\/\\\/webdelmaestrocmf.com\\\/portal\\\/alexander-ortiz-emocion-versus-razon-una-paradoja\\\/#primaryimage\"},\"image\":{\"@id\":\"https:\\\/\\\/webdelmaestrocmf.com\\\/portal\\\/alexander-ortiz-emocion-versus-razon-una-paradoja\\\/#primaryimage\"},\"thumbnailUrl\":\"https:\\\/\\\/webdelmaestrocmf.com\\\/portal\\\/wp-content\\\/uploads\\\/2020\\\/12\\\/1-copia-52.jpg\",\"datePublished\":\"2020-12-18T17:46:59+00:00\",\"dateModified\":\"2020-12-18T17:49:42+00:00\",\"description\":\"A lo largo de nuestra historia, los seres humanos siempre hemos pensado que somos seres eminentemente racionales.\",\"breadcrumb\":{\"@id\":\"https:\\\/\\\/webdelmaestrocmf.com\\\/portal\\\/alexander-ortiz-emocion-versus-razon-una-paradoja\\\/#breadcrumb\"},\"inLanguage\":\"es\",\"potentialAction\":[{\"@type\":\"ReadAction\",\"target\":[\"https:\\\/\\\/webdelmaestrocmf.com\\\/portal\\\/alexander-ortiz-emocion-versus-razon-una-paradoja\\\/\"]}]},{\"@type\":\"ImageObject\",\"inLanguage\":\"es\",\"@id\":\"https:\\\/\\\/webdelmaestrocmf.com\\\/portal\\\/alexander-ortiz-emocion-versus-razon-una-paradoja\\\/#primaryimage\",\"url\":\"https:\\\/\\\/webdelmaestrocmf.com\\\/portal\\\/wp-content\\\/uploads\\\/2020\\\/12\\\/1-copia-52.jpg\",\"contentUrl\":\"https:\\\/\\\/webdelmaestrocmf.com\\\/portal\\\/wp-content\\\/uploads\\\/2020\\\/12\\\/1-copia-52.jpg\",\"width\":1100,\"height\":680},{\"@type\":\"BreadcrumbList\",\"@id\":\"https:\\\/\\\/webdelmaestrocmf.com\\\/portal\\\/alexander-ortiz-emocion-versus-razon-una-paradoja\\\/#breadcrumb\",\"itemListElement\":[{\"@type\":\"ListItem\",\"position\":1,\"name\":\"Portada\",\"item\":\"https:\\\/\\\/webdelmaestrocmf.com\\\/portal\\\/\"},{\"@type\":\"ListItem\",\"position\":2,\"name\":\"Z-Colaboradores\",\"item\":\"https:\\\/\\\/webdelmaestrocmf.com\\\/portal\\\/category\\\/colaborador\\\/\"},{\"@type\":\"ListItem\",\"position\":3,\"name\":\"[Alexander Ortiz] Emoci\u00f3n versus raz\u00f3n: \u00bfuna paradoja?\"}]},{\"@type\":\"WebSite\",\"@id\":\"https:\\\/\\\/webdelmaestrocmf.com\\\/portal\\\/#website\",\"url\":\"https:\\\/\\\/webdelmaestrocmf.com\\\/portal\\\/\",\"name\":\"Web del Maestro CMF\",\"description\":\"Maestros al servicio de la educaci\u00f3n\",\"publisher\":{\"@id\":\"https:\\\/\\\/webdelmaestrocmf.com\\\/portal\\\/#organization\"},\"alternateName\":\"WMCMF\",\"potentialAction\":[{\"@type\":\"SearchAction\",\"target\":{\"@type\":\"EntryPoint\",\"urlTemplate\":\"https:\\\/\\\/webdelmaestrocmf.com\\\/portal\\\/?s={search_term_string}\"},\"query-input\":{\"@type\":\"PropertyValueSpecification\",\"valueRequired\":true,\"valueName\":\"search_term_string\"}}],\"inLanguage\":\"es\"},{\"@type\":\"Organization\",\"@id\":\"https:\\\/\\\/webdelmaestrocmf.com\\\/portal\\\/#organization\",\"name\":\"Web del Maestro CMF\",\"alternateName\":\"WMCMF\",\"url\":\"https:\\\/\\\/webdelmaestrocmf.com\\\/portal\\\/\",\"logo\":{\"@type\":\"ImageObject\",\"inLanguage\":\"es\",\"@id\":\"https:\\\/\\\/webdelmaestrocmf.com\\\/portal\\\/#\\\/schema\\\/logo\\\/image\\\/\",\"url\":\"https:\\\/\\\/webdelmaestrocmf.com\\\/portal\\\/wp-content\\\/uploads\\\/2023\\\/01\\\/logo-wmcmf-2.png\",\"contentUrl\":\"https:\\\/\\\/webdelmaestrocmf.com\\\/portal\\\/wp-content\\\/uploads\\\/2023\\\/01\\\/logo-wmcmf-2.png\",\"width\":200,\"height\":60,\"caption\":\"Web del Maestro CMF\"},\"image\":{\"@id\":\"https:\\\/\\\/webdelmaestrocmf.com\\\/portal\\\/#\\\/schema\\\/logo\\\/image\\\/\"},\"sameAs\":[\"https:\\\/\\\/www.facebook.com\\\/WebdelMaestroCMF\\\/\",\"https:\\\/\\\/x.com\\\/cmf_w\",\"https:\\\/\\\/www.pinterest.com\\\/WMCMF\\\/\",\"https:\\\/\\\/www.linkedin.com\\\/company\\\/web-del-maestro-cmf\\\/\",\"https:\\\/\\\/www.instagram.com\\\/wmcmf\\\/\",\"https:\\\/\\\/www.youtube.com\\\/channel\\\/UCDPSvjbdodE5sHnC3OxutHw\",\"https:\\\/\\\/mastodon.social\\\/@wmcmf\",\"https:\\\/\\\/www.tiktok.com\\\/@webdelmaestrocmf\"]},{\"@type\":\"Person\",\"@id\":\"https:\\\/\\\/webdelmaestrocmf.com\\\/portal\\\/#\\\/schema\\\/person\\\/1072a2ed7bd960df8ef99a551fa35dc5\",\"name\":\"Web del Maestro CMF\",\"image\":{\"@type\":\"ImageObject\",\"inLanguage\":\"es\",\"@id\":\"https:\\\/\\\/secure.gravatar.com\\\/avatar\\\/23291dd5b5ae1077dcff3dbb04c3e02bd28403fa75af6d8787d5e97c5bbbe30b?s=96&d=mm&r=g\",\"url\":\"https:\\\/\\\/secure.gravatar.com\\\/avatar\\\/23291dd5b5ae1077dcff3dbb04c3e02bd28403fa75af6d8787d5e97c5bbbe30b?s=96&d=mm&r=g\",\"contentUrl\":\"https:\\\/\\\/secure.gravatar.com\\\/avatar\\\/23291dd5b5ae1077dcff3dbb04c3e02bd28403fa75af6d8787d5e97c5bbbe30b?s=96&d=mm&r=g\",\"caption\":\"Web del Maestro CMF\"},\"description\":\"Esta Web se cre\u00f3 sin fines de lucro, con fines educativos, cient\u00edficos y acad\u00e9micos, para personas que tengan dificultades y\\\/o inconvenientes en visualizar el material original. El objetivo es entregar recursos, compartir experiencias y materiales que ayuden a los padres de familia, maestros y estudiantes en su actualizaci\u00f3n y formaci\u00f3n permanente, en bien de la Educaci\u00f3n.\",\"sameAs\":[\"http:\\\/\\\/webdelmaestrocmf.com\\\/portal\",\"https:\\\/\\\/www.facebook.com\\\/WebdelMaestroCMF\\\/\",\"https:\\\/\\\/www.instagram.com\\\/wmcmf\\\/\",\"https:\\\/\\\/cl.linkedin.com\\\/company\\\/web-del-maestro-cmf\",\"https:\\\/\\\/www.pinterest.com\\\/WMCMF\\\/publicaciones\\\/\",\"https:\\\/\\\/x.com\\\/cmf_w\",\"https:\\\/\\\/www.youtube.com\\\/@WMCMF\"]}]}<\/script>\n<!-- \/ Yoast SEO plugin. -->","yoast_head_json":{"title":"[Alexander Ortiz] Emoci\u00f3n versus raz\u00f3n: \u00bfuna paradoja? - 2026","description":"A lo largo de nuestra historia, los seres humanos siempre hemos pensado que somos seres eminentemente racionales.","robots":{"index":"index","follow":"follow","max-snippet":"max-snippet:-1","max-image-preview":"max-image-preview:large","max-video-preview":"max-video-preview:-1"},"canonical":"https:\/\/webdelmaestrocmf.com\/portal\/alexander-ortiz-emocion-versus-razon-una-paradoja\/","og_locale":"es_ES","og_type":"article","og_title":"[Alexander Ortiz] Emoci\u00f3n versus raz\u00f3n: \u00bfuna paradoja? - 2026","og_description":"A lo largo de nuestra historia, los seres humanos siempre hemos pensado que somos seres eminentemente racionales.","og_url":"https:\/\/webdelmaestrocmf.com\/portal\/alexander-ortiz-emocion-versus-razon-una-paradoja\/","og_site_name":"Web del Maestro CMF","article_publisher":"https:\/\/www.facebook.com\/WebdelMaestroCMF\/","article_author":"https:\/\/www.facebook.com\/WebdelMaestroCMF\/","article_published_time":"2020-12-18T17:46:59+00:00","article_modified_time":"2020-12-18T17:49:42+00:00","og_image":[{"width":1100,"height":680,"url":"https:\/\/i0.wp.com\/webdelmaestrocmf.com\/portal\/wp-content\/uploads\/2020\/12\/1-copia-52.jpg?fit=1100%2C680&ssl=1","type":"image\/jpeg"}],"author":"Web del Maestro CMF","twitter_card":"summary_large_image","twitter_creator":"@cmf_w","twitter_site":"@cmf_w","schema":{"@context":"https:\/\/schema.org","@graph":[{"@type":"ScholarlyArticle","@id":"https:\/\/webdelmaestrocmf.com\/portal\/alexander-ortiz-emocion-versus-razon-una-paradoja\/#article","isPartOf":{"@id":"https:\/\/webdelmaestrocmf.com\/portal\/alexander-ortiz-emocion-versus-razon-una-paradoja\/"},"author":{"name":"Web del Maestro CMF","@id":"https:\/\/webdelmaestrocmf.com\/portal\/#\/schema\/person\/1072a2ed7bd960df8ef99a551fa35dc5"},"headline":"[Alexander Ortiz] Emoci\u00f3n versus raz\u00f3n: \u00bfuna paradoja?","datePublished":"2020-12-18T17:46:59+00:00","dateModified":"2020-12-18T17:49:42+00:00","mainEntityOfPage":{"@id":"https:\/\/webdelmaestrocmf.com\/portal\/alexander-ortiz-emocion-versus-razon-una-paradoja\/"},"wordCount":992,"commentCount":0,"publisher":{"@id":"https:\/\/webdelmaestrocmf.com\/portal\/#organization"},"image":{"@id":"https:\/\/webdelmaestrocmf.com\/portal\/alexander-ortiz-emocion-versus-razon-una-paradoja\/#primaryimage"},"thumbnailUrl":"https:\/\/webdelmaestrocmf.com\/portal\/wp-content\/uploads\/2020\/12\/1-copia-52.jpg","keywords":["Alexander Ortiz","EMOCI\u00f3n","paradoja","raz\u00f3n","versus"],"articleSection":["Z-Colaboradores","Z-Colaboradores-Alexander-Ortiz"],"inLanguage":"es","potentialAction":[{"@type":"CommentAction","name":"Comment","target":["https:\/\/webdelmaestrocmf.com\/portal\/alexander-ortiz-emocion-versus-razon-una-paradoja\/#respond"]}]},{"@type":"WebPage","@id":"https:\/\/webdelmaestrocmf.com\/portal\/alexander-ortiz-emocion-versus-razon-una-paradoja\/","url":"https:\/\/webdelmaestrocmf.com\/portal\/alexander-ortiz-emocion-versus-razon-una-paradoja\/","name":"[Alexander Ortiz] Emoci\u00f3n versus raz\u00f3n: \u00bfuna paradoja? - 2026","isPartOf":{"@id":"https:\/\/webdelmaestrocmf.com\/portal\/#website"},"primaryImageOfPage":{"@id":"https:\/\/webdelmaestrocmf.com\/portal\/alexander-ortiz-emocion-versus-razon-una-paradoja\/#primaryimage"},"image":{"@id":"https:\/\/webdelmaestrocmf.com\/portal\/alexander-ortiz-emocion-versus-razon-una-paradoja\/#primaryimage"},"thumbnailUrl":"https:\/\/webdelmaestrocmf.com\/portal\/wp-content\/uploads\/2020\/12\/1-copia-52.jpg","datePublished":"2020-12-18T17:46:59+00:00","dateModified":"2020-12-18T17:49:42+00:00","description":"A lo largo de nuestra historia, los seres humanos siempre hemos pensado que somos seres eminentemente racionales.","breadcrumb":{"@id":"https:\/\/webdelmaestrocmf.com\/portal\/alexander-ortiz-emocion-versus-razon-una-paradoja\/#breadcrumb"},"inLanguage":"es","potentialAction":[{"@type":"ReadAction","target":["https:\/\/webdelmaestrocmf.com\/portal\/alexander-ortiz-emocion-versus-razon-una-paradoja\/"]}]},{"@type":"ImageObject","inLanguage":"es","@id":"https:\/\/webdelmaestrocmf.com\/portal\/alexander-ortiz-emocion-versus-razon-una-paradoja\/#primaryimage","url":"https:\/\/webdelmaestrocmf.com\/portal\/wp-content\/uploads\/2020\/12\/1-copia-52.jpg","contentUrl":"https:\/\/webdelmaestrocmf.com\/portal\/wp-content\/uploads\/2020\/12\/1-copia-52.jpg","width":1100,"height":680},{"@type":"BreadcrumbList","@id":"https:\/\/webdelmaestrocmf.com\/portal\/alexander-ortiz-emocion-versus-razon-una-paradoja\/#breadcrumb","itemListElement":[{"@type":"ListItem","position":1,"name":"Portada","item":"https:\/\/webdelmaestrocmf.com\/portal\/"},{"@type":"ListItem","position":2,"name":"Z-Colaboradores","item":"https:\/\/webdelmaestrocmf.com\/portal\/category\/colaborador\/"},{"@type":"ListItem","position":3,"name":"[Alexander Ortiz] Emoci\u00f3n versus raz\u00f3n: \u00bfuna paradoja?"}]},{"@type":"WebSite","@id":"https:\/\/webdelmaestrocmf.com\/portal\/#website","url":"https:\/\/webdelmaestrocmf.com\/portal\/","name":"Web del Maestro CMF","description":"Maestros al servicio de la educaci\u00f3n","publisher":{"@id":"https:\/\/webdelmaestrocmf.com\/portal\/#organization"},"alternateName":"WMCMF","potentialAction":[{"@type":"SearchAction","target":{"@type":"EntryPoint","urlTemplate":"https:\/\/webdelmaestrocmf.com\/portal\/?s={search_term_string}"},"query-input":{"@type":"PropertyValueSpecification","valueRequired":true,"valueName":"search_term_string"}}],"inLanguage":"es"},{"@type":"Organization","@id":"https:\/\/webdelmaestrocmf.com\/portal\/#organization","name":"Web del Maestro CMF","alternateName":"WMCMF","url":"https:\/\/webdelmaestrocmf.com\/portal\/","logo":{"@type":"ImageObject","inLanguage":"es","@id":"https:\/\/webdelmaestrocmf.com\/portal\/#\/schema\/logo\/image\/","url":"https:\/\/webdelmaestrocmf.com\/portal\/wp-content\/uploads\/2023\/01\/logo-wmcmf-2.png","contentUrl":"https:\/\/webdelmaestrocmf.com\/portal\/wp-content\/uploads\/2023\/01\/logo-wmcmf-2.png","width":200,"height":60,"caption":"Web del Maestro CMF"},"image":{"@id":"https:\/\/webdelmaestrocmf.com\/portal\/#\/schema\/logo\/image\/"},"sameAs":["https:\/\/www.facebook.com\/WebdelMaestroCMF\/","https:\/\/x.com\/cmf_w","https:\/\/www.pinterest.com\/WMCMF\/","https:\/\/www.linkedin.com\/company\/web-del-maestro-cmf\/","https:\/\/www.instagram.com\/wmcmf\/","https:\/\/www.youtube.com\/channel\/UCDPSvjbdodE5sHnC3OxutHw","https:\/\/mastodon.social\/@wmcmf","https:\/\/www.tiktok.com\/@webdelmaestrocmf"]},{"@type":"Person","@id":"https:\/\/webdelmaestrocmf.com\/portal\/#\/schema\/person\/1072a2ed7bd960df8ef99a551fa35dc5","name":"Web del Maestro CMF","image":{"@type":"ImageObject","inLanguage":"es","@id":"https:\/\/secure.gravatar.com\/avatar\/23291dd5b5ae1077dcff3dbb04c3e02bd28403fa75af6d8787d5e97c5bbbe30b?s=96&d=mm&r=g","url":"https:\/\/secure.gravatar.com\/avatar\/23291dd5b5ae1077dcff3dbb04c3e02bd28403fa75af6d8787d5e97c5bbbe30b?s=96&d=mm&r=g","contentUrl":"https:\/\/secure.gravatar.com\/avatar\/23291dd5b5ae1077dcff3dbb04c3e02bd28403fa75af6d8787d5e97c5bbbe30b?s=96&d=mm&r=g","caption":"Web del Maestro CMF"},"description":"Esta Web se cre\u00f3 sin fines de lucro, con fines educativos, cient\u00edficos y acad\u00e9micos, para personas que tengan dificultades y\/o inconvenientes en visualizar el material original. El objetivo es entregar recursos, compartir experiencias y materiales que ayuden a los padres de familia, maestros y estudiantes en su actualizaci\u00f3n y formaci\u00f3n permanente, en bien de la Educaci\u00f3n.","sameAs":["http:\/\/webdelmaestrocmf.com\/portal","https:\/\/www.facebook.com\/WebdelMaestroCMF\/","https:\/\/www.instagram.com\/wmcmf\/","https:\/\/cl.linkedin.com\/company\/web-del-maestro-cmf","https:\/\/www.pinterest.com\/WMCMF\/publicaciones\/","https:\/\/x.com\/cmf_w","https:\/\/www.youtube.com\/@WMCMF"]}]}},"jetpack_featured_media_url":"https:\/\/webdelmaestrocmf.com\/portal\/wp-content\/uploads\/2020\/12\/1-copia-52.jpg","jetpack_sharing_enabled":true,"jetpack-related-posts":[{"id":79805,"url":"https:\/\/webdelmaestrocmf.com\/portal\/alexander-ortiz-razon-emocional-los-seres-humanos-no-somos-racionales-somos-emocionales\/","url_meta":{"origin":56076,"position":0},"title":"[Alexander Ortiz] Raz\u00f3n Emocional: los seres humanos no somos racionales, somos emocionales","author":"Web del Maestro CMF","date":"29 agosto, 2022","format":false,"excerpt":"Seg\u00fan Humberto Maturana, para saber c\u00f3mo vive cualquier ser vivo es necesario observar las emociones en las que fluye, y viceversa, al conocer c\u00f3mo vive un ser vivo, es posible distinguir las emociones que sustentan su existencia. Toda acci\u00f3n se sustenta en una emoci\u00f3n. Toda biopraxis humana es gratificante debido\u2026","rel":"","context":"En \u00abZ-Colaboradores\u00bb","block_context":{"text":"Z-Colaboradores","link":"https:\/\/webdelmaestrocmf.com\/portal\/category\/colaborador\/"},"img":{"alt_text":"","src":"https:\/\/i0.wp.com\/webdelmaestrocmf.com\/portal\/wp-content\/uploads\/2022\/08\/1-67.jpg?resize=350%2C200&ssl=1","width":350,"height":200,"srcset":"https:\/\/i0.wp.com\/webdelmaestrocmf.com\/portal\/wp-content\/uploads\/2022\/08\/1-67.jpg?resize=350%2C200&ssl=1 1x, https:\/\/i0.wp.com\/webdelmaestrocmf.com\/portal\/wp-content\/uploads\/2022\/08\/1-67.jpg?resize=525%2C300&ssl=1 1.5x, https:\/\/i0.wp.com\/webdelmaestrocmf.com\/portal\/wp-content\/uploads\/2022\/08\/1-67.jpg?resize=700%2C400&ssl=1 2x"},"classes":[]},{"id":77814,"url":"https:\/\/webdelmaestrocmf.com\/portal\/alexander-ortiz-que-es-el-pensamiento-que-significa-pensar\/","url_meta":{"origin":56076,"position":1},"title":"[Alexander Ortiz] \u00bfQu\u00e9 es el Pensamiento? \u00bfQu\u00e9 significa pensar?","author":"Web del Maestro CMF","date":"22 junio, 2022","format":false,"excerpt":"El conocimiento evoluciona junto con el ser humano que conoce y no como una repre\u00adsentaci\u00f3n exterior, es decir, objetiva. El conocimiento no es una fotograf\u00eda del entorno que nos rodea, es una configuraci\u00f3n personal del sujeto que conoce y evoluciona con \u00e9ste. La vida, la conciencia, la mente y el\u2026","rel":"","context":"En \u00abZ-Colaboradores\u00bb","block_context":{"text":"Z-Colaboradores","link":"https:\/\/webdelmaestrocmf.com\/portal\/category\/colaborador\/"},"img":{"alt_text":"","src":"https:\/\/i0.wp.com\/webdelmaestrocmf.com\/portal\/wp-content\/uploads\/2022\/06\/1-4-20220622-194343.jpg?resize=350%2C200&ssl=1","width":350,"height":200,"srcset":"https:\/\/i0.wp.com\/webdelmaestrocmf.com\/portal\/wp-content\/uploads\/2022\/06\/1-4-20220622-194343.jpg?resize=350%2C200&ssl=1 1x, https:\/\/i0.wp.com\/webdelmaestrocmf.com\/portal\/wp-content\/uploads\/2022\/06\/1-4-20220622-194343.jpg?resize=525%2C300&ssl=1 1.5x, https:\/\/i0.wp.com\/webdelmaestrocmf.com\/portal\/wp-content\/uploads\/2022\/06\/1-4-20220622-194343.jpg?resize=700%2C400&ssl=1 2x, https:\/\/i0.wp.com\/webdelmaestrocmf.com\/portal\/wp-content\/uploads\/2022\/06\/1-4-20220622-194343.jpg?resize=1050%2C600&ssl=1 3x"},"classes":[]},{"id":68987,"url":"https:\/\/webdelmaestrocmf.com\/portal\/alexander-ortiz-la-configuracion-de-la-afectividad-humana-afectos-emociones-y-sentimientos\/","url_meta":{"origin":56076,"position":2},"title":"[Alexander Ortiz] La configuraci\u00f3n de la afectividad humana: afectos, emociones y sentimientos","author":"Web del Maestro CMF","date":"8 octubre, 2021","format":false,"excerpt":"Desde el mismo momento en que la configuraci\u00f3n cognitiva genera el primer conocimiento, de manera simult\u00e1nea emergen las operaciones afectivas, encargadas de valorar los conocimientos, para decidir y optar. Estas operaciones afectivas constituyen las acciones mediante las cuales se configuran los procesos afectivos que est\u00e1n identificadas por los afectos, las\u2026","rel":"","context":"En \u00abZ-Colaboradores\u00bb","block_context":{"text":"Z-Colaboradores","link":"https:\/\/webdelmaestrocmf.com\/portal\/category\/colaborador\/"},"img":{"alt_text":"","src":"https:\/\/i0.wp.com\/webdelmaestrocmf.com\/portal\/wp-content\/uploads\/2021\/10\/1-49.jpg?resize=350%2C200&ssl=1","width":350,"height":200,"srcset":"https:\/\/i0.wp.com\/webdelmaestrocmf.com\/portal\/wp-content\/uploads\/2021\/10\/1-49.jpg?resize=350%2C200&ssl=1 1x, https:\/\/i0.wp.com\/webdelmaestrocmf.com\/portal\/wp-content\/uploads\/2021\/10\/1-49.jpg?resize=525%2C300&ssl=1 1.5x, https:\/\/i0.wp.com\/webdelmaestrocmf.com\/portal\/wp-content\/uploads\/2021\/10\/1-49.jpg?resize=700%2C400&ssl=1 2x, https:\/\/i0.wp.com\/webdelmaestrocmf.com\/portal\/wp-content\/uploads\/2021\/10\/1-49.jpg?resize=1050%2C600&ssl=1 3x"},"classes":[]},{"id":105996,"url":"https:\/\/webdelmaestrocmf.com\/portal\/alexander-ortiz-reflexiones-configurativas-sobre-el-valor-publico-de-la-educacion-a-traves-de-la-equidad-eficiencia-y-legitimidad-un-simposio-internacional-desarrollado-en-la-universidad-de-harvar\/","url_meta":{"origin":56076,"position":3},"title":"[Alexander Ortiz] La configuraci\u00f3n de la afectividad humana: afectos, emociones y sentimientos","author":"Web del Maestro CMF","date":"12 junio, 2024","format":false,"excerpt":"Desde el mismo momento en que la configuraci\u00f3n cognitiva genera el primer conocimiento, de manera simult\u00e1nea emergen las operaciones afectivas, encargadas de valorar los conocimientos, para decidir y optar. Estas operaciones afectivas constituyen las acciones mediante las cuales se configuran los procesos afectivos que est\u00e1n identificadas por los afectos, las\u2026","rel":"","context":"En \u00abZ-Colaboradores\u00bb","block_context":{"text":"Z-Colaboradores","link":"https:\/\/webdelmaestrocmf.com\/portal\/category\/colaborador\/"},"img":{"alt_text":"","src":"https:\/\/i0.wp.com\/webdelmaestrocmf.com\/portal\/wp-content\/uploads\/2024\/06\/Banner-1-portada-imagen-10-1-2024-06-12T215323.073.jpg?resize=350%2C200&ssl=1","width":350,"height":200,"srcset":"https:\/\/i0.wp.com\/webdelmaestrocmf.com\/portal\/wp-content\/uploads\/2024\/06\/Banner-1-portada-imagen-10-1-2024-06-12T215323.073.jpg?resize=350%2C200&ssl=1 1x, https:\/\/i0.wp.com\/webdelmaestrocmf.com\/portal\/wp-content\/uploads\/2024\/06\/Banner-1-portada-imagen-10-1-2024-06-12T215323.073.jpg?resize=525%2C300&ssl=1 1.5x, https:\/\/i0.wp.com\/webdelmaestrocmf.com\/portal\/wp-content\/uploads\/2024\/06\/Banner-1-portada-imagen-10-1-2024-06-12T215323.073.jpg?resize=700%2C400&ssl=1 2x"},"classes":[]},{"id":49088,"url":"https:\/\/webdelmaestrocmf.com\/portal\/alexander-ortiz-educar-es-amar-y-conversar\/","url_meta":{"origin":56076,"position":4},"title":"[Alexander Ortiz] Educar es amar y conversar","author":"Web del Maestro CMF","date":"14 julio, 2020","format":false,"excerpt":"La educaci\u00f3n es un acto estrictamente humano, por eso debe ser afectiva y cognitiva, emocional y racional. En la educaci\u00f3n no se deben reprimir los sentimientos, las emociones, los deseos, los sue\u00f1os. No se debe enarbolar una dictadura racionalista, pero tampoco debe faltar el rigor generado por la disciplina intelectual\u2026","rel":"","context":"En \u00abZ-Colaboradores\u00bb","block_context":{"text":"Z-Colaboradores","link":"https:\/\/webdelmaestrocmf.com\/portal\/category\/colaborador\/"},"img":{"alt_text":"","src":"https:\/\/i0.wp.com\/webdelmaestrocmf.com\/portal\/wp-content\/uploads\/2020\/07\/1-48.jpg?resize=350%2C200&ssl=1","width":350,"height":200,"srcset":"https:\/\/i0.wp.com\/webdelmaestrocmf.com\/portal\/wp-content\/uploads\/2020\/07\/1-48.jpg?resize=350%2C200&ssl=1 1x, https:\/\/i0.wp.com\/webdelmaestrocmf.com\/portal\/wp-content\/uploads\/2020\/07\/1-48.jpg?resize=525%2C300&ssl=1 1.5x, https:\/\/i0.wp.com\/webdelmaestrocmf.com\/portal\/wp-content\/uploads\/2020\/07\/1-48.jpg?resize=700%2C400&ssl=1 2x, https:\/\/i0.wp.com\/webdelmaestrocmf.com\/portal\/wp-content\/uploads\/2020\/07\/1-48.jpg?resize=1050%2C600&ssl=1 3x"},"classes":[]},{"id":69119,"url":"https:\/\/webdelmaestrocmf.com\/portal\/alexander-ortiz-influencia-de-las-emociones-en-el-aprendizaje-humano\/","url_meta":{"origin":56076,"position":5},"title":"[Alexander Ortiz] Influencia de las emociones en el aprendizaje humano","author":"Web del Maestro CMF","date":"11 octubre, 2021","format":false,"excerpt":"Las emociones a veces se confunden con los sentimientos, existe una emoci\u00f3n muy controvertida que algunos autores la ubican en la categor\u00eda de sentimiento: la pasi\u00f3n. En este proceso afectivo se combinan caracter\u00edsticas de la emoci\u00f3n, con otras que forman parte de los sentimientos. Al tratar sobre las emociones observamos\u2026","rel":"","context":"En \u00abZ-Colaboradores\u00bb","block_context":{"text":"Z-Colaboradores","link":"https:\/\/webdelmaestrocmf.com\/portal\/category\/colaborador\/"},"img":{"alt_text":"","src":"https:\/\/i0.wp.com\/webdelmaestrocmf.com\/portal\/wp-content\/uploads\/2021\/10\/1-59.jpg?resize=350%2C200&ssl=1","width":350,"height":200,"srcset":"https:\/\/i0.wp.com\/webdelmaestrocmf.com\/portal\/wp-content\/uploads\/2021\/10\/1-59.jpg?resize=350%2C200&ssl=1 1x, https:\/\/i0.wp.com\/webdelmaestrocmf.com\/portal\/wp-content\/uploads\/2021\/10\/1-59.jpg?resize=525%2C300&ssl=1 1.5x, https:\/\/i0.wp.com\/webdelmaestrocmf.com\/portal\/wp-content\/uploads\/2021\/10\/1-59.jpg?resize=700%2C400&ssl=1 2x, https:\/\/i0.wp.com\/webdelmaestrocmf.com\/portal\/wp-content\/uploads\/2021\/10\/1-59.jpg?resize=1050%2C600&ssl=1 3x"},"classes":[]}],"_links":{"self":[{"href":"https:\/\/webdelmaestrocmf.com\/portal\/wp-json\/wp\/v2\/posts\/56076","targetHints":{"allow":["GET"]}}],"collection":[{"href":"https:\/\/webdelmaestrocmf.com\/portal\/wp-json\/wp\/v2\/posts"}],"about":[{"href":"https:\/\/webdelmaestrocmf.com\/portal\/wp-json\/wp\/v2\/types\/post"}],"author":[{"embeddable":true,"href":"https:\/\/webdelmaestrocmf.com\/portal\/wp-json\/wp\/v2\/users\/1"}],"replies":[{"embeddable":true,"href":"https:\/\/webdelmaestrocmf.com\/portal\/wp-json\/wp\/v2\/comments?post=56076"}],"version-history":[{"count":0,"href":"https:\/\/webdelmaestrocmf.com\/portal\/wp-json\/wp\/v2\/posts\/56076\/revisions"}],"wp:featuredmedia":[{"embeddable":true,"href":"https:\/\/webdelmaestrocmf.com\/portal\/wp-json\/wp\/v2\/media\/56078"}],"wp:attachment":[{"href":"https:\/\/webdelmaestrocmf.com\/portal\/wp-json\/wp\/v2\/media?parent=56076"}],"wp:term":[{"taxonomy":"category","embeddable":true,"href":"https:\/\/webdelmaestrocmf.com\/portal\/wp-json\/wp\/v2\/categories?post=56076"},{"taxonomy":"post_tag","embeddable":true,"href":"https:\/\/webdelmaestrocmf.com\/portal\/wp-json\/wp\/v2\/tags?post=56076"}],"curies":[{"name":"wp","href":"https:\/\/api.w.org\/{rel}","templated":true}]}}