{"id":56005,"date":"2020-12-17T10:07:17","date_gmt":"2020-12-17T13:07:17","guid":{"rendered":"https:\/\/webdelmaestrocmf.com\/portal\/?p=56005"},"modified":"2020-12-18T11:37:28","modified_gmt":"2020-12-18T14:37:28","slug":"los-maestros-deben-tener-prioridad-en-la-vacunacion-contra-la-covid-19","status":"publish","type":"post","link":"https:\/\/webdelmaestrocmf.com\/portal\/los-maestros-deben-tener-prioridad-en-la-vacunacion-contra-la-covid-19\/","title":{"rendered":"Unicef pide que se d\u00e9 prioridad a los maestros en la vacunaci\u00f3n de la COVID-19"},"content":{"rendered":"<h5 style=\"text-align: justify;\"><strong>NUEVA YORK, 15 de diciembre de 2020 \u2013<\/strong>\u00a0\u201cLa pandemia de COVID-19 ha causado estragos en la ense\u00f1anza de los ni\u00f1os de todo el mundo. La vacunaci\u00f3n de los maestros es una medida fundamental para que vuelvan a estudiar de nuevo.<\/h5>\n<p><!--more--><\/p>\n<h5 style=\"text-align: justify;\">\u201cEn su punto \u00e1lgido, a finales de abril de 2020, el cierre de las escuelas a nivel nacional interrumpi\u00f3 el aprendizaje de casi el 90% de los estudiantes de todo el mundo. Si bien la cifra ha disminuido desde entonces, algunos siguen suponiendo sin fundamento que el cierre de las escuelas puede frenar la propagaci\u00f3n de la enfermedad, a pesar de que cada vez hay m\u00e1s pruebas que indican que las escuelas no son el principal foco de transmisi\u00f3n en la comunidad.<\/h5>\n<p style=\"text-align: justify;\">Debido a esta suposici\u00f3n, a medida que los casos se est\u00e1n disparando en muchos pa\u00edses del mundo, las comunidades est\u00e1n cerrando de nuevo las escuelas. Hasta el 1 de diciembre, las escuelas de 1 de cada 5 alumnos en el mundo estaban cerradas, lo que constituye 320 millones de ni\u00f1os.<\/p>\n<p style=\"text-align: justify;\">\u201cUNICEF pide que se d\u00e9 prioridad a los maestros en la vacunaci\u00f3n contra la COVID-19, una vez que se haya vacunado al personal de salud de primera l\u00ednea y a las poblaciones de alto riesgo. Esto contribuir\u00e1 a proteger a los maestros contra el virus, les permitir\u00e1 ense\u00f1ar en persona y, en \u00faltima instancia, servir\u00e1 para mantener las escuelas abiertas.<\/p>\n<p style=\"text-align: justify;\">\u201cAunque las decisiones sobre la distribuci\u00f3n de las vacunas recaen en \u00faltimo t\u00e9rmino en los gobiernos, las consecuencias de una falta prolongada de aprendizaje, o su deterioro, son abrumadoras, especialmente para los m\u00e1s marginados. Cuanto m\u00e1s tiempo permanezcan los ni\u00f1os fuera de la escuela, menos probable es que regresen ella, y m\u00e1s dif\u00edcil ser\u00e1 para sus progenitores reanudar su trabajo.<\/p>\n<p><img loading=\"lazy\" decoding=\"async\" class=\"alignnone size-full wp-image-56007\" src=\"https:\/\/webdelmaestrocmf.com\/portal\/wp-content\/uploads\/2020\/12\/3-3.jpg\" alt=\"\" width=\"880\" height=\"495\" srcset=\"https:\/\/webdelmaestrocmf.com\/portal\/wp-content\/uploads\/2020\/12\/3-3.jpg 880w, https:\/\/webdelmaestrocmf.com\/portal\/wp-content\/uploads\/2020\/12\/3-3-300x169.jpg 300w, https:\/\/webdelmaestrocmf.com\/portal\/wp-content\/uploads\/2020\/12\/3-3-768x432.jpg 768w, https:\/\/webdelmaestrocmf.com\/portal\/wp-content\/uploads\/2020\/12\/3-3-110x62.jpg 110w, https:\/\/webdelmaestrocmf.com\/portal\/wp-content\/uploads\/2020\/12\/3-3-200x113.jpg 200w, https:\/\/webdelmaestrocmf.com\/portal\/wp-content\/uploads\/2020\/12\/3-3-380x214.jpg 380w, https:\/\/webdelmaestrocmf.com\/portal\/wp-content\/uploads\/2020\/12\/3-3-255x143.jpg 255w, https:\/\/webdelmaestrocmf.com\/portal\/wp-content\/uploads\/2020\/12\/3-3-550x309.jpg 550w, https:\/\/webdelmaestrocmf.com\/portal\/wp-content\/uploads\/2020\/12\/3-3-800x450.jpg 800w, https:\/\/webdelmaestrocmf.com\/portal\/wp-content\/uploads\/2020\/12\/3-3-220x124.jpg 220w, https:\/\/webdelmaestrocmf.com\/portal\/wp-content\/uploads\/2020\/12\/3-3-400x225.jpg 400w, https:\/\/webdelmaestrocmf.com\/portal\/wp-content\/uploads\/2020\/12\/3-3-760x428.jpg 760w, https:\/\/webdelmaestrocmf.com\/portal\/wp-content\/uploads\/2020\/12\/3-3-510x287.jpg 510w, https:\/\/webdelmaestrocmf.com\/portal\/wp-content\/uploads\/2020\/12\/3-3-600x338.jpg 600w\" sizes=\"auto, (max-width: 880px) 100vw, 880px\" \/><\/p>\n<p style=\"text-align: justify;\">\u201cSon decisiones dif\u00edciles que obligan a asumir contrapartidas dif\u00edciles. Pero lo que no deber\u00eda ser dif\u00edcil es tomar la decisi\u00f3n de hacer todo lo que est\u00e9 a nuestro alcance para salvaguardar el futuro de la pr\u00f3xima generaci\u00f3n. Esta tarea comienza por proteger a los responsables de abrirles el paso hacia ese futuro.\u201d<\/p>\n<p><strong>Este contenido ha sido publicado originalmente por UNICEF en la siguiente direcci\u00f3n: <a href=\"http:\/\/unicef.org\" target=\"_blank\" rel=\"noopener\">unicef.org<\/a><\/strong><\/p>\n\t\t<div class=\"pk-inline-posts\">\n\t\t\t\n\t\t\t<div class=\"pk-inline-posts-container pk-inline-posts-template-list\"\n\t\t\t\tdata-columns=\"1\">\n\t\t\t\t\t\t<article id=\"post-114355\" class=\"post-114355 post type-post status-publish format-standard has-post-thumbnail category-docentes category-noticias-pedagogia category-pedagogia tag-derechos-del-nino tag-docentes-en-redes-sociales tag-educacion-responsable tag-etica-docente tag-legislacion-educativa tag-privacidad-infantil tag-profesores-influencers tag-proteccion-de-datos tag-uso-de-imagen cs-entry cs-video-wrap\">\n\t\t\t<div class=\"pk-post-outer\">\n\n\t\t\t\t\t\t\t\t<div class=\"pk-post-inner\">\n\t\t\t\t\t<div class=\"entry-thumbnail\">\n\t\t\t\t\t\t<div class=\"pk-overlay pk-overlay-ratio pk-ratio-landscape\">\n\t\t\t\t\t\t\t<div class=\"pk-overlay-background\">\n\t\t\t\t\t\t\t\t<a href=\"https:\/\/webdelmaestrocmf.com\/portal\/atencion-profesores-tiktokers-por-que-no-pueden-usar-imagenes-fotos-de-sus-estudiantes-en-redes-sociales-personales\/\" class=\"pk-overlay-link\">\n\t\t\t\t\t\t\t\t\t<img loading=\"lazy\" decoding=\"async\" width=\"300\" height=\"225\" src=\"https:\/\/webdelmaestrocmf.com\/portal\/wp-content\/uploads\/2025\/12\/1A-Banner-1-portada-imagen-10-1-copia-1-18-300x225.webp\" class=\"attachment-pk-thumbnail size-pk-thumbnail wp-post-image\" alt=\"\" \/>\t\t\t\t\t\t\t\t<\/a>\n\t\t\t\t\t\t\t<\/div>\n\t\t\t\t\t\t<\/div>\n\t\t\t\t\t<\/div>\n\t\t\t\t<\/div>\n\t\t\t\t\n\t\t\t\t<div class=\"pk-post-inner\">\n\t\t\t\t\t<header>\n\t\t\t\t\t\t<h3 class=\"pk-title\"><a href=\"https:\/\/webdelmaestrocmf.com\/portal\/atencion-profesores-tiktokers-por-que-no-pueden-usar-imagenes-fotos-de-sus-estudiantes-en-redes-sociales-personales\/\" rel=\"bookmark\">Atenci\u00f3n, profesores tiktokers: por qu\u00e9 no pueden usar im\u00e1genes (fotos) de sus estudiantes en redes sociales personales<\/a><\/h3>\t\t\t\t\t<\/header><!-- .entry-header -->\n\t\t\t\t<\/div><!-- .post-inner -->\n\n\t\t\t<\/div><!-- .post-outer -->\n\t\t<\/article>\n\t\t\t\t<\/div>\n\t\t<\/div>\n\t\t\n","protected":false},"excerpt":{"rendered":"NUEVA YORK, 15 de diciembre de 2020 \u2013\u00a0\u201cLa pandemia de COVID-19 ha causado estragos en la ense\u00f1anza de&hellip;","protected":false},"author":1,"featured_media":56006,"comment_status":"open","ping_status":"closed","sticky":false,"template":"","format":"standard","meta":{"csco_display_header_overlay":false,"csco_singular_sidebar":"default","csco_page_header_type":"default","csco_page_load_nextpost":"default","csco_post_video_location":[],"csco_post_video_location_hash":"","csco_post_video_url":"","csco_post_video_bg_start_time":0,"csco_post_video_bg_end_time":0,"csco_post_video_bg_volume":false,"_jetpack_memberships_contains_paid_content":false,"footnotes":""},"categories":[5375,735],"tags":[1525,4798,190,3914,6209],"class_list":{"0":"post-56005","1":"post","2":"type-post","3":"status-publish","4":"format-standard","5":"has-post-thumbnail","7":"category-noticias-pedagogia","8":"category-pedagogia","9":"tag-contra","10":"tag-covid-19","11":"tag-maestros","12":"tag-prioridad","13":"tag-vacunacion","14":"cs-entry","15":"cs-video-wrap"},"yoast_head":"<!-- This site is optimized with the Yoast SEO plugin v27.5 - https:\/\/yoast.com\/product\/yoast-seo-wordpress\/ -->\n<title>Unicef pide que se d\u00e9 prioridad a los maestros en la vacunaci\u00f3n de la COVID-19 - 2026<\/title>\n<meta name=\"description\" content=\"NUEVA YORK, 15 de diciembre de 2020 \u2013\u00a0\u201cLa pandemia de COVID-19 ha causado estragos en la ense\u00f1anza de los ni\u00f1os de todo...\" \/>\n<meta name=\"robots\" content=\"index, follow, max-snippet:-1, max-image-preview:large, max-video-preview:-1\" \/>\n<link rel=\"canonical\" href=\"https:\/\/webdelmaestrocmf.com\/portal\/los-maestros-deben-tener-prioridad-en-la-vacunacion-contra-la-covid-19\/\" \/>\n<meta property=\"og:locale\" content=\"es_ES\" \/>\n<meta property=\"og:type\" content=\"article\" \/>\n<meta property=\"og:title\" content=\"Unicef pide que se d\u00e9 prioridad a los maestros en la vacunaci\u00f3n de la COVID-19 - 2026\" \/>\n<meta property=\"og:description\" content=\"NUEVA YORK, 15 de diciembre de 2020 \u2013\u00a0\u201cLa pandemia de COVID-19 ha causado estragos en la ense\u00f1anza de los ni\u00f1os de todo...\" \/>\n<meta property=\"og:url\" content=\"https:\/\/webdelmaestrocmf.com\/portal\/los-maestros-deben-tener-prioridad-en-la-vacunacion-contra-la-covid-19\/\" \/>\n<meta property=\"og:site_name\" content=\"Web del Maestro CMF\" \/>\n<meta property=\"article:publisher\" content=\"https:\/\/www.facebook.com\/WebdelMaestroCMF\/\" \/>\n<meta property=\"article:author\" content=\"https:\/\/www.facebook.com\/WebdelMaestroCMF\/\" \/>\n<meta property=\"article:published_time\" content=\"2020-12-17T13:07:17+00:00\" \/>\n<meta property=\"article:modified_time\" content=\"2020-12-18T14:37:28+00:00\" \/>\n<meta property=\"og:image\" content=\"https:\/\/i0.wp.com\/webdelmaestrocmf.com\/portal\/wp-content\/uploads\/2020\/12\/1-31.jpg?fit=1100%2C680&ssl=1\" \/>\n\t<meta property=\"og:image:width\" content=\"1100\" \/>\n\t<meta property=\"og:image:height\" content=\"680\" \/>\n\t<meta property=\"og:image:type\" content=\"image\/jpeg\" \/>\n<meta name=\"author\" content=\"Web del Maestro CMF\" \/>\n<meta name=\"twitter:card\" content=\"summary_large_image\" \/>\n<meta name=\"twitter:creator\" content=\"@cmf_w\" \/>\n<meta name=\"twitter:site\" content=\"@cmf_w\" \/>\n<script type=\"application\/ld+json\" class=\"yoast-schema-graph\">{\"@context\":\"https:\\\/\\\/schema.org\",\"@graph\":[{\"@type\":\"ScholarlyArticle\",\"@id\":\"https:\\\/\\\/webdelmaestrocmf.com\\\/portal\\\/los-maestros-deben-tener-prioridad-en-la-vacunacion-contra-la-covid-19\\\/#article\",\"isPartOf\":{\"@id\":\"https:\\\/\\\/webdelmaestrocmf.com\\\/portal\\\/los-maestros-deben-tener-prioridad-en-la-vacunacion-contra-la-covid-19\\\/\"},\"author\":{\"name\":\"Web del Maestro CMF\",\"@id\":\"https:\\\/\\\/webdelmaestrocmf.com\\\/portal\\\/#\\\/schema\\\/person\\\/1072a2ed7bd960df8ef99a551fa35dc5\"},\"headline\":\"Unicef pide que se d\u00e9 prioridad a los maestros en la vacunaci\u00f3n de la COVID-19\",\"datePublished\":\"2020-12-17T13:07:17+00:00\",\"dateModified\":\"2020-12-18T14:37:28+00:00\",\"mainEntityOfPage\":{\"@id\":\"https:\\\/\\\/webdelmaestrocmf.com\\\/portal\\\/los-maestros-deben-tener-prioridad-en-la-vacunacion-contra-la-covid-19\\\/\"},\"wordCount\":397,\"commentCount\":0,\"publisher\":{\"@id\":\"https:\\\/\\\/webdelmaestrocmf.com\\\/portal\\\/#organization\"},\"image\":{\"@id\":\"https:\\\/\\\/webdelmaestrocmf.com\\\/portal\\\/los-maestros-deben-tener-prioridad-en-la-vacunacion-contra-la-covid-19\\\/#primaryimage\"},\"thumbnailUrl\":\"https:\\\/\\\/webdelmaestrocmf.com\\\/portal\\\/wp-content\\\/uploads\\\/2020\\\/12\\\/1-31.jpg\",\"keywords\":[\"CONTRA\",\"Covid 19\",\"Maestros\",\"PRIORIDAD\",\"vacunaci\u00f3n\"],\"articleSection\":[\"Noticias\",\"Recursos\"],\"inLanguage\":\"es\",\"potentialAction\":[{\"@type\":\"CommentAction\",\"name\":\"Comment\",\"target\":[\"https:\\\/\\\/webdelmaestrocmf.com\\\/portal\\\/los-maestros-deben-tener-prioridad-en-la-vacunacion-contra-la-covid-19\\\/#respond\"]}]},{\"@type\":\"WebPage\",\"@id\":\"https:\\\/\\\/webdelmaestrocmf.com\\\/portal\\\/los-maestros-deben-tener-prioridad-en-la-vacunacion-contra-la-covid-19\\\/\",\"url\":\"https:\\\/\\\/webdelmaestrocmf.com\\\/portal\\\/los-maestros-deben-tener-prioridad-en-la-vacunacion-contra-la-covid-19\\\/\",\"name\":\"Unicef pide que se d\u00e9 prioridad a los maestros en la vacunaci\u00f3n de la COVID-19 - 2026\",\"isPartOf\":{\"@id\":\"https:\\\/\\\/webdelmaestrocmf.com\\\/portal\\\/#website\"},\"primaryImageOfPage\":{\"@id\":\"https:\\\/\\\/webdelmaestrocmf.com\\\/portal\\\/los-maestros-deben-tener-prioridad-en-la-vacunacion-contra-la-covid-19\\\/#primaryimage\"},\"image\":{\"@id\":\"https:\\\/\\\/webdelmaestrocmf.com\\\/portal\\\/los-maestros-deben-tener-prioridad-en-la-vacunacion-contra-la-covid-19\\\/#primaryimage\"},\"thumbnailUrl\":\"https:\\\/\\\/webdelmaestrocmf.com\\\/portal\\\/wp-content\\\/uploads\\\/2020\\\/12\\\/1-31.jpg\",\"datePublished\":\"2020-12-17T13:07:17+00:00\",\"dateModified\":\"2020-12-18T14:37:28+00:00\",\"description\":\"NUEVA YORK, 15 de diciembre de 2020 \u2013\u00a0\u201cLa pandemia de COVID-19 ha causado estragos en la ense\u00f1anza de los ni\u00f1os de todo...\",\"breadcrumb\":{\"@id\":\"https:\\\/\\\/webdelmaestrocmf.com\\\/portal\\\/los-maestros-deben-tener-prioridad-en-la-vacunacion-contra-la-covid-19\\\/#breadcrumb\"},\"inLanguage\":\"es\",\"potentialAction\":[{\"@type\":\"ReadAction\",\"target\":[\"https:\\\/\\\/webdelmaestrocmf.com\\\/portal\\\/los-maestros-deben-tener-prioridad-en-la-vacunacion-contra-la-covid-19\\\/\"]}]},{\"@type\":\"ImageObject\",\"inLanguage\":\"es\",\"@id\":\"https:\\\/\\\/webdelmaestrocmf.com\\\/portal\\\/los-maestros-deben-tener-prioridad-en-la-vacunacion-contra-la-covid-19\\\/#primaryimage\",\"url\":\"https:\\\/\\\/webdelmaestrocmf.com\\\/portal\\\/wp-content\\\/uploads\\\/2020\\\/12\\\/1-31.jpg\",\"contentUrl\":\"https:\\\/\\\/webdelmaestrocmf.com\\\/portal\\\/wp-content\\\/uploads\\\/2020\\\/12\\\/1-31.jpg\",\"width\":1100,\"height\":680},{\"@type\":\"BreadcrumbList\",\"@id\":\"https:\\\/\\\/webdelmaestrocmf.com\\\/portal\\\/los-maestros-deben-tener-prioridad-en-la-vacunacion-contra-la-covid-19\\\/#breadcrumb\",\"itemListElement\":[{\"@type\":\"ListItem\",\"position\":1,\"name\":\"Portada\",\"item\":\"https:\\\/\\\/webdelmaestrocmf.com\\\/portal\\\/\"},{\"@type\":\"ListItem\",\"position\":2,\"name\":\"Recursos\",\"item\":\"https:\\\/\\\/webdelmaestrocmf.com\\\/portal\\\/category\\\/pedagogia\\\/\"},{\"@type\":\"ListItem\",\"position\":3,\"name\":\"Unicef pide que se d\u00e9 prioridad a los maestros en la vacunaci\u00f3n de la COVID-19\"}]},{\"@type\":\"WebSite\",\"@id\":\"https:\\\/\\\/webdelmaestrocmf.com\\\/portal\\\/#website\",\"url\":\"https:\\\/\\\/webdelmaestrocmf.com\\\/portal\\\/\",\"name\":\"Web del Maestro CMF\",\"description\":\"Maestros al servicio de la educaci\u00f3n\",\"publisher\":{\"@id\":\"https:\\\/\\\/webdelmaestrocmf.com\\\/portal\\\/#organization\"},\"alternateName\":\"WMCMF\",\"potentialAction\":[{\"@type\":\"SearchAction\",\"target\":{\"@type\":\"EntryPoint\",\"urlTemplate\":\"https:\\\/\\\/webdelmaestrocmf.com\\\/portal\\\/?s={search_term_string}\"},\"query-input\":{\"@type\":\"PropertyValueSpecification\",\"valueRequired\":true,\"valueName\":\"search_term_string\"}}],\"inLanguage\":\"es\"},{\"@type\":\"Organization\",\"@id\":\"https:\\\/\\\/webdelmaestrocmf.com\\\/portal\\\/#organization\",\"name\":\"Web del Maestro CMF\",\"alternateName\":\"WMCMF\",\"url\":\"https:\\\/\\\/webdelmaestrocmf.com\\\/portal\\\/\",\"logo\":{\"@type\":\"ImageObject\",\"inLanguage\":\"es\",\"@id\":\"https:\\\/\\\/webdelmaestrocmf.com\\\/portal\\\/#\\\/schema\\\/logo\\\/image\\\/\",\"url\":\"https:\\\/\\\/webdelmaestrocmf.com\\\/portal\\\/wp-content\\\/uploads\\\/2023\\\/01\\\/logo-wmcmf-2.png\",\"contentUrl\":\"https:\\\/\\\/webdelmaestrocmf.com\\\/portal\\\/wp-content\\\/uploads\\\/2023\\\/01\\\/logo-wmcmf-2.png\",\"width\":200,\"height\":60,\"caption\":\"Web del Maestro CMF\"},\"image\":{\"@id\":\"https:\\\/\\\/webdelmaestrocmf.com\\\/portal\\\/#\\\/schema\\\/logo\\\/image\\\/\"},\"sameAs\":[\"https:\\\/\\\/www.facebook.com\\\/WebdelMaestroCMF\\\/\",\"https:\\\/\\\/x.com\\\/cmf_w\",\"https:\\\/\\\/www.pinterest.com\\\/WMCMF\\\/\",\"https:\\\/\\\/www.linkedin.com\\\/company\\\/web-del-maestro-cmf\\\/\",\"https:\\\/\\\/www.instagram.com\\\/wmcmf\\\/\",\"https:\\\/\\\/www.youtube.com\\\/channel\\\/UCDPSvjbdodE5sHnC3OxutHw\",\"https:\\\/\\\/mastodon.social\\\/@wmcmf\",\"https:\\\/\\\/www.tiktok.com\\\/@webdelmaestrocmf\"]},{\"@type\":\"Person\",\"@id\":\"https:\\\/\\\/webdelmaestrocmf.com\\\/portal\\\/#\\\/schema\\\/person\\\/1072a2ed7bd960df8ef99a551fa35dc5\",\"name\":\"Web del Maestro CMF\",\"image\":{\"@type\":\"ImageObject\",\"inLanguage\":\"es\",\"@id\":\"https:\\\/\\\/secure.gravatar.com\\\/avatar\\\/23291dd5b5ae1077dcff3dbb04c3e02bd28403fa75af6d8787d5e97c5bbbe30b?s=96&d=mm&r=g\",\"url\":\"https:\\\/\\\/secure.gravatar.com\\\/avatar\\\/23291dd5b5ae1077dcff3dbb04c3e02bd28403fa75af6d8787d5e97c5bbbe30b?s=96&d=mm&r=g\",\"contentUrl\":\"https:\\\/\\\/secure.gravatar.com\\\/avatar\\\/23291dd5b5ae1077dcff3dbb04c3e02bd28403fa75af6d8787d5e97c5bbbe30b?s=96&d=mm&r=g\",\"caption\":\"Web del Maestro CMF\"},\"description\":\"Esta Web se cre\u00f3 sin fines de lucro, con fines educativos, cient\u00edficos y acad\u00e9micos, para personas que tengan dificultades y\\\/o inconvenientes en visualizar el material original. El objetivo es entregar recursos, compartir experiencias y materiales que ayuden a los padres de familia, maestros y estudiantes en su actualizaci\u00f3n y formaci\u00f3n permanente, en bien de la Educaci\u00f3n.\",\"sameAs\":[\"http:\\\/\\\/webdelmaestrocmf.com\\\/portal\",\"https:\\\/\\\/www.facebook.com\\\/WebdelMaestroCMF\\\/\",\"https:\\\/\\\/www.instagram.com\\\/wmcmf\\\/\",\"https:\\\/\\\/cl.linkedin.com\\\/company\\\/web-del-maestro-cmf\",\"https:\\\/\\\/www.pinterest.com\\\/WMCMF\\\/publicaciones\\\/\",\"https:\\\/\\\/x.com\\\/cmf_w\",\"https:\\\/\\\/www.youtube.com\\\/@WMCMF\"]}]}<\/script>\n<!-- \/ Yoast SEO plugin. -->","yoast_head_json":{"title":"Unicef pide que se d\u00e9 prioridad a los maestros en la vacunaci\u00f3n de la COVID-19 - 2026","description":"NUEVA YORK, 15 de diciembre de 2020 \u2013\u00a0\u201cLa pandemia de COVID-19 ha causado estragos en la ense\u00f1anza de los ni\u00f1os de todo...","robots":{"index":"index","follow":"follow","max-snippet":"max-snippet:-1","max-image-preview":"max-image-preview:large","max-video-preview":"max-video-preview:-1"},"canonical":"https:\/\/webdelmaestrocmf.com\/portal\/los-maestros-deben-tener-prioridad-en-la-vacunacion-contra-la-covid-19\/","og_locale":"es_ES","og_type":"article","og_title":"Unicef pide que se d\u00e9 prioridad a los maestros en la vacunaci\u00f3n de la COVID-19 - 2026","og_description":"NUEVA YORK, 15 de diciembre de 2020 \u2013\u00a0\u201cLa pandemia de COVID-19 ha causado estragos en la ense\u00f1anza de los ni\u00f1os de todo...","og_url":"https:\/\/webdelmaestrocmf.com\/portal\/los-maestros-deben-tener-prioridad-en-la-vacunacion-contra-la-covid-19\/","og_site_name":"Web del Maestro CMF","article_publisher":"https:\/\/www.facebook.com\/WebdelMaestroCMF\/","article_author":"https:\/\/www.facebook.com\/WebdelMaestroCMF\/","article_published_time":"2020-12-17T13:07:17+00:00","article_modified_time":"2020-12-18T14:37:28+00:00","og_image":[{"width":1100,"height":680,"url":"https:\/\/i0.wp.com\/webdelmaestrocmf.com\/portal\/wp-content\/uploads\/2020\/12\/1-31.jpg?fit=1100%2C680&ssl=1","type":"image\/jpeg"}],"author":"Web del Maestro CMF","twitter_card":"summary_large_image","twitter_creator":"@cmf_w","twitter_site":"@cmf_w","schema":{"@context":"https:\/\/schema.org","@graph":[{"@type":"ScholarlyArticle","@id":"https:\/\/webdelmaestrocmf.com\/portal\/los-maestros-deben-tener-prioridad-en-la-vacunacion-contra-la-covid-19\/#article","isPartOf":{"@id":"https:\/\/webdelmaestrocmf.com\/portal\/los-maestros-deben-tener-prioridad-en-la-vacunacion-contra-la-covid-19\/"},"author":{"name":"Web del Maestro CMF","@id":"https:\/\/webdelmaestrocmf.com\/portal\/#\/schema\/person\/1072a2ed7bd960df8ef99a551fa35dc5"},"headline":"Unicef pide que se d\u00e9 prioridad a los maestros en la vacunaci\u00f3n de la COVID-19","datePublished":"2020-12-17T13:07:17+00:00","dateModified":"2020-12-18T14:37:28+00:00","mainEntityOfPage":{"@id":"https:\/\/webdelmaestrocmf.com\/portal\/los-maestros-deben-tener-prioridad-en-la-vacunacion-contra-la-covid-19\/"},"wordCount":397,"commentCount":0,"publisher":{"@id":"https:\/\/webdelmaestrocmf.com\/portal\/#organization"},"image":{"@id":"https:\/\/webdelmaestrocmf.com\/portal\/los-maestros-deben-tener-prioridad-en-la-vacunacion-contra-la-covid-19\/#primaryimage"},"thumbnailUrl":"https:\/\/webdelmaestrocmf.com\/portal\/wp-content\/uploads\/2020\/12\/1-31.jpg","keywords":["CONTRA","Covid 19","Maestros","PRIORIDAD","vacunaci\u00f3n"],"articleSection":["Noticias","Recursos"],"inLanguage":"es","potentialAction":[{"@type":"CommentAction","name":"Comment","target":["https:\/\/webdelmaestrocmf.com\/portal\/los-maestros-deben-tener-prioridad-en-la-vacunacion-contra-la-covid-19\/#respond"]}]},{"@type":"WebPage","@id":"https:\/\/webdelmaestrocmf.com\/portal\/los-maestros-deben-tener-prioridad-en-la-vacunacion-contra-la-covid-19\/","url":"https:\/\/webdelmaestrocmf.com\/portal\/los-maestros-deben-tener-prioridad-en-la-vacunacion-contra-la-covid-19\/","name":"Unicef pide que se d\u00e9 prioridad a los maestros en la vacunaci\u00f3n de la COVID-19 - 2026","isPartOf":{"@id":"https:\/\/webdelmaestrocmf.com\/portal\/#website"},"primaryImageOfPage":{"@id":"https:\/\/webdelmaestrocmf.com\/portal\/los-maestros-deben-tener-prioridad-en-la-vacunacion-contra-la-covid-19\/#primaryimage"},"image":{"@id":"https:\/\/webdelmaestrocmf.com\/portal\/los-maestros-deben-tener-prioridad-en-la-vacunacion-contra-la-covid-19\/#primaryimage"},"thumbnailUrl":"https:\/\/webdelmaestrocmf.com\/portal\/wp-content\/uploads\/2020\/12\/1-31.jpg","datePublished":"2020-12-17T13:07:17+00:00","dateModified":"2020-12-18T14:37:28+00:00","description":"NUEVA YORK, 15 de diciembre de 2020 \u2013\u00a0\u201cLa pandemia de COVID-19 ha causado estragos en la ense\u00f1anza de los ni\u00f1os de todo...","breadcrumb":{"@id":"https:\/\/webdelmaestrocmf.com\/portal\/los-maestros-deben-tener-prioridad-en-la-vacunacion-contra-la-covid-19\/#breadcrumb"},"inLanguage":"es","potentialAction":[{"@type":"ReadAction","target":["https:\/\/webdelmaestrocmf.com\/portal\/los-maestros-deben-tener-prioridad-en-la-vacunacion-contra-la-covid-19\/"]}]},{"@type":"ImageObject","inLanguage":"es","@id":"https:\/\/webdelmaestrocmf.com\/portal\/los-maestros-deben-tener-prioridad-en-la-vacunacion-contra-la-covid-19\/#primaryimage","url":"https:\/\/webdelmaestrocmf.com\/portal\/wp-content\/uploads\/2020\/12\/1-31.jpg","contentUrl":"https:\/\/webdelmaestrocmf.com\/portal\/wp-content\/uploads\/2020\/12\/1-31.jpg","width":1100,"height":680},{"@type":"BreadcrumbList","@id":"https:\/\/webdelmaestrocmf.com\/portal\/los-maestros-deben-tener-prioridad-en-la-vacunacion-contra-la-covid-19\/#breadcrumb","itemListElement":[{"@type":"ListItem","position":1,"name":"Portada","item":"https:\/\/webdelmaestrocmf.com\/portal\/"},{"@type":"ListItem","position":2,"name":"Recursos","item":"https:\/\/webdelmaestrocmf.com\/portal\/category\/pedagogia\/"},{"@type":"ListItem","position":3,"name":"Unicef pide que se d\u00e9 prioridad a los maestros en la vacunaci\u00f3n de la COVID-19"}]},{"@type":"WebSite","@id":"https:\/\/webdelmaestrocmf.com\/portal\/#website","url":"https:\/\/webdelmaestrocmf.com\/portal\/","name":"Web del Maestro CMF","description":"Maestros al servicio de la educaci\u00f3n","publisher":{"@id":"https:\/\/webdelmaestrocmf.com\/portal\/#organization"},"alternateName":"WMCMF","potentialAction":[{"@type":"SearchAction","target":{"@type":"EntryPoint","urlTemplate":"https:\/\/webdelmaestrocmf.com\/portal\/?s={search_term_string}"},"query-input":{"@type":"PropertyValueSpecification","valueRequired":true,"valueName":"search_term_string"}}],"inLanguage":"es"},{"@type":"Organization","@id":"https:\/\/webdelmaestrocmf.com\/portal\/#organization","name":"Web del Maestro CMF","alternateName":"WMCMF","url":"https:\/\/webdelmaestrocmf.com\/portal\/","logo":{"@type":"ImageObject","inLanguage":"es","@id":"https:\/\/webdelmaestrocmf.com\/portal\/#\/schema\/logo\/image\/","url":"https:\/\/webdelmaestrocmf.com\/portal\/wp-content\/uploads\/2023\/01\/logo-wmcmf-2.png","contentUrl":"https:\/\/webdelmaestrocmf.com\/portal\/wp-content\/uploads\/2023\/01\/logo-wmcmf-2.png","width":200,"height":60,"caption":"Web del Maestro CMF"},"image":{"@id":"https:\/\/webdelmaestrocmf.com\/portal\/#\/schema\/logo\/image\/"},"sameAs":["https:\/\/www.facebook.com\/WebdelMaestroCMF\/","https:\/\/x.com\/cmf_w","https:\/\/www.pinterest.com\/WMCMF\/","https:\/\/www.linkedin.com\/company\/web-del-maestro-cmf\/","https:\/\/www.instagram.com\/wmcmf\/","https:\/\/www.youtube.com\/channel\/UCDPSvjbdodE5sHnC3OxutHw","https:\/\/mastodon.social\/@wmcmf","https:\/\/www.tiktok.com\/@webdelmaestrocmf"]},{"@type":"Person","@id":"https:\/\/webdelmaestrocmf.com\/portal\/#\/schema\/person\/1072a2ed7bd960df8ef99a551fa35dc5","name":"Web del Maestro CMF","image":{"@type":"ImageObject","inLanguage":"es","@id":"https:\/\/secure.gravatar.com\/avatar\/23291dd5b5ae1077dcff3dbb04c3e02bd28403fa75af6d8787d5e97c5bbbe30b?s=96&d=mm&r=g","url":"https:\/\/secure.gravatar.com\/avatar\/23291dd5b5ae1077dcff3dbb04c3e02bd28403fa75af6d8787d5e97c5bbbe30b?s=96&d=mm&r=g","contentUrl":"https:\/\/secure.gravatar.com\/avatar\/23291dd5b5ae1077dcff3dbb04c3e02bd28403fa75af6d8787d5e97c5bbbe30b?s=96&d=mm&r=g","caption":"Web del Maestro CMF"},"description":"Esta Web se cre\u00f3 sin fines de lucro, con fines educativos, cient\u00edficos y acad\u00e9micos, para personas que tengan dificultades y\/o inconvenientes en visualizar el material original. El objetivo es entregar recursos, compartir experiencias y materiales que ayuden a los padres de familia, maestros y estudiantes en su actualizaci\u00f3n y formaci\u00f3n permanente, en bien de la Educaci\u00f3n.","sameAs":["http:\/\/webdelmaestrocmf.com\/portal","https:\/\/www.facebook.com\/WebdelMaestroCMF\/","https:\/\/www.instagram.com\/wmcmf\/","https:\/\/cl.linkedin.com\/company\/web-del-maestro-cmf","https:\/\/www.pinterest.com\/WMCMF\/publicaciones\/","https:\/\/x.com\/cmf_w","https:\/\/www.youtube.com\/@WMCMF"]}]}},"jetpack_featured_media_url":"https:\/\/webdelmaestrocmf.com\/portal\/wp-content\/uploads\/2020\/12\/1-31.jpg","jetpack_sharing_enabled":true,"jetpack-related-posts":[{"id":67278,"url":"https:\/\/webdelmaestrocmf.com\/portal\/maestra-se-quita-cubrebocas-para-leer-y-contagio-de-covid-19-a-mas-de-la-mitad-de-sus-alumnos\/","url_meta":{"origin":56005,"position":0},"title":"Maestra se quita cubrebocas para leer y contagi\u00f3 de covid-19 a m\u00e1s de la mitad de sus alumnos","author":"Web del Maestro CMF","date":"30 agosto, 2021","format":false,"excerpt":"Una maestra de primaria no vacunada que se quit\u00f3 la mascarilla para leer a sus alumnos acab\u00f3 infectando a m\u00e1s de la mitad de ellos el pasado mes de mayo, y estos a su vez contagiaron a otros estudiantes, familiares y miembros de la comunidad, seg\u00fan informaron el viernes las\u2026","rel":"","context":"En \u00abNoticias\u00bb","block_context":{"text":"Noticias","link":"https:\/\/webdelmaestrocmf.com\/portal\/category\/pedagogia\/noticias-pedagogia\/"},"img":{"alt_text":"","src":"https:\/\/i0.wp.com\/webdelmaestrocmf.com\/portal\/wp-content\/uploads\/2021\/08\/1-214.jpg?resize=350%2C200&ssl=1","width":350,"height":200,"srcset":"https:\/\/i0.wp.com\/webdelmaestrocmf.com\/portal\/wp-content\/uploads\/2021\/08\/1-214.jpg?resize=350%2C200&ssl=1 1x, https:\/\/i0.wp.com\/webdelmaestrocmf.com\/portal\/wp-content\/uploads\/2021\/08\/1-214.jpg?resize=525%2C300&ssl=1 1.5x, https:\/\/i0.wp.com\/webdelmaestrocmf.com\/portal\/wp-content\/uploads\/2021\/08\/1-214.jpg?resize=700%2C400&ssl=1 2x, https:\/\/i0.wp.com\/webdelmaestrocmf.com\/portal\/wp-content\/uploads\/2021\/08\/1-214.jpg?resize=1050%2C600&ssl=1 3x"},"classes":[]},{"id":112219,"url":"https:\/\/webdelmaestrocmf.com\/portal\/difunden-resultados-de-multiples-estudios-por-un-efecto-adverso-clave-de-la-vacuna-del-covid-de-pfizer\/","url_meta":{"origin":56005,"position":1},"title":"Difunden resultados de m\u00faltiples estudios por un efecto adverso clave de la vacuna del Covid de Pfizer","author":"Web del Maestro CMF","date":"19 septiembre, 2025","format":false,"excerpt":"Son an\u00e1lisis sobre la miocarditis, que causa diversos s\u00edntomas e insuficiencia card\u00edaca.","rel":"","context":"En \u00abNoticias Internacionales\u00bb","block_context":{"text":"Noticias Internacionales","link":"https:\/\/webdelmaestrocmf.com\/portal\/category\/noticias-internacionales\/"},"img":{"alt_text":"","src":"https:\/\/i0.wp.com\/webdelmaestrocmf.com\/portal\/wp-content\/uploads\/2025\/09\/1A-Banner-1-portada-imagen-10-1-copia-2.webp?resize=350%2C200&ssl=1","width":350,"height":200,"srcset":"https:\/\/i0.wp.com\/webdelmaestrocmf.com\/portal\/wp-content\/uploads\/2025\/09\/1A-Banner-1-portada-imagen-10-1-copia-2.webp?resize=350%2C200&ssl=1 1x, https:\/\/i0.wp.com\/webdelmaestrocmf.com\/portal\/wp-content\/uploads\/2025\/09\/1A-Banner-1-portada-imagen-10-1-copia-2.webp?resize=525%2C300&ssl=1 1.5x, https:\/\/i0.wp.com\/webdelmaestrocmf.com\/portal\/wp-content\/uploads\/2025\/09\/1A-Banner-1-portada-imagen-10-1-copia-2.webp?resize=700%2C400&ssl=1 2x"},"classes":[]},{"id":45446,"url":"https:\/\/webdelmaestrocmf.com\/portal\/10-perjuicios-ante-el-cierre-de-las-escuelas-a-causa-del-covid-19\/","url_meta":{"origin":56005,"position":2},"title":"10 perjuicios ante el cierre de las escuelas a causa del Covid 19","author":"Web del Maestro CMF","date":"14 marzo, 2020","format":false,"excerpt":"La experiencia de la interrupci\u00f3n de las actividades escolares por un per\u00edodo significativo, a trav\u00e9s de los a\u00f1os de servicio docente, no es nueva. De pa\u00eds a pa\u00eds variar\u00e1 si se cerraron las escuelas por motivos de huelgas, desastres climatol\u00f3gicos, conflictos sociales, acontecimientos territoriales excepcionales, etc. Pero es la primera\u2026","rel":"","context":"En \u00abYo opino - WMCMF\u00bb","block_context":{"text":"Yo opino - WMCMF","link":"https:\/\/webdelmaestrocmf.com\/portal\/category\/jamb\/"},"img":{"alt_text":"","src":"https:\/\/i0.wp.com\/webdelmaestrocmf.com\/portal\/wp-content\/uploads\/2020\/03\/1-13.jpg?resize=350%2C200&ssl=1","width":350,"height":200,"srcset":"https:\/\/i0.wp.com\/webdelmaestrocmf.com\/portal\/wp-content\/uploads\/2020\/03\/1-13.jpg?resize=350%2C200&ssl=1 1x, https:\/\/i0.wp.com\/webdelmaestrocmf.com\/portal\/wp-content\/uploads\/2020\/03\/1-13.jpg?resize=525%2C300&ssl=1 1.5x, https:\/\/i0.wp.com\/webdelmaestrocmf.com\/portal\/wp-content\/uploads\/2020\/03\/1-13.jpg?resize=700%2C400&ssl=1 2x, https:\/\/i0.wp.com\/webdelmaestrocmf.com\/portal\/wp-content\/uploads\/2020\/03\/1-13.jpg?resize=1050%2C600&ssl=1 3x"},"classes":[]},{"id":67448,"url":"https:\/\/webdelmaestrocmf.com\/portal\/en-texas-cierran-distrito-escolar-tras-muerte-de-dos-maestros-por-covid-19\/","url_meta":{"origin":56005,"position":3},"title":"En Texas, cierran distrito escolar tras muerte de dos maestros por covid-19","author":"Web del Maestro CMF","date":"3 septiembre, 2021","format":false,"excerpt":"Un distrito escolar del centro de Texas cerr\u00f3 sus escuelas por el resto de la semana debido a la muerte de dos maestros por covid-19 la semana pasada. Funcionarios del Distrito Escolar Independiente Connally (CISD), donde se ubica la ciudad de Waco, cerraron sus cinco escuelas suburbanas en Waco despu\u00e9s\u2026","rel":"","context":"En \u00abNoticias\u00bb","block_context":{"text":"Noticias","link":"https:\/\/webdelmaestrocmf.com\/portal\/category\/pedagogia\/noticias-pedagogia\/"},"img":{"alt_text":"","src":"https:\/\/i0.wp.com\/webdelmaestrocmf.com\/portal\/wp-content\/uploads\/2021\/02\/luto.jpg?resize=350%2C200&ssl=1","width":350,"height":200,"srcset":"https:\/\/i0.wp.com\/webdelmaestrocmf.com\/portal\/wp-content\/uploads\/2021\/02\/luto.jpg?resize=350%2C200&ssl=1 1x, https:\/\/i0.wp.com\/webdelmaestrocmf.com\/portal\/wp-content\/uploads\/2021\/02\/luto.jpg?resize=525%2C300&ssl=1 1.5x, https:\/\/i0.wp.com\/webdelmaestrocmf.com\/portal\/wp-content\/uploads\/2021\/02\/luto.jpg?resize=700%2C400&ssl=1 2x, https:\/\/i0.wp.com\/webdelmaestrocmf.com\/portal\/wp-content\/uploads\/2021\/02\/luto.jpg?resize=1050%2C600&ssl=1 3x"},"classes":[]},{"id":55411,"url":"https:\/\/webdelmaestrocmf.com\/portal\/hong-kong-vuelve-a-cerrar-sus-escuelas-por-el-covid-19\/","url_meta":{"origin":56005,"position":4},"title":"Hong Kong vuelve a cerrar sus escuelas para intentar frenar la cuarta oleada de COVID-19","author":"Web del Maestro CMF","date":"30 noviembre, 2020","format":false,"excerpt":"Las escuelas hongkonesas suspendieron las clases presenciales a primeros de febrero, pero se reanudaron brevemente en el verano asi\u00e1tico, para detenerse de nuevo en julio, cuando se dispar\u00f3 una tercera ola de infecciones de la COVID-19.\u00a0 En setiembre de este a\u00f1o (2020), Hong Kong se finaliz\u00f3 el retorno a las\u2026","rel":"","context":"En \u00abYo opino - WMCMF\u00bb","block_context":{"text":"Yo opino - WMCMF","link":"https:\/\/webdelmaestrocmf.com\/portal\/category\/jamb\/"},"img":{"alt_text":"","src":"https:\/\/i0.wp.com\/webdelmaestrocmf.com\/portal\/wp-content\/uploads\/2020\/11\/1-copia-84.jpg?resize=350%2C200&ssl=1","width":350,"height":200,"srcset":"https:\/\/i0.wp.com\/webdelmaestrocmf.com\/portal\/wp-content\/uploads\/2020\/11\/1-copia-84.jpg?resize=350%2C200&ssl=1 1x, https:\/\/i0.wp.com\/webdelmaestrocmf.com\/portal\/wp-content\/uploads\/2020\/11\/1-copia-84.jpg?resize=525%2C300&ssl=1 1.5x, https:\/\/i0.wp.com\/webdelmaestrocmf.com\/portal\/wp-content\/uploads\/2020\/11\/1-copia-84.jpg?resize=700%2C400&ssl=1 2x, https:\/\/i0.wp.com\/webdelmaestrocmf.com\/portal\/wp-content\/uploads\/2020\/11\/1-copia-84.jpg?resize=1050%2C600&ssl=1 3x"},"classes":[]},{"id":45538,"url":"https:\/\/webdelmaestrocmf.com\/portal\/diez-soluciones-de-aprendizaje-a-distancia-ante-el-cierre-de-las-escuelas-para-mitigar-el-covid-19\/","url_meta":{"origin":56005,"position":5},"title":"Diez soluciones de aprendizaje a distancia, ante el cierre de las escuelas, para mitigar el Covid 19","author":"Web del Maestro CMF","date":"16 marzo, 2020","format":false,"excerpt":"Frente al cierre de los centros educativos para el aprendizaje presencial de los estudiantes, a causa de la propagaci\u00f3n de la pandemia del coronavirus o Covid 19, en m\u00e1s 40 pa\u00edses, la propuesta m\u00e1s viable (donde exista la tecnolog\u00eda) para mantener la relaci\u00f3n estudiante \u2013 profesor, y se contin\u00fae el\u2026","rel":"","context":"En \u00abYo opino - WMCMF\u00bb","block_context":{"text":"Yo opino - WMCMF","link":"https:\/\/webdelmaestrocmf.com\/portal\/category\/jamb\/"},"img":{"alt_text":"","src":"https:\/\/i0.wp.com\/webdelmaestrocmf.com\/portal\/wp-content\/uploads\/2020\/03\/a1-6.jpg?resize=350%2C200&ssl=1","width":350,"height":200,"srcset":"https:\/\/i0.wp.com\/webdelmaestrocmf.com\/portal\/wp-content\/uploads\/2020\/03\/a1-6.jpg?resize=350%2C200&ssl=1 1x, https:\/\/i0.wp.com\/webdelmaestrocmf.com\/portal\/wp-content\/uploads\/2020\/03\/a1-6.jpg?resize=525%2C300&ssl=1 1.5x, https:\/\/i0.wp.com\/webdelmaestrocmf.com\/portal\/wp-content\/uploads\/2020\/03\/a1-6.jpg?resize=700%2C400&ssl=1 2x, https:\/\/i0.wp.com\/webdelmaestrocmf.com\/portal\/wp-content\/uploads\/2020\/03\/a1-6.jpg?resize=1050%2C600&ssl=1 3x"},"classes":[]}],"_links":{"self":[{"href":"https:\/\/webdelmaestrocmf.com\/portal\/wp-json\/wp\/v2\/posts\/56005","targetHints":{"allow":["GET"]}}],"collection":[{"href":"https:\/\/webdelmaestrocmf.com\/portal\/wp-json\/wp\/v2\/posts"}],"about":[{"href":"https:\/\/webdelmaestrocmf.com\/portal\/wp-json\/wp\/v2\/types\/post"}],"author":[{"embeddable":true,"href":"https:\/\/webdelmaestrocmf.com\/portal\/wp-json\/wp\/v2\/users\/1"}],"replies":[{"embeddable":true,"href":"https:\/\/webdelmaestrocmf.com\/portal\/wp-json\/wp\/v2\/comments?post=56005"}],"version-history":[{"count":0,"href":"https:\/\/webdelmaestrocmf.com\/portal\/wp-json\/wp\/v2\/posts\/56005\/revisions"}],"wp:featuredmedia":[{"embeddable":true,"href":"https:\/\/webdelmaestrocmf.com\/portal\/wp-json\/wp\/v2\/media\/56006"}],"wp:attachment":[{"href":"https:\/\/webdelmaestrocmf.com\/portal\/wp-json\/wp\/v2\/media?parent=56005"}],"wp:term":[{"taxonomy":"category","embeddable":true,"href":"https:\/\/webdelmaestrocmf.com\/portal\/wp-json\/wp\/v2\/categories?post=56005"},{"taxonomy":"post_tag","embeddable":true,"href":"https:\/\/webdelmaestrocmf.com\/portal\/wp-json\/wp\/v2\/tags?post=56005"}],"curies":[{"name":"wp","href":"https:\/\/api.w.org\/{rel}","templated":true}]}}