{"id":55895,"date":"2022-01-03T23:00:00","date_gmt":"2022-01-04T02:00:00","guid":{"rendered":"https:\/\/webdelmaestrocmf.com\/portal\/?p=55895"},"modified":"2023-01-03T23:10:11","modified_gmt":"2023-01-04T02:10:11","slug":"serie-sobre-los-valores-la-educacion-y-la-docencia","status":"publish","type":"post","link":"https:\/\/webdelmaestrocmf.com\/portal\/serie-sobre-los-valores-la-educacion-y-la-docencia\/","title":{"rendered":"Serie sobre los valores, la educaci\u00f3n y la docencia"},"content":{"rendered":"<h5 style=\"text-align: justify;\">Sabemos que son <strong>los profesores<\/strong> quienes desde su tarea ordinaria no solo informan sobre los conocimientos y orientan la vida de us estudiantes, sino que fundamentalmente <strong>son referentes para los estudiantes<\/strong>. El objetivo de ser docente, es principalmente el ayudar a <strong>\u201chacer pensar\u201d y promover el pensamiento cr\u00edtico<\/strong>. La cercan\u00eda a los estudiantes y padres de familia le exige una excelencia en su formaci\u00f3n inicial y su posterior perfeccionamiento en la gesti\u00f3n educativa, tanto en las aulas como fuera de ellas, sus decisiones pedag\u00f3gicas moldear\u00e1n la vida de las pr\u00f3ximas generaciones y eso no podemos dejarlo a la eventualidad.<\/h5>\n<p><!--more--><\/p>\n<p style=\"text-align: justify;\">El profesor Bernab\u00e9 Tierno Jim\u00e9nez (1940 &#8211; 2015\u200b), puso en su obra <em>Valores Humanos<\/em>, una frase del escritor canadiense Rodenick Haig-Brown: <strong><em>\u00abCon la palabra escrita, el hombre brinda a los dem\u00e1s lo mejor de s\u00ed mismo y ellos est\u00e1n en libertad de aceptarlo cuando as\u00ed lo deseen, de rechazarlo o buscarlo de nuevo\u00bb<\/em><\/strong>, por lo que, las publicaciones de esta serie, no tienen el fin de iniciar debate o intercambio de opiniones; sino solo el compartir con Ustedes, por motivos \u00fanicamente educativos y de formaci\u00f3n permanente, temas sobre conceptos de los valores,<strong> que pueden ser de utilidad para nuestra tarea docente<\/strong>, como reflexi\u00f3n y encuentro con nosotros&nbsp; mismos, consolidar la tarea de apoyo a los padres de familia en su tarea de educar a sus hijos y el acompa\u00f1amiento integral de nuestros estudiantes.<\/p>\n<p style=\"text-align: justify;\">Consideramos que podemos coincidir que la tarea docente lleva impl\u00edcita el <strong>apoyo en la construcci\u00f3n de la escala de valores<\/strong>, con la que cada estudiante determinar\u00e1 con su reflexi\u00f3n, su conducta, pues<em> \u00abla carencia de un sistema de valores bien definido, sentido y aceptado, instalar\u00e1 al sujeto en la indefinici\u00f3n y en el vac\u00edo existencial, dej\u00e1ndole a merced de criterios y pautas ajenas\u201d<\/em>.<\/p>\n<h5 style=\"text-align: justify;\"><strong>EDUCAR CON \u00c9TICA Y VALORES PARA LA RESPONSABILIDAD <\/strong>(04\u00b4 21\u201d)<\/h5>\n<p style=\"text-align: justify;\"><a href=\"https:\/\/www.youtube.com\/watch?v=Bd6V7WNgIUw\"><iframe loading=\"lazy\" src=\"https:\/\/www.youtube.com\/embed\/Bd6V7WNgIUw\" width=\"100%\" height=\"400\" frameborder=\"0\" allowfullscreen=\"allowfullscreen\"><span data-mce-type=\"bookmark\" style=\"display: inline-block; width: 0px; overflow: hidden; line-height: 0;\" class=\"mce_SELRES_start\">\ufeff<\/span><\/iframe><\/a><\/p>\n<p style=\"text-align: justify;\">El profesor, como profesional en Educaci\u00f3n, tiene que <strong>poseer una formaci\u00f3n axiol\u00f3gica capaz de demostrarla en sus palabras y gestos<\/strong>. Una debida y buena formaci\u00f3n en valores, desde su formaci\u00f3n inicial docente, lo har\u00e1 capaz de \u201cdise\u00f1ar sus propios recursos did\u00e1cticos <strong>organizando clases bidireccionales donde los alumnos, de manera colaborativa, interact\u00faen y formen parte del proceso de formaci\u00f3n<\/strong>\u201d, y a ello se asocie el apoyo responsable de los padres de familia, puesto que \u201ceducar en los valores es lo mismo que educar moralmente, o simplemente \u201ceducar\u201d, porque <strong>son los valores los que ense\u00f1an al individuo a comportarse como hombre<\/strong>, ya que s\u00f3lo el hombre es capaz de establecer <strong>una jerarqu\u00eda entre las cosas,<\/strong> y esto resultar\u00eda imposible si el individuo no fuera capaz de sacrificio y renuncia\u201d.<\/p>\n<p style=\"text-align: justify;\">Por lo anteriormente expuesto, entendemos que los valores son fundamentales en la educaci\u00f3n, como \u201c<strong>conjunto de virtudes de una persona en cuanto a su actuaci\u00f3n, interacci\u00f3n y relaci\u00f3n con su entorno<\/strong>. Es decir, se trata de los valores \u00e9ticos, morales, pol\u00edticos, econ\u00f3micos y sociales que posee una persona y que le dictan <strong>qu\u00e9 es lo correcto y qu\u00e9 no lo es<\/strong>\u201d.&nbsp; Y son esos valores \u2013 seg\u00fan el profesor Tierno- los que \u201casumidos libremente, nos permiten <strong>definir con claridad los objetivos de la vida<\/strong>, nos ayudan a aceptarnos tal y como somos y a estimarnos, al tiempo que nos hacen comprender y estimar a los dem\u00e1s. <strong>Dan sentido a nuestra vida y facilitan la relaci\u00f3n madura y equilibrada con el entorno<\/strong>, con las personas, acontecimientos y cosas, proporcion\u00e1ndonos un poderoso sentimiento de armon\u00eda personal\u201d.<\/p>\n<p style=\"text-align: justify;\">Art\u00edculo relacionado: <a href=\"https:\/\/webdelmaestrocmf.com\/portal\/amparo-gil-la-evaluacion-de-los-valores-tiene-que-ser-tan-importante-como-la-evaluacion-de-los-contenidos-academicos\/\" target=\"_blank\" rel=\"noopener\"><strong>AMPARO GIL:<\/strong> <strong>LA EVALUACION DE LOS VALORES TIENE QUE SER TAN IMPORTANTE COMO LA EVALUACION DE LOS CONTENIDOS ACADEMICOS<\/strong><\/a><\/p>\n<p style=\"text-align: justify;\">En ocasiones o\u00edmos decir que comportarse de una manera u otra <strong>es una cuesti\u00f3n cultural <\/strong>o que nada est\u00e1 bien o mal, sino que, \u00abdependiendo de la sociedad y de la \u00e9poca en la que tenga lugar, estar\u00e1 mejor o peor considerado. Sin embargo, estas afirmaciones <strong>no siempre resultan acertadas<\/strong>&#8230; [&#8230;] Es cierto que hay cuestiones que tienen que ver con los usos, costumbres y prioridades de cada cultura o \u00e9poca hist\u00f3rica y, por lo tanto, cambian\u201d. Pero no todo pasa solo por ah\u00ed, <strong>los valores existen y son fundamentales, <\/strong>por lo que es necesario conocerlos y asumirlos en el proceso ense\u00f1anza \u2013 aprendizaje. \u201cEs dif\u00edcil imaginar c\u00f3mo ser\u00eda una persona sin ning\u00fan valor, \u00a1es casi imposible!\u201d. <a href=\"https:\/\/blog.oxfamintermon.org\/que-son-los-valores-humanos-y-por-que-es-importante-educar-en-valores\/\" target=\"_blank\" rel=\"noopener\"><strong>\u00bfQU\u00c9 SON LOS VALORES HUMANOS Y POR QU\u00c9 ES IMPORTANTE EDUCAR EN VALORES?<\/strong><\/a><\/p>\n<p><img loading=\"lazy\" decoding=\"async\" class=\"alignnone size-full wp-image-55898\" src=\"https:\/\/webdelmaestrocmf.com\/portal\/wp-content\/uploads\/2020\/12\/1-25.jpg\" alt=\"\" width=\"1200\" height=\"800\" srcset=\"https:\/\/webdelmaestrocmf.com\/portal\/wp-content\/uploads\/2020\/12\/1-25.jpg 1200w, https:\/\/webdelmaestrocmf.com\/portal\/wp-content\/uploads\/2020\/12\/1-25-300x200.jpg 300w, https:\/\/webdelmaestrocmf.com\/portal\/wp-content\/uploads\/2020\/12\/1-25-1024x683.jpg 1024w, https:\/\/webdelmaestrocmf.com\/portal\/wp-content\/uploads\/2020\/12\/1-25-768x512.jpg 768w, https:\/\/webdelmaestrocmf.com\/portal\/wp-content\/uploads\/2020\/12\/1-25-110x73.jpg 110w, https:\/\/webdelmaestrocmf.com\/portal\/wp-content\/uploads\/2020\/12\/1-25-200x133.jpg 200w, https:\/\/webdelmaestrocmf.com\/portal\/wp-content\/uploads\/2020\/12\/1-25-380x253.jpg 380w, https:\/\/webdelmaestrocmf.com\/portal\/wp-content\/uploads\/2020\/12\/1-25-255x170.jpg 255w, https:\/\/webdelmaestrocmf.com\/portal\/wp-content\/uploads\/2020\/12\/1-25-550x367.jpg 550w, https:\/\/webdelmaestrocmf.com\/portal\/wp-content\/uploads\/2020\/12\/1-25-800x533.jpg 800w, https:\/\/webdelmaestrocmf.com\/portal\/wp-content\/uploads\/2020\/12\/1-25-1160x773.jpg 1160w, https:\/\/webdelmaestrocmf.com\/portal\/wp-content\/uploads\/2020\/12\/1-25-220x147.jpg 220w, https:\/\/webdelmaestrocmf.com\/portal\/wp-content\/uploads\/2020\/12\/1-25-400x267.jpg 400w, https:\/\/webdelmaestrocmf.com\/portal\/wp-content\/uploads\/2020\/12\/1-25-760x507.jpg 760w, https:\/\/webdelmaestrocmf.com\/portal\/wp-content\/uploads\/2020\/12\/1-25-510x340.jpg 510w, https:\/\/webdelmaestrocmf.com\/portal\/wp-content\/uploads\/2020\/12\/1-25-600x400.jpg 600w, https:\/\/webdelmaestrocmf.com\/portal\/wp-content\/uploads\/2020\/12\/1-25-1100x733.jpg 1100w\" sizes=\"auto, (max-width: 1200px) 100vw, 1200px\" \/><\/p>\n<p style=\"text-align: justify;\">El profesor Bernab\u00e9 Tierno tambi\u00e9n nos dice -en su obra Valores Humanos- que todos los seres humanos tenemos no solo una facultad cognoscitiva que nos sirve para emitir \u201cjuicios sobre la realidad\u201d, sino que <strong>somos capaz tambi\u00e9n de emitir \u201cjuicios de valor sobre las cosas\u201d.<\/strong> Y <strong>la educaci\u00f3n en la familia y la escuela es la primera ayuda para descubrir los aut\u00e9nticos valores. <\/strong>Esa&nbsp;educaci\u00f3n en valores solo ser\u00e1 posible para quien mira positivamente el mundo, <strong>comprendiendo previamente \u201cque todo lo que existe \u201cexiste por algo y para algo\u201d;<\/strong> llegando a ser capaz de comprender y \u00abvalorar\u00bb que cualquier ser, por peque\u00f1o que sea, tiene su sentido y su raz\u00f3n de ser, es decir \u00abVALE\u201d.<\/p>\n<p style=\"text-align: justify;\">Publicaci\u00f3n sugerida: <a href=\"https:\/\/webdelmaestrocmf.com\/portal\/profesor-la-clave-va-la-principal-via-inculcar-valores-al-modelo-educativo\/\" target=\"_blank\" rel=\"noopener\"><strong>EL PROFESOR ES LA CLAVE, VA A SER LA PRINCIPAL V\u00cdA PARA INCULCAR LOS VALORES, AL SER UN MODELO EDUCATIVO<\/strong><\/a><\/p>\n<p style=\"text-align: justify;\">Hablar de \u201cvalores humanos\u201d puede parecer que \u201ces una redundancia, porque no puede hablarse de valores, sino en relaci\u00f3n con el hombre. <strong>Toca a \u00e9ste hacer una valoraci\u00f3n de las cosas, es decir, entre los bienes que le solicitan y a los que naturalmente aspira.<\/strong> Porque los valores no \u201cexisten\u201d con independencia unos de otros, sino en <strong>l\u00f3gica subordinaci\u00f3n,<\/strong> en referencia a una mayor o menor importancia en la apreciaci\u00f3n del sujeto que los descubre, <strong>orden\u00e1ndolos en una \u201cescala interior\u201d<\/strong> que va a constituirse en gu\u00eda de su conducta. S\u00f3lo as\u00ed comprender\u00e1 que hay valores cuyo destino no es otro que el de ser sacrificados en aras de valores m\u00e1s altos; [&#8230; la] jerarquizaci\u00f3n de <strong>los valores es lo que otorga la talla moral a cada individuo<\/strong>, es evidente que <strong>la educaci\u00f3n de una persona depender\u00e1 sin duda de esta \u201cescala moral\u201d que haya interiorizado<\/strong>, y que se encuentra en congruencia con el propio proyecto de vida como canalizaci\u00f3n de todas sus energ\u00edas\u201d (cf Valores Humanos, pag 9-10).<\/p>\n<p style=\"text-align: justify;\">Por esta raz\u00f3n nos permitimos, ir compartiendo (en pr\u00f3ximas publicaciones), por motivos \u00fanicos y exclusivamente educativos y de formaci\u00f3n permanente, partes de los cap\u00edtulos de su obra <strong><em>\u201cValores humanos\u201d<\/em><\/strong> del escritor y pedagogo Bernab\u00e9 Tierno Jim\u00e9nez (1940 \u2013 2015), obra que tiene un extenso <strong>tratado sobre los valores humanos, <\/strong>cuya lectura, reflexi\u00f3n y socializaci\u00f3n nos puede ayudar a descubrir el camino de una <strong><em>\u201cPedagog\u00eda de los valores\u201d<\/em> <\/strong>para&nbsp; que nosotros -como educadores-, nuestros estudiantes y padres de familia caminemos el proceso ense\u00f1anza \u2013 aprendizaje, usando <strong>un lenguaje con conceptos \u00fanicos, claros y uniformes<\/strong>. La definici\u00f3n de conceptos es la base para desarrollar una docencia orientada por el valor real de las cosas, mediante una pedagog\u00eda del encuentro que har\u00e1 capaces encontrar sentido a nuestras vidas y de reconocer y respetar la dignidad de todos los seres. Cu\u00e1nto bien nos hizo un profesor en la secundaria cuando nos dijo: <strong>\u00abdefinamos los conceptos, y luego dialoguemos\u00bb<\/strong><\/p>\n<p style=\"text-align: justify;\">Art\u00edculo relacionado: <a href=\"https:\/\/webdelmaestrocmf.com\/portal\/michelle-obama-aprendan-practiquen-los-valores-orgullo\/\" target=\"_blank\" rel=\"noopener\"><strong>MICHELLE OBAMA: \u201cAPRENDAN Y PRACTIQUEN LOS VALORES CON ORGULLO\u201d<\/strong><\/a><\/p>\n<p style=\"text-align: justify;\">La profesora Mar\u00eda del Rosario Cerrillo corrobora las ideas anteriores, al afirmar que \u201c<strong>los profesores deben convertirse en mediadores y gu\u00edas que orienten a los alumnos hacia el descubrimiento de sus valores de referencia<\/strong> y hacia el desarrollo de las capacidades que les permitan desenvolverse de forma aut\u00f3noma en la escuela y en la vida. S\u00f3lo el aprendizaje mediado permite que los sujetos mejoren sus ejecuciones y actualicen su potencial de aprendizaje constantemente\u201d. Y de esta manera lograremos, como educadores, \u201c<em>sugerir, facilitar o contribuir a crear las condiciones que hagan posible que el educando acceda al conocimiento de valores por medio de su experiencia\u201d<\/em>. (<strong>EDUCAR EN VALORES, MISI\u00d3N DEL PROFESOR<\/strong>).<\/p>\n<p style=\"text-align: justify;\">Con estas premisas, deseamos <strong>apoyar la formaci\u00f3n permanente de los educadores<\/strong>,&nbsp; con la Serie especialmente de los profesores, para que encuentren nuevos y mejores itinerarios pedag\u00f3gicos que permitan a sus estudiantes el desarrollo de \u201cactitudes positivas, ayud\u00e1ndoles a vivir unos valores para que as\u00ed los hagan operativos en su conducta dentro de su realidad sociocultural\u201d (Ma. D. Prieto).<\/p>\n<p style=\"text-align: justify;\">Ojal\u00e1 tengamos un poco, del ya escaso tiempo de que disponemos, para lograr que, libre, voluntaria y responsablemente, para leer los art\u00edculos que ser\u00e1n partes (siempre textuales) extra\u00eddos de la obra <em>Valores Humanos<\/em> (autor\u00eda del Profesor Bernab\u00e9 Tierno)&nbsp; <strong>SOBRE LOS VALORES, LA EDUCACION Y LA DOCENCIA, <\/strong>con la confianza que desde una acci\u00f3n educativa compartida, podremos fortalecer una sana y enriquecedora convivencia en nuestras comunidades educativas.<\/p>\n<p style=\"text-align: right;\"><strong>REDACCI\u00d3N WEB DEL MAESTRO CMF<\/strong><\/p>\n\t\t<div class=\"pk-inline-posts\">\n\t\t\t\n\t\t\t<div class=\"pk-inline-posts-container pk-inline-posts-template-list\"\n\t\t\t\tdata-columns=\"1\">\n\t\t\t\t\t\t<article id=\"post-95717\" class=\"post-95717 post type-post status-publish format-video has-post-thumbnail category-charlas tag-aprendamos-juntos tag-aprendemos-juntos-2030 tag-aprender tag-aprendizaje tag-bbva tag-calificacion-por-notas tag-cerebro tag-compresion tag-descanso tag-dislexia tag-dormir tag-entrevista tag-error tag-escritura tag-fonologia tag-lectura tag-lenguaje-oral tag-matematica tag-memoria tag-neurociencia tag-neurona tag-para-sumar-por-la-educacion tag-pensamiento tag-sinapsis tag-stanislas-dehaene tag-sueno tag-tecnologia tag-videos post_format-post-format-video cs-entry cs-video-wrap\">\n\t\t\t<div class=\"pk-post-outer\">\n\n\t\t\t\t\t\t\t\t<div class=\"pk-post-inner\">\n\t\t\t\t\t<div class=\"entry-thumbnail\">\n\t\t\t\t\t\t<div class=\"pk-overlay pk-overlay-ratio pk-ratio-landscape\">\n\t\t\t\t\t\t\t<div class=\"pk-overlay-background\">\n\t\t\t\t\t\t\t\t<a href=\"https:\/\/webdelmaestrocmf.com\/portal\/stanislas-dehaene-el-mayor-talento-de-un-profesor-es-ser-capaz-de-dirigir-la-atencion-del-alumno-hacia-el-nivel-correcto\/\" class=\"pk-overlay-link\">\n\t\t\t\t\t\t\t\t\t<img loading=\"lazy\" decoding=\"async\" width=\"300\" height=\"225\" src=\"https:\/\/webdelmaestrocmf.com\/portal\/wp-content\/uploads\/2024\/02\/1AA-Banner-1-portada-imagen-10-1-copia-300x225.webp\" class=\"attachment-pk-thumbnail size-pk-thumbnail wp-post-image\" alt=\"\" \/>\t\t\t\t\t\t\t\t<\/a>\n\t\t\t\t\t\t\t<\/div>\n\t\t\t\t\t\t<\/div>\n\t\t\t\t\t<\/div>\n\t\t\t\t<\/div>\n\t\t\t\t\n\t\t\t\t<div class=\"pk-post-inner\">\n\t\t\t\t\t<header>\n\t\t\t\t\t\t<h3 class=\"pk-title\"><a href=\"https:\/\/webdelmaestrocmf.com\/portal\/stanislas-dehaene-el-mayor-talento-de-un-profesor-es-ser-capaz-de-dirigir-la-atencion-del-alumno-hacia-el-nivel-correcto\/\" rel=\"bookmark\">Stanislas Dehaene: El mayor talento de un profesor es ser capaz de dirigir la atenci\u00f3n del alumno, hacia el nivel correcto<\/a><\/h3>\t\t\t\t\t<\/header><!-- .entry-header -->\n\t\t\t\t<\/div><!-- .post-inner -->\n\n\t\t\t<\/div><!-- .post-outer -->\n\t\t<\/article>\n\t\t\t\t<\/div>\n\t\t<\/div>\n\t\t\n","protected":false},"excerpt":{"rendered":"Sabemos que son los profesores quienes desde su tarea ordinaria no solo informan sobre los conocimientos y orientan&hellip;","protected":false},"author":1,"featured_media":55897,"comment_status":"open","ping_status":"closed","sticky":false,"template":"","format":"video","meta":{"csco_display_header_overlay":false,"csco_singular_sidebar":"default","csco_page_header_type":"large","csco_page_load_nextpost":"default","csco_post_video_location":["large-header"],"csco_post_video_location_hash":"","csco_post_video_url":"https:\/\/youtu.be\/Bd6V7WNgIUw","csco_post_video_bg_start_time":0,"csco_post_video_bg_end_time":180,"csco_post_video_bg_volume":false,"_jetpack_memberships_contains_paid_content":false,"footnotes":""},"categories":[6194],"tags":[3380,55,2212,2164,1442,3454,3451,1014,1284],"class_list":{"0":"post-55895","1":"post","2":"type-post","3":"status-publish","4":"format-video","5":"has-post-thumbnail","7":"category-valores","8":"tag-bernabe-tierno","9":"tag-educacion","10":"tag-etica","11":"tag-libertad","12":"tag-responsabilidad","13":"tag-serie","14":"tag-tarea-docente","15":"tag-valores","16":"tag-video","17":"post_format-post-format-video","18":"cs-entry","19":"cs-video-wrap"},"yoast_head":"<!-- This site is optimized with the Yoast SEO plugin v27.5 - https:\/\/yoast.com\/product\/yoast-seo-wordpress\/ -->\n<title>Serie sobre los valores, la educaci\u00f3n y la docencia - 2026<\/title>\n<meta name=\"description\" content=\"Sabemos que son los profesores quienes desde su tarea ordinaria no solo informan sobre los conocimientos, sino...\" \/>\n<meta name=\"robots\" content=\"index, follow, max-snippet:-1, max-image-preview:large, max-video-preview:-1\" \/>\n<link rel=\"canonical\" href=\"https:\/\/webdelmaestrocmf.com\/portal\/serie-sobre-los-valores-la-educacion-y-la-docencia\/\" \/>\n<meta property=\"og:locale\" content=\"es_ES\" \/>\n<meta property=\"og:type\" content=\"article\" \/>\n<meta property=\"og:title\" content=\"Serie sobre los valores, la educaci\u00f3n y la docencia - 2026\" \/>\n<meta property=\"og:description\" content=\"Sabemos que son los profesores quienes desde su tarea ordinaria no solo informan sobre los conocimientos, sino...\" \/>\n<meta property=\"og:url\" content=\"https:\/\/webdelmaestrocmf.com\/portal\/serie-sobre-los-valores-la-educacion-y-la-docencia\/\" \/>\n<meta property=\"og:site_name\" content=\"Web del Maestro CMF\" \/>\n<meta property=\"article:publisher\" content=\"https:\/\/www.facebook.com\/WebdelMaestroCMF\/\" \/>\n<meta property=\"article:author\" content=\"https:\/\/www.facebook.com\/WebdelMaestroCMF\/\" \/>\n<meta property=\"article:published_time\" content=\"2022-01-04T02:00:00+00:00\" \/>\n<meta property=\"article:modified_time\" content=\"2023-01-04T02:10:11+00:00\" \/>\n<meta property=\"og:image\" content=\"https:\/\/i0.wp.com\/webdelmaestrocmf.com\/portal\/wp-content\/uploads\/2020\/12\/1-copia-37.jpg?fit=1100%2C680&ssl=1\" \/>\n\t<meta property=\"og:image:width\" content=\"1100\" \/>\n\t<meta property=\"og:image:height\" content=\"680\" \/>\n\t<meta property=\"og:image:type\" content=\"image\/jpeg\" \/>\n<meta name=\"author\" content=\"Web del Maestro CMF\" \/>\n<meta name=\"twitter:card\" content=\"summary_large_image\" \/>\n<meta name=\"twitter:creator\" content=\"@cmf_w\" \/>\n<meta name=\"twitter:site\" content=\"@cmf_w\" \/>\n<script type=\"application\/ld+json\" class=\"yoast-schema-graph\">{\"@context\":\"https:\\\/\\\/schema.org\",\"@graph\":[{\"@type\":\"ScholarlyArticle\",\"@id\":\"https:\\\/\\\/webdelmaestrocmf.com\\\/portal\\\/serie-sobre-los-valores-la-educacion-y-la-docencia\\\/#article\",\"isPartOf\":{\"@id\":\"https:\\\/\\\/webdelmaestrocmf.com\\\/portal\\\/serie-sobre-los-valores-la-educacion-y-la-docencia\\\/\"},\"author\":{\"name\":\"Web del Maestro CMF\",\"@id\":\"https:\\\/\\\/webdelmaestrocmf.com\\\/portal\\\/#\\\/schema\\\/person\\\/1072a2ed7bd960df8ef99a551fa35dc5\"},\"headline\":\"Serie sobre los valores, la educaci\u00f3n y la docencia\",\"datePublished\":\"2022-01-04T02:00:00+00:00\",\"dateModified\":\"2023-01-04T02:10:11+00:00\",\"mainEntityOfPage\":{\"@id\":\"https:\\\/\\\/webdelmaestrocmf.com\\\/portal\\\/serie-sobre-los-valores-la-educacion-y-la-docencia\\\/\"},\"wordCount\":1533,\"commentCount\":2,\"publisher\":{\"@id\":\"https:\\\/\\\/webdelmaestrocmf.com\\\/portal\\\/#organization\"},\"image\":{\"@id\":\"https:\\\/\\\/webdelmaestrocmf.com\\\/portal\\\/serie-sobre-los-valores-la-educacion-y-la-docencia\\\/#primaryimage\"},\"thumbnailUrl\":\"https:\\\/\\\/webdelmaestrocmf.com\\\/portal\\\/wp-content\\\/uploads\\\/2020\\\/12\\\/1-copia-37.jpg\",\"keywords\":[\"BERNAB\u00c9 TIERNO\",\"EDUCACI\u00d3N\",\"\u00c9TICA\",\"LIBERTAD\",\"RESPONSABILIDAD\",\"SERIE\",\"TAREA DOCENTE\",\"valores\",\"video\"],\"articleSection\":[\"Valores\"],\"inLanguage\":\"es\",\"potentialAction\":[{\"@type\":\"CommentAction\",\"name\":\"Comment\",\"target\":[\"https:\\\/\\\/webdelmaestrocmf.com\\\/portal\\\/serie-sobre-los-valores-la-educacion-y-la-docencia\\\/#respond\"]}]},{\"@type\":\"WebPage\",\"@id\":\"https:\\\/\\\/webdelmaestrocmf.com\\\/portal\\\/serie-sobre-los-valores-la-educacion-y-la-docencia\\\/\",\"url\":\"https:\\\/\\\/webdelmaestrocmf.com\\\/portal\\\/serie-sobre-los-valores-la-educacion-y-la-docencia\\\/\",\"name\":\"Serie sobre los valores, la educaci\u00f3n y la docencia - 2026\",\"isPartOf\":{\"@id\":\"https:\\\/\\\/webdelmaestrocmf.com\\\/portal\\\/#website\"},\"primaryImageOfPage\":{\"@id\":\"https:\\\/\\\/webdelmaestrocmf.com\\\/portal\\\/serie-sobre-los-valores-la-educacion-y-la-docencia\\\/#primaryimage\"},\"image\":{\"@id\":\"https:\\\/\\\/webdelmaestrocmf.com\\\/portal\\\/serie-sobre-los-valores-la-educacion-y-la-docencia\\\/#primaryimage\"},\"thumbnailUrl\":\"https:\\\/\\\/webdelmaestrocmf.com\\\/portal\\\/wp-content\\\/uploads\\\/2020\\\/12\\\/1-copia-37.jpg\",\"datePublished\":\"2022-01-04T02:00:00+00:00\",\"dateModified\":\"2023-01-04T02:10:11+00:00\",\"description\":\"Sabemos que son los profesores quienes desde su tarea ordinaria no solo informan sobre los conocimientos, sino...\",\"breadcrumb\":{\"@id\":\"https:\\\/\\\/webdelmaestrocmf.com\\\/portal\\\/serie-sobre-los-valores-la-educacion-y-la-docencia\\\/#breadcrumb\"},\"inLanguage\":\"es\",\"potentialAction\":[{\"@type\":\"ReadAction\",\"target\":[\"https:\\\/\\\/webdelmaestrocmf.com\\\/portal\\\/serie-sobre-los-valores-la-educacion-y-la-docencia\\\/\"]}]},{\"@type\":\"ImageObject\",\"inLanguage\":\"es\",\"@id\":\"https:\\\/\\\/webdelmaestrocmf.com\\\/portal\\\/serie-sobre-los-valores-la-educacion-y-la-docencia\\\/#primaryimage\",\"url\":\"https:\\\/\\\/webdelmaestrocmf.com\\\/portal\\\/wp-content\\\/uploads\\\/2020\\\/12\\\/1-copia-37.jpg\",\"contentUrl\":\"https:\\\/\\\/webdelmaestrocmf.com\\\/portal\\\/wp-content\\\/uploads\\\/2020\\\/12\\\/1-copia-37.jpg\",\"width\":1100,\"height\":680},{\"@type\":\"BreadcrumbList\",\"@id\":\"https:\\\/\\\/webdelmaestrocmf.com\\\/portal\\\/serie-sobre-los-valores-la-educacion-y-la-docencia\\\/#breadcrumb\",\"itemListElement\":[{\"@type\":\"ListItem\",\"position\":1,\"name\":\"Portada\",\"item\":\"https:\\\/\\\/webdelmaestrocmf.com\\\/portal\\\/\"},{\"@type\":\"ListItem\",\"position\":2,\"name\":\"Recursos\",\"item\":\"https:\\\/\\\/webdelmaestrocmf.com\\\/portal\\\/category\\\/pedagogia\\\/\"},{\"@type\":\"ListItem\",\"position\":3,\"name\":\"Valores\",\"item\":\"https:\\\/\\\/webdelmaestrocmf.com\\\/portal\\\/category\\\/pedagogia\\\/valores\\\/\"},{\"@type\":\"ListItem\",\"position\":4,\"name\":\"Serie sobre los valores, la educaci\u00f3n y la docencia\"}]},{\"@type\":\"WebSite\",\"@id\":\"https:\\\/\\\/webdelmaestrocmf.com\\\/portal\\\/#website\",\"url\":\"https:\\\/\\\/webdelmaestrocmf.com\\\/portal\\\/\",\"name\":\"Web del Maestro CMF\",\"description\":\"Maestros al servicio de la educaci\u00f3n\",\"publisher\":{\"@id\":\"https:\\\/\\\/webdelmaestrocmf.com\\\/portal\\\/#organization\"},\"alternateName\":\"WMCMF\",\"potentialAction\":[{\"@type\":\"SearchAction\",\"target\":{\"@type\":\"EntryPoint\",\"urlTemplate\":\"https:\\\/\\\/webdelmaestrocmf.com\\\/portal\\\/?s={search_term_string}\"},\"query-input\":{\"@type\":\"PropertyValueSpecification\",\"valueRequired\":true,\"valueName\":\"search_term_string\"}}],\"inLanguage\":\"es\"},{\"@type\":\"Organization\",\"@id\":\"https:\\\/\\\/webdelmaestrocmf.com\\\/portal\\\/#organization\",\"name\":\"Web del Maestro CMF\",\"alternateName\":\"WMCMF\",\"url\":\"https:\\\/\\\/webdelmaestrocmf.com\\\/portal\\\/\",\"logo\":{\"@type\":\"ImageObject\",\"inLanguage\":\"es\",\"@id\":\"https:\\\/\\\/webdelmaestrocmf.com\\\/portal\\\/#\\\/schema\\\/logo\\\/image\\\/\",\"url\":\"https:\\\/\\\/webdelmaestrocmf.com\\\/portal\\\/wp-content\\\/uploads\\\/2023\\\/01\\\/logo-wmcmf-2.png\",\"contentUrl\":\"https:\\\/\\\/webdelmaestrocmf.com\\\/portal\\\/wp-content\\\/uploads\\\/2023\\\/01\\\/logo-wmcmf-2.png\",\"width\":200,\"height\":60,\"caption\":\"Web del Maestro CMF\"},\"image\":{\"@id\":\"https:\\\/\\\/webdelmaestrocmf.com\\\/portal\\\/#\\\/schema\\\/logo\\\/image\\\/\"},\"sameAs\":[\"https:\\\/\\\/www.facebook.com\\\/WebdelMaestroCMF\\\/\",\"https:\\\/\\\/x.com\\\/cmf_w\",\"https:\\\/\\\/www.pinterest.com\\\/WMCMF\\\/\",\"https:\\\/\\\/www.linkedin.com\\\/company\\\/web-del-maestro-cmf\\\/\",\"https:\\\/\\\/www.instagram.com\\\/wmcmf\\\/\",\"https:\\\/\\\/www.youtube.com\\\/channel\\\/UCDPSvjbdodE5sHnC3OxutHw\",\"https:\\\/\\\/mastodon.social\\\/@wmcmf\",\"https:\\\/\\\/www.tiktok.com\\\/@webdelmaestrocmf\"]},{\"@type\":\"Person\",\"@id\":\"https:\\\/\\\/webdelmaestrocmf.com\\\/portal\\\/#\\\/schema\\\/person\\\/1072a2ed7bd960df8ef99a551fa35dc5\",\"name\":\"Web del Maestro CMF\",\"image\":{\"@type\":\"ImageObject\",\"inLanguage\":\"es\",\"@id\":\"https:\\\/\\\/secure.gravatar.com\\\/avatar\\\/23291dd5b5ae1077dcff3dbb04c3e02bd28403fa75af6d8787d5e97c5bbbe30b?s=96&d=mm&r=g\",\"url\":\"https:\\\/\\\/secure.gravatar.com\\\/avatar\\\/23291dd5b5ae1077dcff3dbb04c3e02bd28403fa75af6d8787d5e97c5bbbe30b?s=96&d=mm&r=g\",\"contentUrl\":\"https:\\\/\\\/secure.gravatar.com\\\/avatar\\\/23291dd5b5ae1077dcff3dbb04c3e02bd28403fa75af6d8787d5e97c5bbbe30b?s=96&d=mm&r=g\",\"caption\":\"Web del Maestro CMF\"},\"description\":\"Esta Web se cre\u00f3 sin fines de lucro, con fines educativos, cient\u00edficos y acad\u00e9micos, para personas que tengan dificultades y\\\/o inconvenientes en visualizar el material original. El objetivo es entregar recursos, compartir experiencias y materiales que ayuden a los padres de familia, maestros y estudiantes en su actualizaci\u00f3n y formaci\u00f3n permanente, en bien de la Educaci\u00f3n.\",\"sameAs\":[\"http:\\\/\\\/webdelmaestrocmf.com\\\/portal\",\"https:\\\/\\\/www.facebook.com\\\/WebdelMaestroCMF\\\/\",\"https:\\\/\\\/www.instagram.com\\\/wmcmf\\\/\",\"https:\\\/\\\/cl.linkedin.com\\\/company\\\/web-del-maestro-cmf\",\"https:\\\/\\\/www.pinterest.com\\\/WMCMF\\\/publicaciones\\\/\",\"https:\\\/\\\/x.com\\\/cmf_w\",\"https:\\\/\\\/www.youtube.com\\\/@WMCMF\"]}]}<\/script>\n<!-- \/ Yoast SEO plugin. -->","yoast_head_json":{"title":"Serie sobre los valores, la educaci\u00f3n y la docencia - 2026","description":"Sabemos que son los profesores quienes desde su tarea ordinaria no solo informan sobre los conocimientos, sino...","robots":{"index":"index","follow":"follow","max-snippet":"max-snippet:-1","max-image-preview":"max-image-preview:large","max-video-preview":"max-video-preview:-1"},"canonical":"https:\/\/webdelmaestrocmf.com\/portal\/serie-sobre-los-valores-la-educacion-y-la-docencia\/","og_locale":"es_ES","og_type":"article","og_title":"Serie sobre los valores, la educaci\u00f3n y la docencia - 2026","og_description":"Sabemos que son los profesores quienes desde su tarea ordinaria no solo informan sobre los conocimientos, sino...","og_url":"https:\/\/webdelmaestrocmf.com\/portal\/serie-sobre-los-valores-la-educacion-y-la-docencia\/","og_site_name":"Web del Maestro CMF","article_publisher":"https:\/\/www.facebook.com\/WebdelMaestroCMF\/","article_author":"https:\/\/www.facebook.com\/WebdelMaestroCMF\/","article_published_time":"2022-01-04T02:00:00+00:00","article_modified_time":"2023-01-04T02:10:11+00:00","og_image":[{"width":1100,"height":680,"url":"https:\/\/i0.wp.com\/webdelmaestrocmf.com\/portal\/wp-content\/uploads\/2020\/12\/1-copia-37.jpg?fit=1100%2C680&ssl=1","type":"image\/jpeg"}],"author":"Web del Maestro CMF","twitter_card":"summary_large_image","twitter_creator":"@cmf_w","twitter_site":"@cmf_w","schema":{"@context":"https:\/\/schema.org","@graph":[{"@type":"ScholarlyArticle","@id":"https:\/\/webdelmaestrocmf.com\/portal\/serie-sobre-los-valores-la-educacion-y-la-docencia\/#article","isPartOf":{"@id":"https:\/\/webdelmaestrocmf.com\/portal\/serie-sobre-los-valores-la-educacion-y-la-docencia\/"},"author":{"name":"Web del Maestro CMF","@id":"https:\/\/webdelmaestrocmf.com\/portal\/#\/schema\/person\/1072a2ed7bd960df8ef99a551fa35dc5"},"headline":"Serie sobre los valores, la educaci\u00f3n y la docencia","datePublished":"2022-01-04T02:00:00+00:00","dateModified":"2023-01-04T02:10:11+00:00","mainEntityOfPage":{"@id":"https:\/\/webdelmaestrocmf.com\/portal\/serie-sobre-los-valores-la-educacion-y-la-docencia\/"},"wordCount":1533,"commentCount":2,"publisher":{"@id":"https:\/\/webdelmaestrocmf.com\/portal\/#organization"},"image":{"@id":"https:\/\/webdelmaestrocmf.com\/portal\/serie-sobre-los-valores-la-educacion-y-la-docencia\/#primaryimage"},"thumbnailUrl":"https:\/\/webdelmaestrocmf.com\/portal\/wp-content\/uploads\/2020\/12\/1-copia-37.jpg","keywords":["BERNAB\u00c9 TIERNO","EDUCACI\u00d3N","\u00c9TICA","LIBERTAD","RESPONSABILIDAD","SERIE","TAREA DOCENTE","valores","video"],"articleSection":["Valores"],"inLanguage":"es","potentialAction":[{"@type":"CommentAction","name":"Comment","target":["https:\/\/webdelmaestrocmf.com\/portal\/serie-sobre-los-valores-la-educacion-y-la-docencia\/#respond"]}]},{"@type":"WebPage","@id":"https:\/\/webdelmaestrocmf.com\/portal\/serie-sobre-los-valores-la-educacion-y-la-docencia\/","url":"https:\/\/webdelmaestrocmf.com\/portal\/serie-sobre-los-valores-la-educacion-y-la-docencia\/","name":"Serie sobre los valores, la educaci\u00f3n y la docencia - 2026","isPartOf":{"@id":"https:\/\/webdelmaestrocmf.com\/portal\/#website"},"primaryImageOfPage":{"@id":"https:\/\/webdelmaestrocmf.com\/portal\/serie-sobre-los-valores-la-educacion-y-la-docencia\/#primaryimage"},"image":{"@id":"https:\/\/webdelmaestrocmf.com\/portal\/serie-sobre-los-valores-la-educacion-y-la-docencia\/#primaryimage"},"thumbnailUrl":"https:\/\/webdelmaestrocmf.com\/portal\/wp-content\/uploads\/2020\/12\/1-copia-37.jpg","datePublished":"2022-01-04T02:00:00+00:00","dateModified":"2023-01-04T02:10:11+00:00","description":"Sabemos que son los profesores quienes desde su tarea ordinaria no solo informan sobre los conocimientos, sino...","breadcrumb":{"@id":"https:\/\/webdelmaestrocmf.com\/portal\/serie-sobre-los-valores-la-educacion-y-la-docencia\/#breadcrumb"},"inLanguage":"es","potentialAction":[{"@type":"ReadAction","target":["https:\/\/webdelmaestrocmf.com\/portal\/serie-sobre-los-valores-la-educacion-y-la-docencia\/"]}]},{"@type":"ImageObject","inLanguage":"es","@id":"https:\/\/webdelmaestrocmf.com\/portal\/serie-sobre-los-valores-la-educacion-y-la-docencia\/#primaryimage","url":"https:\/\/webdelmaestrocmf.com\/portal\/wp-content\/uploads\/2020\/12\/1-copia-37.jpg","contentUrl":"https:\/\/webdelmaestrocmf.com\/portal\/wp-content\/uploads\/2020\/12\/1-copia-37.jpg","width":1100,"height":680},{"@type":"BreadcrumbList","@id":"https:\/\/webdelmaestrocmf.com\/portal\/serie-sobre-los-valores-la-educacion-y-la-docencia\/#breadcrumb","itemListElement":[{"@type":"ListItem","position":1,"name":"Portada","item":"https:\/\/webdelmaestrocmf.com\/portal\/"},{"@type":"ListItem","position":2,"name":"Recursos","item":"https:\/\/webdelmaestrocmf.com\/portal\/category\/pedagogia\/"},{"@type":"ListItem","position":3,"name":"Valores","item":"https:\/\/webdelmaestrocmf.com\/portal\/category\/pedagogia\/valores\/"},{"@type":"ListItem","position":4,"name":"Serie sobre los valores, la educaci\u00f3n y la docencia"}]},{"@type":"WebSite","@id":"https:\/\/webdelmaestrocmf.com\/portal\/#website","url":"https:\/\/webdelmaestrocmf.com\/portal\/","name":"Web del Maestro CMF","description":"Maestros al servicio de la educaci\u00f3n","publisher":{"@id":"https:\/\/webdelmaestrocmf.com\/portal\/#organization"},"alternateName":"WMCMF","potentialAction":[{"@type":"SearchAction","target":{"@type":"EntryPoint","urlTemplate":"https:\/\/webdelmaestrocmf.com\/portal\/?s={search_term_string}"},"query-input":{"@type":"PropertyValueSpecification","valueRequired":true,"valueName":"search_term_string"}}],"inLanguage":"es"},{"@type":"Organization","@id":"https:\/\/webdelmaestrocmf.com\/portal\/#organization","name":"Web del Maestro CMF","alternateName":"WMCMF","url":"https:\/\/webdelmaestrocmf.com\/portal\/","logo":{"@type":"ImageObject","inLanguage":"es","@id":"https:\/\/webdelmaestrocmf.com\/portal\/#\/schema\/logo\/image\/","url":"https:\/\/webdelmaestrocmf.com\/portal\/wp-content\/uploads\/2023\/01\/logo-wmcmf-2.png","contentUrl":"https:\/\/webdelmaestrocmf.com\/portal\/wp-content\/uploads\/2023\/01\/logo-wmcmf-2.png","width":200,"height":60,"caption":"Web del Maestro CMF"},"image":{"@id":"https:\/\/webdelmaestrocmf.com\/portal\/#\/schema\/logo\/image\/"},"sameAs":["https:\/\/www.facebook.com\/WebdelMaestroCMF\/","https:\/\/x.com\/cmf_w","https:\/\/www.pinterest.com\/WMCMF\/","https:\/\/www.linkedin.com\/company\/web-del-maestro-cmf\/","https:\/\/www.instagram.com\/wmcmf\/","https:\/\/www.youtube.com\/channel\/UCDPSvjbdodE5sHnC3OxutHw","https:\/\/mastodon.social\/@wmcmf","https:\/\/www.tiktok.com\/@webdelmaestrocmf"]},{"@type":"Person","@id":"https:\/\/webdelmaestrocmf.com\/portal\/#\/schema\/person\/1072a2ed7bd960df8ef99a551fa35dc5","name":"Web del Maestro CMF","image":{"@type":"ImageObject","inLanguage":"es","@id":"https:\/\/secure.gravatar.com\/avatar\/23291dd5b5ae1077dcff3dbb04c3e02bd28403fa75af6d8787d5e97c5bbbe30b?s=96&d=mm&r=g","url":"https:\/\/secure.gravatar.com\/avatar\/23291dd5b5ae1077dcff3dbb04c3e02bd28403fa75af6d8787d5e97c5bbbe30b?s=96&d=mm&r=g","contentUrl":"https:\/\/secure.gravatar.com\/avatar\/23291dd5b5ae1077dcff3dbb04c3e02bd28403fa75af6d8787d5e97c5bbbe30b?s=96&d=mm&r=g","caption":"Web del Maestro CMF"},"description":"Esta Web se cre\u00f3 sin fines de lucro, con fines educativos, cient\u00edficos y acad\u00e9micos, para personas que tengan dificultades y\/o inconvenientes en visualizar el material original. El objetivo es entregar recursos, compartir experiencias y materiales que ayuden a los padres de familia, maestros y estudiantes en su actualizaci\u00f3n y formaci\u00f3n permanente, en bien de la Educaci\u00f3n.","sameAs":["http:\/\/webdelmaestrocmf.com\/portal","https:\/\/www.facebook.com\/WebdelMaestroCMF\/","https:\/\/www.instagram.com\/wmcmf\/","https:\/\/cl.linkedin.com\/company\/web-del-maestro-cmf","https:\/\/www.pinterest.com\/WMCMF\/publicaciones\/","https:\/\/x.com\/cmf_w","https:\/\/www.youtube.com\/@WMCMF"]}]}},"jetpack_featured_media_url":"https:\/\/webdelmaestrocmf.com\/portal\/wp-content\/uploads\/2020\/12\/1-copia-37.jpg","jetpack_sharing_enabled":true,"jetpack-related-posts":[{"id":26524,"url":"https:\/\/webdelmaestrocmf.com\/portal\/buen-educador-no-ejerce-una-educacion-la-fuerza-antojo\/","url_meta":{"origin":55895,"position":0},"title":"Bernab\u00e9 Tierno Jim\u00e9nez: Un buen educador no ejerce una educaci\u00f3n por la fuerza y a su antojo","author":"Web del Maestro CMF","date":"18 febrero, 2018","format":false,"excerpt":"El Licenciado en Filosof\u00eda, Ciencias de la Educaci\u00f3n y Psicolog\u00eda, especializado en Psicopedagog\u00eda, Bernab\u00e9 Tierno Jim\u00e9nez (1940 \u2013 2015), fue profesor y director de instituciones educativas, autor de m\u00e1s de 60 libros escritos sobre psicolog\u00eda y autoayuda. \u00c9l sostiene que \u201cla educaci\u00f3n est\u00e1 determinada por la actitud de los formadores\u201d\u2026","rel":"","context":"En \u00abEducaci\u00f3n\u00bb","block_context":{"text":"Educaci\u00f3n","link":"https:\/\/webdelmaestrocmf.com\/portal\/category\/noticias\/educacion-noticias\/"},"img":{"alt_text":"","src":"https:\/\/i0.wp.com\/webdelmaestrocmf.com\/portal\/wp-content\/uploads\/2018\/02\/1-10.jpg?resize=350%2C200&ssl=1","width":350,"height":200,"srcset":"https:\/\/i0.wp.com\/webdelmaestrocmf.com\/portal\/wp-content\/uploads\/2018\/02\/1-10.jpg?resize=350%2C200&ssl=1 1x, https:\/\/i0.wp.com\/webdelmaestrocmf.com\/portal\/wp-content\/uploads\/2018\/02\/1-10.jpg?resize=525%2C300&ssl=1 1.5x, https:\/\/i0.wp.com\/webdelmaestrocmf.com\/portal\/wp-content\/uploads\/2018\/02\/1-10.jpg?resize=700%2C400&ssl=1 2x, https:\/\/i0.wp.com\/webdelmaestrocmf.com\/portal\/wp-content\/uploads\/2018\/02\/1-10.jpg?resize=1050%2C600&ssl=1 3x"},"classes":[]},{"id":60834,"url":"https:\/\/webdelmaestrocmf.com\/portal\/bernabe-tierno-el-sistema-educativo-en-muchos-paises-es-claramente-selectivo-competitivo-y-discriminatorio\/","url_meta":{"origin":55895,"position":1},"title":"Bernab\u00e9 Tierno: El sistema educativo (en muchos pa\u00edses) es claramente selectivo, competitivo y discriminatorio","author":"Web del Maestro CMF","date":"21 marzo, 2021","format":"video","excerpt":"\u201cLa gente se arregla todos los d\u00edas el cabello. \u00bfPor qu\u00e9 no el coraz\u00f3n?\u201d \u00a0(Mahatma Gandhi). \u201cSe suele definir el altruismo como \u00abesmero y complacencia en el bien ajeno, aun a costa del propio, y por motivos puramente humanos\u00bb. En definitiva, el altruismo es una actitud de servicio aceptada y\u2026","rel":"","context":"En \u00abValores\u00bb","block_context":{"text":"Valores","link":"https:\/\/webdelmaestrocmf.com\/portal\/category\/pedagogia\/valores\/"},"img":{"alt_text":"","src":"https:\/\/i0.wp.com\/webdelmaestrocmf.com\/portal\/wp-content\/uploads\/2021\/03\/Banner-1-portada-imagen-10-1-51.jpg?resize=350%2C200&ssl=1","width":350,"height":200,"srcset":"https:\/\/i0.wp.com\/webdelmaestrocmf.com\/portal\/wp-content\/uploads\/2021\/03\/Banner-1-portada-imagen-10-1-51.jpg?resize=350%2C200&ssl=1 1x, https:\/\/i0.wp.com\/webdelmaestrocmf.com\/portal\/wp-content\/uploads\/2021\/03\/Banner-1-portada-imagen-10-1-51.jpg?resize=525%2C300&ssl=1 1.5x, https:\/\/i0.wp.com\/webdelmaestrocmf.com\/portal\/wp-content\/uploads\/2021\/03\/Banner-1-portada-imagen-10-1-51.jpg?resize=700%2C400&ssl=1 2x"},"classes":[]},{"id":57583,"url":"https:\/\/webdelmaestrocmf.com\/portal\/bernabe-tierno-la-alegria-deberia-ser-tarea-primordial-en-el-hogar-y-en-la-escuela\/","url_meta":{"origin":55895,"position":2},"title":"Bernab\u00e9 Tierno: La alegr\u00eda deber\u00eda ser tarea primordial en el hogar y en la escuela","author":"Web del Maestro CMF","date":"13 enero, 2021","format":false,"excerpt":"\u201cEl que canta es el primero en recibir los beneficios de la melod\u00eda: Alegr\u00eda de coraz\u00f3n, paz de esp\u00edritu, felicidad, ...\u201d \u00a0(J. G. C\u00e1ceres) Si dejamos abiertos de par en par los sentidos y nuestro cuerpo y nuestro esp\u00edritu, en perfecta sinton\u00eda, se dejan invadir por la Naturaleza y por\u2026","rel":"","context":"En \u00abValores\u00bb","block_context":{"text":"Valores","link":"https:\/\/webdelmaestrocmf.com\/portal\/category\/pedagogia\/valores\/"},"img":{"alt_text":"","src":"https:\/\/i0.wp.com\/webdelmaestrocmf.com\/portal\/wp-content\/uploads\/2021\/01\/1-copia-85.jpg?resize=350%2C200&ssl=1","width":350,"height":200,"srcset":"https:\/\/i0.wp.com\/webdelmaestrocmf.com\/portal\/wp-content\/uploads\/2021\/01\/1-copia-85.jpg?resize=350%2C200&ssl=1 1x, https:\/\/i0.wp.com\/webdelmaestrocmf.com\/portal\/wp-content\/uploads\/2021\/01\/1-copia-85.jpg?resize=525%2C300&ssl=1 1.5x, https:\/\/i0.wp.com\/webdelmaestrocmf.com\/portal\/wp-content\/uploads\/2021\/01\/1-copia-85.jpg?resize=700%2C400&ssl=1 2x, https:\/\/i0.wp.com\/webdelmaestrocmf.com\/portal\/wp-content\/uploads\/2021\/01\/1-copia-85.jpg?resize=1050%2C600&ssl=1 3x"},"classes":[]},{"id":58617,"url":"https:\/\/webdelmaestrocmf.com\/portal\/bernabe-tierno-desde-ninos-aprendemos-a-pensar-en-positivo-o-a-pensar-en-negativo\/","url_meta":{"origin":55895,"position":3},"title":"Bernab\u00e9 Tierno: Desde ni\u00f1os aprendemos a pensar en positivo o a pensar en negativo","author":"Web del Maestro CMF","date":"30 enero, 2021","format":false,"excerpt":"\u201cDonde pone el hombre la planta, pisa cien senderos\u201d. (Prov. Indio) \u201cUn rat\u00f3n no conf\u00eda nunca su vida a un solo agujero\u201d. (Plauto) \u201cNo digas: Es imposible. Di: No lo he hecho todav\u00eda\u201d (Prov. Japon\u00e9s) Al hablar de alternativas, me estoy refiriendo a estrategias concretas para cambiar algo que no\u2026","rel":"","context":"En \u00abValores\u00bb","block_context":{"text":"Valores","link":"https:\/\/webdelmaestrocmf.com\/portal\/category\/pedagogia\/valores\/"},"img":{"alt_text":"","src":"https:\/\/i0.wp.com\/webdelmaestrocmf.com\/portal\/wp-content\/uploads\/2021\/01\/1-copia-147.jpg?resize=350%2C200&ssl=1","width":350,"height":200,"srcset":"https:\/\/i0.wp.com\/webdelmaestrocmf.com\/portal\/wp-content\/uploads\/2021\/01\/1-copia-147.jpg?resize=350%2C200&ssl=1 1x, https:\/\/i0.wp.com\/webdelmaestrocmf.com\/portal\/wp-content\/uploads\/2021\/01\/1-copia-147.jpg?resize=525%2C300&ssl=1 1.5x, https:\/\/i0.wp.com\/webdelmaestrocmf.com\/portal\/wp-content\/uploads\/2021\/01\/1-copia-147.jpg?resize=700%2C400&ssl=1 2x, https:\/\/i0.wp.com\/webdelmaestrocmf.com\/portal\/wp-content\/uploads\/2021\/01\/1-copia-147.jpg?resize=1050%2C600&ssl=1 3x"},"classes":[]},{"id":58079,"url":"https:\/\/webdelmaestrocmf.com\/portal\/bernabe-tierno-la-aptitud-con-p-se-diferencia-de-actitud-con-c\/","url_meta":{"origin":55895,"position":4},"title":"Bernab\u00e9 Tierno: La aptitud (con p) se diferencia de actitud (con c)","author":"Web del Maestro CMF","date":"19 enero, 2021","format":false,"excerpt":"\u00a0\u201cEl h\u00e1bito es al principio ligero como una tela de ara\u00f1a, pero bien pronto se convierte en un s\u00f3lido cable\u201d. (Prov. Hebreo) Las actitudes son predisposiciones estables o formas habituales de pensar, sentir y actuar en consonancia con nuestros valores. Son, por tanto, consecuencia de nuestras convicciones o creencias m\u00e1s\u2026","rel":"","context":"En \u00abValores\u00bb","block_context":{"text":"Valores","link":"https:\/\/webdelmaestrocmf.com\/portal\/category\/pedagogia\/valores\/"},"img":{"alt_text":"","src":"https:\/\/i0.wp.com\/webdelmaestrocmf.com\/portal\/wp-content\/uploads\/2021\/01\/1-copia-118.jpg?resize=350%2C200&ssl=1","width":350,"height":200,"srcset":"https:\/\/i0.wp.com\/webdelmaestrocmf.com\/portal\/wp-content\/uploads\/2021\/01\/1-copia-118.jpg?resize=350%2C200&ssl=1 1x, https:\/\/i0.wp.com\/webdelmaestrocmf.com\/portal\/wp-content\/uploads\/2021\/01\/1-copia-118.jpg?resize=525%2C300&ssl=1 1.5x, https:\/\/i0.wp.com\/webdelmaestrocmf.com\/portal\/wp-content\/uploads\/2021\/01\/1-copia-118.jpg?resize=700%2C400&ssl=1 2x, https:\/\/i0.wp.com\/webdelmaestrocmf.com\/portal\/wp-content\/uploads\/2021\/01\/1-copia-118.jpg?resize=1050%2C600&ssl=1 3x"},"classes":[]},{"id":73251,"url":"https:\/\/webdelmaestrocmf.com\/portal\/bernabe-tierno-o-la-educacion-es-diferenciada-o-no-hay-educacion\/","url_meta":{"origin":55895,"position":5},"title":"Bernab\u00e9 Tierno: O la educaci\u00f3n es diferenciada o no hay educaci\u00f3n","author":"Web del Maestro CMF","date":"18 enero, 2022","format":"video","excerpt":"\u201cEs precisamente por la posibilidad que todo ser humano tiene de ser inaut\u00e9ntico por lo que, en principio, es susceptible de neurosis\u201d. (R. Titone) \u201cNadie es tan desgraciado como el que aspira a ser alguien y algo distinto de la persona que es en cuerpo y alma\u201d. \u00a0(Angela Patri) Para\u2026","rel":"","context":"En \u00abValores\u00bb","block_context":{"text":"Valores","link":"https:\/\/webdelmaestrocmf.com\/portal\/category\/pedagogia\/valores\/"},"img":{"alt_text":"","src":"https:\/\/i0.wp.com\/webdelmaestrocmf.com\/portal\/wp-content\/uploads\/2022\/01\/1-113.jpg?resize=350%2C200&ssl=1","width":350,"height":200,"srcset":"https:\/\/i0.wp.com\/webdelmaestrocmf.com\/portal\/wp-content\/uploads\/2022\/01\/1-113.jpg?resize=350%2C200&ssl=1 1x, https:\/\/i0.wp.com\/webdelmaestrocmf.com\/portal\/wp-content\/uploads\/2022\/01\/1-113.jpg?resize=525%2C300&ssl=1 1.5x, https:\/\/i0.wp.com\/webdelmaestrocmf.com\/portal\/wp-content\/uploads\/2022\/01\/1-113.jpg?resize=700%2C400&ssl=1 2x, https:\/\/i0.wp.com\/webdelmaestrocmf.com\/portal\/wp-content\/uploads\/2022\/01\/1-113.jpg?resize=1050%2C600&ssl=1 3x"},"classes":[]}],"_links":{"self":[{"href":"https:\/\/webdelmaestrocmf.com\/portal\/wp-json\/wp\/v2\/posts\/55895","targetHints":{"allow":["GET"]}}],"collection":[{"href":"https:\/\/webdelmaestrocmf.com\/portal\/wp-json\/wp\/v2\/posts"}],"about":[{"href":"https:\/\/webdelmaestrocmf.com\/portal\/wp-json\/wp\/v2\/types\/post"}],"author":[{"embeddable":true,"href":"https:\/\/webdelmaestrocmf.com\/portal\/wp-json\/wp\/v2\/users\/1"}],"replies":[{"embeddable":true,"href":"https:\/\/webdelmaestrocmf.com\/portal\/wp-json\/wp\/v2\/comments?post=55895"}],"version-history":[{"count":0,"href":"https:\/\/webdelmaestrocmf.com\/portal\/wp-json\/wp\/v2\/posts\/55895\/revisions"}],"wp:featuredmedia":[{"embeddable":true,"href":"https:\/\/webdelmaestrocmf.com\/portal\/wp-json\/wp\/v2\/media\/55897"}],"wp:attachment":[{"href":"https:\/\/webdelmaestrocmf.com\/portal\/wp-json\/wp\/v2\/media?parent=55895"}],"wp:term":[{"taxonomy":"category","embeddable":true,"href":"https:\/\/webdelmaestrocmf.com\/portal\/wp-json\/wp\/v2\/categories?post=55895"},{"taxonomy":"post_tag","embeddable":true,"href":"https:\/\/webdelmaestrocmf.com\/portal\/wp-json\/wp\/v2\/tags?post=55895"}],"curies":[{"name":"wp","href":"https:\/\/api.w.org\/{rel}","templated":true}]}}