{"id":55808,"date":"2020-12-12T20:46:08","date_gmt":"2020-12-12T23:46:08","guid":{"rendered":"https:\/\/webdelmaestrocmf.com\/portal\/?p=55808"},"modified":"2020-12-24T10:42:16","modified_gmt":"2020-12-24T13:42:16","slug":"nueve-videos-y-una-pelicula-como-recursos-educativos-para-esta-navidad-en-pandemia","status":"publish","type":"post","link":"https:\/\/webdelmaestrocmf.com\/portal\/nueve-videos-y-una-pelicula-como-recursos-educativos-para-esta-navidad-en-pandemia\/","title":{"rendered":"Nueve videos y una pel\u00edcula, como recursos educativos, para esta Navidad en pandemia"},"content":{"rendered":"<h5 style=\"text-align: justify;\">Compartimos con Ustedes, educadores que tienen que llevar siempre una palabra de aliento, de animaci\u00f3n y de esperanza a sus estudiantes, y ellos a sus familias, unos cortos animados e ideas para motivar <strong>una reflexi\u00f3n positiva y actividades muy, pero muy resilientes,<\/strong> para que, como comunidad educativa, nunca olvidemos la grande y hermosa tarea de ser profesores y padres de familia fuentes de energ\u00eda para animar a los estudiantes a ser constructores de\u00a0 un mundo posible y nuevo, a pesar de estar muy golpeado por la pandemia del coronavirus.<\/h5>\n<p><!--more--><\/p>\n<p style=\"text-align: justify;\">Confiamos, que este material, compartido por motivos \u00fanicamente educativos y de formaci\u00f3n permanente, ser\u00e1 un punto de partida para crear otros m\u00e1s apropiados para su entorno educativo. \u00a1Feliz tarea docente en esta Navidad 2020!<\/p>\n<p><img loading=\"lazy\" decoding=\"async\" class=\"alignnone size-full wp-image-55812\" src=\"https:\/\/webdelmaestrocmf.com\/portal\/wp-content\/uploads\/2020\/12\/1-16.jpg\" alt=\"\" width=\"1280\" height=\"720\" srcset=\"https:\/\/webdelmaestrocmf.com\/portal\/wp-content\/uploads\/2020\/12\/1-16.jpg 1280w, https:\/\/webdelmaestrocmf.com\/portal\/wp-content\/uploads\/2020\/12\/1-16-300x169.jpg 300w, https:\/\/webdelmaestrocmf.com\/portal\/wp-content\/uploads\/2020\/12\/1-16-1024x576.jpg 1024w, https:\/\/webdelmaestrocmf.com\/portal\/wp-content\/uploads\/2020\/12\/1-16-768x432.jpg 768w, https:\/\/webdelmaestrocmf.com\/portal\/wp-content\/uploads\/2020\/12\/1-16-110x62.jpg 110w, https:\/\/webdelmaestrocmf.com\/portal\/wp-content\/uploads\/2020\/12\/1-16-200x113.jpg 200w, https:\/\/webdelmaestrocmf.com\/portal\/wp-content\/uploads\/2020\/12\/1-16-380x214.jpg 380w, https:\/\/webdelmaestrocmf.com\/portal\/wp-content\/uploads\/2020\/12\/1-16-255x143.jpg 255w, https:\/\/webdelmaestrocmf.com\/portal\/wp-content\/uploads\/2020\/12\/1-16-550x309.jpg 550w, https:\/\/webdelmaestrocmf.com\/portal\/wp-content\/uploads\/2020\/12\/1-16-800x450.jpg 800w, https:\/\/webdelmaestrocmf.com\/portal\/wp-content\/uploads\/2020\/12\/1-16-1160x653.jpg 1160w, https:\/\/webdelmaestrocmf.com\/portal\/wp-content\/uploads\/2020\/12\/1-16-220x124.jpg 220w, https:\/\/webdelmaestrocmf.com\/portal\/wp-content\/uploads\/2020\/12\/1-16-400x225.jpg 400w, https:\/\/webdelmaestrocmf.com\/portal\/wp-content\/uploads\/2020\/12\/1-16-760x428.jpg 760w, https:\/\/webdelmaestrocmf.com\/portal\/wp-content\/uploads\/2020\/12\/1-16-510x287.jpg 510w, https:\/\/webdelmaestrocmf.com\/portal\/wp-content\/uploads\/2020\/12\/1-16-600x338.jpg 600w, https:\/\/webdelmaestrocmf.com\/portal\/wp-content\/uploads\/2020\/12\/1-16-1100x619.jpg 1100w\" sizes=\"auto, (max-width: 1280px) 100vw, 1280px\" \/><\/p>\n<h5 style=\"text-align: justify;\">1. MENSAJE DE NAVIDAD EN UN A\u00d1O MUY ESPECIAL<\/h5>\n<p style=\"text-align: justify;\">El Ayuntamiento de Linares y la C\u00e1mara de Comerciantes han creado este video, corto, pero muy lleno de reflexiones para hacer de esta Navidad un tiempo de mayor empat\u00eda, sensibilidad y corresponsabilidad para superar estos momentos en que la tormenta no pasa, y necesitamos recargar nuestro coraz\u00f3n y mente de pensamientos positivos: \u201ct\u00fa eres nuestro mejor regalo\u201d. Llenemos nuestros pueblos de luz.<\/p>\n<p style=\"text-align: justify;\"><strong>SPOT NAVIDAD 2020 OK ALTA <\/strong>(02\u00b4 06\u201d)<\/p>\n<p><iframe loading=\"lazy\" src=\"https:\/\/www.youtube.com\/embed\/ohK6p-g3Rug\" width=\"100%\" height=\"400\" frameborder=\"0\" allowfullscreen=\"allowfullscreen\"><span data-mce-type=\"bookmark\" style=\"display: inline-block; width: 0px; overflow: hidden; line-height: 0;\" class=\"mce_SELRES_start\">\ufeff<\/span><\/iframe><\/p>\n<h5>2. MENSAJE NAVIDE\u00d1O PARA MIS ALUMNOS (01\u00b4 46\u201d)<\/h5>\n<p style=\"text-align: justify;\">Qu\u00e9 bueno que una profesora nos regale este video colgado en YouTube, y contin\u00fae su tarea formadora ense\u00f1ando a sus estudiantes que la cercan\u00eda no se siente solo f\u00edsicamente, sino tambi\u00e9n de coraz\u00f3n a coraz\u00f3n, y que en este tiempo tan especial, despu\u00e9s de un a\u00f1o de clases a distancia y escuelas cerradas, es posible acercarnos y desearnos que esta pandemia pase y podamos regresar mejores estudiantes, padres de familia y profesores a nuestro centro educativo, donde habr\u00e1n cambiado (esperamos para muchos) estructuras m\u00e1s limpias, nuevas normas de convivencia, protocolos de cuidado personal y comunitario y un mayor compromiso por cuidar la Casa Com\u00fan.<\/p>\n<p style=\"text-align: justify;\">Y la profesora dice: \u201cchicas. chicos, les comparto este bonito mensaje navide\u00f1o que podemos mandar a nuestros alumnos y padres de familia, ya sea por mensaje de WhatsApp o bien pasarlo en alguna videollamada que tengamos, lo que cuenta es no dejar pasar la fecha para desearles bonita navidad a todos.\u00a0 Espero les\u00a0 guste ya que lo hicimos con mucho amor\u201d.<\/p>\n<p><iframe loading=\"lazy\" src=\"https:\/\/www.youtube.com\/embed\/H9YdFfz07Mw\" width=\"100%\" height=\"400\" frameborder=\"0\" allowfullscreen=\"allowfullscreen\"><span data-mce-type=\"bookmark\" style=\"display: inline-block; width: 0px; overflow: hidden; line-height: 0;\" class=\"mce_SELRES_start\">\ufeff<\/span><\/iframe><\/p>\n<h5>3. QUE NO SE NOS OLVIDEN LOS REGALOS M\u00c1S IMPORTANTES (04\u00b4 23\u201d)<\/h5>\n<p style=\"text-align: justify;\">Detalles del encuentro de una familia espa\u00f1ola, quiz\u00e1 sin que sea muy com\u00fan esta Navidad en muchos hogares del mundo, a causa de la pandemia. Pero a pesar de las limitaciones, no nos olvidemos que por poquitos que seamos en. Casa, esta Navidad, es posible recordar a todos, y sentirnos cercanos, aunque estemos f\u00edsicamente distanciados. Los que tengan un medio virtual, v\u00e9anse los rostros, sal\u00fadense, y los que no tengan c\u00f3mo vernos en una pantalla, sintamos en el coraz\u00f3n ese afecto \u00fanico de los miembros de nuestra familia. \u201cUn instante de aut\u00e9ntica conexi\u00f3n, una sorpresa que llevabas tiempo esperando dar, un recuerdo que compartir, unas palabras que nunca antes hab\u00edas dicho. Esta Navidad que no se nos olviden los regalos m\u00e1s importantes\u201d.<\/p>\n<p><iframe loading=\"lazy\" src=\"https:\/\/www.youtube.com\/embed\/oeuJpkKj_nk\" width=\"100%\" height=\"400\" frameborder=\"0\" allowfullscreen=\"allowfullscreen\"><span data-mce-type=\"bookmark\" style=\"display: inline-block; width: 0px; overflow: hidden; line-height: 0;\" class=\"mce_SELRES_start\">\ufeff<\/span><\/iframe><\/p>\n<h5>4. HISTORIAS QUE NOS UNEN (03\u00b4 25\u201d)<\/h5>\n<p style=\"text-align: justify;\">Un corto de Disney que nos transmiten el mensaje que \u201cmientras los tiempos cambian y las personas crecen, las tradiciones familiares queridas se convierten en recuerdos memorables que atraviesan generaciones y nos mantienen unidos, especialmente durante esta \u00e9poca festiva.<\/p>\n<p style=\"text-align: justify;\">Lola y su nieta comparten su amor por Disney y las manualidades navide\u00f1as, pero con el paso del tiempo su ritual anual de hacer farolillos con forma de estrella empieza a desaparecer. El conocer el pasado de Lola y ver al querido peluche de Mickey Mouse inspira a la nieta a crear una sorpresa festiva que ilumina su ma\u00f1ana de Navidad y refuerza su v\u00ednculo tan especial\u201d.<\/p>\n<p style=\"text-align: justify;\">Cu\u00e1nta imaginaci\u00f3n nos puede suscitar este tiempo de Navidad. Ojal\u00e1 que sea un espacio que ilumine la larga caminata que todav\u00eda nos espera para desterrar el Covid 19 de nuestras vidas, de nuestras ciudades, del mundo&#8230;<\/p>\n<p><iframe loading=\"lazy\" src=\"https:\/\/www.youtube.com\/embed\/mjQURCyuK0E\" width=\"100%\" height=\"400\" frameborder=\"0\" allowfullscreen=\"allowfullscreen\"><span data-mce-type=\"bookmark\" style=\"display: inline-block; width: 0px; overflow: hidden; line-height: 0;\" class=\"mce_SELRES_start\">\ufeff<\/span><\/iframe><\/p>\n<h5>5. EL MEJOR REGALO ES CUIDARNOS<strong>\u00a0<\/strong>(00\u00b4 46\u201d)<\/h5>\n<p style=\"text-align: justify;\">El Ministerio de Sanidad de Madrid (Espa\u00f1a), ha puesto en marcha una campa\u00f1a de concienciaci\u00f3n para frenar el avance del virus durante las fiestas navide\u00f1as bajo el lema \u00abel mejor regalo es cuidarnos\u00bb.<\/p>\n<p style=\"text-align: justify;\">El anuncio de Sanidad muestra a una familia que se re\u00fane para celebrar la Navidad y extrema las medidas de seguridad: en el anuncio mascarilla, distancia y lavado de manos son compatibles con el afecto y el cari\u00f1o.<\/p>\n<p><iframe loading=\"lazy\" src=\"https:\/\/www.youtube.com\/embed\/3JE2ikhsjFY\" width=\"100%\" height=\"400\" frameborder=\"0\" allowfullscreen=\"allowfullscreen\"><span data-mce-type=\"bookmark\" style=\"display: inline-block; width: 0px; overflow: hidden; line-height: 0;\" class=\"mce_SELRES_start\">\ufeff<\/span><\/iframe><\/p>\n<h5>6. IDEAS PARA CELEBRAR\/ TRABAJAR LA NAVIDAD A DISTANCIA O DE MANERA VIRTUAL CON TUS ALUMNOS (13\u00b4 30\u201d)<\/h5>\n<p style=\"text-align: justify;\"><em>Educaci\u00f3n y Tecnolog\u00eda<\/em> nos ofrece algunas sugerencias de actividades que puedes realizar con tus alumnos de manera virtual para trabajar la navidad.<\/p>\n<p><iframe loading=\"lazy\" src=\"https:\/\/www.youtube.com\/embed\/yjB_tIV7GTA\" width=\"100%\" height=\"400\" frameborder=\"0\" allowfullscreen=\"allowfullscreen\"><span data-mce-type=\"bookmark\" style=\"display: inline-block; width: 0px; overflow: hidden; line-height: 0;\" class=\"mce_SELRES_start\">\ufeff<\/span><\/iframe><\/p>\n<h5>7. CUENTO DE NAVIDAD SOBRE EL CORONAVIRUS. UNA NAVIDAD DIFERENTE (03\u00b4 34\u201d)<\/h5>\n<p style=\"text-align: justify;\">AlfabetizArte\u00a0 nos ofrece un video en el cual Ani est\u00e1 muy molesta porque en navidad no podr\u00e1 ver a la abuela, pues la pandemia las ha separado.<\/p>\n<p><iframe loading=\"lazy\" src=\"https:\/\/www.youtube.com\/embed\/eL7U0g2fsq0\" width=\"100%\" height=\"400\" frameborder=\"0\" allowfullscreen=\"allowfullscreen\"><span data-mce-type=\"bookmark\" style=\"display: inline-block; width: 0px; overflow: hidden; line-height: 0;\" class=\"mce_SELRES_start\">\ufeff<\/span><\/iframe><\/p>\n<h5 style=\"text-align: justify;\">8. COMO EN BEL\u00c9N (Canci\u00f3n) (03\u00b4 38\u201d)<\/h5>\n<p style=\"text-align: justify;\">La banda musical Alfareros nos trae una canci\u00f3n para esta Navidad, con letra y m\u00fasica de Junior Cabrera. Ojal\u00e1 les ea un recurso \u00fatil para esta Navidad.<\/p>\n<p style=\"text-align: justify;\"><strong>Letra<\/strong><\/p>\n<p style=\"text-align: justify;\">En un pesebre una noche fr\u00eda<br \/>\nnaci\u00f3 a la luz de la Virgen Mar\u00eda<br \/>\nera Bel\u00e9n el lugar escogido<br \/>\nque recibir\u00e1 al reci\u00e9n nacido&#8230;<\/p>\n<p style=\"text-align: justify;\">La letra completa la encuentra en este enlace: <a href=\"https:\/\/www.musica.com\/letras.asp?letra=2031623\" target=\"_blank\" rel=\"noopener\"><strong>COMO EN BEL\u00c9N LETRA Y CANCI\u00d3N<\/strong><\/a><\/p>\n<p style=\"text-align: justify;\"><iframe loading=\"lazy\" src=\"https:\/\/www.youtube.com\/embed\/feDwq8bHWUc\" width=\"100%\" height=\"400\" frameborder=\"0\" allowfullscreen=\"allowfullscreen\"><span data-mce-type=\"bookmark\" style=\"display: inline-block; width: 0px; overflow: hidden; line-height: 0;\" class=\"mce_SELRES_start\">\ufeff<\/span><\/iframe><\/p>\n<h5 style=\"text-align: justify;\">9. LA F\u00c1BRICA DE MANIQU\u00cdES (02\u00b4 54\u201d)<\/h5>\n<p style=\"text-align: justify;\">Corto animado de Entorno Cristiano, que narra la historia de un vigilante de f\u00e1brica de maniqu\u00edes en su turno de Nochebuena<\/p>\n<p style=\"text-align: justify;\"><iframe loading=\"lazy\" src=\"https:\/\/www.youtube.com\/embed\/I5uQ6HOjCMA\" width=\"100%\" height=\"400\" frameborder=\"0\" allowfullscreen=\"allowfullscreen\"><span data-mce-type=\"bookmark\" style=\"display: inline-block; width: 0px; overflow: hidden; line-height: 0;\" class=\"mce_SELRES_start\">\ufeff<\/span><\/iframe><\/p>\n<h5 style=\"text-align: justify;\">10. 48 DESEOS DE NAVIDAD (Pel\u00edcula) (01h 17\u00b4 47\u201d)<\/h5>\n<p style=\"text-align: justify;\">Andris Doce (aunque hay otros que tambi\u00e9n ofrecen descarga gratuita), ha colgado en YouTube una pel\u00edcula de NEFLIX, cuyo t\u00edtulo original es: <em>48 Christmas Wishes (2017),<\/em> calificada como una de las mejores pel\u00edculas de navidad en NEFLIX; que narra las aventuras de los elfos que viajan al Polo Norte, cuando las cartas a Santa desaparecen accidentalmente, pues desean recuperar los deseos perdidos. Una \u201csin\u00f3psis\u201d o <strong>resumen de la pel\u00edcula<\/strong> la encuentra en este enlace: <a href=\"https:\/\/mismomentosenlaspeliculas.wordpress.com\/48-christmas-wishes\/\" target=\"_blank\" rel=\"noopener\"><strong>EL MOMENTO DE ESTA OCASI\u00d3N SER\u00c1 PARA: 48 CHRISTMAS WISHES<\/strong><\/a><\/p>\n<p style=\"text-align: justify;\"><iframe loading=\"lazy\" src=\"https:\/\/www.youtube.com\/embed\/RfAY0Il9SI4\" width=\"100%\" height=\"400\" frameborder=\"0\" allowfullscreen=\"allowfullscreen\"><span data-mce-type=\"bookmark\" style=\"display: inline-block; width: 0px; overflow: hidden; line-height: 0;\" class=\"mce_SELRES_start\">\ufeff<\/span><\/iframe><\/p>\n<p style=\"text-align: center;\"><em>El <strong>\u00e1rbol de Navidad y el pesebre<\/strong> (nacimiento o bel\u00e9n) \u201cson dos s\u00edmbolos navide\u00f1os que se est\u00e1n preparando en muchos hogares, para el deleite de los ni\u00f1os&#8230; \u00a1y tambi\u00e9n de los adultos! <strong>Son signos de esperanza, especialmente en este momento dif\u00edcil.<\/strong> Tratemos de no quedarnos en el signo, sino que <strong>vayamos al significado<\/strong>, es decir, a Jes\u00fas, al amor de Dios que \u00c9l nos ha revelado, vayamos a la bondad infinita que hizo brillar sobre el mundo. No hay pandemia, no hay crisis que pueda apagar esta luz. Dejemos que entre en nuestros corazones y tendamos la mano a los m\u00e1s necesitados\u201d.<\/em> (cf Papa Francisco 06\/12\/2020)<\/p>\n<p style=\"text-align: right;\"><strong>REDACCI\u00d3N WEB DEL MAESTRO CMF<\/strong><\/p>\n\t\t<div class=\"pk-inline-posts\">\n\t\t\t\n\t\t\t<div class=\"pk-inline-posts-container pk-inline-posts-template-list\"\n\t\t\t\tdata-columns=\"1\">\n\t\t\t\t\t\t<article id=\"post-17756\" class=\"post-17756 post type-post status-publish format-standard has-post-thumbnail category-jamb tag-dia tag-dia-del-trabajo tag-jorge-bergoglio tag-maestros tag-trabajo cs-entry cs-video-wrap\">\n\t\t\t<div class=\"pk-post-outer\">\n\n\t\t\t\t\t\t\t\t<div class=\"pk-post-inner\">\n\t\t\t\t\t<div class=\"entry-thumbnail\">\n\t\t\t\t\t\t<div class=\"pk-overlay pk-overlay-ratio pk-ratio-landscape\">\n\t\t\t\t\t\t\t<div class=\"pk-overlay-background\">\n\t\t\t\t\t\t\t\t<a href=\"https:\/\/webdelmaestrocmf.com\/portal\/dia-del-trabajo-maestros-gracias-lo-hacen\/\" class=\"pk-overlay-link\">\n\t\t\t\t\t\t\t\t\t<img loading=\"lazy\" decoding=\"async\" width=\"300\" height=\"225\" src=\"https:\/\/webdelmaestrocmf.com\/portal\/wp-content\/uploads\/2023\/05\/Banner-1-portada-imagen-10-1-55-300x225.jpg\" class=\"attachment-pk-thumbnail size-pk-thumbnail wp-post-image\" alt=\"d\u00eda del trabajo\" \/>\t\t\t\t\t\t\t\t<\/a>\n\t\t\t\t\t\t\t<\/div>\n\t\t\t\t\t\t<\/div>\n\t\t\t\t\t<\/div>\n\t\t\t\t<\/div>\n\t\t\t\t\n\t\t\t\t<div class=\"pk-post-inner\">\n\t\t\t\t\t<header>\n\t\t\t\t\t\t<h3 class=\"pk-title\"><a href=\"https:\/\/webdelmaestrocmf.com\/portal\/dia-del-trabajo-maestros-gracias-lo-hacen\/\" rel=\"bookmark\">D\u00eda Internacional de los Trabajadores: Maestros, \u00a1gracias por lo que hacen!<\/a><\/h3>\t\t\t\t\t<\/header><!-- .entry-header -->\n\t\t\t\t<\/div><!-- .post-inner -->\n\n\t\t\t<\/div><!-- .post-outer -->\n\t\t<\/article>\n\t\t\t\t<\/div>\n\t\t<\/div>\n\t\t\n","protected":false},"excerpt":{"rendered":"Compartimos con Ustedes, educadores que tienen que llevar siempre una palabra de aliento, de animaci\u00f3n y de esperanza&hellip;","protected":false},"author":1,"featured_media":55809,"comment_status":"open","ping_status":"closed","sticky":false,"template":"","format":"standard","meta":{"csco_display_header_overlay":false,"csco_singular_sidebar":"default","csco_page_header_type":"default","csco_page_load_nextpost":"default","csco_post_video_location":[],"csco_post_video_location_hash":"","csco_post_video_url":"","csco_post_video_bg_start_time":0,"csco_post_video_bg_end_time":0,"csco_post_video_bg_volume":false,"_jetpack_memberships_contains_paid_content":false,"footnotes":""},"categories":[61],"tags":[4734,4679,607,97,1582,6181,4863,1756,1205,977,2773],"class_list":{"0":"post-55808","1":"post","2":"type-post","3":"status-publish","4":"format-standard","5":"has-post-thumbnail","7":"category-jamb","8":"tag-coronavirus","9":"tag-corresponsabilidad","10":"tag-empatia","11":"tag-familia","12":"tag-navidad","13":"tag-neflix","14":"tag-pandemia","15":"tag-pelicula","16":"tag-salud","17":"tag-solidaridad","18":"tag-videos","19":"cs-entry","20":"cs-video-wrap"},"yoast_head":"<!-- This site is optimized with the Yoast SEO plugin v27.5 - https:\/\/yoast.com\/product\/yoast-seo-wordpress\/ -->\n<title>Nueve videos y una pel\u00edcula, como recursos educativos, para esta Navidad en pandemia - 2026<\/title>\n<meta name=\"description\" content=\"Compartimos con Ustedes, educadores que tienen que llevar siempre una palabra de aliento, de animaci\u00f3n y de esperanza a sus estudiantes...\" \/>\n<meta name=\"robots\" content=\"index, follow, max-snippet:-1, max-image-preview:large, max-video-preview:-1\" \/>\n<link rel=\"canonical\" href=\"https:\/\/webdelmaestrocmf.com\/portal\/nueve-videos-y-una-pelicula-como-recursos-educativos-para-esta-navidad-en-pandemia\/\" \/>\n<meta property=\"og:locale\" content=\"es_ES\" \/>\n<meta property=\"og:type\" content=\"article\" \/>\n<meta property=\"og:title\" content=\"Nueve videos y una pel\u00edcula, como recursos educativos, para esta Navidad en pandemia - 2026\" \/>\n<meta property=\"og:description\" content=\"Compartimos con Ustedes, educadores que tienen que llevar siempre una palabra de aliento, de animaci\u00f3n y de esperanza a sus estudiantes...\" \/>\n<meta property=\"og:url\" content=\"https:\/\/webdelmaestrocmf.com\/portal\/nueve-videos-y-una-pelicula-como-recursos-educativos-para-esta-navidad-en-pandemia\/\" \/>\n<meta property=\"og:site_name\" content=\"Web del Maestro CMF\" \/>\n<meta property=\"article:publisher\" content=\"https:\/\/www.facebook.com\/WebdelMaestroCMF\/\" \/>\n<meta property=\"article:author\" content=\"https:\/\/www.facebook.com\/WebdelMaestroCMF\/\" \/>\n<meta property=\"article:published_time\" content=\"2020-12-12T23:46:08+00:00\" \/>\n<meta property=\"article:modified_time\" content=\"2020-12-24T13:42:16+00:00\" \/>\n<meta property=\"og:image\" content=\"https:\/\/i0.wp.com\/webdelmaestrocmf.com\/portal\/wp-content\/uploads\/2020\/12\/0-34.jpg?fit=1100%2C680&ssl=1\" \/>\n\t<meta property=\"og:image:width\" content=\"1100\" \/>\n\t<meta property=\"og:image:height\" content=\"680\" \/>\n\t<meta property=\"og:image:type\" content=\"image\/jpeg\" \/>\n<meta name=\"author\" content=\"Web del Maestro CMF\" \/>\n<meta name=\"twitter:card\" content=\"summary_large_image\" \/>\n<meta name=\"twitter:creator\" content=\"@cmf_w\" \/>\n<meta name=\"twitter:site\" content=\"@cmf_w\" \/>\n<script type=\"application\/ld+json\" class=\"yoast-schema-graph\">{\"@context\":\"https:\\\/\\\/schema.org\",\"@graph\":[{\"@type\":\"ScholarlyArticle\",\"@id\":\"https:\\\/\\\/webdelmaestrocmf.com\\\/portal\\\/nueve-videos-y-una-pelicula-como-recursos-educativos-para-esta-navidad-en-pandemia\\\/#article\",\"isPartOf\":{\"@id\":\"https:\\\/\\\/webdelmaestrocmf.com\\\/portal\\\/nueve-videos-y-una-pelicula-como-recursos-educativos-para-esta-navidad-en-pandemia\\\/\"},\"author\":{\"name\":\"Web del Maestro CMF\",\"@id\":\"https:\\\/\\\/webdelmaestrocmf.com\\\/portal\\\/#\\\/schema\\\/person\\\/1072a2ed7bd960df8ef99a551fa35dc5\"},\"headline\":\"Nueve videos y una pel\u00edcula, como recursos educativos, para esta Navidad en pandemia\",\"datePublished\":\"2020-12-12T23:46:08+00:00\",\"dateModified\":\"2020-12-24T13:42:16+00:00\",\"mainEntityOfPage\":{\"@id\":\"https:\\\/\\\/webdelmaestrocmf.com\\\/portal\\\/nueve-videos-y-una-pelicula-como-recursos-educativos-para-esta-navidad-en-pandemia\\\/\"},\"wordCount\":1179,\"commentCount\":0,\"publisher\":{\"@id\":\"https:\\\/\\\/webdelmaestrocmf.com\\\/portal\\\/#organization\"},\"image\":{\"@id\":\"https:\\\/\\\/webdelmaestrocmf.com\\\/portal\\\/nueve-videos-y-una-pelicula-como-recursos-educativos-para-esta-navidad-en-pandemia\\\/#primaryimage\"},\"thumbnailUrl\":\"https:\\\/\\\/webdelmaestrocmf.com\\\/portal\\\/wp-content\\\/uploads\\\/2020\\\/12\\\/0-34.jpg\",\"keywords\":[\"coronavirus\",\"CORRESPONSABILIDAD\",\"EMPAT\u00cdA\",\"familia\",\"NAVIDAD\",\"NEFLIX\",\"pandemia\",\"Pelicula\",\"salud\",\"solidaridad\",\"VIDEOS\"],\"articleSection\":[\"Yo opino - WMCMF\"],\"inLanguage\":\"es\",\"potentialAction\":[{\"@type\":\"CommentAction\",\"name\":\"Comment\",\"target\":[\"https:\\\/\\\/webdelmaestrocmf.com\\\/portal\\\/nueve-videos-y-una-pelicula-como-recursos-educativos-para-esta-navidad-en-pandemia\\\/#respond\"]}]},{\"@type\":\"WebPage\",\"@id\":\"https:\\\/\\\/webdelmaestrocmf.com\\\/portal\\\/nueve-videos-y-una-pelicula-como-recursos-educativos-para-esta-navidad-en-pandemia\\\/\",\"url\":\"https:\\\/\\\/webdelmaestrocmf.com\\\/portal\\\/nueve-videos-y-una-pelicula-como-recursos-educativos-para-esta-navidad-en-pandemia\\\/\",\"name\":\"Nueve videos y una pel\u00edcula, como recursos educativos, para esta Navidad en pandemia - 2026\",\"isPartOf\":{\"@id\":\"https:\\\/\\\/webdelmaestrocmf.com\\\/portal\\\/#website\"},\"primaryImageOfPage\":{\"@id\":\"https:\\\/\\\/webdelmaestrocmf.com\\\/portal\\\/nueve-videos-y-una-pelicula-como-recursos-educativos-para-esta-navidad-en-pandemia\\\/#primaryimage\"},\"image\":{\"@id\":\"https:\\\/\\\/webdelmaestrocmf.com\\\/portal\\\/nueve-videos-y-una-pelicula-como-recursos-educativos-para-esta-navidad-en-pandemia\\\/#primaryimage\"},\"thumbnailUrl\":\"https:\\\/\\\/webdelmaestrocmf.com\\\/portal\\\/wp-content\\\/uploads\\\/2020\\\/12\\\/0-34.jpg\",\"datePublished\":\"2020-12-12T23:46:08+00:00\",\"dateModified\":\"2020-12-24T13:42:16+00:00\",\"description\":\"Compartimos con Ustedes, educadores que tienen que llevar siempre una palabra de aliento, de animaci\u00f3n y de esperanza a sus estudiantes...\",\"breadcrumb\":{\"@id\":\"https:\\\/\\\/webdelmaestrocmf.com\\\/portal\\\/nueve-videos-y-una-pelicula-como-recursos-educativos-para-esta-navidad-en-pandemia\\\/#breadcrumb\"},\"inLanguage\":\"es\",\"potentialAction\":[{\"@type\":\"ReadAction\",\"target\":[\"https:\\\/\\\/webdelmaestrocmf.com\\\/portal\\\/nueve-videos-y-una-pelicula-como-recursos-educativos-para-esta-navidad-en-pandemia\\\/\"]}]},{\"@type\":\"ImageObject\",\"inLanguage\":\"es\",\"@id\":\"https:\\\/\\\/webdelmaestrocmf.com\\\/portal\\\/nueve-videos-y-una-pelicula-como-recursos-educativos-para-esta-navidad-en-pandemia\\\/#primaryimage\",\"url\":\"https:\\\/\\\/webdelmaestrocmf.com\\\/portal\\\/wp-content\\\/uploads\\\/2020\\\/12\\\/0-34.jpg\",\"contentUrl\":\"https:\\\/\\\/webdelmaestrocmf.com\\\/portal\\\/wp-content\\\/uploads\\\/2020\\\/12\\\/0-34.jpg\",\"width\":1100,\"height\":680},{\"@type\":\"BreadcrumbList\",\"@id\":\"https:\\\/\\\/webdelmaestrocmf.com\\\/portal\\\/nueve-videos-y-una-pelicula-como-recursos-educativos-para-esta-navidad-en-pandemia\\\/#breadcrumb\",\"itemListElement\":[{\"@type\":\"ListItem\",\"position\":1,\"name\":\"Portada\",\"item\":\"https:\\\/\\\/webdelmaestrocmf.com\\\/portal\\\/\"},{\"@type\":\"ListItem\",\"position\":2,\"name\":\"Yo opino - WMCMF\",\"item\":\"https:\\\/\\\/webdelmaestrocmf.com\\\/portal\\\/category\\\/jamb\\\/\"},{\"@type\":\"ListItem\",\"position\":3,\"name\":\"Nueve videos y una pel\u00edcula, como recursos educativos, para esta Navidad en pandemia\"}]},{\"@type\":\"WebSite\",\"@id\":\"https:\\\/\\\/webdelmaestrocmf.com\\\/portal\\\/#website\",\"url\":\"https:\\\/\\\/webdelmaestrocmf.com\\\/portal\\\/\",\"name\":\"Web del Maestro CMF\",\"description\":\"Maestros al servicio de la educaci\u00f3n\",\"publisher\":{\"@id\":\"https:\\\/\\\/webdelmaestrocmf.com\\\/portal\\\/#organization\"},\"alternateName\":\"WMCMF\",\"potentialAction\":[{\"@type\":\"SearchAction\",\"target\":{\"@type\":\"EntryPoint\",\"urlTemplate\":\"https:\\\/\\\/webdelmaestrocmf.com\\\/portal\\\/?s={search_term_string}\"},\"query-input\":{\"@type\":\"PropertyValueSpecification\",\"valueRequired\":true,\"valueName\":\"search_term_string\"}}],\"inLanguage\":\"es\"},{\"@type\":\"Organization\",\"@id\":\"https:\\\/\\\/webdelmaestrocmf.com\\\/portal\\\/#organization\",\"name\":\"Web del Maestro CMF\",\"alternateName\":\"WMCMF\",\"url\":\"https:\\\/\\\/webdelmaestrocmf.com\\\/portal\\\/\",\"logo\":{\"@type\":\"ImageObject\",\"inLanguage\":\"es\",\"@id\":\"https:\\\/\\\/webdelmaestrocmf.com\\\/portal\\\/#\\\/schema\\\/logo\\\/image\\\/\",\"url\":\"https:\\\/\\\/webdelmaestrocmf.com\\\/portal\\\/wp-content\\\/uploads\\\/2023\\\/01\\\/logo-wmcmf-2.png\",\"contentUrl\":\"https:\\\/\\\/webdelmaestrocmf.com\\\/portal\\\/wp-content\\\/uploads\\\/2023\\\/01\\\/logo-wmcmf-2.png\",\"width\":200,\"height\":60,\"caption\":\"Web del Maestro CMF\"},\"image\":{\"@id\":\"https:\\\/\\\/webdelmaestrocmf.com\\\/portal\\\/#\\\/schema\\\/logo\\\/image\\\/\"},\"sameAs\":[\"https:\\\/\\\/www.facebook.com\\\/WebdelMaestroCMF\\\/\",\"https:\\\/\\\/x.com\\\/cmf_w\",\"https:\\\/\\\/www.pinterest.com\\\/WMCMF\\\/\",\"https:\\\/\\\/www.linkedin.com\\\/company\\\/web-del-maestro-cmf\\\/\",\"https:\\\/\\\/www.instagram.com\\\/wmcmf\\\/\",\"https:\\\/\\\/www.youtube.com\\\/channel\\\/UCDPSvjbdodE5sHnC3OxutHw\",\"https:\\\/\\\/mastodon.social\\\/@wmcmf\",\"https:\\\/\\\/www.tiktok.com\\\/@webdelmaestrocmf\"]},{\"@type\":\"Person\",\"@id\":\"https:\\\/\\\/webdelmaestrocmf.com\\\/portal\\\/#\\\/schema\\\/person\\\/1072a2ed7bd960df8ef99a551fa35dc5\",\"name\":\"Web del Maestro CMF\",\"image\":{\"@type\":\"ImageObject\",\"inLanguage\":\"es\",\"@id\":\"https:\\\/\\\/secure.gravatar.com\\\/avatar\\\/23291dd5b5ae1077dcff3dbb04c3e02bd28403fa75af6d8787d5e97c5bbbe30b?s=96&d=mm&r=g\",\"url\":\"https:\\\/\\\/secure.gravatar.com\\\/avatar\\\/23291dd5b5ae1077dcff3dbb04c3e02bd28403fa75af6d8787d5e97c5bbbe30b?s=96&d=mm&r=g\",\"contentUrl\":\"https:\\\/\\\/secure.gravatar.com\\\/avatar\\\/23291dd5b5ae1077dcff3dbb04c3e02bd28403fa75af6d8787d5e97c5bbbe30b?s=96&d=mm&r=g\",\"caption\":\"Web del Maestro CMF\"},\"description\":\"Esta Web se cre\u00f3 sin fines de lucro, con fines educativos, cient\u00edficos y acad\u00e9micos, para personas que tengan dificultades y\\\/o inconvenientes en visualizar el material original. El objetivo es entregar recursos, compartir experiencias y materiales que ayuden a los padres de familia, maestros y estudiantes en su actualizaci\u00f3n y formaci\u00f3n permanente, en bien de la Educaci\u00f3n.\",\"sameAs\":[\"http:\\\/\\\/webdelmaestrocmf.com\\\/portal\",\"https:\\\/\\\/www.facebook.com\\\/WebdelMaestroCMF\\\/\",\"https:\\\/\\\/www.instagram.com\\\/wmcmf\\\/\",\"https:\\\/\\\/cl.linkedin.com\\\/company\\\/web-del-maestro-cmf\",\"https:\\\/\\\/www.pinterest.com\\\/WMCMF\\\/publicaciones\\\/\",\"https:\\\/\\\/x.com\\\/cmf_w\",\"https:\\\/\\\/www.youtube.com\\\/@WMCMF\"]}]}<\/script>\n<!-- \/ Yoast SEO plugin. -->","yoast_head_json":{"title":"Nueve videos y una pel\u00edcula, como recursos educativos, para esta Navidad en pandemia - 2026","description":"Compartimos con Ustedes, educadores que tienen que llevar siempre una palabra de aliento, de animaci\u00f3n y de esperanza a sus estudiantes...","robots":{"index":"index","follow":"follow","max-snippet":"max-snippet:-1","max-image-preview":"max-image-preview:large","max-video-preview":"max-video-preview:-1"},"canonical":"https:\/\/webdelmaestrocmf.com\/portal\/nueve-videos-y-una-pelicula-como-recursos-educativos-para-esta-navidad-en-pandemia\/","og_locale":"es_ES","og_type":"article","og_title":"Nueve videos y una pel\u00edcula, como recursos educativos, para esta Navidad en pandemia - 2026","og_description":"Compartimos con Ustedes, educadores que tienen que llevar siempre una palabra de aliento, de animaci\u00f3n y de esperanza a sus estudiantes...","og_url":"https:\/\/webdelmaestrocmf.com\/portal\/nueve-videos-y-una-pelicula-como-recursos-educativos-para-esta-navidad-en-pandemia\/","og_site_name":"Web del Maestro CMF","article_publisher":"https:\/\/www.facebook.com\/WebdelMaestroCMF\/","article_author":"https:\/\/www.facebook.com\/WebdelMaestroCMF\/","article_published_time":"2020-12-12T23:46:08+00:00","article_modified_time":"2020-12-24T13:42:16+00:00","og_image":[{"width":1100,"height":680,"url":"https:\/\/i0.wp.com\/webdelmaestrocmf.com\/portal\/wp-content\/uploads\/2020\/12\/0-34.jpg?fit=1100%2C680&ssl=1","type":"image\/jpeg"}],"author":"Web del Maestro CMF","twitter_card":"summary_large_image","twitter_creator":"@cmf_w","twitter_site":"@cmf_w","schema":{"@context":"https:\/\/schema.org","@graph":[{"@type":"ScholarlyArticle","@id":"https:\/\/webdelmaestrocmf.com\/portal\/nueve-videos-y-una-pelicula-como-recursos-educativos-para-esta-navidad-en-pandemia\/#article","isPartOf":{"@id":"https:\/\/webdelmaestrocmf.com\/portal\/nueve-videos-y-una-pelicula-como-recursos-educativos-para-esta-navidad-en-pandemia\/"},"author":{"name":"Web del Maestro CMF","@id":"https:\/\/webdelmaestrocmf.com\/portal\/#\/schema\/person\/1072a2ed7bd960df8ef99a551fa35dc5"},"headline":"Nueve videos y una pel\u00edcula, como recursos educativos, para esta Navidad en pandemia","datePublished":"2020-12-12T23:46:08+00:00","dateModified":"2020-12-24T13:42:16+00:00","mainEntityOfPage":{"@id":"https:\/\/webdelmaestrocmf.com\/portal\/nueve-videos-y-una-pelicula-como-recursos-educativos-para-esta-navidad-en-pandemia\/"},"wordCount":1179,"commentCount":0,"publisher":{"@id":"https:\/\/webdelmaestrocmf.com\/portal\/#organization"},"image":{"@id":"https:\/\/webdelmaestrocmf.com\/portal\/nueve-videos-y-una-pelicula-como-recursos-educativos-para-esta-navidad-en-pandemia\/#primaryimage"},"thumbnailUrl":"https:\/\/webdelmaestrocmf.com\/portal\/wp-content\/uploads\/2020\/12\/0-34.jpg","keywords":["coronavirus","CORRESPONSABILIDAD","EMPAT\u00cdA","familia","NAVIDAD","NEFLIX","pandemia","Pelicula","salud","solidaridad","VIDEOS"],"articleSection":["Yo opino - WMCMF"],"inLanguage":"es","potentialAction":[{"@type":"CommentAction","name":"Comment","target":["https:\/\/webdelmaestrocmf.com\/portal\/nueve-videos-y-una-pelicula-como-recursos-educativos-para-esta-navidad-en-pandemia\/#respond"]}]},{"@type":"WebPage","@id":"https:\/\/webdelmaestrocmf.com\/portal\/nueve-videos-y-una-pelicula-como-recursos-educativos-para-esta-navidad-en-pandemia\/","url":"https:\/\/webdelmaestrocmf.com\/portal\/nueve-videos-y-una-pelicula-como-recursos-educativos-para-esta-navidad-en-pandemia\/","name":"Nueve videos y una pel\u00edcula, como recursos educativos, para esta Navidad en pandemia - 2026","isPartOf":{"@id":"https:\/\/webdelmaestrocmf.com\/portal\/#website"},"primaryImageOfPage":{"@id":"https:\/\/webdelmaestrocmf.com\/portal\/nueve-videos-y-una-pelicula-como-recursos-educativos-para-esta-navidad-en-pandemia\/#primaryimage"},"image":{"@id":"https:\/\/webdelmaestrocmf.com\/portal\/nueve-videos-y-una-pelicula-como-recursos-educativos-para-esta-navidad-en-pandemia\/#primaryimage"},"thumbnailUrl":"https:\/\/webdelmaestrocmf.com\/portal\/wp-content\/uploads\/2020\/12\/0-34.jpg","datePublished":"2020-12-12T23:46:08+00:00","dateModified":"2020-12-24T13:42:16+00:00","description":"Compartimos con Ustedes, educadores que tienen que llevar siempre una palabra de aliento, de animaci\u00f3n y de esperanza a sus estudiantes...","breadcrumb":{"@id":"https:\/\/webdelmaestrocmf.com\/portal\/nueve-videos-y-una-pelicula-como-recursos-educativos-para-esta-navidad-en-pandemia\/#breadcrumb"},"inLanguage":"es","potentialAction":[{"@type":"ReadAction","target":["https:\/\/webdelmaestrocmf.com\/portal\/nueve-videos-y-una-pelicula-como-recursos-educativos-para-esta-navidad-en-pandemia\/"]}]},{"@type":"ImageObject","inLanguage":"es","@id":"https:\/\/webdelmaestrocmf.com\/portal\/nueve-videos-y-una-pelicula-como-recursos-educativos-para-esta-navidad-en-pandemia\/#primaryimage","url":"https:\/\/webdelmaestrocmf.com\/portal\/wp-content\/uploads\/2020\/12\/0-34.jpg","contentUrl":"https:\/\/webdelmaestrocmf.com\/portal\/wp-content\/uploads\/2020\/12\/0-34.jpg","width":1100,"height":680},{"@type":"BreadcrumbList","@id":"https:\/\/webdelmaestrocmf.com\/portal\/nueve-videos-y-una-pelicula-como-recursos-educativos-para-esta-navidad-en-pandemia\/#breadcrumb","itemListElement":[{"@type":"ListItem","position":1,"name":"Portada","item":"https:\/\/webdelmaestrocmf.com\/portal\/"},{"@type":"ListItem","position":2,"name":"Yo opino - WMCMF","item":"https:\/\/webdelmaestrocmf.com\/portal\/category\/jamb\/"},{"@type":"ListItem","position":3,"name":"Nueve videos y una pel\u00edcula, como recursos educativos, para esta Navidad en pandemia"}]},{"@type":"WebSite","@id":"https:\/\/webdelmaestrocmf.com\/portal\/#website","url":"https:\/\/webdelmaestrocmf.com\/portal\/","name":"Web del Maestro CMF","description":"Maestros al servicio de la educaci\u00f3n","publisher":{"@id":"https:\/\/webdelmaestrocmf.com\/portal\/#organization"},"alternateName":"WMCMF","potentialAction":[{"@type":"SearchAction","target":{"@type":"EntryPoint","urlTemplate":"https:\/\/webdelmaestrocmf.com\/portal\/?s={search_term_string}"},"query-input":{"@type":"PropertyValueSpecification","valueRequired":true,"valueName":"search_term_string"}}],"inLanguage":"es"},{"@type":"Organization","@id":"https:\/\/webdelmaestrocmf.com\/portal\/#organization","name":"Web del Maestro CMF","alternateName":"WMCMF","url":"https:\/\/webdelmaestrocmf.com\/portal\/","logo":{"@type":"ImageObject","inLanguage":"es","@id":"https:\/\/webdelmaestrocmf.com\/portal\/#\/schema\/logo\/image\/","url":"https:\/\/webdelmaestrocmf.com\/portal\/wp-content\/uploads\/2023\/01\/logo-wmcmf-2.png","contentUrl":"https:\/\/webdelmaestrocmf.com\/portal\/wp-content\/uploads\/2023\/01\/logo-wmcmf-2.png","width":200,"height":60,"caption":"Web del Maestro CMF"},"image":{"@id":"https:\/\/webdelmaestrocmf.com\/portal\/#\/schema\/logo\/image\/"},"sameAs":["https:\/\/www.facebook.com\/WebdelMaestroCMF\/","https:\/\/x.com\/cmf_w","https:\/\/www.pinterest.com\/WMCMF\/","https:\/\/www.linkedin.com\/company\/web-del-maestro-cmf\/","https:\/\/www.instagram.com\/wmcmf\/","https:\/\/www.youtube.com\/channel\/UCDPSvjbdodE5sHnC3OxutHw","https:\/\/mastodon.social\/@wmcmf","https:\/\/www.tiktok.com\/@webdelmaestrocmf"]},{"@type":"Person","@id":"https:\/\/webdelmaestrocmf.com\/portal\/#\/schema\/person\/1072a2ed7bd960df8ef99a551fa35dc5","name":"Web del Maestro CMF","image":{"@type":"ImageObject","inLanguage":"es","@id":"https:\/\/secure.gravatar.com\/avatar\/23291dd5b5ae1077dcff3dbb04c3e02bd28403fa75af6d8787d5e97c5bbbe30b?s=96&d=mm&r=g","url":"https:\/\/secure.gravatar.com\/avatar\/23291dd5b5ae1077dcff3dbb04c3e02bd28403fa75af6d8787d5e97c5bbbe30b?s=96&d=mm&r=g","contentUrl":"https:\/\/secure.gravatar.com\/avatar\/23291dd5b5ae1077dcff3dbb04c3e02bd28403fa75af6d8787d5e97c5bbbe30b?s=96&d=mm&r=g","caption":"Web del Maestro CMF"},"description":"Esta Web se cre\u00f3 sin fines de lucro, con fines educativos, cient\u00edficos y acad\u00e9micos, para personas que tengan dificultades y\/o inconvenientes en visualizar el material original. El objetivo es entregar recursos, compartir experiencias y materiales que ayuden a los padres de familia, maestros y estudiantes en su actualizaci\u00f3n y formaci\u00f3n permanente, en bien de la Educaci\u00f3n.","sameAs":["http:\/\/webdelmaestrocmf.com\/portal","https:\/\/www.facebook.com\/WebdelMaestroCMF\/","https:\/\/www.instagram.com\/wmcmf\/","https:\/\/cl.linkedin.com\/company\/web-del-maestro-cmf","https:\/\/www.pinterest.com\/WMCMF\/publicaciones\/","https:\/\/x.com\/cmf_w","https:\/\/www.youtube.com\/@WMCMF"]}]}},"jetpack_featured_media_url":"https:\/\/webdelmaestrocmf.com\/portal\/wp-content\/uploads\/2020\/12\/0-34.jpg","jetpack_sharing_enabled":true,"jetpack-related-posts":[{"id":42301,"url":"https:\/\/webdelmaestrocmf.com\/portal\/cinco-videos-y-cinco-cuentos-para-reflexionar-en-el-tiempo-de-navidad\/","url_meta":{"origin":55808,"position":0},"title":"Cinco videos y cinco cuentos para reflexionar en el tiempo de navidad","author":"Web del Maestro CMF","date":"13 diciembre, 2019","format":false,"excerpt":"La fiesta cristiana del nacimiento de Jes\u00fas de Nazaret el 25 de diciembre, est\u00e1 relacionada con la celebraci\u00f3n del nacimiento del Sol (Sol Invictus) y el Solsticio de Invierno. El 25 de diciembre se festeja la Navidad en toda la cristiandad y aceptada por personas y culturas no creyentes. \u201cEn\u2026","rel":"","context":"En \u00abNavidad\u00bb","block_context":{"text":"Navidad","link":"https:\/\/webdelmaestrocmf.com\/portal\/category\/pedagogia\/navidad\/"},"img":{"alt_text":"","src":"https:\/\/i0.wp.com\/webdelmaestrocmf.com\/portal\/wp-content\/uploads\/2019\/11\/1-109.jpg?resize=350%2C200&ssl=1","width":350,"height":200,"srcset":"https:\/\/i0.wp.com\/webdelmaestrocmf.com\/portal\/wp-content\/uploads\/2019\/11\/1-109.jpg?resize=350%2C200&ssl=1 1x, https:\/\/i0.wp.com\/webdelmaestrocmf.com\/portal\/wp-content\/uploads\/2019\/11\/1-109.jpg?resize=525%2C300&ssl=1 1.5x, https:\/\/i0.wp.com\/webdelmaestrocmf.com\/portal\/wp-content\/uploads\/2019\/11\/1-109.jpg?resize=700%2C400&ssl=1 2x, https:\/\/i0.wp.com\/webdelmaestrocmf.com\/portal\/wp-content\/uploads\/2019\/11\/1-109.jpg?resize=1050%2C600&ssl=1 3x"},"classes":[]},{"id":48568,"url":"https:\/\/webdelmaestrocmf.com\/portal\/es-segura-la-vuelta-al-colegio-alertan-de-que-20-ninos-juntos-en-un-aula-podrian-expandir-el-coronavirus-a-800-personas-en-dos-dias\/","url_meta":{"origin":55808,"position":1},"title":"\u00bfEs segura la vuelta al colegio? Alertan que 20 ni\u00f1os juntos en un aula podr\u00edan expandir el coronavirus a 800 personas en dos d\u00edas","author":"Web del Maestro CMF","date":"30 junio, 2020","format":false,"excerpt":"Cuando se reabran las escuelas, los ni\u00f1os naturalmente tratar\u00e1n de mantener sus costumbres de acercamiento hacia sus compa\u00f1eros. Y es aqu\u00ed cuando la educaci\u00f3n debe ejercer su funci\u00f3n informativa y formativa. Como profesores debemos ilustrarnos sobre todos los medios de propagaci\u00f3n de Covid 19. Conversar, escuchando e intercambiando opiniones con\u2026","rel":"","context":"En \u00abRecursos\u00bb","block_context":{"text":"Recursos","link":"https:\/\/webdelmaestrocmf.com\/portal\/category\/pedagogia\/"},"img":{"alt_text":"","src":"https:\/\/i0.wp.com\/webdelmaestrocmf.com\/portal\/wp-content\/uploads\/2020\/06\/2-61.jpg?resize=350%2C200&ssl=1","width":350,"height":200,"srcset":"https:\/\/i0.wp.com\/webdelmaestrocmf.com\/portal\/wp-content\/uploads\/2020\/06\/2-61.jpg?resize=350%2C200&ssl=1 1x, https:\/\/i0.wp.com\/webdelmaestrocmf.com\/portal\/wp-content\/uploads\/2020\/06\/2-61.jpg?resize=525%2C300&ssl=1 1.5x, https:\/\/i0.wp.com\/webdelmaestrocmf.com\/portal\/wp-content\/uploads\/2020\/06\/2-61.jpg?resize=700%2C400&ssl=1 2x, https:\/\/i0.wp.com\/webdelmaestrocmf.com\/portal\/wp-content\/uploads\/2020\/06\/2-61.jpg?resize=1050%2C600&ssl=1 3x"},"classes":[]},{"id":45836,"url":"https:\/\/webdelmaestrocmf.com\/portal\/plataformas-de-educacion-a-distancia-para-paliar-la-falta-de-clases-presenciales-por-la-crisis-del-coronavirus\/","url_meta":{"origin":55808,"position":2},"title":"Plataformas de educaci\u00f3n a distancia para paliar la falta de clases presenciales, por la crisis del coronavirus","author":"Web del Maestro CMF","date":"26 marzo, 2020","format":false,"excerpt":"Cada d\u00eda son m\u00e1s los pa\u00edses que adoptan diversas medidas para paliar la suspensi\u00f3n de las actividades escolares presenciales, por disposici\u00f3n de sus gobiernos centrales, con el fin de prevenir la expansi\u00f3n del coronavirus. Las alternativas educativas, en la mayor\u00eda de casos, es tratar de darle continuidad al proceso de\u2026","rel":"","context":"En \u00abYo opino - WMCMF\u00bb","block_context":{"text":"Yo opino - WMCMF","link":"https:\/\/webdelmaestrocmf.com\/portal\/category\/jamb\/"},"img":{"alt_text":"","src":"https:\/\/i0.wp.com\/webdelmaestrocmf.com\/portal\/wp-content\/uploads\/2020\/03\/2-12.jpg?resize=350%2C200&ssl=1","width":350,"height":200,"srcset":"https:\/\/i0.wp.com\/webdelmaestrocmf.com\/portal\/wp-content\/uploads\/2020\/03\/2-12.jpg?resize=350%2C200&ssl=1 1x, https:\/\/i0.wp.com\/webdelmaestrocmf.com\/portal\/wp-content\/uploads\/2020\/03\/2-12.jpg?resize=525%2C300&ssl=1 1.5x, https:\/\/i0.wp.com\/webdelmaestrocmf.com\/portal\/wp-content\/uploads\/2020\/03\/2-12.jpg?resize=700%2C400&ssl=1 2x, https:\/\/i0.wp.com\/webdelmaestrocmf.com\/portal\/wp-content\/uploads\/2020\/03\/2-12.jpg?resize=1050%2C600&ssl=1 3x"},"classes":[]},{"id":45369,"url":"https:\/\/webdelmaestrocmf.com\/portal\/frente-al-cierre-de-escuelas-para-mitigar-el-coronavirus-necesitamos-encontrar-soluciones-de-alta-tecnologia-baja-tecnologia-y-sin-tecnologia\/","url_meta":{"origin":55808,"position":3},"title":"Frente al nuevo cierre de escuelas, para mitigar el coronavirus, necesitamos encontrar soluciones de alta tecnolog\u00eda, baja tecnolog\u00eda y sin tecnolog\u00eda","author":"Web del Maestro CMF","date":"12 marzo, 2020","format":false,"excerpt":"La OMS ha declarado que el n\u00famero de casos, de decesos y de pa\u00edses afectados por el virus de Wuhan o coronavirus Covid 19 aumentar\u00e1 en los pr\u00f3ximos d\u00edas y semanas. \u201dNunca antes hab\u00edamos visto una pandemia provocada por un coronavirus y nunca antes hemos visto que pueda controlarse al\u2026","rel":"","context":"En \u00abYo opino - WMCMF\u00bb","block_context":{"text":"Yo opino - WMCMF","link":"https:\/\/webdelmaestrocmf.com\/portal\/category\/jamb\/"},"img":{"alt_text":"","src":"https:\/\/i0.wp.com\/webdelmaestrocmf.com\/portal\/wp-content\/uploads\/2020\/03\/4c.jpg?resize=350%2C200&ssl=1","width":350,"height":200,"srcset":"https:\/\/i0.wp.com\/webdelmaestrocmf.com\/portal\/wp-content\/uploads\/2020\/03\/4c.jpg?resize=350%2C200&ssl=1 1x, https:\/\/i0.wp.com\/webdelmaestrocmf.com\/portal\/wp-content\/uploads\/2020\/03\/4c.jpg?resize=525%2C300&ssl=1 1.5x, https:\/\/i0.wp.com\/webdelmaestrocmf.com\/portal\/wp-content\/uploads\/2020\/03\/4c.jpg?resize=700%2C400&ssl=1 2x, https:\/\/i0.wp.com\/webdelmaestrocmf.com\/portal\/wp-content\/uploads\/2020\/03\/4c.jpg?resize=1050%2C600&ssl=1 3x"},"classes":[]},{"id":44823,"url":"https:\/\/webdelmaestrocmf.com\/portal\/su-institucion-educativa-tiene-algun-protocolo-para-prevenir-el-coronavirus-sabia-que-la-higiene-es-la-accion-mas-efectiva-para-evitar-el-coronavirus\/","url_meta":{"origin":55808,"position":4},"title":"\u00bfSab\u00eda que la higiene es la acci\u00f3n m\u00e1s efectiva para evitar el coronavirus?","author":"Web del Maestro CMF","date":"27 febrero, 2020","format":false,"excerpt":"El director general de la Organizaci\u00f3n Mundial de la Salud (OMS), Tedros Adhanom Ghebreyesus, ha opinado que la propagaci\u00f3n\u00a0 del coronavirus (Covid-19) de Wuhan, debe impulsar a aplicar medidas nacionales y de cooperaci\u00f3n internacional para evitar se propague lo que por ahora es una epidemia, pero que se podr\u00eda convertir\u2026","rel":"","context":"En \u00abYo opino - WMCMF\u00bb","block_context":{"text":"Yo opino - WMCMF","link":"https:\/\/webdelmaestrocmf.com\/portal\/category\/jamb\/"},"img":{"alt_text":"","src":"https:\/\/i0.wp.com\/webdelmaestrocmf.com\/portal\/wp-content\/uploads\/2020\/02\/1-26.jpeg?resize=350%2C200&ssl=1","width":350,"height":200,"srcset":"https:\/\/i0.wp.com\/webdelmaestrocmf.com\/portal\/wp-content\/uploads\/2020\/02\/1-26.jpeg?resize=350%2C200&ssl=1 1x, https:\/\/i0.wp.com\/webdelmaestrocmf.com\/portal\/wp-content\/uploads\/2020\/02\/1-26.jpeg?resize=525%2C300&ssl=1 1.5x, https:\/\/i0.wp.com\/webdelmaestrocmf.com\/portal\/wp-content\/uploads\/2020\/02\/1-26.jpeg?resize=700%2C400&ssl=1 2x, https:\/\/i0.wp.com\/webdelmaestrocmf.com\/portal\/wp-content\/uploads\/2020\/02\/1-26.jpeg?resize=1050%2C600&ssl=1 3x"},"classes":[]},{"id":113019,"url":"https:\/\/webdelmaestrocmf.com\/portal\/papa-leon-xiv-necesitamos-ensenar-a-los-jovenes-a-no-dejarse-manipular-ni-por-el-egoismo-ni-por-la-tecnologia\/","url_meta":{"origin":55808,"position":5},"title":"Papa Le\u00f3n XIV: Necesitamos ense\u00f1ar a los j\u00f3venes a no dejarse manipular ni por el ego\u00edsmo, ni por la tecnolog\u00eda","author":"Web del Maestro CMF","date":"1 noviembre, 2025","format":false,"excerpt":"Los tres retos de la Educaci\u00f3n de hoy: El Pacto Educativo Global, la Educaci\u00f3n Digital y la Educaci\u00f3n para la paz","rel":"","context":"En \u00abMundo cart\u00f3lico\u00bb","block_context":{"text":"Mundo cart\u00f3lico","link":"https:\/\/webdelmaestrocmf.com\/portal\/category\/pastoral\/"},"img":{"alt_text":"","src":"https:\/\/i0.wp.com\/webdelmaestrocmf.com\/portal\/wp-content\/uploads\/2025\/11\/1A-Banner-1-portada-imagen-10-1-copia-7.webp?resize=350%2C200&ssl=1","width":350,"height":200,"srcset":"https:\/\/i0.wp.com\/webdelmaestrocmf.com\/portal\/wp-content\/uploads\/2025\/11\/1A-Banner-1-portada-imagen-10-1-copia-7.webp?resize=350%2C200&ssl=1 1x, https:\/\/i0.wp.com\/webdelmaestrocmf.com\/portal\/wp-content\/uploads\/2025\/11\/1A-Banner-1-portada-imagen-10-1-copia-7.webp?resize=525%2C300&ssl=1 1.5x, https:\/\/i0.wp.com\/webdelmaestrocmf.com\/portal\/wp-content\/uploads\/2025\/11\/1A-Banner-1-portada-imagen-10-1-copia-7.webp?resize=700%2C400&ssl=1 2x"},"classes":[]}],"_links":{"self":[{"href":"https:\/\/webdelmaestrocmf.com\/portal\/wp-json\/wp\/v2\/posts\/55808","targetHints":{"allow":["GET"]}}],"collection":[{"href":"https:\/\/webdelmaestrocmf.com\/portal\/wp-json\/wp\/v2\/posts"}],"about":[{"href":"https:\/\/webdelmaestrocmf.com\/portal\/wp-json\/wp\/v2\/types\/post"}],"author":[{"embeddable":true,"href":"https:\/\/webdelmaestrocmf.com\/portal\/wp-json\/wp\/v2\/users\/1"}],"replies":[{"embeddable":true,"href":"https:\/\/webdelmaestrocmf.com\/portal\/wp-json\/wp\/v2\/comments?post=55808"}],"version-history":[{"count":0,"href":"https:\/\/webdelmaestrocmf.com\/portal\/wp-json\/wp\/v2\/posts\/55808\/revisions"}],"wp:featuredmedia":[{"embeddable":true,"href":"https:\/\/webdelmaestrocmf.com\/portal\/wp-json\/wp\/v2\/media\/55809"}],"wp:attachment":[{"href":"https:\/\/webdelmaestrocmf.com\/portal\/wp-json\/wp\/v2\/media?parent=55808"}],"wp:term":[{"taxonomy":"category","embeddable":true,"href":"https:\/\/webdelmaestrocmf.com\/portal\/wp-json\/wp\/v2\/categories?post=55808"},{"taxonomy":"post_tag","embeddable":true,"href":"https:\/\/webdelmaestrocmf.com\/portal\/wp-json\/wp\/v2\/tags?post=55808"}],"curies":[{"name":"wp","href":"https:\/\/api.w.org\/{rel}","templated":true}]}}