{"id":55779,"date":"2020-12-10T22:30:49","date_gmt":"2020-12-11T01:30:49","guid":{"rendered":"https:\/\/webdelmaestrocmf.com\/portal\/?p=55779"},"modified":"2023-01-11T23:40:42","modified_gmt":"2023-01-12T02:40:42","slug":"un-profesor-debe-ser-una-persona-que-te-hagan-saber-pensar-y-arribar-a-tus-propias-conclusiones-con-tus-propios-razonamientos","status":"publish","type":"post","link":"https:\/\/webdelmaestrocmf.com\/portal\/un-profesor-debe-ser-una-persona-que-te-hagan-saber-pensar-y-arribar-a-tus-propias-conclusiones-con-tus-propios-razonamientos\/","title":{"rendered":"Un profesor debe ser una persona que te haga saber pensar y arribar a tus propias conclusiones con tus propios razonamientos"},"content":{"rendered":"<h5 style=\"text-align: justify;\">El ingeniero Alejandro Miguel San Mart\u00edn\u200b (Villa Regina, Argentina, 1959) es un ingeniero electr\u00f3nico. Investigador en la agencia NASA. Como an\u00e9cdota confiesa que fue viendo a Neil Armstrong pisar la Luna, desde su Argentina natal y en su televisor blanco y negro, cuando despert\u00f3 su vocaci\u00f3n por la exploraci\u00f3n del espacio. Se gradu\u00f3 de sus estudios secundarios en el colegio industrial Pio IX de Buenos Aires a finales de 1977, estudi\u00f3 ingenier\u00eda en electr\u00f3nica en la <strong>Syracuse University <\/strong>donde se recibi\u00f3 como Estudiante de Ingenier\u00eda del A\u00f1o.\u200b Luego decidi\u00f3 hacer en el <strong>Massachussett Institute of Technology<\/strong>\u200b un m\u00e1ster en Ingenier\u00eda Aeron\u00e1utica y Astron\u00e1utica en 1985. Ha recibido distinciones de la NASA Exceptional Achievement Medal y Outstanding Engineering Achievement Merit Award, entre otras. En la actualidad es jefe de ingenier\u00eda aeroespacial de la NASA.<\/h5>\n<p><!--more--><\/p>\n<p style=\"text-align: justify;\">\u201cA 50 a\u00f1os de la llegada de la humanidad a la Luna, ser\u00eda m\u00e1s apropiado decir que estamos viendo finalmente el verdadero despegue de la actividad espacial que tanto esperamos; una en la que el espacio ya no sea el dominio de unos pocos pa\u00edses poderosos y de unos pocos profesionales. Esta nueva actividad espacial est\u00e1 impulsada por el desarrollo de nuevos cohetes de bajo costo, desarrollados por nuevas compa\u00f1\u00edas y emprendedores en varios rincones del mundo, por nanosat\u00e9lites (Cubesats) que <strong>permiten a estudiantes universitarios, y aun del secundario, tener acceso al espacio,<\/strong> y por el desarrollo de redes de sat\u00e9lites de baj\u00edsimo costo para la observaci\u00f3n terrestre, como es el caso de la compa\u00f1\u00eda argentina Satellogic, y para extender las comunicaciones por Internet para todos los habitantes del planeta, ricos o pobres\u201d. <a href=\"https:\/\/www.lanacion.com.ar\/ciencia\/miguel-san-martin-la-juventud-argentina-esta-nid2267876\" target=\"_blank\" rel=\"noopener\"><strong>MIGUEL SAN MART\u00cdN: LA JUVENTUD ARGENTINA EST\u00c1 LISTA Y QUIERE PARTICIPAR DEL NUEVO MUNDO ESPACIAL.<\/strong><\/a><\/p>\n<p style=\"text-align: justify;\">Art\u00edculo relacionado:<\/p>\n<blockquote class=\"wp-embedded-content\" data-secret=\"Mv3gfJEPyy\"><p><a href=\"https:\/\/webdelmaestrocmf.com\/portal\/no-podemos-coartar-la-curiosidad-de-los-alumnos\/\">Javier Tour\u00f3n: No podemos coartar la curiosidad de los alumnos<\/a><\/p><\/blockquote>\n<p><iframe loading=\"lazy\" class=\"wp-embedded-content\" sandbox=\"allow-scripts\" security=\"restricted\" style=\"position: absolute; clip: rect(1px, 1px, 1px, 1px);\" title=\"\u00abJavier Tour\u00f3n: No podemos coartar la curiosidad de los alumnos\u00bb \u2014 Web del Maestro CMF\" src=\"https:\/\/webdelmaestrocmf.com\/portal\/no-podemos-coartar-la-curiosidad-de-los-alumnos\/embed\/#?secret=65gugvQJea#?secret=Mv3gfJEPyy\" data-secret=\"Mv3gfJEPyy\" width=\"600\" height=\"338\" frameborder=\"0\" marginwidth=\"0\" marginheight=\"0\" scrolling=\"no\"><\/iframe><\/p>\n<p style=\"text-align: justify;\">Este art\u00edculo lo hemos elaborado teniendo como fuente la publicaci\u00f3n de la serie <strong>APRENDEMOS JUNTOS<\/strong>, de El Pa\u00eds (Espa\u00f1a), BBVA y Editorial Santillana -cuyo enlace lo se\u00f1alamos al final de este art\u00edculo-, considerando que <strong>podr\u00eda ayudarnos en nuestra tarea educativa<\/strong>, por lo que <strong>les sugerimos leer la transcripci\u00f3n completa<\/strong>. Adem\u00e1s, dejamos claro que la elecci\u00f3n de los fragmentos, los resaltados y letras cursivas son nuestras. La visualizaci\u00f3n de los videos consideramos que ser\u00eda un excelente <strong>recurso para el di\u00e1logo<\/strong> y el manejo <strong>acompa\u00f1ado en la construcci\u00f3n del pensamiento cr\u00edtico<\/strong>, de los tres agentes del proceso educativo.<\/p>\n<h5 style=\"text-align: left;\"><strong>LA CURIOSIDAD, EL MOTOR DE LOS AVANCES DE LA HUMANIDAD\u00a0 <\/strong>(MOMENTO DESTACADO 06\u00b4 07\u201d)<\/h5>\n<p><iframe loading=\"lazy\" src=\"https:\/\/www.youtube.com\/embed\/ljnjk3hnPKk\" width=\"100%\" height=\"400\" frameborder=\"0\" allowfullscreen=\"allowfullscreen\"><span data-mce-type=\"bookmark\" style=\"display: inline-block; width: 0px; overflow: hidden; line-height: 0;\" class=\"mce_SELRES_start\">\ufeff<\/span><\/iframe><\/p>\n<p style=\"text-align: justify;\"><strong>MIGUEL SAN MART\u00cdN:<\/strong> \u201c[&#8230;] <strong>La curiosidad es el motor<\/strong>, digamos, es como el combustible de todo, digamos. Para m\u00ed es fundamental tratar de entender c\u00f3mo funcionan las cosas, [&#8230;] <strong>tratar de entender las cosas simplemente porque uno las quiere entender <\/strong>y no siempre pregunt\u00e1ndonos cu\u00e1l es el valor de entender las cosas, no, <strong>el valor es tener la curiosidad de c\u00f3mo funcionan las cosas<\/strong> y para eso tenemos toda la historia de la civilizaci\u00f3n humana, que nos demuestra que esa curiosidad a la larga rinde, nos da, digamos, un r\u00e9dito en cuanto no solamente a mejorar nuestras vidas, pero tambi\u00e9n a hacerlas m\u00e1s interesantes, [&#8230;] Porque <strong>es un placer entender las cosas y saber c\u00f3mo funciona este <\/strong>universo tan hermoso en el cual vivimos y que todav\u00eda nos queda un mont\u00f3n por aprender.<\/p>\n<p style=\"text-align: justify;\">Art\u00edculo recomendado:<\/p>\n<blockquote class=\"wp-embedded-content\" data-secret=\"mlxJoXE7cT\"><p><a href=\"https:\/\/webdelmaestrocmf.com\/portal\/loris-malaguzzi-el-profesor-debe-renunciar-a-todas-sus-ideas-preconcebidas-y-aceptar-al-nino-como-un-co-constructor\/\">Loris Malaguzzi: El profesor debe renunciar a todas sus ideas preconcebidas y aceptar al ni\u00f1o como un co-constructor<\/a><\/p><\/blockquote>\n<p><iframe loading=\"lazy\" class=\"wp-embedded-content\" sandbox=\"allow-scripts\" security=\"restricted\" style=\"position: absolute; clip: rect(1px, 1px, 1px, 1px);\" title=\"\u00abLoris Malaguzzi: El profesor debe renunciar a todas sus ideas preconcebidas y aceptar al ni\u00f1o como un co-constructor\u00bb \u2014 Web del Maestro CMF\" src=\"https:\/\/webdelmaestrocmf.com\/portal\/loris-malaguzzi-el-profesor-debe-renunciar-a-todas-sus-ideas-preconcebidas-y-aceptar-al-nino-como-un-co-constructor\/embed\/#?secret=OYiDThXNcA#?secret=mlxJoXE7cT\" data-secret=\"mlxJoXE7cT\" width=\"600\" height=\"338\" frameborder=\"0\" marginwidth=\"0\" marginheight=\"0\" scrolling=\"no\"><\/iframe><\/p>\n<p style=\"text-align: justify;\">[&#8230;] una ense\u00f1anza t\u00e9cnica-cient\u00edfica te da <strong>esa disciplina para analizar las cosas y poder hacer un juicio en base a informaci\u00f3n,<\/strong> [&#8230;], y no lo que a vos te gustar\u00eda que el mundo sea, sino analizar como realmente es. [&#8230;] La importancia de la educaci\u00f3n t\u00e9cnica y cient\u00edfica para todos, a\u00fan para aquellos que no van a seguir carreras t\u00e9cnicas y cient\u00edficas, [&#8230;] te da <strong>la disciplina de tener que realmente ser preciso con los an\u00e1lisis, y los pensamientos, y el sistema<\/strong>, [&#8230;] es algo que <strong>se puede aplicar para todo en la vida<\/strong>, a aquellas cosas donde el mundo no es como nos gustar\u00eda que fuera, es como es [&#8230;] puede ser simplemente c\u00f3mo funcionan las relaciones entre los seres humanos o las instituciones dentro de un pa\u00eds, [&#8230;] Uno tiene que tratar de aplicar ese m\u00e9todo cient\u00edfico, [&#8230;] , y <strong>no dejarse guiar tanto por el coraz\u00f3n<\/strong>. [A los j\u00f3venes] Les recomiendo que sean curiosos, [&#8230;] que lean, en particular, que estudien, que estudien pero que lo <strong>disfruten al estudio<\/strong>. Yo siempre les cuento que nunca saqu\u00e9 una nota para mis padres, <strong>siempre las notas las saqu\u00e9 para m\u00ed, <\/strong>porque yo quer\u00eda saber, [&#8230;] tengan un amor por el conocimiento.<\/p>\n<h5 style=\"text-align: left;\"><strong>UNA MOCHILA DE VALORES PARA VIAJAR AL ESPACIO <\/strong>\u00a0(VIDEO COMPLETO 17\u00b4 21\u201d)<\/h5>\n<p><iframe loading=\"lazy\" src=\"https:\/\/www.youtube.com\/embed\/2Vjd2oJhXdU\" width=\"100%\" height=\"400\" frameborder=\"0\" allowfullscreen=\"allowfullscreen\"><span data-mce-type=\"bookmark\" style=\"display: inline-block; width: 0px; overflow: hidden; line-height: 0;\" class=\"mce_SELRES_start\">\ufeff<\/span><\/iframe><\/p>\n<p style=\"text-align: justify;\">[&#8230;] un d\u00eda tom\u00e9 valor y le pregunt\u00e9 al profesor de la c\u00e1tedra: <strong>\u00ab\u00bfQu\u00e9 tengo que hacer para trabajar en la NASA?\u00bb.<\/strong> Y me dijo: \u00abTen\u00e9s que <strong>estudiar mucha Matem\u00e1tica y F\u00edsica<\/strong>\u00bb, as\u00ed que eso fue lo que hice. Le agregar\u00eda Qu\u00edmica tambi\u00e9n, para aquellos que quieren hacer cosas como propulsi\u00f3n. As\u00ed que estudien mucho. Y bueno, y divi\u00e9rtanse, no lo hagan por obligaci\u00f3n, sino por amor. [&#8230;] Yo creo que <strong>la actividad espacial siempre ha sido un factor que nos une<\/strong>, digamos, a las diferentes culturas, diferentes pa\u00edses, naciones, siempre ha sido as\u00ed, incluso hasta el d\u00eda de hoy tenemos <strong>la Estaci\u00f3n Espacial Internacional con astronautas de todo el mundo<\/strong>. Yo creo que eso tambi\u00e9n va a ser un factor, digamos, muy importante, y <strong>lo necesitamos m\u00e1s que nunca hoy en d\u00eda en un mundo que parecer\u00eda estar desintegr\u00e1ndose<\/strong> en ese sentido, pero la ciencia y la carrera espacial produce ese factor que nos unifica.<\/p>\n<p style=\"text-align: justify;\">Art\u00edculo relacionado:<\/p>\n<blockquote class=\"wp-embedded-content\" data-secret=\"1fudaTQKoB\"><p><a href=\"https:\/\/webdelmaestrocmf.com\/portal\/santos-guerra-las-emociones-se-han-extendido-y-profundizado-durante-la-pandemia-sin-embargo-el-curriculum-ha-seguido-centrado-en-los-conocimientos-academicos\/\">Santos Guerra: Las emociones se han extendido y profundizado durante la pandemia, sin embargo, el curr\u00edculum ha seguido centrado en los conocimientos acad\u00e9micos<\/a><\/p><\/blockquote>\n<p><iframe loading=\"lazy\" class=\"wp-embedded-content\" sandbox=\"allow-scripts\" security=\"restricted\" style=\"position: absolute; clip: rect(1px, 1px, 1px, 1px);\" title=\"\u00abSantos Guerra: Las emociones se han extendido y profundizado durante la pandemia, sin embargo, el curr\u00edculum ha seguido centrado en los conocimientos acad\u00e9micos\u00bb \u2014 Web del Maestro CMF\" src=\"https:\/\/webdelmaestrocmf.com\/portal\/santos-guerra-las-emociones-se-han-extendido-y-profundizado-durante-la-pandemia-sin-embargo-el-curriculum-ha-seguido-centrado-en-los-conocimientos-academicos\/embed\/#?secret=vNisNDNj9Q#?secret=1fudaTQKoB\" data-secret=\"1fudaTQKoB\" width=\"600\" height=\"338\" frameborder=\"0\" marginwidth=\"0\" marginheight=\"0\" scrolling=\"no\"><\/iframe><\/p>\n<p style=\"text-align: justify;\">Gracias a los medios que hoy tenemos con los \u00absocial media\u00bb y todo eso, <strong>podemos hacer participar m\u00e1s a la gente.<\/strong> [&#8230;] Los valores, [&#8230;] en todas las \u00e1reas del quehacer humano, [&#8230;] tiene esta particularidad de que arriesgamos tanto en tan poco tiempo y los resultados son muy blanco y negro, as\u00ed que eso nos obliga a\u00fan m\u00e1s, [&#8230;] a afilar nuestra cultura de empresa, digamos. Pero yo dir\u00eda que, entre los m\u00e1s valiosos, [&#8230;] es <strong>integridad y honestidad.<\/strong> Incluso cuando uno comete los errores, tener la libertad, [&#8230;] de <strong>poder comunicar esos errores sin tener temor a represalias,<\/strong> eso es important\u00edsimo. [&#8230;] ese tipo de <strong>comunicaci\u00f3n honesta y directa es fundamental<\/strong>, me parece, para toda actividad del quehacer humano. [&#8230;] tambi\u00e9n necesitamos que la gente sea creativa, [&#8230;] As\u00ed que hay que tener <strong>un balance entre la creatividad del individuo y tambi\u00e9n que el individuo tenga la libertad, se sienta c\u00f3modo,<\/strong> [&#8230;] siempre tenga la oportunidad de <strong>dar su opini\u00f3n e incluso de disentir <\/strong>con gente tal vez mucho mayor, con m\u00e1s experiencia.<\/p>\n<p><img loading=\"lazy\" decoding=\"async\" class=\"alignnone size-full wp-image-55781\" src=\"https:\/\/webdelmaestrocmf.com\/portal\/wp-content\/uploads\/2020\/12\/1-13.jpg\" alt=\"\" width=\"1200\" height=\"628\" srcset=\"https:\/\/webdelmaestrocmf.com\/portal\/wp-content\/uploads\/2020\/12\/1-13.jpg 1200w, https:\/\/webdelmaestrocmf.com\/portal\/wp-content\/uploads\/2020\/12\/1-13-300x157.jpg 300w, https:\/\/webdelmaestrocmf.com\/portal\/wp-content\/uploads\/2020\/12\/1-13-1024x536.jpg 1024w, https:\/\/webdelmaestrocmf.com\/portal\/wp-content\/uploads\/2020\/12\/1-13-768x402.jpg 768w, https:\/\/webdelmaestrocmf.com\/portal\/wp-content\/uploads\/2020\/12\/1-13-110x58.jpg 110w, https:\/\/webdelmaestrocmf.com\/portal\/wp-content\/uploads\/2020\/12\/1-13-200x105.jpg 200w, https:\/\/webdelmaestrocmf.com\/portal\/wp-content\/uploads\/2020\/12\/1-13-380x199.jpg 380w, https:\/\/webdelmaestrocmf.com\/portal\/wp-content\/uploads\/2020\/12\/1-13-255x133.jpg 255w, https:\/\/webdelmaestrocmf.com\/portal\/wp-content\/uploads\/2020\/12\/1-13-550x288.jpg 550w, https:\/\/webdelmaestrocmf.com\/portal\/wp-content\/uploads\/2020\/12\/1-13-800x419.jpg 800w, https:\/\/webdelmaestrocmf.com\/portal\/wp-content\/uploads\/2020\/12\/1-13-1160x607.jpg 1160w, https:\/\/webdelmaestrocmf.com\/portal\/wp-content\/uploads\/2020\/12\/1-13-220x115.jpg 220w, https:\/\/webdelmaestrocmf.com\/portal\/wp-content\/uploads\/2020\/12\/1-13-400x209.jpg 400w, https:\/\/webdelmaestrocmf.com\/portal\/wp-content\/uploads\/2020\/12\/1-13-760x398.jpg 760w, https:\/\/webdelmaestrocmf.com\/portal\/wp-content\/uploads\/2020\/12\/1-13-510x267.jpg 510w, https:\/\/webdelmaestrocmf.com\/portal\/wp-content\/uploads\/2020\/12\/1-13-600x314.jpg 600w, https:\/\/webdelmaestrocmf.com\/portal\/wp-content\/uploads\/2020\/12\/1-13-1100x576.jpg 1100w\" sizes=\"auto, (max-width: 1200px) 100vw, 1200px\" \/><\/p>\n<p style=\"text-align: justify;\">Art\u00edculo recomendado:<\/p>\n<blockquote class=\"wp-embedded-content\" data-secret=\"H8AhYgoNhK\"><p><a href=\"https:\/\/webdelmaestrocmf.com\/portal\/el-error-como-factor-de-aprendizaje-prueba-error-analisis-nueva-estrategia\/\">El &#8220;error&#8221; como factor de aprendizaje: prueba + error + an\u00e1lisis + nueva estrategia<\/a><\/p><\/blockquote>\n<p><iframe loading=\"lazy\" class=\"wp-embedded-content\" sandbox=\"allow-scripts\" security=\"restricted\" style=\"position: absolute; clip: rect(1px, 1px, 1px, 1px);\" title=\"\u00abEl &#8220;error&#8221; como factor de aprendizaje: prueba + error + an\u00e1lisis + nueva estrategia\u00bb \u2014 Web del Maestro CMF\" src=\"https:\/\/webdelmaestrocmf.com\/portal\/el-error-como-factor-de-aprendizaje-prueba-error-analisis-nueva-estrategia\/embed\/#?secret=dJrxmKDxB9#?secret=H8AhYgoNhK\" data-secret=\"H8AhYgoNhK\" width=\"600\" height=\"338\" frameborder=\"0\" marginwidth=\"0\" marginheight=\"0\" scrolling=\"no\"><\/iframe><\/p>\n<p style=\"text-align: justify;\">[&#8230;] me parece, para el funcionamiento correcto de una sociedad que estos valores deber\u00edan ser parte de nuestra educaci\u00f3n. <strong>Hay una tendencia a un conocimiento enciclop\u00e9dico<\/strong> y no tanto a ense\u00f1ar a pensar. Un profesor, una maestra, debe ser una persona de la que vos no pod\u00e9s saber cu\u00e1les son sus inclinaciones pol\u00edticas, no es lo importante, <strong>lo importante es que te hagan saber pensar y arribar a tus propias conclusiones<\/strong> con tus propios razonamientos. [&#8230;]\u00a0es dif\u00edcil porque [&#8230;] mucha gente que tiene un entrenamiento cient\u00edfico o t\u00e9cnico, ingenieros, y que a veces <strong>dejan de pensar con el cerebro y empiezan a pensar con el coraz\u00f3n,<\/strong> [&#8230;] es algo en que la educaci\u00f3n se deber\u00eda concentrar desde el primer d\u00eda a una temprana edad. [&#8230;] a\u00fan si uno fracasa, es mejor triunfar, pero el fracaso es mejor que la inacci\u00f3n, el quedarse en tu casa temeroso, digamos, sin querer entrar al campo de juego, [&#8230;]\u201d<\/p>\n<p style=\"text-align: justify;\">Los videos y la transcripci\u00f3n completa de esta reflexi\u00f3n los pueden Ustedes leer aqu\u00ed<strong>: <a href=\"https:\/\/aprendemosjuntos.elpais.com\/especial\/la-curiosidad-el-motor-de-los-avances-de-la-humanidad-miguel-san-martin\/\" target=\"_blank\" rel=\"noopener\">UNA MOCHILA DE VALORES PARA VIAJAR AL ESPACIO<\/a><\/strong><\/p>\n<p style=\"text-align: justify;\">Esta publicaci\u00f3n corresponde a<strong> la <a href=\"https:\/\/webdelmaestrocmf.com\/portal\/serie-de-videos-aprendamos-juntos-para-sumar-por-la-educacion\/\" target=\"_blank\" rel=\"noopener\">SERIE DE VIDEOS: APRENDAMOS JUNTOS, PARA SUMAR POR LA EDUCACI\u00d3N<\/a><\/strong><em>\u00a0<\/em><\/p>\n<p style=\"text-align: center;\"><em>\u201cDentro de mil a\u00f1os, en las escuelas los alumnos van a estudiar sobre Neil Armstrong y la Apolo 11. Me siento privilegiado y afortunado de que me haya tocado presenciar este acontecimiento tan excepcional\u201d. (La Naci\u00f3n, 15\/07\/2019)<\/em><\/p>\n<p style=\"text-align: right;\"><strong>REDACCI\u00d3N WEB DEL MAESTRO CMF<\/strong><\/p>\n\t\t<div class=\"pk-inline-posts\">\n\t\t\t\n\t\t\t<div class=\"pk-inline-posts-container pk-inline-posts-template-list\"\n\t\t\t\tdata-columns=\"1\">\n\t\t\t\t\t\t<article id=\"post-95717\" class=\"post-95717 post type-post status-publish format-video has-post-thumbnail category-charlas tag-aprendamos-juntos tag-aprendemos-juntos-2030 tag-aprender tag-aprendizaje tag-bbva tag-calificacion-por-notas tag-cerebro tag-compresion tag-descanso tag-dislexia tag-dormir tag-entrevista tag-error tag-escritura tag-fonologia tag-lectura tag-lenguaje-oral tag-matematica tag-memoria tag-neurociencia tag-neurona tag-para-sumar-por-la-educacion tag-pensamiento tag-sinapsis tag-stanislas-dehaene tag-sueno tag-tecnologia tag-videos post_format-post-format-video cs-entry cs-video-wrap\">\n\t\t\t<div class=\"pk-post-outer\">\n\n\t\t\t\t\t\t\t\t<div class=\"pk-post-inner\">\n\t\t\t\t\t<div class=\"entry-thumbnail\">\n\t\t\t\t\t\t<div class=\"pk-overlay pk-overlay-ratio pk-ratio-landscape\">\n\t\t\t\t\t\t\t<div class=\"pk-overlay-background\">\n\t\t\t\t\t\t\t\t<a href=\"https:\/\/webdelmaestrocmf.com\/portal\/stanislas-dehaene-el-mayor-talento-de-un-profesor-es-ser-capaz-de-dirigir-la-atencion-del-alumno-hacia-el-nivel-correcto\/\" class=\"pk-overlay-link\">\n\t\t\t\t\t\t\t\t\t<img loading=\"lazy\" decoding=\"async\" width=\"300\" height=\"225\" src=\"https:\/\/webdelmaestrocmf.com\/portal\/wp-content\/uploads\/2024\/02\/1AA-Banner-1-portada-imagen-10-1-copia-300x225.webp\" class=\"attachment-pk-thumbnail size-pk-thumbnail wp-post-image\" alt=\"\" \/>\t\t\t\t\t\t\t\t<\/a>\n\t\t\t\t\t\t\t<\/div>\n\t\t\t\t\t\t<\/div>\n\t\t\t\t\t<\/div>\n\t\t\t\t<\/div>\n\t\t\t\t\n\t\t\t\t<div class=\"pk-post-inner\">\n\t\t\t\t\t<header>\n\t\t\t\t\t\t<h3 class=\"pk-title\"><a href=\"https:\/\/webdelmaestrocmf.com\/portal\/stanislas-dehaene-el-mayor-talento-de-un-profesor-es-ser-capaz-de-dirigir-la-atencion-del-alumno-hacia-el-nivel-correcto\/\" rel=\"bookmark\">Stanislas Dehaene: El mayor talento de un profesor es ser capaz de dirigir la atenci\u00f3n del alumno, hacia el nivel correcto<\/a><\/h3>\t\t\t\t\t<\/header><!-- .entry-header -->\n\t\t\t\t<\/div><!-- .post-inner -->\n\n\t\t\t<\/div><!-- .post-outer -->\n\t\t<\/article>\n\t\t\t\t<\/div>\n\t\t<\/div>\n\t\t\n","protected":false},"excerpt":{"rendered":"El ingeniero Alejandro Miguel San Mart\u00edn\u200b (Villa Regina, Argentina, 1959) es un ingeniero electr\u00f3nico. Investigador en la agencia&hellip;","protected":false},"author":1,"featured_media":55780,"comment_status":"open","ping_status":"closed","sticky":false,"template":"","format":"video","meta":{"csco_display_header_overlay":false,"csco_singular_sidebar":"disabled","csco_page_header_type":"standard","csco_page_load_nextpost":"default","csco_post_video_location":[],"csco_post_video_location_hash":"","csco_post_video_url":"","csco_post_video_bg_start_time":0,"csco_post_video_bg_end_time":0,"csco_post_video_bg_volume":false,"_jetpack_memberships_contains_paid_content":false,"footnotes":""},"categories":[3453],"tags":[6176,3455,3465,3459,301,55,2966,550,2169,6175,3456,6172,5792,6173,6171,3462,6174,1014,1284,2773],"class_list":{"0":"post-55779","1":"post","2":"type-post","3":"status-publish","4":"format-video","5":"has-post-thumbnail","7":"category-charlas","8":"tag-alejandro-miguel-san-martin","9":"tag-aprendamos","10":"tag-aprendemos","11":"tag-bbva","12":"tag-curiosidad","13":"tag-educacion","14":"tag-espacial","15":"tag-exito","16":"tag-fracaso","17":"tag-intentar","18":"tag-juntos","19":"tag-martin","20":"tag-miguel","21":"tag-nasa","22":"tag-san","23":"tag-sumar","24":"tag-triunfo","25":"tag-valores","26":"tag-video","27":"tag-videos","28":"post_format-post-format-video","29":"cs-entry","30":"cs-video-wrap"},"yoast_head":"<!-- This site is optimized with the Yoast SEO plugin v27.5 - https:\/\/yoast.com\/product\/yoast-seo-wordpress\/ -->\n<title>Un profesor debe ser una persona que te haga saber pensar y arribar a tus propias conclusiones con tus propios razonamientos - 2026<\/title>\n<meta name=\"description\" content=\"El ingeniero Alejandro Miguel San Mart\u00edn\u200b (Villa Regina, Argentina, 1959) es un ingeniero electr\u00f3nico. Investigador en la agencia...\" \/>\n<meta name=\"robots\" content=\"index, follow, max-snippet:-1, max-image-preview:large, max-video-preview:-1\" \/>\n<link rel=\"canonical\" href=\"https:\/\/webdelmaestrocmf.com\/portal\/un-profesor-debe-ser-una-persona-que-te-hagan-saber-pensar-y-arribar-a-tus-propias-conclusiones-con-tus-propios-razonamientos\/\" \/>\n<meta property=\"og:locale\" content=\"es_ES\" \/>\n<meta property=\"og:type\" content=\"article\" \/>\n<meta property=\"og:title\" content=\"Un profesor debe ser una persona que te haga saber pensar y arribar a tus propias conclusiones con tus propios razonamientos - 2026\" \/>\n<meta property=\"og:description\" content=\"El ingeniero Alejandro Miguel San Mart\u00edn\u200b (Villa Regina, Argentina, 1959) es un ingeniero electr\u00f3nico. Investigador en la agencia...\" \/>\n<meta property=\"og:url\" content=\"https:\/\/webdelmaestrocmf.com\/portal\/un-profesor-debe-ser-una-persona-que-te-hagan-saber-pensar-y-arribar-a-tus-propias-conclusiones-con-tus-propios-razonamientos\/\" \/>\n<meta property=\"og:site_name\" content=\"Web del Maestro CMF\" \/>\n<meta property=\"article:publisher\" content=\"https:\/\/www.facebook.com\/WebdelMaestroCMF\/\" \/>\n<meta property=\"article:author\" content=\"https:\/\/www.facebook.com\/WebdelMaestroCMF\/\" \/>\n<meta property=\"article:published_time\" content=\"2020-12-11T01:30:49+00:00\" \/>\n<meta property=\"article:modified_time\" content=\"2023-01-12T02:40:42+00:00\" \/>\n<meta property=\"og:image\" content=\"https:\/\/i0.wp.com\/webdelmaestrocmf.com\/portal\/wp-content\/uploads\/2020\/12\/1-copia-27.jpg?fit=1100%2C680&ssl=1\" \/>\n\t<meta property=\"og:image:width\" content=\"1100\" \/>\n\t<meta property=\"og:image:height\" content=\"680\" \/>\n\t<meta property=\"og:image:type\" content=\"image\/jpeg\" \/>\n<meta name=\"author\" content=\"Web del Maestro CMF\" \/>\n<meta name=\"twitter:card\" content=\"summary_large_image\" \/>\n<meta name=\"twitter:creator\" content=\"@cmf_w\" \/>\n<meta name=\"twitter:site\" content=\"@cmf_w\" \/>\n<script type=\"application\/ld+json\" class=\"yoast-schema-graph\">{\"@context\":\"https:\\\/\\\/schema.org\",\"@graph\":[{\"@type\":\"ScholarlyArticle\",\"@id\":\"https:\\\/\\\/webdelmaestrocmf.com\\\/portal\\\/un-profesor-debe-ser-una-persona-que-te-hagan-saber-pensar-y-arribar-a-tus-propias-conclusiones-con-tus-propios-razonamientos\\\/#article\",\"isPartOf\":{\"@id\":\"https:\\\/\\\/webdelmaestrocmf.com\\\/portal\\\/un-profesor-debe-ser-una-persona-que-te-hagan-saber-pensar-y-arribar-a-tus-propias-conclusiones-con-tus-propios-razonamientos\\\/\"},\"author\":{\"name\":\"Web del Maestro CMF\",\"@id\":\"https:\\\/\\\/webdelmaestrocmf.com\\\/portal\\\/#\\\/schema\\\/person\\\/1072a2ed7bd960df8ef99a551fa35dc5\"},\"headline\":\"Un profesor debe ser una persona que te haga saber pensar y arribar a tus propias conclusiones con tus propios razonamientos\",\"datePublished\":\"2020-12-11T01:30:49+00:00\",\"dateModified\":\"2023-01-12T02:40:42+00:00\",\"mainEntityOfPage\":{\"@id\":\"https:\\\/\\\/webdelmaestrocmf.com\\\/portal\\\/un-profesor-debe-ser-una-persona-que-te-hagan-saber-pensar-y-arribar-a-tus-propias-conclusiones-con-tus-propios-razonamientos\\\/\"},\"wordCount\":1444,\"commentCount\":0,\"publisher\":{\"@id\":\"https:\\\/\\\/webdelmaestrocmf.com\\\/portal\\\/#organization\"},\"image\":{\"@id\":\"https:\\\/\\\/webdelmaestrocmf.com\\\/portal\\\/un-profesor-debe-ser-una-persona-que-te-hagan-saber-pensar-y-arribar-a-tus-propias-conclusiones-con-tus-propios-razonamientos\\\/#primaryimage\"},\"thumbnailUrl\":\"https:\\\/\\\/webdelmaestrocmf.com\\\/portal\\\/wp-content\\\/uploads\\\/2020\\\/12\\\/1-copia-27.jpg\",\"keywords\":[\"Alejandro Miguel San Mart\u00edn\",\"APRENDAMOS\",\"APRENDEMOS\",\"BBVA\",\"CURIOSIDAD\",\"EDUCACI\u00d3N\",\"ESPACIAL\",\"\u00e9xito\",\"FRACASO\",\"INTENTAR\",\"JUNTOS\",\"MART\u00cdN\",\"Miguel\",\"NASA\",\"SAN\",\"SUMAR\",\"TRIUNFO\",\"valores\",\"video\",\"VIDEOS\"],\"articleSection\":[\"Charlas\"],\"inLanguage\":\"es\",\"potentialAction\":[{\"@type\":\"CommentAction\",\"name\":\"Comment\",\"target\":[\"https:\\\/\\\/webdelmaestrocmf.com\\\/portal\\\/un-profesor-debe-ser-una-persona-que-te-hagan-saber-pensar-y-arribar-a-tus-propias-conclusiones-con-tus-propios-razonamientos\\\/#respond\"]}]},{\"@type\":\"WebPage\",\"@id\":\"https:\\\/\\\/webdelmaestrocmf.com\\\/portal\\\/un-profesor-debe-ser-una-persona-que-te-hagan-saber-pensar-y-arribar-a-tus-propias-conclusiones-con-tus-propios-razonamientos\\\/\",\"url\":\"https:\\\/\\\/webdelmaestrocmf.com\\\/portal\\\/un-profesor-debe-ser-una-persona-que-te-hagan-saber-pensar-y-arribar-a-tus-propias-conclusiones-con-tus-propios-razonamientos\\\/\",\"name\":\"Un profesor debe ser una persona que te haga saber pensar y arribar a tus propias conclusiones con tus propios razonamientos - 2026\",\"isPartOf\":{\"@id\":\"https:\\\/\\\/webdelmaestrocmf.com\\\/portal\\\/#website\"},\"primaryImageOfPage\":{\"@id\":\"https:\\\/\\\/webdelmaestrocmf.com\\\/portal\\\/un-profesor-debe-ser-una-persona-que-te-hagan-saber-pensar-y-arribar-a-tus-propias-conclusiones-con-tus-propios-razonamientos\\\/#primaryimage\"},\"image\":{\"@id\":\"https:\\\/\\\/webdelmaestrocmf.com\\\/portal\\\/un-profesor-debe-ser-una-persona-que-te-hagan-saber-pensar-y-arribar-a-tus-propias-conclusiones-con-tus-propios-razonamientos\\\/#primaryimage\"},\"thumbnailUrl\":\"https:\\\/\\\/webdelmaestrocmf.com\\\/portal\\\/wp-content\\\/uploads\\\/2020\\\/12\\\/1-copia-27.jpg\",\"datePublished\":\"2020-12-11T01:30:49+00:00\",\"dateModified\":\"2023-01-12T02:40:42+00:00\",\"description\":\"El ingeniero Alejandro Miguel San Mart\u00edn\u200b (Villa Regina, Argentina, 1959) es un ingeniero electr\u00f3nico. Investigador en la agencia...\",\"breadcrumb\":{\"@id\":\"https:\\\/\\\/webdelmaestrocmf.com\\\/portal\\\/un-profesor-debe-ser-una-persona-que-te-hagan-saber-pensar-y-arribar-a-tus-propias-conclusiones-con-tus-propios-razonamientos\\\/#breadcrumb\"},\"inLanguage\":\"es\",\"potentialAction\":[{\"@type\":\"ReadAction\",\"target\":[\"https:\\\/\\\/webdelmaestrocmf.com\\\/portal\\\/un-profesor-debe-ser-una-persona-que-te-hagan-saber-pensar-y-arribar-a-tus-propias-conclusiones-con-tus-propios-razonamientos\\\/\"]}]},{\"@type\":\"ImageObject\",\"inLanguage\":\"es\",\"@id\":\"https:\\\/\\\/webdelmaestrocmf.com\\\/portal\\\/un-profesor-debe-ser-una-persona-que-te-hagan-saber-pensar-y-arribar-a-tus-propias-conclusiones-con-tus-propios-razonamientos\\\/#primaryimage\",\"url\":\"https:\\\/\\\/webdelmaestrocmf.com\\\/portal\\\/wp-content\\\/uploads\\\/2020\\\/12\\\/1-copia-27.jpg\",\"contentUrl\":\"https:\\\/\\\/webdelmaestrocmf.com\\\/portal\\\/wp-content\\\/uploads\\\/2020\\\/12\\\/1-copia-27.jpg\",\"width\":1100,\"height\":680},{\"@type\":\"BreadcrumbList\",\"@id\":\"https:\\\/\\\/webdelmaestrocmf.com\\\/portal\\\/un-profesor-debe-ser-una-persona-que-te-hagan-saber-pensar-y-arribar-a-tus-propias-conclusiones-con-tus-propios-razonamientos\\\/#breadcrumb\",\"itemListElement\":[{\"@type\":\"ListItem\",\"position\":1,\"name\":\"Portada\",\"item\":\"https:\\\/\\\/webdelmaestrocmf.com\\\/portal\\\/\"},{\"@type\":\"ListItem\",\"position\":2,\"name\":\"Charlas\",\"item\":\"https:\\\/\\\/webdelmaestrocmf.com\\\/portal\\\/category\\\/charlas\\\/\"},{\"@type\":\"ListItem\",\"position\":3,\"name\":\"Un profesor debe ser una persona que te haga saber pensar y arribar a tus propias conclusiones con tus propios razonamientos\"}]},{\"@type\":\"WebSite\",\"@id\":\"https:\\\/\\\/webdelmaestrocmf.com\\\/portal\\\/#website\",\"url\":\"https:\\\/\\\/webdelmaestrocmf.com\\\/portal\\\/\",\"name\":\"Web del Maestro CMF\",\"description\":\"Maestros al servicio de la educaci\u00f3n\",\"publisher\":{\"@id\":\"https:\\\/\\\/webdelmaestrocmf.com\\\/portal\\\/#organization\"},\"alternateName\":\"WMCMF\",\"potentialAction\":[{\"@type\":\"SearchAction\",\"target\":{\"@type\":\"EntryPoint\",\"urlTemplate\":\"https:\\\/\\\/webdelmaestrocmf.com\\\/portal\\\/?s={search_term_string}\"},\"query-input\":{\"@type\":\"PropertyValueSpecification\",\"valueRequired\":true,\"valueName\":\"search_term_string\"}}],\"inLanguage\":\"es\"},{\"@type\":\"Organization\",\"@id\":\"https:\\\/\\\/webdelmaestrocmf.com\\\/portal\\\/#organization\",\"name\":\"Web del Maestro CMF\",\"alternateName\":\"WMCMF\",\"url\":\"https:\\\/\\\/webdelmaestrocmf.com\\\/portal\\\/\",\"logo\":{\"@type\":\"ImageObject\",\"inLanguage\":\"es\",\"@id\":\"https:\\\/\\\/webdelmaestrocmf.com\\\/portal\\\/#\\\/schema\\\/logo\\\/image\\\/\",\"url\":\"https:\\\/\\\/webdelmaestrocmf.com\\\/portal\\\/wp-content\\\/uploads\\\/2023\\\/01\\\/logo-wmcmf-2.png\",\"contentUrl\":\"https:\\\/\\\/webdelmaestrocmf.com\\\/portal\\\/wp-content\\\/uploads\\\/2023\\\/01\\\/logo-wmcmf-2.png\",\"width\":200,\"height\":60,\"caption\":\"Web del Maestro CMF\"},\"image\":{\"@id\":\"https:\\\/\\\/webdelmaestrocmf.com\\\/portal\\\/#\\\/schema\\\/logo\\\/image\\\/\"},\"sameAs\":[\"https:\\\/\\\/www.facebook.com\\\/WebdelMaestroCMF\\\/\",\"https:\\\/\\\/x.com\\\/cmf_w\",\"https:\\\/\\\/www.pinterest.com\\\/WMCMF\\\/\",\"https:\\\/\\\/www.linkedin.com\\\/company\\\/web-del-maestro-cmf\\\/\",\"https:\\\/\\\/www.instagram.com\\\/wmcmf\\\/\",\"https:\\\/\\\/www.youtube.com\\\/channel\\\/UCDPSvjbdodE5sHnC3OxutHw\",\"https:\\\/\\\/mastodon.social\\\/@wmcmf\",\"https:\\\/\\\/www.tiktok.com\\\/@webdelmaestrocmf\"]},{\"@type\":\"Person\",\"@id\":\"https:\\\/\\\/webdelmaestrocmf.com\\\/portal\\\/#\\\/schema\\\/person\\\/1072a2ed7bd960df8ef99a551fa35dc5\",\"name\":\"Web del Maestro CMF\",\"image\":{\"@type\":\"ImageObject\",\"inLanguage\":\"es\",\"@id\":\"https:\\\/\\\/secure.gravatar.com\\\/avatar\\\/23291dd5b5ae1077dcff3dbb04c3e02bd28403fa75af6d8787d5e97c5bbbe30b?s=96&d=mm&r=g\",\"url\":\"https:\\\/\\\/secure.gravatar.com\\\/avatar\\\/23291dd5b5ae1077dcff3dbb04c3e02bd28403fa75af6d8787d5e97c5bbbe30b?s=96&d=mm&r=g\",\"contentUrl\":\"https:\\\/\\\/secure.gravatar.com\\\/avatar\\\/23291dd5b5ae1077dcff3dbb04c3e02bd28403fa75af6d8787d5e97c5bbbe30b?s=96&d=mm&r=g\",\"caption\":\"Web del Maestro CMF\"},\"description\":\"Esta Web se cre\u00f3 sin fines de lucro, con fines educativos, cient\u00edficos y acad\u00e9micos, para personas que tengan dificultades y\\\/o inconvenientes en visualizar el material original. El objetivo es entregar recursos, compartir experiencias y materiales que ayuden a los padres de familia, maestros y estudiantes en su actualizaci\u00f3n y formaci\u00f3n permanente, en bien de la Educaci\u00f3n.\",\"sameAs\":[\"http:\\\/\\\/webdelmaestrocmf.com\\\/portal\",\"https:\\\/\\\/www.facebook.com\\\/WebdelMaestroCMF\\\/\",\"https:\\\/\\\/www.instagram.com\\\/wmcmf\\\/\",\"https:\\\/\\\/cl.linkedin.com\\\/company\\\/web-del-maestro-cmf\",\"https:\\\/\\\/www.pinterest.com\\\/WMCMF\\\/publicaciones\\\/\",\"https:\\\/\\\/x.com\\\/cmf_w\",\"https:\\\/\\\/www.youtube.com\\\/@WMCMF\"]}]}<\/script>\n<!-- \/ Yoast SEO plugin. -->","yoast_head_json":{"title":"Un profesor debe ser una persona que te haga saber pensar y arribar a tus propias conclusiones con tus propios razonamientos - 2026","description":"El ingeniero Alejandro Miguel San Mart\u00edn\u200b (Villa Regina, Argentina, 1959) es un ingeniero electr\u00f3nico. Investigador en la agencia...","robots":{"index":"index","follow":"follow","max-snippet":"max-snippet:-1","max-image-preview":"max-image-preview:large","max-video-preview":"max-video-preview:-1"},"canonical":"https:\/\/webdelmaestrocmf.com\/portal\/un-profesor-debe-ser-una-persona-que-te-hagan-saber-pensar-y-arribar-a-tus-propias-conclusiones-con-tus-propios-razonamientos\/","og_locale":"es_ES","og_type":"article","og_title":"Un profesor debe ser una persona que te haga saber pensar y arribar a tus propias conclusiones con tus propios razonamientos - 2026","og_description":"El ingeniero Alejandro Miguel San Mart\u00edn\u200b (Villa Regina, Argentina, 1959) es un ingeniero electr\u00f3nico. Investigador en la agencia...","og_url":"https:\/\/webdelmaestrocmf.com\/portal\/un-profesor-debe-ser-una-persona-que-te-hagan-saber-pensar-y-arribar-a-tus-propias-conclusiones-con-tus-propios-razonamientos\/","og_site_name":"Web del Maestro CMF","article_publisher":"https:\/\/www.facebook.com\/WebdelMaestroCMF\/","article_author":"https:\/\/www.facebook.com\/WebdelMaestroCMF\/","article_published_time":"2020-12-11T01:30:49+00:00","article_modified_time":"2023-01-12T02:40:42+00:00","og_image":[{"width":1100,"height":680,"url":"https:\/\/i0.wp.com\/webdelmaestrocmf.com\/portal\/wp-content\/uploads\/2020\/12\/1-copia-27.jpg?fit=1100%2C680&ssl=1","type":"image\/jpeg"}],"author":"Web del Maestro CMF","twitter_card":"summary_large_image","twitter_creator":"@cmf_w","twitter_site":"@cmf_w","schema":{"@context":"https:\/\/schema.org","@graph":[{"@type":"ScholarlyArticle","@id":"https:\/\/webdelmaestrocmf.com\/portal\/un-profesor-debe-ser-una-persona-que-te-hagan-saber-pensar-y-arribar-a-tus-propias-conclusiones-con-tus-propios-razonamientos\/#article","isPartOf":{"@id":"https:\/\/webdelmaestrocmf.com\/portal\/un-profesor-debe-ser-una-persona-que-te-hagan-saber-pensar-y-arribar-a-tus-propias-conclusiones-con-tus-propios-razonamientos\/"},"author":{"name":"Web del Maestro CMF","@id":"https:\/\/webdelmaestrocmf.com\/portal\/#\/schema\/person\/1072a2ed7bd960df8ef99a551fa35dc5"},"headline":"Un profesor debe ser una persona que te haga saber pensar y arribar a tus propias conclusiones con tus propios razonamientos","datePublished":"2020-12-11T01:30:49+00:00","dateModified":"2023-01-12T02:40:42+00:00","mainEntityOfPage":{"@id":"https:\/\/webdelmaestrocmf.com\/portal\/un-profesor-debe-ser-una-persona-que-te-hagan-saber-pensar-y-arribar-a-tus-propias-conclusiones-con-tus-propios-razonamientos\/"},"wordCount":1444,"commentCount":0,"publisher":{"@id":"https:\/\/webdelmaestrocmf.com\/portal\/#organization"},"image":{"@id":"https:\/\/webdelmaestrocmf.com\/portal\/un-profesor-debe-ser-una-persona-que-te-hagan-saber-pensar-y-arribar-a-tus-propias-conclusiones-con-tus-propios-razonamientos\/#primaryimage"},"thumbnailUrl":"https:\/\/webdelmaestrocmf.com\/portal\/wp-content\/uploads\/2020\/12\/1-copia-27.jpg","keywords":["Alejandro Miguel San Mart\u00edn","APRENDAMOS","APRENDEMOS","BBVA","CURIOSIDAD","EDUCACI\u00d3N","ESPACIAL","\u00e9xito","FRACASO","INTENTAR","JUNTOS","MART\u00cdN","Miguel","NASA","SAN","SUMAR","TRIUNFO","valores","video","VIDEOS"],"articleSection":["Charlas"],"inLanguage":"es","potentialAction":[{"@type":"CommentAction","name":"Comment","target":["https:\/\/webdelmaestrocmf.com\/portal\/un-profesor-debe-ser-una-persona-que-te-hagan-saber-pensar-y-arribar-a-tus-propias-conclusiones-con-tus-propios-razonamientos\/#respond"]}]},{"@type":"WebPage","@id":"https:\/\/webdelmaestrocmf.com\/portal\/un-profesor-debe-ser-una-persona-que-te-hagan-saber-pensar-y-arribar-a-tus-propias-conclusiones-con-tus-propios-razonamientos\/","url":"https:\/\/webdelmaestrocmf.com\/portal\/un-profesor-debe-ser-una-persona-que-te-hagan-saber-pensar-y-arribar-a-tus-propias-conclusiones-con-tus-propios-razonamientos\/","name":"Un profesor debe ser una persona que te haga saber pensar y arribar a tus propias conclusiones con tus propios razonamientos - 2026","isPartOf":{"@id":"https:\/\/webdelmaestrocmf.com\/portal\/#website"},"primaryImageOfPage":{"@id":"https:\/\/webdelmaestrocmf.com\/portal\/un-profesor-debe-ser-una-persona-que-te-hagan-saber-pensar-y-arribar-a-tus-propias-conclusiones-con-tus-propios-razonamientos\/#primaryimage"},"image":{"@id":"https:\/\/webdelmaestrocmf.com\/portal\/un-profesor-debe-ser-una-persona-que-te-hagan-saber-pensar-y-arribar-a-tus-propias-conclusiones-con-tus-propios-razonamientos\/#primaryimage"},"thumbnailUrl":"https:\/\/webdelmaestrocmf.com\/portal\/wp-content\/uploads\/2020\/12\/1-copia-27.jpg","datePublished":"2020-12-11T01:30:49+00:00","dateModified":"2023-01-12T02:40:42+00:00","description":"El ingeniero Alejandro Miguel San Mart\u00edn\u200b (Villa Regina, Argentina, 1959) es un ingeniero electr\u00f3nico. Investigador en la agencia...","breadcrumb":{"@id":"https:\/\/webdelmaestrocmf.com\/portal\/un-profesor-debe-ser-una-persona-que-te-hagan-saber-pensar-y-arribar-a-tus-propias-conclusiones-con-tus-propios-razonamientos\/#breadcrumb"},"inLanguage":"es","potentialAction":[{"@type":"ReadAction","target":["https:\/\/webdelmaestrocmf.com\/portal\/un-profesor-debe-ser-una-persona-que-te-hagan-saber-pensar-y-arribar-a-tus-propias-conclusiones-con-tus-propios-razonamientos\/"]}]},{"@type":"ImageObject","inLanguage":"es","@id":"https:\/\/webdelmaestrocmf.com\/portal\/un-profesor-debe-ser-una-persona-que-te-hagan-saber-pensar-y-arribar-a-tus-propias-conclusiones-con-tus-propios-razonamientos\/#primaryimage","url":"https:\/\/webdelmaestrocmf.com\/portal\/wp-content\/uploads\/2020\/12\/1-copia-27.jpg","contentUrl":"https:\/\/webdelmaestrocmf.com\/portal\/wp-content\/uploads\/2020\/12\/1-copia-27.jpg","width":1100,"height":680},{"@type":"BreadcrumbList","@id":"https:\/\/webdelmaestrocmf.com\/portal\/un-profesor-debe-ser-una-persona-que-te-hagan-saber-pensar-y-arribar-a-tus-propias-conclusiones-con-tus-propios-razonamientos\/#breadcrumb","itemListElement":[{"@type":"ListItem","position":1,"name":"Portada","item":"https:\/\/webdelmaestrocmf.com\/portal\/"},{"@type":"ListItem","position":2,"name":"Charlas","item":"https:\/\/webdelmaestrocmf.com\/portal\/category\/charlas\/"},{"@type":"ListItem","position":3,"name":"Un profesor debe ser una persona que te haga saber pensar y arribar a tus propias conclusiones con tus propios razonamientos"}]},{"@type":"WebSite","@id":"https:\/\/webdelmaestrocmf.com\/portal\/#website","url":"https:\/\/webdelmaestrocmf.com\/portal\/","name":"Web del Maestro CMF","description":"Maestros al servicio de la educaci\u00f3n","publisher":{"@id":"https:\/\/webdelmaestrocmf.com\/portal\/#organization"},"alternateName":"WMCMF","potentialAction":[{"@type":"SearchAction","target":{"@type":"EntryPoint","urlTemplate":"https:\/\/webdelmaestrocmf.com\/portal\/?s={search_term_string}"},"query-input":{"@type":"PropertyValueSpecification","valueRequired":true,"valueName":"search_term_string"}}],"inLanguage":"es"},{"@type":"Organization","@id":"https:\/\/webdelmaestrocmf.com\/portal\/#organization","name":"Web del Maestro CMF","alternateName":"WMCMF","url":"https:\/\/webdelmaestrocmf.com\/portal\/","logo":{"@type":"ImageObject","inLanguage":"es","@id":"https:\/\/webdelmaestrocmf.com\/portal\/#\/schema\/logo\/image\/","url":"https:\/\/webdelmaestrocmf.com\/portal\/wp-content\/uploads\/2023\/01\/logo-wmcmf-2.png","contentUrl":"https:\/\/webdelmaestrocmf.com\/portal\/wp-content\/uploads\/2023\/01\/logo-wmcmf-2.png","width":200,"height":60,"caption":"Web del Maestro CMF"},"image":{"@id":"https:\/\/webdelmaestrocmf.com\/portal\/#\/schema\/logo\/image\/"},"sameAs":["https:\/\/www.facebook.com\/WebdelMaestroCMF\/","https:\/\/x.com\/cmf_w","https:\/\/www.pinterest.com\/WMCMF\/","https:\/\/www.linkedin.com\/company\/web-del-maestro-cmf\/","https:\/\/www.instagram.com\/wmcmf\/","https:\/\/www.youtube.com\/channel\/UCDPSvjbdodE5sHnC3OxutHw","https:\/\/mastodon.social\/@wmcmf","https:\/\/www.tiktok.com\/@webdelmaestrocmf"]},{"@type":"Person","@id":"https:\/\/webdelmaestrocmf.com\/portal\/#\/schema\/person\/1072a2ed7bd960df8ef99a551fa35dc5","name":"Web del Maestro CMF","image":{"@type":"ImageObject","inLanguage":"es","@id":"https:\/\/secure.gravatar.com\/avatar\/23291dd5b5ae1077dcff3dbb04c3e02bd28403fa75af6d8787d5e97c5bbbe30b?s=96&d=mm&r=g","url":"https:\/\/secure.gravatar.com\/avatar\/23291dd5b5ae1077dcff3dbb04c3e02bd28403fa75af6d8787d5e97c5bbbe30b?s=96&d=mm&r=g","contentUrl":"https:\/\/secure.gravatar.com\/avatar\/23291dd5b5ae1077dcff3dbb04c3e02bd28403fa75af6d8787d5e97c5bbbe30b?s=96&d=mm&r=g","caption":"Web del Maestro CMF"},"description":"Esta Web se cre\u00f3 sin fines de lucro, con fines educativos, cient\u00edficos y acad\u00e9micos, para personas que tengan dificultades y\/o inconvenientes en visualizar el material original. El objetivo es entregar recursos, compartir experiencias y materiales que ayuden a los padres de familia, maestros y estudiantes en su actualizaci\u00f3n y formaci\u00f3n permanente, en bien de la Educaci\u00f3n.","sameAs":["http:\/\/webdelmaestrocmf.com\/portal","https:\/\/www.facebook.com\/WebdelMaestroCMF\/","https:\/\/www.instagram.com\/wmcmf\/","https:\/\/cl.linkedin.com\/company\/web-del-maestro-cmf","https:\/\/www.pinterest.com\/WMCMF\/publicaciones\/","https:\/\/x.com\/cmf_w","https:\/\/www.youtube.com\/@WMCMF"]}]}},"jetpack_featured_media_url":"https:\/\/webdelmaestrocmf.com\/portal\/wp-content\/uploads\/2020\/12\/1-copia-27.jpg","jetpack_sharing_enabled":true,"jetpack-related-posts":[{"id":23377,"url":"https:\/\/webdelmaestrocmf.com\/portal\/papa-francisco-dialoga-los-astronautas-la-estacion-espacial-internacional\/","url_meta":{"origin":55779,"position":0},"title":"Papa Francisco dialoga con los astronautas de la estaci\u00f3n espacial internacional","author":"Web del Maestro CMF","date":"4 noviembre, 2017","format":false,"excerpt":"El Papa Francisco convers\u00f3 en directo desde un escritorio en el Vaticano con los seis astronautas que se encuentran en la Estaci\u00f3n Espacial Internacional (ISS), \u201ccentro de investigaci\u00f3n en la \u00f3rbita terrestre, cuya administraci\u00f3n, gesti\u00f3n y desarrollo est\u00e1 a cargo de la cooperaci\u00f3n internacional, [\u2026] en la que rotan equipos\u2026","rel":"","context":"En \u00abMundo cart\u00f3lico\u00bb","block_context":{"text":"Mundo cart\u00f3lico","link":"https:\/\/webdelmaestrocmf.com\/portal\/category\/pastoral\/"},"img":{"alt_text":"","src":"https:\/\/i0.wp.com\/webdelmaestrocmf.com\/portal\/wp-content\/uploads\/2017\/10\/1ss.jpg?resize=350%2C200&ssl=1","width":350,"height":200,"srcset":"https:\/\/i0.wp.com\/webdelmaestrocmf.com\/portal\/wp-content\/uploads\/2017\/10\/1ss.jpg?resize=350%2C200&ssl=1 1x, https:\/\/i0.wp.com\/webdelmaestrocmf.com\/portal\/wp-content\/uploads\/2017\/10\/1ss.jpg?resize=525%2C300&ssl=1 1.5x"},"classes":[]},{"id":84866,"url":"https:\/\/webdelmaestrocmf.com\/portal\/daniel-blanco-descubre-el-mundo-de-la-ingenieria-de-sistemas\/","url_meta":{"origin":55779,"position":1},"title":"[Daniel Blanco] Descubre el mundo de la Ingenier\u00eda de Sistemas","author":"Web del Maestro CMF","date":"27 febrero, 2023","format":false,"excerpt":"La ingenier\u00eda de sistemas se enfoca en el dise\u00f1o, desarrollo, implementaci\u00f3n y mantenimiento de sistemas complejos, estos sistemas pueden variar desde sistemas inform\u00e1ticos y de informaci\u00f3n hasta sistemas de control y automatizaci\u00f3n en diferentes industrias. Actualmente, es una carrera muy solicitada debido a su gran importancia. La tecnolog\u00eda est\u00e1 en\u2026","rel":"","context":"En \u00abZ-colaborador-Daniel Blanco\u00bb","block_context":{"text":"Z-colaborador-Daniel Blanco","link":"https:\/\/webdelmaestrocmf.com\/portal\/category\/colaborador\/z-colaborador-daniel-blanco\/"},"img":{"alt_text":"","src":"https:\/\/i0.wp.com\/webdelmaestrocmf.com\/portal\/wp-content\/uploads\/2023\/02\/a1bc-1.jpg?resize=350%2C200&ssl=1","width":350,"height":200,"srcset":"https:\/\/i0.wp.com\/webdelmaestrocmf.com\/portal\/wp-content\/uploads\/2023\/02\/a1bc-1.jpg?resize=350%2C200&ssl=1 1x, https:\/\/i0.wp.com\/webdelmaestrocmf.com\/portal\/wp-content\/uploads\/2023\/02\/a1bc-1.jpg?resize=525%2C300&ssl=1 1.5x, https:\/\/i0.wp.com\/webdelmaestrocmf.com\/portal\/wp-content\/uploads\/2023\/02\/a1bc-1.jpg?resize=700%2C400&ssl=1 2x"},"classes":[]},{"id":66801,"url":"https:\/\/webdelmaestrocmf.com\/portal\/don-jose-de-san-martin-doce-principios-para-una-buena-educacion-de-los-ninos\/","url_meta":{"origin":55779,"position":2},"title":"Don Jos\u00e9 de San Mart\u00edn: 12 normas para dirigir la educaci\u00f3n de su hija Merceditas","author":"Web del Maestro CMF","date":"19 agosto, 2021","format":false,"excerpt":"Don Jos\u00e9 Francisco de San Mart\u00edn y Matorras (1778- 1850), fue un militar y pol\u00edtico argentino y uno de los libertadores de Argentina, Chile y Per\u00fa, junto a Sim\u00f3n Bol\u00edvar. Pero junto a esos gestos militares, tambi\u00e9n se preocup\u00f3 por apoyar la educaci\u00f3n como principio de libertad, con su ejemplo\u2026","rel":"","context":"En \u00abYo opino - WMCMF\u00bb","block_context":{"text":"Yo opino - WMCMF","link":"https:\/\/webdelmaestrocmf.com\/portal\/category\/jamb\/"},"img":{"alt_text":"","src":"https:\/\/i0.wp.com\/webdelmaestrocmf.com\/portal\/wp-content\/uploads\/2021\/08\/1-133.jpg?resize=350%2C200&ssl=1","width":350,"height":200,"srcset":"https:\/\/i0.wp.com\/webdelmaestrocmf.com\/portal\/wp-content\/uploads\/2021\/08\/1-133.jpg?resize=350%2C200&ssl=1 1x, https:\/\/i0.wp.com\/webdelmaestrocmf.com\/portal\/wp-content\/uploads\/2021\/08\/1-133.jpg?resize=525%2C300&ssl=1 1.5x, https:\/\/i0.wp.com\/webdelmaestrocmf.com\/portal\/wp-content\/uploads\/2021\/08\/1-133.jpg?resize=700%2C400&ssl=1 2x, https:\/\/i0.wp.com\/webdelmaestrocmf.com\/portal\/wp-content\/uploads\/2021\/08\/1-133.jpg?resize=1050%2C600&ssl=1 3x"},"classes":[]},{"id":35144,"url":"https:\/\/webdelmaestrocmf.com\/portal\/global-teacher-prize-2019-los-50-finalistas-y-los-doce-americanos-nominados\/","url_meta":{"origin":55779,"position":3},"title":"GLOBAL TEACHER PRIZE 2019: LOS 50 FINALISTAS Y LOS DOCE AMERICANOS NOMINADOS","author":"Web del Maestro CMF","date":"14 febrero, 2019","format":false,"excerpt":"En esta oportunidad queremos compartir con Ustedes los nominados al Premio Mundial de la Educaci\u00f3n, que es otorgado por la Fundaci\u00f3n Varkey. Han dado a conocer cincuenta experiencias educativas significativas; de las cuales nos permitimos hacer un resumen de los doce profesores del continente americano. Y hemos escogido a estos\u2026","rel":"","context":"En \u00abINTER\u00c9S\u00bb","block_context":{"text":"INTER\u00c9S","link":"https:\/\/webdelmaestrocmf.com\/portal\/category\/noticias-educacion\/"},"img":{"alt_text":"","src":"https:\/\/i0.wp.com\/webdelmaestrocmf.com\/portal\/wp-content\/uploads\/2019\/02\/1-16.jpg?resize=350%2C200&ssl=1","width":350,"height":200,"srcset":"https:\/\/i0.wp.com\/webdelmaestrocmf.com\/portal\/wp-content\/uploads\/2019\/02\/1-16.jpg?resize=350%2C200&ssl=1 1x, https:\/\/i0.wp.com\/webdelmaestrocmf.com\/portal\/wp-content\/uploads\/2019\/02\/1-16.jpg?resize=525%2C300&ssl=1 1.5x, https:\/\/i0.wp.com\/webdelmaestrocmf.com\/portal\/wp-content\/uploads\/2019\/02\/1-16.jpg?resize=700%2C400&ssl=1 2x, https:\/\/i0.wp.com\/webdelmaestrocmf.com\/portal\/wp-content\/uploads\/2019\/02\/1-16.jpg?resize=1050%2C600&ssl=1 3x"},"classes":[]},{"id":112459,"url":"https:\/\/webdelmaestrocmf.com\/portal\/alejandro-castro-santander-la-violencia-escolar-es-una-conducta-aprendida-de-los-adultos\/","url_meta":{"origin":55779,"position":4},"title":"Alejandro Castro Santander: la violencia escolar es una conducta aprendida de los adultos","author":"Web del Maestro CMF","date":"5 octubre, 2025","format":false,"excerpt":"Alejandro Castro Santander advierte que cuando los mayores naturalizan el maltrato, la agresi\u00f3n y la intolerancia, los ni\u00f1os reproducen esas conductas en el aula. Por eso, afirma, para erradicar la violencia escolar primero debemos sanar al adulto y reconstruir su ejemplo.","rel":"","context":"En \u00abEntrevistas\u00bb","block_context":{"text":"Entrevistas","link":"https:\/\/webdelmaestrocmf.com\/portal\/category\/noticias\/entrevistas\/"},"img":{"alt_text":"","src":"https:\/\/i0.wp.com\/webdelmaestrocmf.com\/portal\/wp-content\/uploads\/2025\/10\/1A-Banner-1-portada-imagen-10-1-copia-5-3.jpg?resize=350%2C200&ssl=1","width":350,"height":200,"srcset":"https:\/\/i0.wp.com\/webdelmaestrocmf.com\/portal\/wp-content\/uploads\/2025\/10\/1A-Banner-1-portada-imagen-10-1-copia-5-3.jpg?resize=350%2C200&ssl=1 1x, https:\/\/i0.wp.com\/webdelmaestrocmf.com\/portal\/wp-content\/uploads\/2025\/10\/1A-Banner-1-portada-imagen-10-1-copia-5-3.jpg?resize=525%2C300&ssl=1 1.5x, https:\/\/i0.wp.com\/webdelmaestrocmf.com\/portal\/wp-content\/uploads\/2025\/10\/1A-Banner-1-portada-imagen-10-1-copia-5-3.jpg?resize=700%2C400&ssl=1 2x"},"classes":[]},{"id":83197,"url":"https:\/\/webdelmaestrocmf.com\/portal\/jose-miguel-piquer-los-jovenes-cuando-tienen-una-duda-su-reaccion-natural-es-buscar-la-respuesta-en-internet-nunca-preguntarle-a-un-profesor\/","url_meta":{"origin":55779,"position":5},"title":"Jos\u00e9 Miguel Piquer: Los j\u00f3venes [&#8230;] cuando tienen una duda, su reacci\u00f3n natural es buscar la respuesta en Internet, nunca preguntarle a un profesor","author":"Web del Maestro CMF","date":"22 enero, 2023","format":false,"excerpt":"Jos\u00e9 Miguel Piquer, entr\u00f3 a estudiar Ingenier\u00eda en la Universidad de Chile en 1979. En el curso de Computaci\u00f3n del primer a\u00f1o \u2013ha comentado- conoci\u00f3 por primera vez la magia de la programaci\u00f3n y se rindi\u00f3 ante la tecnolog\u00eda, por lo que se especializ\u00f3 en un Mag\u00edster en Ciencias, menci\u00f3n\u2026","rel":"","context":"En \u00abEntrevistas\u00bb","block_context":{"text":"Entrevistas","link":"https:\/\/webdelmaestrocmf.com\/portal\/category\/noticias\/entrevistas\/"},"img":{"alt_text":"","src":"https:\/\/i0.wp.com\/webdelmaestrocmf.com\/portal\/wp-content\/uploads\/2023\/01\/1-65.jpg?resize=350%2C200&ssl=1","width":350,"height":200,"srcset":"https:\/\/i0.wp.com\/webdelmaestrocmf.com\/portal\/wp-content\/uploads\/2023\/01\/1-65.jpg?resize=350%2C200&ssl=1 1x, https:\/\/i0.wp.com\/webdelmaestrocmf.com\/portal\/wp-content\/uploads\/2023\/01\/1-65.jpg?resize=525%2C300&ssl=1 1.5x, https:\/\/i0.wp.com\/webdelmaestrocmf.com\/portal\/wp-content\/uploads\/2023\/01\/1-65.jpg?resize=700%2C400&ssl=1 2x"},"classes":[]}],"_links":{"self":[{"href":"https:\/\/webdelmaestrocmf.com\/portal\/wp-json\/wp\/v2\/posts\/55779","targetHints":{"allow":["GET"]}}],"collection":[{"href":"https:\/\/webdelmaestrocmf.com\/portal\/wp-json\/wp\/v2\/posts"}],"about":[{"href":"https:\/\/webdelmaestrocmf.com\/portal\/wp-json\/wp\/v2\/types\/post"}],"author":[{"embeddable":true,"href":"https:\/\/webdelmaestrocmf.com\/portal\/wp-json\/wp\/v2\/users\/1"}],"replies":[{"embeddable":true,"href":"https:\/\/webdelmaestrocmf.com\/portal\/wp-json\/wp\/v2\/comments?post=55779"}],"version-history":[{"count":0,"href":"https:\/\/webdelmaestrocmf.com\/portal\/wp-json\/wp\/v2\/posts\/55779\/revisions"}],"wp:featuredmedia":[{"embeddable":true,"href":"https:\/\/webdelmaestrocmf.com\/portal\/wp-json\/wp\/v2\/media\/55780"}],"wp:attachment":[{"href":"https:\/\/webdelmaestrocmf.com\/portal\/wp-json\/wp\/v2\/media?parent=55779"}],"wp:term":[{"taxonomy":"category","embeddable":true,"href":"https:\/\/webdelmaestrocmf.com\/portal\/wp-json\/wp\/v2\/categories?post=55779"},{"taxonomy":"post_tag","embeddable":true,"href":"https:\/\/webdelmaestrocmf.com\/portal\/wp-json\/wp\/v2\/tags?post=55779"}],"curies":[{"name":"wp","href":"https:\/\/api.w.org\/{rel}","templated":true}]}}