{"id":55674,"date":"2020-12-07T12:33:51","date_gmt":"2020-12-07T15:33:51","guid":{"rendered":"https:\/\/webdelmaestrocmf.com\/portal\/?p=55674"},"modified":"2020-12-07T12:35:08","modified_gmt":"2020-12-07T15:35:08","slug":"mario-schiavelli-la-comunicacion-educador-estudiante","status":"publish","type":"post","link":"https:\/\/webdelmaestrocmf.com\/portal\/mario-schiavelli-la-comunicacion-educador-estudiante\/","title":{"rendered":"[Mario Schiavelli] La Comunicaci\u00f3n Educador &#8211; Estudiante"},"content":{"rendered":"<h5 style=\"text-align: justify;\">Para todos los educadores que poseemos esa intensa pasi\u00f3n por educar y el deseo de mejorar constantemente nuestras capacidades y habilidades para hacer cada vez m\u00e1s emocionantes, eficaces y estimulantes los encuentros con nuestros estudiantes\u201d.<\/h5>\n<h5 style=\"text-align: right;\">Autor: Mario Schiavelli.<\/h5>\n<p><!--more--><\/p>\n<p>&nbsp;<\/p>\n<h5 style=\"text-align: justify;\">1. Ser visible.<\/h5>\n<p style=\"text-align: justify;\">La presencia y visibilidad en el aula es un aspecto muy a tener en cuenta a la hora de impartir una clase. Una referencia visual del profesor en el aula tiene vital importancia para los alumnos. Para ello es importante estar preferentemente de pie y en constante movimiento; con el constante movimiento logramos mantener alta la atenci\u00f3n del estudiante.<\/p>\n<h5 style=\"text-align: justify;\">2. Escuchar.<\/h5>\n<p style=\"text-align: justify;\">La diferencia entre o\u00edr a un estudiante y escucharlo es enorme, ya que cuando lo escuchamos lo estamos haciendo de forma activa y le transmitimos que aquello que nos est\u00e1 diciendo es importante tanto para \u00e9l como para nosotros. Los alumnos de una clase demandan atenci\u00f3n en todo momento. Debemos esforzarnos en escuchar aquello que nos quieran decir. Con ello aumentaremos la empat\u00eda y mejoraremos nuestra relaci\u00f3n con ellos. Aquellos docentes que solo oyen sin escuchar a sus alumnos, tienen una relaci\u00f3n distante con ellos y ello repercute negativamente en la efectividad de la ense\u00f1anza.<\/p>\n<h5 style=\"text-align: justify;\">3. Mantener el contacto visual.<\/h5>\n<p style=\"text-align: justify;\"><span style=\"font-family: -apple-system, BlinkMacSystemFont, 'Segoe UI', Roboto, 'Helvetica Neue', Arial, 'Noto Sans', sans-serif, 'Apple Color Emoji', 'Segoe UI Emoji', 'Segoe UI Symbol', 'Noto Color Emoji';\">La comunicaci\u00f3n no verbal de un docente se transmite a trav\u00e9s de los sentidos y es fundamental en el desarrollo de una sesi\u00f3n efectiva. En la comunicaci\u00f3n no verbal es igualmente importante la mirada, que juega un papel preponderante. Debemos hablar a nuestros alumnos mir\u00e1ndolos directamente a los ojos. Un buen contacto visual transmite seguridad, comodidad, empat\u00eda.<\/span><\/p>\n<h5 style=\"text-align: justify;\">4. Cumplir con lo prometido.<\/h5>\n<p style=\"text-align: justify;\">La importancia de ser muy escrupulosos con aquello que prometemos a nuestros alumnos. Una promesa no cumplida se volver\u00e1 en nuestra contra. Un docente que no mantiene su promesa o que no cumple con su palabra es un docente que poco a poco va debilit\u00e1ndose frente al grupo y eso puede afectar muy negativamente su proceso de ense\u00f1anza.<\/p>\n<h5 style=\"text-align: justify;\">5. Posicionarse al mismo nivel.<\/h5>\n<p style=\"text-align: justify;\">Para que exista una correcta comunicaci\u00f3n entre dos personas, \u00e9stas deben compartir el mismo c\u00f3digo comunicativo. No debe percibirse ni superioridad ni inferioridad entre ambos. Utilizar los mismos registros idiom\u00e1ticos ayuda a establecer dicho posicionamiento. En la medida que seamos capaces de compartir el mismo c\u00f3digo, m\u00e1s fluida y constructiva ser\u00e1 la comunicaci\u00f3n entre alumno y docente.<\/p>\n<h5 style=\"text-align: justify;\">6. Poseer un buen estado de \u00e1nimo.<\/h5>\n<p style=\"text-align: justify;\">Nuestros problemas personales no se deben trasladar a nuestras sesiones. Ayuda el imaginar que entrar en una clase es como subir a un escenario de un teatro: no importa cu\u00e1l sea nuestro estado de \u00e1nimo, en ese momento debemos tener la capacidad de poner todo eso de lado y dar lo mejor de nosotros mismos. Ser profesional bajo cualquier circunstancia es la mejor forma de dignificar nuestro trabajo.<\/p>\n<h5 style=\"text-align: justify;\">7. Respetar la privacidad.<\/h5>\n<p style=\"text-align: justify;\"><span style=\"font-family: -apple-system, BlinkMacSystemFont, 'Segoe UI', Roboto, 'Helvetica Neue', Arial, 'Noto Sans', sans-serif, 'Apple Color Emoji', 'Segoe UI Emoji', 'Segoe UI Symbol', 'Noto Color Emoji';\">En la sociedad actual la privacidad se est\u00e1 convirtiendo en un lujo. Es muy importante que las sesiones se centren en lo educativo y no en lo personal. Hay que mantener una cierta distancia con los alumnos y un cierto respeto por lo que a las redes sociales se refiere.<\/span><\/p>\n<p><img loading=\"lazy\" decoding=\"async\" class=\"alignnone size-full wp-image-55680\" src=\"https:\/\/webdelmaestrocmf.com\/portal\/wp-content\/uploads\/2020\/12\/2-copia.jpg\" alt=\"\" width=\"1100\" height=\"680\" srcset=\"https:\/\/webdelmaestrocmf.com\/portal\/wp-content\/uploads\/2020\/12\/2-copia.jpg 1100w, https:\/\/webdelmaestrocmf.com\/portal\/wp-content\/uploads\/2020\/12\/2-copia-300x185.jpg 300w, https:\/\/webdelmaestrocmf.com\/portal\/wp-content\/uploads\/2020\/12\/2-copia-1024x633.jpg 1024w, https:\/\/webdelmaestrocmf.com\/portal\/wp-content\/uploads\/2020\/12\/2-copia-768x475.jpg 768w, https:\/\/webdelmaestrocmf.com\/portal\/wp-content\/uploads\/2020\/12\/2-copia-110x68.jpg 110w, https:\/\/webdelmaestrocmf.com\/portal\/wp-content\/uploads\/2020\/12\/2-copia-200x124.jpg 200w, https:\/\/webdelmaestrocmf.com\/portal\/wp-content\/uploads\/2020\/12\/2-copia-380x235.jpg 380w, https:\/\/webdelmaestrocmf.com\/portal\/wp-content\/uploads\/2020\/12\/2-copia-255x158.jpg 255w, https:\/\/webdelmaestrocmf.com\/portal\/wp-content\/uploads\/2020\/12\/2-copia-550x340.jpg 550w, https:\/\/webdelmaestrocmf.com\/portal\/wp-content\/uploads\/2020\/12\/2-copia-800x495.jpg 800w, https:\/\/webdelmaestrocmf.com\/portal\/wp-content\/uploads\/2020\/12\/2-copia-220x136.jpg 220w, https:\/\/webdelmaestrocmf.com\/portal\/wp-content\/uploads\/2020\/12\/2-copia-400x247.jpg 400w, https:\/\/webdelmaestrocmf.com\/portal\/wp-content\/uploads\/2020\/12\/2-copia-760x470.jpg 760w, https:\/\/webdelmaestrocmf.com\/portal\/wp-content\/uploads\/2020\/12\/2-copia-510x315.jpg 510w, https:\/\/webdelmaestrocmf.com\/portal\/wp-content\/uploads\/2020\/12\/2-copia-600x371.jpg 600w\" sizes=\"auto, (max-width: 1100px) 100vw, 1100px\" \/><\/p>\n<h5 style=\"text-align: justify;\"><strong>LA INTERACCI\u00d3N<\/strong><\/h5>\n<p style=\"text-align: justify;\">1. Cuando le hablemos a nuestros alumnos, sepamos interpretar que nos est\u00e1n escuchando y nos est\u00e1n entendiendo. Si no hay Atenci\u00f3n, no hay comprensi\u00f3n. Establezcamos un contacto visual y un acerca- miento f\u00edsico suficiente mas no exagerado, para no causar sensaci\u00f3n de \u201camenaza\u201d. Entrenemos los cerebros de nuestros alumnos en observar la realidad, analizarla, e involucr\u00e9moslos en la conversaci\u00f3n desde el comienzo.<strong>\u00a0<\/strong><\/p>\n<p style=\"text-align: justify;\">2. Entrenemos los cerebros para hacer comparaciones, facilit\u00e1ndoles conexiones cerebrales. P.e. A. mostrar un dibujo de una zanahoria y explicar que son ra\u00edces que crecen debajo de la tierra como las papas. A ese punto preguntarles las diferencias entre las dos, cu\u00e1l de las dos prefieren, qu\u00e9 otras verduras les gusta y su descripci\u00f3n. B. \u00a1Est\u00e1 lloviendo! Cerremos la ventana, porque de lo contrario se moja el piso! \u00bfY eso por qu\u00e9 sucede? Estas y otras preguntas servir\u00e1n a los ni\u00f1os para organizar conceptos y ayudarlos a comprender lo que sucede en torno a ellos cotidianamente. Desarrollan la coherencia y las relaciones causa-efecto.<\/p>\n<p style=\"text-align: justify;\">3. Los ni\u00f1os aprenden a trav\u00e9s de las emociones positivas y el afecto sincero. Es muy importante que comuniquemos y ense\u00f1emos a hacerlo, incluyendo en lo que decimos adjetivos que expresen emociones. Un cerebro emocionado genera atenci\u00f3n y creatividad.<\/p>\n<p style=\"text-align: justify;\">4. Demostrar a nuestros alumnos constantemente que los estimamos y que confiamos en ellos, acep- ta\u0301ndolos tal como son. El cerebro disfruta con la confianza y les otorga sensacio\u0301n de bienestar y felicidad. Los nin\u0303os deben tener confianza en sus propias capacidades. Debemos ayudarles a que hagan cosas que sean capaces de hacer con pequen\u0303os desafi\u0301os que sabemos puedan superar con un pequen\u0303o esfuerzo. Dejarlos experimentar a trave\u0301s de pequen\u0303os pasos, para asi\u0301 evitar la sensacio\u0301n de frustracio\u0301n.<\/p>\n<p style=\"text-align: justify;\">5. Debemos elogiarlos continuamente, tambi\u00e9n cuando se equivocan, aunque sea por el esfuerzo de haberlo intentado. Nunca corregirlos abruptamente. Al cerebro le gusta ser comprendido, lo tranquiliza. No hay que estigmatizar el error, debe entenderse como un paso obligado al aprendizaje. Si no hay error, no se aprende.<\/p>\n<p style=\"text-align: justify;\">6. Eduquemos a nuestros alumnos a programar, a crear un plan para lograr un objetivo. P.e. \u201c\u00a1Ahora pongamos en orden el aula todos juntos y luego leeremos un cuento!\u201d, Recordar que el deber viene siempre antes de la gratificaci\u00f3n: \u201cAntes las tareas y luego jugamos\u201d. Las reglas y los l\u00edmites y el respetarlos, ayudan al alumno a sentirse seguro.<\/p>\n<p style=\"text-align: justify;\">7. Ayudemos a desarrollar la Empat\u00eda, otro elemento fundamental que nadie nos ense\u00f1a. Estar y com- partir con los otros alumnos, juegos, fiestas, estados de \u00e1nimo, siempre atentos a las buenas maneras: saludar, agradecer, escuchar, dejar hablar.<\/p>\n<p style=\"text-align: justify;\">8. Colaboremos al desarrollo del sentido de responsabilidad, asign\u00e1ndoles encargos y toma de decisiones.<\/p>\n<p style=\"text-align: justify;\">9. Estimulemos su natural curiosidad hacia lo nuevo. Nuestros miedos pueden bloquear los cerebros de nuestros alumnos. Demasiadas advertencias desalientan al ni\u00f1o a tomar iniciativas propias. Ellos tienen que afrontar nuevos desaf\u00edos, por supuesto siempre atentos a su incolumidad f\u00edsica y mental.<\/p>\n<p style=\"text-align: justify;\">10. Nunca cataloguemos negativamente a nuestros alumnos (desordenado, desatento, maleducado, grit\u00f3n, ego\u00edsta, etc.). Si alg\u00fan alumno presenta particulares problemas, estructuremos acciones (con la colaboraci\u00f3n de sus padres) para modificar de a poco esos comportamientos. Recordemos que al cerebro le gusta ver sus avances, se retroalimenta de ellos y se autoestimula a hacerlo cada vez mejor.<\/p>\n<p style=\"text-align: justify;\">11. Comuniqu\u00e9monos con nuestro alumnado siempre de manera positiva. Ayudemos a ver \u201cel vaso siempre medio lleno\u201d. Nunca los castiguemos. En vez de decir: \u201c\u00a1Est\u00e1s sucio, vete a lavar!\u201d, intentemos con \u201c\u00a1Te ves tan lindo cuando est\u00e1s limpio! \u00bfQu\u00e9 tal si nos aseamos un poco?\u201d<\/p>\n<p style=\"text-align: justify;\">\u00bfNotan la diferencia?<\/p>\n<table class=\" alignleft\" border=\"0\" width=\"100%\" cellspacing=\"10\" cellpadding=\"10\">\n<tbody>\n<tr>\n<td style=\"text-align: center;\" width=\"30%\"><strong><img loading=\"lazy\" decoding=\"async\" class=\"size-full wp-image-45404 aligncenter\" src=\"https:\/\/webdelmaestrocmf.com\/portal\/wp-content\/uploads\/2020\/03\/2-2.jpg\" alt=\"\" width=\"200\" height=\"200\" srcset=\"https:\/\/webdelmaestrocmf.com\/portal\/wp-content\/uploads\/2020\/03\/2-2.jpg 200w, https:\/\/webdelmaestrocmf.com\/portal\/wp-content\/uploads\/2020\/03\/2-2-150x150.jpg 150w, https:\/\/webdelmaestrocmf.com\/portal\/wp-content\/uploads\/2020\/03\/2-2-80x80.jpg 80w, https:\/\/webdelmaestrocmf.com\/portal\/wp-content\/uploads\/2020\/03\/2-2-110x110.jpg 110w\" sizes=\"auto, (max-width: 200px) 100vw, 200px\" \/><\/strong><\/p>\n<p><strong>Autor: Mario Schiavelli, <\/strong>de nacionalidad Italiana.<br \/>\n<strong>Profesor de Idiomas Modernos<\/strong> (Ingl\u00e9s &#8211; Italiano &#8211; Espa\u00f1ol &#8211; Portugu\u00e9s).<br \/>\nEgresado de las universidades de Siena y Perugia, Italia.<br \/>\n<strong>Coach en Neuroeducaci\u00f3n y Comunicaci\u00f3n Interpersonal<\/strong> &#8211; (International Coach Federation -ICF- EEUU).<br \/>\n<strong>Fundador y Director de <em>GOTEACH&amp;COACH (UK),<\/em> <\/strong>un proyecto multiling\u00fce de formaci\u00f3n y educaci\u00f3n para docentes y alumnos con la finalidad de promover cambios eficientes y eficaces en el \u00e1mbito educativo mundial. A tal prop\u00f3sito, organiza, dirige y dicta conferencias, seminarios y talleres sobre Neuroeducaci\u00f3n e Inteligencia Conversacional.<br \/>\nCreador de <strong>\u00abProyecto Icarus\u00bb,<\/strong> una iniciativa de promoci\u00f3n cultural sin fines de lucro para ni\u00f1os y j\u00f3venes de \u00e1reas econ\u00f3micamente desfavorecidas a trav\u00e9s de la ense\u00f1anza de idiomas y sus culturas para as\u00ed lograr promover una nueva y m\u00e1s proactiva visi\u00f3n del Mundo.<br \/>\n<strong>Autor de \u00abEnse\u00f1ar Sin Ense\u00f1ar<\/strong> &#8211; Manual para el nuevo Educador.\u00bb<br \/>\n<strong>Autor de \u00abConversar Sin Conversar<\/strong> &#8211; El poder de las Conversaciones.\u00bb<br \/>\n<strong>Blog<\/strong>: <a href=\"http:\/\/www.nocommenteducation.blogspot.com\" target=\"_blank\" rel=\"noopener noreferrer\">nocommenteducation.blogspot.com<\/a><\/td>\n<\/tr>\n<\/tbody>\n<\/table>\n<p style=\"text-align: left;\">.<\/p>\n\t\t<div class=\"pk-inline-posts\">\n\t\t\t\n\t\t\t<div class=\"pk-inline-posts-container pk-inline-posts-template-list\"\n\t\t\t\tdata-columns=\"1\">\n\t\t\t\t\t\t<article id=\"post-51527\" class=\"post-51527 post type-post status-publish format-standard has-post-thumbnail category-colaborador category-z-colaboradores-mario-schiavelli tag-cinco tag-mario-schiavelli tag-sentidos cs-entry cs-video-wrap\">\n\t\t\t<div class=\"pk-post-outer\">\n\n\t\t\t\t\t\t\t\t<div class=\"pk-post-inner\">\n\t\t\t\t\t<div class=\"entry-thumbnail\">\n\t\t\t\t\t\t<div class=\"pk-overlay pk-overlay-ratio pk-ratio-landscape\">\n\t\t\t\t\t\t\t<div class=\"pk-overlay-background\">\n\t\t\t\t\t\t\t\t<a href=\"https:\/\/webdelmaestrocmf.com\/portal\/mario-schiavelli-los-cinco-sentidos\/\" class=\"pk-overlay-link\">\n\t\t\t\t\t\t\t\t\t<img loading=\"lazy\" decoding=\"async\" width=\"300\" height=\"225\" src=\"https:\/\/webdelmaestrocmf.com\/portal\/wp-content\/uploads\/2020\/09\/1AA-Banner-1-portada-imagen-10-1-copia-300x225.webp\" class=\"attachment-pk-thumbnail size-pk-thumbnail wp-post-image\" alt=\"\" \/>\t\t\t\t\t\t\t\t<\/a>\n\t\t\t\t\t\t\t<\/div>\n\t\t\t\t\t\t<\/div>\n\t\t\t\t\t<\/div>\n\t\t\t\t<\/div>\n\t\t\t\t\n\t\t\t\t<div class=\"pk-post-inner\">\n\t\t\t\t\t<header>\n\t\t\t\t\t\t<h3 class=\"pk-title\"><a href=\"https:\/\/webdelmaestrocmf.com\/portal\/mario-schiavelli-los-cinco-sentidos\/\" rel=\"bookmark\">Los Cinco Sentidos:  Descarga la gu\u00eda \u00abTu cerebro y los cinco sentidos\u00bb<\/a><\/h3>\t\t\t\t\t<\/header><!-- .entry-header -->\n\t\t\t\t<\/div><!-- .post-inner -->\n\n\t\t\t<\/div><!-- .post-outer -->\n\t\t<\/article>\n\t\t\t\t<\/div>\n\t\t<\/div>\n\t\t\n","protected":false},"excerpt":{"rendered":"Para todos los educadores que poseemos esa intensa pasi\u00f3n por educar y el deseo de mejorar constantemente nuestras&hellip;","protected":false},"author":1,"featured_media":55679,"comment_status":"open","ping_status":"closed","sticky":false,"template":"","format":"standard","meta":{"_jetpack_newsletter_access":"","_jetpack_dont_email_post_to_subs":false,"_jetpack_newsletter_tier_id":0,"_jetpack_memberships_contains_paywalled_content":false,"csco_display_header_overlay":false,"csco_singular_sidebar":"default","csco_page_header_type":"default","csco_page_load_nextpost":"default","csco_post_video_location":[],"csco_post_video_location_hash":"","csco_post_video_url":"","csco_post_video_bg_start_time":0,"csco_post_video_bg_end_time":0,"csco_post_video_bg_volume":false,"_jetpack_feature_clip_id":0,"_jetpack_memberships_contains_paid_content":false,"footnotes":"","jetpack_post_was_ever_published":false},"categories":[1790,4782],"tags":[1899,1578,1242,4783],"class_list":["post-55674","post","type-post","status-publish","format-standard","has-post-thumbnail","category-colaborador","category-z-colaboradores-mario-schiavelli","tag-comunicacion","tag-educador","tag-estudiante","tag-mario-schiavelli","cs-entry","cs-video-wrap"],"yoast_head":"<!-- This site is optimized with the Yoast SEO plugin v28.1 - https:\/\/yoast.com\/product\/yoast-seo-wordpress\/ -->\n<title>[Mario Schiavelli] La Comunicaci\u00f3n Educador - Estudiante - 2026<\/title>\n<meta name=\"description\" content=\"Para todos los educadores que poseemos esa intensa pasi\u00f3n por educar y el deseo de mejorar constantemente nuestras capacidades...\" \/>\n<meta name=\"robots\" content=\"index, follow, max-snippet:-1, max-image-preview:large, max-video-preview:-1\" \/>\n<link rel=\"canonical\" href=\"https:\/\/webdelmaestrocmf.com\/portal\/mario-schiavelli-la-comunicacion-educador-estudiante\/\" \/>\n<meta property=\"og:locale\" content=\"es_ES\" \/>\n<meta property=\"og:type\" content=\"article\" \/>\n<meta property=\"og:title\" content=\"[Mario Schiavelli] La Comunicaci\u00f3n Educador - Estudiante - 2026\" \/>\n<meta property=\"og:description\" content=\"Para todos los educadores que poseemos esa intensa pasi\u00f3n por educar y el deseo de mejorar constantemente nuestras capacidades...\" \/>\n<meta property=\"og:url\" content=\"https:\/\/webdelmaestrocmf.com\/portal\/mario-schiavelli-la-comunicacion-educador-estudiante\/\" \/>\n<meta property=\"og:site_name\" content=\"Web del Maestro CMF\" \/>\n<meta property=\"article:publisher\" content=\"https:\/\/www.facebook.com\/WebdelMaestroCMF\/\" \/>\n<meta property=\"article:author\" content=\"https:\/\/www.facebook.com\/WebdelMaestroCMF\/\" \/>\n<meta property=\"article:published_time\" content=\"2020-12-07T15:33:51+00:00\" \/>\n<meta property=\"article:modified_time\" content=\"2020-12-07T15:35:08+00:00\" \/>\n<meta property=\"og:image\" content=\"https:\/\/i0.wp.com\/webdelmaestrocmf.com\/portal\/wp-content\/uploads\/2020\/12\/1-copia-20.jpg?fit=1100%2C680&ssl=1\" \/>\n\t<meta property=\"og:image:width\" content=\"1100\" \/>\n\t<meta property=\"og:image:height\" content=\"680\" \/>\n\t<meta property=\"og:image:type\" content=\"image\/jpeg\" \/>\n<meta name=\"author\" content=\"Web del Maestro CMF\" \/>\n<meta name=\"twitter:card\" content=\"summary_large_image\" \/>\n<meta name=\"twitter:creator\" content=\"@cmf_w\" \/>\n<meta name=\"twitter:site\" content=\"@cmf_w\" \/>\n<script type=\"application\/ld+json\" class=\"yoast-schema-graph\">{\"@context\":\"https:\\\/\\\/schema.org\",\"@graph\":[{\"@type\":\"ScholarlyArticle\",\"@id\":\"https:\\\/\\\/webdelmaestrocmf.com\\\/portal\\\/mario-schiavelli-la-comunicacion-educador-estudiante\\\/#article\",\"isPartOf\":{\"@id\":\"https:\\\/\\\/webdelmaestrocmf.com\\\/portal\\\/mario-schiavelli-la-comunicacion-educador-estudiante\\\/\"},\"author\":{\"name\":\"Web del Maestro CMF\",\"@id\":\"https:\\\/\\\/webdelmaestrocmf.com\\\/portal\\\/#\\\/schema\\\/person\\\/1072a2ed7bd960df8ef99a551fa35dc5\"},\"headline\":\"[Mario Schiavelli] La Comunicaci\u00f3n Educador &#8211; Estudiante\",\"datePublished\":\"2020-12-07T15:33:51+00:00\",\"dateModified\":\"2020-12-07T15:35:08+00:00\",\"mainEntityOfPage\":{\"@id\":\"https:\\\/\\\/webdelmaestrocmf.com\\\/portal\\\/mario-schiavelli-la-comunicacion-educador-estudiante\\\/\"},\"wordCount\":1340,\"commentCount\":0,\"publisher\":{\"@id\":\"https:\\\/\\\/webdelmaestrocmf.com\\\/portal\\\/#organization\"},\"image\":{\"@id\":\"https:\\\/\\\/webdelmaestrocmf.com\\\/portal\\\/mario-schiavelli-la-comunicacion-educador-estudiante\\\/#primaryimage\"},\"thumbnailUrl\":\"https:\\\/\\\/webdelmaestrocmf.com\\\/portal\\\/wp-content\\\/uploads\\\/2020\\\/12\\\/1-copia-20.jpg\",\"keywords\":[\"COMUNICACI\u00d3N\",\"EDUCADOR\",\"ESTUDIANTE\",\"Mario Schiavelli\"],\"articleSection\":[\"Z-Colaboradores\",\"Z-Colaboradores-Mario-Schiavelli\"],\"inLanguage\":\"es\",\"potentialAction\":[{\"@type\":\"CommentAction\",\"name\":\"Comment\",\"target\":[\"https:\\\/\\\/webdelmaestrocmf.com\\\/portal\\\/mario-schiavelli-la-comunicacion-educador-estudiante\\\/#respond\"]}]},{\"@type\":\"WebPage\",\"@id\":\"https:\\\/\\\/webdelmaestrocmf.com\\\/portal\\\/mario-schiavelli-la-comunicacion-educador-estudiante\\\/\",\"url\":\"https:\\\/\\\/webdelmaestrocmf.com\\\/portal\\\/mario-schiavelli-la-comunicacion-educador-estudiante\\\/\",\"name\":\"[Mario Schiavelli] La Comunicaci\u00f3n Educador - Estudiante - 2026\",\"isPartOf\":{\"@id\":\"https:\\\/\\\/webdelmaestrocmf.com\\\/portal\\\/#website\"},\"primaryImageOfPage\":{\"@id\":\"https:\\\/\\\/webdelmaestrocmf.com\\\/portal\\\/mario-schiavelli-la-comunicacion-educador-estudiante\\\/#primaryimage\"},\"image\":{\"@id\":\"https:\\\/\\\/webdelmaestrocmf.com\\\/portal\\\/mario-schiavelli-la-comunicacion-educador-estudiante\\\/#primaryimage\"},\"thumbnailUrl\":\"https:\\\/\\\/webdelmaestrocmf.com\\\/portal\\\/wp-content\\\/uploads\\\/2020\\\/12\\\/1-copia-20.jpg\",\"datePublished\":\"2020-12-07T15:33:51+00:00\",\"dateModified\":\"2020-12-07T15:35:08+00:00\",\"description\":\"Para todos los educadores que poseemos esa intensa pasi\u00f3n por educar y el deseo de mejorar constantemente nuestras capacidades...\",\"breadcrumb\":{\"@id\":\"https:\\\/\\\/webdelmaestrocmf.com\\\/portal\\\/mario-schiavelli-la-comunicacion-educador-estudiante\\\/#breadcrumb\"},\"inLanguage\":\"es\",\"potentialAction\":[{\"@type\":\"ReadAction\",\"target\":[\"https:\\\/\\\/webdelmaestrocmf.com\\\/portal\\\/mario-schiavelli-la-comunicacion-educador-estudiante\\\/\"]}]},{\"@type\":\"ImageObject\",\"inLanguage\":\"es\",\"@id\":\"https:\\\/\\\/webdelmaestrocmf.com\\\/portal\\\/mario-schiavelli-la-comunicacion-educador-estudiante\\\/#primaryimage\",\"url\":\"https:\\\/\\\/webdelmaestrocmf.com\\\/portal\\\/wp-content\\\/uploads\\\/2020\\\/12\\\/1-copia-20.jpg\",\"contentUrl\":\"https:\\\/\\\/webdelmaestrocmf.com\\\/portal\\\/wp-content\\\/uploads\\\/2020\\\/12\\\/1-copia-20.jpg\",\"width\":1100,\"height\":680},{\"@type\":\"BreadcrumbList\",\"@id\":\"https:\\\/\\\/webdelmaestrocmf.com\\\/portal\\\/mario-schiavelli-la-comunicacion-educador-estudiante\\\/#breadcrumb\",\"itemListElement\":[{\"@type\":\"ListItem\",\"position\":1,\"name\":\"Portada\",\"item\":\"https:\\\/\\\/webdelmaestrocmf.com\\\/portal\\\/\"},{\"@type\":\"ListItem\",\"position\":2,\"name\":\"Z-Colaboradores\",\"item\":\"https:\\\/\\\/webdelmaestrocmf.com\\\/portal\\\/category\\\/colaborador\\\/\"},{\"@type\":\"ListItem\",\"position\":3,\"name\":\"[Mario Schiavelli] La Comunicaci\u00f3n Educador &#8211; Estudiante\"}]},{\"@type\":\"WebSite\",\"@id\":\"https:\\\/\\\/webdelmaestrocmf.com\\\/portal\\\/#website\",\"url\":\"https:\\\/\\\/webdelmaestrocmf.com\\\/portal\\\/\",\"name\":\"Web del Maestro CMF\",\"description\":\"Maestros al servicio de la educaci\u00f3n\",\"publisher\":{\"@id\":\"https:\\\/\\\/webdelmaestrocmf.com\\\/portal\\\/#organization\"},\"alternateName\":\"WMCMF\",\"potentialAction\":[{\"@type\":\"SearchAction\",\"target\":{\"@type\":\"EntryPoint\",\"urlTemplate\":\"https:\\\/\\\/webdelmaestrocmf.com\\\/portal\\\/?s={search_term_string}\"},\"query-input\":{\"@type\":\"PropertyValueSpecification\",\"valueRequired\":true,\"valueName\":\"search_term_string\"}}],\"inLanguage\":\"es\"},{\"@type\":\"Organization\",\"@id\":\"https:\\\/\\\/webdelmaestrocmf.com\\\/portal\\\/#organization\",\"name\":\"Web del Maestro CMF\",\"alternateName\":\"WMCMF\",\"url\":\"https:\\\/\\\/webdelmaestrocmf.com\\\/portal\\\/\",\"logo\":{\"@type\":\"ImageObject\",\"inLanguage\":\"es\",\"@id\":\"https:\\\/\\\/webdelmaestrocmf.com\\\/portal\\\/#\\\/schema\\\/logo\\\/image\\\/\",\"url\":\"https:\\\/\\\/webdelmaestrocmf.com\\\/portal\\\/wp-content\\\/uploads\\\/2023\\\/01\\\/logo-wmcmf-2.png\",\"contentUrl\":\"https:\\\/\\\/webdelmaestrocmf.com\\\/portal\\\/wp-content\\\/uploads\\\/2023\\\/01\\\/logo-wmcmf-2.png\",\"width\":200,\"height\":60,\"caption\":\"Web del Maestro CMF\"},\"image\":{\"@id\":\"https:\\\/\\\/webdelmaestrocmf.com\\\/portal\\\/#\\\/schema\\\/logo\\\/image\\\/\"},\"sameAs\":[\"https:\\\/\\\/www.facebook.com\\\/WebdelMaestroCMF\\\/\",\"https:\\\/\\\/x.com\\\/cmf_w\",\"https:\\\/\\\/www.pinterest.com\\\/WMCMF\\\/\",\"https:\\\/\\\/www.linkedin.com\\\/company\\\/web-del-maestro-cmf\\\/\",\"https:\\\/\\\/www.instagram.com\\\/wmcmf\\\/\",\"https:\\\/\\\/www.youtube.com\\\/channel\\\/UCDPSvjbdodE5sHnC3OxutHw\",\"https:\\\/\\\/mastodon.social\\\/@wmcmf\",\"https:\\\/\\\/www.tiktok.com\\\/@webdelmaestrocmf\"]},{\"@type\":\"Person\",\"@id\":\"https:\\\/\\\/webdelmaestrocmf.com\\\/portal\\\/#\\\/schema\\\/person\\\/1072a2ed7bd960df8ef99a551fa35dc5\",\"name\":\"Web del Maestro CMF\",\"image\":{\"@type\":\"ImageObject\",\"inLanguage\":\"es\",\"@id\":\"https:\\\/\\\/secure.gravatar.com\\\/avatar\\\/23291dd5b5ae1077dcff3dbb04c3e02bd28403fa75af6d8787d5e97c5bbbe30b?s=96&d=mm&r=g\",\"url\":\"https:\\\/\\\/secure.gravatar.com\\\/avatar\\\/23291dd5b5ae1077dcff3dbb04c3e02bd28403fa75af6d8787d5e97c5bbbe30b?s=96&d=mm&r=g\",\"contentUrl\":\"https:\\\/\\\/secure.gravatar.com\\\/avatar\\\/23291dd5b5ae1077dcff3dbb04c3e02bd28403fa75af6d8787d5e97c5bbbe30b?s=96&d=mm&r=g\",\"caption\":\"Web del Maestro CMF\"},\"description\":\"Esta Web se cre\u00f3 sin fines de lucro, con fines educativos, cient\u00edficos y acad\u00e9micos, para personas que tengan dificultades y\\\/o inconvenientes en visualizar el material original. El objetivo es entregar recursos, compartir experiencias y materiales que ayuden a los padres de familia, maestros y estudiantes en su actualizaci\u00f3n y formaci\u00f3n permanente, en bien de la Educaci\u00f3n.\",\"sameAs\":[\"http:\\\/\\\/webdelmaestrocmf.com\\\/portal\",\"https:\\\/\\\/www.facebook.com\\\/WebdelMaestroCMF\\\/\",\"https:\\\/\\\/www.instagram.com\\\/wmcmf\\\/\",\"https:\\\/\\\/cl.linkedin.com\\\/company\\\/web-del-maestro-cmf\",\"https:\\\/\\\/www.pinterest.com\\\/WMCMF\\\/publicaciones\\\/\",\"https:\\\/\\\/x.com\\\/cmf_w\",\"https:\\\/\\\/www.youtube.com\\\/@WMCMF\"]}]}<\/script>\n<!-- \/ Yoast SEO plugin. -->","yoast_head_json":{"title":"[Mario Schiavelli] La Comunicaci\u00f3n Educador - Estudiante - 2026","description":"Para todos los educadores que poseemos esa intensa pasi\u00f3n por educar y el deseo de mejorar constantemente nuestras capacidades...","robots":{"index":"index","follow":"follow","max-snippet":"max-snippet:-1","max-image-preview":"max-image-preview:large","max-video-preview":"max-video-preview:-1"},"canonical":"https:\/\/webdelmaestrocmf.com\/portal\/mario-schiavelli-la-comunicacion-educador-estudiante\/","og_locale":"es_ES","og_type":"article","og_title":"[Mario Schiavelli] La Comunicaci\u00f3n Educador - Estudiante - 2026","og_description":"Para todos los educadores que poseemos esa intensa pasi\u00f3n por educar y el deseo de mejorar constantemente nuestras capacidades...","og_url":"https:\/\/webdelmaestrocmf.com\/portal\/mario-schiavelli-la-comunicacion-educador-estudiante\/","og_site_name":"Web del Maestro CMF","article_publisher":"https:\/\/www.facebook.com\/WebdelMaestroCMF\/","article_author":"https:\/\/www.facebook.com\/WebdelMaestroCMF\/","article_published_time":"2020-12-07T15:33:51+00:00","article_modified_time":"2020-12-07T15:35:08+00:00","og_image":[{"width":1100,"height":680,"url":"https:\/\/i0.wp.com\/webdelmaestrocmf.com\/portal\/wp-content\/uploads\/2020\/12\/1-copia-20.jpg?fit=1100%2C680&ssl=1","type":"image\/jpeg"}],"author":"Web del Maestro CMF","twitter_card":"summary_large_image","twitter_creator":"@cmf_w","twitter_site":"@cmf_w","schema":{"@context":"https:\/\/schema.org","@graph":[{"@type":"ScholarlyArticle","@id":"https:\/\/webdelmaestrocmf.com\/portal\/mario-schiavelli-la-comunicacion-educador-estudiante\/#article","isPartOf":{"@id":"https:\/\/webdelmaestrocmf.com\/portal\/mario-schiavelli-la-comunicacion-educador-estudiante\/"},"author":{"name":"Web del Maestro CMF","@id":"https:\/\/webdelmaestrocmf.com\/portal\/#\/schema\/person\/1072a2ed7bd960df8ef99a551fa35dc5"},"headline":"[Mario Schiavelli] La Comunicaci\u00f3n Educador &#8211; Estudiante","datePublished":"2020-12-07T15:33:51+00:00","dateModified":"2020-12-07T15:35:08+00:00","mainEntityOfPage":{"@id":"https:\/\/webdelmaestrocmf.com\/portal\/mario-schiavelli-la-comunicacion-educador-estudiante\/"},"wordCount":1340,"commentCount":0,"publisher":{"@id":"https:\/\/webdelmaestrocmf.com\/portal\/#organization"},"image":{"@id":"https:\/\/webdelmaestrocmf.com\/portal\/mario-schiavelli-la-comunicacion-educador-estudiante\/#primaryimage"},"thumbnailUrl":"https:\/\/webdelmaestrocmf.com\/portal\/wp-content\/uploads\/2020\/12\/1-copia-20.jpg","keywords":["COMUNICACI\u00d3N","EDUCADOR","ESTUDIANTE","Mario Schiavelli"],"articleSection":["Z-Colaboradores","Z-Colaboradores-Mario-Schiavelli"],"inLanguage":"es","potentialAction":[{"@type":"CommentAction","name":"Comment","target":["https:\/\/webdelmaestrocmf.com\/portal\/mario-schiavelli-la-comunicacion-educador-estudiante\/#respond"]}]},{"@type":"WebPage","@id":"https:\/\/webdelmaestrocmf.com\/portal\/mario-schiavelli-la-comunicacion-educador-estudiante\/","url":"https:\/\/webdelmaestrocmf.com\/portal\/mario-schiavelli-la-comunicacion-educador-estudiante\/","name":"[Mario Schiavelli] La Comunicaci\u00f3n Educador - Estudiante - 2026","isPartOf":{"@id":"https:\/\/webdelmaestrocmf.com\/portal\/#website"},"primaryImageOfPage":{"@id":"https:\/\/webdelmaestrocmf.com\/portal\/mario-schiavelli-la-comunicacion-educador-estudiante\/#primaryimage"},"image":{"@id":"https:\/\/webdelmaestrocmf.com\/portal\/mario-schiavelli-la-comunicacion-educador-estudiante\/#primaryimage"},"thumbnailUrl":"https:\/\/webdelmaestrocmf.com\/portal\/wp-content\/uploads\/2020\/12\/1-copia-20.jpg","datePublished":"2020-12-07T15:33:51+00:00","dateModified":"2020-12-07T15:35:08+00:00","description":"Para todos los educadores que poseemos esa intensa pasi\u00f3n por educar y el deseo de mejorar constantemente nuestras capacidades...","breadcrumb":{"@id":"https:\/\/webdelmaestrocmf.com\/portal\/mario-schiavelli-la-comunicacion-educador-estudiante\/#breadcrumb"},"inLanguage":"es","potentialAction":[{"@type":"ReadAction","target":["https:\/\/webdelmaestrocmf.com\/portal\/mario-schiavelli-la-comunicacion-educador-estudiante\/"]}]},{"@type":"ImageObject","inLanguage":"es","@id":"https:\/\/webdelmaestrocmf.com\/portal\/mario-schiavelli-la-comunicacion-educador-estudiante\/#primaryimage","url":"https:\/\/webdelmaestrocmf.com\/portal\/wp-content\/uploads\/2020\/12\/1-copia-20.jpg","contentUrl":"https:\/\/webdelmaestrocmf.com\/portal\/wp-content\/uploads\/2020\/12\/1-copia-20.jpg","width":1100,"height":680},{"@type":"BreadcrumbList","@id":"https:\/\/webdelmaestrocmf.com\/portal\/mario-schiavelli-la-comunicacion-educador-estudiante\/#breadcrumb","itemListElement":[{"@type":"ListItem","position":1,"name":"Portada","item":"https:\/\/webdelmaestrocmf.com\/portal\/"},{"@type":"ListItem","position":2,"name":"Z-Colaboradores","item":"https:\/\/webdelmaestrocmf.com\/portal\/category\/colaborador\/"},{"@type":"ListItem","position":3,"name":"[Mario Schiavelli] La Comunicaci\u00f3n Educador &#8211; Estudiante"}]},{"@type":"WebSite","@id":"https:\/\/webdelmaestrocmf.com\/portal\/#website","url":"https:\/\/webdelmaestrocmf.com\/portal\/","name":"Web del Maestro CMF","description":"Maestros al servicio de la educaci\u00f3n","publisher":{"@id":"https:\/\/webdelmaestrocmf.com\/portal\/#organization"},"alternateName":"WMCMF","potentialAction":[{"@type":"SearchAction","target":{"@type":"EntryPoint","urlTemplate":"https:\/\/webdelmaestrocmf.com\/portal\/?s={search_term_string}"},"query-input":{"@type":"PropertyValueSpecification","valueRequired":true,"valueName":"search_term_string"}}],"inLanguage":"es"},{"@type":"Organization","@id":"https:\/\/webdelmaestrocmf.com\/portal\/#organization","name":"Web del Maestro CMF","alternateName":"WMCMF","url":"https:\/\/webdelmaestrocmf.com\/portal\/","logo":{"@type":"ImageObject","inLanguage":"es","@id":"https:\/\/webdelmaestrocmf.com\/portal\/#\/schema\/logo\/image\/","url":"https:\/\/webdelmaestrocmf.com\/portal\/wp-content\/uploads\/2023\/01\/logo-wmcmf-2.png","contentUrl":"https:\/\/webdelmaestrocmf.com\/portal\/wp-content\/uploads\/2023\/01\/logo-wmcmf-2.png","width":200,"height":60,"caption":"Web del Maestro CMF"},"image":{"@id":"https:\/\/webdelmaestrocmf.com\/portal\/#\/schema\/logo\/image\/"},"sameAs":["https:\/\/www.facebook.com\/WebdelMaestroCMF\/","https:\/\/x.com\/cmf_w","https:\/\/www.pinterest.com\/WMCMF\/","https:\/\/www.linkedin.com\/company\/web-del-maestro-cmf\/","https:\/\/www.instagram.com\/wmcmf\/","https:\/\/www.youtube.com\/channel\/UCDPSvjbdodE5sHnC3OxutHw","https:\/\/mastodon.social\/@wmcmf","https:\/\/www.tiktok.com\/@webdelmaestrocmf"]},{"@type":"Person","@id":"https:\/\/webdelmaestrocmf.com\/portal\/#\/schema\/person\/1072a2ed7bd960df8ef99a551fa35dc5","name":"Web del Maestro CMF","image":{"@type":"ImageObject","inLanguage":"es","@id":"https:\/\/secure.gravatar.com\/avatar\/23291dd5b5ae1077dcff3dbb04c3e02bd28403fa75af6d8787d5e97c5bbbe30b?s=96&d=mm&r=g","url":"https:\/\/secure.gravatar.com\/avatar\/23291dd5b5ae1077dcff3dbb04c3e02bd28403fa75af6d8787d5e97c5bbbe30b?s=96&d=mm&r=g","contentUrl":"https:\/\/secure.gravatar.com\/avatar\/23291dd5b5ae1077dcff3dbb04c3e02bd28403fa75af6d8787d5e97c5bbbe30b?s=96&d=mm&r=g","caption":"Web del Maestro CMF"},"description":"Esta Web se cre\u00f3 sin fines de lucro, con fines educativos, cient\u00edficos y acad\u00e9micos, para personas que tengan dificultades y\/o inconvenientes en visualizar el material original. El objetivo es entregar recursos, compartir experiencias y materiales que ayuden a los padres de familia, maestros y estudiantes en su actualizaci\u00f3n y formaci\u00f3n permanente, en bien de la Educaci\u00f3n.","sameAs":["http:\/\/webdelmaestrocmf.com\/portal","https:\/\/www.facebook.com\/WebdelMaestroCMF\/","https:\/\/www.instagram.com\/wmcmf\/","https:\/\/cl.linkedin.com\/company\/web-del-maestro-cmf","https:\/\/www.pinterest.com\/WMCMF\/publicaciones\/","https:\/\/x.com\/cmf_w","https:\/\/www.youtube.com\/@WMCMF"]}]}},"jetpack_featured_media_url":"https:\/\/webdelmaestrocmf.com\/portal\/wp-content\/uploads\/2020\/12\/1-copia-20.jpg","jetpack_sharing_enabled":true,"jetpack-related-posts":[{"id":52905,"url":"https:\/\/webdelmaestrocmf.com\/portal\/mario-schiavelli-la-atencion\/","url_meta":{"origin":55674,"position":0},"title":"[Mario Schiavelli] La Atencio\u0301n","author":"Web del Maestro CMF","date":"15 octubre, 2020","format":false,"excerpt":"\u201cLa atencio\u0301n es la ma\u0301s extran\u0303a y ma\u0301s pura forma de generosidad\u201d.\u00a0 SIMONE WEIL La energi\u0301a fluye hacia donde se dirige la atencio\u0301n. Nosotros los educadores debemos asegurarnos de que el estudiante este\u0301 constantemente atento. Atencio\u0301n significa enfoque, concentracio\u0301n. Un cerebro atento es capaz de recibir y asimilar todo tipo\u2026","rel":"","context":"En \u00abZ-Colaboradores\u00bb","block_context":{"text":"Z-Colaboradores","link":"https:\/\/webdelmaestrocmf.com\/portal\/category\/colaborador\/"},"img":{"alt_text":"","src":"https:\/\/i0.wp.com\/webdelmaestrocmf.com\/portal\/wp-content\/uploads\/2020\/10\/1-copia-45.jpg?resize=350%2C200&ssl=1","width":350,"height":200,"srcset":"https:\/\/i0.wp.com\/webdelmaestrocmf.com\/portal\/wp-content\/uploads\/2020\/10\/1-copia-45.jpg?resize=350%2C200&ssl=1 1x, https:\/\/i0.wp.com\/webdelmaestrocmf.com\/portal\/wp-content\/uploads\/2020\/10\/1-copia-45.jpg?resize=525%2C300&ssl=1 1.5x, https:\/\/i0.wp.com\/webdelmaestrocmf.com\/portal\/wp-content\/uploads\/2020\/10\/1-copia-45.jpg?resize=700%2C400&ssl=1 2x, https:\/\/i0.wp.com\/webdelmaestrocmf.com\/portal\/wp-content\/uploads\/2020\/10\/1-copia-45.jpg?resize=1050%2C600&ssl=1 3x"},"classes":[]},{"id":65030,"url":"https:\/\/webdelmaestrocmf.com\/portal\/mario-schiavelli-la-ensenanza-eficaz\/","url_meta":{"origin":55674,"position":1},"title":"[Mario Schiavelli] La ense\u00f1anza eficaz","author":"Web del Maestro CMF","date":"11 julio, 2021","format":false,"excerpt":"La ense\u00f1anza eficaz es el resultado de una combinaci\u00f3n de muchos factores, pero el n\u00facleo es el Educador con sus aspectos de fondo y forma para comunicar e interactuar con los dem\u00e1s, as\u00ed como la ense\u00f1anza de las pr\u00e1cticas espec\u00edficas. Para averiguar lo que hace a un buen Educador, he\u2026","rel":"","context":"En \u00abZ-Colaboradores\u00bb","block_context":{"text":"Z-Colaboradores","link":"https:\/\/webdelmaestrocmf.com\/portal\/category\/colaborador\/"},"img":{"alt_text":"","src":"https:\/\/i0.wp.com\/webdelmaestrocmf.com\/portal\/wp-content\/uploads\/2021\/07\/1-31.jpg?resize=350%2C200&ssl=1","width":350,"height":200,"srcset":"https:\/\/i0.wp.com\/webdelmaestrocmf.com\/portal\/wp-content\/uploads\/2021\/07\/1-31.jpg?resize=350%2C200&ssl=1 1x, https:\/\/i0.wp.com\/webdelmaestrocmf.com\/portal\/wp-content\/uploads\/2021\/07\/1-31.jpg?resize=525%2C300&ssl=1 1.5x, https:\/\/i0.wp.com\/webdelmaestrocmf.com\/portal\/wp-content\/uploads\/2021\/07\/1-31.jpg?resize=700%2C400&ssl=1 2x, https:\/\/i0.wp.com\/webdelmaestrocmf.com\/portal\/wp-content\/uploads\/2021\/07\/1-31.jpg?resize=1050%2C600&ssl=1 3x"},"classes":[]},{"id":62008,"url":"https:\/\/webdelmaestrocmf.com\/portal\/mario-schiavelli-el-nuevo-educador\/","url_meta":{"origin":55674,"position":2},"title":"[Mario Schiavelli] El \u201cnuevo\u201d educador","author":"Web del Maestro CMF","date":"21 abril, 2021","format":false,"excerpt":"\u201cUn jardinero que riega semillas y espera que broten\u201d. La ense\u00f1anza debe superar las fronteras de la simple transferencia de informaci\u00f3n. Si queremos ser \u201cNuevos\u201d Educadores, debemos lograr ser estimuladores multisensoriales. Debemos ser tambi\u00e9n actores, mimos, bufones, comunicadores, psic\u00f3logos, difusores de sentimientos, de sensaciones. Capaces de despertar en el estudiante\u2026","rel":"","context":"En \u00abZ-Colaboradores\u00bb","block_context":{"text":"Z-Colaboradores","link":"https:\/\/webdelmaestrocmf.com\/portal\/category\/colaborador\/"},"img":{"alt_text":"","src":"https:\/\/i0.wp.com\/webdelmaestrocmf.com\/portal\/wp-content\/uploads\/2021\/04\/1-copia-12.jpg?resize=350%2C200&ssl=1","width":350,"height":200,"srcset":"https:\/\/i0.wp.com\/webdelmaestrocmf.com\/portal\/wp-content\/uploads\/2021\/04\/1-copia-12.jpg?resize=350%2C200&ssl=1 1x, https:\/\/i0.wp.com\/webdelmaestrocmf.com\/portal\/wp-content\/uploads\/2021\/04\/1-copia-12.jpg?resize=525%2C300&ssl=1 1.5x, https:\/\/i0.wp.com\/webdelmaestrocmf.com\/portal\/wp-content\/uploads\/2021\/04\/1-copia-12.jpg?resize=700%2C400&ssl=1 2x, https:\/\/i0.wp.com\/webdelmaestrocmf.com\/portal\/wp-content\/uploads\/2021\/04\/1-copia-12.jpg?resize=1050%2C600&ssl=1 3x"},"classes":[]},{"id":72612,"url":"https:\/\/webdelmaestrocmf.com\/portal\/mario-schiavelli-el-nuevo-estudiante\/","url_meta":{"origin":55674,"position":3},"title":"[Mario Schiavelli] El \u201cnuevo\u201d estudiante","author":"Web del Maestro CMF","date":"3 enero, 2022","format":false,"excerpt":"Como \u201cnuevos\u201d Educadores, formaremos \u201cnuevos\u201d Estudiantes. Seres humanos que a trav\u00e9s del placer y la emoci\u00f3n de aprender y formarse, ser\u00e1n personas m\u00e1s felices y m\u00e1s satisfechas. Son los verdaderos protagonistas del proceso de formaci\u00f3n. Sienten confianza en sus educadores y en s\u00ed mismos. Se sienten tranquilos, no presionados Asumen\u2026","rel":"","context":"En \u00abZ-Colaboradores\u00bb","block_context":{"text":"Z-Colaboradores","link":"https:\/\/webdelmaestrocmf.com\/portal\/category\/colaborador\/"},"img":{"alt_text":"","src":"https:\/\/i0.wp.com\/webdelmaestrocmf.com\/portal\/wp-content\/uploads\/2022\/01\/1-5.jpg?resize=350%2C200&ssl=1","width":350,"height":200,"srcset":"https:\/\/i0.wp.com\/webdelmaestrocmf.com\/portal\/wp-content\/uploads\/2022\/01\/1-5.jpg?resize=350%2C200&ssl=1 1x, https:\/\/i0.wp.com\/webdelmaestrocmf.com\/portal\/wp-content\/uploads\/2022\/01\/1-5.jpg?resize=525%2C300&ssl=1 1.5x, https:\/\/i0.wp.com\/webdelmaestrocmf.com\/portal\/wp-content\/uploads\/2022\/01\/1-5.jpg?resize=700%2C400&ssl=1 2x, https:\/\/i0.wp.com\/webdelmaestrocmf.com\/portal\/wp-content\/uploads\/2022\/01\/1-5.jpg?resize=1050%2C600&ssl=1 3x"},"classes":[]},{"id":71958,"url":"https:\/\/webdelmaestrocmf.com\/portal\/mario-schiavelli-input-emocionales\/","url_meta":{"origin":55674,"position":4},"title":"[Mario Schiavelli] Input Emocionales","author":"Web del Maestro CMF","date":"13 diciembre, 2021","format":false,"excerpt":"\u201cUn Educador y sus estudiantes deben sentirse a gusto, serenos y contentos\u201d. Un cerebro con ansiedad, miedo, depresi\u00f3n, inseguridad, cansancio, no est\u00e1 motivado, no funciona, no focaliza, no presta atenci\u00f3n, no memoriza. \u00a1No aprende! Un buen Educador debe transmitir Input Emocionales para lograr esa condici\u00f3n en su aula. Docente cinco\u2026","rel":"","context":"En \u00abZ-Colaboradores\u00bb","block_context":{"text":"Z-Colaboradores","link":"https:\/\/webdelmaestrocmf.com\/portal\/category\/colaborador\/"},"img":{"alt_text":"","src":"https:\/\/i0.wp.com\/webdelmaestrocmf.com\/portal\/wp-content\/uploads\/2021\/12\/1-21.jpg?resize=350%2C200&ssl=1","width":350,"height":200,"srcset":"https:\/\/i0.wp.com\/webdelmaestrocmf.com\/portal\/wp-content\/uploads\/2021\/12\/1-21.jpg?resize=350%2C200&ssl=1 1x, https:\/\/i0.wp.com\/webdelmaestrocmf.com\/portal\/wp-content\/uploads\/2021\/12\/1-21.jpg?resize=525%2C300&ssl=1 1.5x, https:\/\/i0.wp.com\/webdelmaestrocmf.com\/portal\/wp-content\/uploads\/2021\/12\/1-21.jpg?resize=700%2C400&ssl=1 2x, https:\/\/i0.wp.com\/webdelmaestrocmf.com\/portal\/wp-content\/uploads\/2021\/12\/1-21.jpg?resize=1050%2C600&ssl=1 3x"},"classes":[]},{"id":57651,"url":"https:\/\/webdelmaestrocmf.com\/portal\/mario-schiavelli-las-pausas\/","url_meta":{"origin":55674,"position":5},"title":"[Mario Schiavelli] Las Pausas","author":"Web del Maestro CMF","date":"14 enero, 2021","format":false,"excerpt":"\u201cNunca olvides el poder del silencio...\u201d. (LANCE MORROW) No hay dos cerebros iguales, y la velocidad con la cual \u00e9stos procesan informaci\u00f3n var\u00eda de estudiante a estudiante. En la misma aula tendremos alumnos que siempre levantar\u00e1n la mano primero, pero tambi\u00e9n tendremos alumnos que necesitar\u00e1n m\u00e1s tiempo para procesar la\u2026","rel":"","context":"En \u00abZ-Colaboradores\u00bb","block_context":{"text":"Z-Colaboradores","link":"https:\/\/webdelmaestrocmf.com\/portal\/category\/colaborador\/"},"img":{"alt_text":"","src":"https:\/\/i0.wp.com\/webdelmaestrocmf.com\/portal\/wp-content\/uploads\/2021\/01\/1-copia-91.jpg?resize=350%2C200&ssl=1","width":350,"height":200,"srcset":"https:\/\/i0.wp.com\/webdelmaestrocmf.com\/portal\/wp-content\/uploads\/2021\/01\/1-copia-91.jpg?resize=350%2C200&ssl=1 1x, https:\/\/i0.wp.com\/webdelmaestrocmf.com\/portal\/wp-content\/uploads\/2021\/01\/1-copia-91.jpg?resize=525%2C300&ssl=1 1.5x, https:\/\/i0.wp.com\/webdelmaestrocmf.com\/portal\/wp-content\/uploads\/2021\/01\/1-copia-91.jpg?resize=700%2C400&ssl=1 2x, https:\/\/i0.wp.com\/webdelmaestrocmf.com\/portal\/wp-content\/uploads\/2021\/01\/1-copia-91.jpg?resize=1050%2C600&ssl=1 3x"},"classes":[]}],"_links":{"self":[{"href":"https:\/\/webdelmaestrocmf.com\/portal\/wp-json\/wp\/v2\/posts\/55674","targetHints":{"allow":["GET"]}}],"collection":[{"href":"https:\/\/webdelmaestrocmf.com\/portal\/wp-json\/wp\/v2\/posts"}],"about":[{"href":"https:\/\/webdelmaestrocmf.com\/portal\/wp-json\/wp\/v2\/types\/post"}],"author":[{"embeddable":true,"href":"https:\/\/webdelmaestrocmf.com\/portal\/wp-json\/wp\/v2\/users\/1"}],"replies":[{"embeddable":true,"href":"https:\/\/webdelmaestrocmf.com\/portal\/wp-json\/wp\/v2\/comments?post=55674"}],"version-history":[{"count":0,"href":"https:\/\/webdelmaestrocmf.com\/portal\/wp-json\/wp\/v2\/posts\/55674\/revisions"}],"wp:featuredmedia":[{"embeddable":true,"href":"https:\/\/webdelmaestrocmf.com\/portal\/wp-json\/wp\/v2\/media\/55679"}],"wp:attachment":[{"href":"https:\/\/webdelmaestrocmf.com\/portal\/wp-json\/wp\/v2\/media?parent=55674"}],"wp:term":[{"taxonomy":"category","embeddable":true,"href":"https:\/\/webdelmaestrocmf.com\/portal\/wp-json\/wp\/v2\/categories?post=55674"},{"taxonomy":"post_tag","embeddable":true,"href":"https:\/\/webdelmaestrocmf.com\/portal\/wp-json\/wp\/v2\/tags?post=55674"}],"curies":[{"name":"wp","href":"https:\/\/api.w.org\/{rel}","templated":true}]}}