{"id":55517,"date":"2020-12-03T15:29:21","date_gmt":"2020-12-03T18:29:21","guid":{"rendered":"https:\/\/webdelmaestrocmf.com\/portal\/?p=55517"},"modified":"2026-01-22T16:07:14","modified_gmt":"2026-01-22T19:07:14","slug":"doctoranytime-los-mejores-alimentos-para-aumentar-la-concentracion","status":"publish","type":"post","link":"https:\/\/webdelmaestrocmf.com\/portal\/doctoranytime-los-mejores-alimentos-para-aumentar-la-concentracion\/","title":{"rendered":"[Doctoranytime] Los mejores alimentos para aumentar la concentraci\u00f3n"},"content":{"rendered":"\n<p>\u00bfAlguna vez se ha detenido a pensar que la alimentaci\u00f3n es una clave importante para aumentar la concentraci\u00f3n? El cerebro humano es graso, las conexiones nerviosas que se encuentran en \u00e9l necesitan vitaminas (principalmente del grupo B), amino\u00e1cidos y minerales. Por lo que los alimentos ricos en nutrientes, grasas (saludables) y carbohidratos son esenciales.<\/p>\n\n\n\n<h3 class=\"wp-block-heading\"><strong>Concentraci\u00f3n y memori<\/strong><\/h3>\n\n\n\n<p>El cerebro obtiene su energ\u00eda de la glucosa, la cual se obtiene mediante los alimentos. Por ello, debemos conocer los alimentos esenciales que debemos consumir. Por ejemplo, alimentos ricos en az\u00facares pueden desequilibrar la energ\u00eda del cerebro.<\/p>\n\n\n\n<p>Adem\u00e1s de beneficiar el aumento de concentraci\u00f3n, la alimentaci\u00f3n tambi\u00e9n ayuda con la memoria. Tener una buena memoria depende de la conexi\u00f3n entre las c\u00e9lulas cerebrales y la salud.<\/p>\n\n\n\n<h3 class=\"wp-block-heading\"><strong>Alimentos que ayudan a aumentar la concentraci\u00f3n<\/strong><\/h3>\n\n\n\n<p>Una dieta saludable evitar\u00e1 falta de concentraci\u00f3n, memoria y como plus, el aumento de peso. La alimentaci\u00f3n es una base esencial para mantener una buena salud. Algunos alimentos incluyen:<\/p>\n\n\n\n<h3 class=\"wp-block-heading\"><strong>Lentejas<\/strong><\/h3>\n\n\n\n<p>Las lentejas son parte del grupo de legumbres, son ricas en minerales, fibra y prote\u00ednas. Tambi\u00e9n contienen hierro y zinc, los minerales que se encargan de prevenir el cansancio f\u00edsico y mental. Se recomienda su ingesta al menos 3 veces por semana.<\/p>\n\n\n\n<h3 class=\"wp-block-heading\"><strong>Aguacate<\/strong><\/h3>\n\n\n\n<p><strong>&nbsp;<\/strong>El aguacate es esencial para favorecer la comunicaci\u00f3n neuronal. Este alimento es destacado por su alto contenido en vitamina E, y sus propiedades antioxidantes que ayudan a prevenir el envejecimiento y deterioro de la salud. Los antioxidantes mantienen el cerebro en forma.<\/p>\n\n\n\n<figure class=\"wp-block-image\"><a href=\"https:\/\/webdelmaestrocmf.com\/portal\/wp-content\/uploads\/2020\/12\/1-6.jpg\"><img loading=\"lazy\" decoding=\"async\" width=\"2100\" height=\"1275\" src=\"https:\/\/webdelmaestrocmf.com\/portal\/wp-content\/uploads\/2020\/12\/1-6.jpg\" alt=\"\" class=\"wp-image-55518\" srcset=\"https:\/\/webdelmaestrocmf.com\/portal\/wp-content\/uploads\/2020\/12\/1-6.jpg 2100w, https:\/\/webdelmaestrocmf.com\/portal\/wp-content\/uploads\/2020\/12\/1-6-300x182.jpg 300w, https:\/\/webdelmaestrocmf.com\/portal\/wp-content\/uploads\/2020\/12\/1-6-1024x622.jpg 1024w, https:\/\/webdelmaestrocmf.com\/portal\/wp-content\/uploads\/2020\/12\/1-6-768x466.jpg 768w, https:\/\/webdelmaestrocmf.com\/portal\/wp-content\/uploads\/2020\/12\/1-6-1536x933.jpg 1536w, https:\/\/webdelmaestrocmf.com\/portal\/wp-content\/uploads\/2020\/12\/1-6-2048x1243.jpg 2048w, https:\/\/webdelmaestrocmf.com\/portal\/wp-content\/uploads\/2020\/12\/1-6-110x67.jpg 110w, https:\/\/webdelmaestrocmf.com\/portal\/wp-content\/uploads\/2020\/12\/1-6-200x121.jpg 200w, https:\/\/webdelmaestrocmf.com\/portal\/wp-content\/uploads\/2020\/12\/1-6-380x231.jpg 380w, https:\/\/webdelmaestrocmf.com\/portal\/wp-content\/uploads\/2020\/12\/1-6-255x155.jpg 255w, https:\/\/webdelmaestrocmf.com\/portal\/wp-content\/uploads\/2020\/12\/1-6-550x334.jpg 550w, https:\/\/webdelmaestrocmf.com\/portal\/wp-content\/uploads\/2020\/12\/1-6-800x486.jpg 800w, https:\/\/webdelmaestrocmf.com\/portal\/wp-content\/uploads\/2020\/12\/1-6-1160x704.jpg 1160w, https:\/\/webdelmaestrocmf.com\/portal\/wp-content\/uploads\/2020\/12\/1-6-220x134.jpg 220w, https:\/\/webdelmaestrocmf.com\/portal\/wp-content\/uploads\/2020\/12\/1-6-400x243.jpg 400w, https:\/\/webdelmaestrocmf.com\/portal\/wp-content\/uploads\/2020\/12\/1-6-760x461.jpg 760w, https:\/\/webdelmaestrocmf.com\/portal\/wp-content\/uploads\/2020\/12\/1-6-510x310.jpg 510w, https:\/\/webdelmaestrocmf.com\/portal\/wp-content\/uploads\/2020\/12\/1-6-600x364.jpg 600w, https:\/\/webdelmaestrocmf.com\/portal\/wp-content\/uploads\/2020\/12\/1-6-1100x668.jpg 1100w, https:\/\/webdelmaestrocmf.com\/portal\/wp-content\/uploads\/2020\/12\/1-6-1600x971.jpg 1600w\" sizes=\"auto, (max-width: 2100px) 100vw, 2100px\" \/><\/a><\/figure>\n\n\n\n<h3 class=\"wp-block-heading\"><strong>Frutos secos<\/strong><\/h3>\n\n\n\n<p>Los frutos secos aportan vitaminas del grupo B, vitamina E, magnesio y f\u00f3sforo. Elementos importantes para la salud cerebrovascular. Adem\u00e1s de ser ricos en antioxidantes.<\/p>\n\n\n\n<h3 class=\"wp-block-heading\"><strong>Verdura<\/strong><\/h3>\n\n\n\n<p>Las verduras, especialmente las verdes contienen vitaminas A y B, y antioxidantes que adem\u00e1s de ayudar con la concentraci\u00f3n, benefician el buen funcionamiento de la memoria. Se recomienda su ingesta al menos 2 veces al d\u00eda, alternando entre sus variedades y al vapor o crudas. De esta forma se podr\u00e1n aprovechar m\u00e1s sus nutrientes.<\/p>\n\n\n\n<h3 class=\"wp-block-heading\"><strong>Frutas<\/strong><\/h3>\n\n\n\n<p>Tanto los frutos rojos como la manzana y el pl\u00e1tano son elementos esenciales para el cerebro. Los frutos rojos son una fuente de \u00e1cido f\u00f3lico, minerales, antioxidantes y vitamina C, al igual que la manzana. Todos estos nutrientes ayudan a generar una memoria sana. Mientras que el pl\u00e1tano es rico en magnesio, potasio, tript\u00f3fano (amino\u00e1cido) y vitamina C, elementos importantes para la memoria y el cerebro.<\/p>\n\n\n\n<p>Como hemos visto, la alimentaci\u00f3n es la base fundamental para casi todo en nuestro cuerpo. Previene enfermedades mientras ayuda al sistema inmunol\u00f3gico y aporta nutrientes cerebrovasculares. Adem\u00e1s de mantener un peso ideal, otro beneficio importante para la salud. Sin embargo, tambi\u00e9n es recomendable <a href=\"https:\/\/www.doctoranytime.mx\/s\/nutricionista\/ciudad-de-mexico\">consultar a un especialista<\/a> como un nutricionista para poder realizar una dieta espec\u00edfica con base en las necesidades corporales de cada persona.<\/p>\n\n\n\n<h3 class=\"wp-block-heading\">Referencias:<\/h3>\n\n\n\n<ol class=\"wp-block-list\">\n<li><a href=\"https:\/\/www.muyinteresante.es\/salud\/articulo\/5-alimentos-buenos-para-la-memoria-671452606192\">Muy interesante <\/a><\/li>\n\n\n\n<li><a href=\"https:\/\/www.cuerpomente.com\/alimentacion\/dieta-terapeutica\/alimentos-cerebro-mejoran-concentracion_1492\/1%7D\">Cuerpomente <\/a><\/li>\n<\/ol>\n\n\n\n<p>Con la colaboraci\u00f3n de <a href=\"https:\/\/www.doctoranytime.mx\/d\/nutricionista\/liliana-ramirez-munoz\">Liliana Ram\u00edrez Mu\u00f1oz<\/a>, nutricionista egresada de la Universidad Tecnol\u00f3gica de M\u00e9xico en 2015. &nbsp;Cuenta con 4 a\u00f1os de experiencia m\u00e9dica y su especialidad es el Control del peso, Enfermedades Cr\u00f3nico-Degenerativas, Plan de alimentaci\u00f3n personalizado, Dieta Cetog\u00e9nica. y Educaci\u00f3n Nutricional.<\/p>\n\n\n\t\t<div class=\"pk-inline-posts\">\n\t\t\t\n\t\t\t<div class=\"pk-inline-posts-container pk-inline-posts-template-list\"\n\t\t\t\tdata-columns=\"1\">\n\t\t\t\t\t\t<article id=\"post-63374\" class=\"post-63374 post type-post status-publish format-standard has-post-thumbnail category-colaborador category-z-colaboradores-doctoranytime tag-consejos tag-desarrolla tag-doctoranytime tag-memoria-f tag-otografica cs-entry cs-video-wrap\">\n\t\t\t<div class=\"pk-post-outer\">\n\n\t\t\t\t\t\t\t\t<div class=\"pk-post-inner\">\n\t\t\t\t\t<div class=\"entry-thumbnail\">\n\t\t\t\t\t\t<div class=\"pk-overlay pk-overlay-ratio pk-ratio-landscape\">\n\t\t\t\t\t\t\t<div class=\"pk-overlay-background\">\n\t\t\t\t\t\t\t\t<a href=\"https:\/\/webdelmaestrocmf.com\/portal\/doctoranytime-desarrolla-la-memoria-fotografica-con-estos-consejos\/\" class=\"pk-overlay-link\">\n\t\t\t\t\t\t\t\t\t<img loading=\"lazy\" decoding=\"async\" width=\"300\" height=\"225\" src=\"https:\/\/webdelmaestrocmf.com\/portal\/wp-content\/uploads\/2021\/05\/1-copia-33-300x225.jpg\" class=\"attachment-pk-thumbnail size-pk-thumbnail wp-post-image\" alt=\"\" srcset=\"https:\/\/webdelmaestrocmf.com\/portal\/wp-content\/uploads\/2021\/05\/1-copia-33-300x225.jpg 300w, https:\/\/webdelmaestrocmf.com\/portal\/wp-content\/uploads\/2021\/05\/1-copia-33-600x450.jpg 600w\" sizes=\"auto, (max-width: 300px) 100vw, 300px\" \/>\t\t\t\t\t\t\t\t<\/a>\n\t\t\t\t\t\t\t<\/div>\n\t\t\t\t\t\t<\/div>\n\t\t\t\t\t<\/div>\n\t\t\t\t<\/div>\n\t\t\t\t\n\t\t\t\t<div class=\"pk-post-inner\">\n\t\t\t\t\t<header>\n\t\t\t\t\t\t<h3 class=\"pk-title\"><a href=\"https:\/\/webdelmaestrocmf.com\/portal\/doctoranytime-desarrolla-la-memoria-fotografica-con-estos-consejos\/\" rel=\"bookmark\">[Doctoranytime] Desarrolla la memoria fotogr\u00e1fica con estos consejos<\/a><\/h3>\t\t\t\t\t<\/header><!-- .entry-header -->\n\t\t\t\t<\/div><!-- .post-inner -->\n\n\t\t\t<\/div><!-- .post-outer -->\n\t\t<\/article>\n\t\t\t<article id=\"post-63114\" class=\"post-63114 post type-post status-publish format-standard has-post-thumbnail category-colaborador category-z-colaboradores-doctoranytime tag-depresion tag-doctoranytim tag-identificar tag-ninos cs-entry cs-video-wrap\">\n\t\t\t<div class=\"pk-post-outer\">\n\n\t\t\t\t\t\t\t\t<div class=\"pk-post-inner\">\n\t\t\t\t\t<div class=\"entry-thumbnail\">\n\t\t\t\t\t\t<div class=\"pk-overlay pk-overlay-ratio pk-ratio-landscape\">\n\t\t\t\t\t\t\t<div class=\"pk-overlay-background\">\n\t\t\t\t\t\t\t\t<a href=\"https:\/\/webdelmaestrocmf.com\/portal\/doctoranytime-como-identificar-la-depresion-en-ninos\/\" class=\"pk-overlay-link\">\n\t\t\t\t\t\t\t\t\t<img loading=\"lazy\" decoding=\"async\" width=\"300\" height=\"225\" src=\"https:\/\/webdelmaestrocmf.com\/portal\/wp-content\/uploads\/2021\/05\/1-copia-23-300x225.jpg\" class=\"attachment-pk-thumbnail size-pk-thumbnail wp-post-image\" alt=\"\" srcset=\"https:\/\/webdelmaestrocmf.com\/portal\/wp-content\/uploads\/2021\/05\/1-copia-23-300x225.jpg 300w, https:\/\/webdelmaestrocmf.com\/portal\/wp-content\/uploads\/2021\/05\/1-copia-23-600x450.jpg 600w\" sizes=\"auto, (max-width: 300px) 100vw, 300px\" \/>\t\t\t\t\t\t\t\t<\/a>\n\t\t\t\t\t\t\t<\/div>\n\t\t\t\t\t\t<\/div>\n\t\t\t\t\t<\/div>\n\t\t\t\t<\/div>\n\t\t\t\t\n\t\t\t\t<div class=\"pk-post-inner\">\n\t\t\t\t\t<header>\n\t\t\t\t\t\t<h3 class=\"pk-title\"><a href=\"https:\/\/webdelmaestrocmf.com\/portal\/doctoranytime-como-identificar-la-depresion-en-ninos\/\" rel=\"bookmark\">[Doctoranytime] \u00bfC\u00f3mo identificar la depresi\u00f3n en ni\u00f1os?<\/a><\/h3>\t\t\t\t\t<\/header><!-- .entry-header -->\n\t\t\t\t<\/div><!-- .post-inner -->\n\n\t\t\t<\/div><!-- .post-outer -->\n\t\t<\/article>\n\t\t\t<article id=\"post-62813\" class=\"post-62813 post type-post status-publish format-standard has-post-thumbnail category-colaborador category-z-colaboradores-doctoranytime tag-cabeza tag-cefalea tag-dolor tag-estres tag-generado cs-entry cs-video-wrap\">\n\t\t\t<div class=\"pk-post-outer\">\n\n\t\t\t\t\t\t\t\t<div class=\"pk-post-inner\">\n\t\t\t\t\t<div class=\"entry-thumbnail\">\n\t\t\t\t\t\t<div class=\"pk-overlay pk-overlay-ratio pk-ratio-landscape\">\n\t\t\t\t\t\t\t<div class=\"pk-overlay-background\">\n\t\t\t\t\t\t\t\t<a href=\"https:\/\/webdelmaestrocmf.com\/portal\/doctoranytime-evita-el-dolor-de-cabeza-cefalea-generado-por-estres\/\" class=\"pk-overlay-link\">\n\t\t\t\t\t\t\t\t\t<img loading=\"lazy\" decoding=\"async\" width=\"300\" height=\"225\" src=\"https:\/\/webdelmaestrocmf.com\/portal\/wp-content\/uploads\/2021\/05\/1-copia-10-300x225.jpg\" class=\"attachment-pk-thumbnail size-pk-thumbnail wp-post-image\" alt=\"\" srcset=\"https:\/\/webdelmaestrocmf.com\/portal\/wp-content\/uploads\/2021\/05\/1-copia-10-300x225.jpg 300w, https:\/\/webdelmaestrocmf.com\/portal\/wp-content\/uploads\/2021\/05\/1-copia-10-600x450.jpg 600w\" sizes=\"auto, (max-width: 300px) 100vw, 300px\" \/>\t\t\t\t\t\t\t\t<\/a>\n\t\t\t\t\t\t\t<\/div>\n\t\t\t\t\t\t<\/div>\n\t\t\t\t\t<\/div>\n\t\t\t\t<\/div>\n\t\t\t\t\n\t\t\t\t<div class=\"pk-post-inner\">\n\t\t\t\t\t<header>\n\t\t\t\t\t\t<h3 class=\"pk-title\"><a href=\"https:\/\/webdelmaestrocmf.com\/portal\/doctoranytime-evita-el-dolor-de-cabeza-cefalea-generado-por-estres\/\" rel=\"bookmark\">[Doctoranytime] Evita el dolor de cabeza (cefalea) generado por estr\u00e9s<\/a><\/h3>\t\t\t\t\t<\/header><!-- .entry-header -->\n\t\t\t\t<\/div><!-- .post-inner -->\n\n\t\t\t<\/div><!-- .post-outer -->\n\t\t<\/article>\n\t\t\t\t<\/div>\n\t\t<\/div>\n\t\t\n","protected":false},"excerpt":{"rendered":"\u00bfAlguna vez se ha detenido a pensar que la alimentaci\u00f3n es una clave importante para aumentar la concentraci\u00f3n?&hellip;","protected":false},"author":1,"featured_media":114940,"comment_status":"open","ping_status":"closed","sticky":false,"template":"","format":"standard","meta":{"csco_display_header_overlay":false,"csco_singular_sidebar":"default","csco_page_header_type":"default","csco_page_load_nextpost":"default","csco_post_video_location":[],"csco_post_video_location_hash":"","csco_post_video_url":"","csco_post_video_bg_start_time":0,"csco_post_video_bg_end_time":0,"csco_post_video_bg_volume":false,"_jetpack_memberships_contains_paid_content":false,"footnotes":""},"categories":[1790,5824],"tags":[6150,6151,3041,5899,1462],"class_list":{"0":"post-55517","1":"post","2":"type-post","3":"status-publish","4":"format-standard","5":"has-post-thumbnail","7":"category-colaborador","8":"category-z-colaboradores-doctoranytime","9":"tag-alimentos","10":"tag-aumentar","11":"tag-concentracion","12":"tag-doctoranytime","13":"tag-mejores","14":"cs-entry","15":"cs-video-wrap"},"yoast_head":"<!-- This site is optimized with the Yoast SEO plugin v27.5 - https:\/\/yoast.com\/product\/yoast-seo-wordpress\/ -->\n<title>[Doctoranytime] Los mejores alimentos para aumentar la concentraci\u00f3n - 2026<\/title>\n<meta name=\"description\" content=\"\u00bfAlguna vez se ha detenido a pensar que la alimentaci\u00f3n es una clave importante para aumentar la concentraci\u00f3n? El cerebro...\" \/>\n<meta name=\"robots\" content=\"index, follow, max-snippet:-1, max-image-preview:large, max-video-preview:-1\" \/>\n<link rel=\"canonical\" href=\"https:\/\/webdelmaestrocmf.com\/portal\/doctoranytime-los-mejores-alimentos-para-aumentar-la-concentracion\/\" \/>\n<meta property=\"og:locale\" content=\"es_ES\" \/>\n<meta property=\"og:type\" content=\"article\" \/>\n<meta property=\"og:title\" content=\"[Doctoranytime] Los mejores alimentos para aumentar la concentraci\u00f3n - 2026\" \/>\n<meta property=\"og:description\" content=\"\u00bfAlguna vez se ha detenido a pensar que la alimentaci\u00f3n es una clave importante para aumentar la concentraci\u00f3n? El cerebro...\" \/>\n<meta property=\"og:url\" content=\"https:\/\/webdelmaestrocmf.com\/portal\/doctoranytime-los-mejores-alimentos-para-aumentar-la-concentracion\/\" \/>\n<meta property=\"og:site_name\" content=\"Web del Maestro CMF\" \/>\n<meta property=\"article:publisher\" content=\"https:\/\/www.facebook.com\/WebdelMaestroCMF\/\" \/>\n<meta property=\"article:author\" content=\"https:\/\/www.facebook.com\/WebdelMaestroCMF\/\" \/>\n<meta property=\"article:published_time\" content=\"2020-12-03T18:29:21+00:00\" \/>\n<meta property=\"article:modified_time\" content=\"2026-01-22T19:07:14+00:00\" \/>\n<meta property=\"og:image\" content=\"https:\/\/webdelmaestrocmf.com\/portal\/wp-content\/uploads\/2020\/12\/1A-Banner-1-portada-imagen-10-1-copia-3.webp\" \/>\n\t<meta property=\"og:image:width\" content=\"1000\" \/>\n\t<meta property=\"og:image:height\" content=\"667\" \/>\n\t<meta property=\"og:image:type\" content=\"image\/webp\" \/>\n<meta name=\"author\" content=\"Web del Maestro CMF\" \/>\n<meta name=\"twitter:card\" content=\"summary_large_image\" \/>\n<meta name=\"twitter:creator\" content=\"@cmf_w\" \/>\n<meta name=\"twitter:site\" content=\"@cmf_w\" \/>\n<script type=\"application\/ld+json\" class=\"yoast-schema-graph\">{\"@context\":\"https:\\\/\\\/schema.org\",\"@graph\":[{\"@type\":\"ScholarlyArticle\",\"@id\":\"https:\\\/\\\/webdelmaestrocmf.com\\\/portal\\\/doctoranytime-los-mejores-alimentos-para-aumentar-la-concentracion\\\/#article\",\"isPartOf\":{\"@id\":\"https:\\\/\\\/webdelmaestrocmf.com\\\/portal\\\/doctoranytime-los-mejores-alimentos-para-aumentar-la-concentracion\\\/\"},\"author\":{\"name\":\"Web del Maestro CMF\",\"@id\":\"https:\\\/\\\/webdelmaestrocmf.com\\\/portal\\\/#\\\/schema\\\/person\\\/1072a2ed7bd960df8ef99a551fa35dc5\"},\"headline\":\"[Doctoranytime] Los mejores alimentos para aumentar la concentraci\u00f3n\",\"datePublished\":\"2020-12-03T18:29:21+00:00\",\"dateModified\":\"2026-01-22T19:07:14+00:00\",\"mainEntityOfPage\":{\"@id\":\"https:\\\/\\\/webdelmaestrocmf.com\\\/portal\\\/doctoranytime-los-mejores-alimentos-para-aumentar-la-concentracion\\\/\"},\"wordCount\":564,\"commentCount\":0,\"publisher\":{\"@id\":\"https:\\\/\\\/webdelmaestrocmf.com\\\/portal\\\/#organization\"},\"image\":{\"@id\":\"https:\\\/\\\/webdelmaestrocmf.com\\\/portal\\\/doctoranytime-los-mejores-alimentos-para-aumentar-la-concentracion\\\/#primaryimage\"},\"thumbnailUrl\":\"https:\\\/\\\/webdelmaestrocmf.com\\\/portal\\\/wp-content\\\/uploads\\\/2020\\\/12\\\/1A-Banner-1-portada-imagen-10-1-copia-3.webp\",\"keywords\":[\"alimentos\",\"aumentar\",\"CONCENTRACI\u00d3N\",\"Doctoranytime\",\"MEJORES\"],\"articleSection\":[\"Z-Colaboradores\",\"Z-Colaboradores-Doctoranytime\"],\"inLanguage\":\"es\",\"potentialAction\":[{\"@type\":\"CommentAction\",\"name\":\"Comment\",\"target\":[\"https:\\\/\\\/webdelmaestrocmf.com\\\/portal\\\/doctoranytime-los-mejores-alimentos-para-aumentar-la-concentracion\\\/#respond\"]}]},{\"@type\":\"WebPage\",\"@id\":\"https:\\\/\\\/webdelmaestrocmf.com\\\/portal\\\/doctoranytime-los-mejores-alimentos-para-aumentar-la-concentracion\\\/\",\"url\":\"https:\\\/\\\/webdelmaestrocmf.com\\\/portal\\\/doctoranytime-los-mejores-alimentos-para-aumentar-la-concentracion\\\/\",\"name\":\"[Doctoranytime] Los mejores alimentos para aumentar la concentraci\u00f3n - 2026\",\"isPartOf\":{\"@id\":\"https:\\\/\\\/webdelmaestrocmf.com\\\/portal\\\/#website\"},\"primaryImageOfPage\":{\"@id\":\"https:\\\/\\\/webdelmaestrocmf.com\\\/portal\\\/doctoranytime-los-mejores-alimentos-para-aumentar-la-concentracion\\\/#primaryimage\"},\"image\":{\"@id\":\"https:\\\/\\\/webdelmaestrocmf.com\\\/portal\\\/doctoranytime-los-mejores-alimentos-para-aumentar-la-concentracion\\\/#primaryimage\"},\"thumbnailUrl\":\"https:\\\/\\\/webdelmaestrocmf.com\\\/portal\\\/wp-content\\\/uploads\\\/2020\\\/12\\\/1A-Banner-1-portada-imagen-10-1-copia-3.webp\",\"datePublished\":\"2020-12-03T18:29:21+00:00\",\"dateModified\":\"2026-01-22T19:07:14+00:00\",\"description\":\"\u00bfAlguna vez se ha detenido a pensar que la alimentaci\u00f3n es una clave importante para aumentar la concentraci\u00f3n? El cerebro...\",\"breadcrumb\":{\"@id\":\"https:\\\/\\\/webdelmaestrocmf.com\\\/portal\\\/doctoranytime-los-mejores-alimentos-para-aumentar-la-concentracion\\\/#breadcrumb\"},\"inLanguage\":\"es\",\"potentialAction\":[{\"@type\":\"ReadAction\",\"target\":[\"https:\\\/\\\/webdelmaestrocmf.com\\\/portal\\\/doctoranytime-los-mejores-alimentos-para-aumentar-la-concentracion\\\/\"]}]},{\"@type\":\"ImageObject\",\"inLanguage\":\"es\",\"@id\":\"https:\\\/\\\/webdelmaestrocmf.com\\\/portal\\\/doctoranytime-los-mejores-alimentos-para-aumentar-la-concentracion\\\/#primaryimage\",\"url\":\"https:\\\/\\\/webdelmaestrocmf.com\\\/portal\\\/wp-content\\\/uploads\\\/2020\\\/12\\\/1A-Banner-1-portada-imagen-10-1-copia-3.webp\",\"contentUrl\":\"https:\\\/\\\/webdelmaestrocmf.com\\\/portal\\\/wp-content\\\/uploads\\\/2020\\\/12\\\/1A-Banner-1-portada-imagen-10-1-copia-3.webp\",\"width\":1000,\"height\":667},{\"@type\":\"BreadcrumbList\",\"@id\":\"https:\\\/\\\/webdelmaestrocmf.com\\\/portal\\\/doctoranytime-los-mejores-alimentos-para-aumentar-la-concentracion\\\/#breadcrumb\",\"itemListElement\":[{\"@type\":\"ListItem\",\"position\":1,\"name\":\"Portada\",\"item\":\"https:\\\/\\\/webdelmaestrocmf.com\\\/portal\\\/\"},{\"@type\":\"ListItem\",\"position\":2,\"name\":\"Z-Colaboradores\",\"item\":\"https:\\\/\\\/webdelmaestrocmf.com\\\/portal\\\/category\\\/colaborador\\\/\"},{\"@type\":\"ListItem\",\"position\":3,\"name\":\"[Doctoranytime] Los mejores alimentos para aumentar la concentraci\u00f3n\"}]},{\"@type\":\"WebSite\",\"@id\":\"https:\\\/\\\/webdelmaestrocmf.com\\\/portal\\\/#website\",\"url\":\"https:\\\/\\\/webdelmaestrocmf.com\\\/portal\\\/\",\"name\":\"Web del Maestro CMF\",\"description\":\"Maestros al servicio de la educaci\u00f3n\",\"publisher\":{\"@id\":\"https:\\\/\\\/webdelmaestrocmf.com\\\/portal\\\/#organization\"},\"alternateName\":\"WMCMF\",\"potentialAction\":[{\"@type\":\"SearchAction\",\"target\":{\"@type\":\"EntryPoint\",\"urlTemplate\":\"https:\\\/\\\/webdelmaestrocmf.com\\\/portal\\\/?s={search_term_string}\"},\"query-input\":{\"@type\":\"PropertyValueSpecification\",\"valueRequired\":true,\"valueName\":\"search_term_string\"}}],\"inLanguage\":\"es\"},{\"@type\":\"Organization\",\"@id\":\"https:\\\/\\\/webdelmaestrocmf.com\\\/portal\\\/#organization\",\"name\":\"Web del Maestro CMF\",\"alternateName\":\"WMCMF\",\"url\":\"https:\\\/\\\/webdelmaestrocmf.com\\\/portal\\\/\",\"logo\":{\"@type\":\"ImageObject\",\"inLanguage\":\"es\",\"@id\":\"https:\\\/\\\/webdelmaestrocmf.com\\\/portal\\\/#\\\/schema\\\/logo\\\/image\\\/\",\"url\":\"https:\\\/\\\/webdelmaestrocmf.com\\\/portal\\\/wp-content\\\/uploads\\\/2023\\\/01\\\/logo-wmcmf-2.png\",\"contentUrl\":\"https:\\\/\\\/webdelmaestrocmf.com\\\/portal\\\/wp-content\\\/uploads\\\/2023\\\/01\\\/logo-wmcmf-2.png\",\"width\":200,\"height\":60,\"caption\":\"Web del Maestro CMF\"},\"image\":{\"@id\":\"https:\\\/\\\/webdelmaestrocmf.com\\\/portal\\\/#\\\/schema\\\/logo\\\/image\\\/\"},\"sameAs\":[\"https:\\\/\\\/www.facebook.com\\\/WebdelMaestroCMF\\\/\",\"https:\\\/\\\/x.com\\\/cmf_w\",\"https:\\\/\\\/www.pinterest.com\\\/WMCMF\\\/\",\"https:\\\/\\\/www.linkedin.com\\\/company\\\/web-del-maestro-cmf\\\/\",\"https:\\\/\\\/www.instagram.com\\\/wmcmf\\\/\",\"https:\\\/\\\/www.youtube.com\\\/channel\\\/UCDPSvjbdodE5sHnC3OxutHw\",\"https:\\\/\\\/mastodon.social\\\/@wmcmf\",\"https:\\\/\\\/www.tiktok.com\\\/@webdelmaestrocmf\"]},{\"@type\":\"Person\",\"@id\":\"https:\\\/\\\/webdelmaestrocmf.com\\\/portal\\\/#\\\/schema\\\/person\\\/1072a2ed7bd960df8ef99a551fa35dc5\",\"name\":\"Web del Maestro CMF\",\"image\":{\"@type\":\"ImageObject\",\"inLanguage\":\"es\",\"@id\":\"https:\\\/\\\/secure.gravatar.com\\\/avatar\\\/23291dd5b5ae1077dcff3dbb04c3e02bd28403fa75af6d8787d5e97c5bbbe30b?s=96&d=mm&r=g\",\"url\":\"https:\\\/\\\/secure.gravatar.com\\\/avatar\\\/23291dd5b5ae1077dcff3dbb04c3e02bd28403fa75af6d8787d5e97c5bbbe30b?s=96&d=mm&r=g\",\"contentUrl\":\"https:\\\/\\\/secure.gravatar.com\\\/avatar\\\/23291dd5b5ae1077dcff3dbb04c3e02bd28403fa75af6d8787d5e97c5bbbe30b?s=96&d=mm&r=g\",\"caption\":\"Web del Maestro CMF\"},\"description\":\"Esta Web se cre\u00f3 sin fines de lucro, con fines educativos, cient\u00edficos y acad\u00e9micos, para personas que tengan dificultades y\\\/o inconvenientes en visualizar el material original. El objetivo es entregar recursos, compartir experiencias y materiales que ayuden a los padres de familia, maestros y estudiantes en su actualizaci\u00f3n y formaci\u00f3n permanente, en bien de la Educaci\u00f3n.\",\"sameAs\":[\"http:\\\/\\\/webdelmaestrocmf.com\\\/portal\",\"https:\\\/\\\/www.facebook.com\\\/WebdelMaestroCMF\\\/\",\"https:\\\/\\\/www.instagram.com\\\/wmcmf\\\/\",\"https:\\\/\\\/cl.linkedin.com\\\/company\\\/web-del-maestro-cmf\",\"https:\\\/\\\/www.pinterest.com\\\/WMCMF\\\/publicaciones\\\/\",\"https:\\\/\\\/x.com\\\/cmf_w\",\"https:\\\/\\\/www.youtube.com\\\/@WMCMF\"]}]}<\/script>\n<!-- \/ Yoast SEO plugin. -->","yoast_head_json":{"title":"[Doctoranytime] Los mejores alimentos para aumentar la concentraci\u00f3n - 2026","description":"\u00bfAlguna vez se ha detenido a pensar que la alimentaci\u00f3n es una clave importante para aumentar la concentraci\u00f3n? El cerebro...","robots":{"index":"index","follow":"follow","max-snippet":"max-snippet:-1","max-image-preview":"max-image-preview:large","max-video-preview":"max-video-preview:-1"},"canonical":"https:\/\/webdelmaestrocmf.com\/portal\/doctoranytime-los-mejores-alimentos-para-aumentar-la-concentracion\/","og_locale":"es_ES","og_type":"article","og_title":"[Doctoranytime] Los mejores alimentos para aumentar la concentraci\u00f3n - 2026","og_description":"\u00bfAlguna vez se ha detenido a pensar que la alimentaci\u00f3n es una clave importante para aumentar la concentraci\u00f3n? El cerebro...","og_url":"https:\/\/webdelmaestrocmf.com\/portal\/doctoranytime-los-mejores-alimentos-para-aumentar-la-concentracion\/","og_site_name":"Web del Maestro CMF","article_publisher":"https:\/\/www.facebook.com\/WebdelMaestroCMF\/","article_author":"https:\/\/www.facebook.com\/WebdelMaestroCMF\/","article_published_time":"2020-12-03T18:29:21+00:00","article_modified_time":"2026-01-22T19:07:14+00:00","og_image":[{"width":1000,"height":667,"url":"https:\/\/webdelmaestrocmf.com\/portal\/wp-content\/uploads\/2020\/12\/1A-Banner-1-portada-imagen-10-1-copia-3.webp","type":"image\/webp"}],"author":"Web del Maestro CMF","twitter_card":"summary_large_image","twitter_creator":"@cmf_w","twitter_site":"@cmf_w","schema":{"@context":"https:\/\/schema.org","@graph":[{"@type":"ScholarlyArticle","@id":"https:\/\/webdelmaestrocmf.com\/portal\/doctoranytime-los-mejores-alimentos-para-aumentar-la-concentracion\/#article","isPartOf":{"@id":"https:\/\/webdelmaestrocmf.com\/portal\/doctoranytime-los-mejores-alimentos-para-aumentar-la-concentracion\/"},"author":{"name":"Web del Maestro CMF","@id":"https:\/\/webdelmaestrocmf.com\/portal\/#\/schema\/person\/1072a2ed7bd960df8ef99a551fa35dc5"},"headline":"[Doctoranytime] Los mejores alimentos para aumentar la concentraci\u00f3n","datePublished":"2020-12-03T18:29:21+00:00","dateModified":"2026-01-22T19:07:14+00:00","mainEntityOfPage":{"@id":"https:\/\/webdelmaestrocmf.com\/portal\/doctoranytime-los-mejores-alimentos-para-aumentar-la-concentracion\/"},"wordCount":564,"commentCount":0,"publisher":{"@id":"https:\/\/webdelmaestrocmf.com\/portal\/#organization"},"image":{"@id":"https:\/\/webdelmaestrocmf.com\/portal\/doctoranytime-los-mejores-alimentos-para-aumentar-la-concentracion\/#primaryimage"},"thumbnailUrl":"https:\/\/webdelmaestrocmf.com\/portal\/wp-content\/uploads\/2020\/12\/1A-Banner-1-portada-imagen-10-1-copia-3.webp","keywords":["alimentos","aumentar","CONCENTRACI\u00d3N","Doctoranytime","MEJORES"],"articleSection":["Z-Colaboradores","Z-Colaboradores-Doctoranytime"],"inLanguage":"es","potentialAction":[{"@type":"CommentAction","name":"Comment","target":["https:\/\/webdelmaestrocmf.com\/portal\/doctoranytime-los-mejores-alimentos-para-aumentar-la-concentracion\/#respond"]}]},{"@type":"WebPage","@id":"https:\/\/webdelmaestrocmf.com\/portal\/doctoranytime-los-mejores-alimentos-para-aumentar-la-concentracion\/","url":"https:\/\/webdelmaestrocmf.com\/portal\/doctoranytime-los-mejores-alimentos-para-aumentar-la-concentracion\/","name":"[Doctoranytime] Los mejores alimentos para aumentar la concentraci\u00f3n - 2026","isPartOf":{"@id":"https:\/\/webdelmaestrocmf.com\/portal\/#website"},"primaryImageOfPage":{"@id":"https:\/\/webdelmaestrocmf.com\/portal\/doctoranytime-los-mejores-alimentos-para-aumentar-la-concentracion\/#primaryimage"},"image":{"@id":"https:\/\/webdelmaestrocmf.com\/portal\/doctoranytime-los-mejores-alimentos-para-aumentar-la-concentracion\/#primaryimage"},"thumbnailUrl":"https:\/\/webdelmaestrocmf.com\/portal\/wp-content\/uploads\/2020\/12\/1A-Banner-1-portada-imagen-10-1-copia-3.webp","datePublished":"2020-12-03T18:29:21+00:00","dateModified":"2026-01-22T19:07:14+00:00","description":"\u00bfAlguna vez se ha detenido a pensar que la alimentaci\u00f3n es una clave importante para aumentar la concentraci\u00f3n? El cerebro...","breadcrumb":{"@id":"https:\/\/webdelmaestrocmf.com\/portal\/doctoranytime-los-mejores-alimentos-para-aumentar-la-concentracion\/#breadcrumb"},"inLanguage":"es","potentialAction":[{"@type":"ReadAction","target":["https:\/\/webdelmaestrocmf.com\/portal\/doctoranytime-los-mejores-alimentos-para-aumentar-la-concentracion\/"]}]},{"@type":"ImageObject","inLanguage":"es","@id":"https:\/\/webdelmaestrocmf.com\/portal\/doctoranytime-los-mejores-alimentos-para-aumentar-la-concentracion\/#primaryimage","url":"https:\/\/webdelmaestrocmf.com\/portal\/wp-content\/uploads\/2020\/12\/1A-Banner-1-portada-imagen-10-1-copia-3.webp","contentUrl":"https:\/\/webdelmaestrocmf.com\/portal\/wp-content\/uploads\/2020\/12\/1A-Banner-1-portada-imagen-10-1-copia-3.webp","width":1000,"height":667},{"@type":"BreadcrumbList","@id":"https:\/\/webdelmaestrocmf.com\/portal\/doctoranytime-los-mejores-alimentos-para-aumentar-la-concentracion\/#breadcrumb","itemListElement":[{"@type":"ListItem","position":1,"name":"Portada","item":"https:\/\/webdelmaestrocmf.com\/portal\/"},{"@type":"ListItem","position":2,"name":"Z-Colaboradores","item":"https:\/\/webdelmaestrocmf.com\/portal\/category\/colaborador\/"},{"@type":"ListItem","position":3,"name":"[Doctoranytime] Los mejores alimentos para aumentar la concentraci\u00f3n"}]},{"@type":"WebSite","@id":"https:\/\/webdelmaestrocmf.com\/portal\/#website","url":"https:\/\/webdelmaestrocmf.com\/portal\/","name":"Web del Maestro CMF","description":"Maestros al servicio de la educaci\u00f3n","publisher":{"@id":"https:\/\/webdelmaestrocmf.com\/portal\/#organization"},"alternateName":"WMCMF","potentialAction":[{"@type":"SearchAction","target":{"@type":"EntryPoint","urlTemplate":"https:\/\/webdelmaestrocmf.com\/portal\/?s={search_term_string}"},"query-input":{"@type":"PropertyValueSpecification","valueRequired":true,"valueName":"search_term_string"}}],"inLanguage":"es"},{"@type":"Organization","@id":"https:\/\/webdelmaestrocmf.com\/portal\/#organization","name":"Web del Maestro CMF","alternateName":"WMCMF","url":"https:\/\/webdelmaestrocmf.com\/portal\/","logo":{"@type":"ImageObject","inLanguage":"es","@id":"https:\/\/webdelmaestrocmf.com\/portal\/#\/schema\/logo\/image\/","url":"https:\/\/webdelmaestrocmf.com\/portal\/wp-content\/uploads\/2023\/01\/logo-wmcmf-2.png","contentUrl":"https:\/\/webdelmaestrocmf.com\/portal\/wp-content\/uploads\/2023\/01\/logo-wmcmf-2.png","width":200,"height":60,"caption":"Web del Maestro CMF"},"image":{"@id":"https:\/\/webdelmaestrocmf.com\/portal\/#\/schema\/logo\/image\/"},"sameAs":["https:\/\/www.facebook.com\/WebdelMaestroCMF\/","https:\/\/x.com\/cmf_w","https:\/\/www.pinterest.com\/WMCMF\/","https:\/\/www.linkedin.com\/company\/web-del-maestro-cmf\/","https:\/\/www.instagram.com\/wmcmf\/","https:\/\/www.youtube.com\/channel\/UCDPSvjbdodE5sHnC3OxutHw","https:\/\/mastodon.social\/@wmcmf","https:\/\/www.tiktok.com\/@webdelmaestrocmf"]},{"@type":"Person","@id":"https:\/\/webdelmaestrocmf.com\/portal\/#\/schema\/person\/1072a2ed7bd960df8ef99a551fa35dc5","name":"Web del Maestro CMF","image":{"@type":"ImageObject","inLanguage":"es","@id":"https:\/\/secure.gravatar.com\/avatar\/23291dd5b5ae1077dcff3dbb04c3e02bd28403fa75af6d8787d5e97c5bbbe30b?s=96&d=mm&r=g","url":"https:\/\/secure.gravatar.com\/avatar\/23291dd5b5ae1077dcff3dbb04c3e02bd28403fa75af6d8787d5e97c5bbbe30b?s=96&d=mm&r=g","contentUrl":"https:\/\/secure.gravatar.com\/avatar\/23291dd5b5ae1077dcff3dbb04c3e02bd28403fa75af6d8787d5e97c5bbbe30b?s=96&d=mm&r=g","caption":"Web del Maestro CMF"},"description":"Esta Web se cre\u00f3 sin fines de lucro, con fines educativos, cient\u00edficos y acad\u00e9micos, para personas que tengan dificultades y\/o inconvenientes en visualizar el material original. El objetivo es entregar recursos, compartir experiencias y materiales que ayuden a los padres de familia, maestros y estudiantes en su actualizaci\u00f3n y formaci\u00f3n permanente, en bien de la Educaci\u00f3n.","sameAs":["http:\/\/webdelmaestrocmf.com\/portal","https:\/\/www.facebook.com\/WebdelMaestroCMF\/","https:\/\/www.instagram.com\/wmcmf\/","https:\/\/cl.linkedin.com\/company\/web-del-maestro-cmf","https:\/\/www.pinterest.com\/WMCMF\/publicaciones\/","https:\/\/x.com\/cmf_w","https:\/\/www.youtube.com\/@WMCMF"]}]}},"jetpack_featured_media_url":"https:\/\/webdelmaestrocmf.com\/portal\/wp-content\/uploads\/2020\/12\/1A-Banner-1-portada-imagen-10-1-copia-3.webp","jetpack_sharing_enabled":true,"jetpack-related-posts":[{"id":56179,"url":"https:\/\/webdelmaestrocmf.com\/portal\/doctoranytime-incluye-estas-frutas-en-tu-dia-para-tener-mas-energia\/","url_meta":{"origin":55517,"position":0},"title":"[Doctoranytime] Incluye estas frutas en tu d\u00eda para tener m\u00e1s energ\u00eda","author":"Web del Maestro CMF","date":"21 diciembre, 2020","format":false,"excerpt":"La alimentaci\u00f3n es un elemento fundamental para nuestro cuerpo, nos ayuda a prevenir enfermedades y a agregar energ\u00eda. Una persona que mantiene una mala alimentaci\u00f3n puede que se enferme de forma seguida, adem\u00e1s de sentirse cansado y mareado todo el tiempo. Debido a esto, hoy hablaremos de la importancia de\u2026","rel":"","context":"En \u00abZ-Colaboradores\u00bb","block_context":{"text":"Z-Colaboradores","link":"https:\/\/webdelmaestrocmf.com\/portal\/category\/colaborador\/"},"img":{"alt_text":"","src":"https:\/\/i0.wp.com\/webdelmaestrocmf.com\/portal\/wp-content\/uploads\/2020\/12\/1-copia-62.jpg?resize=350%2C200&ssl=1","width":350,"height":200,"srcset":"https:\/\/i0.wp.com\/webdelmaestrocmf.com\/portal\/wp-content\/uploads\/2020\/12\/1-copia-62.jpg?resize=350%2C200&ssl=1 1x, https:\/\/i0.wp.com\/webdelmaestrocmf.com\/portal\/wp-content\/uploads\/2020\/12\/1-copia-62.jpg?resize=525%2C300&ssl=1 1.5x, https:\/\/i0.wp.com\/webdelmaestrocmf.com\/portal\/wp-content\/uploads\/2020\/12\/1-copia-62.jpg?resize=700%2C400&ssl=1 2x, https:\/\/i0.wp.com\/webdelmaestrocmf.com\/portal\/wp-content\/uploads\/2020\/12\/1-copia-62.jpg?resize=1050%2C600&ssl=1 3x"},"classes":[]},{"id":53450,"url":"https:\/\/webdelmaestrocmf.com\/portal\/doctoranytime-consejos-para-mejorar-la-concentracion-en-tiempos-de-covid-19\/","url_meta":{"origin":55517,"position":1},"title":"[Doctoranytime] Consejos para mejorar la concentraci\u00f3n en tiempos de COVID \u2013 19","author":"Web del Maestro CMF","date":"26 octubre, 2020","format":false,"excerpt":"A 7 meses de haber sido declarada la pandemia por el COVID\u201319, los efectos del virus se resienten; no s\u00f3lo en lo econ\u00f3mico, lo pol\u00edtico o lo m\u00e9dico, tambi\u00e9n en lo psicol\u00f3gico.\u00a0 Son varias las \u00e1reas afectadas y en esta ocasi\u00f3n nos gustar\u00eda abordar el tema de la concentraci\u00f3n ya\u2026","rel":"","context":"En \u00abZ-Colaboradores\u00bb","block_context":{"text":"Z-Colaboradores","link":"https:\/\/webdelmaestrocmf.com\/portal\/category\/colaborador\/"},"img":{"alt_text":"","src":"https:\/\/i0.wp.com\/webdelmaestrocmf.com\/portal\/wp-content\/uploads\/2020\/10\/1-copia-80.jpg?resize=350%2C200&ssl=1","width":350,"height":200,"srcset":"https:\/\/i0.wp.com\/webdelmaestrocmf.com\/portal\/wp-content\/uploads\/2020\/10\/1-copia-80.jpg?resize=350%2C200&ssl=1 1x, https:\/\/i0.wp.com\/webdelmaestrocmf.com\/portal\/wp-content\/uploads\/2020\/10\/1-copia-80.jpg?resize=525%2C300&ssl=1 1.5x, https:\/\/i0.wp.com\/webdelmaestrocmf.com\/portal\/wp-content\/uploads\/2020\/10\/1-copia-80.jpg?resize=700%2C400&ssl=1 2x, https:\/\/i0.wp.com\/webdelmaestrocmf.com\/portal\/wp-content\/uploads\/2020\/10\/1-copia-80.jpg?resize=1050%2C600&ssl=1 3x"},"classes":[]},{"id":63114,"url":"https:\/\/webdelmaestrocmf.com\/portal\/doctoranytime-como-identificar-la-depresion-en-ninos\/","url_meta":{"origin":55517,"position":2},"title":"[Doctoranytime] \u00bfC\u00f3mo identificar la depresi\u00f3n en ni\u00f1os?","author":"Web del Maestro CMF","date":"18 mayo, 2021","format":false,"excerpt":"La depresi\u00f3n infantil es una enfermedad muy com\u00fan en ni\u00f1os y adolescentes. De hecho, de acuerdo con la Cl\u00ednica Universidad de Navarra aproximadamente un 5% de la poblaci\u00f3n infantil y adolescente tendr\u00e1 m\u00ednimo un episodio depresivo antes de los 19 a\u00f1os. Algunos estudios han mencionado que los padres suelen subestimar\u2026","rel":"","context":"En \u00abZ-Colaboradores\u00bb","block_context":{"text":"Z-Colaboradores","link":"https:\/\/webdelmaestrocmf.com\/portal\/category\/colaborador\/"},"img":{"alt_text":"","src":"https:\/\/i0.wp.com\/webdelmaestrocmf.com\/portal\/wp-content\/uploads\/2021\/05\/1-copia-23.jpg?resize=350%2C200&ssl=1","width":350,"height":200,"srcset":"https:\/\/i0.wp.com\/webdelmaestrocmf.com\/portal\/wp-content\/uploads\/2021\/05\/1-copia-23.jpg?resize=350%2C200&ssl=1 1x, https:\/\/i0.wp.com\/webdelmaestrocmf.com\/portal\/wp-content\/uploads\/2021\/05\/1-copia-23.jpg?resize=525%2C300&ssl=1 1.5x, https:\/\/i0.wp.com\/webdelmaestrocmf.com\/portal\/wp-content\/uploads\/2021\/05\/1-copia-23.jpg?resize=700%2C400&ssl=1 2x, https:\/\/i0.wp.com\/webdelmaestrocmf.com\/portal\/wp-content\/uploads\/2021\/05\/1-copia-23.jpg?resize=1050%2C600&ssl=1 3x"},"classes":[]},{"id":54635,"url":"https:\/\/webdelmaestrocmf.com\/portal\/doctoranytime-como-canalizar-de-manera-positiva-la-energia-acumulada-en-los-hijos-por-el-confinamiento\/","url_meta":{"origin":55517,"position":3},"title":"[Doctoranytime] C\u00f3mo canalizar de manera positiva la energ\u00eda acumulada en los hijos por el confinamiento","author":"Web del Maestro CMF","date":"16 noviembre, 2020","format":false,"excerpt":"En este periodo en el cual ni\u00f1os y ni\u00f1as se encuentran en casa con una gran cantidad de energ\u00eda, la actividad se encuentra disminuida y en un espacio sumamente reducido. Por lo que es importante que encontremos actividades de diferentes tipos. Podemos comenzar con actividades manuales, las cuales pueden estimular\u2026","rel":"","context":"En \u00abZ-Colaboradores\u00bb","block_context":{"text":"Z-Colaboradores","link":"https:\/\/webdelmaestrocmf.com\/portal\/category\/colaborador\/"},"img":{"alt_text":"","src":"https:\/\/i0.wp.com\/webdelmaestrocmf.com\/portal\/wp-content\/uploads\/2020\/11\/1-copia-51.jpg?resize=350%2C200&ssl=1","width":350,"height":200,"srcset":"https:\/\/i0.wp.com\/webdelmaestrocmf.com\/portal\/wp-content\/uploads\/2020\/11\/1-copia-51.jpg?resize=350%2C200&ssl=1 1x, https:\/\/i0.wp.com\/webdelmaestrocmf.com\/portal\/wp-content\/uploads\/2020\/11\/1-copia-51.jpg?resize=525%2C300&ssl=1 1.5x, https:\/\/i0.wp.com\/webdelmaestrocmf.com\/portal\/wp-content\/uploads\/2020\/11\/1-copia-51.jpg?resize=700%2C400&ssl=1 2x, https:\/\/i0.wp.com\/webdelmaestrocmf.com\/portal\/wp-content\/uploads\/2020\/11\/1-copia-51.jpg?resize=1050%2C600&ssl=1 3x"},"classes":[]},{"id":56906,"url":"https:\/\/webdelmaestrocmf.com\/portal\/doctoranytime-estos-son-los-beneficios-de-leer-20-minutos-al-dia\/","url_meta":{"origin":55517,"position":4},"title":"[Doctoranytime] Estos son los beneficios de leer 20 minutos al d\u00eda","author":"Web del Maestro CMF","date":"4 enero, 2021","format":false,"excerpt":"Para muchas personas la lectura es algo muy importante y al mismo tiempo complicado, debido a que en muchas ocasiones no tienen el tiempo suficiente para leer, o al menos, eso es lo que creen. Afortunadamente, para leer se pueden encontrar diferentes momentos como al esperar la comida, antes de\u2026","rel":"","context":"En \u00abZ-Colaboradores\u00bb","block_context":{"text":"Z-Colaboradores","link":"https:\/\/webdelmaestrocmf.com\/portal\/category\/colaborador\/"},"img":{"alt_text":"","src":"https:\/\/i0.wp.com\/webdelmaestrocmf.com\/portal\/wp-content\/uploads\/2021\/01\/1-copia-20.jpg?resize=350%2C200&ssl=1","width":350,"height":200,"srcset":"https:\/\/i0.wp.com\/webdelmaestrocmf.com\/portal\/wp-content\/uploads\/2021\/01\/1-copia-20.jpg?resize=350%2C200&ssl=1 1x, https:\/\/i0.wp.com\/webdelmaestrocmf.com\/portal\/wp-content\/uploads\/2021\/01\/1-copia-20.jpg?resize=525%2C300&ssl=1 1.5x, https:\/\/i0.wp.com\/webdelmaestrocmf.com\/portal\/wp-content\/uploads\/2021\/01\/1-copia-20.jpg?resize=700%2C400&ssl=1 2x, https:\/\/i0.wp.com\/webdelmaestrocmf.com\/portal\/wp-content\/uploads\/2021\/01\/1-copia-20.jpg?resize=1050%2C600&ssl=1 3x"},"classes":[]},{"id":61679,"url":"https:\/\/webdelmaestrocmf.com\/portal\/doctoranytime-la-pandemia-por-coronavirus-puede-afectar-la-concentracion-de-los-ninos\/","url_meta":{"origin":55517,"position":5},"title":"[Doctoranytime] \u00bfLa pandemia por coronavirus puede afectar la concentraci\u00f3n de los ni\u00f1os?","author":"Web del Maestro CMF","date":"13 abril, 2021","format":false,"excerpt":"Sabemos que la pandemia por el nuevo coronavirus (SARS-COV-2) ha afectado a muchas personas en muchos aspectos tanto en la salud f\u00edsica por la infecci\u00f3n contra\u00edda como en la salud mental por el miedo de contagiarse o el estr\u00e9s de la existencia del virus. Sin embargo, generalmente las mam\u00e1s que\u2026","rel":"","context":"En \u00abZ-Colaboradores\u00bb","block_context":{"text":"Z-Colaboradores","link":"https:\/\/webdelmaestrocmf.com\/portal\/category\/colaborador\/"},"img":{"alt_text":"","src":"https:\/\/i0.wp.com\/webdelmaestrocmf.com\/portal\/wp-content\/uploads\/2021\/04\/1-copia-9.jpg?resize=350%2C200&ssl=1","width":350,"height":200,"srcset":"https:\/\/i0.wp.com\/webdelmaestrocmf.com\/portal\/wp-content\/uploads\/2021\/04\/1-copia-9.jpg?resize=350%2C200&ssl=1 1x, https:\/\/i0.wp.com\/webdelmaestrocmf.com\/portal\/wp-content\/uploads\/2021\/04\/1-copia-9.jpg?resize=525%2C300&ssl=1 1.5x, https:\/\/i0.wp.com\/webdelmaestrocmf.com\/portal\/wp-content\/uploads\/2021\/04\/1-copia-9.jpg?resize=700%2C400&ssl=1 2x, https:\/\/i0.wp.com\/webdelmaestrocmf.com\/portal\/wp-content\/uploads\/2021\/04\/1-copia-9.jpg?resize=1050%2C600&ssl=1 3x"},"classes":[]}],"_links":{"self":[{"href":"https:\/\/webdelmaestrocmf.com\/portal\/wp-json\/wp\/v2\/posts\/55517","targetHints":{"allow":["GET"]}}],"collection":[{"href":"https:\/\/webdelmaestrocmf.com\/portal\/wp-json\/wp\/v2\/posts"}],"about":[{"href":"https:\/\/webdelmaestrocmf.com\/portal\/wp-json\/wp\/v2\/types\/post"}],"author":[{"embeddable":true,"href":"https:\/\/webdelmaestrocmf.com\/portal\/wp-json\/wp\/v2\/users\/1"}],"replies":[{"embeddable":true,"href":"https:\/\/webdelmaestrocmf.com\/portal\/wp-json\/wp\/v2\/comments?post=55517"}],"version-history":[{"count":1,"href":"https:\/\/webdelmaestrocmf.com\/portal\/wp-json\/wp\/v2\/posts\/55517\/revisions"}],"predecessor-version":[{"id":114941,"href":"https:\/\/webdelmaestrocmf.com\/portal\/wp-json\/wp\/v2\/posts\/55517\/revisions\/114941"}],"wp:featuredmedia":[{"embeddable":true,"href":"https:\/\/webdelmaestrocmf.com\/portal\/wp-json\/wp\/v2\/media\/114940"}],"wp:attachment":[{"href":"https:\/\/webdelmaestrocmf.com\/portal\/wp-json\/wp\/v2\/media?parent=55517"}],"wp:term":[{"taxonomy":"category","embeddable":true,"href":"https:\/\/webdelmaestrocmf.com\/portal\/wp-json\/wp\/v2\/categories?post=55517"},{"taxonomy":"post_tag","embeddable":true,"href":"https:\/\/webdelmaestrocmf.com\/portal\/wp-json\/wp\/v2\/tags?post=55517"}],"curies":[{"name":"wp","href":"https:\/\/api.w.org\/{rel}","templated":true}]}}