{"id":55411,"date":"2020-11-30T22:06:13","date_gmt":"2020-12-01T01:06:13","guid":{"rendered":"https:\/\/webdelmaestrocmf.com\/portal\/?p=55411"},"modified":"2020-12-01T10:33:01","modified_gmt":"2020-12-01T13:33:01","slug":"hong-kong-vuelve-a-cerrar-sus-escuelas-por-el-covid-19","status":"publish","type":"post","link":"https:\/\/webdelmaestrocmf.com\/portal\/hong-kong-vuelve-a-cerrar-sus-escuelas-por-el-covid-19\/","title":{"rendered":"Hong Kong vuelve a cerrar sus escuelas para intentar frenar la cuarta oleada de COVID-19"},"content":{"rendered":"<h5 style=\"text-align: justify;\">Las escuelas hongkonesas suspendieron las clases presenciales a primeros de <strong>febrero,<\/strong> pero se reanudaron brevemente en el verano asi\u00e1tico, para detenerse de nuevo en <strong>julio<\/strong>, cuando <strong>se dispar\u00f3 una tercera ola de infecciones de la COVID-19<\/strong>.\u00a0 <strong>En setiembre<\/strong> de este a\u00f1o (2020), Hong Kong se finaliz\u00f3 el retorno a las aulas, que hab\u00eda comenzado a mediados de agosto. Se hizo de forma gradual y en dos fases: primero regresaron los estudiantes del primer curso y de los dos \u00faltimos de primaria y secundaria, y los de \u00faltimo a\u00f1o de preescolar. Seis d\u00edas despu\u00e9s lo hicieron el resto de alumnos. En algunas escuelas abrieron durante media jornada para evitar que los alumnos se junten a <strong>la hora de la comida<\/strong>, y se fij\u00f3 que <strong>no habr\u00e1n otras actividades cuando terminen las clases<\/strong>. <a href=\"https:\/\/www.dw.com\/es\/escuelas-de-hong-kong-retornan-a-clases-presenciales\/a-55022233\" target=\"_blank\" rel=\"noopener noreferrer\"><strong>ESCUELAS DE HONG KONG RETORNAN A CLASES PRESENCIALES.<\/strong><\/a><\/h5>\n<p><!--more--><\/p>\n<p style=\"text-align: justify;\">El regreso a las clases presenciales se realiz\u00f3 ante la insistencia de <strong>los padres de familia que opinaban que \u00ablos ni\u00f1os necesitan volver a sus rutinas y socializar.<\/strong> Han sido muchos meses de clases telem\u00e1ticas que han supuesto un gran sacrificio. La situaci\u00f3n pol\u00edtica de la ciudad y la pandemia est\u00e1n generando mucha ansiedad en las familias, esperemos que todo se estabilice y no tengan que volver a estudiar desde casa\u00bb. Consideraban que las lecciones presenciales <strong>ya deber\u00edan de reiniciarse<\/strong> con todas las medidas de cuidado. Hong Kong es uno de los referentes importantes para el Informe PISA.<\/p>\n<p style=\"text-align: justify;\">Euronews inform\u00f3 que Hong Kong es sociedad que debemos tener en cuenta, pues es \u201cuna ciudad donde el poder de la mente y el capital humano son abundantes, no es de extra\u00f1ar que <strong>ante una pandemia se actuara r\u00e1pidamente, y con \u00e9xito,<\/strong> para controlar el brote de Coronavirus desde el principio\u201d. Compartimos este video del 14 de julio del 2020, en donde nos informamos los estudios en 3D, con la ayuda de los acad\u00e9micos vislumbraban haber arribado a medidas excelentes frente al coronavirus SARS-CoV-2.<\/p>\n<p style=\"text-align: justify;\"><strong>HONG KONG, UNA CIUDAD POR DELANTE DE LA PANDEMIA <\/strong>(05\u00b4 00\u201d)<\/p>\n<p><iframe loading=\"lazy\" src=\"https:\/\/www.youtube.com\/embed\/Nt7jbbjyRcI\" width=\"100%\" height=\"400\" frameborder=\"0\" allowfullscreen=\"allowfullscreen\"><span data-mce-type=\"bookmark\" style=\"display: inline-block; width: 0px; overflow: hidden; line-height: 0;\" class=\"mce_SELRES_start\">\ufeff<\/span><\/iframe><\/p>\n<p style=\"text-align: justify;\">La experiencia de Hong Kong es importante conocerla como educadores, pues una vez m\u00e1s recordaremos la frase del fil\u00f3sofo franc\u00e9s Voltaire: \u201cHay alguien tan inteligente, que aprende de la experiencia de los dem\u00e1s\u201d, ya que dos meses despu\u00e9s del regreso a clases presenciales, y con muchas medidas de bioseguridad, <strong>las escuelas de Hong Kong cerrar\u00e1n, <\/strong>\u201caunque ya se hab\u00eda suspendido la asistencia a guarder\u00edas y primeros tres niveles de educaci\u00f3n primaria\u201d; a <strong>partir del 02 de diciembre<\/strong>,\u00a0 \u201chasta despu\u00e9s de las navidades para intentar frenar la cuarta oleada de COVID-19 en la ciudad, una vez que en las \u00faltimas 24 horas se contabilizaron 115 nuevos casos, el mayor n\u00famero desde el 1 de agosto, inform\u00f3 hoy el Ejecutivo local\u201d.<\/p>\n<p style=\"text-align: justify;\">\u201cDe acuerdo a la tendencia y los n\u00fameros que hemos observado hasta ahora, parece que (la cuarta ola) es m\u00e1s severa que la \u00faltima\u201d, ha se\u00f1alado el l\u00edder de la secci\u00f3n de enfermedades transmisibles del Centro de Protecci\u00f3n de la Salud hongkon\u00e9s, el doctor Chuang Shuk Kwan. \u201cPero, por supuesto, depende de los pr\u00f3ximos d\u00edas\u201d, ha agregado, subrayando que <strong>las autoridades han endurecido algunas de las medidas de distanciamiento f\u00edsico vigentes y han incrementado su capacidad diagn\u00f3stica<\/strong>, seg\u00fan ha informado el diario \u2018South China Morning Post\u2019. <a href=\"https:\/\/www.latercera.com\/mundo\/noticia\/hong-kong-cierra-los-colegios-hasta-despues-de-navidad-tras-registrar-115-nuevos-contagios-de-covid-19\/4VQMSUYEOBC5FOUFSYAPNJMPL4\/\" target=\"_blank\" rel=\"noopener noreferrer\"><strong>HONG KONG CIERRA LOS COLEGIOS HASTA DESPU\u00c9S DE NAVIDAD TRAS REGISTRAR 115 NUEVOS CONTAGIOS DE COVID-19<\/strong><\/a><\/p>\n<p style=\"text-align: justify;\">\u201cLos responsables de Educaci\u00f3n de la ciudad indicaron <strong>que la vuelta a m\u00e1s de cien casos diarios ha llevado a las asociaciones de profesores a solicitar el cese de la actividad presencial<\/strong> en todos los jardines de infancia, escuelas de primaria y de secundaria\u201d. <a href=\"https:\/\/rpp.pe\/mundo\/asia\/coronavirus-las-escuelas-de-hong-kong-cerraran-hasta-2021-ante-cuarta-oleada-de-covid-19-noticia-1306833?ref=rpp\" target=\"_blank\" rel=\"noopener noreferrer\"><strong>HONG KONG: CIERRAN NUEVAMENTE ESCUELAS ANTE CUARTA OLEADA DE CORONAVIRUS<\/strong><\/a><\/p>\n<p style=\"text-align: justify;\">El secretario de Empleo y Bienestar, Law Chi-kwong, dijo que se <strong>todos deber\u00e1n someterse a una prueba de coronavirus antes del 14 de diciembre<\/strong>, y luego se ordenar\u00e1n pruebas semanalmente. \u201cEl Gobierno de Hong Kong decidi\u00f3 el pasado martes cerrar establecimientos de ocio nocturno e imponer el uso de aplicaciones m\u00f3viles de rastreo en los restaurantes en un intento de frenar esta cuarta oleada\u201d. (El Comercio, 29\/11\/2020).<\/p>\n<p style=\"text-align: justify;\">De esta manera <strong>Hong Kong intenta frenar la cuarta ola de covid-19,<\/strong> <strong>suspendiendo las labores escolares presenciales<\/strong>, a pesar que un portavoz del gobierno central afirm\u00f3 que la educaci\u00f3n en la Regi\u00f3n Administrativa Especial de Hong Kong (RAEHK) se debe mantener firme en la direcci\u00f3n correcta bajo el principio de \u00abun pa\u00eds con dos sistemas\u00bb. (Xinhua Espa\u00f1ol, 12\/06\/2020).<\/p>\n<p style=\"text-align: justify;\">Art\u00edculo relacionado: <a href=\"https:\/\/webdelmaestrocmf.com\/portal\/patricia-castro-como-asegurar-la-educacion-de-276-millones-de-estudiantes-chinos-en-una-pandemia\/\" target=\"_blank\" rel=\"noopener noreferrer\"><strong>PATRICIA CASTRO: C\u00d3MO ASEGURAR LA EDUCACI\u00d3N DE 276 MILLONES DE ESTUDIANTES CHINOS EN UNA PANDEMIA<\/strong><\/a><\/p>\n<p style=\"text-align: justify;\">En Hong Kong la pandemia del Covid 19 <strong>ha provocado que en esta ocasi\u00f3n sus habitantes ejerciten sus m\u00fasculos vestigiales de prevenci\u00f3n de enfermedades,<\/strong> a pesar de que en un inicio las autoridades locales hayan titubeado para determinar si deb\u00edan cerrar la frontera con China continental. En las escuelas se comenz\u00f3 a usar desinfectante para manos, se instalaron esc\u00e1neres t\u00e9rmicos y el distanciamiento f\u00edsico se hizo muy vigilado Consideraron que, con una disciplina social f\u00e9rrea de normas de higiene y restricciones en el uso de los espacios comunes del \u00e1mbito escolar, ser\u00eda suficiente para continuar el a\u00f1o acad\u00e9mico presencial.<\/p>\n<p><img loading=\"lazy\" decoding=\"async\" class=\"alignnone size-full wp-image-55413\" src=\"https:\/\/webdelmaestrocmf.com\/portal\/wp-content\/uploads\/2020\/11\/4-9.jpg\" alt=\"\" width=\"1024\" height=\"680\" srcset=\"https:\/\/webdelmaestrocmf.com\/portal\/wp-content\/uploads\/2020\/11\/4-9.jpg 1024w, https:\/\/webdelmaestrocmf.com\/portal\/wp-content\/uploads\/2020\/11\/4-9-300x199.jpg 300w, https:\/\/webdelmaestrocmf.com\/portal\/wp-content\/uploads\/2020\/11\/4-9-768x510.jpg 768w, https:\/\/webdelmaestrocmf.com\/portal\/wp-content\/uploads\/2020\/11\/4-9-110x73.jpg 110w, https:\/\/webdelmaestrocmf.com\/portal\/wp-content\/uploads\/2020\/11\/4-9-200x133.jpg 200w, https:\/\/webdelmaestrocmf.com\/portal\/wp-content\/uploads\/2020\/11\/4-9-380x252.jpg 380w, https:\/\/webdelmaestrocmf.com\/portal\/wp-content\/uploads\/2020\/11\/4-9-255x169.jpg 255w, https:\/\/webdelmaestrocmf.com\/portal\/wp-content\/uploads\/2020\/11\/4-9-550x365.jpg 550w, https:\/\/webdelmaestrocmf.com\/portal\/wp-content\/uploads\/2020\/11\/4-9-800x531.jpg 800w, https:\/\/webdelmaestrocmf.com\/portal\/wp-content\/uploads\/2020\/11\/4-9-220x146.jpg 220w, https:\/\/webdelmaestrocmf.com\/portal\/wp-content\/uploads\/2020\/11\/4-9-400x266.jpg 400w, https:\/\/webdelmaestrocmf.com\/portal\/wp-content\/uploads\/2020\/11\/4-9-760x505.jpg 760w, https:\/\/webdelmaestrocmf.com\/portal\/wp-content\/uploads\/2020\/11\/4-9-510x339.jpg 510w, https:\/\/webdelmaestrocmf.com\/portal\/wp-content\/uploads\/2020\/11\/4-9-600x398.jpg 600w\" sizes=\"auto, (max-width: 1024px) 100vw, 1024px\" \/><\/p>\n<p style=\"text-align: justify;\">Publicaci\u00f3n anterior recomendada: <a href=\"https:\/\/webdelmaestrocmf.com\/portal\/patricia-castro-obando-la-escuela-yangzheng-china-regresa-a-clases-con-sombreros-de-alas-largas-inventados-por-la-dinastia-song-s-xii\/\" target=\"_blank\" rel=\"noopener noreferrer\"><strong>[PATRICIA CASTRO OBANDO] LA ESCUELA YANGZHENG (CHINA) REGRESA A CLASES CON \u201cSOMBREROS DE ALAS LARGAS\u201d INVENTADOS POR LA DINAST\u00cdA SONG (S XII)<\/strong><\/a><\/p>\n<p style=\"text-align: justify;\">\u201cLo m\u00e1s importante es que la gente de Hong Kong tiene recuerdos profundos del brote del SRAS\u201d, mencion\u00f3 Kwok Ka-ki, un legislador de Hong Kong que tambi\u00e9n es doctor. \u201cTodos los ciudadanos hicieron su parte, incluido el uso de cubrebocas, el lavado de manos y la toma de precauciones necesarias, como evitar lugares llenos de gente y reuniones\u201d. <a href=\"https:\/\/www.nytimes.com\/es\/2020\/03\/18\/espanol\/mundo\/coronavirus-cuarentena-hongkong-singapur-china.html\" target=\"_blank\" rel=\"noopener noreferrer\"><strong>POR ESO CERRARON SUS ESCUELAS EN ENERO, AL MENOS HASTA FINALES DE ABRIL. CORONAVIRUS: AS\u00cd ENFRENTARON LA EPIDEMIA ALGUNAS CIUDADES ASI\u00c1TICAS MUY POBLADAS<\/strong><\/a><\/p>\n<p style=\"text-align: justify;\">En otros pa\u00edses tambi\u00e9n han tenido experiencias sobre el retorno a clases, y el dar marcha atr\u00e1s. El regreso a las aulas en Uruguay, dadas las condiciones prexistentes a la pandemia, merece ser estudiada, y por ello les recomendamos la lectura de <a href=\"https:\/\/www.unicef.org\/uruguay\/informes\/seguimiento-del-retorno-las-clases-presenciales-en-centros-educativos-en-uruguay\" target=\"_blank\" rel=\"noopener noreferrer\"><strong>SEGUIMIENTO DEL RETORNO A LAS CLASES PRESENCIALES EN CENTROS EDUCATIVOS EN URUGUAY<\/strong><\/a><\/p>\n<p style=\"text-align: center;\">Es bueno <strong>conocer estas experiencias con la educaci\u00f3n presencial y a distancia, ante la pandemia del Covid 19, para tomar decisiones con mayores conocimientos de causa<\/strong>, y valorando la importancia de reflexionar desde la experiencia de otros, como nos lo dijo el conferencista mexicano Miguel \u00c1ngel Cornejo: <em>\u201cVivir con humildad, aprendiendo de todos y de todo, pues siempre habr\u00e1 una mejor forma de hacer las cosas.\u201d<\/em><\/p>\n<p style=\"text-align: right;\"><strong>REDACCI\u00d3N WEB DEL MAESTRO CMF<\/strong><\/p>\n\t\t<div class=\"pk-inline-posts\">\n\t\t\t\n\t\t\t<div class=\"pk-inline-posts-container pk-inline-posts-template-list\"\n\t\t\t\tdata-columns=\"1\">\n\t\t\t\t\t\t<article id=\"post-118333\" class=\"post-118333 post type-post status-publish format-standard has-post-thumbnail category-jamb tag-apego tag-crianza tag-docentes tag-educacion tag-escuela tag-familia tag-infancia tag-responsabilidad tag-vinculo cs-entry cs-video-wrap\">\n\t\t\t<div class=\"pk-post-outer\">\n\n\t\t\t\t\t\t\t\t<div class=\"pk-post-inner\">\n\t\t\t\t\t<div class=\"entry-thumbnail\">\n\t\t\t\t\t\t<div class=\"pk-overlay pk-overlay-ratio pk-ratio-landscape\">\n\t\t\t\t\t\t\t<div class=\"pk-overlay-background\">\n\t\t\t\t\t\t\t\t<a href=\"https:\/\/webdelmaestrocmf.com\/portal\/el-sistema-nos-rompe-a-todos-y-a-los-ninos-primero\/\" class=\"pk-overlay-link\">\n\t\t\t\t\t\t\t\t\t<img loading=\"lazy\" decoding=\"async\" width=\"300\" height=\"225\" src=\"https:\/\/webdelmaestrocmf.com\/portal\/wp-content\/uploads\/2026\/04\/1AA-Banner-1-portada-imagen-10-1-copia-2-300x225.jpg\" class=\"attachment-pk-thumbnail size-pk-thumbnail wp-post-image\" alt=\"\" \/>\t\t\t\t\t\t\t\t<\/a>\n\t\t\t\t\t\t\t<\/div>\n\t\t\t\t\t\t<\/div>\n\t\t\t\t\t<\/div>\n\t\t\t\t<\/div>\n\t\t\t\t\n\t\t\t\t<div class=\"pk-post-inner\">\n\t\t\t\t\t<header>\n\t\t\t\t\t\t<h3 class=\"pk-title\"><a href=\"https:\/\/webdelmaestrocmf.com\/portal\/el-sistema-nos-rompe-a-todos-y-a-los-ninos-primero\/\" rel=\"bookmark\">El sistema nos rompe a todos\u2026 y a los ni\u00f1os primero<\/a><\/h3>\t\t\t\t\t<\/header><!-- .entry-header -->\n\t\t\t\t<\/div><!-- .post-inner -->\n\n\t\t\t<\/div><!-- .post-outer -->\n\t\t<\/article>\n\t\t\t\t<\/div>\n\t\t<\/div>\n\t\t\n","protected":false},"excerpt":{"rendered":"Las escuelas hongkonesas suspendieron las clases presenciales a primeros de febrero, pero se reanudaron brevemente en el verano&hellip;","protected":false},"author":1,"featured_media":55415,"comment_status":"open","ping_status":"closed","sticky":false,"template":"","format":"standard","meta":{"csco_display_header_overlay":false,"csco_singular_sidebar":"default","csco_page_header_type":"default","csco_page_load_nextpost":"default","csco_post_video_location":[],"csco_post_video_location_hash":"","csco_post_video_url":"","csco_post_video_bg_start_time":0,"csco_post_video_bg_end_time":0,"csco_post_video_bg_volume":false,"_jetpack_memberships_contains_paid_content":false,"footnotes":""},"categories":[61],"tags":[6136,4798,5805,6137,155,3112,4863,1284,6135],"class_list":{"0":"post-55411","1":"post","2":"type-post","3":"status-publish","4":"format-standard","5":"has-post-thumbnail","7":"category-jamb","8":"tag-cerrar","9":"tag-covid-19","10":"tag-educacion-a-distancia","11":"tag-educacion-telematica","12":"tag-escuelas","13":"tag-hong-kong","14":"tag-pandemia","15":"tag-video","16":"tag-vuelve","17":"cs-entry","18":"cs-video-wrap"},"yoast_head":"<!-- This site is optimized with the Yoast SEO plugin v27.5 - https:\/\/yoast.com\/product\/yoast-seo-wordpress\/ -->\n<title>Hong Kong vuelve a cerrar sus escuelas para intentar frenar la cuarta oleada de COVID-19 - 2026<\/title>\n<meta name=\"description\" content=\"Las escuelas hongkonesas suspendieron las clases presenciales a primeros de febrero, pero se reanudaron brevemente en el verano...\" \/>\n<meta name=\"robots\" content=\"index, follow, max-snippet:-1, max-image-preview:large, max-video-preview:-1\" \/>\n<link rel=\"canonical\" href=\"https:\/\/webdelmaestrocmf.com\/portal\/hong-kong-vuelve-a-cerrar-sus-escuelas-por-el-covid-19\/\" \/>\n<meta property=\"og:locale\" content=\"es_ES\" \/>\n<meta property=\"og:type\" content=\"article\" \/>\n<meta property=\"og:title\" content=\"Hong Kong vuelve a cerrar sus escuelas para intentar frenar la cuarta oleada de COVID-19 - 2026\" \/>\n<meta property=\"og:description\" content=\"Las escuelas hongkonesas suspendieron las clases presenciales a primeros de febrero, pero se reanudaron brevemente en el verano...\" \/>\n<meta property=\"og:url\" content=\"https:\/\/webdelmaestrocmf.com\/portal\/hong-kong-vuelve-a-cerrar-sus-escuelas-por-el-covid-19\/\" \/>\n<meta property=\"og:site_name\" content=\"Web del Maestro CMF\" \/>\n<meta property=\"article:publisher\" content=\"https:\/\/www.facebook.com\/WebdelMaestroCMF\/\" \/>\n<meta property=\"article:author\" content=\"https:\/\/www.facebook.com\/WebdelMaestroCMF\/\" \/>\n<meta property=\"article:published_time\" content=\"2020-12-01T01:06:13+00:00\" \/>\n<meta property=\"article:modified_time\" content=\"2020-12-01T13:33:01+00:00\" \/>\n<meta property=\"og:image\" content=\"https:\/\/i0.wp.com\/webdelmaestrocmf.com\/portal\/wp-content\/uploads\/2020\/11\/1-copia-84.jpg?fit=1100%2C680&ssl=1\" \/>\n\t<meta property=\"og:image:width\" content=\"1100\" \/>\n\t<meta property=\"og:image:height\" content=\"680\" \/>\n\t<meta property=\"og:image:type\" content=\"image\/jpeg\" \/>\n<meta name=\"author\" content=\"Web del Maestro CMF\" \/>\n<meta name=\"twitter:card\" content=\"summary_large_image\" \/>\n<meta name=\"twitter:creator\" content=\"@cmf_w\" \/>\n<meta name=\"twitter:site\" content=\"@cmf_w\" \/>\n<script type=\"application\/ld+json\" class=\"yoast-schema-graph\">{\"@context\":\"https:\\\/\\\/schema.org\",\"@graph\":[{\"@type\":\"ScholarlyArticle\",\"@id\":\"https:\\\/\\\/webdelmaestrocmf.com\\\/portal\\\/hong-kong-vuelve-a-cerrar-sus-escuelas-por-el-covid-19\\\/#article\",\"isPartOf\":{\"@id\":\"https:\\\/\\\/webdelmaestrocmf.com\\\/portal\\\/hong-kong-vuelve-a-cerrar-sus-escuelas-por-el-covid-19\\\/\"},\"author\":{\"name\":\"Web del Maestro CMF\",\"@id\":\"https:\\\/\\\/webdelmaestrocmf.com\\\/portal\\\/#\\\/schema\\\/person\\\/1072a2ed7bd960df8ef99a551fa35dc5\"},\"headline\":\"Hong Kong vuelve a cerrar sus escuelas para intentar frenar la cuarta oleada de COVID-19\",\"datePublished\":\"2020-12-01T01:06:13+00:00\",\"dateModified\":\"2020-12-01T13:33:01+00:00\",\"mainEntityOfPage\":{\"@id\":\"https:\\\/\\\/webdelmaestrocmf.com\\\/portal\\\/hong-kong-vuelve-a-cerrar-sus-escuelas-por-el-covid-19\\\/\"},\"wordCount\":1154,\"commentCount\":0,\"publisher\":{\"@id\":\"https:\\\/\\\/webdelmaestrocmf.com\\\/portal\\\/#organization\"},\"image\":{\"@id\":\"https:\\\/\\\/webdelmaestrocmf.com\\\/portal\\\/hong-kong-vuelve-a-cerrar-sus-escuelas-por-el-covid-19\\\/#primaryimage\"},\"thumbnailUrl\":\"https:\\\/\\\/webdelmaestrocmf.com\\\/portal\\\/wp-content\\\/uploads\\\/2020\\\/11\\\/1-copia-84.jpg\",\"keywords\":[\"cerrar\",\"Covid 19\",\"Educaci\u00f3n a distancia\",\"EDUCACI\u00d3N TELEM\u00c1TICA\",\"ESCUELAS\",\"HONG KONG\",\"pandemia\",\"video\",\"vuelve\"],\"articleSection\":[\"Yo opino - WMCMF\"],\"inLanguage\":\"es\",\"potentialAction\":[{\"@type\":\"CommentAction\",\"name\":\"Comment\",\"target\":[\"https:\\\/\\\/webdelmaestrocmf.com\\\/portal\\\/hong-kong-vuelve-a-cerrar-sus-escuelas-por-el-covid-19\\\/#respond\"]}]},{\"@type\":\"WebPage\",\"@id\":\"https:\\\/\\\/webdelmaestrocmf.com\\\/portal\\\/hong-kong-vuelve-a-cerrar-sus-escuelas-por-el-covid-19\\\/\",\"url\":\"https:\\\/\\\/webdelmaestrocmf.com\\\/portal\\\/hong-kong-vuelve-a-cerrar-sus-escuelas-por-el-covid-19\\\/\",\"name\":\"Hong Kong vuelve a cerrar sus escuelas para intentar frenar la cuarta oleada de COVID-19 - 2026\",\"isPartOf\":{\"@id\":\"https:\\\/\\\/webdelmaestrocmf.com\\\/portal\\\/#website\"},\"primaryImageOfPage\":{\"@id\":\"https:\\\/\\\/webdelmaestrocmf.com\\\/portal\\\/hong-kong-vuelve-a-cerrar-sus-escuelas-por-el-covid-19\\\/#primaryimage\"},\"image\":{\"@id\":\"https:\\\/\\\/webdelmaestrocmf.com\\\/portal\\\/hong-kong-vuelve-a-cerrar-sus-escuelas-por-el-covid-19\\\/#primaryimage\"},\"thumbnailUrl\":\"https:\\\/\\\/webdelmaestrocmf.com\\\/portal\\\/wp-content\\\/uploads\\\/2020\\\/11\\\/1-copia-84.jpg\",\"datePublished\":\"2020-12-01T01:06:13+00:00\",\"dateModified\":\"2020-12-01T13:33:01+00:00\",\"description\":\"Las escuelas hongkonesas suspendieron las clases presenciales a primeros de febrero, pero se reanudaron brevemente en el verano...\",\"breadcrumb\":{\"@id\":\"https:\\\/\\\/webdelmaestrocmf.com\\\/portal\\\/hong-kong-vuelve-a-cerrar-sus-escuelas-por-el-covid-19\\\/#breadcrumb\"},\"inLanguage\":\"es\",\"potentialAction\":[{\"@type\":\"ReadAction\",\"target\":[\"https:\\\/\\\/webdelmaestrocmf.com\\\/portal\\\/hong-kong-vuelve-a-cerrar-sus-escuelas-por-el-covid-19\\\/\"]}]},{\"@type\":\"ImageObject\",\"inLanguage\":\"es\",\"@id\":\"https:\\\/\\\/webdelmaestrocmf.com\\\/portal\\\/hong-kong-vuelve-a-cerrar-sus-escuelas-por-el-covid-19\\\/#primaryimage\",\"url\":\"https:\\\/\\\/webdelmaestrocmf.com\\\/portal\\\/wp-content\\\/uploads\\\/2020\\\/11\\\/1-copia-84.jpg\",\"contentUrl\":\"https:\\\/\\\/webdelmaestrocmf.com\\\/portal\\\/wp-content\\\/uploads\\\/2020\\\/11\\\/1-copia-84.jpg\",\"width\":1100,\"height\":680},{\"@type\":\"BreadcrumbList\",\"@id\":\"https:\\\/\\\/webdelmaestrocmf.com\\\/portal\\\/hong-kong-vuelve-a-cerrar-sus-escuelas-por-el-covid-19\\\/#breadcrumb\",\"itemListElement\":[{\"@type\":\"ListItem\",\"position\":1,\"name\":\"Portada\",\"item\":\"https:\\\/\\\/webdelmaestrocmf.com\\\/portal\\\/\"},{\"@type\":\"ListItem\",\"position\":2,\"name\":\"Yo opino - WMCMF\",\"item\":\"https:\\\/\\\/webdelmaestrocmf.com\\\/portal\\\/category\\\/jamb\\\/\"},{\"@type\":\"ListItem\",\"position\":3,\"name\":\"Hong Kong vuelve a cerrar sus escuelas para intentar frenar la cuarta oleada de COVID-19\"}]},{\"@type\":\"WebSite\",\"@id\":\"https:\\\/\\\/webdelmaestrocmf.com\\\/portal\\\/#website\",\"url\":\"https:\\\/\\\/webdelmaestrocmf.com\\\/portal\\\/\",\"name\":\"Web del Maestro CMF\",\"description\":\"Maestros al servicio de la educaci\u00f3n\",\"publisher\":{\"@id\":\"https:\\\/\\\/webdelmaestrocmf.com\\\/portal\\\/#organization\"},\"alternateName\":\"WMCMF\",\"potentialAction\":[{\"@type\":\"SearchAction\",\"target\":{\"@type\":\"EntryPoint\",\"urlTemplate\":\"https:\\\/\\\/webdelmaestrocmf.com\\\/portal\\\/?s={search_term_string}\"},\"query-input\":{\"@type\":\"PropertyValueSpecification\",\"valueRequired\":true,\"valueName\":\"search_term_string\"}}],\"inLanguage\":\"es\"},{\"@type\":\"Organization\",\"@id\":\"https:\\\/\\\/webdelmaestrocmf.com\\\/portal\\\/#organization\",\"name\":\"Web del Maestro CMF\",\"alternateName\":\"WMCMF\",\"url\":\"https:\\\/\\\/webdelmaestrocmf.com\\\/portal\\\/\",\"logo\":{\"@type\":\"ImageObject\",\"inLanguage\":\"es\",\"@id\":\"https:\\\/\\\/webdelmaestrocmf.com\\\/portal\\\/#\\\/schema\\\/logo\\\/image\\\/\",\"url\":\"https:\\\/\\\/webdelmaestrocmf.com\\\/portal\\\/wp-content\\\/uploads\\\/2023\\\/01\\\/logo-wmcmf-2.png\",\"contentUrl\":\"https:\\\/\\\/webdelmaestrocmf.com\\\/portal\\\/wp-content\\\/uploads\\\/2023\\\/01\\\/logo-wmcmf-2.png\",\"width\":200,\"height\":60,\"caption\":\"Web del Maestro CMF\"},\"image\":{\"@id\":\"https:\\\/\\\/webdelmaestrocmf.com\\\/portal\\\/#\\\/schema\\\/logo\\\/image\\\/\"},\"sameAs\":[\"https:\\\/\\\/www.facebook.com\\\/WebdelMaestroCMF\\\/\",\"https:\\\/\\\/x.com\\\/cmf_w\",\"https:\\\/\\\/www.pinterest.com\\\/WMCMF\\\/\",\"https:\\\/\\\/www.linkedin.com\\\/company\\\/web-del-maestro-cmf\\\/\",\"https:\\\/\\\/www.instagram.com\\\/wmcmf\\\/\",\"https:\\\/\\\/www.youtube.com\\\/channel\\\/UCDPSvjbdodE5sHnC3OxutHw\",\"https:\\\/\\\/mastodon.social\\\/@wmcmf\",\"https:\\\/\\\/www.tiktok.com\\\/@webdelmaestrocmf\"]},{\"@type\":\"Person\",\"@id\":\"https:\\\/\\\/webdelmaestrocmf.com\\\/portal\\\/#\\\/schema\\\/person\\\/1072a2ed7bd960df8ef99a551fa35dc5\",\"name\":\"Web del Maestro CMF\",\"image\":{\"@type\":\"ImageObject\",\"inLanguage\":\"es\",\"@id\":\"https:\\\/\\\/secure.gravatar.com\\\/avatar\\\/23291dd5b5ae1077dcff3dbb04c3e02bd28403fa75af6d8787d5e97c5bbbe30b?s=96&d=mm&r=g\",\"url\":\"https:\\\/\\\/secure.gravatar.com\\\/avatar\\\/23291dd5b5ae1077dcff3dbb04c3e02bd28403fa75af6d8787d5e97c5bbbe30b?s=96&d=mm&r=g\",\"contentUrl\":\"https:\\\/\\\/secure.gravatar.com\\\/avatar\\\/23291dd5b5ae1077dcff3dbb04c3e02bd28403fa75af6d8787d5e97c5bbbe30b?s=96&d=mm&r=g\",\"caption\":\"Web del Maestro CMF\"},\"description\":\"Esta Web se cre\u00f3 sin fines de lucro, con fines educativos, cient\u00edficos y acad\u00e9micos, para personas que tengan dificultades y\\\/o inconvenientes en visualizar el material original. El objetivo es entregar recursos, compartir experiencias y materiales que ayuden a los padres de familia, maestros y estudiantes en su actualizaci\u00f3n y formaci\u00f3n permanente, en bien de la Educaci\u00f3n.\",\"sameAs\":[\"http:\\\/\\\/webdelmaestrocmf.com\\\/portal\",\"https:\\\/\\\/www.facebook.com\\\/WebdelMaestroCMF\\\/\",\"https:\\\/\\\/www.instagram.com\\\/wmcmf\\\/\",\"https:\\\/\\\/cl.linkedin.com\\\/company\\\/web-del-maestro-cmf\",\"https:\\\/\\\/www.pinterest.com\\\/WMCMF\\\/publicaciones\\\/\",\"https:\\\/\\\/x.com\\\/cmf_w\",\"https:\\\/\\\/www.youtube.com\\\/@WMCMF\"]}]}<\/script>\n<!-- \/ Yoast SEO plugin. -->","yoast_head_json":{"title":"Hong Kong vuelve a cerrar sus escuelas para intentar frenar la cuarta oleada de COVID-19 - 2026","description":"Las escuelas hongkonesas suspendieron las clases presenciales a primeros de febrero, pero se reanudaron brevemente en el verano...","robots":{"index":"index","follow":"follow","max-snippet":"max-snippet:-1","max-image-preview":"max-image-preview:large","max-video-preview":"max-video-preview:-1"},"canonical":"https:\/\/webdelmaestrocmf.com\/portal\/hong-kong-vuelve-a-cerrar-sus-escuelas-por-el-covid-19\/","og_locale":"es_ES","og_type":"article","og_title":"Hong Kong vuelve a cerrar sus escuelas para intentar frenar la cuarta oleada de COVID-19 - 2026","og_description":"Las escuelas hongkonesas suspendieron las clases presenciales a primeros de febrero, pero se reanudaron brevemente en el verano...","og_url":"https:\/\/webdelmaestrocmf.com\/portal\/hong-kong-vuelve-a-cerrar-sus-escuelas-por-el-covid-19\/","og_site_name":"Web del Maestro CMF","article_publisher":"https:\/\/www.facebook.com\/WebdelMaestroCMF\/","article_author":"https:\/\/www.facebook.com\/WebdelMaestroCMF\/","article_published_time":"2020-12-01T01:06:13+00:00","article_modified_time":"2020-12-01T13:33:01+00:00","og_image":[{"width":1100,"height":680,"url":"https:\/\/i0.wp.com\/webdelmaestrocmf.com\/portal\/wp-content\/uploads\/2020\/11\/1-copia-84.jpg?fit=1100%2C680&ssl=1","type":"image\/jpeg"}],"author":"Web del Maestro CMF","twitter_card":"summary_large_image","twitter_creator":"@cmf_w","twitter_site":"@cmf_w","schema":{"@context":"https:\/\/schema.org","@graph":[{"@type":"ScholarlyArticle","@id":"https:\/\/webdelmaestrocmf.com\/portal\/hong-kong-vuelve-a-cerrar-sus-escuelas-por-el-covid-19\/#article","isPartOf":{"@id":"https:\/\/webdelmaestrocmf.com\/portal\/hong-kong-vuelve-a-cerrar-sus-escuelas-por-el-covid-19\/"},"author":{"name":"Web del Maestro CMF","@id":"https:\/\/webdelmaestrocmf.com\/portal\/#\/schema\/person\/1072a2ed7bd960df8ef99a551fa35dc5"},"headline":"Hong Kong vuelve a cerrar sus escuelas para intentar frenar la cuarta oleada de COVID-19","datePublished":"2020-12-01T01:06:13+00:00","dateModified":"2020-12-01T13:33:01+00:00","mainEntityOfPage":{"@id":"https:\/\/webdelmaestrocmf.com\/portal\/hong-kong-vuelve-a-cerrar-sus-escuelas-por-el-covid-19\/"},"wordCount":1154,"commentCount":0,"publisher":{"@id":"https:\/\/webdelmaestrocmf.com\/portal\/#organization"},"image":{"@id":"https:\/\/webdelmaestrocmf.com\/portal\/hong-kong-vuelve-a-cerrar-sus-escuelas-por-el-covid-19\/#primaryimage"},"thumbnailUrl":"https:\/\/webdelmaestrocmf.com\/portal\/wp-content\/uploads\/2020\/11\/1-copia-84.jpg","keywords":["cerrar","Covid 19","Educaci\u00f3n a distancia","EDUCACI\u00d3N TELEM\u00c1TICA","ESCUELAS","HONG KONG","pandemia","video","vuelve"],"articleSection":["Yo opino - WMCMF"],"inLanguage":"es","potentialAction":[{"@type":"CommentAction","name":"Comment","target":["https:\/\/webdelmaestrocmf.com\/portal\/hong-kong-vuelve-a-cerrar-sus-escuelas-por-el-covid-19\/#respond"]}]},{"@type":"WebPage","@id":"https:\/\/webdelmaestrocmf.com\/portal\/hong-kong-vuelve-a-cerrar-sus-escuelas-por-el-covid-19\/","url":"https:\/\/webdelmaestrocmf.com\/portal\/hong-kong-vuelve-a-cerrar-sus-escuelas-por-el-covid-19\/","name":"Hong Kong vuelve a cerrar sus escuelas para intentar frenar la cuarta oleada de COVID-19 - 2026","isPartOf":{"@id":"https:\/\/webdelmaestrocmf.com\/portal\/#website"},"primaryImageOfPage":{"@id":"https:\/\/webdelmaestrocmf.com\/portal\/hong-kong-vuelve-a-cerrar-sus-escuelas-por-el-covid-19\/#primaryimage"},"image":{"@id":"https:\/\/webdelmaestrocmf.com\/portal\/hong-kong-vuelve-a-cerrar-sus-escuelas-por-el-covid-19\/#primaryimage"},"thumbnailUrl":"https:\/\/webdelmaestrocmf.com\/portal\/wp-content\/uploads\/2020\/11\/1-copia-84.jpg","datePublished":"2020-12-01T01:06:13+00:00","dateModified":"2020-12-01T13:33:01+00:00","description":"Las escuelas hongkonesas suspendieron las clases presenciales a primeros de febrero, pero se reanudaron brevemente en el verano...","breadcrumb":{"@id":"https:\/\/webdelmaestrocmf.com\/portal\/hong-kong-vuelve-a-cerrar-sus-escuelas-por-el-covid-19\/#breadcrumb"},"inLanguage":"es","potentialAction":[{"@type":"ReadAction","target":["https:\/\/webdelmaestrocmf.com\/portal\/hong-kong-vuelve-a-cerrar-sus-escuelas-por-el-covid-19\/"]}]},{"@type":"ImageObject","inLanguage":"es","@id":"https:\/\/webdelmaestrocmf.com\/portal\/hong-kong-vuelve-a-cerrar-sus-escuelas-por-el-covid-19\/#primaryimage","url":"https:\/\/webdelmaestrocmf.com\/portal\/wp-content\/uploads\/2020\/11\/1-copia-84.jpg","contentUrl":"https:\/\/webdelmaestrocmf.com\/portal\/wp-content\/uploads\/2020\/11\/1-copia-84.jpg","width":1100,"height":680},{"@type":"BreadcrumbList","@id":"https:\/\/webdelmaestrocmf.com\/portal\/hong-kong-vuelve-a-cerrar-sus-escuelas-por-el-covid-19\/#breadcrumb","itemListElement":[{"@type":"ListItem","position":1,"name":"Portada","item":"https:\/\/webdelmaestrocmf.com\/portal\/"},{"@type":"ListItem","position":2,"name":"Yo opino - WMCMF","item":"https:\/\/webdelmaestrocmf.com\/portal\/category\/jamb\/"},{"@type":"ListItem","position":3,"name":"Hong Kong vuelve a cerrar sus escuelas para intentar frenar la cuarta oleada de COVID-19"}]},{"@type":"WebSite","@id":"https:\/\/webdelmaestrocmf.com\/portal\/#website","url":"https:\/\/webdelmaestrocmf.com\/portal\/","name":"Web del Maestro CMF","description":"Maestros al servicio de la educaci\u00f3n","publisher":{"@id":"https:\/\/webdelmaestrocmf.com\/portal\/#organization"},"alternateName":"WMCMF","potentialAction":[{"@type":"SearchAction","target":{"@type":"EntryPoint","urlTemplate":"https:\/\/webdelmaestrocmf.com\/portal\/?s={search_term_string}"},"query-input":{"@type":"PropertyValueSpecification","valueRequired":true,"valueName":"search_term_string"}}],"inLanguage":"es"},{"@type":"Organization","@id":"https:\/\/webdelmaestrocmf.com\/portal\/#organization","name":"Web del Maestro CMF","alternateName":"WMCMF","url":"https:\/\/webdelmaestrocmf.com\/portal\/","logo":{"@type":"ImageObject","inLanguage":"es","@id":"https:\/\/webdelmaestrocmf.com\/portal\/#\/schema\/logo\/image\/","url":"https:\/\/webdelmaestrocmf.com\/portal\/wp-content\/uploads\/2023\/01\/logo-wmcmf-2.png","contentUrl":"https:\/\/webdelmaestrocmf.com\/portal\/wp-content\/uploads\/2023\/01\/logo-wmcmf-2.png","width":200,"height":60,"caption":"Web del Maestro CMF"},"image":{"@id":"https:\/\/webdelmaestrocmf.com\/portal\/#\/schema\/logo\/image\/"},"sameAs":["https:\/\/www.facebook.com\/WebdelMaestroCMF\/","https:\/\/x.com\/cmf_w","https:\/\/www.pinterest.com\/WMCMF\/","https:\/\/www.linkedin.com\/company\/web-del-maestro-cmf\/","https:\/\/www.instagram.com\/wmcmf\/","https:\/\/www.youtube.com\/channel\/UCDPSvjbdodE5sHnC3OxutHw","https:\/\/mastodon.social\/@wmcmf","https:\/\/www.tiktok.com\/@webdelmaestrocmf"]},{"@type":"Person","@id":"https:\/\/webdelmaestrocmf.com\/portal\/#\/schema\/person\/1072a2ed7bd960df8ef99a551fa35dc5","name":"Web del Maestro CMF","image":{"@type":"ImageObject","inLanguage":"es","@id":"https:\/\/secure.gravatar.com\/avatar\/23291dd5b5ae1077dcff3dbb04c3e02bd28403fa75af6d8787d5e97c5bbbe30b?s=96&d=mm&r=g","url":"https:\/\/secure.gravatar.com\/avatar\/23291dd5b5ae1077dcff3dbb04c3e02bd28403fa75af6d8787d5e97c5bbbe30b?s=96&d=mm&r=g","contentUrl":"https:\/\/secure.gravatar.com\/avatar\/23291dd5b5ae1077dcff3dbb04c3e02bd28403fa75af6d8787d5e97c5bbbe30b?s=96&d=mm&r=g","caption":"Web del Maestro CMF"},"description":"Esta Web se cre\u00f3 sin fines de lucro, con fines educativos, cient\u00edficos y acad\u00e9micos, para personas que tengan dificultades y\/o inconvenientes en visualizar el material original. El objetivo es entregar recursos, compartir experiencias y materiales que ayuden a los padres de familia, maestros y estudiantes en su actualizaci\u00f3n y formaci\u00f3n permanente, en bien de la Educaci\u00f3n.","sameAs":["http:\/\/webdelmaestrocmf.com\/portal","https:\/\/www.facebook.com\/WebdelMaestroCMF\/","https:\/\/www.instagram.com\/wmcmf\/","https:\/\/cl.linkedin.com\/company\/web-del-maestro-cmf","https:\/\/www.pinterest.com\/WMCMF\/publicaciones\/","https:\/\/x.com\/cmf_w","https:\/\/www.youtube.com\/@WMCMF"]}]}},"jetpack_featured_media_url":"https:\/\/webdelmaestrocmf.com\/portal\/wp-content\/uploads\/2020\/11\/1-copia-84.jpg","jetpack_sharing_enabled":true,"jetpack-related-posts":[{"id":10580,"url":"https:\/\/webdelmaestrocmf.com\/portal\/singapur-encabeza-ranking-mundial-de-educacion-y-finlandia\/","url_meta":{"origin":55411,"position":0},"title":"Singapur encabeza ranking mundial de educaci\u00f3n. \u00bfY Finlandia?","author":"Web del Maestro CMF","date":"29 noviembre, 2016","format":false,"excerpt":"\u00bfQu\u00e9 dicen los resultados de la encuesta internacional sobre matem\u00e1tica y ciencias (TIMSS) 2015?\u00a0 Aparte del Informe del Programa Internacional para la Evaluaci\u00f3n de Estudiantes o\u00a0Informe PISA, tambi\u00e9n existe una Encuesta Internacional sobre Matem\u00e1ticas y Ciencias (TIMSS), que se publican cada cuatro a\u00f1os, sobre una poblaci\u00f3n de un promedio de\u2026","rel":"","context":"En \u00abYo opino - WMCMF\u00bb","block_context":{"text":"Yo opino - WMCMF","link":"https:\/\/webdelmaestrocmf.com\/portal\/category\/jamb\/"},"img":{"alt_text":"","src":"https:\/\/i0.wp.com\/webdelmaestrocmf.com\/portal\/wp-content\/uploads\/2016\/11\/1.jpg?resize=350%2C200&ssl=1","width":350,"height":200,"srcset":"https:\/\/i0.wp.com\/webdelmaestrocmf.com\/portal\/wp-content\/uploads\/2016\/11\/1.jpg?resize=350%2C200&ssl=1 1x, https:\/\/i0.wp.com\/webdelmaestrocmf.com\/portal\/wp-content\/uploads\/2016\/11\/1.jpg?resize=525%2C300&ssl=1 1.5x, https:\/\/i0.wp.com\/webdelmaestrocmf.com\/portal\/wp-content\/uploads\/2016\/11\/1.jpg?resize=700%2C400&ssl=1 2x"},"classes":[]},{"id":12171,"url":"https:\/\/webdelmaestrocmf.com\/portal\/informe-pisa-2016-que-tienen-ellos-que-no-tienen-los-otros\/","url_meta":{"origin":55411,"position":1},"title":"INFORME PISA: \u00bfQU\u00c9 TIENEN ELLOS QUE NO TIENEN LOS OTROS?","author":"Web del Maestro CMF","date":"16 diciembre, 2016","format":false,"excerpt":"Este art\u00edculo parece ser un primer acercamiento anal\u00edtico del porqu\u00e9 los pa\u00edses como Singapur, Jap\u00f3n, Estonia, Corea del Sur, Hong Kong, Taiw\u00e1n, Macao, Vietnam y la ciudad china de Shangh\u00e1i, han conseguido los primeros lugares en la \u00faltima publicaci\u00f3n de la OCDE sobre las pruebas PISA. Compartimos con Ustedes, con\u2026","rel":"","context":"En \u00abSin categor\u00eda\u00bb","block_context":{"text":"Sin categor\u00eda","link":"https:\/\/webdelmaestrocmf.com\/portal\/category\/sin-categoria-es\/"},"img":{"alt_text":"","src":"https:\/\/i0.wp.com\/webdelmaestrocmf.com\/portal\/wp-content\/uploads\/2016\/12\/pisa.jpg?resize=350%2C200&ssl=1","width":350,"height":200,"srcset":"https:\/\/i0.wp.com\/webdelmaestrocmf.com\/portal\/wp-content\/uploads\/2016\/12\/pisa.jpg?resize=350%2C200&ssl=1 1x, https:\/\/i0.wp.com\/webdelmaestrocmf.com\/portal\/wp-content\/uploads\/2016\/12\/pisa.jpg?resize=525%2C300&ssl=1 1.5x, https:\/\/i0.wp.com\/webdelmaestrocmf.com\/portal\/wp-content\/uploads\/2016\/12\/pisa.jpg?resize=700%2C400&ssl=1 2x"},"classes":[]},{"id":24138,"url":"https:\/\/webdelmaestrocmf.com\/portal\/la-evaluacion-al-docente-lo-hacen-shanghai-singapur-japon-hong-kong-finlandia-canada-corea-del-sur\/","url_meta":{"origin":55411,"position":2},"title":"C\u00f3mo se eval\u00faa a los docentes en Shangh\u00e1i, Singapur, Jap\u00f3n, Hong Kong, Finlandia, Canad\u00e1 y Corea","author":"Web del Maestro CMF","date":"31 enero, 2024","format":false,"excerpt":"\u00bfEst\u00e1n todos de acuerdo sobre qu\u00e9 es, c\u00f3mo se aplica y cu\u00e1l es el objetivo de una evaluaci\u00f3n? \u00bfEs la evaluaci\u00f3n docente el punto de partida para aprender y mejorar en la educaci\u00f3n de una determinada realidad? \u00bfC\u00f3mo se perfeccionar\u00e1 la tarea docente sin un diagn\u00f3stico? \u00bfSon claras las normas\u2026","rel":"","context":"En \u00abYo opino - WMCMF\u00bb","block_context":{"text":"Yo opino - WMCMF","link":"https:\/\/webdelmaestrocmf.com\/portal\/category\/jamb\/"},"img":{"alt_text":"","src":"https:\/\/i0.wp.com\/webdelmaestrocmf.com\/portal\/wp-content\/uploads\/2019\/01\/Banner-1-portada-imagen-10-1-2.jpg?resize=350%2C200&ssl=1","width":350,"height":200,"srcset":"https:\/\/i0.wp.com\/webdelmaestrocmf.com\/portal\/wp-content\/uploads\/2019\/01\/Banner-1-portada-imagen-10-1-2.jpg?resize=350%2C200&ssl=1 1x, https:\/\/i0.wp.com\/webdelmaestrocmf.com\/portal\/wp-content\/uploads\/2019\/01\/Banner-1-portada-imagen-10-1-2.jpg?resize=525%2C300&ssl=1 1.5x, https:\/\/i0.wp.com\/webdelmaestrocmf.com\/portal\/wp-content\/uploads\/2019\/01\/Banner-1-portada-imagen-10-1-2.jpg?resize=700%2C400&ssl=1 2x"},"classes":[]},{"id":34568,"url":"https:\/\/webdelmaestrocmf.com\/portal\/cuantos-menos-politicos-se-impliquen-en-temas-educativos-mayor-la-oportunidad-de-que-participen-alumnos-padres-y-profesores\/","url_meta":{"origin":55411,"position":3},"title":"Andreas Schleicher: Cuantos menos pol\u00edticos se impliquen en temas educativos, mayor la oportunidad de que participen alumnos, padres y profesores","author":"Web del Maestro CMF","date":"6 diciembre, 2019","format":false,"excerpt":"El estad\u00edstico e investigador alem\u00e1n en el \u00e1rea de la educaci\u00f3n. Andreas Schleicher (Hamburgo, Alemania, 1964), estudi\u00f3 F\u00edsica en Hamburgo, matem\u00e1ticas en la Universidad de Deakin en Australia, donde se gradu\u00f3 con una Maestr\u00eda en Ciencias (1992). Actualmente es director de Educaci\u00f3n de la Organizaci\u00f3n para la Cooperaci\u00f3n y el\u2026","rel":"","context":"En \u00abEntrevistas\u00bb","block_context":{"text":"Entrevistas","link":"https:\/\/webdelmaestrocmf.com\/portal\/category\/noticias\/entrevistas\/"},"img":{"alt_text":"","src":"https:\/\/i0.wp.com\/webdelmaestrocmf.com\/portal\/wp-content\/uploads\/2019\/01\/2-18.jpg?resize=350%2C200&ssl=1","width":350,"height":200,"srcset":"https:\/\/i0.wp.com\/webdelmaestrocmf.com\/portal\/wp-content\/uploads\/2019\/01\/2-18.jpg?resize=350%2C200&ssl=1 1x, https:\/\/i0.wp.com\/webdelmaestrocmf.com\/portal\/wp-content\/uploads\/2019\/01\/2-18.jpg?resize=525%2C300&ssl=1 1.5x, https:\/\/i0.wp.com\/webdelmaestrocmf.com\/portal\/wp-content\/uploads\/2019\/01\/2-18.jpg?resize=700%2C400&ssl=1 2x, https:\/\/i0.wp.com\/webdelmaestrocmf.com\/portal\/wp-content\/uploads\/2019\/01\/2-18.jpg?resize=1050%2C600&ssl=1 3x"},"classes":[]},{"id":56005,"url":"https:\/\/webdelmaestrocmf.com\/portal\/los-maestros-deben-tener-prioridad-en-la-vacunacion-contra-la-covid-19\/","url_meta":{"origin":55411,"position":4},"title":"Unicef pide que se d\u00e9 prioridad a los maestros en la vacunaci\u00f3n de la COVID-19","author":"Web del Maestro CMF","date":"17 diciembre, 2020","format":false,"excerpt":"NUEVA YORK, 15 de diciembre de 2020 \u2013\u00a0\u201cLa pandemia de COVID-19 ha causado estragos en la ense\u00f1anza de los ni\u00f1os de todo el mundo. La vacunaci\u00f3n de los maestros es una medida fundamental para que vuelvan a estudiar de nuevo. \u201cEn su punto \u00e1lgido, a finales de abril de 2020,\u2026","rel":"","context":"En \u00abNoticias\u00bb","block_context":{"text":"Noticias","link":"https:\/\/webdelmaestrocmf.com\/portal\/category\/pedagogia\/noticias-pedagogia\/"},"img":{"alt_text":"","src":"https:\/\/i0.wp.com\/webdelmaestrocmf.com\/portal\/wp-content\/uploads\/2020\/12\/1-31.jpg?resize=350%2C200&ssl=1","width":350,"height":200,"srcset":"https:\/\/i0.wp.com\/webdelmaestrocmf.com\/portal\/wp-content\/uploads\/2020\/12\/1-31.jpg?resize=350%2C200&ssl=1 1x, https:\/\/i0.wp.com\/webdelmaestrocmf.com\/portal\/wp-content\/uploads\/2020\/12\/1-31.jpg?resize=525%2C300&ssl=1 1.5x, https:\/\/i0.wp.com\/webdelmaestrocmf.com\/portal\/wp-content\/uploads\/2020\/12\/1-31.jpg?resize=700%2C400&ssl=1 2x, https:\/\/i0.wp.com\/webdelmaestrocmf.com\/portal\/wp-content\/uploads\/2020\/12\/1-31.jpg?resize=1050%2C600&ssl=1 3x"},"classes":[]},{"id":18441,"url":"https:\/\/webdelmaestrocmf.com\/portal\/nuevas-metodologias-educativas-secreto-las-superescuelas\/","url_meta":{"origin":55411,"position":5},"title":"Nuevas metodolog\u00edas educativas: El secreto de las superescuelas","author":"Web del Maestro CMF","date":"6 enero, 2020","format":false,"excerpt":"La Fundaci\u00f3n Telef\u00f3nica nos ofrece (para descargar \u2013con fines educativos- gratuitamente en PDF) el libro \u201cVIAJE A LA ESCUELA DEL SIGLO XXI\u201d, del Psic\u00f3logo, Educador e Investigador Alfredo Hernando Calvo, nacido en Aranda de Duero (Espa\u00f1a), que intenta ser una gu\u00eda sobre las escuelas m\u00e1s innovadoras del mundo, y \u201canimar\u2026","rel":"","context":"En \u00abDocentes\u00bb","block_context":{"text":"Docentes","link":"https:\/\/webdelmaestrocmf.com\/portal\/category\/pedagogia\/docentes\/"},"img":{"alt_text":"","src":"https:\/\/i0.wp.com\/webdelmaestrocmf.com\/portal\/wp-content\/uploads\/2019\/05\/1-98.jpg?resize=350%2C200&ssl=1","width":350,"height":200,"srcset":"https:\/\/i0.wp.com\/webdelmaestrocmf.com\/portal\/wp-content\/uploads\/2019\/05\/1-98.jpg?resize=350%2C200&ssl=1 1x, https:\/\/i0.wp.com\/webdelmaestrocmf.com\/portal\/wp-content\/uploads\/2019\/05\/1-98.jpg?resize=525%2C300&ssl=1 1.5x, https:\/\/i0.wp.com\/webdelmaestrocmf.com\/portal\/wp-content\/uploads\/2019\/05\/1-98.jpg?resize=700%2C400&ssl=1 2x, https:\/\/i0.wp.com\/webdelmaestrocmf.com\/portal\/wp-content\/uploads\/2019\/05\/1-98.jpg?resize=1050%2C600&ssl=1 3x"},"classes":[]}],"_links":{"self":[{"href":"https:\/\/webdelmaestrocmf.com\/portal\/wp-json\/wp\/v2\/posts\/55411","targetHints":{"allow":["GET"]}}],"collection":[{"href":"https:\/\/webdelmaestrocmf.com\/portal\/wp-json\/wp\/v2\/posts"}],"about":[{"href":"https:\/\/webdelmaestrocmf.com\/portal\/wp-json\/wp\/v2\/types\/post"}],"author":[{"embeddable":true,"href":"https:\/\/webdelmaestrocmf.com\/portal\/wp-json\/wp\/v2\/users\/1"}],"replies":[{"embeddable":true,"href":"https:\/\/webdelmaestrocmf.com\/portal\/wp-json\/wp\/v2\/comments?post=55411"}],"version-history":[{"count":0,"href":"https:\/\/webdelmaestrocmf.com\/portal\/wp-json\/wp\/v2\/posts\/55411\/revisions"}],"wp:featuredmedia":[{"embeddable":true,"href":"https:\/\/webdelmaestrocmf.com\/portal\/wp-json\/wp\/v2\/media\/55415"}],"wp:attachment":[{"href":"https:\/\/webdelmaestrocmf.com\/portal\/wp-json\/wp\/v2\/media?parent=55411"}],"wp:term":[{"taxonomy":"category","embeddable":true,"href":"https:\/\/webdelmaestrocmf.com\/portal\/wp-json\/wp\/v2\/categories?post=55411"},{"taxonomy":"post_tag","embeddable":true,"href":"https:\/\/webdelmaestrocmf.com\/portal\/wp-json\/wp\/v2\/tags?post=55411"}],"curies":[{"name":"wp","href":"https:\/\/api.w.org\/{rel}","templated":true}]}}