{"id":55222,"date":"2020-11-25T22:38:40","date_gmt":"2020-11-26T01:38:40","guid":{"rendered":"https:\/\/webdelmaestrocmf.com\/portal\/?p=55222"},"modified":"2020-12-01T22:34:07","modified_gmt":"2020-12-02T01:34:07","slug":"disenamos-nuestras-escuelas-y-lugares-de-trabajo-pensando-solo-en-los-extrovertidos","status":"publish","type":"post","link":"https:\/\/webdelmaestrocmf.com\/portal\/disenamos-nuestras-escuelas-y-lugares-de-trabajo-pensando-solo-en-los-extrovertidos\/","title":{"rendered":"Dise\u00f1amos nuestras escuelas y lugares de trabajo pensando solo en los extrovertidos"},"content":{"rendered":"<h5 style=\"text-align: justify;\">Susan Horowitz Cain (USA, 1968) es una escritora y conferencista estadounidense, licenciada en Literatura Inglesa en la Universidad de Princeton y en Derecho en la Universidad de Harvard, quer\u00eda ser psic\u00f3loga investigadora, pero su inter\u00e9s por la introversi\u00f3n, supuestamente se debi\u00f3 a sus propias dificultades para hablar en p\u00fablico, le llev\u00f3 a escribir en 2012 Quiet: The Power of Introverts in a World That Can&#8217;t Stop Talking, libro de no ficci\u00f3n de, que sostiene que <strong>la cultura occidental moderna malinterpreta y subestima los rasgos y capacidades de las personas introvertidas<\/strong>.<\/h5>\n<p><!--more--><\/p>\n<p style=\"text-align: justify;\">En 2015, renunci\u00f3 a su carrera en la abogac\u00eda para fundar Quiet Revolution, una empresa basada en la misi\u00f3n con iniciativas en las \u00e1reas de ni\u00f1os (crianza y educaci\u00f3n), estilo de vida y lugar de trabajo. El libro de continuaci\u00f3n de Cain de 2016, <em>El poder de los introvertidos en un mundo incapaz de callarse<\/em>, se centr\u00f3 en ni\u00f1os y adolescentes introvertidos, y el libro tambi\u00e9n est\u00e1 <strong>dirigido para trabajar con padres y maestros de ni\u00f1os introvertidos y reformar la cultura y el dise\u00f1o del lugar de trabajo,<\/strong> y en particular reemplazar lo que ella denomina \u00abEl nuevo pensamiento grupal \u00bb por un entorno m\u00e1s propicio para el pensamiento profundo y la reflexi\u00f3n individual. Cualquier trastorno para el aprendizaje, detectado y tratado a tiempo facilitar\u00e1 mucho la educaci\u00f3n conjunta de padres y profesores.<\/p>\n<p style=\"text-align: justify;\">La escritora Cain lamenta que <strong>\u201cdise\u00f1amos nuestras escuelas y lugares de trabajo pensando solo en los extrovertidos<\/strong> y desaprovechamos el talento de los introvertidos\u201d. Sus trabajos sobre introversi\u00f3n y timidez han sido publicados en The New York Times o la revista Time. Ella intenta abanderar la revoluci\u00f3n silenciosa de los introvertidos. \u201cEl poder de los Introvertidos\u201d es una de las conferencias TED m\u00e1s populares (fue vista mas de 4.000.000 de veces hasta la fecha).<\/p>\n<p style=\"text-align: justify;\">Art\u00edculo relacionado: <a href=\"https:\/\/webdelmaestrocmf.com\/portal\/los-trastornos-las-dificultades-aprendizaje-mas-comunes\/\" target=\"_blank\" rel=\"noopener noreferrer\"><strong>LOS TRASTORNOS Y LAS DIFICULTADES DE APRENDIZAJE MAS COMUNES<\/strong><\/a><\/p>\n<p style=\"text-align: justify;\">Este art\u00edculo lo hemos elaborado teniendo como fuente la publicaci\u00f3n de la serie <strong>APRENDEMOS JUNTOS<\/strong>, de El Pa\u00eds (Espa\u00f1a), BBVA y Editorial Santillana -cuyo enlace lo se\u00f1alamos al final de este art\u00edculo-, considerando que <strong>podr\u00eda ayudarnos en nuestra tarea educativa<\/strong>, por lo que <strong>les sugerimos leer la transcripci\u00f3n completa<\/strong>. Adem\u00e1s, dejamos claro que la elecci\u00f3n de los fragmentos, los resaltados y letras cursivas son nuestras. La visualizaci\u00f3n de los videos ser\u00eda un excelente <strong>recurso para el di\u00e1logo<\/strong> y el manejo <strong>acompa\u00f1ado en la construcci\u00f3n del pensamiento cr\u00edtico<\/strong>, de los tres agentes del proceso educativo, y tener en cuenta que los trastornos de aprendizaje no son extra\u00f1os en cualquier grupo humano.<\/p>\n<h5 style=\"text-align: left;\"><strong>NI\u00d1OS INTROVERTIDOS O T\u00cdMIDOS, \u00bfC\u00d3MO APOYARLES?\u00a0 <\/strong>(MOMENTO DESTACADO 05\u00b4 51\u201d)<\/h5>\n<p><iframe loading=\"lazy\" src=\"https:\/\/www.youtube.com\/embed\/6WQ2yyTy-gs\" width=\"100%\" height=\"400\" frameborder=\"0\" allowfullscreen=\"allowfullscreen\" data-mce-fragment=\"1\"><span data-mce-type=\"bookmark\" style=\"display: inline-block; width: 0px; overflow: hidden; line-height: 0;\" class=\"mce_SELRES_start\">\ufeff<\/span><\/iframe><\/p>\n<p style=\"text-align: justify;\"><strong>SUSAN CAIN:<\/strong> \u201cLa gente me pregunta a menudo cu\u00e1l es la diferencia entre ser introvertido y ser t\u00edmido. La introversi\u00f3n tiene que ver con <strong>la predilecci\u00f3n por estar en entornos tranquilos y apacibles<\/strong>. Puede que te encante estar con gente, pero quiz\u00e1 prefieras estar solo con una persona y quedar para tomar una copa de vino, en lugar de ir a fiestas multitudinarias y cosas por el estilo. <strong>La timidez est\u00e1 m\u00e1s relacionada con el miedo a que los dem\u00e1s nos juzguen.<\/strong> [&#8230;]\u00a0En la pr\u00e1ctica, <strong>hay muchos introvertidos que son t\u00edmidos<\/strong>, pero tambi\u00e9n hay muchos que no lo son. [&#8230;]\u00a0En nuestra sociedad, <strong>hay prejuicios hacia los rasgos de introversi\u00f3n.<\/strong> Hay muchos motivos para ello, pero es algo que se remonta al siglo XIX, cuando pasamos de lo que los historiadores llaman <strong>\u00abla cultura del car\u00e1ct<\/strong>er\u00bb, a una nueva <strong>cultura de la personalidad<\/strong>.<\/p>\n<p style=\"text-align: justify;\">Art\u00edculo recomendado: <a href=\"https:\/\/webdelmaestrocmf.com\/portal\/los-procedimientos-para-luchar-contra-la-timidez-pasan-por-no-sobreproteger-al-nino\/\" target=\"_blank\" rel=\"noopener noreferrer\"><strong>LOS PROCEDIMIENTOS PARA LUCHAR CONTRA LA TIMIDEZ PASAN POR NO SOBREPROTEGER AL NI\u00d1O<\/strong><\/a><\/p>\n<p style=\"text-align: justify;\">[&#8230;]\u00a0Durante <strong>la cultura del car\u00e1cter<\/strong>, la gente viv\u00eda en pueblos peque\u00f1os, junto con otras personas. Todos se conoc\u00edan y se juzgaban los unos a los otros bas\u00e1ndose en c\u00f3mo eran por dentro: \u00ab\u00bfEs buena persona? \u00bfEs honesta? \u00bfSe puede confiar en ella?\u00bb. Entonces, en el siglo XX, nos fuimos a vivir a la ciudad, con trabajos m\u00e1s corporativos, donde lo importante era saber venderse a uno mismo. De pronto, cualidades como tener gancho, ser carism\u00e1tico y simp\u00e1tico se volvieron importantes. Hoy en d\u00eda, <strong>seguimos viviendo en la cultura de la personalidad,<\/strong> aunque yo dir\u00eda que con ciertos matices. Sobre todo, <strong>gracias al auge de la tecnolog\u00eda, <\/strong>un \u00e1mbito en el que algunas de sus figuras m\u00e1s influyentes han sido personalidades claramente introvertidas. [&#8230;] <strong>Las personas introvertidas aportan <\/strong>cualidades como la sensaci\u00f3n de paz interior y tranquilidad. Cuando hay que tomar decisiones, hay que hacerlo con una buena dosis de reflexi\u00f3n. [&#8230;]<\/p>\n<h5 style=\"text-align: left;\">C\u00f3mo ser introvertido y vivir en un mundo para extrovertidos \u00a0(VIDEO COMPLETO 16\u00b4 27\u201d)<\/h5>\n<p><iframe loading=\"lazy\" src=\"https:\/\/www.youtube.com\/embed\/dk_DA9tpa3c\" width=\"100%\" height=\"400\" frameborder=\"0\" allowfullscreen=\"allowfullscreen\" data-mce-fragment=\"1\"><span data-mce-type=\"bookmark\" style=\"display: inline-block; width: 0px; overflow: hidden; line-height: 0;\" class=\"mce_SELRES_start\">\ufeff<\/span><\/iframe><\/p>\n<p style=\"text-align: justify;\">[&#8230;] Otro aspecto en el que no se piensa es la creatividad. La soledad es un elemento crucial del proceso creativo. Si vives en <strong>una cultura que no te proporciona la soledad necesaria para ser creativo<\/strong>, seguro que no podr\u00e1s serlo nunca, porque ser\u00e1s incapaz de <strong>generar ideas propias y originales<\/strong>. Somos seres tan socializados, que cogemos ideas de los dem\u00e1s y ni siquiera nos damos cuenta de que lo hacemos. [&#8230;] Es indudable que <strong>nos necesitamos los unos a los otros en el proceso creativo<\/strong>, pero tambi\u00e9n necesitamos tener nuestro propio espacio. [&#8230;]\u00a0Deber\u00edamos empezar a <strong>prestar atenci\u00f3n a cu\u00e1les son nuestras necesidades. Y al descubrirlas, <\/strong>debemos intentar desconectar y rebajar la cantidad de est\u00edmulos.<\/p>\n<p style=\"text-align: justify;\">Art\u00edculo relacionado: <a href=\"https:\/\/webdelmaestrocmf.com\/portal\/liliana-gonzalez-necesitamos-docentes-que-rompan-filas-en-el-aula\/\" target=\"_blank\" rel=\"noopener noreferrer\"><strong>LILIANA GONZ\u00c1LEZ: NECESITAMOS DOCENTES QUE ROMPAN FILAS EN EL AULA <\/strong><\/a><\/p>\n<p style=\"text-align: justify;\">[&#8230;] La escuela es un lugar para extrovertidos por definici\u00f3n. Si pensamos en ello, <strong>estamos en la escuela desde primera hora de la ma\u00f1ana hasta media tarde<\/strong>. Pasamos el d\u00eda <strong>en un espacio con treinta personas<\/strong> m\u00e1s, teniendo que demostrar nuestra val\u00eda, hasta cierto punto. Eso es un entorno para extrovertidos. Y eso sin entrar en cuestiones como <strong>los sesgos de los profesores y en los tipos de comportamientos que se premian o no. <\/strong>Tenemos muy claro que estamos en un entorno donde se premia al alumno que levanta la mano. Muchas de las tareas de clase se hacen <strong>en grupos y con din\u00e1micas gru<\/strong>pales. [&#8230;] las escuelas y los profesores est\u00e1n muy <strong>abiertos a plantearse cu\u00e1les son estos sesgos y buscar maneras para solucionarlos<\/strong>. A veces se puede lograr mucho con cambios muy peque\u00f1os, como la manera en la que valoramos a los alumnos.<strong>\u00a0<\/strong><\/p>\n<p style=\"text-align: justify;\">Art\u00edculo recomendado: <a href=\"https:\/\/webdelmaestrocmf.com\/portal\/tag\/aislamiento\/\" target=\"_blank\" rel=\"noopener noreferrer\"><strong>EL AISLAMIENTO EN UNA COMUNIDAD EDUCATIVA<\/strong><\/a><\/p>\n<p style=\"text-align: justify;\">[&#8230;] A menudo, los padres sufren cuando tienen un hijo que es t\u00edmido o introvertido. Y el origen de este sufrimiento suele ser la idea de que eso har\u00e1 que sus hijos tengan una vida m\u00e1s dif\u00edcil, y no saben c\u00f3mo afrontarlo. [&#8230;]\u00a0<strong>lo que debemos hacer es acompa\u00f1ar<\/strong> a nuestros hijos por esa pista de despegue m\u00e1s larga. [&#8230;] Cuando les contamos nuestras estrategias, <strong>el objetivo de la conversaci\u00f3n no son las estrategias en s\u00ed mismas,<\/strong> aunque est\u00e1n muy bien, sino que sepan que hemos pasado por lo mismo. Y que lo que ellos sienten <strong>forma parte de la vida y es normal<\/strong>.<\/p>\n<p style=\"text-align: justify;\">[&#8230;] La gente da por sentado que el momento actual del coronavirus y el confinamiento <strong>son un sue\u00f1o para un introvertido, y un infierno para un extrovertido.<\/strong> Pero la realidad es m\u00e1s compleja. [&#8230;] Tengo amigos extrovertidos que, incluso ellos mismos, que son extrovertidos, se han dado cuenta de que llevaban una vida social demasiado ajetreada antes del confinamiento. Porque <strong>se lo han tomado como un respiro de socializar<\/strong> y estar haciendo cosas las veinticuatro horas del d\u00eda. Pero tambi\u00e9n tengo amigos extrovertidos que lo est\u00e1n pasando mal. Creo que <strong>tiene mucho que ver con tu situaci\u00f3n particular<\/strong>, con el d\u00f3nde est\u00e1s y tu situaci\u00f3n de confinamiento. Si est\u00e1s solo en un piso y no puedes hablar con nadie. O si est\u00e1s con la familia. Hay muchos factores a tener en cuenta. [&#8230;]\u201d.<\/p>\n<p style=\"text-align: justify;\">Los videos y la transcripci\u00f3n completa de esta reflexi\u00f3n los pueden Ustedes leer aqu\u00ed<strong>:<a href=\"https:\/\/aprendemosjuntos.elpais.com\/especial\/ninos-introvertidos-o-timidos-como-apoyarles-susan-cain\/\" target=\"_blank\" rel=\"noopener noreferrer\"> C\u00d3MO SER INTROVERTIDO Y VIVIR EN UN MUNDO PARA EXTROVERTIDOS<\/a><\/strong><\/p>\n<p style=\"text-align: justify;\">Esta publicaci\u00f3n corresponde a<strong> la <a href=\"https:\/\/webdelmaestrocmf.com\/portal\/serie-de-videos-aprendamos-juntos-para-sumar-por-la-educacion\/\" target=\"_blank\" rel=\"noopener noreferrer\">SERIE DE VIDEOS: APRENDAMOS JUNTOS, PARA SUMAR POR LA EDUCACI\u00d3N<\/a><\/strong><\/p>\n<p style=\"text-align: center;\"><em>\u201c&#8230; muchos profesores tienden a pensar que algo malo ocurre con los alumnos callados y t\u00edmidos, de lo que se deriva que necesitan ser tratados de manera diferente. Lo cierto es que, sin dejar de procurar obviamente que se relacionen con sus compa\u00f1eros, se les deber\u00eda respetar tal cual son y no forzar su sociabilidad.\u201d. (LA VANGUARDIA 24\/05\/ 2013)<\/em><\/p>\n<p style=\"text-align: right;\"><strong>REDACCI\u00d3N WEB DEL MAESTRO CMF<\/strong><\/p>\n\t\t<div class=\"pk-inline-posts\">\n\t\t\t\n\t\t\t<div class=\"pk-inline-posts-container pk-inline-posts-template-list\"\n\t\t\t\tdata-columns=\"1\">\n\t\t\t\t\t\t<article id=\"post-95717\" class=\"post-95717 post type-post status-publish format-video has-post-thumbnail category-charlas tag-aprendamos-juntos tag-aprendemos-juntos-2030 tag-aprender tag-aprendizaje tag-bbva tag-calificacion-por-notas tag-cerebro tag-compresion tag-descanso tag-dislexia tag-dormir tag-entrevista tag-error tag-escritura tag-fonologia tag-lectura tag-lenguaje-oral tag-matematica tag-memoria tag-neurociencia tag-neurona tag-para-sumar-por-la-educacion tag-pensamiento tag-sinapsis tag-stanislas-dehaene tag-sueno tag-tecnologia tag-videos post_format-post-format-video cs-entry cs-video-wrap\">\n\t\t\t<div class=\"pk-post-outer\">\n\n\t\t\t\t\t\t\t\t<div class=\"pk-post-inner\">\n\t\t\t\t\t<div class=\"entry-thumbnail\">\n\t\t\t\t\t\t<div class=\"pk-overlay pk-overlay-ratio pk-ratio-landscape\">\n\t\t\t\t\t\t\t<div class=\"pk-overlay-background\">\n\t\t\t\t\t\t\t\t<a href=\"https:\/\/webdelmaestrocmf.com\/portal\/stanislas-dehaene-el-mayor-talento-de-un-profesor-es-ser-capaz-de-dirigir-la-atencion-del-alumno-hacia-el-nivel-correcto\/\" class=\"pk-overlay-link\">\n\t\t\t\t\t\t\t\t\t<img loading=\"lazy\" decoding=\"async\" width=\"300\" height=\"225\" src=\"https:\/\/webdelmaestrocmf.com\/portal\/wp-content\/uploads\/2024\/02\/1AA-Banner-1-portada-imagen-10-1-copia-300x225.webp\" class=\"attachment-pk-thumbnail size-pk-thumbnail wp-post-image\" alt=\"\" \/>\t\t\t\t\t\t\t\t<\/a>\n\t\t\t\t\t\t\t<\/div>\n\t\t\t\t\t\t<\/div>\n\t\t\t\t\t<\/div>\n\t\t\t\t<\/div>\n\t\t\t\t\n\t\t\t\t<div class=\"pk-post-inner\">\n\t\t\t\t\t<header>\n\t\t\t\t\t\t<h3 class=\"pk-title\"><a href=\"https:\/\/webdelmaestrocmf.com\/portal\/stanislas-dehaene-el-mayor-talento-de-un-profesor-es-ser-capaz-de-dirigir-la-atencion-del-alumno-hacia-el-nivel-correcto\/\" rel=\"bookmark\">Stanislas Dehaene: El mayor talento de un profesor es ser capaz de dirigir la atenci\u00f3n del alumno, hacia el nivel correcto<\/a><\/h3>\t\t\t\t\t<\/header><!-- .entry-header -->\n\t\t\t\t<\/div><!-- .post-inner -->\n\n\t\t\t<\/div><!-- .post-outer -->\n\t\t<\/article>\n\t\t\t\t<\/div>\n\t\t<\/div>\n\t\t\n","protected":false},"excerpt":{"rendered":"Susan Horowitz Cain (USA, 1968) es una escritora y conferencista estadounidense, licenciada en Literatura Inglesa en la Universidad&hellip;","protected":false},"author":1,"featured_media":55225,"comment_status":"open","ping_status":"closed","sticky":false,"template":"","format":"video","meta":{"csco_display_header_overlay":false,"csco_singular_sidebar":"disabled","csco_page_header_type":"standard","csco_page_load_nextpost":"default","csco_post_video_location":[],"csco_post_video_location_hash":"","csco_post_video_url":"","csco_post_video_bg_start_time":0,"csco_post_video_bg_end_time":0,"csco_post_video_bg_volume":false,"_jetpack_memberships_contains_paid_content":false,"footnotes":""},"categories":[3453],"tags":[3465,3459,2147,73,6106,55,155,6108,3456,1466,5444,3462,6107,2530,1284,2773],"class_list":{"0":"post-55222","1":"post","2":"type-post","3":"status-publish","4":"format-video","5":"has-post-thumbnail","7":"category-charlas","8":"tag-aprendemos","9":"tag-bbva","10":"tag-convivencia","11":"tag-creatividad","12":"tag-disenamos","13":"tag-educacion","14":"tag-escuelas","15":"tag-introversion","16":"tag-juntos","17":"tag-miedo","18":"tag-nuestras","19":"tag-sumar","20":"tag-susan-cain","21":"tag-timidez","22":"tag-video","23":"tag-videos","24":"post_format-post-format-video","25":"cs-entry","26":"cs-video-wrap"},"yoast_head":"<!-- This site is optimized with the Yoast SEO plugin v27.5 - https:\/\/yoast.com\/product\/yoast-seo-wordpress\/ -->\n<title>Dise\u00f1amos nuestras escuelas y lugares de trabajo pensando solo en los extrovertidos - 2026<\/title>\n<meta name=\"description\" content=\"Susan Horowitz Cain (USA, 1968) es una escritora y conferencista estadounidense, licenciada en Literatura...\" \/>\n<meta name=\"robots\" content=\"index, follow, max-snippet:-1, max-image-preview:large, max-video-preview:-1\" \/>\n<link rel=\"canonical\" href=\"https:\/\/webdelmaestrocmf.com\/portal\/disenamos-nuestras-escuelas-y-lugares-de-trabajo-pensando-solo-en-los-extrovertidos\/\" \/>\n<meta property=\"og:locale\" content=\"es_ES\" \/>\n<meta property=\"og:type\" content=\"article\" \/>\n<meta property=\"og:title\" content=\"Dise\u00f1amos nuestras escuelas y lugares de trabajo pensando solo en los extrovertidos - 2026\" \/>\n<meta property=\"og:description\" content=\"Susan Horowitz Cain (USA, 1968) es una escritora y conferencista estadounidense, licenciada en Literatura...\" \/>\n<meta property=\"og:url\" content=\"https:\/\/webdelmaestrocmf.com\/portal\/disenamos-nuestras-escuelas-y-lugares-de-trabajo-pensando-solo-en-los-extrovertidos\/\" \/>\n<meta property=\"og:site_name\" content=\"Web del Maestro CMF\" \/>\n<meta property=\"article:publisher\" content=\"https:\/\/www.facebook.com\/WebdelMaestroCMF\/\" \/>\n<meta property=\"article:author\" content=\"https:\/\/www.facebook.com\/WebdelMaestroCMF\/\" \/>\n<meta property=\"article:published_time\" content=\"2020-11-26T01:38:40+00:00\" \/>\n<meta property=\"article:modified_time\" content=\"2020-12-02T01:34:07+00:00\" \/>\n<meta property=\"og:image\" content=\"https:\/\/i0.wp.com\/webdelmaestrocmf.com\/portal\/wp-content\/uploads\/2020\/11\/1-copia-73.jpg?fit=1100%2C680&ssl=1\" \/>\n\t<meta property=\"og:image:width\" content=\"1100\" \/>\n\t<meta property=\"og:image:height\" content=\"680\" \/>\n\t<meta property=\"og:image:type\" content=\"image\/jpeg\" \/>\n<meta name=\"author\" content=\"Web del Maestro CMF\" \/>\n<meta name=\"twitter:card\" content=\"summary_large_image\" \/>\n<meta name=\"twitter:creator\" content=\"@cmf_w\" \/>\n<meta name=\"twitter:site\" content=\"@cmf_w\" \/>\n<script type=\"application\/ld+json\" class=\"yoast-schema-graph\">{\"@context\":\"https:\\\/\\\/schema.org\",\"@graph\":[{\"@type\":\"ScholarlyArticle\",\"@id\":\"https:\\\/\\\/webdelmaestrocmf.com\\\/portal\\\/disenamos-nuestras-escuelas-y-lugares-de-trabajo-pensando-solo-en-los-extrovertidos\\\/#article\",\"isPartOf\":{\"@id\":\"https:\\\/\\\/webdelmaestrocmf.com\\\/portal\\\/disenamos-nuestras-escuelas-y-lugares-de-trabajo-pensando-solo-en-los-extrovertidos\\\/\"},\"author\":{\"name\":\"Web del Maestro CMF\",\"@id\":\"https:\\\/\\\/webdelmaestrocmf.com\\\/portal\\\/#\\\/schema\\\/person\\\/1072a2ed7bd960df8ef99a551fa35dc5\"},\"headline\":\"Dise\u00f1amos nuestras escuelas y lugares de trabajo pensando solo en los extrovertidos\",\"datePublished\":\"2020-11-26T01:38:40+00:00\",\"dateModified\":\"2020-12-02T01:34:07+00:00\",\"mainEntityOfPage\":{\"@id\":\"https:\\\/\\\/webdelmaestrocmf.com\\\/portal\\\/disenamos-nuestras-escuelas-y-lugares-de-trabajo-pensando-solo-en-los-extrovertidos\\\/\"},\"wordCount\":1481,\"commentCount\":0,\"publisher\":{\"@id\":\"https:\\\/\\\/webdelmaestrocmf.com\\\/portal\\\/#organization\"},\"image\":{\"@id\":\"https:\\\/\\\/webdelmaestrocmf.com\\\/portal\\\/disenamos-nuestras-escuelas-y-lugares-de-trabajo-pensando-solo-en-los-extrovertidos\\\/#primaryimage\"},\"thumbnailUrl\":\"https:\\\/\\\/webdelmaestrocmf.com\\\/portal\\\/wp-content\\\/uploads\\\/2020\\\/11\\\/1-copia-73.jpg\",\"keywords\":[\"APRENDEMOS\",\"BBVA\",\"CONVIVENCIA\",\"creatividad\",\"Dise\u00f1amos\",\"EDUCACI\u00d3N\",\"ESCUELAS\",\"INTROVERSI\u00d3N\",\"JUNTOS\",\"MIEDO\",\"nuestras\",\"SUMAR\",\"SUSAN CAIN\",\"TIMIDEZ\",\"video\",\"VIDEOS\"],\"articleSection\":[\"Charlas\"],\"inLanguage\":\"es\",\"potentialAction\":[{\"@type\":\"CommentAction\",\"name\":\"Comment\",\"target\":[\"https:\\\/\\\/webdelmaestrocmf.com\\\/portal\\\/disenamos-nuestras-escuelas-y-lugares-de-trabajo-pensando-solo-en-los-extrovertidos\\\/#respond\"]}]},{\"@type\":\"WebPage\",\"@id\":\"https:\\\/\\\/webdelmaestrocmf.com\\\/portal\\\/disenamos-nuestras-escuelas-y-lugares-de-trabajo-pensando-solo-en-los-extrovertidos\\\/\",\"url\":\"https:\\\/\\\/webdelmaestrocmf.com\\\/portal\\\/disenamos-nuestras-escuelas-y-lugares-de-trabajo-pensando-solo-en-los-extrovertidos\\\/\",\"name\":\"Dise\u00f1amos nuestras escuelas y lugares de trabajo pensando solo en los extrovertidos - 2026\",\"isPartOf\":{\"@id\":\"https:\\\/\\\/webdelmaestrocmf.com\\\/portal\\\/#website\"},\"primaryImageOfPage\":{\"@id\":\"https:\\\/\\\/webdelmaestrocmf.com\\\/portal\\\/disenamos-nuestras-escuelas-y-lugares-de-trabajo-pensando-solo-en-los-extrovertidos\\\/#primaryimage\"},\"image\":{\"@id\":\"https:\\\/\\\/webdelmaestrocmf.com\\\/portal\\\/disenamos-nuestras-escuelas-y-lugares-de-trabajo-pensando-solo-en-los-extrovertidos\\\/#primaryimage\"},\"thumbnailUrl\":\"https:\\\/\\\/webdelmaestrocmf.com\\\/portal\\\/wp-content\\\/uploads\\\/2020\\\/11\\\/1-copia-73.jpg\",\"datePublished\":\"2020-11-26T01:38:40+00:00\",\"dateModified\":\"2020-12-02T01:34:07+00:00\",\"description\":\"Susan Horowitz Cain (USA, 1968) es una escritora y conferencista estadounidense, licenciada en Literatura...\",\"breadcrumb\":{\"@id\":\"https:\\\/\\\/webdelmaestrocmf.com\\\/portal\\\/disenamos-nuestras-escuelas-y-lugares-de-trabajo-pensando-solo-en-los-extrovertidos\\\/#breadcrumb\"},\"inLanguage\":\"es\",\"potentialAction\":[{\"@type\":\"ReadAction\",\"target\":[\"https:\\\/\\\/webdelmaestrocmf.com\\\/portal\\\/disenamos-nuestras-escuelas-y-lugares-de-trabajo-pensando-solo-en-los-extrovertidos\\\/\"]}]},{\"@type\":\"ImageObject\",\"inLanguage\":\"es\",\"@id\":\"https:\\\/\\\/webdelmaestrocmf.com\\\/portal\\\/disenamos-nuestras-escuelas-y-lugares-de-trabajo-pensando-solo-en-los-extrovertidos\\\/#primaryimage\",\"url\":\"https:\\\/\\\/webdelmaestrocmf.com\\\/portal\\\/wp-content\\\/uploads\\\/2020\\\/11\\\/1-copia-73.jpg\",\"contentUrl\":\"https:\\\/\\\/webdelmaestrocmf.com\\\/portal\\\/wp-content\\\/uploads\\\/2020\\\/11\\\/1-copia-73.jpg\",\"width\":1100,\"height\":680},{\"@type\":\"BreadcrumbList\",\"@id\":\"https:\\\/\\\/webdelmaestrocmf.com\\\/portal\\\/disenamos-nuestras-escuelas-y-lugares-de-trabajo-pensando-solo-en-los-extrovertidos\\\/#breadcrumb\",\"itemListElement\":[{\"@type\":\"ListItem\",\"position\":1,\"name\":\"Portada\",\"item\":\"https:\\\/\\\/webdelmaestrocmf.com\\\/portal\\\/\"},{\"@type\":\"ListItem\",\"position\":2,\"name\":\"Charlas\",\"item\":\"https:\\\/\\\/webdelmaestrocmf.com\\\/portal\\\/category\\\/charlas\\\/\"},{\"@type\":\"ListItem\",\"position\":3,\"name\":\"Dise\u00f1amos nuestras escuelas y lugares de trabajo pensando solo en los extrovertidos\"}]},{\"@type\":\"WebSite\",\"@id\":\"https:\\\/\\\/webdelmaestrocmf.com\\\/portal\\\/#website\",\"url\":\"https:\\\/\\\/webdelmaestrocmf.com\\\/portal\\\/\",\"name\":\"Web del Maestro CMF\",\"description\":\"Maestros al servicio de la educaci\u00f3n\",\"publisher\":{\"@id\":\"https:\\\/\\\/webdelmaestrocmf.com\\\/portal\\\/#organization\"},\"alternateName\":\"WMCMF\",\"potentialAction\":[{\"@type\":\"SearchAction\",\"target\":{\"@type\":\"EntryPoint\",\"urlTemplate\":\"https:\\\/\\\/webdelmaestrocmf.com\\\/portal\\\/?s={search_term_string}\"},\"query-input\":{\"@type\":\"PropertyValueSpecification\",\"valueRequired\":true,\"valueName\":\"search_term_string\"}}],\"inLanguage\":\"es\"},{\"@type\":\"Organization\",\"@id\":\"https:\\\/\\\/webdelmaestrocmf.com\\\/portal\\\/#organization\",\"name\":\"Web del Maestro CMF\",\"alternateName\":\"WMCMF\",\"url\":\"https:\\\/\\\/webdelmaestrocmf.com\\\/portal\\\/\",\"logo\":{\"@type\":\"ImageObject\",\"inLanguage\":\"es\",\"@id\":\"https:\\\/\\\/webdelmaestrocmf.com\\\/portal\\\/#\\\/schema\\\/logo\\\/image\\\/\",\"url\":\"https:\\\/\\\/webdelmaestrocmf.com\\\/portal\\\/wp-content\\\/uploads\\\/2023\\\/01\\\/logo-wmcmf-2.png\",\"contentUrl\":\"https:\\\/\\\/webdelmaestrocmf.com\\\/portal\\\/wp-content\\\/uploads\\\/2023\\\/01\\\/logo-wmcmf-2.png\",\"width\":200,\"height\":60,\"caption\":\"Web del Maestro CMF\"},\"image\":{\"@id\":\"https:\\\/\\\/webdelmaestrocmf.com\\\/portal\\\/#\\\/schema\\\/logo\\\/image\\\/\"},\"sameAs\":[\"https:\\\/\\\/www.facebook.com\\\/WebdelMaestroCMF\\\/\",\"https:\\\/\\\/x.com\\\/cmf_w\",\"https:\\\/\\\/www.pinterest.com\\\/WMCMF\\\/\",\"https:\\\/\\\/www.linkedin.com\\\/company\\\/web-del-maestro-cmf\\\/\",\"https:\\\/\\\/www.instagram.com\\\/wmcmf\\\/\",\"https:\\\/\\\/www.youtube.com\\\/channel\\\/UCDPSvjbdodE5sHnC3OxutHw\",\"https:\\\/\\\/mastodon.social\\\/@wmcmf\",\"https:\\\/\\\/www.tiktok.com\\\/@webdelmaestrocmf\"]},{\"@type\":\"Person\",\"@id\":\"https:\\\/\\\/webdelmaestrocmf.com\\\/portal\\\/#\\\/schema\\\/person\\\/1072a2ed7bd960df8ef99a551fa35dc5\",\"name\":\"Web del Maestro CMF\",\"image\":{\"@type\":\"ImageObject\",\"inLanguage\":\"es\",\"@id\":\"https:\\\/\\\/secure.gravatar.com\\\/avatar\\\/23291dd5b5ae1077dcff3dbb04c3e02bd28403fa75af6d8787d5e97c5bbbe30b?s=96&d=mm&r=g\",\"url\":\"https:\\\/\\\/secure.gravatar.com\\\/avatar\\\/23291dd5b5ae1077dcff3dbb04c3e02bd28403fa75af6d8787d5e97c5bbbe30b?s=96&d=mm&r=g\",\"contentUrl\":\"https:\\\/\\\/secure.gravatar.com\\\/avatar\\\/23291dd5b5ae1077dcff3dbb04c3e02bd28403fa75af6d8787d5e97c5bbbe30b?s=96&d=mm&r=g\",\"caption\":\"Web del Maestro CMF\"},\"description\":\"Esta Web se cre\u00f3 sin fines de lucro, con fines educativos, cient\u00edficos y acad\u00e9micos, para personas que tengan dificultades y\\\/o inconvenientes en visualizar el material original. El objetivo es entregar recursos, compartir experiencias y materiales que ayuden a los padres de familia, maestros y estudiantes en su actualizaci\u00f3n y formaci\u00f3n permanente, en bien de la Educaci\u00f3n.\",\"sameAs\":[\"http:\\\/\\\/webdelmaestrocmf.com\\\/portal\",\"https:\\\/\\\/www.facebook.com\\\/WebdelMaestroCMF\\\/\",\"https:\\\/\\\/www.instagram.com\\\/wmcmf\\\/\",\"https:\\\/\\\/cl.linkedin.com\\\/company\\\/web-del-maestro-cmf\",\"https:\\\/\\\/www.pinterest.com\\\/WMCMF\\\/publicaciones\\\/\",\"https:\\\/\\\/x.com\\\/cmf_w\",\"https:\\\/\\\/www.youtube.com\\\/@WMCMF\"]}]}<\/script>\n<!-- \/ Yoast SEO plugin. -->","yoast_head_json":{"title":"Dise\u00f1amos nuestras escuelas y lugares de trabajo pensando solo en los extrovertidos - 2026","description":"Susan Horowitz Cain (USA, 1968) es una escritora y conferencista estadounidense, licenciada en Literatura...","robots":{"index":"index","follow":"follow","max-snippet":"max-snippet:-1","max-image-preview":"max-image-preview:large","max-video-preview":"max-video-preview:-1"},"canonical":"https:\/\/webdelmaestrocmf.com\/portal\/disenamos-nuestras-escuelas-y-lugares-de-trabajo-pensando-solo-en-los-extrovertidos\/","og_locale":"es_ES","og_type":"article","og_title":"Dise\u00f1amos nuestras escuelas y lugares de trabajo pensando solo en los extrovertidos - 2026","og_description":"Susan Horowitz Cain (USA, 1968) es una escritora y conferencista estadounidense, licenciada en Literatura...","og_url":"https:\/\/webdelmaestrocmf.com\/portal\/disenamos-nuestras-escuelas-y-lugares-de-trabajo-pensando-solo-en-los-extrovertidos\/","og_site_name":"Web del Maestro CMF","article_publisher":"https:\/\/www.facebook.com\/WebdelMaestroCMF\/","article_author":"https:\/\/www.facebook.com\/WebdelMaestroCMF\/","article_published_time":"2020-11-26T01:38:40+00:00","article_modified_time":"2020-12-02T01:34:07+00:00","og_image":[{"width":1100,"height":680,"url":"https:\/\/i0.wp.com\/webdelmaestrocmf.com\/portal\/wp-content\/uploads\/2020\/11\/1-copia-73.jpg?fit=1100%2C680&ssl=1","type":"image\/jpeg"}],"author":"Web del Maestro CMF","twitter_card":"summary_large_image","twitter_creator":"@cmf_w","twitter_site":"@cmf_w","schema":{"@context":"https:\/\/schema.org","@graph":[{"@type":"ScholarlyArticle","@id":"https:\/\/webdelmaestrocmf.com\/portal\/disenamos-nuestras-escuelas-y-lugares-de-trabajo-pensando-solo-en-los-extrovertidos\/#article","isPartOf":{"@id":"https:\/\/webdelmaestrocmf.com\/portal\/disenamos-nuestras-escuelas-y-lugares-de-trabajo-pensando-solo-en-los-extrovertidos\/"},"author":{"name":"Web del Maestro CMF","@id":"https:\/\/webdelmaestrocmf.com\/portal\/#\/schema\/person\/1072a2ed7bd960df8ef99a551fa35dc5"},"headline":"Dise\u00f1amos nuestras escuelas y lugares de trabajo pensando solo en los extrovertidos","datePublished":"2020-11-26T01:38:40+00:00","dateModified":"2020-12-02T01:34:07+00:00","mainEntityOfPage":{"@id":"https:\/\/webdelmaestrocmf.com\/portal\/disenamos-nuestras-escuelas-y-lugares-de-trabajo-pensando-solo-en-los-extrovertidos\/"},"wordCount":1481,"commentCount":0,"publisher":{"@id":"https:\/\/webdelmaestrocmf.com\/portal\/#organization"},"image":{"@id":"https:\/\/webdelmaestrocmf.com\/portal\/disenamos-nuestras-escuelas-y-lugares-de-trabajo-pensando-solo-en-los-extrovertidos\/#primaryimage"},"thumbnailUrl":"https:\/\/webdelmaestrocmf.com\/portal\/wp-content\/uploads\/2020\/11\/1-copia-73.jpg","keywords":["APRENDEMOS","BBVA","CONVIVENCIA","creatividad","Dise\u00f1amos","EDUCACI\u00d3N","ESCUELAS","INTROVERSI\u00d3N","JUNTOS","MIEDO","nuestras","SUMAR","SUSAN CAIN","TIMIDEZ","video","VIDEOS"],"articleSection":["Charlas"],"inLanguage":"es","potentialAction":[{"@type":"CommentAction","name":"Comment","target":["https:\/\/webdelmaestrocmf.com\/portal\/disenamos-nuestras-escuelas-y-lugares-de-trabajo-pensando-solo-en-los-extrovertidos\/#respond"]}]},{"@type":"WebPage","@id":"https:\/\/webdelmaestrocmf.com\/portal\/disenamos-nuestras-escuelas-y-lugares-de-trabajo-pensando-solo-en-los-extrovertidos\/","url":"https:\/\/webdelmaestrocmf.com\/portal\/disenamos-nuestras-escuelas-y-lugares-de-trabajo-pensando-solo-en-los-extrovertidos\/","name":"Dise\u00f1amos nuestras escuelas y lugares de trabajo pensando solo en los extrovertidos - 2026","isPartOf":{"@id":"https:\/\/webdelmaestrocmf.com\/portal\/#website"},"primaryImageOfPage":{"@id":"https:\/\/webdelmaestrocmf.com\/portal\/disenamos-nuestras-escuelas-y-lugares-de-trabajo-pensando-solo-en-los-extrovertidos\/#primaryimage"},"image":{"@id":"https:\/\/webdelmaestrocmf.com\/portal\/disenamos-nuestras-escuelas-y-lugares-de-trabajo-pensando-solo-en-los-extrovertidos\/#primaryimage"},"thumbnailUrl":"https:\/\/webdelmaestrocmf.com\/portal\/wp-content\/uploads\/2020\/11\/1-copia-73.jpg","datePublished":"2020-11-26T01:38:40+00:00","dateModified":"2020-12-02T01:34:07+00:00","description":"Susan Horowitz Cain (USA, 1968) es una escritora y conferencista estadounidense, licenciada en Literatura...","breadcrumb":{"@id":"https:\/\/webdelmaestrocmf.com\/portal\/disenamos-nuestras-escuelas-y-lugares-de-trabajo-pensando-solo-en-los-extrovertidos\/#breadcrumb"},"inLanguage":"es","potentialAction":[{"@type":"ReadAction","target":["https:\/\/webdelmaestrocmf.com\/portal\/disenamos-nuestras-escuelas-y-lugares-de-trabajo-pensando-solo-en-los-extrovertidos\/"]}]},{"@type":"ImageObject","inLanguage":"es","@id":"https:\/\/webdelmaestrocmf.com\/portal\/disenamos-nuestras-escuelas-y-lugares-de-trabajo-pensando-solo-en-los-extrovertidos\/#primaryimage","url":"https:\/\/webdelmaestrocmf.com\/portal\/wp-content\/uploads\/2020\/11\/1-copia-73.jpg","contentUrl":"https:\/\/webdelmaestrocmf.com\/portal\/wp-content\/uploads\/2020\/11\/1-copia-73.jpg","width":1100,"height":680},{"@type":"BreadcrumbList","@id":"https:\/\/webdelmaestrocmf.com\/portal\/disenamos-nuestras-escuelas-y-lugares-de-trabajo-pensando-solo-en-los-extrovertidos\/#breadcrumb","itemListElement":[{"@type":"ListItem","position":1,"name":"Portada","item":"https:\/\/webdelmaestrocmf.com\/portal\/"},{"@type":"ListItem","position":2,"name":"Charlas","item":"https:\/\/webdelmaestrocmf.com\/portal\/category\/charlas\/"},{"@type":"ListItem","position":3,"name":"Dise\u00f1amos nuestras escuelas y lugares de trabajo pensando solo en los extrovertidos"}]},{"@type":"WebSite","@id":"https:\/\/webdelmaestrocmf.com\/portal\/#website","url":"https:\/\/webdelmaestrocmf.com\/portal\/","name":"Web del Maestro CMF","description":"Maestros al servicio de la educaci\u00f3n","publisher":{"@id":"https:\/\/webdelmaestrocmf.com\/portal\/#organization"},"alternateName":"WMCMF","potentialAction":[{"@type":"SearchAction","target":{"@type":"EntryPoint","urlTemplate":"https:\/\/webdelmaestrocmf.com\/portal\/?s={search_term_string}"},"query-input":{"@type":"PropertyValueSpecification","valueRequired":true,"valueName":"search_term_string"}}],"inLanguage":"es"},{"@type":"Organization","@id":"https:\/\/webdelmaestrocmf.com\/portal\/#organization","name":"Web del Maestro CMF","alternateName":"WMCMF","url":"https:\/\/webdelmaestrocmf.com\/portal\/","logo":{"@type":"ImageObject","inLanguage":"es","@id":"https:\/\/webdelmaestrocmf.com\/portal\/#\/schema\/logo\/image\/","url":"https:\/\/webdelmaestrocmf.com\/portal\/wp-content\/uploads\/2023\/01\/logo-wmcmf-2.png","contentUrl":"https:\/\/webdelmaestrocmf.com\/portal\/wp-content\/uploads\/2023\/01\/logo-wmcmf-2.png","width":200,"height":60,"caption":"Web del Maestro CMF"},"image":{"@id":"https:\/\/webdelmaestrocmf.com\/portal\/#\/schema\/logo\/image\/"},"sameAs":["https:\/\/www.facebook.com\/WebdelMaestroCMF\/","https:\/\/x.com\/cmf_w","https:\/\/www.pinterest.com\/WMCMF\/","https:\/\/www.linkedin.com\/company\/web-del-maestro-cmf\/","https:\/\/www.instagram.com\/wmcmf\/","https:\/\/www.youtube.com\/channel\/UCDPSvjbdodE5sHnC3OxutHw","https:\/\/mastodon.social\/@wmcmf","https:\/\/www.tiktok.com\/@webdelmaestrocmf"]},{"@type":"Person","@id":"https:\/\/webdelmaestrocmf.com\/portal\/#\/schema\/person\/1072a2ed7bd960df8ef99a551fa35dc5","name":"Web del Maestro CMF","image":{"@type":"ImageObject","inLanguage":"es","@id":"https:\/\/secure.gravatar.com\/avatar\/23291dd5b5ae1077dcff3dbb04c3e02bd28403fa75af6d8787d5e97c5bbbe30b?s=96&d=mm&r=g","url":"https:\/\/secure.gravatar.com\/avatar\/23291dd5b5ae1077dcff3dbb04c3e02bd28403fa75af6d8787d5e97c5bbbe30b?s=96&d=mm&r=g","contentUrl":"https:\/\/secure.gravatar.com\/avatar\/23291dd5b5ae1077dcff3dbb04c3e02bd28403fa75af6d8787d5e97c5bbbe30b?s=96&d=mm&r=g","caption":"Web del Maestro CMF"},"description":"Esta Web se cre\u00f3 sin fines de lucro, con fines educativos, cient\u00edficos y acad\u00e9micos, para personas que tengan dificultades y\/o inconvenientes en visualizar el material original. El objetivo es entregar recursos, compartir experiencias y materiales que ayuden a los padres de familia, maestros y estudiantes en su actualizaci\u00f3n y formaci\u00f3n permanente, en bien de la Educaci\u00f3n.","sameAs":["http:\/\/webdelmaestrocmf.com\/portal","https:\/\/www.facebook.com\/WebdelMaestroCMF\/","https:\/\/www.instagram.com\/wmcmf\/","https:\/\/cl.linkedin.com\/company\/web-del-maestro-cmf","https:\/\/www.pinterest.com\/WMCMF\/publicaciones\/","https:\/\/x.com\/cmf_w","https:\/\/www.youtube.com\/@WMCMF"]}]}},"jetpack_featured_media_url":"https:\/\/webdelmaestrocmf.com\/portal\/wp-content\/uploads\/2020\/11\/1-copia-73.jpg","jetpack_sharing_enabled":true,"jetpack-related-posts":[{"id":46556,"url":"https:\/\/webdelmaestrocmf.com\/portal\/ser-amable-consigo-mismo-eso-le-ayuda-a-ser-mas-honesto-menos-vago-y-mas-motivado\/","url_meta":{"origin":55222,"position":0},"title":"Ser amable consigo mismo, eso le ayuda a ser m\u00e1s honesto, menos vago y m\u00e1s motivado","author":"Web del Maestro CMF","date":"10 abril, 2022","format":"video","excerpt":"La Psic\u00f3loga Susan David, de nacionalidad norteamericana, tiene un doctorado en psicolog\u00eda por la Universidad de Melbourne y un post doctorado en la Universidad de Yale y Master por la University of the Witwatersran. Ha sido distinguida por la Facultad de Medicina de Harvard y est\u00e1 considerada como una de\u2026","rel":"","context":"En \u00abCharlas\u00bb","block_context":{"text":"Charlas","link":"https:\/\/webdelmaestrocmf.com\/portal\/category\/charlas\/"},"img":{"alt_text":"","src":"https:\/\/i0.wp.com\/webdelmaestrocmf.com\/portal\/wp-content\/uploads\/2020\/04\/1-39.jpg?resize=350%2C200&ssl=1","width":350,"height":200,"srcset":"https:\/\/i0.wp.com\/webdelmaestrocmf.com\/portal\/wp-content\/uploads\/2020\/04\/1-39.jpg?resize=350%2C200&ssl=1 1x, https:\/\/i0.wp.com\/webdelmaestrocmf.com\/portal\/wp-content\/uploads\/2020\/04\/1-39.jpg?resize=525%2C300&ssl=1 1.5x, https:\/\/i0.wp.com\/webdelmaestrocmf.com\/portal\/wp-content\/uploads\/2020\/04\/1-39.jpg?resize=700%2C400&ssl=1 2x, https:\/\/i0.wp.com\/webdelmaestrocmf.com\/portal\/wp-content\/uploads\/2020\/04\/1-39.jpg?resize=1050%2C600&ssl=1 3x"},"classes":[]},{"id":60631,"url":"https:\/\/webdelmaestrocmf.com\/portal\/alexander-ortiz-como-se-configura-la-conciencia-moral\/","url_meta":{"origin":55222,"position":1},"title":"[Alexander Ortiz] \u00bfC\u00f3mo se configura la conciencia moral?","author":"Web del Maestro CMF","date":"17 marzo, 2021","format":false,"excerpt":"La conciencia moral es universal, esto indica que deber\u00eda existir un acuerdo general entre las culturas. Unos investigadores de Harvard desarrollaron una encuesta de juicio moral que han respondido cientos de miles de personas de m\u00e1s de 120 pa\u00edses[1]. Los datos recopilados confirman un sentido moral universal. El camino entre\u2026","rel":"","context":"En \u00abZ-Colaboradores\u00bb","block_context":{"text":"Z-Colaboradores","link":"https:\/\/webdelmaestrocmf.com\/portal\/category\/colaborador\/"},"img":{"alt_text":"","src":"https:\/\/i0.wp.com\/webdelmaestrocmf.com\/portal\/wp-content\/uploads\/2021\/03\/1-copia-30.jpg?resize=350%2C200&ssl=1","width":350,"height":200,"srcset":"https:\/\/i0.wp.com\/webdelmaestrocmf.com\/portal\/wp-content\/uploads\/2021\/03\/1-copia-30.jpg?resize=350%2C200&ssl=1 1x, https:\/\/i0.wp.com\/webdelmaestrocmf.com\/portal\/wp-content\/uploads\/2021\/03\/1-copia-30.jpg?resize=525%2C300&ssl=1 1.5x, https:\/\/i0.wp.com\/webdelmaestrocmf.com\/portal\/wp-content\/uploads\/2021\/03\/1-copia-30.jpg?resize=700%2C400&ssl=1 2x, https:\/\/i0.wp.com\/webdelmaestrocmf.com\/portal\/wp-content\/uploads\/2021\/03\/1-copia-30.jpg?resize=1050%2C600&ssl=1 3x"},"classes":[]},{"id":34741,"url":"https:\/\/webdelmaestrocmf.com\/portal\/que-hacer-frente-a-una-crisis-del-modelo-clasico-de-escuela\/","url_meta":{"origin":55222,"position":2},"title":"No podemos insistir con un modelo que no funciona, que no creen en ella los directivos, docentes, ni alumnos","author":"Web del Maestro CMF","date":"8 septiembre, 2019","format":false,"excerpt":"La crisis de la escuela en el Siglo XXI, \u201cque hace agua por todas partes\u201d, es el tema de un art\u00edculo publicado en el portal de INFOBAE, diario digital argentino de actualidad, y que compartimos con fines \u00fanicamente educativos \u2013 pastorales, por su importancia, actualidad y por las opiniones de\u2026","rel":"","context":"En \u00abYo opino - WMCMF\u00bb","block_context":{"text":"Yo opino - WMCMF","link":"https:\/\/webdelmaestrocmf.com\/portal\/category\/jamb\/"},"img":{"alt_text":"","src":"https:\/\/i0.wp.com\/webdelmaestrocmf.com\/portal\/wp-content\/uploads\/2019\/09\/1-129.jpg?resize=350%2C200&ssl=1","width":350,"height":200,"srcset":"https:\/\/i0.wp.com\/webdelmaestrocmf.com\/portal\/wp-content\/uploads\/2019\/09\/1-129.jpg?resize=350%2C200&ssl=1 1x, https:\/\/i0.wp.com\/webdelmaestrocmf.com\/portal\/wp-content\/uploads\/2019\/09\/1-129.jpg?resize=525%2C300&ssl=1 1.5x, https:\/\/i0.wp.com\/webdelmaestrocmf.com\/portal\/wp-content\/uploads\/2019\/09\/1-129.jpg?resize=700%2C400&ssl=1 2x, https:\/\/i0.wp.com\/webdelmaestrocmf.com\/portal\/wp-content\/uploads\/2019\/09\/1-129.jpg?resize=1050%2C600&ssl=1 3x"},"classes":[]},{"id":61573,"url":"https:\/\/webdelmaestrocmf.com\/portal\/antonio-reyes-una-herramienta-espectacular-para-animar-y-darle-vida-a-fotos-antiguas-de-personajes-historicos-y-familiares\/","url_meta":{"origin":55222,"position":3},"title":"[Antonio Reyes] Una herramienta espectacular para animar y darle vida a fotos antiguas de personajes hist\u00f3ricos y familiares","author":"Web del Maestro CMF","date":"9 abril, 2021","format":false,"excerpt":"\u00bfTe imaginas poder darle vida a cualquiera de los personajes hist\u00f3ricos que citas en tus clases a trav\u00e9s de una foto antigua? Pues ya es posible mediante inteligencia artificial y de un modo muy sencillo: empleando el navegador (sin descargar nada) o, si lo prefieres, v\u00eda app para tablet o\u2026","rel":"","context":"En \u00abZ-colaborador-Antonio-Reyes\u00bb","block_context":{"text":"Z-colaborador-Antonio-Reyes","link":"https:\/\/webdelmaestrocmf.com\/portal\/category\/colaborador\/z-colaborador-antonio-reyes\/"},"img":{"alt_text":"","src":"https:\/\/i0.wp.com\/webdelmaestrocmf.com\/portal\/wp-content\/uploads\/2021\/04\/1-26.jpg?resize=350%2C200&ssl=1","width":350,"height":200,"srcset":"https:\/\/i0.wp.com\/webdelmaestrocmf.com\/portal\/wp-content\/uploads\/2021\/04\/1-26.jpg?resize=350%2C200&ssl=1 1x, https:\/\/i0.wp.com\/webdelmaestrocmf.com\/portal\/wp-content\/uploads\/2021\/04\/1-26.jpg?resize=525%2C300&ssl=1 1.5x, https:\/\/i0.wp.com\/webdelmaestrocmf.com\/portal\/wp-content\/uploads\/2021\/04\/1-26.jpg?resize=700%2C400&ssl=1 2x, https:\/\/i0.wp.com\/webdelmaestrocmf.com\/portal\/wp-content\/uploads\/2021\/04\/1-26.jpg?resize=1050%2C600&ssl=1 3x"},"classes":[]},{"id":20715,"url":"https:\/\/webdelmaestrocmf.com\/portal\/la-filosofia-vida-francisco\/","url_meta":{"origin":55222,"position":4},"title":"Pensamientos para reflexionar primero con nosotros mismos y luego con nuestros estudiantes","author":"Web del Maestro CMF","date":"26 julio, 2017","format":false,"excerpt":"Hemos tomado de ROME REPORTS, el video (1\u00b456\u201d) que compartimos con fines educativos \u2013 pastorales, con seis frases en espa\u00f1ol e italiano, porque como educadores nos pueden servir de recursos para aplicar el mindfullness, el \"tomar conciencia del momento presente\", \"tomar conciencia de la realidad\", desprovisto de cualquier orientaci\u00f3n respecto\u2026","rel":"","context":"En \u00abMundo cart\u00f3lico\u00bb","block_context":{"text":"Mundo cart\u00f3lico","link":"https:\/\/webdelmaestrocmf.com\/portal\/category\/pastoral\/"},"img":{"alt_text":"","src":"https:\/\/i0.wp.com\/webdelmaestrocmf.com\/portal\/wp-content\/uploads\/2017\/10\/1ss.jpg?resize=350%2C200&ssl=1","width":350,"height":200,"srcset":"https:\/\/i0.wp.com\/webdelmaestrocmf.com\/portal\/wp-content\/uploads\/2017\/10\/1ss.jpg?resize=350%2C200&ssl=1 1x, https:\/\/i0.wp.com\/webdelmaestrocmf.com\/portal\/wp-content\/uploads\/2017\/10\/1ss.jpg?resize=525%2C300&ssl=1 1.5x"},"classes":[]},{"id":65287,"url":"https:\/\/webdelmaestrocmf.com\/portal\/los-12-principios-de-aprendizaje-del-cerebro-y-sus-aplicaciones\/","url_meta":{"origin":55222,"position":5},"title":"Los 12 principios de aprendizaje del cerebro y sus aplicaciones","author":"Web del Maestro CMF","date":"16 julio, 2021","format":false,"excerpt":"Nuestro cerebro est\u00e1 en constante funcionamiento todo el d\u00eda, a diario; trabajamos, estudiamos, comemos, socializamos, mientras nuestro cerebro no deja de trabajar \u00bfpero que sabemos realmente de \u00e9l? Antes de adentrarnos un poco m\u00e1s en el conocimiento del cerebro, nos parece interesante presentar, debido a su valor actual, el estudio\u2026","rel":"","context":"En \u00abPedagog\u00eda\u00bb","block_context":{"text":"Pedagog\u00eda","link":"https:\/\/webdelmaestrocmf.com\/portal\/category\/pedagogia\/educacion-pedagogia\/"},"img":{"alt_text":"","src":"https:\/\/i0.wp.com\/webdelmaestrocmf.com\/portal\/wp-content\/uploads\/2021\/07\/1-101.jpeg?resize=350%2C200&ssl=1","width":350,"height":200,"srcset":"https:\/\/i0.wp.com\/webdelmaestrocmf.com\/portal\/wp-content\/uploads\/2021\/07\/1-101.jpeg?resize=350%2C200&ssl=1 1x, https:\/\/i0.wp.com\/webdelmaestrocmf.com\/portal\/wp-content\/uploads\/2021\/07\/1-101.jpeg?resize=525%2C300&ssl=1 1.5x, https:\/\/i0.wp.com\/webdelmaestrocmf.com\/portal\/wp-content\/uploads\/2021\/07\/1-101.jpeg?resize=700%2C400&ssl=1 2x, https:\/\/i0.wp.com\/webdelmaestrocmf.com\/portal\/wp-content\/uploads\/2021\/07\/1-101.jpeg?resize=1050%2C600&ssl=1 3x"},"classes":[]}],"_links":{"self":[{"href":"https:\/\/webdelmaestrocmf.com\/portal\/wp-json\/wp\/v2\/posts\/55222","targetHints":{"allow":["GET"]}}],"collection":[{"href":"https:\/\/webdelmaestrocmf.com\/portal\/wp-json\/wp\/v2\/posts"}],"about":[{"href":"https:\/\/webdelmaestrocmf.com\/portal\/wp-json\/wp\/v2\/types\/post"}],"author":[{"embeddable":true,"href":"https:\/\/webdelmaestrocmf.com\/portal\/wp-json\/wp\/v2\/users\/1"}],"replies":[{"embeddable":true,"href":"https:\/\/webdelmaestrocmf.com\/portal\/wp-json\/wp\/v2\/comments?post=55222"}],"version-history":[{"count":0,"href":"https:\/\/webdelmaestrocmf.com\/portal\/wp-json\/wp\/v2\/posts\/55222\/revisions"}],"wp:featuredmedia":[{"embeddable":true,"href":"https:\/\/webdelmaestrocmf.com\/portal\/wp-json\/wp\/v2\/media\/55225"}],"wp:attachment":[{"href":"https:\/\/webdelmaestrocmf.com\/portal\/wp-json\/wp\/v2\/media?parent=55222"}],"wp:term":[{"taxonomy":"category","embeddable":true,"href":"https:\/\/webdelmaestrocmf.com\/portal\/wp-json\/wp\/v2\/categories?post=55222"},{"taxonomy":"post_tag","embeddable":true,"href":"https:\/\/webdelmaestrocmf.com\/portal\/wp-json\/wp\/v2\/tags?post=55222"}],"curies":[{"name":"wp","href":"https:\/\/api.w.org\/{rel}","templated":true}]}}