{"id":55090,"date":"2020-11-23T20:48:34","date_gmt":"2020-11-23T23:48:34","guid":{"rendered":"https:\/\/webdelmaestrocmf.com\/portal\/?p=55090"},"modified":"2020-11-24T10:49:19","modified_gmt":"2020-11-24T13:49:19","slug":"al-final-de-la-vida-los-padres-se-convierten-en-hijos-de-sus-hijos","status":"publish","type":"post","link":"https:\/\/webdelmaestrocmf.com\/portal\/al-final-de-la-vida-los-padres-se-convierten-en-hijos-de-sus-hijos\/","title":{"rendered":"Al final de la vida, los padres se convierten en hijos de sus hijos"},"content":{"rendered":"<h5 style=\"text-align: justify;\">Llega el momento en que el cuerpo y la mente ya no est\u00e1n en su apogeo, y los padres necesitan ayuda. No hay nada m\u00e1s justo que<strong>\u00a0retribuirle todo el amor y cuidados que tuvieron durante d\u00e9cadas,<\/strong>\u00a0a aquellos que te criaron. Esto es lo que sucede normalmente, en hogares rodeados de amor, respeto y reciprocidad.<\/h5>\n<p><!--more--><\/p>\n<h5 style=\"text-align: justify;\">Llega el momento en que los hijos se hacen responsables de sus padres. Es hora de mover los muebles del sitio, quitar las alfombras, poner rejas por la casa y adecuar el cuarto de ba\u00f1o. Tambi\u00e9n es el momento de organizar los medicamentos y ayudar a ponerles la cuchara en la boca, cuando las manos ya no est\u00e1n firmes. Incluso si junto con eso viene la terquedad de no querer comer nada del plato, como t\u00fa lo hac\u00edas durante la infancia.<\/h5>\n<p style=\"text-align: justify;\"><strong>La primera vez que esa memoria realmente falla, parece que el mundo se abrir\u00e1 sobre sus pies, pero eso pasa.<\/strong>\u00a0Todo el mundo se adapta a una nueva realidad, as\u00ed como los padres aprendieron a caminar despacio, agarrados de la mano, t\u00fa tambi\u00e9n. \u00bfQu\u00e9 pasa con los gritos, la terquedad y las travesuras (\u00bfsabes de ese cari\u00f1o prohibido?) Que trae de vuelta la edad?<\/p>\n<p><img loading=\"lazy\" decoding=\"async\" class=\"alignnone size-full wp-image-55091\" src=\"https:\/\/webdelmaestrocmf.com\/portal\/wp-content\/uploads\/2020\/11\/Educar-es-acompanar-en-la-busqueda-de-la-verdad-2020-11-23T203410.965.png\" alt=\"\" width=\"1080\" height=\"1080\" srcset=\"https:\/\/webdelmaestrocmf.com\/portal\/wp-content\/uploads\/2020\/11\/Educar-es-acompanar-en-la-busqueda-de-la-verdad-2020-11-23T203410.965.png 1080w, https:\/\/webdelmaestrocmf.com\/portal\/wp-content\/uploads\/2020\/11\/Educar-es-acompanar-en-la-busqueda-de-la-verdad-2020-11-23T203410.965-300x300.png 300w, https:\/\/webdelmaestrocmf.com\/portal\/wp-content\/uploads\/2020\/11\/Educar-es-acompanar-en-la-busqueda-de-la-verdad-2020-11-23T203410.965-1024x1024.png 1024w, https:\/\/webdelmaestrocmf.com\/portal\/wp-content\/uploads\/2020\/11\/Educar-es-acompanar-en-la-busqueda-de-la-verdad-2020-11-23T203410.965-150x150.png 150w, https:\/\/webdelmaestrocmf.com\/portal\/wp-content\/uploads\/2020\/11\/Educar-es-acompanar-en-la-busqueda-de-la-verdad-2020-11-23T203410.965-768x768.png 768w, https:\/\/webdelmaestrocmf.com\/portal\/wp-content\/uploads\/2020\/11\/Educar-es-acompanar-en-la-busqueda-de-la-verdad-2020-11-23T203410.965-80x80.png 80w, https:\/\/webdelmaestrocmf.com\/portal\/wp-content\/uploads\/2020\/11\/Educar-es-acompanar-en-la-busqueda-de-la-verdad-2020-11-23T203410.965-110x110.png 110w, https:\/\/webdelmaestrocmf.com\/portal\/wp-content\/uploads\/2020\/11\/Educar-es-acompanar-en-la-busqueda-de-la-verdad-2020-11-23T203410.965-200x200.png 200w, https:\/\/webdelmaestrocmf.com\/portal\/wp-content\/uploads\/2020\/11\/Educar-es-acompanar-en-la-busqueda-de-la-verdad-2020-11-23T203410.965-380x380.png 380w, https:\/\/webdelmaestrocmf.com\/portal\/wp-content\/uploads\/2020\/11\/Educar-es-acompanar-en-la-busqueda-de-la-verdad-2020-11-23T203410.965-255x255.png 255w, https:\/\/webdelmaestrocmf.com\/portal\/wp-content\/uploads\/2020\/11\/Educar-es-acompanar-en-la-busqueda-de-la-verdad-2020-11-23T203410.965-550x550.png 550w, https:\/\/webdelmaestrocmf.com\/portal\/wp-content\/uploads\/2020\/11\/Educar-es-acompanar-en-la-busqueda-de-la-verdad-2020-11-23T203410.965-800x800.png 800w, https:\/\/webdelmaestrocmf.com\/portal\/wp-content\/uploads\/2020\/11\/Educar-es-acompanar-en-la-busqueda-de-la-verdad-2020-11-23T203410.965-160x160.png 160w, https:\/\/webdelmaestrocmf.com\/portal\/wp-content\/uploads\/2020\/11\/Educar-es-acompanar-en-la-busqueda-de-la-verdad-2020-11-23T203410.965-220x220.png 220w, https:\/\/webdelmaestrocmf.com\/portal\/wp-content\/uploads\/2020\/11\/Educar-es-acompanar-en-la-busqueda-de-la-verdad-2020-11-23T203410.965-400x400.png 400w, https:\/\/webdelmaestrocmf.com\/portal\/wp-content\/uploads\/2020\/11\/Educar-es-acompanar-en-la-busqueda-de-la-verdad-2020-11-23T203410.965-760x760.png 760w, https:\/\/webdelmaestrocmf.com\/portal\/wp-content\/uploads\/2020\/11\/Educar-es-acompanar-en-la-busqueda-de-la-verdad-2020-11-23T203410.965-510x510.png 510w, https:\/\/webdelmaestrocmf.com\/portal\/wp-content\/uploads\/2020\/11\/Educar-es-acompanar-en-la-busqueda-de-la-verdad-2020-11-23T203410.965-600x600.png 600w\" sizes=\"auto, (max-width: 1080px) 100vw, 1080px\" \/><\/p>\n<p>Tal vez le interese leer:\u00a0<a href=\"https:\/\/webdelmaestrocmf.com\/portal\/como-aprenden-los-ninos-el-respeto-a-los-padres-10-consejos\/\" target=\"_blank\" rel=\"noopener noreferrer\">C\u00f3mo aprenden los ni\u00f1os el respeto a los padres: 10 consejos<\/a><\/p>\n<p style=\"text-align: justify;\">Todo esto se vuelve natural e incluso bonito, si la crianza fue pr\u00f3xima y estuvo basada en el amor. Cuidar a tus ancianos no es una obligaci\u00f3n ni un acto de sacrificio, sino una retribuci\u00f3n. Para algunas personas, la llegada de la edad es algo negativo, \u00a1pero es exactamente lo contrario! Incluso si la enfermedad aparece y la memoria a veces falla,\u00a0<strong>siempre vale la pena estar con quienes te aman.<\/strong><\/p>\n<p>Tal vez le interese leer: <a href=\"https:\/\/webdelmaestrocmf.com\/portal\/educacion-ejemplar-para-desenmascarar-las-malas-referencias\/\" target=\"_blank\" rel=\"noopener noreferrer\">Los padres son modelos que influyen para siempre en la vida de sus hijos<\/a><\/p>\n<p><img loading=\"lazy\" decoding=\"async\" class=\"alignnone size-full wp-image-55092\" src=\"https:\/\/webdelmaestrocmf.com\/portal\/wp-content\/uploads\/2020\/11\/1-49.png\" alt=\"\" width=\"1080\" height=\"1080\" srcset=\"https:\/\/webdelmaestrocmf.com\/portal\/wp-content\/uploads\/2020\/11\/1-49.png 1080w, https:\/\/webdelmaestrocmf.com\/portal\/wp-content\/uploads\/2020\/11\/1-49-300x300.png 300w, https:\/\/webdelmaestrocmf.com\/portal\/wp-content\/uploads\/2020\/11\/1-49-1024x1024.png 1024w, https:\/\/webdelmaestrocmf.com\/portal\/wp-content\/uploads\/2020\/11\/1-49-150x150.png 150w, https:\/\/webdelmaestrocmf.com\/portal\/wp-content\/uploads\/2020\/11\/1-49-768x768.png 768w, https:\/\/webdelmaestrocmf.com\/portal\/wp-content\/uploads\/2020\/11\/1-49-80x80.png 80w, https:\/\/webdelmaestrocmf.com\/portal\/wp-content\/uploads\/2020\/11\/1-49-110x110.png 110w, https:\/\/webdelmaestrocmf.com\/portal\/wp-content\/uploads\/2020\/11\/1-49-200x200.png 200w, https:\/\/webdelmaestrocmf.com\/portal\/wp-content\/uploads\/2020\/11\/1-49-380x380.png 380w, https:\/\/webdelmaestrocmf.com\/portal\/wp-content\/uploads\/2020\/11\/1-49-255x255.png 255w, https:\/\/webdelmaestrocmf.com\/portal\/wp-content\/uploads\/2020\/11\/1-49-550x550.png 550w, https:\/\/webdelmaestrocmf.com\/portal\/wp-content\/uploads\/2020\/11\/1-49-800x800.png 800w, https:\/\/webdelmaestrocmf.com\/portal\/wp-content\/uploads\/2020\/11\/1-49-160x160.png 160w, https:\/\/webdelmaestrocmf.com\/portal\/wp-content\/uploads\/2020\/11\/1-49-220x220.png 220w, https:\/\/webdelmaestrocmf.com\/portal\/wp-content\/uploads\/2020\/11\/1-49-400x400.png 400w, https:\/\/webdelmaestrocmf.com\/portal\/wp-content\/uploads\/2020\/11\/1-49-760x760.png 760w, https:\/\/webdelmaestrocmf.com\/portal\/wp-content\/uploads\/2020\/11\/1-49-510x510.png 510w, https:\/\/webdelmaestrocmf.com\/portal\/wp-content\/uploads\/2020\/11\/1-49-600x600.png 600w\" sizes=\"auto, (max-width: 1080px) 100vw, 1080px\" \/><\/p>\n<p style=\"text-align: justify;\">No hay mejor \u00e9poca para compartir la sabidur\u00eda y vivir momentos especiales y \u00fanicos que quedar\u00e1n en tu memoria. Es verdad que requiere trabajo, as\u00ed como los hijos lo dieron, pero cada segundo vale much\u00edsimo. As\u00ed como te amaron incondicionalmente, su amor tambi\u00e9n se desbordar\u00e1. Al fin y al cabo, en los \u00faltimos d\u00edas de sus vidas los padres se convierten en hijos de sus hijos, y esto es un ciclo.<\/p>\n<p><strong>Este contenido ha sido publicado originalmente por Econsejos en la siguiente direcci\u00f3n: <a href=\"http:\/\/econsejos.com\" target=\"_blank\" rel=\"noopener noreferrer\">econsejos.com<\/a> | Autor: <span class=\"entry-author\">Ainhoa Delgado<\/span><\/strong><\/p>\n\t\t<div class=\"pk-inline-posts\">\n\t\t\t\n\t\t\t<div class=\"pk-inline-posts-container pk-inline-posts-template-list\"\n\t\t\t\tdata-columns=\"1\">\n\t\t\t\t\t\t<article id=\"post-118381\" class=\"post-118381 post type-post status-publish format-standard has-post-thumbnail category-bienestar-familiar category-pedagogia tag-aprendizaje tag-autonomia-3 tag-crianza-consciente tag-desarrollo-infantil tag-docentes tag-educacion-infantil tag-empatia-2 tag-funciones-ejecutivas tag-padres tag-responsabilidad cs-entry cs-video-wrap\">\n\t\t\t<div class=\"pk-post-outer\">\n\n\t\t\t\t\t\t\t\t<div class=\"pk-post-inner\">\n\t\t\t\t\t<div class=\"entry-thumbnail\">\n\t\t\t\t\t\t<div class=\"pk-overlay pk-overlay-ratio pk-ratio-landscape\">\n\t\t\t\t\t\t\t<div class=\"pk-overlay-background\">\n\t\t\t\t\t\t\t\t<a href=\"https:\/\/webdelmaestrocmf.com\/portal\/si-tu-hijo-hace-estas-3-cosas-felicidades-tienes-un-hijo-listo-para-toda-la-vida\/\" class=\"pk-overlay-link\">\n\t\t\t\t\t\t\t\t\t<img loading=\"lazy\" decoding=\"async\" width=\"300\" height=\"225\" src=\"https:\/\/webdelmaestrocmf.com\/portal\/wp-content\/uploads\/2026\/04\/1AA-Banner-1-portada-imagen-10-1-copia-3-7-300x225.webp\" class=\"attachment-pk-thumbnail size-pk-thumbnail wp-post-image\" alt=\"\" \/>\t\t\t\t\t\t\t\t<\/a>\n\t\t\t\t\t\t\t<\/div>\n\t\t\t\t\t\t<\/div>\n\t\t\t\t\t<\/div>\n\t\t\t\t<\/div>\n\t\t\t\t\n\t\t\t\t<div class=\"pk-post-inner\">\n\t\t\t\t\t<header>\n\t\t\t\t\t\t<h3 class=\"pk-title\"><a href=\"https:\/\/webdelmaestrocmf.com\/portal\/si-tu-hijo-hace-estas-3-cosas-felicidades-tienes-un-hijo-listo-para-toda-la-vida\/\" rel=\"bookmark\">Si tu hijo hace estas 3 cosas, felicidades: tienes un hijo listo para toda la vida<\/a><\/h3>\t\t\t\t\t<\/header><!-- .entry-header -->\n\t\t\t\t<\/div><!-- .post-inner -->\n\n\t\t\t<\/div><!-- .post-outer -->\n\t\t<\/article>\n\t\t\t\t<\/div>\n\t\t<\/div>\n\t\t\n","protected":false},"excerpt":{"rendered":"Llega el momento en que el cuerpo y la mente ya no est\u00e1n en su apogeo, y los&hellip;","protected":false},"author":1,"featured_media":55093,"comment_status":"open","ping_status":"closed","sticky":false,"template":"","format":"standard","meta":{"csco_display_header_overlay":false,"csco_singular_sidebar":"default","csco_page_header_type":"default","csco_page_load_nextpost":"default","csco_post_video_location":[],"csco_post_video_location_hash":"","csco_post_video_url":"","csco_post_video_bg_start_time":0,"csco_post_video_bg_end_time":0,"csco_post_video_bg_volume":false,"_jetpack_memberships_contains_paid_content":false,"footnotes":""},"categories":[464,735],"tags":[6101,311,184,1015],"class_list":{"0":"post-55090","1":"post","2":"type-post","3":"status-publish","4":"format-standard","5":"has-post-thumbnail","7":"category-bienestar-familiar","8":"category-pedagogia","9":"tag-convierten","10":"tag-hijos","11":"tag-padres","12":"tag-vida","13":"cs-entry","14":"cs-video-wrap"},"yoast_head":"<!-- This site is optimized with the Yoast SEO plugin v27.5 - https:\/\/yoast.com\/product\/yoast-seo-wordpress\/ -->\n<title>Al final de la vida, los padres se convierten en hijos de sus hijos - 2026<\/title>\n<meta name=\"description\" content=\"Llega el momento en que el cuerpo y la mente ya no est\u00e1n en su apogeo, y los padres necesitan ayuda. No hay nada m\u00e1s justo que\u00a0retribuirle...\" \/>\n<meta name=\"robots\" content=\"index, follow, max-snippet:-1, max-image-preview:large, max-video-preview:-1\" \/>\n<link rel=\"canonical\" href=\"https:\/\/webdelmaestrocmf.com\/portal\/al-final-de-la-vida-los-padres-se-convierten-en-hijos-de-sus-hijos\/\" \/>\n<meta property=\"og:locale\" content=\"es_ES\" \/>\n<meta property=\"og:type\" content=\"article\" \/>\n<meta property=\"og:title\" content=\"Al final de la vida, los padres se convierten en hijos de sus hijos - 2026\" \/>\n<meta property=\"og:description\" content=\"Llega el momento en que el cuerpo y la mente ya no est\u00e1n en su apogeo, y los padres necesitan ayuda. No hay nada m\u00e1s justo que\u00a0retribuirle...\" \/>\n<meta property=\"og:url\" content=\"https:\/\/webdelmaestrocmf.com\/portal\/al-final-de-la-vida-los-padres-se-convierten-en-hijos-de-sus-hijos\/\" \/>\n<meta property=\"og:site_name\" content=\"Web del Maestro CMF\" \/>\n<meta property=\"article:publisher\" content=\"https:\/\/www.facebook.com\/WebdelMaestroCMF\/\" \/>\n<meta property=\"article:author\" content=\"https:\/\/www.facebook.com\/WebdelMaestroCMF\/\" \/>\n<meta property=\"article:published_time\" content=\"2020-11-23T23:48:34+00:00\" \/>\n<meta property=\"article:modified_time\" content=\"2020-11-24T13:49:19+00:00\" \/>\n<meta property=\"og:image\" content=\"https:\/\/i0.wp.com\/webdelmaestrocmf.com\/portal\/wp-content\/uploads\/2020\/11\/1-125.jpg?fit=1100%2C680&ssl=1\" \/>\n\t<meta property=\"og:image:width\" content=\"1100\" \/>\n\t<meta property=\"og:image:height\" content=\"680\" \/>\n\t<meta property=\"og:image:type\" content=\"image\/jpeg\" \/>\n<meta name=\"author\" content=\"Web del Maestro CMF\" \/>\n<meta name=\"twitter:card\" content=\"summary_large_image\" \/>\n<meta name=\"twitter:creator\" content=\"@cmf_w\" \/>\n<meta name=\"twitter:site\" content=\"@cmf_w\" \/>\n<script type=\"application\/ld+json\" class=\"yoast-schema-graph\">{\"@context\":\"https:\\\/\\\/schema.org\",\"@graph\":[{\"@type\":\"ScholarlyArticle\",\"@id\":\"https:\\\/\\\/webdelmaestrocmf.com\\\/portal\\\/al-final-de-la-vida-los-padres-se-convierten-en-hijos-de-sus-hijos\\\/#article\",\"isPartOf\":{\"@id\":\"https:\\\/\\\/webdelmaestrocmf.com\\\/portal\\\/al-final-de-la-vida-los-padres-se-convierten-en-hijos-de-sus-hijos\\\/\"},\"author\":{\"name\":\"Web del Maestro CMF\",\"@id\":\"https:\\\/\\\/webdelmaestrocmf.com\\\/portal\\\/#\\\/schema\\\/person\\\/1072a2ed7bd960df8ef99a551fa35dc5\"},\"headline\":\"Al final de la vida, los padres se convierten en hijos de sus hijos\",\"datePublished\":\"2020-11-23T23:48:34+00:00\",\"dateModified\":\"2020-11-24T13:49:19+00:00\",\"mainEntityOfPage\":{\"@id\":\"https:\\\/\\\/webdelmaestrocmf.com\\\/portal\\\/al-final-de-la-vida-los-padres-se-convierten-en-hijos-de-sus-hijos\\\/\"},\"wordCount\":430,\"commentCount\":1,\"publisher\":{\"@id\":\"https:\\\/\\\/webdelmaestrocmf.com\\\/portal\\\/#organization\"},\"image\":{\"@id\":\"https:\\\/\\\/webdelmaestrocmf.com\\\/portal\\\/al-final-de-la-vida-los-padres-se-convierten-en-hijos-de-sus-hijos\\\/#primaryimage\"},\"thumbnailUrl\":\"https:\\\/\\\/webdelmaestrocmf.com\\\/portal\\\/wp-content\\\/uploads\\\/2020\\\/11\\\/1-125.jpg\",\"keywords\":[\"convierten\",\"hijos\",\"padres\",\"vida\"],\"articleSection\":[\"Bienestar Familiar\",\"Recursos\"],\"inLanguage\":\"es\",\"potentialAction\":[{\"@type\":\"CommentAction\",\"name\":\"Comment\",\"target\":[\"https:\\\/\\\/webdelmaestrocmf.com\\\/portal\\\/al-final-de-la-vida-los-padres-se-convierten-en-hijos-de-sus-hijos\\\/#respond\"]}]},{\"@type\":\"WebPage\",\"@id\":\"https:\\\/\\\/webdelmaestrocmf.com\\\/portal\\\/al-final-de-la-vida-los-padres-se-convierten-en-hijos-de-sus-hijos\\\/\",\"url\":\"https:\\\/\\\/webdelmaestrocmf.com\\\/portal\\\/al-final-de-la-vida-los-padres-se-convierten-en-hijos-de-sus-hijos\\\/\",\"name\":\"Al final de la vida, los padres se convierten en hijos de sus hijos - 2026\",\"isPartOf\":{\"@id\":\"https:\\\/\\\/webdelmaestrocmf.com\\\/portal\\\/#website\"},\"primaryImageOfPage\":{\"@id\":\"https:\\\/\\\/webdelmaestrocmf.com\\\/portal\\\/al-final-de-la-vida-los-padres-se-convierten-en-hijos-de-sus-hijos\\\/#primaryimage\"},\"image\":{\"@id\":\"https:\\\/\\\/webdelmaestrocmf.com\\\/portal\\\/al-final-de-la-vida-los-padres-se-convierten-en-hijos-de-sus-hijos\\\/#primaryimage\"},\"thumbnailUrl\":\"https:\\\/\\\/webdelmaestrocmf.com\\\/portal\\\/wp-content\\\/uploads\\\/2020\\\/11\\\/1-125.jpg\",\"datePublished\":\"2020-11-23T23:48:34+00:00\",\"dateModified\":\"2020-11-24T13:49:19+00:00\",\"description\":\"Llega el momento en que el cuerpo y la mente ya no est\u00e1n en su apogeo, y los padres necesitan ayuda. No hay nada m\u00e1s justo que\u00a0retribuirle...\",\"breadcrumb\":{\"@id\":\"https:\\\/\\\/webdelmaestrocmf.com\\\/portal\\\/al-final-de-la-vida-los-padres-se-convierten-en-hijos-de-sus-hijos\\\/#breadcrumb\"},\"inLanguage\":\"es\",\"potentialAction\":[{\"@type\":\"ReadAction\",\"target\":[\"https:\\\/\\\/webdelmaestrocmf.com\\\/portal\\\/al-final-de-la-vida-los-padres-se-convierten-en-hijos-de-sus-hijos\\\/\"]}]},{\"@type\":\"ImageObject\",\"inLanguage\":\"es\",\"@id\":\"https:\\\/\\\/webdelmaestrocmf.com\\\/portal\\\/al-final-de-la-vida-los-padres-se-convierten-en-hijos-de-sus-hijos\\\/#primaryimage\",\"url\":\"https:\\\/\\\/webdelmaestrocmf.com\\\/portal\\\/wp-content\\\/uploads\\\/2020\\\/11\\\/1-125.jpg\",\"contentUrl\":\"https:\\\/\\\/webdelmaestrocmf.com\\\/portal\\\/wp-content\\\/uploads\\\/2020\\\/11\\\/1-125.jpg\",\"width\":1100,\"height\":680},{\"@type\":\"BreadcrumbList\",\"@id\":\"https:\\\/\\\/webdelmaestrocmf.com\\\/portal\\\/al-final-de-la-vida-los-padres-se-convierten-en-hijos-de-sus-hijos\\\/#breadcrumb\",\"itemListElement\":[{\"@type\":\"ListItem\",\"position\":1,\"name\":\"Portada\",\"item\":\"https:\\\/\\\/webdelmaestrocmf.com\\\/portal\\\/\"},{\"@type\":\"ListItem\",\"position\":2,\"name\":\"Recursos\",\"item\":\"https:\\\/\\\/webdelmaestrocmf.com\\\/portal\\\/category\\\/pedagogia\\\/\"},{\"@type\":\"ListItem\",\"position\":3,\"name\":\"Al final de la vida, los padres se convierten en hijos de sus hijos\"}]},{\"@type\":\"WebSite\",\"@id\":\"https:\\\/\\\/webdelmaestrocmf.com\\\/portal\\\/#website\",\"url\":\"https:\\\/\\\/webdelmaestrocmf.com\\\/portal\\\/\",\"name\":\"Web del Maestro CMF\",\"description\":\"Maestros al servicio de la educaci\u00f3n\",\"publisher\":{\"@id\":\"https:\\\/\\\/webdelmaestrocmf.com\\\/portal\\\/#organization\"},\"alternateName\":\"WMCMF\",\"potentialAction\":[{\"@type\":\"SearchAction\",\"target\":{\"@type\":\"EntryPoint\",\"urlTemplate\":\"https:\\\/\\\/webdelmaestrocmf.com\\\/portal\\\/?s={search_term_string}\"},\"query-input\":{\"@type\":\"PropertyValueSpecification\",\"valueRequired\":true,\"valueName\":\"search_term_string\"}}],\"inLanguage\":\"es\"},{\"@type\":\"Organization\",\"@id\":\"https:\\\/\\\/webdelmaestrocmf.com\\\/portal\\\/#organization\",\"name\":\"Web del Maestro CMF\",\"alternateName\":\"WMCMF\",\"url\":\"https:\\\/\\\/webdelmaestrocmf.com\\\/portal\\\/\",\"logo\":{\"@type\":\"ImageObject\",\"inLanguage\":\"es\",\"@id\":\"https:\\\/\\\/webdelmaestrocmf.com\\\/portal\\\/#\\\/schema\\\/logo\\\/image\\\/\",\"url\":\"https:\\\/\\\/webdelmaestrocmf.com\\\/portal\\\/wp-content\\\/uploads\\\/2023\\\/01\\\/logo-wmcmf-2.png\",\"contentUrl\":\"https:\\\/\\\/webdelmaestrocmf.com\\\/portal\\\/wp-content\\\/uploads\\\/2023\\\/01\\\/logo-wmcmf-2.png\",\"width\":200,\"height\":60,\"caption\":\"Web del Maestro CMF\"},\"image\":{\"@id\":\"https:\\\/\\\/webdelmaestrocmf.com\\\/portal\\\/#\\\/schema\\\/logo\\\/image\\\/\"},\"sameAs\":[\"https:\\\/\\\/www.facebook.com\\\/WebdelMaestroCMF\\\/\",\"https:\\\/\\\/x.com\\\/cmf_w\",\"https:\\\/\\\/www.pinterest.com\\\/WMCMF\\\/\",\"https:\\\/\\\/www.linkedin.com\\\/company\\\/web-del-maestro-cmf\\\/\",\"https:\\\/\\\/www.instagram.com\\\/wmcmf\\\/\",\"https:\\\/\\\/www.youtube.com\\\/channel\\\/UCDPSvjbdodE5sHnC3OxutHw\",\"https:\\\/\\\/mastodon.social\\\/@wmcmf\",\"https:\\\/\\\/www.tiktok.com\\\/@webdelmaestrocmf\"]},{\"@type\":\"Person\",\"@id\":\"https:\\\/\\\/webdelmaestrocmf.com\\\/portal\\\/#\\\/schema\\\/person\\\/1072a2ed7bd960df8ef99a551fa35dc5\",\"name\":\"Web del Maestro CMF\",\"image\":{\"@type\":\"ImageObject\",\"inLanguage\":\"es\",\"@id\":\"https:\\\/\\\/secure.gravatar.com\\\/avatar\\\/23291dd5b5ae1077dcff3dbb04c3e02bd28403fa75af6d8787d5e97c5bbbe30b?s=96&d=mm&r=g\",\"url\":\"https:\\\/\\\/secure.gravatar.com\\\/avatar\\\/23291dd5b5ae1077dcff3dbb04c3e02bd28403fa75af6d8787d5e97c5bbbe30b?s=96&d=mm&r=g\",\"contentUrl\":\"https:\\\/\\\/secure.gravatar.com\\\/avatar\\\/23291dd5b5ae1077dcff3dbb04c3e02bd28403fa75af6d8787d5e97c5bbbe30b?s=96&d=mm&r=g\",\"caption\":\"Web del Maestro CMF\"},\"description\":\"Esta Web se cre\u00f3 sin fines de lucro, con fines educativos, cient\u00edficos y acad\u00e9micos, para personas que tengan dificultades y\\\/o inconvenientes en visualizar el material original. El objetivo es entregar recursos, compartir experiencias y materiales que ayuden a los padres de familia, maestros y estudiantes en su actualizaci\u00f3n y formaci\u00f3n permanente, en bien de la Educaci\u00f3n.\",\"sameAs\":[\"http:\\\/\\\/webdelmaestrocmf.com\\\/portal\",\"https:\\\/\\\/www.facebook.com\\\/WebdelMaestroCMF\\\/\",\"https:\\\/\\\/www.instagram.com\\\/wmcmf\\\/\",\"https:\\\/\\\/cl.linkedin.com\\\/company\\\/web-del-maestro-cmf\",\"https:\\\/\\\/www.pinterest.com\\\/WMCMF\\\/publicaciones\\\/\",\"https:\\\/\\\/x.com\\\/cmf_w\",\"https:\\\/\\\/www.youtube.com\\\/@WMCMF\"]}]}<\/script>\n<!-- \/ Yoast SEO plugin. -->","yoast_head_json":{"title":"Al final de la vida, los padres se convierten en hijos de sus hijos - 2026","description":"Llega el momento en que el cuerpo y la mente ya no est\u00e1n en su apogeo, y los padres necesitan ayuda. No hay nada m\u00e1s justo que\u00a0retribuirle...","robots":{"index":"index","follow":"follow","max-snippet":"max-snippet:-1","max-image-preview":"max-image-preview:large","max-video-preview":"max-video-preview:-1"},"canonical":"https:\/\/webdelmaestrocmf.com\/portal\/al-final-de-la-vida-los-padres-se-convierten-en-hijos-de-sus-hijos\/","og_locale":"es_ES","og_type":"article","og_title":"Al final de la vida, los padres se convierten en hijos de sus hijos - 2026","og_description":"Llega el momento en que el cuerpo y la mente ya no est\u00e1n en su apogeo, y los padres necesitan ayuda. No hay nada m\u00e1s justo que\u00a0retribuirle...","og_url":"https:\/\/webdelmaestrocmf.com\/portal\/al-final-de-la-vida-los-padres-se-convierten-en-hijos-de-sus-hijos\/","og_site_name":"Web del Maestro CMF","article_publisher":"https:\/\/www.facebook.com\/WebdelMaestroCMF\/","article_author":"https:\/\/www.facebook.com\/WebdelMaestroCMF\/","article_published_time":"2020-11-23T23:48:34+00:00","article_modified_time":"2020-11-24T13:49:19+00:00","og_image":[{"width":1100,"height":680,"url":"https:\/\/i0.wp.com\/webdelmaestrocmf.com\/portal\/wp-content\/uploads\/2020\/11\/1-125.jpg?fit=1100%2C680&ssl=1","type":"image\/jpeg"}],"author":"Web del Maestro CMF","twitter_card":"summary_large_image","twitter_creator":"@cmf_w","twitter_site":"@cmf_w","schema":{"@context":"https:\/\/schema.org","@graph":[{"@type":"ScholarlyArticle","@id":"https:\/\/webdelmaestrocmf.com\/portal\/al-final-de-la-vida-los-padres-se-convierten-en-hijos-de-sus-hijos\/#article","isPartOf":{"@id":"https:\/\/webdelmaestrocmf.com\/portal\/al-final-de-la-vida-los-padres-se-convierten-en-hijos-de-sus-hijos\/"},"author":{"name":"Web del Maestro CMF","@id":"https:\/\/webdelmaestrocmf.com\/portal\/#\/schema\/person\/1072a2ed7bd960df8ef99a551fa35dc5"},"headline":"Al final de la vida, los padres se convierten en hijos de sus hijos","datePublished":"2020-11-23T23:48:34+00:00","dateModified":"2020-11-24T13:49:19+00:00","mainEntityOfPage":{"@id":"https:\/\/webdelmaestrocmf.com\/portal\/al-final-de-la-vida-los-padres-se-convierten-en-hijos-de-sus-hijos\/"},"wordCount":430,"commentCount":1,"publisher":{"@id":"https:\/\/webdelmaestrocmf.com\/portal\/#organization"},"image":{"@id":"https:\/\/webdelmaestrocmf.com\/portal\/al-final-de-la-vida-los-padres-se-convierten-en-hijos-de-sus-hijos\/#primaryimage"},"thumbnailUrl":"https:\/\/webdelmaestrocmf.com\/portal\/wp-content\/uploads\/2020\/11\/1-125.jpg","keywords":["convierten","hijos","padres","vida"],"articleSection":["Bienestar Familiar","Recursos"],"inLanguage":"es","potentialAction":[{"@type":"CommentAction","name":"Comment","target":["https:\/\/webdelmaestrocmf.com\/portal\/al-final-de-la-vida-los-padres-se-convierten-en-hijos-de-sus-hijos\/#respond"]}]},{"@type":"WebPage","@id":"https:\/\/webdelmaestrocmf.com\/portal\/al-final-de-la-vida-los-padres-se-convierten-en-hijos-de-sus-hijos\/","url":"https:\/\/webdelmaestrocmf.com\/portal\/al-final-de-la-vida-los-padres-se-convierten-en-hijos-de-sus-hijos\/","name":"Al final de la vida, los padres se convierten en hijos de sus hijos - 2026","isPartOf":{"@id":"https:\/\/webdelmaestrocmf.com\/portal\/#website"},"primaryImageOfPage":{"@id":"https:\/\/webdelmaestrocmf.com\/portal\/al-final-de-la-vida-los-padres-se-convierten-en-hijos-de-sus-hijos\/#primaryimage"},"image":{"@id":"https:\/\/webdelmaestrocmf.com\/portal\/al-final-de-la-vida-los-padres-se-convierten-en-hijos-de-sus-hijos\/#primaryimage"},"thumbnailUrl":"https:\/\/webdelmaestrocmf.com\/portal\/wp-content\/uploads\/2020\/11\/1-125.jpg","datePublished":"2020-11-23T23:48:34+00:00","dateModified":"2020-11-24T13:49:19+00:00","description":"Llega el momento en que el cuerpo y la mente ya no est\u00e1n en su apogeo, y los padres necesitan ayuda. No hay nada m\u00e1s justo que\u00a0retribuirle...","breadcrumb":{"@id":"https:\/\/webdelmaestrocmf.com\/portal\/al-final-de-la-vida-los-padres-se-convierten-en-hijos-de-sus-hijos\/#breadcrumb"},"inLanguage":"es","potentialAction":[{"@type":"ReadAction","target":["https:\/\/webdelmaestrocmf.com\/portal\/al-final-de-la-vida-los-padres-se-convierten-en-hijos-de-sus-hijos\/"]}]},{"@type":"ImageObject","inLanguage":"es","@id":"https:\/\/webdelmaestrocmf.com\/portal\/al-final-de-la-vida-los-padres-se-convierten-en-hijos-de-sus-hijos\/#primaryimage","url":"https:\/\/webdelmaestrocmf.com\/portal\/wp-content\/uploads\/2020\/11\/1-125.jpg","contentUrl":"https:\/\/webdelmaestrocmf.com\/portal\/wp-content\/uploads\/2020\/11\/1-125.jpg","width":1100,"height":680},{"@type":"BreadcrumbList","@id":"https:\/\/webdelmaestrocmf.com\/portal\/al-final-de-la-vida-los-padres-se-convierten-en-hijos-de-sus-hijos\/#breadcrumb","itemListElement":[{"@type":"ListItem","position":1,"name":"Portada","item":"https:\/\/webdelmaestrocmf.com\/portal\/"},{"@type":"ListItem","position":2,"name":"Recursos","item":"https:\/\/webdelmaestrocmf.com\/portal\/category\/pedagogia\/"},{"@type":"ListItem","position":3,"name":"Al final de la vida, los padres se convierten en hijos de sus hijos"}]},{"@type":"WebSite","@id":"https:\/\/webdelmaestrocmf.com\/portal\/#website","url":"https:\/\/webdelmaestrocmf.com\/portal\/","name":"Web del Maestro CMF","description":"Maestros al servicio de la educaci\u00f3n","publisher":{"@id":"https:\/\/webdelmaestrocmf.com\/portal\/#organization"},"alternateName":"WMCMF","potentialAction":[{"@type":"SearchAction","target":{"@type":"EntryPoint","urlTemplate":"https:\/\/webdelmaestrocmf.com\/portal\/?s={search_term_string}"},"query-input":{"@type":"PropertyValueSpecification","valueRequired":true,"valueName":"search_term_string"}}],"inLanguage":"es"},{"@type":"Organization","@id":"https:\/\/webdelmaestrocmf.com\/portal\/#organization","name":"Web del Maestro CMF","alternateName":"WMCMF","url":"https:\/\/webdelmaestrocmf.com\/portal\/","logo":{"@type":"ImageObject","inLanguage":"es","@id":"https:\/\/webdelmaestrocmf.com\/portal\/#\/schema\/logo\/image\/","url":"https:\/\/webdelmaestrocmf.com\/portal\/wp-content\/uploads\/2023\/01\/logo-wmcmf-2.png","contentUrl":"https:\/\/webdelmaestrocmf.com\/portal\/wp-content\/uploads\/2023\/01\/logo-wmcmf-2.png","width":200,"height":60,"caption":"Web del Maestro CMF"},"image":{"@id":"https:\/\/webdelmaestrocmf.com\/portal\/#\/schema\/logo\/image\/"},"sameAs":["https:\/\/www.facebook.com\/WebdelMaestroCMF\/","https:\/\/x.com\/cmf_w","https:\/\/www.pinterest.com\/WMCMF\/","https:\/\/www.linkedin.com\/company\/web-del-maestro-cmf\/","https:\/\/www.instagram.com\/wmcmf\/","https:\/\/www.youtube.com\/channel\/UCDPSvjbdodE5sHnC3OxutHw","https:\/\/mastodon.social\/@wmcmf","https:\/\/www.tiktok.com\/@webdelmaestrocmf"]},{"@type":"Person","@id":"https:\/\/webdelmaestrocmf.com\/portal\/#\/schema\/person\/1072a2ed7bd960df8ef99a551fa35dc5","name":"Web del Maestro CMF","image":{"@type":"ImageObject","inLanguage":"es","@id":"https:\/\/secure.gravatar.com\/avatar\/23291dd5b5ae1077dcff3dbb04c3e02bd28403fa75af6d8787d5e97c5bbbe30b?s=96&d=mm&r=g","url":"https:\/\/secure.gravatar.com\/avatar\/23291dd5b5ae1077dcff3dbb04c3e02bd28403fa75af6d8787d5e97c5bbbe30b?s=96&d=mm&r=g","contentUrl":"https:\/\/secure.gravatar.com\/avatar\/23291dd5b5ae1077dcff3dbb04c3e02bd28403fa75af6d8787d5e97c5bbbe30b?s=96&d=mm&r=g","caption":"Web del Maestro CMF"},"description":"Esta Web se cre\u00f3 sin fines de lucro, con fines educativos, cient\u00edficos y acad\u00e9micos, para personas que tengan dificultades y\/o inconvenientes en visualizar el material original. El objetivo es entregar recursos, compartir experiencias y materiales que ayuden a los padres de familia, maestros y estudiantes en su actualizaci\u00f3n y formaci\u00f3n permanente, en bien de la Educaci\u00f3n.","sameAs":["http:\/\/webdelmaestrocmf.com\/portal","https:\/\/www.facebook.com\/WebdelMaestroCMF\/","https:\/\/www.instagram.com\/wmcmf\/","https:\/\/cl.linkedin.com\/company\/web-del-maestro-cmf","https:\/\/www.pinterest.com\/WMCMF\/publicaciones\/","https:\/\/x.com\/cmf_w","https:\/\/www.youtube.com\/@WMCMF"]}]}},"jetpack_featured_media_url":"https:\/\/webdelmaestrocmf.com\/portal\/wp-content\/uploads\/2020\/11\/1-125.jpg","jetpack_sharing_enabled":true,"jetpack-related-posts":[{"id":32314,"url":"https:\/\/webdelmaestrocmf.com\/portal\/tipos-de-padres-que-existen-en-la-escuela-y-sin-darse-cuenta-se-convierten-en-una-pesadilla\/","url_meta":{"origin":55090,"position":0},"title":"Padres t\u00f3xicos: \u00bfCu\u00e1les son los tipos de padres que existen en la escuela?","author":"Web del Maestro CMF","date":"14 abril, 2021","format":false,"excerpt":"Estudios han indicado que los ni\u00f1os cuyos padres o cualquier otro adulto, comparte actividades educativas con ellos, tienden a ser mejor en la escuela. Algunos beneficios que se han identificado y que miden el grado de involucramiento de los padres en la educaci\u00f3n, incluyen: Calificaciones\/ notas altas en las pruebas\u2026","rel":"","context":"En \u00abBienestar Familiar\u00bb","block_context":{"text":"Bienestar Familiar","link":"https:\/\/webdelmaestrocmf.com\/portal\/category\/pedagogia\/bienestar-familiar\/"},"img":{"alt_text":"","src":"https:\/\/i0.wp.com\/webdelmaestrocmf.com\/portal\/wp-content\/uploads\/2019\/09\/1-124.jpg?resize=350%2C200&ssl=1","width":350,"height":200,"srcset":"https:\/\/i0.wp.com\/webdelmaestrocmf.com\/portal\/wp-content\/uploads\/2019\/09\/1-124.jpg?resize=350%2C200&ssl=1 1x, https:\/\/i0.wp.com\/webdelmaestrocmf.com\/portal\/wp-content\/uploads\/2019\/09\/1-124.jpg?resize=525%2C300&ssl=1 1.5x, https:\/\/i0.wp.com\/webdelmaestrocmf.com\/portal\/wp-content\/uploads\/2019\/09\/1-124.jpg?resize=700%2C400&ssl=1 2x, https:\/\/i0.wp.com\/webdelmaestrocmf.com\/portal\/wp-content\/uploads\/2019\/09\/1-124.jpg?resize=1050%2C600&ssl=1 3x"},"classes":[]},{"id":14470,"url":"https:\/\/webdelmaestrocmf.com\/portal\/los-padres-sobreprotectores-convierten-hijos-tiranos\/","url_meta":{"origin":55090,"position":1},"title":"Padres sobreprotectores:  Las equivocaciones y los sinsabores ayudan a los ni\u00f1os a desarrollar una saludable tolerancia a la frustraci\u00f3n","author":"Web del Maestro CMF","date":"2 julio, 2024","format":false,"excerpt":"Hace poco nos contaba la profesora Eva Mar\u00eda Romero Valderas que estaba \u201charta del proteccionismo de los padres, que quieren que sus hijos aprueben sin esfuerzo y sin sufrir, sin traumas\u2026 \u201c. Y es que suele suceder que los padres de familia y los profesores, podemos haber realizado esa \u201chiperfunci\u00f3n\u2026","rel":"","context":"En \u00abBienestar Familiar\u00bb","block_context":{"text":"Bienestar Familiar","link":"https:\/\/webdelmaestrocmf.com\/portal\/category\/pedagogia\/bienestar-familiar\/"},"img":{"alt_text":"Padres sobreprotectores","src":"https:\/\/i0.wp.com\/webdelmaestrocmf.com\/portal\/wp-content\/uploads\/2019\/10\/Banner-1-portada-imagen-10-1-2024-07-02T194932.923.jpg?resize=350%2C200&ssl=1","width":350,"height":200,"srcset":"https:\/\/i0.wp.com\/webdelmaestrocmf.com\/portal\/wp-content\/uploads\/2019\/10\/Banner-1-portada-imagen-10-1-2024-07-02T194932.923.jpg?resize=350%2C200&ssl=1 1x, https:\/\/i0.wp.com\/webdelmaestrocmf.com\/portal\/wp-content\/uploads\/2019\/10\/Banner-1-portada-imagen-10-1-2024-07-02T194932.923.jpg?resize=525%2C300&ssl=1 1.5x, https:\/\/i0.wp.com\/webdelmaestrocmf.com\/portal\/wp-content\/uploads\/2019\/10\/Banner-1-portada-imagen-10-1-2024-07-02T194932.923.jpg?resize=700%2C400&ssl=1 2x"},"classes":[]},{"id":13999,"url":"https:\/\/webdelmaestrocmf.com\/portal\/padres-drones-controlar-los-hijos-desde-la-distancia\/","url_meta":{"origin":55090,"position":2},"title":"Padres drones \/ helic\u00f3ptero: controlar los hijos desde la distancia","author":"Web del Maestro CMF","date":"28 enero, 2017","format":false,"excerpt":"La comprobaci\u00f3n de los padres que vigilan en forma insistente, obsesiva, asfixiante,.. a sus hijos, ha llevado denominarlos \u201cpadres helic\u00f3pteros\u201d y ahora (para estar m\u00e1s a la modernidad) \u201cpadres drones\u201d para \u201crondarlos\u201d a distancia (en ingl\u00e9s se les llama \u201coverparenting o hiperparenting\u201d). La redacci\u00f3n de Temas&Noticias (ACEPRENSA), nos ofrece un\u2026","rel":"","context":"En \u00abBienestar Familiar\u00bb","block_context":{"text":"Bienestar Familiar","link":"https:\/\/webdelmaestrocmf.com\/portal\/category\/pedagogia\/bienestar-familiar\/"},"img":{"alt_text":"","src":"https:\/\/i0.wp.com\/webdelmaestrocmf.com\/portal\/wp-content\/uploads\/2017\/01\/1-copia.jpg?resize=350%2C200&ssl=1","width":350,"height":200,"srcset":"https:\/\/i0.wp.com\/webdelmaestrocmf.com\/portal\/wp-content\/uploads\/2017\/01\/1-copia.jpg?resize=350%2C200&ssl=1 1x, https:\/\/i0.wp.com\/webdelmaestrocmf.com\/portal\/wp-content\/uploads\/2017\/01\/1-copia.jpg?resize=525%2C300&ssl=1 1.5x, https:\/\/i0.wp.com\/webdelmaestrocmf.com\/portal\/wp-content\/uploads\/2017\/01\/1-copia.jpg?resize=700%2C400&ssl=1 2x, https:\/\/i0.wp.com\/webdelmaestrocmf.com\/portal\/wp-content\/uploads\/2017\/01\/1-copia.jpg?resize=1050%2C600&ssl=1 3x"},"classes":[]},{"id":32638,"url":"https:\/\/webdelmaestrocmf.com\/portal\/5-recomendaciones-para-criar-a-sus-hijos-conscientes-segun-psicologos-de-harvard\/","url_meta":{"origin":55090,"position":3},"title":"Recomendaciones para criar a sus hijos conscientes seg\u00fan psic\u00f3logos de Harvard","author":"Web del Maestro CMF","date":"22 diciembre, 2019","format":false,"excerpt":"\u201cLos ni\u00f1os no nacen buenos ni malos y nunca debemos rendirnos con ellos\u201d, \u201cEllos necesitan que los adultos los ayuden a convertirse en personas preocupadas, respetuosas y responsables para sus comunidades, en todas las etapas de su infancia\u201d","rel":"","context":"En \u00abEducaci\u00f3n y Familia\u00bb","block_context":{"text":"Educaci\u00f3n y Familia","link":"https:\/\/webdelmaestrocmf.com\/portal\/category\/pedagogia\/educacion-y-familia\/"},"img":{"alt_text":"","src":"https:\/\/i0.wp.com\/webdelmaestrocmf.com\/portal\/wp-content\/uploads\/2019\/12\/1A-Banner-1-portada-imagen-10-1-copia-54.jpg?resize=350%2C200&ssl=1","width":350,"height":200,"srcset":"https:\/\/i0.wp.com\/webdelmaestrocmf.com\/portal\/wp-content\/uploads\/2019\/12\/1A-Banner-1-portada-imagen-10-1-copia-54.jpg?resize=350%2C200&ssl=1 1x, https:\/\/i0.wp.com\/webdelmaestrocmf.com\/portal\/wp-content\/uploads\/2019\/12\/1A-Banner-1-portada-imagen-10-1-copia-54.jpg?resize=525%2C300&ssl=1 1.5x, https:\/\/i0.wp.com\/webdelmaestrocmf.com\/portal\/wp-content\/uploads\/2019\/12\/1A-Banner-1-portada-imagen-10-1-copia-54.jpg?resize=700%2C400&ssl=1 2x"},"classes":[]},{"id":73666,"url":"https:\/\/webdelmaestrocmf.com\/portal\/cuando-los-padres-disfrutan-realmente-la-compania-de-sus-hijos-se-convierten-en-los-mejores-maestros-que-los-ninos-pueden-tener\/","url_meta":{"origin":55090,"position":4},"title":"Cuando los padres disfrutan realmente la compa\u00f1\u00eda de sus hijos se convierten en los mejores maestros que los ni\u00f1os pueden tener","author":"Web del Maestro CMF","date":"24 julio, 2022","format":false,"excerpt":"Convertirnos en madres y padres nos regala muchos momentos llenos de alegr\u00eda, adem\u00e1s de darnos grandes lecciones de vida.\u00a0Nuestros hijos crecen a velocidad incre\u00edble, y cuando menos lo esperamos, ya han dejado atr\u00e1s una etapa m\u00e1s de su desarrollo. De ser reci\u00e9n nacidos pasan a ser beb\u00e9s, y de ser\u2026","rel":"","context":"En \u00abBienestar Familiar\u00bb","block_context":{"text":"Bienestar Familiar","link":"https:\/\/webdelmaestrocmf.com\/portal\/category\/pedagogia\/bienestar-familiar\/"},"img":{"alt_text":"","src":"https:\/\/i0.wp.com\/webdelmaestrocmf.com\/portal\/wp-content\/uploads\/2022\/01\/1-169.jpg?resize=350%2C200&ssl=1","width":350,"height":200,"srcset":"https:\/\/i0.wp.com\/webdelmaestrocmf.com\/portal\/wp-content\/uploads\/2022\/01\/1-169.jpg?resize=350%2C200&ssl=1 1x, https:\/\/i0.wp.com\/webdelmaestrocmf.com\/portal\/wp-content\/uploads\/2022\/01\/1-169.jpg?resize=525%2C300&ssl=1 1.5x, https:\/\/i0.wp.com\/webdelmaestrocmf.com\/portal\/wp-content\/uploads\/2022\/01\/1-169.jpg?resize=700%2C400&ssl=1 2x, https:\/\/i0.wp.com\/webdelmaestrocmf.com\/portal\/wp-content\/uploads\/2022\/01\/1-169.jpg?resize=1050%2C600&ssl=1 3x"},"classes":[]},{"id":90338,"url":"https:\/\/webdelmaestrocmf.com\/portal\/padres-de-algodon-e-hijos-de-cristal\/","url_meta":{"origin":55090,"position":5},"title":"Padres de algod\u00f3n e hijos de cristal","author":"Web del Maestro CMF","date":"2 julio, 2023","format":false,"excerpt":"El concepto de \"padres de algod\u00f3n e hijos de cristal\" se refiere a un fen\u00f3meno social en el que los padres sobreprotegen a sus hijos y evitan que enfrenten situaciones inc\u00f3modas, dif\u00edciles o frustrantes. Los padres de algod\u00f3n son aquellos que tienen l\u00edmites poco firmes y buscan evitar cualquier tipo\u2026","rel":"","context":"En \u00abBienestar Familiar\u00bb","block_context":{"text":"Bienestar Familiar","link":"https:\/\/webdelmaestrocmf.com\/portal\/category\/pedagogia\/bienestar-familiar\/"},"img":{"alt_text":"","src":"https:\/\/i0.wp.com\/webdelmaestrocmf.com\/portal\/wp-content\/uploads\/2023\/07\/A12B3C4D-16.jpg?resize=350%2C200&ssl=1","width":350,"height":200,"srcset":"https:\/\/i0.wp.com\/webdelmaestrocmf.com\/portal\/wp-content\/uploads\/2023\/07\/A12B3C4D-16.jpg?resize=350%2C200&ssl=1 1x, https:\/\/i0.wp.com\/webdelmaestrocmf.com\/portal\/wp-content\/uploads\/2023\/07\/A12B3C4D-16.jpg?resize=525%2C300&ssl=1 1.5x, https:\/\/i0.wp.com\/webdelmaestrocmf.com\/portal\/wp-content\/uploads\/2023\/07\/A12B3C4D-16.jpg?resize=700%2C400&ssl=1 2x"},"classes":[]}],"_links":{"self":[{"href":"https:\/\/webdelmaestrocmf.com\/portal\/wp-json\/wp\/v2\/posts\/55090","targetHints":{"allow":["GET"]}}],"collection":[{"href":"https:\/\/webdelmaestrocmf.com\/portal\/wp-json\/wp\/v2\/posts"}],"about":[{"href":"https:\/\/webdelmaestrocmf.com\/portal\/wp-json\/wp\/v2\/types\/post"}],"author":[{"embeddable":true,"href":"https:\/\/webdelmaestrocmf.com\/portal\/wp-json\/wp\/v2\/users\/1"}],"replies":[{"embeddable":true,"href":"https:\/\/webdelmaestrocmf.com\/portal\/wp-json\/wp\/v2\/comments?post=55090"}],"version-history":[{"count":0,"href":"https:\/\/webdelmaestrocmf.com\/portal\/wp-json\/wp\/v2\/posts\/55090\/revisions"}],"wp:featuredmedia":[{"embeddable":true,"href":"https:\/\/webdelmaestrocmf.com\/portal\/wp-json\/wp\/v2\/media\/55093"}],"wp:attachment":[{"href":"https:\/\/webdelmaestrocmf.com\/portal\/wp-json\/wp\/v2\/media?parent=55090"}],"wp:term":[{"taxonomy":"category","embeddable":true,"href":"https:\/\/webdelmaestrocmf.com\/portal\/wp-json\/wp\/v2\/categories?post=55090"},{"taxonomy":"post_tag","embeddable":true,"href":"https:\/\/webdelmaestrocmf.com\/portal\/wp-json\/wp\/v2\/tags?post=55090"}],"curies":[{"name":"wp","href":"https:\/\/api.w.org\/{rel}","templated":true}]}}