{"id":55018,"date":"2020-11-22T19:56:30","date_gmt":"2020-11-22T22:56:30","guid":{"rendered":"https:\/\/webdelmaestrocmf.com\/portal\/?p=55018"},"modified":"2020-11-23T09:51:09","modified_gmt":"2020-11-23T12:51:09","slug":"nobody-is-normal-un-hermoso-cortometraje-para-ensenar-a-nuestros-alumnos-que-lo-normal-es-ser-diferente-soundtrack-creep-radiohead","status":"publish","type":"post","link":"https:\/\/webdelmaestrocmf.com\/portal\/nobody-is-normal-un-hermoso-cortometraje-para-ensenar-a-nuestros-alumnos-que-lo-normal-es-ser-diferente-soundtrack-creep-radiohead\/","title":{"rendered":"\u201cNobody is Normal\u201d, un hermoso cortometraje para ense\u00f1ar a nuestros alumnos que lo normal es ser diferente"},"content":{"rendered":"<h5 style=\"text-align: justify;\">Tristemente, nacemos y a medida que crecemos,<strong>\u00a0adoptamos la absurda idea de que lo aconsejables es no destacar demasiado<\/strong>, encajar en la caja impuesta por la sociedad para no salirnos del tiesto, en definitiva, lo que conocemos como normalidad. Ahora bien, cuando intentamos definir la idea de normalidad, el asunto se complica.<\/h5>\n<p><!--more--><\/p>\n<h5 style=\"text-align: justify;\">\u00bfQu\u00e9 es ser normal y qui\u00e9n impone las directrices de lo socialmente aceptado? Seg\u00fan la psicolog\u00eda,\u00a0<strong>la normalidad es una construcci\u00f3n social que engloba a los comportamiento, ideas y caracter\u00edsticas que se adaptan a la vida en sociedad.<\/strong>\u00a0Es decir, que se trata de una\u00a0<strong>forma de autorregulaci\u00f3n de las conductas<\/strong>, con la que cuentan las sociedades.<\/h5>\n<p>Cuando nuestra inocencia se ve corrompida por el adoctrinamiento con el que se nos imponen ciertas cualidades, resulta complejo tomar conciencia de nuestras diferencias y valorarlas para vivir con ello sin discriminarnos los unos a los otros. Se hace<strong>\u00a0dif\u00edcil asimilar que no es malo lo que nos hace \u00fanicos.<\/strong><\/p>\n<p><img loading=\"lazy\" decoding=\"async\" class=\"alignnone wp-image-55019\" src=\"https:\/\/webdelmaestrocmf.com\/portal\/wp-content\/uploads\/2020\/11\/1-1.gif\" alt=\"\" width=\"822\" height=\"462\" \/><\/p>\n<p>La adolescencia es esa etapa de nuestras vidas marcada por la intensidad con la que se viven los problemas y las alegr\u00edas. Todo parece estar sujeto al que dir\u00e1n y por eso, tambi\u00e9n es una etapa que muchos viven o vivieron con\u00a0<strong>miedo, al rechazo y a ser calificados como \u201canormales\u201d por alejarse de los par\u00e1metros impuestos.<\/strong><\/p>\n<p><iframe loading=\"lazy\" src=\"https:\/\/player.vimeo.com\/video\/477069914\" width=\"100%\" height=\"400\" frameborder=\"0\" allowfullscreen=\"allowfullscreen\"><\/iframe><\/p>\n<p style=\"text-align: justify;\">De eso trata este extraordinario cortometraje\u00a0<em>\u201c<strong>Nobody is normal\u201d (Nadie es normal)<\/strong>;\u00a0<\/em>realizado con la t\u00e9cnica del stop motion y dirigido por Catherine Prowse. La ficci\u00f3n naci\u00f3 como una iniciativa creada para la organizaci\u00f3n ben\u00e9fica infantil Childline del Reino Unido.\u00a0<strong>Childline<\/strong> es una l\u00ednea directa de 24 horas destinada a ayudar a ni\u00f1os, ni\u00f1as y adolescente a hacer frente al acoso y al abuso, adem\u00e1s de orientar en tem\u00e1ticas como la educaci\u00f3n sexual.<\/p>\n<p><iframe loading=\"lazy\" src=\"https:\/\/player.vimeo.com\/video\/478367019\" width=\"100%\" height=\"400\" frameborder=\"0\" allow=\"autoplay; fullscreen\" allowfullscreen><\/iframe><\/p>\n<p style=\"text-align: justify;\">La pel\u00edcula, ilustra de maravilla la ansiedad que supone crecer y el in\u00fatil intento de reprimir las emociones. \u201c<em><strong>Nobody is normal<\/strong><\/em>\u201d ofrece un\u00a0<strong>mensaje esperanzador sobre la importancia de ser nosotros mismos y no intentar disfrazarnos de algo que no somos para encajar.<\/strong><\/p>\n<p style=\"text-align: justify;\">Todos tenemos inseguridades y a todos nos duele el rechazo, pero la felicidad, llegar\u00e1 el d\u00eda en que aprendamos a\u00a0<strong>querernos siendo \u00fanicos e irrepetibles en nuestras verdaderas pieles, esas que escondemos bajo capas de lo que algunos llaman \u201cnormalidad\u201d.<\/strong><\/p>\n<p><img loading=\"lazy\" decoding=\"async\" class=\"alignnone size-full wp-image-55021\" src=\"https:\/\/webdelmaestrocmf.com\/portal\/wp-content\/uploads\/2020\/11\/1a-10.jpg\" alt=\"\" width=\"1100\" height=\"680\" srcset=\"https:\/\/webdelmaestrocmf.com\/portal\/wp-content\/uploads\/2020\/11\/1a-10.jpg 1100w, https:\/\/webdelmaestrocmf.com\/portal\/wp-content\/uploads\/2020\/11\/1a-10-300x185.jpg 300w, https:\/\/webdelmaestrocmf.com\/portal\/wp-content\/uploads\/2020\/11\/1a-10-1024x633.jpg 1024w, https:\/\/webdelmaestrocmf.com\/portal\/wp-content\/uploads\/2020\/11\/1a-10-768x475.jpg 768w, https:\/\/webdelmaestrocmf.com\/portal\/wp-content\/uploads\/2020\/11\/1a-10-110x68.jpg 110w, https:\/\/webdelmaestrocmf.com\/portal\/wp-content\/uploads\/2020\/11\/1a-10-200x124.jpg 200w, https:\/\/webdelmaestrocmf.com\/portal\/wp-content\/uploads\/2020\/11\/1a-10-380x235.jpg 380w, https:\/\/webdelmaestrocmf.com\/portal\/wp-content\/uploads\/2020\/11\/1a-10-255x158.jpg 255w, https:\/\/webdelmaestrocmf.com\/portal\/wp-content\/uploads\/2020\/11\/1a-10-550x340.jpg 550w, https:\/\/webdelmaestrocmf.com\/portal\/wp-content\/uploads\/2020\/11\/1a-10-800x495.jpg 800w, https:\/\/webdelmaestrocmf.com\/portal\/wp-content\/uploads\/2020\/11\/1a-10-220x136.jpg 220w, https:\/\/webdelmaestrocmf.com\/portal\/wp-content\/uploads\/2020\/11\/1a-10-400x247.jpg 400w, https:\/\/webdelmaestrocmf.com\/portal\/wp-content\/uploads\/2020\/11\/1a-10-760x470.jpg 760w, https:\/\/webdelmaestrocmf.com\/portal\/wp-content\/uploads\/2020\/11\/1a-10-510x315.jpg 510w, https:\/\/webdelmaestrocmf.com\/portal\/wp-content\/uploads\/2020\/11\/1a-10-600x371.jpg 600w\" sizes=\"auto, (max-width: 1100px) 100vw, 1100px\" \/><\/p>\n<p><strong>Este contenido ha sido publicado originalmente por Cultura Filos\u00f3fica en la siguiente direcci\u00f3n: <a href=\"http:\/\/culturafilosofica.com\/\" target=\"_blank\" rel=\"noopener noreferrer\">culturafilosofica.com<\/a><\/strong><\/p>\n\t\t<div class=\"pk-inline-posts\">\n\t\t\t\n\t\t\t<div class=\"pk-inline-posts-container pk-inline-posts-template-list\"\n\t\t\t\tdata-columns=\"1\">\n\t\t\t\t\t\t<article id=\"post-66850\" class=\"post-66850 post type-post status-publish format-standard has-post-thumbnail category-peliculas category-pedagogia tag-aqui-estamos tag-escuchar tag-hermosa tag-invita tag-pelicula tag-planeta tag-tierra cs-entry cs-video-wrap\">\n\t\t\t<div class=\"pk-post-outer\">\n\n\t\t\t\t\t\t\t\t<div class=\"pk-post-inner\">\n\t\t\t\t\t<div class=\"entry-thumbnail\">\n\t\t\t\t\t\t<div class=\"pk-overlay pk-overlay-ratio pk-ratio-landscape\">\n\t\t\t\t\t\t\t<div class=\"pk-overlay-background\">\n\t\t\t\t\t\t\t\t<a href=\"https:\/\/webdelmaestrocmf.com\/portal\/aqui-estamos-una-hermosa-pelicula-que-nos-invita-a-escuchar-al-planeta-tierra\/\" class=\"pk-overlay-link\">\n\t\t\t\t\t\t\t\t\t<img loading=\"lazy\" decoding=\"async\" width=\"300\" height=\"225\" src=\"https:\/\/webdelmaestrocmf.com\/portal\/wp-content\/uploads\/2021\/08\/1a-15-300x225.jpg\" class=\"attachment-pk-thumbnail size-pk-thumbnail wp-post-image\" alt=\"\" srcset=\"https:\/\/webdelmaestrocmf.com\/portal\/wp-content\/uploads\/2021\/08\/1a-15-300x225.jpg 300w, https:\/\/webdelmaestrocmf.com\/portal\/wp-content\/uploads\/2021\/08\/1a-15-600x450.jpg 600w\" sizes=\"auto, (max-width: 300px) 100vw, 300px\" \/>\t\t\t\t\t\t\t\t<\/a>\n\t\t\t\t\t\t\t<\/div>\n\t\t\t\t\t\t<\/div>\n\t\t\t\t\t<\/div>\n\t\t\t\t<\/div>\n\t\t\t\t\n\t\t\t\t<div class=\"pk-post-inner\">\n\t\t\t\t\t<header>\n\t\t\t\t\t\t<h3 class=\"pk-title\"><a href=\"https:\/\/webdelmaestrocmf.com\/portal\/aqui-estamos-una-hermosa-pelicula-que-nos-invita-a-escuchar-al-planeta-tierra\/\" rel=\"bookmark\">\u00abAqu\u00ed estamos\u00bb, una hermosa pel\u00edcula que nos invita a escuchar al planeta Tierra | Descarga las 50 fichas para colorear en el d\u00eda de la tierra<\/a><\/h3>\t\t\t\t\t<\/header><!-- .entry-header -->\n\t\t\t\t<\/div><!-- .post-inner -->\n\n\t\t\t<\/div><!-- .post-outer -->\n\t\t<\/article>\n\t\t\t\t<\/div>\n\t\t<\/div>\n\t\t\n","protected":false},"excerpt":{"rendered":"Tristemente, nacemos y a medida que crecemos,\u00a0adoptamos la absurda idea de que lo aconsejables es no destacar demasiado,&hellip;","protected":false},"author":1,"featured_media":55023,"comment_status":"open","ping_status":"closed","sticky":false,"template":"","format":"standard","meta":{"csco_display_header_overlay":false,"csco_singular_sidebar":"default","csco_page_header_type":"default","csco_page_load_nextpost":"default","csco_post_video_location":[],"csco_post_video_location_hash":"","csco_post_video_url":"","csco_post_video_bg_start_time":0,"csco_post_video_bg_end_time":0,"csco_post_video_bg_volume":false,"_jetpack_memberships_contains_paid_content":false,"footnotes":""},"categories":[644,735],"tags":[2056,6095,2285,5051,6092,6093,6096,2442,6094],"class_list":{"0":"post-55018","1":"post","2":"type-post","3":"status-publish","4":"format-standard","5":"has-post-thumbnail","7":"category-peliculas","8":"category-pedagogia","9":"tag-cortometraje","10":"tag-creep","11":"tag-diferente","12":"tag-hermoso","13":"tag-nobody-is-normal","14":"tag-normal","15":"tag-radiohead","16":"tag-ser","17":"tag-soundtrack","18":"cs-entry","19":"cs-video-wrap"},"yoast_head":"<!-- This site is optimized with the Yoast SEO plugin v27.4 - https:\/\/yoast.com\/product\/yoast-seo-wordpress\/ -->\n<title>\u201cNobody is Normal\u201d, un hermoso cortometraje para ense\u00f1ar a nuestros alumnos que lo normal es ser diferente - 2026<\/title>\n<meta name=\"description\" content=\"Tristemente, nacemos y a medida que crecemos,\u00a0adoptamos la absurda idea de que lo aconsejables es no destacar demasiado, encajar...\" \/>\n<meta name=\"robots\" content=\"index, follow, max-snippet:-1, max-image-preview:large, max-video-preview:-1\" \/>\n<link rel=\"canonical\" href=\"https:\/\/webdelmaestrocmf.com\/portal\/nobody-is-normal-un-hermoso-cortometraje-para-ensenar-a-nuestros-alumnos-que-lo-normal-es-ser-diferente-soundtrack-creep-radiohead\/\" \/>\n<meta property=\"og:locale\" content=\"es_ES\" \/>\n<meta property=\"og:type\" content=\"article\" \/>\n<meta property=\"og:title\" content=\"\u201cNobody is Normal\u201d, un hermoso cortometraje para ense\u00f1ar a nuestros alumnos que lo normal es ser diferente - 2026\" \/>\n<meta property=\"og:description\" content=\"Tristemente, nacemos y a medida que crecemos,\u00a0adoptamos la absurda idea de que lo aconsejables es no destacar demasiado, encajar...\" \/>\n<meta property=\"og:url\" content=\"https:\/\/webdelmaestrocmf.com\/portal\/nobody-is-normal-un-hermoso-cortometraje-para-ensenar-a-nuestros-alumnos-que-lo-normal-es-ser-diferente-soundtrack-creep-radiohead\/\" \/>\n<meta property=\"og:site_name\" content=\"Web del Maestro CMF\" \/>\n<meta property=\"article:publisher\" content=\"https:\/\/www.facebook.com\/WebdelMaestroCMF\/\" \/>\n<meta property=\"article:author\" content=\"https:\/\/www.facebook.com\/WebdelMaestroCMF\/\" \/>\n<meta property=\"article:published_time\" content=\"2020-11-22T22:56:30+00:00\" \/>\n<meta property=\"article:modified_time\" content=\"2020-11-23T12:51:09+00:00\" \/>\n<meta property=\"og:image\" content=\"https:\/\/i0.wp.com\/webdelmaestrocmf.com\/portal\/wp-content\/uploads\/2020\/11\/1a-11.jpg?fit=1100%2C680&ssl=1\" \/>\n\t<meta property=\"og:image:width\" content=\"1100\" \/>\n\t<meta property=\"og:image:height\" content=\"680\" \/>\n\t<meta property=\"og:image:type\" content=\"image\/jpeg\" \/>\n<meta name=\"author\" content=\"Web del Maestro CMF\" \/>\n<meta name=\"twitter:card\" content=\"summary_large_image\" \/>\n<meta name=\"twitter:creator\" content=\"@cmf_w\" \/>\n<meta name=\"twitter:site\" content=\"@cmf_w\" \/>\n<meta name=\"twitter:label1\" content=\"Escrito por\" \/>\n\t<meta name=\"twitter:data1\" content=\"Web del Maestro CMF\" \/>\n\t<meta name=\"twitter:label2\" content=\"Tiempo de lectura\" \/>\n\t<meta name=\"twitter:data2\" content=\"2 minutos\" \/>\n<script type=\"application\/ld+json\" class=\"yoast-schema-graph\">{\"@context\":\"https:\\\/\\\/schema.org\",\"@graph\":[{\"@type\":\"ScholarlyArticle\",\"@id\":\"https:\\\/\\\/webdelmaestrocmf.com\\\/portal\\\/nobody-is-normal-un-hermoso-cortometraje-para-ensenar-a-nuestros-alumnos-que-lo-normal-es-ser-diferente-soundtrack-creep-radiohead\\\/#article\",\"isPartOf\":{\"@id\":\"https:\\\/\\\/webdelmaestrocmf.com\\\/portal\\\/nobody-is-normal-un-hermoso-cortometraje-para-ensenar-a-nuestros-alumnos-que-lo-normal-es-ser-diferente-soundtrack-creep-radiohead\\\/\"},\"author\":{\"name\":\"Web del Maestro CMF\",\"@id\":\"https:\\\/\\\/webdelmaestrocmf.com\\\/portal\\\/#\\\/schema\\\/person\\\/1072a2ed7bd960df8ef99a551fa35dc5\"},\"headline\":\"\u201cNobody is Normal\u201d, un hermoso cortometraje para ense\u00f1ar a nuestros alumnos que lo normal es ser diferente\",\"datePublished\":\"2020-11-22T22:56:30+00:00\",\"dateModified\":\"2020-11-23T12:51:09+00:00\",\"mainEntityOfPage\":{\"@id\":\"https:\\\/\\\/webdelmaestrocmf.com\\\/portal\\\/nobody-is-normal-un-hermoso-cortometraje-para-ensenar-a-nuestros-alumnos-que-lo-normal-es-ser-diferente-soundtrack-creep-radiohead\\\/\"},\"wordCount\":432,\"commentCount\":0,\"publisher\":{\"@id\":\"https:\\\/\\\/webdelmaestrocmf.com\\\/portal\\\/#organization\"},\"image\":{\"@id\":\"https:\\\/\\\/webdelmaestrocmf.com\\\/portal\\\/nobody-is-normal-un-hermoso-cortometraje-para-ensenar-a-nuestros-alumnos-que-lo-normal-es-ser-diferente-soundtrack-creep-radiohead\\\/#primaryimage\"},\"thumbnailUrl\":\"https:\\\/\\\/webdelmaestrocmf.com\\\/portal\\\/wp-content\\\/uploads\\\/2020\\\/11\\\/1a-11.jpg\",\"keywords\":[\"CORTOMETRAJE\",\"Creep\",\"DIFERENTE\",\"hermoso\",\"Nobody is Normal\",\"normal\",\"Radiohead\",\"SER\",\"Soundtrack\"],\"articleSection\":[\"Pel\u00edculas\",\"Recursos\"],\"inLanguage\":\"es\",\"potentialAction\":[{\"@type\":\"CommentAction\",\"name\":\"Comment\",\"target\":[\"https:\\\/\\\/webdelmaestrocmf.com\\\/portal\\\/nobody-is-normal-un-hermoso-cortometraje-para-ensenar-a-nuestros-alumnos-que-lo-normal-es-ser-diferente-soundtrack-creep-radiohead\\\/#respond\"]}]},{\"@type\":\"WebPage\",\"@id\":\"https:\\\/\\\/webdelmaestrocmf.com\\\/portal\\\/nobody-is-normal-un-hermoso-cortometraje-para-ensenar-a-nuestros-alumnos-que-lo-normal-es-ser-diferente-soundtrack-creep-radiohead\\\/\",\"url\":\"https:\\\/\\\/webdelmaestrocmf.com\\\/portal\\\/nobody-is-normal-un-hermoso-cortometraje-para-ensenar-a-nuestros-alumnos-que-lo-normal-es-ser-diferente-soundtrack-creep-radiohead\\\/\",\"name\":\"\u201cNobody is Normal\u201d, un hermoso cortometraje para ense\u00f1ar a nuestros alumnos que lo normal es ser diferente - 2026\",\"isPartOf\":{\"@id\":\"https:\\\/\\\/webdelmaestrocmf.com\\\/portal\\\/#website\"},\"primaryImageOfPage\":{\"@id\":\"https:\\\/\\\/webdelmaestrocmf.com\\\/portal\\\/nobody-is-normal-un-hermoso-cortometraje-para-ensenar-a-nuestros-alumnos-que-lo-normal-es-ser-diferente-soundtrack-creep-radiohead\\\/#primaryimage\"},\"image\":{\"@id\":\"https:\\\/\\\/webdelmaestrocmf.com\\\/portal\\\/nobody-is-normal-un-hermoso-cortometraje-para-ensenar-a-nuestros-alumnos-que-lo-normal-es-ser-diferente-soundtrack-creep-radiohead\\\/#primaryimage\"},\"thumbnailUrl\":\"https:\\\/\\\/webdelmaestrocmf.com\\\/portal\\\/wp-content\\\/uploads\\\/2020\\\/11\\\/1a-11.jpg\",\"datePublished\":\"2020-11-22T22:56:30+00:00\",\"dateModified\":\"2020-11-23T12:51:09+00:00\",\"description\":\"Tristemente, nacemos y a medida que crecemos,\u00a0adoptamos la absurda idea de que lo aconsejables es no destacar demasiado, encajar...\",\"breadcrumb\":{\"@id\":\"https:\\\/\\\/webdelmaestrocmf.com\\\/portal\\\/nobody-is-normal-un-hermoso-cortometraje-para-ensenar-a-nuestros-alumnos-que-lo-normal-es-ser-diferente-soundtrack-creep-radiohead\\\/#breadcrumb\"},\"inLanguage\":\"es\",\"potentialAction\":[{\"@type\":\"ReadAction\",\"target\":[\"https:\\\/\\\/webdelmaestrocmf.com\\\/portal\\\/nobody-is-normal-un-hermoso-cortometraje-para-ensenar-a-nuestros-alumnos-que-lo-normal-es-ser-diferente-soundtrack-creep-radiohead\\\/\"]}]},{\"@type\":\"ImageObject\",\"inLanguage\":\"es\",\"@id\":\"https:\\\/\\\/webdelmaestrocmf.com\\\/portal\\\/nobody-is-normal-un-hermoso-cortometraje-para-ensenar-a-nuestros-alumnos-que-lo-normal-es-ser-diferente-soundtrack-creep-radiohead\\\/#primaryimage\",\"url\":\"https:\\\/\\\/webdelmaestrocmf.com\\\/portal\\\/wp-content\\\/uploads\\\/2020\\\/11\\\/1a-11.jpg\",\"contentUrl\":\"https:\\\/\\\/webdelmaestrocmf.com\\\/portal\\\/wp-content\\\/uploads\\\/2020\\\/11\\\/1a-11.jpg\",\"width\":1100,\"height\":680},{\"@type\":\"BreadcrumbList\",\"@id\":\"https:\\\/\\\/webdelmaestrocmf.com\\\/portal\\\/nobody-is-normal-un-hermoso-cortometraje-para-ensenar-a-nuestros-alumnos-que-lo-normal-es-ser-diferente-soundtrack-creep-radiohead\\\/#breadcrumb\",\"itemListElement\":[{\"@type\":\"ListItem\",\"position\":1,\"name\":\"Portada\",\"item\":\"https:\\\/\\\/webdelmaestrocmf.com\\\/portal\\\/\"},{\"@type\":\"ListItem\",\"position\":2,\"name\":\"Recursos\",\"item\":\"https:\\\/\\\/webdelmaestrocmf.com\\\/portal\\\/category\\\/pedagogia\\\/\"},{\"@type\":\"ListItem\",\"position\":3,\"name\":\"\u201cNobody is Normal\u201d, un hermoso cortometraje para ense\u00f1ar a nuestros alumnos que lo normal es ser diferente\"}]},{\"@type\":\"WebSite\",\"@id\":\"https:\\\/\\\/webdelmaestrocmf.com\\\/portal\\\/#website\",\"url\":\"https:\\\/\\\/webdelmaestrocmf.com\\\/portal\\\/\",\"name\":\"Web del Maestro CMF\",\"description\":\"Maestros al servicio de la educaci\u00f3n\",\"publisher\":{\"@id\":\"https:\\\/\\\/webdelmaestrocmf.com\\\/portal\\\/#organization\"},\"alternateName\":\"WMCMF\",\"potentialAction\":[{\"@type\":\"SearchAction\",\"target\":{\"@type\":\"EntryPoint\",\"urlTemplate\":\"https:\\\/\\\/webdelmaestrocmf.com\\\/portal\\\/?s={search_term_string}\"},\"query-input\":{\"@type\":\"PropertyValueSpecification\",\"valueRequired\":true,\"valueName\":\"search_term_string\"}}],\"inLanguage\":\"es\"},{\"@type\":\"Organization\",\"@id\":\"https:\\\/\\\/webdelmaestrocmf.com\\\/portal\\\/#organization\",\"name\":\"Web del Maestro CMF\",\"alternateName\":\"WMCMF\",\"url\":\"https:\\\/\\\/webdelmaestrocmf.com\\\/portal\\\/\",\"logo\":{\"@type\":\"ImageObject\",\"inLanguage\":\"es\",\"@id\":\"https:\\\/\\\/webdelmaestrocmf.com\\\/portal\\\/#\\\/schema\\\/logo\\\/image\\\/\",\"url\":\"https:\\\/\\\/webdelmaestrocmf.com\\\/portal\\\/wp-content\\\/uploads\\\/2023\\\/01\\\/logo-wmcmf-2.png\",\"contentUrl\":\"https:\\\/\\\/webdelmaestrocmf.com\\\/portal\\\/wp-content\\\/uploads\\\/2023\\\/01\\\/logo-wmcmf-2.png\",\"width\":200,\"height\":60,\"caption\":\"Web del Maestro CMF\"},\"image\":{\"@id\":\"https:\\\/\\\/webdelmaestrocmf.com\\\/portal\\\/#\\\/schema\\\/logo\\\/image\\\/\"},\"sameAs\":[\"https:\\\/\\\/www.facebook.com\\\/WebdelMaestroCMF\\\/\",\"https:\\\/\\\/x.com\\\/cmf_w\",\"https:\\\/\\\/www.pinterest.com\\\/WMCMF\\\/\",\"https:\\\/\\\/www.linkedin.com\\\/company\\\/web-del-maestro-cmf\\\/\",\"https:\\\/\\\/www.instagram.com\\\/wmcmf\\\/\",\"https:\\\/\\\/www.youtube.com\\\/channel\\\/UCDPSvjbdodE5sHnC3OxutHw\",\"https:\\\/\\\/mastodon.social\\\/@wmcmf\",\"https:\\\/\\\/www.tiktok.com\\\/@webdelmaestrocmf\"]},{\"@type\":\"Person\",\"@id\":\"https:\\\/\\\/webdelmaestrocmf.com\\\/portal\\\/#\\\/schema\\\/person\\\/1072a2ed7bd960df8ef99a551fa35dc5\",\"name\":\"Web del Maestro CMF\",\"image\":{\"@type\":\"ImageObject\",\"inLanguage\":\"es\",\"@id\":\"https:\\\/\\\/secure.gravatar.com\\\/avatar\\\/23291dd5b5ae1077dcff3dbb04c3e02bd28403fa75af6d8787d5e97c5bbbe30b?s=96&d=mm&r=g\",\"url\":\"https:\\\/\\\/secure.gravatar.com\\\/avatar\\\/23291dd5b5ae1077dcff3dbb04c3e02bd28403fa75af6d8787d5e97c5bbbe30b?s=96&d=mm&r=g\",\"contentUrl\":\"https:\\\/\\\/secure.gravatar.com\\\/avatar\\\/23291dd5b5ae1077dcff3dbb04c3e02bd28403fa75af6d8787d5e97c5bbbe30b?s=96&d=mm&r=g\",\"caption\":\"Web del Maestro CMF\"},\"description\":\"Esta Web se cre\u00f3 sin fines de lucro, con fines educativos, cient\u00edficos y acad\u00e9micos, para personas que tengan dificultades y\\\/o inconvenientes en visualizar el material original. El objetivo es entregar recursos, compartir experiencias y materiales que ayuden a los padres de familia, maestros y estudiantes en su actualizaci\u00f3n y formaci\u00f3n permanente, en bien de la Educaci\u00f3n.\",\"sameAs\":[\"http:\\\/\\\/webdelmaestrocmf.com\\\/portal\",\"https:\\\/\\\/www.facebook.com\\\/WebdelMaestroCMF\\\/\",\"https:\\\/\\\/www.instagram.com\\\/wmcmf\\\/\",\"https:\\\/\\\/cl.linkedin.com\\\/company\\\/web-del-maestro-cmf\",\"https:\\\/\\\/www.pinterest.com\\\/WMCMF\\\/publicaciones\\\/\",\"https:\\\/\\\/x.com\\\/cmf_w\",\"https:\\\/\\\/www.youtube.com\\\/@WMCMF\"]}]}<\/script>\n<!-- \/ Yoast SEO plugin. -->","yoast_head_json":{"title":"\u201cNobody is Normal\u201d, un hermoso cortometraje para ense\u00f1ar a nuestros alumnos que lo normal es ser diferente - 2026","description":"Tristemente, nacemos y a medida que crecemos,\u00a0adoptamos la absurda idea de que lo aconsejables es no destacar demasiado, encajar...","robots":{"index":"index","follow":"follow","max-snippet":"max-snippet:-1","max-image-preview":"max-image-preview:large","max-video-preview":"max-video-preview:-1"},"canonical":"https:\/\/webdelmaestrocmf.com\/portal\/nobody-is-normal-un-hermoso-cortometraje-para-ensenar-a-nuestros-alumnos-que-lo-normal-es-ser-diferente-soundtrack-creep-radiohead\/","og_locale":"es_ES","og_type":"article","og_title":"\u201cNobody is Normal\u201d, un hermoso cortometraje para ense\u00f1ar a nuestros alumnos que lo normal es ser diferente - 2026","og_description":"Tristemente, nacemos y a medida que crecemos,\u00a0adoptamos la absurda idea de que lo aconsejables es no destacar demasiado, encajar...","og_url":"https:\/\/webdelmaestrocmf.com\/portal\/nobody-is-normal-un-hermoso-cortometraje-para-ensenar-a-nuestros-alumnos-que-lo-normal-es-ser-diferente-soundtrack-creep-radiohead\/","og_site_name":"Web del Maestro CMF","article_publisher":"https:\/\/www.facebook.com\/WebdelMaestroCMF\/","article_author":"https:\/\/www.facebook.com\/WebdelMaestroCMF\/","article_published_time":"2020-11-22T22:56:30+00:00","article_modified_time":"2020-11-23T12:51:09+00:00","og_image":[{"width":1100,"height":680,"url":"https:\/\/i0.wp.com\/webdelmaestrocmf.com\/portal\/wp-content\/uploads\/2020\/11\/1a-11.jpg?fit=1100%2C680&ssl=1","type":"image\/jpeg"}],"author":"Web del Maestro CMF","twitter_card":"summary_large_image","twitter_creator":"@cmf_w","twitter_site":"@cmf_w","twitter_misc":{"Escrito por":"Web del Maestro CMF","Tiempo de lectura":"2 minutos"},"schema":{"@context":"https:\/\/schema.org","@graph":[{"@type":"ScholarlyArticle","@id":"https:\/\/webdelmaestrocmf.com\/portal\/nobody-is-normal-un-hermoso-cortometraje-para-ensenar-a-nuestros-alumnos-que-lo-normal-es-ser-diferente-soundtrack-creep-radiohead\/#article","isPartOf":{"@id":"https:\/\/webdelmaestrocmf.com\/portal\/nobody-is-normal-un-hermoso-cortometraje-para-ensenar-a-nuestros-alumnos-que-lo-normal-es-ser-diferente-soundtrack-creep-radiohead\/"},"author":{"name":"Web del Maestro CMF","@id":"https:\/\/webdelmaestrocmf.com\/portal\/#\/schema\/person\/1072a2ed7bd960df8ef99a551fa35dc5"},"headline":"\u201cNobody is Normal\u201d, un hermoso cortometraje para ense\u00f1ar a nuestros alumnos que lo normal es ser diferente","datePublished":"2020-11-22T22:56:30+00:00","dateModified":"2020-11-23T12:51:09+00:00","mainEntityOfPage":{"@id":"https:\/\/webdelmaestrocmf.com\/portal\/nobody-is-normal-un-hermoso-cortometraje-para-ensenar-a-nuestros-alumnos-que-lo-normal-es-ser-diferente-soundtrack-creep-radiohead\/"},"wordCount":432,"commentCount":0,"publisher":{"@id":"https:\/\/webdelmaestrocmf.com\/portal\/#organization"},"image":{"@id":"https:\/\/webdelmaestrocmf.com\/portal\/nobody-is-normal-un-hermoso-cortometraje-para-ensenar-a-nuestros-alumnos-que-lo-normal-es-ser-diferente-soundtrack-creep-radiohead\/#primaryimage"},"thumbnailUrl":"https:\/\/webdelmaestrocmf.com\/portal\/wp-content\/uploads\/2020\/11\/1a-11.jpg","keywords":["CORTOMETRAJE","Creep","DIFERENTE","hermoso","Nobody is Normal","normal","Radiohead","SER","Soundtrack"],"articleSection":["Pel\u00edculas","Recursos"],"inLanguage":"es","potentialAction":[{"@type":"CommentAction","name":"Comment","target":["https:\/\/webdelmaestrocmf.com\/portal\/nobody-is-normal-un-hermoso-cortometraje-para-ensenar-a-nuestros-alumnos-que-lo-normal-es-ser-diferente-soundtrack-creep-radiohead\/#respond"]}]},{"@type":"WebPage","@id":"https:\/\/webdelmaestrocmf.com\/portal\/nobody-is-normal-un-hermoso-cortometraje-para-ensenar-a-nuestros-alumnos-que-lo-normal-es-ser-diferente-soundtrack-creep-radiohead\/","url":"https:\/\/webdelmaestrocmf.com\/portal\/nobody-is-normal-un-hermoso-cortometraje-para-ensenar-a-nuestros-alumnos-que-lo-normal-es-ser-diferente-soundtrack-creep-radiohead\/","name":"\u201cNobody is Normal\u201d, un hermoso cortometraje para ense\u00f1ar a nuestros alumnos que lo normal es ser diferente - 2026","isPartOf":{"@id":"https:\/\/webdelmaestrocmf.com\/portal\/#website"},"primaryImageOfPage":{"@id":"https:\/\/webdelmaestrocmf.com\/portal\/nobody-is-normal-un-hermoso-cortometraje-para-ensenar-a-nuestros-alumnos-que-lo-normal-es-ser-diferente-soundtrack-creep-radiohead\/#primaryimage"},"image":{"@id":"https:\/\/webdelmaestrocmf.com\/portal\/nobody-is-normal-un-hermoso-cortometraje-para-ensenar-a-nuestros-alumnos-que-lo-normal-es-ser-diferente-soundtrack-creep-radiohead\/#primaryimage"},"thumbnailUrl":"https:\/\/webdelmaestrocmf.com\/portal\/wp-content\/uploads\/2020\/11\/1a-11.jpg","datePublished":"2020-11-22T22:56:30+00:00","dateModified":"2020-11-23T12:51:09+00:00","description":"Tristemente, nacemos y a medida que crecemos,\u00a0adoptamos la absurda idea de que lo aconsejables es no destacar demasiado, encajar...","breadcrumb":{"@id":"https:\/\/webdelmaestrocmf.com\/portal\/nobody-is-normal-un-hermoso-cortometraje-para-ensenar-a-nuestros-alumnos-que-lo-normal-es-ser-diferente-soundtrack-creep-radiohead\/#breadcrumb"},"inLanguage":"es","potentialAction":[{"@type":"ReadAction","target":["https:\/\/webdelmaestrocmf.com\/portal\/nobody-is-normal-un-hermoso-cortometraje-para-ensenar-a-nuestros-alumnos-que-lo-normal-es-ser-diferente-soundtrack-creep-radiohead\/"]}]},{"@type":"ImageObject","inLanguage":"es","@id":"https:\/\/webdelmaestrocmf.com\/portal\/nobody-is-normal-un-hermoso-cortometraje-para-ensenar-a-nuestros-alumnos-que-lo-normal-es-ser-diferente-soundtrack-creep-radiohead\/#primaryimage","url":"https:\/\/webdelmaestrocmf.com\/portal\/wp-content\/uploads\/2020\/11\/1a-11.jpg","contentUrl":"https:\/\/webdelmaestrocmf.com\/portal\/wp-content\/uploads\/2020\/11\/1a-11.jpg","width":1100,"height":680},{"@type":"BreadcrumbList","@id":"https:\/\/webdelmaestrocmf.com\/portal\/nobody-is-normal-un-hermoso-cortometraje-para-ensenar-a-nuestros-alumnos-que-lo-normal-es-ser-diferente-soundtrack-creep-radiohead\/#breadcrumb","itemListElement":[{"@type":"ListItem","position":1,"name":"Portada","item":"https:\/\/webdelmaestrocmf.com\/portal\/"},{"@type":"ListItem","position":2,"name":"Recursos","item":"https:\/\/webdelmaestrocmf.com\/portal\/category\/pedagogia\/"},{"@type":"ListItem","position":3,"name":"\u201cNobody is Normal\u201d, un hermoso cortometraje para ense\u00f1ar a nuestros alumnos que lo normal es ser diferente"}]},{"@type":"WebSite","@id":"https:\/\/webdelmaestrocmf.com\/portal\/#website","url":"https:\/\/webdelmaestrocmf.com\/portal\/","name":"Web del Maestro CMF","description":"Maestros al servicio de la educaci\u00f3n","publisher":{"@id":"https:\/\/webdelmaestrocmf.com\/portal\/#organization"},"alternateName":"WMCMF","potentialAction":[{"@type":"SearchAction","target":{"@type":"EntryPoint","urlTemplate":"https:\/\/webdelmaestrocmf.com\/portal\/?s={search_term_string}"},"query-input":{"@type":"PropertyValueSpecification","valueRequired":true,"valueName":"search_term_string"}}],"inLanguage":"es"},{"@type":"Organization","@id":"https:\/\/webdelmaestrocmf.com\/portal\/#organization","name":"Web del Maestro CMF","alternateName":"WMCMF","url":"https:\/\/webdelmaestrocmf.com\/portal\/","logo":{"@type":"ImageObject","inLanguage":"es","@id":"https:\/\/webdelmaestrocmf.com\/portal\/#\/schema\/logo\/image\/","url":"https:\/\/webdelmaestrocmf.com\/portal\/wp-content\/uploads\/2023\/01\/logo-wmcmf-2.png","contentUrl":"https:\/\/webdelmaestrocmf.com\/portal\/wp-content\/uploads\/2023\/01\/logo-wmcmf-2.png","width":200,"height":60,"caption":"Web del Maestro CMF"},"image":{"@id":"https:\/\/webdelmaestrocmf.com\/portal\/#\/schema\/logo\/image\/"},"sameAs":["https:\/\/www.facebook.com\/WebdelMaestroCMF\/","https:\/\/x.com\/cmf_w","https:\/\/www.pinterest.com\/WMCMF\/","https:\/\/www.linkedin.com\/company\/web-del-maestro-cmf\/","https:\/\/www.instagram.com\/wmcmf\/","https:\/\/www.youtube.com\/channel\/UCDPSvjbdodE5sHnC3OxutHw","https:\/\/mastodon.social\/@wmcmf","https:\/\/www.tiktok.com\/@webdelmaestrocmf"]},{"@type":"Person","@id":"https:\/\/webdelmaestrocmf.com\/portal\/#\/schema\/person\/1072a2ed7bd960df8ef99a551fa35dc5","name":"Web del Maestro CMF","image":{"@type":"ImageObject","inLanguage":"es","@id":"https:\/\/secure.gravatar.com\/avatar\/23291dd5b5ae1077dcff3dbb04c3e02bd28403fa75af6d8787d5e97c5bbbe30b?s=96&d=mm&r=g","url":"https:\/\/secure.gravatar.com\/avatar\/23291dd5b5ae1077dcff3dbb04c3e02bd28403fa75af6d8787d5e97c5bbbe30b?s=96&d=mm&r=g","contentUrl":"https:\/\/secure.gravatar.com\/avatar\/23291dd5b5ae1077dcff3dbb04c3e02bd28403fa75af6d8787d5e97c5bbbe30b?s=96&d=mm&r=g","caption":"Web del Maestro CMF"},"description":"Esta Web se cre\u00f3 sin fines de lucro, con fines educativos, cient\u00edficos y acad\u00e9micos, para personas que tengan dificultades y\/o inconvenientes en visualizar el material original. El objetivo es entregar recursos, compartir experiencias y materiales que ayuden a los padres de familia, maestros y estudiantes en su actualizaci\u00f3n y formaci\u00f3n permanente, en bien de la Educaci\u00f3n.","sameAs":["http:\/\/webdelmaestrocmf.com\/portal","https:\/\/www.facebook.com\/WebdelMaestroCMF\/","https:\/\/www.instagram.com\/wmcmf\/","https:\/\/cl.linkedin.com\/company\/web-del-maestro-cmf","https:\/\/www.pinterest.com\/WMCMF\/publicaciones\/","https:\/\/x.com\/cmf_w","https:\/\/www.youtube.com\/@WMCMF"]}]}},"jetpack_featured_media_url":"https:\/\/webdelmaestrocmf.com\/portal\/wp-content\/uploads\/2020\/11\/1a-11.jpg","jetpack_sharing_enabled":true,"jetpack-related-posts":[{"id":47513,"url":"https:\/\/webdelmaestrocmf.com\/portal\/the-present-un-hermoso-y-conmovedor-cortometraje-para-hablar-de-emociones-empatia-e-inclusion\/","url_meta":{"origin":55018,"position":0},"title":"\u201cEl presente\u201d, un tierno corto para hablar de emociones, empat\u00eda e inclusi\u00f3n","author":"Web del Maestro CMF","date":"31 mayo, 2021","format":"video","excerpt":"Esta emotiva historia nos muestra a un ni\u00f1o que no se despega del televisor por estar embelesado con un videojuego, su madre llega con una caja y le insiste en que abra el regalo. Finalmente \u00e9l accede y se emociona cuando ve a un perrito, sin embargo le hace falta\u2026","rel":"","context":"En \u00abPel\u00edculas\u00bb","block_context":{"text":"Pel\u00edculas","link":"https:\/\/webdelmaestrocmf.com\/portal\/category\/pedagogia\/peliculas\/"},"img":{"alt_text":"","src":"https:\/\/i0.wp.com\/webdelmaestrocmf.com\/portal\/wp-content\/uploads\/2020\/05\/2-20.jpg?resize=350%2C200&ssl=1","width":350,"height":200,"srcset":"https:\/\/i0.wp.com\/webdelmaestrocmf.com\/portal\/wp-content\/uploads\/2020\/05\/2-20.jpg?resize=350%2C200&ssl=1 1x, https:\/\/i0.wp.com\/webdelmaestrocmf.com\/portal\/wp-content\/uploads\/2020\/05\/2-20.jpg?resize=525%2C300&ssl=1 1.5x, https:\/\/i0.wp.com\/webdelmaestrocmf.com\/portal\/wp-content\/uploads\/2020\/05\/2-20.jpg?resize=700%2C400&ssl=1 2x, https:\/\/i0.wp.com\/webdelmaestrocmf.com\/portal\/wp-content\/uploads\/2020\/05\/2-20.jpg?resize=1050%2C600&ssl=1 3x"},"classes":[]},{"id":32444,"url":"https:\/\/webdelmaestrocmf.com\/portal\/la-educacion-de-las-ninas-ha-sido-aprender-a-sufrir\/","url_meta":{"origin":55018,"position":1},"title":"La educaci\u00f3n de las ni\u00f1as ha sido aprender a sufrir","author":"Web del Maestro CMF","date":"22 octubre, 2018","format":false,"excerpt":"Marina Subirats Martori (Barcelona, Espa\u00f1a 1943) es una soci\u00f3loga, gestora p\u00fablica, pol\u00edtica y fil\u00f3sofa espa\u00f1ola. Fue directora del Instituto de la Mujer (Ministerio de Asuntos Sociales). Concejala de Educaci\u00f3n y catedr\u00e1tica em\u00e9rita de Sociolog\u00eda de la Universidad Aut\u00f3noma de Barcelona, es especialista en sociolog\u00eda de la educaci\u00f3n y sociolog\u00eda de\u2026","rel":"","context":"En \u00abCharlas\u00bb","block_context":{"text":"Charlas","link":"https:\/\/webdelmaestrocmf.com\/portal\/category\/charlas\/"},"img":{"alt_text":"","src":"https:\/\/i0.wp.com\/webdelmaestrocmf.com\/portal\/wp-content\/uploads\/2018\/10\/1-45.jpg?resize=350%2C200&ssl=1","width":350,"height":200,"srcset":"https:\/\/i0.wp.com\/webdelmaestrocmf.com\/portal\/wp-content\/uploads\/2018\/10\/1-45.jpg?resize=350%2C200&ssl=1 1x, https:\/\/i0.wp.com\/webdelmaestrocmf.com\/portal\/wp-content\/uploads\/2018\/10\/1-45.jpg?resize=525%2C300&ssl=1 1.5x, https:\/\/i0.wp.com\/webdelmaestrocmf.com\/portal\/wp-content\/uploads\/2018\/10\/1-45.jpg?resize=700%2C400&ssl=1 2x, https:\/\/i0.wp.com\/webdelmaestrocmf.com\/portal\/wp-content\/uploads\/2018\/10\/1-45.jpg?resize=1050%2C600&ssl=1 3x"},"classes":[]},{"id":62621,"url":"https:\/\/webdelmaestrocmf.com\/portal\/la-caja-un-hermoso-corto-para-trabajar-la-empatia-y-el-respeto-por-la-vida\/","url_meta":{"origin":55018,"position":2},"title":"La caja, un hermoso corto para trabajar la empat\u00eda y el respeto por la vida. Incluye ficha de trabajo","author":"Web del Maestro CMF","date":"6 mayo, 2021","format":false,"excerpt":"La educaci\u00f3n no solo se trata de impartir conocimientos acad\u00e9micos, sino tambi\u00e9n de inculcar valores que ayuden a los estudiantes a crecer como individuos emocionalmente inteligentes y \u00e9ticos. La educaci\u00f3n emocional y personal de los menores es fundamental para su desarrollo integral, y una de las formas efectivas de lograrlo\u2026","rel":"","context":"En \u00abPel\u00edculas\u00bb","block_context":{"text":"Pel\u00edculas","link":"https:\/\/webdelmaestrocmf.com\/portal\/category\/pedagogia\/peliculas\/"},"img":{"alt_text":"corto","src":"https:\/\/i0.wp.com\/webdelmaestrocmf.com\/portal\/wp-content\/uploads\/2021\/05\/1-38.jpg?resize=350%2C200&ssl=1","width":350,"height":200,"srcset":"https:\/\/i0.wp.com\/webdelmaestrocmf.com\/portal\/wp-content\/uploads\/2021\/05\/1-38.jpg?resize=350%2C200&ssl=1 1x, https:\/\/i0.wp.com\/webdelmaestrocmf.com\/portal\/wp-content\/uploads\/2021\/05\/1-38.jpg?resize=525%2C300&ssl=1 1.5x, https:\/\/i0.wp.com\/webdelmaestrocmf.com\/portal\/wp-content\/uploads\/2021\/05\/1-38.jpg?resize=700%2C400&ssl=1 2x, https:\/\/i0.wp.com\/webdelmaestrocmf.com\/portal\/wp-content\/uploads\/2021\/05\/1-38.jpg?resize=1050%2C600&ssl=1 3x"},"classes":[]},{"id":32567,"url":"https:\/\/webdelmaestrocmf.com\/portal\/10-hermosos-cortos-animados-para-trabajar-las-emociones-en-clases\/","url_meta":{"origin":55018,"position":3},"title":"Hermosos cortos animados para trabajar las emociones en clases","author":"Web del Maestro CMF","date":"27 octubre, 2020","format":false,"excerpt":"Los recursos audiovisuales son una buena opci\u00f3n para dinamizar las clases. A trav\u00e9s de estos cortos animados, los profesores pueden reforzar los\u00a0 valores, el respeto, la convivencia, el agradecimiento y sobre todo la importancia de aprendizaje. Para aprovechar su potencial es importante que los profesores gu\u00eden la discusi\u00f3n y planteen\u2026","rel":"","context":"En \u00abPel\u00edculas\u00bb","block_context":{"text":"Pel\u00edculas","link":"https:\/\/webdelmaestrocmf.com\/portal\/category\/pedagogia\/peliculas\/"},"img":{"alt_text":"cortos","src":"https:\/\/i0.wp.com\/webdelmaestrocmf.com\/portal\/wp-content\/uploads\/2018\/10\/1-137.jpg?resize=350%2C200&ssl=1","width":350,"height":200,"srcset":"https:\/\/i0.wp.com\/webdelmaestrocmf.com\/portal\/wp-content\/uploads\/2018\/10\/1-137.jpg?resize=350%2C200&ssl=1 1x, https:\/\/i0.wp.com\/webdelmaestrocmf.com\/portal\/wp-content\/uploads\/2018\/10\/1-137.jpg?resize=525%2C300&ssl=1 1.5x, https:\/\/i0.wp.com\/webdelmaestrocmf.com\/portal\/wp-content\/uploads\/2018\/10\/1-137.jpg?resize=700%2C400&ssl=1 2x, https:\/\/i0.wp.com\/webdelmaestrocmf.com\/portal\/wp-content\/uploads\/2018\/10\/1-137.jpg?resize=1050%2C600&ssl=1 3x"},"classes":[]},{"id":66439,"url":"https:\/\/webdelmaestrocmf.com\/portal\/excelentes-fichas-para-trabajar-las-normas-de-convivencia-en-la-nueva-normalidad-para-el-aula-en-clases-presenciales\/","url_meta":{"origin":55018,"position":4},"title":"Excelentes fichas para trabajar las normas de convivencia en la nueva normalidad para el aula en clases presenciales","author":"Web del Maestro CMF","date":"11 agosto, 2021","format":false,"excerpt":"En el contexto actual de pandemia por Covid-19 las escuelas se han ocupado por impartir clases virtuales y mantener la calidad acad\u00e9mica, pero \u00bfqu\u00e9 hay del aspecto social?\u00a0\u00bfPueden los ni\u00f1os y j\u00f3venes retomar la convivencia con sus amigos y compa\u00f1eros en un ambiente escolar seguro? Te presentamos unas excelentes normas\u2026","rel":"","context":"En \u00abDescargas Manuales PDF\u00bb","block_context":{"text":"Descargas Manuales PDF","link":"https:\/\/webdelmaestrocmf.com\/portal\/category\/pedagogia\/descargas-manuales-pdf\/"},"img":{"alt_text":"","src":"https:\/\/i0.wp.com\/webdelmaestrocmf.com\/portal\/wp-content\/uploads\/2021\/08\/1-72.jpg?resize=350%2C200&ssl=1","width":350,"height":200,"srcset":"https:\/\/i0.wp.com\/webdelmaestrocmf.com\/portal\/wp-content\/uploads\/2021\/08\/1-72.jpg?resize=350%2C200&ssl=1 1x, https:\/\/i0.wp.com\/webdelmaestrocmf.com\/portal\/wp-content\/uploads\/2021\/08\/1-72.jpg?resize=525%2C300&ssl=1 1.5x, https:\/\/i0.wp.com\/webdelmaestrocmf.com\/portal\/wp-content\/uploads\/2021\/08\/1-72.jpg?resize=700%2C400&ssl=1 2x, https:\/\/i0.wp.com\/webdelmaestrocmf.com\/portal\/wp-content\/uploads\/2021\/08\/1-72.jpg?resize=1050%2C600&ssl=1 3x"},"classes":[]},{"id":63197,"url":"https:\/\/webdelmaestrocmf.com\/portal\/victor-rawlins-el-docente-anormal-que-la-escuela-actual-necesita\/","url_meta":{"origin":55018,"position":5},"title":"[V\u00edctor Rawlins] El docente \u201canormal\u201d que la escuela actual necesita","author":"Web del Maestro CMF","date":"19 mayo, 2021","format":false,"excerpt":"Por favor no se ofenda por el t\u00edtulo. Solo es para llamar su atenci\u00f3n y parece que obtuvo el resultado esperado. En estos d\u00edas, cuando se est\u00e1 coordinando las acciones para el retorno semipresencial y gradual a las aulas; muchos todav\u00eda tienen el pensamiento de que volveremos a la \u201cnormalidad\u201d\u2026","rel":"","context":"En \u00abZ-Colaborador-Victor-Rawlins\u00bb","block_context":{"text":"Z-Colaborador-Victor-Rawlins","link":"https:\/\/webdelmaestrocmf.com\/portal\/category\/colaborador\/z-colaborador-victor-rawlins\/"},"img":{"alt_text":"","src":"https:\/\/i0.wp.com\/webdelmaestrocmf.com\/portal\/wp-content\/uploads\/2021\/05\/1-copia-28.jpg?resize=350%2C200&ssl=1","width":350,"height":200,"srcset":"https:\/\/i0.wp.com\/webdelmaestrocmf.com\/portal\/wp-content\/uploads\/2021\/05\/1-copia-28.jpg?resize=350%2C200&ssl=1 1x, https:\/\/i0.wp.com\/webdelmaestrocmf.com\/portal\/wp-content\/uploads\/2021\/05\/1-copia-28.jpg?resize=525%2C300&ssl=1 1.5x, https:\/\/i0.wp.com\/webdelmaestrocmf.com\/portal\/wp-content\/uploads\/2021\/05\/1-copia-28.jpg?resize=700%2C400&ssl=1 2x, https:\/\/i0.wp.com\/webdelmaestrocmf.com\/portal\/wp-content\/uploads\/2021\/05\/1-copia-28.jpg?resize=1050%2C600&ssl=1 3x"},"classes":[]}],"_links":{"self":[{"href":"https:\/\/webdelmaestrocmf.com\/portal\/wp-json\/wp\/v2\/posts\/55018","targetHints":{"allow":["GET"]}}],"collection":[{"href":"https:\/\/webdelmaestrocmf.com\/portal\/wp-json\/wp\/v2\/posts"}],"about":[{"href":"https:\/\/webdelmaestrocmf.com\/portal\/wp-json\/wp\/v2\/types\/post"}],"author":[{"embeddable":true,"href":"https:\/\/webdelmaestrocmf.com\/portal\/wp-json\/wp\/v2\/users\/1"}],"replies":[{"embeddable":true,"href":"https:\/\/webdelmaestrocmf.com\/portal\/wp-json\/wp\/v2\/comments?post=55018"}],"version-history":[{"count":0,"href":"https:\/\/webdelmaestrocmf.com\/portal\/wp-json\/wp\/v2\/posts\/55018\/revisions"}],"wp:featuredmedia":[{"embeddable":true,"href":"https:\/\/webdelmaestrocmf.com\/portal\/wp-json\/wp\/v2\/media\/55023"}],"wp:attachment":[{"href":"https:\/\/webdelmaestrocmf.com\/portal\/wp-json\/wp\/v2\/media?parent=55018"}],"wp:term":[{"taxonomy":"category","embeddable":true,"href":"https:\/\/webdelmaestrocmf.com\/portal\/wp-json\/wp\/v2\/categories?post=55018"},{"taxonomy":"post_tag","embeddable":true,"href":"https:\/\/webdelmaestrocmf.com\/portal\/wp-json\/wp\/v2\/tags?post=55018"}],"curies":[{"name":"wp","href":"https:\/\/api.w.org\/{rel}","templated":true}]}}