{"id":54569,"date":"2026-03-14T06:00:00","date_gmt":"2026-03-14T09:00:00","guid":{"rendered":"https:\/\/webdelmaestrocmf.com\/portal\/?p=54569"},"modified":"2026-03-14T06:38:53","modified_gmt":"2026-03-14T09:38:53","slug":"los-docentes-tambien-son-maltratados-fisica-verbal-y-ahora-de-forma-virtualmente-por-sus-alumnos-incluso-por-padres-de-familia","status":"publish","type":"post","link":"https:\/\/webdelmaestrocmf.com\/portal\/los-docentes-tambien-son-maltratados-fisica-verbal-y-ahora-de-forma-virtualmente-por-sus-alumnos-incluso-por-padres-de-familia\/","title":{"rendered":"Los docentes tambi\u00e9n son maltratados f\u00edsica y verbalmente por sus alumnos, e incluso por padres de familia"},"content":{"rendered":"\n<p>Los estudiantes a veces hacen uso indebido de sus derechos, mientras que los profesores pueden mostrar una tolerancia excesiva hacia comportamientos inapropiados para evitar posibles denuncias. En este contexto, es importante reconocer que los docentes tambi\u00e9n pueden ser v\u00edctimas de conductas disruptivas por parte de sus alumnos.<\/p>\n\n\n\n<!--more-->\n\n\n\n<p>En el pasado, los padres sol\u00edan solicitar que sus hijos fueran disciplinados por sus profesores cuando se portaban mal. Sin embargo, en los \u00faltimos a\u00f1os, la din\u00e1mica ha cambiado significativamente. Actualmente, los docentes que recurren a la agresi\u00f3n hacia sus alumnos enfrentan consecuencias graves, incluyendo sanciones, suspensiones e incluso denuncias formales.<\/p>\n\n\n\n<p>El mundo de la educaci\u00f3n es a menudo visto como un lugar de aprendizaje, crecimiento y desarrollo personal. Sin embargo, detr\u00e1s de las aulas y las sonrisas de los estudiantes, existe una realidad alarmante: los docentes tambi\u00e9n son v\u00edctimas de maltrato f\u00edsico y verbal por parte de sus alumnos, e incluso por padres de familia.<\/p>\n\n\n\n<blockquote class=\"wp-block-quote is-layout-flow wp-block-quote-is-layout-flow\">\n<p class=\"has-text-align-center\"><em>En este contexto, es importante reconocer que los docentes tambi\u00e9n pueden ser v\u00edctimas de conductas disruptivas por parte de sus alumnos.<\/em><\/p>\n<\/blockquote>\n\n\n\n<p>A pesar de ser un tema que rara vez se discute en p\u00fablico, este tipo de maltrato tiene un impacto significativo en la salud mental y emocional de los educadores, lo que a su vez puede afectar negativamente la calidad de la educaci\u00f3n que se brinda en las aulas.<\/p>\n\n\n\n<p>Tal vez le interese leer: Profesora estalla en llanto durante una clase por el desinter\u00e9s de sus estudiantes: \u00abA esta generaci\u00f3n no les interesa aprender\u00bb.<\/p>\n\n\n\n<p>Tal vez le interese leer: <a href=\"https:\/\/webdelmaestrocmf.com\/portal\/puerto-rico-profesora-estalla-en-llanto-durante-transmision-online-por-desinteres-de-sus-estudiantes-a-esta-generacion-no-les-interesa-aprender\/\" target=\"_blank\" rel=\"noopener noreferrer\">Profesora estalla en llanto durante transmisi\u00f3n online por desinter\u00e9s de sus estudiantes: \u00abA esta generaci\u00f3n no les interesa aprender\u00bb<\/a><\/p>\n\n\n\n<h2 class=\"wp-block-heading\">El Maltrato Verbal hacia los Docentes<\/h2>\n\n\n\n<p>El maltrato verbal es una forma com\u00fan de agresi\u00f3n que enfrentan los docentes en todo el mundo. Los insultos, la falta de respeto y las palabras hirientes por parte de los estudiantes pueden ser extremadamente perjudiciales para la autoestima y la confianza de los profesores. Esta hostilidad verbal a menudo se manifiesta en forma de burlas, menosprecio y desobediencia, creando un ambiente de aula t\u00f3xico que dificulta la ense\u00f1anza y el aprendizaje.<\/p>\n\n\n\n<blockquote class=\"wp-block-quote is-layout-flow wp-block-quote-is-layout-flow\">\n<p class=\"has-text-align-center\"><em>Actualmente, los docentes que recurren a la agresi\u00f3n hacia sus alumnos enfrentan consecuencias graves, incluyendo sanciones, suspensiones e incluso denuncias formales.<\/em><\/p>\n<\/blockquote>\n\n\n\n<p>Los docentes a menudo se enfrentan a la dif\u00edcil tarea de mantener la autoridad en el aula mientras intentan establecer relaciones positivas con sus alumnos. El maltrato verbal puede socavar estos esfuerzos y llevar a la desmotivaci\u00f3n y el agotamiento docente. Adem\u00e1s, el estr\u00e9s constante causado por el maltrato verbal puede tener efectos negativos en la salud f\u00edsica y mental de los educadores, aumentando el riesgo de depresi\u00f3n y ansiedad.<\/p>\n\n\n\n<figure class=\"wp-block-image\"><img loading=\"lazy\" decoding=\"async\" width=\"800\" height=\"418\" src=\"https:\/\/webdelmaestrocmf.com\/portal\/wp-content\/uploads\/2020\/11\/AF6QYNmoW0AA4t6-34.jpg\" alt=\"docentes\" class=\"wp-image-96210\" srcset=\"https:\/\/webdelmaestrocmf.com\/portal\/wp-content\/uploads\/2020\/11\/AF6QYNmoW0AA4t6-34.jpg 800w, https:\/\/webdelmaestrocmf.com\/portal\/wp-content\/uploads\/2020\/11\/AF6QYNmoW0AA4t6-34-300x157.jpg 300w, https:\/\/webdelmaestrocmf.com\/portal\/wp-content\/uploads\/2020\/11\/AF6QYNmoW0AA4t6-34-768x401.jpg 768w, https:\/\/webdelmaestrocmf.com\/portal\/wp-content\/uploads\/2020\/11\/AF6QYNmoW0AA4t6-34-380x199.jpg 380w, https:\/\/webdelmaestrocmf.com\/portal\/wp-content\/uploads\/2020\/11\/AF6QYNmoW0AA4t6-34-550x287.jpg 550w\" sizes=\"auto, (max-width: 800px) 100vw, 800px\" \/><\/figure>\n\n\n\n<p><\/p>\n\n\n\n<h2 class=\"wp-block-heading\">El Maltrato F\u00edsico hacia los Docentes<\/h2>\n\n\n\n<p>Aunque menos com\u00fan que el maltrato verbal, el maltrato f\u00edsico hacia los docentes tambi\u00e9n es una preocupaci\u00f3n real. Los incidentes de agresi\u00f3n f\u00edsica por parte de los estudiantes pueden variar desde empujones y ara\u00f1azos hasta golpes m\u00e1s graves. Estos actos de violencia ponen en peligro la seguridad de los profesores y, en algunos casos, pueden resultar en lesiones graves.<\/p>\n\n\n\n<p>El maltrato f\u00edsico no solo afecta el bienestar f\u00edsico de los docentes, sino que tambi\u00e9n puede tener un impacto psicol\u00f3gico duradero. La sensaci\u00f3n de vulnerabilidad y la ansiedad que experimentan los educadores despu\u00e9s de un ataque pueden afectar su capacidad para ense\u00f1ar de manera efectiva y su disposici\u00f3n para continuar en la profesi\u00f3n.<\/p>\n\n\n\n<blockquote class=\"wp-block-quote is-layout-flow wp-block-quote-is-layout-flow\">\n<p class=\"has-text-align-center\"><em>Este tipo de maltrato tiene un impacto significativo en la salud mental y emocional de los educadores, lo que a su vez puede afectar negativamente la calidad de la educaci\u00f3n que se brinda en las aulas.<\/em><\/p>\n<\/blockquote>\n\n\n\n<h2 class=\"wp-block-heading\">Maltrato por Parte de los Padres de Familia<\/h2>\n\n\n\n<p>Adem\u00e1s de los alumnos, los docentes tambi\u00e9n pueden ser blanco de maltrato por parte de los padres de familia. Las tensiones en la relaci\u00f3n entre padres y maestros a menudo se relacionan con diferencias en la percepci\u00f3n de la educaci\u00f3n de sus hijos o desacuerdos sobre las decisiones tomadas en el aula. Estas situaciones pueden dar lugar a acusaciones infundadas, insultos y amenazas dirigidas hacia los docentes.<\/p>\n\n\n\n<p>El maltrato por parte de los padres de familia es especialmente preocupante, ya que puede tener repercusiones en la moral de los docentes y en su capacidad para colaborar de manera efectiva con las familias en beneficio de los estudiantes.<\/p>\n\n\n\n<blockquote class=\"wp-block-quote is-layout-flow wp-block-quote-is-layout-flow\">\n<p class=\"has-text-align-center\"><em>El maltrato verbal es una forma com\u00fan de agresi\u00f3n que enfrentan los docentes en todo el mundo.<\/em><\/p>\n<\/blockquote>\n\n\n\n<p>Ahora las agresiones se han trasladado a nuevos contextos. Los insultos y maltratos verbales por parte de algunos estudiantes (e incluso padres de familia), que antes se daban exclusivamente en el aula, tambi\u00e9n se manifiestan en espacios virtuales. Estas situaciones tienen consecuencias significativas, como \u00abtirar una piedra con los ojos cerrados\u00bb. Es esencial educar no solo en el buen uso de las redes a los estudiantes, sino tambi\u00e9n poner un mayor \u00e9nfasis en la formaci\u00f3n, concienciaci\u00f3n y responsabilidad de los padres de familia para acompa\u00f1ar a sus hijos en el uso de las nuevas tecnolog\u00edas de la comunicaci\u00f3n.<\/p>\n\n\n\n<p>Tal vez le interese leer: <a href=\"https:\/\/webdelmaestrocmf.com\/portal\/peru-profesor-universitario-anuncio-su-renuncia-a-sus-alumnos-via-zoom-y-plantea-4-retos-de-la-educacion-a-distancia\/\" target=\"_blank\" rel=\"noopener noreferrer\">Profesor universitario anunci\u00f3 su renuncia a sus alumnos v\u00eda Zoom, y plantea 4 retos de la educaci\u00f3n a distancia<\/a><\/p>\n\n\n\n<p>A continuaci\u00f3n mostramos un video publicado en la plataforma de YouTube:<\/p>\n\n\n\n<p><iframe loading=\"lazy\" title=\"YouTube video player\" src=\"https:\/\/www.youtube.com\/embed\/OaPxW7KvezA?si=qHqc43h7ZTE2mOzz\" width=\"100%\" height=\"315\" frameborder=\"0\" allowfullscreen=\"allowfullscreen\"><span data-mce-type=\"bookmark\" style=\"display: inline-block; width: 0px; overflow: hidden; line-height: 0;\" class=\"mce_SELRES_start\">\ufeff<\/span><\/iframe><\/p>\n\n\n\n<p>El maltrato f\u00edsico y verbal hacia los docentes es un problema grave y subestimado en el \u00e1mbito educativo. Los educadores merecen un ambiente de trabajo seguro y respetuoso para poder desempe\u00f1ar su labor de manera efectiva. Es fundamental que las instituciones educativas tomen medidas para prevenir y abordar el maltrato hacia los docentes, incluyendo la implementaci\u00f3n de pol\u00edticas de tolerancia cero y la promoci\u00f3n de la empat\u00eda y el respeto entre los estudiantes y sus familias.<\/p>\n\n\n\n<p>Al reconocer y abordar este problema, podemos contribuir a crear un entorno escolar m\u00e1s positivo y saludable para todos los involucrados, promoviendo as\u00ed una educaci\u00f3n de calidad y el bienestar de los educadores que desempe\u00f1an un papel crucial en la formaci\u00f3n de las futuras generaciones.<\/p>\n\n\n\n<p class=\"has-text-align-right\"><strong>REDACCI\u00d3N WEB DEL MAESTRO CMF<\/strong><\/p>\n\n\n\t\t<div class=\"pk-inline-posts\">\n\t\t\t\t\t\t\t<h5 class=\"pk-inline-posts-title pk-title pk-font-block\">\n\t\t\t\t\t\u00daltimas entradas\t\t\t\t<\/h5>\n\t\t\t\n\t\t\t<div class=\"pk-inline-posts-container pk-inline-posts-template-list\"\n\t\t\t\tdata-columns=\"1\">\n\t\t\t\t\t\t<article id=\"post-118533\" class=\"post-118533 post type-post status-publish format-standard has-post-thumbnail category-noticias-internacionales tag-convivencia-escolar tag-docentes tag-educacion-2 tag-etica-educativa tag-normativa-escolar tag-preescolar tag-primaria tag-protocolos tag-rol-docente tag-seguridad-docente cs-entry cs-video-wrap\">\n\t\t\t<div class=\"pk-post-outer\">\n\n\t\t\t\t\t\t\t\t<div class=\"pk-post-inner\">\n\t\t\t\t\t<div class=\"entry-thumbnail\">\n\t\t\t\t\t\t<div class=\"pk-overlay pk-overlay-ratio pk-ratio-landscape\">\n\t\t\t\t\t\t\t<div class=\"pk-overlay-background\">\n\t\t\t\t\t\t\t\t<a href=\"https:\/\/webdelmaestrocmf.com\/portal\/profesor-advierte-a-docentes-no-pueden-asistir-a-un-nino-en-el-bano-por-riesgo-de-cargos-legales\/\" class=\"pk-overlay-link\">\n\t\t\t\t\t\t\t\t\t<img loading=\"lazy\" decoding=\"async\" width=\"300\" height=\"225\" src=\"https:\/\/webdelmaestrocmf.com\/portal\/wp-content\/uploads\/2026\/05\/1AA-Banner-1-portada-imagen-10-1-copia-300x225.webp\" class=\"attachment-pk-thumbnail size-pk-thumbnail wp-post-image\" alt=\"\" \/>\t\t\t\t\t\t\t\t<\/a>\n\t\t\t\t\t\t\t<\/div>\n\t\t\t\t\t\t<\/div>\n\t\t\t\t\t<\/div>\n\t\t\t\t<\/div>\n\t\t\t\t\n\t\t\t\t<div class=\"pk-post-inner\">\n\t\t\t\t\t<header>\n\t\t\t\t\t\t<h3 class=\"pk-title\"><a href=\"https:\/\/webdelmaestrocmf.com\/portal\/profesor-advierte-a-docentes-no-pueden-asistir-a-un-nino-en-el-bano-por-riesgo-de-cargos-legales\/\" rel=\"bookmark\">Profesor advierte a docentes: \u201cNo pueden asistir a un ni\u00f1o en el ba\u00f1o\u201d por riesgo de cargos legales<\/a><\/h3>\t\t\t\t\t<\/header><!-- .entry-header -->\n\t\t\t\t<\/div><!-- .post-inner -->\n\n\t\t\t<\/div><!-- .post-outer -->\n\t\t<\/article>\n\t\t\t<article id=\"post-118505\" class=\"post-118505 post type-post status-publish format-standard has-post-thumbnail category-noticias-internacionales tag-acoso-laboral-docente tag-clima-laboral-educativo tag-denuncia-laboral tag-derechos-laborales-docentes tag-ley-karin tag-maltrato-en-escuelas tag-salud-mental-docente tag-sistema-educativo-crisis tag-violencia-en-escuelas cs-entry cs-video-wrap\">\n\t\t\t<div class=\"pk-post-outer\">\n\n\t\t\t\t\t\t\t\t<div class=\"pk-post-inner\">\n\t\t\t\t\t<div class=\"entry-thumbnail\">\n\t\t\t\t\t\t<div class=\"pk-overlay pk-overlay-ratio pk-ratio-landscape\">\n\t\t\t\t\t\t\t<div class=\"pk-overlay-background\">\n\t\t\t\t\t\t\t\t<a href=\"https:\/\/webdelmaestrocmf.com\/portal\/maestra-consulta-que-hacer-tras-sufrir-acoso-laboral-por-parte-de-una-profesora-y-directora-teme-denunciar-y-quedar-vetada-de-por-vida-como-se-debe-de-proceder-en-estos-casos\/\" class=\"pk-overlay-link\">\n\t\t\t\t\t\t\t\t\t<img loading=\"lazy\" decoding=\"async\" width=\"300\" height=\"225\" src=\"https:\/\/webdelmaestrocmf.com\/portal\/wp-content\/uploads\/2026\/04\/1AA-Banner-1-portada-imagen-10-1-copia-4-4-300x225.webp\" class=\"attachment-pk-thumbnail size-pk-thumbnail wp-post-image\" alt=\"\" \/>\t\t\t\t\t\t\t\t<\/a>\n\t\t\t\t\t\t\t<\/div>\n\t\t\t\t\t\t<\/div>\n\t\t\t\t\t<\/div>\n\t\t\t\t<\/div>\n\t\t\t\t\n\t\t\t\t<div class=\"pk-post-inner\">\n\t\t\t\t\t<header>\n\t\t\t\t\t\t<h3 class=\"pk-title\"><a href=\"https:\/\/webdelmaestrocmf.com\/portal\/maestra-consulta-que-hacer-tras-sufrir-acoso-laboral-por-parte-de-una-profesora-y-directora-teme-denunciar-y-quedar-vetada-de-por-vida-como-se-debe-de-proceder-en-estos-casos\/\" rel=\"bookmark\">Maestra consulta qu\u00e9 hacer tras sufrir acoso laboral por parte de una profesora y directora, teme denunciar y quedar vetada de por vida \u00bfC\u00f3mo se debe de proceder en estos casos?<\/a><\/h3>\t\t\t\t\t<\/header><!-- .entry-header -->\n\t\t\t\t<\/div><!-- .post-inner -->\n\n\t\t\t<\/div><!-- .post-outer -->\n\t\t<\/article>\n\t\t\t<article id=\"post-118473\" class=\"post-118473 post type-post status-publish format-standard has-post-thumbnail category-noticias-internacionales tag-convivencia tag-docentes tag-educacion-3 tag-gestion-escolar-2 tag-protocolos tag-salud-mental tag-seguridad-escolar tag-simulacros tag-violencia-escolar cs-entry cs-video-wrap\">\n\t\t\t<div class=\"pk-post-outer\">\n\n\t\t\t\t\t\t\t\t<div class=\"pk-post-inner\">\n\t\t\t\t\t<div class=\"entry-thumbnail\">\n\t\t\t\t\t\t<div class=\"pk-overlay pk-overlay-ratio pk-ratio-landscape\">\n\t\t\t\t\t\t\t<div class=\"pk-overlay-background\">\n\t\t\t\t\t\t\t\t<a href=\"https:\/\/webdelmaestrocmf.com\/portal\/se-confirma-que-habra-simulacros-de-tiroteos-en-las-escuelas\/\" class=\"pk-overlay-link\">\n\t\t\t\t\t\t\t\t\t<img loading=\"lazy\" decoding=\"async\" width=\"300\" height=\"225\" src=\"https:\/\/webdelmaestrocmf.com\/portal\/wp-content\/uploads\/2026\/04\/1AA-Banner-1-portada-imagen-10-1-copia-1-11-300x225.webp\" class=\"attachment-pk-thumbnail size-pk-thumbnail wp-post-image\" alt=\"\" \/>\t\t\t\t\t\t\t\t<\/a>\n\t\t\t\t\t\t\t<\/div>\n\t\t\t\t\t\t<\/div>\n\t\t\t\t\t<\/div>\n\t\t\t\t<\/div>\n\t\t\t\t\n\t\t\t\t<div class=\"pk-post-inner\">\n\t\t\t\t\t<header>\n\t\t\t\t\t\t<h3 class=\"pk-title\"><a href=\"https:\/\/webdelmaestrocmf.com\/portal\/se-confirma-que-habra-simulacros-de-tiroteos-en-las-escuelas\/\" rel=\"bookmark\">Se confirma que habr\u00e1 simulacros de tiroteos en las escuelas<\/a><\/h3>\t\t\t\t\t<\/header><!-- .entry-header -->\n\t\t\t\t<\/div><!-- .post-inner -->\n\n\t\t\t<\/div><!-- .post-outer -->\n\t\t<\/article>\n\t\t\t\t<\/div>\n\t\t<\/div>\n\t\t\n","protected":false},"excerpt":{"rendered":"El maltrato verbal y f\u00edsico hacia los docentes, proveniente de estudiantes y padres, es una realidad creciente que afecta su salud emocional, debilita su autoridad y deteriora el clima educativo.","protected":false},"author":1,"featured_media":107701,"comment_status":"open","ping_status":"closed","sticky":false,"template":"","format":"standard","meta":{"csco_display_header_overlay":false,"csco_singular_sidebar":"default","csco_page_header_type":"default","csco_page_load_nextpost":"default","csco_post_video_location":[],"csco_post_video_location_hash":"","csco_post_video_url":"","csco_post_video_bg_start_time":0,"csco_post_video_bg_end_time":0,"csco_post_video_bg_volume":false,"_jetpack_memberships_contains_paid_content":false,"footnotes":""},"categories":[23790,587],"tags":[93,21670,21652,299,21661,21665,21666,19281,21667,21662,21668,21660,21664,21669,18548,58,55,21656,576,2945,21657,21655,718,17290,17289,21663,21535,21671,20365,21653,21659,2759,21654,3798,21658,6032],"class_list":{"0":"post-54569","1":"post","2":"type-post","3":"status-publish","4":"format-standard","5":"has-post-thumbnail","7":"category-noticias-internacionales","8":"category-violencia","9":"tag-acoso-escolar","10":"tag-agotamiento-docente","11":"tag-agresion-en-el-aula","12":"tag-alumnos","13":"tag-ansiedad-en-docentes","14":"tag-bienestar-fisico-de-docentes","15":"tag-colaboracion-con-familias","16":"tag-comportamiento-estudiantil","17":"tag-conductas-disruptivas","18":"tag-conflictos-con-padres-de-familia","19":"tag-consecuencias-del-maltrato","20":"tag-depresion-en-docentes","21":"tag-dificultades-en-la-ensenanza","22":"tag-dinamica-en-el-aula","23":"tag-disciplina-escolar","24":"tag-docentes","25":"tag-educacion","26":"tag-estres-docente","27":"tag-fisica","28":"tag-formacion-docente","29":"tag-hostilidad-verbal","30":"tag-impacto-en-la-ensenanza","31":"tag-maltratados","32":"tag-maltrato-fisico","33":"tag-maltrato-verbal","34":"tag-percepcion-de-la-educacion","35":"tag-relaciones-familia-escuela","36":"tag-relaciones-profesionales","37":"tag-relaciones-profesor-estudiante","38":"tag-salud-mental-de-docentes","39":"tag-seguridad-en-el-entorno-escolar","40":"tag-tambien","41":"tag-tolerancia-hacia-el-mal-comportamiento","42":"tag-verbal","43":"tag-violencia-en-el-aula","44":"tag-virtualmente","45":"cs-entry","46":"cs-video-wrap"},"yoast_head":"<!-- This site is optimized with the Yoast SEO plugin v27.5 - https:\/\/yoast.com\/product\/yoast-seo-wordpress\/ -->\n<title>Los docentes tambi\u00e9n son maltratados f\u00edsica y verbalmente por sus alumnos, e incluso por padres de familia - 2026<\/title>\n<meta name=\"description\" content=\"En este contexto, es importante reconocer que los docentes tambi\u00e9n pueden ser v\u00edctimas de conductas disruptivas por parte de sus alumnos.\" \/>\n<meta name=\"robots\" content=\"index, follow, max-snippet:-1, max-image-preview:large, max-video-preview:-1\" \/>\n<link rel=\"canonical\" href=\"https:\/\/webdelmaestrocmf.com\/portal\/los-docentes-tambien-son-maltratados-fisica-verbal-y-ahora-de-forma-virtualmente-por-sus-alumnos-incluso-por-padres-de-familia\/\" \/>\n<meta property=\"og:locale\" content=\"es_ES\" \/>\n<meta property=\"og:type\" content=\"article\" \/>\n<meta property=\"og:title\" content=\"Los docentes tambi\u00e9n son maltratados f\u00edsica y verbalmente por sus alumnos, e incluso por padres de familia - 2026\" \/>\n<meta property=\"og:description\" content=\"En este contexto, es importante reconocer que los docentes tambi\u00e9n pueden ser v\u00edctimas de conductas disruptivas por parte de sus alumnos.\" \/>\n<meta property=\"og:url\" content=\"https:\/\/webdelmaestrocmf.com\/portal\/los-docentes-tambien-son-maltratados-fisica-verbal-y-ahora-de-forma-virtualmente-por-sus-alumnos-incluso-por-padres-de-familia\/\" \/>\n<meta property=\"og:site_name\" content=\"Web del Maestro CMF\" \/>\n<meta property=\"article:publisher\" content=\"https:\/\/www.facebook.com\/WebdelMaestroCMF\/\" \/>\n<meta property=\"article:author\" content=\"https:\/\/www.facebook.com\/WebdelMaestroCMF\/\" \/>\n<meta property=\"article:published_time\" content=\"2026-03-14T09:00:00+00:00\" \/>\n<meta property=\"article:modified_time\" content=\"2026-03-14T09:38:53+00:00\" \/>\n<meta property=\"og:image\" content=\"https:\/\/webdelmaestrocmf.com\/portal\/wp-content\/uploads\/2020\/11\/1A-Banner-1-portada-imagen-10-1-40.jpg\" \/>\n\t<meta property=\"og:image:width\" content=\"1024\" \/>\n\t<meta property=\"og:image:height\" content=\"1024\" \/>\n\t<meta property=\"og:image:type\" content=\"image\/jpeg\" \/>\n<meta name=\"author\" content=\"Web del Maestro CMF\" \/>\n<meta name=\"twitter:card\" content=\"summary_large_image\" \/>\n<meta name=\"twitter:creator\" content=\"@cmf_w\" \/>\n<meta name=\"twitter:site\" content=\"@cmf_w\" \/>\n<script type=\"application\/ld+json\" class=\"yoast-schema-graph\">{\"@context\":\"https:\\\/\\\/schema.org\",\"@graph\":[{\"@type\":\"ScholarlyArticle\",\"@id\":\"https:\\\/\\\/webdelmaestrocmf.com\\\/portal\\\/los-docentes-tambien-son-maltratados-fisica-verbal-y-ahora-de-forma-virtualmente-por-sus-alumnos-incluso-por-padres-de-familia\\\/#article\",\"isPartOf\":{\"@id\":\"https:\\\/\\\/webdelmaestrocmf.com\\\/portal\\\/los-docentes-tambien-son-maltratados-fisica-verbal-y-ahora-de-forma-virtualmente-por-sus-alumnos-incluso-por-padres-de-familia\\\/\"},\"author\":{\"name\":\"Web del Maestro CMF\",\"@id\":\"https:\\\/\\\/webdelmaestrocmf.com\\\/portal\\\/#\\\/schema\\\/person\\\/1072a2ed7bd960df8ef99a551fa35dc5\"},\"headline\":\"Los docentes tambi\u00e9n son maltratados f\u00edsica y verbalmente por sus alumnos, e incluso por padres de familia\",\"datePublished\":\"2026-03-14T09:00:00+00:00\",\"dateModified\":\"2026-03-14T09:38:53+00:00\",\"mainEntityOfPage\":{\"@id\":\"https:\\\/\\\/webdelmaestrocmf.com\\\/portal\\\/los-docentes-tambien-son-maltratados-fisica-verbal-y-ahora-de-forma-virtualmente-por-sus-alumnos-incluso-por-padres-de-familia\\\/\"},\"wordCount\":1100,\"commentCount\":0,\"publisher\":{\"@id\":\"https:\\\/\\\/webdelmaestrocmf.com\\\/portal\\\/#organization\"},\"image\":{\"@id\":\"https:\\\/\\\/webdelmaestrocmf.com\\\/portal\\\/los-docentes-tambien-son-maltratados-fisica-verbal-y-ahora-de-forma-virtualmente-por-sus-alumnos-incluso-por-padres-de-familia\\\/#primaryimage\"},\"thumbnailUrl\":\"https:\\\/\\\/webdelmaestrocmf.com\\\/portal\\\/wp-content\\\/uploads\\\/2020\\\/11\\\/1A-Banner-1-portada-imagen-10-1-40.jpg\",\"keywords\":[\"Acoso escolar\",\"Agotamiento docente\",\"Agresi\u00f3n en el aula\",\"alumnos\",\"Ansiedad en docentes\",\"Bienestar f\u00edsico de docentes\",\"Colaboraci\u00f3n con familias\",\"Comportamiento Estudiantil\",\"Conductas disruptivas\",\"Conflictos con padres de familia\",\"Consecuencias del maltrato\",\"Depresi\u00f3n en docentes\",\"Dificultades en la ense\u00f1anza\",\"Din\u00e1mica en el aula\",\"disciplina escolar\",\"DOCENTES\",\"EDUCACI\u00d3N\",\"Estr\u00e9s docente\",\"F\u00cdSICA\",\"FORMACI\u00d3N DOCENTE\",\"Hostilidad verbal\",\"Impacto en la ense\u00f1anza\",\"MALTRATADOS\",\"maltrato f\u00edsico\",\"maltrato verbal\",\"Percepci\u00f3n de la educaci\u00f3n\",\"Relaciones familia-escuela\",\"Relaciones profesionales\",\"relaciones profesor-estudiante\",\"Salud mental de docentes\",\"Seguridad en el entorno escolar\",\"TAMBI\u00c9N\",\"Tolerancia hacia el mal comportamiento\",\"VERBAL\",\"Violencia en el aula\",\"virtualmente\"],\"articleSection\":[\"Noticias Internacionales\",\"violencia\"],\"inLanguage\":\"es\",\"potentialAction\":[{\"@type\":\"CommentAction\",\"name\":\"Comment\",\"target\":[\"https:\\\/\\\/webdelmaestrocmf.com\\\/portal\\\/los-docentes-tambien-son-maltratados-fisica-verbal-y-ahora-de-forma-virtualmente-por-sus-alumnos-incluso-por-padres-de-familia\\\/#respond\"]}]},{\"@type\":\"WebPage\",\"@id\":\"https:\\\/\\\/webdelmaestrocmf.com\\\/portal\\\/los-docentes-tambien-son-maltratados-fisica-verbal-y-ahora-de-forma-virtualmente-por-sus-alumnos-incluso-por-padres-de-familia\\\/\",\"url\":\"https:\\\/\\\/webdelmaestrocmf.com\\\/portal\\\/los-docentes-tambien-son-maltratados-fisica-verbal-y-ahora-de-forma-virtualmente-por-sus-alumnos-incluso-por-padres-de-familia\\\/\",\"name\":\"Los docentes tambi\u00e9n son maltratados f\u00edsica y verbalmente por sus alumnos, e incluso por padres de familia - 2026\",\"isPartOf\":{\"@id\":\"https:\\\/\\\/webdelmaestrocmf.com\\\/portal\\\/#website\"},\"primaryImageOfPage\":{\"@id\":\"https:\\\/\\\/webdelmaestrocmf.com\\\/portal\\\/los-docentes-tambien-son-maltratados-fisica-verbal-y-ahora-de-forma-virtualmente-por-sus-alumnos-incluso-por-padres-de-familia\\\/#primaryimage\"},\"image\":{\"@id\":\"https:\\\/\\\/webdelmaestrocmf.com\\\/portal\\\/los-docentes-tambien-son-maltratados-fisica-verbal-y-ahora-de-forma-virtualmente-por-sus-alumnos-incluso-por-padres-de-familia\\\/#primaryimage\"},\"thumbnailUrl\":\"https:\\\/\\\/webdelmaestrocmf.com\\\/portal\\\/wp-content\\\/uploads\\\/2020\\\/11\\\/1A-Banner-1-portada-imagen-10-1-40.jpg\",\"datePublished\":\"2026-03-14T09:00:00+00:00\",\"dateModified\":\"2026-03-14T09:38:53+00:00\",\"description\":\"En este contexto, es importante reconocer que los docentes tambi\u00e9n pueden ser v\u00edctimas de conductas disruptivas por parte de sus alumnos.\",\"breadcrumb\":{\"@id\":\"https:\\\/\\\/webdelmaestrocmf.com\\\/portal\\\/los-docentes-tambien-son-maltratados-fisica-verbal-y-ahora-de-forma-virtualmente-por-sus-alumnos-incluso-por-padres-de-familia\\\/#breadcrumb\"},\"inLanguage\":\"es\",\"potentialAction\":[{\"@type\":\"ReadAction\",\"target\":[\"https:\\\/\\\/webdelmaestrocmf.com\\\/portal\\\/los-docentes-tambien-son-maltratados-fisica-verbal-y-ahora-de-forma-virtualmente-por-sus-alumnos-incluso-por-padres-de-familia\\\/\"]}]},{\"@type\":\"ImageObject\",\"inLanguage\":\"es\",\"@id\":\"https:\\\/\\\/webdelmaestrocmf.com\\\/portal\\\/los-docentes-tambien-son-maltratados-fisica-verbal-y-ahora-de-forma-virtualmente-por-sus-alumnos-incluso-por-padres-de-familia\\\/#primaryimage\",\"url\":\"https:\\\/\\\/webdelmaestrocmf.com\\\/portal\\\/wp-content\\\/uploads\\\/2020\\\/11\\\/1A-Banner-1-portada-imagen-10-1-40.jpg\",\"contentUrl\":\"https:\\\/\\\/webdelmaestrocmf.com\\\/portal\\\/wp-content\\\/uploads\\\/2020\\\/11\\\/1A-Banner-1-portada-imagen-10-1-40.jpg\",\"width\":1024,\"height\":1024},{\"@type\":\"BreadcrumbList\",\"@id\":\"https:\\\/\\\/webdelmaestrocmf.com\\\/portal\\\/los-docentes-tambien-son-maltratados-fisica-verbal-y-ahora-de-forma-virtualmente-por-sus-alumnos-incluso-por-padres-de-familia\\\/#breadcrumb\",\"itemListElement\":[{\"@type\":\"ListItem\",\"position\":1,\"name\":\"Portada\",\"item\":\"https:\\\/\\\/webdelmaestrocmf.com\\\/portal\\\/\"},{\"@type\":\"ListItem\",\"position\":2,\"name\":\"Noticias Internacionales\",\"item\":\"https:\\\/\\\/webdelmaestrocmf.com\\\/portal\\\/category\\\/noticias-internacionales\\\/\"},{\"@type\":\"ListItem\",\"position\":3,\"name\":\"Los docentes tambi\u00e9n son maltratados f\u00edsica y verbalmente por sus alumnos, e incluso por padres de familia\"}]},{\"@type\":\"WebSite\",\"@id\":\"https:\\\/\\\/webdelmaestrocmf.com\\\/portal\\\/#website\",\"url\":\"https:\\\/\\\/webdelmaestrocmf.com\\\/portal\\\/\",\"name\":\"Web del Maestro CMF\",\"description\":\"Maestros al servicio de la educaci\u00f3n\",\"publisher\":{\"@id\":\"https:\\\/\\\/webdelmaestrocmf.com\\\/portal\\\/#organization\"},\"alternateName\":\"WMCMF\",\"potentialAction\":[{\"@type\":\"SearchAction\",\"target\":{\"@type\":\"EntryPoint\",\"urlTemplate\":\"https:\\\/\\\/webdelmaestrocmf.com\\\/portal\\\/?s={search_term_string}\"},\"query-input\":{\"@type\":\"PropertyValueSpecification\",\"valueRequired\":true,\"valueName\":\"search_term_string\"}}],\"inLanguage\":\"es\"},{\"@type\":\"Organization\",\"@id\":\"https:\\\/\\\/webdelmaestrocmf.com\\\/portal\\\/#organization\",\"name\":\"Web del Maestro CMF\",\"alternateName\":\"WMCMF\",\"url\":\"https:\\\/\\\/webdelmaestrocmf.com\\\/portal\\\/\",\"logo\":{\"@type\":\"ImageObject\",\"inLanguage\":\"es\",\"@id\":\"https:\\\/\\\/webdelmaestrocmf.com\\\/portal\\\/#\\\/schema\\\/logo\\\/image\\\/\",\"url\":\"https:\\\/\\\/webdelmaestrocmf.com\\\/portal\\\/wp-content\\\/uploads\\\/2023\\\/01\\\/logo-wmcmf-2.png\",\"contentUrl\":\"https:\\\/\\\/webdelmaestrocmf.com\\\/portal\\\/wp-content\\\/uploads\\\/2023\\\/01\\\/logo-wmcmf-2.png\",\"width\":200,\"height\":60,\"caption\":\"Web del Maestro CMF\"},\"image\":{\"@id\":\"https:\\\/\\\/webdelmaestrocmf.com\\\/portal\\\/#\\\/schema\\\/logo\\\/image\\\/\"},\"sameAs\":[\"https:\\\/\\\/www.facebook.com\\\/WebdelMaestroCMF\\\/\",\"https:\\\/\\\/x.com\\\/cmf_w\",\"https:\\\/\\\/www.pinterest.com\\\/WMCMF\\\/\",\"https:\\\/\\\/www.linkedin.com\\\/company\\\/web-del-maestro-cmf\\\/\",\"https:\\\/\\\/www.instagram.com\\\/wmcmf\\\/\",\"https:\\\/\\\/www.youtube.com\\\/channel\\\/UCDPSvjbdodE5sHnC3OxutHw\",\"https:\\\/\\\/mastodon.social\\\/@wmcmf\",\"https:\\\/\\\/www.tiktok.com\\\/@webdelmaestrocmf\"]},{\"@type\":\"Person\",\"@id\":\"https:\\\/\\\/webdelmaestrocmf.com\\\/portal\\\/#\\\/schema\\\/person\\\/1072a2ed7bd960df8ef99a551fa35dc5\",\"name\":\"Web del Maestro CMF\",\"image\":{\"@type\":\"ImageObject\",\"inLanguage\":\"es\",\"@id\":\"https:\\\/\\\/secure.gravatar.com\\\/avatar\\\/23291dd5b5ae1077dcff3dbb04c3e02bd28403fa75af6d8787d5e97c5bbbe30b?s=96&d=mm&r=g\",\"url\":\"https:\\\/\\\/secure.gravatar.com\\\/avatar\\\/23291dd5b5ae1077dcff3dbb04c3e02bd28403fa75af6d8787d5e97c5bbbe30b?s=96&d=mm&r=g\",\"contentUrl\":\"https:\\\/\\\/secure.gravatar.com\\\/avatar\\\/23291dd5b5ae1077dcff3dbb04c3e02bd28403fa75af6d8787d5e97c5bbbe30b?s=96&d=mm&r=g\",\"caption\":\"Web del Maestro CMF\"},\"description\":\"Esta Web se cre\u00f3 sin fines de lucro, con fines educativos, cient\u00edficos y acad\u00e9micos, para personas que tengan dificultades y\\\/o inconvenientes en visualizar el material original. El objetivo es entregar recursos, compartir experiencias y materiales que ayuden a los padres de familia, maestros y estudiantes en su actualizaci\u00f3n y formaci\u00f3n permanente, en bien de la Educaci\u00f3n.\",\"sameAs\":[\"http:\\\/\\\/webdelmaestrocmf.com\\\/portal\",\"https:\\\/\\\/www.facebook.com\\\/WebdelMaestroCMF\\\/\",\"https:\\\/\\\/www.instagram.com\\\/wmcmf\\\/\",\"https:\\\/\\\/cl.linkedin.com\\\/company\\\/web-del-maestro-cmf\",\"https:\\\/\\\/www.pinterest.com\\\/WMCMF\\\/publicaciones\\\/\",\"https:\\\/\\\/x.com\\\/cmf_w\",\"https:\\\/\\\/www.youtube.com\\\/@WMCMF\"]}]}<\/script>\n<!-- \/ Yoast SEO plugin. -->","yoast_head_json":{"title":"Los docentes tambi\u00e9n son maltratados f\u00edsica y verbalmente por sus alumnos, e incluso por padres de familia - 2026","description":"En este contexto, es importante reconocer que los docentes tambi\u00e9n pueden ser v\u00edctimas de conductas disruptivas por parte de sus alumnos.","robots":{"index":"index","follow":"follow","max-snippet":"max-snippet:-1","max-image-preview":"max-image-preview:large","max-video-preview":"max-video-preview:-1"},"canonical":"https:\/\/webdelmaestrocmf.com\/portal\/los-docentes-tambien-son-maltratados-fisica-verbal-y-ahora-de-forma-virtualmente-por-sus-alumnos-incluso-por-padres-de-familia\/","og_locale":"es_ES","og_type":"article","og_title":"Los docentes tambi\u00e9n son maltratados f\u00edsica y verbalmente por sus alumnos, e incluso por padres de familia - 2026","og_description":"En este contexto, es importante reconocer que los docentes tambi\u00e9n pueden ser v\u00edctimas de conductas disruptivas por parte de sus alumnos.","og_url":"https:\/\/webdelmaestrocmf.com\/portal\/los-docentes-tambien-son-maltratados-fisica-verbal-y-ahora-de-forma-virtualmente-por-sus-alumnos-incluso-por-padres-de-familia\/","og_site_name":"Web del Maestro CMF","article_publisher":"https:\/\/www.facebook.com\/WebdelMaestroCMF\/","article_author":"https:\/\/www.facebook.com\/WebdelMaestroCMF\/","article_published_time":"2026-03-14T09:00:00+00:00","article_modified_time":"2026-03-14T09:38:53+00:00","og_image":[{"width":1024,"height":1024,"url":"https:\/\/webdelmaestrocmf.com\/portal\/wp-content\/uploads\/2020\/11\/1A-Banner-1-portada-imagen-10-1-40.jpg","type":"image\/jpeg"}],"author":"Web del Maestro CMF","twitter_card":"summary_large_image","twitter_creator":"@cmf_w","twitter_site":"@cmf_w","schema":{"@context":"https:\/\/schema.org","@graph":[{"@type":"ScholarlyArticle","@id":"https:\/\/webdelmaestrocmf.com\/portal\/los-docentes-tambien-son-maltratados-fisica-verbal-y-ahora-de-forma-virtualmente-por-sus-alumnos-incluso-por-padres-de-familia\/#article","isPartOf":{"@id":"https:\/\/webdelmaestrocmf.com\/portal\/los-docentes-tambien-son-maltratados-fisica-verbal-y-ahora-de-forma-virtualmente-por-sus-alumnos-incluso-por-padres-de-familia\/"},"author":{"name":"Web del Maestro CMF","@id":"https:\/\/webdelmaestrocmf.com\/portal\/#\/schema\/person\/1072a2ed7bd960df8ef99a551fa35dc5"},"headline":"Los docentes tambi\u00e9n son maltratados f\u00edsica y verbalmente por sus alumnos, e incluso por padres de familia","datePublished":"2026-03-14T09:00:00+00:00","dateModified":"2026-03-14T09:38:53+00:00","mainEntityOfPage":{"@id":"https:\/\/webdelmaestrocmf.com\/portal\/los-docentes-tambien-son-maltratados-fisica-verbal-y-ahora-de-forma-virtualmente-por-sus-alumnos-incluso-por-padres-de-familia\/"},"wordCount":1100,"commentCount":0,"publisher":{"@id":"https:\/\/webdelmaestrocmf.com\/portal\/#organization"},"image":{"@id":"https:\/\/webdelmaestrocmf.com\/portal\/los-docentes-tambien-son-maltratados-fisica-verbal-y-ahora-de-forma-virtualmente-por-sus-alumnos-incluso-por-padres-de-familia\/#primaryimage"},"thumbnailUrl":"https:\/\/webdelmaestrocmf.com\/portal\/wp-content\/uploads\/2020\/11\/1A-Banner-1-portada-imagen-10-1-40.jpg","keywords":["Acoso escolar","Agotamiento docente","Agresi\u00f3n en el aula","alumnos","Ansiedad en docentes","Bienestar f\u00edsico de docentes","Colaboraci\u00f3n con familias","Comportamiento Estudiantil","Conductas disruptivas","Conflictos con padres de familia","Consecuencias del maltrato","Depresi\u00f3n en docentes","Dificultades en la ense\u00f1anza","Din\u00e1mica en el aula","disciplina escolar","DOCENTES","EDUCACI\u00d3N","Estr\u00e9s docente","F\u00cdSICA","FORMACI\u00d3N DOCENTE","Hostilidad verbal","Impacto en la ense\u00f1anza","MALTRATADOS","maltrato f\u00edsico","maltrato verbal","Percepci\u00f3n de la educaci\u00f3n","Relaciones familia-escuela","Relaciones profesionales","relaciones profesor-estudiante","Salud mental de docentes","Seguridad en el entorno escolar","TAMBI\u00c9N","Tolerancia hacia el mal comportamiento","VERBAL","Violencia en el aula","virtualmente"],"articleSection":["Noticias Internacionales","violencia"],"inLanguage":"es","potentialAction":[{"@type":"CommentAction","name":"Comment","target":["https:\/\/webdelmaestrocmf.com\/portal\/los-docentes-tambien-son-maltratados-fisica-verbal-y-ahora-de-forma-virtualmente-por-sus-alumnos-incluso-por-padres-de-familia\/#respond"]}]},{"@type":"WebPage","@id":"https:\/\/webdelmaestrocmf.com\/portal\/los-docentes-tambien-son-maltratados-fisica-verbal-y-ahora-de-forma-virtualmente-por-sus-alumnos-incluso-por-padres-de-familia\/","url":"https:\/\/webdelmaestrocmf.com\/portal\/los-docentes-tambien-son-maltratados-fisica-verbal-y-ahora-de-forma-virtualmente-por-sus-alumnos-incluso-por-padres-de-familia\/","name":"Los docentes tambi\u00e9n son maltratados f\u00edsica y verbalmente por sus alumnos, e incluso por padres de familia - 2026","isPartOf":{"@id":"https:\/\/webdelmaestrocmf.com\/portal\/#website"},"primaryImageOfPage":{"@id":"https:\/\/webdelmaestrocmf.com\/portal\/los-docentes-tambien-son-maltratados-fisica-verbal-y-ahora-de-forma-virtualmente-por-sus-alumnos-incluso-por-padres-de-familia\/#primaryimage"},"image":{"@id":"https:\/\/webdelmaestrocmf.com\/portal\/los-docentes-tambien-son-maltratados-fisica-verbal-y-ahora-de-forma-virtualmente-por-sus-alumnos-incluso-por-padres-de-familia\/#primaryimage"},"thumbnailUrl":"https:\/\/webdelmaestrocmf.com\/portal\/wp-content\/uploads\/2020\/11\/1A-Banner-1-portada-imagen-10-1-40.jpg","datePublished":"2026-03-14T09:00:00+00:00","dateModified":"2026-03-14T09:38:53+00:00","description":"En este contexto, es importante reconocer que los docentes tambi\u00e9n pueden ser v\u00edctimas de conductas disruptivas por parte de sus alumnos.","breadcrumb":{"@id":"https:\/\/webdelmaestrocmf.com\/portal\/los-docentes-tambien-son-maltratados-fisica-verbal-y-ahora-de-forma-virtualmente-por-sus-alumnos-incluso-por-padres-de-familia\/#breadcrumb"},"inLanguage":"es","potentialAction":[{"@type":"ReadAction","target":["https:\/\/webdelmaestrocmf.com\/portal\/los-docentes-tambien-son-maltratados-fisica-verbal-y-ahora-de-forma-virtualmente-por-sus-alumnos-incluso-por-padres-de-familia\/"]}]},{"@type":"ImageObject","inLanguage":"es","@id":"https:\/\/webdelmaestrocmf.com\/portal\/los-docentes-tambien-son-maltratados-fisica-verbal-y-ahora-de-forma-virtualmente-por-sus-alumnos-incluso-por-padres-de-familia\/#primaryimage","url":"https:\/\/webdelmaestrocmf.com\/portal\/wp-content\/uploads\/2020\/11\/1A-Banner-1-portada-imagen-10-1-40.jpg","contentUrl":"https:\/\/webdelmaestrocmf.com\/portal\/wp-content\/uploads\/2020\/11\/1A-Banner-1-portada-imagen-10-1-40.jpg","width":1024,"height":1024},{"@type":"BreadcrumbList","@id":"https:\/\/webdelmaestrocmf.com\/portal\/los-docentes-tambien-son-maltratados-fisica-verbal-y-ahora-de-forma-virtualmente-por-sus-alumnos-incluso-por-padres-de-familia\/#breadcrumb","itemListElement":[{"@type":"ListItem","position":1,"name":"Portada","item":"https:\/\/webdelmaestrocmf.com\/portal\/"},{"@type":"ListItem","position":2,"name":"Noticias Internacionales","item":"https:\/\/webdelmaestrocmf.com\/portal\/category\/noticias-internacionales\/"},{"@type":"ListItem","position":3,"name":"Los docentes tambi\u00e9n son maltratados f\u00edsica y verbalmente por sus alumnos, e incluso por padres de familia"}]},{"@type":"WebSite","@id":"https:\/\/webdelmaestrocmf.com\/portal\/#website","url":"https:\/\/webdelmaestrocmf.com\/portal\/","name":"Web del Maestro CMF","description":"Maestros al servicio de la educaci\u00f3n","publisher":{"@id":"https:\/\/webdelmaestrocmf.com\/portal\/#organization"},"alternateName":"WMCMF","potentialAction":[{"@type":"SearchAction","target":{"@type":"EntryPoint","urlTemplate":"https:\/\/webdelmaestrocmf.com\/portal\/?s={search_term_string}"},"query-input":{"@type":"PropertyValueSpecification","valueRequired":true,"valueName":"search_term_string"}}],"inLanguage":"es"},{"@type":"Organization","@id":"https:\/\/webdelmaestrocmf.com\/portal\/#organization","name":"Web del Maestro CMF","alternateName":"WMCMF","url":"https:\/\/webdelmaestrocmf.com\/portal\/","logo":{"@type":"ImageObject","inLanguage":"es","@id":"https:\/\/webdelmaestrocmf.com\/portal\/#\/schema\/logo\/image\/","url":"https:\/\/webdelmaestrocmf.com\/portal\/wp-content\/uploads\/2023\/01\/logo-wmcmf-2.png","contentUrl":"https:\/\/webdelmaestrocmf.com\/portal\/wp-content\/uploads\/2023\/01\/logo-wmcmf-2.png","width":200,"height":60,"caption":"Web del Maestro CMF"},"image":{"@id":"https:\/\/webdelmaestrocmf.com\/portal\/#\/schema\/logo\/image\/"},"sameAs":["https:\/\/www.facebook.com\/WebdelMaestroCMF\/","https:\/\/x.com\/cmf_w","https:\/\/www.pinterest.com\/WMCMF\/","https:\/\/www.linkedin.com\/company\/web-del-maestro-cmf\/","https:\/\/www.instagram.com\/wmcmf\/","https:\/\/www.youtube.com\/channel\/UCDPSvjbdodE5sHnC3OxutHw","https:\/\/mastodon.social\/@wmcmf","https:\/\/www.tiktok.com\/@webdelmaestrocmf"]},{"@type":"Person","@id":"https:\/\/webdelmaestrocmf.com\/portal\/#\/schema\/person\/1072a2ed7bd960df8ef99a551fa35dc5","name":"Web del Maestro CMF","image":{"@type":"ImageObject","inLanguage":"es","@id":"https:\/\/secure.gravatar.com\/avatar\/23291dd5b5ae1077dcff3dbb04c3e02bd28403fa75af6d8787d5e97c5bbbe30b?s=96&d=mm&r=g","url":"https:\/\/secure.gravatar.com\/avatar\/23291dd5b5ae1077dcff3dbb04c3e02bd28403fa75af6d8787d5e97c5bbbe30b?s=96&d=mm&r=g","contentUrl":"https:\/\/secure.gravatar.com\/avatar\/23291dd5b5ae1077dcff3dbb04c3e02bd28403fa75af6d8787d5e97c5bbbe30b?s=96&d=mm&r=g","caption":"Web del Maestro CMF"},"description":"Esta Web se cre\u00f3 sin fines de lucro, con fines educativos, cient\u00edficos y acad\u00e9micos, para personas que tengan dificultades y\/o inconvenientes en visualizar el material original. El objetivo es entregar recursos, compartir experiencias y materiales que ayuden a los padres de familia, maestros y estudiantes en su actualizaci\u00f3n y formaci\u00f3n permanente, en bien de la Educaci\u00f3n.","sameAs":["http:\/\/webdelmaestrocmf.com\/portal","https:\/\/www.facebook.com\/WebdelMaestroCMF\/","https:\/\/www.instagram.com\/wmcmf\/","https:\/\/cl.linkedin.com\/company\/web-del-maestro-cmf","https:\/\/www.pinterest.com\/WMCMF\/publicaciones\/","https:\/\/x.com\/cmf_w","https:\/\/www.youtube.com\/@WMCMF"]}]}},"jetpack_featured_media_url":"https:\/\/webdelmaestrocmf.com\/portal\/wp-content\/uploads\/2020\/11\/1A-Banner-1-portada-imagen-10-1-40.jpg","jetpack_sharing_enabled":true,"jetpack-related-posts":[{"id":112229,"url":"https:\/\/webdelmaestrocmf.com\/portal\/el-respeto-se-perdio-que-ocurre-con-la-autoridad-y-el-comportamiento-de-los-alumnos\/","url_meta":{"origin":54569,"position":0},"title":"El respeto se perdi\u00f3: \u00bfQu\u00e9 ocurre con la autoridad y el comportamiento de los alumnos?","author":"Web del Maestro CMF","date":"31 marzo, 2026","format":false,"excerpt":"El respeto en la escuela se erosiona: antes los alumnos tem\u00edan faltar al maestro, hoy lo desaf\u00edan sin reparo, generando violencia.","rel":"","context":"En \u00abRecursos\u00bb","block_context":{"text":"Recursos","link":"https:\/\/webdelmaestrocmf.com\/portal\/category\/pedagogia\/"},"img":{"alt_text":"","src":"https:\/\/i0.wp.com\/webdelmaestrocmf.com\/portal\/wp-content\/uploads\/2025\/09\/1A-Banner-1-portada-imagen-10-1-copia-1-2.webp?resize=350%2C200&ssl=1","width":350,"height":200,"srcset":"https:\/\/i0.wp.com\/webdelmaestrocmf.com\/portal\/wp-content\/uploads\/2025\/09\/1A-Banner-1-portada-imagen-10-1-copia-1-2.webp?resize=350%2C200&ssl=1 1x, https:\/\/i0.wp.com\/webdelmaestrocmf.com\/portal\/wp-content\/uploads\/2025\/09\/1A-Banner-1-portada-imagen-10-1-copia-1-2.webp?resize=525%2C300&ssl=1 1.5x, https:\/\/i0.wp.com\/webdelmaestrocmf.com\/portal\/wp-content\/uploads\/2025\/09\/1A-Banner-1-portada-imagen-10-1-copia-1-2.webp?resize=700%2C400&ssl=1 2x"},"classes":[]},{"id":114677,"url":"https:\/\/webdelmaestrocmf.com\/portal\/profesora-manda-un-contundente-mensaje-a-los-padres-de-familia-cuantas-cosas-mas-debemos-aguantar-los-profesores-y-profesoras\/","url_meta":{"origin":54569,"position":1},"title":"Profesora manda un contundente mensaje a los padres de familia: \u00ab\u00bfCu\u00e1ntas cosas m\u00e1s debemos aguantar los profesores y profesoras?\u00bb","author":"Web del Maestro CMF","date":"1 abril, 2026","format":false,"excerpt":"Docentes enfrentan acoso y amenazas de adultos, no de estudiantes. Ense\u00f1ar exige respeto, l\u00edmites claros y protecci\u00f3n real a la profesi\u00f3n.","rel":"","context":"En \u00abNoticias Internacionales\u00bb","block_context":{"text":"Noticias Internacionales","link":"https:\/\/webdelmaestrocmf.com\/portal\/category\/noticias-internacionales\/"},"img":{"alt_text":"","src":"https:\/\/i0.wp.com\/webdelmaestrocmf.com\/portal\/wp-content\/uploads\/2026\/01\/1AA-Banner-1-portada-imagen-10-1-copia-6-1.webp?resize=350%2C200&ssl=1","width":350,"height":200,"srcset":"https:\/\/i0.wp.com\/webdelmaestrocmf.com\/portal\/wp-content\/uploads\/2026\/01\/1AA-Banner-1-portada-imagen-10-1-copia-6-1.webp?resize=350%2C200&ssl=1 1x, https:\/\/i0.wp.com\/webdelmaestrocmf.com\/portal\/wp-content\/uploads\/2026\/01\/1AA-Banner-1-portada-imagen-10-1-copia-6-1.webp?resize=525%2C300&ssl=1 1.5x, https:\/\/i0.wp.com\/webdelmaestrocmf.com\/portal\/wp-content\/uploads\/2026\/01\/1AA-Banner-1-portada-imagen-10-1-copia-6-1.webp?resize=700%2C400&ssl=1 2x, https:\/\/i0.wp.com\/webdelmaestrocmf.com\/portal\/wp-content\/uploads\/2026\/01\/1AA-Banner-1-portada-imagen-10-1-copia-6-1.webp?resize=1050%2C600&ssl=1 3x"},"classes":[]},{"id":9891,"url":"https:\/\/webdelmaestrocmf.com\/portal\/los-docentes-tambien-son-maltratados-por-alumnos\/","url_meta":{"origin":54569,"position":2},"title":"Los docentes tambi\u00e9n somos maltratados por alumnos y sus familiares","author":"Web del Maestro CMF","date":"14 septiembre, 2025","format":false,"excerpt":"Alumnos, profesores y la delicada balanza del respeto mutuo","rel":"","context":"En \u00abEstr\u00e9s\u00bb","block_context":{"text":"Estr\u00e9s","link":"https:\/\/webdelmaestrocmf.com\/portal\/category\/pedagogia\/estres\/"},"img":{"alt_text":"","src":"https:\/\/i0.wp.com\/webdelmaestrocmf.com\/portal\/wp-content\/uploads\/2020\/12\/1A-Banner-1-portada-imagen-10-1-2025-02-28T112842.625.jpg?resize=350%2C200&ssl=1","width":350,"height":200,"srcset":"https:\/\/i0.wp.com\/webdelmaestrocmf.com\/portal\/wp-content\/uploads\/2020\/12\/1A-Banner-1-portada-imagen-10-1-2025-02-28T112842.625.jpg?resize=350%2C200&ssl=1 1x, https:\/\/i0.wp.com\/webdelmaestrocmf.com\/portal\/wp-content\/uploads\/2020\/12\/1A-Banner-1-portada-imagen-10-1-2025-02-28T112842.625.jpg?resize=525%2C300&ssl=1 1.5x, https:\/\/i0.wp.com\/webdelmaestrocmf.com\/portal\/wp-content\/uploads\/2020\/12\/1A-Banner-1-portada-imagen-10-1-2025-02-28T112842.625.jpg?resize=700%2C400&ssl=1 2x"},"classes":[]},{"id":32288,"url":"https:\/\/webdelmaestrocmf.com\/portal\/la-mala-conducta-del-estudiante-tambien-genera-desgaste-en-el-docente\/","url_meta":{"origin":54569,"position":3},"title":"La mala conducta del estudiante tambi\u00e9n genera desgaste en el docente","author":"Web del Maestro CMF","date":"14 enero, 2024","format":false,"excerpt":"La normativa educacional indica que los docentes y asistentes de la educaci\u00f3n tienen derecho a que se respete su integridad f\u00edsica, psicol\u00f3gica y moral, no pudiendo ser objeto de tratos vejatorios, mala conducta de los estudiantes, degradantes o maltratos por parte de otros integrantes de la comunidad educativa. Para que\u2026","rel":"","context":"En \u00abEstr\u00e9s\u00bb","block_context":{"text":"Estr\u00e9s","link":"https:\/\/webdelmaestrocmf.com\/portal\/category\/pedagogia\/estres\/"},"img":{"alt_text":"mala conducta del estudiante","src":"https:\/\/i0.wp.com\/webdelmaestrocmf.com\/portal\/wp-content\/uploads\/2020\/11\/Banner-1-portada-imagen-10-6.jpg?resize=350%2C200&ssl=1","width":350,"height":200,"srcset":"https:\/\/i0.wp.com\/webdelmaestrocmf.com\/portal\/wp-content\/uploads\/2020\/11\/Banner-1-portada-imagen-10-6.jpg?resize=350%2C200&ssl=1 1x, https:\/\/i0.wp.com\/webdelmaestrocmf.com\/portal\/wp-content\/uploads\/2020\/11\/Banner-1-portada-imagen-10-6.jpg?resize=525%2C300&ssl=1 1.5x, https:\/\/i0.wp.com\/webdelmaestrocmf.com\/portal\/wp-content\/uploads\/2020\/11\/Banner-1-portada-imagen-10-6.jpg?resize=700%2C400&ssl=1 2x"},"classes":[]},{"id":108644,"url":"https:\/\/webdelmaestrocmf.com\/portal\/lo-que-un-docente-nunca-debe-hacer-y-por-que-es-importante-evitarlo\/","url_meta":{"origin":54569,"position":4},"title":"Lo que un docente NUNCA debe hacer (y por qu\u00e9 es importante evitarlo).","author":"Web del Maestro CMF","date":"4 abril, 2025","format":false,"excerpt":"La docencia exige \u00e9tica, respeto y responsabilidad. Nunca deben existir pr\u00e1cticas de maltrato, negligencia o abuso de poder, ya que afectan la dignidad del estudiante y destruyen el v\u00ednculo educativo.","rel":"","context":"En \u00abNoticias Internacionales\u00bb","block_context":{"text":"Noticias Internacionales","link":"https:\/\/webdelmaestrocmf.com\/portal\/category\/noticias-internacionales\/"},"img":{"alt_text":"","src":"https:\/\/i0.wp.com\/webdelmaestrocmf.com\/portal\/wp-content\/uploads\/2025\/04\/1A-Banner-1-portada-imagen-10-1-38.jpg?resize=350%2C200&ssl=1","width":350,"height":200,"srcset":"https:\/\/i0.wp.com\/webdelmaestrocmf.com\/portal\/wp-content\/uploads\/2025\/04\/1A-Banner-1-portada-imagen-10-1-38.jpg?resize=350%2C200&ssl=1 1x, https:\/\/i0.wp.com\/webdelmaestrocmf.com\/portal\/wp-content\/uploads\/2025\/04\/1A-Banner-1-portada-imagen-10-1-38.jpg?resize=525%2C300&ssl=1 1.5x, https:\/\/i0.wp.com\/webdelmaestrocmf.com\/portal\/wp-content\/uploads\/2025\/04\/1A-Banner-1-portada-imagen-10-1-38.jpg?resize=700%2C400&ssl=1 2x"},"classes":[]},{"id":114788,"url":"https:\/\/webdelmaestrocmf.com\/portal\/queremos-ensenar-no-sobrevivir-en-el-aula-docentes-denuncian-un-aumento-sostenido-de-agresiones-verbales-y-fisicas-por-parte-del-alumnado\/","url_meta":{"origin":54569,"position":5},"title":"\u201cQueremos ense\u00f1ar, no sobrevivir en el aula\u201d: docentes denuncian un aumento sostenido de agresiones verbales y f\u00edsicas por parte del alumnado","author":"Web del Maestro CMF","date":"16 enero, 2026","format":false,"excerpt":"Ense\u00f1ar se ha vuelto una tarea de resistencia cotidiana, marcada por violencia, desprotecci\u00f3n institucional, sobrecarga burocr\u00e1tica y un profundo desgaste profesional.","rel":"","context":"En \u00abNoticias Internacionales\u00bb","block_context":{"text":"Noticias Internacionales","link":"https:\/\/webdelmaestrocmf.com\/portal\/category\/noticias-internacionales\/"},"img":{"alt_text":"","src":"https:\/\/i0.wp.com\/webdelmaestrocmf.com\/portal\/wp-content\/uploads\/2026\/01\/1AA-Banner-1-portada-imagen-10-1-copia-1.webp?resize=350%2C200&ssl=1","width":350,"height":200,"srcset":"https:\/\/i0.wp.com\/webdelmaestrocmf.com\/portal\/wp-content\/uploads\/2026\/01\/1AA-Banner-1-portada-imagen-10-1-copia-1.webp?resize=350%2C200&ssl=1 1x, https:\/\/i0.wp.com\/webdelmaestrocmf.com\/portal\/wp-content\/uploads\/2026\/01\/1AA-Banner-1-portada-imagen-10-1-copia-1.webp?resize=525%2C300&ssl=1 1.5x, https:\/\/i0.wp.com\/webdelmaestrocmf.com\/portal\/wp-content\/uploads\/2026\/01\/1AA-Banner-1-portada-imagen-10-1-copia-1.webp?resize=700%2C400&ssl=1 2x, https:\/\/i0.wp.com\/webdelmaestrocmf.com\/portal\/wp-content\/uploads\/2026\/01\/1AA-Banner-1-portada-imagen-10-1-copia-1.webp?resize=1050%2C600&ssl=1 3x"},"classes":[]}],"_links":{"self":[{"href":"https:\/\/webdelmaestrocmf.com\/portal\/wp-json\/wp\/v2\/posts\/54569","targetHints":{"allow":["GET"]}}],"collection":[{"href":"https:\/\/webdelmaestrocmf.com\/portal\/wp-json\/wp\/v2\/posts"}],"about":[{"href":"https:\/\/webdelmaestrocmf.com\/portal\/wp-json\/wp\/v2\/types\/post"}],"author":[{"embeddable":true,"href":"https:\/\/webdelmaestrocmf.com\/portal\/wp-json\/wp\/v2\/users\/1"}],"replies":[{"embeddable":true,"href":"https:\/\/webdelmaestrocmf.com\/portal\/wp-json\/wp\/v2\/comments?post=54569"}],"version-history":[{"count":3,"href":"https:\/\/webdelmaestrocmf.com\/portal\/wp-json\/wp\/v2\/posts\/54569\/revisions"}],"predecessor-version":[{"id":116449,"href":"https:\/\/webdelmaestrocmf.com\/portal\/wp-json\/wp\/v2\/posts\/54569\/revisions\/116449"}],"wp:featuredmedia":[{"embeddable":true,"href":"https:\/\/webdelmaestrocmf.com\/portal\/wp-json\/wp\/v2\/media\/107701"}],"wp:attachment":[{"href":"https:\/\/webdelmaestrocmf.com\/portal\/wp-json\/wp\/v2\/media?parent=54569"}],"wp:term":[{"taxonomy":"category","embeddable":true,"href":"https:\/\/webdelmaestrocmf.com\/portal\/wp-json\/wp\/v2\/categories?post=54569"},{"taxonomy":"post_tag","embeddable":true,"href":"https:\/\/webdelmaestrocmf.com\/portal\/wp-json\/wp\/v2\/tags?post=54569"}],"curies":[{"name":"wp","href":"https:\/\/api.w.org\/{rel}","templated":true}]}}