{"id":54517,"date":"2026-01-13T15:36:00","date_gmt":"2026-01-13T18:36:00","guid":{"rendered":"https:\/\/webdelmaestrocmf.com\/portal\/?p=54517"},"modified":"2026-03-27T18:54:22","modified_gmt":"2026-03-27T21:54:22","slug":"puerto-rico-profesora-estalla-en-llanto-durante-transmision-online-por-desinteres-de-sus-estudiantes-a-esta-generacion-no-les-interesa-aprender","status":"publish","type":"post","link":"https:\/\/webdelmaestrocmf.com\/portal\/puerto-rico-profesora-estalla-en-llanto-durante-transmision-online-por-desinteres-de-sus-estudiantes-a-esta-generacion-no-les-interesa-aprender\/","title":{"rendered":"Profesora estalla en llanto durante transmisi\u00f3n online por desinter\u00e9s de sus estudiantes: \u00abA esta generaci\u00f3n no les interesa aprender\u00bb"},"content":{"rendered":"\n<p class=\"wp-block-paragraph\"><span class=\"drop-cap fl header-font pr3 pb2\">U<\/span>na profesora portorrique\u00f1a que estaba cansada del desinter\u00e9s de sus estudiantes por las clases que ella impart\u00eda, realiz\u00f3 una transmisi\u00f3n en vivo por Facebook contando su dram\u00e1tica realidad, lo cual la hizo estallar en llanto y l\u00e1grimas.<\/p>\n\n\n\n<!--more-->\n\n\n\n<p class=\"wp-block-paragraph\">Se trata de Frances S\u00e1nchez, maestra de Teatro del Departamento de Educaci\u00f3n de Puerto Rico, quien en el registro se\u00f1al\u00f3 que se ha \u00abtopado con la cruda realidad de que tengo j\u00f3venes que no les importa aprender, que no les importa ser nada.<strong>&nbsp;Hoy es 10 de noviembre y yo tengo estudiantes que desde agosto nunca se han reportado a la clase\u00bb.<\/strong><\/p>\n\n\n\n<p class=\"wp-block-paragraph\">\u00abYa yo estoy harta. Ya yo me siento agobiada y ya yo no s\u00e9 ni qu\u00e9 m\u00e1s hacer.<strong>\u00a0Esto va m\u00e1s all\u00e1 de la educaci\u00f3n\u00bb<\/strong>, agreg\u00f3 la docente, quien sostuvo que este desinter\u00e9s no se debe a la pandemia.<\/p>\n\n\n\n<figure class=\"wp-block-image is-resized\"><img loading=\"lazy\" decoding=\"async\" width=\"518\" height=\"451\" src=\"https:\/\/webdelmaestrocmf.com\/portal\/wp-content\/uploads\/2020\/11\/1-copia-44.jpg\" alt=\"\" class=\"wp-image-54519\" style=\"aspect-ratio:1.1485777072396532;width:636px;height:auto\" srcset=\"https:\/\/webdelmaestrocmf.com\/portal\/wp-content\/uploads\/2020\/11\/1-copia-44.jpg 518w, https:\/\/webdelmaestrocmf.com\/portal\/wp-content\/uploads\/2020\/11\/1-copia-44-300x261.jpg 300w, https:\/\/webdelmaestrocmf.com\/portal\/wp-content\/uploads\/2020\/11\/1-copia-44-110x96.jpg 110w, https:\/\/webdelmaestrocmf.com\/portal\/wp-content\/uploads\/2020\/11\/1-copia-44-200x174.jpg 200w, https:\/\/webdelmaestrocmf.com\/portal\/wp-content\/uploads\/2020\/11\/1-copia-44-380x331.jpg 380w, https:\/\/webdelmaestrocmf.com\/portal\/wp-content\/uploads\/2020\/11\/1-copia-44-255x222.jpg 255w, https:\/\/webdelmaestrocmf.com\/portal\/wp-content\/uploads\/2020\/11\/1-copia-44-220x192.jpg 220w, https:\/\/webdelmaestrocmf.com\/portal\/wp-content\/uploads\/2020\/11\/1-copia-44-400x348.jpg 400w, https:\/\/webdelmaestrocmf.com\/portal\/wp-content\/uploads\/2020\/11\/1-copia-44-510x444.jpg 510w\" sizes=\"auto, (max-width: 518px) 100vw, 518px\" \/><\/figure>\n\n\n\n<p class=\"wp-block-paragraph\">\u00abLa educaci\u00f3n a distancia lo que ha hecho es destapar una problem\u00e1tica social que lleva no uno, no dos, para m\u00ed lleva f\u00e1cilmente m\u00e1s de cuatro o cinco a\u00f1os.<strong>&nbsp;A esta generaci\u00f3n no les interesa aprender, punto<\/strong>\u00ab, afirm\u00f3.<\/p>\n\n\n\n<p class=\"wp-block-paragraph\">Por \u00faltimo, S\u00e1nchez finaliz\u00f3 expresando que teme convertirse \u00aben aquello que tanto detest\u00e9 como estudiante,&nbsp;<strong>que es aquel maestro que, si lo haces bien y si no, tambi\u00e9n, que no se preocupan porque el estudiante aprenda<\/strong>, que les da lo mismo si lo hacen o no\u00bb.<\/p>\n\n\n\n<p class=\"wp-block-paragraph\"><iframe loading=\"lazy\" src=\"https:\/\/www.youtube.com\/embed\/ATh3shXADtY\" width=\"100%\" height=\"400\" frameborder=\"0\" allowfullscreen=\"allowfullscreen\"><span data-mce-type=\"bookmark\" style=\"display: inline-block; width: 0px; overflow: hidden; line-height: 0;\" class=\"mce_SELRES_start\">\ufeff<\/span><\/iframe><\/p>\n\n\n\n<p class=\"wp-block-paragraph\">El video ya suma m\u00e1s de&nbsp;<strong>385 mil reproducciones y otros miles de comentarios empatizando con la realidad de la profesora.<\/strong><\/p>\n\n\n\n<p class=\"has-text-align-right wp-block-paragraph\"><strong>Redacci\u00f3n | Web del Maestro CMF<\/strong><\/p>\n\n\n\t\t<div class=\"pk-inline-posts\">\n\t\t\t\t\t\t\t<h5 class=\"pk-inline-posts-title pk-title pk-font-block\">\n\t\t\t\t\t\u00daltimas entradas\t\t\t\t<\/h5>\n\t\t\t\n\t\t\t<div class=\"pk-inline-posts-container pk-inline-posts-template-list\"\n\t\t\t\tdata-columns=\"1\">\n\t\t\t\t\t\t<article id=\"post-121155\" class=\"post-121155 post type-post status-publish format-standard has-post-thumbnail category-noticias-internacionales tag-comunidad-educativa tag-docentes tag-educacion-2 tag-educacion-civica-2 tag-educacion-patriotica tag-educacion-preescolar tag-estudiantes tag-formacion-integral tag-politica-educativa tag-valores cs-entry cs-video-wrap\">\n\t\t\t<div class=\"pk-post-outer\">\n\n\t\t\t\t\t\t\t\t<div class=\"pk-post-inner\">\n\t\t\t\t\t<div class=\"entry-thumbnail\">\n\t\t\t\t\t\t<div class=\"pk-overlay pk-overlay-ratio pk-ratio-landscape\">\n\t\t\t\t\t\t\t<div class=\"pk-overlay-background\">\n\t\t\t\t\t\t\t\t<a href=\"https:\/\/webdelmaestrocmf.com\/portal\/el-ministerio-de-educacion-de-rusia-aprueba-el-plan-educativo-para-el-curso-2026-27\/\" class=\"pk-overlay-link\">\n\t\t\t\t\t\t\t\t\t<img loading=\"lazy\" decoding=\"async\" width=\"300\" height=\"225\" src=\"https:\/\/webdelmaestrocmf.com\/portal\/wp-content\/uploads\/2026\/09\/1AA-Banner-1-portada-imagen-10-1-copia-20-300x225.webp\" class=\"attachment-pk-thumbnail size-pk-thumbnail wp-post-image\" alt=\"\" \/>\t\t\t\t\t\t\t\t<\/a>\n\t\t\t\t\t\t\t<\/div>\n\t\t\t\t\t\t<\/div>\n\t\t\t\t\t<\/div>\n\t\t\t\t<\/div>\n\t\t\t\t\n\t\t\t\t<div class=\"pk-post-inner\">\n\t\t\t\t\t<header>\n\t\t\t\t\t\t<h3 class=\"pk-title\"><a href=\"https:\/\/webdelmaestrocmf.com\/portal\/el-ministerio-de-educacion-de-rusia-aprueba-el-plan-educativo-para-el-curso-2026-27\/\" rel=\"bookmark\">El Ministerio de Educaci\u00f3n de Rusia aprueba el plan educativo para el curso 2026\/27<\/a><\/h3>\t\t\t\t\t<\/header><!-- .entry-header -->\n\t\t\t\t<\/div><!-- .post-inner -->\n\n\t\t\t<\/div><!-- .post-outer -->\n\t\t<\/article>\n\t\t\t<article id=\"post-121053\" class=\"post-121053 post type-post status-publish format-standard has-post-thumbnail category-noticias-internacionales tag-deporte tag-educacion-2 tag-fair-play tag-formacion-deportiva tag-futbol-2 tag-infancia tag-juego-limpio tag-mundial tag-trabajo-en-equipo tag-valores cs-entry cs-video-wrap\">\n\t\t\t<div class=\"pk-post-outer\">\n\n\t\t\t\t\t\t\t\t<div class=\"pk-post-inner\">\n\t\t\t\t\t<div class=\"entry-thumbnail\">\n\t\t\t\t\t\t<div class=\"pk-overlay pk-overlay-ratio pk-ratio-landscape\">\n\t\t\t\t\t\t\t<div class=\"pk-overlay-background\">\n\t\t\t\t\t\t\t\t<a href=\"https:\/\/webdelmaestrocmf.com\/portal\/javier-bardem-elogia-a-la-seleccion-campeona-y-destaca-el-juego-limpio-como-ejemplo-para-millones-de-ninos\/\" class=\"pk-overlay-link\">\n\t\t\t\t\t\t\t\t\t<img loading=\"lazy\" decoding=\"async\" width=\"300\" height=\"225\" src=\"https:\/\/webdelmaestrocmf.com\/portal\/wp-content\/uploads\/2026\/07\/1AA-Banner-1-portada-imagen-10-1-copia-16-1-300x225.webp\" class=\"attachment-pk-thumbnail size-pk-thumbnail wp-post-image\" alt=\"\" \/>\t\t\t\t\t\t\t\t<\/a>\n\t\t\t\t\t\t\t<\/div>\n\t\t\t\t\t\t<\/div>\n\t\t\t\t\t<\/div>\n\t\t\t\t<\/div>\n\t\t\t\t\n\t\t\t\t<div class=\"pk-post-inner\">\n\t\t\t\t\t<header>\n\t\t\t\t\t\t<h3 class=\"pk-title\"><a href=\"https:\/\/webdelmaestrocmf.com\/portal\/javier-bardem-elogia-a-la-seleccion-campeona-y-destaca-el-juego-limpio-como-ejemplo-para-millones-de-ninos\/\" rel=\"bookmark\">Javier Bardem elogia a la selecci\u00f3n campeona y destaca el juego limpio como ejemplo para millones de ni\u00f1os<\/a><\/h3>\t\t\t\t\t<\/header><!-- .entry-header -->\n\t\t\t\t<\/div><!-- .post-inner -->\n\n\t\t\t<\/div><!-- .post-outer -->\n\t\t<\/article>\n\t\t\t<article id=\"post-121041\" class=\"post-121041 post type-post status-publish format-standard has-post-thumbnail category-noticias-internacionales tag-agresion-a-docente tag-apoderados tag-comunidad-educativa tag-convivencia-escolar tag-ley-karin tag-proteccion-docente tag-salud-mental tag-seguridad-escolar tag-violencia-escolar cs-entry cs-video-wrap\">\n\t\t\t<div class=\"pk-post-outer\">\n\n\t\t\t\t\t\t\t\t<div class=\"pk-post-inner\">\n\t\t\t\t\t<div class=\"entry-thumbnail\">\n\t\t\t\t\t\t<div class=\"pk-overlay pk-overlay-ratio pk-ratio-landscape\">\n\t\t\t\t\t\t\t<div class=\"pk-overlay-background\">\n\t\t\t\t\t\t\t\t<a href=\"https:\/\/webdelmaestrocmf.com\/portal\/municipalidad-de-temuco-anuncia-acciones-legales-tras-agresion-de-un-apoderado-a-un-profesor-dentro-de-un-establecimiento-educacional\/\" class=\"pk-overlay-link\">\n\t\t\t\t\t\t\t\t\t<img loading=\"lazy\" decoding=\"async\" width=\"300\" height=\"225\" src=\"https:\/\/webdelmaestrocmf.com\/portal\/wp-content\/uploads\/2026\/07\/1AA-Banner-1-portada-imagen-10-1-copia-14-1-300x225.webp\" class=\"attachment-pk-thumbnail size-pk-thumbnail wp-post-image\" alt=\"\" \/>\t\t\t\t\t\t\t\t<\/a>\n\t\t\t\t\t\t\t<\/div>\n\t\t\t\t\t\t<\/div>\n\t\t\t\t\t<\/div>\n\t\t\t\t<\/div>\n\t\t\t\t\n\t\t\t\t<div class=\"pk-post-inner\">\n\t\t\t\t\t<header>\n\t\t\t\t\t\t<h3 class=\"pk-title\"><a href=\"https:\/\/webdelmaestrocmf.com\/portal\/municipalidad-de-temuco-anuncia-acciones-legales-tras-agresion-de-un-apoderado-a-un-profesor-dentro-de-un-establecimiento-educacional\/\" rel=\"bookmark\">Municipalidad de Temuco anuncia acciones legales tras agresi\u00f3n de un apoderado a un profesor dentro de un establecimiento educacional<\/a><\/h3>\t\t\t\t\t<\/header><!-- .entry-header -->\n\t\t\t\t<\/div><!-- .post-inner -->\n\n\t\t\t<\/div><!-- .post-outer -->\n\t\t<\/article>\n\t\t\t\t<\/div>\n\t\t<\/div>\n\t\t\n","protected":false},"excerpt":{"rendered":"Docente denuncia desinter\u00e9s estudiantil, falta de compromiso familiar y sobrecarga docente. La crisis educativa es social y generacional, y amenaza el aprendizaje, el sistema educativo y el futuro.","protected":false},"author":1,"featured_media":116759,"comment_status":"open","ping_status":"closed","sticky":false,"template":"","format":"standard","meta":{"_jetpack_newsletter_access":"","_jetpack_dont_email_post_to_subs":false,"_jetpack_newsletter_tier_id":0,"_jetpack_memberships_contains_paywalled_content":false,"csco_display_header_overlay":false,"csco_singular_sidebar":"default","csco_page_header_type":"default","csco_page_load_nextpost":"default","csco_post_video_location":[],"csco_post_video_location_hash":"","csco_post_video_url":"","csco_post_video_bg_start_time":0,"csco_post_video_bg_end_time":0,"csco_post_video_bg_volume":false,"_jetpack_feature_clip_id":0,"_jetpack_memberships_contains_paid_content":false,"footnotes":"","jetpack_post_was_ever_published":false},"categories":[23790],"tags":[6029,4895,6027,96,6028,1182,616,2221,5866],"class_list":["post-54517","post","type-post","status-publish","format-standard","has-post-thumbnail","category-noticias-internacionales","tag-desinteres","tag-durante","tag-estalla","tag-estudiantes","tag-llanto","tag-online","tag-profesora","tag-puerto-rico","tag-transmision","cs-entry","cs-video-wrap"],"yoast_head":"<!-- This site is optimized with the Yoast SEO plugin v28.4 - https:\/\/yoast.com\/product\/yoast-seo-wordpress\/ -->\n<title>Profesora estalla en llanto durante transmisi\u00f3n online por desinter\u00e9s de sus estudiantes: &quot;A esta generaci\u00f3n no les interesa aprender&quot; - 2026<\/title>\n<meta name=\"description\" content=\"Una profesora portorrique\u00f1a que estaba cansada del desinter\u00e9s de sus estudiantes por las clases que ella impart\u00eda...\" \/>\n<meta name=\"robots\" content=\"index, follow, max-snippet:-1, max-image-preview:large, max-video-preview:-1\" \/>\n<link rel=\"canonical\" href=\"https:\/\/webdelmaestrocmf.com\/portal\/puerto-rico-profesora-estalla-en-llanto-durante-transmision-online-por-desinteres-de-sus-estudiantes-a-esta-generacion-no-les-interesa-aprender\/\" \/>\n<meta property=\"og:locale\" content=\"es_ES\" \/>\n<meta property=\"og:type\" content=\"article\" \/>\n<meta property=\"og:title\" content=\"Profesora estalla en llanto durante transmisi\u00f3n online por desinter\u00e9s de sus estudiantes: &quot;A esta generaci\u00f3n no les interesa aprender&quot; - 2026\" \/>\n<meta property=\"og:description\" content=\"Una profesora portorrique\u00f1a que estaba cansada del desinter\u00e9s de sus estudiantes por las clases que ella impart\u00eda...\" \/>\n<meta property=\"og:url\" content=\"https:\/\/webdelmaestrocmf.com\/portal\/puerto-rico-profesora-estalla-en-llanto-durante-transmision-online-por-desinteres-de-sus-estudiantes-a-esta-generacion-no-les-interesa-aprender\/\" \/>\n<meta property=\"og:site_name\" content=\"Web del Maestro CMF\" \/>\n<meta property=\"article:publisher\" content=\"https:\/\/www.facebook.com\/WebdelMaestroCMF\/\" \/>\n<meta property=\"article:author\" content=\"https:\/\/www.facebook.com\/WebdelMaestroCMF\/\" \/>\n<meta property=\"article:published_time\" content=\"2026-01-13T18:36:00+00:00\" \/>\n<meta property=\"article:modified_time\" content=\"2026-03-27T21:54:22+00:00\" \/>\n<meta property=\"og:image\" content=\"https:\/\/webdelmaestrocmf.com\/portal\/wp-content\/uploads\/2020\/11\/1AA-Banner-1-portada-imagen-10-1-copia-3.webp\" \/>\n\t<meta property=\"og:image:width\" content=\"1200\" \/>\n\t<meta property=\"og:image:height\" content=\"675\" \/>\n\t<meta property=\"og:image:type\" content=\"image\/webp\" \/>\n<meta name=\"author\" content=\"Web del Maestro CMF\" \/>\n<meta name=\"twitter:card\" content=\"summary_large_image\" \/>\n<meta name=\"twitter:creator\" content=\"@cmf_w\" \/>\n<meta name=\"twitter:site\" content=\"@cmf_w\" \/>\n<script type=\"application\/ld+json\" class=\"yoast-schema-graph\">{\"@context\":\"https:\\\/\\\/schema.org\",\"@graph\":[{\"@type\":\"ScholarlyArticle\",\"@id\":\"https:\\\/\\\/webdelmaestrocmf.com\\\/portal\\\/puerto-rico-profesora-estalla-en-llanto-durante-transmision-online-por-desinteres-de-sus-estudiantes-a-esta-generacion-no-les-interesa-aprender\\\/#article\",\"isPartOf\":{\"@id\":\"https:\\\/\\\/webdelmaestrocmf.com\\\/portal\\\/puerto-rico-profesora-estalla-en-llanto-durante-transmision-online-por-desinteres-de-sus-estudiantes-a-esta-generacion-no-les-interesa-aprender\\\/\"},\"author\":{\"name\":\"Web del Maestro CMF\",\"@id\":\"https:\\\/\\\/webdelmaestrocmf.com\\\/portal\\\/#\\\/schema\\\/person\\\/1072a2ed7bd960df8ef99a551fa35dc5\"},\"headline\":\"Profesora estalla en llanto durante transmisi\u00f3n online por desinter\u00e9s de sus estudiantes: \u00abA esta generaci\u00f3n no les interesa aprender\u00bb\",\"datePublished\":\"2026-01-13T18:36:00+00:00\",\"dateModified\":\"2026-03-27T21:54:22+00:00\",\"mainEntityOfPage\":{\"@id\":\"https:\\\/\\\/webdelmaestrocmf.com\\\/portal\\\/puerto-rico-profesora-estalla-en-llanto-durante-transmision-online-por-desinteres-de-sus-estudiantes-a-esta-generacion-no-les-interesa-aprender\\\/\"},\"wordCount\":314,\"commentCount\":1,\"publisher\":{\"@id\":\"https:\\\/\\\/webdelmaestrocmf.com\\\/portal\\\/#organization\"},\"image\":{\"@id\":\"https:\\\/\\\/webdelmaestrocmf.com\\\/portal\\\/puerto-rico-profesora-estalla-en-llanto-durante-transmision-online-por-desinteres-de-sus-estudiantes-a-esta-generacion-no-les-interesa-aprender\\\/#primaryimage\"},\"thumbnailUrl\":\"https:\\\/\\\/webdelmaestrocmf.com\\\/portal\\\/wp-content\\\/uploads\\\/2020\\\/11\\\/1AA-Banner-1-portada-imagen-10-1-copia-3.webp\",\"keywords\":[\"desinter\u00e9s\",\"durante\",\"estalla\",\"estudiantes\",\"llanto\",\"ONLINE\",\"PROFESORA\",\"PUERTO RICO\",\"transmisi\u00f3n\"],\"articleSection\":[\"Noticias Internacionales\"],\"inLanguage\":\"es\",\"potentialAction\":[{\"@type\":\"CommentAction\",\"name\":\"Comment\",\"target\":[\"https:\\\/\\\/webdelmaestrocmf.com\\\/portal\\\/puerto-rico-profesora-estalla-en-llanto-durante-transmision-online-por-desinteres-de-sus-estudiantes-a-esta-generacion-no-les-interesa-aprender\\\/#respond\"]}]},{\"@type\":\"WebPage\",\"@id\":\"https:\\\/\\\/webdelmaestrocmf.com\\\/portal\\\/puerto-rico-profesora-estalla-en-llanto-durante-transmision-online-por-desinteres-de-sus-estudiantes-a-esta-generacion-no-les-interesa-aprender\\\/\",\"url\":\"https:\\\/\\\/webdelmaestrocmf.com\\\/portal\\\/puerto-rico-profesora-estalla-en-llanto-durante-transmision-online-por-desinteres-de-sus-estudiantes-a-esta-generacion-no-les-interesa-aprender\\\/\",\"name\":\"Profesora estalla en llanto durante transmisi\u00f3n online por desinter\u00e9s de sus estudiantes: \\\"A esta generaci\u00f3n no les interesa aprender\\\" - 2026\",\"isPartOf\":{\"@id\":\"https:\\\/\\\/webdelmaestrocmf.com\\\/portal\\\/#website\"},\"primaryImageOfPage\":{\"@id\":\"https:\\\/\\\/webdelmaestrocmf.com\\\/portal\\\/puerto-rico-profesora-estalla-en-llanto-durante-transmision-online-por-desinteres-de-sus-estudiantes-a-esta-generacion-no-les-interesa-aprender\\\/#primaryimage\"},\"image\":{\"@id\":\"https:\\\/\\\/webdelmaestrocmf.com\\\/portal\\\/puerto-rico-profesora-estalla-en-llanto-durante-transmision-online-por-desinteres-de-sus-estudiantes-a-esta-generacion-no-les-interesa-aprender\\\/#primaryimage\"},\"thumbnailUrl\":\"https:\\\/\\\/webdelmaestrocmf.com\\\/portal\\\/wp-content\\\/uploads\\\/2020\\\/11\\\/1AA-Banner-1-portada-imagen-10-1-copia-3.webp\",\"datePublished\":\"2026-01-13T18:36:00+00:00\",\"dateModified\":\"2026-03-27T21:54:22+00:00\",\"description\":\"Una profesora portorrique\u00f1a que estaba cansada del desinter\u00e9s de sus estudiantes por las clases que ella impart\u00eda...\",\"breadcrumb\":{\"@id\":\"https:\\\/\\\/webdelmaestrocmf.com\\\/portal\\\/puerto-rico-profesora-estalla-en-llanto-durante-transmision-online-por-desinteres-de-sus-estudiantes-a-esta-generacion-no-les-interesa-aprender\\\/#breadcrumb\"},\"inLanguage\":\"es\",\"potentialAction\":[{\"@type\":\"ReadAction\",\"target\":[\"https:\\\/\\\/webdelmaestrocmf.com\\\/portal\\\/puerto-rico-profesora-estalla-en-llanto-durante-transmision-online-por-desinteres-de-sus-estudiantes-a-esta-generacion-no-les-interesa-aprender\\\/\"]}]},{\"@type\":\"ImageObject\",\"inLanguage\":\"es\",\"@id\":\"https:\\\/\\\/webdelmaestrocmf.com\\\/portal\\\/puerto-rico-profesora-estalla-en-llanto-durante-transmision-online-por-desinteres-de-sus-estudiantes-a-esta-generacion-no-les-interesa-aprender\\\/#primaryimage\",\"url\":\"https:\\\/\\\/webdelmaestrocmf.com\\\/portal\\\/wp-content\\\/uploads\\\/2020\\\/11\\\/1AA-Banner-1-portada-imagen-10-1-copia-3.webp\",\"contentUrl\":\"https:\\\/\\\/webdelmaestrocmf.com\\\/portal\\\/wp-content\\\/uploads\\\/2020\\\/11\\\/1AA-Banner-1-portada-imagen-10-1-copia-3.webp\",\"width\":1200,\"height\":675},{\"@type\":\"BreadcrumbList\",\"@id\":\"https:\\\/\\\/webdelmaestrocmf.com\\\/portal\\\/puerto-rico-profesora-estalla-en-llanto-durante-transmision-online-por-desinteres-de-sus-estudiantes-a-esta-generacion-no-les-interesa-aprender\\\/#breadcrumb\",\"itemListElement\":[{\"@type\":\"ListItem\",\"position\":1,\"name\":\"Portada\",\"item\":\"https:\\\/\\\/webdelmaestrocmf.com\\\/portal\\\/\"},{\"@type\":\"ListItem\",\"position\":2,\"name\":\"Noticias Internacionales\",\"item\":\"https:\\\/\\\/webdelmaestrocmf.com\\\/portal\\\/category\\\/noticias-internacionales\\\/\"},{\"@type\":\"ListItem\",\"position\":3,\"name\":\"Profesora estalla en llanto durante transmisi\u00f3n online por desinter\u00e9s de sus estudiantes: \u00abA esta generaci\u00f3n no les interesa aprender\u00bb\"}]},{\"@type\":\"WebSite\",\"@id\":\"https:\\\/\\\/webdelmaestrocmf.com\\\/portal\\\/#website\",\"url\":\"https:\\\/\\\/webdelmaestrocmf.com\\\/portal\\\/\",\"name\":\"Web del Maestro CMF\",\"description\":\"Maestros al servicio de la educaci\u00f3n\",\"publisher\":{\"@id\":\"https:\\\/\\\/webdelmaestrocmf.com\\\/portal\\\/#organization\"},\"alternateName\":\"WMCMF\",\"potentialAction\":[{\"@type\":\"SearchAction\",\"target\":{\"@type\":\"EntryPoint\",\"urlTemplate\":\"https:\\\/\\\/webdelmaestrocmf.com\\\/portal\\\/?s={search_term_string}\"},\"query-input\":{\"@type\":\"PropertyValueSpecification\",\"valueRequired\":true,\"valueName\":\"search_term_string\"}}],\"inLanguage\":\"es\"},{\"@type\":\"Organization\",\"@id\":\"https:\\\/\\\/webdelmaestrocmf.com\\\/portal\\\/#organization\",\"name\":\"Web del Maestro CMF\",\"alternateName\":\"WMCMF\",\"url\":\"https:\\\/\\\/webdelmaestrocmf.com\\\/portal\\\/\",\"logo\":{\"@type\":\"ImageObject\",\"inLanguage\":\"es\",\"@id\":\"https:\\\/\\\/webdelmaestrocmf.com\\\/portal\\\/#\\\/schema\\\/logo\\\/image\\\/\",\"url\":\"https:\\\/\\\/webdelmaestrocmf.com\\\/portal\\\/wp-content\\\/uploads\\\/2023\\\/01\\\/logo-wmcmf-2.png\",\"contentUrl\":\"https:\\\/\\\/webdelmaestrocmf.com\\\/portal\\\/wp-content\\\/uploads\\\/2023\\\/01\\\/logo-wmcmf-2.png\",\"width\":200,\"height\":60,\"caption\":\"Web del Maestro CMF\"},\"image\":{\"@id\":\"https:\\\/\\\/webdelmaestrocmf.com\\\/portal\\\/#\\\/schema\\\/logo\\\/image\\\/\"},\"sameAs\":[\"https:\\\/\\\/www.facebook.com\\\/WebdelMaestroCMF\\\/\",\"https:\\\/\\\/x.com\\\/cmf_w\",\"https:\\\/\\\/www.pinterest.com\\\/WMCMF\\\/\",\"https:\\\/\\\/www.linkedin.com\\\/company\\\/web-del-maestro-cmf\\\/\",\"https:\\\/\\\/www.instagram.com\\\/wmcmf\\\/\",\"https:\\\/\\\/www.youtube.com\\\/channel\\\/UCDPSvjbdodE5sHnC3OxutHw\",\"https:\\\/\\\/mastodon.social\\\/@wmcmf\",\"https:\\\/\\\/www.tiktok.com\\\/@webdelmaestrocmf\"]},{\"@type\":\"Person\",\"@id\":\"https:\\\/\\\/webdelmaestrocmf.com\\\/portal\\\/#\\\/schema\\\/person\\\/1072a2ed7bd960df8ef99a551fa35dc5\",\"name\":\"Web del Maestro CMF\",\"image\":{\"@type\":\"ImageObject\",\"inLanguage\":\"es\",\"@id\":\"https:\\\/\\\/secure.gravatar.com\\\/avatar\\\/23291dd5b5ae1077dcff3dbb04c3e02bd28403fa75af6d8787d5e97c5bbbe30b?s=96&d=mm&r=g\",\"url\":\"https:\\\/\\\/secure.gravatar.com\\\/avatar\\\/23291dd5b5ae1077dcff3dbb04c3e02bd28403fa75af6d8787d5e97c5bbbe30b?s=96&d=mm&r=g\",\"contentUrl\":\"https:\\\/\\\/secure.gravatar.com\\\/avatar\\\/23291dd5b5ae1077dcff3dbb04c3e02bd28403fa75af6d8787d5e97c5bbbe30b?s=96&d=mm&r=g\",\"caption\":\"Web del Maestro CMF\"},\"description\":\"Esta Web se cre\u00f3 sin fines de lucro, con fines educativos, cient\u00edficos y acad\u00e9micos, para personas que tengan dificultades y\\\/o inconvenientes en visualizar el material original. El objetivo es entregar recursos, compartir experiencias y materiales que ayuden a los padres de familia, maestros y estudiantes en su actualizaci\u00f3n y formaci\u00f3n permanente, en bien de la Educaci\u00f3n.\",\"sameAs\":[\"http:\\\/\\\/webdelmaestrocmf.com\\\/portal\",\"https:\\\/\\\/www.facebook.com\\\/WebdelMaestroCMF\\\/\",\"https:\\\/\\\/www.instagram.com\\\/wmcmf\\\/\",\"https:\\\/\\\/cl.linkedin.com\\\/company\\\/web-del-maestro-cmf\",\"https:\\\/\\\/www.pinterest.com\\\/WMCMF\\\/publicaciones\\\/\",\"https:\\\/\\\/x.com\\\/cmf_w\",\"https:\\\/\\\/www.youtube.com\\\/@WMCMF\"]}]}<\/script>\n<!-- \/ Yoast SEO plugin. -->","yoast_head_json":{"title":"Profesora estalla en llanto durante transmisi\u00f3n online por desinter\u00e9s de sus estudiantes: \"A esta generaci\u00f3n no les interesa aprender\" - 2026","description":"Una profesora portorrique\u00f1a que estaba cansada del desinter\u00e9s de sus estudiantes por las clases que ella impart\u00eda...","robots":{"index":"index","follow":"follow","max-snippet":"max-snippet:-1","max-image-preview":"max-image-preview:large","max-video-preview":"max-video-preview:-1"},"canonical":"https:\/\/webdelmaestrocmf.com\/portal\/puerto-rico-profesora-estalla-en-llanto-durante-transmision-online-por-desinteres-de-sus-estudiantes-a-esta-generacion-no-les-interesa-aprender\/","og_locale":"es_ES","og_type":"article","og_title":"Profesora estalla en llanto durante transmisi\u00f3n online por desinter\u00e9s de sus estudiantes: \"A esta generaci\u00f3n no les interesa aprender\" - 2026","og_description":"Una profesora portorrique\u00f1a que estaba cansada del desinter\u00e9s de sus estudiantes por las clases que ella impart\u00eda...","og_url":"https:\/\/webdelmaestrocmf.com\/portal\/puerto-rico-profesora-estalla-en-llanto-durante-transmision-online-por-desinteres-de-sus-estudiantes-a-esta-generacion-no-les-interesa-aprender\/","og_site_name":"Web del Maestro CMF","article_publisher":"https:\/\/www.facebook.com\/WebdelMaestroCMF\/","article_author":"https:\/\/www.facebook.com\/WebdelMaestroCMF\/","article_published_time":"2026-01-13T18:36:00+00:00","article_modified_time":"2026-03-27T21:54:22+00:00","og_image":[{"width":1200,"height":675,"url":"https:\/\/webdelmaestrocmf.com\/portal\/wp-content\/uploads\/2020\/11\/1AA-Banner-1-portada-imagen-10-1-copia-3.webp","type":"image\/webp"}],"author":"Web del Maestro CMF","twitter_card":"summary_large_image","twitter_creator":"@cmf_w","twitter_site":"@cmf_w","schema":{"@context":"https:\/\/schema.org","@graph":[{"@type":"ScholarlyArticle","@id":"https:\/\/webdelmaestrocmf.com\/portal\/puerto-rico-profesora-estalla-en-llanto-durante-transmision-online-por-desinteres-de-sus-estudiantes-a-esta-generacion-no-les-interesa-aprender\/#article","isPartOf":{"@id":"https:\/\/webdelmaestrocmf.com\/portal\/puerto-rico-profesora-estalla-en-llanto-durante-transmision-online-por-desinteres-de-sus-estudiantes-a-esta-generacion-no-les-interesa-aprender\/"},"author":{"name":"Web del Maestro CMF","@id":"https:\/\/webdelmaestrocmf.com\/portal\/#\/schema\/person\/1072a2ed7bd960df8ef99a551fa35dc5"},"headline":"Profesora estalla en llanto durante transmisi\u00f3n online por desinter\u00e9s de sus estudiantes: \u00abA esta generaci\u00f3n no les interesa aprender\u00bb","datePublished":"2026-01-13T18:36:00+00:00","dateModified":"2026-03-27T21:54:22+00:00","mainEntityOfPage":{"@id":"https:\/\/webdelmaestrocmf.com\/portal\/puerto-rico-profesora-estalla-en-llanto-durante-transmision-online-por-desinteres-de-sus-estudiantes-a-esta-generacion-no-les-interesa-aprender\/"},"wordCount":314,"commentCount":1,"publisher":{"@id":"https:\/\/webdelmaestrocmf.com\/portal\/#organization"},"image":{"@id":"https:\/\/webdelmaestrocmf.com\/portal\/puerto-rico-profesora-estalla-en-llanto-durante-transmision-online-por-desinteres-de-sus-estudiantes-a-esta-generacion-no-les-interesa-aprender\/#primaryimage"},"thumbnailUrl":"https:\/\/webdelmaestrocmf.com\/portal\/wp-content\/uploads\/2020\/11\/1AA-Banner-1-portada-imagen-10-1-copia-3.webp","keywords":["desinter\u00e9s","durante","estalla","estudiantes","llanto","ONLINE","PROFESORA","PUERTO RICO","transmisi\u00f3n"],"articleSection":["Noticias Internacionales"],"inLanguage":"es","potentialAction":[{"@type":"CommentAction","name":"Comment","target":["https:\/\/webdelmaestrocmf.com\/portal\/puerto-rico-profesora-estalla-en-llanto-durante-transmision-online-por-desinteres-de-sus-estudiantes-a-esta-generacion-no-les-interesa-aprender\/#respond"]}]},{"@type":"WebPage","@id":"https:\/\/webdelmaestrocmf.com\/portal\/puerto-rico-profesora-estalla-en-llanto-durante-transmision-online-por-desinteres-de-sus-estudiantes-a-esta-generacion-no-les-interesa-aprender\/","url":"https:\/\/webdelmaestrocmf.com\/portal\/puerto-rico-profesora-estalla-en-llanto-durante-transmision-online-por-desinteres-de-sus-estudiantes-a-esta-generacion-no-les-interesa-aprender\/","name":"Profesora estalla en llanto durante transmisi\u00f3n online por desinter\u00e9s de sus estudiantes: \"A esta generaci\u00f3n no les interesa aprender\" - 2026","isPartOf":{"@id":"https:\/\/webdelmaestrocmf.com\/portal\/#website"},"primaryImageOfPage":{"@id":"https:\/\/webdelmaestrocmf.com\/portal\/puerto-rico-profesora-estalla-en-llanto-durante-transmision-online-por-desinteres-de-sus-estudiantes-a-esta-generacion-no-les-interesa-aprender\/#primaryimage"},"image":{"@id":"https:\/\/webdelmaestrocmf.com\/portal\/puerto-rico-profesora-estalla-en-llanto-durante-transmision-online-por-desinteres-de-sus-estudiantes-a-esta-generacion-no-les-interesa-aprender\/#primaryimage"},"thumbnailUrl":"https:\/\/webdelmaestrocmf.com\/portal\/wp-content\/uploads\/2020\/11\/1AA-Banner-1-portada-imagen-10-1-copia-3.webp","datePublished":"2026-01-13T18:36:00+00:00","dateModified":"2026-03-27T21:54:22+00:00","description":"Una profesora portorrique\u00f1a que estaba cansada del desinter\u00e9s de sus estudiantes por las clases que ella impart\u00eda...","breadcrumb":{"@id":"https:\/\/webdelmaestrocmf.com\/portal\/puerto-rico-profesora-estalla-en-llanto-durante-transmision-online-por-desinteres-de-sus-estudiantes-a-esta-generacion-no-les-interesa-aprender\/#breadcrumb"},"inLanguage":"es","potentialAction":[{"@type":"ReadAction","target":["https:\/\/webdelmaestrocmf.com\/portal\/puerto-rico-profesora-estalla-en-llanto-durante-transmision-online-por-desinteres-de-sus-estudiantes-a-esta-generacion-no-les-interesa-aprender\/"]}]},{"@type":"ImageObject","inLanguage":"es","@id":"https:\/\/webdelmaestrocmf.com\/portal\/puerto-rico-profesora-estalla-en-llanto-durante-transmision-online-por-desinteres-de-sus-estudiantes-a-esta-generacion-no-les-interesa-aprender\/#primaryimage","url":"https:\/\/webdelmaestrocmf.com\/portal\/wp-content\/uploads\/2020\/11\/1AA-Banner-1-portada-imagen-10-1-copia-3.webp","contentUrl":"https:\/\/webdelmaestrocmf.com\/portal\/wp-content\/uploads\/2020\/11\/1AA-Banner-1-portada-imagen-10-1-copia-3.webp","width":1200,"height":675},{"@type":"BreadcrumbList","@id":"https:\/\/webdelmaestrocmf.com\/portal\/puerto-rico-profesora-estalla-en-llanto-durante-transmision-online-por-desinteres-de-sus-estudiantes-a-esta-generacion-no-les-interesa-aprender\/#breadcrumb","itemListElement":[{"@type":"ListItem","position":1,"name":"Portada","item":"https:\/\/webdelmaestrocmf.com\/portal\/"},{"@type":"ListItem","position":2,"name":"Noticias Internacionales","item":"https:\/\/webdelmaestrocmf.com\/portal\/category\/noticias-internacionales\/"},{"@type":"ListItem","position":3,"name":"Profesora estalla en llanto durante transmisi\u00f3n online por desinter\u00e9s de sus estudiantes: \u00abA esta generaci\u00f3n no les interesa aprender\u00bb"}]},{"@type":"WebSite","@id":"https:\/\/webdelmaestrocmf.com\/portal\/#website","url":"https:\/\/webdelmaestrocmf.com\/portal\/","name":"Web del Maestro CMF","description":"Maestros al servicio de la educaci\u00f3n","publisher":{"@id":"https:\/\/webdelmaestrocmf.com\/portal\/#organization"},"alternateName":"WMCMF","potentialAction":[{"@type":"SearchAction","target":{"@type":"EntryPoint","urlTemplate":"https:\/\/webdelmaestrocmf.com\/portal\/?s={search_term_string}"},"query-input":{"@type":"PropertyValueSpecification","valueRequired":true,"valueName":"search_term_string"}}],"inLanguage":"es"},{"@type":"Organization","@id":"https:\/\/webdelmaestrocmf.com\/portal\/#organization","name":"Web del Maestro CMF","alternateName":"WMCMF","url":"https:\/\/webdelmaestrocmf.com\/portal\/","logo":{"@type":"ImageObject","inLanguage":"es","@id":"https:\/\/webdelmaestrocmf.com\/portal\/#\/schema\/logo\/image\/","url":"https:\/\/webdelmaestrocmf.com\/portal\/wp-content\/uploads\/2023\/01\/logo-wmcmf-2.png","contentUrl":"https:\/\/webdelmaestrocmf.com\/portal\/wp-content\/uploads\/2023\/01\/logo-wmcmf-2.png","width":200,"height":60,"caption":"Web del Maestro CMF"},"image":{"@id":"https:\/\/webdelmaestrocmf.com\/portal\/#\/schema\/logo\/image\/"},"sameAs":["https:\/\/www.facebook.com\/WebdelMaestroCMF\/","https:\/\/x.com\/cmf_w","https:\/\/www.pinterest.com\/WMCMF\/","https:\/\/www.linkedin.com\/company\/web-del-maestro-cmf\/","https:\/\/www.instagram.com\/wmcmf\/","https:\/\/www.youtube.com\/channel\/UCDPSvjbdodE5sHnC3OxutHw","https:\/\/mastodon.social\/@wmcmf","https:\/\/www.tiktok.com\/@webdelmaestrocmf"]},{"@type":"Person","@id":"https:\/\/webdelmaestrocmf.com\/portal\/#\/schema\/person\/1072a2ed7bd960df8ef99a551fa35dc5","name":"Web del Maestro CMF","image":{"@type":"ImageObject","inLanguage":"es","@id":"https:\/\/secure.gravatar.com\/avatar\/23291dd5b5ae1077dcff3dbb04c3e02bd28403fa75af6d8787d5e97c5bbbe30b?s=96&d=mm&r=g","url":"https:\/\/secure.gravatar.com\/avatar\/23291dd5b5ae1077dcff3dbb04c3e02bd28403fa75af6d8787d5e97c5bbbe30b?s=96&d=mm&r=g","contentUrl":"https:\/\/secure.gravatar.com\/avatar\/23291dd5b5ae1077dcff3dbb04c3e02bd28403fa75af6d8787d5e97c5bbbe30b?s=96&d=mm&r=g","caption":"Web del Maestro CMF"},"description":"Esta Web se cre\u00f3 sin fines de lucro, con fines educativos, cient\u00edficos y acad\u00e9micos, para personas que tengan dificultades y\/o inconvenientes en visualizar el material original. El objetivo es entregar recursos, compartir experiencias y materiales que ayuden a los padres de familia, maestros y estudiantes en su actualizaci\u00f3n y formaci\u00f3n permanente, en bien de la Educaci\u00f3n.","sameAs":["http:\/\/webdelmaestrocmf.com\/portal","https:\/\/www.facebook.com\/WebdelMaestroCMF\/","https:\/\/www.instagram.com\/wmcmf\/","https:\/\/cl.linkedin.com\/company\/web-del-maestro-cmf","https:\/\/www.pinterest.com\/WMCMF\/publicaciones\/","https:\/\/x.com\/cmf_w","https:\/\/www.youtube.com\/@WMCMF"]}]}},"jetpack_sharing_enabled":true,"jetpack-related-posts":[{"id":55179,"url":"https:\/\/webdelmaestrocmf.com\/portal\/mexico-profesor-llamo-generacion-de-cristal-a-sus-estudiantes-tras-una-confrontacion-con-un-alumno-si-dice-ser-maestro-que-ensene\/","url_meta":{"origin":54517,"position":0},"title":"[M\u00e9xico] Profesor llam\u00f3 \u00abGeneraci\u00f3n de cristal\u00bb a sus estudiantes tras una confrontaci\u00f3n con un alumno: \u00abSi dice ser maestro, que ense\u00f1e\u201d","author":"Web del Maestro CMF","date":"24 noviembre, 2020","format":false,"excerpt":"En redes sociales, usuarios compartieron desde ayer un video donde se puede observar a un profesor que llam\u00f3 \u201cgeneraci\u00f3n de cristal\u201d a sus alumnos en plena clase virtual del Instituto Tecnol\u00f3gico de Acapulco (ITA), en\u00a0Guerrero. Durante una clase a los estudiantes del grupo IE4 del ITA, el maestro Miguel \u00c1ngel\u2026","rel":"","context":"En \u00abNoticias\u00bb","block_context":{"text":"Noticias","link":"https:\/\/webdelmaestrocmf.com\/portal\/category\/pedagogia\/noticias-pedagogia\/"},"img":{"alt_text":"","src":"https:\/\/i0.wp.com\/webdelmaestrocmf.com\/portal\/wp-content\/uploads\/2020\/11\/1-153.jpg?resize=350%2C200&ssl=1","width":350,"height":200,"srcset":"https:\/\/i0.wp.com\/webdelmaestrocmf.com\/portal\/wp-content\/uploads\/2020\/11\/1-153.jpg?resize=350%2C200&ssl=1 1x, https:\/\/i0.wp.com\/webdelmaestrocmf.com\/portal\/wp-content\/uploads\/2020\/11\/1-153.jpg?resize=525%2C300&ssl=1 1.5x, https:\/\/i0.wp.com\/webdelmaestrocmf.com\/portal\/wp-content\/uploads\/2020\/11\/1-153.jpg?resize=700%2C400&ssl=1 2x, https:\/\/i0.wp.com\/webdelmaestrocmf.com\/portal\/wp-content\/uploads\/2020\/11\/1-153.jpg?resize=1050%2C600&ssl=1 3x"},"classes":[]},{"id":54569,"url":"https:\/\/webdelmaestrocmf.com\/portal\/los-docentes-tambien-son-maltratados-fisica-verbal-y-ahora-de-forma-virtualmente-por-sus-alumnos-incluso-por-padres-de-familia\/","url_meta":{"origin":54517,"position":1},"title":"Los docentes tambi\u00e9n son maltratados f\u00edsica y verbalmente por sus alumnos, e incluso por padres de familia","author":"Web del Maestro CMF","date":"14 marzo, 2026","format":false,"excerpt":"El maltrato verbal y f\u00edsico hacia los docentes, proveniente de estudiantes y padres, es una realidad creciente que afecta su salud emocional, debilita su autoridad y deteriora el clima educativo.","rel":"","context":"En \u00abNoticias Internacionales\u00bb","block_context":{"text":"Noticias Internacionales","link":"https:\/\/webdelmaestrocmf.com\/portal\/category\/noticias-internacionales\/"},"img":{"alt_text":"","src":"https:\/\/i0.wp.com\/webdelmaestrocmf.com\/portal\/wp-content\/uploads\/2020\/11\/1A-Banner-1-portada-imagen-10-1-40.jpg?resize=350%2C200&ssl=1","width":350,"height":200,"srcset":"https:\/\/i0.wp.com\/webdelmaestrocmf.com\/portal\/wp-content\/uploads\/2020\/11\/1A-Banner-1-portada-imagen-10-1-40.jpg?resize=350%2C200&ssl=1 1x, https:\/\/i0.wp.com\/webdelmaestrocmf.com\/portal\/wp-content\/uploads\/2020\/11\/1A-Banner-1-portada-imagen-10-1-40.jpg?resize=525%2C300&ssl=1 1.5x, https:\/\/i0.wp.com\/webdelmaestrocmf.com\/portal\/wp-content\/uploads\/2020\/11\/1A-Banner-1-portada-imagen-10-1-40.jpg?resize=700%2C400&ssl=1 2x"},"classes":[]},{"id":115427,"url":"https:\/\/webdelmaestrocmf.com\/portal\/me-siento-agobiada-maestra-llora-por-el-desinteres-de-sus-alumnos\/","url_meta":{"origin":54517,"position":2},"title":"\u00abMe siento agobiada\u00bb: \u00abA esta generaci\u00f3n no le interesa aprender. \u00a1Punto!\u00bb; maestra llora por el desinter\u00e9s de sus alumnos","author":"Web del Maestro CMF","date":"17 febrero, 2026","format":false,"excerpt":"Una maestra rompe en llanto al denunciar el desinter\u00e9s estudiantil y exigir corresponsabilidad urgente de padres, gobierno y sociedad.","rel":"","context":"En \u00abNoticias Internacionales\u00bb","block_context":{"text":"Noticias Internacionales","link":"https:\/\/webdelmaestrocmf.com\/portal\/category\/noticias-internacionales\/"},"img":{"alt_text":"","src":"https:\/\/i0.wp.com\/webdelmaestrocmf.com\/portal\/wp-content\/uploads\/2026\/02\/1AA-Banner-1-portada-imagen-10-1-copia-6.webp?resize=350%2C200&ssl=1","width":350,"height":200,"srcset":"https:\/\/i0.wp.com\/webdelmaestrocmf.com\/portal\/wp-content\/uploads\/2026\/02\/1AA-Banner-1-portada-imagen-10-1-copia-6.webp?resize=350%2C200&ssl=1 1x, https:\/\/i0.wp.com\/webdelmaestrocmf.com\/portal\/wp-content\/uploads\/2026\/02\/1AA-Banner-1-portada-imagen-10-1-copia-6.webp?resize=525%2C300&ssl=1 1.5x, https:\/\/i0.wp.com\/webdelmaestrocmf.com\/portal\/wp-content\/uploads\/2026\/02\/1AA-Banner-1-portada-imagen-10-1-copia-6.webp?resize=700%2C400&ssl=1 2x, https:\/\/i0.wp.com\/webdelmaestrocmf.com\/portal\/wp-content\/uploads\/2026\/02\/1AA-Banner-1-portada-imagen-10-1-copia-6.webp?resize=1050%2C600&ssl=1 3x"},"classes":[]},{"id":112370,"url":"https:\/\/webdelmaestrocmf.com\/portal\/les-dimos-libertad-sin-exigir-disciplina-y-lo-que-parecia-apertura-termino-convirtiendose-en-indiferencia-y-desinteres-en-los-alumnos\/","url_meta":{"origin":54517,"position":3},"title":"Les dimos libertad sin exigir disciplina, y lo que parec\u00eda apertura termin\u00f3 convirti\u00e9ndose en indiferencia y desinter\u00e9s en los alumnos","author":"Web del Maestro CMF","date":"1 octubre, 2025","format":false,"excerpt":"Le soltamos la cadena a los estudiantes y hoy pagamos las consecuencias","rel":"","context":"En \u00abYo opino - WMCMF\u00bb","block_context":{"text":"Yo opino - WMCMF","link":"https:\/\/webdelmaestrocmf.com\/portal\/category\/jamb\/"},"img":{"alt_text":"","src":"https:\/\/i0.wp.com\/webdelmaestrocmf.com\/portal\/wp-content\/uploads\/2025\/10\/1A-Banner-1-portada-imagen-10-1-copia-1.jpg?resize=350%2C200&ssl=1","width":350,"height":200,"srcset":"https:\/\/i0.wp.com\/webdelmaestrocmf.com\/portal\/wp-content\/uploads\/2025\/10\/1A-Banner-1-portada-imagen-10-1-copia-1.jpg?resize=350%2C200&ssl=1 1x, https:\/\/i0.wp.com\/webdelmaestrocmf.com\/portal\/wp-content\/uploads\/2025\/10\/1A-Banner-1-portada-imagen-10-1-copia-1.jpg?resize=525%2C300&ssl=1 1.5x, https:\/\/i0.wp.com\/webdelmaestrocmf.com\/portal\/wp-content\/uploads\/2025\/10\/1A-Banner-1-portada-imagen-10-1-copia-1.jpg?resize=700%2C400&ssl=1 2x"},"classes":[]},{"id":104265,"url":"https:\/\/webdelmaestrocmf.com\/portal\/el-profesor-inolvidable-vs-el-profesor-intrascendente\/","url_meta":{"origin":54517,"position":4},"title":"El profesor inolvidable vs el profesor intrascendente","author":"Web del Maestro CMF","date":"24 febrero, 2024","format":false,"excerpt":"En la vida de todo estudiante, hay profesores que dejan una huella imborrable, mientras que otros son r\u00e1pidamente olvidados. Esta distinci\u00f3n fundamental radica en la capacidad del docente para conectar con sus alumnos, inspirarlos y motivarlos a aprender. En este art\u00edculo, analizaremos las caracter\u00edsticas que definen a un profesor inolvidable\u2026","rel":"","context":"En \u00abDocentes\u00bb","block_context":{"text":"Docentes","link":"https:\/\/webdelmaestrocmf.com\/portal\/category\/pedagogia\/docentes\/"},"img":{"alt_text":"","src":"https:\/\/i0.wp.com\/webdelmaestrocmf.com\/portal\/wp-content\/uploads\/2024\/02\/Banner-1-podddrtada-imagen-10-1.jpg?resize=350%2C200&ssl=1","width":350,"height":200,"srcset":"https:\/\/i0.wp.com\/webdelmaestrocmf.com\/portal\/wp-content\/uploads\/2024\/02\/Banner-1-podddrtada-imagen-10-1.jpg?resize=350%2C200&ssl=1 1x, https:\/\/i0.wp.com\/webdelmaestrocmf.com\/portal\/wp-content\/uploads\/2024\/02\/Banner-1-podddrtada-imagen-10-1.jpg?resize=525%2C300&ssl=1 1.5x, https:\/\/i0.wp.com\/webdelmaestrocmf.com\/portal\/wp-content\/uploads\/2024\/02\/Banner-1-podddrtada-imagen-10-1.jpg?resize=700%2C400&ssl=1 2x"},"classes":[]},{"id":13169,"url":"https:\/\/webdelmaestrocmf.com\/portal\/no-participar-en-clase-es-un-tipo-de-participacion-chicos-no-se-siente-bien-en-la-escuela\/","url_meta":{"origin":54517,"position":5},"title":"No participar en clase, es un tipo de participaci\u00f3n: los chicos no se sienten bien","author":"Web del Maestro CMF","date":"8 enero, 2017","format":false,"excerpt":"La participaci\u00f3n activa en clase es un componente fundamental del proceso de aprendizaje. Sin embargo, es importante reconocer que la falta de participaci\u00f3n tambi\u00e9n es una forma de expresi\u00f3n, y los chicos que eligen no participar est\u00e1n enviando un mensaje, ya sea de forma consciente o inconsciente. En este art\u00edculo,\u2026","rel":"","context":"En \u00abNoticias\u00bb","block_context":{"text":"Noticias","link":"https:\/\/webdelmaestrocmf.com\/portal\/category\/pedagogia\/noticias-pedagogia\/"},"img":{"alt_text":"no participar","src":"https:\/\/i0.wp.com\/webdelmaestrocmf.com\/portal\/wp-content\/uploads\/2017\/01\/A12B3C4D-14.jpg?resize=350%2C200&ssl=1","width":350,"height":200,"srcset":"https:\/\/i0.wp.com\/webdelmaestrocmf.com\/portal\/wp-content\/uploads\/2017\/01\/A12B3C4D-14.jpg?resize=350%2C200&ssl=1 1x, https:\/\/i0.wp.com\/webdelmaestrocmf.com\/portal\/wp-content\/uploads\/2017\/01\/A12B3C4D-14.jpg?resize=525%2C300&ssl=1 1.5x, https:\/\/i0.wp.com\/webdelmaestrocmf.com\/portal\/wp-content\/uploads\/2017\/01\/A12B3C4D-14.jpg?resize=700%2C400&ssl=1 2x"},"classes":[]}],"jetpack_featured_media_url":"https:\/\/webdelmaestrocmf.com\/portal\/wp-content\/uploads\/2020\/11\/1AA-Banner-1-portada-imagen-10-1-copia-3.webp","_links":{"self":[{"href":"https:\/\/webdelmaestrocmf.com\/portal\/wp-json\/wp\/v2\/posts\/54517","targetHints":{"allow":["GET"]}}],"collection":[{"href":"https:\/\/webdelmaestrocmf.com\/portal\/wp-json\/wp\/v2\/posts"}],"about":[{"href":"https:\/\/webdelmaestrocmf.com\/portal\/wp-json\/wp\/v2\/types\/post"}],"author":[{"embeddable":true,"href":"https:\/\/webdelmaestrocmf.com\/portal\/wp-json\/wp\/v2\/users\/1"}],"replies":[{"embeddable":true,"href":"https:\/\/webdelmaestrocmf.com\/portal\/wp-json\/wp\/v2\/comments?post=54517"}],"version-history":[{"count":3,"href":"https:\/\/webdelmaestrocmf.com\/portal\/wp-json\/wp\/v2\/posts\/54517\/revisions"}],"predecessor-version":[{"id":116995,"href":"https:\/\/webdelmaestrocmf.com\/portal\/wp-json\/wp\/v2\/posts\/54517\/revisions\/116995"}],"wp:featuredmedia":[{"embeddable":true,"href":"https:\/\/webdelmaestrocmf.com\/portal\/wp-json\/wp\/v2\/media\/116759"}],"wp:attachment":[{"href":"https:\/\/webdelmaestrocmf.com\/portal\/wp-json\/wp\/v2\/media?parent=54517"}],"wp:term":[{"taxonomy":"category","embeddable":true,"href":"https:\/\/webdelmaestrocmf.com\/portal\/wp-json\/wp\/v2\/categories?post=54517"},{"taxonomy":"post_tag","embeddable":true,"href":"https:\/\/webdelmaestrocmf.com\/portal\/wp-json\/wp\/v2\/tags?post=54517"}],"curies":[{"name":"wp","href":"https:\/\/api.w.org\/{rel}","templated":true}]}}