{"id":54506,"date":"2020-11-13T12:19:28","date_gmt":"2020-11-13T15:19:28","guid":{"rendered":"https:\/\/webdelmaestrocmf.com\/portal\/?p=54506"},"modified":"2020-11-13T12:22:03","modified_gmt":"2020-11-13T15:22:03","slug":"heriberto-prieto-que-pasa-con-los-estudios-con-la-educacion-a-distancia","status":"publish","type":"post","link":"https:\/\/webdelmaestrocmf.com\/portal\/heriberto-prieto-que-pasa-con-los-estudios-con-la-educacion-a-distancia\/","title":{"rendered":"[Heriberto Prieto] \u00bfQu\u00e9 pasa con los estudios con la educaci\u00f3n a distancia?"},"content":{"rendered":"<h5 style=\"text-align: justify;\">La situaci\u00f3n que actualmente surgi\u00f3 en el sistema escolarizado de pasar de la modalidad educativa presencial a distancia se debe a la pandemia del COVID-19, motivo por el cual la gran mayor\u00eda realiza sus estudios en la modalidad online,\u00a0 en los cuales existen preguntas como por ejemplo \u00bfQu\u00e9 tecnolog\u00edas digitales se requieren?<\/h5>\n<p><!--more--><\/p>\n<ul style=\"text-align: justify;\">\n<li>Dispositivos o Equipos tecnol\u00f3gicos como los tel\u00e9fonos inteligentes, las tabletas y las computadoras personales.<\/li>\n<li>Apps o aplicaciones y\/o portales para mantener comunicaci\u00f3n para cumplir con el trabajo de oficina escolar en formatos multimedia y especializados para realizar contenidos o aprendizajes.<\/li>\n<li>Conectividad a internet a la cual se puede acceder por medio de m\u00f3dems o por el uso de las redes de telefon\u00eda m\u00f3vil.<\/li>\n<li>Metodolog\u00edas distintas por la forma en que se realizar\u00e1 el proceso de ense\u00f1anza aprendizaje entre maestros\/as y alumno\/as, ahora con la intermediaci\u00f3n de las tecnolog\u00edas.<\/li>\n<\/ul>\n<p style=\"text-align: justify;\">Pero \u00bfDe qu\u00e9 manera son afectados con este cambio los alumnos, padres de familia y maestros transformando los procesos de ense\u00f1anza aprendizaje y atenci\u00f3n?<\/p>\n<p style=\"text-align: justify;\"><img loading=\"lazy\" decoding=\"async\" class=\"alignnone size-full wp-image-54507\" src=\"https:\/\/webdelmaestrocmf.com\/portal\/wp-content\/uploads\/2020\/11\/Captura-de-Pantalla-2020-11-13-a-las-12.09.03.png\" alt=\"\" width=\"1654\" height=\"538\" srcset=\"https:\/\/webdelmaestrocmf.com\/portal\/wp-content\/uploads\/2020\/11\/Captura-de-Pantalla-2020-11-13-a-las-12.09.03.png 1654w, https:\/\/webdelmaestrocmf.com\/portal\/wp-content\/uploads\/2020\/11\/Captura-de-Pantalla-2020-11-13-a-las-12.09.03-300x98.png 300w, https:\/\/webdelmaestrocmf.com\/portal\/wp-content\/uploads\/2020\/11\/Captura-de-Pantalla-2020-11-13-a-las-12.09.03-1024x333.png 1024w, https:\/\/webdelmaestrocmf.com\/portal\/wp-content\/uploads\/2020\/11\/Captura-de-Pantalla-2020-11-13-a-las-12.09.03-768x250.png 768w, https:\/\/webdelmaestrocmf.com\/portal\/wp-content\/uploads\/2020\/11\/Captura-de-Pantalla-2020-11-13-a-las-12.09.03-1536x500.png 1536w, https:\/\/webdelmaestrocmf.com\/portal\/wp-content\/uploads\/2020\/11\/Captura-de-Pantalla-2020-11-13-a-las-12.09.03-110x36.png 110w, https:\/\/webdelmaestrocmf.com\/portal\/wp-content\/uploads\/2020\/11\/Captura-de-Pantalla-2020-11-13-a-las-12.09.03-200x65.png 200w, https:\/\/webdelmaestrocmf.com\/portal\/wp-content\/uploads\/2020\/11\/Captura-de-Pantalla-2020-11-13-a-las-12.09.03-380x124.png 380w, https:\/\/webdelmaestrocmf.com\/portal\/wp-content\/uploads\/2020\/11\/Captura-de-Pantalla-2020-11-13-a-las-12.09.03-255x83.png 255w, https:\/\/webdelmaestrocmf.com\/portal\/wp-content\/uploads\/2020\/11\/Captura-de-Pantalla-2020-11-13-a-las-12.09.03-550x179.png 550w, https:\/\/webdelmaestrocmf.com\/portal\/wp-content\/uploads\/2020\/11\/Captura-de-Pantalla-2020-11-13-a-las-12.09.03-800x260.png 800w, https:\/\/webdelmaestrocmf.com\/portal\/wp-content\/uploads\/2020\/11\/Captura-de-Pantalla-2020-11-13-a-las-12.09.03-1160x377.png 1160w, https:\/\/webdelmaestrocmf.com\/portal\/wp-content\/uploads\/2020\/11\/Captura-de-Pantalla-2020-11-13-a-las-12.09.03-220x72.png 220w, https:\/\/webdelmaestrocmf.com\/portal\/wp-content\/uploads\/2020\/11\/Captura-de-Pantalla-2020-11-13-a-las-12.09.03-400x130.png 400w, https:\/\/webdelmaestrocmf.com\/portal\/wp-content\/uploads\/2020\/11\/Captura-de-Pantalla-2020-11-13-a-las-12.09.03-760x247.png 760w, https:\/\/webdelmaestrocmf.com\/portal\/wp-content\/uploads\/2020\/11\/Captura-de-Pantalla-2020-11-13-a-las-12.09.03-510x166.png 510w, https:\/\/webdelmaestrocmf.com\/portal\/wp-content\/uploads\/2020\/11\/Captura-de-Pantalla-2020-11-13-a-las-12.09.03-600x195.png 600w, https:\/\/webdelmaestrocmf.com\/portal\/wp-content\/uploads\/2020\/11\/Captura-de-Pantalla-2020-11-13-a-las-12.09.03-1100x358.png 1100w, https:\/\/webdelmaestrocmf.com\/portal\/wp-content\/uploads\/2020\/11\/Captura-de-Pantalla-2020-11-13-a-las-12.09.03-1600x520.png 1600w\" sizes=\"auto, (max-width: 1654px) 100vw, 1654px\" \/><\/p>\n<p style=\"text-align: justify;\">\u00bfQu\u00e9 acciones se pueden recomendar para superar las afectaciones?<\/p>\n<p style=\"text-align: justify;\"><img loading=\"lazy\" decoding=\"async\" class=\"alignnone size-full wp-image-54508\" src=\"https:\/\/webdelmaestrocmf.com\/portal\/wp-content\/uploads\/2020\/11\/Captura-de-Pantalla-2020-11-13-a-las-12.10.23.png\" alt=\"\" width=\"1884\" height=\"1068\" srcset=\"https:\/\/webdelmaestrocmf.com\/portal\/wp-content\/uploads\/2020\/11\/Captura-de-Pantalla-2020-11-13-a-las-12.10.23.png 1884w, https:\/\/webdelmaestrocmf.com\/portal\/wp-content\/uploads\/2020\/11\/Captura-de-Pantalla-2020-11-13-a-las-12.10.23-300x170.png 300w, https:\/\/webdelmaestrocmf.com\/portal\/wp-content\/uploads\/2020\/11\/Captura-de-Pantalla-2020-11-13-a-las-12.10.23-1024x580.png 1024w, https:\/\/webdelmaestrocmf.com\/portal\/wp-content\/uploads\/2020\/11\/Captura-de-Pantalla-2020-11-13-a-las-12.10.23-768x435.png 768w, https:\/\/webdelmaestrocmf.com\/portal\/wp-content\/uploads\/2020\/11\/Captura-de-Pantalla-2020-11-13-a-las-12.10.23-1536x871.png 1536w, https:\/\/webdelmaestrocmf.com\/portal\/wp-content\/uploads\/2020\/11\/Captura-de-Pantalla-2020-11-13-a-las-12.10.23-110x62.png 110w, https:\/\/webdelmaestrocmf.com\/portal\/wp-content\/uploads\/2020\/11\/Captura-de-Pantalla-2020-11-13-a-las-12.10.23-200x113.png 200w, https:\/\/webdelmaestrocmf.com\/portal\/wp-content\/uploads\/2020\/11\/Captura-de-Pantalla-2020-11-13-a-las-12.10.23-380x215.png 380w, https:\/\/webdelmaestrocmf.com\/portal\/wp-content\/uploads\/2020\/11\/Captura-de-Pantalla-2020-11-13-a-las-12.10.23-255x145.png 255w, https:\/\/webdelmaestrocmf.com\/portal\/wp-content\/uploads\/2020\/11\/Captura-de-Pantalla-2020-11-13-a-las-12.10.23-550x312.png 550w, https:\/\/webdelmaestrocmf.com\/portal\/wp-content\/uploads\/2020\/11\/Captura-de-Pantalla-2020-11-13-a-las-12.10.23-800x454.png 800w, https:\/\/webdelmaestrocmf.com\/portal\/wp-content\/uploads\/2020\/11\/Captura-de-Pantalla-2020-11-13-a-las-12.10.23-1160x658.png 1160w, https:\/\/webdelmaestrocmf.com\/portal\/wp-content\/uploads\/2020\/11\/Captura-de-Pantalla-2020-11-13-a-las-12.10.23-220x125.png 220w, https:\/\/webdelmaestrocmf.com\/portal\/wp-content\/uploads\/2020\/11\/Captura-de-Pantalla-2020-11-13-a-las-12.10.23-400x227.png 400w, https:\/\/webdelmaestrocmf.com\/portal\/wp-content\/uploads\/2020\/11\/Captura-de-Pantalla-2020-11-13-a-las-12.10.23-760x431.png 760w, https:\/\/webdelmaestrocmf.com\/portal\/wp-content\/uploads\/2020\/11\/Captura-de-Pantalla-2020-11-13-a-las-12.10.23-510x289.png 510w, https:\/\/webdelmaestrocmf.com\/portal\/wp-content\/uploads\/2020\/11\/Captura-de-Pantalla-2020-11-13-a-las-12.10.23-600x340.png 600w, https:\/\/webdelmaestrocmf.com\/portal\/wp-content\/uploads\/2020\/11\/Captura-de-Pantalla-2020-11-13-a-las-12.10.23-1100x624.png 1100w, https:\/\/webdelmaestrocmf.com\/portal\/wp-content\/uploads\/2020\/11\/Captura-de-Pantalla-2020-11-13-a-las-12.10.23-1600x907.png 1600w\" sizes=\"auto, (max-width: 1884px) 100vw, 1884px\" \/><\/p>\n<p style=\"text-align: justify;\"><span style=\"font-family: -apple-system, BlinkMacSystemFont, 'Segoe UI', Roboto, 'Helvetica Neue', Arial, 'Noto Sans', sans-serif, 'Apple Color Emoji', 'Segoe UI Emoji', 'Segoe UI Symbol', 'Noto Color Emoji';\">Pero todo este cambio tan s\u00fabito, \u00bfQu\u00e9 efectos ha tenido?<\/span><\/p>\n<ol style=\"text-align: justify;\">\n<li>Rompi\u00f3 con los h\u00e1bitos a los que est\u00e1bamos acostumbrados.<\/li>\n<li>Entramos en una condici\u00f3n incierta al no saber cu\u00e1ndo terminar\u00e1 y c\u00f3mo ser\u00e1 o cu\u00e1ndo comenzaremos en la nueva normalidad en una educaci\u00f3n h\u00edbrida.<\/li>\n<li>Se impuso un aprendizaje desde casa ya que fue la \u00fanica manera de contener la propagaci\u00f3n del COVID-19.<\/li>\n<li>Pasamos a un confinamiento voluntario al cual la interacci\u00f3n social llevo al empleo masivo de los servicios de telefon\u00eda e internet.<\/li>\n<\/ol>\n<p style=\"text-align: justify;\">Estos incidieron en generar stress con intolerancia, cambios de estados de \u00e1nimo y humor.<\/p>\n<p style=\"text-align: justify;\">\u00bfEntonces de qu\u00e9 forma se deben llevar las clases a distancia en la modalidad online?<\/p>\n<ol style=\"text-align: justify;\">\n<li>Dar a conocer tanto a los padres de familia como a los alumnos\/as el reglamento de clases, horario y metodolog\u00eda de trabajo para cada clase.<\/li>\n<li>Implementar nuevos h\u00e1bitos de estudio y apoyo de los miembros de la familia para evitar distractores para el mejor\u00a0 aprovechamiento de los aprendizajes.<\/li>\n<li>Conocer los portales digitales de comunicaci\u00f3n, horarios y el calendario de actividades.<\/li>\n<li>Conocer los portales digitales de recepci\u00f3n y retroalimentaci\u00f3n de trabajos escolares.<\/li>\n<\/ol>\n<p style=\"text-align: justify;\">Pero en todo para las soluciones porque como bien dice la frase \u201cSi no est\u00e1s dispuesto a aprender nadie te puede ayudar. Si est\u00e1s dispuesto a aprender nadie te puede parar\u201d y en este momento en que nadie puede bajar la guardia ante el cuidado por la pandemia, mucho menor por la continuidad de sus estudios para un futuro del que lo \u00fanico que se sabe es que habr\u00e1 una nueva normalidad o realidad. Quienes aprovechen este momento estar\u00e1n construyendo puentes de oportunidades para un nuevo mundo digital globalizado.<\/p>\n<ul style=\"text-align: justify;\">\n<li>#contextoformativo<\/li>\n<li>#delopresencialalovirtual<\/li>\n<li>#politicaeducativa<\/li>\n<li>#formadoresdelcambio<\/li>\n<li>#autoridadesdeducativas<\/li>\n<li>#educaciononline<\/li>\n<li>#educacionadistancia<\/li>\n<li>#educarenvalores<\/li>\n<\/ul>\n<h5 style=\"text-align: justify;\">REFERENCIAS<\/h5>\n<ul style=\"text-align: justify;\">\n<li>Eduforics: Colaboraci\u00f3n entre familia y escuela: 8 claves\u00a0<a href=\"http:\/\/www.eduforics.com\/es\/8-claves-facilitar-colaboracion-familia\/\" target=\"_blank\" rel=\"noopener noreferrer\">http:\/\/www.eduforics.com\/<\/a><\/li>\n<li>Educaci\u00f3n 3.0:\u00a0 La clase es cosa de tres: profes, alumnado\u2026 y familias\u00a0<a href=\"https:\/\/www.educaciontrespuntocero.com\/opinion\/participacion-familias-en-clase\/\" target=\"_blank\" rel=\"noopener noreferrer\">https:\/\/www.educaciontrespuntocero.com\/<\/a><\/li>\n<li>Web del Maestro CMF: T\u00e9cnicas y Estrategias Did\u00e1cticas para Mejorar tus Clases Virtuales <a href=\"https:\/\/webdelmaestrocmf.com\/portal\/10-tecnicas-y-estrategias-didacticas-para-mejorar-tus-clases-virtuales\/\" target=\"_blank\" rel=\"noopener noreferrer\">https:\/\/webdelmaestrocmf.com\/<\/a><\/li>\n<li>Profelandia. Valoraci\u00f3n del trabajo del docente, ante el cambio de la forma educativa presencial a distancia. <a href=\"https:\/\/www.google.com\/amp\/s\/profelandia.com\/valoracion-del-trabajo-del-docente-ante-el-cambio-de-la-forma-educativa-presencial-a-distancia\/amp\/\" target=\"_blank\" rel=\"noopener noreferrer\">https:\/\/www.google.com\/<\/a><\/li>\n<li>Profelandia. Planteamientos de la educaci\u00f3n h\u00edbrida: contextos antes, durante y despu\u00e9s del confinamiento.\u00a0 <a href=\"https:\/\/www.google.com\/amp\/s\/profelandia.com\/planteamientos-de-la-educacion-hibrida-contextos-antes-durante-y-despues-del-confinamiento\/amp\/\" target=\"_blank\" rel=\"noopener noreferrer\">https:\/\/www.google.com\/<\/a><\/li>\n<li>Evirtualplus: Las Tareas Escolares para Realizar en Casa y las Consideraciones para su Logro Educativo <a href=\"https:\/\/www.google.com\/amp\/s\/www.evirtualplus.com\/tareas-escolares\/amp\/\" target=\"_blank\" rel=\"noopener noreferrer\">https:\/\/www.google.com\/<\/a><\/li>\n<\/ul>\n<p>.<\/p>\n<table class=\" alignleft\" border=\"0\" width=\"100%\" cellspacing=\"10\" cellpadding=\"10\">\n<tbody>\n<tr>\n<td style=\"text-align: center;\" width=\"30%\"><strong><img loading=\"lazy\" decoding=\"async\" class=\"size-full wp-image-53975 aligncenter\" src=\"https:\/\/webdelmaestrocmf.com\/portal\/wp-content\/uploads\/2020\/11\/2-copia.jpg\" alt=\"\" width=\"200\" height=\"200\" srcset=\"https:\/\/webdelmaestrocmf.com\/portal\/wp-content\/uploads\/2020\/11\/2-copia.jpg 200w, https:\/\/webdelmaestrocmf.com\/portal\/wp-content\/uploads\/2020\/11\/2-copia-150x150.jpg 150w, https:\/\/webdelmaestrocmf.com\/portal\/wp-content\/uploads\/2020\/11\/2-copia-80x80.jpg 80w, https:\/\/webdelmaestrocmf.com\/portal\/wp-content\/uploads\/2020\/11\/2-copia-110x110.jpg 110w, https:\/\/webdelmaestrocmf.com\/portal\/wp-content\/uploads\/2020\/11\/2-copia-160x160.jpg 160w\" sizes=\"auto, (max-width: 200px) 100vw, 200px\" \/><br \/>\nAutor: <\/strong>Heriberto Prieto Zamudio. Orizaba, Veracruz, M\u00e9xico<strong><br \/>\nProfesor <\/strong>de Bachillerato General Estatal en la Mixteca Poblana.<strong><br \/>\n<\/strong>Administrador del Grupo de Facebook Formadores del Cambio.<br \/>\n<strong>Co-Fundador <\/strong>de la iniciativa social iberoamericana <strong><a href=\"http:\/\/www.competenciadigitalcero.com\/\" target=\"_blank\" rel=\"noopener noreferrer\">www.CompetenciaDigitalCero.com<\/a><\/strong>, que conforma una comunidad de pr\u00e1ctica solidaria para reducir la brecha en el uso de tecnolog\u00edas digitales en los espacios educativos.<strong><br \/>\nEmail: <\/strong><a href=\"mailto:heribertopz21@gmail.com\">heribertopz21@gmail.com<\/a><a href=\"mailto:heribertopz21@gmail.com\"><br \/>\n<\/a><strong>Web:<\/strong> <a href=\"https:\/\/heribertoprietozamudio.wordpress.com\/\">heribertoprietozamudio.wordpress.com<\/a><br \/>\n<strong>Twitter:\u00a0<\/strong><a href=\"https:\/\/twitter.com\/@heribertopz21\" target=\"_blank\" rel=\"noopener noreferrer\">@heribertopz21<\/a><strong><br \/>\n<\/strong><\/td>\n<\/tr>\n<\/tbody>\n<\/table>\n<p style=\"text-align: left;\">.<\/p>\n\t\t<div class=\"pk-inline-posts\">\n\t\t\t\n\t\t\t<div class=\"pk-inline-posts-container pk-inline-posts-template-list\"\n\t\t\t\tdata-columns=\"1\">\n\t\t\t\t\t\t<article id=\"post-73710\" class=\"post-73710 post type-post status-publish format-standard has-post-thumbnail category-z-colaborador-heriberto-prieto category-colaborador tag-acaso tag-correcto tag-evaluas tag-heriberto-prieto tag-redes tag-sociales tag-voto cs-entry cs-video-wrap\">\n\t\t\t<div class=\"pk-post-outer\">\n\n\t\t\t\t\t\t\t\t<div class=\"pk-post-inner\">\n\t\t\t\t\t<div class=\"entry-thumbnail\">\n\t\t\t\t\t\t<div class=\"pk-overlay pk-overlay-ratio pk-ratio-landscape\">\n\t\t\t\t\t\t\t<div class=\"pk-overlay-background\">\n\t\t\t\t\t\t\t\t<a href=\"https:\/\/webdelmaestrocmf.com\/portal\/heriberto-prieto-evaluas-por-voto-en-redes-sociales-acaso-es-correcto\/\" class=\"pk-overlay-link\">\n\t\t\t\t\t\t\t\t\t<img loading=\"lazy\" decoding=\"async\" width=\"300\" height=\"225\" src=\"https:\/\/webdelmaestrocmf.com\/portal\/wp-content\/uploads\/2022\/01\/1-173-300x225.jpg\" class=\"attachment-pk-thumbnail size-pk-thumbnail wp-post-image\" alt=\"\" \/>\t\t\t\t\t\t\t\t<\/a>\n\t\t\t\t\t\t\t<\/div>\n\t\t\t\t\t\t<\/div>\n\t\t\t\t\t<\/div>\n\t\t\t\t<\/div>\n\t\t\t\t\n\t\t\t\t<div class=\"pk-post-inner\">\n\t\t\t\t\t<header>\n\t\t\t\t\t\t<h3 class=\"pk-title\"><a href=\"https:\/\/webdelmaestrocmf.com\/portal\/heriberto-prieto-evaluas-por-voto-en-redes-sociales-acaso-es-correcto\/\" rel=\"bookmark\">[Heriberto Prieto] Eval\u00faas por Voto en Redes Sociales. \u00bfAcaso es correcto?<\/a><\/h3>\t\t\t\t\t<\/header><!-- .entry-header -->\n\t\t\t\t<\/div><!-- .post-inner -->\n\n\t\t\t<\/div><!-- .post-outer -->\n\t\t<\/article>\n\t\t\t\t<\/div>\n\t\t<\/div>\n\t\t\n","protected":false},"excerpt":{"rendered":"La situaci\u00f3n que actualmente surgi\u00f3 en el sistema escolarizado de pasar de la modalidad educativa presencial a distancia&hellip;","protected":false},"author":1,"featured_media":54509,"comment_status":"open","ping_status":"closed","sticky":false,"template":"","format":"standard","meta":{"csco_display_header_overlay":false,"csco_singular_sidebar":"default","csco_page_header_type":"default","csco_page_load_nextpost":"default","csco_post_video_location":[],"csco_post_video_location_hash":"","csco_post_video_url":"","csco_post_video_bg_start_time":0,"csco_post_video_bg_end_time":0,"csco_post_video_bg_volume":false,"_jetpack_memberships_contains_paid_content":false,"footnotes":""},"categories":[2043,1790],"tags":[],"class_list":{"0":"post-54506","1":"post","2":"type-post","3":"status-publish","4":"format-standard","5":"has-post-thumbnail","7":"category-z-colaborador-heriberto-prieto","8":"category-colaborador","9":"cs-entry","10":"cs-video-wrap"},"yoast_head":"<!-- This site is optimized with the Yoast SEO plugin v27.4 - https:\/\/yoast.com\/product\/yoast-seo-wordpress\/ -->\n<title>[Heriberto Prieto] \u00bfQu\u00e9 pasa con los estudios con la educaci\u00f3n a distancia? - 2026<\/title>\n<meta name=\"description\" content=\"La situaci\u00f3n que actualmente surgi\u00f3 en el sistema escolarizado de pasar de la modalidad educativa presencial a distancia...\" \/>\n<meta name=\"robots\" content=\"index, follow, max-snippet:-1, max-image-preview:large, max-video-preview:-1\" \/>\n<link rel=\"canonical\" href=\"https:\/\/webdelmaestrocmf.com\/portal\/heriberto-prieto-que-pasa-con-los-estudios-con-la-educacion-a-distancia\/\" \/>\n<meta property=\"og:locale\" content=\"es_ES\" \/>\n<meta property=\"og:type\" content=\"article\" \/>\n<meta property=\"og:title\" content=\"[Heriberto Prieto] \u00bfQu\u00e9 pasa con los estudios con la educaci\u00f3n a distancia? - 2026\" \/>\n<meta property=\"og:description\" content=\"La situaci\u00f3n que actualmente surgi\u00f3 en el sistema escolarizado de pasar de la modalidad educativa presencial a distancia...\" \/>\n<meta property=\"og:url\" content=\"https:\/\/webdelmaestrocmf.com\/portal\/heriberto-prieto-que-pasa-con-los-estudios-con-la-educacion-a-distancia\/\" \/>\n<meta property=\"og:site_name\" content=\"Web del Maestro CMF\" \/>\n<meta property=\"article:publisher\" content=\"https:\/\/www.facebook.com\/WebdelMaestroCMF\/\" \/>\n<meta property=\"article:author\" content=\"https:\/\/www.facebook.com\/WebdelMaestroCMF\/\" \/>\n<meta property=\"article:published_time\" content=\"2020-11-13T15:19:28+00:00\" \/>\n<meta property=\"article:modified_time\" content=\"2020-11-13T15:22:03+00:00\" \/>\n<meta property=\"og:image\" content=\"https:\/\/i0.wp.com\/webdelmaestrocmf.com\/portal\/wp-content\/uploads\/2020\/11\/1-copia-41.jpg?fit=1100%2C680&ssl=1\" \/>\n\t<meta property=\"og:image:width\" content=\"1100\" \/>\n\t<meta property=\"og:image:height\" content=\"680\" \/>\n\t<meta property=\"og:image:type\" content=\"image\/jpeg\" \/>\n<meta name=\"author\" content=\"Web del Maestro CMF\" \/>\n<meta name=\"twitter:card\" content=\"summary_large_image\" \/>\n<meta name=\"twitter:creator\" content=\"@cmf_w\" \/>\n<meta name=\"twitter:site\" content=\"@cmf_w\" \/>\n<meta name=\"twitter:label1\" content=\"Escrito por\" \/>\n\t<meta name=\"twitter:data1\" content=\"Web del Maestro CMF\" \/>\n\t<meta name=\"twitter:label2\" content=\"Tiempo de lectura\" \/>\n\t<meta name=\"twitter:data2\" content=\"3 minutos\" \/>\n<script type=\"application\/ld+json\" class=\"yoast-schema-graph\">{\"@context\":\"https:\\\/\\\/schema.org\",\"@graph\":[{\"@type\":\"ScholarlyArticle\",\"@id\":\"https:\\\/\\\/webdelmaestrocmf.com\\\/portal\\\/heriberto-prieto-que-pasa-con-los-estudios-con-la-educacion-a-distancia\\\/#article\",\"isPartOf\":{\"@id\":\"https:\\\/\\\/webdelmaestrocmf.com\\\/portal\\\/heriberto-prieto-que-pasa-con-los-estudios-con-la-educacion-a-distancia\\\/\"},\"author\":{\"name\":\"Web del Maestro CMF\",\"@id\":\"https:\\\/\\\/webdelmaestrocmf.com\\\/portal\\\/#\\\/schema\\\/person\\\/1072a2ed7bd960df8ef99a551fa35dc5\"},\"headline\":\"[Heriberto Prieto] \u00bfQu\u00e9 pasa con los estudios con la educaci\u00f3n a distancia?\",\"datePublished\":\"2020-11-13T15:19:28+00:00\",\"dateModified\":\"2020-11-13T15:22:03+00:00\",\"mainEntityOfPage\":{\"@id\":\"https:\\\/\\\/webdelmaestrocmf.com\\\/portal\\\/heriberto-prieto-que-pasa-con-los-estudios-con-la-educacion-a-distancia\\\/\"},\"wordCount\":680,\"commentCount\":0,\"publisher\":{\"@id\":\"https:\\\/\\\/webdelmaestrocmf.com\\\/portal\\\/#organization\"},\"image\":{\"@id\":\"https:\\\/\\\/webdelmaestrocmf.com\\\/portal\\\/heriberto-prieto-que-pasa-con-los-estudios-con-la-educacion-a-distancia\\\/#primaryimage\"},\"thumbnailUrl\":\"https:\\\/\\\/webdelmaestrocmf.com\\\/portal\\\/wp-content\\\/uploads\\\/2020\\\/11\\\/1-copia-41.jpg\",\"articleSection\":[\"Z-Colaborador-Heriberto-Prieto\",\"Z-Colaboradores\"],\"inLanguage\":\"es\",\"potentialAction\":[{\"@type\":\"CommentAction\",\"name\":\"Comment\",\"target\":[\"https:\\\/\\\/webdelmaestrocmf.com\\\/portal\\\/heriberto-prieto-que-pasa-con-los-estudios-con-la-educacion-a-distancia\\\/#respond\"]}]},{\"@type\":\"WebPage\",\"@id\":\"https:\\\/\\\/webdelmaestrocmf.com\\\/portal\\\/heriberto-prieto-que-pasa-con-los-estudios-con-la-educacion-a-distancia\\\/\",\"url\":\"https:\\\/\\\/webdelmaestrocmf.com\\\/portal\\\/heriberto-prieto-que-pasa-con-los-estudios-con-la-educacion-a-distancia\\\/\",\"name\":\"[Heriberto Prieto] \u00bfQu\u00e9 pasa con los estudios con la educaci\u00f3n a distancia? - 2026\",\"isPartOf\":{\"@id\":\"https:\\\/\\\/webdelmaestrocmf.com\\\/portal\\\/#website\"},\"primaryImageOfPage\":{\"@id\":\"https:\\\/\\\/webdelmaestrocmf.com\\\/portal\\\/heriberto-prieto-que-pasa-con-los-estudios-con-la-educacion-a-distancia\\\/#primaryimage\"},\"image\":{\"@id\":\"https:\\\/\\\/webdelmaestrocmf.com\\\/portal\\\/heriberto-prieto-que-pasa-con-los-estudios-con-la-educacion-a-distancia\\\/#primaryimage\"},\"thumbnailUrl\":\"https:\\\/\\\/webdelmaestrocmf.com\\\/portal\\\/wp-content\\\/uploads\\\/2020\\\/11\\\/1-copia-41.jpg\",\"datePublished\":\"2020-11-13T15:19:28+00:00\",\"dateModified\":\"2020-11-13T15:22:03+00:00\",\"description\":\"La situaci\u00f3n que actualmente surgi\u00f3 en el sistema escolarizado de pasar de la modalidad educativa presencial a distancia...\",\"breadcrumb\":{\"@id\":\"https:\\\/\\\/webdelmaestrocmf.com\\\/portal\\\/heriberto-prieto-que-pasa-con-los-estudios-con-la-educacion-a-distancia\\\/#breadcrumb\"},\"inLanguage\":\"es\",\"potentialAction\":[{\"@type\":\"ReadAction\",\"target\":[\"https:\\\/\\\/webdelmaestrocmf.com\\\/portal\\\/heriberto-prieto-que-pasa-con-los-estudios-con-la-educacion-a-distancia\\\/\"]}]},{\"@type\":\"ImageObject\",\"inLanguage\":\"es\",\"@id\":\"https:\\\/\\\/webdelmaestrocmf.com\\\/portal\\\/heriberto-prieto-que-pasa-con-los-estudios-con-la-educacion-a-distancia\\\/#primaryimage\",\"url\":\"https:\\\/\\\/webdelmaestrocmf.com\\\/portal\\\/wp-content\\\/uploads\\\/2020\\\/11\\\/1-copia-41.jpg\",\"contentUrl\":\"https:\\\/\\\/webdelmaestrocmf.com\\\/portal\\\/wp-content\\\/uploads\\\/2020\\\/11\\\/1-copia-41.jpg\",\"width\":1100,\"height\":680},{\"@type\":\"BreadcrumbList\",\"@id\":\"https:\\\/\\\/webdelmaestrocmf.com\\\/portal\\\/heriberto-prieto-que-pasa-con-los-estudios-con-la-educacion-a-distancia\\\/#breadcrumb\",\"itemListElement\":[{\"@type\":\"ListItem\",\"position\":1,\"name\":\"Portada\",\"item\":\"https:\\\/\\\/webdelmaestrocmf.com\\\/portal\\\/\"},{\"@type\":\"ListItem\",\"position\":2,\"name\":\"Z-Colaboradores\",\"item\":\"https:\\\/\\\/webdelmaestrocmf.com\\\/portal\\\/category\\\/colaborador\\\/\"},{\"@type\":\"ListItem\",\"position\":3,\"name\":\"[Heriberto Prieto] \u00bfQu\u00e9 pasa con los estudios con la educaci\u00f3n a distancia?\"}]},{\"@type\":\"WebSite\",\"@id\":\"https:\\\/\\\/webdelmaestrocmf.com\\\/portal\\\/#website\",\"url\":\"https:\\\/\\\/webdelmaestrocmf.com\\\/portal\\\/\",\"name\":\"Web del Maestro CMF\",\"description\":\"Maestros al servicio de la educaci\u00f3n\",\"publisher\":{\"@id\":\"https:\\\/\\\/webdelmaestrocmf.com\\\/portal\\\/#organization\"},\"alternateName\":\"WMCMF\",\"potentialAction\":[{\"@type\":\"SearchAction\",\"target\":{\"@type\":\"EntryPoint\",\"urlTemplate\":\"https:\\\/\\\/webdelmaestrocmf.com\\\/portal\\\/?s={search_term_string}\"},\"query-input\":{\"@type\":\"PropertyValueSpecification\",\"valueRequired\":true,\"valueName\":\"search_term_string\"}}],\"inLanguage\":\"es\"},{\"@type\":\"Organization\",\"@id\":\"https:\\\/\\\/webdelmaestrocmf.com\\\/portal\\\/#organization\",\"name\":\"Web del Maestro CMF\",\"alternateName\":\"WMCMF\",\"url\":\"https:\\\/\\\/webdelmaestrocmf.com\\\/portal\\\/\",\"logo\":{\"@type\":\"ImageObject\",\"inLanguage\":\"es\",\"@id\":\"https:\\\/\\\/webdelmaestrocmf.com\\\/portal\\\/#\\\/schema\\\/logo\\\/image\\\/\",\"url\":\"https:\\\/\\\/webdelmaestrocmf.com\\\/portal\\\/wp-content\\\/uploads\\\/2023\\\/01\\\/logo-wmcmf-2.png\",\"contentUrl\":\"https:\\\/\\\/webdelmaestrocmf.com\\\/portal\\\/wp-content\\\/uploads\\\/2023\\\/01\\\/logo-wmcmf-2.png\",\"width\":200,\"height\":60,\"caption\":\"Web del Maestro CMF\"},\"image\":{\"@id\":\"https:\\\/\\\/webdelmaestrocmf.com\\\/portal\\\/#\\\/schema\\\/logo\\\/image\\\/\"},\"sameAs\":[\"https:\\\/\\\/www.facebook.com\\\/WebdelMaestroCMF\\\/\",\"https:\\\/\\\/x.com\\\/cmf_w\",\"https:\\\/\\\/www.pinterest.com\\\/WMCMF\\\/\",\"https:\\\/\\\/www.linkedin.com\\\/company\\\/web-del-maestro-cmf\\\/\",\"https:\\\/\\\/www.instagram.com\\\/wmcmf\\\/\",\"https:\\\/\\\/www.youtube.com\\\/channel\\\/UCDPSvjbdodE5sHnC3OxutHw\",\"https:\\\/\\\/mastodon.social\\\/@wmcmf\",\"https:\\\/\\\/www.tiktok.com\\\/@webdelmaestrocmf\"]},{\"@type\":\"Person\",\"@id\":\"https:\\\/\\\/webdelmaestrocmf.com\\\/portal\\\/#\\\/schema\\\/person\\\/1072a2ed7bd960df8ef99a551fa35dc5\",\"name\":\"Web del Maestro CMF\",\"image\":{\"@type\":\"ImageObject\",\"inLanguage\":\"es\",\"@id\":\"https:\\\/\\\/secure.gravatar.com\\\/avatar\\\/23291dd5b5ae1077dcff3dbb04c3e02bd28403fa75af6d8787d5e97c5bbbe30b?s=96&d=mm&r=g\",\"url\":\"https:\\\/\\\/secure.gravatar.com\\\/avatar\\\/23291dd5b5ae1077dcff3dbb04c3e02bd28403fa75af6d8787d5e97c5bbbe30b?s=96&d=mm&r=g\",\"contentUrl\":\"https:\\\/\\\/secure.gravatar.com\\\/avatar\\\/23291dd5b5ae1077dcff3dbb04c3e02bd28403fa75af6d8787d5e97c5bbbe30b?s=96&d=mm&r=g\",\"caption\":\"Web del Maestro CMF\"},\"description\":\"Esta Web se cre\u00f3 sin fines de lucro, con fines educativos, cient\u00edficos y acad\u00e9micos, para personas que tengan dificultades y\\\/o inconvenientes en visualizar el material original. El objetivo es entregar recursos, compartir experiencias y materiales que ayuden a los padres de familia, maestros y estudiantes en su actualizaci\u00f3n y formaci\u00f3n permanente, en bien de la Educaci\u00f3n.\",\"sameAs\":[\"http:\\\/\\\/webdelmaestrocmf.com\\\/portal\",\"https:\\\/\\\/www.facebook.com\\\/WebdelMaestroCMF\\\/\",\"https:\\\/\\\/www.instagram.com\\\/wmcmf\\\/\",\"https:\\\/\\\/cl.linkedin.com\\\/company\\\/web-del-maestro-cmf\",\"https:\\\/\\\/www.pinterest.com\\\/WMCMF\\\/publicaciones\\\/\",\"https:\\\/\\\/x.com\\\/cmf_w\",\"https:\\\/\\\/www.youtube.com\\\/@WMCMF\"]}]}<\/script>\n<!-- \/ Yoast SEO plugin. -->","yoast_head_json":{"title":"[Heriberto Prieto] \u00bfQu\u00e9 pasa con los estudios con la educaci\u00f3n a distancia? - 2026","description":"La situaci\u00f3n que actualmente surgi\u00f3 en el sistema escolarizado de pasar de la modalidad educativa presencial a distancia...","robots":{"index":"index","follow":"follow","max-snippet":"max-snippet:-1","max-image-preview":"max-image-preview:large","max-video-preview":"max-video-preview:-1"},"canonical":"https:\/\/webdelmaestrocmf.com\/portal\/heriberto-prieto-que-pasa-con-los-estudios-con-la-educacion-a-distancia\/","og_locale":"es_ES","og_type":"article","og_title":"[Heriberto Prieto] \u00bfQu\u00e9 pasa con los estudios con la educaci\u00f3n a distancia? - 2026","og_description":"La situaci\u00f3n que actualmente surgi\u00f3 en el sistema escolarizado de pasar de la modalidad educativa presencial a distancia...","og_url":"https:\/\/webdelmaestrocmf.com\/portal\/heriberto-prieto-que-pasa-con-los-estudios-con-la-educacion-a-distancia\/","og_site_name":"Web del Maestro CMF","article_publisher":"https:\/\/www.facebook.com\/WebdelMaestroCMF\/","article_author":"https:\/\/www.facebook.com\/WebdelMaestroCMF\/","article_published_time":"2020-11-13T15:19:28+00:00","article_modified_time":"2020-11-13T15:22:03+00:00","og_image":[{"width":1100,"height":680,"url":"https:\/\/i0.wp.com\/webdelmaestrocmf.com\/portal\/wp-content\/uploads\/2020\/11\/1-copia-41.jpg?fit=1100%2C680&ssl=1","type":"image\/jpeg"}],"author":"Web del Maestro CMF","twitter_card":"summary_large_image","twitter_creator":"@cmf_w","twitter_site":"@cmf_w","twitter_misc":{"Escrito por":"Web del Maestro CMF","Tiempo de lectura":"3 minutos"},"schema":{"@context":"https:\/\/schema.org","@graph":[{"@type":"ScholarlyArticle","@id":"https:\/\/webdelmaestrocmf.com\/portal\/heriberto-prieto-que-pasa-con-los-estudios-con-la-educacion-a-distancia\/#article","isPartOf":{"@id":"https:\/\/webdelmaestrocmf.com\/portal\/heriberto-prieto-que-pasa-con-los-estudios-con-la-educacion-a-distancia\/"},"author":{"name":"Web del Maestro CMF","@id":"https:\/\/webdelmaestrocmf.com\/portal\/#\/schema\/person\/1072a2ed7bd960df8ef99a551fa35dc5"},"headline":"[Heriberto Prieto] \u00bfQu\u00e9 pasa con los estudios con la educaci\u00f3n a distancia?","datePublished":"2020-11-13T15:19:28+00:00","dateModified":"2020-11-13T15:22:03+00:00","mainEntityOfPage":{"@id":"https:\/\/webdelmaestrocmf.com\/portal\/heriberto-prieto-que-pasa-con-los-estudios-con-la-educacion-a-distancia\/"},"wordCount":680,"commentCount":0,"publisher":{"@id":"https:\/\/webdelmaestrocmf.com\/portal\/#organization"},"image":{"@id":"https:\/\/webdelmaestrocmf.com\/portal\/heriberto-prieto-que-pasa-con-los-estudios-con-la-educacion-a-distancia\/#primaryimage"},"thumbnailUrl":"https:\/\/webdelmaestrocmf.com\/portal\/wp-content\/uploads\/2020\/11\/1-copia-41.jpg","articleSection":["Z-Colaborador-Heriberto-Prieto","Z-Colaboradores"],"inLanguage":"es","potentialAction":[{"@type":"CommentAction","name":"Comment","target":["https:\/\/webdelmaestrocmf.com\/portal\/heriberto-prieto-que-pasa-con-los-estudios-con-la-educacion-a-distancia\/#respond"]}]},{"@type":"WebPage","@id":"https:\/\/webdelmaestrocmf.com\/portal\/heriberto-prieto-que-pasa-con-los-estudios-con-la-educacion-a-distancia\/","url":"https:\/\/webdelmaestrocmf.com\/portal\/heriberto-prieto-que-pasa-con-los-estudios-con-la-educacion-a-distancia\/","name":"[Heriberto Prieto] \u00bfQu\u00e9 pasa con los estudios con la educaci\u00f3n a distancia? - 2026","isPartOf":{"@id":"https:\/\/webdelmaestrocmf.com\/portal\/#website"},"primaryImageOfPage":{"@id":"https:\/\/webdelmaestrocmf.com\/portal\/heriberto-prieto-que-pasa-con-los-estudios-con-la-educacion-a-distancia\/#primaryimage"},"image":{"@id":"https:\/\/webdelmaestrocmf.com\/portal\/heriberto-prieto-que-pasa-con-los-estudios-con-la-educacion-a-distancia\/#primaryimage"},"thumbnailUrl":"https:\/\/webdelmaestrocmf.com\/portal\/wp-content\/uploads\/2020\/11\/1-copia-41.jpg","datePublished":"2020-11-13T15:19:28+00:00","dateModified":"2020-11-13T15:22:03+00:00","description":"La situaci\u00f3n que actualmente surgi\u00f3 en el sistema escolarizado de pasar de la modalidad educativa presencial a distancia...","breadcrumb":{"@id":"https:\/\/webdelmaestrocmf.com\/portal\/heriberto-prieto-que-pasa-con-los-estudios-con-la-educacion-a-distancia\/#breadcrumb"},"inLanguage":"es","potentialAction":[{"@type":"ReadAction","target":["https:\/\/webdelmaestrocmf.com\/portal\/heriberto-prieto-que-pasa-con-los-estudios-con-la-educacion-a-distancia\/"]}]},{"@type":"ImageObject","inLanguage":"es","@id":"https:\/\/webdelmaestrocmf.com\/portal\/heriberto-prieto-que-pasa-con-los-estudios-con-la-educacion-a-distancia\/#primaryimage","url":"https:\/\/webdelmaestrocmf.com\/portal\/wp-content\/uploads\/2020\/11\/1-copia-41.jpg","contentUrl":"https:\/\/webdelmaestrocmf.com\/portal\/wp-content\/uploads\/2020\/11\/1-copia-41.jpg","width":1100,"height":680},{"@type":"BreadcrumbList","@id":"https:\/\/webdelmaestrocmf.com\/portal\/heriberto-prieto-que-pasa-con-los-estudios-con-la-educacion-a-distancia\/#breadcrumb","itemListElement":[{"@type":"ListItem","position":1,"name":"Portada","item":"https:\/\/webdelmaestrocmf.com\/portal\/"},{"@type":"ListItem","position":2,"name":"Z-Colaboradores","item":"https:\/\/webdelmaestrocmf.com\/portal\/category\/colaborador\/"},{"@type":"ListItem","position":3,"name":"[Heriberto Prieto] \u00bfQu\u00e9 pasa con los estudios con la educaci\u00f3n a distancia?"}]},{"@type":"WebSite","@id":"https:\/\/webdelmaestrocmf.com\/portal\/#website","url":"https:\/\/webdelmaestrocmf.com\/portal\/","name":"Web del Maestro CMF","description":"Maestros al servicio de la educaci\u00f3n","publisher":{"@id":"https:\/\/webdelmaestrocmf.com\/portal\/#organization"},"alternateName":"WMCMF","potentialAction":[{"@type":"SearchAction","target":{"@type":"EntryPoint","urlTemplate":"https:\/\/webdelmaestrocmf.com\/portal\/?s={search_term_string}"},"query-input":{"@type":"PropertyValueSpecification","valueRequired":true,"valueName":"search_term_string"}}],"inLanguage":"es"},{"@type":"Organization","@id":"https:\/\/webdelmaestrocmf.com\/portal\/#organization","name":"Web del Maestro CMF","alternateName":"WMCMF","url":"https:\/\/webdelmaestrocmf.com\/portal\/","logo":{"@type":"ImageObject","inLanguage":"es","@id":"https:\/\/webdelmaestrocmf.com\/portal\/#\/schema\/logo\/image\/","url":"https:\/\/webdelmaestrocmf.com\/portal\/wp-content\/uploads\/2023\/01\/logo-wmcmf-2.png","contentUrl":"https:\/\/webdelmaestrocmf.com\/portal\/wp-content\/uploads\/2023\/01\/logo-wmcmf-2.png","width":200,"height":60,"caption":"Web del Maestro CMF"},"image":{"@id":"https:\/\/webdelmaestrocmf.com\/portal\/#\/schema\/logo\/image\/"},"sameAs":["https:\/\/www.facebook.com\/WebdelMaestroCMF\/","https:\/\/x.com\/cmf_w","https:\/\/www.pinterest.com\/WMCMF\/","https:\/\/www.linkedin.com\/company\/web-del-maestro-cmf\/","https:\/\/www.instagram.com\/wmcmf\/","https:\/\/www.youtube.com\/channel\/UCDPSvjbdodE5sHnC3OxutHw","https:\/\/mastodon.social\/@wmcmf","https:\/\/www.tiktok.com\/@webdelmaestrocmf"]},{"@type":"Person","@id":"https:\/\/webdelmaestrocmf.com\/portal\/#\/schema\/person\/1072a2ed7bd960df8ef99a551fa35dc5","name":"Web del Maestro CMF","image":{"@type":"ImageObject","inLanguage":"es","@id":"https:\/\/secure.gravatar.com\/avatar\/23291dd5b5ae1077dcff3dbb04c3e02bd28403fa75af6d8787d5e97c5bbbe30b?s=96&d=mm&r=g","url":"https:\/\/secure.gravatar.com\/avatar\/23291dd5b5ae1077dcff3dbb04c3e02bd28403fa75af6d8787d5e97c5bbbe30b?s=96&d=mm&r=g","contentUrl":"https:\/\/secure.gravatar.com\/avatar\/23291dd5b5ae1077dcff3dbb04c3e02bd28403fa75af6d8787d5e97c5bbbe30b?s=96&d=mm&r=g","caption":"Web del Maestro CMF"},"description":"Esta Web se cre\u00f3 sin fines de lucro, con fines educativos, cient\u00edficos y acad\u00e9micos, para personas que tengan dificultades y\/o inconvenientes en visualizar el material original. El objetivo es entregar recursos, compartir experiencias y materiales que ayuden a los padres de familia, maestros y estudiantes en su actualizaci\u00f3n y formaci\u00f3n permanente, en bien de la Educaci\u00f3n.","sameAs":["http:\/\/webdelmaestrocmf.com\/portal","https:\/\/www.facebook.com\/WebdelMaestroCMF\/","https:\/\/www.instagram.com\/wmcmf\/","https:\/\/cl.linkedin.com\/company\/web-del-maestro-cmf","https:\/\/www.pinterest.com\/WMCMF\/publicaciones\/","https:\/\/x.com\/cmf_w","https:\/\/www.youtube.com\/@WMCMF"]}]}},"jetpack_featured_media_url":"https:\/\/webdelmaestrocmf.com\/portal\/wp-content\/uploads\/2020\/11\/1-copia-41.jpg","jetpack_sharing_enabled":true,"jetpack-related-posts":[{"id":56342,"url":"https:\/\/webdelmaestrocmf.com\/portal\/heriberto-prieto-el-docente-en-la-pandemia-en-el-ojo-del-huracan\/","url_meta":{"origin":54506,"position":0},"title":"[Heriberto Prieto] El docente en la pandemia en el ojo del hurac\u00e1n","author":"Web del Maestro CMF","date":"26 diciembre, 2020","format":false,"excerpt":"Comienza la jornada una clase online a la vez que dar\u00e1 el maestro o maestra en un horario fijado con previo acuerdo y conocimiento de alumnos y padres de familia, se activa la videollamada, comienza la clase, al parecer todo marchar\u00eda sin novedad \u00bfsi, todos est\u00e1n bien? Tambi\u00e9n, es un\u2026","rel":"","context":"En \u00abZ-Colaborador-Heriberto-Prieto\u00bb","block_context":{"text":"Z-Colaborador-Heriberto-Prieto","link":"https:\/\/webdelmaestrocmf.com\/portal\/category\/colaborador\/z-colaborador-heriberto-prieto\/"},"img":{"alt_text":"","src":"https:\/\/i0.wp.com\/webdelmaestrocmf.com\/portal\/wp-content\/uploads\/2020\/12\/1-copia-66.jpg?resize=350%2C200&ssl=1","width":350,"height":200,"srcset":"https:\/\/i0.wp.com\/webdelmaestrocmf.com\/portal\/wp-content\/uploads\/2020\/12\/1-copia-66.jpg?resize=350%2C200&ssl=1 1x, https:\/\/i0.wp.com\/webdelmaestrocmf.com\/portal\/wp-content\/uploads\/2020\/12\/1-copia-66.jpg?resize=525%2C300&ssl=1 1.5x, https:\/\/i0.wp.com\/webdelmaestrocmf.com\/portal\/wp-content\/uploads\/2020\/12\/1-copia-66.jpg?resize=700%2C400&ssl=1 2x, https:\/\/i0.wp.com\/webdelmaestrocmf.com\/portal\/wp-content\/uploads\/2020\/12\/1-copia-66.jpg?resize=1050%2C600&ssl=1 3x"},"classes":[]},{"id":57569,"url":"https:\/\/webdelmaestrocmf.com\/portal\/heriberto-prieto-perdidas-de-aprendizajes-tu-futuro-es-incierto\/","url_meta":{"origin":54506,"position":1},"title":"[Heriberto Prieto] P\u00e9rdidas de Aprendizajes: \u00bfTu futuro es incierto?","author":"Web del Maestro CMF","date":"13 enero, 2021","format":false,"excerpt":"Las autoridades educativas implementaron pol\u00edticas para evitar un apag\u00f3n educativo. Ante ello los alumnos dejaron de estudiar por la\u00a0pandemia del Covid-19, las causas del abandono fue por protecci\u00f3n a su salud y otros por no adaptase al cambio de educaci\u00f3n a distancia, pero de los inscritos predominaron aquellos sin el\u2026","rel":"","context":"En \u00abZ-Colaborador-Heriberto-Prieto\u00bb","block_context":{"text":"Z-Colaborador-Heriberto-Prieto","link":"https:\/\/webdelmaestrocmf.com\/portal\/category\/colaborador\/z-colaborador-heriberto-prieto\/"},"img":{"alt_text":"","src":"https:\/\/i0.wp.com\/webdelmaestrocmf.com\/portal\/wp-content\/uploads\/2021\/01\/1-copia-80.jpg?resize=350%2C200&ssl=1","width":350,"height":200,"srcset":"https:\/\/i0.wp.com\/webdelmaestrocmf.com\/portal\/wp-content\/uploads\/2021\/01\/1-copia-80.jpg?resize=350%2C200&ssl=1 1x, https:\/\/i0.wp.com\/webdelmaestrocmf.com\/portal\/wp-content\/uploads\/2021\/01\/1-copia-80.jpg?resize=525%2C300&ssl=1 1.5x, https:\/\/i0.wp.com\/webdelmaestrocmf.com\/portal\/wp-content\/uploads\/2021\/01\/1-copia-80.jpg?resize=700%2C400&ssl=1 2x, https:\/\/i0.wp.com\/webdelmaestrocmf.com\/portal\/wp-content\/uploads\/2021\/01\/1-copia-80.jpg?resize=1050%2C600&ssl=1 3x"},"classes":[]},{"id":64729,"url":"https:\/\/webdelmaestrocmf.com\/portal\/heriberto-prieto-aprendizajes-con-el-uso-de-las-tecnologias-durante-la-pandemia-avance-o-retroceso\/","url_meta":{"origin":54506,"position":2},"title":"[Heriberto Prieto] Aprendizajes con el uso de las tecnolog\u00edas durante la pandemia: \u00bfAvance o retroceso?","author":"Web del Maestro CMF","date":"4 julio, 2021","format":false,"excerpt":"Antes de la pandemia por el COVID el uso de dispositivos y las tecnolog\u00edas (de la comunicaci\u00f3n) era un m\u00e9todo opcional para estudiantes y profesores (en casi todos los sectores y niveles educativos) en zonas urbanas y semiurbanas en niveles de alta marginaci\u00f3n. Se proyectaba que habr\u00eda un oportunidades de\u2026","rel":"","context":"En \u00abZ-Colaborador-Heriberto-Prieto\u00bb","block_context":{"text":"Z-Colaborador-Heriberto-Prieto","link":"https:\/\/webdelmaestrocmf.com\/portal\/category\/colaborador\/z-colaborador-heriberto-prieto\/"},"img":{"alt_text":"","src":"https:\/\/i0.wp.com\/webdelmaestrocmf.com\/portal\/wp-content\/uploads\/2021\/07\/1-6.jpg?resize=350%2C200&ssl=1","width":350,"height":200,"srcset":"https:\/\/i0.wp.com\/webdelmaestrocmf.com\/portal\/wp-content\/uploads\/2021\/07\/1-6.jpg?resize=350%2C200&ssl=1 1x, https:\/\/i0.wp.com\/webdelmaestrocmf.com\/portal\/wp-content\/uploads\/2021\/07\/1-6.jpg?resize=525%2C300&ssl=1 1.5x, https:\/\/i0.wp.com\/webdelmaestrocmf.com\/portal\/wp-content\/uploads\/2021\/07\/1-6.jpg?resize=700%2C400&ssl=1 2x, https:\/\/i0.wp.com\/webdelmaestrocmf.com\/portal\/wp-content\/uploads\/2021\/07\/1-6.jpg?resize=1050%2C600&ssl=1 3x"},"classes":[]},{"id":70098,"url":"https:\/\/webdelmaestrocmf.com\/portal\/heriberto-prieto-las-salas-de-computo-acaso-seguiran-siendo-viables-contar-con-ellas-en-las-escuelas\/","url_meta":{"origin":54506,"position":3},"title":"[Heriberto Prieto] Las Salas de C\u00f3mputo: \u00bfAcaso seguir\u00e1n siendo viables contar con ellas en las Escuelas?","author":"Web del Maestro CMF","date":"27 octubre, 2021","format":false,"excerpt":"Durante el confinamiento debido\u00a0 a la primera y segunda ola de la pandemia del Covid-19 las escuelas cerraron con ellas las salas de c\u00f3mputo. Una de las dificultades que atravesaron los docentes y las familias fue invertir econ\u00f3micamente en adquisici\u00f3n de equipos tecnol\u00f3gicos y la renta del servicio de internet.\u2026","rel":"","context":"En \u00abZ-Colaborador-Heriberto-Prieto\u00bb","block_context":{"text":"Z-Colaborador-Heriberto-Prieto","link":"https:\/\/webdelmaestrocmf.com\/portal\/category\/colaborador\/z-colaborador-heriberto-prieto\/"},"img":{"alt_text":"","src":"https:\/\/i0.wp.com\/webdelmaestrocmf.com\/portal\/wp-content\/uploads\/2021\/10\/1-121.jpg?resize=350%2C200&ssl=1","width":350,"height":200,"srcset":"https:\/\/i0.wp.com\/webdelmaestrocmf.com\/portal\/wp-content\/uploads\/2021\/10\/1-121.jpg?resize=350%2C200&ssl=1 1x, https:\/\/i0.wp.com\/webdelmaestrocmf.com\/portal\/wp-content\/uploads\/2021\/10\/1-121.jpg?resize=525%2C300&ssl=1 1.5x, https:\/\/i0.wp.com\/webdelmaestrocmf.com\/portal\/wp-content\/uploads\/2021\/10\/1-121.jpg?resize=700%2C400&ssl=1 2x, https:\/\/i0.wp.com\/webdelmaestrocmf.com\/portal\/wp-content\/uploads\/2021\/10\/1-121.jpg?resize=1050%2C600&ssl=1 3x"},"classes":[]},{"id":55347,"url":"https:\/\/webdelmaestrocmf.com\/portal\/heriberto-prieto-evaluacion-sin-formacion-el-beneficio-de-las-mayorias\/","url_meta":{"origin":54506,"position":4},"title":"[Heriberto Prieto] Evaluaci\u00f3n sin formaci\u00f3n: el \u00abbeneficio\u00bb de las mayor\u00edas","author":"Web del Maestro CMF","date":"29 noviembre, 2020","format":false,"excerpt":"[M\u00e9xico] Al interrumpirse las clases presenciales del ciclo escolar 2019-2020 con motivo del COVID 19, los centros educativos retomaron las clases en la modalidad a distancia, lo que gener\u00f3 un gran conflicto respecto a su adaptaci\u00f3n y logro de resultados de aprendizaje. Tanto as\u00ed, que el gobierno se vio obligado\u2026","rel":"","context":"En \u00abZ-Colaborador-Heriberto-Prieto\u00bb","block_context":{"text":"Z-Colaborador-Heriberto-Prieto","link":"https:\/\/webdelmaestrocmf.com\/portal\/category\/colaborador\/z-colaborador-heriberto-prieto\/"},"img":{"alt_text":"","src":"https:\/\/i0.wp.com\/webdelmaestrocmf.com\/portal\/wp-content\/uploads\/2020\/11\/1-copia-81.jpg?resize=350%2C200&ssl=1","width":350,"height":200,"srcset":"https:\/\/i0.wp.com\/webdelmaestrocmf.com\/portal\/wp-content\/uploads\/2020\/11\/1-copia-81.jpg?resize=350%2C200&ssl=1 1x, https:\/\/i0.wp.com\/webdelmaestrocmf.com\/portal\/wp-content\/uploads\/2020\/11\/1-copia-81.jpg?resize=525%2C300&ssl=1 1.5x, https:\/\/i0.wp.com\/webdelmaestrocmf.com\/portal\/wp-content\/uploads\/2020\/11\/1-copia-81.jpg?resize=700%2C400&ssl=1 2x, https:\/\/i0.wp.com\/webdelmaestrocmf.com\/portal\/wp-content\/uploads\/2020\/11\/1-copia-81.jpg?resize=1050%2C600&ssl=1 3x"},"classes":[]},{"id":59358,"url":"https:\/\/webdelmaestrocmf.com\/portal\/heriberto-prieto-habia-una-vez-un-virus-videojuego-de-aprendizaje-del-coronavirus\/","url_meta":{"origin":54506,"position":5},"title":"[Heriberto Prieto] Hab\u00eda una vez un Virus: Videojuego de Aprendizaje del Coronavirus","author":"Web del Maestro CMF","date":"15 febrero, 2021","format":false,"excerpt":"El Coronavirus vino a cambiar nuestro modo de vida, al quedarnos en el confinamiento. Las alternativas de aprendizaje que se dieron fue el uso de los medios de comunicaci\u00f3n y el internet en el que todo parec\u00eda estar en un sal\u00f3n de clases pero sentado por largo periodo desde casa.\u2026","rel":"","context":"En \u00abZ-Colaborador-Heriberto-Prieto\u00bb","block_context":{"text":"Z-Colaborador-Heriberto-Prieto","link":"https:\/\/webdelmaestrocmf.com\/portal\/category\/colaborador\/z-colaborador-heriberto-prieto\/"},"img":{"alt_text":"","src":"https:\/\/i0.wp.com\/webdelmaestrocmf.com\/portal\/wp-content\/uploads\/2021\/02\/1-copia-46.jpg?resize=350%2C200&ssl=1","width":350,"height":200,"srcset":"https:\/\/i0.wp.com\/webdelmaestrocmf.com\/portal\/wp-content\/uploads\/2021\/02\/1-copia-46.jpg?resize=350%2C200&ssl=1 1x, https:\/\/i0.wp.com\/webdelmaestrocmf.com\/portal\/wp-content\/uploads\/2021\/02\/1-copia-46.jpg?resize=525%2C300&ssl=1 1.5x, https:\/\/i0.wp.com\/webdelmaestrocmf.com\/portal\/wp-content\/uploads\/2021\/02\/1-copia-46.jpg?resize=700%2C400&ssl=1 2x, https:\/\/i0.wp.com\/webdelmaestrocmf.com\/portal\/wp-content\/uploads\/2021\/02\/1-copia-46.jpg?resize=1050%2C600&ssl=1 3x"},"classes":[]}],"_links":{"self":[{"href":"https:\/\/webdelmaestrocmf.com\/portal\/wp-json\/wp\/v2\/posts\/54506","targetHints":{"allow":["GET"]}}],"collection":[{"href":"https:\/\/webdelmaestrocmf.com\/portal\/wp-json\/wp\/v2\/posts"}],"about":[{"href":"https:\/\/webdelmaestrocmf.com\/portal\/wp-json\/wp\/v2\/types\/post"}],"author":[{"embeddable":true,"href":"https:\/\/webdelmaestrocmf.com\/portal\/wp-json\/wp\/v2\/users\/1"}],"replies":[{"embeddable":true,"href":"https:\/\/webdelmaestrocmf.com\/portal\/wp-json\/wp\/v2\/comments?post=54506"}],"version-history":[{"count":0,"href":"https:\/\/webdelmaestrocmf.com\/portal\/wp-json\/wp\/v2\/posts\/54506\/revisions"}],"wp:featuredmedia":[{"embeddable":true,"href":"https:\/\/webdelmaestrocmf.com\/portal\/wp-json\/wp\/v2\/media\/54509"}],"wp:attachment":[{"href":"https:\/\/webdelmaestrocmf.com\/portal\/wp-json\/wp\/v2\/media?parent=54506"}],"wp:term":[{"taxonomy":"category","embeddable":true,"href":"https:\/\/webdelmaestrocmf.com\/portal\/wp-json\/wp\/v2\/categories?post=54506"},{"taxonomy":"post_tag","embeddable":true,"href":"https:\/\/webdelmaestrocmf.com\/portal\/wp-json\/wp\/v2\/tags?post=54506"}],"curies":[{"name":"wp","href":"https:\/\/api.w.org\/{rel}","templated":true}]}}