{"id":54233,"date":"2020-11-08T13:08:57","date_gmt":"2020-11-08T16:08:57","guid":{"rendered":"https:\/\/webdelmaestrocmf.com\/portal\/?p=54233"},"modified":"2020-11-08T19:05:39","modified_gmt":"2020-11-08T22:05:39","slug":"historia-del-peru-precolombino-en-20-videos","status":"publish","type":"post","link":"https:\/\/webdelmaestrocmf.com\/portal\/historia-del-peru-precolombino-en-20-videos\/","title":{"rendered":"Historia del Per\u00fa Precolombino en 20 videos"},"content":{"rendered":"<h5 style=\"text-align: justify;\">La civilizaci\u00f3n m\u00e1s importante que se desarroll\u00f3 en Sudam\u00e9rica y que ha marcado la historia de la humanidad en esta parte del mundo, es el <strong>Imperio Inca<\/strong>, que ocup\u00f3 m\u00e1s de tres millones de kil\u00f3metros cuadrados, dividido en cuatro suyos o regiones, las cuales ten\u00edan como centro pol\u00edtico-religioso a la ciudad de Cuzco. El imperio se form\u00f3 despu\u00e9s de conquistar lo que se conoce como las <strong>culturas pre incaicas<\/strong>, n\u00facleos que generaron los procesos culturales m\u00e1s complejos y que estaban ubicadas en la costa del Oc\u00e9ano Pac\u00edfico, los Andes centrales y parte de la selva amaz\u00f3nica, ubicadas en los actuales pa\u00edses de Per\u00fa, Bolivia, gran parte de Ecuador, el noroeste de Argentina y el norte de Chile. Para conocer las principales civilizaciones preincaicas en el Per\u00fa, le sugerimos ingresar a este enlace: <a href=\"https:\/\/www.peruinformation.org\/culturas-preincaicas\" target=\"_blank\" rel=\"noopener noreferrer\"><strong>LAS CULTURAS PREINCAICAS<\/strong><\/a><\/h5>\n<p><!--more--><\/p>\n<p style=\"text-align: justify;\">La era tecnol\u00f3gica y el desarrollo de las TIC, nos ofrecen nuevas formas para conocer la historia de la humanidad, y de manera m\u00e1s entretenida. Y a causa del cierre de las escuelas por la pandemia del Covid 19, <strong>la educaci\u00f3n a distancia ha creado un nuevo y muy interesante campo para el desarrollo del proceso ense\u00f1anza \u2013 aprendizaje apoyado por las nuevas tecnolog\u00edas de la comunicaci\u00f3n<\/strong>. Desde la Web del Maestro CMF, les compartimos esta serie de videos, para que, con la creatividad e imaginaci\u00f3n pedag\u00f3gica docentes, aproveche los recursos virtuales que nos ofrece en Lima el <a href=\"https:\/\/www.museolarco.org\/\" target=\"_blank\" rel=\"noopener noreferrer\"><strong>MUSEO LARCO.<\/strong><\/a><\/p>\n<p style=\"text-align: justify;\">El Museo Larco, fundado en 1926 por Rafael Larco Hoyle, expone una excelente y muy bien conservada <strong>colecci\u00f3n de arte precolombino peruano<\/strong>, que permite conocer los <strong>antecesores de la Cultura Inca<\/strong>, antes de que arribaran los conquistadores espa\u00f1oles, quienes aparte de ver los encantos de la naturaleza deslumbrante, tambi\u00e9n encontraron la presencia restos arqueol\u00f3gicos de poblaciones que se conocen como culturas preincaicas como las culturas <strong>Vicus, Nazca, Mochica, Sic\u00e1n<\/strong> \u00f3 Cultura Lambayeque, <strong>Chav\u00edn y Paracas<\/strong>, cuyo restos arqueol\u00f3gicos se exhiben en sus\u00a0 galer\u00edas, mostrando los (alrededor de) <strong>5000 a\u00f1os de desarrollo de la historia del Per\u00fa precolombino.<\/strong><\/p>\n<p style=\"text-align: justify;\">La Miniserie <strong><em>\u201cDescubre el Antiguo Per\u00fa con el Museo Larco\u00bb<\/em><\/strong>, creada y ofrecida por el Museo Larco, son videos (en espa\u00f1ol), mediante los cuales se pueden conocer, de una manera muy amena y pedag\u00f3gica, la vida de los antiguos pobladores peruanos, asentados en lugares que fueron conquistados por los incas e incorporados a su cultura. Ojal\u00e1 que esta publicaci\u00f3n, les sea \u00fatil para su cultura general, para los profesores de asignaturas relacionadas y el aprendizaje ameno de los estudiantes.<\/p>\n<h5 style=\"text-align: justify;\"><strong>PRESENTACI\u00d3N <\/strong>(03\u00b4 54\u201d)<\/h5>\n<p><iframe loading=\"lazy\" src=\"https:\/\/www.youtube.com\/embed\/zHFGIZ4bjdc\" width=\"100%\" height=\"400\" frameborder=\"0\" allowfullscreen=\"allowfullscreen\"><span data-mce-type=\"bookmark\" style=\"display: inline-block; width: 0px; overflow: hidden; line-height: 0;\" class=\"mce_SELRES_start\">\ufeff<\/span><\/iframe><\/p>\n<p style=\"text-align: justify;\">A trav\u00e9s de reflexiones en torno a conceptos, formas y figuras de la historia precolombina, con im\u00e1genes de una pieza elegida de la colecci\u00f3n del Museo, as\u00ed como paisajes y animaciones que explican aspectos de la cosmovisi\u00f3n, los conocimientos, la organizaci\u00f3n social y las actividades econ\u00f3micas del antiguo Per\u00fa, les <strong>permitir\u00e1 a los profesores, y sus estudiantes, as\u00ed como a los visitantes, <\/strong>conocer de una manera diferente a los antiguos peruanos, a trav\u00e9s de su arte.<\/p>\n<h5 style=\"text-align: justify;\"><strong>COMENTARIO DE ULLA HOLMQUIST <\/strong>(02\u00b4 39\u201d)<\/h5>\n<p><iframe loading=\"lazy\" src=\"https:\/\/www.youtube.com\/embed\/h4bfC83xJHk\" width=\"100%\" height=\"400\" frameborder=\"0\" allowfullscreen=\"allowfullscreen\"><span data-mce-type=\"bookmark\" style=\"display: inline-block; width: 0px; overflow: hidden; line-height: 0;\" class=\"mce_SELRES_start\">\ufeff<\/span><\/iframe><\/p>\n<p style=\"text-align: justify;\">Esta serie, que puede servir como un recurso educativo para desarrollar el estudio de las <strong>antiguas culturas que poblaron Am\u00e9rica del Sur<\/strong>, sus relaciones con la Naturaleza y su cosmovisi\u00f3n. Comprende m\u00e1s de <strong>20 episodios<\/strong>, cada uno con una duraci\u00f3n aproximada de 2 minutos, que f<strong>ueron estrenados en las redes sociales del museo Larco<\/strong> (YouTube, Facebook, Instagram y Twitter).<\/p>\n<p style=\"text-align: justify;\">Desde su lanzamiento en abril 2020, esta miniserie ha sido vista por miles de personas en su p\u00e1gina web, redes sociales y en su transmisi\u00f3n en televisi\u00f3n por cable y se\u00f1al abierta.<\/p>\n<p style=\"text-align: justify;\">Estos son los episodios introductorios que est\u00e1n a su disposici\u00f3n (<em>basta con hacer click en cada t\u00edtulo para ingresar al video<\/em>):<\/p>\n<p style=\"text-align: left;\"><strong>\u00bfSAB\u00cdA QUE EL PER\u00da FUE UNO DE LOS \u00daLTIMOS RINCONES DEL MUNDO EN SER POBLADO POR EL SER HUMANO?\u00a0 (02\u00b4 28\u201d)<\/strong><\/p>\n<p><iframe loading=\"lazy\" src=\"https:\/\/www.youtube.com\/embed\/N0ry-pzAV6I\" width=\"100%\" height=\"400\" frameborder=\"0\" allowfullscreen=\"allowfullscreen\"><span data-mce-type=\"bookmark\" style=\"display: inline-block; width: 0px; overflow: hidden; line-height: 0;\" class=\"mce_SELRES_start\">\ufeff<\/span><\/iframe><\/p>\n<p style=\"text-align: justify;\"><strong>\u00bfSAB\u00cdA QUE EN EL PER\u00da SURGI\u00d3 LA \u00daNICA CUNA CIVILIZATORIA DEL HEMISFERIO SUR? <\/strong>(02\u00b4 36\u201d)<\/p>\n<p><iframe loading=\"lazy\" src=\"https:\/\/www.youtube.com\/embed\/T0LuFoE4PDg\" width=\"100%\" height=\"400\" frameborder=\"0\" allowfullscreen=\"allowfullscreen\"><span data-mce-type=\"bookmark\" style=\"display: inline-block; width: 0px; overflow: hidden; line-height: 0;\" class=\"mce_SELRES_start\">\ufeff<\/span><\/iframe><\/p>\n<p style=\"text-align: justify;\">Esperamos les sean \u00fatiles estos 19 cap\u00edtulos de la miniserie <strong><em>\u201cDescubre el antiguo Per\u00fa con el Museo Larco\u201d, <\/em><\/strong>a los cuales podr\u00e1 (Usted, sus estudiantes, colegas y padres de familia) acceder con solo hacer click en el t\u00edtulo de cada episodio. El Museo Larco nos recuerda que <strong>estos recursos fueron creados con el objetivo de promover la reflexi\u00f3n y el di\u00e1logo, <\/strong>por lo que, unidos ese buen deseo<strong>, <\/strong>esperamos que la esta publicaci\u00f3n de la Web del Maestro CMF, que les sea \u00fatil para su formaci\u00f3n permanente.<\/p>\n<ol style=\"text-align: justify;\">\n<li><strong>SOCIEDADES AGR\u00cdCOLAS <\/strong>(00\u00b4 39\u201d)<\/li>\n<\/ol>\n<p><iframe loading=\"lazy\" src=\"https:\/\/www.youtube.com\/embed\/4Oe_YVBJ77k\" width=\"100%\" height=\"400\" frameborder=\"0\" allowfullscreen=\"allowfullscreen\"><span data-mce-type=\"bookmark\" style=\"display: inline-block; width: 0px; overflow: hidden; line-height: 0;\" class=\"mce_SELRES_start\">\ufeff<\/span><\/iframe><\/p>\n<ol style=\"text-align: justify;\" start=\"2\">\n<li><strong>HANAN PACHA <\/strong>(01\u00b4 52\u201d)<\/li>\n<\/ol>\n<p><iframe loading=\"lazy\" src=\"https:\/\/www.youtube.com\/embed\/ATcm84Z4gkI\" width=\"100%\" height=\"400\" frameborder=\"0\" allowfullscreen=\"allowfullscreen\"><span data-mce-type=\"bookmark\" style=\"display: inline-block; width: 0px; overflow: hidden; line-height: 0;\" class=\"mce_SELRES_start\">\ufeff<\/span><\/iframe><\/p>\n<ol style=\"text-align: justify;\" start=\"3\">\n<li><strong>UKU PACHA <\/strong>(01\u00b4 36\u201d)<\/li>\n<\/ol>\n<p><iframe loading=\"lazy\" src=\"https:\/\/www.youtube.com\/embed\/pLqIDvXc1fY\" width=\"100%\" height=\"400\" frameborder=\"0\" allowfullscreen=\"allowfullscreen\"><span data-mce-type=\"bookmark\" style=\"display: inline-block; width: 0px; overflow: hidden; line-height: 0;\" class=\"mce_SELRES_start\">\ufeff<\/span><\/iframe><\/p>\n<ol style=\"text-align: justify;\" start=\"4\">\n<li><strong>KAY PACHA <\/strong>(01\u00b4 55\u201d)<\/li>\n<\/ol>\n<p><iframe loading=\"lazy\" src=\"https:\/\/www.youtube.com\/embed\/JdajySfSzss\" width=\"100%\" height=\"400\" frameborder=\"0\" allowfullscreen=\"allowfullscreen\"><span data-mce-type=\"bookmark\" style=\"display: inline-block; width: 0px; overflow: hidden; line-height: 0;\" class=\"mce_SELRES_start\">\ufeff<\/span><\/iframe><\/p>\n<ol style=\"text-align: justify;\" start=\"5\">\n<li><strong>AVES <\/strong>(01\u00b4 51\u201d)<\/li>\n<\/ol>\n<p><iframe loading=\"lazy\" src=\"https:\/\/www.youtube.com\/embed\/OxmkJ37Zg-w\" width=\"100%\" height=\"400\" frameborder=\"0\" allowfullscreen=\"allowfullscreen\"><span data-mce-type=\"bookmark\" style=\"display: inline-block; width: 0px; overflow: hidden; line-height: 0;\" class=\"mce_SELRES_start\">\ufeff<\/span><\/iframe><\/p>\n<ol style=\"text-align: justify;\" start=\"6\">\n<li><strong>SERPIENTES <\/strong>(01\u00b4 35\u201d)<\/li>\n<\/ol>\n<p><iframe loading=\"lazy\" src=\"https:\/\/www.youtube.com\/embed\/3GwTnNE2Uio\" width=\"100%\" height=\"400\" frameborder=\"0\" allowfullscreen=\"allowfullscreen\"><span data-mce-type=\"bookmark\" style=\"display: inline-block; width: 0px; overflow: hidden; line-height: 0;\" class=\"mce_SELRES_start\">\ufeff<\/span><\/iframe><\/p>\n<ol style=\"text-align: justify;\" start=\"7\">\n<li><strong>FELINOS <\/strong>(01\u00b4 44\u201d)<\/li>\n<\/ol>\n<p><iframe loading=\"lazy\" src=\"https:\/\/www.youtube.com\/embed\/Y-loDdHKSlA\" width=\"100%\" height=\"400\" frameborder=\"0\" allowfullscreen=\"allowfullscreen\"><span data-mce-type=\"bookmark\" style=\"display: inline-block; width: 0px; overflow: hidden; line-height: 0;\" class=\"mce_SELRES_start\">\ufeff<\/span><\/iframe><\/p>\n<ol style=\"text-align: justify;\" start=\"8\">\n<li><strong>AVE-FELINO-SERPIENTE <\/strong>(02\u00b4 31\u201d)<\/li>\n<\/ol>\n<p><iframe loading=\"lazy\" src=\"https:\/\/www.youtube.com\/embed\/Xzct_TV6vOo\" width=\"100%\" height=\"400\" frameborder=\"0\" allowfullscreen=\"allowfullscreen\"><span data-mce-type=\"bookmark\" style=\"display: inline-block; width: 0px; overflow: hidden; line-height: 0;\" class=\"mce_SELRES_start\">\ufeff<\/span><\/iframe><\/p>\n<ol style=\"text-align: justify;\" start=\"9\">\n<li><strong>HOMBRE-FELINO <\/strong>(02\u00b4 52\u201d)<\/li>\n<\/ol>\n<p><iframe loading=\"lazy\" src=\"https:\/\/www.youtube.com\/embed\/MRusC7NOziE\" width=\"100%\" height=\"400\" frameborder=\"0\" allowfullscreen=\"allowfullscreen\"><span data-mce-type=\"bookmark\" style=\"display: inline-block; width: 0px; overflow: hidden; line-height: 0;\" class=\"mce_SELRES_start\">\ufeff<\/span><\/iframe><\/p>\n<ol style=\"text-align: justify;\" start=\"10\">\n<li><strong>DRAG\u00d3N ANDINO <\/strong>(02\u00b4 33\u201d)<\/li>\n<\/ol>\n<p><iframe loading=\"lazy\" src=\"https:\/\/www.youtube.com\/embed\/uFnhsLFEzP0\" width=\"100%\" height=\"400\" frameborder=\"0\" allowfullscreen=\"allowfullscreen\"><span data-mce-type=\"bookmark\" style=\"display: inline-block; width: 0px; overflow: hidden; line-height: 0;\" class=\"mce_SELRES_start\">\ufeff<\/span><\/iframe><\/p>\n<ol style=\"text-align: justify;\" start=\"11\">\n<li><strong>DIOS B\u00daHO <\/strong>(02\u00b4 39\u201d)<\/li>\n<\/ol>\n<p><iframe loading=\"lazy\" src=\"https:\/\/www.youtube.com\/embed\/dQtrY-nGXTw\" width=\"100%\" height=\"400\" frameborder=\"0\" allowfullscreen=\"allowfullscreen\"><span data-mce-type=\"bookmark\" style=\"display: inline-block; width: 0px; overflow: hidden; line-height: 0;\" class=\"mce_SELRES_start\">\ufeff<\/span><\/iframe><\/p>\n<ol style=\"text-align: justify;\" start=\"12\">\n<li><strong>CHAM\u00c1N NASCA <\/strong>(02\u00b4 34\u201d)<\/li>\n<\/ol>\n<p><iframe loading=\"lazy\" src=\"https:\/\/www.youtube.com\/embed\/mvSMMmfOGkE\" width=\"100%\" height=\"400\" frameborder=\"0\" allowfullscreen=\"allowfullscreen\"><span data-mce-type=\"bookmark\" style=\"display: inline-block; width: 0px; overflow: hidden; line-height: 0;\" class=\"mce_SELRES_start\">\ufeff<\/span><\/iframe><\/p>\n<ol style=\"text-align: justify;\" start=\"13\">\n<li><strong>DUALIDAD <\/strong>(02\u00b4 42\u201d)<\/li>\n<\/ol>\n<p><iframe loading=\"lazy\" src=\"https:\/\/www.youtube.com\/embed\/Xpv1DEPC004\" width=\"100%\" height=\"400\" frameborder=\"0\" allowfullscreen=\"allowfullscreen\"><span data-mce-type=\"bookmark\" style=\"display: inline-block; width: 0px; overflow: hidden; line-height: 0;\" class=\"mce_SELRES_start\">\ufeff<\/span><\/iframe><\/p>\n<ol style=\"text-align: justify;\" start=\"14\">\n<li><strong>ESPIRAL <\/strong>(02\u00b4 17\u201d)<\/li>\n<\/ol>\n<p><iframe loading=\"lazy\" src=\"https:\/\/www.youtube.com\/embed\/mVuZ7M1I68Q\" width=\"100%\" height=\"400\" frameborder=\"0\" allowfullscreen=\"allowfullscreen\"><span data-mce-type=\"bookmark\" style=\"display: inline-block; width: 0px; overflow: hidden; line-height: 0;\" class=\"mce_SELRES_start\">\ufeff<\/span><\/iframe><\/p>\n<ol style=\"text-align: justify;\" start=\"15\">\n<li><strong>ESCALONADO <\/strong>(02\u00b4 28\u201d)<\/li>\n<\/ol>\n<p><iframe loading=\"lazy\" src=\"https:\/\/www.youtube.com\/embed\/UMjdTX5Z7zA\" width=\"100%\" height=\"400\" frameborder=\"0\" allowfullscreen=\"allowfullscreen\"><span data-mce-type=\"bookmark\" style=\"display: inline-block; width: 0px; overflow: hidden; line-height: 0;\" class=\"mce_SELRES_start\">\ufeff<\/span><\/iframe><\/p>\n<ol style=\"text-align: justify;\" start=\"16\">\n<li><strong>MANTO DEL DRAG\u00d3N <\/strong>(03\u00b4 30\u201d)<\/li>\n<\/ol>\n<p><iframe loading=\"lazy\" src=\"https:\/\/www.youtube.com\/embed\/qgff0IO64Ls\" width=\"100%\" height=\"400\" frameborder=\"0\" allowfullscreen=\"allowfullscreen\"><span data-mce-type=\"bookmark\" style=\"display: inline-block; width: 0px; overflow: hidden; line-height: 0;\" class=\"mce_SELRES_start\">\ufeff<\/span><\/iframe><\/p>\n<ol style=\"text-align: justify;\" start=\"17\">\n<li><strong>AGUA <\/strong>(03\u00b4 07\u201d)<\/li>\n<\/ol>\n<p><iframe loading=\"lazy\" src=\"https:\/\/www.youtube.com\/embed\/Q6kVHdMPE_Y\" width=\"100%\" height=\"400\" frameborder=\"0\" allowfullscreen=\"allowfullscreen\"><span data-mce-type=\"bookmark\" style=\"display: inline-block; width: 0px; overflow: hidden; line-height: 0;\" class=\"mce_SELRES_start\">\ufeff<\/span><\/iframe><\/p>\n<ol style=\"text-align: justify;\" start=\"18\">\n<li><strong>HUACOS (PARTE 1) <\/strong>(02\u00b433\u201d)<\/li>\n<\/ol>\n<p><iframe loading=\"lazy\" src=\"https:\/\/www.youtube.com\/embed\/lhgS6h5moH4\" width=\"100%\" height=\"400\" frameborder=\"0\" allowfullscreen=\"allowfullscreen\"><span data-mce-type=\"bookmark\" style=\"display: inline-block; width: 0px; overflow: hidden; line-height: 0;\" class=\"mce_SELRES_start\">\ufeff<\/span><\/iframe><\/p>\n<ol style=\"text-align: justify;\" start=\"19\">\n<li><strong>HUACOS (PARTE 2) <\/strong>(03\u00b4 51\u201d)<\/li>\n<\/ol>\n<p><iframe loading=\"lazy\" src=\"https:\/\/www.youtube.com\/embed\/uxmUwpXcNFg\" width=\"100%\" height=\"400\" frameborder=\"0\" allowfullscreen=\"allowfullscreen\"><span data-mce-type=\"bookmark\" style=\"display: inline-block; width: 0px; overflow: hidden; line-height: 0;\" class=\"mce_SELRES_start\">\ufeff<\/span><\/iframe><\/p>\n<p style=\"text-align: justify;\">(<strong><em>El video 20, al momento de compartir esta publicaci\u00f3n, a\u00fan no est\u00e1 en la Web del Museo<\/em><\/strong>).<\/p>\n<p style=\"text-align: justify;\">Puede Usted complementar cada episodio <strong>viendo los comentarios a cargo de invitados<\/strong> de diferentes disciplinas, explorando exposiciones virtuales tem\u00e1ticas, o realizando actividades en la educaci\u00f3n a distancia, reuniones virtuales, motivando comentarios en las familias y como material pedag\u00f3gico de alta calidad.<\/p>\n<p><img loading=\"lazy\" decoding=\"async\" class=\"alignnone size-full wp-image-54235\" src=\"https:\/\/webdelmaestrocmf.com\/portal\/wp-content\/uploads\/2020\/11\/1-56.jpg\" alt=\"\" width=\"1920\" height=\"1920\" srcset=\"https:\/\/webdelmaestrocmf.com\/portal\/wp-content\/uploads\/2020\/11\/1-56.jpg 1920w, https:\/\/webdelmaestrocmf.com\/portal\/wp-content\/uploads\/2020\/11\/1-56-300x300.jpg 300w, https:\/\/webdelmaestrocmf.com\/portal\/wp-content\/uploads\/2020\/11\/1-56-1024x1024.jpg 1024w, https:\/\/webdelmaestrocmf.com\/portal\/wp-content\/uploads\/2020\/11\/1-56-150x150.jpg 150w, https:\/\/webdelmaestrocmf.com\/portal\/wp-content\/uploads\/2020\/11\/1-56-768x768.jpg 768w, https:\/\/webdelmaestrocmf.com\/portal\/wp-content\/uploads\/2020\/11\/1-56-1536x1536.jpg 1536w, https:\/\/webdelmaestrocmf.com\/portal\/wp-content\/uploads\/2020\/11\/1-56-80x80.jpg 80w, https:\/\/webdelmaestrocmf.com\/portal\/wp-content\/uploads\/2020\/11\/1-56-110x110.jpg 110w, https:\/\/webdelmaestrocmf.com\/portal\/wp-content\/uploads\/2020\/11\/1-56-200x200.jpg 200w, https:\/\/webdelmaestrocmf.com\/portal\/wp-content\/uploads\/2020\/11\/1-56-380x380.jpg 380w, https:\/\/webdelmaestrocmf.com\/portal\/wp-content\/uploads\/2020\/11\/1-56-255x255.jpg 255w, https:\/\/webdelmaestrocmf.com\/portal\/wp-content\/uploads\/2020\/11\/1-56-550x550.jpg 550w, https:\/\/webdelmaestrocmf.com\/portal\/wp-content\/uploads\/2020\/11\/1-56-800x800.jpg 800w, https:\/\/webdelmaestrocmf.com\/portal\/wp-content\/uploads\/2020\/11\/1-56-1160x1160.jpg 1160w, https:\/\/webdelmaestrocmf.com\/portal\/wp-content\/uploads\/2020\/11\/1-56-160x160.jpg 160w, https:\/\/webdelmaestrocmf.com\/portal\/wp-content\/uploads\/2020\/11\/1-56-220x220.jpg 220w, https:\/\/webdelmaestrocmf.com\/portal\/wp-content\/uploads\/2020\/11\/1-56-400x400.jpg 400w, https:\/\/webdelmaestrocmf.com\/portal\/wp-content\/uploads\/2020\/11\/1-56-760x760.jpg 760w, https:\/\/webdelmaestrocmf.com\/portal\/wp-content\/uploads\/2020\/11\/1-56-510x510.jpg 510w, https:\/\/webdelmaestrocmf.com\/portal\/wp-content\/uploads\/2020\/11\/1-56-600x600.jpg 600w, https:\/\/webdelmaestrocmf.com\/portal\/wp-content\/uploads\/2020\/11\/1-56-1100x1100.jpg 1100w, https:\/\/webdelmaestrocmf.com\/portal\/wp-content\/uploads\/2020\/11\/1-56-1600x1600.jpg 1600w\" sizes=\"auto, (max-width: 1920px) 100vw, 1920px\" \/><\/p>\n<p style=\"text-align: justify;\">Tambi\u00e9n dispone Usted de <strong>interesantes y \u00fatiles recursos educativos<\/strong> para la ense\u00f1anza \u2013 aprendizaje, ofrecidos por el Museo Larco, como:<\/p>\n<ul style=\"text-align: justify;\">\n<li>Actividad: \u00a1Busca y Encuentra!<\/li>\n<li>Exposiciones virtuales<\/li>\n<li>Bibliograf\u00eda<\/li>\n<\/ul>\n<p style=\"text-align: justify;\">Si est\u00e1 interesado solo tiene que ingresar a este enlace: <a href=\"https:\/\/www.museolarco.org\/miniserie-descubre-el-antiguo-peru\/?fbclid=IwAR3kgnNwPajl6sAItHTA_F0KfLaSvgBNj77kelNUxIU0Oox1TXkzPBDyUuw\" target=\"_blank\" rel=\"noopener noreferrer\"><strong>DESCUBRE EL PER\u00da ANTIGUO<\/strong><\/a><\/p>\n<p style=\"text-align: justify;\">Deseamos que pr\u00f3ximamente tengamos la posibilidad de compartir material educativo semejante a este, de otros lugares del mundo. En este tiempo, en que <strong>la educaci\u00f3n a distancia se ha planeado como un nuevo itinerario pedag\u00f3gico,<\/strong> ojal\u00e1 que sean muchos m\u00e1s los profesores y estudiantes que puedan tener acceso a Internet, a la TV, y contar con una computadora o un m\u00f3vil o celular, herramientas necesarias para apoyar y asegurar el valor de una educaci\u00f3n virtual equitativa e inclusiva.<\/p>\n<p style=\"text-align: right;\"><strong>REDACCI\u00d3N WEB DEL MAESTRO CM<\/strong><strong>F<\/strong><\/p>\n\t\t<div class=\"pk-inline-posts\">\n\t\t\t\n\t\t\t<div class=\"pk-inline-posts-container pk-inline-posts-template-list\"\n\t\t\t\tdata-columns=\"1\">\n\t\t\t\t\t\t<article id=\"post-17756\" class=\"post-17756 post type-post status-publish format-standard has-post-thumbnail category-jamb tag-dia tag-dia-del-trabajo tag-jorge-bergoglio tag-maestros tag-trabajo cs-entry cs-video-wrap\">\n\t\t\t<div class=\"pk-post-outer\">\n\n\t\t\t\t\t\t\t\t<div class=\"pk-post-inner\">\n\t\t\t\t\t<div class=\"entry-thumbnail\">\n\t\t\t\t\t\t<div class=\"pk-overlay pk-overlay-ratio pk-ratio-landscape\">\n\t\t\t\t\t\t\t<div class=\"pk-overlay-background\">\n\t\t\t\t\t\t\t\t<a href=\"https:\/\/webdelmaestrocmf.com\/portal\/dia-del-trabajo-maestros-gracias-lo-hacen\/\" class=\"pk-overlay-link\">\n\t\t\t\t\t\t\t\t\t<img loading=\"lazy\" decoding=\"async\" width=\"300\" height=\"225\" src=\"https:\/\/webdelmaestrocmf.com\/portal\/wp-content\/uploads\/2023\/05\/Banner-1-portada-imagen-10-1-55-300x225.jpg\" class=\"attachment-pk-thumbnail size-pk-thumbnail wp-post-image\" alt=\"d\u00eda del trabajo\" \/>\t\t\t\t\t\t\t\t<\/a>\n\t\t\t\t\t\t\t<\/div>\n\t\t\t\t\t\t<\/div>\n\t\t\t\t\t<\/div>\n\t\t\t\t<\/div>\n\t\t\t\t\n\t\t\t\t<div class=\"pk-post-inner\">\n\t\t\t\t\t<header>\n\t\t\t\t\t\t<h3 class=\"pk-title\"><a href=\"https:\/\/webdelmaestrocmf.com\/portal\/dia-del-trabajo-maestros-gracias-lo-hacen\/\" rel=\"bookmark\">D\u00eda Internacional de los Trabajadores: Maestros, \u00a1gracias por lo que hacen!<\/a><\/h3>\t\t\t\t\t<\/header><!-- .entry-header -->\n\t\t\t\t<\/div><!-- .post-inner -->\n\n\t\t\t<\/div><!-- .post-outer -->\n\t\t<\/article>\n\t\t\t\t<\/div>\n\t\t<\/div>\n\t\t\n","protected":false},"excerpt":{"rendered":"La civilizaci\u00f3n m\u00e1s importante que se desarroll\u00f3 en Sudam\u00e9rica y que ha marcado la historia de la humanidad&hellip;","protected":false},"author":1,"featured_media":54234,"comment_status":"open","ping_status":"closed","sticky":false,"template":"","format":"standard","meta":{"csco_display_header_overlay":false,"csco_singular_sidebar":"default","csco_page_header_type":"default","csco_page_load_nextpost":"default","csco_post_video_location":[],"csco_post_video_location_hash":"","csco_post_video_url":"","csco_post_video_bg_start_time":0,"csco_post_video_bg_end_time":0,"csco_post_video_bg_volume":false,"_jetpack_memberships_contains_paid_content":false,"footnotes":""},"categories":[61],"tags":[1759,5985,2773],"class_list":{"0":"post-54233","1":"post","2":"type-post","3":"status-publish","4":"format-standard","5":"has-post-thumbnail","7":"category-jamb","8":"tag-historia","9":"tag-peru-precolombino","10":"tag-videos","11":"cs-entry","12":"cs-video-wrap"},"yoast_head":"<!-- This site is optimized with the Yoast SEO plugin v27.5 - https:\/\/yoast.com\/product\/yoast-seo-wordpress\/ -->\n<title>Historia del Per\u00fa Precolombino en 20 videos - 2026<\/title>\n<meta name=\"description\" content=\"La civilizaci\u00f3n m\u00e1s importante que se desarroll\u00f3 en Sudam\u00e9rica y que ha marcado la historia de la humanidad en esta parte del...\" \/>\n<meta name=\"robots\" content=\"index, follow, max-snippet:-1, max-image-preview:large, max-video-preview:-1\" \/>\n<link rel=\"canonical\" href=\"https:\/\/webdelmaestrocmf.com\/portal\/historia-del-peru-precolombino-en-20-videos\/\" \/>\n<meta property=\"og:locale\" content=\"es_ES\" \/>\n<meta property=\"og:type\" content=\"article\" \/>\n<meta property=\"og:title\" content=\"Historia del Per\u00fa Precolombino en 20 videos - 2026\" \/>\n<meta property=\"og:description\" content=\"La civilizaci\u00f3n m\u00e1s importante que se desarroll\u00f3 en Sudam\u00e9rica y que ha marcado la historia de la humanidad en esta parte del...\" \/>\n<meta property=\"og:url\" content=\"https:\/\/webdelmaestrocmf.com\/portal\/historia-del-peru-precolombino-en-20-videos\/\" \/>\n<meta property=\"og:site_name\" content=\"Web del Maestro CMF\" \/>\n<meta property=\"article:publisher\" content=\"https:\/\/www.facebook.com\/WebdelMaestroCMF\/\" \/>\n<meta property=\"article:author\" content=\"https:\/\/www.facebook.com\/WebdelMaestroCMF\/\" \/>\n<meta property=\"article:published_time\" content=\"2020-11-08T16:08:57+00:00\" \/>\n<meta property=\"article:modified_time\" content=\"2020-11-08T22:05:39+00:00\" \/>\n<meta property=\"og:image\" content=\"https:\/\/i0.wp.com\/webdelmaestrocmf.com\/portal\/wp-content\/uploads\/2020\/11\/1-copia-25.jpg?fit=1100%2C680&ssl=1\" \/>\n\t<meta property=\"og:image:width\" content=\"1100\" \/>\n\t<meta property=\"og:image:height\" content=\"680\" \/>\n\t<meta property=\"og:image:type\" content=\"image\/jpeg\" \/>\n<meta name=\"author\" content=\"Web del Maestro CMF\" \/>\n<meta name=\"twitter:card\" content=\"summary_large_image\" \/>\n<meta name=\"twitter:creator\" content=\"@cmf_w\" \/>\n<meta name=\"twitter:site\" content=\"@cmf_w\" \/>\n<script type=\"application\/ld+json\" class=\"yoast-schema-graph\">{\"@context\":\"https:\\\/\\\/schema.org\",\"@graph\":[{\"@type\":\"ScholarlyArticle\",\"@id\":\"https:\\\/\\\/webdelmaestrocmf.com\\\/portal\\\/historia-del-peru-precolombino-en-20-videos\\\/#article\",\"isPartOf\":{\"@id\":\"https:\\\/\\\/webdelmaestrocmf.com\\\/portal\\\/historia-del-peru-precolombino-en-20-videos\\\/\"},\"author\":{\"name\":\"Web del Maestro CMF\",\"@id\":\"https:\\\/\\\/webdelmaestrocmf.com\\\/portal\\\/#\\\/schema\\\/person\\\/1072a2ed7bd960df8ef99a551fa35dc5\"},\"headline\":\"Historia del Per\u00fa Precolombino en 20 videos\",\"datePublished\":\"2020-11-08T16:08:57+00:00\",\"dateModified\":\"2020-11-08T22:05:39+00:00\",\"mainEntityOfPage\":{\"@id\":\"https:\\\/\\\/webdelmaestrocmf.com\\\/portal\\\/historia-del-peru-precolombino-en-20-videos\\\/\"},\"wordCount\":1014,\"commentCount\":0,\"publisher\":{\"@id\":\"https:\\\/\\\/webdelmaestrocmf.com\\\/portal\\\/#organization\"},\"image\":{\"@id\":\"https:\\\/\\\/webdelmaestrocmf.com\\\/portal\\\/historia-del-peru-precolombino-en-20-videos\\\/#primaryimage\"},\"thumbnailUrl\":\"https:\\\/\\\/webdelmaestrocmf.com\\\/portal\\\/wp-content\\\/uploads\\\/2020\\\/11\\\/1-copia-25.jpg\",\"keywords\":[\"HISTORIA\",\"Per\u00fa Precolombino\",\"VIDEOS\"],\"articleSection\":[\"Yo opino - WMCMF\"],\"inLanguage\":\"es\",\"potentialAction\":[{\"@type\":\"CommentAction\",\"name\":\"Comment\",\"target\":[\"https:\\\/\\\/webdelmaestrocmf.com\\\/portal\\\/historia-del-peru-precolombino-en-20-videos\\\/#respond\"]}]},{\"@type\":\"WebPage\",\"@id\":\"https:\\\/\\\/webdelmaestrocmf.com\\\/portal\\\/historia-del-peru-precolombino-en-20-videos\\\/\",\"url\":\"https:\\\/\\\/webdelmaestrocmf.com\\\/portal\\\/historia-del-peru-precolombino-en-20-videos\\\/\",\"name\":\"Historia del Per\u00fa Precolombino en 20 videos - 2026\",\"isPartOf\":{\"@id\":\"https:\\\/\\\/webdelmaestrocmf.com\\\/portal\\\/#website\"},\"primaryImageOfPage\":{\"@id\":\"https:\\\/\\\/webdelmaestrocmf.com\\\/portal\\\/historia-del-peru-precolombino-en-20-videos\\\/#primaryimage\"},\"image\":{\"@id\":\"https:\\\/\\\/webdelmaestrocmf.com\\\/portal\\\/historia-del-peru-precolombino-en-20-videos\\\/#primaryimage\"},\"thumbnailUrl\":\"https:\\\/\\\/webdelmaestrocmf.com\\\/portal\\\/wp-content\\\/uploads\\\/2020\\\/11\\\/1-copia-25.jpg\",\"datePublished\":\"2020-11-08T16:08:57+00:00\",\"dateModified\":\"2020-11-08T22:05:39+00:00\",\"description\":\"La civilizaci\u00f3n m\u00e1s importante que se desarroll\u00f3 en Sudam\u00e9rica y que ha marcado la historia de la humanidad en esta parte del...\",\"breadcrumb\":{\"@id\":\"https:\\\/\\\/webdelmaestrocmf.com\\\/portal\\\/historia-del-peru-precolombino-en-20-videos\\\/#breadcrumb\"},\"inLanguage\":\"es\",\"potentialAction\":[{\"@type\":\"ReadAction\",\"target\":[\"https:\\\/\\\/webdelmaestrocmf.com\\\/portal\\\/historia-del-peru-precolombino-en-20-videos\\\/\"]}]},{\"@type\":\"ImageObject\",\"inLanguage\":\"es\",\"@id\":\"https:\\\/\\\/webdelmaestrocmf.com\\\/portal\\\/historia-del-peru-precolombino-en-20-videos\\\/#primaryimage\",\"url\":\"https:\\\/\\\/webdelmaestrocmf.com\\\/portal\\\/wp-content\\\/uploads\\\/2020\\\/11\\\/1-copia-25.jpg\",\"contentUrl\":\"https:\\\/\\\/webdelmaestrocmf.com\\\/portal\\\/wp-content\\\/uploads\\\/2020\\\/11\\\/1-copia-25.jpg\",\"width\":1100,\"height\":680},{\"@type\":\"BreadcrumbList\",\"@id\":\"https:\\\/\\\/webdelmaestrocmf.com\\\/portal\\\/historia-del-peru-precolombino-en-20-videos\\\/#breadcrumb\",\"itemListElement\":[{\"@type\":\"ListItem\",\"position\":1,\"name\":\"Portada\",\"item\":\"https:\\\/\\\/webdelmaestrocmf.com\\\/portal\\\/\"},{\"@type\":\"ListItem\",\"position\":2,\"name\":\"Yo opino - WMCMF\",\"item\":\"https:\\\/\\\/webdelmaestrocmf.com\\\/portal\\\/category\\\/jamb\\\/\"},{\"@type\":\"ListItem\",\"position\":3,\"name\":\"Historia del Per\u00fa Precolombino en 20 videos\"}]},{\"@type\":\"WebSite\",\"@id\":\"https:\\\/\\\/webdelmaestrocmf.com\\\/portal\\\/#website\",\"url\":\"https:\\\/\\\/webdelmaestrocmf.com\\\/portal\\\/\",\"name\":\"Web del Maestro CMF\",\"description\":\"Maestros al servicio de la educaci\u00f3n\",\"publisher\":{\"@id\":\"https:\\\/\\\/webdelmaestrocmf.com\\\/portal\\\/#organization\"},\"alternateName\":\"WMCMF\",\"potentialAction\":[{\"@type\":\"SearchAction\",\"target\":{\"@type\":\"EntryPoint\",\"urlTemplate\":\"https:\\\/\\\/webdelmaestrocmf.com\\\/portal\\\/?s={search_term_string}\"},\"query-input\":{\"@type\":\"PropertyValueSpecification\",\"valueRequired\":true,\"valueName\":\"search_term_string\"}}],\"inLanguage\":\"es\"},{\"@type\":\"Organization\",\"@id\":\"https:\\\/\\\/webdelmaestrocmf.com\\\/portal\\\/#organization\",\"name\":\"Web del Maestro CMF\",\"alternateName\":\"WMCMF\",\"url\":\"https:\\\/\\\/webdelmaestrocmf.com\\\/portal\\\/\",\"logo\":{\"@type\":\"ImageObject\",\"inLanguage\":\"es\",\"@id\":\"https:\\\/\\\/webdelmaestrocmf.com\\\/portal\\\/#\\\/schema\\\/logo\\\/image\\\/\",\"url\":\"https:\\\/\\\/webdelmaestrocmf.com\\\/portal\\\/wp-content\\\/uploads\\\/2023\\\/01\\\/logo-wmcmf-2.png\",\"contentUrl\":\"https:\\\/\\\/webdelmaestrocmf.com\\\/portal\\\/wp-content\\\/uploads\\\/2023\\\/01\\\/logo-wmcmf-2.png\",\"width\":200,\"height\":60,\"caption\":\"Web del Maestro CMF\"},\"image\":{\"@id\":\"https:\\\/\\\/webdelmaestrocmf.com\\\/portal\\\/#\\\/schema\\\/logo\\\/image\\\/\"},\"sameAs\":[\"https:\\\/\\\/www.facebook.com\\\/WebdelMaestroCMF\\\/\",\"https:\\\/\\\/x.com\\\/cmf_w\",\"https:\\\/\\\/www.pinterest.com\\\/WMCMF\\\/\",\"https:\\\/\\\/www.linkedin.com\\\/company\\\/web-del-maestro-cmf\\\/\",\"https:\\\/\\\/www.instagram.com\\\/wmcmf\\\/\",\"https:\\\/\\\/www.youtube.com\\\/channel\\\/UCDPSvjbdodE5sHnC3OxutHw\",\"https:\\\/\\\/mastodon.social\\\/@wmcmf\",\"https:\\\/\\\/www.tiktok.com\\\/@webdelmaestrocmf\"]},{\"@type\":\"Person\",\"@id\":\"https:\\\/\\\/webdelmaestrocmf.com\\\/portal\\\/#\\\/schema\\\/person\\\/1072a2ed7bd960df8ef99a551fa35dc5\",\"name\":\"Web del Maestro CMF\",\"image\":{\"@type\":\"ImageObject\",\"inLanguage\":\"es\",\"@id\":\"https:\\\/\\\/secure.gravatar.com\\\/avatar\\\/23291dd5b5ae1077dcff3dbb04c3e02bd28403fa75af6d8787d5e97c5bbbe30b?s=96&d=mm&r=g\",\"url\":\"https:\\\/\\\/secure.gravatar.com\\\/avatar\\\/23291dd5b5ae1077dcff3dbb04c3e02bd28403fa75af6d8787d5e97c5bbbe30b?s=96&d=mm&r=g\",\"contentUrl\":\"https:\\\/\\\/secure.gravatar.com\\\/avatar\\\/23291dd5b5ae1077dcff3dbb04c3e02bd28403fa75af6d8787d5e97c5bbbe30b?s=96&d=mm&r=g\",\"caption\":\"Web del Maestro CMF\"},\"description\":\"Esta Web se cre\u00f3 sin fines de lucro, con fines educativos, cient\u00edficos y acad\u00e9micos, para personas que tengan dificultades y\\\/o inconvenientes en visualizar el material original. El objetivo es entregar recursos, compartir experiencias y materiales que ayuden a los padres de familia, maestros y estudiantes en su actualizaci\u00f3n y formaci\u00f3n permanente, en bien de la Educaci\u00f3n.\",\"sameAs\":[\"http:\\\/\\\/webdelmaestrocmf.com\\\/portal\",\"https:\\\/\\\/www.facebook.com\\\/WebdelMaestroCMF\\\/\",\"https:\\\/\\\/www.instagram.com\\\/wmcmf\\\/\",\"https:\\\/\\\/cl.linkedin.com\\\/company\\\/web-del-maestro-cmf\",\"https:\\\/\\\/www.pinterest.com\\\/WMCMF\\\/publicaciones\\\/\",\"https:\\\/\\\/x.com\\\/cmf_w\",\"https:\\\/\\\/www.youtube.com\\\/@WMCMF\"]}]}<\/script>\n<!-- \/ Yoast SEO plugin. -->","yoast_head_json":{"title":"Historia del Per\u00fa Precolombino en 20 videos - 2026","description":"La civilizaci\u00f3n m\u00e1s importante que se desarroll\u00f3 en Sudam\u00e9rica y que ha marcado la historia de la humanidad en esta parte del...","robots":{"index":"index","follow":"follow","max-snippet":"max-snippet:-1","max-image-preview":"max-image-preview:large","max-video-preview":"max-video-preview:-1"},"canonical":"https:\/\/webdelmaestrocmf.com\/portal\/historia-del-peru-precolombino-en-20-videos\/","og_locale":"es_ES","og_type":"article","og_title":"Historia del Per\u00fa Precolombino en 20 videos - 2026","og_description":"La civilizaci\u00f3n m\u00e1s importante que se desarroll\u00f3 en Sudam\u00e9rica y que ha marcado la historia de la humanidad en esta parte del...","og_url":"https:\/\/webdelmaestrocmf.com\/portal\/historia-del-peru-precolombino-en-20-videos\/","og_site_name":"Web del Maestro CMF","article_publisher":"https:\/\/www.facebook.com\/WebdelMaestroCMF\/","article_author":"https:\/\/www.facebook.com\/WebdelMaestroCMF\/","article_published_time":"2020-11-08T16:08:57+00:00","article_modified_time":"2020-11-08T22:05:39+00:00","og_image":[{"width":1100,"height":680,"url":"https:\/\/i0.wp.com\/webdelmaestrocmf.com\/portal\/wp-content\/uploads\/2020\/11\/1-copia-25.jpg?fit=1100%2C680&ssl=1","type":"image\/jpeg"}],"author":"Web del Maestro CMF","twitter_card":"summary_large_image","twitter_creator":"@cmf_w","twitter_site":"@cmf_w","schema":{"@context":"https:\/\/schema.org","@graph":[{"@type":"ScholarlyArticle","@id":"https:\/\/webdelmaestrocmf.com\/portal\/historia-del-peru-precolombino-en-20-videos\/#article","isPartOf":{"@id":"https:\/\/webdelmaestrocmf.com\/portal\/historia-del-peru-precolombino-en-20-videos\/"},"author":{"name":"Web del Maestro CMF","@id":"https:\/\/webdelmaestrocmf.com\/portal\/#\/schema\/person\/1072a2ed7bd960df8ef99a551fa35dc5"},"headline":"Historia del Per\u00fa Precolombino en 20 videos","datePublished":"2020-11-08T16:08:57+00:00","dateModified":"2020-11-08T22:05:39+00:00","mainEntityOfPage":{"@id":"https:\/\/webdelmaestrocmf.com\/portal\/historia-del-peru-precolombino-en-20-videos\/"},"wordCount":1014,"commentCount":0,"publisher":{"@id":"https:\/\/webdelmaestrocmf.com\/portal\/#organization"},"image":{"@id":"https:\/\/webdelmaestrocmf.com\/portal\/historia-del-peru-precolombino-en-20-videos\/#primaryimage"},"thumbnailUrl":"https:\/\/webdelmaestrocmf.com\/portal\/wp-content\/uploads\/2020\/11\/1-copia-25.jpg","keywords":["HISTORIA","Per\u00fa Precolombino","VIDEOS"],"articleSection":["Yo opino - WMCMF"],"inLanguage":"es","potentialAction":[{"@type":"CommentAction","name":"Comment","target":["https:\/\/webdelmaestrocmf.com\/portal\/historia-del-peru-precolombino-en-20-videos\/#respond"]}]},{"@type":"WebPage","@id":"https:\/\/webdelmaestrocmf.com\/portal\/historia-del-peru-precolombino-en-20-videos\/","url":"https:\/\/webdelmaestrocmf.com\/portal\/historia-del-peru-precolombino-en-20-videos\/","name":"Historia del Per\u00fa Precolombino en 20 videos - 2026","isPartOf":{"@id":"https:\/\/webdelmaestrocmf.com\/portal\/#website"},"primaryImageOfPage":{"@id":"https:\/\/webdelmaestrocmf.com\/portal\/historia-del-peru-precolombino-en-20-videos\/#primaryimage"},"image":{"@id":"https:\/\/webdelmaestrocmf.com\/portal\/historia-del-peru-precolombino-en-20-videos\/#primaryimage"},"thumbnailUrl":"https:\/\/webdelmaestrocmf.com\/portal\/wp-content\/uploads\/2020\/11\/1-copia-25.jpg","datePublished":"2020-11-08T16:08:57+00:00","dateModified":"2020-11-08T22:05:39+00:00","description":"La civilizaci\u00f3n m\u00e1s importante que se desarroll\u00f3 en Sudam\u00e9rica y que ha marcado la historia de la humanidad en esta parte del...","breadcrumb":{"@id":"https:\/\/webdelmaestrocmf.com\/portal\/historia-del-peru-precolombino-en-20-videos\/#breadcrumb"},"inLanguage":"es","potentialAction":[{"@type":"ReadAction","target":["https:\/\/webdelmaestrocmf.com\/portal\/historia-del-peru-precolombino-en-20-videos\/"]}]},{"@type":"ImageObject","inLanguage":"es","@id":"https:\/\/webdelmaestrocmf.com\/portal\/historia-del-peru-precolombino-en-20-videos\/#primaryimage","url":"https:\/\/webdelmaestrocmf.com\/portal\/wp-content\/uploads\/2020\/11\/1-copia-25.jpg","contentUrl":"https:\/\/webdelmaestrocmf.com\/portal\/wp-content\/uploads\/2020\/11\/1-copia-25.jpg","width":1100,"height":680},{"@type":"BreadcrumbList","@id":"https:\/\/webdelmaestrocmf.com\/portal\/historia-del-peru-precolombino-en-20-videos\/#breadcrumb","itemListElement":[{"@type":"ListItem","position":1,"name":"Portada","item":"https:\/\/webdelmaestrocmf.com\/portal\/"},{"@type":"ListItem","position":2,"name":"Yo opino - WMCMF","item":"https:\/\/webdelmaestrocmf.com\/portal\/category\/jamb\/"},{"@type":"ListItem","position":3,"name":"Historia del Per\u00fa Precolombino en 20 videos"}]},{"@type":"WebSite","@id":"https:\/\/webdelmaestrocmf.com\/portal\/#website","url":"https:\/\/webdelmaestrocmf.com\/portal\/","name":"Web del Maestro CMF","description":"Maestros al servicio de la educaci\u00f3n","publisher":{"@id":"https:\/\/webdelmaestrocmf.com\/portal\/#organization"},"alternateName":"WMCMF","potentialAction":[{"@type":"SearchAction","target":{"@type":"EntryPoint","urlTemplate":"https:\/\/webdelmaestrocmf.com\/portal\/?s={search_term_string}"},"query-input":{"@type":"PropertyValueSpecification","valueRequired":true,"valueName":"search_term_string"}}],"inLanguage":"es"},{"@type":"Organization","@id":"https:\/\/webdelmaestrocmf.com\/portal\/#organization","name":"Web del Maestro CMF","alternateName":"WMCMF","url":"https:\/\/webdelmaestrocmf.com\/portal\/","logo":{"@type":"ImageObject","inLanguage":"es","@id":"https:\/\/webdelmaestrocmf.com\/portal\/#\/schema\/logo\/image\/","url":"https:\/\/webdelmaestrocmf.com\/portal\/wp-content\/uploads\/2023\/01\/logo-wmcmf-2.png","contentUrl":"https:\/\/webdelmaestrocmf.com\/portal\/wp-content\/uploads\/2023\/01\/logo-wmcmf-2.png","width":200,"height":60,"caption":"Web del Maestro CMF"},"image":{"@id":"https:\/\/webdelmaestrocmf.com\/portal\/#\/schema\/logo\/image\/"},"sameAs":["https:\/\/www.facebook.com\/WebdelMaestroCMF\/","https:\/\/x.com\/cmf_w","https:\/\/www.pinterest.com\/WMCMF\/","https:\/\/www.linkedin.com\/company\/web-del-maestro-cmf\/","https:\/\/www.instagram.com\/wmcmf\/","https:\/\/www.youtube.com\/channel\/UCDPSvjbdodE5sHnC3OxutHw","https:\/\/mastodon.social\/@wmcmf","https:\/\/www.tiktok.com\/@webdelmaestrocmf"]},{"@type":"Person","@id":"https:\/\/webdelmaestrocmf.com\/portal\/#\/schema\/person\/1072a2ed7bd960df8ef99a551fa35dc5","name":"Web del Maestro CMF","image":{"@type":"ImageObject","inLanguage":"es","@id":"https:\/\/secure.gravatar.com\/avatar\/23291dd5b5ae1077dcff3dbb04c3e02bd28403fa75af6d8787d5e97c5bbbe30b?s=96&d=mm&r=g","url":"https:\/\/secure.gravatar.com\/avatar\/23291dd5b5ae1077dcff3dbb04c3e02bd28403fa75af6d8787d5e97c5bbbe30b?s=96&d=mm&r=g","contentUrl":"https:\/\/secure.gravatar.com\/avatar\/23291dd5b5ae1077dcff3dbb04c3e02bd28403fa75af6d8787d5e97c5bbbe30b?s=96&d=mm&r=g","caption":"Web del Maestro CMF"},"description":"Esta Web se cre\u00f3 sin fines de lucro, con fines educativos, cient\u00edficos y acad\u00e9micos, para personas que tengan dificultades y\/o inconvenientes en visualizar el material original. El objetivo es entregar recursos, compartir experiencias y materiales que ayuden a los padres de familia, maestros y estudiantes en su actualizaci\u00f3n y formaci\u00f3n permanente, en bien de la Educaci\u00f3n.","sameAs":["http:\/\/webdelmaestrocmf.com\/portal","https:\/\/www.facebook.com\/WebdelMaestroCMF\/","https:\/\/www.instagram.com\/wmcmf\/","https:\/\/cl.linkedin.com\/company\/web-del-maestro-cmf","https:\/\/www.pinterest.com\/WMCMF\/publicaciones\/","https:\/\/x.com\/cmf_w","https:\/\/www.youtube.com\/@WMCMF"]}]}},"jetpack_featured_media_url":"https:\/\/webdelmaestrocmf.com\/portal\/wp-content\/uploads\/2020\/11\/1-copia-25.jpg","jetpack_sharing_enabled":true,"jetpack-related-posts":[{"id":42347,"url":"https:\/\/webdelmaestrocmf.com\/portal\/hermosos-videos-para-ensenar-a-nuestros-alumnos-sobre-los-mas-importantes-imperios-de-america-maya-azteca-e-inca\/","url_meta":{"origin":54233,"position":0},"title":"Los grandes Imperios y civilizaciones de Am\u00e9rica: Inca, Azteca y Maya","author":"Web del Maestro CMF","date":"10 septiembre, 2024","format":false,"excerpt":"Am\u00e9rica, el continente de las maravillas antiguas, alberg\u00f3 algunos de los imperios m\u00e1s notables en la historia de la humanidad. Entre las vastas selvas de Mesoam\u00e9rica, los misteriosos Maya, los formidables Aztecas y los poderosos Incas surgieron como civilizaciones que deslumbraron al mundo con su riqueza, conocimiento y legado cultural.\u2026","rel":"","context":"En \u00abYo opino - WMCMF\u00bb","block_context":{"text":"Yo opino - WMCMF","link":"https:\/\/webdelmaestrocmf.com\/portal\/category\/jamb\/"},"img":{"alt_text":"","src":"https:\/\/i0.wp.com\/webdelmaestrocmf.com\/portal\/wp-content\/uploads\/2021\/03\/Banner-1-portada-imagen-10-1-3.png?resize=350%2C200&ssl=1","width":350,"height":200,"srcset":"https:\/\/i0.wp.com\/webdelmaestrocmf.com\/portal\/wp-content\/uploads\/2021\/03\/Banner-1-portada-imagen-10-1-3.png?resize=350%2C200&ssl=1 1x, https:\/\/i0.wp.com\/webdelmaestrocmf.com\/portal\/wp-content\/uploads\/2021\/03\/Banner-1-portada-imagen-10-1-3.png?resize=525%2C300&ssl=1 1.5x, https:\/\/i0.wp.com\/webdelmaestrocmf.com\/portal\/wp-content\/uploads\/2021\/03\/Banner-1-portada-imagen-10-1-3.png?resize=700%2C400&ssl=1 2x"},"classes":[]},{"id":44048,"url":"https:\/\/webdelmaestrocmf.com\/portal\/hermosos-videos-para-ensenar-a-nuestros-alumnos-sobre-los-hijos-del-sol-historia-del-imperio-inca\/","url_meta":{"origin":54233,"position":1},"title":"Hermosos videos para ense\u00f1ar a nuestros alumnos sobre: \u00abLos hijos del sol\u00bb &#8211; Historia del imperio Inca","author":"Web del Maestro CMF","date":"8 febrero, 2020","format":false,"excerpt":"La cadena RPP (Radio Programas del Per\u00fa)\u00a0 cre\u00f3 la serie animada \u2018Los hijos del sol\u2019 basada en la historia del glorioso\u00a0imperio Inca. La serie cuenta con tres cap\u00edtulos, cuya propuesta es dar a conocer la fundaci\u00f3n de la civilizaci\u00f3n m\u00e1s grande de Sudam\u00e9rica que fue gobernado por 14 Incas y\u2026","rel":"","context":"En \u00abHistoria\u00bb","block_context":{"text":"Historia","link":"https:\/\/webdelmaestrocmf.com\/portal\/category\/pedagogia\/historia\/"},"img":{"alt_text":"","src":"https:\/\/i0.wp.com\/webdelmaestrocmf.com\/portal\/wp-content\/uploads\/2020\/02\/4a.jpg?resize=350%2C200&ssl=1","width":350,"height":200,"srcset":"https:\/\/i0.wp.com\/webdelmaestrocmf.com\/portal\/wp-content\/uploads\/2020\/02\/4a.jpg?resize=350%2C200&ssl=1 1x, https:\/\/i0.wp.com\/webdelmaestrocmf.com\/portal\/wp-content\/uploads\/2020\/02\/4a.jpg?resize=525%2C300&ssl=1 1.5x, https:\/\/i0.wp.com\/webdelmaestrocmf.com\/portal\/wp-content\/uploads\/2020\/02\/4a.jpg?resize=700%2C400&ssl=1 2x, https:\/\/i0.wp.com\/webdelmaestrocmf.com\/portal\/wp-content\/uploads\/2020\/02\/4a.jpg?resize=1050%2C600&ssl=1 3x"},"classes":[]},{"id":71227,"url":"https:\/\/webdelmaestrocmf.com\/portal\/culturas-de-america-precolombina-mesoamerica-nivel-secundaria\/","url_meta":{"origin":54233,"position":2},"title":"Culturas de Am\u00e9rica Precolombina: Mesoam\u00e9rica &#8211; Nivel Secundaria","author":"Web del Maestro CMF","date":"16 noviembre, 2021","format":false,"excerpt":"El a\u00f1o 1492 marc\u00f3 en Espa\u00f1a el comienzo de una \u00e9poca que inaugur\u00f3 nuevas maneras de pensar a la vez que redujo libertades sociales. La toma de Granada, el \u00faltimo reino musulm\u00e1n en la Pen\u00ednsula Ib\u00e9rica, por los Reyes Cat\u00f3licos signific\u00f3 el fin de la \u201creconquista\u201d cristiana de la pen\u00ednsula.\u2026","rel":"","context":"En \u00abHistoria\u00bb","block_context":{"text":"Historia","link":"https:\/\/webdelmaestrocmf.com\/portal\/category\/pedagogia\/historia\/"},"img":{"alt_text":"","src":"https:\/\/i0.wp.com\/webdelmaestrocmf.com\/portal\/wp-content\/uploads\/2021\/11\/1QfER-2.jpg?resize=350%2C200&ssl=1","width":350,"height":200,"srcset":"https:\/\/i0.wp.com\/webdelmaestrocmf.com\/portal\/wp-content\/uploads\/2021\/11\/1QfER-2.jpg?resize=350%2C200&ssl=1 1x, https:\/\/i0.wp.com\/webdelmaestrocmf.com\/portal\/wp-content\/uploads\/2021\/11\/1QfER-2.jpg?resize=525%2C300&ssl=1 1.5x, https:\/\/i0.wp.com\/webdelmaestrocmf.com\/portal\/wp-content\/uploads\/2021\/11\/1QfER-2.jpg?resize=700%2C400&ssl=1 2x, https:\/\/i0.wp.com\/webdelmaestrocmf.com\/portal\/wp-content\/uploads\/2021\/11\/1QfER-2.jpg?resize=1050%2C600&ssl=1 3x"},"classes":[]},{"id":63131,"url":"https:\/\/webdelmaestrocmf.com\/portal\/18-de-mayo-dia-internacional-de-los-museos-tres-recursos-para-implementar-sus-clases-virtuales\/","url_meta":{"origin":54233,"position":3},"title":"18 de mayo \u00abD\u00eda Internacional de los Museos\u00bb:  tres recursos para implementar sus clases virtuales","author":"Web del Maestro CMF","date":"18 mayo, 2021","format":false,"excerpt":"El D\u00eda Internacional de los Museos es un evento coordinado, desde hace m\u00e1s de 40 a\u00f1os, por el Consejo Internacional de Museos (ICOM), y que este a\u00f1o 2021 lo ha denominado: \u201cEl futuro de los museos: recuperar y reimaginar\u201d, invitando \u201ca crear, imaginar y compartir nuevas pr\u00e1cticas de (co)creaci\u00f3n de\u2026","rel":"","context":"En \u00abINTER\u00c9S\u00bb","block_context":{"text":"INTER\u00c9S","link":"https:\/\/webdelmaestrocmf.com\/portal\/category\/noticias-educacion\/"},"img":{"alt_text":"","src":"https:\/\/i0.wp.com\/webdelmaestrocmf.com\/portal\/wp-content\/uploads\/2021\/05\/1-102.jpg?resize=350%2C200&ssl=1","width":350,"height":200,"srcset":"https:\/\/i0.wp.com\/webdelmaestrocmf.com\/portal\/wp-content\/uploads\/2021\/05\/1-102.jpg?resize=350%2C200&ssl=1 1x, https:\/\/i0.wp.com\/webdelmaestrocmf.com\/portal\/wp-content\/uploads\/2021\/05\/1-102.jpg?resize=525%2C300&ssl=1 1.5x, https:\/\/i0.wp.com\/webdelmaestrocmf.com\/portal\/wp-content\/uploads\/2021\/05\/1-102.jpg?resize=700%2C400&ssl=1 2x, https:\/\/i0.wp.com\/webdelmaestrocmf.com\/portal\/wp-content\/uploads\/2021\/05\/1-102.jpg?resize=1050%2C600&ssl=1 3x"},"classes":[]},{"id":65946,"url":"https:\/\/webdelmaestrocmf.com\/portal\/baul-del-docente-bicentenario-del-peru-mas-alla-de-las-fechas\/","url_meta":{"origin":54233,"position":4},"title":"[Ba\u00fal del Docente] Bicentenario del Per\u00fa: M\u00e1s all\u00e1 de las fechas","author":"Web del Maestro CMF","date":"30 julio, 2021","format":false,"excerpt":"Estimados docentes: El paso 28 de julio, el Per\u00fa celebr\u00f3 el Bicentenario de su independencia de Espa\u00f1a, producida en 1821. EsTe mismo a\u00f1o, siete pa\u00edses centroamericanos y uno europeo, tambi\u00e9n celebran sus primeros 200 a\u00f1os de vida republicana: Rep\u00fablica Dominicana (27 de febrero), Costa Rica, El Salvador, Guatemala, Nicaragua, Honduras\u2026","rel":"","context":"En \u00abZ-Colaboradores\u00bb","block_context":{"text":"Z-Colaboradores","link":"https:\/\/webdelmaestrocmf.com\/portal\/category\/colaborador\/"},"img":{"alt_text":"","src":"https:\/\/i0.wp.com\/webdelmaestrocmf.com\/portal\/wp-content\/uploads\/2021\/07\/1-194.jpg?resize=350%2C200&ssl=1","width":350,"height":200,"srcset":"https:\/\/i0.wp.com\/webdelmaestrocmf.com\/portal\/wp-content\/uploads\/2021\/07\/1-194.jpg?resize=350%2C200&ssl=1 1x, https:\/\/i0.wp.com\/webdelmaestrocmf.com\/portal\/wp-content\/uploads\/2021\/07\/1-194.jpg?resize=525%2C300&ssl=1 1.5x, https:\/\/i0.wp.com\/webdelmaestrocmf.com\/portal\/wp-content\/uploads\/2021\/07\/1-194.jpg?resize=700%2C400&ssl=1 2x, https:\/\/i0.wp.com\/webdelmaestrocmf.com\/portal\/wp-content\/uploads\/2021\/07\/1-194.jpg?resize=1050%2C600&ssl=1 3x"},"classes":[]},{"id":18989,"url":"https:\/\/webdelmaestrocmf.com\/portal\/profesor-peruano-se-disfraza-personajes-ensenar-historia-alumnos\/","url_meta":{"origin":54233,"position":5},"title":"PROFESOR SE DISFRAZA DE PERSONAJES PARA ENSE\u00d1AR HISTORIA A SUS ALUMNOS","author":"Web del Maestro CMF","date":"2 junio, 2017","format":false,"excerpt":"Fidel Berrospi, de 56 a\u00f1os, es quiz\u00e1s el profesor m\u00e1s querido en el Per\u00fa. Su historia, alentadora y pintoresca, conmueve al mundo. Se levanta temprano todas las ma\u00f1anas para asistir al colegio y cada d\u00eda se disfraza de un personaje distinto para ense\u00f1ar Historia a sus alumnos. Es as\u00ed que\u2026","rel":"","context":"En \u00abSin categor\u00eda\u00bb","block_context":{"text":"Sin categor\u00eda","link":"https:\/\/webdelmaestrocmf.com\/portal\/category\/sin-categoria-es\/"},"img":{"alt_text":"","src":"https:\/\/i0.wp.com\/webdelmaestrocmf.com\/portal\/wp-content\/uploads\/2017\/06\/Profesor-de-Historia.jpg?resize=350%2C200&ssl=1","width":350,"height":200,"srcset":"https:\/\/i0.wp.com\/webdelmaestrocmf.com\/portal\/wp-content\/uploads\/2017\/06\/Profesor-de-Historia.jpg?resize=350%2C200&ssl=1 1x, https:\/\/i0.wp.com\/webdelmaestrocmf.com\/portal\/wp-content\/uploads\/2017\/06\/Profesor-de-Historia.jpg?resize=525%2C300&ssl=1 1.5x, https:\/\/i0.wp.com\/webdelmaestrocmf.com\/portal\/wp-content\/uploads\/2017\/06\/Profesor-de-Historia.jpg?resize=700%2C400&ssl=1 2x"},"classes":[]}],"_links":{"self":[{"href":"https:\/\/webdelmaestrocmf.com\/portal\/wp-json\/wp\/v2\/posts\/54233","targetHints":{"allow":["GET"]}}],"collection":[{"href":"https:\/\/webdelmaestrocmf.com\/portal\/wp-json\/wp\/v2\/posts"}],"about":[{"href":"https:\/\/webdelmaestrocmf.com\/portal\/wp-json\/wp\/v2\/types\/post"}],"author":[{"embeddable":true,"href":"https:\/\/webdelmaestrocmf.com\/portal\/wp-json\/wp\/v2\/users\/1"}],"replies":[{"embeddable":true,"href":"https:\/\/webdelmaestrocmf.com\/portal\/wp-json\/wp\/v2\/comments?post=54233"}],"version-history":[{"count":0,"href":"https:\/\/webdelmaestrocmf.com\/portal\/wp-json\/wp\/v2\/posts\/54233\/revisions"}],"wp:featuredmedia":[{"embeddable":true,"href":"https:\/\/webdelmaestrocmf.com\/portal\/wp-json\/wp\/v2\/media\/54234"}],"wp:attachment":[{"href":"https:\/\/webdelmaestrocmf.com\/portal\/wp-json\/wp\/v2\/media?parent=54233"}],"wp:term":[{"taxonomy":"category","embeddable":true,"href":"https:\/\/webdelmaestrocmf.com\/portal\/wp-json\/wp\/v2\/categories?post=54233"},{"taxonomy":"post_tag","embeddable":true,"href":"https:\/\/webdelmaestrocmf.com\/portal\/wp-json\/wp\/v2\/tags?post=54233"}],"curies":[{"name":"wp","href":"https:\/\/api.w.org\/{rel}","templated":true}]}}