{"id":54075,"date":"2020-11-05T18:25:33","date_gmt":"2020-11-05T21:25:33","guid":{"rendered":"https:\/\/webdelmaestrocmf.com\/portal\/?p=54075"},"modified":"2023-05-20T12:13:27","modified_gmt":"2023-05-20T16:13:27","slug":"cuatro-pilares-de-la-autoestima-que-se-deben-conversar-en-las-aulas","status":"publish","type":"post","link":"https:\/\/webdelmaestrocmf.com\/portal\/cuatro-pilares-de-la-autoestima-que-se-deben-conversar-en-las-aulas\/","title":{"rendered":"Cuatro pilares de la autoestima que se deben conversar en las aulas"},"content":{"rendered":"<h5 style=\"text-align: justify;\">El psic\u00f3logo y escritor Walter Riso defiende que en la escuela deber\u00eda incorporarse dos nuevas asignaturas:<strong> \u201cAprender a perder\u201d<\/strong> y <strong>\u201cAmor propio\u201d.<\/strong> De esta forma podr\u00edamos ense\u00f1ar a los ni\u00f1os, las claves de las relaciones sanas, lejos de la dependencia emocional, el abuso y el sufrimiento. <strong>\u201c\u00bfPor qu\u00e9 sufrimos tanto por amor? Sufrimos por los mitos, porque no son relaciones democr\u00e1ticas, por la dependencia emocional. T\u00fa no puedes negociar una relaci\u00f3n afectiva cuando ocurren dos cosas que van a afectar tu autoestima: la indiferencia y la p\u00e9rdida de la confianza b\u00e1sica\u201d,<\/strong> explica Riso.<\/h5>\n<p><!--more--><\/p>\n<p style=\"text-align: justify;\">Tambi\u00e9n la autoestima se puede ense\u00f1ar desde la infancia, afirma el psic\u00f3logo, a trav\u00e9s del desarrollo de cuatro pilares: <strong>autoconcepto, autoimagen, autorrefuerzo y autoeficacia.<\/strong> Lejos del ego\u00edsmo y la egolatr\u00eda, el autocuidado sano permitir\u00e1 una sociedad m\u00e1s fuerte, valiente y resiliente.<\/p>\n<p style=\"text-align: justify;\">Walter Riso es doctor en Psicolog\u00eda, especialista en Terapia Cognitiva y M\u00e1ster en Bio\u00e9tica, con m\u00e1s de 30 a\u00f1os de experiencia en el \u00e1mbito de la psicolog\u00eda cl\u00ednica y la formaci\u00f3n, a trav\u00e9s de su c\u00e1tedra universitaria entre Espa\u00f1a y Latinoam\u00e9rica. Es autor de m\u00e1s de 20 textos cient\u00edficos y de divulgaci\u00f3n, traducidos a m\u00e1s de 10 idiomas, que le han convertido en autor superventas de t\u00edtulos como <strong>\u2018Pensar bien, sentirse bien\u2019, \u2018Filosof\u00eda para la vida cotidiana\u2019,<\/strong> o<strong> \u2018Amar o depender\u2019<\/strong>.<\/p>\n<p style=\"text-align: justify;\">Seg\u00fan\u00a0<strong>Walter Riso<\/strong>\u00a0existen\u00a0<strong>4 elementos que son los m\u00e1s importantes que forman la autoestima<\/strong>.<\/p>\n<p style=\"text-align: justify;\">En la pr\u00e1ctica\u00a0<strong>estos 4 elementos est\u00e1n entrelazados,<\/strong>\u00a0sin embargo, a continuaci\u00f3n se muestran separados para analizarlos mejor.<\/p>\n<p style=\"text-align: justify;\"><span id=\"more-27590\"><\/span>Los\u00a0<strong>4 pilares de la autoestima<\/strong>\u00a0que nos comparte\u00a0<strong>Walter Riso<\/strong>\u00a0son:<\/p>\n<p><img loading=\"lazy\" decoding=\"async\" class=\"alignnone size-large wp-image-89169\" src=\"https:\/\/webdelmaestrocmf.com\/portal\/wp-content\/uploads\/2020\/11\/247929776_4180828342043874_2328701067576524698_n-1024x576.jpg\" alt=\"\" width=\"1024\" height=\"576\" srcset=\"https:\/\/webdelmaestrocmf.com\/portal\/wp-content\/uploads\/2020\/11\/247929776_4180828342043874_2328701067576524698_n-1024x576.jpg 1024w, https:\/\/webdelmaestrocmf.com\/portal\/wp-content\/uploads\/2020\/11\/247929776_4180828342043874_2328701067576524698_n-300x169.jpg 300w, https:\/\/webdelmaestrocmf.com\/portal\/wp-content\/uploads\/2020\/11\/247929776_4180828342043874_2328701067576524698_n-768x432.jpg 768w, https:\/\/webdelmaestrocmf.com\/portal\/wp-content\/uploads\/2020\/11\/247929776_4180828342043874_2328701067576524698_n-1536x864.jpg 1536w, https:\/\/webdelmaestrocmf.com\/portal\/wp-content\/uploads\/2020\/11\/247929776_4180828342043874_2328701067576524698_n-110x62.jpg 110w, https:\/\/webdelmaestrocmf.com\/portal\/wp-content\/uploads\/2020\/11\/247929776_4180828342043874_2328701067576524698_n-200x113.jpg 200w, https:\/\/webdelmaestrocmf.com\/portal\/wp-content\/uploads\/2020\/11\/247929776_4180828342043874_2328701067576524698_n-380x214.jpg 380w, https:\/\/webdelmaestrocmf.com\/portal\/wp-content\/uploads\/2020\/11\/247929776_4180828342043874_2328701067576524698_n-255x143.jpg 255w, https:\/\/webdelmaestrocmf.com\/portal\/wp-content\/uploads\/2020\/11\/247929776_4180828342043874_2328701067576524698_n-550x309.jpg 550w, https:\/\/webdelmaestrocmf.com\/portal\/wp-content\/uploads\/2020\/11\/247929776_4180828342043874_2328701067576524698_n-800x450.jpg 800w, https:\/\/webdelmaestrocmf.com\/portal\/wp-content\/uploads\/2020\/11\/247929776_4180828342043874_2328701067576524698_n-1160x653.jpg 1160w, https:\/\/webdelmaestrocmf.com\/portal\/wp-content\/uploads\/2020\/11\/247929776_4180828342043874_2328701067576524698_n.jpg 1920w\" sizes=\"auto, (max-width: 1024px) 100vw, 1024px\" \/><\/p>\n<h5>1. <strong>Autoconcepto<\/strong>\u00a0(qu\u00e9 piensas de ti mismo)<\/h5>\n<p style=\"text-align: justify;\">Tal y como explica Walter Riso,\u00a0<strong>el autoconcepto se refiere a lo que piensas de ti, al concepto que tienes de tu persona<\/strong>\u00a0y, como es l\u00f3gico, tal concepto se ver\u00e1 reflejado en la manera en que te tratas a ti mismo:\u00a0<strong>qu\u00e9 te dices, qu\u00e9 te exiges y c\u00f3mo lo haces.<\/strong>\u00a0Puedes autorreforzarte y mimarte o insultarte y no ver nada bueno en tu comportamiento, o tambi\u00e9n puedes ponerte metas inalcanzables y reprocharte luego por no alcanzarlas, como hace mucha gente.<\/p>\n<p style=\"text-align: justify;\">Somos v\u00edctimas de nuestras propias decisiones:\u00a0<strong>cada cual elige amarse a s\u00ed mismo o no, aunque no siempre somos conscientes<\/strong>\u00a0del da\u00f1o que nos hacemos.<\/p>\n<h5>2. <strong>Autoimagen<\/strong>\u00a0(cu\u00e1nto te gustas)<\/h5>\n<p style=\"text-align: justify;\">En casi todas las \u00e9pocas y culturas,\u00a0<strong>la belleza f\u00edsica ha sido admirada como un don especial<\/strong>, y la fealdad como una maldici\u00f3n de la naturaleza o de los dioses.<\/p>\n<p style=\"text-align: justify;\">La cuesti\u00f3n que debe preocuparnos es que\u00a0<strong>el juicio est\u00e9tico que la cultura otorga a la apariencia f\u00edsica tiene enormes consecuencias para nuestro futuro.<\/strong>\u00a0El \u00e9xito en diversas \u00e1reas de desempe\u00f1o se ve afectado por nuestro atractivo f\u00edsico. Los juicios hacia las personas hermosas son m\u00e1s benevolentes.<\/p>\n<p style=\"text-align: justify;\"><strong>El grupo de referencia m\u00e1s cercano y las relaciones que establecemos con las personas son determinantes<\/strong>\u00a0para crear la idea que tengamos sobre nuestro cuerpo y las evaluaciones que hagamos de \u00e9l (autoimagen).<\/p>\n<h5>3. <strong>Autorreforzamiento<\/strong>\u00a0(cu\u00e1nto te premias y te das gusto)<\/h5>\n<p style=\"text-align: justify;\">Si nunca te refuerzas ni te premias a ti mismo, si no te dedicas tiempo,\u00a0<strong>si no te expresas afecto, tu autoestima ser\u00e1 nula o insuficiente.<\/strong><\/p>\n<p style=\"text-align: justify;\">Disponemos de tiempo para los hijos, la pareja, los padres, los suegros, los vecinos, los amigos, pero\u00a0<strong>no se nos ocurre utilizar un rato libre en beneficio propio y \u00a1a solas!<\/strong><\/p>\n<p style=\"text-align: justify;\"><strong>Es absurdo que el propio yo ocupe el \u00faltimo lugar<\/strong>\u00a0en el afecto que somos capaces de dar. Vivimos postergando las gratificaciones que merecemos, y nos decimos: \u00abAlg\u00fan d\u00eda lo voy a hacer\u00bb, pero ese d\u00eda no suele llegar.<\/p>\n<h5>4. <strong>Autoeficacia<\/strong>\u00a0(cu\u00e1nta confianza tienes en ti mismo)<\/h5>\n<p style=\"text-align: justify;\">As\u00ed como la autoexigencia desmedida destruye y castiga la autoestima, la falta de ambici\u00f3n destruye el crecimiento psicol\u00f3gico.\u00a0<strong>Los retos y los propios desaf\u00edos son los principales alimentos de los que se nutre el autoconcepto<\/strong>\u00a0e incluso le dan sentido a la vida. Si no pones metas, son demasiado diminutas o no afrontas los problemas, tu yo no podr\u00e1 desarrollarse adecuadamente.\u00a0<strong>Uno de los principalese enemigos para crear un buen autoconcepto es la falta de confianza en si mismo<\/strong>, la man\u00eda de crear expectativas de fracaso o pensar que uno no es capaz.<\/p>\n<p style=\"text-align: justify;\">A la confianza y convicci\u00f3n de que es posible alcanzar los resultados esperados se la denomina autoeficacia.\u00a0<strong>Una baja autoeficacia te llevar\u00e1 a pensar que no eres capaz, y una alta autoeficacia har\u00e1 que te sientas seguro de alcanzar tus objetivos<\/strong>, o por lo menos de luchar por ellos.<\/p>\n<p><iframe loading=\"lazy\" title=\"Como mejorar mi autoestima- los seis pilares de la autoestima- Nathaniel Branden-Resumen animado\" width=\"1200\" height=\"675\" src=\"https:\/\/www.youtube.com\/embed\/_4Kws8WZb0Y?feature=oembed\" frameborder=\"0\" allow=\"accelerometer; autoplay; clipboard-write; encrypted-media; gyroscope; picture-in-picture; web-share\" allowfullscreen><\/iframe><\/p>\n<p><strong>Este contenido ha sido publicado originalmente por Aprende a Caminar por la vila en la siguiente direcci\u00f3n: <a href=\"http:\/\/aprendeacaminarporlavida.com\" target=\"_blank\" rel=\"noopener noreferrer\">aprendeacaminarporlavida.com<\/a><\/strong><\/p>\n\t\t<div class=\"pk-inline-posts\">\n\t\t\t\n\t\t\t<div class=\"pk-inline-posts-container pk-inline-posts-template-list\"\n\t\t\t\tdata-columns=\"1\">\n\t\t\t\t\t\t<article id=\"post-30494\" class=\"post-30494 post type-post status-publish format-standard has-post-thumbnail category-inteligencia-emocional-educacion-y-familia category-libros category-pedagogia tag-bellos tag-cuentos tag-educacion tag-emocional cs-entry cs-video-wrap\">\n\t\t\t<div class=\"pk-post-outer\">\n\n\t\t\t\t\t\t\t\t<div class=\"pk-post-inner\">\n\t\t\t\t\t<div class=\"entry-thumbnail\">\n\t\t\t\t\t\t<div class=\"pk-overlay pk-overlay-ratio pk-ratio-landscape\">\n\t\t\t\t\t\t\t<div class=\"pk-overlay-background\">\n\t\t\t\t\t\t\t\t<a href=\"https:\/\/webdelmaestrocmf.com\/portal\/100-bellos-cuentos-de-educacion-emocional-lista-descargable\/\" class=\"pk-overlay-link\">\n\t\t\t\t\t\t\t\t\t<img loading=\"lazy\" decoding=\"async\" width=\"300\" height=\"225\" src=\"https:\/\/webdelmaestrocmf.com\/portal\/wp-content\/uploads\/2020\/04\/Banner-1-portada-imagen-10-1-56-300x225.jpg\" class=\"attachment-pk-thumbnail size-pk-thumbnail wp-post-image\" alt=\"\" \/>\t\t\t\t\t\t\t\t<\/a>\n\t\t\t\t\t\t\t<\/div>\n\t\t\t\t\t\t<\/div>\n\t\t\t\t\t<\/div>\n\t\t\t\t<\/div>\n\t\t\t\t\n\t\t\t\t<div class=\"pk-post-inner\">\n\t\t\t\t\t<header>\n\t\t\t\t\t\t<h3 class=\"pk-title\"><a href=\"https:\/\/webdelmaestrocmf.com\/portal\/100-bellos-cuentos-de-educacion-emocional-lista-descargable\/\" rel=\"bookmark\">600 bellos cuentos sobre educaci\u00f3n emocional<\/a><\/h3>\t\t\t\t\t<\/header><!-- .entry-header -->\n\t\t\t\t<\/div><!-- .post-inner -->\n\n\t\t\t<\/div><!-- .post-outer -->\n\t\t<\/article>\n\t\t\t\t<\/div>\n\t\t<\/div>\n\t\t\n","protected":false},"excerpt":{"rendered":"El psic\u00f3logo y escritor Walter Riso defiende que en la escuela deber\u00eda incorporarse dos nuevas asignaturas: \u201cAprender a&hellip;","protected":false},"author":1,"featured_media":54077,"comment_status":"open","ping_status":"closed","sticky":false,"template":"","format":"standard","meta":{"csco_display_header_overlay":false,"csco_singular_sidebar":"default","csco_page_header_type":"default","csco_page_load_nextpost":"default","csco_post_video_location":[],"csco_post_video_location_hash":"","csco_post_video_url":"","csco_post_video_bg_start_time":0,"csco_post_video_bg_end_time":0,"csco_post_video_bg_volume":false,"_jetpack_memberships_contains_paid_content":false,"footnotes":""},"categories":[599,735],"tags":[1865,1302,5293,1988,5272,1989],"class_list":{"0":"post-54075","1":"post","2":"type-post","3":"status-publish","4":"format-standard","5":"has-post-thumbnail","7":"category-inteligencia-emocional-educacion-y-familia","8":"category-pedagogia","9":"tag-aulas","10":"tag-autoestima","11":"tag-conversar","12":"tag-cuatro","13":"tag-deben","14":"tag-pilares","15":"cs-entry","16":"cs-video-wrap"},"yoast_head":"<!-- This site is optimized with the Yoast SEO plugin v27.5 - https:\/\/yoast.com\/product\/yoast-seo-wordpress\/ -->\n<title>Cuatro pilares de la autoestima que se deben conversar en las aulas - 2026<\/title>\n<meta name=\"description\" content=\"El psic\u00f3logo y escritor Walter Riso defiende que en la escuela deber\u00eda incorporarse dos nuevas asignaturas: \u201cAprender a perder\u201d...\" \/>\n<meta name=\"robots\" content=\"index, follow, max-snippet:-1, max-image-preview:large, max-video-preview:-1\" \/>\n<link rel=\"canonical\" href=\"https:\/\/webdelmaestrocmf.com\/portal\/cuatro-pilares-de-la-autoestima-que-se-deben-conversar-en-las-aulas\/\" \/>\n<meta property=\"og:locale\" content=\"es_ES\" \/>\n<meta property=\"og:type\" content=\"article\" \/>\n<meta property=\"og:title\" content=\"Cuatro pilares de la autoestima que se deben conversar en las aulas - 2026\" \/>\n<meta property=\"og:description\" content=\"El psic\u00f3logo y escritor Walter Riso defiende que en la escuela deber\u00eda incorporarse dos nuevas asignaturas: \u201cAprender a perder\u201d...\" \/>\n<meta property=\"og:url\" content=\"https:\/\/webdelmaestrocmf.com\/portal\/cuatro-pilares-de-la-autoestima-que-se-deben-conversar-en-las-aulas\/\" \/>\n<meta property=\"og:site_name\" content=\"Web del Maestro CMF\" \/>\n<meta property=\"article:publisher\" content=\"https:\/\/www.facebook.com\/WebdelMaestroCMF\/\" \/>\n<meta property=\"article:author\" content=\"https:\/\/www.facebook.com\/WebdelMaestroCMF\/\" \/>\n<meta property=\"article:published_time\" content=\"2020-11-05T21:25:33+00:00\" \/>\n<meta property=\"article:modified_time\" content=\"2023-05-20T16:13:27+00:00\" \/>\n<meta property=\"og:image\" content=\"https:\/\/i0.wp.com\/webdelmaestrocmf.com\/portal\/wp-content\/uploads\/2020\/11\/1-copia-14.jpg?fit=1100%2C680&ssl=1\" \/>\n\t<meta property=\"og:image:width\" content=\"1100\" \/>\n\t<meta property=\"og:image:height\" content=\"680\" \/>\n\t<meta property=\"og:image:type\" content=\"image\/jpeg\" \/>\n<meta name=\"author\" content=\"Web del Maestro CMF\" \/>\n<meta name=\"twitter:card\" content=\"summary_large_image\" \/>\n<meta name=\"twitter:creator\" content=\"@cmf_w\" \/>\n<meta name=\"twitter:site\" content=\"@cmf_w\" \/>\n<script type=\"application\/ld+json\" class=\"yoast-schema-graph\">{\"@context\":\"https:\\\/\\\/schema.org\",\"@graph\":[{\"@type\":\"ScholarlyArticle\",\"@id\":\"https:\\\/\\\/webdelmaestrocmf.com\\\/portal\\\/cuatro-pilares-de-la-autoestima-que-se-deben-conversar-en-las-aulas\\\/#article\",\"isPartOf\":{\"@id\":\"https:\\\/\\\/webdelmaestrocmf.com\\\/portal\\\/cuatro-pilares-de-la-autoestima-que-se-deben-conversar-en-las-aulas\\\/\"},\"author\":{\"name\":\"Web del Maestro CMF\",\"@id\":\"https:\\\/\\\/webdelmaestrocmf.com\\\/portal\\\/#\\\/schema\\\/person\\\/1072a2ed7bd960df8ef99a551fa35dc5\"},\"headline\":\"Cuatro pilares de la autoestima que se deben conversar en las aulas\",\"datePublished\":\"2020-11-05T21:25:33+00:00\",\"dateModified\":\"2023-05-20T16:13:27+00:00\",\"mainEntityOfPage\":{\"@id\":\"https:\\\/\\\/webdelmaestrocmf.com\\\/portal\\\/cuatro-pilares-de-la-autoestima-que-se-deben-conversar-en-las-aulas\\\/\"},\"wordCount\":841,\"commentCount\":1,\"publisher\":{\"@id\":\"https:\\\/\\\/webdelmaestrocmf.com\\\/portal\\\/#organization\"},\"image\":{\"@id\":\"https:\\\/\\\/webdelmaestrocmf.com\\\/portal\\\/cuatro-pilares-de-la-autoestima-que-se-deben-conversar-en-las-aulas\\\/#primaryimage\"},\"thumbnailUrl\":\"https:\\\/\\\/webdelmaestrocmf.com\\\/portal\\\/wp-content\\\/uploads\\\/2020\\\/11\\\/1-copia-14.jpg\",\"keywords\":[\"AULAS\",\"AUTOESTIMA\",\"conversar\",\"CUATRO\",\"deben\",\"PILARES\"],\"articleSection\":[\"Inteligencia Emocional\",\"Recursos\"],\"inLanguage\":\"es\",\"potentialAction\":[{\"@type\":\"CommentAction\",\"name\":\"Comment\",\"target\":[\"https:\\\/\\\/webdelmaestrocmf.com\\\/portal\\\/cuatro-pilares-de-la-autoestima-que-se-deben-conversar-en-las-aulas\\\/#respond\"]}]},{\"@type\":\"WebPage\",\"@id\":\"https:\\\/\\\/webdelmaestrocmf.com\\\/portal\\\/cuatro-pilares-de-la-autoestima-que-se-deben-conversar-en-las-aulas\\\/\",\"url\":\"https:\\\/\\\/webdelmaestrocmf.com\\\/portal\\\/cuatro-pilares-de-la-autoestima-que-se-deben-conversar-en-las-aulas\\\/\",\"name\":\"Cuatro pilares de la autoestima que se deben conversar en las aulas - 2026\",\"isPartOf\":{\"@id\":\"https:\\\/\\\/webdelmaestrocmf.com\\\/portal\\\/#website\"},\"primaryImageOfPage\":{\"@id\":\"https:\\\/\\\/webdelmaestrocmf.com\\\/portal\\\/cuatro-pilares-de-la-autoestima-que-se-deben-conversar-en-las-aulas\\\/#primaryimage\"},\"image\":{\"@id\":\"https:\\\/\\\/webdelmaestrocmf.com\\\/portal\\\/cuatro-pilares-de-la-autoestima-que-se-deben-conversar-en-las-aulas\\\/#primaryimage\"},\"thumbnailUrl\":\"https:\\\/\\\/webdelmaestrocmf.com\\\/portal\\\/wp-content\\\/uploads\\\/2020\\\/11\\\/1-copia-14.jpg\",\"datePublished\":\"2020-11-05T21:25:33+00:00\",\"dateModified\":\"2023-05-20T16:13:27+00:00\",\"description\":\"El psic\u00f3logo y escritor Walter Riso defiende que en la escuela deber\u00eda incorporarse dos nuevas asignaturas: \u201cAprender a perder\u201d...\",\"breadcrumb\":{\"@id\":\"https:\\\/\\\/webdelmaestrocmf.com\\\/portal\\\/cuatro-pilares-de-la-autoestima-que-se-deben-conversar-en-las-aulas\\\/#breadcrumb\"},\"inLanguage\":\"es\",\"potentialAction\":[{\"@type\":\"ReadAction\",\"target\":[\"https:\\\/\\\/webdelmaestrocmf.com\\\/portal\\\/cuatro-pilares-de-la-autoestima-que-se-deben-conversar-en-las-aulas\\\/\"]}]},{\"@type\":\"ImageObject\",\"inLanguage\":\"es\",\"@id\":\"https:\\\/\\\/webdelmaestrocmf.com\\\/portal\\\/cuatro-pilares-de-la-autoestima-que-se-deben-conversar-en-las-aulas\\\/#primaryimage\",\"url\":\"https:\\\/\\\/webdelmaestrocmf.com\\\/portal\\\/wp-content\\\/uploads\\\/2020\\\/11\\\/1-copia-14.jpg\",\"contentUrl\":\"https:\\\/\\\/webdelmaestrocmf.com\\\/portal\\\/wp-content\\\/uploads\\\/2020\\\/11\\\/1-copia-14.jpg\",\"width\":1100,\"height\":680},{\"@type\":\"BreadcrumbList\",\"@id\":\"https:\\\/\\\/webdelmaestrocmf.com\\\/portal\\\/cuatro-pilares-de-la-autoestima-que-se-deben-conversar-en-las-aulas\\\/#breadcrumb\",\"itemListElement\":[{\"@type\":\"ListItem\",\"position\":1,\"name\":\"Portada\",\"item\":\"https:\\\/\\\/webdelmaestrocmf.com\\\/portal\\\/\"},{\"@type\":\"ListItem\",\"position\":2,\"name\":\"Recursos\",\"item\":\"https:\\\/\\\/webdelmaestrocmf.com\\\/portal\\\/category\\\/pedagogia\\\/\"},{\"@type\":\"ListItem\",\"position\":3,\"name\":\"Cuatro pilares de la autoestima que se deben conversar en las aulas\"}]},{\"@type\":\"WebSite\",\"@id\":\"https:\\\/\\\/webdelmaestrocmf.com\\\/portal\\\/#website\",\"url\":\"https:\\\/\\\/webdelmaestrocmf.com\\\/portal\\\/\",\"name\":\"Web del Maestro CMF\",\"description\":\"Maestros al servicio de la educaci\u00f3n\",\"publisher\":{\"@id\":\"https:\\\/\\\/webdelmaestrocmf.com\\\/portal\\\/#organization\"},\"alternateName\":\"WMCMF\",\"potentialAction\":[{\"@type\":\"SearchAction\",\"target\":{\"@type\":\"EntryPoint\",\"urlTemplate\":\"https:\\\/\\\/webdelmaestrocmf.com\\\/portal\\\/?s={search_term_string}\"},\"query-input\":{\"@type\":\"PropertyValueSpecification\",\"valueRequired\":true,\"valueName\":\"search_term_string\"}}],\"inLanguage\":\"es\"},{\"@type\":\"Organization\",\"@id\":\"https:\\\/\\\/webdelmaestrocmf.com\\\/portal\\\/#organization\",\"name\":\"Web del Maestro CMF\",\"alternateName\":\"WMCMF\",\"url\":\"https:\\\/\\\/webdelmaestrocmf.com\\\/portal\\\/\",\"logo\":{\"@type\":\"ImageObject\",\"inLanguage\":\"es\",\"@id\":\"https:\\\/\\\/webdelmaestrocmf.com\\\/portal\\\/#\\\/schema\\\/logo\\\/image\\\/\",\"url\":\"https:\\\/\\\/webdelmaestrocmf.com\\\/portal\\\/wp-content\\\/uploads\\\/2023\\\/01\\\/logo-wmcmf-2.png\",\"contentUrl\":\"https:\\\/\\\/webdelmaestrocmf.com\\\/portal\\\/wp-content\\\/uploads\\\/2023\\\/01\\\/logo-wmcmf-2.png\",\"width\":200,\"height\":60,\"caption\":\"Web del Maestro CMF\"},\"image\":{\"@id\":\"https:\\\/\\\/webdelmaestrocmf.com\\\/portal\\\/#\\\/schema\\\/logo\\\/image\\\/\"},\"sameAs\":[\"https:\\\/\\\/www.facebook.com\\\/WebdelMaestroCMF\\\/\",\"https:\\\/\\\/x.com\\\/cmf_w\",\"https:\\\/\\\/www.pinterest.com\\\/WMCMF\\\/\",\"https:\\\/\\\/www.linkedin.com\\\/company\\\/web-del-maestro-cmf\\\/\",\"https:\\\/\\\/www.instagram.com\\\/wmcmf\\\/\",\"https:\\\/\\\/www.youtube.com\\\/channel\\\/UCDPSvjbdodE5sHnC3OxutHw\",\"https:\\\/\\\/mastodon.social\\\/@wmcmf\",\"https:\\\/\\\/www.tiktok.com\\\/@webdelmaestrocmf\"]},{\"@type\":\"Person\",\"@id\":\"https:\\\/\\\/webdelmaestrocmf.com\\\/portal\\\/#\\\/schema\\\/person\\\/1072a2ed7bd960df8ef99a551fa35dc5\",\"name\":\"Web del Maestro CMF\",\"image\":{\"@type\":\"ImageObject\",\"inLanguage\":\"es\",\"@id\":\"https:\\\/\\\/secure.gravatar.com\\\/avatar\\\/23291dd5b5ae1077dcff3dbb04c3e02bd28403fa75af6d8787d5e97c5bbbe30b?s=96&d=mm&r=g\",\"url\":\"https:\\\/\\\/secure.gravatar.com\\\/avatar\\\/23291dd5b5ae1077dcff3dbb04c3e02bd28403fa75af6d8787d5e97c5bbbe30b?s=96&d=mm&r=g\",\"contentUrl\":\"https:\\\/\\\/secure.gravatar.com\\\/avatar\\\/23291dd5b5ae1077dcff3dbb04c3e02bd28403fa75af6d8787d5e97c5bbbe30b?s=96&d=mm&r=g\",\"caption\":\"Web del Maestro CMF\"},\"description\":\"Esta Web se cre\u00f3 sin fines de lucro, con fines educativos, cient\u00edficos y acad\u00e9micos, para personas que tengan dificultades y\\\/o inconvenientes en visualizar el material original. El objetivo es entregar recursos, compartir experiencias y materiales que ayuden a los padres de familia, maestros y estudiantes en su actualizaci\u00f3n y formaci\u00f3n permanente, en bien de la Educaci\u00f3n.\",\"sameAs\":[\"http:\\\/\\\/webdelmaestrocmf.com\\\/portal\",\"https:\\\/\\\/www.facebook.com\\\/WebdelMaestroCMF\\\/\",\"https:\\\/\\\/www.instagram.com\\\/wmcmf\\\/\",\"https:\\\/\\\/cl.linkedin.com\\\/company\\\/web-del-maestro-cmf\",\"https:\\\/\\\/www.pinterest.com\\\/WMCMF\\\/publicaciones\\\/\",\"https:\\\/\\\/x.com\\\/cmf_w\",\"https:\\\/\\\/www.youtube.com\\\/@WMCMF\"]}]}<\/script>\n<!-- \/ Yoast SEO plugin. -->","yoast_head_json":{"title":"Cuatro pilares de la autoestima que se deben conversar en las aulas - 2026","description":"El psic\u00f3logo y escritor Walter Riso defiende que en la escuela deber\u00eda incorporarse dos nuevas asignaturas: \u201cAprender a perder\u201d...","robots":{"index":"index","follow":"follow","max-snippet":"max-snippet:-1","max-image-preview":"max-image-preview:large","max-video-preview":"max-video-preview:-1"},"canonical":"https:\/\/webdelmaestrocmf.com\/portal\/cuatro-pilares-de-la-autoestima-que-se-deben-conversar-en-las-aulas\/","og_locale":"es_ES","og_type":"article","og_title":"Cuatro pilares de la autoestima que se deben conversar en las aulas - 2026","og_description":"El psic\u00f3logo y escritor Walter Riso defiende que en la escuela deber\u00eda incorporarse dos nuevas asignaturas: \u201cAprender a perder\u201d...","og_url":"https:\/\/webdelmaestrocmf.com\/portal\/cuatro-pilares-de-la-autoestima-que-se-deben-conversar-en-las-aulas\/","og_site_name":"Web del Maestro CMF","article_publisher":"https:\/\/www.facebook.com\/WebdelMaestroCMF\/","article_author":"https:\/\/www.facebook.com\/WebdelMaestroCMF\/","article_published_time":"2020-11-05T21:25:33+00:00","article_modified_time":"2023-05-20T16:13:27+00:00","og_image":[{"width":1100,"height":680,"url":"https:\/\/i0.wp.com\/webdelmaestrocmf.com\/portal\/wp-content\/uploads\/2020\/11\/1-copia-14.jpg?fit=1100%2C680&ssl=1","type":"image\/jpeg"}],"author":"Web del Maestro CMF","twitter_card":"summary_large_image","twitter_creator":"@cmf_w","twitter_site":"@cmf_w","schema":{"@context":"https:\/\/schema.org","@graph":[{"@type":"ScholarlyArticle","@id":"https:\/\/webdelmaestrocmf.com\/portal\/cuatro-pilares-de-la-autoestima-que-se-deben-conversar-en-las-aulas\/#article","isPartOf":{"@id":"https:\/\/webdelmaestrocmf.com\/portal\/cuatro-pilares-de-la-autoestima-que-se-deben-conversar-en-las-aulas\/"},"author":{"name":"Web del Maestro CMF","@id":"https:\/\/webdelmaestrocmf.com\/portal\/#\/schema\/person\/1072a2ed7bd960df8ef99a551fa35dc5"},"headline":"Cuatro pilares de la autoestima que se deben conversar en las aulas","datePublished":"2020-11-05T21:25:33+00:00","dateModified":"2023-05-20T16:13:27+00:00","mainEntityOfPage":{"@id":"https:\/\/webdelmaestrocmf.com\/portal\/cuatro-pilares-de-la-autoestima-que-se-deben-conversar-en-las-aulas\/"},"wordCount":841,"commentCount":1,"publisher":{"@id":"https:\/\/webdelmaestrocmf.com\/portal\/#organization"},"image":{"@id":"https:\/\/webdelmaestrocmf.com\/portal\/cuatro-pilares-de-la-autoestima-que-se-deben-conversar-en-las-aulas\/#primaryimage"},"thumbnailUrl":"https:\/\/webdelmaestrocmf.com\/portal\/wp-content\/uploads\/2020\/11\/1-copia-14.jpg","keywords":["AULAS","AUTOESTIMA","conversar","CUATRO","deben","PILARES"],"articleSection":["Inteligencia Emocional","Recursos"],"inLanguage":"es","potentialAction":[{"@type":"CommentAction","name":"Comment","target":["https:\/\/webdelmaestrocmf.com\/portal\/cuatro-pilares-de-la-autoestima-que-se-deben-conversar-en-las-aulas\/#respond"]}]},{"@type":"WebPage","@id":"https:\/\/webdelmaestrocmf.com\/portal\/cuatro-pilares-de-la-autoestima-que-se-deben-conversar-en-las-aulas\/","url":"https:\/\/webdelmaestrocmf.com\/portal\/cuatro-pilares-de-la-autoestima-que-se-deben-conversar-en-las-aulas\/","name":"Cuatro pilares de la autoestima que se deben conversar en las aulas - 2026","isPartOf":{"@id":"https:\/\/webdelmaestrocmf.com\/portal\/#website"},"primaryImageOfPage":{"@id":"https:\/\/webdelmaestrocmf.com\/portal\/cuatro-pilares-de-la-autoestima-que-se-deben-conversar-en-las-aulas\/#primaryimage"},"image":{"@id":"https:\/\/webdelmaestrocmf.com\/portal\/cuatro-pilares-de-la-autoestima-que-se-deben-conversar-en-las-aulas\/#primaryimage"},"thumbnailUrl":"https:\/\/webdelmaestrocmf.com\/portal\/wp-content\/uploads\/2020\/11\/1-copia-14.jpg","datePublished":"2020-11-05T21:25:33+00:00","dateModified":"2023-05-20T16:13:27+00:00","description":"El psic\u00f3logo y escritor Walter Riso defiende que en la escuela deber\u00eda incorporarse dos nuevas asignaturas: \u201cAprender a perder\u201d...","breadcrumb":{"@id":"https:\/\/webdelmaestrocmf.com\/portal\/cuatro-pilares-de-la-autoestima-que-se-deben-conversar-en-las-aulas\/#breadcrumb"},"inLanguage":"es","potentialAction":[{"@type":"ReadAction","target":["https:\/\/webdelmaestrocmf.com\/portal\/cuatro-pilares-de-la-autoestima-que-se-deben-conversar-en-las-aulas\/"]}]},{"@type":"ImageObject","inLanguage":"es","@id":"https:\/\/webdelmaestrocmf.com\/portal\/cuatro-pilares-de-la-autoestima-que-se-deben-conversar-en-las-aulas\/#primaryimage","url":"https:\/\/webdelmaestrocmf.com\/portal\/wp-content\/uploads\/2020\/11\/1-copia-14.jpg","contentUrl":"https:\/\/webdelmaestrocmf.com\/portal\/wp-content\/uploads\/2020\/11\/1-copia-14.jpg","width":1100,"height":680},{"@type":"BreadcrumbList","@id":"https:\/\/webdelmaestrocmf.com\/portal\/cuatro-pilares-de-la-autoestima-que-se-deben-conversar-en-las-aulas\/#breadcrumb","itemListElement":[{"@type":"ListItem","position":1,"name":"Portada","item":"https:\/\/webdelmaestrocmf.com\/portal\/"},{"@type":"ListItem","position":2,"name":"Recursos","item":"https:\/\/webdelmaestrocmf.com\/portal\/category\/pedagogia\/"},{"@type":"ListItem","position":3,"name":"Cuatro pilares de la autoestima que se deben conversar en las aulas"}]},{"@type":"WebSite","@id":"https:\/\/webdelmaestrocmf.com\/portal\/#website","url":"https:\/\/webdelmaestrocmf.com\/portal\/","name":"Web del Maestro CMF","description":"Maestros al servicio de la educaci\u00f3n","publisher":{"@id":"https:\/\/webdelmaestrocmf.com\/portal\/#organization"},"alternateName":"WMCMF","potentialAction":[{"@type":"SearchAction","target":{"@type":"EntryPoint","urlTemplate":"https:\/\/webdelmaestrocmf.com\/portal\/?s={search_term_string}"},"query-input":{"@type":"PropertyValueSpecification","valueRequired":true,"valueName":"search_term_string"}}],"inLanguage":"es"},{"@type":"Organization","@id":"https:\/\/webdelmaestrocmf.com\/portal\/#organization","name":"Web del Maestro CMF","alternateName":"WMCMF","url":"https:\/\/webdelmaestrocmf.com\/portal\/","logo":{"@type":"ImageObject","inLanguage":"es","@id":"https:\/\/webdelmaestrocmf.com\/portal\/#\/schema\/logo\/image\/","url":"https:\/\/webdelmaestrocmf.com\/portal\/wp-content\/uploads\/2023\/01\/logo-wmcmf-2.png","contentUrl":"https:\/\/webdelmaestrocmf.com\/portal\/wp-content\/uploads\/2023\/01\/logo-wmcmf-2.png","width":200,"height":60,"caption":"Web del Maestro CMF"},"image":{"@id":"https:\/\/webdelmaestrocmf.com\/portal\/#\/schema\/logo\/image\/"},"sameAs":["https:\/\/www.facebook.com\/WebdelMaestroCMF\/","https:\/\/x.com\/cmf_w","https:\/\/www.pinterest.com\/WMCMF\/","https:\/\/www.linkedin.com\/company\/web-del-maestro-cmf\/","https:\/\/www.instagram.com\/wmcmf\/","https:\/\/www.youtube.com\/channel\/UCDPSvjbdodE5sHnC3OxutHw","https:\/\/mastodon.social\/@wmcmf","https:\/\/www.tiktok.com\/@webdelmaestrocmf"]},{"@type":"Person","@id":"https:\/\/webdelmaestrocmf.com\/portal\/#\/schema\/person\/1072a2ed7bd960df8ef99a551fa35dc5","name":"Web del Maestro CMF","image":{"@type":"ImageObject","inLanguage":"es","@id":"https:\/\/secure.gravatar.com\/avatar\/23291dd5b5ae1077dcff3dbb04c3e02bd28403fa75af6d8787d5e97c5bbbe30b?s=96&d=mm&r=g","url":"https:\/\/secure.gravatar.com\/avatar\/23291dd5b5ae1077dcff3dbb04c3e02bd28403fa75af6d8787d5e97c5bbbe30b?s=96&d=mm&r=g","contentUrl":"https:\/\/secure.gravatar.com\/avatar\/23291dd5b5ae1077dcff3dbb04c3e02bd28403fa75af6d8787d5e97c5bbbe30b?s=96&d=mm&r=g","caption":"Web del Maestro CMF"},"description":"Esta Web se cre\u00f3 sin fines de lucro, con fines educativos, cient\u00edficos y acad\u00e9micos, para personas que tengan dificultades y\/o inconvenientes en visualizar el material original. El objetivo es entregar recursos, compartir experiencias y materiales que ayuden a los padres de familia, maestros y estudiantes en su actualizaci\u00f3n y formaci\u00f3n permanente, en bien de la Educaci\u00f3n.","sameAs":["http:\/\/webdelmaestrocmf.com\/portal","https:\/\/www.facebook.com\/WebdelMaestroCMF\/","https:\/\/www.instagram.com\/wmcmf\/","https:\/\/cl.linkedin.com\/company\/web-del-maestro-cmf","https:\/\/www.pinterest.com\/WMCMF\/publicaciones\/","https:\/\/x.com\/cmf_w","https:\/\/www.youtube.com\/@WMCMF"]}]}},"jetpack_featured_media_url":"https:\/\/webdelmaestrocmf.com\/portal\/wp-content\/uploads\/2020\/11\/1-copia-14.jpg","jetpack_sharing_enabled":true,"jetpack-related-posts":[{"id":80969,"url":"https:\/\/webdelmaestrocmf.com\/portal\/si-una-persona-no-tiene-una-buena-autoestima-esto-va-a-afectar-a-todas-las-areas-de-su-vida\/","url_meta":{"origin":54075,"position":0},"title":"Si una persona no tiene una buena autoestima, esto va a afectar a todas las \u00e1reas de su vida","author":"Web del Maestro CMF","date":"13 octubre, 2022","format":"video","excerpt":"Silvia Congost Provensal (Barcelona, Espa\u00f1a, 1977), es psic\u00f3loga y experta en relaciones personales y autoestima. Su pasi\u00f3n por su profesi\u00f3n y el deseo de compartir sus conocimientos, adquiridos en m\u00e1s de 18 a\u00f1os de experiencia cl\u00ednica, le han llevado a colaborar en diferentes medios de comunicaci\u00f3n y a escribir varios\u2026","rel":"","context":"En \u00abAdolescente\u00bb","block_context":{"text":"Adolescente","link":"https:\/\/webdelmaestrocmf.com\/portal\/category\/adolescente\/"},"img":{"alt_text":"","src":"https:\/\/i0.wp.com\/webdelmaestrocmf.com\/portal\/wp-content\/uploads\/2022\/10\/1.jpeg?resize=350%2C200&ssl=1","width":350,"height":200,"srcset":"https:\/\/i0.wp.com\/webdelmaestrocmf.com\/portal\/wp-content\/uploads\/2022\/10\/1.jpeg?resize=350%2C200&ssl=1 1x, https:\/\/i0.wp.com\/webdelmaestrocmf.com\/portal\/wp-content\/uploads\/2022\/10\/1.jpeg?resize=525%2C300&ssl=1 1.5x, https:\/\/i0.wp.com\/webdelmaestrocmf.com\/portal\/wp-content\/uploads\/2022\/10\/1.jpeg?resize=700%2C400&ssl=1 2x, https:\/\/i0.wp.com\/webdelmaestrocmf.com\/portal\/wp-content\/uploads\/2022\/10\/1.jpeg?resize=1050%2C600&ssl=1 3x"},"classes":[]},{"id":55382,"url":"https:\/\/webdelmaestrocmf.com\/portal\/nunca-comparen-porque-la-autoimagen-se-ve-afectada-por-la-comparacion\/","url_meta":{"origin":54075,"position":1},"title":"Nunca comparen, porque la autoimagen se ve afectada por la comparaci\u00f3n","author":"Web del Maestro CMF","date":"29 noviembre, 2020","format":"video","excerpt":"el psic\u00f3logo y escritor Walter Riso (N\u00e1poles, Italia1951), es doctor en Psicolog\u00eda, especialista en Terapia Cognitiva y M\u00e1ster en Bio\u00e9tica, con m\u00e1s de 30 a\u00f1os de experiencia en el \u00e1mbito de la psicolog\u00eda cl\u00ednica y la formaci\u00f3n, a trav\u00e9s de su c\u00e1tedra universitaria entre Espa\u00f1a y Latinoam\u00e9rica. Es autor de\u2026","rel":"","context":"En \u00abCharlas\u00bb","block_context":{"text":"Charlas","link":"https:\/\/webdelmaestrocmf.com\/portal\/category\/charlas\/"},"img":{"alt_text":"","src":"https:\/\/i0.wp.com\/webdelmaestrocmf.com\/portal\/wp-content\/uploads\/2020\/11\/1-copia-82.jpg?resize=350%2C200&ssl=1","width":350,"height":200,"srcset":"https:\/\/i0.wp.com\/webdelmaestrocmf.com\/portal\/wp-content\/uploads\/2020\/11\/1-copia-82.jpg?resize=350%2C200&ssl=1 1x, https:\/\/i0.wp.com\/webdelmaestrocmf.com\/portal\/wp-content\/uploads\/2020\/11\/1-copia-82.jpg?resize=525%2C300&ssl=1 1.5x, https:\/\/i0.wp.com\/webdelmaestrocmf.com\/portal\/wp-content\/uploads\/2020\/11\/1-copia-82.jpg?resize=700%2C400&ssl=1 2x, https:\/\/i0.wp.com\/webdelmaestrocmf.com\/portal\/wp-content\/uploads\/2020\/11\/1-copia-82.jpg?resize=1050%2C600&ssl=1 3x"},"classes":[]},{"id":71946,"url":"https:\/\/webdelmaestrocmf.com\/portal\/silvia-congost-en-las-escuelas-falta-mucha-conciencia-y-muchisima-educacion-emocional\/","url_meta":{"origin":54075,"position":2},"title":"Silvia Congost: En las escuelas falta mucha conciencia y much\u00edsima educaci\u00f3n emocional","author":"Web del Maestro CMF","date":"12 diciembre, 2021","format":false,"excerpt":"La Psic\u00f3loga Silvia Congost (Barcelona, 1977), graduada en la Universidad de Girona (Espa\u00f1a) es experta en dependencia emocional y autoestima, en varias publicaciones nos orienta sobre la necesidad de educar a los j\u00f3venes en la gesti\u00f3n y autorregulaci\u00f3n emocional y cu\u00e1nto influyen los factores como la familia, el ambiente escolar\u2026","rel":"","context":"En \u00abEntrevistas\u00bb","block_context":{"text":"Entrevistas","link":"https:\/\/webdelmaestrocmf.com\/portal\/category\/noticias\/entrevistas\/"},"img":{"alt_text":"","src":"https:\/\/i0.wp.com\/webdelmaestrocmf.com\/portal\/wp-content\/uploads\/2021\/12\/2.jpg?resize=350%2C200&ssl=1","width":350,"height":200,"srcset":"https:\/\/i0.wp.com\/webdelmaestrocmf.com\/portal\/wp-content\/uploads\/2021\/12\/2.jpg?resize=350%2C200&ssl=1 1x, https:\/\/i0.wp.com\/webdelmaestrocmf.com\/portal\/wp-content\/uploads\/2021\/12\/2.jpg?resize=525%2C300&ssl=1 1.5x, https:\/\/i0.wp.com\/webdelmaestrocmf.com\/portal\/wp-content\/uploads\/2021\/12\/2.jpg?resize=700%2C400&ssl=1 2x, https:\/\/i0.wp.com\/webdelmaestrocmf.com\/portal\/wp-content\/uploads\/2021\/12\/2.jpg?resize=1050%2C600&ssl=1 3x"},"classes":[]},{"id":46409,"url":"https:\/\/webdelmaestrocmf.com\/portal\/hay-gente-que-se-queja-mucho-pero-no-pasa-a-la-accion\/","url_meta":{"origin":54075,"position":3},"title":"Hay gente que se queja mucho pero no pasa a la acci\u00f3n","author":"Web del Maestro CMF","date":"19 octubre, 2021","format":"video","excerpt":"La Psic\u00f3loga Silvia Congost Provensal es Licenciada en Psicolog\u00eda (Universitat de Girona, Espa\u00f1a), Postgrado Institut Superior d\u00b4Estudis Psicol\u00f2gics), M\u00e1ster experta en Coaching (Instituto Europeo de Coaching), M\u00e1ster en Rebirthing (Escuela Internacional de Rebirthing, Espa\u00f1a), formada en PNL (Institut Gestalt). autora de los libros Si sufres, no es amor, Cuando amar\u2026","rel":"","context":"En \u00abCharlas\u00bb","block_context":{"text":"Charlas","link":"https:\/\/webdelmaestrocmf.com\/portal\/category\/charlas\/"},"img":{"alt_text":"","src":"https:\/\/i0.wp.com\/webdelmaestrocmf.com\/portal\/wp-content\/uploads\/2021\/10\/58.jpg?resize=350%2C200&ssl=1","width":350,"height":200,"srcset":"https:\/\/i0.wp.com\/webdelmaestrocmf.com\/portal\/wp-content\/uploads\/2021\/10\/58.jpg?resize=350%2C200&ssl=1 1x, https:\/\/i0.wp.com\/webdelmaestrocmf.com\/portal\/wp-content\/uploads\/2021\/10\/58.jpg?resize=525%2C300&ssl=1 1.5x, https:\/\/i0.wp.com\/webdelmaestrocmf.com\/portal\/wp-content\/uploads\/2021\/10\/58.jpg?resize=700%2C400&ssl=1 2x, https:\/\/i0.wp.com\/webdelmaestrocmf.com\/portal\/wp-content\/uploads\/2021\/10\/58.jpg?resize=1050%2C600&ssl=1 3x"},"classes":[]},{"id":12702,"url":"https:\/\/webdelmaestrocmf.com\/portal\/estrategias-estimular-la-inteligencia-emocional-aula\/","url_meta":{"origin":54075,"position":4},"title":"Estrategias para estimular la inteligencia emocional en el aula","author":"Web del Maestro CMF","date":"27 enero, 2020","format":false,"excerpt":"Inteligencia Emocional fue un t\u00e9rmino utilizado por Peter Salovey y John Mayer en 1990, quienes la definen como: \u201cLa capacidad de controlar y regular las emociones de uno mismo para resolver los problemas de manera pac\u00edfica, obteniendo un bienestar para s\u00ed mismo y para los dem\u00e1s\u201d. Hist\u00f3ricamente, las emociones poco\u2026","rel":"","context":"En \u00abInteligencia Emocional\u00bb","block_context":{"text":"Inteligencia Emocional","link":"https:\/\/webdelmaestrocmf.com\/portal\/category\/pedagogia\/inteligencia-emocional-educacion-y-familia\/"},"img":{"alt_text":"inteligencia emocional","src":"https:\/\/i0.wp.com\/webdelmaestrocmf.com\/portal\/wp-content\/uploads\/2020\/01\/Banner-1-portada-imagen-10-1-20.jpg?resize=350%2C200&ssl=1","width":350,"height":200,"srcset":"https:\/\/i0.wp.com\/webdelmaestrocmf.com\/portal\/wp-content\/uploads\/2020\/01\/Banner-1-portada-imagen-10-1-20.jpg?resize=350%2C200&ssl=1 1x, https:\/\/i0.wp.com\/webdelmaestrocmf.com\/portal\/wp-content\/uploads\/2020\/01\/Banner-1-portada-imagen-10-1-20.jpg?resize=525%2C300&ssl=1 1.5x, https:\/\/i0.wp.com\/webdelmaestrocmf.com\/portal\/wp-content\/uploads\/2020\/01\/Banner-1-portada-imagen-10-1-20.jpg?resize=700%2C400&ssl=1 2x"},"classes":[]},{"id":27293,"url":"https:\/\/webdelmaestrocmf.com\/portal\/estrategias-para-estimular-la-inteligencia-emocional-en-el-aula\/","url_meta":{"origin":54075,"position":5},"title":"Estrategias para estimular la inteligencia emocional en el aula","author":"Web del Maestro CMF","date":"5 junio, 2020","format":false,"excerpt":"Existen estudiantes con un dominio de su faceta emocional mucho m\u00e1s desarrollado que otras; sin embargo, pocas veces se estudia su correlaci\u00f3n con la inteligencia l\u00f3gica y anal\u00edtica. Tenemos estudiantes \"brillantes\", capaz de memorizar datos y llegar a resultados acad\u00e9micos excelentes, pero con una vida emocional y sentimental variable; por\u2026","rel":"","context":"En \u00abInteligencia Emocional\u00bb","block_context":{"text":"Inteligencia Emocional","link":"https:\/\/webdelmaestrocmf.com\/portal\/category\/pedagogia\/inteligencia-emocional-educacion-y-familia\/"},"img":{"alt_text":"","src":"https:\/\/i0.wp.com\/webdelmaestrocmf.com\/portal\/wp-content\/uploads\/2020\/06\/1-3.jpg?resize=350%2C200&ssl=1","width":350,"height":200,"srcset":"https:\/\/i0.wp.com\/webdelmaestrocmf.com\/portal\/wp-content\/uploads\/2020\/06\/1-3.jpg?resize=350%2C200&ssl=1 1x, https:\/\/i0.wp.com\/webdelmaestrocmf.com\/portal\/wp-content\/uploads\/2020\/06\/1-3.jpg?resize=525%2C300&ssl=1 1.5x, https:\/\/i0.wp.com\/webdelmaestrocmf.com\/portal\/wp-content\/uploads\/2020\/06\/1-3.jpg?resize=700%2C400&ssl=1 2x"},"classes":[]}],"_links":{"self":[{"href":"https:\/\/webdelmaestrocmf.com\/portal\/wp-json\/wp\/v2\/posts\/54075","targetHints":{"allow":["GET"]}}],"collection":[{"href":"https:\/\/webdelmaestrocmf.com\/portal\/wp-json\/wp\/v2\/posts"}],"about":[{"href":"https:\/\/webdelmaestrocmf.com\/portal\/wp-json\/wp\/v2\/types\/post"}],"author":[{"embeddable":true,"href":"https:\/\/webdelmaestrocmf.com\/portal\/wp-json\/wp\/v2\/users\/1"}],"replies":[{"embeddable":true,"href":"https:\/\/webdelmaestrocmf.com\/portal\/wp-json\/wp\/v2\/comments?post=54075"}],"version-history":[{"count":0,"href":"https:\/\/webdelmaestrocmf.com\/portal\/wp-json\/wp\/v2\/posts\/54075\/revisions"}],"wp:featuredmedia":[{"embeddable":true,"href":"https:\/\/webdelmaestrocmf.com\/portal\/wp-json\/wp\/v2\/media\/54077"}],"wp:attachment":[{"href":"https:\/\/webdelmaestrocmf.com\/portal\/wp-json\/wp\/v2\/media?parent=54075"}],"wp:term":[{"taxonomy":"category","embeddable":true,"href":"https:\/\/webdelmaestrocmf.com\/portal\/wp-json\/wp\/v2\/categories?post=54075"},{"taxonomy":"post_tag","embeddable":true,"href":"https:\/\/webdelmaestrocmf.com\/portal\/wp-json\/wp\/v2\/tags?post=54075"}],"curies":[{"name":"wp","href":"https:\/\/api.w.org\/{rel}","templated":true}]}}