{"id":54018,"date":"2020-11-04T21:15:18","date_gmt":"2020-11-05T00:15:18","guid":{"rendered":"https:\/\/webdelmaestrocmf.com\/portal\/?p=54018"},"modified":"2020-11-05T10:17:32","modified_gmt":"2020-11-05T13:17:32","slug":"dia-internacional-contra-la-violencia-y-el-acoso-escolar-incluido-el-ciberacoso","status":"publish","type":"post","link":"https:\/\/webdelmaestrocmf.com\/portal\/dia-internacional-contra-la-violencia-y-el-acoso-escolar-incluido-el-ciberacoso\/","title":{"rendered":"D\u00eda Internacional contra la violencia y el Acoso escolar, incluido el Ciberacoso"},"content":{"rendered":"<h5 style=\"text-align: justify;\">La 207\u00aa sesi\u00f3n del Consejo Ejecutivo de la UNESCO (1919), declar\u00f3 el primer jueves del mes de noviembre de cada a\u00f1o, como el <strong><em>D\u00eda Internacional contra la Violencia y el Acoso en la Escuela, incluido el Ciberacoso<\/em><\/strong>, \u201creconociendo de este modo que <strong>la violencia en el entorno escolar<\/strong> bajo todas sus formas atenta contra los derechos de los ni\u00f1os y los adolescentes, la salud y el bienestar. Este D\u00eda hace un llamamiento a <strong>reforzar las alianzas e iniciativas <\/strong>que aceleran los progresos en aras de <strong>la prevenci\u00f3n y eliminaci\u00f3n <\/strong>de la violencia y el acoso escolar, incluido el ciberacoso\u201d.<\/h5>\n<p><!--more--><\/p>\n<p style=\"text-align: justify;\">Art\u00edculo relacionado: <a href=\"https:\/\/webdelmaestrocmf.com\/portal\/maite-garaigordobil-debemos-estimular-las-competencias-sociales-y-emocionales-para-inhibir-la-conducta-violenta-del-acoso-escolar\/\" target=\"_blank\" rel=\"noopener noreferrer\"><strong>MAITE GARAIGORDOBIL: DEBEMOS ESTIMULAR LAS COMPETENCIAS SOCIALES Y EMOCIONALES PARA INHIBIR LA CONDUCTA VIOLENTA DEL ACOSO ESCOLAR<\/strong><\/a><\/p>\n<p style=\"text-align: justify;\">Ahora, que nos ha tocado una etapa especial con el cierre de las escuelas y a las relaciones escolares,\u00a0 con el confinamiento que en algunos pa\u00edses ha sido,(y es) muy estricto y prolongado, se ha incrementado tambi\u00e9n el estr\u00e9s o aburrimiento, que puede llevar a que ni\u00f1os o adolescentes a hacer un mal uso de las redes sociales. A su vez, las condiciones de salud mental pueden verse agravadas por ese acoso. El mayor uso de tel\u00e9fonos inteligentes, tabletas y redes sociales, eleva tambi\u00e9n la probabilidad de acoso escolar en modalidad en l\u00ednea, bullying cibern\u00e9tico o ciberbullying. cf <a href=\"http:\/\/nuestravozacolores.org\/ciber-bullying-en-tiempos-de-cuarentena\/\" target=\"_blank\" rel=\"noopener noreferrer\"><strong>CIBERBULLYING EN TIEMPOS DE CUARENTENA<\/strong><\/a><\/p>\n<p style=\"text-align: justify;\">En no pocos pa\u00edses antes de la cuarentena, se usaba mucho el internet, pero en este momento de confinamiento y del cierre de las escuelas, en casi todo el mundo se suma que <strong>el ciberespacio, es un lugar para resolver asuntos que antes se arreglaban de manera directa y presencial<\/strong>.\u00a0 Los estudiantes ahora est\u00e1n m\u00e1s conectados para recibir sus lecciones, pero tambi\u00e9n para distraerse o entretenerse, lo cual <strong>entra\u00f1a peligros como el ciberacoso<\/strong>, es decir, la agresi\u00f3n o intimidaci\u00f3n efectuada a trav\u00e9s de redes sociales, videojuegos o mensajer\u00eda digital. \u201cEl drama del ciberacoso <strong>puede agravarse porque acecha las 24 horas del d\u00eda. Internet no duerme<\/strong>. De igual manera, porque hay informaci\u00f3n que, una vez en la red, es muy dif\u00edcil de eliminar. \u201cEl ciberacoso puede afectar a cualquier persona, no discrimina\u201d. <a href=\"https:\/\/www.eleconomista.com.mx\/opinion\/El-ciberacoso-otra-plaga-en-la-pandemia-20200511-0147.html\" target=\"_blank\" rel=\"noopener noreferrer\"><strong>EL CIBERACOSO, OTRA PLAGA EN LA PANDEMIA.<\/strong><\/a><\/p>\n<h5 style=\"text-align: justify;\"><strong>STOP CIBERBULLYING <\/strong>(00\u00b4 59\u201d)<\/h5>\n<p style=\"text-align: justify;\"><iframe loading=\"lazy\" src=\"https:\/\/www.youtube.com\/embed\/Nnti8H3bO7w\" width=\"100%\" height=\"400\" frameborder=\"0\" allowfullscreen=\"allowfullscreen\"><span data-mce-type=\"bookmark\" style=\"display: inline-block; width: 0px; overflow: hidden; line-height: 0;\" class=\"mce_SELRES_start\">\ufeff<\/span><\/iframe><\/p>\n<p style=\"text-align: justify;\">\u201cEste D\u00eda Internacional hace <strong>un llamamiento a dar un paso fundamental en la ambici\u00f3n de prevenir y eliminar la violencia y el acoso escolares, incluido el ciberacoso\u201d.<\/strong> Es hora de aplicar plenamente todos los medios y m\u00e9todos para poner fin a la toda violencia escolar. La UNESCO nos llama \u201ca solucionar realmente <strong>las causas profundas de la violencia y de promocionar una cultura del respeto de los derechos de los alumnos y la tolerancia cero con respecto a la violencia\u201d<\/strong>. Esta propuesta es un llamamiento a los Estados Miembros, los asociados de las Naciones Unidas, las dem\u00e1s organizaciones internacionales y regionales interesadas, as\u00ed como a todos los actores del proceso ense\u00f1anza \u2013 aprendizaje, ya sea en su modo presencial como a distancia, para prestar ayuda en la promoci\u00f3n, la organizaci\u00f3n y la celebraci\u00f3n de este d\u00eda internacional.<\/p>\n<p style=\"text-align: justify;\">Art\u00edculo relacionado: <a href=\"https:\/\/webdelmaestrocmf.com\/portal\/si-no-somos-parte-de-la-solucion-somos-parte-del-acoso-escolar\/\" target=\"_blank\" rel=\"noopener noreferrer\"><strong>SI NO SOMOS PARTE DE LA SOLUCI\u00d3N, SOMOS PARTE DEL ACOSO ESCOLAR<\/strong><\/a><\/p>\n<p><img loading=\"lazy\" decoding=\"async\" class=\"alignnone size-full wp-image-54020\" src=\"https:\/\/webdelmaestrocmf.com\/portal\/wp-content\/uploads\/2020\/11\/1-32.jpg\" alt=\"\" width=\"3825\" height=\"2209\" srcset=\"https:\/\/webdelmaestrocmf.com\/portal\/wp-content\/uploads\/2020\/11\/1-32.jpg 3825w, https:\/\/webdelmaestrocmf.com\/portal\/wp-content\/uploads\/2020\/11\/1-32-300x173.jpg 300w, https:\/\/webdelmaestrocmf.com\/portal\/wp-content\/uploads\/2020\/11\/1-32-1024x591.jpg 1024w, https:\/\/webdelmaestrocmf.com\/portal\/wp-content\/uploads\/2020\/11\/1-32-768x444.jpg 768w, https:\/\/webdelmaestrocmf.com\/portal\/wp-content\/uploads\/2020\/11\/1-32-1536x887.jpg 1536w, https:\/\/webdelmaestrocmf.com\/portal\/wp-content\/uploads\/2020\/11\/1-32-2048x1183.jpg 2048w, https:\/\/webdelmaestrocmf.com\/portal\/wp-content\/uploads\/2020\/11\/1-32-110x64.jpg 110w, https:\/\/webdelmaestrocmf.com\/portal\/wp-content\/uploads\/2020\/11\/1-32-200x116.jpg 200w, https:\/\/webdelmaestrocmf.com\/portal\/wp-content\/uploads\/2020\/11\/1-32-380x219.jpg 380w, https:\/\/webdelmaestrocmf.com\/portal\/wp-content\/uploads\/2020\/11\/1-32-255x147.jpg 255w, https:\/\/webdelmaestrocmf.com\/portal\/wp-content\/uploads\/2020\/11\/1-32-550x318.jpg 550w, https:\/\/webdelmaestrocmf.com\/portal\/wp-content\/uploads\/2020\/11\/1-32-800x462.jpg 800w, https:\/\/webdelmaestrocmf.com\/portal\/wp-content\/uploads\/2020\/11\/1-32-1160x670.jpg 1160w, https:\/\/webdelmaestrocmf.com\/portal\/wp-content\/uploads\/2020\/11\/1-32-3072x1774.jpg 3072w, https:\/\/webdelmaestrocmf.com\/portal\/wp-content\/uploads\/2020\/11\/1-32-220x127.jpg 220w, https:\/\/webdelmaestrocmf.com\/portal\/wp-content\/uploads\/2020\/11\/1-32-400x231.jpg 400w, https:\/\/webdelmaestrocmf.com\/portal\/wp-content\/uploads\/2020\/11\/1-32-760x439.jpg 760w, https:\/\/webdelmaestrocmf.com\/portal\/wp-content\/uploads\/2020\/11\/1-32-510x295.jpg 510w, https:\/\/webdelmaestrocmf.com\/portal\/wp-content\/uploads\/2020\/11\/1-32-600x347.jpg 600w, https:\/\/webdelmaestrocmf.com\/portal\/wp-content\/uploads\/2020\/11\/1-32-1100x635.jpg 1100w, https:\/\/webdelmaestrocmf.com\/portal\/wp-content\/uploads\/2020\/11\/1-32-1600x924.jpg 1600w, https:\/\/webdelmaestrocmf.com\/portal\/wp-content\/uploads\/2020\/11\/1-32-2320x1340.jpg 2320w\" sizes=\"auto, (max-width: 3825px) 100vw, 3825px\" \/><\/p>\n<p style=\"text-align: justify;\">\u201cLa lucha contra la violencia y el acoso escolares es esencial para la consecuci\u00f3n de los objetivos de desarrollo sostenible (ODS), en particular el ODS 4, con miras a <strong>garantizar una educaci\u00f3n de calidad equitativa e inclusiva,<\/strong> y a promover las oportunidades de aprendizaje a lo largo de toda la vida para todos, as\u00ed como el ODS 16 con miras a promover sociedades pac\u00edficas e inclusivas. [&#8230;Este es un llamado a poner] de relieve <strong>el derecho de los ni\u00f1os a no padecer el tipo de violencia que engendra el acoso.<\/strong> Al ser el acoso un problema a escala mundial, debemos unirnos para encontrar las soluciones necesarias y abordar este problema en conjunto &#8230;\u201d. <a href=\"https:\/\/es.unesco.org\/news\/nuevo-dia-internacional-violencia-y-acoso-escuela-incluido-ciberacoso?fbclid=IwAR37J_UsAOhC6f5uHBMUBHHZgvkSD6hhc393h4TXXpDMydR-h6OT4Osib2c\" target=\"_blank\" rel=\"noopener noreferrer\"><strong>NUEVO D\u00cdA INTERNACIONAL CONTRA LA VIOLENCIA Y EL ACOSO EN LA ESCUELA, INCLUIDO EL CIBERACOSO<\/strong><\/a><\/p>\n<p style=\"text-align: justify;\">Sea este llamado, desde la Web del Maestro CMF, a seguir apoyando una educaci\u00f3n que erradique cualquier asomo de agresi\u00f3n, discriminaci\u00f3n, exclusi\u00f3n o marginaci\u00f3n en nuestros ambientes escolares, y de manera especial desde el mal uso de las redes sociales, a las cuales est\u00e1n expuestos nuestros estudiantes por la educaci\u00f3n a distancia. La educaci\u00f3n es justamente esto, <strong>ense\u00f1ar a usar conveniente y responsablemente la tecnolog\u00eda para humanizar y acercar a los seres humanos.<\/strong> Ha llegado la oportunidad de hacer realidad un Pacto Educativo en que los estudiantes, profesores y padres de familia trabajemos para engrandecer la educaci\u00f3n como el mejor camino de construir una nueva civilizaci\u00f3n, desde esta experiencia de la pandemia del Covid 19.<\/p>\n<p style=\"text-align: center;\"><em>\u201cEsperemos, pues, que este primer D\u00eda Internacional sea la ocasi\u00f3n de una gran toma de conciencia a escala mundial sobre la magnitud de este flagelo y sobre la necesidad de ponerle fin cuanto antes. Ya seamos estudiantes, padres o madres de alumnos, miembros de la comunidad educativa<\/em> o simplemente ciudadanos particulares, acabar con la violencia y el acoso en la escuela es asunto de todos.\u00bb (Audrey Azoulay, Directora General de la UNESCO).<\/p>\n<p style=\"text-align: right;\"><b>REDACCI\u00d3N WEB DEL MAESTRO CMF<\/b><\/p>\n\t\t<div class=\"pk-inline-posts\">\n\t\t\t\n\t\t\t<div class=\"pk-inline-posts-container pk-inline-posts-template-list\"\n\t\t\t\tdata-columns=\"1\">\n\t\t\t\t\t\t<article id=\"post-118333\" class=\"post-118333 post type-post status-publish format-standard has-post-thumbnail category-jamb tag-apego tag-crianza tag-docentes tag-educacion tag-escuela tag-familia tag-infancia tag-responsabilidad tag-vinculo cs-entry cs-video-wrap\">\n\t\t\t<div class=\"pk-post-outer\">\n\n\t\t\t\t\t\t\t\t<div class=\"pk-post-inner\">\n\t\t\t\t\t<div class=\"entry-thumbnail\">\n\t\t\t\t\t\t<div class=\"pk-overlay pk-overlay-ratio pk-ratio-landscape\">\n\t\t\t\t\t\t\t<div class=\"pk-overlay-background\">\n\t\t\t\t\t\t\t\t<a href=\"https:\/\/webdelmaestrocmf.com\/portal\/el-sistema-nos-rompe-a-todos-y-a-los-ninos-primero\/\" class=\"pk-overlay-link\">\n\t\t\t\t\t\t\t\t\t<img loading=\"lazy\" decoding=\"async\" width=\"300\" height=\"225\" src=\"https:\/\/webdelmaestrocmf.com\/portal\/wp-content\/uploads\/2026\/04\/1AA-Banner-1-portada-imagen-10-1-copia-2-300x225.jpg\" class=\"attachment-pk-thumbnail size-pk-thumbnail wp-post-image\" alt=\"\" \/>\t\t\t\t\t\t\t\t<\/a>\n\t\t\t\t\t\t\t<\/div>\n\t\t\t\t\t\t<\/div>\n\t\t\t\t\t<\/div>\n\t\t\t\t<\/div>\n\t\t\t\t\n\t\t\t\t<div class=\"pk-post-inner\">\n\t\t\t\t\t<header>\n\t\t\t\t\t\t<h3 class=\"pk-title\"><a href=\"https:\/\/webdelmaestrocmf.com\/portal\/el-sistema-nos-rompe-a-todos-y-a-los-ninos-primero\/\" rel=\"bookmark\">El sistema nos rompe a todos\u2026 y a los ni\u00f1os primero<\/a><\/h3>\t\t\t\t\t<\/header><!-- .entry-header -->\n\t\t\t\t<\/div><!-- .post-inner -->\n\n\t\t\t<\/div><!-- .post-outer -->\n\t\t<\/article>\n\t\t\t\t<\/div>\n\t\t<\/div>\n\t\t\n","protected":false},"excerpt":{"rendered":"La 207\u00aa sesi\u00f3n del Consejo Ejecutivo de la UNESCO (1919), declar\u00f3 el primer jueves del mes de noviembre&hellip;","protected":false},"author":1,"featured_media":54019,"comment_status":"open","ping_status":"closed","sticky":false,"template":"","format":"standard","meta":{"csco_display_header_overlay":false,"csco_singular_sidebar":"default","csco_page_header_type":"default","csco_page_load_nextpost":"default","csco_post_video_location":[],"csco_post_video_location_hash":"","csco_post_video_url":"","csco_post_video_bg_start_time":0,"csco_post_video_bg_end_time":0,"csco_post_video_bg_volume":false,"_jetpack_memberships_contains_paid_content":false,"footnotes":""},"categories":[61],"tags":[1705,4471,1780,608,2164,903,1442,675],"class_list":{"0":"post-54018","1":"post","2":"type-post","3":"status-publish","4":"format-standard","5":"has-post-thumbnail","7":"category-jamb","8":"tag-acoso","9":"tag-ciberacoso","10":"tag-ciberbullying","11":"tag-escolar","12":"tag-libertad","13":"tag-redes-sociales","14":"tag-responsabilidad","15":"tag-violencia","16":"cs-entry","17":"cs-video-wrap"},"yoast_head":"<!-- This site is optimized with the Yoast SEO plugin v27.5 - https:\/\/yoast.com\/product\/yoast-seo-wordpress\/ -->\n<title>D\u00eda Internacional contra la violencia y el Acoso escolar, incluido el Ciberacoso - 2026<\/title>\n<meta name=\"description\" content=\"La 207\u00aa sesi\u00f3n del Consejo Ejecutivo de la UNESCO (1919), declar\u00f3 el primer jueves del mes de noviembre de cada a\u00f1o, como el D\u00eda...\" \/>\n<meta name=\"robots\" content=\"index, follow, max-snippet:-1, max-image-preview:large, max-video-preview:-1\" \/>\n<link rel=\"canonical\" href=\"https:\/\/webdelmaestrocmf.com\/portal\/dia-internacional-contra-la-violencia-y-el-acoso-escolar-incluido-el-ciberacoso\/\" \/>\n<meta property=\"og:locale\" content=\"es_ES\" \/>\n<meta property=\"og:type\" content=\"article\" \/>\n<meta property=\"og:title\" content=\"D\u00eda Internacional contra la violencia y el Acoso escolar, incluido el Ciberacoso - 2026\" \/>\n<meta property=\"og:description\" content=\"La 207\u00aa sesi\u00f3n del Consejo Ejecutivo de la UNESCO (1919), declar\u00f3 el primer jueves del mes de noviembre de cada a\u00f1o, como el D\u00eda...\" \/>\n<meta property=\"og:url\" content=\"https:\/\/webdelmaestrocmf.com\/portal\/dia-internacional-contra-la-violencia-y-el-acoso-escolar-incluido-el-ciberacoso\/\" \/>\n<meta property=\"og:site_name\" content=\"Web del Maestro CMF\" \/>\n<meta property=\"article:publisher\" content=\"https:\/\/www.facebook.com\/WebdelMaestroCMF\/\" \/>\n<meta property=\"article:author\" content=\"https:\/\/www.facebook.com\/WebdelMaestroCMF\/\" \/>\n<meta property=\"article:published_time\" content=\"2020-11-05T00:15:18+00:00\" \/>\n<meta property=\"article:modified_time\" content=\"2020-11-05T13:17:32+00:00\" \/>\n<meta property=\"og:image\" content=\"https:\/\/i0.wp.com\/webdelmaestrocmf.com\/portal\/wp-content\/uploads\/2020\/11\/1-31.jpg?fit=1100%2C680&ssl=1\" \/>\n\t<meta property=\"og:image:width\" content=\"1100\" \/>\n\t<meta property=\"og:image:height\" content=\"680\" \/>\n\t<meta property=\"og:image:type\" content=\"image\/jpeg\" \/>\n<meta name=\"author\" content=\"Web del Maestro CMF\" \/>\n<meta name=\"twitter:card\" content=\"summary_large_image\" \/>\n<meta name=\"twitter:creator\" content=\"@cmf_w\" \/>\n<meta name=\"twitter:site\" content=\"@cmf_w\" \/>\n<script type=\"application\/ld+json\" class=\"yoast-schema-graph\">{\"@context\":\"https:\\\/\\\/schema.org\",\"@graph\":[{\"@type\":\"ScholarlyArticle\",\"@id\":\"https:\\\/\\\/webdelmaestrocmf.com\\\/portal\\\/dia-internacional-contra-la-violencia-y-el-acoso-escolar-incluido-el-ciberacoso\\\/#article\",\"isPartOf\":{\"@id\":\"https:\\\/\\\/webdelmaestrocmf.com\\\/portal\\\/dia-internacional-contra-la-violencia-y-el-acoso-escolar-incluido-el-ciberacoso\\\/\"},\"author\":{\"name\":\"Web del Maestro CMF\",\"@id\":\"https:\\\/\\\/webdelmaestrocmf.com\\\/portal\\\/#\\\/schema\\\/person\\\/1072a2ed7bd960df8ef99a551fa35dc5\"},\"headline\":\"D\u00eda Internacional contra la violencia y el Acoso escolar, incluido el Ciberacoso\",\"datePublished\":\"2020-11-05T00:15:18+00:00\",\"dateModified\":\"2020-11-05T13:17:32+00:00\",\"mainEntityOfPage\":{\"@id\":\"https:\\\/\\\/webdelmaestrocmf.com\\\/portal\\\/dia-internacional-contra-la-violencia-y-el-acoso-escolar-incluido-el-ciberacoso\\\/\"},\"wordCount\":899,\"commentCount\":0,\"publisher\":{\"@id\":\"https:\\\/\\\/webdelmaestrocmf.com\\\/portal\\\/#organization\"},\"image\":{\"@id\":\"https:\\\/\\\/webdelmaestrocmf.com\\\/portal\\\/dia-internacional-contra-la-violencia-y-el-acoso-escolar-incluido-el-ciberacoso\\\/#primaryimage\"},\"thumbnailUrl\":\"https:\\\/\\\/webdelmaestrocmf.com\\\/portal\\\/wp-content\\\/uploads\\\/2020\\\/11\\\/1-31.jpg\",\"keywords\":[\"ACOSO\",\"CIBERACOSO\",\"CIBERBULLYING\",\"ESCOLAR\",\"LIBERTAD\",\"redes sociales\",\"RESPONSABILIDAD\",\"VIOLENCIA\"],\"articleSection\":[\"Yo opino - WMCMF\"],\"inLanguage\":\"es\",\"potentialAction\":[{\"@type\":\"CommentAction\",\"name\":\"Comment\",\"target\":[\"https:\\\/\\\/webdelmaestrocmf.com\\\/portal\\\/dia-internacional-contra-la-violencia-y-el-acoso-escolar-incluido-el-ciberacoso\\\/#respond\"]}]},{\"@type\":\"WebPage\",\"@id\":\"https:\\\/\\\/webdelmaestrocmf.com\\\/portal\\\/dia-internacional-contra-la-violencia-y-el-acoso-escolar-incluido-el-ciberacoso\\\/\",\"url\":\"https:\\\/\\\/webdelmaestrocmf.com\\\/portal\\\/dia-internacional-contra-la-violencia-y-el-acoso-escolar-incluido-el-ciberacoso\\\/\",\"name\":\"D\u00eda Internacional contra la violencia y el Acoso escolar, incluido el Ciberacoso - 2026\",\"isPartOf\":{\"@id\":\"https:\\\/\\\/webdelmaestrocmf.com\\\/portal\\\/#website\"},\"primaryImageOfPage\":{\"@id\":\"https:\\\/\\\/webdelmaestrocmf.com\\\/portal\\\/dia-internacional-contra-la-violencia-y-el-acoso-escolar-incluido-el-ciberacoso\\\/#primaryimage\"},\"image\":{\"@id\":\"https:\\\/\\\/webdelmaestrocmf.com\\\/portal\\\/dia-internacional-contra-la-violencia-y-el-acoso-escolar-incluido-el-ciberacoso\\\/#primaryimage\"},\"thumbnailUrl\":\"https:\\\/\\\/webdelmaestrocmf.com\\\/portal\\\/wp-content\\\/uploads\\\/2020\\\/11\\\/1-31.jpg\",\"datePublished\":\"2020-11-05T00:15:18+00:00\",\"dateModified\":\"2020-11-05T13:17:32+00:00\",\"description\":\"La 207\u00aa sesi\u00f3n del Consejo Ejecutivo de la UNESCO (1919), declar\u00f3 el primer jueves del mes de noviembre de cada a\u00f1o, como el D\u00eda...\",\"breadcrumb\":{\"@id\":\"https:\\\/\\\/webdelmaestrocmf.com\\\/portal\\\/dia-internacional-contra-la-violencia-y-el-acoso-escolar-incluido-el-ciberacoso\\\/#breadcrumb\"},\"inLanguage\":\"es\",\"potentialAction\":[{\"@type\":\"ReadAction\",\"target\":[\"https:\\\/\\\/webdelmaestrocmf.com\\\/portal\\\/dia-internacional-contra-la-violencia-y-el-acoso-escolar-incluido-el-ciberacoso\\\/\"]}]},{\"@type\":\"ImageObject\",\"inLanguage\":\"es\",\"@id\":\"https:\\\/\\\/webdelmaestrocmf.com\\\/portal\\\/dia-internacional-contra-la-violencia-y-el-acoso-escolar-incluido-el-ciberacoso\\\/#primaryimage\",\"url\":\"https:\\\/\\\/webdelmaestrocmf.com\\\/portal\\\/wp-content\\\/uploads\\\/2020\\\/11\\\/1-31.jpg\",\"contentUrl\":\"https:\\\/\\\/webdelmaestrocmf.com\\\/portal\\\/wp-content\\\/uploads\\\/2020\\\/11\\\/1-31.jpg\",\"width\":1100,\"height\":680},{\"@type\":\"BreadcrumbList\",\"@id\":\"https:\\\/\\\/webdelmaestrocmf.com\\\/portal\\\/dia-internacional-contra-la-violencia-y-el-acoso-escolar-incluido-el-ciberacoso\\\/#breadcrumb\",\"itemListElement\":[{\"@type\":\"ListItem\",\"position\":1,\"name\":\"Portada\",\"item\":\"https:\\\/\\\/webdelmaestrocmf.com\\\/portal\\\/\"},{\"@type\":\"ListItem\",\"position\":2,\"name\":\"Yo opino - WMCMF\",\"item\":\"https:\\\/\\\/webdelmaestrocmf.com\\\/portal\\\/category\\\/jamb\\\/\"},{\"@type\":\"ListItem\",\"position\":3,\"name\":\"D\u00eda Internacional contra la violencia y el Acoso escolar, incluido el Ciberacoso\"}]},{\"@type\":\"WebSite\",\"@id\":\"https:\\\/\\\/webdelmaestrocmf.com\\\/portal\\\/#website\",\"url\":\"https:\\\/\\\/webdelmaestrocmf.com\\\/portal\\\/\",\"name\":\"Web del Maestro CMF\",\"description\":\"Maestros al servicio de la educaci\u00f3n\",\"publisher\":{\"@id\":\"https:\\\/\\\/webdelmaestrocmf.com\\\/portal\\\/#organization\"},\"alternateName\":\"WMCMF\",\"potentialAction\":[{\"@type\":\"SearchAction\",\"target\":{\"@type\":\"EntryPoint\",\"urlTemplate\":\"https:\\\/\\\/webdelmaestrocmf.com\\\/portal\\\/?s={search_term_string}\"},\"query-input\":{\"@type\":\"PropertyValueSpecification\",\"valueRequired\":true,\"valueName\":\"search_term_string\"}}],\"inLanguage\":\"es\"},{\"@type\":\"Organization\",\"@id\":\"https:\\\/\\\/webdelmaestrocmf.com\\\/portal\\\/#organization\",\"name\":\"Web del Maestro CMF\",\"alternateName\":\"WMCMF\",\"url\":\"https:\\\/\\\/webdelmaestrocmf.com\\\/portal\\\/\",\"logo\":{\"@type\":\"ImageObject\",\"inLanguage\":\"es\",\"@id\":\"https:\\\/\\\/webdelmaestrocmf.com\\\/portal\\\/#\\\/schema\\\/logo\\\/image\\\/\",\"url\":\"https:\\\/\\\/webdelmaestrocmf.com\\\/portal\\\/wp-content\\\/uploads\\\/2023\\\/01\\\/logo-wmcmf-2.png\",\"contentUrl\":\"https:\\\/\\\/webdelmaestrocmf.com\\\/portal\\\/wp-content\\\/uploads\\\/2023\\\/01\\\/logo-wmcmf-2.png\",\"width\":200,\"height\":60,\"caption\":\"Web del Maestro CMF\"},\"image\":{\"@id\":\"https:\\\/\\\/webdelmaestrocmf.com\\\/portal\\\/#\\\/schema\\\/logo\\\/image\\\/\"},\"sameAs\":[\"https:\\\/\\\/www.facebook.com\\\/WebdelMaestroCMF\\\/\",\"https:\\\/\\\/x.com\\\/cmf_w\",\"https:\\\/\\\/www.pinterest.com\\\/WMCMF\\\/\",\"https:\\\/\\\/www.linkedin.com\\\/company\\\/web-del-maestro-cmf\\\/\",\"https:\\\/\\\/www.instagram.com\\\/wmcmf\\\/\",\"https:\\\/\\\/www.youtube.com\\\/channel\\\/UCDPSvjbdodE5sHnC3OxutHw\",\"https:\\\/\\\/mastodon.social\\\/@wmcmf\",\"https:\\\/\\\/www.tiktok.com\\\/@webdelmaestrocmf\"]},{\"@type\":\"Person\",\"@id\":\"https:\\\/\\\/webdelmaestrocmf.com\\\/portal\\\/#\\\/schema\\\/person\\\/1072a2ed7bd960df8ef99a551fa35dc5\",\"name\":\"Web del Maestro CMF\",\"image\":{\"@type\":\"ImageObject\",\"inLanguage\":\"es\",\"@id\":\"https:\\\/\\\/secure.gravatar.com\\\/avatar\\\/23291dd5b5ae1077dcff3dbb04c3e02bd28403fa75af6d8787d5e97c5bbbe30b?s=96&d=mm&r=g\",\"url\":\"https:\\\/\\\/secure.gravatar.com\\\/avatar\\\/23291dd5b5ae1077dcff3dbb04c3e02bd28403fa75af6d8787d5e97c5bbbe30b?s=96&d=mm&r=g\",\"contentUrl\":\"https:\\\/\\\/secure.gravatar.com\\\/avatar\\\/23291dd5b5ae1077dcff3dbb04c3e02bd28403fa75af6d8787d5e97c5bbbe30b?s=96&d=mm&r=g\",\"caption\":\"Web del Maestro CMF\"},\"description\":\"Esta Web se cre\u00f3 sin fines de lucro, con fines educativos, cient\u00edficos y acad\u00e9micos, para personas que tengan dificultades y\\\/o inconvenientes en visualizar el material original. El objetivo es entregar recursos, compartir experiencias y materiales que ayuden a los padres de familia, maestros y estudiantes en su actualizaci\u00f3n y formaci\u00f3n permanente, en bien de la Educaci\u00f3n.\",\"sameAs\":[\"http:\\\/\\\/webdelmaestrocmf.com\\\/portal\",\"https:\\\/\\\/www.facebook.com\\\/WebdelMaestroCMF\\\/\",\"https:\\\/\\\/www.instagram.com\\\/wmcmf\\\/\",\"https:\\\/\\\/cl.linkedin.com\\\/company\\\/web-del-maestro-cmf\",\"https:\\\/\\\/www.pinterest.com\\\/WMCMF\\\/publicaciones\\\/\",\"https:\\\/\\\/x.com\\\/cmf_w\",\"https:\\\/\\\/www.youtube.com\\\/@WMCMF\"]}]}<\/script>\n<!-- \/ Yoast SEO plugin. -->","yoast_head_json":{"title":"D\u00eda Internacional contra la violencia y el Acoso escolar, incluido el Ciberacoso - 2026","description":"La 207\u00aa sesi\u00f3n del Consejo Ejecutivo de la UNESCO (1919), declar\u00f3 el primer jueves del mes de noviembre de cada a\u00f1o, como el D\u00eda...","robots":{"index":"index","follow":"follow","max-snippet":"max-snippet:-1","max-image-preview":"max-image-preview:large","max-video-preview":"max-video-preview:-1"},"canonical":"https:\/\/webdelmaestrocmf.com\/portal\/dia-internacional-contra-la-violencia-y-el-acoso-escolar-incluido-el-ciberacoso\/","og_locale":"es_ES","og_type":"article","og_title":"D\u00eda Internacional contra la violencia y el Acoso escolar, incluido el Ciberacoso - 2026","og_description":"La 207\u00aa sesi\u00f3n del Consejo Ejecutivo de la UNESCO (1919), declar\u00f3 el primer jueves del mes de noviembre de cada a\u00f1o, como el D\u00eda...","og_url":"https:\/\/webdelmaestrocmf.com\/portal\/dia-internacional-contra-la-violencia-y-el-acoso-escolar-incluido-el-ciberacoso\/","og_site_name":"Web del Maestro CMF","article_publisher":"https:\/\/www.facebook.com\/WebdelMaestroCMF\/","article_author":"https:\/\/www.facebook.com\/WebdelMaestroCMF\/","article_published_time":"2020-11-05T00:15:18+00:00","article_modified_time":"2020-11-05T13:17:32+00:00","og_image":[{"width":1100,"height":680,"url":"https:\/\/i0.wp.com\/webdelmaestrocmf.com\/portal\/wp-content\/uploads\/2020\/11\/1-31.jpg?fit=1100%2C680&ssl=1","type":"image\/jpeg"}],"author":"Web del Maestro CMF","twitter_card":"summary_large_image","twitter_creator":"@cmf_w","twitter_site":"@cmf_w","schema":{"@context":"https:\/\/schema.org","@graph":[{"@type":"ScholarlyArticle","@id":"https:\/\/webdelmaestrocmf.com\/portal\/dia-internacional-contra-la-violencia-y-el-acoso-escolar-incluido-el-ciberacoso\/#article","isPartOf":{"@id":"https:\/\/webdelmaestrocmf.com\/portal\/dia-internacional-contra-la-violencia-y-el-acoso-escolar-incluido-el-ciberacoso\/"},"author":{"name":"Web del Maestro CMF","@id":"https:\/\/webdelmaestrocmf.com\/portal\/#\/schema\/person\/1072a2ed7bd960df8ef99a551fa35dc5"},"headline":"D\u00eda Internacional contra la violencia y el Acoso escolar, incluido el Ciberacoso","datePublished":"2020-11-05T00:15:18+00:00","dateModified":"2020-11-05T13:17:32+00:00","mainEntityOfPage":{"@id":"https:\/\/webdelmaestrocmf.com\/portal\/dia-internacional-contra-la-violencia-y-el-acoso-escolar-incluido-el-ciberacoso\/"},"wordCount":899,"commentCount":0,"publisher":{"@id":"https:\/\/webdelmaestrocmf.com\/portal\/#organization"},"image":{"@id":"https:\/\/webdelmaestrocmf.com\/portal\/dia-internacional-contra-la-violencia-y-el-acoso-escolar-incluido-el-ciberacoso\/#primaryimage"},"thumbnailUrl":"https:\/\/webdelmaestrocmf.com\/portal\/wp-content\/uploads\/2020\/11\/1-31.jpg","keywords":["ACOSO","CIBERACOSO","CIBERBULLYING","ESCOLAR","LIBERTAD","redes sociales","RESPONSABILIDAD","VIOLENCIA"],"articleSection":["Yo opino - WMCMF"],"inLanguage":"es","potentialAction":[{"@type":"CommentAction","name":"Comment","target":["https:\/\/webdelmaestrocmf.com\/portal\/dia-internacional-contra-la-violencia-y-el-acoso-escolar-incluido-el-ciberacoso\/#respond"]}]},{"@type":"WebPage","@id":"https:\/\/webdelmaestrocmf.com\/portal\/dia-internacional-contra-la-violencia-y-el-acoso-escolar-incluido-el-ciberacoso\/","url":"https:\/\/webdelmaestrocmf.com\/portal\/dia-internacional-contra-la-violencia-y-el-acoso-escolar-incluido-el-ciberacoso\/","name":"D\u00eda Internacional contra la violencia y el Acoso escolar, incluido el Ciberacoso - 2026","isPartOf":{"@id":"https:\/\/webdelmaestrocmf.com\/portal\/#website"},"primaryImageOfPage":{"@id":"https:\/\/webdelmaestrocmf.com\/portal\/dia-internacional-contra-la-violencia-y-el-acoso-escolar-incluido-el-ciberacoso\/#primaryimage"},"image":{"@id":"https:\/\/webdelmaestrocmf.com\/portal\/dia-internacional-contra-la-violencia-y-el-acoso-escolar-incluido-el-ciberacoso\/#primaryimage"},"thumbnailUrl":"https:\/\/webdelmaestrocmf.com\/portal\/wp-content\/uploads\/2020\/11\/1-31.jpg","datePublished":"2020-11-05T00:15:18+00:00","dateModified":"2020-11-05T13:17:32+00:00","description":"La 207\u00aa sesi\u00f3n del Consejo Ejecutivo de la UNESCO (1919), declar\u00f3 el primer jueves del mes de noviembre de cada a\u00f1o, como el D\u00eda...","breadcrumb":{"@id":"https:\/\/webdelmaestrocmf.com\/portal\/dia-internacional-contra-la-violencia-y-el-acoso-escolar-incluido-el-ciberacoso\/#breadcrumb"},"inLanguage":"es","potentialAction":[{"@type":"ReadAction","target":["https:\/\/webdelmaestrocmf.com\/portal\/dia-internacional-contra-la-violencia-y-el-acoso-escolar-incluido-el-ciberacoso\/"]}]},{"@type":"ImageObject","inLanguage":"es","@id":"https:\/\/webdelmaestrocmf.com\/portal\/dia-internacional-contra-la-violencia-y-el-acoso-escolar-incluido-el-ciberacoso\/#primaryimage","url":"https:\/\/webdelmaestrocmf.com\/portal\/wp-content\/uploads\/2020\/11\/1-31.jpg","contentUrl":"https:\/\/webdelmaestrocmf.com\/portal\/wp-content\/uploads\/2020\/11\/1-31.jpg","width":1100,"height":680},{"@type":"BreadcrumbList","@id":"https:\/\/webdelmaestrocmf.com\/portal\/dia-internacional-contra-la-violencia-y-el-acoso-escolar-incluido-el-ciberacoso\/#breadcrumb","itemListElement":[{"@type":"ListItem","position":1,"name":"Portada","item":"https:\/\/webdelmaestrocmf.com\/portal\/"},{"@type":"ListItem","position":2,"name":"Yo opino - WMCMF","item":"https:\/\/webdelmaestrocmf.com\/portal\/category\/jamb\/"},{"@type":"ListItem","position":3,"name":"D\u00eda Internacional contra la violencia y el Acoso escolar, incluido el Ciberacoso"}]},{"@type":"WebSite","@id":"https:\/\/webdelmaestrocmf.com\/portal\/#website","url":"https:\/\/webdelmaestrocmf.com\/portal\/","name":"Web del Maestro CMF","description":"Maestros al servicio de la educaci\u00f3n","publisher":{"@id":"https:\/\/webdelmaestrocmf.com\/portal\/#organization"},"alternateName":"WMCMF","potentialAction":[{"@type":"SearchAction","target":{"@type":"EntryPoint","urlTemplate":"https:\/\/webdelmaestrocmf.com\/portal\/?s={search_term_string}"},"query-input":{"@type":"PropertyValueSpecification","valueRequired":true,"valueName":"search_term_string"}}],"inLanguage":"es"},{"@type":"Organization","@id":"https:\/\/webdelmaestrocmf.com\/portal\/#organization","name":"Web del Maestro CMF","alternateName":"WMCMF","url":"https:\/\/webdelmaestrocmf.com\/portal\/","logo":{"@type":"ImageObject","inLanguage":"es","@id":"https:\/\/webdelmaestrocmf.com\/portal\/#\/schema\/logo\/image\/","url":"https:\/\/webdelmaestrocmf.com\/portal\/wp-content\/uploads\/2023\/01\/logo-wmcmf-2.png","contentUrl":"https:\/\/webdelmaestrocmf.com\/portal\/wp-content\/uploads\/2023\/01\/logo-wmcmf-2.png","width":200,"height":60,"caption":"Web del Maestro CMF"},"image":{"@id":"https:\/\/webdelmaestrocmf.com\/portal\/#\/schema\/logo\/image\/"},"sameAs":["https:\/\/www.facebook.com\/WebdelMaestroCMF\/","https:\/\/x.com\/cmf_w","https:\/\/www.pinterest.com\/WMCMF\/","https:\/\/www.linkedin.com\/company\/web-del-maestro-cmf\/","https:\/\/www.instagram.com\/wmcmf\/","https:\/\/www.youtube.com\/channel\/UCDPSvjbdodE5sHnC3OxutHw","https:\/\/mastodon.social\/@wmcmf","https:\/\/www.tiktok.com\/@webdelmaestrocmf"]},{"@type":"Person","@id":"https:\/\/webdelmaestrocmf.com\/portal\/#\/schema\/person\/1072a2ed7bd960df8ef99a551fa35dc5","name":"Web del Maestro CMF","image":{"@type":"ImageObject","inLanguage":"es","@id":"https:\/\/secure.gravatar.com\/avatar\/23291dd5b5ae1077dcff3dbb04c3e02bd28403fa75af6d8787d5e97c5bbbe30b?s=96&d=mm&r=g","url":"https:\/\/secure.gravatar.com\/avatar\/23291dd5b5ae1077dcff3dbb04c3e02bd28403fa75af6d8787d5e97c5bbbe30b?s=96&d=mm&r=g","contentUrl":"https:\/\/secure.gravatar.com\/avatar\/23291dd5b5ae1077dcff3dbb04c3e02bd28403fa75af6d8787d5e97c5bbbe30b?s=96&d=mm&r=g","caption":"Web del Maestro CMF"},"description":"Esta Web se cre\u00f3 sin fines de lucro, con fines educativos, cient\u00edficos y acad\u00e9micos, para personas que tengan dificultades y\/o inconvenientes en visualizar el material original. El objetivo es entregar recursos, compartir experiencias y materiales que ayuden a los padres de familia, maestros y estudiantes en su actualizaci\u00f3n y formaci\u00f3n permanente, en bien de la Educaci\u00f3n.","sameAs":["http:\/\/webdelmaestrocmf.com\/portal","https:\/\/www.facebook.com\/WebdelMaestroCMF\/","https:\/\/www.instagram.com\/wmcmf\/","https:\/\/cl.linkedin.com\/company\/web-del-maestro-cmf","https:\/\/www.pinterest.com\/WMCMF\/publicaciones\/","https:\/\/x.com\/cmf_w","https:\/\/www.youtube.com\/@WMCMF"]}]}},"jetpack_featured_media_url":"https:\/\/webdelmaestrocmf.com\/portal\/wp-content\/uploads\/2020\/11\/1-31.jpg","jetpack_sharing_enabled":true,"jetpack-related-posts":[{"id":103344,"url":"https:\/\/webdelmaestrocmf.com\/portal\/acoso-y-ciberacoso-escolar-aprender-y-mejorar\/","url_meta":{"origin":54018,"position":0},"title":"Acoso y ciberacoso escolar: aprender y mejorar","author":"Web del Maestro CMF","date":"1 febrero, 2024","format":false,"excerpt":"Seg\u00fan la Organizaci\u00f3n Mundial de la Salud (OMS), Espa\u00f1a es uno de los pa\u00edses europeos con m\u00e1s incidencia de acoso escolar, y que contrasta con la percepci\u00f3n que los alumnos tienen de lo que ocurre en su entorno, que 7 de cada 10 ni\u00f1os sufren a diario alg\u00fan tipo de\u2026","rel":"","context":"En \u00abYo opino - WMCMF\u00bb","block_context":{"text":"Yo opino - WMCMF","link":"https:\/\/webdelmaestrocmf.com\/portal\/category\/jamb\/"},"img":{"alt_text":"Acoso escolar","src":"https:\/\/i0.wp.com\/webdelmaestrocmf.com\/portal\/wp-content\/uploads\/2024\/02\/Acoso-escolar.jpg?resize=350%2C200&ssl=1","width":350,"height":200,"srcset":"https:\/\/i0.wp.com\/webdelmaestrocmf.com\/portal\/wp-content\/uploads\/2024\/02\/Acoso-escolar.jpg?resize=350%2C200&ssl=1 1x, https:\/\/i0.wp.com\/webdelmaestrocmf.com\/portal\/wp-content\/uploads\/2024\/02\/Acoso-escolar.jpg?resize=525%2C300&ssl=1 1.5x, https:\/\/i0.wp.com\/webdelmaestrocmf.com\/portal\/wp-content\/uploads\/2024\/02\/Acoso-escolar.jpg?resize=700%2C400&ssl=1 2x"},"classes":[]},{"id":91613,"url":"https:\/\/webdelmaestrocmf.com\/portal\/unicef-guia-para-prevenir-el-acoso-escolar-descarga-gratuita\/","url_meta":{"origin":54018,"position":1},"title":"UNICEF: Gu\u00eda para prevenir el acoso escolar (Descarga gratuita)","author":"Web del Maestro CMF","date":"8 agosto, 2023","format":false,"excerpt":"Seg\u00fan la UNESCO uno de cada 4 estudiantes \u201ces v\u00edctima de agresiones y un 12 % recibe acoso a trav\u00e9s de las redes sociales\u201d y \u201cuno de cada tres ni\u00f1os es v\u00edctima de intimidaci\u00f3n escolar\u201d. Y gracias a los estudios, la evidencia cient\u00edfica ha sugerido a lo largo de los\u2026","rel":"","context":"En \u00abBullying acoso\u00bb","block_context":{"text":"Bullying acoso","link":"https:\/\/webdelmaestrocmf.com\/portal\/category\/pedagogia\/bullying-acoso\/"},"img":{"alt_text":"","src":"https:\/\/i0.wp.com\/webdelmaestrocmf.com\/portal\/wp-content\/uploads\/2023\/08\/A12B3C4D-5.jpg?resize=350%2C200&ssl=1","width":350,"height":200,"srcset":"https:\/\/i0.wp.com\/webdelmaestrocmf.com\/portal\/wp-content\/uploads\/2023\/08\/A12B3C4D-5.jpg?resize=350%2C200&ssl=1 1x, https:\/\/i0.wp.com\/webdelmaestrocmf.com\/portal\/wp-content\/uploads\/2023\/08\/A12B3C4D-5.jpg?resize=525%2C300&ssl=1 1.5x, https:\/\/i0.wp.com\/webdelmaestrocmf.com\/portal\/wp-content\/uploads\/2023\/08\/A12B3C4D-5.jpg?resize=700%2C400&ssl=1 2x"},"classes":[]},{"id":71522,"url":"https:\/\/webdelmaestrocmf.com\/portal\/el-23-de-los-docentes-sufre-violencia-y-acoso-por-parte-de-sus-estudiantes-segun-estudio-anpe\/","url_meta":{"origin":54018,"position":2},"title":"El 23% de los docentes sufre violencia y acoso por parte de sus estudiantes, seg\u00fan estudio ANPE","author":"Web del Maestro CMF","date":"12 mayo, 2022","format":false,"excerpt":"El n\u00famero de casos de violencia y acoso hacia los docentes aumentaron cerca de un 23% en el curso 2020-2021 debido a la vuelta a la presencialidad, seg\u00fan el \u00faltimo informe del servicio del Defensor del Profesor de la Asociaci\u00f3n Nacional de Profesionales de la Ense\u00f1anza (ANPE). Este sindicato registr\u00f3\u2026","rel":"","context":"En \u00abRecursos\u00bb","block_context":{"text":"Recursos","link":"https:\/\/webdelmaestrocmf.com\/portal\/category\/pedagogia\/"},"img":{"alt_text":"","src":"https:\/\/i0.wp.com\/webdelmaestrocmf.com\/portal\/wp-content\/uploads\/2021\/11\/SALARIO-DOCENTE-1.jpg?resize=350%2C200&ssl=1","width":350,"height":200,"srcset":"https:\/\/i0.wp.com\/webdelmaestrocmf.com\/portal\/wp-content\/uploads\/2021\/11\/SALARIO-DOCENTE-1.jpg?resize=350%2C200&ssl=1 1x, https:\/\/i0.wp.com\/webdelmaestrocmf.com\/portal\/wp-content\/uploads\/2021\/11\/SALARIO-DOCENTE-1.jpg?resize=525%2C300&ssl=1 1.5x, https:\/\/i0.wp.com\/webdelmaestrocmf.com\/portal\/wp-content\/uploads\/2021\/11\/SALARIO-DOCENTE-1.jpg?resize=700%2C400&ssl=1 2x, https:\/\/i0.wp.com\/webdelmaestrocmf.com\/portal\/wp-content\/uploads\/2021\/11\/SALARIO-DOCENTE-1.jpg?resize=1050%2C600&ssl=1 3x"},"classes":[]},{"id":97068,"url":"https:\/\/webdelmaestrocmf.com\/portal\/cuales-son-las-nuevas-formas-en-las-que-los-alumnos-pueden-acosar-a-un-profesor\/","url_meta":{"origin":54018,"position":3},"title":"\u00bfCu\u00e1les son las nuevas formas en que los alumnos pueden acosar a un profesor?","author":"Web del Maestro CMF","date":"9 octubre, 2023","format":false,"excerpt":"Es importante abordar cualquier forma de acoso o comportamiento inapropiado en el entorno educativo de manera seria y efectiva. Esta vez nos enfocaremos en algunas formas generales en las que los estudiantes podr\u00edan acosar a un profesor en el entorno digital, basandonos en tendencias previas y preocupaciones en l\u00ednea. Recuerda\u2026","rel":"","context":"En \u00abAcoso\u00bb","block_context":{"text":"Acoso","link":"https:\/\/webdelmaestrocmf.com\/portal\/category\/pedagogia\/acoso\/"},"img":{"alt_text":"","src":"https:\/\/i0.wp.com\/webdelmaestrocmf.com\/portal\/wp-content\/uploads\/2023\/10\/A12B3C4D-17-1.jpg?resize=350%2C200&ssl=1","width":350,"height":200,"srcset":"https:\/\/i0.wp.com\/webdelmaestrocmf.com\/portal\/wp-content\/uploads\/2023\/10\/A12B3C4D-17-1.jpg?resize=350%2C200&ssl=1 1x, https:\/\/i0.wp.com\/webdelmaestrocmf.com\/portal\/wp-content\/uploads\/2023\/10\/A12B3C4D-17-1.jpg?resize=525%2C300&ssl=1 1.5x, https:\/\/i0.wp.com\/webdelmaestrocmf.com\/portal\/wp-content\/uploads\/2023\/10\/A12B3C4D-17-1.jpg?resize=700%2C400&ssl=1 2x"},"classes":[]},{"id":113123,"url":"https:\/\/webdelmaestrocmf.com\/portal\/pablo-duchement-el-acoso-escolar-no-depende-del-colegio-sino-de-la-naturaleza-humana\/","url_meta":{"origin":54018,"position":4},"title":"Pablo Duchement: \u201cEl acoso escolar no depende del colegio, sino de la naturaleza humana\u201d","author":"Web del Maestro CMF","date":"3 noviembre, 2025","format":false,"excerpt":"El acoso escolar no depende del colegio, sino de la naturaleza humana; gestionarlo bien exige formaci\u00f3n, conciencia y acci\u00f3n inmediata.","rel":"","context":"En \u00abEntrevistas\u00bb","block_context":{"text":"Entrevistas","link":"https:\/\/webdelmaestrocmf.com\/portal\/category\/noticias\/entrevistas\/"},"img":{"alt_text":"","src":"https:\/\/i0.wp.com\/webdelmaestrocmf.com\/portal\/wp-content\/uploads\/2025\/11\/1A-Banner-1-portada-imagen-10-1-copia-2.webp?resize=350%2C200&ssl=1","width":350,"height":200,"srcset":"https:\/\/i0.wp.com\/webdelmaestrocmf.com\/portal\/wp-content\/uploads\/2025\/11\/1A-Banner-1-portada-imagen-10-1-copia-2.webp?resize=350%2C200&ssl=1 1x, https:\/\/i0.wp.com\/webdelmaestrocmf.com\/portal\/wp-content\/uploads\/2025\/11\/1A-Banner-1-portada-imagen-10-1-copia-2.webp?resize=525%2C300&ssl=1 1.5x, https:\/\/i0.wp.com\/webdelmaestrocmf.com\/portal\/wp-content\/uploads\/2025\/11\/1A-Banner-1-portada-imagen-10-1-copia-2.webp?resize=700%2C400&ssl=1 2x"},"classes":[]},{"id":41078,"url":"https:\/\/webdelmaestrocmf.com\/portal\/cuatro-formas-de-hacer-frente-a-los-acosadores-en-las-redes-sociales-como-lo-hizo-una-joven\/","url_meta":{"origin":54018,"position":5},"title":"Cuatro formas de hacer frente a los acosadores en las redes sociales. C\u00f3mo lo hizo una joven","author":"Web del Maestro CMF","date":"27 septiembre, 2019","format":false,"excerpt":"Nuestros estudiantes, y nosotros mismos, podemos ser v\u00edctimas de personas que no entienden las \"emociones sociales normales como la culpa, la empat\u00eda, la compasi\u00f3n o el remordimiento\", y que \"necesitan ayuda de un profesional de la salud mental, como un terapeuta, un trabajador social, un psiquiatra o un psic\u00f3logo\". La\u2026","rel":"","context":"En \u00abINTER\u00c9S\u00bb","block_context":{"text":"INTER\u00c9S","link":"https:\/\/webdelmaestrocmf.com\/portal\/category\/noticias-educacion\/"},"img":{"alt_text":"","src":"https:\/\/i0.wp.com\/webdelmaestrocmf.com\/portal\/wp-content\/uploads\/2019\/09\/1-88.jpg?resize=350%2C200&ssl=1","width":350,"height":200,"srcset":"https:\/\/i0.wp.com\/webdelmaestrocmf.com\/portal\/wp-content\/uploads\/2019\/09\/1-88.jpg?resize=350%2C200&ssl=1 1x, https:\/\/i0.wp.com\/webdelmaestrocmf.com\/portal\/wp-content\/uploads\/2019\/09\/1-88.jpg?resize=525%2C300&ssl=1 1.5x, https:\/\/i0.wp.com\/webdelmaestrocmf.com\/portal\/wp-content\/uploads\/2019\/09\/1-88.jpg?resize=700%2C400&ssl=1 2x, https:\/\/i0.wp.com\/webdelmaestrocmf.com\/portal\/wp-content\/uploads\/2019\/09\/1-88.jpg?resize=1050%2C600&ssl=1 3x"},"classes":[]}],"_links":{"self":[{"href":"https:\/\/webdelmaestrocmf.com\/portal\/wp-json\/wp\/v2\/posts\/54018","targetHints":{"allow":["GET"]}}],"collection":[{"href":"https:\/\/webdelmaestrocmf.com\/portal\/wp-json\/wp\/v2\/posts"}],"about":[{"href":"https:\/\/webdelmaestrocmf.com\/portal\/wp-json\/wp\/v2\/types\/post"}],"author":[{"embeddable":true,"href":"https:\/\/webdelmaestrocmf.com\/portal\/wp-json\/wp\/v2\/users\/1"}],"replies":[{"embeddable":true,"href":"https:\/\/webdelmaestrocmf.com\/portal\/wp-json\/wp\/v2\/comments?post=54018"}],"version-history":[{"count":0,"href":"https:\/\/webdelmaestrocmf.com\/portal\/wp-json\/wp\/v2\/posts\/54018\/revisions"}],"wp:featuredmedia":[{"embeddable":true,"href":"https:\/\/webdelmaestrocmf.com\/portal\/wp-json\/wp\/v2\/media\/54019"}],"wp:attachment":[{"href":"https:\/\/webdelmaestrocmf.com\/portal\/wp-json\/wp\/v2\/media?parent=54018"}],"wp:term":[{"taxonomy":"category","embeddable":true,"href":"https:\/\/webdelmaestrocmf.com\/portal\/wp-json\/wp\/v2\/categories?post=54018"},{"taxonomy":"post_tag","embeddable":true,"href":"https:\/\/webdelmaestrocmf.com\/portal\/wp-json\/wp\/v2\/tags?post=54018"}],"curies":[{"name":"wp","href":"https:\/\/api.w.org\/{rel}","templated":true}]}}