{"id":53863,"date":"2020-11-01T23:59:35","date_gmt":"2020-11-02T02:59:35","guid":{"rendered":"https:\/\/webdelmaestrocmf.com\/portal\/?p=53863"},"modified":"2020-11-02T17:43:18","modified_gmt":"2020-11-02T20:43:18","slug":"el-aula-invertida-una-estrategia-ideal-para-el-modelo-hibrido-o-semipresencial-ficha-para-implementar-y-evaluar-metodologia-aula-invertida","status":"publish","type":"post","link":"https:\/\/webdelmaestrocmf.com\/portal\/el-aula-invertida-una-estrategia-ideal-para-el-modelo-hibrido-o-semipresencial-ficha-para-implementar-y-evaluar-metodologia-aula-invertida\/","title":{"rendered":"El Aula Invertida, una estrategia ideal para el modelo h\u00edbrido o semipresencial: ficha para implementar y evaluar metodolog\u00eda aula invertida"},"content":{"rendered":"<h5 style=\"text-align: justify;\">Inevitablemente la post pandemia nos llevar\u00e1 a situaciones de inestabilidad en las escuelas. Y mientras no exista una vacuna y un periodo posterior donde no existan rebrotes del virus, la asistencia a clases ser\u00e1 incierta y se tendr\u00e1 que transitar obligadamente entre lo presencial y online por periodos indefinidos. Esto \u00faltimo es lo que ha empezado a suceder en los pa\u00edses europeos y\u00a0<a href=\"https:\/\/www.bbc.com\/mundo\/noticias-internacional-53042545\" target=\"_blank\" rel=\"noopener noreferrer\">asi\u00e1ticos<\/a>\u00a0que han iniciado un proceso interrumpido de retorno a clases.<\/h5>\n<p><!--more--><\/p>\n<h5 style=\"text-align: justify;\">En este contexto es importante ser autocr\u00edticos como docentes , como escuela respecto a los resultados que hemos tenido hasta ahora con las clases virtuales y principalmente con la metodolog\u00edas utilizadas.<\/h5>\n<p style=\"text-align: justify;\">La realizaci\u00f3n de clases 100% virtuales ha desafiado a los profesores a acomodar , ajustar los distintos momentos de una clase presencial a una clase virtual. Los mayores problemas que surgen es el estr\u00e9s de profesores, estudiantes y padres de familia a obligarse a estar conectados a cierta hora, donde la conectividad es deficiente y los equipos electr\u00f3nicos pueden ser escasos para satisfacer las necesidades de todos los integrantes.<\/p>\n<p style=\"text-align: justify;\">Por lo tanto, es muy importante comenzar a conocer y poner en pr\u00e1ctica desde ahora las distintas opciones que existen para enfrentar un escenario de educaci\u00f3n semi presencial y no improvisar respecto a formas de trabajo cuando ya se regrese a clases.<\/p>\n<p style=\"text-align: justify;\">Para empezar comencemos por entender las caracter\u00edsticas del un sistema B &#8211; Learning y del mejor modelo de ense\u00f1anza\u00a0 que existe para implementarlo.<\/p>\n<p><img loading=\"lazy\" decoding=\"async\" class=\"alignnone size-full wp-image-53865\" src=\"https:\/\/webdelmaestrocmf.com\/portal\/wp-content\/uploads\/2020\/11\/1-12.jpg\" alt=\"\" width=\"1470\" height=\"1085\" srcset=\"https:\/\/webdelmaestrocmf.com\/portal\/wp-content\/uploads\/2020\/11\/1-12.jpg 1470w, https:\/\/webdelmaestrocmf.com\/portal\/wp-content\/uploads\/2020\/11\/1-12-300x221.jpg 300w, https:\/\/webdelmaestrocmf.com\/portal\/wp-content\/uploads\/2020\/11\/1-12-1024x756.jpg 1024w, https:\/\/webdelmaestrocmf.com\/portal\/wp-content\/uploads\/2020\/11\/1-12-768x567.jpg 768w, https:\/\/webdelmaestrocmf.com\/portal\/wp-content\/uploads\/2020\/11\/1-12-110x81.jpg 110w, https:\/\/webdelmaestrocmf.com\/portal\/wp-content\/uploads\/2020\/11\/1-12-200x148.jpg 200w, https:\/\/webdelmaestrocmf.com\/portal\/wp-content\/uploads\/2020\/11\/1-12-380x280.jpg 380w, https:\/\/webdelmaestrocmf.com\/portal\/wp-content\/uploads\/2020\/11\/1-12-255x188.jpg 255w, https:\/\/webdelmaestrocmf.com\/portal\/wp-content\/uploads\/2020\/11\/1-12-550x406.jpg 550w, https:\/\/webdelmaestrocmf.com\/portal\/wp-content\/uploads\/2020\/11\/1-12-800x590.jpg 800w, https:\/\/webdelmaestrocmf.com\/portal\/wp-content\/uploads\/2020\/11\/1-12-1160x856.jpg 1160w, https:\/\/webdelmaestrocmf.com\/portal\/wp-content\/uploads\/2020\/11\/1-12-220x162.jpg 220w, https:\/\/webdelmaestrocmf.com\/portal\/wp-content\/uploads\/2020\/11\/1-12-400x295.jpg 400w, https:\/\/webdelmaestrocmf.com\/portal\/wp-content\/uploads\/2020\/11\/1-12-760x561.jpg 760w, https:\/\/webdelmaestrocmf.com\/portal\/wp-content\/uploads\/2020\/11\/1-12-510x376.jpg 510w, https:\/\/webdelmaestrocmf.com\/portal\/wp-content\/uploads\/2020\/11\/1-12-600x443.jpg 600w, https:\/\/webdelmaestrocmf.com\/portal\/wp-content\/uploads\/2020\/11\/1-12-1100x812.jpg 1100w\" sizes=\"auto, (max-width: 1470px) 100vw, 1470px\" \/><\/p>\n<h5 style=\"text-align: justify;\"><strong>\u00bfQu\u00e9 es el B-Learning?<\/strong><\/h5>\n<p style=\"text-align: justify;\">Su traducci\u00f3n literal hace referencia a la combinaci\u00f3n de la educaci\u00f3n presencial (con profesores en un aula) con la educaci\u00f3n online (cursos en internet o medios digitales). El B-Learning , es por lo tanto, un sistema h\u00edbrido de aprendizaje en el que se mezclan estos dos sistemas.<\/p>\n<p style=\"text-align: justify;\">La idea detr\u00e1s de este m\u00e9todo de ense\u00f1anza es distanciarse de la dicotom\u00eda entre el aula y el ordenador.<\/p>\n<p style=\"text-align: justify;\">Seg\u00fan el B -Learning,\u00a0 no se trata de apostar por uno o por otro, sino de aprovechar los ventajas de cada una de estas modalidades. La clave est\u00e1 en la mezcla justa y en no dejar de lado ninguno de estos dos m\u00e9todos de ense\u00f1anza.<\/p>\n<p style=\"text-align: justify;\">En espa\u00f1ol, el B -Learning tambi\u00e9n es conocido como aprendizaje semipresencial, aprendizaje mixto, aprendizaje combinado o aprendizaje h\u00edbrido.<\/p>\n<p style=\"text-align: justify;\">En este contexto de educaci\u00f3n B &#8211; Learning\u00a0 , existen\u00a0 varios modelos de ense\u00f1anza donde cobra fuerza el Flipped Classroom o Aula invertida que naci\u00f3 el a\u00f1o 2007, como uno de los modelos educativos\u00a0 m\u00e1s efectivos y validados ya por muchas escuelas de varios pa\u00edses (<a href=\"https:\/\/www.ted.com\/talks\/miguel_sedoff_flipped_classroom_invertir_el_aula_es_invertir_en_el_futuro\" target=\"_blank\" rel=\"noopener noreferrer\">Argentina, EEUU, Espa\u00f1a.)<\/a><\/p>\n<p><img loading=\"lazy\" decoding=\"async\" class=\"alignnone size-full wp-image-53866\" src=\"https:\/\/webdelmaestrocmf.com\/portal\/wp-content\/uploads\/2020\/11\/2-5.jpg\" alt=\"\" width=\"1593\" height=\"1035\" srcset=\"https:\/\/webdelmaestrocmf.com\/portal\/wp-content\/uploads\/2020\/11\/2-5.jpg 1593w, https:\/\/webdelmaestrocmf.com\/portal\/wp-content\/uploads\/2020\/11\/2-5-300x195.jpg 300w, https:\/\/webdelmaestrocmf.com\/portal\/wp-content\/uploads\/2020\/11\/2-5-1024x665.jpg 1024w, https:\/\/webdelmaestrocmf.com\/portal\/wp-content\/uploads\/2020\/11\/2-5-768x499.jpg 768w, https:\/\/webdelmaestrocmf.com\/portal\/wp-content\/uploads\/2020\/11\/2-5-1536x998.jpg 1536w, https:\/\/webdelmaestrocmf.com\/portal\/wp-content\/uploads\/2020\/11\/2-5-110x71.jpg 110w, https:\/\/webdelmaestrocmf.com\/portal\/wp-content\/uploads\/2020\/11\/2-5-200x130.jpg 200w, https:\/\/webdelmaestrocmf.com\/portal\/wp-content\/uploads\/2020\/11\/2-5-380x247.jpg 380w, https:\/\/webdelmaestrocmf.com\/portal\/wp-content\/uploads\/2020\/11\/2-5-255x166.jpg 255w, https:\/\/webdelmaestrocmf.com\/portal\/wp-content\/uploads\/2020\/11\/2-5-550x357.jpg 550w, https:\/\/webdelmaestrocmf.com\/portal\/wp-content\/uploads\/2020\/11\/2-5-800x520.jpg 800w, https:\/\/webdelmaestrocmf.com\/portal\/wp-content\/uploads\/2020\/11\/2-5-1160x754.jpg 1160w, https:\/\/webdelmaestrocmf.com\/portal\/wp-content\/uploads\/2020\/11\/2-5-220x143.jpg 220w, https:\/\/webdelmaestrocmf.com\/portal\/wp-content\/uploads\/2020\/11\/2-5-400x260.jpg 400w, https:\/\/webdelmaestrocmf.com\/portal\/wp-content\/uploads\/2020\/11\/2-5-760x494.jpg 760w, https:\/\/webdelmaestrocmf.com\/portal\/wp-content\/uploads\/2020\/11\/2-5-510x331.jpg 510w, https:\/\/webdelmaestrocmf.com\/portal\/wp-content\/uploads\/2020\/11\/2-5-600x390.jpg 600w, https:\/\/webdelmaestrocmf.com\/portal\/wp-content\/uploads\/2020\/11\/2-5-1100x715.jpg 1100w\" sizes=\"auto, (max-width: 1593px) 100vw, 1593px\" \/><\/p>\n<h5 style=\"text-align: justify;\"><strong>\u00bfQu\u00e9 es Aula Invertida?<\/strong><\/h5>\n<p style=\"text-align: justify;\">Flipped Classroom\u00a0 o Aula invertida es un modelo pedag\u00f3gico donde el estudiante accede al conocimiento de forma aut\u00f3noma fuera del aula, realizando ejercitaci\u00f3n e interrogaci\u00f3n del contenido en diversos formatos seg\u00fan su edad, toda esta secuencia de actividades es cuidadosamente preparada por el profesor, quien elige los mejores formatos y recursos seg\u00fan las caracter\u00edsticas de sus estudiantes .<\/p>\n<p style=\"text-align: justify;\">El profesor\u00a0 acompa\u00f1a cada recurso con videos y audios breves, con el fin de potenciar\u00a0 el trabajo aut\u00f3nomo y activo de sus estudiantes en el hogar. Luego todos se re\u00fanen en encuentros en vivo breves, por video conferencias o clases presenciales para profundizar, entregar retroalimentaci\u00f3n o realizar diversas actividades de aplicaci\u00f3n o proyectos. Este es un modelo pedag\u00f3gico centrado en el aprendizaje del estudiante. Puedes conocer m\u00e1s en el video\u00a0<a href=\"https:\/\/www.ted.com\/talks\/miguel_sedoff_flipped_classroom_invertir_el_aula_es_invertir_en_el_futuro\" target=\"_blank\" rel=\"noopener noreferrer\">Flipped Classroom: Invertir el aula es invertir en el futuro<\/a><\/p>\n<h5 style=\"text-align: justify;\"><strong>Implementaci\u00f3n del Modelo de aula Invertida<\/strong><\/h5>\n<p style=\"text-align: justify;\">En este diagrama puedes ver las acciones que debe realizar el profesor para implementar el modelo de Aula invertida<\/p>\n<p style=\"text-align: justify;\"><img loading=\"lazy\" decoding=\"async\" class=\"alignnone size-full wp-image-53864\" src=\"https:\/\/webdelmaestrocmf.com\/portal\/wp-content\/uploads\/2020\/11\/AppIcon-5.png\" alt=\"\" width=\"1600\" height=\"2311\" srcset=\"https:\/\/webdelmaestrocmf.com\/portal\/wp-content\/uploads\/2020\/11\/AppIcon-5.png 1600w, https:\/\/webdelmaestrocmf.com\/portal\/wp-content\/uploads\/2020\/11\/AppIcon-5-208x300.png 208w, https:\/\/webdelmaestrocmf.com\/portal\/wp-content\/uploads\/2020\/11\/AppIcon-5-709x1024.png 709w, https:\/\/webdelmaestrocmf.com\/portal\/wp-content\/uploads\/2020\/11\/AppIcon-5-768x1109.png 768w, https:\/\/webdelmaestrocmf.com\/portal\/wp-content\/uploads\/2020\/11\/AppIcon-5-1063x1536.png 1063w, https:\/\/webdelmaestrocmf.com\/portal\/wp-content\/uploads\/2020\/11\/AppIcon-5-1418x2048.png 1418w, https:\/\/webdelmaestrocmf.com\/portal\/wp-content\/uploads\/2020\/11\/AppIcon-5-110x159.png 110w, https:\/\/webdelmaestrocmf.com\/portal\/wp-content\/uploads\/2020\/11\/AppIcon-5-200x289.png 200w, https:\/\/webdelmaestrocmf.com\/portal\/wp-content\/uploads\/2020\/11\/AppIcon-5-380x549.png 380w, https:\/\/webdelmaestrocmf.com\/portal\/wp-content\/uploads\/2020\/11\/AppIcon-5-255x368.png 255w, https:\/\/webdelmaestrocmf.com\/portal\/wp-content\/uploads\/2020\/11\/AppIcon-5-300x433.png 300w, https:\/\/webdelmaestrocmf.com\/portal\/wp-content\/uploads\/2020\/11\/AppIcon-5-550x794.png 550w, https:\/\/webdelmaestrocmf.com\/portal\/wp-content\/uploads\/2020\/11\/AppIcon-5-800x1156.png 800w, https:\/\/webdelmaestrocmf.com\/portal\/wp-content\/uploads\/2020\/11\/AppIcon-5-1160x1675.png 1160w, https:\/\/webdelmaestrocmf.com\/portal\/wp-content\/uploads\/2020\/11\/AppIcon-5-220x318.png 220w, https:\/\/webdelmaestrocmf.com\/portal\/wp-content\/uploads\/2020\/11\/AppIcon-5-400x578.png 400w, https:\/\/webdelmaestrocmf.com\/portal\/wp-content\/uploads\/2020\/11\/AppIcon-5-760x1098.png 760w, https:\/\/webdelmaestrocmf.com\/portal\/wp-content\/uploads\/2020\/11\/AppIcon-5-510x737.png 510w, https:\/\/webdelmaestrocmf.com\/portal\/wp-content\/uploads\/2020\/11\/AppIcon-5-600x867.png 600w, https:\/\/webdelmaestrocmf.com\/portal\/wp-content\/uploads\/2020\/11\/AppIcon-5-1100x1589.png 1100w, https:\/\/webdelmaestrocmf.com\/portal\/wp-content\/uploads\/2020\/11\/AppIcon-5-415x600.png 415w, https:\/\/webdelmaestrocmf.com\/portal\/wp-content\/uploads\/2020\/11\/AppIcon-5-1536x2219.png 1536w\" sizes=\"auto, (max-width: 1600px) 100vw, 1600px\" \/><\/p>\n<p style=\"text-align: justify;\">Revisa\u00a0 en este completo art\u00edculo y conoce en detalle\u00a0 c\u00f3mo implementar cada paso del\u00a0<a href=\"https:\/\/blog.lirmi.com\/cl\/como-implementar-el-modelo-de-aula-invertida-en-tus-clases-virtuales\" target=\"_blank\" rel=\"noopener noreferrer\">Modelo de ense\u00f1anza Aula Invertida.<\/a><\/p>\n<h5 style=\"text-align: justify;\"><strong>Implementar Aula Invertida<\/strong><\/h5>\n<p style=\"text-align: justify;\">Para implementar 100% el modelo de aula invertida,\u00a0 es necesario realizar estos procesos<\/p>\n<ul style=\"text-align: justify;\">\n<li>Tener dominio del curr\u00edculum y disciplina que se imparte<\/li>\n<li>Subir tareas conectadas a objetivos de aprendizaje<\/li>\n<li>Crear videos o audios did\u00e1cticos<\/li>\n<li>Realizar comentarios en torno a una tarea<\/li>\n<li>Revisar las tareas y retroalimentar de forma \u00e1gil<\/li>\n<li>Evaluar formativamente<\/li>\n<li>Ver el enganche de los estudiantes con el material enviado (la cantidad de veces que el estudiante accedi\u00f3 al material)<\/li>\n<\/ul>\n<p><img loading=\"lazy\" decoding=\"async\" class=\"size-full wp-image-53882 aligncenter\" src=\"https:\/\/webdelmaestrocmf.com\/portal\/wp-content\/uploads\/2020\/11\/1.jpeg\" alt=\"\" width=\"512\" height=\"768\" srcset=\"https:\/\/webdelmaestrocmf.com\/portal\/wp-content\/uploads\/2020\/11\/1.jpeg 512w, https:\/\/webdelmaestrocmf.com\/portal\/wp-content\/uploads\/2020\/11\/1-200x300.jpeg 200w, https:\/\/webdelmaestrocmf.com\/portal\/wp-content\/uploads\/2020\/11\/1-110x165.jpeg 110w, https:\/\/webdelmaestrocmf.com\/portal\/wp-content\/uploads\/2020\/11\/1-380x570.jpeg 380w, https:\/\/webdelmaestrocmf.com\/portal\/wp-content\/uploads\/2020\/11\/1-255x383.jpeg 255w, https:\/\/webdelmaestrocmf.com\/portal\/wp-content\/uploads\/2020\/11\/1-300x450.jpeg 300w, https:\/\/webdelmaestrocmf.com\/portal\/wp-content\/uploads\/2020\/11\/1-220x330.jpeg 220w, https:\/\/webdelmaestrocmf.com\/portal\/wp-content\/uploads\/2020\/11\/1-400x600.jpeg 400w, https:\/\/webdelmaestrocmf.com\/portal\/wp-content\/uploads\/2020\/11\/1-510x765.jpeg 510w\" sizes=\"auto, (max-width: 512px) 100vw, 512px\" \/><\/p>\n<p><strong>Este contenido ha sido publicado originalmente por Lirmi en la siguiente direcci\u00f3n: <a href=\"http:\/\/blog.lirmi.com\" target=\"_blank\" rel=\"noopener noreferrer\">blog.lirmi.com<\/a> | Escrito por: \u00a0Isabel Loncomil<\/strong><\/p>\n<p style=\"text-align: center;\">Recomendamos a la Comunidad Educativa Digital tener en cuenta que, el enlace y\/o la carpeta en donde est\u00e1n alojados los libros, recursos y\/o materiales, no es administrado por la Web del Maestro CMF, pueda ser que en cuesti\u00f3n de d\u00edas (o seg\u00fan el tiempo transcurrido desde su publicaci\u00f3n), los enlaces no funcionen y el material ya no se encuentre disponible. Gracias por su comprensi\u00f3n.<\/p>\n<h3>ENLACE DE LECTURA:<\/h3>\n<p style=\"text-align: center;\">\u00a1Comparte y as\u00ed m\u00e1s docentes utilizar\u00e1n estos recursos\u00a0gratis! Muchas gracias.<\/p>\n<p style=\"text-align: center;\"><span style=\"color: #000000;\">LECTURA 1: <a style=\"color: #000000;\" href=\"https:\/\/drive.google.com\/file\/d\/1oANA5PGeKvCJtZSrK0B_oAjmn5VnHbpc\/view\" target=\"_blank\" rel=\"noopener noreferrer\">AULA INVERTIDA<br \/>\n<\/a>LECTURA 2: <a style=\"color: #000000;\" href=\"https:\/\/www.ipchile.cl\/wp-content\/uploads\/2019\/03\/FICHA-IMPLEMENTAR-Y-EVALUAR-METODOLOG%C3%8DA-AULA-INVERTIDA.pdf\" target=\"_blank\" rel=\"noopener noreferrer\">FICHA PARA IMPLEMENTAR Y EVALUAR METODOLOG\u00cdA AULA INVERTIDA (FLIPPED CLASSROOM)\u00a0<\/a><\/span><\/p>\n\t\t<div class=\"pk-inline-posts\">\n\t\t\t\n\t\t\t<div class=\"pk-inline-posts-container pk-inline-posts-template-list\"\n\t\t\t\tdata-columns=\"1\">\n\t\t\t\t\t\t<article id=\"post-115147\" class=\"post-115147 post type-post status-publish format-standard has-post-thumbnail category-aula-invertida category-clase-invertida category-clases category-pedagogia tag-aula tag-didactica-3 tag-docentes tag-educacion-3 tag-formacion-docente-3 tag-innovacion-educativa-3 tag-metodologias-educativas-2 tag-pedagogia-3 tag-practica-docente-2 cs-entry cs-video-wrap\">\n\t\t\t<div class=\"pk-post-outer\">\n\n\t\t\t\t\t\t\t\t<div class=\"pk-post-inner\">\n\t\t\t\t\t<div class=\"entry-thumbnail\">\n\t\t\t\t\t\t<div class=\"pk-overlay pk-overlay-ratio pk-ratio-landscape\">\n\t\t\t\t\t\t\t<div class=\"pk-overlay-background\">\n\t\t\t\t\t\t\t\t<a href=\"https:\/\/webdelmaestrocmf.com\/portal\/tipos-de-aulas-pedagogicas-claves-para-analizar-elegir-y-combinar-enfoques-en-la-practica-docente\/\" class=\"pk-overlay-link\">\n\t\t\t\t\t\t\t\t\t<img loading=\"lazy\" decoding=\"async\" width=\"300\" height=\"225\" src=\"https:\/\/webdelmaestrocmf.com\/portal\/wp-content\/uploads\/2026\/02\/1A-Banner-1-portada-imagen-10-1-copia-9-300x225.webp\" class=\"attachment-pk-thumbnail size-pk-thumbnail wp-post-image\" alt=\"\" \/>\t\t\t\t\t\t\t\t<\/a>\n\t\t\t\t\t\t\t<\/div>\n\t\t\t\t\t\t<\/div>\n\t\t\t\t\t<\/div>\n\t\t\t\t<\/div>\n\t\t\t\t\n\t\t\t\t<div class=\"pk-post-inner\">\n\t\t\t\t\t<header>\n\t\t\t\t\t\t<h3 class=\"pk-title\"><a href=\"https:\/\/webdelmaestrocmf.com\/portal\/tipos-de-aulas-pedagogicas-claves-para-analizar-elegir-y-combinar-enfoques-en-la-practica-docente\/\" rel=\"bookmark\">Tipos de aulas pedag\u00f3gicas: claves para analizar, elegir y combinar enfoques en la pr\u00e1ctica docente<\/a><\/h3>\t\t\t\t\t<\/header><!-- .entry-header -->\n\t\t\t\t<\/div><!-- .post-inner -->\n\n\t\t\t<\/div><!-- .post-outer -->\n\t\t<\/article>\n\t\t\t\t<\/div>\n\t\t<\/div>\n\t\t\n","protected":false},"excerpt":{"rendered":"Inevitablemente la post pandemia nos llevar\u00e1 a situaciones de inestabilidad en las escuelas. Y mientras no exista una&hellip;","protected":false},"author":1,"featured_media":53867,"comment_status":"open","ping_status":"closed","sticky":false,"template":"","format":"standard","meta":{"csco_display_header_overlay":false,"csco_singular_sidebar":"default","csco_page_header_type":"default","csco_page_load_nextpost":"default","csco_post_video_location":[],"csco_post_video_location_hash":"","csco_post_video_url":"","csco_post_video_bg_start_time":0,"csco_post_video_bg_end_time":0,"csco_post_video_bg_volume":false,"_jetpack_memberships_contains_paid_content":false,"footnotes":""},"categories":[5943,735],"tags":[596,2125,5946,5945,5944,1969,5947],"class_list":{"0":"post-53863","1":"post","2":"type-post","3":"status-publish","4":"format-standard","5":"has-post-thumbnail","7":"category-aula-invertida","8":"category-pedagogia","9":"tag-aula","10":"tag-estrategia","11":"tag-hibrido","12":"tag-ideal","13":"tag-invertida","14":"tag-modelo","15":"tag-semipresencial","16":"cs-entry","17":"cs-video-wrap"},"yoast_head":"<!-- This site is optimized with the Yoast SEO plugin v27.5 - https:\/\/yoast.com\/product\/yoast-seo-wordpress\/ -->\n<title>El Aula Invertida, una estrategia ideal para el modelo h\u00edbrido o semipresencial: ficha para implementar y evaluar metodolog\u00eda aula invertida - 2026<\/title>\n<meta name=\"description\" content=\"Inevitablemente la post pandemia nos llevar\u00e1 a situaciones de inestabilidad en las escuelas. Y mientras no exista una vacuna y...\" \/>\n<meta name=\"robots\" content=\"index, follow, max-snippet:-1, max-image-preview:large, max-video-preview:-1\" \/>\n<link rel=\"canonical\" href=\"https:\/\/webdelmaestrocmf.com\/portal\/el-aula-invertida-una-estrategia-ideal-para-el-modelo-hibrido-o-semipresencial-ficha-para-implementar-y-evaluar-metodologia-aula-invertida\/\" \/>\n<meta property=\"og:locale\" content=\"es_ES\" \/>\n<meta property=\"og:type\" content=\"article\" \/>\n<meta property=\"og:title\" content=\"El Aula Invertida, una estrategia ideal para el modelo h\u00edbrido o semipresencial: ficha para implementar y evaluar metodolog\u00eda aula invertida - 2026\" \/>\n<meta property=\"og:description\" content=\"Inevitablemente la post pandemia nos llevar\u00e1 a situaciones de inestabilidad en las escuelas. Y mientras no exista una vacuna y...\" \/>\n<meta property=\"og:url\" content=\"https:\/\/webdelmaestrocmf.com\/portal\/el-aula-invertida-una-estrategia-ideal-para-el-modelo-hibrido-o-semipresencial-ficha-para-implementar-y-evaluar-metodologia-aula-invertida\/\" \/>\n<meta property=\"og:site_name\" content=\"Web del Maestro CMF\" \/>\n<meta property=\"article:publisher\" content=\"https:\/\/www.facebook.com\/WebdelMaestroCMF\/\" \/>\n<meta property=\"article:author\" content=\"https:\/\/www.facebook.com\/WebdelMaestroCMF\/\" \/>\n<meta property=\"article:published_time\" content=\"2020-11-02T02:59:35+00:00\" \/>\n<meta property=\"article:modified_time\" content=\"2020-11-02T20:43:18+00:00\" \/>\n<meta property=\"og:image\" content=\"https:\/\/i0.wp.com\/webdelmaestrocmf.com\/portal\/wp-content\/uploads\/2020\/11\/1-13.jpg?fit=1100%2C680&ssl=1\" \/>\n\t<meta property=\"og:image:width\" content=\"1100\" \/>\n\t<meta property=\"og:image:height\" content=\"680\" \/>\n\t<meta property=\"og:image:type\" content=\"image\/jpeg\" \/>\n<meta name=\"author\" content=\"Web del Maestro CMF\" \/>\n<meta name=\"twitter:card\" content=\"summary_large_image\" \/>\n<meta name=\"twitter:creator\" content=\"@cmf_w\" \/>\n<meta name=\"twitter:site\" content=\"@cmf_w\" \/>\n<script type=\"application\/ld+json\" class=\"yoast-schema-graph\">{\"@context\":\"https:\\\/\\\/schema.org\",\"@graph\":[{\"@type\":\"ScholarlyArticle\",\"@id\":\"https:\\\/\\\/webdelmaestrocmf.com\\\/portal\\\/el-aula-invertida-una-estrategia-ideal-para-el-modelo-hibrido-o-semipresencial-ficha-para-implementar-y-evaluar-metodologia-aula-invertida\\\/#article\",\"isPartOf\":{\"@id\":\"https:\\\/\\\/webdelmaestrocmf.com\\\/portal\\\/el-aula-invertida-una-estrategia-ideal-para-el-modelo-hibrido-o-semipresencial-ficha-para-implementar-y-evaluar-metodologia-aula-invertida\\\/\"},\"author\":{\"name\":\"Web del Maestro CMF\",\"@id\":\"https:\\\/\\\/webdelmaestrocmf.com\\\/portal\\\/#\\\/schema\\\/person\\\/1072a2ed7bd960df8ef99a551fa35dc5\"},\"headline\":\"El Aula Invertida, una estrategia ideal para el modelo h\u00edbrido o semipresencial: ficha para implementar y evaluar metodolog\u00eda aula invertida\",\"datePublished\":\"2020-11-02T02:59:35+00:00\",\"dateModified\":\"2020-11-02T20:43:18+00:00\",\"mainEntityOfPage\":{\"@id\":\"https:\\\/\\\/webdelmaestrocmf.com\\\/portal\\\/el-aula-invertida-una-estrategia-ideal-para-el-modelo-hibrido-o-semipresencial-ficha-para-implementar-y-evaluar-metodologia-aula-invertida\\\/\"},\"wordCount\":871,\"commentCount\":0,\"publisher\":{\"@id\":\"https:\\\/\\\/webdelmaestrocmf.com\\\/portal\\\/#organization\"},\"image\":{\"@id\":\"https:\\\/\\\/webdelmaestrocmf.com\\\/portal\\\/el-aula-invertida-una-estrategia-ideal-para-el-modelo-hibrido-o-semipresencial-ficha-para-implementar-y-evaluar-metodologia-aula-invertida\\\/#primaryimage\"},\"thumbnailUrl\":\"https:\\\/\\\/webdelmaestrocmf.com\\\/portal\\\/wp-content\\\/uploads\\\/2020\\\/11\\\/1-13.jpg\",\"keywords\":[\"aula\",\"ESTRATEGIA\",\"h\u00edbrido\",\"ideal\",\"Invertida\",\"MODELO\",\"semipresencial\"],\"articleSection\":[\"Aula Invertida\",\"Recursos\"],\"inLanguage\":\"es\",\"potentialAction\":[{\"@type\":\"CommentAction\",\"name\":\"Comment\",\"target\":[\"https:\\\/\\\/webdelmaestrocmf.com\\\/portal\\\/el-aula-invertida-una-estrategia-ideal-para-el-modelo-hibrido-o-semipresencial-ficha-para-implementar-y-evaluar-metodologia-aula-invertida\\\/#respond\"]}]},{\"@type\":\"WebPage\",\"@id\":\"https:\\\/\\\/webdelmaestrocmf.com\\\/portal\\\/el-aula-invertida-una-estrategia-ideal-para-el-modelo-hibrido-o-semipresencial-ficha-para-implementar-y-evaluar-metodologia-aula-invertida\\\/\",\"url\":\"https:\\\/\\\/webdelmaestrocmf.com\\\/portal\\\/el-aula-invertida-una-estrategia-ideal-para-el-modelo-hibrido-o-semipresencial-ficha-para-implementar-y-evaluar-metodologia-aula-invertida\\\/\",\"name\":\"El Aula Invertida, una estrategia ideal para el modelo h\u00edbrido o semipresencial: ficha para implementar y evaluar metodolog\u00eda aula invertida - 2026\",\"isPartOf\":{\"@id\":\"https:\\\/\\\/webdelmaestrocmf.com\\\/portal\\\/#website\"},\"primaryImageOfPage\":{\"@id\":\"https:\\\/\\\/webdelmaestrocmf.com\\\/portal\\\/el-aula-invertida-una-estrategia-ideal-para-el-modelo-hibrido-o-semipresencial-ficha-para-implementar-y-evaluar-metodologia-aula-invertida\\\/#primaryimage\"},\"image\":{\"@id\":\"https:\\\/\\\/webdelmaestrocmf.com\\\/portal\\\/el-aula-invertida-una-estrategia-ideal-para-el-modelo-hibrido-o-semipresencial-ficha-para-implementar-y-evaluar-metodologia-aula-invertida\\\/#primaryimage\"},\"thumbnailUrl\":\"https:\\\/\\\/webdelmaestrocmf.com\\\/portal\\\/wp-content\\\/uploads\\\/2020\\\/11\\\/1-13.jpg\",\"datePublished\":\"2020-11-02T02:59:35+00:00\",\"dateModified\":\"2020-11-02T20:43:18+00:00\",\"description\":\"Inevitablemente la post pandemia nos llevar\u00e1 a situaciones de inestabilidad en las escuelas. Y mientras no exista una vacuna y...\",\"breadcrumb\":{\"@id\":\"https:\\\/\\\/webdelmaestrocmf.com\\\/portal\\\/el-aula-invertida-una-estrategia-ideal-para-el-modelo-hibrido-o-semipresencial-ficha-para-implementar-y-evaluar-metodologia-aula-invertida\\\/#breadcrumb\"},\"inLanguage\":\"es\",\"potentialAction\":[{\"@type\":\"ReadAction\",\"target\":[\"https:\\\/\\\/webdelmaestrocmf.com\\\/portal\\\/el-aula-invertida-una-estrategia-ideal-para-el-modelo-hibrido-o-semipresencial-ficha-para-implementar-y-evaluar-metodologia-aula-invertida\\\/\"]}]},{\"@type\":\"ImageObject\",\"inLanguage\":\"es\",\"@id\":\"https:\\\/\\\/webdelmaestrocmf.com\\\/portal\\\/el-aula-invertida-una-estrategia-ideal-para-el-modelo-hibrido-o-semipresencial-ficha-para-implementar-y-evaluar-metodologia-aula-invertida\\\/#primaryimage\",\"url\":\"https:\\\/\\\/webdelmaestrocmf.com\\\/portal\\\/wp-content\\\/uploads\\\/2020\\\/11\\\/1-13.jpg\",\"contentUrl\":\"https:\\\/\\\/webdelmaestrocmf.com\\\/portal\\\/wp-content\\\/uploads\\\/2020\\\/11\\\/1-13.jpg\",\"width\":1100,\"height\":680},{\"@type\":\"BreadcrumbList\",\"@id\":\"https:\\\/\\\/webdelmaestrocmf.com\\\/portal\\\/el-aula-invertida-una-estrategia-ideal-para-el-modelo-hibrido-o-semipresencial-ficha-para-implementar-y-evaluar-metodologia-aula-invertida\\\/#breadcrumb\",\"itemListElement\":[{\"@type\":\"ListItem\",\"position\":1,\"name\":\"Portada\",\"item\":\"https:\\\/\\\/webdelmaestrocmf.com\\\/portal\\\/\"},{\"@type\":\"ListItem\",\"position\":2,\"name\":\"Recursos\",\"item\":\"https:\\\/\\\/webdelmaestrocmf.com\\\/portal\\\/category\\\/pedagogia\\\/\"},{\"@type\":\"ListItem\",\"position\":3,\"name\":\"Aula Invertida\",\"item\":\"https:\\\/\\\/webdelmaestrocmf.com\\\/portal\\\/category\\\/pedagogia\\\/aula-invertida\\\/\"},{\"@type\":\"ListItem\",\"position\":4,\"name\":\"El Aula Invertida, una estrategia ideal para el modelo h\u00edbrido o semipresencial: ficha para implementar y evaluar metodolog\u00eda aula invertida\"}]},{\"@type\":\"WebSite\",\"@id\":\"https:\\\/\\\/webdelmaestrocmf.com\\\/portal\\\/#website\",\"url\":\"https:\\\/\\\/webdelmaestrocmf.com\\\/portal\\\/\",\"name\":\"Web del Maestro CMF\",\"description\":\"Maestros al servicio de la educaci\u00f3n\",\"publisher\":{\"@id\":\"https:\\\/\\\/webdelmaestrocmf.com\\\/portal\\\/#organization\"},\"alternateName\":\"WMCMF\",\"potentialAction\":[{\"@type\":\"SearchAction\",\"target\":{\"@type\":\"EntryPoint\",\"urlTemplate\":\"https:\\\/\\\/webdelmaestrocmf.com\\\/portal\\\/?s={search_term_string}\"},\"query-input\":{\"@type\":\"PropertyValueSpecification\",\"valueRequired\":true,\"valueName\":\"search_term_string\"}}],\"inLanguage\":\"es\"},{\"@type\":\"Organization\",\"@id\":\"https:\\\/\\\/webdelmaestrocmf.com\\\/portal\\\/#organization\",\"name\":\"Web del Maestro CMF\",\"alternateName\":\"WMCMF\",\"url\":\"https:\\\/\\\/webdelmaestrocmf.com\\\/portal\\\/\",\"logo\":{\"@type\":\"ImageObject\",\"inLanguage\":\"es\",\"@id\":\"https:\\\/\\\/webdelmaestrocmf.com\\\/portal\\\/#\\\/schema\\\/logo\\\/image\\\/\",\"url\":\"https:\\\/\\\/webdelmaestrocmf.com\\\/portal\\\/wp-content\\\/uploads\\\/2023\\\/01\\\/logo-wmcmf-2.png\",\"contentUrl\":\"https:\\\/\\\/webdelmaestrocmf.com\\\/portal\\\/wp-content\\\/uploads\\\/2023\\\/01\\\/logo-wmcmf-2.png\",\"width\":200,\"height\":60,\"caption\":\"Web del Maestro CMF\"},\"image\":{\"@id\":\"https:\\\/\\\/webdelmaestrocmf.com\\\/portal\\\/#\\\/schema\\\/logo\\\/image\\\/\"},\"sameAs\":[\"https:\\\/\\\/www.facebook.com\\\/WebdelMaestroCMF\\\/\",\"https:\\\/\\\/x.com\\\/cmf_w\",\"https:\\\/\\\/www.pinterest.com\\\/WMCMF\\\/\",\"https:\\\/\\\/www.linkedin.com\\\/company\\\/web-del-maestro-cmf\\\/\",\"https:\\\/\\\/www.instagram.com\\\/wmcmf\\\/\",\"https:\\\/\\\/www.youtube.com\\\/channel\\\/UCDPSvjbdodE5sHnC3OxutHw\",\"https:\\\/\\\/mastodon.social\\\/@wmcmf\",\"https:\\\/\\\/www.tiktok.com\\\/@webdelmaestrocmf\"]},{\"@type\":\"Person\",\"@id\":\"https:\\\/\\\/webdelmaestrocmf.com\\\/portal\\\/#\\\/schema\\\/person\\\/1072a2ed7bd960df8ef99a551fa35dc5\",\"name\":\"Web del Maestro CMF\",\"image\":{\"@type\":\"ImageObject\",\"inLanguage\":\"es\",\"@id\":\"https:\\\/\\\/secure.gravatar.com\\\/avatar\\\/23291dd5b5ae1077dcff3dbb04c3e02bd28403fa75af6d8787d5e97c5bbbe30b?s=96&d=mm&r=g\",\"url\":\"https:\\\/\\\/secure.gravatar.com\\\/avatar\\\/23291dd5b5ae1077dcff3dbb04c3e02bd28403fa75af6d8787d5e97c5bbbe30b?s=96&d=mm&r=g\",\"contentUrl\":\"https:\\\/\\\/secure.gravatar.com\\\/avatar\\\/23291dd5b5ae1077dcff3dbb04c3e02bd28403fa75af6d8787d5e97c5bbbe30b?s=96&d=mm&r=g\",\"caption\":\"Web del Maestro CMF\"},\"description\":\"Esta Web se cre\u00f3 sin fines de lucro, con fines educativos, cient\u00edficos y acad\u00e9micos, para personas que tengan dificultades y\\\/o inconvenientes en visualizar el material original. El objetivo es entregar recursos, compartir experiencias y materiales que ayuden a los padres de familia, maestros y estudiantes en su actualizaci\u00f3n y formaci\u00f3n permanente, en bien de la Educaci\u00f3n.\",\"sameAs\":[\"http:\\\/\\\/webdelmaestrocmf.com\\\/portal\",\"https:\\\/\\\/www.facebook.com\\\/WebdelMaestroCMF\\\/\",\"https:\\\/\\\/www.instagram.com\\\/wmcmf\\\/\",\"https:\\\/\\\/cl.linkedin.com\\\/company\\\/web-del-maestro-cmf\",\"https:\\\/\\\/www.pinterest.com\\\/WMCMF\\\/publicaciones\\\/\",\"https:\\\/\\\/x.com\\\/cmf_w\",\"https:\\\/\\\/www.youtube.com\\\/@WMCMF\"]}]}<\/script>\n<!-- \/ Yoast SEO plugin. -->","yoast_head_json":{"title":"El Aula Invertida, una estrategia ideal para el modelo h\u00edbrido o semipresencial: ficha para implementar y evaluar metodolog\u00eda aula invertida - 2026","description":"Inevitablemente la post pandemia nos llevar\u00e1 a situaciones de inestabilidad en las escuelas. Y mientras no exista una vacuna y...","robots":{"index":"index","follow":"follow","max-snippet":"max-snippet:-1","max-image-preview":"max-image-preview:large","max-video-preview":"max-video-preview:-1"},"canonical":"https:\/\/webdelmaestrocmf.com\/portal\/el-aula-invertida-una-estrategia-ideal-para-el-modelo-hibrido-o-semipresencial-ficha-para-implementar-y-evaluar-metodologia-aula-invertida\/","og_locale":"es_ES","og_type":"article","og_title":"El Aula Invertida, una estrategia ideal para el modelo h\u00edbrido o semipresencial: ficha para implementar y evaluar metodolog\u00eda aula invertida - 2026","og_description":"Inevitablemente la post pandemia nos llevar\u00e1 a situaciones de inestabilidad en las escuelas. Y mientras no exista una vacuna y...","og_url":"https:\/\/webdelmaestrocmf.com\/portal\/el-aula-invertida-una-estrategia-ideal-para-el-modelo-hibrido-o-semipresencial-ficha-para-implementar-y-evaluar-metodologia-aula-invertida\/","og_site_name":"Web del Maestro CMF","article_publisher":"https:\/\/www.facebook.com\/WebdelMaestroCMF\/","article_author":"https:\/\/www.facebook.com\/WebdelMaestroCMF\/","article_published_time":"2020-11-02T02:59:35+00:00","article_modified_time":"2020-11-02T20:43:18+00:00","og_image":[{"width":1100,"height":680,"url":"https:\/\/i0.wp.com\/webdelmaestrocmf.com\/portal\/wp-content\/uploads\/2020\/11\/1-13.jpg?fit=1100%2C680&ssl=1","type":"image\/jpeg"}],"author":"Web del Maestro CMF","twitter_card":"summary_large_image","twitter_creator":"@cmf_w","twitter_site":"@cmf_w","schema":{"@context":"https:\/\/schema.org","@graph":[{"@type":"ScholarlyArticle","@id":"https:\/\/webdelmaestrocmf.com\/portal\/el-aula-invertida-una-estrategia-ideal-para-el-modelo-hibrido-o-semipresencial-ficha-para-implementar-y-evaluar-metodologia-aula-invertida\/#article","isPartOf":{"@id":"https:\/\/webdelmaestrocmf.com\/portal\/el-aula-invertida-una-estrategia-ideal-para-el-modelo-hibrido-o-semipresencial-ficha-para-implementar-y-evaluar-metodologia-aula-invertida\/"},"author":{"name":"Web del Maestro CMF","@id":"https:\/\/webdelmaestrocmf.com\/portal\/#\/schema\/person\/1072a2ed7bd960df8ef99a551fa35dc5"},"headline":"El Aula Invertida, una estrategia ideal para el modelo h\u00edbrido o semipresencial: ficha para implementar y evaluar metodolog\u00eda aula invertida","datePublished":"2020-11-02T02:59:35+00:00","dateModified":"2020-11-02T20:43:18+00:00","mainEntityOfPage":{"@id":"https:\/\/webdelmaestrocmf.com\/portal\/el-aula-invertida-una-estrategia-ideal-para-el-modelo-hibrido-o-semipresencial-ficha-para-implementar-y-evaluar-metodologia-aula-invertida\/"},"wordCount":871,"commentCount":0,"publisher":{"@id":"https:\/\/webdelmaestrocmf.com\/portal\/#organization"},"image":{"@id":"https:\/\/webdelmaestrocmf.com\/portal\/el-aula-invertida-una-estrategia-ideal-para-el-modelo-hibrido-o-semipresencial-ficha-para-implementar-y-evaluar-metodologia-aula-invertida\/#primaryimage"},"thumbnailUrl":"https:\/\/webdelmaestrocmf.com\/portal\/wp-content\/uploads\/2020\/11\/1-13.jpg","keywords":["aula","ESTRATEGIA","h\u00edbrido","ideal","Invertida","MODELO","semipresencial"],"articleSection":["Aula Invertida","Recursos"],"inLanguage":"es","potentialAction":[{"@type":"CommentAction","name":"Comment","target":["https:\/\/webdelmaestrocmf.com\/portal\/el-aula-invertida-una-estrategia-ideal-para-el-modelo-hibrido-o-semipresencial-ficha-para-implementar-y-evaluar-metodologia-aula-invertida\/#respond"]}]},{"@type":"WebPage","@id":"https:\/\/webdelmaestrocmf.com\/portal\/el-aula-invertida-una-estrategia-ideal-para-el-modelo-hibrido-o-semipresencial-ficha-para-implementar-y-evaluar-metodologia-aula-invertida\/","url":"https:\/\/webdelmaestrocmf.com\/portal\/el-aula-invertida-una-estrategia-ideal-para-el-modelo-hibrido-o-semipresencial-ficha-para-implementar-y-evaluar-metodologia-aula-invertida\/","name":"El Aula Invertida, una estrategia ideal para el modelo h\u00edbrido o semipresencial: ficha para implementar y evaluar metodolog\u00eda aula invertida - 2026","isPartOf":{"@id":"https:\/\/webdelmaestrocmf.com\/portal\/#website"},"primaryImageOfPage":{"@id":"https:\/\/webdelmaestrocmf.com\/portal\/el-aula-invertida-una-estrategia-ideal-para-el-modelo-hibrido-o-semipresencial-ficha-para-implementar-y-evaluar-metodologia-aula-invertida\/#primaryimage"},"image":{"@id":"https:\/\/webdelmaestrocmf.com\/portal\/el-aula-invertida-una-estrategia-ideal-para-el-modelo-hibrido-o-semipresencial-ficha-para-implementar-y-evaluar-metodologia-aula-invertida\/#primaryimage"},"thumbnailUrl":"https:\/\/webdelmaestrocmf.com\/portal\/wp-content\/uploads\/2020\/11\/1-13.jpg","datePublished":"2020-11-02T02:59:35+00:00","dateModified":"2020-11-02T20:43:18+00:00","description":"Inevitablemente la post pandemia nos llevar\u00e1 a situaciones de inestabilidad en las escuelas. Y mientras no exista una vacuna y...","breadcrumb":{"@id":"https:\/\/webdelmaestrocmf.com\/portal\/el-aula-invertida-una-estrategia-ideal-para-el-modelo-hibrido-o-semipresencial-ficha-para-implementar-y-evaluar-metodologia-aula-invertida\/#breadcrumb"},"inLanguage":"es","potentialAction":[{"@type":"ReadAction","target":["https:\/\/webdelmaestrocmf.com\/portal\/el-aula-invertida-una-estrategia-ideal-para-el-modelo-hibrido-o-semipresencial-ficha-para-implementar-y-evaluar-metodologia-aula-invertida\/"]}]},{"@type":"ImageObject","inLanguage":"es","@id":"https:\/\/webdelmaestrocmf.com\/portal\/el-aula-invertida-una-estrategia-ideal-para-el-modelo-hibrido-o-semipresencial-ficha-para-implementar-y-evaluar-metodologia-aula-invertida\/#primaryimage","url":"https:\/\/webdelmaestrocmf.com\/portal\/wp-content\/uploads\/2020\/11\/1-13.jpg","contentUrl":"https:\/\/webdelmaestrocmf.com\/portal\/wp-content\/uploads\/2020\/11\/1-13.jpg","width":1100,"height":680},{"@type":"BreadcrumbList","@id":"https:\/\/webdelmaestrocmf.com\/portal\/el-aula-invertida-una-estrategia-ideal-para-el-modelo-hibrido-o-semipresencial-ficha-para-implementar-y-evaluar-metodologia-aula-invertida\/#breadcrumb","itemListElement":[{"@type":"ListItem","position":1,"name":"Portada","item":"https:\/\/webdelmaestrocmf.com\/portal\/"},{"@type":"ListItem","position":2,"name":"Recursos","item":"https:\/\/webdelmaestrocmf.com\/portal\/category\/pedagogia\/"},{"@type":"ListItem","position":3,"name":"Aula Invertida","item":"https:\/\/webdelmaestrocmf.com\/portal\/category\/pedagogia\/aula-invertida\/"},{"@type":"ListItem","position":4,"name":"El Aula Invertida, una estrategia ideal para el modelo h\u00edbrido o semipresencial: ficha para implementar y evaluar metodolog\u00eda aula invertida"}]},{"@type":"WebSite","@id":"https:\/\/webdelmaestrocmf.com\/portal\/#website","url":"https:\/\/webdelmaestrocmf.com\/portal\/","name":"Web del Maestro CMF","description":"Maestros al servicio de la educaci\u00f3n","publisher":{"@id":"https:\/\/webdelmaestrocmf.com\/portal\/#organization"},"alternateName":"WMCMF","potentialAction":[{"@type":"SearchAction","target":{"@type":"EntryPoint","urlTemplate":"https:\/\/webdelmaestrocmf.com\/portal\/?s={search_term_string}"},"query-input":{"@type":"PropertyValueSpecification","valueRequired":true,"valueName":"search_term_string"}}],"inLanguage":"es"},{"@type":"Organization","@id":"https:\/\/webdelmaestrocmf.com\/portal\/#organization","name":"Web del Maestro CMF","alternateName":"WMCMF","url":"https:\/\/webdelmaestrocmf.com\/portal\/","logo":{"@type":"ImageObject","inLanguage":"es","@id":"https:\/\/webdelmaestrocmf.com\/portal\/#\/schema\/logo\/image\/","url":"https:\/\/webdelmaestrocmf.com\/portal\/wp-content\/uploads\/2023\/01\/logo-wmcmf-2.png","contentUrl":"https:\/\/webdelmaestrocmf.com\/portal\/wp-content\/uploads\/2023\/01\/logo-wmcmf-2.png","width":200,"height":60,"caption":"Web del Maestro CMF"},"image":{"@id":"https:\/\/webdelmaestrocmf.com\/portal\/#\/schema\/logo\/image\/"},"sameAs":["https:\/\/www.facebook.com\/WebdelMaestroCMF\/","https:\/\/x.com\/cmf_w","https:\/\/www.pinterest.com\/WMCMF\/","https:\/\/www.linkedin.com\/company\/web-del-maestro-cmf\/","https:\/\/www.instagram.com\/wmcmf\/","https:\/\/www.youtube.com\/channel\/UCDPSvjbdodE5sHnC3OxutHw","https:\/\/mastodon.social\/@wmcmf","https:\/\/www.tiktok.com\/@webdelmaestrocmf"]},{"@type":"Person","@id":"https:\/\/webdelmaestrocmf.com\/portal\/#\/schema\/person\/1072a2ed7bd960df8ef99a551fa35dc5","name":"Web del Maestro CMF","image":{"@type":"ImageObject","inLanguage":"es","@id":"https:\/\/secure.gravatar.com\/avatar\/23291dd5b5ae1077dcff3dbb04c3e02bd28403fa75af6d8787d5e97c5bbbe30b?s=96&d=mm&r=g","url":"https:\/\/secure.gravatar.com\/avatar\/23291dd5b5ae1077dcff3dbb04c3e02bd28403fa75af6d8787d5e97c5bbbe30b?s=96&d=mm&r=g","contentUrl":"https:\/\/secure.gravatar.com\/avatar\/23291dd5b5ae1077dcff3dbb04c3e02bd28403fa75af6d8787d5e97c5bbbe30b?s=96&d=mm&r=g","caption":"Web del Maestro CMF"},"description":"Esta Web se cre\u00f3 sin fines de lucro, con fines educativos, cient\u00edficos y acad\u00e9micos, para personas que tengan dificultades y\/o inconvenientes en visualizar el material original. El objetivo es entregar recursos, compartir experiencias y materiales que ayuden a los padres de familia, maestros y estudiantes en su actualizaci\u00f3n y formaci\u00f3n permanente, en bien de la Educaci\u00f3n.","sameAs":["http:\/\/webdelmaestrocmf.com\/portal","https:\/\/www.facebook.com\/WebdelMaestroCMF\/","https:\/\/www.instagram.com\/wmcmf\/","https:\/\/cl.linkedin.com\/company\/web-del-maestro-cmf","https:\/\/www.pinterest.com\/WMCMF\/publicaciones\/","https:\/\/x.com\/cmf_w","https:\/\/www.youtube.com\/@WMCMF"]}]}},"jetpack_featured_media_url":"https:\/\/webdelmaestrocmf.com\/portal\/wp-content\/uploads\/2020\/11\/1-13.jpg","jetpack_sharing_enabled":true,"jetpack-related-posts":[{"id":56976,"url":"https:\/\/webdelmaestrocmf.com\/portal\/de-la-educacion-a-distancia-a-la-hibrida-4-elementos-clave-para-hacerla-realidad-en-este-2021\/","url_meta":{"origin":53863,"position":0},"title":"De la educaci\u00f3n a distancia a la h\u00edbrida: 4 elementos clave para hacerla realidad","author":"Web del Maestro CMF","date":"5 enero, 2021","format":false,"excerpt":"No pocos pa\u00edses en Am\u00e9rica Latina y el Caribe (ALC) est\u00e1n planificando la\u00a0 vuelta\u00a0 las clases presenciales en las aulas, aunque no todos han hecho un estudio sobre la infraestructura que demandar\u00e1 el regreso a unas instalaciones y a al uso de un mobiliario (donde hab\u00eda) que estaban pensados para\u2026","rel":"","context":"En \u00abAprendizaje h\u00edbrido\u00bb","block_context":{"text":"Aprendizaje h\u00edbrido","link":"https:\/\/webdelmaestrocmf.com\/portal\/category\/pedagogia\/aprendizaje-hibrido\/"},"img":{"alt_text":"","src":"https:\/\/i0.wp.com\/webdelmaestrocmf.com\/portal\/wp-content\/uploads\/2021\/01\/1-copia-29.jpg?resize=350%2C200&ssl=1","width":350,"height":200,"srcset":"https:\/\/i0.wp.com\/webdelmaestrocmf.com\/portal\/wp-content\/uploads\/2021\/01\/1-copia-29.jpg?resize=350%2C200&ssl=1 1x, https:\/\/i0.wp.com\/webdelmaestrocmf.com\/portal\/wp-content\/uploads\/2021\/01\/1-copia-29.jpg?resize=525%2C300&ssl=1 1.5x, https:\/\/i0.wp.com\/webdelmaestrocmf.com\/portal\/wp-content\/uploads\/2021\/01\/1-copia-29.jpg?resize=700%2C400&ssl=1 2x, https:\/\/i0.wp.com\/webdelmaestrocmf.com\/portal\/wp-content\/uploads\/2021\/01\/1-copia-29.jpg?resize=1050%2C600&ssl=1 3x"},"classes":[]},{"id":87934,"url":"https:\/\/webdelmaestrocmf.com\/portal\/aprendizaje-invertido-y-divertido\/","url_meta":{"origin":53863,"position":1},"title":"Aprendizaje efectivo, invertido y divertido","author":"Web del Maestro CMF","date":"12 junio, 2024","format":false,"excerpt":"El modelo de la clase invertida es una variedad del aprendizaje semipresencial, que tiene por objetivo lograr que los estudiantes gestionen su aprendizaje interactuando con material audiovisual y trabajando de manera colaborativa. Mientras que el modelo tradicional de ense\u00f1anza se basa en la trasmisi\u00f3n de la informaci\u00f3n desde el profesor\u2026","rel":"","context":"En \u00abAprendizaje invertido\u00bb","block_context":{"text":"Aprendizaje invertido","link":"https:\/\/webdelmaestrocmf.com\/portal\/category\/pedagogia\/aprendizaje-invertido\/"},"img":{"alt_text":"","src":"https:\/\/i0.wp.com\/webdelmaestrocmf.com\/portal\/wp-content\/uploads\/2023\/04\/Banner-1-portada-imagen-10-1-2024-06-12T182553.106.jpg?resize=350%2C200&ssl=1","width":350,"height":200,"srcset":"https:\/\/i0.wp.com\/webdelmaestrocmf.com\/portal\/wp-content\/uploads\/2023\/04\/Banner-1-portada-imagen-10-1-2024-06-12T182553.106.jpg?resize=350%2C200&ssl=1 1x, https:\/\/i0.wp.com\/webdelmaestrocmf.com\/portal\/wp-content\/uploads\/2023\/04\/Banner-1-portada-imagen-10-1-2024-06-12T182553.106.jpg?resize=525%2C300&ssl=1 1.5x, https:\/\/i0.wp.com\/webdelmaestrocmf.com\/portal\/wp-content\/uploads\/2023\/04\/Banner-1-portada-imagen-10-1-2024-06-12T182553.106.jpg?resize=700%2C400&ssl=1 2x"},"classes":[]},{"id":115147,"url":"https:\/\/webdelmaestrocmf.com\/portal\/tipos-de-aulas-pedagogicas-claves-para-analizar-elegir-y-combinar-enfoques-en-la-practica-docente\/","url_meta":{"origin":53863,"position":2},"title":"Tipos de aulas pedag\u00f3gicas: claves para analizar, elegir y combinar enfoques en la pr\u00e1ctica docente","author":"Web del Maestro CMF","date":"5 febrero, 2026","format":false,"excerpt":"Analizar los tipos de aulas pedag\u00f3gicas permite al docente tomar decisiones conscientes, contextualizadas y profesionales para mejorar el aprendizaje real.","rel":"","context":"En \u00abAula Invertida\u00bb","block_context":{"text":"Aula Invertida","link":"https:\/\/webdelmaestrocmf.com\/portal\/category\/pedagogia\/aula-invertida\/"},"img":{"alt_text":"","src":"https:\/\/i0.wp.com\/webdelmaestrocmf.com\/portal\/wp-content\/uploads\/2026\/02\/1A-Banner-1-portada-imagen-10-1-copia-9.webp?resize=350%2C200&ssl=1","width":350,"height":200,"srcset":"https:\/\/i0.wp.com\/webdelmaestrocmf.com\/portal\/wp-content\/uploads\/2026\/02\/1A-Banner-1-portada-imagen-10-1-copia-9.webp?resize=350%2C200&ssl=1 1x, https:\/\/i0.wp.com\/webdelmaestrocmf.com\/portal\/wp-content\/uploads\/2026\/02\/1A-Banner-1-portada-imagen-10-1-copia-9.webp?resize=525%2C300&ssl=1 1.5x, https:\/\/i0.wp.com\/webdelmaestrocmf.com\/portal\/wp-content\/uploads\/2026\/02\/1A-Banner-1-portada-imagen-10-1-copia-9.webp?resize=700%2C400&ssl=1 2x"},"classes":[]},{"id":86811,"url":"https:\/\/webdelmaestrocmf.com\/portal\/como-implementar-el-aprendiaje-invertido-manual-de-implementacion-herramientas-y-fichas-de-evaluacion\/","url_meta":{"origin":53863,"position":3},"title":"C\u00f3mo implementar el Flipped Learning, Aprendizaje invertido o Aula invertida: Manual de implementaci\u00f3n, herramientas y fichas de evaluaci\u00f3n","author":"Web del Maestro CMF","date":"8 abril, 2023","format":false,"excerpt":"Flipped Learning, aprendizaje invertido y aula invertida son tres t\u00e9rminos que se utilizan para referirse a un mismo modelo pedag\u00f3gico en el que la instrucci\u00f3n directa se realiza fuera del aula y se utiliza el tiempo de clase para llevar a cabo actividades que impliquen el desarrollo de procesos cognitivos\u2026","rel":"","context":"En \u00abAprendizaje invertido\u00bb","block_context":{"text":"Aprendizaje invertido","link":"https:\/\/webdelmaestrocmf.com\/portal\/category\/pedagogia\/aprendizaje-invertido\/"},"img":{"alt_text":"Aprendizaje Invertido","src":"https:\/\/i0.wp.com\/webdelmaestrocmf.com\/portal\/wp-content\/uploads\/2023\/04\/A12B3C4D-88.jpg?resize=350%2C200&ssl=1","width":350,"height":200,"srcset":"https:\/\/i0.wp.com\/webdelmaestrocmf.com\/portal\/wp-content\/uploads\/2023\/04\/A12B3C4D-88.jpg?resize=350%2C200&ssl=1 1x, https:\/\/i0.wp.com\/webdelmaestrocmf.com\/portal\/wp-content\/uploads\/2023\/04\/A12B3C4D-88.jpg?resize=525%2C300&ssl=1 1.5x, https:\/\/i0.wp.com\/webdelmaestrocmf.com\/portal\/wp-content\/uploads\/2023\/04\/A12B3C4D-88.jpg?resize=700%2C400&ssl=1 2x"},"classes":[]},{"id":86715,"url":"https:\/\/webdelmaestrocmf.com\/portal\/estas-son-las-4-nuevas-metogologias-de-la-ensenanza-que-surgen-en-los-tiempos-de-la-inteligencia-artificial\/","url_meta":{"origin":53863,"position":4},"title":"Nuevas metodolog\u00edas que surgen en tiempos de la Inteligencia Artificial","author":"Web del Maestro CMF","date":"15 enero, 2024","format":false,"excerpt":"En los \u00faltimos a\u00f1os, la educaci\u00f3n ha experimentado un cambio de paradigma muy importante. Hemos pasado de un enfoque de aprendizaje basado en la transmisi\u00f3n de conocimientos a un enfoque centrado en el alumnado y en experiencias de aprendizaje activo. Algunas de estas metodolog\u00edas activas en las aulas se conocen\u2026","rel":"","context":"En \u00abMetodos\u00bb","block_context":{"text":"Metodos","link":"https:\/\/webdelmaestrocmf.com\/portal\/category\/pedagogia\/metodos\/"},"img":{"alt_text":"metodolog\u00edas","src":"https:\/\/i0.wp.com\/webdelmaestrocmf.com\/portal\/wp-content\/uploads\/2023\/04\/Banner-1-portada-imagen-10-13.jpg?resize=350%2C200&ssl=1","width":350,"height":200,"srcset":"https:\/\/i0.wp.com\/webdelmaestrocmf.com\/portal\/wp-content\/uploads\/2023\/04\/Banner-1-portada-imagen-10-13.jpg?resize=350%2C200&ssl=1 1x, https:\/\/i0.wp.com\/webdelmaestrocmf.com\/portal\/wp-content\/uploads\/2023\/04\/Banner-1-portada-imagen-10-13.jpg?resize=525%2C300&ssl=1 1.5x, https:\/\/i0.wp.com\/webdelmaestrocmf.com\/portal\/wp-content\/uploads\/2023\/04\/Banner-1-portada-imagen-10-13.jpg?resize=700%2C400&ssl=1 2x"},"classes":[]},{"id":103551,"url":"https:\/\/webdelmaestrocmf.com\/portal\/como-implementar-la-taxonomia-de-bloom-en-el-aula-invertida\/","url_meta":{"origin":53863,"position":5},"title":"C\u00f3mo implementar la Taxonom\u00eda de Bloom en el Aula Invertida","author":"Web del Maestro CMF","date":"6 febrero, 2024","format":false,"excerpt":"La taxonom\u00eda de Bloom es una herramienta educativa que clasifica los objetivos educativos en diferentes niveles cognitivos, desde los m\u00e1s simples hasta los m\u00e1s complejos.\u00a0El aula invertida, tambi\u00e9n conocida como \"flipped classroom\", es un modelo pedag\u00f3gico que invierte el orden tradicional de la ense\u00f1anza. El aula invertida, en lugar de\u2026","rel":"","context":"En \u00abAula Invertida\u00bb","block_context":{"text":"Aula Invertida","link":"https:\/\/webdelmaestrocmf.com\/portal\/category\/pedagogia\/aula-invertida\/"},"img":{"alt_text":"","src":"https:\/\/i0.wp.com\/webdelmaestrocmf.com\/portal\/wp-content\/uploads\/2024\/02\/Banner-1-portada-imagen-10-1-5.jpg?resize=350%2C200&ssl=1","width":350,"height":200,"srcset":"https:\/\/i0.wp.com\/webdelmaestrocmf.com\/portal\/wp-content\/uploads\/2024\/02\/Banner-1-portada-imagen-10-1-5.jpg?resize=350%2C200&ssl=1 1x, https:\/\/i0.wp.com\/webdelmaestrocmf.com\/portal\/wp-content\/uploads\/2024\/02\/Banner-1-portada-imagen-10-1-5.jpg?resize=525%2C300&ssl=1 1.5x, https:\/\/i0.wp.com\/webdelmaestrocmf.com\/portal\/wp-content\/uploads\/2024\/02\/Banner-1-portada-imagen-10-1-5.jpg?resize=700%2C400&ssl=1 2x"},"classes":[]}],"_links":{"self":[{"href":"https:\/\/webdelmaestrocmf.com\/portal\/wp-json\/wp\/v2\/posts\/53863","targetHints":{"allow":["GET"]}}],"collection":[{"href":"https:\/\/webdelmaestrocmf.com\/portal\/wp-json\/wp\/v2\/posts"}],"about":[{"href":"https:\/\/webdelmaestrocmf.com\/portal\/wp-json\/wp\/v2\/types\/post"}],"author":[{"embeddable":true,"href":"https:\/\/webdelmaestrocmf.com\/portal\/wp-json\/wp\/v2\/users\/1"}],"replies":[{"embeddable":true,"href":"https:\/\/webdelmaestrocmf.com\/portal\/wp-json\/wp\/v2\/comments?post=53863"}],"version-history":[{"count":0,"href":"https:\/\/webdelmaestrocmf.com\/portal\/wp-json\/wp\/v2\/posts\/53863\/revisions"}],"wp:featuredmedia":[{"embeddable":true,"href":"https:\/\/webdelmaestrocmf.com\/portal\/wp-json\/wp\/v2\/media\/53867"}],"wp:attachment":[{"href":"https:\/\/webdelmaestrocmf.com\/portal\/wp-json\/wp\/v2\/media?parent=53863"}],"wp:term":[{"taxonomy":"category","embeddable":true,"href":"https:\/\/webdelmaestrocmf.com\/portal\/wp-json\/wp\/v2\/categories?post=53863"},{"taxonomy":"post_tag","embeddable":true,"href":"https:\/\/webdelmaestrocmf.com\/portal\/wp-json\/wp\/v2\/tags?post=53863"}],"curies":[{"name":"wp","href":"https:\/\/api.w.org\/{rel}","templated":true}]}}