{"id":53533,"date":"2020-10-27T19:45:01","date_gmt":"2020-10-27T22:45:01","guid":{"rendered":"https:\/\/webdelmaestrocmf.com\/portal\/?p=53533"},"modified":"2022-10-29T10:32:09","modified_gmt":"2022-10-29T13:32:09","slug":"5-fantasticos-libros-infantiles-gratuitos-para-leer-y-colorear","status":"publish","type":"post","link":"https:\/\/webdelmaestrocmf.com\/portal\/5-fantasticos-libros-infantiles-gratuitos-para-leer-y-colorear\/","title":{"rendered":"5 fant\u00e1sticos libros infantiles gratuitos para leer y colorear"},"content":{"rendered":"<h5 style=\"text-align: justify;\">La arquitecta e ilustradora <a href=\"https:\/\/olgadedios.es\/\" target=\"_blank\" rel=\"noopener noreferrer\">Olga de Dios<\/a>, naci\u00f3 en San Sebasti\u00e1n, Guip\u00fazcoa pero actualmente reside en el madrile\u00f1o barrio de Lavapi\u00e9s desde hace m\u00e1s de diez a\u00f1os. Ella trabaja como creadora de contenidos para la infancia desde una posici\u00f3n independiente.<\/h5>\n<p><!--more--><\/p>\n<h5 style=\"text-align: justify;\">Su trabajo se centra en la transmisi\u00f3n de valores solidarios y la divulgaci\u00f3n de realidades sobre los que considera se debe generar m\u00e1s referentes para la infancia.<\/h5>\n<p style=\"text-align: justify;\">La base de su trabajo es hacer libros para la infancia y desde el a\u00f1o 2014 dedic\u00f3 todo su tiempo a ello. Su experiencia le ha mostrado que hay que dedicar mucho tiempo y esfuerzo para generar trabajo de calidad para que llegue a m\u00e1s gente.<\/p>\n<p style=\"text-align: justify;\">Desde su blog \u00ab<a href=\"https:\/\/olgadedios.es\/\" target=\"_blank\" rel=\"noopener noreferrer\">Olga de Dios<\/a>\u00bb est\u00e1 ofreciendo cinco libros de descarga libre que a continuaci\u00f3n se los compartimos con fines educativos y de formaci\u00f3n permanente. Esperamos que el siguiente\u00a0 material, les sea de utilidad.<\/p>\n<p><img loading=\"lazy\" decoding=\"async\" class=\"alignnone size-full wp-image-53539\" src=\"https:\/\/webdelmaestrocmf.com\/portal\/wp-content\/uploads\/2020\/10\/1-10.jpeg\" alt=\"\" width=\"1280\" height=\"720\" srcset=\"https:\/\/webdelmaestrocmf.com\/portal\/wp-content\/uploads\/2020\/10\/1-10.jpeg 1280w, https:\/\/webdelmaestrocmf.com\/portal\/wp-content\/uploads\/2020\/10\/1-10-300x169.jpeg 300w, https:\/\/webdelmaestrocmf.com\/portal\/wp-content\/uploads\/2020\/10\/1-10-1024x576.jpeg 1024w, https:\/\/webdelmaestrocmf.com\/portal\/wp-content\/uploads\/2020\/10\/1-10-768x432.jpeg 768w, https:\/\/webdelmaestrocmf.com\/portal\/wp-content\/uploads\/2020\/10\/1-10-110x62.jpeg 110w, https:\/\/webdelmaestrocmf.com\/portal\/wp-content\/uploads\/2020\/10\/1-10-200x113.jpeg 200w, https:\/\/webdelmaestrocmf.com\/portal\/wp-content\/uploads\/2020\/10\/1-10-380x214.jpeg 380w, https:\/\/webdelmaestrocmf.com\/portal\/wp-content\/uploads\/2020\/10\/1-10-255x143.jpeg 255w, https:\/\/webdelmaestrocmf.com\/portal\/wp-content\/uploads\/2020\/10\/1-10-550x309.jpeg 550w, https:\/\/webdelmaestrocmf.com\/portal\/wp-content\/uploads\/2020\/10\/1-10-800x450.jpeg 800w, https:\/\/webdelmaestrocmf.com\/portal\/wp-content\/uploads\/2020\/10\/1-10-1160x653.jpeg 1160w, https:\/\/webdelmaestrocmf.com\/portal\/wp-content\/uploads\/2020\/10\/1-10-220x124.jpeg 220w, https:\/\/webdelmaestrocmf.com\/portal\/wp-content\/uploads\/2020\/10\/1-10-400x225.jpeg 400w, https:\/\/webdelmaestrocmf.com\/portal\/wp-content\/uploads\/2020\/10\/1-10-760x428.jpeg 760w, https:\/\/webdelmaestrocmf.com\/portal\/wp-content\/uploads\/2020\/10\/1-10-510x287.jpeg 510w, https:\/\/webdelmaestrocmf.com\/portal\/wp-content\/uploads\/2020\/10\/1-10-600x338.jpeg 600w, https:\/\/webdelmaestrocmf.com\/portal\/wp-content\/uploads\/2020\/10\/1-10-1100x619.jpeg 1100w\" sizes=\"auto, (max-width: 1280px) 100vw, 1280px\" \/><\/p>\n<h5>1. La rana de tres ojos<\/h5>\n<p style=\"text-align: justify;\"><strong>Rana de Tres Ojos<\/strong>, es el tercer t\u00edtulo de la\u00a0<strong>Colecci\u00f3n Monstruo Rosa.\u00a0<\/strong>Una reflexi\u00f3n provocadora sobre el estado de nuestro planeta con ilustraciones expresivas que nos animar\u00e1n a ser parte de la soluci\u00f3n.<\/p>\n<p style=\"text-align: justify;\">Este cuento nos transmite lo que significa vivir en la sensible piel de los anfibios, el grupo animal m\u00e1s amenazado del planeta.<\/p>\n<p style=\"text-align: justify;\">Rana de tres ojos tendr\u00e1 que saltar muy alto para entender lo que sucede y descubrir las causas de la degradaci\u00f3n de su h\u00e1bitat. Ante la inicial frustraci\u00f3n, Rana de Tres Ojos con apoyo de su abuela, una rana con dos ojos, decide buscar alianzas con las que afrontar el reto de cambiar el rumbo de las COSAS.<\/p>\n<ul>\n<li><a href=\"https:\/\/olgadedios.es\/obra\/rana-de-tres-ojos\/\" target=\"_blank\" rel=\"noopener noreferrer\">Enlace del libro de descarga libre<\/a><\/li>\n<\/ul>\n<p><img loading=\"lazy\" decoding=\"async\" class=\"alignnone size-full wp-image-53534\" src=\"https:\/\/webdelmaestrocmf.com\/portal\/wp-content\/uploads\/2020\/10\/1-131.jpg\" alt=\"\" width=\"1703\" height=\"800\" srcset=\"https:\/\/webdelmaestrocmf.com\/portal\/wp-content\/uploads\/2020\/10\/1-131.jpg 1703w, https:\/\/webdelmaestrocmf.com\/portal\/wp-content\/uploads\/2020\/10\/1-131-300x141.jpg 300w, https:\/\/webdelmaestrocmf.com\/portal\/wp-content\/uploads\/2020\/10\/1-131-1024x481.jpg 1024w, https:\/\/webdelmaestrocmf.com\/portal\/wp-content\/uploads\/2020\/10\/1-131-768x361.jpg 768w, https:\/\/webdelmaestrocmf.com\/portal\/wp-content\/uploads\/2020\/10\/1-131-1536x722.jpg 1536w, https:\/\/webdelmaestrocmf.com\/portal\/wp-content\/uploads\/2020\/10\/1-131-110x52.jpg 110w, https:\/\/webdelmaestrocmf.com\/portal\/wp-content\/uploads\/2020\/10\/1-131-200x94.jpg 200w, https:\/\/webdelmaestrocmf.com\/portal\/wp-content\/uploads\/2020\/10\/1-131-380x179.jpg 380w, https:\/\/webdelmaestrocmf.com\/portal\/wp-content\/uploads\/2020\/10\/1-131-255x120.jpg 255w, https:\/\/webdelmaestrocmf.com\/portal\/wp-content\/uploads\/2020\/10\/1-131-550x258.jpg 550w, https:\/\/webdelmaestrocmf.com\/portal\/wp-content\/uploads\/2020\/10\/1-131-800x376.jpg 800w, https:\/\/webdelmaestrocmf.com\/portal\/wp-content\/uploads\/2020\/10\/1-131-1160x545.jpg 1160w, https:\/\/webdelmaestrocmf.com\/portal\/wp-content\/uploads\/2020\/10\/1-131-220x103.jpg 220w, https:\/\/webdelmaestrocmf.com\/portal\/wp-content\/uploads\/2020\/10\/1-131-400x188.jpg 400w, https:\/\/webdelmaestrocmf.com\/portal\/wp-content\/uploads\/2020\/10\/1-131-760x357.jpg 760w, https:\/\/webdelmaestrocmf.com\/portal\/wp-content\/uploads\/2020\/10\/1-131-510x240.jpg 510w, https:\/\/webdelmaestrocmf.com\/portal\/wp-content\/uploads\/2020\/10\/1-131-600x282.jpg 600w, https:\/\/webdelmaestrocmf.com\/portal\/wp-content\/uploads\/2020\/10\/1-131-1100x517.jpg 1100w, https:\/\/webdelmaestrocmf.com\/portal\/wp-content\/uploads\/2020\/10\/1-131-1600x752.jpg 1600w\" sizes=\"auto, (max-width: 1703px) 100vw, 1703px\" \/><\/p>\n<h5>2. Leotolda<\/h5>\n<p style=\"text-align: justify;\"><strong>Leotolda<\/strong>\u00a0es una aventura fant\u00e1stica que nos habla de amistad y cooperaci\u00f3n a partir de un viaje en el que sus personajes nos gu\u00edan a escenarios muy diferentes. Este cuento es una obra que nos motiva a hacer uso de la creatividad como herramienta para afrontar los retos.<\/p>\n<p style=\"text-align: justify;\"><strong>Leotolda<\/strong>, no es tan solo un libro, sino un proyecto creativo abierto y en crecimiento.<br \/>\nEn esta ocasi\u00f3n, he colaborado con el equipo de\u00a0<strong>Swinton Gallery<\/strong>\u00a0para crear una exposici\u00f3n viva que tuvo lugar en Madrid durante el mes de noviembre 2016. M\u00e1s info sobre<a href=\"https:\/\/olgadedios.es\/event\/inaguracion-exposicion-leotolda-en-swinton-gallery-madrid\/\" target=\"_blank\" rel=\"noopener noreferrer\">\u00a0la expo aqu\u00ed.<\/a><br \/>\nEste proyecto sigue creciendo mediante una serie de talleres art\u00edsticos dirigidos a la infancia que se desarrollaran en diferentes librer\u00edas y bibliotecas.<\/p>\n<ul>\n<li><a href=\"https:\/\/olgadedios.es\/obra\/leotolda\/\" target=\"_blank\" rel=\"noopener noreferrer\">Enlace del libro de descarga libre<\/a><\/li>\n<\/ul>\n<p><img loading=\"lazy\" decoding=\"async\" class=\"alignnone size-full wp-image-53535\" src=\"https:\/\/webdelmaestrocmf.com\/portal\/wp-content\/uploads\/2020\/10\/1-132.jpg\" alt=\"\" width=\"1024\" height=\"937\" srcset=\"https:\/\/webdelmaestrocmf.com\/portal\/wp-content\/uploads\/2020\/10\/1-132.jpg 1024w, https:\/\/webdelmaestrocmf.com\/portal\/wp-content\/uploads\/2020\/10\/1-132-300x275.jpg 300w, https:\/\/webdelmaestrocmf.com\/portal\/wp-content\/uploads\/2020\/10\/1-132-768x703.jpg 768w, https:\/\/webdelmaestrocmf.com\/portal\/wp-content\/uploads\/2020\/10\/1-132-110x101.jpg 110w, https:\/\/webdelmaestrocmf.com\/portal\/wp-content\/uploads\/2020\/10\/1-132-200x183.jpg 200w, https:\/\/webdelmaestrocmf.com\/portal\/wp-content\/uploads\/2020\/10\/1-132-380x348.jpg 380w, https:\/\/webdelmaestrocmf.com\/portal\/wp-content\/uploads\/2020\/10\/1-132-255x233.jpg 255w, https:\/\/webdelmaestrocmf.com\/portal\/wp-content\/uploads\/2020\/10\/1-132-550x503.jpg 550w, https:\/\/webdelmaestrocmf.com\/portal\/wp-content\/uploads\/2020\/10\/1-132-800x732.jpg 800w, https:\/\/webdelmaestrocmf.com\/portal\/wp-content\/uploads\/2020\/10\/1-132-220x201.jpg 220w, https:\/\/webdelmaestrocmf.com\/portal\/wp-content\/uploads\/2020\/10\/1-132-400x366.jpg 400w, https:\/\/webdelmaestrocmf.com\/portal\/wp-content\/uploads\/2020\/10\/1-132-760x695.jpg 760w, https:\/\/webdelmaestrocmf.com\/portal\/wp-content\/uploads\/2020\/10\/1-132-510x467.jpg 510w, https:\/\/webdelmaestrocmf.com\/portal\/wp-content\/uploads\/2020\/10\/1-132-600x549.jpg 600w\" sizes=\"auto, (max-width: 1024px) 100vw, 1024px\" \/><\/p>\n<h5>3. En Familia<\/h5>\n<p class=\"has-text-align-justify\" style=\"text-align: justify;\">Este libro muestra un d\u00eda cualquiera en la vida de las familias que se enfrentan al reto de educar y de aprender.<\/p>\n<p style=\"text-align: justify;\"><strong>En familia<\/strong>\u00a0es un recorrido por los derechos fundamentales de la infancia. Donde todas las voces cuentan.<\/p>\n<ul>\n<li><a href=\"https:\/\/olgadedios.es\/obra\/en-familia\/\" target=\"_blank\" rel=\"noopener noreferrer\">Enlace del libro de descarga libre<\/a><\/li>\n<\/ul>\n<p><img loading=\"lazy\" decoding=\"async\" class=\"alignnone size-full wp-image-53536\" src=\"https:\/\/webdelmaestrocmf.com\/portal\/wp-content\/uploads\/2020\/10\/1-133.jpg\" alt=\"\" width=\"1836\" height=\"1491\" srcset=\"https:\/\/webdelmaestrocmf.com\/portal\/wp-content\/uploads\/2020\/10\/1-133.jpg 1836w, https:\/\/webdelmaestrocmf.com\/portal\/wp-content\/uploads\/2020\/10\/1-133-300x244.jpg 300w, https:\/\/webdelmaestrocmf.com\/portal\/wp-content\/uploads\/2020\/10\/1-133-1024x832.jpg 1024w, https:\/\/webdelmaestrocmf.com\/portal\/wp-content\/uploads\/2020\/10\/1-133-768x624.jpg 768w, https:\/\/webdelmaestrocmf.com\/portal\/wp-content\/uploads\/2020\/10\/1-133-1536x1247.jpg 1536w, https:\/\/webdelmaestrocmf.com\/portal\/wp-content\/uploads\/2020\/10\/1-133-110x89.jpg 110w, https:\/\/webdelmaestrocmf.com\/portal\/wp-content\/uploads\/2020\/10\/1-133-200x162.jpg 200w, https:\/\/webdelmaestrocmf.com\/portal\/wp-content\/uploads\/2020\/10\/1-133-380x309.jpg 380w, https:\/\/webdelmaestrocmf.com\/portal\/wp-content\/uploads\/2020\/10\/1-133-255x207.jpg 255w, https:\/\/webdelmaestrocmf.com\/portal\/wp-content\/uploads\/2020\/10\/1-133-550x447.jpg 550w, https:\/\/webdelmaestrocmf.com\/portal\/wp-content\/uploads\/2020\/10\/1-133-800x650.jpg 800w, https:\/\/webdelmaestrocmf.com\/portal\/wp-content\/uploads\/2020\/10\/1-133-1160x942.jpg 1160w, https:\/\/webdelmaestrocmf.com\/portal\/wp-content\/uploads\/2020\/10\/1-133-220x179.jpg 220w, https:\/\/webdelmaestrocmf.com\/portal\/wp-content\/uploads\/2020\/10\/1-133-400x325.jpg 400w, https:\/\/webdelmaestrocmf.com\/portal\/wp-content\/uploads\/2020\/10\/1-133-760x617.jpg 760w, https:\/\/webdelmaestrocmf.com\/portal\/wp-content\/uploads\/2020\/10\/1-133-510x414.jpg 510w, https:\/\/webdelmaestrocmf.com\/portal\/wp-content\/uploads\/2020\/10\/1-133-600x487.jpg 600w, https:\/\/webdelmaestrocmf.com\/portal\/wp-content\/uploads\/2020\/10\/1-133-1100x893.jpg 1100w, https:\/\/webdelmaestrocmf.com\/portal\/wp-content\/uploads\/2020\/10\/1-133-1600x1299.jpg 1600w\" sizes=\"auto, (max-width: 1836px) 100vw, 1836px\" \/><\/p>\n<h5>4. El p\u00e1jaro amarillo<\/h5>\n<p style=\"text-align: justify;\"><strong>P\u00e1jaro Amarillo<\/strong>\u00a0es un cuento sobre el valor de compartir. Nos invita a cuidar el planeta en el que vivimos y a liberar nuestras ideas por el bien com\u00fan.<\/p>\n<p style=\"text-align: justify;\">Con este cuento he intentado trasmitir el valor de compartir. Cuidar y compartir las cosas que valoramos y que considero importantes, como nuestro planeta, nuestro conocimiento, nuestras culturas. Espero que os guste.<\/p>\n<ul>\n<li><a href=\"https:\/\/olgadedios.es\/obra\/pajaro-amarillo\/\" target=\"_blank\" rel=\"noopener noreferrer\">Enlace del libro de descarga libre<\/a><\/li>\n<\/ul>\n<p><img loading=\"lazy\" decoding=\"async\" class=\"alignnone size-full wp-image-53537\" src=\"https:\/\/webdelmaestrocmf.com\/portal\/wp-content\/uploads\/2020\/10\/1-134.jpg\" alt=\"\" width=\"1500\" height=\"1384\" srcset=\"https:\/\/webdelmaestrocmf.com\/portal\/wp-content\/uploads\/2020\/10\/1-134.jpg 1500w, https:\/\/webdelmaestrocmf.com\/portal\/wp-content\/uploads\/2020\/10\/1-134-300x277.jpg 300w, https:\/\/webdelmaestrocmf.com\/portal\/wp-content\/uploads\/2020\/10\/1-134-1024x945.jpg 1024w, https:\/\/webdelmaestrocmf.com\/portal\/wp-content\/uploads\/2020\/10\/1-134-768x709.jpg 768w, https:\/\/webdelmaestrocmf.com\/portal\/wp-content\/uploads\/2020\/10\/1-134-110x101.jpg 110w, https:\/\/webdelmaestrocmf.com\/portal\/wp-content\/uploads\/2020\/10\/1-134-200x185.jpg 200w, https:\/\/webdelmaestrocmf.com\/portal\/wp-content\/uploads\/2020\/10\/1-134-380x351.jpg 380w, https:\/\/webdelmaestrocmf.com\/portal\/wp-content\/uploads\/2020\/10\/1-134-255x235.jpg 255w, https:\/\/webdelmaestrocmf.com\/portal\/wp-content\/uploads\/2020\/10\/1-134-550x507.jpg 550w, https:\/\/webdelmaestrocmf.com\/portal\/wp-content\/uploads\/2020\/10\/1-134-800x738.jpg 800w, https:\/\/webdelmaestrocmf.com\/portal\/wp-content\/uploads\/2020\/10\/1-134-1160x1070.jpg 1160w, https:\/\/webdelmaestrocmf.com\/portal\/wp-content\/uploads\/2020\/10\/1-134-220x203.jpg 220w, https:\/\/webdelmaestrocmf.com\/portal\/wp-content\/uploads\/2020\/10\/1-134-400x369.jpg 400w, https:\/\/webdelmaestrocmf.com\/portal\/wp-content\/uploads\/2020\/10\/1-134-760x701.jpg 760w, https:\/\/webdelmaestrocmf.com\/portal\/wp-content\/uploads\/2020\/10\/1-134-510x471.jpg 510w, https:\/\/webdelmaestrocmf.com\/portal\/wp-content\/uploads\/2020\/10\/1-134-600x554.jpg 600w, https:\/\/webdelmaestrocmf.com\/portal\/wp-content\/uploads\/2020\/10\/1-134-1100x1015.jpg 1100w\" sizes=\"auto, (max-width: 1500px) 100vw, 1500px\" \/><\/p>\n<h5>5. \u00a1A colorear!<\/h5>\n<p style=\"text-align: justify;\">Si te gusta colorear, aqu\u00ed he recopilado todos los coloreables que puedes descargar libremente en esta p\u00e1gina. Podr\u00e1s colorearlos en casa o utilizar en tu aula. <strong>Pincha sobre cada imagen para descargar libremente el pdf con la colecci\u00f3n<\/strong>.<\/p>\n<ul>\n<li><a href=\"https:\/\/olgadedios.es\/obra\/a-colorear\/\" target=\"_blank\" rel=\"noopener noreferrer\">Enlace del libro de descarga libre<\/a><\/li>\n<\/ul>\n<p><img loading=\"lazy\" decoding=\"async\" class=\"alignnone size-full wp-image-53538\" src=\"https:\/\/webdelmaestrocmf.com\/portal\/wp-content\/uploads\/2020\/10\/1-135.jpg\" alt=\"\" width=\"1024\" height=\"512\" srcset=\"https:\/\/webdelmaestrocmf.com\/portal\/wp-content\/uploads\/2020\/10\/1-135.jpg 1024w, https:\/\/webdelmaestrocmf.com\/portal\/wp-content\/uploads\/2020\/10\/1-135-300x150.jpg 300w, https:\/\/webdelmaestrocmf.com\/portal\/wp-content\/uploads\/2020\/10\/1-135-768x384.jpg 768w, https:\/\/webdelmaestrocmf.com\/portal\/wp-content\/uploads\/2020\/10\/1-135-110x55.jpg 110w, https:\/\/webdelmaestrocmf.com\/portal\/wp-content\/uploads\/2020\/10\/1-135-200x100.jpg 200w, https:\/\/webdelmaestrocmf.com\/portal\/wp-content\/uploads\/2020\/10\/1-135-380x190.jpg 380w, https:\/\/webdelmaestrocmf.com\/portal\/wp-content\/uploads\/2020\/10\/1-135-255x128.jpg 255w, https:\/\/webdelmaestrocmf.com\/portal\/wp-content\/uploads\/2020\/10\/1-135-550x275.jpg 550w, https:\/\/webdelmaestrocmf.com\/portal\/wp-content\/uploads\/2020\/10\/1-135-800x400.jpg 800w, https:\/\/webdelmaestrocmf.com\/portal\/wp-content\/uploads\/2020\/10\/1-135-220x110.jpg 220w, https:\/\/webdelmaestrocmf.com\/portal\/wp-content\/uploads\/2020\/10\/1-135-400x200.jpg 400w, https:\/\/webdelmaestrocmf.com\/portal\/wp-content\/uploads\/2020\/10\/1-135-760x380.jpg 760w, https:\/\/webdelmaestrocmf.com\/portal\/wp-content\/uploads\/2020\/10\/1-135-510x255.jpg 510w, https:\/\/webdelmaestrocmf.com\/portal\/wp-content\/uploads\/2020\/10\/1-135-600x300.jpg 600w\" sizes=\"auto, (max-width: 1024px) 100vw, 1024px\" \/><\/p>\n<p style=\"text-align: center;\">Recomendamos a la Comunidad Educativa Digital tener en cuenta que, el enlace y\/o la carpeta en donde est\u00e1n alojados los libros, recursos y\/o materiales, no es administrado por la Web del Maestro CMF, pueda ser que en cuesti\u00f3n de d\u00edas (o seg\u00fan el tiempo transcurrido desde su publicaci\u00f3n), los enlaces no funcionen y el material ya no se encuentre disponible. Gracias por su comprensi\u00f3n.<\/p>\n<h3>ENLACE DE LECTURA:<\/h3>\n<p style=\"text-align: center;\">\u00a1Comparte y as\u00ed m\u00e1s docentes utilizar\u00e1n estos recursos\u00a0gratis! Muchas gracias.<\/p>\n<p style=\"text-align: center;\"><span style=\"color: #000000;\">LECTURA 1: <a style=\"color: #000000;\" href=\"https:\/\/olgadedios.es\/libros\/\" target=\"_blank\" rel=\"noopener noreferrer\">OTROS LIBROS POR DESCARGAR<\/a><\/span><\/p>\n\t\t<div class=\"pk-inline-posts\">\n\t\t\t\n\t\t\t<div class=\"pk-inline-posts-container pk-inline-posts-template-list\"\n\t\t\t\tdata-columns=\"1\">\n\t\t\t\t\t\t<article id=\"post-118051\" class=\"post-118051 post type-post status-publish format-standard has-post-thumbnail category-lectoescritura category-leer category-libros category-pedagogia tag-aula tag-comprension-lectora tag-creatividad tag-dia-del-libro tag-docentes tag-fichas-educativas tag-lectura tag-manualidades tag-material-didactico tag-recursos-educativos cs-entry cs-video-wrap\">\n\t\t\t<div class=\"pk-post-outer\">\n\n\t\t\t\t\t\t\t\t<div class=\"pk-post-inner\">\n\t\t\t\t\t<div class=\"entry-thumbnail\">\n\t\t\t\t\t\t<div class=\"pk-overlay pk-overlay-ratio pk-ratio-landscape\">\n\t\t\t\t\t\t\t<div class=\"pk-overlay-background\">\n\t\t\t\t\t\t\t\t<a href=\"https:\/\/webdelmaestrocmf.com\/portal\/dia-del-libro-23-de-abril-descarga-las-actividades-recursos-fichas-manualidades-y-materiales-motivadores-para-transformar-la-lectura-en-el-aula\/\" class=\"pk-overlay-link\">\n\t\t\t\t\t\t\t\t\t<img loading=\"lazy\" decoding=\"async\" width=\"300\" height=\"225\" src=\"https:\/\/webdelmaestrocmf.com\/portal\/wp-content\/uploads\/2026\/04\/1AA-Banner-1-portada-imagen-10-1-copia-23-300x225.webp\" class=\"attachment-pk-thumbnail size-pk-thumbnail wp-post-image\" alt=\"\" \/>\t\t\t\t\t\t\t\t<\/a>\n\t\t\t\t\t\t\t<\/div>\n\t\t\t\t\t\t<\/div>\n\t\t\t\t\t<\/div>\n\t\t\t\t<\/div>\n\t\t\t\t\n\t\t\t\t<div class=\"pk-post-inner\">\n\t\t\t\t\t<header>\n\t\t\t\t\t\t<h3 class=\"pk-title\"><a href=\"https:\/\/webdelmaestrocmf.com\/portal\/dia-del-libro-23-de-abril-descarga-las-actividades-recursos-fichas-manualidades-y-materiales-motivadores-para-transformar-la-lectura-en-el-aula\/\" rel=\"bookmark\">D\u00eda del Libro (23 de abril): Descarga las actividades, recursos, fichas, manualidades, materiales y pulseras motivadores para transformar la lectura en el aula<\/a><\/h3>\t\t\t\t\t<\/header><!-- .entry-header -->\n\t\t\t\t<\/div><!-- .post-inner -->\n\n\t\t\t<\/div><!-- .post-outer -->\n\t\t<\/article>\n\t\t\t\t<\/div>\n\t\t<\/div>\n\t\t\n","protected":false},"excerpt":{"rendered":"La arquitecta e ilustradora Olga de Dios, naci\u00f3 en San Sebasti\u00e1n, Guip\u00fazcoa pero actualmente reside en el madrile\u00f1o&hellip;","protected":false},"author":1,"featured_media":53540,"comment_status":"open","ping_status":"closed","sticky":false,"template":"","format":"standard","meta":{"csco_display_header_overlay":false,"csco_singular_sidebar":"default","csco_page_header_type":"default","csco_page_load_nextpost":"default","csco_post_video_location":[],"csco_post_video_location_hash":"","csco_post_video_url":"","csco_post_video_bg_start_time":0,"csco_post_video_bg_end_time":0,"csco_post_video_bg_volume":false,"_jetpack_memberships_contains_paid_content":false,"footnotes":""},"categories":[504,735],"tags":[3822,5913,1730,2806,628,629],"class_list":{"0":"post-53533","1":"post","2":"type-post","3":"status-publish","4":"format-standard","5":"has-post-thumbnail","7":"category-libros","8":"category-pedagogia","9":"tag-colorear","10":"tag-fantasticos","11":"tag-gratuitos","12":"tag-infantiles","13":"tag-leer","14":"tag-libros","15":"cs-entry","16":"cs-video-wrap"},"yoast_head":"<!-- This site is optimized with the Yoast SEO plugin v27.5 - https:\/\/yoast.com\/product\/yoast-seo-wordpress\/ -->\n<title>5 fant\u00e1sticos libros infantiles gratuitos para leer y colorear - 2026<\/title>\n<meta name=\"description\" content=\"La arquitecta e ilustradora Olga de Dios, naci\u00f3 en San Sebasti\u00e1n, Guip\u00fazcoa pero actualmente reside en el madrile\u00f1o barrio...\" \/>\n<meta name=\"robots\" content=\"index, follow, max-snippet:-1, max-image-preview:large, max-video-preview:-1\" \/>\n<link rel=\"canonical\" href=\"https:\/\/webdelmaestrocmf.com\/portal\/5-fantasticos-libros-infantiles-gratuitos-para-leer-y-colorear\/\" \/>\n<meta property=\"og:locale\" content=\"es_ES\" \/>\n<meta property=\"og:type\" content=\"article\" \/>\n<meta property=\"og:title\" content=\"5 fant\u00e1sticos libros infantiles gratuitos para leer y colorear - 2026\" \/>\n<meta property=\"og:description\" content=\"La arquitecta e ilustradora Olga de Dios, naci\u00f3 en San Sebasti\u00e1n, Guip\u00fazcoa pero actualmente reside en el madrile\u00f1o barrio...\" \/>\n<meta property=\"og:url\" content=\"https:\/\/webdelmaestrocmf.com\/portal\/5-fantasticos-libros-infantiles-gratuitos-para-leer-y-colorear\/\" \/>\n<meta property=\"og:site_name\" content=\"Web del Maestro CMF\" \/>\n<meta property=\"article:publisher\" content=\"https:\/\/www.facebook.com\/WebdelMaestroCMF\/\" \/>\n<meta property=\"article:author\" content=\"https:\/\/www.facebook.com\/WebdelMaestroCMF\/\" \/>\n<meta property=\"article:published_time\" content=\"2020-10-27T22:45:01+00:00\" \/>\n<meta property=\"article:modified_time\" content=\"2022-10-29T13:32:09+00:00\" \/>\n<meta property=\"og:image\" content=\"https:\/\/i0.wp.com\/webdelmaestrocmf.com\/portal\/wp-content\/uploads\/2020\/10\/1-11.jpeg?fit=1100%2C680&ssl=1\" \/>\n\t<meta property=\"og:image:width\" content=\"1100\" \/>\n\t<meta property=\"og:image:height\" content=\"680\" \/>\n\t<meta property=\"og:image:type\" content=\"image\/jpeg\" \/>\n<meta name=\"author\" content=\"Web del Maestro CMF\" \/>\n<meta name=\"twitter:card\" content=\"summary_large_image\" \/>\n<meta name=\"twitter:creator\" content=\"@cmf_w\" \/>\n<meta name=\"twitter:site\" content=\"@cmf_w\" \/>\n<script type=\"application\/ld+json\" class=\"yoast-schema-graph\">{\"@context\":\"https:\\\/\\\/schema.org\",\"@graph\":[{\"@type\":\"ScholarlyArticle\",\"@id\":\"https:\\\/\\\/webdelmaestrocmf.com\\\/portal\\\/5-fantasticos-libros-infantiles-gratuitos-para-leer-y-colorear\\\/#article\",\"isPartOf\":{\"@id\":\"https:\\\/\\\/webdelmaestrocmf.com\\\/portal\\\/5-fantasticos-libros-infantiles-gratuitos-para-leer-y-colorear\\\/\"},\"author\":{\"name\":\"Web del Maestro CMF\",\"@id\":\"https:\\\/\\\/webdelmaestrocmf.com\\\/portal\\\/#\\\/schema\\\/person\\\/1072a2ed7bd960df8ef99a551fa35dc5\"},\"headline\":\"5 fant\u00e1sticos libros infantiles gratuitos para leer y colorear\",\"datePublished\":\"2020-10-27T22:45:01+00:00\",\"dateModified\":\"2022-10-29T13:32:09+00:00\",\"mainEntityOfPage\":{\"@id\":\"https:\\\/\\\/webdelmaestrocmf.com\\\/portal\\\/5-fantasticos-libros-infantiles-gratuitos-para-leer-y-colorear\\\/\"},\"wordCount\":701,\"commentCount\":0,\"publisher\":{\"@id\":\"https:\\\/\\\/webdelmaestrocmf.com\\\/portal\\\/#organization\"},\"image\":{\"@id\":\"https:\\\/\\\/webdelmaestrocmf.com\\\/portal\\\/5-fantasticos-libros-infantiles-gratuitos-para-leer-y-colorear\\\/#primaryimage\"},\"thumbnailUrl\":\"https:\\\/\\\/webdelmaestrocmf.com\\\/portal\\\/wp-content\\\/uploads\\\/2020\\\/10\\\/1-11.jpeg\",\"keywords\":[\"colorear\",\"fant\u00e1sticos\",\"GRATUITOS\",\"INFANTILES\",\"LEER\",\"Libros\"],\"articleSection\":[\"Libros\",\"Recursos\"],\"inLanguage\":\"es\",\"potentialAction\":[{\"@type\":\"CommentAction\",\"name\":\"Comment\",\"target\":[\"https:\\\/\\\/webdelmaestrocmf.com\\\/portal\\\/5-fantasticos-libros-infantiles-gratuitos-para-leer-y-colorear\\\/#respond\"]}]},{\"@type\":\"WebPage\",\"@id\":\"https:\\\/\\\/webdelmaestrocmf.com\\\/portal\\\/5-fantasticos-libros-infantiles-gratuitos-para-leer-y-colorear\\\/\",\"url\":\"https:\\\/\\\/webdelmaestrocmf.com\\\/portal\\\/5-fantasticos-libros-infantiles-gratuitos-para-leer-y-colorear\\\/\",\"name\":\"5 fant\u00e1sticos libros infantiles gratuitos para leer y colorear - 2026\",\"isPartOf\":{\"@id\":\"https:\\\/\\\/webdelmaestrocmf.com\\\/portal\\\/#website\"},\"primaryImageOfPage\":{\"@id\":\"https:\\\/\\\/webdelmaestrocmf.com\\\/portal\\\/5-fantasticos-libros-infantiles-gratuitos-para-leer-y-colorear\\\/#primaryimage\"},\"image\":{\"@id\":\"https:\\\/\\\/webdelmaestrocmf.com\\\/portal\\\/5-fantasticos-libros-infantiles-gratuitos-para-leer-y-colorear\\\/#primaryimage\"},\"thumbnailUrl\":\"https:\\\/\\\/webdelmaestrocmf.com\\\/portal\\\/wp-content\\\/uploads\\\/2020\\\/10\\\/1-11.jpeg\",\"datePublished\":\"2020-10-27T22:45:01+00:00\",\"dateModified\":\"2022-10-29T13:32:09+00:00\",\"description\":\"La arquitecta e ilustradora Olga de Dios, naci\u00f3 en San Sebasti\u00e1n, Guip\u00fazcoa pero actualmente reside en el madrile\u00f1o barrio...\",\"breadcrumb\":{\"@id\":\"https:\\\/\\\/webdelmaestrocmf.com\\\/portal\\\/5-fantasticos-libros-infantiles-gratuitos-para-leer-y-colorear\\\/#breadcrumb\"},\"inLanguage\":\"es\",\"potentialAction\":[{\"@type\":\"ReadAction\",\"target\":[\"https:\\\/\\\/webdelmaestrocmf.com\\\/portal\\\/5-fantasticos-libros-infantiles-gratuitos-para-leer-y-colorear\\\/\"]}]},{\"@type\":\"ImageObject\",\"inLanguage\":\"es\",\"@id\":\"https:\\\/\\\/webdelmaestrocmf.com\\\/portal\\\/5-fantasticos-libros-infantiles-gratuitos-para-leer-y-colorear\\\/#primaryimage\",\"url\":\"https:\\\/\\\/webdelmaestrocmf.com\\\/portal\\\/wp-content\\\/uploads\\\/2020\\\/10\\\/1-11.jpeg\",\"contentUrl\":\"https:\\\/\\\/webdelmaestrocmf.com\\\/portal\\\/wp-content\\\/uploads\\\/2020\\\/10\\\/1-11.jpeg\",\"width\":1100,\"height\":680},{\"@type\":\"BreadcrumbList\",\"@id\":\"https:\\\/\\\/webdelmaestrocmf.com\\\/portal\\\/5-fantasticos-libros-infantiles-gratuitos-para-leer-y-colorear\\\/#breadcrumb\",\"itemListElement\":[{\"@type\":\"ListItem\",\"position\":1,\"name\":\"Portada\",\"item\":\"https:\\\/\\\/webdelmaestrocmf.com\\\/portal\\\/\"},{\"@type\":\"ListItem\",\"position\":2,\"name\":\"Recursos\",\"item\":\"https:\\\/\\\/webdelmaestrocmf.com\\\/portal\\\/category\\\/pedagogia\\\/\"},{\"@type\":\"ListItem\",\"position\":3,\"name\":\"5 fant\u00e1sticos libros infantiles gratuitos para leer y colorear\"}]},{\"@type\":\"WebSite\",\"@id\":\"https:\\\/\\\/webdelmaestrocmf.com\\\/portal\\\/#website\",\"url\":\"https:\\\/\\\/webdelmaestrocmf.com\\\/portal\\\/\",\"name\":\"Web del Maestro CMF\",\"description\":\"Maestros al servicio de la educaci\u00f3n\",\"publisher\":{\"@id\":\"https:\\\/\\\/webdelmaestrocmf.com\\\/portal\\\/#organization\"},\"alternateName\":\"WMCMF\",\"potentialAction\":[{\"@type\":\"SearchAction\",\"target\":{\"@type\":\"EntryPoint\",\"urlTemplate\":\"https:\\\/\\\/webdelmaestrocmf.com\\\/portal\\\/?s={search_term_string}\"},\"query-input\":{\"@type\":\"PropertyValueSpecification\",\"valueRequired\":true,\"valueName\":\"search_term_string\"}}],\"inLanguage\":\"es\"},{\"@type\":\"Organization\",\"@id\":\"https:\\\/\\\/webdelmaestrocmf.com\\\/portal\\\/#organization\",\"name\":\"Web del Maestro CMF\",\"alternateName\":\"WMCMF\",\"url\":\"https:\\\/\\\/webdelmaestrocmf.com\\\/portal\\\/\",\"logo\":{\"@type\":\"ImageObject\",\"inLanguage\":\"es\",\"@id\":\"https:\\\/\\\/webdelmaestrocmf.com\\\/portal\\\/#\\\/schema\\\/logo\\\/image\\\/\",\"url\":\"https:\\\/\\\/webdelmaestrocmf.com\\\/portal\\\/wp-content\\\/uploads\\\/2023\\\/01\\\/logo-wmcmf-2.png\",\"contentUrl\":\"https:\\\/\\\/webdelmaestrocmf.com\\\/portal\\\/wp-content\\\/uploads\\\/2023\\\/01\\\/logo-wmcmf-2.png\",\"width\":200,\"height\":60,\"caption\":\"Web del Maestro CMF\"},\"image\":{\"@id\":\"https:\\\/\\\/webdelmaestrocmf.com\\\/portal\\\/#\\\/schema\\\/logo\\\/image\\\/\"},\"sameAs\":[\"https:\\\/\\\/www.facebook.com\\\/WebdelMaestroCMF\\\/\",\"https:\\\/\\\/x.com\\\/cmf_w\",\"https:\\\/\\\/www.pinterest.com\\\/WMCMF\\\/\",\"https:\\\/\\\/www.linkedin.com\\\/company\\\/web-del-maestro-cmf\\\/\",\"https:\\\/\\\/www.instagram.com\\\/wmcmf\\\/\",\"https:\\\/\\\/www.youtube.com\\\/channel\\\/UCDPSvjbdodE5sHnC3OxutHw\",\"https:\\\/\\\/mastodon.social\\\/@wmcmf\",\"https:\\\/\\\/www.tiktok.com\\\/@webdelmaestrocmf\"]},{\"@type\":\"Person\",\"@id\":\"https:\\\/\\\/webdelmaestrocmf.com\\\/portal\\\/#\\\/schema\\\/person\\\/1072a2ed7bd960df8ef99a551fa35dc5\",\"name\":\"Web del Maestro CMF\",\"image\":{\"@type\":\"ImageObject\",\"inLanguage\":\"es\",\"@id\":\"https:\\\/\\\/secure.gravatar.com\\\/avatar\\\/23291dd5b5ae1077dcff3dbb04c3e02bd28403fa75af6d8787d5e97c5bbbe30b?s=96&d=mm&r=g\",\"url\":\"https:\\\/\\\/secure.gravatar.com\\\/avatar\\\/23291dd5b5ae1077dcff3dbb04c3e02bd28403fa75af6d8787d5e97c5bbbe30b?s=96&d=mm&r=g\",\"contentUrl\":\"https:\\\/\\\/secure.gravatar.com\\\/avatar\\\/23291dd5b5ae1077dcff3dbb04c3e02bd28403fa75af6d8787d5e97c5bbbe30b?s=96&d=mm&r=g\",\"caption\":\"Web del Maestro CMF\"},\"description\":\"Esta Web se cre\u00f3 sin fines de lucro, con fines educativos, cient\u00edficos y acad\u00e9micos, para personas que tengan dificultades y\\\/o inconvenientes en visualizar el material original. El objetivo es entregar recursos, compartir experiencias y materiales que ayuden a los padres de familia, maestros y estudiantes en su actualizaci\u00f3n y formaci\u00f3n permanente, en bien de la Educaci\u00f3n.\",\"sameAs\":[\"http:\\\/\\\/webdelmaestrocmf.com\\\/portal\",\"https:\\\/\\\/www.facebook.com\\\/WebdelMaestroCMF\\\/\",\"https:\\\/\\\/www.instagram.com\\\/wmcmf\\\/\",\"https:\\\/\\\/cl.linkedin.com\\\/company\\\/web-del-maestro-cmf\",\"https:\\\/\\\/www.pinterest.com\\\/WMCMF\\\/publicaciones\\\/\",\"https:\\\/\\\/x.com\\\/cmf_w\",\"https:\\\/\\\/www.youtube.com\\\/@WMCMF\"]}]}<\/script>\n<!-- \/ Yoast SEO plugin. -->","yoast_head_json":{"title":"5 fant\u00e1sticos libros infantiles gratuitos para leer y colorear - 2026","description":"La arquitecta e ilustradora Olga de Dios, naci\u00f3 en San Sebasti\u00e1n, Guip\u00fazcoa pero actualmente reside en el madrile\u00f1o barrio...","robots":{"index":"index","follow":"follow","max-snippet":"max-snippet:-1","max-image-preview":"max-image-preview:large","max-video-preview":"max-video-preview:-1"},"canonical":"https:\/\/webdelmaestrocmf.com\/portal\/5-fantasticos-libros-infantiles-gratuitos-para-leer-y-colorear\/","og_locale":"es_ES","og_type":"article","og_title":"5 fant\u00e1sticos libros infantiles gratuitos para leer y colorear - 2026","og_description":"La arquitecta e ilustradora Olga de Dios, naci\u00f3 en San Sebasti\u00e1n, Guip\u00fazcoa pero actualmente reside en el madrile\u00f1o barrio...","og_url":"https:\/\/webdelmaestrocmf.com\/portal\/5-fantasticos-libros-infantiles-gratuitos-para-leer-y-colorear\/","og_site_name":"Web del Maestro CMF","article_publisher":"https:\/\/www.facebook.com\/WebdelMaestroCMF\/","article_author":"https:\/\/www.facebook.com\/WebdelMaestroCMF\/","article_published_time":"2020-10-27T22:45:01+00:00","article_modified_time":"2022-10-29T13:32:09+00:00","og_image":[{"width":1100,"height":680,"url":"https:\/\/i0.wp.com\/webdelmaestrocmf.com\/portal\/wp-content\/uploads\/2020\/10\/1-11.jpeg?fit=1100%2C680&ssl=1","type":"image\/jpeg"}],"author":"Web del Maestro CMF","twitter_card":"summary_large_image","twitter_creator":"@cmf_w","twitter_site":"@cmf_w","schema":{"@context":"https:\/\/schema.org","@graph":[{"@type":"ScholarlyArticle","@id":"https:\/\/webdelmaestrocmf.com\/portal\/5-fantasticos-libros-infantiles-gratuitos-para-leer-y-colorear\/#article","isPartOf":{"@id":"https:\/\/webdelmaestrocmf.com\/portal\/5-fantasticos-libros-infantiles-gratuitos-para-leer-y-colorear\/"},"author":{"name":"Web del Maestro CMF","@id":"https:\/\/webdelmaestrocmf.com\/portal\/#\/schema\/person\/1072a2ed7bd960df8ef99a551fa35dc5"},"headline":"5 fant\u00e1sticos libros infantiles gratuitos para leer y colorear","datePublished":"2020-10-27T22:45:01+00:00","dateModified":"2022-10-29T13:32:09+00:00","mainEntityOfPage":{"@id":"https:\/\/webdelmaestrocmf.com\/portal\/5-fantasticos-libros-infantiles-gratuitos-para-leer-y-colorear\/"},"wordCount":701,"commentCount":0,"publisher":{"@id":"https:\/\/webdelmaestrocmf.com\/portal\/#organization"},"image":{"@id":"https:\/\/webdelmaestrocmf.com\/portal\/5-fantasticos-libros-infantiles-gratuitos-para-leer-y-colorear\/#primaryimage"},"thumbnailUrl":"https:\/\/webdelmaestrocmf.com\/portal\/wp-content\/uploads\/2020\/10\/1-11.jpeg","keywords":["colorear","fant\u00e1sticos","GRATUITOS","INFANTILES","LEER","Libros"],"articleSection":["Libros","Recursos"],"inLanguage":"es","potentialAction":[{"@type":"CommentAction","name":"Comment","target":["https:\/\/webdelmaestrocmf.com\/portal\/5-fantasticos-libros-infantiles-gratuitos-para-leer-y-colorear\/#respond"]}]},{"@type":"WebPage","@id":"https:\/\/webdelmaestrocmf.com\/portal\/5-fantasticos-libros-infantiles-gratuitos-para-leer-y-colorear\/","url":"https:\/\/webdelmaestrocmf.com\/portal\/5-fantasticos-libros-infantiles-gratuitos-para-leer-y-colorear\/","name":"5 fant\u00e1sticos libros infantiles gratuitos para leer y colorear - 2026","isPartOf":{"@id":"https:\/\/webdelmaestrocmf.com\/portal\/#website"},"primaryImageOfPage":{"@id":"https:\/\/webdelmaestrocmf.com\/portal\/5-fantasticos-libros-infantiles-gratuitos-para-leer-y-colorear\/#primaryimage"},"image":{"@id":"https:\/\/webdelmaestrocmf.com\/portal\/5-fantasticos-libros-infantiles-gratuitos-para-leer-y-colorear\/#primaryimage"},"thumbnailUrl":"https:\/\/webdelmaestrocmf.com\/portal\/wp-content\/uploads\/2020\/10\/1-11.jpeg","datePublished":"2020-10-27T22:45:01+00:00","dateModified":"2022-10-29T13:32:09+00:00","description":"La arquitecta e ilustradora Olga de Dios, naci\u00f3 en San Sebasti\u00e1n, Guip\u00fazcoa pero actualmente reside en el madrile\u00f1o barrio...","breadcrumb":{"@id":"https:\/\/webdelmaestrocmf.com\/portal\/5-fantasticos-libros-infantiles-gratuitos-para-leer-y-colorear\/#breadcrumb"},"inLanguage":"es","potentialAction":[{"@type":"ReadAction","target":["https:\/\/webdelmaestrocmf.com\/portal\/5-fantasticos-libros-infantiles-gratuitos-para-leer-y-colorear\/"]}]},{"@type":"ImageObject","inLanguage":"es","@id":"https:\/\/webdelmaestrocmf.com\/portal\/5-fantasticos-libros-infantiles-gratuitos-para-leer-y-colorear\/#primaryimage","url":"https:\/\/webdelmaestrocmf.com\/portal\/wp-content\/uploads\/2020\/10\/1-11.jpeg","contentUrl":"https:\/\/webdelmaestrocmf.com\/portal\/wp-content\/uploads\/2020\/10\/1-11.jpeg","width":1100,"height":680},{"@type":"BreadcrumbList","@id":"https:\/\/webdelmaestrocmf.com\/portal\/5-fantasticos-libros-infantiles-gratuitos-para-leer-y-colorear\/#breadcrumb","itemListElement":[{"@type":"ListItem","position":1,"name":"Portada","item":"https:\/\/webdelmaestrocmf.com\/portal\/"},{"@type":"ListItem","position":2,"name":"Recursos","item":"https:\/\/webdelmaestrocmf.com\/portal\/category\/pedagogia\/"},{"@type":"ListItem","position":3,"name":"5 fant\u00e1sticos libros infantiles gratuitos para leer y colorear"}]},{"@type":"WebSite","@id":"https:\/\/webdelmaestrocmf.com\/portal\/#website","url":"https:\/\/webdelmaestrocmf.com\/portal\/","name":"Web del Maestro CMF","description":"Maestros al servicio de la educaci\u00f3n","publisher":{"@id":"https:\/\/webdelmaestrocmf.com\/portal\/#organization"},"alternateName":"WMCMF","potentialAction":[{"@type":"SearchAction","target":{"@type":"EntryPoint","urlTemplate":"https:\/\/webdelmaestrocmf.com\/portal\/?s={search_term_string}"},"query-input":{"@type":"PropertyValueSpecification","valueRequired":true,"valueName":"search_term_string"}}],"inLanguage":"es"},{"@type":"Organization","@id":"https:\/\/webdelmaestrocmf.com\/portal\/#organization","name":"Web del Maestro CMF","alternateName":"WMCMF","url":"https:\/\/webdelmaestrocmf.com\/portal\/","logo":{"@type":"ImageObject","inLanguage":"es","@id":"https:\/\/webdelmaestrocmf.com\/portal\/#\/schema\/logo\/image\/","url":"https:\/\/webdelmaestrocmf.com\/portal\/wp-content\/uploads\/2023\/01\/logo-wmcmf-2.png","contentUrl":"https:\/\/webdelmaestrocmf.com\/portal\/wp-content\/uploads\/2023\/01\/logo-wmcmf-2.png","width":200,"height":60,"caption":"Web del Maestro CMF"},"image":{"@id":"https:\/\/webdelmaestrocmf.com\/portal\/#\/schema\/logo\/image\/"},"sameAs":["https:\/\/www.facebook.com\/WebdelMaestroCMF\/","https:\/\/x.com\/cmf_w","https:\/\/www.pinterest.com\/WMCMF\/","https:\/\/www.linkedin.com\/company\/web-del-maestro-cmf\/","https:\/\/www.instagram.com\/wmcmf\/","https:\/\/www.youtube.com\/channel\/UCDPSvjbdodE5sHnC3OxutHw","https:\/\/mastodon.social\/@wmcmf","https:\/\/www.tiktok.com\/@webdelmaestrocmf"]},{"@type":"Person","@id":"https:\/\/webdelmaestrocmf.com\/portal\/#\/schema\/person\/1072a2ed7bd960df8ef99a551fa35dc5","name":"Web del Maestro CMF","image":{"@type":"ImageObject","inLanguage":"es","@id":"https:\/\/secure.gravatar.com\/avatar\/23291dd5b5ae1077dcff3dbb04c3e02bd28403fa75af6d8787d5e97c5bbbe30b?s=96&d=mm&r=g","url":"https:\/\/secure.gravatar.com\/avatar\/23291dd5b5ae1077dcff3dbb04c3e02bd28403fa75af6d8787d5e97c5bbbe30b?s=96&d=mm&r=g","contentUrl":"https:\/\/secure.gravatar.com\/avatar\/23291dd5b5ae1077dcff3dbb04c3e02bd28403fa75af6d8787d5e97c5bbbe30b?s=96&d=mm&r=g","caption":"Web del Maestro CMF"},"description":"Esta Web se cre\u00f3 sin fines de lucro, con fines educativos, cient\u00edficos y acad\u00e9micos, para personas que tengan dificultades y\/o inconvenientes en visualizar el material original. El objetivo es entregar recursos, compartir experiencias y materiales que ayuden a los padres de familia, maestros y estudiantes en su actualizaci\u00f3n y formaci\u00f3n permanente, en bien de la Educaci\u00f3n.","sameAs":["http:\/\/webdelmaestrocmf.com\/portal","https:\/\/www.facebook.com\/WebdelMaestroCMF\/","https:\/\/www.instagram.com\/wmcmf\/","https:\/\/cl.linkedin.com\/company\/web-del-maestro-cmf","https:\/\/www.pinterest.com\/WMCMF\/publicaciones\/","https:\/\/x.com\/cmf_w","https:\/\/www.youtube.com\/@WMCMF"]}]}},"jetpack_featured_media_url":"https:\/\/webdelmaestrocmf.com\/portal\/wp-content\/uploads\/2020\/10\/1-11.jpeg","jetpack_sharing_enabled":true,"jetpack-related-posts":[{"id":114869,"url":"https:\/\/webdelmaestrocmf.com\/portal\/bill-gates-y-una-advertencia-incomoda-por-que-el-celular-esta-desplazando-al-juego-en-la-infancia\/","url_meta":{"origin":53533,"position":0},"title":"Bill Gates y una advertencia inc\u00f3moda: por qu\u00e9 el celular est\u00e1 desplazando al juego en la infancia","author":"Web del Maestro CMF","date":"19 enero, 2026","format":false,"excerpt":"Gates sostiene que entregar tel\u00e9fonos a los ni\u00f1os demasiado pronto les roba algo irrecuperable: creatividad, capacidad de concentraci\u00f3n, v\u00ednculos reales y aprendizaje profundo.","rel":"","context":"En \u00abNoticias Internacionales\u00bb","block_context":{"text":"Noticias Internacionales","link":"https:\/\/webdelmaestrocmf.com\/portal\/category\/noticias-internacionales\/"},"img":{"alt_text":"","src":"https:\/\/i0.wp.com\/webdelmaestrocmf.com\/portal\/wp-content\/uploads\/2026\/01\/1A-Banner-1-portada-imagen-10-1-copia-17.webp?resize=350%2C200&ssl=1","width":350,"height":200,"srcset":"https:\/\/i0.wp.com\/webdelmaestrocmf.com\/portal\/wp-content\/uploads\/2026\/01\/1A-Banner-1-portada-imagen-10-1-copia-17.webp?resize=350%2C200&ssl=1 1x, https:\/\/i0.wp.com\/webdelmaestrocmf.com\/portal\/wp-content\/uploads\/2026\/01\/1A-Banner-1-portada-imagen-10-1-copia-17.webp?resize=525%2C300&ssl=1 1.5x, https:\/\/i0.wp.com\/webdelmaestrocmf.com\/portal\/wp-content\/uploads\/2026\/01\/1A-Banner-1-portada-imagen-10-1-copia-17.webp?resize=700%2C400&ssl=1 2x"},"classes":[]},{"id":13102,"url":"https:\/\/webdelmaestrocmf.com\/portal\/massimo-recalcati-los-padres-sindicalistas-propios-hijos\/","url_meta":{"origin":53533,"position":1},"title":"Massimo Recalcati: Los padres se han convertido en sindicalistas de sus propios hijos","author":"Web del Maestro CMF","date":"13 julio, 2025","format":false,"excerpt":"Massimo Recalcati advierte que la escuela sufre una profunda crisis de autoridad","rel":"","context":"En \u00abEntrevistas\u00bb","block_context":{"text":"Entrevistas","link":"https:\/\/webdelmaestrocmf.com\/portal\/category\/noticias\/entrevistas\/"},"img":{"alt_text":"","src":"https:\/\/i0.wp.com\/webdelmaestrocmf.com\/portal\/wp-content\/uploads\/2017\/01\/1A-Banner-1-portada-imagen-10-1-copia-1.webp?resize=350%2C200&ssl=1","width":350,"height":200,"srcset":"https:\/\/i0.wp.com\/webdelmaestrocmf.com\/portal\/wp-content\/uploads\/2017\/01\/1A-Banner-1-portada-imagen-10-1-copia-1.webp?resize=350%2C200&ssl=1 1x, https:\/\/i0.wp.com\/webdelmaestrocmf.com\/portal\/wp-content\/uploads\/2017\/01\/1A-Banner-1-portada-imagen-10-1-copia-1.webp?resize=525%2C300&ssl=1 1.5x, https:\/\/i0.wp.com\/webdelmaestrocmf.com\/portal\/wp-content\/uploads\/2017\/01\/1A-Banner-1-portada-imagen-10-1-copia-1.webp?resize=700%2C400&ssl=1 2x"},"classes":[]},{"id":14459,"url":"https:\/\/webdelmaestrocmf.com\/portal\/flor-carrozza-nazhira-presenta-libro-bebes-entornos-cotidianos\/","url_meta":{"origin":53533,"position":2},"title":"[Flor Carrozza] Nazhira presenta el libro \u201cBeb\u00e9s en sus entornos cotidianos\u201d","author":"Web del Maestro CMF","date":"9 febrero, 2017","format":false,"excerpt":"Editorial Nazhira\u00a0Primera Infancia, presenta para las mam\u00e1s, los pap\u00e1s y los adultos responsables de la crianza, as\u00ed como para el gran desaf\u00edo de ser docente de maternal, \u201cBeb\u00e9s en sus entornos cotidianos\u201d\u00a0de\u00a0Luc\u00eda Moreau de Linares,\u00a0un libro para conocer c\u00f3mo aprenden los ni\u00f1os desde que nacen, cu\u00e1les son sus necesidades y\u2026","rel":"","context":"En \u00abZ-Colaboradores\u00bb","block_context":{"text":"Z-Colaboradores","link":"https:\/\/webdelmaestrocmf.com\/portal\/category\/colaborador\/"},"img":{"alt_text":"","src":"https:\/\/i0.wp.com\/webdelmaestrocmf.com\/portal\/wp-content\/uploads\/2017\/02\/A12B3C4D-28.jpg?resize=350%2C200&ssl=1","width":350,"height":200,"srcset":"https:\/\/i0.wp.com\/webdelmaestrocmf.com\/portal\/wp-content\/uploads\/2017\/02\/A12B3C4D-28.jpg?resize=350%2C200&ssl=1 1x, https:\/\/i0.wp.com\/webdelmaestrocmf.com\/portal\/wp-content\/uploads\/2017\/02\/A12B3C4D-28.jpg?resize=525%2C300&ssl=1 1.5x, https:\/\/i0.wp.com\/webdelmaestrocmf.com\/portal\/wp-content\/uploads\/2017\/02\/A12B3C4D-28.jpg?resize=700%2C400&ssl=1 2x"},"classes":[]},{"id":46537,"url":"https:\/\/webdelmaestrocmf.com\/portal\/psicologia-y-educacion-40-libros-ensayos-tesis-y-articulos-gratuitos\/","url_meta":{"origin":53533,"position":3},"title":"Psicolog\u00eda y Educaci\u00f3n: 40 libros, ensayos, tesis y art\u00edculos (gratuitos)","author":"Web del Maestro CMF","date":"18 abril, 2020","format":false,"excerpt":"Una de las variables m\u00e1s importante en la educaci\u00f3n, entendida como la formaci\u00f3n destinada a desarrollar la capacidad intelectual, moral y afectiva de las personas dentro de un determinado ambiente cultural y social, involucra el aspecto psicol\u00f3gico, en cuanto explica la constituci\u00f3n subjetiva del ser humano que aprende, y permite,\u2026","rel":"","context":"En \u00abYo opino - WMCMF\u00bb","block_context":{"text":"Yo opino - WMCMF","link":"https:\/\/webdelmaestrocmf.com\/portal\/category\/jamb\/"},"img":{"alt_text":"","src":"https:\/\/i0.wp.com\/webdelmaestrocmf.com\/portal\/wp-content\/uploads\/2020\/04\/3-84.jpg?resize=350%2C200&ssl=1","width":350,"height":200,"srcset":"https:\/\/i0.wp.com\/webdelmaestrocmf.com\/portal\/wp-content\/uploads\/2020\/04\/3-84.jpg?resize=350%2C200&ssl=1 1x, https:\/\/i0.wp.com\/webdelmaestrocmf.com\/portal\/wp-content\/uploads\/2020\/04\/3-84.jpg?resize=525%2C300&ssl=1 1.5x, https:\/\/i0.wp.com\/webdelmaestrocmf.com\/portal\/wp-content\/uploads\/2020\/04\/3-84.jpg?resize=700%2C400&ssl=1 2x, https:\/\/i0.wp.com\/webdelmaestrocmf.com\/portal\/wp-content\/uploads\/2020\/04\/3-84.jpg?resize=1050%2C600&ssl=1 3x"},"classes":[]},{"id":40913,"url":"https:\/\/webdelmaestrocmf.com\/portal\/liliana-gonzalez-necesitamos-docentes-que-rompan-filas-en-el-aula\/","url_meta":{"origin":53533,"position":4},"title":"Liliana Gonz\u00e1lez: Necesitamos docentes que rompan filas en el aula","author":"Web del Maestro CMF","date":"24 septiembre, 2019","format":false,"excerpt":"Liliana Gonz\u00e1lez naci\u00f3 en Cordoba (Argentina) donde vive hasta la actualidad. Durante 30 a\u00f1os se dedic\u00f3 a atender consultas, escribir y disertar para padres y docentes. Es Profesora y licenciada en psicopedagog\u00eda, egresada del instituto Superior Dr Domingo Cabred y de la Universidad de R\u00edo Cuarto. Especialista en cl\u00ednica de\u2026","rel":"","context":"En \u00abEntrevistas\u00bb","block_context":{"text":"Entrevistas","link":"https:\/\/webdelmaestrocmf.com\/portal\/category\/noticias\/entrevistas\/"},"img":{"alt_text":"","src":"https:\/\/i0.wp.com\/webdelmaestrocmf.com\/portal\/wp-content\/uploads\/2019\/09\/2-19.jpg?resize=350%2C200&ssl=1","width":350,"height":200,"srcset":"https:\/\/i0.wp.com\/webdelmaestrocmf.com\/portal\/wp-content\/uploads\/2019\/09\/2-19.jpg?resize=350%2C200&ssl=1 1x, https:\/\/i0.wp.com\/webdelmaestrocmf.com\/portal\/wp-content\/uploads\/2019\/09\/2-19.jpg?resize=525%2C300&ssl=1 1.5x, https:\/\/i0.wp.com\/webdelmaestrocmf.com\/portal\/wp-content\/uploads\/2019\/09\/2-19.jpg?resize=700%2C400&ssl=1 2x, https:\/\/i0.wp.com\/webdelmaestrocmf.com\/portal\/wp-content\/uploads\/2019\/09\/2-19.jpg?resize=1050%2C600&ssl=1 3x"},"classes":[]},{"id":22137,"url":"https:\/\/webdelmaestrocmf.com\/portal\/los-estudiantes-saben-toda-la-informacion-no-esta-docente-tambien-esta-google\/","url_meta":{"origin":53533,"position":5},"title":"Los estudiantes saben que toda la informaci\u00f3n no est\u00e1 en el docente, tambi\u00e9n est\u00e1 en google","author":"Web del Maestro CMF","date":"16 septiembre, 2017","format":false,"excerpt":"El tono de su hablar, tan t\u00edpico de los cordobeses argentinos y el uso de un lenguaje tan cercano, familiar y agradable, son un \u201cplus\u201d para la Licenciada en Psicopedagog\u00eda Liliana Gonz\u00e1lez, egresada del Instituto Superior del Profesorado de Psicopedagog\u00eda y Educaci\u00f3n Especial \"Dr. Domingo Cabred\u201d de C\u00f3rdoba (Argentina), quien\u2026","rel":"","context":"En \u00abSin categor\u00eda\u00bb","block_context":{"text":"Sin categor\u00eda","link":"https:\/\/webdelmaestrocmf.com\/portal\/category\/sin-categoria-es\/"},"img":{"alt_text":"","src":"https:\/\/i0.wp.com\/webdelmaestrocmf.com\/portal\/wp-content\/uploads\/2017\/09\/1-63.jpg?resize=350%2C200&ssl=1","width":350,"height":200,"srcset":"https:\/\/i0.wp.com\/webdelmaestrocmf.com\/portal\/wp-content\/uploads\/2017\/09\/1-63.jpg?resize=350%2C200&ssl=1 1x, https:\/\/i0.wp.com\/webdelmaestrocmf.com\/portal\/wp-content\/uploads\/2017\/09\/1-63.jpg?resize=525%2C300&ssl=1 1.5x, https:\/\/i0.wp.com\/webdelmaestrocmf.com\/portal\/wp-content\/uploads\/2017\/09\/1-63.jpg?resize=700%2C400&ssl=1 2x, https:\/\/i0.wp.com\/webdelmaestrocmf.com\/portal\/wp-content\/uploads\/2017\/09\/1-63.jpg?resize=1050%2C600&ssl=1 3x"},"classes":[]}],"_links":{"self":[{"href":"https:\/\/webdelmaestrocmf.com\/portal\/wp-json\/wp\/v2\/posts\/53533","targetHints":{"allow":["GET"]}}],"collection":[{"href":"https:\/\/webdelmaestrocmf.com\/portal\/wp-json\/wp\/v2\/posts"}],"about":[{"href":"https:\/\/webdelmaestrocmf.com\/portal\/wp-json\/wp\/v2\/types\/post"}],"author":[{"embeddable":true,"href":"https:\/\/webdelmaestrocmf.com\/portal\/wp-json\/wp\/v2\/users\/1"}],"replies":[{"embeddable":true,"href":"https:\/\/webdelmaestrocmf.com\/portal\/wp-json\/wp\/v2\/comments?post=53533"}],"version-history":[{"count":0,"href":"https:\/\/webdelmaestrocmf.com\/portal\/wp-json\/wp\/v2\/posts\/53533\/revisions"}],"wp:featuredmedia":[{"embeddable":true,"href":"https:\/\/webdelmaestrocmf.com\/portal\/wp-json\/wp\/v2\/media\/53540"}],"wp:attachment":[{"href":"https:\/\/webdelmaestrocmf.com\/portal\/wp-json\/wp\/v2\/media?parent=53533"}],"wp:term":[{"taxonomy":"category","embeddable":true,"href":"https:\/\/webdelmaestrocmf.com\/portal\/wp-json\/wp\/v2\/categories?post=53533"},{"taxonomy":"post_tag","embeddable":true,"href":"https:\/\/webdelmaestrocmf.com\/portal\/wp-json\/wp\/v2\/tags?post=53533"}],"curies":[{"name":"wp","href":"https:\/\/api.w.org\/{rel}","templated":true}]}}