{"id":53364,"date":"2025-07-09T17:57:00","date_gmt":"2025-07-09T21:57:00","guid":{"rendered":"https:\/\/webdelmaestrocmf.com\/portal\/?p=53364"},"modified":"2025-07-09T18:38:33","modified_gmt":"2025-07-09T22:38:33","slug":"5-puntos-muy-importantes-que-dice-paulo-freire-acerca-de-ensenar-y-aprender","status":"publish","type":"post","link":"https:\/\/webdelmaestrocmf.com\/portal\/5-puntos-muy-importantes-que-dice-paulo-freire-acerca-de-ensenar-y-aprender\/","title":{"rendered":"5 puntos de Freire para transformar la educaci\u00f3n acerca de ense\u00f1ar y aprender"},"content":{"rendered":"<p style=\"text-align: justify;\">En su obra, \u201cCartas a quien pretende ense\u00f1ar\u201d, el famoso pedagogo hace una reflexi\u00f3n sobre las palabras \u201cense\u00f1ar\u201d y \u201caprender\u201d, y el rol que cumplen \u00e9stas en los procesos de formaci\u00f3n de los docentes.<\/p>\n<p style=\"text-align: justify;\">Paulo Freire, uno de los m\u00e1s destacados pedagogos del siglo XX, escribi\u00f3 hace algunos a\u00f1os el libro<strong>\u00a0Cartas a quien pretende ense\u00f1ar,<\/strong> una obra con 10 cartas en las que Freire le habla a los docentes acerca de diversos aspectos de la pr\u00e1ctica\u00a0educativa, pero no lo hace en un tono acusatorio, sino todo lo contrario. Lejos de criticar su labor, defiende su identidad y su legitimidad como docentes, dialoga con ellos en el lenguaje directo que lo caracteriza y, de esta forma, les ofrece la confianza que necesitan para apoyarse en sus propios saberes, convicciones y en su capacidad para vincularse con sus estudiantes.<\/p>\n<p>Art\u00edculo relacionado:\u00a0 <a title=\"Ir a WMCMF\" href=\"https:\/\/webdelmaestrocmf.com\/portal\/estrategias-didacticas-por-competencias-disenos-de-intervencion-pedagogica-presentacion\/\" target=\"_top\" rel=\"noopener\">Estrategias did\u00e1cticas por competencias \u2013 Dise\u00f1os de intervenci\u00f3n pedag\u00f3gica<\/a><\/p>\n<p style=\"text-align: justify;\"><strong>Las diferencias entre \u201cense\u00f1ar\u201d y \u201caprender\u201d, las fuentes de las inseguridades, las cualidades de un buen educador, el primer d\u00eda de clase, la relaci\u00f3n entre los profesores y estudiantes, la disciplina y otros temas, son lo que aborda el pedagogo en este libro dirigido 100% a los profesores<\/strong>. En su primera carta, Freire explica cu\u00e1l es el verdadero significado cr\u00edtico de las palabras \u201cense\u00f1ar\u201d y \u201caprender\u201d, y cu\u00e1l es el rol del educador en estos dos procesos pues, como bien lo plantea, el docente adem\u00e1s de ense\u00f1ar, aprende a ense\u00f1ar. Para explicar el tema, Freire habla de algunos elementos importantes, como la\u00a0lectura, pero sobre todo, evidencia c\u00f3mo estos dos conceptos van de la mano en los procesos de mejora docente.<\/p>\n<p style=\"text-align: justify;\">En cinco puntos, te compartimos algunos de los inspiradores mensajes que el pedagogo escribe en la primera carta que compone su obra:<\/p>\n<h3 style=\"text-align: justify;\"><strong>1. Aprender en el acto de ense\u00f1ar<\/strong><\/h3>\n<p style=\"text-align: justify;\">\u201cNing\u00fan tema puede ser m\u00e1s adecuado como objeto de esta primera carta para qui\u00e9n se atreve a ense\u00f1ar que el significado cr\u00edtico de ese acto, as\u00ed como el significado igualmente cr\u00edtico de aprender. Es que hab\u00eda notado antes. Pero ahora, al ense\u00f1ar, no como un bur\u00f3crata de la mente, sino reconstruyendo los caminos de su curiosidad, raz\u00f3n por la que su cuerpo consciente, sensible, emocionado, se abre a las adivinaciones de los alumnos, a su ingenuidad y a su criticidad, el educador tiene un momento rico de su aprender en el acto de ense\u00f1ar. El educador aprende primero a ense\u00f1ar, pero tambi\u00e9n aprende a ense\u00f1ar al ense\u00f1ar algo que es re-aprendido por estar siendo ense\u00f1ado, sin lo cual no aprende, el educador se ayuda a descubrir dudas, aciertos y errores\u201d.<\/p>\n<p><img loading=\"lazy\" decoding=\"async\" class=\"alignnone wp-image-53366 size-full\" title=\"Paulo freire\" src=\"https:\/\/webdelmaestrocmf.com\/portal\/wp-content\/uploads\/2020\/10\/1-114-e1645317044295.jpg\" alt=\"ense\u00f1ar y aprender\" width=\"1434\" height=\"1011\" srcset=\"https:\/\/webdelmaestrocmf.com\/portal\/wp-content\/uploads\/2020\/10\/1-114-e1645317044295.jpg 1434w, https:\/\/webdelmaestrocmf.com\/portal\/wp-content\/uploads\/2020\/10\/1-114-e1645317044295-300x212.jpg 300w, https:\/\/webdelmaestrocmf.com\/portal\/wp-content\/uploads\/2020\/10\/1-114-e1645317044295-1024x722.jpg 1024w, https:\/\/webdelmaestrocmf.com\/portal\/wp-content\/uploads\/2020\/10\/1-114-e1645317044295-768x541.jpg 768w, https:\/\/webdelmaestrocmf.com\/portal\/wp-content\/uploads\/2020\/10\/1-114-e1645317044295-110x78.jpg 110w, https:\/\/webdelmaestrocmf.com\/portal\/wp-content\/uploads\/2020\/10\/1-114-e1645317044295-200x141.jpg 200w, https:\/\/webdelmaestrocmf.com\/portal\/wp-content\/uploads\/2020\/10\/1-114-e1645317044295-380x268.jpg 380w, https:\/\/webdelmaestrocmf.com\/portal\/wp-content\/uploads\/2020\/10\/1-114-e1645317044295-255x180.jpg 255w, https:\/\/webdelmaestrocmf.com\/portal\/wp-content\/uploads\/2020\/10\/1-114-e1645317044295-550x388.jpg 550w, https:\/\/webdelmaestrocmf.com\/portal\/wp-content\/uploads\/2020\/10\/1-114-e1645317044295-800x564.jpg 800w, https:\/\/webdelmaestrocmf.com\/portal\/wp-content\/uploads\/2020\/10\/1-114-e1645317044295-1160x818.jpg 1160w\" sizes=\"auto, (max-width: 1434px) 100vw, 1434px\" \/><\/p>\n<h3 style=\"text-align: justify;\"><strong>2. El aprendizaje del educador<\/strong><\/h3>\n<p style=\"text-align: justify;\">\u201cEl aprendizaje del educador, al\u00a0ense\u00f1ar,\u00a0no se da necesariamente a trav\u00e9s de la rectificaci\u00f3n de los errores que comete el aprendiz. El aprendizaje del educador al educar se verifica en la medida en que \u00e9ste, humilde y abierto, se encuentre permanentemente disponible para repensar lo pensado, para revisar sus posiciones; se percibe en c\u00f3mo busca involucrarse con la curiosidad del alumno y los diferentes caminos y senderos que \u00e9sta lo hace recorrer. Algunos de esos caminos y algunos de esos senderos que a veces recorre la curiosidad casi virgen de los alumnos est\u00e1n cargados de sugerencias, de preguntas que el educador no hab\u00eda notado antes\u201d.<\/p>\n<h3 style=\"text-align: justify;\"><strong>3. Competencias profesionales<\/strong><\/h3>\n<p style=\"text-align: justify;\">\u201cEl hecho de que ense\u00f1ar ense\u00f1a al educador a transmitir un cierto\u00a0contenido\u00a0no debe significar en modo alguno que el educador se aventure a ense\u00f1ar sin la competencia necesaria para hacerlo, ni lo autoriza a ense\u00f1ar lo que no sabe. La responsabilidad \u00e9tica, pol\u00edtica y profesional del educador le impone el deber de prepararse, de capacitarse, de graduarse antes de iniciar su actividad docente. Esa actividad exige que su preparaci\u00f3n, su capacitaci\u00f3n y su graduaci\u00f3n se transformen en procesos permanentes. Su experiencia docente, si es bien percibida y bien vivida, va dejando claro que requiere una capacitaci\u00f3n constante del educador, capacitaci\u00f3n que se basa en el an\u00e1lisis cr\u00edtico de su pr\u00e1ctica\u201d.<\/p>\n<h3 style=\"text-align: justify;\"><strong>4. El aprendizaje anterior<\/strong><\/h3>\n<p style=\"text-align: justify;\">\u201cAl incluir el ense\u00f1ar del educador, incluye tambi\u00e9n, por un lado, el\u00a0aprendizaje\u00a0anterior y concomitante de quien ense\u00f1a y el aprendizaje del principiante que se prepara para ense\u00f1ar en el ma\u00f1ana o que rehace su saber para ense\u00f1ar mejor hoy, y, por otro lado, el aprendizaje de quien, a\u00fan ni\u00f1o, se encuentra en los comienzos de su educaci\u00f3n\u201d.<\/p>\n<p><img loading=\"lazy\" decoding=\"async\" class=\"alignnone wp-image-53365 size-full\" title=\"Paulo freire\" src=\"https:\/\/webdelmaestrocmf.com\/portal\/wp-content\/uploads\/2020\/10\/images.png\" alt=\"Paulo Freire\" width=\"1500\" height=\"1000\" srcset=\"https:\/\/webdelmaestrocmf.com\/portal\/wp-content\/uploads\/2020\/10\/images.png 1500w, https:\/\/webdelmaestrocmf.com\/portal\/wp-content\/uploads\/2020\/10\/images-300x200.png 300w, https:\/\/webdelmaestrocmf.com\/portal\/wp-content\/uploads\/2020\/10\/images-1024x683.png 1024w, https:\/\/webdelmaestrocmf.com\/portal\/wp-content\/uploads\/2020\/10\/images-768x512.png 768w, https:\/\/webdelmaestrocmf.com\/portal\/wp-content\/uploads\/2020\/10\/images-110x73.png 110w, https:\/\/webdelmaestrocmf.com\/portal\/wp-content\/uploads\/2020\/10\/images-200x133.png 200w, https:\/\/webdelmaestrocmf.com\/portal\/wp-content\/uploads\/2020\/10\/images-380x253.png 380w, https:\/\/webdelmaestrocmf.com\/portal\/wp-content\/uploads\/2020\/10\/images-255x170.png 255w, https:\/\/webdelmaestrocmf.com\/portal\/wp-content\/uploads\/2020\/10\/images-550x367.png 550w, https:\/\/webdelmaestrocmf.com\/portal\/wp-content\/uploads\/2020\/10\/images-800x533.png 800w, https:\/\/webdelmaestrocmf.com\/portal\/wp-content\/uploads\/2020\/10\/images-1160x773.png 1160w, https:\/\/webdelmaestrocmf.com\/portal\/wp-content\/uploads\/2020\/10\/images-220x147.png 220w, https:\/\/webdelmaestrocmf.com\/portal\/wp-content\/uploads\/2020\/10\/images-400x267.png 400w, https:\/\/webdelmaestrocmf.com\/portal\/wp-content\/uploads\/2020\/10\/images-760x507.png 760w, https:\/\/webdelmaestrocmf.com\/portal\/wp-content\/uploads\/2020\/10\/images-510x340.png 510w, https:\/\/webdelmaestrocmf.com\/portal\/wp-content\/uploads\/2020\/10\/images-600x400.png 600w, https:\/\/webdelmaestrocmf.com\/portal\/wp-content\/uploads\/2020\/10\/images-1100x733.png 1100w\" sizes=\"auto, (max-width: 1500px) 100vw, 1500px\" \/><\/p>\n<h3 style=\"text-align: justify;\"><strong>5. Ense\u00f1anza cr\u00edtica<\/strong><\/h3>\n<p style=\"text-align: justify;\">\u201cEnse\u00f1ar no puede ser un simple proceso, como he dicho tantas veces, de transferencia de conocimientos del educador al aprendiz. Transferencia mec\u00e1nica de la que resulta la memorizaci\u00f3n mec\u00e1nica que ya he criticado. Al estudio cr\u00edtico corresponde una ense\u00f1anza tambi\u00e9n critica, que necesariamente requiere una forma cr\u00edtica de comprender y de realizar la lectura de la palabra y la lectura del mundo, la lectura del texto y la lectura del contexto\u201d.<\/p>\n<h3 style=\"text-align: justify;\"><strong>6. Aprender a aprender<\/strong><\/h3>\n<p style=\"text-align: justify;\">\u201cResulta necesario, entonces, que aprendamos a aprender, vale decir, que entre otras cosas le demos al lenguaje oral y escrito, a su uso, la importancia que le viene siendo reconocida cient\u00edficamente. A los que estudiamos, a los que ense\u00f1amos \u2013y por eso tambi\u00e9n estudiamos- ese lenguaje se nos impone junto con la necesaria lectura de textos, la redacci\u00f3n de notas, de fichas de lectura, la redacci\u00f3n de peque\u00f1os escritos sobre las lecturas que realizamos; en el contacto con buenos escritores, buenos novelistas, buenos poetas, cient\u00edficos, fil\u00f3sofos, que no temen trabajar su lenguaje en la b\u00fasqueda de la belleza, de la simplicidad y de la claridad\u201d.<\/p>\n<p>Art\u00edculo relacionado: <a title=\"Ir a WMCMF\" href=\"https:\/\/webdelmaestrocmf.com\/portal\/14-libros-pdf-paulo-freire-la-educacion-al-servicio-la-humanidad\/\" target=\"_top\" rel=\"noopener\">Doce mejores libros de Paulo Freire que todo docente debe leer<\/a><\/p>\n<p><strong>Fuentes: <\/strong><span style=\"text-align: justify;\">Cartas a quien pretende ense\u00f1ar<\/span><span style=\"text-align: justify;\">, Paulo Freire.<\/span><strong>Este contenido ha sido publicado originalmente por Elige Educar (Chile) en la siguiente direcci\u00f3n: <a title=\"Ir a elige educar\" href=\"http:\/\/eligeeducar.cl\" target=\"_blank\" rel=\"noopener noreferrer\">eligeeducar.cl<\/a> | Escrito por: Calima Londo\u00f1o<\/strong><\/p>\n<p style=\"text-align: center;\"><strong>ENLACE DE LECTURA:<\/strong> <a title=\"Ir a MEGA\" href=\"https:\/\/www.colegiodeprofesores.cl\/wp-content\/uploads\/2021\/05\/Para-educadores-Paulo-Freire-Cartas-a-Quien-Pretende-Ensenar-2002.pdf\" target=\"_blank\" rel=\"noopener noreferrer\">PAULO FREIRE CARTAS A QUIEN PRETENDE &#8211; ENSENAR<\/a><\/p>\n\t\t<div class=\"pk-inline-posts\">\n\t\t\t\n\t\t\t<div class=\"pk-inline-posts-container pk-inline-posts-template-list\"\n\t\t\t\tdata-columns=\"1\">\n\t\t\t\t\t\t<article id=\"post-28153\" class=\"post-28153 post type-post status-publish format-standard has-post-thumbnail category-consejos category-docentes category-pedagogia tag-adaptacion-a-diversidad tag-adaptacion-curricular tag-aprendizaje-activo tag-clases tag-diseno-curricular tag-diseno-de-actividades tag-diseno-de-lecciones tag-diseno-de-unidades-didacticas tag-eficiente tag-enfoque-centrado-en-el-estudiante tag-estrategias-de-ensenanza tag-estrategias-de-ensenanza-efectiva tag-estrategias-de-instruccion tag-estrategias-de-participacion tag-evaluacion-autentica tag-evaluacion-del-aprendizaje tag-evaluacion-formativa tag-evaluacion-sumativa tag-instruccion-diferenciada tag-manera tag-medicion-del-progreso tag-metodologia-educativa tag-motivacion-del-estudiante tag-objetivos-de-aprendizaje tag-planificacion-a-corto-plazo tag-planificacion-a-largo-plazo tag-planificacion-de-clases tag-planificar tag-recursos-didacticos tag-retroalimentacion-formativa tag-secuencia-didactica tag-taxonomia-de-bloom tag-tecnicas-de-organizacion tag-uso-de-tecnologia-educativa cs-entry cs-video-wrap\">\n\t\t\t<div class=\"pk-post-outer\">\n\n\t\t\t\t\t\t\t\t<div class=\"pk-post-inner\">\n\t\t\t\t\t<div class=\"entry-thumbnail\">\n\t\t\t\t\t\t<div class=\"pk-overlay pk-overlay-ratio pk-ratio-landscape\">\n\t\t\t\t\t\t\t<div class=\"pk-overlay-background\">\n\t\t\t\t\t\t\t\t<a href=\"https:\/\/webdelmaestrocmf.com\/portal\/como-planificar-las-clases-de-manera-eficiente\/\" class=\"pk-overlay-link\">\n\t\t\t\t\t\t\t\t\t<img loading=\"lazy\" decoding=\"async\" width=\"300\" height=\"225\" src=\"https:\/\/webdelmaestrocmf.com\/portal\/wp-content\/uploads\/2026\/02\/1AA-Banner-1-portada-imagen-10-1-copia-16-300x225.webp\" class=\"attachment-pk-thumbnail size-pk-thumbnail wp-post-image\" alt=\"\" \/>\t\t\t\t\t\t\t\t<\/a>\n\t\t\t\t\t\t\t<\/div>\n\t\t\t\t\t\t<\/div>\n\t\t\t\t\t<\/div>\n\t\t\t\t<\/div>\n\t\t\t\t\n\t\t\t\t<div class=\"pk-post-inner\">\n\t\t\t\t\t<header>\n\t\t\t\t\t\t<h3 class=\"pk-title\"><a href=\"https:\/\/webdelmaestrocmf.com\/portal\/como-planificar-las-clases-de-manera-eficiente\/\" rel=\"bookmark\">C\u00f3mo planificar las clases de manera eficiente: descarga las mejores plantillas de planificaci\u00f3n de clases<\/a><\/h3>\t\t\t\t\t<\/header><!-- .entry-header -->\n\t\t\t\t<\/div><!-- .post-inner -->\n\n\t\t\t<\/div><!-- .post-outer -->\n\t\t<\/article>\n\t\t\t<article id=\"post-47675\" class=\"post-47675 post type-post status-publish format-standard has-post-thumbnail category-consejos category-pedagogia tag-aplicarlo tag-aprendizaje tag-atencion tag-como tag-estudiantes tag-llamar tag-virtual cs-entry cs-video-wrap\">\n\t\t\t<div class=\"pk-post-outer\">\n\n\t\t\t\t\t\t\t\t<div class=\"pk-post-inner\">\n\t\t\t\t\t<div class=\"entry-thumbnail\">\n\t\t\t\t\t\t<div class=\"pk-overlay pk-overlay-ratio pk-ratio-landscape\">\n\t\t\t\t\t\t\t<div class=\"pk-overlay-background\">\n\t\t\t\t\t\t\t\t<a href=\"https:\/\/webdelmaestrocmf.com\/portal\/como-llamar-la-atencion-de-los-estudiantes-y-como-aplicarlo-en-el-aprendizaje-virtual\/\" class=\"pk-overlay-link\">\n\t\t\t\t\t\t\t\t\t<img loading=\"lazy\" decoding=\"async\" width=\"300\" height=\"225\" src=\"https:\/\/webdelmaestrocmf.com\/portal\/wp-content\/uploads\/2021\/03\/1A-Banner-1-portada-imagen-10-1-34-300x225.jpg\" class=\"attachment-pk-thumbnail size-pk-thumbnail wp-post-image\" alt=\"\" \/>\t\t\t\t\t\t\t\t<\/a>\n\t\t\t\t\t\t\t<\/div>\n\t\t\t\t\t\t<\/div>\n\t\t\t\t\t<\/div>\n\t\t\t\t<\/div>\n\t\t\t\t\n\t\t\t\t<div class=\"pk-post-inner\">\n\t\t\t\t\t<header>\n\t\t\t\t\t\t<h3 class=\"pk-title\"><a href=\"https:\/\/webdelmaestrocmf.com\/portal\/como-llamar-la-atencion-de-los-estudiantes-y-como-aplicarlo-en-el-aprendizaje-virtual\/\" rel=\"bookmark\">C\u00f3mo llamar la atenci\u00f3n y el inter\u00e9s de los estudiantes<\/a><\/h3>\t\t\t\t\t<\/header><!-- .entry-header -->\n\t\t\t\t<\/div><!-- .post-inner -->\n\n\t\t\t<\/div><!-- .post-outer -->\n\t\t<\/article>\n\t\t\t<article id=\"post-15168\" class=\"post-15168 post type-post status-publish format-standard has-post-thumbnail category-consejos category-pedagogia tag-alumnos tag-clases tag-consejos tag-dia tag-docentes tag-padres tag-primer cs-entry cs-video-wrap\">\n\t\t\t<div class=\"pk-post-outer\">\n\n\t\t\t\t\t\t\t\t<div class=\"pk-post-inner\">\n\t\t\t\t\t<div class=\"entry-thumbnail\">\n\t\t\t\t\t\t<div class=\"pk-overlay pk-overlay-ratio pk-ratio-landscape\">\n\t\t\t\t\t\t\t<div class=\"pk-overlay-background\">\n\t\t\t\t\t\t\t\t<a href=\"https:\/\/webdelmaestrocmf.com\/portal\/primer-dia-de-clases-consejos-utiles-para-los-docentes-padres-y-alumnos\/\" class=\"pk-overlay-link\">\n\t\t\t\t\t\t\t\t\t<img loading=\"lazy\" decoding=\"async\" width=\"300\" height=\"225\" src=\"https:\/\/webdelmaestrocmf.com\/portal\/wp-content\/uploads\/2022\/03\/Banner-1-portada-imagen-10-1-2-300x225.jpg\" class=\"attachment-pk-thumbnail size-pk-thumbnail wp-post-image\" alt=\"\" \/>\t\t\t\t\t\t\t\t<\/a>\n\t\t\t\t\t\t\t<\/div>\n\t\t\t\t\t\t<\/div>\n\t\t\t\t\t<\/div>\n\t\t\t\t<\/div>\n\t\t\t\t\n\t\t\t\t<div class=\"pk-post-inner\">\n\t\t\t\t\t<header>\n\t\t\t\t\t\t<h3 class=\"pk-title\"><a href=\"https:\/\/webdelmaestrocmf.com\/portal\/primer-dia-de-clases-consejos-utiles-para-los-docentes-padres-y-alumnos\/\" rel=\"bookmark\">Descarga el Kit Integral de Organizaci\u00f3n, Ambientaci\u00f3n y Gesti\u00f3n del Aula para Educaci\u00f3n Preescolar<\/a><\/h3>\t\t\t\t\t<\/header><!-- .entry-header -->\n\t\t\t\t<\/div><!-- .post-inner -->\n\n\t\t\t<\/div><!-- .post-outer -->\n\t\t<\/article>\n\t\t\t\t<\/div>\n\t\t<\/div>\n\t\t\n","protected":false},"excerpt":{"rendered":"Para Freire, ense\u00f1ar no es transferir saberes, sino invitar a pensar. Solo quien se atreve a aprender mientras ense\u00f1a, puede educar de verdad","protected":false},"author":1,"featured_media":111071,"comment_status":"open","ping_status":"closed","sticky":false,"template":"","format":"standard","meta":{"csco_display_header_overlay":false,"csco_singular_sidebar":"default","csco_page_header_type":"default","csco_page_load_nextpost":"default","csco_post_video_location":[],"csco_post_video_location_hash":"","csco_post_video_url":"","csco_post_video_bg_start_time":0,"csco_post_video_bg_end_time":0,"csco_post_video_bg_volume":false,"_jetpack_memberships_contains_paid_content":false,"footnotes":""},"categories":[1269,735],"tags":[5888,188,3303,51,5124,689,2079],"class_list":{"0":"post-53364","1":"post","2":"type-post","3":"status-publish","4":"format-standard","5":"has-post-thumbnail","7":"category-consejos","8":"category-pedagogia","9":"tag-acerca","10":"tag-aprender","11":"tag-dice","12":"tag-ensenar","13":"tag-importantes","14":"tag-paulo-freire","15":"tag-puntos","16":"cs-entry","17":"cs-video-wrap"},"yoast_head":"<!-- This site is optimized with the Yoast SEO plugin v27.4 - https:\/\/yoast.com\/product\/yoast-seo-wordpress\/ -->\n<title>5 puntos de Freire para transformar la educaci\u00f3n acerca de ense\u00f1ar y aprender - 2026<\/title>\n<meta name=\"description\" content=\"Paulo Freire: conozca su trabajo con Ense\u00f1ar y Aprender en Cartas a quien pretende ense\u00f1ar. Cartas para los docentes.\" \/>\n<meta name=\"robots\" content=\"index, follow, max-snippet:-1, max-image-preview:large, max-video-preview:-1\" \/>\n<link rel=\"canonical\" href=\"https:\/\/webdelmaestrocmf.com\/portal\/5-puntos-muy-importantes-que-dice-paulo-freire-acerca-de-ensenar-y-aprender\/\" \/>\n<meta property=\"og:locale\" content=\"es_ES\" \/>\n<meta property=\"og:type\" content=\"article\" \/>\n<meta property=\"og:title\" content=\"5 puntos de Freire para transformar la educaci\u00f3n acerca de ense\u00f1ar y aprender - 2026\" \/>\n<meta property=\"og:description\" content=\"Paulo Freire: conozca su trabajo con Ense\u00f1ar y Aprender en Cartas a quien pretende ense\u00f1ar. Cartas para los docentes.\" \/>\n<meta property=\"og:url\" content=\"https:\/\/webdelmaestrocmf.com\/portal\/5-puntos-muy-importantes-que-dice-paulo-freire-acerca-de-ensenar-y-aprender\/\" \/>\n<meta property=\"og:site_name\" content=\"Web del Maestro CMF\" \/>\n<meta property=\"article:publisher\" content=\"https:\/\/www.facebook.com\/WebdelMaestroCMF\/\" \/>\n<meta property=\"article:author\" content=\"https:\/\/www.facebook.com\/WebdelMaestroCMF\/\" \/>\n<meta property=\"article:published_time\" content=\"2025-07-09T21:57:00+00:00\" \/>\n<meta property=\"article:modified_time\" content=\"2025-07-09T22:38:33+00:00\" \/>\n<meta property=\"og:image\" content=\"https:\/\/webdelmaestrocmf.com\/portal\/wp-content\/uploads\/2020\/10\/1A-Banner-1-portada-imagen-10-1-copia-34.webp\" \/>\n\t<meta property=\"og:image:width\" content=\"1003\" \/>\n\t<meta property=\"og:image:height\" content=\"667\" \/>\n\t<meta property=\"og:image:type\" content=\"image\/webp\" \/>\n<meta name=\"author\" content=\"Web del Maestro CMF\" \/>\n<meta name=\"twitter:card\" content=\"summary_large_image\" \/>\n<meta name=\"twitter:creator\" content=\"@cmf_w\" \/>\n<meta name=\"twitter:site\" content=\"@cmf_w\" \/>\n<meta name=\"twitter:label1\" content=\"Escrito por\" \/>\n\t<meta name=\"twitter:data1\" content=\"Web del Maestro CMF\" \/>\n\t<meta name=\"twitter:label2\" content=\"Tiempo de lectura\" \/>\n\t<meta name=\"twitter:data2\" content=\"5 minutos\" \/>\n<script type=\"application\/ld+json\" class=\"yoast-schema-graph\">{\"@context\":\"https:\\\/\\\/schema.org\",\"@graph\":[{\"@type\":\"ScholarlyArticle\",\"@id\":\"https:\\\/\\\/webdelmaestrocmf.com\\\/portal\\\/5-puntos-muy-importantes-que-dice-paulo-freire-acerca-de-ensenar-y-aprender\\\/#article\",\"isPartOf\":{\"@id\":\"https:\\\/\\\/webdelmaestrocmf.com\\\/portal\\\/5-puntos-muy-importantes-que-dice-paulo-freire-acerca-de-ensenar-y-aprender\\\/\"},\"author\":{\"name\":\"Web del Maestro CMF\",\"@id\":\"https:\\\/\\\/webdelmaestrocmf.com\\\/portal\\\/#\\\/schema\\\/person\\\/1072a2ed7bd960df8ef99a551fa35dc5\"},\"headline\":\"5 puntos de Freire para transformar la educaci\u00f3n acerca de ense\u00f1ar y aprender\",\"datePublished\":\"2025-07-09T21:57:00+00:00\",\"dateModified\":\"2025-07-09T22:38:33+00:00\",\"mainEntityOfPage\":{\"@id\":\"https:\\\/\\\/webdelmaestrocmf.com\\\/portal\\\/5-puntos-muy-importantes-que-dice-paulo-freire-acerca-de-ensenar-y-aprender\\\/\"},\"wordCount\":1054,\"commentCount\":4,\"publisher\":{\"@id\":\"https:\\\/\\\/webdelmaestrocmf.com\\\/portal\\\/#organization\"},\"image\":{\"@id\":\"https:\\\/\\\/webdelmaestrocmf.com\\\/portal\\\/5-puntos-muy-importantes-que-dice-paulo-freire-acerca-de-ensenar-y-aprender\\\/#primaryimage\"},\"thumbnailUrl\":\"https:\\\/\\\/webdelmaestrocmf.com\\\/portal\\\/wp-content\\\/uploads\\\/2020\\\/10\\\/1A-Banner-1-portada-imagen-10-1-copia-34.webp\",\"keywords\":[\"acerca\",\"Aprender\",\"DICE\",\"ENSE\u00d1AR\",\"Importantes\",\"PAULO FREIRE\",\"PUNTOS\"],\"articleSection\":[\"Consejos\",\"Recursos\"],\"inLanguage\":\"es\",\"potentialAction\":[{\"@type\":\"CommentAction\",\"name\":\"Comment\",\"target\":[\"https:\\\/\\\/webdelmaestrocmf.com\\\/portal\\\/5-puntos-muy-importantes-que-dice-paulo-freire-acerca-de-ensenar-y-aprender\\\/#respond\"]}]},{\"@type\":\"WebPage\",\"@id\":\"https:\\\/\\\/webdelmaestrocmf.com\\\/portal\\\/5-puntos-muy-importantes-que-dice-paulo-freire-acerca-de-ensenar-y-aprender\\\/\",\"url\":\"https:\\\/\\\/webdelmaestrocmf.com\\\/portal\\\/5-puntos-muy-importantes-que-dice-paulo-freire-acerca-de-ensenar-y-aprender\\\/\",\"name\":\"5 puntos de Freire para transformar la educaci\u00f3n acerca de ense\u00f1ar y aprender - 2026\",\"isPartOf\":{\"@id\":\"https:\\\/\\\/webdelmaestrocmf.com\\\/portal\\\/#website\"},\"primaryImageOfPage\":{\"@id\":\"https:\\\/\\\/webdelmaestrocmf.com\\\/portal\\\/5-puntos-muy-importantes-que-dice-paulo-freire-acerca-de-ensenar-y-aprender\\\/#primaryimage\"},\"image\":{\"@id\":\"https:\\\/\\\/webdelmaestrocmf.com\\\/portal\\\/5-puntos-muy-importantes-que-dice-paulo-freire-acerca-de-ensenar-y-aprender\\\/#primaryimage\"},\"thumbnailUrl\":\"https:\\\/\\\/webdelmaestrocmf.com\\\/portal\\\/wp-content\\\/uploads\\\/2020\\\/10\\\/1A-Banner-1-portada-imagen-10-1-copia-34.webp\",\"datePublished\":\"2025-07-09T21:57:00+00:00\",\"dateModified\":\"2025-07-09T22:38:33+00:00\",\"description\":\"Paulo Freire: conozca su trabajo con Ense\u00f1ar y Aprender en Cartas a quien pretende ense\u00f1ar. Cartas para los docentes.\",\"breadcrumb\":{\"@id\":\"https:\\\/\\\/webdelmaestrocmf.com\\\/portal\\\/5-puntos-muy-importantes-que-dice-paulo-freire-acerca-de-ensenar-y-aprender\\\/#breadcrumb\"},\"inLanguage\":\"es\",\"potentialAction\":[{\"@type\":\"ReadAction\",\"target\":[\"https:\\\/\\\/webdelmaestrocmf.com\\\/portal\\\/5-puntos-muy-importantes-que-dice-paulo-freire-acerca-de-ensenar-y-aprender\\\/\"]}]},{\"@type\":\"ImageObject\",\"inLanguage\":\"es\",\"@id\":\"https:\\\/\\\/webdelmaestrocmf.com\\\/portal\\\/5-puntos-muy-importantes-que-dice-paulo-freire-acerca-de-ensenar-y-aprender\\\/#primaryimage\",\"url\":\"https:\\\/\\\/webdelmaestrocmf.com\\\/portal\\\/wp-content\\\/uploads\\\/2020\\\/10\\\/1A-Banner-1-portada-imagen-10-1-copia-34.webp\",\"contentUrl\":\"https:\\\/\\\/webdelmaestrocmf.com\\\/portal\\\/wp-content\\\/uploads\\\/2020\\\/10\\\/1A-Banner-1-portada-imagen-10-1-copia-34.webp\",\"width\":1003,\"height\":667},{\"@type\":\"BreadcrumbList\",\"@id\":\"https:\\\/\\\/webdelmaestrocmf.com\\\/portal\\\/5-puntos-muy-importantes-que-dice-paulo-freire-acerca-de-ensenar-y-aprender\\\/#breadcrumb\",\"itemListElement\":[{\"@type\":\"ListItem\",\"position\":1,\"name\":\"Portada\",\"item\":\"https:\\\/\\\/webdelmaestrocmf.com\\\/portal\\\/\"},{\"@type\":\"ListItem\",\"position\":2,\"name\":\"Recursos\",\"item\":\"https:\\\/\\\/webdelmaestrocmf.com\\\/portal\\\/category\\\/pedagogia\\\/\"},{\"@type\":\"ListItem\",\"position\":3,\"name\":\"5 puntos de Freire para transformar la educaci\u00f3n acerca de ense\u00f1ar y aprender\"}]},{\"@type\":\"WebSite\",\"@id\":\"https:\\\/\\\/webdelmaestrocmf.com\\\/portal\\\/#website\",\"url\":\"https:\\\/\\\/webdelmaestrocmf.com\\\/portal\\\/\",\"name\":\"Web del Maestro CMF\",\"description\":\"Maestros al servicio de la educaci\u00f3n\",\"publisher\":{\"@id\":\"https:\\\/\\\/webdelmaestrocmf.com\\\/portal\\\/#organization\"},\"alternateName\":\"WMCMF\",\"potentialAction\":[{\"@type\":\"SearchAction\",\"target\":{\"@type\":\"EntryPoint\",\"urlTemplate\":\"https:\\\/\\\/webdelmaestrocmf.com\\\/portal\\\/?s={search_term_string}\"},\"query-input\":{\"@type\":\"PropertyValueSpecification\",\"valueRequired\":true,\"valueName\":\"search_term_string\"}}],\"inLanguage\":\"es\"},{\"@type\":\"Organization\",\"@id\":\"https:\\\/\\\/webdelmaestrocmf.com\\\/portal\\\/#organization\",\"name\":\"Web del Maestro CMF\",\"alternateName\":\"WMCMF\",\"url\":\"https:\\\/\\\/webdelmaestrocmf.com\\\/portal\\\/\",\"logo\":{\"@type\":\"ImageObject\",\"inLanguage\":\"es\",\"@id\":\"https:\\\/\\\/webdelmaestrocmf.com\\\/portal\\\/#\\\/schema\\\/logo\\\/image\\\/\",\"url\":\"https:\\\/\\\/webdelmaestrocmf.com\\\/portal\\\/wp-content\\\/uploads\\\/2023\\\/01\\\/logo-wmcmf-2.png\",\"contentUrl\":\"https:\\\/\\\/webdelmaestrocmf.com\\\/portal\\\/wp-content\\\/uploads\\\/2023\\\/01\\\/logo-wmcmf-2.png\",\"width\":200,\"height\":60,\"caption\":\"Web del Maestro CMF\"},\"image\":{\"@id\":\"https:\\\/\\\/webdelmaestrocmf.com\\\/portal\\\/#\\\/schema\\\/logo\\\/image\\\/\"},\"sameAs\":[\"https:\\\/\\\/www.facebook.com\\\/WebdelMaestroCMF\\\/\",\"https:\\\/\\\/x.com\\\/cmf_w\",\"https:\\\/\\\/www.pinterest.com\\\/WMCMF\\\/\",\"https:\\\/\\\/www.linkedin.com\\\/company\\\/web-del-maestro-cmf\\\/\",\"https:\\\/\\\/www.instagram.com\\\/wmcmf\\\/\",\"https:\\\/\\\/www.youtube.com\\\/channel\\\/UCDPSvjbdodE5sHnC3OxutHw\",\"https:\\\/\\\/mastodon.social\\\/@wmcmf\",\"https:\\\/\\\/www.tiktok.com\\\/@webdelmaestrocmf\"]},{\"@type\":\"Person\",\"@id\":\"https:\\\/\\\/webdelmaestrocmf.com\\\/portal\\\/#\\\/schema\\\/person\\\/1072a2ed7bd960df8ef99a551fa35dc5\",\"name\":\"Web del Maestro CMF\",\"image\":{\"@type\":\"ImageObject\",\"inLanguage\":\"es\",\"@id\":\"https:\\\/\\\/secure.gravatar.com\\\/avatar\\\/23291dd5b5ae1077dcff3dbb04c3e02bd28403fa75af6d8787d5e97c5bbbe30b?s=96&d=mm&r=g\",\"url\":\"https:\\\/\\\/secure.gravatar.com\\\/avatar\\\/23291dd5b5ae1077dcff3dbb04c3e02bd28403fa75af6d8787d5e97c5bbbe30b?s=96&d=mm&r=g\",\"contentUrl\":\"https:\\\/\\\/secure.gravatar.com\\\/avatar\\\/23291dd5b5ae1077dcff3dbb04c3e02bd28403fa75af6d8787d5e97c5bbbe30b?s=96&d=mm&r=g\",\"caption\":\"Web del Maestro CMF\"},\"description\":\"Esta Web se cre\u00f3 sin fines de lucro, con fines educativos, cient\u00edficos y acad\u00e9micos, para personas que tengan dificultades y\\\/o inconvenientes en visualizar el material original. El objetivo es entregar recursos, compartir experiencias y materiales que ayuden a los padres de familia, maestros y estudiantes en su actualizaci\u00f3n y formaci\u00f3n permanente, en bien de la Educaci\u00f3n.\",\"sameAs\":[\"http:\\\/\\\/webdelmaestrocmf.com\\\/portal\",\"https:\\\/\\\/www.facebook.com\\\/WebdelMaestroCMF\\\/\",\"https:\\\/\\\/www.instagram.com\\\/wmcmf\\\/\",\"https:\\\/\\\/cl.linkedin.com\\\/company\\\/web-del-maestro-cmf\",\"https:\\\/\\\/www.pinterest.com\\\/WMCMF\\\/publicaciones\\\/\",\"https:\\\/\\\/x.com\\\/cmf_w\",\"https:\\\/\\\/www.youtube.com\\\/@WMCMF\"]}]}<\/script>\n<!-- \/ Yoast SEO plugin. -->","yoast_head_json":{"title":"5 puntos de Freire para transformar la educaci\u00f3n acerca de ense\u00f1ar y aprender - 2026","description":"Paulo Freire: conozca su trabajo con Ense\u00f1ar y Aprender en Cartas a quien pretende ense\u00f1ar. Cartas para los docentes.","robots":{"index":"index","follow":"follow","max-snippet":"max-snippet:-1","max-image-preview":"max-image-preview:large","max-video-preview":"max-video-preview:-1"},"canonical":"https:\/\/webdelmaestrocmf.com\/portal\/5-puntos-muy-importantes-que-dice-paulo-freire-acerca-de-ensenar-y-aprender\/","og_locale":"es_ES","og_type":"article","og_title":"5 puntos de Freire para transformar la educaci\u00f3n acerca de ense\u00f1ar y aprender - 2026","og_description":"Paulo Freire: conozca su trabajo con Ense\u00f1ar y Aprender en Cartas a quien pretende ense\u00f1ar. Cartas para los docentes.","og_url":"https:\/\/webdelmaestrocmf.com\/portal\/5-puntos-muy-importantes-que-dice-paulo-freire-acerca-de-ensenar-y-aprender\/","og_site_name":"Web del Maestro CMF","article_publisher":"https:\/\/www.facebook.com\/WebdelMaestroCMF\/","article_author":"https:\/\/www.facebook.com\/WebdelMaestroCMF\/","article_published_time":"2025-07-09T21:57:00+00:00","article_modified_time":"2025-07-09T22:38:33+00:00","og_image":[{"width":1003,"height":667,"url":"https:\/\/webdelmaestrocmf.com\/portal\/wp-content\/uploads\/2020\/10\/1A-Banner-1-portada-imagen-10-1-copia-34.webp","type":"image\/webp"}],"author":"Web del Maestro CMF","twitter_card":"summary_large_image","twitter_creator":"@cmf_w","twitter_site":"@cmf_w","twitter_misc":{"Escrito por":"Web del Maestro CMF","Tiempo de lectura":"5 minutos"},"schema":{"@context":"https:\/\/schema.org","@graph":[{"@type":"ScholarlyArticle","@id":"https:\/\/webdelmaestrocmf.com\/portal\/5-puntos-muy-importantes-que-dice-paulo-freire-acerca-de-ensenar-y-aprender\/#article","isPartOf":{"@id":"https:\/\/webdelmaestrocmf.com\/portal\/5-puntos-muy-importantes-que-dice-paulo-freire-acerca-de-ensenar-y-aprender\/"},"author":{"name":"Web del Maestro CMF","@id":"https:\/\/webdelmaestrocmf.com\/portal\/#\/schema\/person\/1072a2ed7bd960df8ef99a551fa35dc5"},"headline":"5 puntos de Freire para transformar la educaci\u00f3n acerca de ense\u00f1ar y aprender","datePublished":"2025-07-09T21:57:00+00:00","dateModified":"2025-07-09T22:38:33+00:00","mainEntityOfPage":{"@id":"https:\/\/webdelmaestrocmf.com\/portal\/5-puntos-muy-importantes-que-dice-paulo-freire-acerca-de-ensenar-y-aprender\/"},"wordCount":1054,"commentCount":4,"publisher":{"@id":"https:\/\/webdelmaestrocmf.com\/portal\/#organization"},"image":{"@id":"https:\/\/webdelmaestrocmf.com\/portal\/5-puntos-muy-importantes-que-dice-paulo-freire-acerca-de-ensenar-y-aprender\/#primaryimage"},"thumbnailUrl":"https:\/\/webdelmaestrocmf.com\/portal\/wp-content\/uploads\/2020\/10\/1A-Banner-1-portada-imagen-10-1-copia-34.webp","keywords":["acerca","Aprender","DICE","ENSE\u00d1AR","Importantes","PAULO FREIRE","PUNTOS"],"articleSection":["Consejos","Recursos"],"inLanguage":"es","potentialAction":[{"@type":"CommentAction","name":"Comment","target":["https:\/\/webdelmaestrocmf.com\/portal\/5-puntos-muy-importantes-que-dice-paulo-freire-acerca-de-ensenar-y-aprender\/#respond"]}]},{"@type":"WebPage","@id":"https:\/\/webdelmaestrocmf.com\/portal\/5-puntos-muy-importantes-que-dice-paulo-freire-acerca-de-ensenar-y-aprender\/","url":"https:\/\/webdelmaestrocmf.com\/portal\/5-puntos-muy-importantes-que-dice-paulo-freire-acerca-de-ensenar-y-aprender\/","name":"5 puntos de Freire para transformar la educaci\u00f3n acerca de ense\u00f1ar y aprender - 2026","isPartOf":{"@id":"https:\/\/webdelmaestrocmf.com\/portal\/#website"},"primaryImageOfPage":{"@id":"https:\/\/webdelmaestrocmf.com\/portal\/5-puntos-muy-importantes-que-dice-paulo-freire-acerca-de-ensenar-y-aprender\/#primaryimage"},"image":{"@id":"https:\/\/webdelmaestrocmf.com\/portal\/5-puntos-muy-importantes-que-dice-paulo-freire-acerca-de-ensenar-y-aprender\/#primaryimage"},"thumbnailUrl":"https:\/\/webdelmaestrocmf.com\/portal\/wp-content\/uploads\/2020\/10\/1A-Banner-1-portada-imagen-10-1-copia-34.webp","datePublished":"2025-07-09T21:57:00+00:00","dateModified":"2025-07-09T22:38:33+00:00","description":"Paulo Freire: conozca su trabajo con Ense\u00f1ar y Aprender en Cartas a quien pretende ense\u00f1ar. Cartas para los docentes.","breadcrumb":{"@id":"https:\/\/webdelmaestrocmf.com\/portal\/5-puntos-muy-importantes-que-dice-paulo-freire-acerca-de-ensenar-y-aprender\/#breadcrumb"},"inLanguage":"es","potentialAction":[{"@type":"ReadAction","target":["https:\/\/webdelmaestrocmf.com\/portal\/5-puntos-muy-importantes-que-dice-paulo-freire-acerca-de-ensenar-y-aprender\/"]}]},{"@type":"ImageObject","inLanguage":"es","@id":"https:\/\/webdelmaestrocmf.com\/portal\/5-puntos-muy-importantes-que-dice-paulo-freire-acerca-de-ensenar-y-aprender\/#primaryimage","url":"https:\/\/webdelmaestrocmf.com\/portal\/wp-content\/uploads\/2020\/10\/1A-Banner-1-portada-imagen-10-1-copia-34.webp","contentUrl":"https:\/\/webdelmaestrocmf.com\/portal\/wp-content\/uploads\/2020\/10\/1A-Banner-1-portada-imagen-10-1-copia-34.webp","width":1003,"height":667},{"@type":"BreadcrumbList","@id":"https:\/\/webdelmaestrocmf.com\/portal\/5-puntos-muy-importantes-que-dice-paulo-freire-acerca-de-ensenar-y-aprender\/#breadcrumb","itemListElement":[{"@type":"ListItem","position":1,"name":"Portada","item":"https:\/\/webdelmaestrocmf.com\/portal\/"},{"@type":"ListItem","position":2,"name":"Recursos","item":"https:\/\/webdelmaestrocmf.com\/portal\/category\/pedagogia\/"},{"@type":"ListItem","position":3,"name":"5 puntos de Freire para transformar la educaci\u00f3n acerca de ense\u00f1ar y aprender"}]},{"@type":"WebSite","@id":"https:\/\/webdelmaestrocmf.com\/portal\/#website","url":"https:\/\/webdelmaestrocmf.com\/portal\/","name":"Web del Maestro CMF","description":"Maestros al servicio de la educaci\u00f3n","publisher":{"@id":"https:\/\/webdelmaestrocmf.com\/portal\/#organization"},"alternateName":"WMCMF","potentialAction":[{"@type":"SearchAction","target":{"@type":"EntryPoint","urlTemplate":"https:\/\/webdelmaestrocmf.com\/portal\/?s={search_term_string}"},"query-input":{"@type":"PropertyValueSpecification","valueRequired":true,"valueName":"search_term_string"}}],"inLanguage":"es"},{"@type":"Organization","@id":"https:\/\/webdelmaestrocmf.com\/portal\/#organization","name":"Web del Maestro CMF","alternateName":"WMCMF","url":"https:\/\/webdelmaestrocmf.com\/portal\/","logo":{"@type":"ImageObject","inLanguage":"es","@id":"https:\/\/webdelmaestrocmf.com\/portal\/#\/schema\/logo\/image\/","url":"https:\/\/webdelmaestrocmf.com\/portal\/wp-content\/uploads\/2023\/01\/logo-wmcmf-2.png","contentUrl":"https:\/\/webdelmaestrocmf.com\/portal\/wp-content\/uploads\/2023\/01\/logo-wmcmf-2.png","width":200,"height":60,"caption":"Web del Maestro CMF"},"image":{"@id":"https:\/\/webdelmaestrocmf.com\/portal\/#\/schema\/logo\/image\/"},"sameAs":["https:\/\/www.facebook.com\/WebdelMaestroCMF\/","https:\/\/x.com\/cmf_w","https:\/\/www.pinterest.com\/WMCMF\/","https:\/\/www.linkedin.com\/company\/web-del-maestro-cmf\/","https:\/\/www.instagram.com\/wmcmf\/","https:\/\/www.youtube.com\/channel\/UCDPSvjbdodE5sHnC3OxutHw","https:\/\/mastodon.social\/@wmcmf","https:\/\/www.tiktok.com\/@webdelmaestrocmf"]},{"@type":"Person","@id":"https:\/\/webdelmaestrocmf.com\/portal\/#\/schema\/person\/1072a2ed7bd960df8ef99a551fa35dc5","name":"Web del Maestro CMF","image":{"@type":"ImageObject","inLanguage":"es","@id":"https:\/\/secure.gravatar.com\/avatar\/23291dd5b5ae1077dcff3dbb04c3e02bd28403fa75af6d8787d5e97c5bbbe30b?s=96&d=mm&r=g","url":"https:\/\/secure.gravatar.com\/avatar\/23291dd5b5ae1077dcff3dbb04c3e02bd28403fa75af6d8787d5e97c5bbbe30b?s=96&d=mm&r=g","contentUrl":"https:\/\/secure.gravatar.com\/avatar\/23291dd5b5ae1077dcff3dbb04c3e02bd28403fa75af6d8787d5e97c5bbbe30b?s=96&d=mm&r=g","caption":"Web del Maestro CMF"},"description":"Esta Web se cre\u00f3 sin fines de lucro, con fines educativos, cient\u00edficos y acad\u00e9micos, para personas que tengan dificultades y\/o inconvenientes en visualizar el material original. El objetivo es entregar recursos, compartir experiencias y materiales que ayuden a los padres de familia, maestros y estudiantes en su actualizaci\u00f3n y formaci\u00f3n permanente, en bien de la Educaci\u00f3n.","sameAs":["http:\/\/webdelmaestrocmf.com\/portal","https:\/\/www.facebook.com\/WebdelMaestroCMF\/","https:\/\/www.instagram.com\/wmcmf\/","https:\/\/cl.linkedin.com\/company\/web-del-maestro-cmf","https:\/\/www.pinterest.com\/WMCMF\/publicaciones\/","https:\/\/x.com\/cmf_w","https:\/\/www.youtube.com\/@WMCMF"]}]}},"jetpack_featured_media_url":"https:\/\/webdelmaestrocmf.com\/portal\/wp-content\/uploads\/2020\/10\/1A-Banner-1-portada-imagen-10-1-copia-34.webp","jetpack_sharing_enabled":true,"jetpack-related-posts":[{"id":113511,"url":"https:\/\/webdelmaestrocmf.com\/portal\/la-relacion-pedagogica-segun-paulo-freire-respeto-dialogo-autoridad-y-responsabilidad\/","url_meta":{"origin":53364,"position":0},"title":"La Relaci\u00f3n Pedag\u00f3gica Seg\u00fan Paulo Freire: Respeto, Di\u00e1logo, Autoridad y Responsabilidad","author":"Web del Maestro CMF","date":"16 noviembre, 2025","format":false,"excerpt":"la relaci\u00f3n pedag\u00f3gica requiere respeto mutuo, di\u00e1logo, reconocimiento de la autoridad pedag\u00f3gica del docente y responsabilidad del estudiante.","rel":"","context":"En \u00abPedagog\u00eda\u00bb","block_context":{"text":"Pedagog\u00eda","link":"https:\/\/webdelmaestrocmf.com\/portal\/category\/pedagogia\/pedagogia-pedagogia\/"},"img":{"alt_text":"","src":"https:\/\/i0.wp.com\/webdelmaestrocmf.com\/portal\/wp-content\/uploads\/2025\/11\/Portada-articulos-1-8.jpg?resize=350%2C200&ssl=1","width":350,"height":200,"srcset":"https:\/\/i0.wp.com\/webdelmaestrocmf.com\/portal\/wp-content\/uploads\/2025\/11\/Portada-articulos-1-8.jpg?resize=350%2C200&ssl=1 1x, https:\/\/i0.wp.com\/webdelmaestrocmf.com\/portal\/wp-content\/uploads\/2025\/11\/Portada-articulos-1-8.jpg?resize=525%2C300&ssl=1 1.5x, https:\/\/i0.wp.com\/webdelmaestrocmf.com\/portal\/wp-content\/uploads\/2025\/11\/Portada-articulos-1-8.jpg?resize=700%2C400&ssl=1 2x"},"classes":[]},{"id":77321,"url":"https:\/\/webdelmaestrocmf.com\/portal\/3-libros-de-paulo-freire-que-todo-docente-debiera-leer\/","url_meta":{"origin":53364,"position":1},"title":"Libros de Paulo Freire que todo docente debiera leer","author":"Web del Maestro CMF","date":"18 febrero, 2024","format":false,"excerpt":"A 20 a\u00f1os de la muerte de Paulo Freire queremos invitarte a reflexionar sobre la importancia del\u00a0 rol docente a trav\u00e9s de su gran legado: sus escritos. \u00a0En esta oportunidad hemos escogido cuatro libros que, a nuestro juicio, todo docente debiera leer. Un d\u00eda como hoy, muri\u00f3 en S\u00e3o Paulo\u2026","rel":"","context":"En \u00abLibros\u00bb","block_context":{"text":"Libros","link":"https:\/\/webdelmaestrocmf.com\/portal\/category\/pedagogia\/libros\/"},"img":{"alt_text":"PAULO FREIRE","src":"https:\/\/i0.wp.com\/webdelmaestrocmf.com\/portal\/wp-content\/uploads\/2022\/06\/Banner-1-portada-imagen-10-1-3.jpg?resize=350%2C200&ssl=1","width":350,"height":200,"srcset":"https:\/\/i0.wp.com\/webdelmaestrocmf.com\/portal\/wp-content\/uploads\/2022\/06\/Banner-1-portada-imagen-10-1-3.jpg?resize=350%2C200&ssl=1 1x, https:\/\/i0.wp.com\/webdelmaestrocmf.com\/portal\/wp-content\/uploads\/2022\/06\/Banner-1-portada-imagen-10-1-3.jpg?resize=525%2C300&ssl=1 1.5x, https:\/\/i0.wp.com\/webdelmaestrocmf.com\/portal\/wp-content\/uploads\/2022\/06\/Banner-1-portada-imagen-10-1-3.jpg?resize=700%2C400&ssl=1 2x"},"classes":[]},{"id":84830,"url":"https:\/\/webdelmaestrocmf.com\/portal\/que-es-ensenar-paulo-freire\/","url_meta":{"origin":53364,"position":2},"title":"\u00bfQu\u00e9 es ense\u00f1ar? | Paulo Freire","author":"Web del Maestro CMF","date":"26 febrero, 2023","format":false,"excerpt":"Para Paulo Freire, ense\u00f1ar es desafiar a los estudiantes a que piensen su pr\u00e1ctica desde la pr\u00e1ctica social. Esto significa que ense\u00f1ar tiene que ver con la unidad dial\u00e9ctica pr\u00e1ctica-teor\u00eda. Freire tambi\u00e9n dijo que ense\u00f1ar no es transferir conocimientos sino crear las condiciones para su producci\u00f3n o construcci\u00f3n. Para Freire,\u2026","rel":"","context":"En \u00abDocentes\u00bb","block_context":{"text":"Docentes","link":"https:\/\/webdelmaestrocmf.com\/portal\/category\/pedagogia\/docentes\/"},"img":{"alt_text":"","src":"https:\/\/i0.wp.com\/webdelmaestrocmf.com\/portal\/wp-content\/uploads\/2023\/02\/3ABC-7.jpg?resize=350%2C200&ssl=1","width":350,"height":200,"srcset":"https:\/\/i0.wp.com\/webdelmaestrocmf.com\/portal\/wp-content\/uploads\/2023\/02\/3ABC-7.jpg?resize=350%2C200&ssl=1 1x, https:\/\/i0.wp.com\/webdelmaestrocmf.com\/portal\/wp-content\/uploads\/2023\/02\/3ABC-7.jpg?resize=525%2C300&ssl=1 1.5x, https:\/\/i0.wp.com\/webdelmaestrocmf.com\/portal\/wp-content\/uploads\/2023\/02\/3ABC-7.jpg?resize=700%2C400&ssl=1 2x"},"classes":[]},{"id":107795,"url":"https:\/\/webdelmaestrocmf.com\/portal\/como-ensenar-a-pensar-criticamente-segun-paulo-freire\/","url_meta":{"origin":53364,"position":3},"title":"C\u00f3mo ense\u00f1ar a pensar cr\u00edticamente seg\u00fan Paulo Freire","author":"Web del Maestro CMF","date":"1 febrero, 2025","format":false,"excerpt":"En el coraz\u00f3n de la educaci\u00f3n, m\u00e1s all\u00e1 de la transmisi\u00f3n de conocimientos, reside la chispa del pensamiento cr\u00edtico. Paulo Freire, un educador y fil\u00f3sofo brasile\u00f1o, nos leg\u00f3 una pedagog\u00eda que trasciende las aulas y se convierte en un camino hacia la transformaci\u00f3n social. Su enfoque, centrado en la liberaci\u00f3n\u2026","rel":"","context":"En \u00abPensamiento critico\u00bb","block_context":{"text":"Pensamiento critico","link":"https:\/\/webdelmaestrocmf.com\/portal\/category\/pedagogia\/pensamiento-critico\/"},"img":{"alt_text":"","src":"https:\/\/i0.wp.com\/webdelmaestrocmf.com\/portal\/wp-content\/uploads\/2025\/02\/1A-Banner-1-portada-imagen-10-1-48.jpg?resize=350%2C200&ssl=1","width":350,"height":200,"srcset":"https:\/\/i0.wp.com\/webdelmaestrocmf.com\/portal\/wp-content\/uploads\/2025\/02\/1A-Banner-1-portada-imagen-10-1-48.jpg?resize=350%2C200&ssl=1 1x, https:\/\/i0.wp.com\/webdelmaestrocmf.com\/portal\/wp-content\/uploads\/2025\/02\/1A-Banner-1-portada-imagen-10-1-48.jpg?resize=525%2C300&ssl=1 1.5x, https:\/\/i0.wp.com\/webdelmaestrocmf.com\/portal\/wp-content\/uploads\/2025\/02\/1A-Banner-1-portada-imagen-10-1-48.jpg?resize=700%2C400&ssl=1 2x"},"classes":[]},{"id":90629,"url":"https:\/\/webdelmaestrocmf.com\/portal\/las-virtudes-de-un-buen-docente-segun-paulo-freire\/","url_meta":{"origin":53364,"position":4},"title":"Las virtudes de un buen docente, seg\u00fan Paulo Freire","author":"Web del Maestro CMF","date":"20 enero, 2024","format":false,"excerpt":"Seg\u00fan Paulo Freire, las cualidades indispensables para los educadores progresistas y c\u00f3mo estas cualidades se generan a trav\u00e9s de la pr\u00e1ctica y en coherencia con la opci\u00f3n pol\u00edtica cr\u00edtica del educador. Se enfatiza que estas cualidades no son innatas ni otorgadas, sino que se desarrollan a lo largo del tiempo.\u2026","rel":"","context":"En \u00abNoticias\u00bb","block_context":{"text":"Noticias","link":"https:\/\/webdelmaestrocmf.com\/portal\/category\/pedagogia\/noticias-pedagogia\/"},"img":{"alt_text":"Paulo Freire","src":"https:\/\/i0.wp.com\/webdelmaestrocmf.com\/portal\/wp-content\/uploads\/2023\/07\/Banner-1-portada-imagen-10-48.jpg?resize=350%2C200&ssl=1","width":350,"height":200,"srcset":"https:\/\/i0.wp.com\/webdelmaestrocmf.com\/portal\/wp-content\/uploads\/2023\/07\/Banner-1-portada-imagen-10-48.jpg?resize=350%2C200&ssl=1 1x, https:\/\/i0.wp.com\/webdelmaestrocmf.com\/portal\/wp-content\/uploads\/2023\/07\/Banner-1-portada-imagen-10-48.jpg?resize=525%2C300&ssl=1 1.5x, https:\/\/i0.wp.com\/webdelmaestrocmf.com\/portal\/wp-content\/uploads\/2023\/07\/Banner-1-portada-imagen-10-48.jpg?resize=700%2C400&ssl=1 2x"},"classes":[]},{"id":78547,"url":"https:\/\/webdelmaestrocmf.com\/portal\/paulo-freire-el-maestro-sin-recetas-que-pasa-cuando-la-teoria-que-un-maestro-estudio-choca-con-la-realidad-de-sus-alumnos-como-evitar-el-enojo-y-la-frustracion-de-un-docente-que-prob\/","url_meta":{"origin":53364,"position":5},"title":"Paulo Freire \u00abEl Maestro sin recetas\u00bb: \u00bfQu\u00e9 pasa cuando la teor\u00eda que un maestro estudi\u00f3 choca con la realidad de sus alumnos?","author":"Web del Maestro CMF","date":"15 julio, 2022","format":false,"excerpt":"En el mundo de la educaci\u00f3n, la teor\u00eda y la pr\u00e1ctica a menudo parecen habitar mundos separados. Los maestros, armados con t\u00e9cnicas pedag\u00f3gicas aprendidas de libros y cursos, a menudo se enfrentan a la dura realidad de las aulas, donde cada estudiante es un individuo \u00fanico con necesidades y desaf\u00edos\u2026","rel":"","context":"En \u00abLibros\u00bb","block_context":{"text":"Libros","link":"https:\/\/webdelmaestrocmf.com\/portal\/category\/pedagogia\/libros\/"},"img":{"alt_text":"Paulo Freire","src":"https:\/\/i0.wp.com\/webdelmaestrocmf.com\/portal\/wp-content\/uploads\/2022\/07\/1a-31.jpg?resize=350%2C200&ssl=1","width":350,"height":200,"srcset":"https:\/\/i0.wp.com\/webdelmaestrocmf.com\/portal\/wp-content\/uploads\/2022\/07\/1a-31.jpg?resize=350%2C200&ssl=1 1x, https:\/\/i0.wp.com\/webdelmaestrocmf.com\/portal\/wp-content\/uploads\/2022\/07\/1a-31.jpg?resize=525%2C300&ssl=1 1.5x, https:\/\/i0.wp.com\/webdelmaestrocmf.com\/portal\/wp-content\/uploads\/2022\/07\/1a-31.jpg?resize=700%2C400&ssl=1 2x"},"classes":[]}],"_links":{"self":[{"href":"https:\/\/webdelmaestrocmf.com\/portal\/wp-json\/wp\/v2\/posts\/53364","targetHints":{"allow":["GET"]}}],"collection":[{"href":"https:\/\/webdelmaestrocmf.com\/portal\/wp-json\/wp\/v2\/posts"}],"about":[{"href":"https:\/\/webdelmaestrocmf.com\/portal\/wp-json\/wp\/v2\/types\/post"}],"author":[{"embeddable":true,"href":"https:\/\/webdelmaestrocmf.com\/portal\/wp-json\/wp\/v2\/users\/1"}],"replies":[{"embeddable":true,"href":"https:\/\/webdelmaestrocmf.com\/portal\/wp-json\/wp\/v2\/comments?post=53364"}],"version-history":[{"count":3,"href":"https:\/\/webdelmaestrocmf.com\/portal\/wp-json\/wp\/v2\/posts\/53364\/revisions"}],"predecessor-version":[{"id":111073,"href":"https:\/\/webdelmaestrocmf.com\/portal\/wp-json\/wp\/v2\/posts\/53364\/revisions\/111073"}],"wp:featuredmedia":[{"embeddable":true,"href":"https:\/\/webdelmaestrocmf.com\/portal\/wp-json\/wp\/v2\/media\/111071"}],"wp:attachment":[{"href":"https:\/\/webdelmaestrocmf.com\/portal\/wp-json\/wp\/v2\/media?parent=53364"}],"wp:term":[{"taxonomy":"category","embeddable":true,"href":"https:\/\/webdelmaestrocmf.com\/portal\/wp-json\/wp\/v2\/categories?post=53364"},{"taxonomy":"post_tag","embeddable":true,"href":"https:\/\/webdelmaestrocmf.com\/portal\/wp-json\/wp\/v2\/tags?post=53364"}],"curies":[{"name":"wp","href":"https:\/\/api.w.org\/{rel}","templated":true}]}}