{"id":53246,"date":"2020-10-21T22:48:53","date_gmt":"2020-10-22T01:48:53","guid":{"rendered":"https:\/\/webdelmaestrocmf.com\/portal\/?p=53246"},"modified":"2020-10-24T14:18:28","modified_gmt":"2020-10-24T17:18:28","slug":"tengo-derecho-como-padre-de-familia-a-dejar-que-mis-hijos-aprendan-solo-de-su-experiencia","status":"publish","type":"post","link":"https:\/\/webdelmaestrocmf.com\/portal\/tengo-derecho-como-padre-de-familia-a-dejar-que-mis-hijos-aprendan-solo-de-su-experiencia\/","title":{"rendered":"\u00bfTengo derecho a dejar que mis hijos aprendan solo de su experiencia?"},"content":{"rendered":"<h5 style=\"text-align: justify;\">El profesor Gregorio Luri Medrano (1955), maestro de profesi\u00f3n, obtuvo la licenciatura en Ciencias de la Educaci\u00f3n y el doctorado en Filosof\u00eda en la Universidad de Barcelona (Esapa\u00f1a). Ha publicado numerosos libros de pol\u00edtica, filosof\u00eda y pedagog\u00eda, entre los que destacan <em>La imaginaci\u00f3n conservadora<\/em>, <em>La escuela contra el mundo<\/em>, <em>Mejor educados<\/em>, <em>\u00bfMatar a S\u00f3crates?,<\/em> <em>El cielo prometido y Elogio de las familias sensatamente imperfectas<\/em>, todos publicados en Ariel. Actualmente colabora con el proyecto de educaci\u00f3n <strong>Aprendemos Juntos. <\/strong>(Planeta). Ya en anteriores publicaciones hemos informado sobre la trayectoria educativa del profesor Luri.<\/h5>\n<p><!--more--><\/p>\n<p style=\"text-align: justify;\">Art\u00edculo recomendado<strong>: <a href=\"https:\/\/webdelmaestrocmf.com\/portal\/los-padres-comienzan-la-escuela-con-mucha-ilusion-y-luego-ponen-la-responsabilidad-de-los-hijos-en-manos-de-los-profesores\/\" target=\"_blank\" rel=\"noopener noreferrer\">LOS PADRES COMIENZAN LA ESCUELA CON MUCHA ILUSI\u00d3N Y LUEGO PONEN LA RESPONSABILIDAD DE LOS HIJOS EN MANOS DE LOS PROFESORES<\/a><\/strong><\/p>\n<p style=\"text-align: justify;\">El programa televisivo \u201cA mi yo adolescente\u201d muestra la <strong>visi\u00f3n generacional de los adolescentes de hoy <\/strong>sobre grandes temas universales como el amor, la libertad, la amistad, los miedos\u2026 Una serie de siete episodios protagonizados por un grupo distinto de j\u00f3venes, que en cada programa se re\u00fane con un conductor diferente. Este cuarto episodio est\u00e1 conducido por el profesor Gregorio Luri, considerado como un referente de la educaci\u00f3n, y motiva a la reflexi\u00f3n sobre la libertad; y contar\u00e1 con la participaci\u00f3n (v\u00eda video) del periodista Luis del Olmo; el juez Emilio Calatayud y la psic\u00f3loga Violeta Esteban Pons; junto a Eva Puigvent\u00f3s y Nacho Y\u00e1\u00f1ez, padres de dos adolescentes.<\/p>\n<p><img loading=\"lazy\" decoding=\"async\" class=\"alignnone size-full wp-image-53248\" src=\"https:\/\/webdelmaestrocmf.com\/portal\/wp-content\/uploads\/2020\/10\/1-copia-68.jpg\" alt=\"\" width=\"1100\" height=\"680\" srcset=\"https:\/\/webdelmaestrocmf.com\/portal\/wp-content\/uploads\/2020\/10\/1-copia-68.jpg 1100w, https:\/\/webdelmaestrocmf.com\/portal\/wp-content\/uploads\/2020\/10\/1-copia-68-300x185.jpg 300w, https:\/\/webdelmaestrocmf.com\/portal\/wp-content\/uploads\/2020\/10\/1-copia-68-1024x633.jpg 1024w, https:\/\/webdelmaestrocmf.com\/portal\/wp-content\/uploads\/2020\/10\/1-copia-68-768x475.jpg 768w, https:\/\/webdelmaestrocmf.com\/portal\/wp-content\/uploads\/2020\/10\/1-copia-68-110x68.jpg 110w, https:\/\/webdelmaestrocmf.com\/portal\/wp-content\/uploads\/2020\/10\/1-copia-68-200x124.jpg 200w, https:\/\/webdelmaestrocmf.com\/portal\/wp-content\/uploads\/2020\/10\/1-copia-68-380x235.jpg 380w, https:\/\/webdelmaestrocmf.com\/portal\/wp-content\/uploads\/2020\/10\/1-copia-68-255x158.jpg 255w, https:\/\/webdelmaestrocmf.com\/portal\/wp-content\/uploads\/2020\/10\/1-copia-68-550x340.jpg 550w, https:\/\/webdelmaestrocmf.com\/portal\/wp-content\/uploads\/2020\/10\/1-copia-68-800x495.jpg 800w, https:\/\/webdelmaestrocmf.com\/portal\/wp-content\/uploads\/2020\/10\/1-copia-68-220x136.jpg 220w, https:\/\/webdelmaestrocmf.com\/portal\/wp-content\/uploads\/2020\/10\/1-copia-68-400x247.jpg 400w, https:\/\/webdelmaestrocmf.com\/portal\/wp-content\/uploads\/2020\/10\/1-copia-68-760x470.jpg 760w, https:\/\/webdelmaestrocmf.com\/portal\/wp-content\/uploads\/2020\/10\/1-copia-68-510x315.jpg 510w, https:\/\/webdelmaestrocmf.com\/portal\/wp-content\/uploads\/2020\/10\/1-copia-68-600x371.jpg 600w\" sizes=\"auto, (max-width: 1100px) 100vw, 1100px\" \/><\/p>\n<p style=\"text-align: justify;\">Este encuentro, convocado por BBVA, para el cuarto episodio del programa televisivo \u201c<strong>A mi yo adolescente<\/strong>\u201d, titulado <strong>\u00abLibertad\u201d, <\/strong>y dice que su yo adolescente le acompa\u00f1a desde siempre y recuerda que cuando joven no le gustaba la Filosof\u00eda y hoy se dedica a escribir sobre esa ciencia, sin embargo, es la base de quien es hoy. Los j\u00f3venes dicen que entienden por libertad, c\u00f3mo es el \u00a0ser libres, y \u00a0opinan sobre lo que entienden por el respeto, la obediencia, los l\u00edmites, qu\u00e9 se entiende por libre albedr\u00edo, el c\u00f3digo moral, los deberes, la rebeld\u00eda, el ocultamiento de la verdad, la intimidad, la desconfianza, la comunicaci\u00f3n y sus conclusiones al finalizar el coloquio.<\/p>\n<p style=\"text-align: justify;\">Art\u00edculo recomendado: <a href=\"https:\/\/webdelmaestrocmf.com\/portal\/la-autoridad-el-respeto-y-la-obediencia-en-la-casa-y-en-la-escuela-i-parte\/\" target=\"_blank\" rel=\"noopener noreferrer\"><strong>LA AUTORIDAD, EL RESPETO Y LA OBEDIENCIA EN LA CASA Y EN LA ESCUELA (I PARTE)<\/strong><\/a><\/p>\n<p style=\"text-align: justify;\">Compartimos el video con el coloquio completo y tres partes resaltantes, que ojal\u00e1 sean un <strong>buen insumo para abrir el di\u00e1logo y la escucha, sobre el tema, esperando <\/strong>sean un <strong>buen insumo para abrir el di\u00e1logo y la escucha, sobre el tema de la libertad<\/strong>, desde su propia realidad socio cultural y educativa. Consideramos que es un buen recurso para invitar al di\u00e1logo y al acompa\u00f1amiento en la <strong>construcci\u00f3n de un pensamiento cr\u00edtico y responsable<\/strong>.<\/p>\n<p style=\"text-align: justify;\">Publicaci\u00f3n recomendada: <a href=\"https:\/\/webdelmaestrocmf.com\/portal\/yuval-noah-harari-los-profesores-debemos-ensenar-pensamiento-critico-comunicacion-colaboracion-y-creatividad\/\" target=\"_blank\" rel=\"noopener noreferrer\"><strong>YUVAL NOAH HARARI: LOS PROFESORES DEBEMOS ENSE\u00d1AR PENSAMIENTO CRITICO, COMUNICACI\u00d3N, COLABORACI\u00d3N Y CREATIVIDAD<\/strong><\/a><\/p>\n<p style=\"text-align: justify;\">\u201c\u00bfHasta d\u00f3nde han de llegar los l\u00edmites que ponen los padres a sus hijos? El fil\u00f3sofo y profesor Gregorio Luri <strong>plantea a un grupo de adolescentes los miedos de los progenitores<\/strong> cuando tienen que ceder libertad a sus hijos. \u00abTus hijos son tus hijos y lo van a ser siempre y hay un punto de amor incondicional\u00bb, afirma el profesor. Luri compara este momento con <strong>un barco que sale a altamar \u00aba medio hacer\u00bb,<\/strong> pero reconoce que \u00abnecesitamos salir para aprender de las experiencias que nos vamos a encontrar, para \u201cacabarte\u201d necesitas asumir riesgos\u00bb.<\/p>\n<h5 style=\"text-align: justify;\"><strong>CRECER A LA INTEMPERIE <\/strong>(Momento destacado) (04\u00b4 15\u201d)<\/h5>\n<p><iframe loading=\"lazy\" src=\"https:\/\/www.youtube.com\/embed\/5lUPi4sYwaw\" width=\"100%\" height=\"400\" frameborder=\"0\" allowfullscreen=\"allowfullscreen\"><span data-mce-type=\"bookmark\" style=\"display: inline-block; width: 0px; overflow: hidden; line-height: 0;\" class=\"mce_SELRES_start\">\ufeff<\/span><\/iframe><\/p>\n<p style=\"text-align: justify;\">\u201cEl juez de menores Emilio Calatayud enfrenta a un grupo de adolescentes a sus \u00abdeberes\u00bb legales y hace referencia al art\u00edculo 155 del C\u00f3digo Civil (espa\u00f1ol): \u00abLos hijos deben obedecer a sus padres mientras permanezcan bajo su potestad y respetarles siempre\u00bb. \u00bfQu\u00e9 opina este grupo de j\u00f3venes? El fil\u00f3sofo y profesor Gregorio Luri charla con los adolescentes sobre los derechos y deberes de padres e hijos.\u201d<\/p>\n<h5 style=\"text-align: left;\"><strong>LA LIBERTAD Y EL RESPETO ENTRE PADRES E HIJOS<\/strong>\u00a0(Momento destacado) (05\u00b4 01\u201d)<\/h5>\n<p><iframe loading=\"lazy\" src=\"https:\/\/www.youtube.com\/embed\/dEbx3FHEpmQ\" width=\"100%\" height=\"400\" frameborder=\"0\" allowfullscreen=\"allowfullscreen\"><span data-mce-type=\"bookmark\" style=\"display: inline-block; width: 0px; overflow: hidden; line-height: 0;\" class=\"mce_SELRES_start\">\ufeff<\/span><\/iframe><\/p>\n<p style=\"text-align: justify;\">El fil\u00f3sofo y profesor Gregorio Luri propone reflexionar sobre la libertad a este grupo de j\u00f3venes, desde frases como: \u00a0\u00abCasi todo lo que hago, a mis padres les parece mal\u00bb o \u00abConsumo alcohol, pero ellos no lo saben\u00bb, \u201c\u00bfse sienten identificados los adolescentes con estas afirmaciones que propone Luri? \u00bfC\u00f3mo influye <strong>la confianza con sus padres <\/strong>en la libertad de los hijos?\u201d<\/p>\n<p style=\"text-align: justify;\">Publicaci\u00f3n recomendada: <a href=\"https:\/\/webdelmaestrocmf.com\/portal\/los-ninos-tienen-una-mayor-libertad-de-pensamiento-y-pueden-hacer-propuestas-mas-abiertas\/\" target=\"_blank\" rel=\"noopener noreferrer\"><strong>FRANCESCO TONUCCI: LOS NI\u00d1OS TIENEN UNA MAYOR LIBERTAD DE PENSAMIENTO Y PUEDEN HACER PROPUESTAS M\u00c1S ABIERTAS<\/strong><\/a><\/p>\n<h5 style=\"text-align: left;\"><strong>\u00bfME DAN MIS PADRES LA LIBERTAD QUE MEREZCO?<\/strong> (Momento destacado) (05\u00b4 34\u201d)<\/h5>\n<p><iframe loading=\"lazy\" src=\"https:\/\/www.youtube.com\/embed\/Vm9QWiXPSS4\" width=\"100%\" height=\"400\" frameborder=\"0\" allowfullscreen=\"allowfullscreen\"><span data-mce-type=\"bookmark\" style=\"display: inline-block; width: 0px; overflow: hidden; line-height: 0;\" class=\"mce_SELRES_start\">\ufeff<\/span><\/iframe><\/p>\n<p style=\"text-align: justify;\">\u201cLa libertad ha formado parte de las conversaciones y de las preocupaciones de los j\u00f3venes desde la noche de los tiempos<strong>. \u00bfQu\u00e9 significa ser libre?<\/strong> \u00bfHasta qu\u00e9 punto somos realmente libres? \u00bfSer joven es ser rebelde y buscar la libertad? El fil\u00f3sofo Gregorio Luri se re\u00fane con un grupo de j\u00f3venes para <strong>conocer de primera mano c\u00f3mo viven, c\u00f3mo piensan y c\u00f3mo imaginan la libertad<\/strong>\u201d.<\/p>\n<p style=\"text-align: justify;\"><strong>LIBERTAD<\/strong> (Versi\u00f3n Completa) (45\u00b4 25\u201d)<\/p>\n<p><iframe loading=\"lazy\" src=\"https:\/\/www.youtube.com\/embed\/3DbtHuvVzLQ\" width=\"100%\" height=\"400\" frameborder=\"0\" allowfullscreen=\"allowfullscreen\"><span data-mce-type=\"bookmark\" style=\"display: inline-block; width: 0px; overflow: hidden; line-height: 0;\" class=\"mce_SELRES_start\">\ufeff<\/span><\/iframe><\/p>\n<p style=\"text-align: justify;\">La fuente de esta publicaci\u00f3n y su informaci\u00f3n completa, que hemos compartido por motivos \u00fanicamente educativos y de formaci\u00f3n permanente, la puede Usted encontrar en este enlace: <a href=\"https:\/\/www.bbvaaprendemosjuntos.com\/es\/a-mi-yo-adolescente\/libertad\" target=\"_blank\" rel=\"noopener noreferrer\"><strong>A MI YO ADOLESCENTE, EPISODIO 4: LIBERTAD<\/strong><\/a><\/p>\n<p style=\"text-align: justify;\">Este episodio pertenece a la serie: <a href=\"https:\/\/webdelmaestrocmf.com\/portal\/desde-mi-yo-adolescente\/\" target=\"_blank\" rel=\"noopener noreferrer\"><strong>DESDE MI YO ADOLESCENTE<\/strong><\/a><\/p>\n<p style=\"text-align: center;\"><em>\u201cCualquier cosa realmente relevante necesita del esfuerzo de la comprensi\u00f3n y la concentraci\u00f3n. La comprensi\u00f3n que viene detr\u00e1s del esfuerzo es un enorme placer intelectual. \u00a0[&#8230;]\u00a0Nada grave se conquista sin esfuerzo\u201d.<\/em><\/p>\n<p style=\"text-align: right;\"><strong>REDACCI\u00d3N WEB DEL MAESTRO CMF<\/strong><\/p>\n\t\t<div class=\"pk-inline-posts\">\n\t\t\t\n\t\t\t<div class=\"pk-inline-posts-container pk-inline-posts-template-list\"\n\t\t\t\tdata-columns=\"1\">\n\t\t\t\t\t\t<article id=\"post-95717\" class=\"post-95717 post type-post status-publish format-video has-post-thumbnail category-charlas tag-aprendamos-juntos tag-aprendemos-juntos-2030 tag-aprender tag-aprendizaje tag-bbva tag-calificacion-por-notas tag-cerebro tag-compresion tag-descanso tag-dislexia tag-dormir tag-entrevista tag-error tag-escritura tag-fonologia tag-lectura tag-lenguaje-oral tag-matematica tag-memoria tag-neurociencia tag-neurona tag-para-sumar-por-la-educacion tag-pensamiento tag-sinapsis tag-stanislas-dehaene tag-sueno tag-tecnologia tag-videos post_format-post-format-video cs-entry cs-video-wrap\">\n\t\t\t<div class=\"pk-post-outer\">\n\n\t\t\t\t\t\t\t\t<div class=\"pk-post-inner\">\n\t\t\t\t\t<div class=\"entry-thumbnail\">\n\t\t\t\t\t\t<div class=\"pk-overlay pk-overlay-ratio pk-ratio-landscape\">\n\t\t\t\t\t\t\t<div class=\"pk-overlay-background\">\n\t\t\t\t\t\t\t\t<a href=\"https:\/\/webdelmaestrocmf.com\/portal\/stanislas-dehaene-el-mayor-talento-de-un-profesor-es-ser-capaz-de-dirigir-la-atencion-del-alumno-hacia-el-nivel-correcto\/\" class=\"pk-overlay-link\">\n\t\t\t\t\t\t\t\t\t<img loading=\"lazy\" decoding=\"async\" width=\"300\" height=\"225\" src=\"https:\/\/webdelmaestrocmf.com\/portal\/wp-content\/uploads\/2024\/02\/1AA-Banner-1-portada-imagen-10-1-copia-300x225.webp\" class=\"attachment-pk-thumbnail size-pk-thumbnail wp-post-image\" alt=\"\" \/>\t\t\t\t\t\t\t\t<\/a>\n\t\t\t\t\t\t\t<\/div>\n\t\t\t\t\t\t<\/div>\n\t\t\t\t\t<\/div>\n\t\t\t\t<\/div>\n\t\t\t\t\n\t\t\t\t<div class=\"pk-post-inner\">\n\t\t\t\t\t<header>\n\t\t\t\t\t\t<h3 class=\"pk-title\"><a href=\"https:\/\/webdelmaestrocmf.com\/portal\/stanislas-dehaene-el-mayor-talento-de-un-profesor-es-ser-capaz-de-dirigir-la-atencion-del-alumno-hacia-el-nivel-correcto\/\" rel=\"bookmark\">Stanislas Dehaene: El mayor talento de un profesor es ser capaz de dirigir la atenci\u00f3n del alumno, hacia el nivel correcto<\/a><\/h3>\t\t\t\t\t<\/header><!-- .entry-header -->\n\t\t\t\t<\/div><!-- .post-inner -->\n\n\t\t\t<\/div><!-- .post-outer -->\n\t\t<\/article>\n\t\t\t\t<\/div>\n\t\t<\/div>\n\t\t\n","protected":false},"excerpt":{"rendered":"El profesor Gregorio Luri Medrano (1955), maestro de profesi\u00f3n, obtuvo la licenciatura en Ciencias de la Educaci\u00f3n y&hellip;","protected":false},"author":1,"featured_media":53247,"comment_status":"open","ping_status":"closed","sticky":false,"template":"","format":"video","meta":{"csco_display_header_overlay":false,"csco_singular_sidebar":"default","csco_page_header_type":"standard","csco_page_load_nextpost":"default","csco_post_video_location":[],"csco_post_video_location_hash":"","csco_post_video_url":"","csco_post_video_bg_start_time":0,"csco_post_video_bg_end_time":0,"csco_post_video_bg_volume":false,"_jetpack_memberships_contains_paid_content":false,"footnotes":""},"categories":[5658],"tags":[242,884,1930,3459,5706,1899,5454,305,97,4175,5885,2164,1576,3454,2773],"class_list":{"0":"post-53246","1":"post","2":"type-post","3":"status-publish","4":"format-video","5":"has-post-thumbnail","7":"category-adolescente","8":"tag-adolescencia","9":"tag-adolescente","10":"tag-autoridad","11":"tag-bbva","12":"tag-coloquios","13":"tag-comunicacion","14":"tag-dialogos","15":"tag-educacion-emocional","16":"tag-familia","17":"tag-gregorio-luri","18":"tag-gregorio-luri-medrano","19":"tag-libertad","20":"tag-respeto","21":"tag-serie","22":"tag-videos","23":"post_format-post-format-video","24":"cs-entry","25":"cs-video-wrap"},"yoast_head":"<!-- This site is optimized with the Yoast SEO plugin v27.5 - https:\/\/yoast.com\/product\/yoast-seo-wordpress\/ -->\n<title>\u00bfTengo derecho a dejar que mis hijos aprendan solo de su experiencia? - 2026<\/title>\n<meta name=\"description\" content=\"El profesor Gregorio Luri Medrano (1955), maestro de profesi\u00f3n, obtuvo la licenciatura en Ciencias de la Educaci\u00f3n y el...\" \/>\n<meta name=\"robots\" content=\"index, follow, max-snippet:-1, max-image-preview:large, max-video-preview:-1\" \/>\n<link rel=\"canonical\" href=\"https:\/\/webdelmaestrocmf.com\/portal\/tengo-derecho-como-padre-de-familia-a-dejar-que-mis-hijos-aprendan-solo-de-su-experiencia\/\" \/>\n<meta property=\"og:locale\" content=\"es_ES\" \/>\n<meta property=\"og:type\" content=\"article\" \/>\n<meta property=\"og:title\" content=\"\u00bfTengo derecho a dejar que mis hijos aprendan solo de su experiencia? - 2026\" \/>\n<meta property=\"og:description\" content=\"El profesor Gregorio Luri Medrano (1955), maestro de profesi\u00f3n, obtuvo la licenciatura en Ciencias de la Educaci\u00f3n y el...\" \/>\n<meta property=\"og:url\" content=\"https:\/\/webdelmaestrocmf.com\/portal\/tengo-derecho-como-padre-de-familia-a-dejar-que-mis-hijos-aprendan-solo-de-su-experiencia\/\" \/>\n<meta property=\"og:site_name\" content=\"Web del Maestro CMF\" \/>\n<meta property=\"article:publisher\" content=\"https:\/\/www.facebook.com\/WebdelMaestroCMF\/\" \/>\n<meta property=\"article:author\" content=\"https:\/\/www.facebook.com\/WebdelMaestroCMF\/\" \/>\n<meta property=\"article:published_time\" content=\"2020-10-22T01:48:53+00:00\" \/>\n<meta property=\"article:modified_time\" content=\"2020-10-24T17:18:28+00:00\" \/>\n<meta property=\"og:image\" content=\"https:\/\/i0.wp.com\/webdelmaestrocmf.com\/portal\/wp-content\/uploads\/2020\/10\/2-24.jpg?fit=1100%2C680&ssl=1\" \/>\n\t<meta property=\"og:image:width\" content=\"1100\" \/>\n\t<meta property=\"og:image:height\" content=\"680\" \/>\n\t<meta property=\"og:image:type\" content=\"image\/jpeg\" \/>\n<meta name=\"author\" content=\"Web del Maestro CMF\" \/>\n<meta name=\"twitter:card\" content=\"summary_large_image\" \/>\n<meta name=\"twitter:creator\" content=\"@cmf_w\" \/>\n<meta name=\"twitter:site\" content=\"@cmf_w\" \/>\n<script type=\"application\/ld+json\" class=\"yoast-schema-graph\">{\"@context\":\"https:\\\/\\\/schema.org\",\"@graph\":[{\"@type\":\"ScholarlyArticle\",\"@id\":\"https:\\\/\\\/webdelmaestrocmf.com\\\/portal\\\/tengo-derecho-como-padre-de-familia-a-dejar-que-mis-hijos-aprendan-solo-de-su-experiencia\\\/#article\",\"isPartOf\":{\"@id\":\"https:\\\/\\\/webdelmaestrocmf.com\\\/portal\\\/tengo-derecho-como-padre-de-familia-a-dejar-que-mis-hijos-aprendan-solo-de-su-experiencia\\\/\"},\"author\":{\"name\":\"Web del Maestro CMF\",\"@id\":\"https:\\\/\\\/webdelmaestrocmf.com\\\/portal\\\/#\\\/schema\\\/person\\\/1072a2ed7bd960df8ef99a551fa35dc5\"},\"headline\":\"\u00bfTengo derecho a dejar que mis hijos aprendan solo de su experiencia?\",\"datePublished\":\"2020-10-22T01:48:53+00:00\",\"dateModified\":\"2020-10-24T17:18:28+00:00\",\"mainEntityOfPage\":{\"@id\":\"https:\\\/\\\/webdelmaestrocmf.com\\\/portal\\\/tengo-derecho-como-padre-de-familia-a-dejar-que-mis-hijos-aprendan-solo-de-su-experiencia\\\/\"},\"wordCount\":941,\"commentCount\":0,\"publisher\":{\"@id\":\"https:\\\/\\\/webdelmaestrocmf.com\\\/portal\\\/#organization\"},\"image\":{\"@id\":\"https:\\\/\\\/webdelmaestrocmf.com\\\/portal\\\/tengo-derecho-como-padre-de-familia-a-dejar-que-mis-hijos-aprendan-solo-de-su-experiencia\\\/#primaryimage\"},\"thumbnailUrl\":\"https:\\\/\\\/webdelmaestrocmf.com\\\/portal\\\/wp-content\\\/uploads\\\/2020\\\/10\\\/2-24.jpg\",\"keywords\":[\"adolescencia\",\"adolescente\",\"autoridad\",\"BBVA\",\"COLOQUIOS\",\"COMUNICACI\u00d3N\",\"di\u00e1logos\",\"EDUCACI\u00d3N EMOCIONAL\",\"familia\",\"GREGORIO LURI\",\"Gregorio Luri Medrano\",\"LIBERTAD\",\"RESPETO\",\"SERIE\",\"VIDEOS\"],\"articleSection\":[\"Adolescente\"],\"inLanguage\":\"es\",\"potentialAction\":[{\"@type\":\"CommentAction\",\"name\":\"Comment\",\"target\":[\"https:\\\/\\\/webdelmaestrocmf.com\\\/portal\\\/tengo-derecho-como-padre-de-familia-a-dejar-que-mis-hijos-aprendan-solo-de-su-experiencia\\\/#respond\"]}]},{\"@type\":\"WebPage\",\"@id\":\"https:\\\/\\\/webdelmaestrocmf.com\\\/portal\\\/tengo-derecho-como-padre-de-familia-a-dejar-que-mis-hijos-aprendan-solo-de-su-experiencia\\\/\",\"url\":\"https:\\\/\\\/webdelmaestrocmf.com\\\/portal\\\/tengo-derecho-como-padre-de-familia-a-dejar-que-mis-hijos-aprendan-solo-de-su-experiencia\\\/\",\"name\":\"\u00bfTengo derecho a dejar que mis hijos aprendan solo de su experiencia? - 2026\",\"isPartOf\":{\"@id\":\"https:\\\/\\\/webdelmaestrocmf.com\\\/portal\\\/#website\"},\"primaryImageOfPage\":{\"@id\":\"https:\\\/\\\/webdelmaestrocmf.com\\\/portal\\\/tengo-derecho-como-padre-de-familia-a-dejar-que-mis-hijos-aprendan-solo-de-su-experiencia\\\/#primaryimage\"},\"image\":{\"@id\":\"https:\\\/\\\/webdelmaestrocmf.com\\\/portal\\\/tengo-derecho-como-padre-de-familia-a-dejar-que-mis-hijos-aprendan-solo-de-su-experiencia\\\/#primaryimage\"},\"thumbnailUrl\":\"https:\\\/\\\/webdelmaestrocmf.com\\\/portal\\\/wp-content\\\/uploads\\\/2020\\\/10\\\/2-24.jpg\",\"datePublished\":\"2020-10-22T01:48:53+00:00\",\"dateModified\":\"2020-10-24T17:18:28+00:00\",\"description\":\"El profesor Gregorio Luri Medrano (1955), maestro de profesi\u00f3n, obtuvo la licenciatura en Ciencias de la Educaci\u00f3n y el...\",\"breadcrumb\":{\"@id\":\"https:\\\/\\\/webdelmaestrocmf.com\\\/portal\\\/tengo-derecho-como-padre-de-familia-a-dejar-que-mis-hijos-aprendan-solo-de-su-experiencia\\\/#breadcrumb\"},\"inLanguage\":\"es\",\"potentialAction\":[{\"@type\":\"ReadAction\",\"target\":[\"https:\\\/\\\/webdelmaestrocmf.com\\\/portal\\\/tengo-derecho-como-padre-de-familia-a-dejar-que-mis-hijos-aprendan-solo-de-su-experiencia\\\/\"]}]},{\"@type\":\"ImageObject\",\"inLanguage\":\"es\",\"@id\":\"https:\\\/\\\/webdelmaestrocmf.com\\\/portal\\\/tengo-derecho-como-padre-de-familia-a-dejar-que-mis-hijos-aprendan-solo-de-su-experiencia\\\/#primaryimage\",\"url\":\"https:\\\/\\\/webdelmaestrocmf.com\\\/portal\\\/wp-content\\\/uploads\\\/2020\\\/10\\\/2-24.jpg\",\"contentUrl\":\"https:\\\/\\\/webdelmaestrocmf.com\\\/portal\\\/wp-content\\\/uploads\\\/2020\\\/10\\\/2-24.jpg\",\"width\":1100,\"height\":680},{\"@type\":\"BreadcrumbList\",\"@id\":\"https:\\\/\\\/webdelmaestrocmf.com\\\/portal\\\/tengo-derecho-como-padre-de-familia-a-dejar-que-mis-hijos-aprendan-solo-de-su-experiencia\\\/#breadcrumb\",\"itemListElement\":[{\"@type\":\"ListItem\",\"position\":1,\"name\":\"Portada\",\"item\":\"https:\\\/\\\/webdelmaestrocmf.com\\\/portal\\\/\"},{\"@type\":\"ListItem\",\"position\":2,\"name\":\"Adolescente\",\"item\":\"https:\\\/\\\/webdelmaestrocmf.com\\\/portal\\\/category\\\/adolescente\\\/\"},{\"@type\":\"ListItem\",\"position\":3,\"name\":\"\u00bfTengo derecho a dejar que mis hijos aprendan solo de su experiencia?\"}]},{\"@type\":\"WebSite\",\"@id\":\"https:\\\/\\\/webdelmaestrocmf.com\\\/portal\\\/#website\",\"url\":\"https:\\\/\\\/webdelmaestrocmf.com\\\/portal\\\/\",\"name\":\"Web del Maestro CMF\",\"description\":\"Maestros al servicio de la educaci\u00f3n\",\"publisher\":{\"@id\":\"https:\\\/\\\/webdelmaestrocmf.com\\\/portal\\\/#organization\"},\"alternateName\":\"WMCMF\",\"potentialAction\":[{\"@type\":\"SearchAction\",\"target\":{\"@type\":\"EntryPoint\",\"urlTemplate\":\"https:\\\/\\\/webdelmaestrocmf.com\\\/portal\\\/?s={search_term_string}\"},\"query-input\":{\"@type\":\"PropertyValueSpecification\",\"valueRequired\":true,\"valueName\":\"search_term_string\"}}],\"inLanguage\":\"es\"},{\"@type\":\"Organization\",\"@id\":\"https:\\\/\\\/webdelmaestrocmf.com\\\/portal\\\/#organization\",\"name\":\"Web del Maestro CMF\",\"alternateName\":\"WMCMF\",\"url\":\"https:\\\/\\\/webdelmaestrocmf.com\\\/portal\\\/\",\"logo\":{\"@type\":\"ImageObject\",\"inLanguage\":\"es\",\"@id\":\"https:\\\/\\\/webdelmaestrocmf.com\\\/portal\\\/#\\\/schema\\\/logo\\\/image\\\/\",\"url\":\"https:\\\/\\\/webdelmaestrocmf.com\\\/portal\\\/wp-content\\\/uploads\\\/2023\\\/01\\\/logo-wmcmf-2.png\",\"contentUrl\":\"https:\\\/\\\/webdelmaestrocmf.com\\\/portal\\\/wp-content\\\/uploads\\\/2023\\\/01\\\/logo-wmcmf-2.png\",\"width\":200,\"height\":60,\"caption\":\"Web del Maestro CMF\"},\"image\":{\"@id\":\"https:\\\/\\\/webdelmaestrocmf.com\\\/portal\\\/#\\\/schema\\\/logo\\\/image\\\/\"},\"sameAs\":[\"https:\\\/\\\/www.facebook.com\\\/WebdelMaestroCMF\\\/\",\"https:\\\/\\\/x.com\\\/cmf_w\",\"https:\\\/\\\/www.pinterest.com\\\/WMCMF\\\/\",\"https:\\\/\\\/www.linkedin.com\\\/company\\\/web-del-maestro-cmf\\\/\",\"https:\\\/\\\/www.instagram.com\\\/wmcmf\\\/\",\"https:\\\/\\\/www.youtube.com\\\/channel\\\/UCDPSvjbdodE5sHnC3OxutHw\",\"https:\\\/\\\/mastodon.social\\\/@wmcmf\",\"https:\\\/\\\/www.tiktok.com\\\/@webdelmaestrocmf\"]},{\"@type\":\"Person\",\"@id\":\"https:\\\/\\\/webdelmaestrocmf.com\\\/portal\\\/#\\\/schema\\\/person\\\/1072a2ed7bd960df8ef99a551fa35dc5\",\"name\":\"Web del Maestro CMF\",\"image\":{\"@type\":\"ImageObject\",\"inLanguage\":\"es\",\"@id\":\"https:\\\/\\\/secure.gravatar.com\\\/avatar\\\/23291dd5b5ae1077dcff3dbb04c3e02bd28403fa75af6d8787d5e97c5bbbe30b?s=96&d=mm&r=g\",\"url\":\"https:\\\/\\\/secure.gravatar.com\\\/avatar\\\/23291dd5b5ae1077dcff3dbb04c3e02bd28403fa75af6d8787d5e97c5bbbe30b?s=96&d=mm&r=g\",\"contentUrl\":\"https:\\\/\\\/secure.gravatar.com\\\/avatar\\\/23291dd5b5ae1077dcff3dbb04c3e02bd28403fa75af6d8787d5e97c5bbbe30b?s=96&d=mm&r=g\",\"caption\":\"Web del Maestro CMF\"},\"description\":\"Esta Web se cre\u00f3 sin fines de lucro, con fines educativos, cient\u00edficos y acad\u00e9micos, para personas que tengan dificultades y\\\/o inconvenientes en visualizar el material original. El objetivo es entregar recursos, compartir experiencias y materiales que ayuden a los padres de familia, maestros y estudiantes en su actualizaci\u00f3n y formaci\u00f3n permanente, en bien de la Educaci\u00f3n.\",\"sameAs\":[\"http:\\\/\\\/webdelmaestrocmf.com\\\/portal\",\"https:\\\/\\\/www.facebook.com\\\/WebdelMaestroCMF\\\/\",\"https:\\\/\\\/www.instagram.com\\\/wmcmf\\\/\",\"https:\\\/\\\/cl.linkedin.com\\\/company\\\/web-del-maestro-cmf\",\"https:\\\/\\\/www.pinterest.com\\\/WMCMF\\\/publicaciones\\\/\",\"https:\\\/\\\/x.com\\\/cmf_w\",\"https:\\\/\\\/www.youtube.com\\\/@WMCMF\"]}]}<\/script>\n<!-- \/ Yoast SEO plugin. -->","yoast_head_json":{"title":"\u00bfTengo derecho a dejar que mis hijos aprendan solo de su experiencia? - 2026","description":"El profesor Gregorio Luri Medrano (1955), maestro de profesi\u00f3n, obtuvo la licenciatura en Ciencias de la Educaci\u00f3n y el...","robots":{"index":"index","follow":"follow","max-snippet":"max-snippet:-1","max-image-preview":"max-image-preview:large","max-video-preview":"max-video-preview:-1"},"canonical":"https:\/\/webdelmaestrocmf.com\/portal\/tengo-derecho-como-padre-de-familia-a-dejar-que-mis-hijos-aprendan-solo-de-su-experiencia\/","og_locale":"es_ES","og_type":"article","og_title":"\u00bfTengo derecho a dejar que mis hijos aprendan solo de su experiencia? - 2026","og_description":"El profesor Gregorio Luri Medrano (1955), maestro de profesi\u00f3n, obtuvo la licenciatura en Ciencias de la Educaci\u00f3n y el...","og_url":"https:\/\/webdelmaestrocmf.com\/portal\/tengo-derecho-como-padre-de-familia-a-dejar-que-mis-hijos-aprendan-solo-de-su-experiencia\/","og_site_name":"Web del Maestro CMF","article_publisher":"https:\/\/www.facebook.com\/WebdelMaestroCMF\/","article_author":"https:\/\/www.facebook.com\/WebdelMaestroCMF\/","article_published_time":"2020-10-22T01:48:53+00:00","article_modified_time":"2020-10-24T17:18:28+00:00","og_image":[{"width":1100,"height":680,"url":"https:\/\/i0.wp.com\/webdelmaestrocmf.com\/portal\/wp-content\/uploads\/2020\/10\/2-24.jpg?fit=1100%2C680&ssl=1","type":"image\/jpeg"}],"author":"Web del Maestro CMF","twitter_card":"summary_large_image","twitter_creator":"@cmf_w","twitter_site":"@cmf_w","schema":{"@context":"https:\/\/schema.org","@graph":[{"@type":"ScholarlyArticle","@id":"https:\/\/webdelmaestrocmf.com\/portal\/tengo-derecho-como-padre-de-familia-a-dejar-que-mis-hijos-aprendan-solo-de-su-experiencia\/#article","isPartOf":{"@id":"https:\/\/webdelmaestrocmf.com\/portal\/tengo-derecho-como-padre-de-familia-a-dejar-que-mis-hijos-aprendan-solo-de-su-experiencia\/"},"author":{"name":"Web del Maestro CMF","@id":"https:\/\/webdelmaestrocmf.com\/portal\/#\/schema\/person\/1072a2ed7bd960df8ef99a551fa35dc5"},"headline":"\u00bfTengo derecho a dejar que mis hijos aprendan solo de su experiencia?","datePublished":"2020-10-22T01:48:53+00:00","dateModified":"2020-10-24T17:18:28+00:00","mainEntityOfPage":{"@id":"https:\/\/webdelmaestrocmf.com\/portal\/tengo-derecho-como-padre-de-familia-a-dejar-que-mis-hijos-aprendan-solo-de-su-experiencia\/"},"wordCount":941,"commentCount":0,"publisher":{"@id":"https:\/\/webdelmaestrocmf.com\/portal\/#organization"},"image":{"@id":"https:\/\/webdelmaestrocmf.com\/portal\/tengo-derecho-como-padre-de-familia-a-dejar-que-mis-hijos-aprendan-solo-de-su-experiencia\/#primaryimage"},"thumbnailUrl":"https:\/\/webdelmaestrocmf.com\/portal\/wp-content\/uploads\/2020\/10\/2-24.jpg","keywords":["adolescencia","adolescente","autoridad","BBVA","COLOQUIOS","COMUNICACI\u00d3N","di\u00e1logos","EDUCACI\u00d3N EMOCIONAL","familia","GREGORIO LURI","Gregorio Luri Medrano","LIBERTAD","RESPETO","SERIE","VIDEOS"],"articleSection":["Adolescente"],"inLanguage":"es","potentialAction":[{"@type":"CommentAction","name":"Comment","target":["https:\/\/webdelmaestrocmf.com\/portal\/tengo-derecho-como-padre-de-familia-a-dejar-que-mis-hijos-aprendan-solo-de-su-experiencia\/#respond"]}]},{"@type":"WebPage","@id":"https:\/\/webdelmaestrocmf.com\/portal\/tengo-derecho-como-padre-de-familia-a-dejar-que-mis-hijos-aprendan-solo-de-su-experiencia\/","url":"https:\/\/webdelmaestrocmf.com\/portal\/tengo-derecho-como-padre-de-familia-a-dejar-que-mis-hijos-aprendan-solo-de-su-experiencia\/","name":"\u00bfTengo derecho a dejar que mis hijos aprendan solo de su experiencia? - 2026","isPartOf":{"@id":"https:\/\/webdelmaestrocmf.com\/portal\/#website"},"primaryImageOfPage":{"@id":"https:\/\/webdelmaestrocmf.com\/portal\/tengo-derecho-como-padre-de-familia-a-dejar-que-mis-hijos-aprendan-solo-de-su-experiencia\/#primaryimage"},"image":{"@id":"https:\/\/webdelmaestrocmf.com\/portal\/tengo-derecho-como-padre-de-familia-a-dejar-que-mis-hijos-aprendan-solo-de-su-experiencia\/#primaryimage"},"thumbnailUrl":"https:\/\/webdelmaestrocmf.com\/portal\/wp-content\/uploads\/2020\/10\/2-24.jpg","datePublished":"2020-10-22T01:48:53+00:00","dateModified":"2020-10-24T17:18:28+00:00","description":"El profesor Gregorio Luri Medrano (1955), maestro de profesi\u00f3n, obtuvo la licenciatura en Ciencias de la Educaci\u00f3n y el...","breadcrumb":{"@id":"https:\/\/webdelmaestrocmf.com\/portal\/tengo-derecho-como-padre-de-familia-a-dejar-que-mis-hijos-aprendan-solo-de-su-experiencia\/#breadcrumb"},"inLanguage":"es","potentialAction":[{"@type":"ReadAction","target":["https:\/\/webdelmaestrocmf.com\/portal\/tengo-derecho-como-padre-de-familia-a-dejar-que-mis-hijos-aprendan-solo-de-su-experiencia\/"]}]},{"@type":"ImageObject","inLanguage":"es","@id":"https:\/\/webdelmaestrocmf.com\/portal\/tengo-derecho-como-padre-de-familia-a-dejar-que-mis-hijos-aprendan-solo-de-su-experiencia\/#primaryimage","url":"https:\/\/webdelmaestrocmf.com\/portal\/wp-content\/uploads\/2020\/10\/2-24.jpg","contentUrl":"https:\/\/webdelmaestrocmf.com\/portal\/wp-content\/uploads\/2020\/10\/2-24.jpg","width":1100,"height":680},{"@type":"BreadcrumbList","@id":"https:\/\/webdelmaestrocmf.com\/portal\/tengo-derecho-como-padre-de-familia-a-dejar-que-mis-hijos-aprendan-solo-de-su-experiencia\/#breadcrumb","itemListElement":[{"@type":"ListItem","position":1,"name":"Portada","item":"https:\/\/webdelmaestrocmf.com\/portal\/"},{"@type":"ListItem","position":2,"name":"Adolescente","item":"https:\/\/webdelmaestrocmf.com\/portal\/category\/adolescente\/"},{"@type":"ListItem","position":3,"name":"\u00bfTengo derecho a dejar que mis hijos aprendan solo de su experiencia?"}]},{"@type":"WebSite","@id":"https:\/\/webdelmaestrocmf.com\/portal\/#website","url":"https:\/\/webdelmaestrocmf.com\/portal\/","name":"Web del Maestro CMF","description":"Maestros al servicio de la educaci\u00f3n","publisher":{"@id":"https:\/\/webdelmaestrocmf.com\/portal\/#organization"},"alternateName":"WMCMF","potentialAction":[{"@type":"SearchAction","target":{"@type":"EntryPoint","urlTemplate":"https:\/\/webdelmaestrocmf.com\/portal\/?s={search_term_string}"},"query-input":{"@type":"PropertyValueSpecification","valueRequired":true,"valueName":"search_term_string"}}],"inLanguage":"es"},{"@type":"Organization","@id":"https:\/\/webdelmaestrocmf.com\/portal\/#organization","name":"Web del Maestro CMF","alternateName":"WMCMF","url":"https:\/\/webdelmaestrocmf.com\/portal\/","logo":{"@type":"ImageObject","inLanguage":"es","@id":"https:\/\/webdelmaestrocmf.com\/portal\/#\/schema\/logo\/image\/","url":"https:\/\/webdelmaestrocmf.com\/portal\/wp-content\/uploads\/2023\/01\/logo-wmcmf-2.png","contentUrl":"https:\/\/webdelmaestrocmf.com\/portal\/wp-content\/uploads\/2023\/01\/logo-wmcmf-2.png","width":200,"height":60,"caption":"Web del Maestro CMF"},"image":{"@id":"https:\/\/webdelmaestrocmf.com\/portal\/#\/schema\/logo\/image\/"},"sameAs":["https:\/\/www.facebook.com\/WebdelMaestroCMF\/","https:\/\/x.com\/cmf_w","https:\/\/www.pinterest.com\/WMCMF\/","https:\/\/www.linkedin.com\/company\/web-del-maestro-cmf\/","https:\/\/www.instagram.com\/wmcmf\/","https:\/\/www.youtube.com\/channel\/UCDPSvjbdodE5sHnC3OxutHw","https:\/\/mastodon.social\/@wmcmf","https:\/\/www.tiktok.com\/@webdelmaestrocmf"]},{"@type":"Person","@id":"https:\/\/webdelmaestrocmf.com\/portal\/#\/schema\/person\/1072a2ed7bd960df8ef99a551fa35dc5","name":"Web del Maestro CMF","image":{"@type":"ImageObject","inLanguage":"es","@id":"https:\/\/secure.gravatar.com\/avatar\/23291dd5b5ae1077dcff3dbb04c3e02bd28403fa75af6d8787d5e97c5bbbe30b?s=96&d=mm&r=g","url":"https:\/\/secure.gravatar.com\/avatar\/23291dd5b5ae1077dcff3dbb04c3e02bd28403fa75af6d8787d5e97c5bbbe30b?s=96&d=mm&r=g","contentUrl":"https:\/\/secure.gravatar.com\/avatar\/23291dd5b5ae1077dcff3dbb04c3e02bd28403fa75af6d8787d5e97c5bbbe30b?s=96&d=mm&r=g","caption":"Web del Maestro CMF"},"description":"Esta Web se cre\u00f3 sin fines de lucro, con fines educativos, cient\u00edficos y acad\u00e9micos, para personas que tengan dificultades y\/o inconvenientes en visualizar el material original. El objetivo es entregar recursos, compartir experiencias y materiales que ayuden a los padres de familia, maestros y estudiantes en su actualizaci\u00f3n y formaci\u00f3n permanente, en bien de la Educaci\u00f3n.","sameAs":["http:\/\/webdelmaestrocmf.com\/portal","https:\/\/www.facebook.com\/WebdelMaestroCMF\/","https:\/\/www.instagram.com\/wmcmf\/","https:\/\/cl.linkedin.com\/company\/web-del-maestro-cmf","https:\/\/www.pinterest.com\/WMCMF\/publicaciones\/","https:\/\/x.com\/cmf_w","https:\/\/www.youtube.com\/@WMCMF"]}]}},"jetpack_featured_media_url":"https:\/\/webdelmaestrocmf.com\/portal\/wp-content\/uploads\/2020\/10\/2-24.jpg","jetpack_sharing_enabled":true,"jetpack-related-posts":[{"id":53131,"url":"https:\/\/webdelmaestrocmf.com\/portal\/gregorio-luri-el-organo-educativo-no-es-el-oido-sino-el-ojo\/","url_meta":{"origin":53246,"position":0},"title":"Gregorio Luri: El \u00f3rgano educativo no es el o\u00eddo, sino el ojo","author":"Web del Maestro CMF","date":"19 octubre, 2020","format":false,"excerpt":"Tras concluir sus estudios con los\u00a0Capuchinos,\u00a0Luri estudi\u00f3 Magisterio en Pamplona\u200b, y posteriormente se traslad\u00f3 a\u00a0El Masnou\u00a0(Barcelona) en\u00a01978. Es doctor en filosof\u00eda por la\u00a0Universidad de Barcelona y licenciado en Ciencias de la Educaci\u00f3n. Fue Premio Extraordinario de Licenciatura en Ciencias de la Educaci\u00f3n y Premio de Doctorado en Filosof\u00eda.\u200b Ha trabajado\u2026","rel":"","context":"En \u00abEducaci\u00f3n\u00bb","block_context":{"text":"Educaci\u00f3n","link":"https:\/\/webdelmaestrocmf.com\/portal\/category\/noticias\/educacion-noticias\/"},"img":{"alt_text":"","src":"https:\/\/i0.wp.com\/webdelmaestrocmf.com\/portal\/wp-content\/uploads\/2020\/10\/1-copia-57.jpg?resize=350%2C200&ssl=1","width":350,"height":200,"srcset":"https:\/\/i0.wp.com\/webdelmaestrocmf.com\/portal\/wp-content\/uploads\/2020\/10\/1-copia-57.jpg?resize=350%2C200&ssl=1 1x, https:\/\/i0.wp.com\/webdelmaestrocmf.com\/portal\/wp-content\/uploads\/2020\/10\/1-copia-57.jpg?resize=525%2C300&ssl=1 1.5x, https:\/\/i0.wp.com\/webdelmaestrocmf.com\/portal\/wp-content\/uploads\/2020\/10\/1-copia-57.jpg?resize=700%2C400&ssl=1 2x, https:\/\/i0.wp.com\/webdelmaestrocmf.com\/portal\/wp-content\/uploads\/2020\/10\/1-copia-57.jpg?resize=1050%2C600&ssl=1 3x"},"classes":[]},{"id":35710,"url":"https:\/\/webdelmaestrocmf.com\/portal\/los-padres-comienzan-la-escuela-con-mucha-ilusion-y-luego-ponen-la-responsabilidad-de-los-hijos-en-manos-de-los-profesores\/","url_meta":{"origin":53246,"position":1},"title":"Los padres comienzan la escuela con mucha ilusi\u00f3n y luego ponen la responsabilidad de los hijos en manos de los profesores","author":"Web del Maestro CMF","date":"24 agosto, 2021","format":"video","excerpt":"El Profesor Gregorio Luri Medrano (Azagra, Espa\u00f1a, 1955) estudi\u00f3 magisterio en Pamplona y curs\u00f3 la licenciatura en Ciencias de la Educaci\u00f3n y el doctorado en Filosof\u00eda en la Universidad de Barcelona (Espa\u00f1a). Es autor de \u201cLa imaginaci\u00f3n conservadora\u201d (2019), \u201c\u00bfMatar a S\u00f3crates?\u201d (ebook, 2015), \u201cLa escuela contra el mundo: el\u2026","rel":"","context":"En \u00abCharlas\u00bb","block_context":{"text":"Charlas","link":"https:\/\/webdelmaestrocmf.com\/portal\/category\/charlas\/"},"img":{"alt_text":"","src":"https:\/\/i0.wp.com\/webdelmaestrocmf.com\/portal\/wp-content\/uploads\/2019\/03\/1-101.jpg?resize=350%2C200&ssl=1","width":350,"height":200,"srcset":"https:\/\/i0.wp.com\/webdelmaestrocmf.com\/portal\/wp-content\/uploads\/2019\/03\/1-101.jpg?resize=350%2C200&ssl=1 1x, https:\/\/i0.wp.com\/webdelmaestrocmf.com\/portal\/wp-content\/uploads\/2019\/03\/1-101.jpg?resize=525%2C300&ssl=1 1.5x, https:\/\/i0.wp.com\/webdelmaestrocmf.com\/portal\/wp-content\/uploads\/2019\/03\/1-101.jpg?resize=700%2C400&ssl=1 2x, https:\/\/i0.wp.com\/webdelmaestrocmf.com\/portal\/wp-content\/uploads\/2019\/03\/1-101.jpg?resize=1050%2C600&ssl=1 3x"},"classes":[]},{"id":114921,"url":"https:\/\/webdelmaestrocmf.com\/portal\/gregorio-luri-sin-atencion-ni-disciplina-no-hay-escuela\/","url_meta":{"origin":53246,"position":2},"title":"Gregorio Luri: \u201cSin atenci\u00f3n ni disciplina no hay escuela\u201d","author":"Web del Maestro CMF","date":"21 enero, 2026","format":false,"excerpt":"El diagn\u00f3stico de Gregorio Luri es claro: sin atenci\u00f3n ni disciplina no hay aprendizaje posible. El aula pierde eficacia cuando se debilita la autoridad docente y se priorizan reformas superficiales. Se legisla sin escuchar al profesor, mientras crecen distracciones y desorden. La escuela no falla por falta de ideas, sino\u2026","rel":"","context":"En \u00abEntrevistas\u00bb","block_context":{"text":"Entrevistas","link":"https:\/\/webdelmaestrocmf.com\/portal\/category\/noticias\/entrevistas\/"},"img":{"alt_text":"","src":"https:\/\/i0.wp.com\/webdelmaestrocmf.com\/portal\/wp-content\/uploads\/2026\/01\/1A-Banner-1-portada-imagen-10-1-copia-2-10.webp?resize=350%2C200&ssl=1","width":350,"height":200,"srcset":"https:\/\/i0.wp.com\/webdelmaestrocmf.com\/portal\/wp-content\/uploads\/2026\/01\/1A-Banner-1-portada-imagen-10-1-copia-2-10.webp?resize=350%2C200&ssl=1 1x, https:\/\/i0.wp.com\/webdelmaestrocmf.com\/portal\/wp-content\/uploads\/2026\/01\/1A-Banner-1-portada-imagen-10-1-copia-2-10.webp?resize=525%2C300&ssl=1 1.5x, https:\/\/i0.wp.com\/webdelmaestrocmf.com\/portal\/wp-content\/uploads\/2026\/01\/1A-Banner-1-portada-imagen-10-1-copia-2-10.webp?resize=700%2C400&ssl=1 2x"},"classes":[]},{"id":116959,"url":"https:\/\/webdelmaestrocmf.com\/portal\/los-tres-pilares-urgentes-de-la-crianza-la-higiene-del-sueno-el-ejercicio-fisico-y-los-amigos\/","url_meta":{"origin":53246,"position":3},"title":"Los tres pilares urgentes de la crianza: la higiene del sue\u00f1o, el ejercicio f\u00edsico y los amigos","author":"Web del Maestro CMF","date":"26 marzo, 2026","format":false,"excerpt":"Gregorio Luri advierte que la crianza actual est\u00e1 fallando en lo esencial: sue\u00f1o, ejercicio y amistades. Sin estos pilares, los ni\u00f1os crecen m\u00e1s fr\u00e1giles, dependientes y menos preparados para la vida.","rel":"","context":"En \u00abBienestar Familiar\u00bb","block_context":{"text":"Bienestar Familiar","link":"https:\/\/webdelmaestrocmf.com\/portal\/category\/pedagogia\/bienestar-familiar\/"},"img":{"alt_text":"","src":"https:\/\/i0.wp.com\/webdelmaestrocmf.com\/portal\/wp-content\/uploads\/2026\/03\/1AA-Banner-1-portada-imagen-10-1-copia-7-3.webp?resize=350%2C200&ssl=1","width":350,"height":200,"srcset":"https:\/\/i0.wp.com\/webdelmaestrocmf.com\/portal\/wp-content\/uploads\/2026\/03\/1AA-Banner-1-portada-imagen-10-1-copia-7-3.webp?resize=350%2C200&ssl=1 1x, https:\/\/i0.wp.com\/webdelmaestrocmf.com\/portal\/wp-content\/uploads\/2026\/03\/1AA-Banner-1-portada-imagen-10-1-copia-7-3.webp?resize=525%2C300&ssl=1 1.5x, https:\/\/i0.wp.com\/webdelmaestrocmf.com\/portal\/wp-content\/uploads\/2026\/03\/1AA-Banner-1-portada-imagen-10-1-copia-7-3.webp?resize=700%2C400&ssl=1 2x, https:\/\/i0.wp.com\/webdelmaestrocmf.com\/portal\/wp-content\/uploads\/2026\/03\/1AA-Banner-1-portada-imagen-10-1-copia-7-3.webp?resize=1050%2C600&ssl=1 3x"},"classes":[]},{"id":112191,"url":"https:\/\/webdelmaestrocmf.com\/portal\/gregorio-luri-la-escritura-como-motor-de-pensamiento\/","url_meta":{"origin":53246,"position":4},"title":"Gregorio Luri: La escritura como motor de pensamiento","author":"Web del Maestro CMF","date":"17 septiembre, 2025","format":false,"excerpt":"Al escribir tienes que poner en palabras lo que piensas y eso te obliga a aclararlo y ordenarlo. En el proceso descubres lagunas, contradicciones y nuevas conexiones que no ve\u00edas solo pensando.","rel":"","context":"En \u00abCharlas\u00bb","block_context":{"text":"Charlas","link":"https:\/\/webdelmaestrocmf.com\/portal\/category\/charlas\/"},"img":{"alt_text":"","src":"https:\/\/i0.wp.com\/webdelmaestrocmf.com\/portal\/wp-content\/uploads\/2025\/09\/ggh.jpg?resize=350%2C200&ssl=1","width":350,"height":200,"srcset":"https:\/\/i0.wp.com\/webdelmaestrocmf.com\/portal\/wp-content\/uploads\/2025\/09\/ggh.jpg?resize=350%2C200&ssl=1 1x, https:\/\/i0.wp.com\/webdelmaestrocmf.com\/portal\/wp-content\/uploads\/2025\/09\/ggh.jpg?resize=525%2C300&ssl=1 1.5x, https:\/\/i0.wp.com\/webdelmaestrocmf.com\/portal\/wp-content\/uploads\/2025\/09\/ggh.jpg?resize=700%2C400&ssl=1 2x"},"classes":[]},{"id":118144,"url":"https:\/\/webdelmaestrocmf.com\/portal\/gregorio-luri-para-fomentar-el-pensamiento-critico-garanticemos-que-todos-salen-de-la-secundaria-sabiendo-leer-y-escribir\/","url_meta":{"origin":53246,"position":5},"title":"Gregorio Luri: Para fomentar el pensamiento cr\u00edtico, garanticemos que todos salen de la secundaria sabiendo leer y escribir","author":"Web del Maestro CMF","date":"22 abril, 2026","format":false,"excerpt":"Y si no, estamos diciendo tonter\u00edas. Uno de cada cuatro alumnos termina su escolaridad sin poder entender un texto m\u00ednimamente complejo.","rel":"","context":"En \u00abEntrevistas\u00bb","block_context":{"text":"Entrevistas","link":"https:\/\/webdelmaestrocmf.com\/portal\/category\/noticias\/entrevistas\/"},"img":{"alt_text":"","src":"https:\/\/i0.wp.com\/webdelmaestrocmf.com\/portal\/wp-content\/uploads\/2026\/04\/Portada-articulos-1.jpg?resize=350%2C200&ssl=1","width":350,"height":200,"srcset":"https:\/\/i0.wp.com\/webdelmaestrocmf.com\/portal\/wp-content\/uploads\/2026\/04\/Portada-articulos-1.jpg?resize=350%2C200&ssl=1 1x, https:\/\/i0.wp.com\/webdelmaestrocmf.com\/portal\/wp-content\/uploads\/2026\/04\/Portada-articulos-1.jpg?resize=525%2C300&ssl=1 1.5x, https:\/\/i0.wp.com\/webdelmaestrocmf.com\/portal\/wp-content\/uploads\/2026\/04\/Portada-articulos-1.jpg?resize=700%2C400&ssl=1 2x, https:\/\/i0.wp.com\/webdelmaestrocmf.com\/portal\/wp-content\/uploads\/2026\/04\/Portada-articulos-1.jpg?resize=1050%2C600&ssl=1 3x"},"classes":[]}],"_links":{"self":[{"href":"https:\/\/webdelmaestrocmf.com\/portal\/wp-json\/wp\/v2\/posts\/53246","targetHints":{"allow":["GET"]}}],"collection":[{"href":"https:\/\/webdelmaestrocmf.com\/portal\/wp-json\/wp\/v2\/posts"}],"about":[{"href":"https:\/\/webdelmaestrocmf.com\/portal\/wp-json\/wp\/v2\/types\/post"}],"author":[{"embeddable":true,"href":"https:\/\/webdelmaestrocmf.com\/portal\/wp-json\/wp\/v2\/users\/1"}],"replies":[{"embeddable":true,"href":"https:\/\/webdelmaestrocmf.com\/portal\/wp-json\/wp\/v2\/comments?post=53246"}],"version-history":[{"count":0,"href":"https:\/\/webdelmaestrocmf.com\/portal\/wp-json\/wp\/v2\/posts\/53246\/revisions"}],"wp:featuredmedia":[{"embeddable":true,"href":"https:\/\/webdelmaestrocmf.com\/portal\/wp-json\/wp\/v2\/media\/53247"}],"wp:attachment":[{"href":"https:\/\/webdelmaestrocmf.com\/portal\/wp-json\/wp\/v2\/media?parent=53246"}],"wp:term":[{"taxonomy":"category","embeddable":true,"href":"https:\/\/webdelmaestrocmf.com\/portal\/wp-json\/wp\/v2\/categories?post=53246"},{"taxonomy":"post_tag","embeddable":true,"href":"https:\/\/webdelmaestrocmf.com\/portal\/wp-json\/wp\/v2\/tags?post=53246"}],"curies":[{"name":"wp","href":"https:\/\/api.w.org\/{rel}","templated":true}]}}