{"id":53194,"date":"2020-10-17T23:58:09","date_gmt":"2020-10-18T02:58:09","guid":{"rendered":"https:\/\/webdelmaestrocmf.com\/portal\/?p=53194"},"modified":"2020-10-21T09:58:23","modified_gmt":"2020-10-21T12:58:23","slug":"profesor-de-historia-y-geografia-fue-decapitado-en-francia-segun-las-investigaciones-traicionado-por-sus-alumnos","status":"publish","type":"post","link":"https:\/\/webdelmaestrocmf.com\/portal\/profesor-de-historia-y-geografia-fue-decapitado-en-francia-segun-las-investigaciones-traicionado-por-sus-alumnos\/","title":{"rendered":"Profesor de historia y geograf\u00eda fue decapitado en Francia"},"content":{"rendered":"<div class=\"w-full\" role=\"banner\">\n<div class=\"sht mundoeuropa\">\n<h5 class=\"sht__summary\" style=\"text-align: justify;\">La polic\u00eda de Francia ha detenido a cuatro alumnos por su supuesta relaci\u00f3n con el asesinato del profesor Samuel Paty. El autor del crimen, Abdouallakh Anzorov, no lo conoc\u00eda, pero el d\u00eda del hecho fue guiado por algunos escolares.<\/h5>\n<\/div>\n<\/div>\n<p><!--more--><\/p>\n<h5 class=\"story-contents__font-paragraph \" style=\"text-align: justify;\">Los investigadores creen que varios alumnos se\u00f1alaron a cambio de dinero al profesor\u00a0Samuel Paty, asesinado el pasado viernes junto a la escuela en la que trabajaba en la regi\u00f3n de\u00a0Par\u00eds, al yihadista que lo decapit\u00f3.<\/h5>\n<p class=\"story-contents__font-paragraph \" style=\"text-align: justify;\">El ministro de Educaci\u00f3n, Jean-Michel Blanquer, indic\u00f3 este martes que\u00a0<i><b>\u201chay elementos que dejan pensar eso\u201d,<\/b><\/i>\u00a0horas despu\u00e9s de que se confirmara que tambi\u00e9n hab\u00edan sido detenidos cuatro estudiantes y que un quinto qued\u00f3 r\u00e1pidamente en libertad sin cargos, por las sospechas de su implicaci\u00f3n en el desarrollo del atentado.<\/p>\n<p class=\"story-contents__font-paragraph \" style=\"text-align: justify;\">En una entrevista al canal \u201cBFMTV\u201d, Blanquer subray\u00f3 que si se verifica esa versi\u00f3n\u00a0<i>\u201cser\u00eda de una extrema gravedad\u201d<\/i>\u00a0y vendr\u00eda a demostrar<i>\u00a0\u201cla penetraci\u00f3n entre los m\u00e1s j\u00f3venes de una cierta visi\u00f3n del mundo\u201d,<\/i>\u00a0la del<i><b>\u00a0\u201cislamismo fundamentalista\u201d<\/b><\/i>, a trav\u00e9s de las redes sociales y de ciertos organismos.<\/p>\n<p><img loading=\"lazy\" decoding=\"async\" class=\"alignnone size-full wp-image-53195\" src=\"https:\/\/webdelmaestrocmf.com\/portal\/wp-content\/uploads\/2020\/10\/1-90.jpg\" alt=\"\" width=\"1920\" height=\"1080\" srcset=\"https:\/\/webdelmaestrocmf.com\/portal\/wp-content\/uploads\/2020\/10\/1-90.jpg 1920w, https:\/\/webdelmaestrocmf.com\/portal\/wp-content\/uploads\/2020\/10\/1-90-300x169.jpg 300w, https:\/\/webdelmaestrocmf.com\/portal\/wp-content\/uploads\/2020\/10\/1-90-1024x576.jpg 1024w, https:\/\/webdelmaestrocmf.com\/portal\/wp-content\/uploads\/2020\/10\/1-90-768x432.jpg 768w, https:\/\/webdelmaestrocmf.com\/portal\/wp-content\/uploads\/2020\/10\/1-90-1536x864.jpg 1536w, https:\/\/webdelmaestrocmf.com\/portal\/wp-content\/uploads\/2020\/10\/1-90-110x62.jpg 110w, https:\/\/webdelmaestrocmf.com\/portal\/wp-content\/uploads\/2020\/10\/1-90-200x113.jpg 200w, https:\/\/webdelmaestrocmf.com\/portal\/wp-content\/uploads\/2020\/10\/1-90-380x214.jpg 380w, https:\/\/webdelmaestrocmf.com\/portal\/wp-content\/uploads\/2020\/10\/1-90-255x143.jpg 255w, https:\/\/webdelmaestrocmf.com\/portal\/wp-content\/uploads\/2020\/10\/1-90-550x309.jpg 550w, https:\/\/webdelmaestrocmf.com\/portal\/wp-content\/uploads\/2020\/10\/1-90-800x450.jpg 800w, https:\/\/webdelmaestrocmf.com\/portal\/wp-content\/uploads\/2020\/10\/1-90-1160x653.jpg 1160w, https:\/\/webdelmaestrocmf.com\/portal\/wp-content\/uploads\/2020\/10\/1-90-220x124.jpg 220w, https:\/\/webdelmaestrocmf.com\/portal\/wp-content\/uploads\/2020\/10\/1-90-400x225.jpg 400w, https:\/\/webdelmaestrocmf.com\/portal\/wp-content\/uploads\/2020\/10\/1-90-760x428.jpg 760w, https:\/\/webdelmaestrocmf.com\/portal\/wp-content\/uploads\/2020\/10\/1-90-510x287.jpg 510w, https:\/\/webdelmaestrocmf.com\/portal\/wp-content\/uploads\/2020\/10\/1-90-600x338.jpg 600w, https:\/\/webdelmaestrocmf.com\/portal\/wp-content\/uploads\/2020\/10\/1-90-1100x619.jpg 1100w, https:\/\/webdelmaestrocmf.com\/portal\/wp-content\/uploads\/2020\/10\/1-90-1600x900.jpg 1600w\" sizes=\"auto, (max-width: 1920px) 100vw, 1920px\" \/><\/p>\n<p class=\"story-contents__font-paragraph \" style=\"text-align: justify;\"><b>Abdouallakh Anzorov<\/b>, el joven asesino de 18 a\u00f1os de origen checheno que ten\u00eda el estatuto de refugiado en\u00a0<b>Francia\u00a0<\/b>como otros miembros de su familia, lleg\u00f3 el viernes desde Evreux, donde viv\u00eda, a la localidad de Conflans Sainte Honorine, donde se produjeron los hechos, sin conocer personalmente a\u00a0<b>Paty<\/b>.<\/p>\n<p class=\"story-contents__font-paragraph \" style=\"text-align: justify;\">Los primeros elementos apuntan a que se hab\u00eda informado, a trav\u00e9s de mensajes colgados en las redes sociales, de la pol\u00e9mica que hab\u00edan generado algunos padres de alumnos del colegio despu\u00e9s de que el profesor hubiera mostrado en una clase sobre la libertad de expresi\u00f3n las controvertidas caricaturas del profeta\u00a0<b>Mahoma<\/b>.<\/p>\n<p class=\"story-contents__font-paragraph \" style=\"text-align: justify;\">En particular el padre de una alumna -que hab\u00eda sido excluida previamente por razones de comportamiento- que colg\u00f3 un video acusatorio y lanz\u00f3 una campa\u00f1a contra el profesor, con la que dec\u00eda pretender que fuera sancionado.<\/p>\n<p><iframe loading=\"lazy\" src=\"https:\/\/www.youtube.com\/embed\/UTXTbjoSfTE\" width=\"100%\" height=\"400\" frameborder=\"0\" allowfullscreen=\"allowfullscreen\"><span data-mce-type=\"bookmark\" style=\"display: inline-block; width: 0px; overflow: hidden; line-height: 0;\" class=\"mce_SELRES_start\">\ufeff<\/span><\/iframe><\/p>\n<p class=\"story-contents__font-paragraph \" style=\"text-align: justify;\">El ministro de Educaci\u00f3n insisti\u00f3 en que \u201cnunca\u201d se contempl\u00f3 ninguna sanci\u00f3n, una tesis que deriva\u00a0<i>\u201cdel padre que est\u00e1 en el origen del asesinato\u201d<\/i>. Por el contrario, los responsables educativos \u201cofrecieron su apoyo del comienzo al final\u201d a\u00a0<b>Paty<\/b>, que present\u00f3 una denuncia por difamaci\u00f3n.<\/p>\n<p class=\"story-contents__font-paragraph \" style=\"text-align: justify;\">Blanquer adelant\u00f3 que, en el homenaje nacional que este mi\u00e9rcoles se le rendir\u00e1 al profesor de historia en la Universidad de la Sorbona, ser\u00e1 condecorado a t\u00edtulo p\u00f3stumo con la Legi\u00f3n de Honor, la mayor distinci\u00f3n oficial en Francia, y ser\u00e1 nombrado Comandante de las Palmas Acad\u00e9micas.<\/p>\n<p><img loading=\"lazy\" decoding=\"async\" class=\"alignnone size-full wp-image-53197\" src=\"https:\/\/webdelmaestrocmf.com\/portal\/wp-content\/uploads\/2020\/10\/1-91.jpg\" alt=\"\" width=\"2048\" height=\"1365\" srcset=\"https:\/\/webdelmaestrocmf.com\/portal\/wp-content\/uploads\/2020\/10\/1-91.jpg 2048w, https:\/\/webdelmaestrocmf.com\/portal\/wp-content\/uploads\/2020\/10\/1-91-300x200.jpg 300w, https:\/\/webdelmaestrocmf.com\/portal\/wp-content\/uploads\/2020\/10\/1-91-1024x683.jpg 1024w, https:\/\/webdelmaestrocmf.com\/portal\/wp-content\/uploads\/2020\/10\/1-91-768x512.jpg 768w, https:\/\/webdelmaestrocmf.com\/portal\/wp-content\/uploads\/2020\/10\/1-91-1536x1024.jpg 1536w, https:\/\/webdelmaestrocmf.com\/portal\/wp-content\/uploads\/2020\/10\/1-91-110x73.jpg 110w, https:\/\/webdelmaestrocmf.com\/portal\/wp-content\/uploads\/2020\/10\/1-91-200x133.jpg 200w, https:\/\/webdelmaestrocmf.com\/portal\/wp-content\/uploads\/2020\/10\/1-91-380x253.jpg 380w, https:\/\/webdelmaestrocmf.com\/portal\/wp-content\/uploads\/2020\/10\/1-91-255x170.jpg 255w, https:\/\/webdelmaestrocmf.com\/portal\/wp-content\/uploads\/2020\/10\/1-91-550x367.jpg 550w, https:\/\/webdelmaestrocmf.com\/portal\/wp-content\/uploads\/2020\/10\/1-91-800x533.jpg 800w, https:\/\/webdelmaestrocmf.com\/portal\/wp-content\/uploads\/2020\/10\/1-91-1160x773.jpg 1160w, https:\/\/webdelmaestrocmf.com\/portal\/wp-content\/uploads\/2020\/10\/1-91-220x147.jpg 220w, https:\/\/webdelmaestrocmf.com\/portal\/wp-content\/uploads\/2020\/10\/1-91-400x267.jpg 400w, https:\/\/webdelmaestrocmf.com\/portal\/wp-content\/uploads\/2020\/10\/1-91-760x507.jpg 760w, https:\/\/webdelmaestrocmf.com\/portal\/wp-content\/uploads\/2020\/10\/1-91-510x340.jpg 510w, https:\/\/webdelmaestrocmf.com\/portal\/wp-content\/uploads\/2020\/10\/1-91-600x400.jpg 600w, https:\/\/webdelmaestrocmf.com\/portal\/wp-content\/uploads\/2020\/10\/1-91-1100x733.jpg 1100w, https:\/\/webdelmaestrocmf.com\/portal\/wp-content\/uploads\/2020\/10\/1-91-1600x1066.jpg 1600w\" sizes=\"auto, (max-width: 2048px) 100vw, 2048px\" \/><\/p>\n<p class=\"story-contents__font-paragraph \" style=\"text-align: justify;\">El pr\u00f3ximo 2 de noviembre, a la vuelta de las vacaciones escolares de oto\u00f1o, en todas las escuelas de\u00a0<b>Francia\u00a0<\/b>se guardar\u00e1 un minuto de silencio en recuerdo de\u00a0<b>Paty\u00a0<\/b>y los alumnos que no lo respeten ser\u00e1n sancionados, para evitar que se repitan comportamientos del pasado por otros atentados yihadistas.<\/p>\n<p class=\"story-contents__font-paragraph \" style=\"text-align: justify;\">Adem\u00e1s, el Ministerio prepara una \u201csecuencia educativa\u201d en el que profesores, pero tambi\u00e9n abogados o periodistas hablar\u00e1n del laicismo, de la libertad de expresi\u00f3n o del respeto a los ense\u00f1antes. Blanquer habl\u00f3 de una \u201ccontraofensiva de la Rep\u00fablica\u201d.<\/p>\n<p><img loading=\"lazy\" decoding=\"async\" class=\"alignnone size-full wp-image-53198\" src=\"https:\/\/webdelmaestrocmf.com\/portal\/wp-content\/uploads\/2020\/10\/1-copia-65.jpg\" alt=\"\" width=\"1100\" height=\"680\" srcset=\"https:\/\/webdelmaestrocmf.com\/portal\/wp-content\/uploads\/2020\/10\/1-copia-65.jpg 1100w, https:\/\/webdelmaestrocmf.com\/portal\/wp-content\/uploads\/2020\/10\/1-copia-65-300x185.jpg 300w, https:\/\/webdelmaestrocmf.com\/portal\/wp-content\/uploads\/2020\/10\/1-copia-65-1024x633.jpg 1024w, https:\/\/webdelmaestrocmf.com\/portal\/wp-content\/uploads\/2020\/10\/1-copia-65-768x475.jpg 768w, https:\/\/webdelmaestrocmf.com\/portal\/wp-content\/uploads\/2020\/10\/1-copia-65-110x68.jpg 110w, https:\/\/webdelmaestrocmf.com\/portal\/wp-content\/uploads\/2020\/10\/1-copia-65-200x124.jpg 200w, https:\/\/webdelmaestrocmf.com\/portal\/wp-content\/uploads\/2020\/10\/1-copia-65-380x235.jpg 380w, https:\/\/webdelmaestrocmf.com\/portal\/wp-content\/uploads\/2020\/10\/1-copia-65-255x158.jpg 255w, https:\/\/webdelmaestrocmf.com\/portal\/wp-content\/uploads\/2020\/10\/1-copia-65-550x340.jpg 550w, https:\/\/webdelmaestrocmf.com\/portal\/wp-content\/uploads\/2020\/10\/1-copia-65-800x495.jpg 800w, https:\/\/webdelmaestrocmf.com\/portal\/wp-content\/uploads\/2020\/10\/1-copia-65-220x136.jpg 220w, https:\/\/webdelmaestrocmf.com\/portal\/wp-content\/uploads\/2020\/10\/1-copia-65-400x247.jpg 400w, https:\/\/webdelmaestrocmf.com\/portal\/wp-content\/uploads\/2020\/10\/1-copia-65-760x470.jpg 760w, https:\/\/webdelmaestrocmf.com\/portal\/wp-content\/uploads\/2020\/10\/1-copia-65-510x315.jpg 510w, https:\/\/webdelmaestrocmf.com\/portal\/wp-content\/uploads\/2020\/10\/1-copia-65-600x371.jpg 600w\" sizes=\"auto, (max-width: 1100px) 100vw, 1100px\" \/><\/p>\n<p class=\"story-contents__font-paragraph \" style=\"text-align: justify;\">Por otro lado, esta ma\u00f1ana la ministra encargada de la Ciudadan\u00eda, Marl\u00e8ne Schiappa, recibe a los dirigentes en Francia de diferentes redes sociales y plataformas (como Twitter, Facebook o Snapchat) para abordar la cuesti\u00f3n de la lucha contra la propagaci\u00f3n del integrismo isl\u00e1mico.<\/p>\n<div class=\"story-content__stamp-trust\">\n<p><strong>Este contenido ha sido publicado originalmente por El Comercio (Per\u00fa) en la siguiente direcci\u00f3n: <a href=\"http:\/\/elcomercio.pe\" target=\"_blank\" rel=\"noopener noreferrer\">elcomercio.pe<\/a><\/strong><\/p>\n\t\t<div class=\"pk-inline-posts\">\n\t\t\t\n\t\t\t<div class=\"pk-inline-posts-container pk-inline-posts-template-list\"\n\t\t\t\tdata-columns=\"1\">\n\t\t\t\t\t\t<article id=\"post-118197\" class=\"post-118197 post type-post status-publish format-standard has-post-thumbnail category-bienestar-familiar category-pedagogia category-violencia tag-convivencia-escolar tag-crianza tag-educacion-emocional-2 tag-estudiantes tag-familia tag-intervencion tag-prevencion tag-rol-docente tag-salud-mental tag-violencia-escolar cs-entry cs-video-wrap\">\n\t\t\t<div class=\"pk-post-outer\">\n\n\t\t\t\t\t\t\t\t<div class=\"pk-post-inner\">\n\t\t\t\t\t<div class=\"entry-thumbnail\">\n\t\t\t\t\t\t<div class=\"pk-overlay pk-overlay-ratio pk-ratio-landscape\">\n\t\t\t\t\t\t\t<div class=\"pk-overlay-background\">\n\t\t\t\t\t\t\t\t<a href=\"https:\/\/webdelmaestrocmf.com\/portal\/tu-hijo-normaliza-la-violencia-y-habla-de-venganza-senales-que-pueden-escalar-y-como-actuar-a-tiempo\/\" class=\"pk-overlay-link\">\n\t\t\t\t\t\t\t\t\t<img loading=\"lazy\" decoding=\"async\" width=\"300\" height=\"225\" src=\"https:\/\/webdelmaestrocmf.com\/portal\/wp-content\/uploads\/2026\/04\/1AA-Banner-1-portada-imagen-10-1-copia-3-6-300x225.webp\" class=\"attachment-pk-thumbnail size-pk-thumbnail wp-post-image\" alt=\"\" \/>\t\t\t\t\t\t\t\t<\/a>\n\t\t\t\t\t\t\t<\/div>\n\t\t\t\t\t\t<\/div>\n\t\t\t\t\t<\/div>\n\t\t\t\t<\/div>\n\t\t\t\t\n\t\t\t\t<div class=\"pk-post-inner\">\n\t\t\t\t\t<header>\n\t\t\t\t\t\t<h3 class=\"pk-title\"><a href=\"https:\/\/webdelmaestrocmf.com\/portal\/tu-hijo-normaliza-la-violencia-y-habla-de-venganza-senales-que-pueden-escalar-y-como-actuar-a-tiempo\/\" rel=\"bookmark\">\u00bfTu hijo normaliza la violencia y habla de venganza? Estas son las se\u00f1ales que pueden escalar y c\u00f3mo actuar a tiempo<\/a><\/h3>\t\t\t\t\t<\/header><!-- .entry-header -->\n\t\t\t\t<\/div><!-- .post-inner -->\n\n\t\t\t<\/div><!-- .post-outer -->\n\t\t<\/article>\n\t\t\t\t<\/div>\n\t\t<\/div>\n\t\t\n<\/div>\n","protected":false},"excerpt":{"rendered":"La polic\u00eda de Francia ha detenido a cuatro alumnos por su supuesta relaci\u00f3n con el asesinato del profesor&hellip;","protected":false},"author":1,"featured_media":53199,"comment_status":"open","ping_status":"closed","sticky":false,"template":"","format":"standard","meta":{"csco_display_header_overlay":false,"csco_singular_sidebar":"default","csco_page_header_type":"default","csco_page_load_nextpost":"default","csco_post_video_location":[],"csco_post_video_location_hash":"","csco_post_video_url":"","csco_post_video_bg_start_time":0,"csco_post_video_bg_end_time":0,"csco_post_video_bg_volume":false,"_jetpack_memberships_contains_paid_content":false,"footnotes":""},"categories":[735,587],"tags":[5875,3343,4455,1759,342],"class_list":{"0":"post-53194","1":"post","2":"type-post","3":"status-publish","4":"format-standard","5":"has-post-thumbnail","7":"category-pedagogia","8":"category-violencia","9":"tag-decapitado","10":"tag-francia","11":"tag-geografia","12":"tag-historia","13":"tag-profesor","14":"cs-entry","15":"cs-video-wrap"},"yoast_head":"<!-- This site is optimized with the Yoast SEO plugin v27.5 - https:\/\/yoast.com\/product\/yoast-seo-wordpress\/ -->\n<title>Profesor de historia y geograf\u00eda fue decapitado en Francia - 2026<\/title>\n<meta name=\"description\" content=\"La polic\u00eda de Francia ha detenido a cuatro alumnos por su supuesta relaci\u00f3n con el asesinato del profesor Samuel Paty. El autor del...\" \/>\n<meta name=\"robots\" content=\"index, follow, max-snippet:-1, max-image-preview:large, max-video-preview:-1\" \/>\n<link rel=\"canonical\" href=\"https:\/\/webdelmaestrocmf.com\/portal\/profesor-de-historia-y-geografia-fue-decapitado-en-francia-segun-las-investigaciones-traicionado-por-sus-alumnos\/\" \/>\n<meta property=\"og:locale\" content=\"es_ES\" \/>\n<meta property=\"og:type\" content=\"article\" \/>\n<meta property=\"og:title\" content=\"Profesor de historia y geograf\u00eda fue decapitado en Francia - 2026\" \/>\n<meta property=\"og:description\" content=\"La polic\u00eda de Francia ha detenido a cuatro alumnos por su supuesta relaci\u00f3n con el asesinato del profesor Samuel Paty. El autor del...\" \/>\n<meta property=\"og:url\" content=\"https:\/\/webdelmaestrocmf.com\/portal\/profesor-de-historia-y-geografia-fue-decapitado-en-francia-segun-las-investigaciones-traicionado-por-sus-alumnos\/\" \/>\n<meta property=\"og:site_name\" content=\"Web del Maestro CMF\" \/>\n<meta property=\"article:publisher\" content=\"https:\/\/www.facebook.com\/WebdelMaestroCMF\/\" \/>\n<meta property=\"article:author\" content=\"https:\/\/www.facebook.com\/WebdelMaestroCMF\/\" \/>\n<meta property=\"article:published_time\" content=\"2020-10-18T02:58:09+00:00\" \/>\n<meta property=\"article:modified_time\" content=\"2020-10-21T12:58:23+00:00\" \/>\n<meta property=\"og:image\" content=\"https:\/\/i0.wp.com\/webdelmaestrocmf.com\/portal\/wp-content\/uploads\/2020\/10\/1-copia-66.jpg?fit=1100%2C680&ssl=1\" \/>\n\t<meta property=\"og:image:width\" content=\"1100\" \/>\n\t<meta property=\"og:image:height\" content=\"680\" \/>\n\t<meta property=\"og:image:type\" content=\"image\/jpeg\" \/>\n<meta name=\"author\" content=\"Web del Maestro CMF\" \/>\n<meta name=\"twitter:card\" content=\"summary_large_image\" \/>\n<meta name=\"twitter:creator\" content=\"@cmf_w\" \/>\n<meta name=\"twitter:site\" content=\"@cmf_w\" \/>\n<script type=\"application\/ld+json\" class=\"yoast-schema-graph\">{\"@context\":\"https:\\\/\\\/schema.org\",\"@graph\":[{\"@type\":\"ScholarlyArticle\",\"@id\":\"https:\\\/\\\/webdelmaestrocmf.com\\\/portal\\\/profesor-de-historia-y-geografia-fue-decapitado-en-francia-segun-las-investigaciones-traicionado-por-sus-alumnos\\\/#article\",\"isPartOf\":{\"@id\":\"https:\\\/\\\/webdelmaestrocmf.com\\\/portal\\\/profesor-de-historia-y-geografia-fue-decapitado-en-francia-segun-las-investigaciones-traicionado-por-sus-alumnos\\\/\"},\"author\":{\"name\":\"Web del Maestro CMF\",\"@id\":\"https:\\\/\\\/webdelmaestrocmf.com\\\/portal\\\/#\\\/schema\\\/person\\\/1072a2ed7bd960df8ef99a551fa35dc5\"},\"headline\":\"Profesor de historia y geograf\u00eda fue decapitado en Francia\",\"datePublished\":\"2020-10-18T02:58:09+00:00\",\"dateModified\":\"2020-10-21T12:58:23+00:00\",\"mainEntityOfPage\":{\"@id\":\"https:\\\/\\\/webdelmaestrocmf.com\\\/portal\\\/profesor-de-historia-y-geografia-fue-decapitado-en-francia-segun-las-investigaciones-traicionado-por-sus-alumnos\\\/\"},\"wordCount\":620,\"commentCount\":0,\"publisher\":{\"@id\":\"https:\\\/\\\/webdelmaestrocmf.com\\\/portal\\\/#organization\"},\"image\":{\"@id\":\"https:\\\/\\\/webdelmaestrocmf.com\\\/portal\\\/profesor-de-historia-y-geografia-fue-decapitado-en-francia-segun-las-investigaciones-traicionado-por-sus-alumnos\\\/#primaryimage\"},\"thumbnailUrl\":\"https:\\\/\\\/webdelmaestrocmf.com\\\/portal\\\/wp-content\\\/uploads\\\/2020\\\/10\\\/1-copia-66.jpg\",\"keywords\":[\"decapitado\",\"FRANCIA\",\"geograf\u00eda\",\"HISTORIA\",\"profesor\"],\"articleSection\":[\"Recursos\",\"violencia\"],\"inLanguage\":\"es\",\"potentialAction\":[{\"@type\":\"CommentAction\",\"name\":\"Comment\",\"target\":[\"https:\\\/\\\/webdelmaestrocmf.com\\\/portal\\\/profesor-de-historia-y-geografia-fue-decapitado-en-francia-segun-las-investigaciones-traicionado-por-sus-alumnos\\\/#respond\"]}]},{\"@type\":\"WebPage\",\"@id\":\"https:\\\/\\\/webdelmaestrocmf.com\\\/portal\\\/profesor-de-historia-y-geografia-fue-decapitado-en-francia-segun-las-investigaciones-traicionado-por-sus-alumnos\\\/\",\"url\":\"https:\\\/\\\/webdelmaestrocmf.com\\\/portal\\\/profesor-de-historia-y-geografia-fue-decapitado-en-francia-segun-las-investigaciones-traicionado-por-sus-alumnos\\\/\",\"name\":\"Profesor de historia y geograf\u00eda fue decapitado en Francia - 2026\",\"isPartOf\":{\"@id\":\"https:\\\/\\\/webdelmaestrocmf.com\\\/portal\\\/#website\"},\"primaryImageOfPage\":{\"@id\":\"https:\\\/\\\/webdelmaestrocmf.com\\\/portal\\\/profesor-de-historia-y-geografia-fue-decapitado-en-francia-segun-las-investigaciones-traicionado-por-sus-alumnos\\\/#primaryimage\"},\"image\":{\"@id\":\"https:\\\/\\\/webdelmaestrocmf.com\\\/portal\\\/profesor-de-historia-y-geografia-fue-decapitado-en-francia-segun-las-investigaciones-traicionado-por-sus-alumnos\\\/#primaryimage\"},\"thumbnailUrl\":\"https:\\\/\\\/webdelmaestrocmf.com\\\/portal\\\/wp-content\\\/uploads\\\/2020\\\/10\\\/1-copia-66.jpg\",\"datePublished\":\"2020-10-18T02:58:09+00:00\",\"dateModified\":\"2020-10-21T12:58:23+00:00\",\"description\":\"La polic\u00eda de Francia ha detenido a cuatro alumnos por su supuesta relaci\u00f3n con el asesinato del profesor Samuel Paty. El autor del...\",\"breadcrumb\":{\"@id\":\"https:\\\/\\\/webdelmaestrocmf.com\\\/portal\\\/profesor-de-historia-y-geografia-fue-decapitado-en-francia-segun-las-investigaciones-traicionado-por-sus-alumnos\\\/#breadcrumb\"},\"inLanguage\":\"es\",\"potentialAction\":[{\"@type\":\"ReadAction\",\"target\":[\"https:\\\/\\\/webdelmaestrocmf.com\\\/portal\\\/profesor-de-historia-y-geografia-fue-decapitado-en-francia-segun-las-investigaciones-traicionado-por-sus-alumnos\\\/\"]}]},{\"@type\":\"ImageObject\",\"inLanguage\":\"es\",\"@id\":\"https:\\\/\\\/webdelmaestrocmf.com\\\/portal\\\/profesor-de-historia-y-geografia-fue-decapitado-en-francia-segun-las-investigaciones-traicionado-por-sus-alumnos\\\/#primaryimage\",\"url\":\"https:\\\/\\\/webdelmaestrocmf.com\\\/portal\\\/wp-content\\\/uploads\\\/2020\\\/10\\\/1-copia-66.jpg\",\"contentUrl\":\"https:\\\/\\\/webdelmaestrocmf.com\\\/portal\\\/wp-content\\\/uploads\\\/2020\\\/10\\\/1-copia-66.jpg\",\"width\":1100,\"height\":680},{\"@type\":\"BreadcrumbList\",\"@id\":\"https:\\\/\\\/webdelmaestrocmf.com\\\/portal\\\/profesor-de-historia-y-geografia-fue-decapitado-en-francia-segun-las-investigaciones-traicionado-por-sus-alumnos\\\/#breadcrumb\",\"itemListElement\":[{\"@type\":\"ListItem\",\"position\":1,\"name\":\"Portada\",\"item\":\"https:\\\/\\\/webdelmaestrocmf.com\\\/portal\\\/\"},{\"@type\":\"ListItem\",\"position\":2,\"name\":\"Recursos\",\"item\":\"https:\\\/\\\/webdelmaestrocmf.com\\\/portal\\\/category\\\/pedagogia\\\/\"},{\"@type\":\"ListItem\",\"position\":3,\"name\":\"Profesor de historia y geograf\u00eda fue decapitado en Francia\"}]},{\"@type\":\"WebSite\",\"@id\":\"https:\\\/\\\/webdelmaestrocmf.com\\\/portal\\\/#website\",\"url\":\"https:\\\/\\\/webdelmaestrocmf.com\\\/portal\\\/\",\"name\":\"Web del Maestro CMF\",\"description\":\"Maestros al servicio de la educaci\u00f3n\",\"publisher\":{\"@id\":\"https:\\\/\\\/webdelmaestrocmf.com\\\/portal\\\/#organization\"},\"alternateName\":\"WMCMF\",\"potentialAction\":[{\"@type\":\"SearchAction\",\"target\":{\"@type\":\"EntryPoint\",\"urlTemplate\":\"https:\\\/\\\/webdelmaestrocmf.com\\\/portal\\\/?s={search_term_string}\"},\"query-input\":{\"@type\":\"PropertyValueSpecification\",\"valueRequired\":true,\"valueName\":\"search_term_string\"}}],\"inLanguage\":\"es\"},{\"@type\":\"Organization\",\"@id\":\"https:\\\/\\\/webdelmaestrocmf.com\\\/portal\\\/#organization\",\"name\":\"Web del Maestro CMF\",\"alternateName\":\"WMCMF\",\"url\":\"https:\\\/\\\/webdelmaestrocmf.com\\\/portal\\\/\",\"logo\":{\"@type\":\"ImageObject\",\"inLanguage\":\"es\",\"@id\":\"https:\\\/\\\/webdelmaestrocmf.com\\\/portal\\\/#\\\/schema\\\/logo\\\/image\\\/\",\"url\":\"https:\\\/\\\/webdelmaestrocmf.com\\\/portal\\\/wp-content\\\/uploads\\\/2023\\\/01\\\/logo-wmcmf-2.png\",\"contentUrl\":\"https:\\\/\\\/webdelmaestrocmf.com\\\/portal\\\/wp-content\\\/uploads\\\/2023\\\/01\\\/logo-wmcmf-2.png\",\"width\":200,\"height\":60,\"caption\":\"Web del Maestro CMF\"},\"image\":{\"@id\":\"https:\\\/\\\/webdelmaestrocmf.com\\\/portal\\\/#\\\/schema\\\/logo\\\/image\\\/\"},\"sameAs\":[\"https:\\\/\\\/www.facebook.com\\\/WebdelMaestroCMF\\\/\",\"https:\\\/\\\/x.com\\\/cmf_w\",\"https:\\\/\\\/www.pinterest.com\\\/WMCMF\\\/\",\"https:\\\/\\\/www.linkedin.com\\\/company\\\/web-del-maestro-cmf\\\/\",\"https:\\\/\\\/www.instagram.com\\\/wmcmf\\\/\",\"https:\\\/\\\/www.youtube.com\\\/channel\\\/UCDPSvjbdodE5sHnC3OxutHw\",\"https:\\\/\\\/mastodon.social\\\/@wmcmf\",\"https:\\\/\\\/www.tiktok.com\\\/@webdelmaestrocmf\"]},{\"@type\":\"Person\",\"@id\":\"https:\\\/\\\/webdelmaestrocmf.com\\\/portal\\\/#\\\/schema\\\/person\\\/1072a2ed7bd960df8ef99a551fa35dc5\",\"name\":\"Web del Maestro CMF\",\"image\":{\"@type\":\"ImageObject\",\"inLanguage\":\"es\",\"@id\":\"https:\\\/\\\/secure.gravatar.com\\\/avatar\\\/23291dd5b5ae1077dcff3dbb04c3e02bd28403fa75af6d8787d5e97c5bbbe30b?s=96&d=mm&r=g\",\"url\":\"https:\\\/\\\/secure.gravatar.com\\\/avatar\\\/23291dd5b5ae1077dcff3dbb04c3e02bd28403fa75af6d8787d5e97c5bbbe30b?s=96&d=mm&r=g\",\"contentUrl\":\"https:\\\/\\\/secure.gravatar.com\\\/avatar\\\/23291dd5b5ae1077dcff3dbb04c3e02bd28403fa75af6d8787d5e97c5bbbe30b?s=96&d=mm&r=g\",\"caption\":\"Web del Maestro CMF\"},\"description\":\"Esta Web se cre\u00f3 sin fines de lucro, con fines educativos, cient\u00edficos y acad\u00e9micos, para personas que tengan dificultades y\\\/o inconvenientes en visualizar el material original. El objetivo es entregar recursos, compartir experiencias y materiales que ayuden a los padres de familia, maestros y estudiantes en su actualizaci\u00f3n y formaci\u00f3n permanente, en bien de la Educaci\u00f3n.\",\"sameAs\":[\"http:\\\/\\\/webdelmaestrocmf.com\\\/portal\",\"https:\\\/\\\/www.facebook.com\\\/WebdelMaestroCMF\\\/\",\"https:\\\/\\\/www.instagram.com\\\/wmcmf\\\/\",\"https:\\\/\\\/cl.linkedin.com\\\/company\\\/web-del-maestro-cmf\",\"https:\\\/\\\/www.pinterest.com\\\/WMCMF\\\/publicaciones\\\/\",\"https:\\\/\\\/x.com\\\/cmf_w\",\"https:\\\/\\\/www.youtube.com\\\/@WMCMF\"]}]}<\/script>\n<!-- \/ Yoast SEO plugin. -->","yoast_head_json":{"title":"Profesor de historia y geograf\u00eda fue decapitado en Francia - 2026","description":"La polic\u00eda de Francia ha detenido a cuatro alumnos por su supuesta relaci\u00f3n con el asesinato del profesor Samuel Paty. El autor del...","robots":{"index":"index","follow":"follow","max-snippet":"max-snippet:-1","max-image-preview":"max-image-preview:large","max-video-preview":"max-video-preview:-1"},"canonical":"https:\/\/webdelmaestrocmf.com\/portal\/profesor-de-historia-y-geografia-fue-decapitado-en-francia-segun-las-investigaciones-traicionado-por-sus-alumnos\/","og_locale":"es_ES","og_type":"article","og_title":"Profesor de historia y geograf\u00eda fue decapitado en Francia - 2026","og_description":"La polic\u00eda de Francia ha detenido a cuatro alumnos por su supuesta relaci\u00f3n con el asesinato del profesor Samuel Paty. El autor del...","og_url":"https:\/\/webdelmaestrocmf.com\/portal\/profesor-de-historia-y-geografia-fue-decapitado-en-francia-segun-las-investigaciones-traicionado-por-sus-alumnos\/","og_site_name":"Web del Maestro CMF","article_publisher":"https:\/\/www.facebook.com\/WebdelMaestroCMF\/","article_author":"https:\/\/www.facebook.com\/WebdelMaestroCMF\/","article_published_time":"2020-10-18T02:58:09+00:00","article_modified_time":"2020-10-21T12:58:23+00:00","og_image":[{"width":1100,"height":680,"url":"https:\/\/i0.wp.com\/webdelmaestrocmf.com\/portal\/wp-content\/uploads\/2020\/10\/1-copia-66.jpg?fit=1100%2C680&ssl=1","type":"image\/jpeg"}],"author":"Web del Maestro CMF","twitter_card":"summary_large_image","twitter_creator":"@cmf_w","twitter_site":"@cmf_w","schema":{"@context":"https:\/\/schema.org","@graph":[{"@type":"ScholarlyArticle","@id":"https:\/\/webdelmaestrocmf.com\/portal\/profesor-de-historia-y-geografia-fue-decapitado-en-francia-segun-las-investigaciones-traicionado-por-sus-alumnos\/#article","isPartOf":{"@id":"https:\/\/webdelmaestrocmf.com\/portal\/profesor-de-historia-y-geografia-fue-decapitado-en-francia-segun-las-investigaciones-traicionado-por-sus-alumnos\/"},"author":{"name":"Web del Maestro CMF","@id":"https:\/\/webdelmaestrocmf.com\/portal\/#\/schema\/person\/1072a2ed7bd960df8ef99a551fa35dc5"},"headline":"Profesor de historia y geograf\u00eda fue decapitado en Francia","datePublished":"2020-10-18T02:58:09+00:00","dateModified":"2020-10-21T12:58:23+00:00","mainEntityOfPage":{"@id":"https:\/\/webdelmaestrocmf.com\/portal\/profesor-de-historia-y-geografia-fue-decapitado-en-francia-segun-las-investigaciones-traicionado-por-sus-alumnos\/"},"wordCount":620,"commentCount":0,"publisher":{"@id":"https:\/\/webdelmaestrocmf.com\/portal\/#organization"},"image":{"@id":"https:\/\/webdelmaestrocmf.com\/portal\/profesor-de-historia-y-geografia-fue-decapitado-en-francia-segun-las-investigaciones-traicionado-por-sus-alumnos\/#primaryimage"},"thumbnailUrl":"https:\/\/webdelmaestrocmf.com\/portal\/wp-content\/uploads\/2020\/10\/1-copia-66.jpg","keywords":["decapitado","FRANCIA","geograf\u00eda","HISTORIA","profesor"],"articleSection":["Recursos","violencia"],"inLanguage":"es","potentialAction":[{"@type":"CommentAction","name":"Comment","target":["https:\/\/webdelmaestrocmf.com\/portal\/profesor-de-historia-y-geografia-fue-decapitado-en-francia-segun-las-investigaciones-traicionado-por-sus-alumnos\/#respond"]}]},{"@type":"WebPage","@id":"https:\/\/webdelmaestrocmf.com\/portal\/profesor-de-historia-y-geografia-fue-decapitado-en-francia-segun-las-investigaciones-traicionado-por-sus-alumnos\/","url":"https:\/\/webdelmaestrocmf.com\/portal\/profesor-de-historia-y-geografia-fue-decapitado-en-francia-segun-las-investigaciones-traicionado-por-sus-alumnos\/","name":"Profesor de historia y geograf\u00eda fue decapitado en Francia - 2026","isPartOf":{"@id":"https:\/\/webdelmaestrocmf.com\/portal\/#website"},"primaryImageOfPage":{"@id":"https:\/\/webdelmaestrocmf.com\/portal\/profesor-de-historia-y-geografia-fue-decapitado-en-francia-segun-las-investigaciones-traicionado-por-sus-alumnos\/#primaryimage"},"image":{"@id":"https:\/\/webdelmaestrocmf.com\/portal\/profesor-de-historia-y-geografia-fue-decapitado-en-francia-segun-las-investigaciones-traicionado-por-sus-alumnos\/#primaryimage"},"thumbnailUrl":"https:\/\/webdelmaestrocmf.com\/portal\/wp-content\/uploads\/2020\/10\/1-copia-66.jpg","datePublished":"2020-10-18T02:58:09+00:00","dateModified":"2020-10-21T12:58:23+00:00","description":"La polic\u00eda de Francia ha detenido a cuatro alumnos por su supuesta relaci\u00f3n con el asesinato del profesor Samuel Paty. El autor del...","breadcrumb":{"@id":"https:\/\/webdelmaestrocmf.com\/portal\/profesor-de-historia-y-geografia-fue-decapitado-en-francia-segun-las-investigaciones-traicionado-por-sus-alumnos\/#breadcrumb"},"inLanguage":"es","potentialAction":[{"@type":"ReadAction","target":["https:\/\/webdelmaestrocmf.com\/portal\/profesor-de-historia-y-geografia-fue-decapitado-en-francia-segun-las-investigaciones-traicionado-por-sus-alumnos\/"]}]},{"@type":"ImageObject","inLanguage":"es","@id":"https:\/\/webdelmaestrocmf.com\/portal\/profesor-de-historia-y-geografia-fue-decapitado-en-francia-segun-las-investigaciones-traicionado-por-sus-alumnos\/#primaryimage","url":"https:\/\/webdelmaestrocmf.com\/portal\/wp-content\/uploads\/2020\/10\/1-copia-66.jpg","contentUrl":"https:\/\/webdelmaestrocmf.com\/portal\/wp-content\/uploads\/2020\/10\/1-copia-66.jpg","width":1100,"height":680},{"@type":"BreadcrumbList","@id":"https:\/\/webdelmaestrocmf.com\/portal\/profesor-de-historia-y-geografia-fue-decapitado-en-francia-segun-las-investigaciones-traicionado-por-sus-alumnos\/#breadcrumb","itemListElement":[{"@type":"ListItem","position":1,"name":"Portada","item":"https:\/\/webdelmaestrocmf.com\/portal\/"},{"@type":"ListItem","position":2,"name":"Recursos","item":"https:\/\/webdelmaestrocmf.com\/portal\/category\/pedagogia\/"},{"@type":"ListItem","position":3,"name":"Profesor de historia y geograf\u00eda fue decapitado en Francia"}]},{"@type":"WebSite","@id":"https:\/\/webdelmaestrocmf.com\/portal\/#website","url":"https:\/\/webdelmaestrocmf.com\/portal\/","name":"Web del Maestro CMF","description":"Maestros al servicio de la educaci\u00f3n","publisher":{"@id":"https:\/\/webdelmaestrocmf.com\/portal\/#organization"},"alternateName":"WMCMF","potentialAction":[{"@type":"SearchAction","target":{"@type":"EntryPoint","urlTemplate":"https:\/\/webdelmaestrocmf.com\/portal\/?s={search_term_string}"},"query-input":{"@type":"PropertyValueSpecification","valueRequired":true,"valueName":"search_term_string"}}],"inLanguage":"es"},{"@type":"Organization","@id":"https:\/\/webdelmaestrocmf.com\/portal\/#organization","name":"Web del Maestro CMF","alternateName":"WMCMF","url":"https:\/\/webdelmaestrocmf.com\/portal\/","logo":{"@type":"ImageObject","inLanguage":"es","@id":"https:\/\/webdelmaestrocmf.com\/portal\/#\/schema\/logo\/image\/","url":"https:\/\/webdelmaestrocmf.com\/portal\/wp-content\/uploads\/2023\/01\/logo-wmcmf-2.png","contentUrl":"https:\/\/webdelmaestrocmf.com\/portal\/wp-content\/uploads\/2023\/01\/logo-wmcmf-2.png","width":200,"height":60,"caption":"Web del Maestro CMF"},"image":{"@id":"https:\/\/webdelmaestrocmf.com\/portal\/#\/schema\/logo\/image\/"},"sameAs":["https:\/\/www.facebook.com\/WebdelMaestroCMF\/","https:\/\/x.com\/cmf_w","https:\/\/www.pinterest.com\/WMCMF\/","https:\/\/www.linkedin.com\/company\/web-del-maestro-cmf\/","https:\/\/www.instagram.com\/wmcmf\/","https:\/\/www.youtube.com\/channel\/UCDPSvjbdodE5sHnC3OxutHw","https:\/\/mastodon.social\/@wmcmf","https:\/\/www.tiktok.com\/@webdelmaestrocmf"]},{"@type":"Person","@id":"https:\/\/webdelmaestrocmf.com\/portal\/#\/schema\/person\/1072a2ed7bd960df8ef99a551fa35dc5","name":"Web del Maestro CMF","image":{"@type":"ImageObject","inLanguage":"es","@id":"https:\/\/secure.gravatar.com\/avatar\/23291dd5b5ae1077dcff3dbb04c3e02bd28403fa75af6d8787d5e97c5bbbe30b?s=96&d=mm&r=g","url":"https:\/\/secure.gravatar.com\/avatar\/23291dd5b5ae1077dcff3dbb04c3e02bd28403fa75af6d8787d5e97c5bbbe30b?s=96&d=mm&r=g","contentUrl":"https:\/\/secure.gravatar.com\/avatar\/23291dd5b5ae1077dcff3dbb04c3e02bd28403fa75af6d8787d5e97c5bbbe30b?s=96&d=mm&r=g","caption":"Web del Maestro CMF"},"description":"Esta Web se cre\u00f3 sin fines de lucro, con fines educativos, cient\u00edficos y acad\u00e9micos, para personas que tengan dificultades y\/o inconvenientes en visualizar el material original. El objetivo es entregar recursos, compartir experiencias y materiales que ayuden a los padres de familia, maestros y estudiantes en su actualizaci\u00f3n y formaci\u00f3n permanente, en bien de la Educaci\u00f3n.","sameAs":["http:\/\/webdelmaestrocmf.com\/portal","https:\/\/www.facebook.com\/WebdelMaestroCMF\/","https:\/\/www.instagram.com\/wmcmf\/","https:\/\/cl.linkedin.com\/company\/web-del-maestro-cmf","https:\/\/www.pinterest.com\/WMCMF\/publicaciones\/","https:\/\/x.com\/cmf_w","https:\/\/www.youtube.com\/@WMCMF"]}]}},"jetpack_featured_media_url":"https:\/\/webdelmaestrocmf.com\/portal\/wp-content\/uploads\/2020\/10\/1-copia-66.jpg","jetpack_sharing_enabled":true,"jetpack-related-posts":[{"id":53594,"url":"https:\/\/webdelmaestrocmf.com\/portal\/camerun-guerrilleros-asesinan-a-estudiantes-dentro-de-su-escuela\/","url_meta":{"origin":53194,"position":0},"title":"Camer\u00fan: guerrilleros asesinan a estudiantes dentro de su escuela","author":"Web del Maestro CMF","date":"28 octubre, 2020","format":false,"excerpt":"Hace poco tiempo las noticias nos hac\u00edan conocer el asesinato del profesor Samuel Paty en Francia, por un adolescente checheno que lo decapit\u00f3 por mostrar caricaturas del profeta Mahoma en el aula de su clase.\u00a0 \u00c9ste \u201cse hab\u00eda puesto en contacto con un padre de familia de la escuela que,\u2026","rel":"","context":"En \u00abRecursos\u00bb","block_context":{"text":"Recursos","link":"https:\/\/webdelmaestrocmf.com\/portal\/category\/pedagogia\/"},"img":{"alt_text":"","src":"https:\/\/i0.wp.com\/webdelmaestrocmf.com\/portal\/wp-content\/uploads\/2020\/10\/1jpg-14.jpg?resize=350%2C200&ssl=1","width":350,"height":200,"srcset":"https:\/\/i0.wp.com\/webdelmaestrocmf.com\/portal\/wp-content\/uploads\/2020\/10\/1jpg-14.jpg?resize=350%2C200&ssl=1 1x, https:\/\/i0.wp.com\/webdelmaestrocmf.com\/portal\/wp-content\/uploads\/2020\/10\/1jpg-14.jpg?resize=525%2C300&ssl=1 1.5x, https:\/\/i0.wp.com\/webdelmaestrocmf.com\/portal\/wp-content\/uploads\/2020\/10\/1jpg-14.jpg?resize=700%2C400&ssl=1 2x, https:\/\/i0.wp.com\/webdelmaestrocmf.com\/portal\/wp-content\/uploads\/2020\/10\/1jpg-14.jpg?resize=1050%2C600&ssl=1 3x"},"classes":[]},{"id":47797,"url":"https:\/\/webdelmaestrocmf.com\/portal\/los-mejores-recursos-tic-para-docentes-de-historia-geografia-y-ciencias-sociales\/","url_meta":{"origin":53194,"position":1},"title":"Los mejores recursos TIC para docentes de Historia, Geograf\u00eda y Ciencias Sociales","author":"Web del Maestro CMF","date":"4 febrero, 2025","format":false,"excerpt":"En la ense\u00f1anza de la historia, geograf\u00eda o ciencias sociales, el uso de recursos digitales est\u00e1 en aumento. La posibilidad de interactuar con mapas, acceder a documentos antiguos y compartir archivos sonoros y visuales enriquece el trabajo en el aula. Los recursos digitales tambi\u00e9n contribuyen a la formaci\u00f3n de una\u2026","rel":"","context":"En \u00abHistoria\u00bb","block_context":{"text":"Historia","link":"https:\/\/webdelmaestrocmf.com\/portal\/category\/pedagogia\/historia\/"},"img":{"alt_text":"","src":"https:\/\/i0.wp.com\/webdelmaestrocmf.com\/portal\/wp-content\/uploads\/2020\/06\/1A-Banner-1-portada-imagen-10-1-57.jpg?resize=350%2C200&ssl=1","width":350,"height":200,"srcset":"https:\/\/i0.wp.com\/webdelmaestrocmf.com\/portal\/wp-content\/uploads\/2020\/06\/1A-Banner-1-portada-imagen-10-1-57.jpg?resize=350%2C200&ssl=1 1x, https:\/\/i0.wp.com\/webdelmaestrocmf.com\/portal\/wp-content\/uploads\/2020\/06\/1A-Banner-1-portada-imagen-10-1-57.jpg?resize=525%2C300&ssl=1 1.5x, https:\/\/i0.wp.com\/webdelmaestrocmf.com\/portal\/wp-content\/uploads\/2020\/06\/1A-Banner-1-portada-imagen-10-1-57.jpg?resize=700%2C400&ssl=1 2x"},"classes":[]},{"id":101714,"url":"https:\/\/webdelmaestrocmf.com\/portal\/peliculas-para-docentes-en-estas-vacaciones\/","url_meta":{"origin":53194,"position":2},"title":"Pel\u00edculas recomendadas para docentes en vacaciones","author":"Web del Maestro CMF","date":"15 diciembre, 2023","format":false,"excerpt":"En estas vacaciones, los docentes pueden encontrar inspiraci\u00f3n y reflexi\u00f3n en pel\u00edculas que exploran temas fundamentales como el amor familiar, el sacrificio, el talento, la vocaci\u00f3n docente, la importancia de la educaci\u00f3n, la pobreza, la discriminaci\u00f3n, la corrupci\u00f3n y el abuso de poder. A continuaci\u00f3n, presentamos una selecci\u00f3n de pel\u00edculas\u2026","rel":"","context":"En \u00abPel\u00edculas\u00bb","block_context":{"text":"Pel\u00edculas","link":"https:\/\/webdelmaestrocmf.com\/portal\/category\/pedagogia\/peliculas\/"},"img":{"alt_text":"","src":"https:\/\/i0.wp.com\/webdelmaestrocmf.com\/portal\/wp-content\/uploads\/2023\/12\/Banner-1-portada-imagen-10-1-17.jpg?resize=350%2C200&ssl=1","width":350,"height":200,"srcset":"https:\/\/i0.wp.com\/webdelmaestrocmf.com\/portal\/wp-content\/uploads\/2023\/12\/Banner-1-portada-imagen-10-1-17.jpg?resize=350%2C200&ssl=1 1x, https:\/\/i0.wp.com\/webdelmaestrocmf.com\/portal\/wp-content\/uploads\/2023\/12\/Banner-1-portada-imagen-10-1-17.jpg?resize=525%2C300&ssl=1 1.5x, https:\/\/i0.wp.com\/webdelmaestrocmf.com\/portal\/wp-content\/uploads\/2023\/12\/Banner-1-portada-imagen-10-1-17.jpg?resize=700%2C400&ssl=1 2x"},"classes":[]},{"id":114014,"url":"https:\/\/webdelmaestrocmf.com\/portal\/viral-una-profesora-le-pregunto-a-sus-alumnos-en-estados-unidos-cual-es-la-capital-de-argentina-y-la-respuesta-sorprendio\/","url_meta":{"origin":53194,"position":3},"title":"Viral: Una profesora le pregunt\u00f3 a sus alumnos en Estados Unidos cu\u00e1l es la capital de Argentina, y la respuesta sorprendi\u00f3","author":"Web del Maestro CMF","date":"13 diciembre, 2025","format":false,"excerpt":"La influencia de la cultura popular global en los procesos de aprendizaje infantil.","rel":"","context":"En \u00abNoticias Internacionales\u00bb","block_context":{"text":"Noticias Internacionales","link":"https:\/\/webdelmaestrocmf.com\/portal\/category\/noticias-internacionales\/"},"img":{"alt_text":"","src":"https:\/\/i0.wp.com\/webdelmaestrocmf.com\/portal\/wp-content\/uploads\/2025\/12\/1A-Banner-1-portada-imagen-10-1-copia-2-5.webp?resize=350%2C200&ssl=1","width":350,"height":200,"srcset":"https:\/\/i0.wp.com\/webdelmaestrocmf.com\/portal\/wp-content\/uploads\/2025\/12\/1A-Banner-1-portada-imagen-10-1-copia-2-5.webp?resize=350%2C200&ssl=1 1x, https:\/\/i0.wp.com\/webdelmaestrocmf.com\/portal\/wp-content\/uploads\/2025\/12\/1A-Banner-1-portada-imagen-10-1-copia-2-5.webp?resize=525%2C300&ssl=1 1.5x, https:\/\/i0.wp.com\/webdelmaestrocmf.com\/portal\/wp-content\/uploads\/2025\/12\/1A-Banner-1-portada-imagen-10-1-copia-2-5.webp?resize=700%2C400&ssl=1 2x"},"classes":[]},{"id":18989,"url":"https:\/\/webdelmaestrocmf.com\/portal\/profesor-peruano-se-disfraza-personajes-ensenar-historia-alumnos\/","url_meta":{"origin":53194,"position":4},"title":"PROFESOR SE DISFRAZA DE PERSONAJES PARA ENSE\u00d1AR HISTORIA A SUS ALUMNOS","author":"Web del Maestro CMF","date":"2 junio, 2017","format":false,"excerpt":"Fidel Berrospi, de 56 a\u00f1os, es quiz\u00e1s el profesor m\u00e1s querido en el Per\u00fa. Su historia, alentadora y pintoresca, conmueve al mundo. Se levanta temprano todas las ma\u00f1anas para asistir al colegio y cada d\u00eda se disfraza de un personaje distinto para ense\u00f1ar Historia a sus alumnos. Es as\u00ed que\u2026","rel":"","context":"En \u00abSin categor\u00eda\u00bb","block_context":{"text":"Sin categor\u00eda","link":"https:\/\/webdelmaestrocmf.com\/portal\/category\/sin-categoria-es\/"},"img":{"alt_text":"","src":"https:\/\/i0.wp.com\/webdelmaestrocmf.com\/portal\/wp-content\/uploads\/2017\/06\/Profesor-de-Historia.jpg?resize=350%2C200&ssl=1","width":350,"height":200,"srcset":"https:\/\/i0.wp.com\/webdelmaestrocmf.com\/portal\/wp-content\/uploads\/2017\/06\/Profesor-de-Historia.jpg?resize=350%2C200&ssl=1 1x, https:\/\/i0.wp.com\/webdelmaestrocmf.com\/portal\/wp-content\/uploads\/2017\/06\/Profesor-de-Historia.jpg?resize=525%2C300&ssl=1 1.5x, https:\/\/i0.wp.com\/webdelmaestrocmf.com\/portal\/wp-content\/uploads\/2017\/06\/Profesor-de-Historia.jpg?resize=700%2C400&ssl=1 2x"},"classes":[]},{"id":89255,"url":"https:\/\/webdelmaestrocmf.com\/portal\/rosa-liarte-no-podemos-pretender-que-de-la-noche-a-la-manana-todo-el-profesorado-cambie\/","url_meta":{"origin":53194,"position":5},"title":"Rosa Liarte: No podemos pretender que de la noche a la ma\u00f1ana todo el profesorado cambie","author":"Web del Maestro CMF","date":"22 mayo, 2023","format":false,"excerpt":"La profesora espa\u00f1ola Rosa Liarte Alcaine (1984) Licenciada en Historia por la Universidad de M\u00e1laga (Espa\u00f1a), inici\u00f3 su labor docente como profesora de Geograf\u00eda e Historia, coordinadora TIC, responsable de la formaci\u00f3n del profesorado en el uso de las TICS y metodolog\u00edas como ABP, y el aula invertida o Mobile\u2026","rel":"","context":"En \u00abEntrevistas\u00bb","block_context":{"text":"Entrevistas","link":"https:\/\/webdelmaestrocmf.com\/portal\/category\/noticias\/entrevistas\/"},"img":{"alt_text":"","src":"https:\/\/i0.wp.com\/webdelmaestrocmf.com\/portal\/wp-content\/uploads\/2023\/05\/A12B3C4D-15.jpg?resize=350%2C200&ssl=1","width":350,"height":200,"srcset":"https:\/\/i0.wp.com\/webdelmaestrocmf.com\/portal\/wp-content\/uploads\/2023\/05\/A12B3C4D-15.jpg?resize=350%2C200&ssl=1 1x, https:\/\/i0.wp.com\/webdelmaestrocmf.com\/portal\/wp-content\/uploads\/2023\/05\/A12B3C4D-15.jpg?resize=525%2C300&ssl=1 1.5x, https:\/\/i0.wp.com\/webdelmaestrocmf.com\/portal\/wp-content\/uploads\/2023\/05\/A12B3C4D-15.jpg?resize=700%2C400&ssl=1 2x"},"classes":[]}],"_links":{"self":[{"href":"https:\/\/webdelmaestrocmf.com\/portal\/wp-json\/wp\/v2\/posts\/53194","targetHints":{"allow":["GET"]}}],"collection":[{"href":"https:\/\/webdelmaestrocmf.com\/portal\/wp-json\/wp\/v2\/posts"}],"about":[{"href":"https:\/\/webdelmaestrocmf.com\/portal\/wp-json\/wp\/v2\/types\/post"}],"author":[{"embeddable":true,"href":"https:\/\/webdelmaestrocmf.com\/portal\/wp-json\/wp\/v2\/users\/1"}],"replies":[{"embeddable":true,"href":"https:\/\/webdelmaestrocmf.com\/portal\/wp-json\/wp\/v2\/comments?post=53194"}],"version-history":[{"count":0,"href":"https:\/\/webdelmaestrocmf.com\/portal\/wp-json\/wp\/v2\/posts\/53194\/revisions"}],"wp:featuredmedia":[{"embeddable":true,"href":"https:\/\/webdelmaestrocmf.com\/portal\/wp-json\/wp\/v2\/media\/53199"}],"wp:attachment":[{"href":"https:\/\/webdelmaestrocmf.com\/portal\/wp-json\/wp\/v2\/media?parent=53194"}],"wp:term":[{"taxonomy":"category","embeddable":true,"href":"https:\/\/webdelmaestrocmf.com\/portal\/wp-json\/wp\/v2\/categories?post=53194"},{"taxonomy":"post_tag","embeddable":true,"href":"https:\/\/webdelmaestrocmf.com\/portal\/wp-json\/wp\/v2\/tags?post=53194"}],"curies":[{"name":"wp","href":"https:\/\/api.w.org\/{rel}","templated":true}]}}