{"id":52931,"date":"2020-10-16T19:38:37","date_gmt":"2020-10-16T22:38:37","guid":{"rendered":"https:\/\/webdelmaestrocmf.com\/portal\/?p=52931"},"modified":"2023-10-18T00:11:04","modified_gmt":"2023-10-18T03:11:04","slug":"programar-o-crear-reunion-en-microsoft-team-y-compartir-el-enlace-por-correo-o-whatsapp","status":"publish","type":"post","link":"https:\/\/webdelmaestrocmf.com\/portal\/programar-o-crear-reunion-en-microsoft-team-y-compartir-el-enlace-por-correo-o-whatsapp\/","title":{"rendered":"Programar o crear reuni\u00f3n en Microsoft Team y compartir el enlace por correo o whatsapp"},"content":{"rendered":"<h5 style=\"text-align: justify;\">Microsoft Teams es una plataforma unificada de comunicaci\u00f3n y colaboraci\u00f3n que combina chat persistente en el lugar de trabajo, reuniones de video, almacenamiento de archivos e integraci\u00f3n de aplicaciones.<\/h5>\n<p style=\"text-align: justify;\"><!--more--><\/p>\n<section class=\"ocpSection\">\n<h5 style=\"text-align: justify;\">Su calendario en Teams est\u00e1 conectado a su calendario de Exchange. En otras palabras, cuando programe una reuni\u00f3n en Outlook, se mostrar\u00e1 en Teams, y viceversa.<\/h5>\n<p style=\"text-align: justify;\">Todas las reuniones programadas en Teams se convierten autom\u00e1ticamente en una reuni\u00f3n en l\u00ednea. \u00bfPrograma la reuni\u00f3n desde Outlook?\u00a0<a class=\"ocpArticleLink\" href=\"https:\/\/support.microsoft.com\/es-es\/office\/programar-una-reuni%C3%B3n-de-teams-desde-outlook-883cc15c-580f-441a-92ea-0992c00a9b0f\" target=\"_blank\" rel=\"noopener noreferrer\">Aprenda c\u00f3mo agregar Teams a su reuni\u00f3n de Outlook<\/a><\/p>\n<section class=\"ocpSection\">\n<h5><strong>Programar una reuni\u00f3n<\/strong><\/h5>\n<p style=\"text-align: justify;\">Hay varias formas de programar una reuni\u00f3n en Teams:<\/p>\n<ul style=\"text-align: justify;\">\n<li>Seleccione\u00a0<b class=\"ocpUI\">Programar una reuni\u00f3n<\/b> <img loading=\"lazy\" decoding=\"async\" class=\"alignnone size-full wp-image-52935\" src=\"https:\/\/webdelmaestrocmf.com\/portal\/wp-content\/uploads\/2020\/10\/1-45.png\" alt=\"\" width=\"20\" height=\"20\" \/>\u00a0en un chat (debajo del cuadro donde escribe un nuevo mensaje) para reservar una reuni\u00f3n con las personas del chat.<\/li>\n<li>Vaya a\u00a0<b class=\"ocpLegacyBold\">Calendario<\/b> <img loading=\"lazy\" decoding=\"async\" class=\"alignnone size-full wp-image-52936\" src=\"https:\/\/webdelmaestrocmf.com\/portal\/wp-content\/uploads\/2020\/10\/1-46.png\" alt=\"\" width=\"20\" height=\"20\" \/>\u00a0en la parte izquierda de la aplicaci\u00f3n y seleccione\u00a0<b class=\"ocpLegacyBold\">Nueva reuni\u00f3n<\/b>\u00a0en la esquina superior derecha.<\/li>\n<li>Seleccione un intervalo de tiempo en el calendario. Se abrir\u00e1 un formulario de programaci\u00f3n.<\/li>\n<\/ul>\n<p><img loading=\"lazy\" decoding=\"async\" class=\"alignnone size-full wp-image-52938\" src=\"https:\/\/webdelmaestrocmf.com\/portal\/wp-content\/uploads\/2020\/10\/2-19.jpg\" alt=\"\" width=\"1280\" height=\"720\" srcset=\"https:\/\/webdelmaestrocmf.com\/portal\/wp-content\/uploads\/2020\/10\/2-19.jpg 1280w, https:\/\/webdelmaestrocmf.com\/portal\/wp-content\/uploads\/2020\/10\/2-19-300x169.jpg 300w, https:\/\/webdelmaestrocmf.com\/portal\/wp-content\/uploads\/2020\/10\/2-19-1024x576.jpg 1024w, https:\/\/webdelmaestrocmf.com\/portal\/wp-content\/uploads\/2020\/10\/2-19-768x432.jpg 768w, https:\/\/webdelmaestrocmf.com\/portal\/wp-content\/uploads\/2020\/10\/2-19-110x62.jpg 110w, https:\/\/webdelmaestrocmf.com\/portal\/wp-content\/uploads\/2020\/10\/2-19-200x113.jpg 200w, https:\/\/webdelmaestrocmf.com\/portal\/wp-content\/uploads\/2020\/10\/2-19-380x214.jpg 380w, https:\/\/webdelmaestrocmf.com\/portal\/wp-content\/uploads\/2020\/10\/2-19-255x143.jpg 255w, https:\/\/webdelmaestrocmf.com\/portal\/wp-content\/uploads\/2020\/10\/2-19-550x309.jpg 550w, https:\/\/webdelmaestrocmf.com\/portal\/wp-content\/uploads\/2020\/10\/2-19-800x450.jpg 800w, https:\/\/webdelmaestrocmf.com\/portal\/wp-content\/uploads\/2020\/10\/2-19-1160x653.jpg 1160w, https:\/\/webdelmaestrocmf.com\/portal\/wp-content\/uploads\/2020\/10\/2-19-220x124.jpg 220w, https:\/\/webdelmaestrocmf.com\/portal\/wp-content\/uploads\/2020\/10\/2-19-400x225.jpg 400w, https:\/\/webdelmaestrocmf.com\/portal\/wp-content\/uploads\/2020\/10\/2-19-760x428.jpg 760w, https:\/\/webdelmaestrocmf.com\/portal\/wp-content\/uploads\/2020\/10\/2-19-510x287.jpg 510w, https:\/\/webdelmaestrocmf.com\/portal\/wp-content\/uploads\/2020\/10\/2-19-600x338.jpg 600w, https:\/\/webdelmaestrocmf.com\/portal\/wp-content\/uploads\/2020\/10\/2-19-1100x619.jpg 1100w\" sizes=\"auto, (max-width: 1280px) 100vw, 1280px\" \/><\/p>\n<p style=\"text-align: justify;\">En el formulario Programaci\u00f3n se proporciona el t\u00edtulo de la reuni\u00f3n, se invita a personas y se agregan los detalles de la reuni\u00f3n. Use el\u00a0<b class=\"ocpLegacyBold\">Asistente para programaci\u00f3n<\/b>\u00a0para encontrar una hora adecuada para todos.<\/p>\n<p><img loading=\"lazy\" decoding=\"async\" class=\"size-full wp-image-52934 aligncenter\" src=\"https:\/\/webdelmaestrocmf.com\/portal\/wp-content\/uploads\/2020\/10\/1-44.png\" alt=\"\" width=\"618\" height=\"322\" srcset=\"https:\/\/webdelmaestrocmf.com\/portal\/wp-content\/uploads\/2020\/10\/1-44.png 618w, https:\/\/webdelmaestrocmf.com\/portal\/wp-content\/uploads\/2020\/10\/1-44-300x156.png 300w, https:\/\/webdelmaestrocmf.com\/portal\/wp-content\/uploads\/2020\/10\/1-44-110x57.png 110w, https:\/\/webdelmaestrocmf.com\/portal\/wp-content\/uploads\/2020\/10\/1-44-200x104.png 200w, https:\/\/webdelmaestrocmf.com\/portal\/wp-content\/uploads\/2020\/10\/1-44-380x198.png 380w, https:\/\/webdelmaestrocmf.com\/portal\/wp-content\/uploads\/2020\/10\/1-44-255x133.png 255w, https:\/\/webdelmaestrocmf.com\/portal\/wp-content\/uploads\/2020\/10\/1-44-550x287.png 550w, https:\/\/webdelmaestrocmf.com\/portal\/wp-content\/uploads\/2020\/10\/1-44-220x115.png 220w, https:\/\/webdelmaestrocmf.com\/portal\/wp-content\/uploads\/2020\/10\/1-44-400x208.png 400w, https:\/\/webdelmaestrocmf.com\/portal\/wp-content\/uploads\/2020\/10\/1-44-510x266.png 510w, https:\/\/webdelmaestrocmf.com\/portal\/wp-content\/uploads\/2020\/10\/1-44-600x313.png 600w\" sizes=\"auto, (max-width: 618px) 100vw, 618px\" \/><\/p>\n<p style=\"text-align: justify;\">Cuando haya terminado de rellenar los detalles, seleccione\u00a0<b class=\"ocpLegacyBold\">Guardar<\/b>. Se cerrar\u00e1 el formulario de programaci\u00f3n y se enviar\u00e1 una invitaci\u00f3n a las bandejas de entrada de Outlook de todos.<\/p>\n<\/section>\n<section class=\"ocpSection\">\n<h3>Invitar a personas ajenas a la organizaci\u00f3n<\/h3>\n<p style=\"text-align: justify;\">Teams le permite invitar a personas ajenas a su organizaci\u00f3n, incluidas aquellas que no tienen una licencia de Teams. Necesitar\u00e1 su direcci\u00f3n de correo electr\u00f3nico completa para invitarlos.<\/p>\n<ol type=\"1\">\n<li style=\"text-align: justify;\">Vaya donde aparece\u00a0<b class=\"ocpLegacyBold\">Agregue los asistentes necesarios<\/b>. Si alguien es un asistente opcional, seleccione\u00a0<b class=\"ocpLegacyBold\">Opcional<\/b>\u00a0en su lugar.<\/li>\n<li style=\"text-align: justify;\">Escriba la direcci\u00f3n de correo electr\u00f3nico completa de la persona (ej.: Sergio@example.com).<\/li>\n<li style=\"text-align: justify;\">Seleccione\u00a0<b class=\"ocpLegacyBold\">Invitar<\/b>. Recibir\u00e1n un correo electr\u00f3nico con un v\u00ednculo a la reuni\u00f3n.<\/li>\n<\/ol>\n<\/section>\n<section class=\"ocpSection\">\n<h3>Convertirla en una reuni\u00f3n de canal<\/h3>\n<ol type=\"1\">\n<li style=\"text-align: justify;\">Seleccione\u00a0<b class=\"ocpLegacyBold\">Nueva reuni\u00f3n<\/b>.<\/li>\n<li style=\"text-align: justify;\">Escriba el nombre de un canal donde dice\u00a0<b class=\"ocpLegacyBold\">Add Channel<\/b>\u00a0(en los campos Time and Date).<\/li>\n<\/ol>\n<p><img loading=\"lazy\" decoding=\"async\" class=\"size-full wp-image-52933 aligncenter\" src=\"https:\/\/webdelmaestrocmf.com\/portal\/wp-content\/uploads\/2020\/10\/1-43.png\" alt=\"\" width=\"601\" height=\"246\" srcset=\"https:\/\/webdelmaestrocmf.com\/portal\/wp-content\/uploads\/2020\/10\/1-43.png 601w, https:\/\/webdelmaestrocmf.com\/portal\/wp-content\/uploads\/2020\/10\/1-43-300x123.png 300w, https:\/\/webdelmaestrocmf.com\/portal\/wp-content\/uploads\/2020\/10\/1-43-110x45.png 110w, https:\/\/webdelmaestrocmf.com\/portal\/wp-content\/uploads\/2020\/10\/1-43-200x82.png 200w, https:\/\/webdelmaestrocmf.com\/portal\/wp-content\/uploads\/2020\/10\/1-43-380x156.png 380w, https:\/\/webdelmaestrocmf.com\/portal\/wp-content\/uploads\/2020\/10\/1-43-255x104.png 255w, https:\/\/webdelmaestrocmf.com\/portal\/wp-content\/uploads\/2020\/10\/1-43-550x225.png 550w, https:\/\/webdelmaestrocmf.com\/portal\/wp-content\/uploads\/2020\/10\/1-43-220x90.png 220w, https:\/\/webdelmaestrocmf.com\/portal\/wp-content\/uploads\/2020\/10\/1-43-400x164.png 400w, https:\/\/webdelmaestrocmf.com\/portal\/wp-content\/uploads\/2020\/10\/1-43-510x209.png 510w\" sizes=\"auto, (max-width: 601px) 100vw, 601px\" \/><\/p>\n<p style=\"text-align: justify;\">Los canales no se pueden editar ni se pueden agregar despu\u00e9s del env\u00edo de la invitaci\u00f3n. Tendr\u00e1 que enviar una nueva invitaci\u00f3n con el canal actualizado.<\/p>\n<p class=\"ocpAlertSection\" style=\"text-align: justify;\"><b class=\"ocpNote\">Notas:<\/b><\/p>\n<ul class=\"ocpAlertSectionListContainer\" style=\"text-align: justify;\">\n<li>Cuando tenga una reuni\u00f3n en un canal, todos los miembros del equipo podr\u00e1n verla y unirse a ella en ese canal.<\/li>\n<li>Esta caracter\u00edstica no est\u00e1 disponible en canales privados.<\/li>\n<\/ul>\n<p style=\"text-align: justify;\">Una vez que haya agregado a las personas que quiera, seleccione\u00a0<b class=\"ocpLegacyBold\">Asistente para programaci\u00f3n<\/b>\u00a0para encontrar la mejor hora.<\/p>\n<p style=\"text-align: justify;\">Si se trata de una reuni\u00f3n peri\u00f3dica, abra el men\u00fa desplegable junto a\u00a0<b class=\"ocpLegacyBold\">No se repite\u00a0<\/b>(justo debajo de la fecha). Elija la frecuencia con la que quiere que se produzca en las opciones predeterminadas o seleccione\u00a0<b class=\"ocpLegacyBold\">Personalizado<\/b>\u00a0para crear su propia frecuencia.<\/p>\n<\/section>\n<section class=\"ocpSection\">\n<h5><strong>Cambiar la vista del calendario<\/strong><\/h5>\n<p style=\"text-align: justify;\">De forma predeterminada, se le mostrar\u00e1 la semana laboral y se puede cambiar desde el men\u00fa desplegable situado en la parte superior derecha del calendario. Estas son las opciones de vista actuales:<\/p>\n<ul>\n<li><b class=\"ocpLegacyBold\">D\u00eda<\/b>\u00a0ofrece una vista de agenda centrada en un d\u00eda a la vez.<\/li>\n<li><b class=\"ocpLegacyBold\">Semana laboral<\/b>\u00a0muestra de lunes a viernes.<\/li>\n<li><b class=\"ocpLegacyBold\">Semana<\/b>\u00a0muestra la semana completa.<\/li>\n<\/ul>\n<p style=\"text-align: justify;\">En la esquina superior izquierda encontrar\u00e1 el mes y el a\u00f1o. Seleccione el mes para cambiar la vista del calendario a cualquier fecha (anterior o posterior). Seleccione las flechas junto al mes para desplazarse por d\u00edas o por semanas en funci\u00f3n de la vista del calendario.<\/p>\n<p style=\"text-align: justify;\">Seleccione\u00a0<b class=\"ocpLegacyBold\">Hoy<\/b>\u00a0para volver a la fecha actual.<\/p>\n<p class=\"ocpAlertSection\" style=\"text-align: justify;\"><b class=\"ocpNote\">Nota:<\/b>\u00a0El calendario muestra todo lo que se program\u00f3 en Teams, Exchange u Outlook.<\/p>\n<\/section>\n<section class=\"ocpSection\">\n<h5><strong>Haga clic derecho para ver m\u00e1s opciones<\/strong><\/h5>\n<p style=\"text-align: justify;\">Haga clic con el bot\u00f3n derecho en un evento de su calendario para RSVP, quitarlo si est\u00e1 cancelado o abrir la invitaci\u00f3n para ver los detalles de la reuni\u00f3n. Si el evento es una reuni\u00f3n de Teams, tambi\u00e9n ver\u00e1 opciones para\u00a0<b class=\"ocpLegacyBold\">Unirse en l\u00ednea<\/b>\u00a0y\u00a0<b class=\"ocpLegacyBold\">Chatear con participantes<\/b>.<\/p>\n<p><img loading=\"lazy\" decoding=\"async\" class=\"wp-image-52932 aligncenter\" src=\"https:\/\/webdelmaestrocmf.com\/portal\/wp-content\/uploads\/2020\/10\/1-42.png\" alt=\"\" width=\"509\" height=\"466\" srcset=\"https:\/\/webdelmaestrocmf.com\/portal\/wp-content\/uploads\/2020\/10\/1-42.png 509w, https:\/\/webdelmaestrocmf.com\/portal\/wp-content\/uploads\/2020\/10\/1-42-300x275.png 300w, https:\/\/webdelmaestrocmf.com\/portal\/wp-content\/uploads\/2020\/10\/1-42-110x101.png 110w, https:\/\/webdelmaestrocmf.com\/portal\/wp-content\/uploads\/2020\/10\/1-42-200x183.png 200w, https:\/\/webdelmaestrocmf.com\/portal\/wp-content\/uploads\/2020\/10\/1-42-380x348.png 380w, https:\/\/webdelmaestrocmf.com\/portal\/wp-content\/uploads\/2020\/10\/1-42-255x233.png 255w, https:\/\/webdelmaestrocmf.com\/portal\/wp-content\/uploads\/2020\/10\/1-42-220x201.png 220w, https:\/\/webdelmaestrocmf.com\/portal\/wp-content\/uploads\/2020\/10\/1-42-400x366.png 400w\" sizes=\"auto, (max-width: 509px) 100vw, 509px\" \/><\/p>\n<p style=\"text-align: justify;\">En las reuniones de Teams se mostrar\u00e1 un bot\u00f3n en un evento en el calendario para unirse cinco minutos antes de que comience la reuni\u00f3n. Cuando alguien se una a la reuni\u00f3n, el evento cambiar\u00e1 de color para hacerle saber que est\u00e1 conectada.<\/p>\n<p style=\"text-align: justify;\">Seleccione\u00a0<b class=\"ocpLegacyBold\">Unirse<\/b>\u00a0para abrir la ventana de configuraci\u00f3n de la reuni\u00f3n y confirmar la opciones de c\u00e1mara y micr\u00f3fono que prefiera usar antes de unirse a la reuni\u00f3n en l\u00ednea.<\/p>\n<div class=\"ocpAlertSection pk-content-block pk-block-bg pk-block-bg-light\" style=\"text-align: justify;\"><b class=\"ocpNote\">Nota:<\/b>\u00a0Si tiene reuniones superpuestas en su calendario, el bot\u00f3n para unirse no estar\u00e1 disponible. Sin embargo, tambi\u00e9n puede hacer clic con el bot\u00f3n derecho en el evento y seleccionar\u00a0<b class=\"ocpLegacyBold\">Unirse en l\u00ednea<\/b>.<\/div>\n<\/section>\n<\/section>\n<section>\n<div class=\"pk-content-block pk-block-bg pk-block-bg-light\" style=\"text-align: justify;\"><strong>Nota:<\/strong>\u00a0 Esta p\u00e1gina se ha traducido mediante un sistema autom\u00e1tico y es posible que contenga imprecisiones o errores gramaticales. Nuestro objetivo es que este contenido le resulte \u00fatil. \u00bfPodr\u00eda decirnos si la informaci\u00f3n le result\u00f3 \u00fatil? Aqu\u00ed puede consultar el\u00a0<a href=\"https:\/\/support.office.com\/en-us\/article\/943507a9-8583-4c58-b5d2-8ec8265e04e5\" target=\"_blank\" rel=\"noopener noreferrer\">art\u00edculo en ingl\u00e9s<\/a>.<\/div>\n<\/section>\n<h5 class=\"ocpAlertSection\"><strong>Programar o crear reuni\u00f3n en Microsoft Team y compartir el enlace por correo o whatsapp<\/strong><\/h5>\n<p style=\"text-align: justify;\">Crear o Programar reuni\u00f3n utilizando Microsoft Team y compartir el enlace por correo y Whatsapp.<\/p>\n<p><iframe loading=\"lazy\" title=\"Crear Reuniones en Teams y compartir V\u00ednculo\" width=\"1200\" height=\"675\" src=\"https:\/\/www.youtube.com\/embed\/0W1_gRG5fd8?feature=oembed\" frameborder=\"0\" allow=\"accelerometer; autoplay; clipboard-write; encrypted-media; gyroscope; picture-in-picture; web-share\" allowfullscreen><\/iframe><\/p>\n<p><strong>Este contenido ha sido publicado originalmente por Support Microsoft en la siguiente direcci\u00f3n: <a href=\"http:\/\/support.microsoft.com\" target=\"_blank\" rel=\"noopener noreferrer\">support.microsoft.com<\/a><\/strong><\/p>\n<p style=\"text-align: center;\">Recomendamos a la Comunidad Educativa Digital tener en cuenta que, el enlace y\/o la carpeta en donde est\u00e1n alojados los libros, recursos y\/o materiales, no es administrado por la Web del Maestro CMF, pueda ser que en cuesti\u00f3n de d\u00edas (o seg\u00fan el tiempo transcurrido desde su publicaci\u00f3n), los enlaces no funcionen y el material ya no se encuentre disponible. Gracias por su comprensi\u00f3n.<\/p>\n<h3>ENLACE DE LECTURA:<\/h3>\n<p style=\"text-align: center;\">\u00a1Comparte y as\u00ed m\u00e1s docentes utilizar\u00e1n estos recursos\u00a0gratis! Muchas gracias.<\/p>\n<p style=\"text-align: center;\">LECTURA 1: <a href=\"https:\/\/www.ucm.es\/data\/cont\/media\/www\/faq\/31\/\/TutotialTEAMS_v2_0.pdf\" target=\"_blank\" rel=\"noopener noreferrer\">MANUAL TEAM<\/a><\/p>\n\t\t<div class=\"pk-inline-posts\">\n\t\t\t\n\t\t\t<div class=\"pk-inline-posts-container pk-inline-posts-template-list\"\n\t\t\t\tdata-columns=\"1\">\n\t\t\t\t\t\t<article id=\"post-92567\" class=\"post-92567 post type-post status-publish format-standard has-post-thumbnail category-software category-tecnologia tag-adaptacion-curricular tag-adaptacion-de-contenidos tag-analisis-de-resultados tag-apoyo-socioemocional tag-aprendizaje-cooperativo tag-aprendizaje-personalizado tag-diseno-de-actividades-motivadoras tag-ensenanza tag-estrategias-de-ensenanza tag-estrategias-de-ensenanza-aprendizaje tag-estrategias-de-evaluacion-continua tag-estrategias-de-recuperacion tag-evaluacion-autentica tag-evaluacion-continua tag-evaluacion-del-desempeno tag-evaluacion-diagnostica tag-evaluacion-diferenciada tag-evaluacion-formativa tag-evaluacion-formativa-y-sumativa tag-evaluacion-integral tag-evaluacion-participativa tag-evaluacion-sumativa tag-interactivas tag-intervencion-pedagogica tag-metacognicion tag-planes-de-intervencion tag-planificacion-curricular tag-potenciando tag-powerpoint tag-recursos-educativos-digitales tag-reforzamiento-academico tag-retroalimentacion-constructiva tag-revision-de-objetivos-de-aprendizaje tag-ruletas tag-toma-de-decisiones-pedagogicas cs-entry cs-video-wrap\">\n\t\t\t<div class=\"pk-post-outer\">\n\n\t\t\t\t\t\t\t\t<div class=\"pk-post-inner\">\n\t\t\t\t\t<div class=\"entry-thumbnail\">\n\t\t\t\t\t\t<div class=\"pk-overlay pk-overlay-ratio pk-ratio-landscape\">\n\t\t\t\t\t\t\t<div class=\"pk-overlay-background\">\n\t\t\t\t\t\t\t\t<a href=\"https:\/\/webdelmaestrocmf.com\/portal\/ruletas-interactivas-en-powerpoint-potenciando-la-ensenanza\/\" class=\"pk-overlay-link\">\n\t\t\t\t\t\t\t\t\t<img loading=\"lazy\" decoding=\"async\" width=\"300\" height=\"225\" src=\"https:\/\/webdelmaestrocmf.com\/portal\/wp-content\/uploads\/2026\/04\/1AA-Banner-1-portada-imagen-10-1-copia-5-3-300x225.webp\" class=\"attachment-pk-thumbnail size-pk-thumbnail wp-post-image\" alt=\"\" \/>\t\t\t\t\t\t\t\t<\/a>\n\t\t\t\t\t\t\t<\/div>\n\t\t\t\t\t\t<\/div>\n\t\t\t\t\t<\/div>\n\t\t\t\t<\/div>\n\t\t\t\t\n\t\t\t\t<div class=\"pk-post-inner\">\n\t\t\t\t\t<header>\n\t\t\t\t\t\t<h3 class=\"pk-title\"><a href=\"https:\/\/webdelmaestrocmf.com\/portal\/ruletas-interactivas-en-powerpoint-potenciando-la-ensenanza\/\" rel=\"bookmark\">Ruleta Interactiva en PowerPoint: descarga la ruleta lista para usarny las dos gu\u00ecas<\/a><\/h3>\t\t\t\t\t<\/header><!-- .entry-header -->\n\t\t\t\t<\/div><!-- .post-inner -->\n\n\t\t\t<\/div><!-- .post-outer -->\n\t\t<\/article>\n\t\t\t<article id=\"post-71844\" class=\"post-71844 post type-post status-publish format-standard has-post-thumbnail category-software category-tecnologia tag-anatomia tag-aplicaciones tag-aprender tag-mejores cs-entry cs-video-wrap\">\n\t\t\t<div class=\"pk-post-outer\">\n\n\t\t\t\t\t\t\t\t<div class=\"pk-post-inner\">\n\t\t\t\t\t<div class=\"entry-thumbnail\">\n\t\t\t\t\t\t<div class=\"pk-overlay pk-overlay-ratio pk-ratio-landscape\">\n\t\t\t\t\t\t\t<div class=\"pk-overlay-background\">\n\t\t\t\t\t\t\t\t<a href=\"https:\/\/webdelmaestrocmf.com\/portal\/las-mejores-aplicaciones-para-aprender-anatomia\/\" class=\"pk-overlay-link\">\n\t\t\t\t\t\t\t\t\t<img loading=\"lazy\" decoding=\"async\" width=\"300\" height=\"225\" src=\"https:\/\/webdelmaestrocmf.com\/portal\/wp-content\/uploads\/2026\/04\/1AA-Banner-1-portada-imagen-10-1-copia-7-1-300x225.webp\" class=\"attachment-pk-thumbnail size-pk-thumbnail wp-post-image\" alt=\"\" \/>\t\t\t\t\t\t\t\t<\/a>\n\t\t\t\t\t\t\t<\/div>\n\t\t\t\t\t\t<\/div>\n\t\t\t\t\t<\/div>\n\t\t\t\t<\/div>\n\t\t\t\t\n\t\t\t\t<div class=\"pk-post-inner\">\n\t\t\t\t\t<header>\n\t\t\t\t\t\t<h3 class=\"pk-title\"><a href=\"https:\/\/webdelmaestrocmf.com\/portal\/las-mejores-aplicaciones-para-aprender-anatomia\/\" rel=\"bookmark\">Las mejores aplicaciones para aprender anatom\u00eda | Descarga el \u00abDiccionario por im\u00e1genes del cuerpo humano para docentes y ni\u00f1os\u00bb<\/a><\/h3>\t\t\t\t\t<\/header><!-- .entry-header -->\n\t\t\t\t<\/div><!-- .post-inner -->\n\n\t\t\t<\/div><!-- .post-outer -->\n\t\t<\/article>\n\t\t\t<article id=\"post-78729\" class=\"post-78729 post type-post status-publish format-standard has-post-thumbnail category-software category-tecnologia tag-conceptuales tag-diagramas-de-gant tag-esquemas tag-mapas-mentales cs-entry cs-video-wrap\">\n\t\t\t<div class=\"pk-post-outer\">\n\n\t\t\t\t\t\t\t\t<div class=\"pk-post-inner\">\n\t\t\t\t\t<div class=\"entry-thumbnail\">\n\t\t\t\t\t\t<div class=\"pk-overlay pk-overlay-ratio pk-ratio-landscape\">\n\t\t\t\t\t\t\t<div class=\"pk-overlay-background\">\n\t\t\t\t\t\t\t\t<a href=\"https:\/\/webdelmaestrocmf.com\/portal\/creador-gratuito-de-mapas-mentales-y-conceptuales-esquemas-y-diagramas-de-gantt-on-line\/\" class=\"pk-overlay-link\">\n\t\t\t\t\t\t\t\t\t<img loading=\"lazy\" decoding=\"async\" width=\"300\" height=\"225\" src=\"https:\/\/webdelmaestrocmf.com\/portal\/wp-content\/uploads\/2022\/07\/1AA-Banner-1-portada-imagen-10-1-copia-12-300x225.webp\" class=\"attachment-pk-thumbnail size-pk-thumbnail wp-post-image\" alt=\"\" \/>\t\t\t\t\t\t\t\t<\/a>\n\t\t\t\t\t\t\t<\/div>\n\t\t\t\t\t\t<\/div>\n\t\t\t\t\t<\/div>\n\t\t\t\t<\/div>\n\t\t\t\t\n\t\t\t\t<div class=\"pk-post-inner\">\n\t\t\t\t\t<header>\n\t\t\t\t\t\t<h3 class=\"pk-title\"><a href=\"https:\/\/webdelmaestrocmf.com\/portal\/creador-gratuito-de-mapas-mentales-y-conceptuales-esquemas-y-diagramas-de-gantt-on-line\/\" rel=\"bookmark\">Creador gratuito de \u00abMapas mentales y conceptuales, esquemas y diagramas de Gantt\u00bb On Line<\/a><\/h3>\t\t\t\t\t<\/header><!-- .entry-header -->\n\t\t\t\t<\/div><!-- .post-inner -->\n\n\t\t\t<\/div><!-- .post-outer -->\n\t\t<\/article>\n\t\t\t\t<\/div>\n\t\t<\/div>\n\t\t\n","protected":false},"excerpt":{"rendered":"Microsoft Teams es una plataforma unificada de comunicaci\u00f3n y colaboraci\u00f3n que combina chat persistente en el lugar de&hellip;","protected":false},"author":1,"featured_media":52937,"comment_status":"open","ping_status":"closed","sticky":false,"template":"","format":"standard","meta":{"csco_display_header_overlay":false,"csco_singular_sidebar":"default","csco_page_header_type":"default","csco_page_load_nextpost":"default","csco_post_video_location":[],"csco_post_video_location_hash":"","csco_post_video_url":"","csco_post_video_bg_start_time":0,"csco_post_video_bg_end_time":0,"csco_post_video_bg_volume":false,"_jetpack_memberships_contains_paid_content":false,"footnotes":""},"categories":[1648,737],"tags":[971,5844,2900,5843,5010,1175,4569,5842,820],"class_list":{"0":"post-52931","1":"post","2":"type-post","3":"status-publish","4":"format-standard","5":"has-post-thumbnail","7":"category-software","8":"category-tecnologia","9":"tag-compartir","10":"tag-correo","11":"tag-crear","12":"tag-enlace","13":"tag-microsoft","14":"tag-programar","15":"tag-reunion","16":"tag-team","17":"tag-whatsapp","18":"cs-entry","19":"cs-video-wrap"},"yoast_head":"<!-- This site is optimized with the Yoast SEO plugin v27.5 - https:\/\/yoast.com\/product\/yoast-seo-wordpress\/ -->\n<title>Programar o crear reuni\u00f3n en Microsoft Team y compartir el enlace por correo o whatsapp - 2026<\/title>\n<meta name=\"description\" content=\"Su calendario en Teams est\u00e1 conectado a su calendario de Exchange. En otras palabras, cuando programe una reuni\u00f3n en Outlook...\" \/>\n<meta name=\"robots\" content=\"index, follow, max-snippet:-1, max-image-preview:large, max-video-preview:-1\" \/>\n<link rel=\"canonical\" href=\"https:\/\/webdelmaestrocmf.com\/portal\/programar-o-crear-reunion-en-microsoft-team-y-compartir-el-enlace-por-correo-o-whatsapp\/\" \/>\n<meta property=\"og:locale\" content=\"es_ES\" \/>\n<meta property=\"og:type\" content=\"article\" \/>\n<meta property=\"og:title\" content=\"Programar o crear reuni\u00f3n en Microsoft Team y compartir el enlace por correo o whatsapp - 2026\" \/>\n<meta property=\"og:description\" content=\"Su calendario en Teams est\u00e1 conectado a su calendario de Exchange. En otras palabras, cuando programe una reuni\u00f3n en Outlook...\" \/>\n<meta property=\"og:url\" content=\"https:\/\/webdelmaestrocmf.com\/portal\/programar-o-crear-reunion-en-microsoft-team-y-compartir-el-enlace-por-correo-o-whatsapp\/\" \/>\n<meta property=\"og:site_name\" content=\"Web del Maestro CMF\" \/>\n<meta property=\"article:publisher\" content=\"https:\/\/www.facebook.com\/WebdelMaestroCMF\/\" \/>\n<meta property=\"article:author\" content=\"https:\/\/www.facebook.com\/WebdelMaestroCMF\/\" \/>\n<meta property=\"article:published_time\" content=\"2020-10-16T22:38:37+00:00\" \/>\n<meta property=\"article:modified_time\" content=\"2023-10-18T03:11:04+00:00\" \/>\n<meta property=\"og:image\" content=\"https:\/\/webdelmaestrocmf.com\/portal\/wp-content\/uploads\/2020\/10\/1-60.jpg\" \/>\n\t<meta property=\"og:image:width\" content=\"1100\" \/>\n\t<meta property=\"og:image:height\" content=\"680\" \/>\n\t<meta property=\"og:image:type\" content=\"image\/jpeg\" \/>\n<meta name=\"author\" content=\"Web del Maestro CMF\" \/>\n<meta name=\"twitter:card\" content=\"summary_large_image\" \/>\n<meta name=\"twitter:creator\" content=\"@cmf_w\" \/>\n<meta name=\"twitter:site\" content=\"@cmf_w\" \/>\n<script type=\"application\/ld+json\" class=\"yoast-schema-graph\">{\"@context\":\"https:\\\/\\\/schema.org\",\"@graph\":[{\"@type\":\"ScholarlyArticle\",\"@id\":\"https:\\\/\\\/webdelmaestrocmf.com\\\/portal\\\/programar-o-crear-reunion-en-microsoft-team-y-compartir-el-enlace-por-correo-o-whatsapp\\\/#article\",\"isPartOf\":{\"@id\":\"https:\\\/\\\/webdelmaestrocmf.com\\\/portal\\\/programar-o-crear-reunion-en-microsoft-team-y-compartir-el-enlace-por-correo-o-whatsapp\\\/\"},\"author\":{\"name\":\"Web del Maestro CMF\",\"@id\":\"https:\\\/\\\/webdelmaestrocmf.com\\\/portal\\\/#\\\/schema\\\/person\\\/1072a2ed7bd960df8ef99a551fa35dc5\"},\"headline\":\"Programar o crear reuni\u00f3n en Microsoft Team y compartir el enlace por correo o whatsapp\",\"datePublished\":\"2020-10-16T22:38:37+00:00\",\"dateModified\":\"2023-10-18T03:11:04+00:00\",\"mainEntityOfPage\":{\"@id\":\"https:\\\/\\\/webdelmaestrocmf.com\\\/portal\\\/programar-o-crear-reunion-en-microsoft-team-y-compartir-el-enlace-por-correo-o-whatsapp\\\/\"},\"wordCount\":1017,\"commentCount\":0,\"publisher\":{\"@id\":\"https:\\\/\\\/webdelmaestrocmf.com\\\/portal\\\/#organization\"},\"image\":{\"@id\":\"https:\\\/\\\/webdelmaestrocmf.com\\\/portal\\\/programar-o-crear-reunion-en-microsoft-team-y-compartir-el-enlace-por-correo-o-whatsapp\\\/#primaryimage\"},\"thumbnailUrl\":\"https:\\\/\\\/webdelmaestrocmf.com\\\/portal\\\/wp-content\\\/uploads\\\/2020\\\/10\\\/1-60.jpg\",\"keywords\":[\"compartir\",\"correo\",\"CREAR\",\"enlace\",\"Microsoft\",\"PROGRAMAR\",\"reuni\u00f3n\",\"Team\",\"WHATSAPP\"],\"articleSection\":[\"Software\",\"Tecnolog\u00eda\"],\"inLanguage\":\"es\",\"potentialAction\":[{\"@type\":\"CommentAction\",\"name\":\"Comment\",\"target\":[\"https:\\\/\\\/webdelmaestrocmf.com\\\/portal\\\/programar-o-crear-reunion-en-microsoft-team-y-compartir-el-enlace-por-correo-o-whatsapp\\\/#respond\"]}]},{\"@type\":\"WebPage\",\"@id\":\"https:\\\/\\\/webdelmaestrocmf.com\\\/portal\\\/programar-o-crear-reunion-en-microsoft-team-y-compartir-el-enlace-por-correo-o-whatsapp\\\/\",\"url\":\"https:\\\/\\\/webdelmaestrocmf.com\\\/portal\\\/programar-o-crear-reunion-en-microsoft-team-y-compartir-el-enlace-por-correo-o-whatsapp\\\/\",\"name\":\"Programar o crear reuni\u00f3n en Microsoft Team y compartir el enlace por correo o whatsapp - 2026\",\"isPartOf\":{\"@id\":\"https:\\\/\\\/webdelmaestrocmf.com\\\/portal\\\/#website\"},\"primaryImageOfPage\":{\"@id\":\"https:\\\/\\\/webdelmaestrocmf.com\\\/portal\\\/programar-o-crear-reunion-en-microsoft-team-y-compartir-el-enlace-por-correo-o-whatsapp\\\/#primaryimage\"},\"image\":{\"@id\":\"https:\\\/\\\/webdelmaestrocmf.com\\\/portal\\\/programar-o-crear-reunion-en-microsoft-team-y-compartir-el-enlace-por-correo-o-whatsapp\\\/#primaryimage\"},\"thumbnailUrl\":\"https:\\\/\\\/webdelmaestrocmf.com\\\/portal\\\/wp-content\\\/uploads\\\/2020\\\/10\\\/1-60.jpg\",\"datePublished\":\"2020-10-16T22:38:37+00:00\",\"dateModified\":\"2023-10-18T03:11:04+00:00\",\"description\":\"Su calendario en Teams est\u00e1 conectado a su calendario de Exchange. En otras palabras, cuando programe una reuni\u00f3n en Outlook...\",\"breadcrumb\":{\"@id\":\"https:\\\/\\\/webdelmaestrocmf.com\\\/portal\\\/programar-o-crear-reunion-en-microsoft-team-y-compartir-el-enlace-por-correo-o-whatsapp\\\/#breadcrumb\"},\"inLanguage\":\"es\",\"potentialAction\":[{\"@type\":\"ReadAction\",\"target\":[\"https:\\\/\\\/webdelmaestrocmf.com\\\/portal\\\/programar-o-crear-reunion-en-microsoft-team-y-compartir-el-enlace-por-correo-o-whatsapp\\\/\"]}]},{\"@type\":\"ImageObject\",\"inLanguage\":\"es\",\"@id\":\"https:\\\/\\\/webdelmaestrocmf.com\\\/portal\\\/programar-o-crear-reunion-en-microsoft-team-y-compartir-el-enlace-por-correo-o-whatsapp\\\/#primaryimage\",\"url\":\"https:\\\/\\\/webdelmaestrocmf.com\\\/portal\\\/wp-content\\\/uploads\\\/2020\\\/10\\\/1-60.jpg\",\"contentUrl\":\"https:\\\/\\\/webdelmaestrocmf.com\\\/portal\\\/wp-content\\\/uploads\\\/2020\\\/10\\\/1-60.jpg\",\"width\":1100,\"height\":680},{\"@type\":\"BreadcrumbList\",\"@id\":\"https:\\\/\\\/webdelmaestrocmf.com\\\/portal\\\/programar-o-crear-reunion-en-microsoft-team-y-compartir-el-enlace-por-correo-o-whatsapp\\\/#breadcrumb\",\"itemListElement\":[{\"@type\":\"ListItem\",\"position\":1,\"name\":\"Portada\",\"item\":\"https:\\\/\\\/webdelmaestrocmf.com\\\/portal\\\/\"},{\"@type\":\"ListItem\",\"position\":2,\"name\":\"Tecnolog\u00eda\",\"item\":\"https:\\\/\\\/webdelmaestrocmf.com\\\/portal\\\/category\\\/tecnologia\\\/\"},{\"@type\":\"ListItem\",\"position\":3,\"name\":\"Programar o crear reuni\u00f3n en Microsoft Team y compartir el enlace por correo o whatsapp\"}]},{\"@type\":\"WebSite\",\"@id\":\"https:\\\/\\\/webdelmaestrocmf.com\\\/portal\\\/#website\",\"url\":\"https:\\\/\\\/webdelmaestrocmf.com\\\/portal\\\/\",\"name\":\"Web del Maestro CMF\",\"description\":\"Maestros al servicio de la educaci\u00f3n\",\"publisher\":{\"@id\":\"https:\\\/\\\/webdelmaestrocmf.com\\\/portal\\\/#organization\"},\"alternateName\":\"WMCMF\",\"potentialAction\":[{\"@type\":\"SearchAction\",\"target\":{\"@type\":\"EntryPoint\",\"urlTemplate\":\"https:\\\/\\\/webdelmaestrocmf.com\\\/portal\\\/?s={search_term_string}\"},\"query-input\":{\"@type\":\"PropertyValueSpecification\",\"valueRequired\":true,\"valueName\":\"search_term_string\"}}],\"inLanguage\":\"es\"},{\"@type\":\"Organization\",\"@id\":\"https:\\\/\\\/webdelmaestrocmf.com\\\/portal\\\/#organization\",\"name\":\"Web del Maestro CMF\",\"alternateName\":\"WMCMF\",\"url\":\"https:\\\/\\\/webdelmaestrocmf.com\\\/portal\\\/\",\"logo\":{\"@type\":\"ImageObject\",\"inLanguage\":\"es\",\"@id\":\"https:\\\/\\\/webdelmaestrocmf.com\\\/portal\\\/#\\\/schema\\\/logo\\\/image\\\/\",\"url\":\"https:\\\/\\\/webdelmaestrocmf.com\\\/portal\\\/wp-content\\\/uploads\\\/2023\\\/01\\\/logo-wmcmf-2.png\",\"contentUrl\":\"https:\\\/\\\/webdelmaestrocmf.com\\\/portal\\\/wp-content\\\/uploads\\\/2023\\\/01\\\/logo-wmcmf-2.png\",\"width\":200,\"height\":60,\"caption\":\"Web del Maestro CMF\"},\"image\":{\"@id\":\"https:\\\/\\\/webdelmaestrocmf.com\\\/portal\\\/#\\\/schema\\\/logo\\\/image\\\/\"},\"sameAs\":[\"https:\\\/\\\/www.facebook.com\\\/WebdelMaestroCMF\\\/\",\"https:\\\/\\\/x.com\\\/cmf_w\",\"https:\\\/\\\/www.pinterest.com\\\/WMCMF\\\/\",\"https:\\\/\\\/www.linkedin.com\\\/company\\\/web-del-maestro-cmf\\\/\",\"https:\\\/\\\/www.instagram.com\\\/wmcmf\\\/\",\"https:\\\/\\\/www.youtube.com\\\/channel\\\/UCDPSvjbdodE5sHnC3OxutHw\",\"https:\\\/\\\/mastodon.social\\\/@wmcmf\",\"https:\\\/\\\/www.tiktok.com\\\/@webdelmaestrocmf\"]},{\"@type\":\"Person\",\"@id\":\"https:\\\/\\\/webdelmaestrocmf.com\\\/portal\\\/#\\\/schema\\\/person\\\/1072a2ed7bd960df8ef99a551fa35dc5\",\"name\":\"Web del Maestro CMF\",\"image\":{\"@type\":\"ImageObject\",\"inLanguage\":\"es\",\"@id\":\"https:\\\/\\\/secure.gravatar.com\\\/avatar\\\/23291dd5b5ae1077dcff3dbb04c3e02bd28403fa75af6d8787d5e97c5bbbe30b?s=96&d=mm&r=g\",\"url\":\"https:\\\/\\\/secure.gravatar.com\\\/avatar\\\/23291dd5b5ae1077dcff3dbb04c3e02bd28403fa75af6d8787d5e97c5bbbe30b?s=96&d=mm&r=g\",\"contentUrl\":\"https:\\\/\\\/secure.gravatar.com\\\/avatar\\\/23291dd5b5ae1077dcff3dbb04c3e02bd28403fa75af6d8787d5e97c5bbbe30b?s=96&d=mm&r=g\",\"caption\":\"Web del Maestro CMF\"},\"description\":\"Esta Web se cre\u00f3 sin fines de lucro, con fines educativos, cient\u00edficos y acad\u00e9micos, para personas que tengan dificultades y\\\/o inconvenientes en visualizar el material original. El objetivo es entregar recursos, compartir experiencias y materiales que ayuden a los padres de familia, maestros y estudiantes en su actualizaci\u00f3n y formaci\u00f3n permanente, en bien de la Educaci\u00f3n.\",\"sameAs\":[\"http:\\\/\\\/webdelmaestrocmf.com\\\/portal\",\"https:\\\/\\\/www.facebook.com\\\/WebdelMaestroCMF\\\/\",\"https:\\\/\\\/www.instagram.com\\\/wmcmf\\\/\",\"https:\\\/\\\/cl.linkedin.com\\\/company\\\/web-del-maestro-cmf\",\"https:\\\/\\\/www.pinterest.com\\\/WMCMF\\\/publicaciones\\\/\",\"https:\\\/\\\/x.com\\\/cmf_w\",\"https:\\\/\\\/www.youtube.com\\\/@WMCMF\"]}]}<\/script>\n<!-- \/ Yoast SEO plugin. -->","yoast_head_json":{"title":"Programar o crear reuni\u00f3n en Microsoft Team y compartir el enlace por correo o whatsapp - 2026","description":"Su calendario en Teams est\u00e1 conectado a su calendario de Exchange. En otras palabras, cuando programe una reuni\u00f3n en Outlook...","robots":{"index":"index","follow":"follow","max-snippet":"max-snippet:-1","max-image-preview":"max-image-preview:large","max-video-preview":"max-video-preview:-1"},"canonical":"https:\/\/webdelmaestrocmf.com\/portal\/programar-o-crear-reunion-en-microsoft-team-y-compartir-el-enlace-por-correo-o-whatsapp\/","og_locale":"es_ES","og_type":"article","og_title":"Programar o crear reuni\u00f3n en Microsoft Team y compartir el enlace por correo o whatsapp - 2026","og_description":"Su calendario en Teams est\u00e1 conectado a su calendario de Exchange. En otras palabras, cuando programe una reuni\u00f3n en Outlook...","og_url":"https:\/\/webdelmaestrocmf.com\/portal\/programar-o-crear-reunion-en-microsoft-team-y-compartir-el-enlace-por-correo-o-whatsapp\/","og_site_name":"Web del Maestro CMF","article_publisher":"https:\/\/www.facebook.com\/WebdelMaestroCMF\/","article_author":"https:\/\/www.facebook.com\/WebdelMaestroCMF\/","article_published_time":"2020-10-16T22:38:37+00:00","article_modified_time":"2023-10-18T03:11:04+00:00","og_image":[{"width":1100,"height":680,"url":"https:\/\/webdelmaestrocmf.com\/portal\/wp-content\/uploads\/2020\/10\/1-60.jpg","type":"image\/jpeg"}],"author":"Web del Maestro CMF","twitter_card":"summary_large_image","twitter_creator":"@cmf_w","twitter_site":"@cmf_w","schema":{"@context":"https:\/\/schema.org","@graph":[{"@type":"ScholarlyArticle","@id":"https:\/\/webdelmaestrocmf.com\/portal\/programar-o-crear-reunion-en-microsoft-team-y-compartir-el-enlace-por-correo-o-whatsapp\/#article","isPartOf":{"@id":"https:\/\/webdelmaestrocmf.com\/portal\/programar-o-crear-reunion-en-microsoft-team-y-compartir-el-enlace-por-correo-o-whatsapp\/"},"author":{"name":"Web del Maestro CMF","@id":"https:\/\/webdelmaestrocmf.com\/portal\/#\/schema\/person\/1072a2ed7bd960df8ef99a551fa35dc5"},"headline":"Programar o crear reuni\u00f3n en Microsoft Team y compartir el enlace por correo o whatsapp","datePublished":"2020-10-16T22:38:37+00:00","dateModified":"2023-10-18T03:11:04+00:00","mainEntityOfPage":{"@id":"https:\/\/webdelmaestrocmf.com\/portal\/programar-o-crear-reunion-en-microsoft-team-y-compartir-el-enlace-por-correo-o-whatsapp\/"},"wordCount":1017,"commentCount":0,"publisher":{"@id":"https:\/\/webdelmaestrocmf.com\/portal\/#organization"},"image":{"@id":"https:\/\/webdelmaestrocmf.com\/portal\/programar-o-crear-reunion-en-microsoft-team-y-compartir-el-enlace-por-correo-o-whatsapp\/#primaryimage"},"thumbnailUrl":"https:\/\/webdelmaestrocmf.com\/portal\/wp-content\/uploads\/2020\/10\/1-60.jpg","keywords":["compartir","correo","CREAR","enlace","Microsoft","PROGRAMAR","reuni\u00f3n","Team","WHATSAPP"],"articleSection":["Software","Tecnolog\u00eda"],"inLanguage":"es","potentialAction":[{"@type":"CommentAction","name":"Comment","target":["https:\/\/webdelmaestrocmf.com\/portal\/programar-o-crear-reunion-en-microsoft-team-y-compartir-el-enlace-por-correo-o-whatsapp\/#respond"]}]},{"@type":"WebPage","@id":"https:\/\/webdelmaestrocmf.com\/portal\/programar-o-crear-reunion-en-microsoft-team-y-compartir-el-enlace-por-correo-o-whatsapp\/","url":"https:\/\/webdelmaestrocmf.com\/portal\/programar-o-crear-reunion-en-microsoft-team-y-compartir-el-enlace-por-correo-o-whatsapp\/","name":"Programar o crear reuni\u00f3n en Microsoft Team y compartir el enlace por correo o whatsapp - 2026","isPartOf":{"@id":"https:\/\/webdelmaestrocmf.com\/portal\/#website"},"primaryImageOfPage":{"@id":"https:\/\/webdelmaestrocmf.com\/portal\/programar-o-crear-reunion-en-microsoft-team-y-compartir-el-enlace-por-correo-o-whatsapp\/#primaryimage"},"image":{"@id":"https:\/\/webdelmaestrocmf.com\/portal\/programar-o-crear-reunion-en-microsoft-team-y-compartir-el-enlace-por-correo-o-whatsapp\/#primaryimage"},"thumbnailUrl":"https:\/\/webdelmaestrocmf.com\/portal\/wp-content\/uploads\/2020\/10\/1-60.jpg","datePublished":"2020-10-16T22:38:37+00:00","dateModified":"2023-10-18T03:11:04+00:00","description":"Su calendario en Teams est\u00e1 conectado a su calendario de Exchange. En otras palabras, cuando programe una reuni\u00f3n en Outlook...","breadcrumb":{"@id":"https:\/\/webdelmaestrocmf.com\/portal\/programar-o-crear-reunion-en-microsoft-team-y-compartir-el-enlace-por-correo-o-whatsapp\/#breadcrumb"},"inLanguage":"es","potentialAction":[{"@type":"ReadAction","target":["https:\/\/webdelmaestrocmf.com\/portal\/programar-o-crear-reunion-en-microsoft-team-y-compartir-el-enlace-por-correo-o-whatsapp\/"]}]},{"@type":"ImageObject","inLanguage":"es","@id":"https:\/\/webdelmaestrocmf.com\/portal\/programar-o-crear-reunion-en-microsoft-team-y-compartir-el-enlace-por-correo-o-whatsapp\/#primaryimage","url":"https:\/\/webdelmaestrocmf.com\/portal\/wp-content\/uploads\/2020\/10\/1-60.jpg","contentUrl":"https:\/\/webdelmaestrocmf.com\/portal\/wp-content\/uploads\/2020\/10\/1-60.jpg","width":1100,"height":680},{"@type":"BreadcrumbList","@id":"https:\/\/webdelmaestrocmf.com\/portal\/programar-o-crear-reunion-en-microsoft-team-y-compartir-el-enlace-por-correo-o-whatsapp\/#breadcrumb","itemListElement":[{"@type":"ListItem","position":1,"name":"Portada","item":"https:\/\/webdelmaestrocmf.com\/portal\/"},{"@type":"ListItem","position":2,"name":"Tecnolog\u00eda","item":"https:\/\/webdelmaestrocmf.com\/portal\/category\/tecnologia\/"},{"@type":"ListItem","position":3,"name":"Programar o crear reuni\u00f3n en Microsoft Team y compartir el enlace por correo o whatsapp"}]},{"@type":"WebSite","@id":"https:\/\/webdelmaestrocmf.com\/portal\/#website","url":"https:\/\/webdelmaestrocmf.com\/portal\/","name":"Web del Maestro CMF","description":"Maestros al servicio de la educaci\u00f3n","publisher":{"@id":"https:\/\/webdelmaestrocmf.com\/portal\/#organization"},"alternateName":"WMCMF","potentialAction":[{"@type":"SearchAction","target":{"@type":"EntryPoint","urlTemplate":"https:\/\/webdelmaestrocmf.com\/portal\/?s={search_term_string}"},"query-input":{"@type":"PropertyValueSpecification","valueRequired":true,"valueName":"search_term_string"}}],"inLanguage":"es"},{"@type":"Organization","@id":"https:\/\/webdelmaestrocmf.com\/portal\/#organization","name":"Web del Maestro CMF","alternateName":"WMCMF","url":"https:\/\/webdelmaestrocmf.com\/portal\/","logo":{"@type":"ImageObject","inLanguage":"es","@id":"https:\/\/webdelmaestrocmf.com\/portal\/#\/schema\/logo\/image\/","url":"https:\/\/webdelmaestrocmf.com\/portal\/wp-content\/uploads\/2023\/01\/logo-wmcmf-2.png","contentUrl":"https:\/\/webdelmaestrocmf.com\/portal\/wp-content\/uploads\/2023\/01\/logo-wmcmf-2.png","width":200,"height":60,"caption":"Web del Maestro CMF"},"image":{"@id":"https:\/\/webdelmaestrocmf.com\/portal\/#\/schema\/logo\/image\/"},"sameAs":["https:\/\/www.facebook.com\/WebdelMaestroCMF\/","https:\/\/x.com\/cmf_w","https:\/\/www.pinterest.com\/WMCMF\/","https:\/\/www.linkedin.com\/company\/web-del-maestro-cmf\/","https:\/\/www.instagram.com\/wmcmf\/","https:\/\/www.youtube.com\/channel\/UCDPSvjbdodE5sHnC3OxutHw","https:\/\/mastodon.social\/@wmcmf","https:\/\/www.tiktok.com\/@webdelmaestrocmf"]},{"@type":"Person","@id":"https:\/\/webdelmaestrocmf.com\/portal\/#\/schema\/person\/1072a2ed7bd960df8ef99a551fa35dc5","name":"Web del Maestro CMF","image":{"@type":"ImageObject","inLanguage":"es","@id":"https:\/\/secure.gravatar.com\/avatar\/23291dd5b5ae1077dcff3dbb04c3e02bd28403fa75af6d8787d5e97c5bbbe30b?s=96&d=mm&r=g","url":"https:\/\/secure.gravatar.com\/avatar\/23291dd5b5ae1077dcff3dbb04c3e02bd28403fa75af6d8787d5e97c5bbbe30b?s=96&d=mm&r=g","contentUrl":"https:\/\/secure.gravatar.com\/avatar\/23291dd5b5ae1077dcff3dbb04c3e02bd28403fa75af6d8787d5e97c5bbbe30b?s=96&d=mm&r=g","caption":"Web del Maestro CMF"},"description":"Esta Web se cre\u00f3 sin fines de lucro, con fines educativos, cient\u00edficos y acad\u00e9micos, para personas que tengan dificultades y\/o inconvenientes en visualizar el material original. El objetivo es entregar recursos, compartir experiencias y materiales que ayuden a los padres de familia, maestros y estudiantes en su actualizaci\u00f3n y formaci\u00f3n permanente, en bien de la Educaci\u00f3n.","sameAs":["http:\/\/webdelmaestrocmf.com\/portal","https:\/\/www.facebook.com\/WebdelMaestroCMF\/","https:\/\/www.instagram.com\/wmcmf\/","https:\/\/cl.linkedin.com\/company\/web-del-maestro-cmf","https:\/\/www.pinterest.com\/WMCMF\/publicaciones\/","https:\/\/x.com\/cmf_w","https:\/\/www.youtube.com\/@WMCMF"]}]}},"jetpack_featured_media_url":"https:\/\/webdelmaestrocmf.com\/portal\/wp-content\/uploads\/2020\/10\/1-60.jpg","jetpack_sharing_enabled":true,"jetpack-related-posts":[{"id":48384,"url":"https:\/\/webdelmaestrocmf.com\/portal\/como-usar-microsoft-teams-para-sus-clases-virtuales-descarga-la-guias-de-microsoft-teams-para-alumnos-y-profesores\/","url_meta":{"origin":52931,"position":0},"title":"C\u00f3mo usar Microsoft Teams para sus clases virtuales","author":"Web del Maestro CMF","date":"24 junio, 2020","format":false,"excerpt":"Microsoft Teams es una aplicaci\u00f3n de colaboraci\u00f3n con la que su equipo podr\u00e1 organizarse y mantener conversaciones, todo en un \u00fanico lugar. Microsoft Teams es parte de Microsoft 365, por lo que necesita una licencia de Aplicaciones de Microsoft 365 para negocios o Enterprise para usarlo. Para conocer los detalles,\u2026","rel":"","context":"En \u00abSoftware\u00bb","block_context":{"text":"Software","link":"https:\/\/webdelmaestrocmf.com\/portal\/category\/tecnologia\/software\/"},"img":{"alt_text":"","src":"https:\/\/i0.wp.com\/webdelmaestrocmf.com\/portal\/wp-content\/uploads\/2020\/06\/1-158.jpg?resize=350%2C200&ssl=1","width":350,"height":200,"srcset":"https:\/\/i0.wp.com\/webdelmaestrocmf.com\/portal\/wp-content\/uploads\/2020\/06\/1-158.jpg?resize=350%2C200&ssl=1 1x, https:\/\/i0.wp.com\/webdelmaestrocmf.com\/portal\/wp-content\/uploads\/2020\/06\/1-158.jpg?resize=525%2C300&ssl=1 1.5x, https:\/\/i0.wp.com\/webdelmaestrocmf.com\/portal\/wp-content\/uploads\/2020\/06\/1-158.jpg?resize=700%2C400&ssl=1 2x, https:\/\/i0.wp.com\/webdelmaestrocmf.com\/portal\/wp-content\/uploads\/2020\/06\/1-158.jpg?resize=1050%2C600&ssl=1 3x"},"classes":[]},{"id":54920,"url":"https:\/\/webdelmaestrocmf.com\/portal\/los-mejores-trucos-para-mejorar-tus-clases-virtuales-con-microsoft-teams\/","url_meta":{"origin":52931,"position":1},"title":"Los mejores trucos de Microsoft Teams para mejorar tus clases virtuales","author":"Web del Maestro CMF","date":"20 noviembre, 2020","format":false,"excerpt":"Microsoft Teams es una plataforma unificada de comunicaci\u00f3n y colaboraci\u00f3n que combina chat persistente en el lugar de trabajo, reuniones de video, almacenamiento de archivos e integraci\u00f3n de aplicaciones. Esta plataforma ofrece a los usuarios una variedad de capacidades de colaboraci\u00f3n basadas en la nube. Comprender la plataforma m\u00e1s all\u00e1\u2026","rel":"","context":"En \u00abSoftware\u00bb","block_context":{"text":"Software","link":"https:\/\/webdelmaestrocmf.com\/portal\/category\/tecnologia\/software\/"},"img":{"alt_text":"","src":"https:\/\/i0.wp.com\/webdelmaestrocmf.com\/portal\/wp-content\/uploads\/2020\/11\/1-copia-59.jpg?resize=350%2C200&ssl=1","width":350,"height":200,"srcset":"https:\/\/i0.wp.com\/webdelmaestrocmf.com\/portal\/wp-content\/uploads\/2020\/11\/1-copia-59.jpg?resize=350%2C200&ssl=1 1x, https:\/\/i0.wp.com\/webdelmaestrocmf.com\/portal\/wp-content\/uploads\/2020\/11\/1-copia-59.jpg?resize=525%2C300&ssl=1 1.5x, https:\/\/i0.wp.com\/webdelmaestrocmf.com\/portal\/wp-content\/uploads\/2020\/11\/1-copia-59.jpg?resize=700%2C400&ssl=1 2x, https:\/\/i0.wp.com\/webdelmaestrocmf.com\/portal\/wp-content\/uploads\/2020\/11\/1-copia-59.jpg?resize=1050%2C600&ssl=1 3x"},"classes":[]},{"id":47213,"url":"https:\/\/webdelmaestrocmf.com\/portal\/como-usar-microsoft-teams-para-sus-clases-virtuales\/","url_meta":{"origin":52931,"position":2},"title":"\u00bfC\u00f3mo usar Microsoft Teams para sus clases virtuales?","author":"Web del Maestro CMF","date":"16 mayo, 2020","format":false,"excerpt":"Microsoft Teams es una aplicaci\u00f3n de colaboraci\u00f3n con la que su equipo podr\u00e1 organizarse y mantener conversaciones, todo en un \u00fanico lugar. Microsoft Teams es parte de Microsoft 365, por lo que necesita una licencia de Aplicaciones de Microsoft 365 para negocios o Enterprise para usarlo. Para conocer los detalles,\u2026","rel":"","context":"En \u00abSoftware\u00bb","block_context":{"text":"Software","link":"https:\/\/webdelmaestrocmf.com\/portal\/category\/tecnologia\/software\/"},"img":{"alt_text":"","src":"https:\/\/i0.wp.com\/webdelmaestrocmf.com\/portal\/wp-content\/uploads\/2020\/05\/3a-2.jpg?resize=350%2C200&ssl=1","width":350,"height":200,"srcset":"https:\/\/i0.wp.com\/webdelmaestrocmf.com\/portal\/wp-content\/uploads\/2020\/05\/3a-2.jpg?resize=350%2C200&ssl=1 1x, https:\/\/i0.wp.com\/webdelmaestrocmf.com\/portal\/wp-content\/uploads\/2020\/05\/3a-2.jpg?resize=525%2C300&ssl=1 1.5x, https:\/\/i0.wp.com\/webdelmaestrocmf.com\/portal\/wp-content\/uploads\/2020\/05\/3a-2.jpg?resize=700%2C400&ssl=1 2x, https:\/\/i0.wp.com\/webdelmaestrocmf.com\/portal\/wp-content\/uploads\/2020\/05\/3a-2.jpg?resize=1050%2C600&ssl=1 3x"},"classes":[]},{"id":51990,"url":"https:\/\/webdelmaestrocmf.com\/portal\/como-crear-una-cuenta-en-microsoft-teams-gratis\/","url_meta":{"origin":52931,"position":3},"title":"C\u00f3mo crear una cuenta en Microsoft Teams gratis","author":"Web del Maestro CMF","date":"23 septiembre, 2020","format":false,"excerpt":"\u00baMicrosoft Teams\u00a0es el servicio de chat para grupos de trabajo que el gigante del software ha creado para competir con soluciones como Slack y que ahora est\u00e1 disponible en versi\u00f3n\u00a0gratuita\u00a0para ser utilizada por organizaciones, peque\u00f1as empresas o grupos de hasta 300 usuarios. Similar en concepto al l\u00edder del segmento de\u00a0gesti\u00f3n\u2026","rel":"","context":"En \u00abSoftware\u00bb","block_context":{"text":"Software","link":"https:\/\/webdelmaestrocmf.com\/portal\/category\/tecnologia\/software\/"},"img":{"alt_text":"","src":"https:\/\/i0.wp.com\/webdelmaestrocmf.com\/portal\/wp-content\/uploads\/2020\/09\/1-copia-87.jpg?resize=350%2C200&ssl=1","width":350,"height":200,"srcset":"https:\/\/i0.wp.com\/webdelmaestrocmf.com\/portal\/wp-content\/uploads\/2020\/09\/1-copia-87.jpg?resize=350%2C200&ssl=1 1x, https:\/\/i0.wp.com\/webdelmaestrocmf.com\/portal\/wp-content\/uploads\/2020\/09\/1-copia-87.jpg?resize=525%2C300&ssl=1 1.5x, https:\/\/i0.wp.com\/webdelmaestrocmf.com\/portal\/wp-content\/uploads\/2020\/09\/1-copia-87.jpg?resize=700%2C400&ssl=1 2x, https:\/\/i0.wp.com\/webdelmaestrocmf.com\/portal\/wp-content\/uploads\/2020\/09\/1-copia-87.jpg?resize=1050%2C600&ssl=1 3x"},"classes":[]},{"id":50930,"url":"https:\/\/webdelmaestrocmf.com\/portal\/doce-caracteristicas-de-microsoft-teams-que-le-pueden-servir-en-clases-virtuales\/","url_meta":{"origin":52931,"position":4},"title":"Doce caracter\u00edsticas de Microsoft Teams que le pueden servir en clases virtuales","author":"Web del Maestro CMF","date":"4 septiembre, 2020","format":false,"excerpt":"Millones de profesionales de todo el mundo se han pasado estos d\u00edas al teletrabajo debido a la epidemia del coronavirus. Plataformas como\u00a0Microsoft Teams, Google Classroom o Cisco Webex\u00a0se han convertido en herramientas imprescindibles para trabajar en equipo a distancia y mantener videoconferencias. Microsoft ha compartido algunas cifras que certifican c\u00f3mo\u2026","rel":"","context":"En \u00abSoftware\u00bb","block_context":{"text":"Software","link":"https:\/\/webdelmaestrocmf.com\/portal\/category\/tecnologia\/software\/"},"img":{"alt_text":"","src":"https:\/\/i0.wp.com\/webdelmaestrocmf.com\/portal\/wp-content\/uploads\/2020\/09\/1-38.jpg?resize=350%2C200&ssl=1","width":350,"height":200,"srcset":"https:\/\/i0.wp.com\/webdelmaestrocmf.com\/portal\/wp-content\/uploads\/2020\/09\/1-38.jpg?resize=350%2C200&ssl=1 1x, https:\/\/i0.wp.com\/webdelmaestrocmf.com\/portal\/wp-content\/uploads\/2020\/09\/1-38.jpg?resize=525%2C300&ssl=1 1.5x, https:\/\/i0.wp.com\/webdelmaestrocmf.com\/portal\/wp-content\/uploads\/2020\/09\/1-38.jpg?resize=700%2C400&ssl=1 2x, https:\/\/i0.wp.com\/webdelmaestrocmf.com\/portal\/wp-content\/uploads\/2020\/09\/1-38.jpg?resize=1050%2C600&ssl=1 3x"},"classes":[]},{"id":51474,"url":"https:\/\/webdelmaestrocmf.com\/portal\/capacitacion-para-profesores-las-mejores-herramienta-manuales-tutoriales-guias-videos-cursos-de-como-usar-microsoft-teams\/","url_meta":{"origin":52931,"position":5},"title":"Capacitaci\u00f3n para profesores: Manuales, Tutoriales, Gu\u00edas, V\u00eddeos, Cursos de c\u00f3mo usar Microsoft Teams","author":"Web del Maestro CMF","date":"4 enero, 2021","format":false,"excerpt":"Microsoft Teams es una plataforma unificada de comunicaci\u00f3n y colaboraci\u00f3n que combina chat persistente en el lugar de trabajo, reuniones de video, almacenamiento de archivos e integraci\u00f3n de aplicaciones. La DGIP pone a disposici\u00f3n de los colaboradores de la Escuela Polit\u00e9cnica Nacional, herramientas colaborativas para trabajar en un entorno virtual,\u2026","rel":"","context":"En \u00abSoftware\u00bb","block_context":{"text":"Software","link":"https:\/\/webdelmaestrocmf.com\/portal\/category\/tecnologia\/software\/"},"img":{"alt_text":"","src":"https:\/\/i0.wp.com\/webdelmaestrocmf.com\/portal\/wp-content\/uploads\/2021\/01\/1-copia-27.jpg?resize=350%2C200&ssl=1","width":350,"height":200,"srcset":"https:\/\/i0.wp.com\/webdelmaestrocmf.com\/portal\/wp-content\/uploads\/2021\/01\/1-copia-27.jpg?resize=350%2C200&ssl=1 1x, https:\/\/i0.wp.com\/webdelmaestrocmf.com\/portal\/wp-content\/uploads\/2021\/01\/1-copia-27.jpg?resize=525%2C300&ssl=1 1.5x, https:\/\/i0.wp.com\/webdelmaestrocmf.com\/portal\/wp-content\/uploads\/2021\/01\/1-copia-27.jpg?resize=700%2C400&ssl=1 2x, https:\/\/i0.wp.com\/webdelmaestrocmf.com\/portal\/wp-content\/uploads\/2021\/01\/1-copia-27.jpg?resize=1050%2C600&ssl=1 3x"},"classes":[]}],"_links":{"self":[{"href":"https:\/\/webdelmaestrocmf.com\/portal\/wp-json\/wp\/v2\/posts\/52931","targetHints":{"allow":["GET"]}}],"collection":[{"href":"https:\/\/webdelmaestrocmf.com\/portal\/wp-json\/wp\/v2\/posts"}],"about":[{"href":"https:\/\/webdelmaestrocmf.com\/portal\/wp-json\/wp\/v2\/types\/post"}],"author":[{"embeddable":true,"href":"https:\/\/webdelmaestrocmf.com\/portal\/wp-json\/wp\/v2\/users\/1"}],"replies":[{"embeddable":true,"href":"https:\/\/webdelmaestrocmf.com\/portal\/wp-json\/wp\/v2\/comments?post=52931"}],"version-history":[{"count":0,"href":"https:\/\/webdelmaestrocmf.com\/portal\/wp-json\/wp\/v2\/posts\/52931\/revisions"}],"wp:featuredmedia":[{"embeddable":true,"href":"https:\/\/webdelmaestrocmf.com\/portal\/wp-json\/wp\/v2\/media\/52937"}],"wp:attachment":[{"href":"https:\/\/webdelmaestrocmf.com\/portal\/wp-json\/wp\/v2\/media?parent=52931"}],"wp:term":[{"taxonomy":"category","embeddable":true,"href":"https:\/\/webdelmaestrocmf.com\/portal\/wp-json\/wp\/v2\/categories?post=52931"},{"taxonomy":"post_tag","embeddable":true,"href":"https:\/\/webdelmaestrocmf.com\/portal\/wp-json\/wp\/v2\/tags?post=52931"}],"curies":[{"name":"wp","href":"https:\/\/api.w.org\/{rel}","templated":true}]}}