{"id":52840,"date":"2020-10-14T16:42:08","date_gmt":"2020-10-14T19:42:08","guid":{"rendered":"https:\/\/webdelmaestrocmf.com\/portal\/?p=52840"},"modified":"2020-10-21T10:09:00","modified_gmt":"2020-10-21T13:09:00","slug":"david-auris-educacion-peruana-una-incomoda-verdad","status":"publish","type":"post","link":"https:\/\/webdelmaestrocmf.com\/portal\/david-auris-educacion-peruana-una-incomoda-verdad\/","title":{"rendered":"[David Auris] Educaci\u00f3n peruana: una inc\u00f3moda verdad"},"content":{"rendered":"<h5 style=\"text-align: justify;\">La educaci\u00f3n, entendida como conocimiento desde tiempos remotos, \u00bfAcaso sirvi\u00f3 para oprimir a multitudes? \u00a0Desde las tribus hasta la posmodernidad, probablemente en nombre del poder, hemos cerrado las puertas de las oportunidades a la inmensa mayor\u00eda, por lo que es tiempo de abrirla, pues, acceder a una educaci\u00f3n de calidad, es un Derecho a la vida.<\/h5>\n<p><!--more--><\/p>\n<h5 style=\"text-align: justify;\">En el Tahuantinsuyo, el pueblo agrupado en <em>ayllus,<\/em> ejercieron la \u201cpedagog\u00eda de la resistencia\u201d, transfiriendo a sus generaciones los conocimientos y valores necesarios para vivir. La nobleza elitista, aprovecharon esa labor solidaria para gobernarlos. Para ello, crearon el <em>Yachaywasi<\/em> a cargo de amautas, al que solamente asist\u00edan sus hijos para ser adoctrinados en el arte de gobernar como coinciden los expertos.<\/h5>\n<p style=\"text-align: justify;\">Esa educaci\u00f3n elitista, contribuy\u00f3 al r\u00e1pido derrumbe del imperio incaico, ante la invasi\u00f3n espa\u00f1ola, dando comienzo al feroz crimen de lesa humanidad. Abatidos nuestros antepasados y despojados de sus tierras, padecieron el mayor ultraje, bajo las botas de un inhumano sistema colonial.<\/p>\n<p style=\"text-align: justify;\">En Per\u00fa y Latinoam\u00e9rica, los espa\u00f1oles medioevales, conscientes del poder del conocimiento, impusieron una educaci\u00f3n elitista y excluyente. Parad\u00f3jicamente, esa diferencia social vislumbrada por los incas, la educaci\u00f3n colonial profundiz\u00f3 y ancl\u00f3 en el pensamiento colectivo, el desprecio hacia el ind\u00edgena por un espacio de tres siglos que, a\u00fan no logramos sacudirnos en esta era de la posverdad.<\/p>\n<p style=\"text-align: justify;\">Fundaron la universidad de San Marcos y otras instituciones, donde educaban a espa\u00f1oles, criollos y mestizos, para gobernar la colonia, forjando una mentalidad de superioridad contra esclavos ind\u00edgenas y afrodescendientes, considerados \u201csalvajes\u201d, sin derecho a la educaci\u00f3n.<\/p>\n<p style=\"text-align: justify;\">Extirpado el poder espa\u00f1ol, inicia la vida republicana. Los esfuerzos de San Mart\u00edn, Bol\u00edvar y Castilla, para masificar la educaci\u00f3n en toda la rep\u00fablica, no tuvieron eco, debido a la mentalidad segregacionista de los altos funcionarios criollos y mestizos, ahora los nuevos poderosos.<\/p>\n<p style=\"text-align: justify;\">Estos bur\u00f3cratas de la educaci\u00f3n, incapaces de comprender el auge de la industrializaci\u00f3n, afianzaron su poder hasta hoy. Continuaron fomentando una educaci\u00f3n colonial, con un membrete republicano, asentando m\u00e1s la brecha entre los pocos ricos y el inmenso bols\u00f3n de ex esclavos libres, pero, herederos de una mentalidad de inferioridad superada solo accediendo a la educaci\u00f3n.<\/p>\n<p><img loading=\"lazy\" decoding=\"async\" class=\"alignnone size-full wp-image-52847\" src=\"https:\/\/webdelmaestrocmf.com\/portal\/wp-content\/uploads\/2020\/10\/1-56.jpg\" alt=\"\" width=\"1161\" height=\"720\" srcset=\"https:\/\/webdelmaestrocmf.com\/portal\/wp-content\/uploads\/2020\/10\/1-56.jpg 1161w, https:\/\/webdelmaestrocmf.com\/portal\/wp-content\/uploads\/2020\/10\/1-56-300x186.jpg 300w, https:\/\/webdelmaestrocmf.com\/portal\/wp-content\/uploads\/2020\/10\/1-56-1024x635.jpg 1024w, https:\/\/webdelmaestrocmf.com\/portal\/wp-content\/uploads\/2020\/10\/1-56-768x476.jpg 768w, https:\/\/webdelmaestrocmf.com\/portal\/wp-content\/uploads\/2020\/10\/1-56-110x68.jpg 110w, https:\/\/webdelmaestrocmf.com\/portal\/wp-content\/uploads\/2020\/10\/1-56-200x124.jpg 200w, https:\/\/webdelmaestrocmf.com\/portal\/wp-content\/uploads\/2020\/10\/1-56-380x236.jpg 380w, https:\/\/webdelmaestrocmf.com\/portal\/wp-content\/uploads\/2020\/10\/1-56-255x158.jpg 255w, https:\/\/webdelmaestrocmf.com\/portal\/wp-content\/uploads\/2020\/10\/1-56-550x341.jpg 550w, https:\/\/webdelmaestrocmf.com\/portal\/wp-content\/uploads\/2020\/10\/1-56-800x496.jpg 800w, https:\/\/webdelmaestrocmf.com\/portal\/wp-content\/uploads\/2020\/10\/1-56-220x136.jpg 220w, https:\/\/webdelmaestrocmf.com\/portal\/wp-content\/uploads\/2020\/10\/1-56-400x248.jpg 400w, https:\/\/webdelmaestrocmf.com\/portal\/wp-content\/uploads\/2020\/10\/1-56-760x471.jpg 760w, https:\/\/webdelmaestrocmf.com\/portal\/wp-content\/uploads\/2020\/10\/1-56-510x316.jpg 510w, https:\/\/webdelmaestrocmf.com\/portal\/wp-content\/uploads\/2020\/10\/1-56-600x372.jpg 600w, https:\/\/webdelmaestrocmf.com\/portal\/wp-content\/uploads\/2020\/10\/1-56-1100x682.jpg 1100w\" sizes=\"auto, (max-width: 1161px) 100vw, 1161px\" \/><\/p>\n<p style=\"text-align: justify;\">A inicios del siglo XX, Pardo impulsa sin \u00e9xito la universalizaci\u00f3n de la educaci\u00f3n primaria. Aparecen las universidades privadas en las grandes ciudades, favoreciendo su desarrollo en detrimento de la poblaci\u00f3n rural. A fin de siglo, gracias a Fujimori, se formaliza el gran negocio de la educaci\u00f3n en todos los niveles, ahondando la brecha de acceso a la educaci\u00f3n de calidad.<\/p>\n<p style=\"text-align: justify;\">En el siglo XXI, Garc\u00eda, emulando a la colonia, impulsa la creaci\u00f3n de Colegios Mayores al nivel de la OCDE, que suman 26 para \u201clos m\u00e1s inteligentes\u201d, fondeando en el olvido a miles de escuelas p\u00fablicas, abofeteando de esta manera, los esfuerzos del Objetivo del Desarrollo Sostenido, abocados a fomentar una educaci\u00f3n de calidad para todas y todos.<\/p>\n<p style=\"text-align: justify;\">A la luz de los avances cient\u00edficos, el ser humano no solo requiere conocimientos, necesita ser educado para la convivencia solidaria. Unos pocos no podremos remar el tempestuoso mar de la incertidumbre, por lo que es necesario, comprometer a todos para no sucumbir ante la avalancha de la ignorancia.<\/p>\n<p style=\"text-align: justify;\">Modifiquemos el curso de la historia, capacitando a los gobernantes y funcionarios para que aprendan, el concepto de educaci\u00f3n para la vida, extirpando su pensamiento neocolonial de fotos y absurdas meritocracias que solo han acentuado las brechas sociales.<\/p>\n<h5 style=\"text-align: justify;\">Fuentes:<\/h5>\n<ul style=\"text-align: justify;\">\n<li>Educaci\u00f3n en el Tahuantinsuyo. Recuperado de:<\/li>\n<li><a href=\"https:\/\/www.youtube.com\/watch?v=xJbk13xbdGI&amp;t=1598s\" target=\"_blank\" rel=\"noopener noreferrer\">youtube.com<\/a>\u00a0(10\/10\/2020)<\/li>\n<li>La educaci\u00f3n en la Colonia. Recuperado de:<\/li>\n<li><a href=\"https:\/\/www.youtube.com\/watch?v=RW01Y4gI5dA&amp;t=1777s\" target=\"_blank\" rel=\"noopener noreferrer\">youtube.com<\/a>\u00a0(10\/10\/2020)<\/li>\n<li>La realidad de la educaci\u00f3n del Per\u00fa. Recuperado de: <a style=\"font-family: -apple-system, BlinkMacSystemFont, 'Segoe UI', Roboto, 'Helvetica Neue', Arial, 'Noto Sans', sans-serif, 'Apple Color Emoji', 'Segoe UI Emoji', 'Segoe UI Symbol', 'Noto Color Emoji';\" href=\"https:\/\/www.youtube.com\/watch?v=9DnwZMqRvXI\" target=\"_blank\" rel=\"noopener noreferrer\">youtube.com<\/a><span style=\"font-family: -apple-system, BlinkMacSystemFont, 'Segoe UI', Roboto, 'Helvetica Neue', Arial, 'Noto Sans', sans-serif, 'Apple Color Emoji', 'Segoe UI Emoji', 'Segoe UI Symbol', 'Noto Color Emoji';\">\u00a0(10\/10\/2020)<\/span><\/li>\n<\/ul>\n<p><strong>\u00a9 David Auris Villegas. Escritor y pedagogo\u00a0<\/strong><\/p>\n<table class=\" alignleft\" border=\"0\" width=\"100%\" cellspacing=\"10\" cellpadding=\"10\">\n<tbody>\n<tr>\n<td style=\"text-align: center;\" width=\"30%\"><strong><img loading=\"lazy\" decoding=\"async\" class=\"size-full wp-image-49380 aligncenter\" src=\"https:\/\/webdelmaestrocmf.com\/portal\/wp-content\/uploads\/2020\/07\/2-copia-3.jpg\" alt=\"\" width=\"200\" height=\"200\" srcset=\"https:\/\/webdelmaestrocmf.com\/portal\/wp-content\/uploads\/2020\/07\/2-copia-3.jpg 200w, https:\/\/webdelmaestrocmf.com\/portal\/wp-content\/uploads\/2020\/07\/2-copia-3-150x150.jpg 150w, https:\/\/webdelmaestrocmf.com\/portal\/wp-content\/uploads\/2020\/07\/2-copia-3-80x80.jpg 80w, https:\/\/webdelmaestrocmf.com\/portal\/wp-content\/uploads\/2020\/07\/2-copia-3-110x110.jpg 110w\" sizes=\"auto, (max-width: 200px) 100vw, 200px\" \/><br \/>\nAutor: <\/strong>David Auris Villegas (Per\u00fa, 1975) Escritor, pedagogo, editor, columnista, profesor universitario y te\u00f3rico de la pedagog\u00eda \u00e9tica, educaci\u00f3n ciudadana, cultura de paz. <strong><br \/>\nExperiencia laboral:<\/strong> Licenciado en educaci\u00f3n por la Universidad Nacional Mayor de San Marcos y m\u00e1ster en educaci\u00f3n por la Universidad de la Habana. Ha sido profesor capacitador en la Universidad Nacional Mayor de San Marcos y profesor de posgrado en varias universidades peruanas. Ha publicado: <em>\u201cCuentos de medianoche\u201d, \u201cMa\u00f1ana al despertar piensa en m\u00ed\u201d, \u00abEstrategias did\u00e1cticas de comprensi\u00f3n lectora para la vida\u00bb, \u00abC\u00f3mo redactar art\u00edculos cient\u00edficos\u00bb <\/em>y<em> \u201cMinicuentos para so\u00f1ar\u201d<\/em>. Antologado en: <em>A Orillas del r\u00edo Ichu<\/em> y en, <em>Palabras sin fronteras, fronteras sin palabras, <\/em>y ha aparecido en las revistas: <em>La Tortuga Ecuestre<\/em>, <em>N\u00e9mesis<\/em> y <em>Entre par\u00e9ntesis<\/em>. Publica sus art\u00edculos pedag\u00f3gicos cada semana en varios portales del mundo. <strong><br \/>\nCorreo electr\u00f3nico: <\/strong><a href=\"mailto:davidauris@gmail.com\">davidauris@gmail.com<\/a><br \/>\n<strong>Cuenta de Facebook:<\/strong> <a href=\"https:\/\/www.facebook.com\/david.aurisvillegas.77\" target=\"_blank\" rel=\"noopener noreferrer\">david.aurisvillegas.77<\/a><\/td>\n<\/tr>\n<\/tbody>\n<\/table>\n<p style=\"text-align: left;\">.<\/p>\n\t\t<div class=\"pk-inline-posts\">\n\t\t\t\n\t\t\t<div class=\"pk-inline-posts-container pk-inline-posts-template-list\"\n\t\t\t\tdata-columns=\"1\">\n\t\t\t\t\t\t<article id=\"post-112061\" class=\"post-112061 post type-post status-publish format-standard has-post-thumbnail category-z-colaborador-david-auris category-colaborador tag-funcionarios tag-pedagogia tag-perversos cs-entry cs-video-wrap\">\n\t\t\t<div class=\"pk-post-outer\">\n\n\t\t\t\t\t\t\t\t<div class=\"pk-post-inner\">\n\t\t\t\t\t<div class=\"entry-thumbnail\">\n\t\t\t\t\t\t<div class=\"pk-overlay pk-overlay-ratio pk-ratio-landscape\">\n\t\t\t\t\t\t\t<div class=\"pk-overlay-background\">\n\t\t\t\t\t\t\t\t<a href=\"https:\/\/webdelmaestrocmf.com\/portal\/david-auris-poderosa-pedagogia-de-los-perversos-funcionarios-y-politicos-peruanos-2\/\" class=\"pk-overlay-link\">\n\t\t\t\t\t\t\t\t\t<img loading=\"lazy\" decoding=\"async\" width=\"300\" height=\"225\" src=\"https:\/\/webdelmaestrocmf.com\/portal\/wp-content\/uploads\/2025\/09\/1A-Banner-1-portada-imagen-10-1-copia-2025-09-11T183111.574-300x225.webp\" class=\"attachment-pk-thumbnail size-pk-thumbnail wp-post-image\" alt=\"\" \/>\t\t\t\t\t\t\t\t<\/a>\n\t\t\t\t\t\t\t<\/div>\n\t\t\t\t\t\t<\/div>\n\t\t\t\t\t<\/div>\n\t\t\t\t<\/div>\n\t\t\t\t\n\t\t\t\t<div class=\"pk-post-inner\">\n\t\t\t\t\t<header>\n\t\t\t\t\t\t<h3 class=\"pk-title\"><a href=\"https:\/\/webdelmaestrocmf.com\/portal\/david-auris-poderosa-pedagogia-de-los-perversos-funcionarios-y-politicos-peruanos-2\/\" rel=\"bookmark\">[David Auris] Poderosa pedagog\u00eda de los perversos funcionarios y pol\u00edticos peruanos\u00a0<\/a><\/h3>\t\t\t\t\t<\/header><!-- .entry-header -->\n\t\t\t\t<\/div><!-- .post-inner -->\n\n\t\t\t<\/div><!-- .post-outer -->\n\t\t<\/article>\n\t\t\t\t<\/div>\n\t\t<\/div>\n\t\t\n","protected":false},"excerpt":{"rendered":"La educaci\u00f3n, entendida como conocimiento desde tiempos remotos, \u00bfAcaso sirvi\u00f3 para oprimir a multitudes? \u00a0Desde las tribus hasta&hellip;","protected":false},"author":1,"featured_media":52843,"comment_status":"open","ping_status":"closed","sticky":false,"template":"","format":"standard","meta":{"csco_display_header_overlay":false,"csco_singular_sidebar":"default","csco_page_header_type":"default","csco_page_load_nextpost":"default","csco_post_video_location":[],"csco_post_video_location_hash":"","csco_post_video_url":"","csco_post_video_bg_start_time":0,"csco_post_video_bg_end_time":0,"csco_post_video_bg_volume":false,"_jetpack_memberships_contains_paid_content":false,"footnotes":""},"categories":[5341,1790],"tags":[5342,55,5830,5829,5731],"class_list":{"0":"post-52840","1":"post","2":"type-post","3":"status-publish","4":"format-standard","5":"has-post-thumbnail","7":"category-z-colaborador-david-auris","8":"category-colaborador","9":"tag-david-auris","10":"tag-educacion","11":"tag-incomoda","12":"tag-peruana","13":"tag-verdad","14":"cs-entry","15":"cs-video-wrap"},"yoast_head":"<!-- This site is optimized with the Yoast SEO plugin v27.5 - https:\/\/yoast.com\/product\/yoast-seo-wordpress\/ -->\n<title>[David Auris] Educaci\u00f3n peruana: una inc\u00f3moda verdad - 2026<\/title>\n<meta name=\"description\" content=\"La educaci\u00f3n, entendida como conocimiento desde tiempos remotos, \u00bfAcaso sirvi\u00f3 para oprimir a multitudes? \u00a0Desde las...\" \/>\n<meta name=\"robots\" content=\"index, follow, max-snippet:-1, max-image-preview:large, max-video-preview:-1\" \/>\n<link rel=\"canonical\" href=\"https:\/\/webdelmaestrocmf.com\/portal\/david-auris-educacion-peruana-una-incomoda-verdad\/\" \/>\n<meta property=\"og:locale\" content=\"es_ES\" \/>\n<meta property=\"og:type\" content=\"article\" \/>\n<meta property=\"og:title\" content=\"[David Auris] Educaci\u00f3n peruana: una inc\u00f3moda verdad - 2026\" \/>\n<meta property=\"og:description\" content=\"La educaci\u00f3n, entendida como conocimiento desde tiempos remotos, \u00bfAcaso sirvi\u00f3 para oprimir a multitudes? \u00a0Desde las...\" \/>\n<meta property=\"og:url\" content=\"https:\/\/webdelmaestrocmf.com\/portal\/david-auris-educacion-peruana-una-incomoda-verdad\/\" \/>\n<meta property=\"og:site_name\" content=\"Web del Maestro CMF\" \/>\n<meta property=\"article:publisher\" content=\"https:\/\/www.facebook.com\/WebdelMaestroCMF\/\" \/>\n<meta property=\"article:author\" content=\"https:\/\/www.facebook.com\/WebdelMaestroCMF\/\" \/>\n<meta property=\"article:published_time\" content=\"2020-10-14T19:42:08+00:00\" \/>\n<meta property=\"article:modified_time\" content=\"2020-10-21T13:09:00+00:00\" \/>\n<meta property=\"og:image\" content=\"https:\/\/i0.wp.com\/webdelmaestrocmf.com\/portal\/wp-content\/uploads\/2020\/10\/1-copia-40.jpg?fit=1100%2C680&ssl=1\" \/>\n\t<meta property=\"og:image:width\" content=\"1100\" \/>\n\t<meta property=\"og:image:height\" content=\"680\" \/>\n\t<meta property=\"og:image:type\" content=\"image\/jpeg\" \/>\n<meta name=\"author\" content=\"Web del Maestro CMF\" \/>\n<meta name=\"twitter:card\" content=\"summary_large_image\" \/>\n<meta name=\"twitter:creator\" content=\"@cmf_w\" \/>\n<meta name=\"twitter:site\" content=\"@cmf_w\" \/>\n<script type=\"application\/ld+json\" class=\"yoast-schema-graph\">{\"@context\":\"https:\\\/\\\/schema.org\",\"@graph\":[{\"@type\":\"ScholarlyArticle\",\"@id\":\"https:\\\/\\\/webdelmaestrocmf.com\\\/portal\\\/david-auris-educacion-peruana-una-incomoda-verdad\\\/#article\",\"isPartOf\":{\"@id\":\"https:\\\/\\\/webdelmaestrocmf.com\\\/portal\\\/david-auris-educacion-peruana-una-incomoda-verdad\\\/\"},\"author\":{\"name\":\"Web del Maestro CMF\",\"@id\":\"https:\\\/\\\/webdelmaestrocmf.com\\\/portal\\\/#\\\/schema\\\/person\\\/1072a2ed7bd960df8ef99a551fa35dc5\"},\"headline\":\"[David Auris] Educaci\u00f3n peruana: una inc\u00f3moda verdad\",\"datePublished\":\"2020-10-14T19:42:08+00:00\",\"dateModified\":\"2020-10-21T13:09:00+00:00\",\"mainEntityOfPage\":{\"@id\":\"https:\\\/\\\/webdelmaestrocmf.com\\\/portal\\\/david-auris-educacion-peruana-una-incomoda-verdad\\\/\"},\"wordCount\":810,\"commentCount\":0,\"publisher\":{\"@id\":\"https:\\\/\\\/webdelmaestrocmf.com\\\/portal\\\/#organization\"},\"image\":{\"@id\":\"https:\\\/\\\/webdelmaestrocmf.com\\\/portal\\\/david-auris-educacion-peruana-una-incomoda-verdad\\\/#primaryimage\"},\"thumbnailUrl\":\"https:\\\/\\\/webdelmaestrocmf.com\\\/portal\\\/wp-content\\\/uploads\\\/2020\\\/10\\\/1-copia-40.jpg\",\"keywords\":[\"David Auris\",\"EDUCACI\u00d3N\",\"inc\u00f3moda\",\"peruana\",\"verdad\"],\"articleSection\":[\"Z-Colaborador-David-Auris\",\"Z-Colaboradores\"],\"inLanguage\":\"es\",\"potentialAction\":[{\"@type\":\"CommentAction\",\"name\":\"Comment\",\"target\":[\"https:\\\/\\\/webdelmaestrocmf.com\\\/portal\\\/david-auris-educacion-peruana-una-incomoda-verdad\\\/#respond\"]}]},{\"@type\":\"WebPage\",\"@id\":\"https:\\\/\\\/webdelmaestrocmf.com\\\/portal\\\/david-auris-educacion-peruana-una-incomoda-verdad\\\/\",\"url\":\"https:\\\/\\\/webdelmaestrocmf.com\\\/portal\\\/david-auris-educacion-peruana-una-incomoda-verdad\\\/\",\"name\":\"[David Auris] Educaci\u00f3n peruana: una inc\u00f3moda verdad - 2026\",\"isPartOf\":{\"@id\":\"https:\\\/\\\/webdelmaestrocmf.com\\\/portal\\\/#website\"},\"primaryImageOfPage\":{\"@id\":\"https:\\\/\\\/webdelmaestrocmf.com\\\/portal\\\/david-auris-educacion-peruana-una-incomoda-verdad\\\/#primaryimage\"},\"image\":{\"@id\":\"https:\\\/\\\/webdelmaestrocmf.com\\\/portal\\\/david-auris-educacion-peruana-una-incomoda-verdad\\\/#primaryimage\"},\"thumbnailUrl\":\"https:\\\/\\\/webdelmaestrocmf.com\\\/portal\\\/wp-content\\\/uploads\\\/2020\\\/10\\\/1-copia-40.jpg\",\"datePublished\":\"2020-10-14T19:42:08+00:00\",\"dateModified\":\"2020-10-21T13:09:00+00:00\",\"description\":\"La educaci\u00f3n, entendida como conocimiento desde tiempos remotos, \u00bfAcaso sirvi\u00f3 para oprimir a multitudes? \u00a0Desde las...\",\"breadcrumb\":{\"@id\":\"https:\\\/\\\/webdelmaestrocmf.com\\\/portal\\\/david-auris-educacion-peruana-una-incomoda-verdad\\\/#breadcrumb\"},\"inLanguage\":\"es\",\"potentialAction\":[{\"@type\":\"ReadAction\",\"target\":[\"https:\\\/\\\/webdelmaestrocmf.com\\\/portal\\\/david-auris-educacion-peruana-una-incomoda-verdad\\\/\"]}]},{\"@type\":\"ImageObject\",\"inLanguage\":\"es\",\"@id\":\"https:\\\/\\\/webdelmaestrocmf.com\\\/portal\\\/david-auris-educacion-peruana-una-incomoda-verdad\\\/#primaryimage\",\"url\":\"https:\\\/\\\/webdelmaestrocmf.com\\\/portal\\\/wp-content\\\/uploads\\\/2020\\\/10\\\/1-copia-40.jpg\",\"contentUrl\":\"https:\\\/\\\/webdelmaestrocmf.com\\\/portal\\\/wp-content\\\/uploads\\\/2020\\\/10\\\/1-copia-40.jpg\",\"width\":1100,\"height\":680},{\"@type\":\"BreadcrumbList\",\"@id\":\"https:\\\/\\\/webdelmaestrocmf.com\\\/portal\\\/david-auris-educacion-peruana-una-incomoda-verdad\\\/#breadcrumb\",\"itemListElement\":[{\"@type\":\"ListItem\",\"position\":1,\"name\":\"Portada\",\"item\":\"https:\\\/\\\/webdelmaestrocmf.com\\\/portal\\\/\"},{\"@type\":\"ListItem\",\"position\":2,\"name\":\"Z-Colaboradores\",\"item\":\"https:\\\/\\\/webdelmaestrocmf.com\\\/portal\\\/category\\\/colaborador\\\/\"},{\"@type\":\"ListItem\",\"position\":3,\"name\":\"[David Auris] Educaci\u00f3n peruana: una inc\u00f3moda verdad\"}]},{\"@type\":\"WebSite\",\"@id\":\"https:\\\/\\\/webdelmaestrocmf.com\\\/portal\\\/#website\",\"url\":\"https:\\\/\\\/webdelmaestrocmf.com\\\/portal\\\/\",\"name\":\"Web del Maestro CMF\",\"description\":\"Maestros al servicio de la educaci\u00f3n\",\"publisher\":{\"@id\":\"https:\\\/\\\/webdelmaestrocmf.com\\\/portal\\\/#organization\"},\"alternateName\":\"WMCMF\",\"potentialAction\":[{\"@type\":\"SearchAction\",\"target\":{\"@type\":\"EntryPoint\",\"urlTemplate\":\"https:\\\/\\\/webdelmaestrocmf.com\\\/portal\\\/?s={search_term_string}\"},\"query-input\":{\"@type\":\"PropertyValueSpecification\",\"valueRequired\":true,\"valueName\":\"search_term_string\"}}],\"inLanguage\":\"es\"},{\"@type\":\"Organization\",\"@id\":\"https:\\\/\\\/webdelmaestrocmf.com\\\/portal\\\/#organization\",\"name\":\"Web del Maestro CMF\",\"alternateName\":\"WMCMF\",\"url\":\"https:\\\/\\\/webdelmaestrocmf.com\\\/portal\\\/\",\"logo\":{\"@type\":\"ImageObject\",\"inLanguage\":\"es\",\"@id\":\"https:\\\/\\\/webdelmaestrocmf.com\\\/portal\\\/#\\\/schema\\\/logo\\\/image\\\/\",\"url\":\"https:\\\/\\\/webdelmaestrocmf.com\\\/portal\\\/wp-content\\\/uploads\\\/2023\\\/01\\\/logo-wmcmf-2.png\",\"contentUrl\":\"https:\\\/\\\/webdelmaestrocmf.com\\\/portal\\\/wp-content\\\/uploads\\\/2023\\\/01\\\/logo-wmcmf-2.png\",\"width\":200,\"height\":60,\"caption\":\"Web del Maestro CMF\"},\"image\":{\"@id\":\"https:\\\/\\\/webdelmaestrocmf.com\\\/portal\\\/#\\\/schema\\\/logo\\\/image\\\/\"},\"sameAs\":[\"https:\\\/\\\/www.facebook.com\\\/WebdelMaestroCMF\\\/\",\"https:\\\/\\\/x.com\\\/cmf_w\",\"https:\\\/\\\/www.pinterest.com\\\/WMCMF\\\/\",\"https:\\\/\\\/www.linkedin.com\\\/company\\\/web-del-maestro-cmf\\\/\",\"https:\\\/\\\/www.instagram.com\\\/wmcmf\\\/\",\"https:\\\/\\\/www.youtube.com\\\/channel\\\/UCDPSvjbdodE5sHnC3OxutHw\",\"https:\\\/\\\/mastodon.social\\\/@wmcmf\",\"https:\\\/\\\/www.tiktok.com\\\/@webdelmaestrocmf\"]},{\"@type\":\"Person\",\"@id\":\"https:\\\/\\\/webdelmaestrocmf.com\\\/portal\\\/#\\\/schema\\\/person\\\/1072a2ed7bd960df8ef99a551fa35dc5\",\"name\":\"Web del Maestro CMF\",\"image\":{\"@type\":\"ImageObject\",\"inLanguage\":\"es\",\"@id\":\"https:\\\/\\\/secure.gravatar.com\\\/avatar\\\/23291dd5b5ae1077dcff3dbb04c3e02bd28403fa75af6d8787d5e97c5bbbe30b?s=96&d=mm&r=g\",\"url\":\"https:\\\/\\\/secure.gravatar.com\\\/avatar\\\/23291dd5b5ae1077dcff3dbb04c3e02bd28403fa75af6d8787d5e97c5bbbe30b?s=96&d=mm&r=g\",\"contentUrl\":\"https:\\\/\\\/secure.gravatar.com\\\/avatar\\\/23291dd5b5ae1077dcff3dbb04c3e02bd28403fa75af6d8787d5e97c5bbbe30b?s=96&d=mm&r=g\",\"caption\":\"Web del Maestro CMF\"},\"description\":\"Esta Web se cre\u00f3 sin fines de lucro, con fines educativos, cient\u00edficos y acad\u00e9micos, para personas que tengan dificultades y\\\/o inconvenientes en visualizar el material original. El objetivo es entregar recursos, compartir experiencias y materiales que ayuden a los padres de familia, maestros y estudiantes en su actualizaci\u00f3n y formaci\u00f3n permanente, en bien de la Educaci\u00f3n.\",\"sameAs\":[\"http:\\\/\\\/webdelmaestrocmf.com\\\/portal\",\"https:\\\/\\\/www.facebook.com\\\/WebdelMaestroCMF\\\/\",\"https:\\\/\\\/www.instagram.com\\\/wmcmf\\\/\",\"https:\\\/\\\/cl.linkedin.com\\\/company\\\/web-del-maestro-cmf\",\"https:\\\/\\\/www.pinterest.com\\\/WMCMF\\\/publicaciones\\\/\",\"https:\\\/\\\/x.com\\\/cmf_w\",\"https:\\\/\\\/www.youtube.com\\\/@WMCMF\"]}]}<\/script>\n<!-- \/ Yoast SEO plugin. -->","yoast_head_json":{"title":"[David Auris] Educaci\u00f3n peruana: una inc\u00f3moda verdad - 2026","description":"La educaci\u00f3n, entendida como conocimiento desde tiempos remotos, \u00bfAcaso sirvi\u00f3 para oprimir a multitudes? \u00a0Desde las...","robots":{"index":"index","follow":"follow","max-snippet":"max-snippet:-1","max-image-preview":"max-image-preview:large","max-video-preview":"max-video-preview:-1"},"canonical":"https:\/\/webdelmaestrocmf.com\/portal\/david-auris-educacion-peruana-una-incomoda-verdad\/","og_locale":"es_ES","og_type":"article","og_title":"[David Auris] Educaci\u00f3n peruana: una inc\u00f3moda verdad - 2026","og_description":"La educaci\u00f3n, entendida como conocimiento desde tiempos remotos, \u00bfAcaso sirvi\u00f3 para oprimir a multitudes? \u00a0Desde las...","og_url":"https:\/\/webdelmaestrocmf.com\/portal\/david-auris-educacion-peruana-una-incomoda-verdad\/","og_site_name":"Web del Maestro CMF","article_publisher":"https:\/\/www.facebook.com\/WebdelMaestroCMF\/","article_author":"https:\/\/www.facebook.com\/WebdelMaestroCMF\/","article_published_time":"2020-10-14T19:42:08+00:00","article_modified_time":"2020-10-21T13:09:00+00:00","og_image":[{"width":1100,"height":680,"url":"https:\/\/i0.wp.com\/webdelmaestrocmf.com\/portal\/wp-content\/uploads\/2020\/10\/1-copia-40.jpg?fit=1100%2C680&ssl=1","type":"image\/jpeg"}],"author":"Web del Maestro CMF","twitter_card":"summary_large_image","twitter_creator":"@cmf_w","twitter_site":"@cmf_w","schema":{"@context":"https:\/\/schema.org","@graph":[{"@type":"ScholarlyArticle","@id":"https:\/\/webdelmaestrocmf.com\/portal\/david-auris-educacion-peruana-una-incomoda-verdad\/#article","isPartOf":{"@id":"https:\/\/webdelmaestrocmf.com\/portal\/david-auris-educacion-peruana-una-incomoda-verdad\/"},"author":{"name":"Web del Maestro CMF","@id":"https:\/\/webdelmaestrocmf.com\/portal\/#\/schema\/person\/1072a2ed7bd960df8ef99a551fa35dc5"},"headline":"[David Auris] Educaci\u00f3n peruana: una inc\u00f3moda verdad","datePublished":"2020-10-14T19:42:08+00:00","dateModified":"2020-10-21T13:09:00+00:00","mainEntityOfPage":{"@id":"https:\/\/webdelmaestrocmf.com\/portal\/david-auris-educacion-peruana-una-incomoda-verdad\/"},"wordCount":810,"commentCount":0,"publisher":{"@id":"https:\/\/webdelmaestrocmf.com\/portal\/#organization"},"image":{"@id":"https:\/\/webdelmaestrocmf.com\/portal\/david-auris-educacion-peruana-una-incomoda-verdad\/#primaryimage"},"thumbnailUrl":"https:\/\/webdelmaestrocmf.com\/portal\/wp-content\/uploads\/2020\/10\/1-copia-40.jpg","keywords":["David Auris","EDUCACI\u00d3N","inc\u00f3moda","peruana","verdad"],"articleSection":["Z-Colaborador-David-Auris","Z-Colaboradores"],"inLanguage":"es","potentialAction":[{"@type":"CommentAction","name":"Comment","target":["https:\/\/webdelmaestrocmf.com\/portal\/david-auris-educacion-peruana-una-incomoda-verdad\/#respond"]}]},{"@type":"WebPage","@id":"https:\/\/webdelmaestrocmf.com\/portal\/david-auris-educacion-peruana-una-incomoda-verdad\/","url":"https:\/\/webdelmaestrocmf.com\/portal\/david-auris-educacion-peruana-una-incomoda-verdad\/","name":"[David Auris] Educaci\u00f3n peruana: una inc\u00f3moda verdad - 2026","isPartOf":{"@id":"https:\/\/webdelmaestrocmf.com\/portal\/#website"},"primaryImageOfPage":{"@id":"https:\/\/webdelmaestrocmf.com\/portal\/david-auris-educacion-peruana-una-incomoda-verdad\/#primaryimage"},"image":{"@id":"https:\/\/webdelmaestrocmf.com\/portal\/david-auris-educacion-peruana-una-incomoda-verdad\/#primaryimage"},"thumbnailUrl":"https:\/\/webdelmaestrocmf.com\/portal\/wp-content\/uploads\/2020\/10\/1-copia-40.jpg","datePublished":"2020-10-14T19:42:08+00:00","dateModified":"2020-10-21T13:09:00+00:00","description":"La educaci\u00f3n, entendida como conocimiento desde tiempos remotos, \u00bfAcaso sirvi\u00f3 para oprimir a multitudes? \u00a0Desde las...","breadcrumb":{"@id":"https:\/\/webdelmaestrocmf.com\/portal\/david-auris-educacion-peruana-una-incomoda-verdad\/#breadcrumb"},"inLanguage":"es","potentialAction":[{"@type":"ReadAction","target":["https:\/\/webdelmaestrocmf.com\/portal\/david-auris-educacion-peruana-una-incomoda-verdad\/"]}]},{"@type":"ImageObject","inLanguage":"es","@id":"https:\/\/webdelmaestrocmf.com\/portal\/david-auris-educacion-peruana-una-incomoda-verdad\/#primaryimage","url":"https:\/\/webdelmaestrocmf.com\/portal\/wp-content\/uploads\/2020\/10\/1-copia-40.jpg","contentUrl":"https:\/\/webdelmaestrocmf.com\/portal\/wp-content\/uploads\/2020\/10\/1-copia-40.jpg","width":1100,"height":680},{"@type":"BreadcrumbList","@id":"https:\/\/webdelmaestrocmf.com\/portal\/david-auris-educacion-peruana-una-incomoda-verdad\/#breadcrumb","itemListElement":[{"@type":"ListItem","position":1,"name":"Portada","item":"https:\/\/webdelmaestrocmf.com\/portal\/"},{"@type":"ListItem","position":2,"name":"Z-Colaboradores","item":"https:\/\/webdelmaestrocmf.com\/portal\/category\/colaborador\/"},{"@type":"ListItem","position":3,"name":"[David Auris] Educaci\u00f3n peruana: una inc\u00f3moda verdad"}]},{"@type":"WebSite","@id":"https:\/\/webdelmaestrocmf.com\/portal\/#website","url":"https:\/\/webdelmaestrocmf.com\/portal\/","name":"Web del Maestro CMF","description":"Maestros al servicio de la educaci\u00f3n","publisher":{"@id":"https:\/\/webdelmaestrocmf.com\/portal\/#organization"},"alternateName":"WMCMF","potentialAction":[{"@type":"SearchAction","target":{"@type":"EntryPoint","urlTemplate":"https:\/\/webdelmaestrocmf.com\/portal\/?s={search_term_string}"},"query-input":{"@type":"PropertyValueSpecification","valueRequired":true,"valueName":"search_term_string"}}],"inLanguage":"es"},{"@type":"Organization","@id":"https:\/\/webdelmaestrocmf.com\/portal\/#organization","name":"Web del Maestro CMF","alternateName":"WMCMF","url":"https:\/\/webdelmaestrocmf.com\/portal\/","logo":{"@type":"ImageObject","inLanguage":"es","@id":"https:\/\/webdelmaestrocmf.com\/portal\/#\/schema\/logo\/image\/","url":"https:\/\/webdelmaestrocmf.com\/portal\/wp-content\/uploads\/2023\/01\/logo-wmcmf-2.png","contentUrl":"https:\/\/webdelmaestrocmf.com\/portal\/wp-content\/uploads\/2023\/01\/logo-wmcmf-2.png","width":200,"height":60,"caption":"Web del Maestro CMF"},"image":{"@id":"https:\/\/webdelmaestrocmf.com\/portal\/#\/schema\/logo\/image\/"},"sameAs":["https:\/\/www.facebook.com\/WebdelMaestroCMF\/","https:\/\/x.com\/cmf_w","https:\/\/www.pinterest.com\/WMCMF\/","https:\/\/www.linkedin.com\/company\/web-del-maestro-cmf\/","https:\/\/www.instagram.com\/wmcmf\/","https:\/\/www.youtube.com\/channel\/UCDPSvjbdodE5sHnC3OxutHw","https:\/\/mastodon.social\/@wmcmf","https:\/\/www.tiktok.com\/@webdelmaestrocmf"]},{"@type":"Person","@id":"https:\/\/webdelmaestrocmf.com\/portal\/#\/schema\/person\/1072a2ed7bd960df8ef99a551fa35dc5","name":"Web del Maestro CMF","image":{"@type":"ImageObject","inLanguage":"es","@id":"https:\/\/secure.gravatar.com\/avatar\/23291dd5b5ae1077dcff3dbb04c3e02bd28403fa75af6d8787d5e97c5bbbe30b?s=96&d=mm&r=g","url":"https:\/\/secure.gravatar.com\/avatar\/23291dd5b5ae1077dcff3dbb04c3e02bd28403fa75af6d8787d5e97c5bbbe30b?s=96&d=mm&r=g","contentUrl":"https:\/\/secure.gravatar.com\/avatar\/23291dd5b5ae1077dcff3dbb04c3e02bd28403fa75af6d8787d5e97c5bbbe30b?s=96&d=mm&r=g","caption":"Web del Maestro CMF"},"description":"Esta Web se cre\u00f3 sin fines de lucro, con fines educativos, cient\u00edficos y acad\u00e9micos, para personas que tengan dificultades y\/o inconvenientes en visualizar el material original. El objetivo es entregar recursos, compartir experiencias y materiales que ayuden a los padres de familia, maestros y estudiantes en su actualizaci\u00f3n y formaci\u00f3n permanente, en bien de la Educaci\u00f3n.","sameAs":["http:\/\/webdelmaestrocmf.com\/portal","https:\/\/www.facebook.com\/WebdelMaestroCMF\/","https:\/\/www.instagram.com\/wmcmf\/","https:\/\/cl.linkedin.com\/company\/web-del-maestro-cmf","https:\/\/www.pinterest.com\/WMCMF\/publicaciones\/","https:\/\/x.com\/cmf_w","https:\/\/www.youtube.com\/@WMCMF"]}]}},"jetpack_featured_media_url":"https:\/\/webdelmaestrocmf.com\/portal\/wp-content\/uploads\/2020\/10\/1-copia-40.jpg","jetpack_sharing_enabled":true,"jetpack-related-posts":[{"id":106756,"url":"https:\/\/webdelmaestrocmf.com\/portal\/david-auris-cambio-climatico-y-educacion\/","url_meta":{"origin":52840,"position":0},"title":"[David Auris] Cambio clim\u00e1tico y educaci\u00f3n","author":"Web del Maestro CMF","date":"28 octubre, 2024","format":false,"excerpt":"Aunque muchos no lo creen, todos somos responsables del calentamiento global debido a nuestra actitud consumista y, en muchas ocasiones, destructiva, motivada por el af\u00e1n de poder y enriquecimiento. Entonces es fundamental que los gobernantes y las autoridades tomen conciencia de esta cruda realidad. Solo as\u00ed podr\u00e1n desarrollar curr\u00edculos verdes\u2026","rel":"","context":"En \u00abZ-Colaborador-David-Auris\u00bb","block_context":{"text":"Z-Colaborador-David-Auris","link":"https:\/\/webdelmaestrocmf.com\/portal\/category\/colaborador\/z-colaborador-david-auris\/"},"img":{"alt_text":"","src":"https:\/\/i0.wp.com\/webdelmaestrocmf.com\/portal\/wp-content\/uploads\/2024\/10\/Banner-1-portada-imagen-10-1-3.jpg?resize=350%2C200&ssl=1","width":350,"height":200,"srcset":"https:\/\/i0.wp.com\/webdelmaestrocmf.com\/portal\/wp-content\/uploads\/2024\/10\/Banner-1-portada-imagen-10-1-3.jpg?resize=350%2C200&ssl=1 1x, https:\/\/i0.wp.com\/webdelmaestrocmf.com\/portal\/wp-content\/uploads\/2024\/10\/Banner-1-portada-imagen-10-1-3.jpg?resize=525%2C300&ssl=1 1.5x, https:\/\/i0.wp.com\/webdelmaestrocmf.com\/portal\/wp-content\/uploads\/2024\/10\/Banner-1-portada-imagen-10-1-3.jpg?resize=700%2C400&ssl=1 2x"},"classes":[]},{"id":66326,"url":"https:\/\/webdelmaestrocmf.com\/portal\/david-auris-educacion-motor-del-bicentenario-peruano\/","url_meta":{"origin":52840,"position":1},"title":"[David Auris] Educaci\u00f3n: motor del Bicentenario peruano","author":"Web del Maestro CMF","date":"8 agosto, 2021","format":false,"excerpt":"La Educaci\u00f3n necesita morar en crisis para perfeccionarla continuamente, de lo contrario, ser\u00eda perfecta lindando con lo absurdo. Por ello, cuando escuchamos al gobernante peruano, declararla en emergencia, sencillamente est\u00e1 reivindicando su importancia en el Bicentenario que, ciertamente hay poco por celebrar, salvo nuestra sobrevivencia al Covid-19 y, la esperanza\u2026","rel":"","context":"En \u00abZ-Colaborador-David-Auris\u00bb","block_context":{"text":"Z-Colaborador-David-Auris","link":"https:\/\/webdelmaestrocmf.com\/portal\/category\/colaborador\/z-colaborador-david-auris\/"},"img":{"alt_text":"","src":"https:\/\/i0.wp.com\/webdelmaestrocmf.com\/portal\/wp-content\/uploads\/2021\/08\/1-53.jpg?resize=350%2C200&ssl=1","width":350,"height":200,"srcset":"https:\/\/i0.wp.com\/webdelmaestrocmf.com\/portal\/wp-content\/uploads\/2021\/08\/1-53.jpg?resize=350%2C200&ssl=1 1x, https:\/\/i0.wp.com\/webdelmaestrocmf.com\/portal\/wp-content\/uploads\/2021\/08\/1-53.jpg?resize=525%2C300&ssl=1 1.5x, https:\/\/i0.wp.com\/webdelmaestrocmf.com\/portal\/wp-content\/uploads\/2021\/08\/1-53.jpg?resize=700%2C400&ssl=1 2x, https:\/\/i0.wp.com\/webdelmaestrocmf.com\/portal\/wp-content\/uploads\/2021\/08\/1-53.jpg?resize=1050%2C600&ssl=1 3x"},"classes":[]},{"id":101368,"url":"https:\/\/webdelmaestrocmf.com\/portal\/david-auris-poderosa-pedagogia-de-los-perversos-funcionarios-y-politicos-peruanos\/","url_meta":{"origin":52840,"position":2},"title":"[David Auris] Poderosa pedagog\u00eda de los perversos funcionarios y pol\u00edticos peruanos","author":"Web del Maestro CMF","date":"3 diciembre, 2023","format":false,"excerpt":"Algo compungido y pesimista, escribo este art\u00edculo, a pesar de mi fe en la humanidad. Es com\u00fan que las instituciones educativas eduquen al ser humano, sin embargo, la educaci\u00f3n m\u00e1s poderosa proviene de los malos funcionarios y pol\u00edticos de cualquier pa\u00eds. Con sus perversas acciones y torpes ejemplos que son\u2026","rel":"","context":"En \u00abZ-Colaborador-David-Auris\u00bb","block_context":{"text":"Z-Colaborador-David-Auris","link":"https:\/\/webdelmaestrocmf.com\/portal\/category\/colaborador\/z-colaborador-david-auris\/"},"img":{"alt_text":"","src":"https:\/\/i0.wp.com\/webdelmaestrocmf.com\/portal\/wp-content\/uploads\/2023\/12\/A12B3C4D-3.jpg?resize=350%2C200&ssl=1","width":350,"height":200,"srcset":"https:\/\/i0.wp.com\/webdelmaestrocmf.com\/portal\/wp-content\/uploads\/2023\/12\/A12B3C4D-3.jpg?resize=350%2C200&ssl=1 1x, https:\/\/i0.wp.com\/webdelmaestrocmf.com\/portal\/wp-content\/uploads\/2023\/12\/A12B3C4D-3.jpg?resize=525%2C300&ssl=1 1.5x, https:\/\/i0.wp.com\/webdelmaestrocmf.com\/portal\/wp-content\/uploads\/2023\/12\/A12B3C4D-3.jpg?resize=700%2C400&ssl=1 2x"},"classes":[]},{"id":70567,"url":"https:\/\/webdelmaestrocmf.com\/portal\/david-auris-internacionalizacion-de-la-educacion-superior\/","url_meta":{"origin":52840,"position":3},"title":"[David Auris] Internacionalizaci\u00f3n de la educaci\u00f3n superior","author":"Web del Maestro CMF","date":"3 noviembre, 2021","format":false,"excerpt":"Internacionalizar a la educaci\u00f3n superior, forja calidad educativa, desarrollando libertad y talento personal, empoder\u00e1ndonos con habilidades blandas y cient\u00edficas, hacia la convivencia intercultural y tecnol\u00f3gica, en sociedades innovadoras de cambios paradigm\u00e1ticos, aspirando una armoniosa globalizaci\u00f3n en \u00e9poca del cerebro. El feroz comercio, produjo esta globalizaci\u00f3n y megatendencias: ciencias de la\u2026","rel":"","context":"En \u00abZ-Colaborador-David-Auris\u00bb","block_context":{"text":"Z-Colaborador-David-Auris","link":"https:\/\/webdelmaestrocmf.com\/portal\/category\/colaborador\/z-colaborador-david-auris\/"},"img":{"alt_text":"","src":"https:\/\/i0.wp.com\/webdelmaestrocmf.com\/portal\/wp-content\/uploads\/2021\/11\/1-4.jpg?resize=350%2C200&ssl=1","width":350,"height":200,"srcset":"https:\/\/i0.wp.com\/webdelmaestrocmf.com\/portal\/wp-content\/uploads\/2021\/11\/1-4.jpg?resize=350%2C200&ssl=1 1x, https:\/\/i0.wp.com\/webdelmaestrocmf.com\/portal\/wp-content\/uploads\/2021\/11\/1-4.jpg?resize=525%2C300&ssl=1 1.5x, https:\/\/i0.wp.com\/webdelmaestrocmf.com\/portal\/wp-content\/uploads\/2021\/11\/1-4.jpg?resize=700%2C400&ssl=1 2x, https:\/\/i0.wp.com\/webdelmaestrocmf.com\/portal\/wp-content\/uploads\/2021\/11\/1-4.jpg?resize=1050%2C600&ssl=1 3x"},"classes":[]},{"id":78971,"url":"https:\/\/webdelmaestrocmf.com\/portal\/david-auris-educacion-y-peruanidad\/","url_meta":{"origin":52840,"position":4},"title":"[David Auris] Educaci\u00f3n y peruanidad","author":"Web del Maestro CMF","date":"30 julio, 2022","format":false,"excerpt":"Identidad y peruanidad son indisolubles como una moneda, vigorizada por la educaci\u00f3n que fusiona nuestra herencia cultural y modernidad, para asegurar el porvenir como naci\u00f3n intercultural y tecnol\u00f3gica, capaz de aportar y enriquecer la cultura mundial cada vez m\u00e1s fusionado y competitivo, pues peruanidad no solo es celebraci\u00f3n sino es\u2026","rel":"","context":"En \u00abZ-Colaborador-David-Auris\u00bb","block_context":{"text":"Z-Colaborador-David-Auris","link":"https:\/\/webdelmaestrocmf.com\/portal\/category\/colaborador\/z-colaborador-david-auris\/"},"img":{"alt_text":"","src":"https:\/\/i0.wp.com\/webdelmaestrocmf.com\/portal\/wp-content\/uploads\/2022\/07\/1a-35.jpg?resize=350%2C200&ssl=1","width":350,"height":200,"srcset":"https:\/\/i0.wp.com\/webdelmaestrocmf.com\/portal\/wp-content\/uploads\/2022\/07\/1a-35.jpg?resize=350%2C200&ssl=1 1x, https:\/\/i0.wp.com\/webdelmaestrocmf.com\/portal\/wp-content\/uploads\/2022\/07\/1a-35.jpg?resize=525%2C300&ssl=1 1.5x, https:\/\/i0.wp.com\/webdelmaestrocmf.com\/portal\/wp-content\/uploads\/2022\/07\/1a-35.jpg?resize=700%2C400&ssl=1 2x"},"classes":[]},{"id":105961,"url":"https:\/\/webdelmaestrocmf.com\/portal\/david-auris-cuidado-ambiental-como-simbolo-de-peruanidad\/","url_meta":{"origin":52840,"position":5},"title":"[David Auris] Cuidado ambiental como s\u00edmbolo de peruanidad","author":"Web del Maestro CMF","date":"10 junio, 2024","format":false,"excerpt":"Curiosamente, al amanecer un pajarillo posado en mi ventana me despert\u00f3 con un dulce trino, record\u00e1ndome que soy un intruso. Esta inesperada visita me empuj\u00f3 a escribir este art\u00edculo desde mi peruanidad. En nombre de la modernidad, hemos demolido sus casas verdes, reemplaz\u00e1ndolos con edificios que simbolizan nuestro rimbombante progreso.\u2026","rel":"","context":"En \u00abZ-Colaborador-David-Auris\u00bb","block_context":{"text":"Z-Colaborador-David-Auris","link":"https:\/\/webdelmaestrocmf.com\/portal\/category\/colaborador\/z-colaborador-david-auris\/"},"img":{"alt_text":"","src":"https:\/\/i0.wp.com\/webdelmaestrocmf.com\/portal\/wp-content\/uploads\/2024\/06\/1-3.jpg?resize=350%2C200&ssl=1","width":350,"height":200,"srcset":"https:\/\/i0.wp.com\/webdelmaestrocmf.com\/portal\/wp-content\/uploads\/2024\/06\/1-3.jpg?resize=350%2C200&ssl=1 1x, https:\/\/i0.wp.com\/webdelmaestrocmf.com\/portal\/wp-content\/uploads\/2024\/06\/1-3.jpg?resize=525%2C300&ssl=1 1.5x, https:\/\/i0.wp.com\/webdelmaestrocmf.com\/portal\/wp-content\/uploads\/2024\/06\/1-3.jpg?resize=700%2C400&ssl=1 2x"},"classes":[]}],"_links":{"self":[{"href":"https:\/\/webdelmaestrocmf.com\/portal\/wp-json\/wp\/v2\/posts\/52840","targetHints":{"allow":["GET"]}}],"collection":[{"href":"https:\/\/webdelmaestrocmf.com\/portal\/wp-json\/wp\/v2\/posts"}],"about":[{"href":"https:\/\/webdelmaestrocmf.com\/portal\/wp-json\/wp\/v2\/types\/post"}],"author":[{"embeddable":true,"href":"https:\/\/webdelmaestrocmf.com\/portal\/wp-json\/wp\/v2\/users\/1"}],"replies":[{"embeddable":true,"href":"https:\/\/webdelmaestrocmf.com\/portal\/wp-json\/wp\/v2\/comments?post=52840"}],"version-history":[{"count":0,"href":"https:\/\/webdelmaestrocmf.com\/portal\/wp-json\/wp\/v2\/posts\/52840\/revisions"}],"wp:featuredmedia":[{"embeddable":true,"href":"https:\/\/webdelmaestrocmf.com\/portal\/wp-json\/wp\/v2\/media\/52843"}],"wp:attachment":[{"href":"https:\/\/webdelmaestrocmf.com\/portal\/wp-json\/wp\/v2\/media?parent=52840"}],"wp:term":[{"taxonomy":"category","embeddable":true,"href":"https:\/\/webdelmaestrocmf.com\/portal\/wp-json\/wp\/v2\/categories?post=52840"},{"taxonomy":"post_tag","embeddable":true,"href":"https:\/\/webdelmaestrocmf.com\/portal\/wp-json\/wp\/v2\/tags?post=52840"}],"curies":[{"name":"wp","href":"https:\/\/api.w.org\/{rel}","templated":true}]}}