{"id":52716,"date":"2020-10-11T14:45:03","date_gmt":"2020-10-11T17:45:03","guid":{"rendered":"https:\/\/webdelmaestrocmf.com\/portal\/?p=52716"},"modified":"2020-10-11T16:16:04","modified_gmt":"2020-10-11T19:16:04","slug":"david-auris-cervantes-padre-de-la-literatura-universal","status":"publish","type":"post","link":"https:\/\/webdelmaestrocmf.com\/portal\/david-auris-cervantes-padre-de-la-literatura-universal\/","title":{"rendered":"[David Auris] Cervantes: padre de la literatura universal"},"content":{"rendered":"<h5 style=\"text-align: justify;\">\u00bfEstamos contentos con nuestra vida que llevamos? Encontremos nuestro destino, leyendo al padre de la literatura universal, el m\u00e1s grande genio literario de la historia, Miguel de Cervantes. Autor del libro de ficci\u00f3n m\u00e1s le\u00eddo de todos los tiempos, despu\u00e9s de la Biblia, El ingenioso Hidalgo don Quijote de la Mancha.<\/h5>\n<p><!--more--><\/p>\n<h5 style=\"text-align: justify;\">Cervantes, pr\u00edncipe de los ingenios, naci\u00f3 en la fiesta del arc\u00e1ngel San Miguel al cual debe su nombre, un 29 de setiembre de 1547 en Alcal\u00e1 de Henares, Espa\u00f1a, en el seno de hidalgos venido a menos. A los 68 a\u00f1os, cuatro meses despu\u00e9s de la \u201cmuerte\u201d de su m\u00edtico hijo, Quijote, su esp\u00edritu parti\u00f3 hacia los campos de La Mancha, para acompa\u00f1ar nuestro inesperado viaje.<\/h5>\n<p style=\"text-align: justify;\">C\u00e9lebre lector y tartamudo como su admirador, Borges. Tuvo la osad\u00eda de hechizarnos con sus personajes m\u00e1s famosos, Quijote de la Mancha y Sancho Panza, para llevar acabo la m\u00e1s extra\u00f1a aventura jam\u00e1s imaginada: hacernos pensar y hablar de ellos por el resto de nuestras vidas.<\/p>\n<p style=\"text-align: justify;\">Cervantes fue un arquetipo del Siglo de Oro de la Literatura espa\u00f1ola, como vemos a continuaci\u00f3n: Hidalgo empobrecido, excomulgado por la religi\u00f3n, huye de la justicia, lacayo de un sacerdote italiano, soldado en la batalla naval m\u00e1s grande de la historia, recaudador de impuestos, dramaturgo, poeta, esclavo, estuvo preso y padeci\u00f3 la suplantaci\u00f3n de su novela por un pobre Avellaneda.<\/p>\n<p style=\"text-align: justify;\">Abordando temas pastoriles, escribi\u00f3 La Galatea. Luego public\u00f3 Novelas ejemplares, finalmente escribi\u00f3, Los trabajos de Persiles y Segismundo. Pero es, con su grandiosa y cl\u00e1sica novela, El Ingenioso Hidalgo don Quijote de La Mancha, es que pasa a la fama mundial.<\/p>\n<p style=\"text-align: justify;\">Esta sencilla y muy compleja novela, aborda estereotipos de opuestos entra\u00f1ables para la sobrevivencia: un hidalgo y un plebeyo viajan apoy\u00e1ndose mutuamente afirma Saramago. Fusiona una bella locura y una absurda cordura. Quijote pretendiendo comprender los problemas del mundo desde su mirada idealista y libresca, y Sancho comprende la realidad desde su sentido com\u00fan.<\/p>\n<p><img loading=\"lazy\" decoding=\"async\" class=\"alignnone size-full wp-image-52718\" src=\"https:\/\/webdelmaestrocmf.com\/portal\/wp-content\/uploads\/2020\/10\/2-16.jpg\" alt=\"\" width=\"900\" height=\"464\" srcset=\"https:\/\/webdelmaestrocmf.com\/portal\/wp-content\/uploads\/2020\/10\/2-16.jpg 900w, https:\/\/webdelmaestrocmf.com\/portal\/wp-content\/uploads\/2020\/10\/2-16-300x155.jpg 300w, https:\/\/webdelmaestrocmf.com\/portal\/wp-content\/uploads\/2020\/10\/2-16-768x396.jpg 768w, https:\/\/webdelmaestrocmf.com\/portal\/wp-content\/uploads\/2020\/10\/2-16-110x57.jpg 110w, https:\/\/webdelmaestrocmf.com\/portal\/wp-content\/uploads\/2020\/10\/2-16-200x103.jpg 200w, https:\/\/webdelmaestrocmf.com\/portal\/wp-content\/uploads\/2020\/10\/2-16-380x196.jpg 380w, https:\/\/webdelmaestrocmf.com\/portal\/wp-content\/uploads\/2020\/10\/2-16-255x131.jpg 255w, https:\/\/webdelmaestrocmf.com\/portal\/wp-content\/uploads\/2020\/10\/2-16-550x284.jpg 550w, https:\/\/webdelmaestrocmf.com\/portal\/wp-content\/uploads\/2020\/10\/2-16-800x412.jpg 800w, https:\/\/webdelmaestrocmf.com\/portal\/wp-content\/uploads\/2020\/10\/2-16-220x113.jpg 220w, https:\/\/webdelmaestrocmf.com\/portal\/wp-content\/uploads\/2020\/10\/2-16-400x206.jpg 400w, https:\/\/webdelmaestrocmf.com\/portal\/wp-content\/uploads\/2020\/10\/2-16-760x392.jpg 760w, https:\/\/webdelmaestrocmf.com\/portal\/wp-content\/uploads\/2020\/10\/2-16-510x263.jpg 510w, https:\/\/webdelmaestrocmf.com\/portal\/wp-content\/uploads\/2020\/10\/2-16-600x309.jpg 600w\" sizes=\"auto, (max-width: 900px) 100vw, 900px\" \/><\/p>\n<p style=\"text-align: justify;\">Como visionario ut\u00f3pico, Cervantes aboga por la convivencia, como la mejor aventura de la vida, para lograr una cultura humana m\u00e1s justa y solidaria. Para ello, hace cabalgar a lomo de burro y caballo a dos conspicuos representantes de diferentes clases sociales, un amo y un siervo en busca de una mejor vida.<\/p>\n<p style=\"text-align: justify;\">\u00bfHabr\u00e1 alguna explicaci\u00f3n cient\u00edfica, sobre la vigencia de la proverbial novela? Los cient\u00edficos literarios, argumentan como claves: la presencia de una combinaci\u00f3n de opuestos y el personaje central de la novela es un lector. Esta obra maneja c\u00f3digos comunes a nosotros: una ventura fant\u00e1stica aderezada de humor, realidad, sinsabores, libertad, tragedia, emprendimiento y sue\u00f1os, sintonizan con nuestra vida postmoderna.<\/p>\n<p style=\"text-align: justify;\">Esta obra cumbre de la literatura mundial de vanguardia, trata sobre la misma literatura con juegos narrativos que fusionan realidad y ficci\u00f3n. Desfilan historias dentro de la gran historia. Los personajes se auto publicitan y saben que son le\u00eddos y el mismo autor, participa en el juego de la historia, dando por sentado su indudable inmortalidad.<\/p>\n<p style=\"text-align: justify;\">En suma, Cervantes como dios del Olimpo griego, nos invita viajar como amigos, entre pobres y ricos, buscando una sociedad m\u00e1s equitativa y justa. Nos lanza el reto de convivir armoniosamente con aquellos que no piensan como nosotros, y hace de la literatura, una maravillosa herramienta para construir una vida mejor. As\u00ed que, aventur\u00e9monos a cabalgar sobre los campos de la Mancha, al lado del caballero de la triste figura para encontrar nuestra felicidad.<\/p>\n<ul style=\"text-align: justify;\">\n<li style=\"text-align: left;\">Cervantes y la leyenda de don Quijote. Recuperado de: <a href=\"https:\/\/www.youtube.com\/watch?v=tsv-LQm9xmk\" target=\"_blank\" rel=\"noopener noreferrer\">https:\/\/www.youtube.com\/<\/a> (04\/10\/2020)<\/li>\n<li style=\"text-align: left;\">Los enigmas de Cervantes \u2013 Documental. Recuperado de: <a href=\"https:\/\/www.youtube.com\/watch?v=2m7t8e7DThI&amp;t=1616s\" target=\"_blank\" rel=\"noopener noreferrer\">https:\/\/www.youtube.com\/<\/a> \u00a0(04\/10\/2020)<\/li>\n<li style=\"text-align: left;\">Biograf\u00eda de Miguel de Cervantes. Recuperado de: <a href=\"https:\/\/www.youtube.com\/watch?v=GzGlv-mZ7Nc\" target=\"_blank\" rel=\"noopener noreferrer\">https:\/\/www.youtube.com\/<\/a> \u00a0(04\/10\/2020)<\/li>\n<\/ul>\n<p><strong>\u00a9 David Auris Villegas. Escritor y pedagogo<\/strong><\/p>\n<table class=\" alignleft\" border=\"0\" width=\"100%\" cellspacing=\"10\" cellpadding=\"10\">\n<tbody>\n<tr>\n<td style=\"text-align: center;\" width=\"30%\"><strong><img loading=\"lazy\" decoding=\"async\" class=\"size-full wp-image-49380 aligncenter\" src=\"https:\/\/webdelmaestrocmf.com\/portal\/wp-content\/uploads\/2020\/07\/2-copia-3.jpg\" alt=\"\" width=\"200\" height=\"200\" srcset=\"https:\/\/webdelmaestrocmf.com\/portal\/wp-content\/uploads\/2020\/07\/2-copia-3.jpg 200w, https:\/\/webdelmaestrocmf.com\/portal\/wp-content\/uploads\/2020\/07\/2-copia-3-150x150.jpg 150w, https:\/\/webdelmaestrocmf.com\/portal\/wp-content\/uploads\/2020\/07\/2-copia-3-80x80.jpg 80w, https:\/\/webdelmaestrocmf.com\/portal\/wp-content\/uploads\/2020\/07\/2-copia-3-110x110.jpg 110w\" sizes=\"auto, (max-width: 200px) 100vw, 200px\" \/><br \/>\nAutor: <\/strong>David Auris Villegas (Per\u00fa, 1975) Escritor, pedagogo, editor, columnista, profesor universitario y te\u00f3rico de la pedagog\u00eda \u00e9tica, educaci\u00f3n ciudadana, cultura de paz. <strong><br \/>\nExperiencia laboral:<\/strong> Licenciado en educaci\u00f3n por la Universidad Nacional Mayor de San Marcos y m\u00e1ster en educaci\u00f3n por la Universidad de la Habana. Ha sido profesor capacitador en la Universidad Nacional Mayor de San Marcos y profesor de posgrado en varias universidades peruanas. Ha publicado: <em>\u201cCuentos de medianoche\u201d, \u201cMa\u00f1ana al despertar piensa en m\u00ed\u201d, \u00abEstrategias did\u00e1cticas de comprensi\u00f3n lectora para la vida\u00bb, \u00abC\u00f3mo redactar art\u00edculos cient\u00edficos\u00bb <\/em>y<em> \u201cMinicuentos para so\u00f1ar\u201d<\/em>. Antologado en: <em>A Orillas del r\u00edo Ichu<\/em> y en, <em>Palabras sin fronteras, fronteras sin palabras, <\/em>y ha aparecido en las revistas: <em>La Tortuga Ecuestre<\/em>, <em>N\u00e9mesis<\/em> y <em>Entre par\u00e9ntesis<\/em>. Publica sus art\u00edculos pedag\u00f3gicos cada semana en varios portales del mundo. <strong><br \/>\nCorreo electr\u00f3nico: <\/strong><a href=\"mailto:davidauris@gmail.com\">davidauris@gmail.com<\/a><br \/>\n<strong>Cuenta de Facebook:<\/strong> <a href=\"https:\/\/www.facebook.com\/david.aurisvillegas.77\" target=\"_blank\" rel=\"noopener noreferrer\">david.aurisvillegas.77<\/a><\/td>\n<\/tr>\n<\/tbody>\n<\/table>\n<p style=\"text-align: left;\">.<\/p>\n\t\t<div class=\"pk-inline-posts\">\n\t\t\t\n\t\t\t<div class=\"pk-inline-posts-container pk-inline-posts-template-list\"\n\t\t\t\tdata-columns=\"1\">\n\t\t\t\t\t\t<article id=\"post-112061\" class=\"post-112061 post type-post status-publish format-standard has-post-thumbnail category-z-colaborador-david-auris category-colaborador tag-funcionarios tag-pedagogia tag-perversos cs-entry cs-video-wrap\">\n\t\t\t<div class=\"pk-post-outer\">\n\n\t\t\t\t\t\t\t\t<div class=\"pk-post-inner\">\n\t\t\t\t\t<div class=\"entry-thumbnail\">\n\t\t\t\t\t\t<div class=\"pk-overlay pk-overlay-ratio pk-ratio-landscape\">\n\t\t\t\t\t\t\t<div class=\"pk-overlay-background\">\n\t\t\t\t\t\t\t\t<a href=\"https:\/\/webdelmaestrocmf.com\/portal\/david-auris-poderosa-pedagogia-de-los-perversos-funcionarios-y-politicos-peruanos-2\/\" class=\"pk-overlay-link\">\n\t\t\t\t\t\t\t\t\t<img loading=\"lazy\" decoding=\"async\" width=\"300\" height=\"225\" src=\"https:\/\/webdelmaestrocmf.com\/portal\/wp-content\/uploads\/2025\/09\/1A-Banner-1-portada-imagen-10-1-copia-2025-09-11T183111.574-300x225.webp\" class=\"attachment-pk-thumbnail size-pk-thumbnail wp-post-image\" alt=\"\" \/>\t\t\t\t\t\t\t\t<\/a>\n\t\t\t\t\t\t\t<\/div>\n\t\t\t\t\t\t<\/div>\n\t\t\t\t\t<\/div>\n\t\t\t\t<\/div>\n\t\t\t\t\n\t\t\t\t<div class=\"pk-post-inner\">\n\t\t\t\t\t<header>\n\t\t\t\t\t\t<h3 class=\"pk-title\"><a href=\"https:\/\/webdelmaestrocmf.com\/portal\/david-auris-poderosa-pedagogia-de-los-perversos-funcionarios-y-politicos-peruanos-2\/\" rel=\"bookmark\">[David Auris] Poderosa pedagog\u00eda de los perversos funcionarios y pol\u00edticos peruanos\u00a0<\/a><\/h3>\t\t\t\t\t<\/header><!-- .entry-header -->\n\t\t\t\t<\/div><!-- .post-inner -->\n\n\t\t\t<\/div><!-- .post-outer -->\n\t\t<\/article>\n\t\t\t\t<\/div>\n\t\t<\/div>\n\t\t\n","protected":false},"excerpt":{"rendered":"\u00bfEstamos contentos con nuestra vida que llevamos? Encontremos nuestro destino, leyendo al padre de la literatura universal, el&hellip;","protected":false},"author":1,"featured_media":52717,"comment_status":"open","ping_status":"closed","sticky":false,"template":"","format":"standard","meta":{"_jetpack_newsletter_access":"","_jetpack_dont_email_post_to_subs":false,"_jetpack_newsletter_tier_id":0,"_jetpack_memberships_contains_paywalled_content":false,"csco_display_header_overlay":false,"csco_singular_sidebar":"default","csco_page_header_type":"default","csco_page_load_nextpost":"default","csco_post_video_location":[],"csco_post_video_location_hash":"","csco_post_video_url":"","csco_post_video_bg_start_time":0,"csco_post_video_bg_end_time":0,"csco_post_video_bg_volume":false,"_jetpack_feature_clip_id":0,"_jetpack_memberships_contains_paid_content":false,"footnotes":"","jetpack_post_was_ever_published":false},"categories":[5341,1790],"tags":[5818,5342,2248,1289,1847],"class_list":["post-52716","post","type-post","status-publish","format-standard","has-post-thumbnail","category-z-colaborador-david-auris","category-colaborador","tag-cervantes","tag-david-auris","tag-literatura","tag-padre","tag-universal","cs-entry","cs-video-wrap"],"yoast_head":"<!-- This site is optimized with the Yoast SEO plugin v28.1 - https:\/\/yoast.com\/product\/yoast-seo-wordpress\/ -->\n<title>[David Auris] Cervantes: padre de la literatura universal - 2026<\/title>\n<meta name=\"description\" content=\"\u00bfEstamos contentos con nuestra vida que llevamos? Encontremos nuestro destino, leyendo al padre de la literatura universal, el...\" \/>\n<meta name=\"robots\" content=\"index, follow, max-snippet:-1, max-image-preview:large, max-video-preview:-1\" \/>\n<link rel=\"canonical\" href=\"https:\/\/webdelmaestrocmf.com\/portal\/david-auris-cervantes-padre-de-la-literatura-universal\/\" \/>\n<meta property=\"og:locale\" content=\"es_ES\" \/>\n<meta property=\"og:type\" content=\"article\" \/>\n<meta property=\"og:title\" content=\"[David Auris] Cervantes: padre de la literatura universal - 2026\" \/>\n<meta property=\"og:description\" content=\"\u00bfEstamos contentos con nuestra vida que llevamos? Encontremos nuestro destino, leyendo al padre de la literatura universal, el...\" \/>\n<meta property=\"og:url\" content=\"https:\/\/webdelmaestrocmf.com\/portal\/david-auris-cervantes-padre-de-la-literatura-universal\/\" \/>\n<meta property=\"og:site_name\" content=\"Web del Maestro CMF\" \/>\n<meta property=\"article:publisher\" content=\"https:\/\/www.facebook.com\/WebdelMaestroCMF\/\" \/>\n<meta property=\"article:author\" content=\"https:\/\/www.facebook.com\/WebdelMaestroCMF\/\" \/>\n<meta property=\"article:published_time\" content=\"2020-10-11T17:45:03+00:00\" \/>\n<meta property=\"article:modified_time\" content=\"2020-10-11T19:16:04+00:00\" \/>\n<meta property=\"og:image\" content=\"https:\/\/i0.wp.com\/webdelmaestrocmf.com\/portal\/wp-content\/uploads\/2020\/10\/1-copia-30.jpg?fit=1100%2C680&ssl=1\" \/>\n\t<meta property=\"og:image:width\" content=\"1100\" \/>\n\t<meta property=\"og:image:height\" content=\"680\" \/>\n\t<meta property=\"og:image:type\" content=\"image\/jpeg\" \/>\n<meta name=\"author\" content=\"Web del Maestro CMF\" \/>\n<meta name=\"twitter:card\" content=\"summary_large_image\" \/>\n<meta name=\"twitter:creator\" content=\"@cmf_w\" \/>\n<meta name=\"twitter:site\" content=\"@cmf_w\" \/>\n<script type=\"application\/ld+json\" class=\"yoast-schema-graph\">{\"@context\":\"https:\\\/\\\/schema.org\",\"@graph\":[{\"@type\":\"ScholarlyArticle\",\"@id\":\"https:\\\/\\\/webdelmaestrocmf.com\\\/portal\\\/david-auris-cervantes-padre-de-la-literatura-universal\\\/#article\",\"isPartOf\":{\"@id\":\"https:\\\/\\\/webdelmaestrocmf.com\\\/portal\\\/david-auris-cervantes-padre-de-la-literatura-universal\\\/\"},\"author\":{\"name\":\"Web del Maestro CMF\",\"@id\":\"https:\\\/\\\/webdelmaestrocmf.com\\\/portal\\\/#\\\/schema\\\/person\\\/1072a2ed7bd960df8ef99a551fa35dc5\"},\"headline\":\"[David Auris] Cervantes: padre de la literatura universal\",\"datePublished\":\"2020-10-11T17:45:03+00:00\",\"dateModified\":\"2020-10-11T19:16:04+00:00\",\"mainEntityOfPage\":{\"@id\":\"https:\\\/\\\/webdelmaestrocmf.com\\\/portal\\\/david-auris-cervantes-padre-de-la-literatura-universal\\\/\"},\"wordCount\":810,\"commentCount\":0,\"publisher\":{\"@id\":\"https:\\\/\\\/webdelmaestrocmf.com\\\/portal\\\/#organization\"},\"image\":{\"@id\":\"https:\\\/\\\/webdelmaestrocmf.com\\\/portal\\\/david-auris-cervantes-padre-de-la-literatura-universal\\\/#primaryimage\"},\"thumbnailUrl\":\"https:\\\/\\\/webdelmaestrocmf.com\\\/portal\\\/wp-content\\\/uploads\\\/2020\\\/10\\\/1-copia-30.jpg\",\"keywords\":[\"Cervantes\",\"David Auris\",\"LITERATURA\",\"padre\",\"Universal\"],\"articleSection\":[\"Z-Colaborador-David-Auris\",\"Z-Colaboradores\"],\"inLanguage\":\"es\",\"potentialAction\":[{\"@type\":\"CommentAction\",\"name\":\"Comment\",\"target\":[\"https:\\\/\\\/webdelmaestrocmf.com\\\/portal\\\/david-auris-cervantes-padre-de-la-literatura-universal\\\/#respond\"]}]},{\"@type\":\"WebPage\",\"@id\":\"https:\\\/\\\/webdelmaestrocmf.com\\\/portal\\\/david-auris-cervantes-padre-de-la-literatura-universal\\\/\",\"url\":\"https:\\\/\\\/webdelmaestrocmf.com\\\/portal\\\/david-auris-cervantes-padre-de-la-literatura-universal\\\/\",\"name\":\"[David Auris] Cervantes: padre de la literatura universal - 2026\",\"isPartOf\":{\"@id\":\"https:\\\/\\\/webdelmaestrocmf.com\\\/portal\\\/#website\"},\"primaryImageOfPage\":{\"@id\":\"https:\\\/\\\/webdelmaestrocmf.com\\\/portal\\\/david-auris-cervantes-padre-de-la-literatura-universal\\\/#primaryimage\"},\"image\":{\"@id\":\"https:\\\/\\\/webdelmaestrocmf.com\\\/portal\\\/david-auris-cervantes-padre-de-la-literatura-universal\\\/#primaryimage\"},\"thumbnailUrl\":\"https:\\\/\\\/webdelmaestrocmf.com\\\/portal\\\/wp-content\\\/uploads\\\/2020\\\/10\\\/1-copia-30.jpg\",\"datePublished\":\"2020-10-11T17:45:03+00:00\",\"dateModified\":\"2020-10-11T19:16:04+00:00\",\"description\":\"\u00bfEstamos contentos con nuestra vida que llevamos? Encontremos nuestro destino, leyendo al padre de la literatura universal, el...\",\"breadcrumb\":{\"@id\":\"https:\\\/\\\/webdelmaestrocmf.com\\\/portal\\\/david-auris-cervantes-padre-de-la-literatura-universal\\\/#breadcrumb\"},\"inLanguage\":\"es\",\"potentialAction\":[{\"@type\":\"ReadAction\",\"target\":[\"https:\\\/\\\/webdelmaestrocmf.com\\\/portal\\\/david-auris-cervantes-padre-de-la-literatura-universal\\\/\"]}]},{\"@type\":\"ImageObject\",\"inLanguage\":\"es\",\"@id\":\"https:\\\/\\\/webdelmaestrocmf.com\\\/portal\\\/david-auris-cervantes-padre-de-la-literatura-universal\\\/#primaryimage\",\"url\":\"https:\\\/\\\/webdelmaestrocmf.com\\\/portal\\\/wp-content\\\/uploads\\\/2020\\\/10\\\/1-copia-30.jpg\",\"contentUrl\":\"https:\\\/\\\/webdelmaestrocmf.com\\\/portal\\\/wp-content\\\/uploads\\\/2020\\\/10\\\/1-copia-30.jpg\",\"width\":1100,\"height\":680},{\"@type\":\"BreadcrumbList\",\"@id\":\"https:\\\/\\\/webdelmaestrocmf.com\\\/portal\\\/david-auris-cervantes-padre-de-la-literatura-universal\\\/#breadcrumb\",\"itemListElement\":[{\"@type\":\"ListItem\",\"position\":1,\"name\":\"Portada\",\"item\":\"https:\\\/\\\/webdelmaestrocmf.com\\\/portal\\\/\"},{\"@type\":\"ListItem\",\"position\":2,\"name\":\"Z-Colaboradores\",\"item\":\"https:\\\/\\\/webdelmaestrocmf.com\\\/portal\\\/category\\\/colaborador\\\/\"},{\"@type\":\"ListItem\",\"position\":3,\"name\":\"[David Auris] Cervantes: padre de la literatura universal\"}]},{\"@type\":\"WebSite\",\"@id\":\"https:\\\/\\\/webdelmaestrocmf.com\\\/portal\\\/#website\",\"url\":\"https:\\\/\\\/webdelmaestrocmf.com\\\/portal\\\/\",\"name\":\"Web del Maestro CMF\",\"description\":\"Maestros al servicio de la educaci\u00f3n\",\"publisher\":{\"@id\":\"https:\\\/\\\/webdelmaestrocmf.com\\\/portal\\\/#organization\"},\"alternateName\":\"WMCMF\",\"potentialAction\":[{\"@type\":\"SearchAction\",\"target\":{\"@type\":\"EntryPoint\",\"urlTemplate\":\"https:\\\/\\\/webdelmaestrocmf.com\\\/portal\\\/?s={search_term_string}\"},\"query-input\":{\"@type\":\"PropertyValueSpecification\",\"valueRequired\":true,\"valueName\":\"search_term_string\"}}],\"inLanguage\":\"es\"},{\"@type\":\"Organization\",\"@id\":\"https:\\\/\\\/webdelmaestrocmf.com\\\/portal\\\/#organization\",\"name\":\"Web del Maestro CMF\",\"alternateName\":\"WMCMF\",\"url\":\"https:\\\/\\\/webdelmaestrocmf.com\\\/portal\\\/\",\"logo\":{\"@type\":\"ImageObject\",\"inLanguage\":\"es\",\"@id\":\"https:\\\/\\\/webdelmaestrocmf.com\\\/portal\\\/#\\\/schema\\\/logo\\\/image\\\/\",\"url\":\"https:\\\/\\\/webdelmaestrocmf.com\\\/portal\\\/wp-content\\\/uploads\\\/2023\\\/01\\\/logo-wmcmf-2.png\",\"contentUrl\":\"https:\\\/\\\/webdelmaestrocmf.com\\\/portal\\\/wp-content\\\/uploads\\\/2023\\\/01\\\/logo-wmcmf-2.png\",\"width\":200,\"height\":60,\"caption\":\"Web del Maestro CMF\"},\"image\":{\"@id\":\"https:\\\/\\\/webdelmaestrocmf.com\\\/portal\\\/#\\\/schema\\\/logo\\\/image\\\/\"},\"sameAs\":[\"https:\\\/\\\/www.facebook.com\\\/WebdelMaestroCMF\\\/\",\"https:\\\/\\\/x.com\\\/cmf_w\",\"https:\\\/\\\/www.pinterest.com\\\/WMCMF\\\/\",\"https:\\\/\\\/www.linkedin.com\\\/company\\\/web-del-maestro-cmf\\\/\",\"https:\\\/\\\/www.instagram.com\\\/wmcmf\\\/\",\"https:\\\/\\\/www.youtube.com\\\/channel\\\/UCDPSvjbdodE5sHnC3OxutHw\",\"https:\\\/\\\/mastodon.social\\\/@wmcmf\",\"https:\\\/\\\/www.tiktok.com\\\/@webdelmaestrocmf\"]},{\"@type\":\"Person\",\"@id\":\"https:\\\/\\\/webdelmaestrocmf.com\\\/portal\\\/#\\\/schema\\\/person\\\/1072a2ed7bd960df8ef99a551fa35dc5\",\"name\":\"Web del Maestro CMF\",\"image\":{\"@type\":\"ImageObject\",\"inLanguage\":\"es\",\"@id\":\"https:\\\/\\\/secure.gravatar.com\\\/avatar\\\/23291dd5b5ae1077dcff3dbb04c3e02bd28403fa75af6d8787d5e97c5bbbe30b?s=96&d=mm&r=g\",\"url\":\"https:\\\/\\\/secure.gravatar.com\\\/avatar\\\/23291dd5b5ae1077dcff3dbb04c3e02bd28403fa75af6d8787d5e97c5bbbe30b?s=96&d=mm&r=g\",\"contentUrl\":\"https:\\\/\\\/secure.gravatar.com\\\/avatar\\\/23291dd5b5ae1077dcff3dbb04c3e02bd28403fa75af6d8787d5e97c5bbbe30b?s=96&d=mm&r=g\",\"caption\":\"Web del Maestro CMF\"},\"description\":\"Esta Web se cre\u00f3 sin fines de lucro, con fines educativos, cient\u00edficos y acad\u00e9micos, para personas que tengan dificultades y\\\/o inconvenientes en visualizar el material original. El objetivo es entregar recursos, compartir experiencias y materiales que ayuden a los padres de familia, maestros y estudiantes en su actualizaci\u00f3n y formaci\u00f3n permanente, en bien de la Educaci\u00f3n.\",\"sameAs\":[\"http:\\\/\\\/webdelmaestrocmf.com\\\/portal\",\"https:\\\/\\\/www.facebook.com\\\/WebdelMaestroCMF\\\/\",\"https:\\\/\\\/www.instagram.com\\\/wmcmf\\\/\",\"https:\\\/\\\/cl.linkedin.com\\\/company\\\/web-del-maestro-cmf\",\"https:\\\/\\\/www.pinterest.com\\\/WMCMF\\\/publicaciones\\\/\",\"https:\\\/\\\/x.com\\\/cmf_w\",\"https:\\\/\\\/www.youtube.com\\\/@WMCMF\"]}]}<\/script>\n<!-- \/ Yoast SEO plugin. -->","yoast_head_json":{"title":"[David Auris] Cervantes: padre de la literatura universal - 2026","description":"\u00bfEstamos contentos con nuestra vida que llevamos? Encontremos nuestro destino, leyendo al padre de la literatura universal, el...","robots":{"index":"index","follow":"follow","max-snippet":"max-snippet:-1","max-image-preview":"max-image-preview:large","max-video-preview":"max-video-preview:-1"},"canonical":"https:\/\/webdelmaestrocmf.com\/portal\/david-auris-cervantes-padre-de-la-literatura-universal\/","og_locale":"es_ES","og_type":"article","og_title":"[David Auris] Cervantes: padre de la literatura universal - 2026","og_description":"\u00bfEstamos contentos con nuestra vida que llevamos? Encontremos nuestro destino, leyendo al padre de la literatura universal, el...","og_url":"https:\/\/webdelmaestrocmf.com\/portal\/david-auris-cervantes-padre-de-la-literatura-universal\/","og_site_name":"Web del Maestro CMF","article_publisher":"https:\/\/www.facebook.com\/WebdelMaestroCMF\/","article_author":"https:\/\/www.facebook.com\/WebdelMaestroCMF\/","article_published_time":"2020-10-11T17:45:03+00:00","article_modified_time":"2020-10-11T19:16:04+00:00","og_image":[{"width":1100,"height":680,"url":"https:\/\/i0.wp.com\/webdelmaestrocmf.com\/portal\/wp-content\/uploads\/2020\/10\/1-copia-30.jpg?fit=1100%2C680&ssl=1","type":"image\/jpeg"}],"author":"Web del Maestro CMF","twitter_card":"summary_large_image","twitter_creator":"@cmf_w","twitter_site":"@cmf_w","schema":{"@context":"https:\/\/schema.org","@graph":[{"@type":"ScholarlyArticle","@id":"https:\/\/webdelmaestrocmf.com\/portal\/david-auris-cervantes-padre-de-la-literatura-universal\/#article","isPartOf":{"@id":"https:\/\/webdelmaestrocmf.com\/portal\/david-auris-cervantes-padre-de-la-literatura-universal\/"},"author":{"name":"Web del Maestro CMF","@id":"https:\/\/webdelmaestrocmf.com\/portal\/#\/schema\/person\/1072a2ed7bd960df8ef99a551fa35dc5"},"headline":"[David Auris] Cervantes: padre de la literatura universal","datePublished":"2020-10-11T17:45:03+00:00","dateModified":"2020-10-11T19:16:04+00:00","mainEntityOfPage":{"@id":"https:\/\/webdelmaestrocmf.com\/portal\/david-auris-cervantes-padre-de-la-literatura-universal\/"},"wordCount":810,"commentCount":0,"publisher":{"@id":"https:\/\/webdelmaestrocmf.com\/portal\/#organization"},"image":{"@id":"https:\/\/webdelmaestrocmf.com\/portal\/david-auris-cervantes-padre-de-la-literatura-universal\/#primaryimage"},"thumbnailUrl":"https:\/\/webdelmaestrocmf.com\/portal\/wp-content\/uploads\/2020\/10\/1-copia-30.jpg","keywords":["Cervantes","David Auris","LITERATURA","padre","Universal"],"articleSection":["Z-Colaborador-David-Auris","Z-Colaboradores"],"inLanguage":"es","potentialAction":[{"@type":"CommentAction","name":"Comment","target":["https:\/\/webdelmaestrocmf.com\/portal\/david-auris-cervantes-padre-de-la-literatura-universal\/#respond"]}]},{"@type":"WebPage","@id":"https:\/\/webdelmaestrocmf.com\/portal\/david-auris-cervantes-padre-de-la-literatura-universal\/","url":"https:\/\/webdelmaestrocmf.com\/portal\/david-auris-cervantes-padre-de-la-literatura-universal\/","name":"[David Auris] Cervantes: padre de la literatura universal - 2026","isPartOf":{"@id":"https:\/\/webdelmaestrocmf.com\/portal\/#website"},"primaryImageOfPage":{"@id":"https:\/\/webdelmaestrocmf.com\/portal\/david-auris-cervantes-padre-de-la-literatura-universal\/#primaryimage"},"image":{"@id":"https:\/\/webdelmaestrocmf.com\/portal\/david-auris-cervantes-padre-de-la-literatura-universal\/#primaryimage"},"thumbnailUrl":"https:\/\/webdelmaestrocmf.com\/portal\/wp-content\/uploads\/2020\/10\/1-copia-30.jpg","datePublished":"2020-10-11T17:45:03+00:00","dateModified":"2020-10-11T19:16:04+00:00","description":"\u00bfEstamos contentos con nuestra vida que llevamos? Encontremos nuestro destino, leyendo al padre de la literatura universal, el...","breadcrumb":{"@id":"https:\/\/webdelmaestrocmf.com\/portal\/david-auris-cervantes-padre-de-la-literatura-universal\/#breadcrumb"},"inLanguage":"es","potentialAction":[{"@type":"ReadAction","target":["https:\/\/webdelmaestrocmf.com\/portal\/david-auris-cervantes-padre-de-la-literatura-universal\/"]}]},{"@type":"ImageObject","inLanguage":"es","@id":"https:\/\/webdelmaestrocmf.com\/portal\/david-auris-cervantes-padre-de-la-literatura-universal\/#primaryimage","url":"https:\/\/webdelmaestrocmf.com\/portal\/wp-content\/uploads\/2020\/10\/1-copia-30.jpg","contentUrl":"https:\/\/webdelmaestrocmf.com\/portal\/wp-content\/uploads\/2020\/10\/1-copia-30.jpg","width":1100,"height":680},{"@type":"BreadcrumbList","@id":"https:\/\/webdelmaestrocmf.com\/portal\/david-auris-cervantes-padre-de-la-literatura-universal\/#breadcrumb","itemListElement":[{"@type":"ListItem","position":1,"name":"Portada","item":"https:\/\/webdelmaestrocmf.com\/portal\/"},{"@type":"ListItem","position":2,"name":"Z-Colaboradores","item":"https:\/\/webdelmaestrocmf.com\/portal\/category\/colaborador\/"},{"@type":"ListItem","position":3,"name":"[David Auris] Cervantes: padre de la literatura universal"}]},{"@type":"WebSite","@id":"https:\/\/webdelmaestrocmf.com\/portal\/#website","url":"https:\/\/webdelmaestrocmf.com\/portal\/","name":"Web del Maestro CMF","description":"Maestros al servicio de la educaci\u00f3n","publisher":{"@id":"https:\/\/webdelmaestrocmf.com\/portal\/#organization"},"alternateName":"WMCMF","potentialAction":[{"@type":"SearchAction","target":{"@type":"EntryPoint","urlTemplate":"https:\/\/webdelmaestrocmf.com\/portal\/?s={search_term_string}"},"query-input":{"@type":"PropertyValueSpecification","valueRequired":true,"valueName":"search_term_string"}}],"inLanguage":"es"},{"@type":"Organization","@id":"https:\/\/webdelmaestrocmf.com\/portal\/#organization","name":"Web del Maestro CMF","alternateName":"WMCMF","url":"https:\/\/webdelmaestrocmf.com\/portal\/","logo":{"@type":"ImageObject","inLanguage":"es","@id":"https:\/\/webdelmaestrocmf.com\/portal\/#\/schema\/logo\/image\/","url":"https:\/\/webdelmaestrocmf.com\/portal\/wp-content\/uploads\/2023\/01\/logo-wmcmf-2.png","contentUrl":"https:\/\/webdelmaestrocmf.com\/portal\/wp-content\/uploads\/2023\/01\/logo-wmcmf-2.png","width":200,"height":60,"caption":"Web del Maestro CMF"},"image":{"@id":"https:\/\/webdelmaestrocmf.com\/portal\/#\/schema\/logo\/image\/"},"sameAs":["https:\/\/www.facebook.com\/WebdelMaestroCMF\/","https:\/\/x.com\/cmf_w","https:\/\/www.pinterest.com\/WMCMF\/","https:\/\/www.linkedin.com\/company\/web-del-maestro-cmf\/","https:\/\/www.instagram.com\/wmcmf\/","https:\/\/www.youtube.com\/channel\/UCDPSvjbdodE5sHnC3OxutHw","https:\/\/mastodon.social\/@wmcmf","https:\/\/www.tiktok.com\/@webdelmaestrocmf"]},{"@type":"Person","@id":"https:\/\/webdelmaestrocmf.com\/portal\/#\/schema\/person\/1072a2ed7bd960df8ef99a551fa35dc5","name":"Web del Maestro CMF","image":{"@type":"ImageObject","inLanguage":"es","@id":"https:\/\/secure.gravatar.com\/avatar\/23291dd5b5ae1077dcff3dbb04c3e02bd28403fa75af6d8787d5e97c5bbbe30b?s=96&d=mm&r=g","url":"https:\/\/secure.gravatar.com\/avatar\/23291dd5b5ae1077dcff3dbb04c3e02bd28403fa75af6d8787d5e97c5bbbe30b?s=96&d=mm&r=g","contentUrl":"https:\/\/secure.gravatar.com\/avatar\/23291dd5b5ae1077dcff3dbb04c3e02bd28403fa75af6d8787d5e97c5bbbe30b?s=96&d=mm&r=g","caption":"Web del Maestro CMF"},"description":"Esta Web se cre\u00f3 sin fines de lucro, con fines educativos, cient\u00edficos y acad\u00e9micos, para personas que tengan dificultades y\/o inconvenientes en visualizar el material original. El objetivo es entregar recursos, compartir experiencias y materiales que ayuden a los padres de familia, maestros y estudiantes en su actualizaci\u00f3n y formaci\u00f3n permanente, en bien de la Educaci\u00f3n.","sameAs":["http:\/\/webdelmaestrocmf.com\/portal","https:\/\/www.facebook.com\/WebdelMaestroCMF\/","https:\/\/www.instagram.com\/wmcmf\/","https:\/\/cl.linkedin.com\/company\/web-del-maestro-cmf","https:\/\/www.pinterest.com\/WMCMF\/publicaciones\/","https:\/\/x.com\/cmf_w","https:\/\/www.youtube.com\/@WMCMF"]}]}},"jetpack_featured_media_url":"https:\/\/webdelmaestrocmf.com\/portal\/wp-content\/uploads\/2020\/10\/1-copia-30.jpg","jetpack_sharing_enabled":true,"jetpack-related-posts":[{"id":47701,"url":"https:\/\/webdelmaestrocmf.com\/portal\/don-quijote-de-la-mancha-para-ninos-version-con-texto-y-video-literatura-para-ninos\/","url_meta":{"origin":52716,"position":0},"title":"Don Quijote de la Mancha para ni\u00f1os &#8211; Versi\u00f3n con texto y video &#8211; Literatura para ni\u00f1os","author":"Web del Maestro CMF","date":"6 junio, 2024","format":false,"excerpt":"Miguel de Cervantes Saavedra fue un soldado, novelista, poeta y dramaturgo espa\u00f1ol nacido en Alcal\u00e1 de Henares el 29 de septiembre de 1547. Considerado la m\u00e1xima figura de la literatura espa\u00f1ola, es universalmente conocido por haber escrito Don Quijote de la Mancha, que muchos cr\u00edticos han descrito como la primera\u2026","rel":"","context":"En \u00abLibros\u00bb","block_context":{"text":"Libros","link":"https:\/\/webdelmaestrocmf.com\/portal\/category\/pedagogia\/libros\/"},"img":{"alt_text":"","src":"https:\/\/i0.wp.com\/webdelmaestrocmf.com\/portal\/wp-content\/uploads\/2020\/06\/Banner-1-portada-imagen-10-1-2024-06-14T191143.225.jpg?resize=350%2C200&ssl=1","width":350,"height":200,"srcset":"https:\/\/i0.wp.com\/webdelmaestrocmf.com\/portal\/wp-content\/uploads\/2020\/06\/Banner-1-portada-imagen-10-1-2024-06-14T191143.225.jpg?resize=350%2C200&ssl=1 1x, https:\/\/i0.wp.com\/webdelmaestrocmf.com\/portal\/wp-content\/uploads\/2020\/06\/Banner-1-portada-imagen-10-1-2024-06-14T191143.225.jpg?resize=525%2C300&ssl=1 1.5x, https:\/\/i0.wp.com\/webdelmaestrocmf.com\/portal\/wp-content\/uploads\/2020\/06\/Banner-1-portada-imagen-10-1-2024-06-14T191143.225.jpg?resize=700%2C400&ssl=1 2x"},"classes":[]},{"id":51468,"url":"https:\/\/webdelmaestrocmf.com\/portal\/david-auris-jorge-luis-borges-el-inmortal\/","url_meta":{"origin":52716,"position":1},"title":"[David Auris] Jorge Luis Borges el inmortal","author":"Web del Maestro CMF","date":"14 septiembre, 2020","format":false,"excerpt":"Quien no ha le\u00eddo o escuchado a Borges, est\u00e1 perdi\u00e9ndose un exquisito b\u00e1lsamo de inacabable aventura. Considerado por la cr\u00edtica, \u00edcono de la literatura mundial. Cada d\u00eda hablamos de \u00e9l como patrimonio de la humanidad. En mi mesita de noche, al lado de la Biblia, habita mi maestro Borges, como\u2026","rel":"","context":"En \u00abZ-Colaborador-David-Auris\u00bb","block_context":{"text":"Z-Colaborador-David-Auris","link":"https:\/\/webdelmaestrocmf.com\/portal\/category\/colaborador\/z-colaborador-david-auris\/"},"img":{"alt_text":"","src":"https:\/\/i0.wp.com\/webdelmaestrocmf.com\/portal\/wp-content\/uploads\/2020\/09\/1-copia-58.jpg?resize=350%2C200&ssl=1","width":350,"height":200,"srcset":"https:\/\/i0.wp.com\/webdelmaestrocmf.com\/portal\/wp-content\/uploads\/2020\/09\/1-copia-58.jpg?resize=350%2C200&ssl=1 1x, https:\/\/i0.wp.com\/webdelmaestrocmf.com\/portal\/wp-content\/uploads\/2020\/09\/1-copia-58.jpg?resize=525%2C300&ssl=1 1.5x, https:\/\/i0.wp.com\/webdelmaestrocmf.com\/portal\/wp-content\/uploads\/2020\/09\/1-copia-58.jpg?resize=700%2C400&ssl=1 2x, https:\/\/i0.wp.com\/webdelmaestrocmf.com\/portal\/wp-content\/uploads\/2020\/09\/1-copia-58.jpg?resize=1050%2C600&ssl=1 3x"},"classes":[]},{"id":55470,"url":"https:\/\/webdelmaestrocmf.com\/portal\/david-auris-comenio-apostol-de-la-educacion\/","url_meta":{"origin":52716,"position":2},"title":"[David Auris] Comenio, ap\u00f3stol de la educaci\u00f3n","author":"Web del Maestro CMF","date":"2 diciembre, 2020","format":false,"excerpt":"Quien ha le\u00eddo la Biblia pedag\u00f3gica de Comenio, siempre estar\u00e1 dispuesto a motivarnos. Sus ideales han inspirado una educaci\u00f3n solidaria. Colosal ap\u00f3stol y resiliente, profes\u00f3 la paz entre los hombres y centr\u00f3 a la persona, como epicentro del cosmos pedag\u00f3gico, capaz de perfeccionarse y encontrar la felicidad a trav\u00e9s de\u2026","rel":"","context":"En \u00abZ-Colaborador-David-Auris\u00bb","block_context":{"text":"Z-Colaborador-David-Auris","link":"https:\/\/webdelmaestrocmf.com\/portal\/category\/colaborador\/z-colaborador-david-auris\/"},"img":{"alt_text":"","src":"https:\/\/i0.wp.com\/webdelmaestrocmf.com\/portal\/wp-content\/uploads\/2020\/12\/1-copia-6.jpg?resize=350%2C200&ssl=1","width":350,"height":200,"srcset":"https:\/\/i0.wp.com\/webdelmaestrocmf.com\/portal\/wp-content\/uploads\/2020\/12\/1-copia-6.jpg?resize=350%2C200&ssl=1 1x, https:\/\/i0.wp.com\/webdelmaestrocmf.com\/portal\/wp-content\/uploads\/2020\/12\/1-copia-6.jpg?resize=525%2C300&ssl=1 1.5x, https:\/\/i0.wp.com\/webdelmaestrocmf.com\/portal\/wp-content\/uploads\/2020\/12\/1-copia-6.jpg?resize=700%2C400&ssl=1 2x, https:\/\/i0.wp.com\/webdelmaestrocmf.com\/portal\/wp-content\/uploads\/2020\/12\/1-copia-6.jpg?resize=1050%2C600&ssl=1 3x"},"classes":[]},{"id":46619,"url":"https:\/\/webdelmaestrocmf.com\/portal\/maria-palacios-hablar-de-un-libro-es-como-hablar-de-un-nuevo-amigo-feliz-dia-del-libro\/","url_meta":{"origin":52716,"position":3},"title":"[Mar\u00eda Palacios] Hablar de un libro es como hablar de un nuevo amigo (Feliz d\u00eda del libro)","author":"Web del Maestro CMF","date":"23 abril, 2020","format":false,"excerpt":"Cuando hablamos de libros, hablamos de crear v\u00ednculos, tal como le sucedi\u00f3 al Principito con el zorro en la obra del franc\u00e9s Exup\u00e9ry. Entonces decidimos interesarnos por el otro, por conocer sus gustos, anhelos, sue\u00f1os,\u00a0virtudes, defectos y, sobre todo, qu\u00e9 es aquello que hace posible pensar en una buena amistad.\u2026","rel":"","context":"En \u00abZ-Colaboradores\u00bb","block_context":{"text":"Z-Colaboradores","link":"https:\/\/webdelmaestrocmf.com\/portal\/category\/colaborador\/"},"img":{"alt_text":"","src":"https:\/\/i0.wp.com\/webdelmaestrocmf.com\/portal\/wp-content\/uploads\/2020\/04\/2-1.jpg?resize=350%2C200&ssl=1","width":350,"height":200,"srcset":"https:\/\/i0.wp.com\/webdelmaestrocmf.com\/portal\/wp-content\/uploads\/2020\/04\/2-1.jpg?resize=350%2C200&ssl=1 1x, https:\/\/i0.wp.com\/webdelmaestrocmf.com\/portal\/wp-content\/uploads\/2020\/04\/2-1.jpg?resize=525%2C300&ssl=1 1.5x, https:\/\/i0.wp.com\/webdelmaestrocmf.com\/portal\/wp-content\/uploads\/2020\/04\/2-1.jpg?resize=700%2C400&ssl=1 2x, https:\/\/i0.wp.com\/webdelmaestrocmf.com\/portal\/wp-content\/uploads\/2020\/04\/2-1.jpg?resize=1050%2C600&ssl=1 3x"},"classes":[]},{"id":73547,"url":"https:\/\/webdelmaestrocmf.com\/portal\/ernesto-gonzalez-muchas-amalias\/","url_meta":{"origin":52716,"position":4},"title":"[Ernesto Gonz\u00e1lez] Muchas Amalias","author":"Web del Maestro CMF","date":"26 enero, 2022","format":false,"excerpt":"\u00bfAmalia? Protagonista de una serie televisiva[1], que refleja \u2013 m\u00e1s all\u00e1 de aspectos propios de la cultura del pa\u00eds \u2013 una realidad que suele suceder en cualquier aula, en cualquier escuela en cualquier rinconcito del mundo, en cuanto a los \u201cingredientes\u201d que re\u00fanen: personajes cuyas conductas o comportamientos ante lo\u2026","rel":"","context":"En \u00abZ-Colaboradores\u00bb","block_context":{"text":"Z-Colaboradores","link":"https:\/\/webdelmaestrocmf.com\/portal\/category\/colaborador\/"},"img":{"alt_text":"","src":"https:\/\/i0.wp.com\/webdelmaestrocmf.com\/portal\/wp-content\/uploads\/2022\/01\/1-152.jpg?resize=350%2C200&ssl=1","width":350,"height":200,"srcset":"https:\/\/i0.wp.com\/webdelmaestrocmf.com\/portal\/wp-content\/uploads\/2022\/01\/1-152.jpg?resize=350%2C200&ssl=1 1x, https:\/\/i0.wp.com\/webdelmaestrocmf.com\/portal\/wp-content\/uploads\/2022\/01\/1-152.jpg?resize=525%2C300&ssl=1 1.5x, https:\/\/i0.wp.com\/webdelmaestrocmf.com\/portal\/wp-content\/uploads\/2022\/01\/1-152.jpg?resize=700%2C400&ssl=1 2x, https:\/\/i0.wp.com\/webdelmaestrocmf.com\/portal\/wp-content\/uploads\/2022\/01\/1-152.jpg?resize=1050%2C600&ssl=1 3x"},"classes":[]},{"id":105557,"url":"https:\/\/webdelmaestrocmf.com\/portal\/david-auris-los-libros-clave-para-el-exito-educativo\/","url_meta":{"origin":52716,"position":5},"title":"[David Auris] Los libros, clave para el \u00e9xito educativo","author":"Web del Maestro CMF","date":"18 mayo, 2024","format":false,"excerpt":"Abril, un mes repleto de significado. El pasado 23 de abril, celebramos el D\u00eda del Libro. Este formidable instrumento ha transformado a la humanidad y contin\u00faa empoder\u00e1ndonos a quienes leemos a: Cervantes, Shakespeare, el Inca Garcilaso de la Vega y a tantos escritores. La lectura otorga poder a los estudiantes\u2026","rel":"","context":"En \u00abZ-Colaborador-David-Auris\u00bb","block_context":{"text":"Z-Colaborador-David-Auris","link":"https:\/\/webdelmaestrocmf.com\/portal\/category\/colaborador\/z-colaborador-david-auris\/"},"img":{"alt_text":"","src":"https:\/\/i0.wp.com\/webdelmaestrocmf.com\/portal\/wp-content\/uploads\/2024\/05\/Banner-1-portada-imagen-10-1-2024-05-18T195401.950.jpg?resize=350%2C200&ssl=1","width":350,"height":200,"srcset":"https:\/\/i0.wp.com\/webdelmaestrocmf.com\/portal\/wp-content\/uploads\/2024\/05\/Banner-1-portada-imagen-10-1-2024-05-18T195401.950.jpg?resize=350%2C200&ssl=1 1x, https:\/\/i0.wp.com\/webdelmaestrocmf.com\/portal\/wp-content\/uploads\/2024\/05\/Banner-1-portada-imagen-10-1-2024-05-18T195401.950.jpg?resize=525%2C300&ssl=1 1.5x, https:\/\/i0.wp.com\/webdelmaestrocmf.com\/portal\/wp-content\/uploads\/2024\/05\/Banner-1-portada-imagen-10-1-2024-05-18T195401.950.jpg?resize=700%2C400&ssl=1 2x"},"classes":[]}],"_links":{"self":[{"href":"https:\/\/webdelmaestrocmf.com\/portal\/wp-json\/wp\/v2\/posts\/52716","targetHints":{"allow":["GET"]}}],"collection":[{"href":"https:\/\/webdelmaestrocmf.com\/portal\/wp-json\/wp\/v2\/posts"}],"about":[{"href":"https:\/\/webdelmaestrocmf.com\/portal\/wp-json\/wp\/v2\/types\/post"}],"author":[{"embeddable":true,"href":"https:\/\/webdelmaestrocmf.com\/portal\/wp-json\/wp\/v2\/users\/1"}],"replies":[{"embeddable":true,"href":"https:\/\/webdelmaestrocmf.com\/portal\/wp-json\/wp\/v2\/comments?post=52716"}],"version-history":[{"count":0,"href":"https:\/\/webdelmaestrocmf.com\/portal\/wp-json\/wp\/v2\/posts\/52716\/revisions"}],"wp:featuredmedia":[{"embeddable":true,"href":"https:\/\/webdelmaestrocmf.com\/portal\/wp-json\/wp\/v2\/media\/52717"}],"wp:attachment":[{"href":"https:\/\/webdelmaestrocmf.com\/portal\/wp-json\/wp\/v2\/media?parent=52716"}],"wp:term":[{"taxonomy":"category","embeddable":true,"href":"https:\/\/webdelmaestrocmf.com\/portal\/wp-json\/wp\/v2\/categories?post=52716"},{"taxonomy":"post_tag","embeddable":true,"href":"https:\/\/webdelmaestrocmf.com\/portal\/wp-json\/wp\/v2\/tags?post=52716"}],"curies":[{"name":"wp","href":"https:\/\/api.w.org\/{rel}","templated":true}]}}