{"id":52629,"date":"2022-03-31T21:56:57","date_gmt":"2022-04-01T00:56:57","guid":{"rendered":"https:\/\/webdelmaestrocmf.com\/portal\/?p=52629"},"modified":"2022-10-27T23:13:08","modified_gmt":"2022-10-28T02:13:08","slug":"cuales-son-los-principales-trastornos-del-lenguaje-y-como-detectarlos","status":"publish","type":"post","link":"https:\/\/webdelmaestrocmf.com\/portal\/cuales-son-los-principales-trastornos-del-lenguaje-y-como-detectarlos\/","title":{"rendered":"Cu\u00e1les son los principales trastornos del lenguaje y c\u00f3mo detectarlos"},"content":{"rendered":"<h5 class=\"Paragraph-k859h4-0 gvYoJ\" style=\"text-align: justify;\"><span style=\"vertical-align: inherit;\"><span style=\"vertical-align: inherit;\">\u00abSi no accedes al lenguaje,\u00a0en gran medida no accedes a la cultura\u00bb. As\u00ed lo plantea M\u00f3nica Rousseau, fonoaudi\u00f3loga con orientaci\u00f3n en Neuroling\u00fc\u00edstica de la Universidad del Museo Social de Buenos Aires, Argentina.<\/span><\/span><\/h5>\n<p><!--more--><\/p>\n<h5 class=\"Paragraph-k859h4-0 gvYoJ\" style=\"text-align: justify;\"><span style=\"vertical-align: inherit;\"><span style=\"vertical-align: inherit;\">Y es que, en gran medida las limitaciones, para acceder al lenguaje surgen de los trastornos o problem\u00e1ticas, que seg\u00fan los expertos, pueden llegar a afectar al 2% de la poblaci\u00f3n infantil.<\/span><\/span><\/h5>\n<p class=\"Paragraph-k859h4-0 gvYoJ\" style=\"text-align: justify;\"><span style=\"vertical-align: inherit;\"><span style=\"vertical-align: inherit;\">Los problemas pueden ser muchos, como tambi\u00e9n sus causas. Y no suelen desaparecer de inmediato.<\/span><\/span><\/p>\n<h5 id=\"Clasificaci\u00f3n-\" class=\"SubHeading-sc-1kh1qhu-1 nSlOl\" style=\"text-align: justify;\" tabindex=\"-1\"><strong><span style=\"vertical-align: inherit;\"><span style=\"vertical-align: inherit;\">Clasificaci\u00f3n<\/span><\/span><\/strong><\/h5>\n<p class=\"Paragraph-k859h4-0 gvYoJ\" style=\"text-align: justify;\"><span style=\"vertical-align: inherit;\"><span style=\"vertical-align: inherit;\">Los problemas del lenguaje pueden afectar el habla, la escritura, la lectura, el ritmo, la comprensi\u00f3n y en muchas ocasiones varios de ellos combinados.<\/span><\/span><\/p>\n<p class=\"Paragraph-k859h4-0 gvYoJ\" style=\"text-align: justify;\"><span style=\"vertical-align: inherit;\"><span style=\"vertical-align: inherit;\">Y en este contexto, cabe aclarar la diferencia entre lenguaje y habla.<\/span><\/span><\/p>\n<p class=\"Paragraph-k859h4-0 gvYoJ\" style=\"text-align: justify;\"><b><span style=\"vertical-align: inherit;\"><span style=\"vertical-align: inherit;\">El lenguaje refiere al sistema de palabras y s\u00edmbolos escritos, hablados o con gestos<\/span><\/span><\/b><span style=\"vertical-align: inherit;\"><span style=\"vertical-align: inherit;\">\u00a0que se utiliza con el prop\u00f3sito de la comunicaci\u00f3n.<\/span><\/span><\/p>\n<p class=\"Paragraph-k859h4-0 gvYoJ\" style=\"text-align: justify;\"><b><span style=\"vertical-align: inherit;\"><span style=\"vertical-align: inherit;\">Y el habla es el sonido del lenguaje hablado,<\/span><\/span><\/b><span style=\"vertical-align: inherit;\"><span style=\"vertical-align: inherit;\">seg\u00fan lo describe el sitio Understood que re\u00fane a organizaciones sin fines de lucro en torno a las dificultades del aprendizaje y de atenci\u00f3n.<\/span><\/span><\/p>\n<p class=\"Paragraph-k859h4-0 gvYoJ\" style=\"text-align: justify;\"><span style=\"vertical-align: inherit;\"><span style=\"vertical-align: inherit;\">\u00abEl desarrollo del lenguaje es algo que va a contribuir y a ser un factor fundamental para que una persona se pueda desarrollar plenamente\u00bb, dice M\u00f3nica Rousseau a BBC Mundo.<\/span><\/span><\/p>\n<p class=\"Paragraph-k859h4-0 gvYoJ\" style=\"text-align: justify;\"><span style=\"vertical-align: inherit;\"><span style=\"vertical-align: inherit;\">Pero,\u00a0<\/span><\/span><b><span style=\"vertical-align: inherit;\"><span style=\"vertical-align: inherit;\">\u00bfcu\u00e1les son los algunos de los problemas del lenguaje m\u00e1s comunes?<\/span><\/span><\/b><\/p>\n<p class=\"Paragraph-k859h4-0 gvYoJ\" style=\"text-align: justify;\"><span style=\"vertical-align: inherit;\"><span style=\"vertical-align: inherit;\">\u00abEl m\u00e1s com\u00fan es la\u00a0<\/span><\/span><b><span style=\"vertical-align: inherit;\"><span style=\"vertical-align: inherit;\">tartamudez<\/span><\/span><\/b><span style=\"vertical-align: inherit;\"><span style=\"vertical-align: inherit;\">\u00a0y en segundo lugar se encuentran la\u00a0<\/span><\/span><b><span style=\"vertical-align: inherit;\"><span style=\"vertical-align: inherit;\">variaci\u00f3n del vocabulario y la comprensi\u00f3n<\/span><\/span><\/b><span style=\"vertical-align: inherit;\"><span style=\"vertical-align: inherit;\">\u00ab, enumera Claudia Rinaldi, doctora en lectura y discapacidad del aprendizaje de la Universidad de Miami, Florida, Estados Unidos.<\/span><\/span><\/p>\n<div id='gallery-1' class='gallery galleryid-52629 gallery-columns-3 gallery-size-medium'><figure class='gallery-item'>\n\t\t\t<div class='gallery-icon landscape'>\n\t\t\t\t<a href='https:\/\/webdelmaestrocmf.com\/portal\/cuales-son-los-principales-trastornos-del-lenguaje-y-como-detectarlos\/1-5281\/'><img loading=\"lazy\" decoding=\"async\" width=\"300\" height=\"300\" src=\"https:\/\/webdelmaestrocmf.com\/portal\/wp-content\/uploads\/2020\/10\/1-42-300x300.jpg\" class=\"attachment-medium size-medium\" alt=\"\" srcset=\"https:\/\/webdelmaestrocmf.com\/portal\/wp-content\/uploads\/2020\/10\/1-42-300x300.jpg 300w, https:\/\/webdelmaestrocmf.com\/portal\/wp-content\/uploads\/2020\/10\/1-42-150x150.jpg 150w, https:\/\/webdelmaestrocmf.com\/portal\/wp-content\/uploads\/2020\/10\/1-42-768x768.jpg 768w, https:\/\/webdelmaestrocmf.com\/portal\/wp-content\/uploads\/2020\/10\/1-42-80x80.jpg 80w, https:\/\/webdelmaestrocmf.com\/portal\/wp-content\/uploads\/2020\/10\/1-42-110x110.jpg 110w, https:\/\/webdelmaestrocmf.com\/portal\/wp-content\/uploads\/2020\/10\/1-42-200x200.jpg 200w, https:\/\/webdelmaestrocmf.com\/portal\/wp-content\/uploads\/2020\/10\/1-42-380x380.jpg 380w, https:\/\/webdelmaestrocmf.com\/portal\/wp-content\/uploads\/2020\/10\/1-42-255x255.jpg 255w, https:\/\/webdelmaestrocmf.com\/portal\/wp-content\/uploads\/2020\/10\/1-42-550x550.jpg 550w, https:\/\/webdelmaestrocmf.com\/portal\/wp-content\/uploads\/2020\/10\/1-42-800x800.jpg 800w, https:\/\/webdelmaestrocmf.com\/portal\/wp-content\/uploads\/2020\/10\/1-42-160x160.jpg 160w, https:\/\/webdelmaestrocmf.com\/portal\/wp-content\/uploads\/2020\/10\/1-42-220x220.jpg 220w, https:\/\/webdelmaestrocmf.com\/portal\/wp-content\/uploads\/2020\/10\/1-42-400x400.jpg 400w, https:\/\/webdelmaestrocmf.com\/portal\/wp-content\/uploads\/2020\/10\/1-42-760x760.jpg 760w, https:\/\/webdelmaestrocmf.com\/portal\/wp-content\/uploads\/2020\/10\/1-42-510x510.jpg 510w, https:\/\/webdelmaestrocmf.com\/portal\/wp-content\/uploads\/2020\/10\/1-42-600x600.jpg 600w, https:\/\/webdelmaestrocmf.com\/portal\/wp-content\/uploads\/2020\/10\/1-42.jpg 960w\" sizes=\"auto, (max-width: 300px) 100vw, 300px\" \/><\/a>\n\t\t\t<\/div><\/figure><figure class='gallery-item'>\n\t\t\t<div class='gallery-icon landscape'>\n\t\t\t\t<a href='https:\/\/webdelmaestrocmf.com\/portal\/cuales-son-los-principales-trastornos-del-lenguaje-y-como-detectarlos\/2-1042\/'><img loading=\"lazy\" decoding=\"async\" width=\"300\" height=\"300\" src=\"https:\/\/webdelmaestrocmf.com\/portal\/wp-content\/uploads\/2020\/10\/2-14-300x300.jpg\" class=\"attachment-medium size-medium\" alt=\"\" srcset=\"https:\/\/webdelmaestrocmf.com\/portal\/wp-content\/uploads\/2020\/10\/2-14-300x300.jpg 300w, https:\/\/webdelmaestrocmf.com\/portal\/wp-content\/uploads\/2020\/10\/2-14-150x150.jpg 150w, https:\/\/webdelmaestrocmf.com\/portal\/wp-content\/uploads\/2020\/10\/2-14-768x768.jpg 768w, https:\/\/webdelmaestrocmf.com\/portal\/wp-content\/uploads\/2020\/10\/2-14-80x80.jpg 80w, https:\/\/webdelmaestrocmf.com\/portal\/wp-content\/uploads\/2020\/10\/2-14-110x110.jpg 110w, https:\/\/webdelmaestrocmf.com\/portal\/wp-content\/uploads\/2020\/10\/2-14-200x200.jpg 200w, https:\/\/webdelmaestrocmf.com\/portal\/wp-content\/uploads\/2020\/10\/2-14-380x380.jpg 380w, https:\/\/webdelmaestrocmf.com\/portal\/wp-content\/uploads\/2020\/10\/2-14-255x255.jpg 255w, https:\/\/webdelmaestrocmf.com\/portal\/wp-content\/uploads\/2020\/10\/2-14-550x550.jpg 550w, https:\/\/webdelmaestrocmf.com\/portal\/wp-content\/uploads\/2020\/10\/2-14-800x800.jpg 800w, https:\/\/webdelmaestrocmf.com\/portal\/wp-content\/uploads\/2020\/10\/2-14-160x160.jpg 160w, https:\/\/webdelmaestrocmf.com\/portal\/wp-content\/uploads\/2020\/10\/2-14-220x220.jpg 220w, https:\/\/webdelmaestrocmf.com\/portal\/wp-content\/uploads\/2020\/10\/2-14-400x400.jpg 400w, https:\/\/webdelmaestrocmf.com\/portal\/wp-content\/uploads\/2020\/10\/2-14-760x760.jpg 760w, https:\/\/webdelmaestrocmf.com\/portal\/wp-content\/uploads\/2020\/10\/2-14-510x510.jpg 510w, https:\/\/webdelmaestrocmf.com\/portal\/wp-content\/uploads\/2020\/10\/2-14-600x600.jpg 600w, https:\/\/webdelmaestrocmf.com\/portal\/wp-content\/uploads\/2020\/10\/2-14.jpg 960w\" sizes=\"auto, (max-width: 300px) 100vw, 300px\" \/><\/a>\n\t\t\t<\/div><\/figure><figure class='gallery-item'>\n\t\t\t<div class='gallery-icon landscape'>\n\t\t\t\t<a href='https:\/\/webdelmaestrocmf.com\/portal\/cuales-son-los-principales-trastornos-del-lenguaje-y-como-detectarlos\/3-402\/'><img loading=\"lazy\" decoding=\"async\" width=\"300\" height=\"300\" src=\"https:\/\/webdelmaestrocmf.com\/portal\/wp-content\/uploads\/2020\/10\/3-7-300x300.jpg\" class=\"attachment-medium size-medium\" alt=\"\" srcset=\"https:\/\/webdelmaestrocmf.com\/portal\/wp-content\/uploads\/2020\/10\/3-7-300x300.jpg 300w, https:\/\/webdelmaestrocmf.com\/portal\/wp-content\/uploads\/2020\/10\/3-7-150x150.jpg 150w, https:\/\/webdelmaestrocmf.com\/portal\/wp-content\/uploads\/2020\/10\/3-7-768x768.jpg 768w, https:\/\/webdelmaestrocmf.com\/portal\/wp-content\/uploads\/2020\/10\/3-7-80x80.jpg 80w, https:\/\/webdelmaestrocmf.com\/portal\/wp-content\/uploads\/2020\/10\/3-7-110x110.jpg 110w, https:\/\/webdelmaestrocmf.com\/portal\/wp-content\/uploads\/2020\/10\/3-7-200x200.jpg 200w, https:\/\/webdelmaestrocmf.com\/portal\/wp-content\/uploads\/2020\/10\/3-7-380x380.jpg 380w, https:\/\/webdelmaestrocmf.com\/portal\/wp-content\/uploads\/2020\/10\/3-7-255x255.jpg 255w, https:\/\/webdelmaestrocmf.com\/portal\/wp-content\/uploads\/2020\/10\/3-7-550x550.jpg 550w, https:\/\/webdelmaestrocmf.com\/portal\/wp-content\/uploads\/2020\/10\/3-7-800x800.jpg 800w, https:\/\/webdelmaestrocmf.com\/portal\/wp-content\/uploads\/2020\/10\/3-7-160x160.jpg 160w, https:\/\/webdelmaestrocmf.com\/portal\/wp-content\/uploads\/2020\/10\/3-7-220x220.jpg 220w, https:\/\/webdelmaestrocmf.com\/portal\/wp-content\/uploads\/2020\/10\/3-7-400x400.jpg 400w, https:\/\/webdelmaestrocmf.com\/portal\/wp-content\/uploads\/2020\/10\/3-7-760x760.jpg 760w, https:\/\/webdelmaestrocmf.com\/portal\/wp-content\/uploads\/2020\/10\/3-7-510x510.jpg 510w, https:\/\/webdelmaestrocmf.com\/portal\/wp-content\/uploads\/2020\/10\/3-7-600x600.jpg 600w, https:\/\/webdelmaestrocmf.com\/portal\/wp-content\/uploads\/2020\/10\/3-7.jpg 960w\" sizes=\"auto, (max-width: 300px) 100vw, 300px\" \/><\/a>\n\t\t\t<\/div><\/figure><figure class='gallery-item'>\n\t\t\t<div class='gallery-icon landscape'>\n\t\t\t\t<a href='https:\/\/webdelmaestrocmf.com\/portal\/cuales-son-los-principales-trastornos-del-lenguaje-y-como-detectarlos\/4-107\/'><img loading=\"lazy\" decoding=\"async\" width=\"300\" height=\"300\" src=\"https:\/\/webdelmaestrocmf.com\/portal\/wp-content\/uploads\/2020\/10\/4-7-300x300.jpg\" class=\"attachment-medium size-medium\" alt=\"\" srcset=\"https:\/\/webdelmaestrocmf.com\/portal\/wp-content\/uploads\/2020\/10\/4-7-300x300.jpg 300w, https:\/\/webdelmaestrocmf.com\/portal\/wp-content\/uploads\/2020\/10\/4-7-150x150.jpg 150w, https:\/\/webdelmaestrocmf.com\/portal\/wp-content\/uploads\/2020\/10\/4-7-768x768.jpg 768w, https:\/\/webdelmaestrocmf.com\/portal\/wp-content\/uploads\/2020\/10\/4-7-80x80.jpg 80w, https:\/\/webdelmaestrocmf.com\/portal\/wp-content\/uploads\/2020\/10\/4-7-110x110.jpg 110w, https:\/\/webdelmaestrocmf.com\/portal\/wp-content\/uploads\/2020\/10\/4-7-200x200.jpg 200w, https:\/\/webdelmaestrocmf.com\/portal\/wp-content\/uploads\/2020\/10\/4-7-380x380.jpg 380w, https:\/\/webdelmaestrocmf.com\/portal\/wp-content\/uploads\/2020\/10\/4-7-255x255.jpg 255w, https:\/\/webdelmaestrocmf.com\/portal\/wp-content\/uploads\/2020\/10\/4-7-550x550.jpg 550w, https:\/\/webdelmaestrocmf.com\/portal\/wp-content\/uploads\/2020\/10\/4-7-800x800.jpg 800w, https:\/\/webdelmaestrocmf.com\/portal\/wp-content\/uploads\/2020\/10\/4-7-160x160.jpg 160w, https:\/\/webdelmaestrocmf.com\/portal\/wp-content\/uploads\/2020\/10\/4-7-220x220.jpg 220w, https:\/\/webdelmaestrocmf.com\/portal\/wp-content\/uploads\/2020\/10\/4-7-400x400.jpg 400w, https:\/\/webdelmaestrocmf.com\/portal\/wp-content\/uploads\/2020\/10\/4-7-760x760.jpg 760w, https:\/\/webdelmaestrocmf.com\/portal\/wp-content\/uploads\/2020\/10\/4-7-510x510.jpg 510w, https:\/\/webdelmaestrocmf.com\/portal\/wp-content\/uploads\/2020\/10\/4-7-600x600.jpg 600w, https:\/\/webdelmaestrocmf.com\/portal\/wp-content\/uploads\/2020\/10\/4-7.jpg 960w\" sizes=\"auto, (max-width: 300px) 100vw, 300px\" \/><\/a>\n\t\t\t<\/div><\/figure><figure class='gallery-item'>\n\t\t\t<div class='gallery-icon landscape'>\n\t\t\t\t<a href='https:\/\/webdelmaestrocmf.com\/portal\/cuales-son-los-principales-trastornos-del-lenguaje-y-como-detectarlos\/5-52\/'><img loading=\"lazy\" decoding=\"async\" width=\"300\" height=\"300\" src=\"https:\/\/webdelmaestrocmf.com\/portal\/wp-content\/uploads\/2020\/10\/5-7-300x300.jpg\" class=\"attachment-medium size-medium\" alt=\"\" srcset=\"https:\/\/webdelmaestrocmf.com\/portal\/wp-content\/uploads\/2020\/10\/5-7-300x300.jpg 300w, https:\/\/webdelmaestrocmf.com\/portal\/wp-content\/uploads\/2020\/10\/5-7-150x150.jpg 150w, https:\/\/webdelmaestrocmf.com\/portal\/wp-content\/uploads\/2020\/10\/5-7-768x768.jpg 768w, https:\/\/webdelmaestrocmf.com\/portal\/wp-content\/uploads\/2020\/10\/5-7-80x80.jpg 80w, https:\/\/webdelmaestrocmf.com\/portal\/wp-content\/uploads\/2020\/10\/5-7-110x110.jpg 110w, https:\/\/webdelmaestrocmf.com\/portal\/wp-content\/uploads\/2020\/10\/5-7-200x200.jpg 200w, https:\/\/webdelmaestrocmf.com\/portal\/wp-content\/uploads\/2020\/10\/5-7-380x380.jpg 380w, https:\/\/webdelmaestrocmf.com\/portal\/wp-content\/uploads\/2020\/10\/5-7-255x255.jpg 255w, https:\/\/webdelmaestrocmf.com\/portal\/wp-content\/uploads\/2020\/10\/5-7-550x550.jpg 550w, https:\/\/webdelmaestrocmf.com\/portal\/wp-content\/uploads\/2020\/10\/5-7-800x800.jpg 800w, https:\/\/webdelmaestrocmf.com\/portal\/wp-content\/uploads\/2020\/10\/5-7-160x160.jpg 160w, https:\/\/webdelmaestrocmf.com\/portal\/wp-content\/uploads\/2020\/10\/5-7-220x220.jpg 220w, https:\/\/webdelmaestrocmf.com\/portal\/wp-content\/uploads\/2020\/10\/5-7-400x400.jpg 400w, https:\/\/webdelmaestrocmf.com\/portal\/wp-content\/uploads\/2020\/10\/5-7-760x760.jpg 760w, https:\/\/webdelmaestrocmf.com\/portal\/wp-content\/uploads\/2020\/10\/5-7-510x510.jpg 510w, https:\/\/webdelmaestrocmf.com\/portal\/wp-content\/uploads\/2020\/10\/5-7-600x600.jpg 600w, https:\/\/webdelmaestrocmf.com\/portal\/wp-content\/uploads\/2020\/10\/5-7.jpg 960w\" sizes=\"auto, (max-width: 300px) 100vw, 300px\" \/><\/a>\n\t\t\t<\/div><\/figure><figure class='gallery-item'>\n\t\t\t<div class='gallery-icon landscape'>\n\t\t\t\t<a href='https:\/\/webdelmaestrocmf.com\/portal\/cuales-son-los-principales-trastornos-del-lenguaje-y-como-detectarlos\/6-39\/'><img loading=\"lazy\" decoding=\"async\" width=\"300\" height=\"300\" src=\"https:\/\/webdelmaestrocmf.com\/portal\/wp-content\/uploads\/2020\/10\/6-5-300x300.jpg\" class=\"attachment-medium size-medium\" alt=\"\" srcset=\"https:\/\/webdelmaestrocmf.com\/portal\/wp-content\/uploads\/2020\/10\/6-5-300x300.jpg 300w, https:\/\/webdelmaestrocmf.com\/portal\/wp-content\/uploads\/2020\/10\/6-5-150x150.jpg 150w, https:\/\/webdelmaestrocmf.com\/portal\/wp-content\/uploads\/2020\/10\/6-5-768x768.jpg 768w, https:\/\/webdelmaestrocmf.com\/portal\/wp-content\/uploads\/2020\/10\/6-5-80x80.jpg 80w, https:\/\/webdelmaestrocmf.com\/portal\/wp-content\/uploads\/2020\/10\/6-5-110x110.jpg 110w, https:\/\/webdelmaestrocmf.com\/portal\/wp-content\/uploads\/2020\/10\/6-5-200x200.jpg 200w, https:\/\/webdelmaestrocmf.com\/portal\/wp-content\/uploads\/2020\/10\/6-5-380x380.jpg 380w, https:\/\/webdelmaestrocmf.com\/portal\/wp-content\/uploads\/2020\/10\/6-5-255x255.jpg 255w, https:\/\/webdelmaestrocmf.com\/portal\/wp-content\/uploads\/2020\/10\/6-5-550x550.jpg 550w, https:\/\/webdelmaestrocmf.com\/portal\/wp-content\/uploads\/2020\/10\/6-5-800x800.jpg 800w, https:\/\/webdelmaestrocmf.com\/portal\/wp-content\/uploads\/2020\/10\/6-5-160x160.jpg 160w, https:\/\/webdelmaestrocmf.com\/portal\/wp-content\/uploads\/2020\/10\/6-5-220x220.jpg 220w, https:\/\/webdelmaestrocmf.com\/portal\/wp-content\/uploads\/2020\/10\/6-5-400x400.jpg 400w, https:\/\/webdelmaestrocmf.com\/portal\/wp-content\/uploads\/2020\/10\/6-5-760x760.jpg 760w, https:\/\/webdelmaestrocmf.com\/portal\/wp-content\/uploads\/2020\/10\/6-5-510x510.jpg 510w, https:\/\/webdelmaestrocmf.com\/portal\/wp-content\/uploads\/2020\/10\/6-5-600x600.jpg 600w, https:\/\/webdelmaestrocmf.com\/portal\/wp-content\/uploads\/2020\/10\/6-5.jpg 960w\" sizes=\"auto, (max-width: 300px) 100vw, 300px\" \/><\/a>\n\t\t\t<\/div><\/figure><figure class='gallery-item'>\n\t\t\t<div class='gallery-icon landscape'>\n\t\t\t\t<a href='https:\/\/webdelmaestrocmf.com\/portal\/cuales-son-los-principales-trastornos-del-lenguaje-y-como-detectarlos\/7-33\/'><img loading=\"lazy\" decoding=\"async\" width=\"300\" height=\"300\" src=\"https:\/\/webdelmaestrocmf.com\/portal\/wp-content\/uploads\/2020\/10\/7-4-300x300.jpg\" class=\"attachment-medium size-medium\" alt=\"\" srcset=\"https:\/\/webdelmaestrocmf.com\/portal\/wp-content\/uploads\/2020\/10\/7-4-300x300.jpg 300w, https:\/\/webdelmaestrocmf.com\/portal\/wp-content\/uploads\/2020\/10\/7-4-150x150.jpg 150w, https:\/\/webdelmaestrocmf.com\/portal\/wp-content\/uploads\/2020\/10\/7-4-768x768.jpg 768w, https:\/\/webdelmaestrocmf.com\/portal\/wp-content\/uploads\/2020\/10\/7-4-80x80.jpg 80w, https:\/\/webdelmaestrocmf.com\/portal\/wp-content\/uploads\/2020\/10\/7-4-110x110.jpg 110w, https:\/\/webdelmaestrocmf.com\/portal\/wp-content\/uploads\/2020\/10\/7-4-200x200.jpg 200w, https:\/\/webdelmaestrocmf.com\/portal\/wp-content\/uploads\/2020\/10\/7-4-380x380.jpg 380w, https:\/\/webdelmaestrocmf.com\/portal\/wp-content\/uploads\/2020\/10\/7-4-255x255.jpg 255w, https:\/\/webdelmaestrocmf.com\/portal\/wp-content\/uploads\/2020\/10\/7-4-550x550.jpg 550w, https:\/\/webdelmaestrocmf.com\/portal\/wp-content\/uploads\/2020\/10\/7-4-800x800.jpg 800w, https:\/\/webdelmaestrocmf.com\/portal\/wp-content\/uploads\/2020\/10\/7-4-160x160.jpg 160w, https:\/\/webdelmaestrocmf.com\/portal\/wp-content\/uploads\/2020\/10\/7-4-220x220.jpg 220w, https:\/\/webdelmaestrocmf.com\/portal\/wp-content\/uploads\/2020\/10\/7-4-400x400.jpg 400w, https:\/\/webdelmaestrocmf.com\/portal\/wp-content\/uploads\/2020\/10\/7-4-760x760.jpg 760w, https:\/\/webdelmaestrocmf.com\/portal\/wp-content\/uploads\/2020\/10\/7-4-510x510.jpg 510w, https:\/\/webdelmaestrocmf.com\/portal\/wp-content\/uploads\/2020\/10\/7-4-600x600.jpg 600w, https:\/\/webdelmaestrocmf.com\/portal\/wp-content\/uploads\/2020\/10\/7-4.jpg 960w\" sizes=\"auto, (max-width: 300px) 100vw, 300px\" \/><\/a>\n\t\t\t<\/div><\/figure><figure class='gallery-item'>\n\t\t\t<div class='gallery-icon landscape'>\n\t\t\t\t<a href='https:\/\/webdelmaestrocmf.com\/portal\/cuales-son-los-principales-trastornos-del-lenguaje-y-como-detectarlos\/8-29\/'><img loading=\"lazy\" decoding=\"async\" width=\"300\" height=\"300\" src=\"https:\/\/webdelmaestrocmf.com\/portal\/wp-content\/uploads\/2020\/10\/8-4-300x300.jpg\" class=\"attachment-medium size-medium\" alt=\"\" srcset=\"https:\/\/webdelmaestrocmf.com\/portal\/wp-content\/uploads\/2020\/10\/8-4-300x300.jpg 300w, https:\/\/webdelmaestrocmf.com\/portal\/wp-content\/uploads\/2020\/10\/8-4-150x150.jpg 150w, https:\/\/webdelmaestrocmf.com\/portal\/wp-content\/uploads\/2020\/10\/8-4-768x768.jpg 768w, https:\/\/webdelmaestrocmf.com\/portal\/wp-content\/uploads\/2020\/10\/8-4-80x80.jpg 80w, https:\/\/webdelmaestrocmf.com\/portal\/wp-content\/uploads\/2020\/10\/8-4-110x110.jpg 110w, https:\/\/webdelmaestrocmf.com\/portal\/wp-content\/uploads\/2020\/10\/8-4-200x200.jpg 200w, https:\/\/webdelmaestrocmf.com\/portal\/wp-content\/uploads\/2020\/10\/8-4-380x380.jpg 380w, https:\/\/webdelmaestrocmf.com\/portal\/wp-content\/uploads\/2020\/10\/8-4-255x255.jpg 255w, https:\/\/webdelmaestrocmf.com\/portal\/wp-content\/uploads\/2020\/10\/8-4-550x550.jpg 550w, https:\/\/webdelmaestrocmf.com\/portal\/wp-content\/uploads\/2020\/10\/8-4-800x800.jpg 800w, https:\/\/webdelmaestrocmf.com\/portal\/wp-content\/uploads\/2020\/10\/8-4-160x160.jpg 160w, https:\/\/webdelmaestrocmf.com\/portal\/wp-content\/uploads\/2020\/10\/8-4-220x220.jpg 220w, https:\/\/webdelmaestrocmf.com\/portal\/wp-content\/uploads\/2020\/10\/8-4-400x400.jpg 400w, https:\/\/webdelmaestrocmf.com\/portal\/wp-content\/uploads\/2020\/10\/8-4-760x760.jpg 760w, https:\/\/webdelmaestrocmf.com\/portal\/wp-content\/uploads\/2020\/10\/8-4-510x510.jpg 510w, https:\/\/webdelmaestrocmf.com\/portal\/wp-content\/uploads\/2020\/10\/8-4-600x600.jpg 600w, https:\/\/webdelmaestrocmf.com\/portal\/wp-content\/uploads\/2020\/10\/8-4.jpg 960w\" sizes=\"auto, (max-width: 300px) 100vw, 300px\" \/><\/a>\n\t\t\t<\/div><\/figure><figure class='gallery-item'>\n\t\t\t<div class='gallery-icon landscape'>\n\t\t\t\t<a href='https:\/\/webdelmaestrocmf.com\/portal\/cuales-son-los-principales-trastornos-del-lenguaje-y-como-detectarlos\/9-24\/'><img loading=\"lazy\" decoding=\"async\" width=\"300\" height=\"300\" src=\"https:\/\/webdelmaestrocmf.com\/portal\/wp-content\/uploads\/2020\/10\/9-4-300x300.jpg\" class=\"attachment-medium size-medium\" alt=\"\" srcset=\"https:\/\/webdelmaestrocmf.com\/portal\/wp-content\/uploads\/2020\/10\/9-4-300x300.jpg 300w, https:\/\/webdelmaestrocmf.com\/portal\/wp-content\/uploads\/2020\/10\/9-4-150x150.jpg 150w, https:\/\/webdelmaestrocmf.com\/portal\/wp-content\/uploads\/2020\/10\/9-4-768x768.jpg 768w, https:\/\/webdelmaestrocmf.com\/portal\/wp-content\/uploads\/2020\/10\/9-4-80x80.jpg 80w, https:\/\/webdelmaestrocmf.com\/portal\/wp-content\/uploads\/2020\/10\/9-4-110x110.jpg 110w, https:\/\/webdelmaestrocmf.com\/portal\/wp-content\/uploads\/2020\/10\/9-4-200x200.jpg 200w, https:\/\/webdelmaestrocmf.com\/portal\/wp-content\/uploads\/2020\/10\/9-4-380x380.jpg 380w, https:\/\/webdelmaestrocmf.com\/portal\/wp-content\/uploads\/2020\/10\/9-4-255x255.jpg 255w, https:\/\/webdelmaestrocmf.com\/portal\/wp-content\/uploads\/2020\/10\/9-4-550x550.jpg 550w, https:\/\/webdelmaestrocmf.com\/portal\/wp-content\/uploads\/2020\/10\/9-4-800x800.jpg 800w, https:\/\/webdelmaestrocmf.com\/portal\/wp-content\/uploads\/2020\/10\/9-4-160x160.jpg 160w, https:\/\/webdelmaestrocmf.com\/portal\/wp-content\/uploads\/2020\/10\/9-4-220x220.jpg 220w, https:\/\/webdelmaestrocmf.com\/portal\/wp-content\/uploads\/2020\/10\/9-4-400x400.jpg 400w, https:\/\/webdelmaestrocmf.com\/portal\/wp-content\/uploads\/2020\/10\/9-4-760x760.jpg 760w, https:\/\/webdelmaestrocmf.com\/portal\/wp-content\/uploads\/2020\/10\/9-4-510x510.jpg 510w, https:\/\/webdelmaestrocmf.com\/portal\/wp-content\/uploads\/2020\/10\/9-4-600x600.jpg 600w, https:\/\/webdelmaestrocmf.com\/portal\/wp-content\/uploads\/2020\/10\/9-4.jpg 960w\" sizes=\"auto, (max-width: 300px) 100vw, 300px\" \/><\/a>\n\t\t\t<\/div><\/figure><figure class='gallery-item'>\n\t\t\t<div class='gallery-icon landscape'>\n\t\t\t\t<a href='https:\/\/webdelmaestrocmf.com\/portal\/cuales-son-los-principales-trastornos-del-lenguaje-y-como-detectarlos\/10-23\/'><img loading=\"lazy\" decoding=\"async\" width=\"300\" height=\"300\" src=\"https:\/\/webdelmaestrocmf.com\/portal\/wp-content\/uploads\/2020\/10\/10-3-300x300.jpg\" class=\"attachment-medium size-medium\" alt=\"\" srcset=\"https:\/\/webdelmaestrocmf.com\/portal\/wp-content\/uploads\/2020\/10\/10-3-300x300.jpg 300w, https:\/\/webdelmaestrocmf.com\/portal\/wp-content\/uploads\/2020\/10\/10-3-150x150.jpg 150w, https:\/\/webdelmaestrocmf.com\/portal\/wp-content\/uploads\/2020\/10\/10-3-768x768.jpg 768w, https:\/\/webdelmaestrocmf.com\/portal\/wp-content\/uploads\/2020\/10\/10-3-80x80.jpg 80w, https:\/\/webdelmaestrocmf.com\/portal\/wp-content\/uploads\/2020\/10\/10-3-110x110.jpg 110w, https:\/\/webdelmaestrocmf.com\/portal\/wp-content\/uploads\/2020\/10\/10-3-200x200.jpg 200w, https:\/\/webdelmaestrocmf.com\/portal\/wp-content\/uploads\/2020\/10\/10-3-380x380.jpg 380w, https:\/\/webdelmaestrocmf.com\/portal\/wp-content\/uploads\/2020\/10\/10-3-255x255.jpg 255w, https:\/\/webdelmaestrocmf.com\/portal\/wp-content\/uploads\/2020\/10\/10-3-550x550.jpg 550w, https:\/\/webdelmaestrocmf.com\/portal\/wp-content\/uploads\/2020\/10\/10-3-800x800.jpg 800w, https:\/\/webdelmaestrocmf.com\/portal\/wp-content\/uploads\/2020\/10\/10-3-160x160.jpg 160w, https:\/\/webdelmaestrocmf.com\/portal\/wp-content\/uploads\/2020\/10\/10-3-220x220.jpg 220w, https:\/\/webdelmaestrocmf.com\/portal\/wp-content\/uploads\/2020\/10\/10-3-400x400.jpg 400w, https:\/\/webdelmaestrocmf.com\/portal\/wp-content\/uploads\/2020\/10\/10-3-760x760.jpg 760w, https:\/\/webdelmaestrocmf.com\/portal\/wp-content\/uploads\/2020\/10\/10-3-510x510.jpg 510w, https:\/\/webdelmaestrocmf.com\/portal\/wp-content\/uploads\/2020\/10\/10-3-600x600.jpg 600w, https:\/\/webdelmaestrocmf.com\/portal\/wp-content\/uploads\/2020\/10\/10-3.jpg 960w\" sizes=\"auto, (max-width: 300px) 100vw, 300px\" \/><\/a>\n\t\t\t<\/div><\/figure><figure class='gallery-item'>\n\t\t\t<div class='gallery-icon landscape'>\n\t\t\t\t<a href='https:\/\/webdelmaestrocmf.com\/portal\/cuales-son-los-principales-trastornos-del-lenguaje-y-como-detectarlos\/11-31\/'><img loading=\"lazy\" decoding=\"async\" width=\"300\" height=\"300\" src=\"https:\/\/webdelmaestrocmf.com\/portal\/wp-content\/uploads\/2020\/10\/11-3-300x300.jpg\" class=\"attachment-medium size-medium\" alt=\"\" srcset=\"https:\/\/webdelmaestrocmf.com\/portal\/wp-content\/uploads\/2020\/10\/11-3-300x300.jpg 300w, https:\/\/webdelmaestrocmf.com\/portal\/wp-content\/uploads\/2020\/10\/11-3-150x150.jpg 150w, https:\/\/webdelmaestrocmf.com\/portal\/wp-content\/uploads\/2020\/10\/11-3-768x768.jpg 768w, https:\/\/webdelmaestrocmf.com\/portal\/wp-content\/uploads\/2020\/10\/11-3-80x80.jpg 80w, https:\/\/webdelmaestrocmf.com\/portal\/wp-content\/uploads\/2020\/10\/11-3-110x110.jpg 110w, https:\/\/webdelmaestrocmf.com\/portal\/wp-content\/uploads\/2020\/10\/11-3-200x200.jpg 200w, https:\/\/webdelmaestrocmf.com\/portal\/wp-content\/uploads\/2020\/10\/11-3-380x380.jpg 380w, https:\/\/webdelmaestrocmf.com\/portal\/wp-content\/uploads\/2020\/10\/11-3-255x255.jpg 255w, https:\/\/webdelmaestrocmf.com\/portal\/wp-content\/uploads\/2020\/10\/11-3-550x550.jpg 550w, https:\/\/webdelmaestrocmf.com\/portal\/wp-content\/uploads\/2020\/10\/11-3-800x800.jpg 800w, https:\/\/webdelmaestrocmf.com\/portal\/wp-content\/uploads\/2020\/10\/11-3-160x160.jpg 160w, https:\/\/webdelmaestrocmf.com\/portal\/wp-content\/uploads\/2020\/10\/11-3-220x220.jpg 220w, https:\/\/webdelmaestrocmf.com\/portal\/wp-content\/uploads\/2020\/10\/11-3-400x400.jpg 400w, https:\/\/webdelmaestrocmf.com\/portal\/wp-content\/uploads\/2020\/10\/11-3-760x760.jpg 760w, https:\/\/webdelmaestrocmf.com\/portal\/wp-content\/uploads\/2020\/10\/11-3-510x510.jpg 510w, https:\/\/webdelmaestrocmf.com\/portal\/wp-content\/uploads\/2020\/10\/11-3-600x600.jpg 600w, https:\/\/webdelmaestrocmf.com\/portal\/wp-content\/uploads\/2020\/10\/11-3.jpg 960w\" sizes=\"auto, (max-width: 300px) 100vw, 300px\" \/><\/a>\n\t\t\t<\/div><\/figure>\n\t\t<\/div>\n\n<h5 id=\"Disfemia-o-tartamudez\" class=\"SubHeading-sc-1kh1qhu-1 nSlOl\" style=\"text-align: justify;\" tabindex=\"-1\"><span style=\"vertical-align: inherit;\"><span style=\"vertical-align: inherit;\">1. Disfemia o tartamudeo<\/span><\/span><\/h5>\n<p class=\"Paragraph-k859h4-0 gvYoJ\" style=\"text-align: justify;\"><span style=\"vertical-align: inherit;\"><span style=\"vertical-align: inherit;\">La disfemia o el tartamudeo es un trastorno del habla en el cual los sonidos, s\u00edlabas o palabras se repiten o duran m\u00e1s tiempo de lo normal y causa una falta de fluidez en el lenguaje, define la Biblioteca de Medicina de Estados Unidos.<\/span><\/span><\/p>\n<h5 id=\"Trastorno-mixto-del-lenguaje-receptivoexpresivo-\" class=\"SubHeading-sc-1kh1qhu-1 nSlOl\" style=\"text-align: justify;\" tabindex=\"-1\"><span style=\"vertical-align: inherit;\"><span style=\"vertical-align: inherit;\">2. Trastorno mixto del lenguaje receptivo-expresivo<\/span><\/span><\/h5>\n<p class=\"Paragraph-k859h4-0 gvYoJ\" style=\"text-align: justify;\"><span style=\"vertical-align: inherit;\"><span style=\"vertical-align: inherit;\">Esta problem\u00e1tica dificulta a las personas a que entiendan y expresen el lenguaje. Tambi\u00e9n se puede manifestar en una de sus variantes.<\/span><\/span><\/p>\n<p class=\"Paragraph-k859h4-0 gvYoJ\" style=\"text-align: justify;\"><span style=\"vertical-align: inherit;\"><span style=\"vertical-align: inherit;\">Los ni\u00f1os que la padecen podr\u00edan hablar con un vocabulario limitado, utilizar oraciones simples y tendr\u00edan dificultad para entender lo que las personas dicen, explica el sitio Understood.<\/span><\/span><\/p>\n<h5 id=\"Disfasia\" class=\"SubHeading-sc-1kh1qhu-1 nSlOl\" style=\"text-align: justify;\" tabindex=\"-1\"><span style=\"vertical-align: inherit;\"><span style=\"vertical-align: inherit;\">3. Disfasia<\/span><\/span><\/h5>\n<p class=\"Paragraph-k859h4-0 gvYoJ\" style=\"text-align: justify;\"><span style=\"vertical-align: inherit;\"><span style=\"vertical-align: inherit;\">Tambi\u00e9n conocida como el Impedimento Espec\u00edfico del Lenguaje (SLI, por sus siglas en ingl\u00e9s), es el trastorno que obstruye la capacidad del ni\u00f1o para desarrollar las habilidades del lenguaje: errores graves de gram\u00e1tica, vocabulario casi nulo, dificultades fonol\u00f3gicas, etc.<\/span><\/span><\/p>\n<h5 id=\"Dislexia\" class=\"SubHeading-sc-1kh1qhu-1 nSlOl\" style=\"text-align: justify;\" tabindex=\"-1\"><span style=\"vertical-align: inherit;\"><span style=\"vertical-align: inherit;\">4. Dislexia<\/span><\/span><\/h5>\n<p class=\"Paragraph-k859h4-0 gvYoJ\" style=\"text-align: justify;\"><span style=\"vertical-align: inherit;\"><span style=\"vertical-align: inherit;\">Las personas con dislexia no solo tienen dificultades en la lectura, la escritura y la ortograf\u00eda, sino tambi\u00e9n pueden tener problemas para hablar.<\/span><\/span><\/p>\n<p class=\"Paragraph-k859h4-0 gvYoJ\" style=\"text-align: justify;\"><span style=\"vertical-align: inherit;\"><span style=\"vertical-align: inherit;\">Quienes la padecen, encuentran dificultades para procesar la informaci\u00f3n verbal, realizan inversiones y rotaciones de palabras en frases o letras en palabras y la velocidad lectora es lenta, entre otros problemas.<\/span><\/span><\/p>\n<h5 id=\"Afasia\" class=\"SubHeading-sc-1kh1qhu-1 nSlOl\" style=\"text-align: justify;\" tabindex=\"-1\"><span style=\"vertical-align: inherit;\"><span style=\"vertical-align: inherit;\">5. Afasia<\/span><\/span><\/h5>\n<p class=\"Paragraph-k859h4-0 gvYoJ\" style=\"text-align: justify;\">Es un trastorno causado por lesiones en las zonas del cerebro que controla el lenguaje y que puede afectar la lectura, la escritura y la expresi\u00f3n.<\/p>\n<h5 id=\"Disartria-\" class=\"SubHeading-sc-1kh1qhu-1 nSlOl\" style=\"text-align: justify;\" tabindex=\"-1\">6. Disartria<\/h5>\n<p class=\"Paragraph-k859h4-0 gvYoJ\" style=\"text-align: justify;\">Es una afecci\u00f3n que dificulta a una persona producir palabras debido a problemas con los m\u00fasculos que le ayudan a hablar.<\/p>\n<p class=\"Paragraph-k859h4-0 gvYoJ\" style=\"text-align: justify;\">Y la lista de trastornos continua.<\/p>\n<h5 class=\"Paragraph-k859h4-0 gvYoJ\" style=\"text-align: justify;\"><b>\u00bfCu\u00e1ndo surge<\/b><b>n<\/b><b>?<\/b><\/h5>\n<p class=\"Paragraph-k859h4-0 gvYoJ\" style=\"text-align: justify;\"><b>\u00abLos problemas del lenguaje existen desde que los ni\u00f1os nacen y generalmente se mantienen a pesar de intervenci\u00f3n y de terapia\u00bb<\/b>, asegura la doctora Claudia Rinaldi a BBC Mundo.<\/p>\n<p class=\"Paragraph-k859h4-0 gvYoJ\" style=\"text-align: justify;\">Sin embargo, acudir al especialista ante las primeras se\u00f1ales es fundamental.<\/p>\n<p class=\"Paragraph-k859h4-0 gvYoJ\" style=\"text-align: justify;\">\u00abEn la etapa inicial no es f\u00e1cil saber si esa dificultad ser\u00e1 pasajera o permanente, por eso es importante que tempranamente se haga una consulta\u00bb, agrega la licenciada Rousseau.<\/p>\n<p class=\"Paragraph-k859h4-0 gvYoJ\" style=\"text-align: justify;\">Aunque advirti\u00f3 que\u00a0<b>\u00aba veces tarda en diagnosticarse\u00bb<\/b>.<\/p>\n<p style=\"text-align: justify;\"><img loading=\"lazy\" decoding=\"async\" class=\"alignnone size-full wp-image-52630\" src=\"https:\/\/webdelmaestrocmf.com\/portal\/wp-content\/uploads\/2020\/10\/Captura-de-Pantalla-2020-10-07-a-las-18.19.43.png\" alt=\"\" width=\"1270\" height=\"1186\" srcset=\"https:\/\/webdelmaestrocmf.com\/portal\/wp-content\/uploads\/2020\/10\/Captura-de-Pantalla-2020-10-07-a-las-18.19.43.png 1270w, https:\/\/webdelmaestrocmf.com\/portal\/wp-content\/uploads\/2020\/10\/Captura-de-Pantalla-2020-10-07-a-las-18.19.43-300x280.png 300w, https:\/\/webdelmaestrocmf.com\/portal\/wp-content\/uploads\/2020\/10\/Captura-de-Pantalla-2020-10-07-a-las-18.19.43-1024x956.png 1024w, https:\/\/webdelmaestrocmf.com\/portal\/wp-content\/uploads\/2020\/10\/Captura-de-Pantalla-2020-10-07-a-las-18.19.43-768x717.png 768w, https:\/\/webdelmaestrocmf.com\/portal\/wp-content\/uploads\/2020\/10\/Captura-de-Pantalla-2020-10-07-a-las-18.19.43-110x103.png 110w, https:\/\/webdelmaestrocmf.com\/portal\/wp-content\/uploads\/2020\/10\/Captura-de-Pantalla-2020-10-07-a-las-18.19.43-200x187.png 200w, https:\/\/webdelmaestrocmf.com\/portal\/wp-content\/uploads\/2020\/10\/Captura-de-Pantalla-2020-10-07-a-las-18.19.43-380x355.png 380w, https:\/\/webdelmaestrocmf.com\/portal\/wp-content\/uploads\/2020\/10\/Captura-de-Pantalla-2020-10-07-a-las-18.19.43-255x238.png 255w, https:\/\/webdelmaestrocmf.com\/portal\/wp-content\/uploads\/2020\/10\/Captura-de-Pantalla-2020-10-07-a-las-18.19.43-550x514.png 550w, https:\/\/webdelmaestrocmf.com\/portal\/wp-content\/uploads\/2020\/10\/Captura-de-Pantalla-2020-10-07-a-las-18.19.43-800x747.png 800w, https:\/\/webdelmaestrocmf.com\/portal\/wp-content\/uploads\/2020\/10\/Captura-de-Pantalla-2020-10-07-a-las-18.19.43-1160x1083.png 1160w, https:\/\/webdelmaestrocmf.com\/portal\/wp-content\/uploads\/2020\/10\/Captura-de-Pantalla-2020-10-07-a-las-18.19.43-220x205.png 220w, https:\/\/webdelmaestrocmf.com\/portal\/wp-content\/uploads\/2020\/10\/Captura-de-Pantalla-2020-10-07-a-las-18.19.43-400x374.png 400w, https:\/\/webdelmaestrocmf.com\/portal\/wp-content\/uploads\/2020\/10\/Captura-de-Pantalla-2020-10-07-a-las-18.19.43-760x710.png 760w, https:\/\/webdelmaestrocmf.com\/portal\/wp-content\/uploads\/2020\/10\/Captura-de-Pantalla-2020-10-07-a-las-18.19.43-510x476.png 510w, https:\/\/webdelmaestrocmf.com\/portal\/wp-content\/uploads\/2020\/10\/Captura-de-Pantalla-2020-10-07-a-las-18.19.43-600x560.png 600w, https:\/\/webdelmaestrocmf.com\/portal\/wp-content\/uploads\/2020\/10\/Captura-de-Pantalla-2020-10-07-a-las-18.19.43-1100x1027.png 1100w\" sizes=\"auto, (max-width: 1270px) 100vw, 1270px\" \/><\/p>\n<h5 class=\"Paragraph-k859h4-0 gvYoJ\" style=\"text-align: justify;\"><b>\u00bfSiempre se detecta<\/b><b>n<\/b><b>\u00a0en la ni\u00f1ez?<\/b><\/h5>\n<p class=\"Paragraph-k859h4-0 gvYoJ\" style=\"text-align: justify;\">No siempre, responden los especialistas.<\/p>\n<p class=\"Paragraph-k859h4-0 gvYoJ\" style=\"text-align: justify;\">\u00abA veces se pueden detectar en la adolescencia si es algo no tan grave, pero la dificultad estuvo desde el origen\u00bb, aclara Rousseau.<\/p>\n<p class=\"Paragraph-k859h4-0 gvYoJ\" style=\"text-align: justify;\">\u00abSi aparece de golpe a los 18 o 20 a\u00f1os, tal vez es como consecuencia de un traumatismo craneano, o un accidente cerebro-vascular o cualquier otro trastorno\u00bb, detall\u00f3.<\/p>\n<h5 id=\"Gen\u00e9tica\" class=\"SubHeading-sc-1kh1qhu-1 nSlOl\" style=\"text-align: justify;\" tabindex=\"-1\"><strong>Gen\u00e9tica<\/strong><\/h5>\n<p class=\"Paragraph-k859h4-0 gvYoJ\" style=\"text-align: justify;\">Los especialistas consultados coincidieron en que\u00a0<b>el 50% de los trastornos del lenguaje suelen tener un origen familiar<\/b>.<\/p>\n<p class=\"Paragraph-k859h4-0 gvYoJ\" style=\"text-align: justify;\">\u00abEs muy com\u00fan que un ni\u00f1o que tiene problemas de aprendizaje en la escuela tenga un padre o una madre que tambi\u00e9n los tuvo cuando era ni\u00f1o\u00bb, dice Rinaldi.<\/p>\n<p class=\"Paragraph-k859h4-0 gvYoJ\" style=\"text-align: justify;\">Mientras que \u00absi hay un ni\u00f1o con dislexia es muy probable que un familiar cercano padezca del mismo desaf\u00edo. La gen\u00e9tica en las discapacidades del lenguaje y los problemas de atenci\u00f3n est\u00e1 muy presente\u00bb, se\u00f1ala Sheldon Horowitz, director del Centro Nacional para las Discapacidades del Aprendizaje.<\/p>\n<h5 id=\"El-caso-especial-de-la-lectura\" class=\"SubHeading-sc-1kh1qhu-1 nSlOl\" style=\"text-align: justify;\" tabindex=\"-1\"><strong>El caso especial de la lectura<\/strong><\/h5>\n<p class=\"Paragraph-k859h4-0 gvYoJ\" style=\"text-align: justify;\">La mayor cantidad de problemas de aprendizaje del lenguaje ocurren en el \u00e1rea de la lectura.<\/p>\n<p class=\"Paragraph-k859h4-0 gvYoJ\" style=\"text-align: justify;\"><b>\u00abPorque el cerebro no fue dise\u00f1ado para leer\u00bb<\/b>, se\u00f1al\u00f3 Horowitz a BBC Mundo.<\/p>\n<p class=\"Paragraph-k859h4-0 gvYoJ\" style=\"text-align: justify;\">\u00abPara que el cerebro aprenda c\u00f3mo leer necesita espacio, conectividad y evoluci\u00f3n y esto sucedi\u00f3 solo unos miles de a\u00f1os atr\u00e1s en el desarrollo de su gen\u00e9tica\u00bb, a\u00f1adi\u00f3.<\/p>\n<h5 id=\"Contexto-socioecon\u00f3mico\" class=\"SubHeading-sc-1kh1qhu-1 nSlOl\" style=\"text-align: justify;\" tabindex=\"-1\"><strong>Contexto socio-econ\u00f3mico<\/strong><\/h5>\n<p class=\"Paragraph-k859h4-0 gvYoJ\" style=\"text-align: justify;\">La escasa exposici\u00f3n a la riqueza del vocabulario es otro de los problemas que destacan los especialistas sobre trastornos del lenguaje.<\/p>\n<p class=\"Paragraph-k859h4-0 gvYoJ\" style=\"text-align: justify;\"><b>\u00abLos ni\u00f1os que nacen en sitios pobres oyen muchas menos palabras que aquellos con m\u00e1s posibilidades econ\u00f3micas.\u00a0<\/b>Entonces cuando la persona va creciendo en su educaci\u00f3n, esto se transforma en un problema de aprendizaje o discapacidad por la falta de exposici\u00f3n a las palabras\u00bb, analiza la doctora Claudia Rinaldi.<\/p>\n<p class=\"Paragraph-k859h4-0 gvYoJ\" style=\"text-align: justify;\">Seg\u00fan la experta, este problema se observa mayormente en las ciudades y sigue en aumento.<\/p>\n<h5 id=\"Educaci\u00f3n\" class=\"SubHeading-sc-1kh1qhu-1 nSlOl\" style=\"text-align: justify;\" tabindex=\"-1\"><strong>Educaci\u00f3n<\/strong><\/h5>\n<p class=\"Paragraph-k859h4-0 gvYoJ\" style=\"text-align: justify;\">Los expertos advirtieron sobre la importancia del rol de los padres y maestros cuando una persona presenta alguna de estas dificultades.<\/p>\n<p class=\"Paragraph-k859h4-0 gvYoJ\" style=\"text-align: justify;\"><b>\u00abPorque las dificultades del lenguaje pueden aparecer en distintos \u00e1mbitos\u00bb<\/b>, explic\u00f3 Horowitz.<\/p>\n<p class=\"Paragraph-k859h4-0 gvYoJ\" style=\"text-align: justify;\">\u00abPor ejemplo, un ni\u00f1o de 11 a\u00f1os puede tener problemas en su clase de matem\u00e1ticas o ciencia porque no puede cumplir tareas, sin embargo dentro de una cancha de f\u00fatbol se muestra como un verdadera s\u00faper-estrella\u00bb, grafic\u00f3.<\/p>\n<p class=\"Paragraph-k859h4-0 gvYoJ\" style=\"text-align: justify;\">Mientras que la licenciada M\u00f3nica Rousseau destaca que \u00abes muy importante que los docentes en cualquier nivel, cuando vean un examen mal redactado, o errores de ortograf\u00eda, o que el alumno se bloquea, que se pregunte si la persona tiene una dificultad que nunca se detect\u00f3\u00bb.<\/p>\n<p class=\"Paragraph-k859h4-0 gvYoJ\" style=\"text-align: justify;\"><b>\u00abPorque las personas que sufren estas dificultades muchas veces pasan humillaci\u00f3n\u00bb<\/b>, concluye.<\/p>\n<p><img loading=\"lazy\" decoding=\"async\" class=\"alignnone size-full wp-image-52642\" src=\"https:\/\/webdelmaestrocmf.com\/portal\/wp-content\/uploads\/2020\/10\/1-copia-23.jpg\" alt=\"\" width=\"1280\" height=\"720\" srcset=\"https:\/\/webdelmaestrocmf.com\/portal\/wp-content\/uploads\/2020\/10\/1-copia-23.jpg 1280w, https:\/\/webdelmaestrocmf.com\/portal\/wp-content\/uploads\/2020\/10\/1-copia-23-300x169.jpg 300w, https:\/\/webdelmaestrocmf.com\/portal\/wp-content\/uploads\/2020\/10\/1-copia-23-1024x576.jpg 1024w, https:\/\/webdelmaestrocmf.com\/portal\/wp-content\/uploads\/2020\/10\/1-copia-23-768x432.jpg 768w, https:\/\/webdelmaestrocmf.com\/portal\/wp-content\/uploads\/2020\/10\/1-copia-23-110x62.jpg 110w, https:\/\/webdelmaestrocmf.com\/portal\/wp-content\/uploads\/2020\/10\/1-copia-23-200x113.jpg 200w, https:\/\/webdelmaestrocmf.com\/portal\/wp-content\/uploads\/2020\/10\/1-copia-23-380x214.jpg 380w, https:\/\/webdelmaestrocmf.com\/portal\/wp-content\/uploads\/2020\/10\/1-copia-23-255x143.jpg 255w, https:\/\/webdelmaestrocmf.com\/portal\/wp-content\/uploads\/2020\/10\/1-copia-23-550x309.jpg 550w, https:\/\/webdelmaestrocmf.com\/portal\/wp-content\/uploads\/2020\/10\/1-copia-23-800x450.jpg 800w, https:\/\/webdelmaestrocmf.com\/portal\/wp-content\/uploads\/2020\/10\/1-copia-23-1160x653.jpg 1160w, https:\/\/webdelmaestrocmf.com\/portal\/wp-content\/uploads\/2020\/10\/1-copia-23-220x124.jpg 220w, https:\/\/webdelmaestrocmf.com\/portal\/wp-content\/uploads\/2020\/10\/1-copia-23-400x225.jpg 400w, https:\/\/webdelmaestrocmf.com\/portal\/wp-content\/uploads\/2020\/10\/1-copia-23-760x428.jpg 760w, https:\/\/webdelmaestrocmf.com\/portal\/wp-content\/uploads\/2020\/10\/1-copia-23-510x287.jpg 510w, https:\/\/webdelmaestrocmf.com\/portal\/wp-content\/uploads\/2020\/10\/1-copia-23-600x338.jpg 600w, https:\/\/webdelmaestrocmf.com\/portal\/wp-content\/uploads\/2020\/10\/1-copia-23-1100x619.jpg 1100w\" sizes=\"auto, (max-width: 1280px) 100vw, 1280px\" \/><\/p>\n<p><strong>Este contenido ha sido publicado originalmente por BBC en la siguiente direcci\u00f3n: <a href=\"http:\/\/bbc.com\" target=\"_blank\" rel=\"noopener noreferrer\">bbc.com<\/a><\/strong><\/p>\n<p style=\"text-align: center;\"><span style=\"vertical-align: inherit;\"><span style=\"vertical-align: inherit;\">Recomendamos a la Comunidad Educativa Digital tener en cuenta que, el enlace y\/o la carpeta en donde est\u00e1n alojados los libros, recursos y\/o materiales, no es administrado por la Web del Maestro CMF, pueda ser que en cuesti\u00f3n de d\u00edas (o seg\u00fan el tiempo transcurrido desde su publicaci\u00f3n), los enlaces no funcionen y el material ya no se encuentre disponible. Gracias por su comprensi\u00f3n.<\/span><\/span><\/p>\n<h3><span style=\"vertical-align: inherit;\"><span style=\"vertical-align: inherit;\">ENLACE DE LECTURA:<\/span><\/span><\/h3>\n<p style=\"text-align: center;\"><span style=\"vertical-align: inherit;\"><span style=\"vertical-align: inherit;\">\u00a1Comparte y as\u00ed m\u00e1s docentes utilizar\u00e1n estos recursos\u00a0gratis! Muchas gracias.<\/span><\/span><\/p>\n<p style=\"text-align: center;\"><span style=\"color: #000000;\"><span style=\"vertical-align: inherit;\"><span style=\"vertical-align: inherit;\">ENLACE 1: <\/span><\/span><a style=\"color: #000000;\" href=\"http:\/\/www.clc.cl\/clcprod\/media\/contenidos\/pdf\/MED_22_2\/12_Dr_Barragan.pdf\" target=\"_blank\" rel=\"noopener noreferrer\"><span style=\"vertical-align: inherit;\"><span style=\"vertical-align: inherit;\">IDENTIFICACI\u00d3N TEMPRANA DE TRASTORNOS DEL LENGUAJE<\/span><\/span><\/a><\/span><\/p>\n\t\t<div class=\"pk-inline-posts\">\n\t\t\t\n\t\t\t<div class=\"pk-inline-posts-container pk-inline-posts-template-list\"\n\t\t\t\tdata-columns=\"1\">\n\t\t\t\t\t\t<article id=\"post-115027\" class=\"post-115027 post type-post status-publish format-standard has-post-thumbnail category-descargas-manuales-pdf category-dislexia category-pedagogia category-transtornos tag-deteccion-temprana-2 tag-discalculia tag-dislexia tag-diversidad tag-docentes tag-educacion-3 tag-evaluacion-educativa-2 tag-inclusion-educativa-2 tag-orientacion-educativa-2 cs-entry cs-video-wrap\">\n\t\t\t<div class=\"pk-post-outer\">\n\n\t\t\t\t\t\t\t\t<div class=\"pk-post-inner\">\n\t\t\t\t\t<div class=\"entry-thumbnail\">\n\t\t\t\t\t\t<div class=\"pk-overlay pk-overlay-ratio pk-ratio-landscape\">\n\t\t\t\t\t\t\t<div class=\"pk-overlay-background\">\n\t\t\t\t\t\t\t\t<a href=\"https:\/\/webdelmaestrocmf.com\/portal\/cuestionarios-de-observacion-docente-para-la-deteccion-temprana-de-dislexia-y-discalculia\/\" class=\"pk-overlay-link\">\n\t\t\t\t\t\t\t\t\t<img loading=\"lazy\" decoding=\"async\" width=\"300\" height=\"225\" src=\"https:\/\/webdelmaestrocmf.com\/portal\/wp-content\/uploads\/2026\/01\/1A-Banner-1-portada-imagen-10-1-copia-3-7-300x225.webp\" class=\"attachment-pk-thumbnail size-pk-thumbnail wp-post-image\" alt=\"\" \/>\t\t\t\t\t\t\t\t<\/a>\n\t\t\t\t\t\t\t<\/div>\n\t\t\t\t\t\t<\/div>\n\t\t\t\t\t<\/div>\n\t\t\t\t<\/div>\n\t\t\t\t\n\t\t\t\t<div class=\"pk-post-inner\">\n\t\t\t\t\t<header>\n\t\t\t\t\t\t<h3 class=\"pk-title\"><a href=\"https:\/\/webdelmaestrocmf.com\/portal\/cuestionarios-de-observacion-docente-para-la-deteccion-temprana-de-dislexia-y-discalculia\/\" rel=\"bookmark\">Cuestionarios de observaci\u00f3n docente para la detecci\u00f3n temprana de dislexia y discalculia<\/a><\/h3>\t\t\t\t\t<\/header><!-- .entry-header -->\n\t\t\t\t<\/div><!-- .post-inner -->\n\n\t\t\t<\/div><!-- .post-outer -->\n\t\t<\/article>\n\t\t\t\t<\/div>\n\t\t<\/div>\n\t\t\n","protected":false},"excerpt":{"rendered":"\u00abSi no accedes al lenguaje,\u00a0en gran medida no accedes a la cultura\u00bb. As\u00ed lo plantea M\u00f3nica Rousseau, fonoaudi\u00f3loga&hellip;","protected":false},"author":1,"featured_media":52643,"comment_status":"open","ping_status":"closed","sticky":false,"template":"","format":"standard","meta":{"csco_display_header_overlay":false,"csco_singular_sidebar":"default","csco_page_header_type":"default","csco_page_load_nextpost":"default","csco_post_video_location":[],"csco_post_video_location_hash":"","csco_post_video_url":"","csco_post_video_bg_start_time":0,"csco_post_video_bg_end_time":0,"csco_post_video_bg_volume":false,"_jetpack_memberships_contains_paid_content":false,"footnotes":""},"categories":[735,5562],"tags":[5810,394,2961,531],"class_list":{"0":"post-52629","1":"post","2":"type-post","3":"status-publish","4":"format-standard","5":"has-post-thumbnail","7":"category-pedagogia","8":"category-transtornos","9":"tag-detectarlos","10":"tag-lenguaje","11":"tag-principales","12":"tag-trastornos","13":"cs-entry","14":"cs-video-wrap"},"yoast_head":"<!-- This site is optimized with the Yoast SEO plugin v27.5 - https:\/\/yoast.com\/product\/yoast-seo-wordpress\/ -->\n<title>Cu\u00e1les son los principales trastornos del lenguaje y c\u00f3mo detectarlos - 2026<\/title>\n<meta name=\"description\" content=\"&quot;Si no accedes al lenguaje,\u00a0en gran medida no accedes a la cultura&quot;. As\u00ed lo plantea M\u00f3nica Rousseau, fonoaudi\u00f3loga con...\" \/>\n<meta name=\"robots\" content=\"index, follow, max-snippet:-1, max-image-preview:large, max-video-preview:-1\" \/>\n<link rel=\"canonical\" href=\"https:\/\/webdelmaestrocmf.com\/portal\/cuales-son-los-principales-trastornos-del-lenguaje-y-como-detectarlos\/\" \/>\n<meta property=\"og:locale\" content=\"es_ES\" \/>\n<meta property=\"og:type\" content=\"article\" \/>\n<meta property=\"og:title\" content=\"Cu\u00e1les son los principales trastornos del lenguaje y c\u00f3mo detectarlos - 2026\" \/>\n<meta property=\"og:description\" content=\"&quot;Si no accedes al lenguaje,\u00a0en gran medida no accedes a la cultura&quot;. As\u00ed lo plantea M\u00f3nica Rousseau, fonoaudi\u00f3loga con...\" \/>\n<meta property=\"og:url\" content=\"https:\/\/webdelmaestrocmf.com\/portal\/cuales-son-los-principales-trastornos-del-lenguaje-y-como-detectarlos\/\" \/>\n<meta property=\"og:site_name\" content=\"Web del Maestro CMF\" \/>\n<meta property=\"article:publisher\" content=\"https:\/\/www.facebook.com\/WebdelMaestroCMF\/\" \/>\n<meta property=\"article:author\" content=\"https:\/\/www.facebook.com\/WebdelMaestroCMF\/\" \/>\n<meta property=\"article:published_time\" content=\"2022-04-01T00:56:57+00:00\" \/>\n<meta property=\"article:modified_time\" content=\"2022-10-28T02:13:08+00:00\" \/>\n<meta property=\"og:image\" content=\"https:\/\/i0.wp.com\/webdelmaestrocmf.com\/portal\/wp-content\/uploads\/2020\/10\/1-copia-24.jpg?fit=1100%2C680&ssl=1\" \/>\n\t<meta property=\"og:image:width\" content=\"1100\" \/>\n\t<meta property=\"og:image:height\" content=\"680\" \/>\n\t<meta property=\"og:image:type\" content=\"image\/jpeg\" \/>\n<meta name=\"author\" content=\"Web del Maestro CMF\" \/>\n<meta name=\"twitter:card\" content=\"summary_large_image\" \/>\n<meta name=\"twitter:creator\" content=\"@cmf_w\" \/>\n<meta name=\"twitter:site\" content=\"@cmf_w\" \/>\n<script type=\"application\/ld+json\" class=\"yoast-schema-graph\">{\"@context\":\"https:\\\/\\\/schema.org\",\"@graph\":[{\"@type\":\"ScholarlyArticle\",\"@id\":\"https:\\\/\\\/webdelmaestrocmf.com\\\/portal\\\/cuales-son-los-principales-trastornos-del-lenguaje-y-como-detectarlos\\\/#article\",\"isPartOf\":{\"@id\":\"https:\\\/\\\/webdelmaestrocmf.com\\\/portal\\\/cuales-son-los-principales-trastornos-del-lenguaje-y-como-detectarlos\\\/\"},\"author\":{\"name\":\"Web del Maestro CMF\",\"@id\":\"https:\\\/\\\/webdelmaestrocmf.com\\\/portal\\\/#\\\/schema\\\/person\\\/1072a2ed7bd960df8ef99a551fa35dc5\"},\"headline\":\"Cu\u00e1les son los principales trastornos del lenguaje y c\u00f3mo detectarlos\",\"datePublished\":\"2022-04-01T00:56:57+00:00\",\"dateModified\":\"2022-10-28T02:13:08+00:00\",\"mainEntityOfPage\":{\"@id\":\"https:\\\/\\\/webdelmaestrocmf.com\\\/portal\\\/cuales-son-los-principales-trastornos-del-lenguaje-y-como-detectarlos\\\/\"},\"wordCount\":1230,\"commentCount\":1,\"publisher\":{\"@id\":\"https:\\\/\\\/webdelmaestrocmf.com\\\/portal\\\/#organization\"},\"image\":{\"@id\":\"https:\\\/\\\/webdelmaestrocmf.com\\\/portal\\\/cuales-son-los-principales-trastornos-del-lenguaje-y-como-detectarlos\\\/#primaryimage\"},\"thumbnailUrl\":\"https:\\\/\\\/webdelmaestrocmf.com\\\/portal\\\/wp-content\\\/uploads\\\/2020\\\/10\\\/1-copia-24.jpg\",\"keywords\":[\"detectarlos\",\"LENGUAJE\",\"PRINCIPALES\",\"TRASTORNOS\"],\"articleSection\":[\"Recursos\",\"Transtornos\"],\"inLanguage\":\"es\",\"potentialAction\":[{\"@type\":\"CommentAction\",\"name\":\"Comment\",\"target\":[\"https:\\\/\\\/webdelmaestrocmf.com\\\/portal\\\/cuales-son-los-principales-trastornos-del-lenguaje-y-como-detectarlos\\\/#respond\"]}]},{\"@type\":\"WebPage\",\"@id\":\"https:\\\/\\\/webdelmaestrocmf.com\\\/portal\\\/cuales-son-los-principales-trastornos-del-lenguaje-y-como-detectarlos\\\/\",\"url\":\"https:\\\/\\\/webdelmaestrocmf.com\\\/portal\\\/cuales-son-los-principales-trastornos-del-lenguaje-y-como-detectarlos\\\/\",\"name\":\"Cu\u00e1les son los principales trastornos del lenguaje y c\u00f3mo detectarlos - 2026\",\"isPartOf\":{\"@id\":\"https:\\\/\\\/webdelmaestrocmf.com\\\/portal\\\/#website\"},\"primaryImageOfPage\":{\"@id\":\"https:\\\/\\\/webdelmaestrocmf.com\\\/portal\\\/cuales-son-los-principales-trastornos-del-lenguaje-y-como-detectarlos\\\/#primaryimage\"},\"image\":{\"@id\":\"https:\\\/\\\/webdelmaestrocmf.com\\\/portal\\\/cuales-son-los-principales-trastornos-del-lenguaje-y-como-detectarlos\\\/#primaryimage\"},\"thumbnailUrl\":\"https:\\\/\\\/webdelmaestrocmf.com\\\/portal\\\/wp-content\\\/uploads\\\/2020\\\/10\\\/1-copia-24.jpg\",\"datePublished\":\"2022-04-01T00:56:57+00:00\",\"dateModified\":\"2022-10-28T02:13:08+00:00\",\"description\":\"\\\"Si no accedes al lenguaje,\u00a0en gran medida no accedes a la cultura\\\". As\u00ed lo plantea M\u00f3nica Rousseau, fonoaudi\u00f3loga con...\",\"breadcrumb\":{\"@id\":\"https:\\\/\\\/webdelmaestrocmf.com\\\/portal\\\/cuales-son-los-principales-trastornos-del-lenguaje-y-como-detectarlos\\\/#breadcrumb\"},\"inLanguage\":\"es\",\"potentialAction\":[{\"@type\":\"ReadAction\",\"target\":[\"https:\\\/\\\/webdelmaestrocmf.com\\\/portal\\\/cuales-son-los-principales-trastornos-del-lenguaje-y-como-detectarlos\\\/\"]}]},{\"@type\":\"ImageObject\",\"inLanguage\":\"es\",\"@id\":\"https:\\\/\\\/webdelmaestrocmf.com\\\/portal\\\/cuales-son-los-principales-trastornos-del-lenguaje-y-como-detectarlos\\\/#primaryimage\",\"url\":\"https:\\\/\\\/webdelmaestrocmf.com\\\/portal\\\/wp-content\\\/uploads\\\/2020\\\/10\\\/1-copia-24.jpg\",\"contentUrl\":\"https:\\\/\\\/webdelmaestrocmf.com\\\/portal\\\/wp-content\\\/uploads\\\/2020\\\/10\\\/1-copia-24.jpg\",\"width\":1100,\"height\":680},{\"@type\":\"BreadcrumbList\",\"@id\":\"https:\\\/\\\/webdelmaestrocmf.com\\\/portal\\\/cuales-son-los-principales-trastornos-del-lenguaje-y-como-detectarlos\\\/#breadcrumb\",\"itemListElement\":[{\"@type\":\"ListItem\",\"position\":1,\"name\":\"Portada\",\"item\":\"https:\\\/\\\/webdelmaestrocmf.com\\\/portal\\\/\"},{\"@type\":\"ListItem\",\"position\":2,\"name\":\"Recursos\",\"item\":\"https:\\\/\\\/webdelmaestrocmf.com\\\/portal\\\/category\\\/pedagogia\\\/\"},{\"@type\":\"ListItem\",\"position\":3,\"name\":\"Cu\u00e1les son los principales trastornos del lenguaje y c\u00f3mo detectarlos\"}]},{\"@type\":\"WebSite\",\"@id\":\"https:\\\/\\\/webdelmaestrocmf.com\\\/portal\\\/#website\",\"url\":\"https:\\\/\\\/webdelmaestrocmf.com\\\/portal\\\/\",\"name\":\"Web del Maestro CMF\",\"description\":\"Maestros al servicio de la educaci\u00f3n\",\"publisher\":{\"@id\":\"https:\\\/\\\/webdelmaestrocmf.com\\\/portal\\\/#organization\"},\"alternateName\":\"WMCMF\",\"potentialAction\":[{\"@type\":\"SearchAction\",\"target\":{\"@type\":\"EntryPoint\",\"urlTemplate\":\"https:\\\/\\\/webdelmaestrocmf.com\\\/portal\\\/?s={search_term_string}\"},\"query-input\":{\"@type\":\"PropertyValueSpecification\",\"valueRequired\":true,\"valueName\":\"search_term_string\"}}],\"inLanguage\":\"es\"},{\"@type\":\"Organization\",\"@id\":\"https:\\\/\\\/webdelmaestrocmf.com\\\/portal\\\/#organization\",\"name\":\"Web del Maestro CMF\",\"alternateName\":\"WMCMF\",\"url\":\"https:\\\/\\\/webdelmaestrocmf.com\\\/portal\\\/\",\"logo\":{\"@type\":\"ImageObject\",\"inLanguage\":\"es\",\"@id\":\"https:\\\/\\\/webdelmaestrocmf.com\\\/portal\\\/#\\\/schema\\\/logo\\\/image\\\/\",\"url\":\"https:\\\/\\\/webdelmaestrocmf.com\\\/portal\\\/wp-content\\\/uploads\\\/2023\\\/01\\\/logo-wmcmf-2.png\",\"contentUrl\":\"https:\\\/\\\/webdelmaestrocmf.com\\\/portal\\\/wp-content\\\/uploads\\\/2023\\\/01\\\/logo-wmcmf-2.png\",\"width\":200,\"height\":60,\"caption\":\"Web del Maestro CMF\"},\"image\":{\"@id\":\"https:\\\/\\\/webdelmaestrocmf.com\\\/portal\\\/#\\\/schema\\\/logo\\\/image\\\/\"},\"sameAs\":[\"https:\\\/\\\/www.facebook.com\\\/WebdelMaestroCMF\\\/\",\"https:\\\/\\\/x.com\\\/cmf_w\",\"https:\\\/\\\/www.pinterest.com\\\/WMCMF\\\/\",\"https:\\\/\\\/www.linkedin.com\\\/company\\\/web-del-maestro-cmf\\\/\",\"https:\\\/\\\/www.instagram.com\\\/wmcmf\\\/\",\"https:\\\/\\\/www.youtube.com\\\/channel\\\/UCDPSvjbdodE5sHnC3OxutHw\",\"https:\\\/\\\/mastodon.social\\\/@wmcmf\",\"https:\\\/\\\/www.tiktok.com\\\/@webdelmaestrocmf\"]},{\"@type\":\"Person\",\"@id\":\"https:\\\/\\\/webdelmaestrocmf.com\\\/portal\\\/#\\\/schema\\\/person\\\/1072a2ed7bd960df8ef99a551fa35dc5\",\"name\":\"Web del Maestro CMF\",\"image\":{\"@type\":\"ImageObject\",\"inLanguage\":\"es\",\"@id\":\"https:\\\/\\\/secure.gravatar.com\\\/avatar\\\/23291dd5b5ae1077dcff3dbb04c3e02bd28403fa75af6d8787d5e97c5bbbe30b?s=96&d=mm&r=g\",\"url\":\"https:\\\/\\\/secure.gravatar.com\\\/avatar\\\/23291dd5b5ae1077dcff3dbb04c3e02bd28403fa75af6d8787d5e97c5bbbe30b?s=96&d=mm&r=g\",\"contentUrl\":\"https:\\\/\\\/secure.gravatar.com\\\/avatar\\\/23291dd5b5ae1077dcff3dbb04c3e02bd28403fa75af6d8787d5e97c5bbbe30b?s=96&d=mm&r=g\",\"caption\":\"Web del Maestro CMF\"},\"description\":\"Esta Web se cre\u00f3 sin fines de lucro, con fines educativos, cient\u00edficos y acad\u00e9micos, para personas que tengan dificultades y\\\/o inconvenientes en visualizar el material original. El objetivo es entregar recursos, compartir experiencias y materiales que ayuden a los padres de familia, maestros y estudiantes en su actualizaci\u00f3n y formaci\u00f3n permanente, en bien de la Educaci\u00f3n.\",\"sameAs\":[\"http:\\\/\\\/webdelmaestrocmf.com\\\/portal\",\"https:\\\/\\\/www.facebook.com\\\/WebdelMaestroCMF\\\/\",\"https:\\\/\\\/www.instagram.com\\\/wmcmf\\\/\",\"https:\\\/\\\/cl.linkedin.com\\\/company\\\/web-del-maestro-cmf\",\"https:\\\/\\\/www.pinterest.com\\\/WMCMF\\\/publicaciones\\\/\",\"https:\\\/\\\/x.com\\\/cmf_w\",\"https:\\\/\\\/www.youtube.com\\\/@WMCMF\"]}]}<\/script>\n<!-- \/ Yoast SEO plugin. -->","yoast_head_json":{"title":"Cu\u00e1les son los principales trastornos del lenguaje y c\u00f3mo detectarlos - 2026","description":"\"Si no accedes al lenguaje,\u00a0en gran medida no accedes a la cultura\". As\u00ed lo plantea M\u00f3nica Rousseau, fonoaudi\u00f3loga con...","robots":{"index":"index","follow":"follow","max-snippet":"max-snippet:-1","max-image-preview":"max-image-preview:large","max-video-preview":"max-video-preview:-1"},"canonical":"https:\/\/webdelmaestrocmf.com\/portal\/cuales-son-los-principales-trastornos-del-lenguaje-y-como-detectarlos\/","og_locale":"es_ES","og_type":"article","og_title":"Cu\u00e1les son los principales trastornos del lenguaje y c\u00f3mo detectarlos - 2026","og_description":"\"Si no accedes al lenguaje,\u00a0en gran medida no accedes a la cultura\". As\u00ed lo plantea M\u00f3nica Rousseau, fonoaudi\u00f3loga con...","og_url":"https:\/\/webdelmaestrocmf.com\/portal\/cuales-son-los-principales-trastornos-del-lenguaje-y-como-detectarlos\/","og_site_name":"Web del Maestro CMF","article_publisher":"https:\/\/www.facebook.com\/WebdelMaestroCMF\/","article_author":"https:\/\/www.facebook.com\/WebdelMaestroCMF\/","article_published_time":"2022-04-01T00:56:57+00:00","article_modified_time":"2022-10-28T02:13:08+00:00","og_image":[{"width":1100,"height":680,"url":"https:\/\/i0.wp.com\/webdelmaestrocmf.com\/portal\/wp-content\/uploads\/2020\/10\/1-copia-24.jpg?fit=1100%2C680&ssl=1","type":"image\/jpeg"}],"author":"Web del Maestro CMF","twitter_card":"summary_large_image","twitter_creator":"@cmf_w","twitter_site":"@cmf_w","schema":{"@context":"https:\/\/schema.org","@graph":[{"@type":"ScholarlyArticle","@id":"https:\/\/webdelmaestrocmf.com\/portal\/cuales-son-los-principales-trastornos-del-lenguaje-y-como-detectarlos\/#article","isPartOf":{"@id":"https:\/\/webdelmaestrocmf.com\/portal\/cuales-son-los-principales-trastornos-del-lenguaje-y-como-detectarlos\/"},"author":{"name":"Web del Maestro CMF","@id":"https:\/\/webdelmaestrocmf.com\/portal\/#\/schema\/person\/1072a2ed7bd960df8ef99a551fa35dc5"},"headline":"Cu\u00e1les son los principales trastornos del lenguaje y c\u00f3mo detectarlos","datePublished":"2022-04-01T00:56:57+00:00","dateModified":"2022-10-28T02:13:08+00:00","mainEntityOfPage":{"@id":"https:\/\/webdelmaestrocmf.com\/portal\/cuales-son-los-principales-trastornos-del-lenguaje-y-como-detectarlos\/"},"wordCount":1230,"commentCount":1,"publisher":{"@id":"https:\/\/webdelmaestrocmf.com\/portal\/#organization"},"image":{"@id":"https:\/\/webdelmaestrocmf.com\/portal\/cuales-son-los-principales-trastornos-del-lenguaje-y-como-detectarlos\/#primaryimage"},"thumbnailUrl":"https:\/\/webdelmaestrocmf.com\/portal\/wp-content\/uploads\/2020\/10\/1-copia-24.jpg","keywords":["detectarlos","LENGUAJE","PRINCIPALES","TRASTORNOS"],"articleSection":["Recursos","Transtornos"],"inLanguage":"es","potentialAction":[{"@type":"CommentAction","name":"Comment","target":["https:\/\/webdelmaestrocmf.com\/portal\/cuales-son-los-principales-trastornos-del-lenguaje-y-como-detectarlos\/#respond"]}]},{"@type":"WebPage","@id":"https:\/\/webdelmaestrocmf.com\/portal\/cuales-son-los-principales-trastornos-del-lenguaje-y-como-detectarlos\/","url":"https:\/\/webdelmaestrocmf.com\/portal\/cuales-son-los-principales-trastornos-del-lenguaje-y-como-detectarlos\/","name":"Cu\u00e1les son los principales trastornos del lenguaje y c\u00f3mo detectarlos - 2026","isPartOf":{"@id":"https:\/\/webdelmaestrocmf.com\/portal\/#website"},"primaryImageOfPage":{"@id":"https:\/\/webdelmaestrocmf.com\/portal\/cuales-son-los-principales-trastornos-del-lenguaje-y-como-detectarlos\/#primaryimage"},"image":{"@id":"https:\/\/webdelmaestrocmf.com\/portal\/cuales-son-los-principales-trastornos-del-lenguaje-y-como-detectarlos\/#primaryimage"},"thumbnailUrl":"https:\/\/webdelmaestrocmf.com\/portal\/wp-content\/uploads\/2020\/10\/1-copia-24.jpg","datePublished":"2022-04-01T00:56:57+00:00","dateModified":"2022-10-28T02:13:08+00:00","description":"\"Si no accedes al lenguaje,\u00a0en gran medida no accedes a la cultura\". As\u00ed lo plantea M\u00f3nica Rousseau, fonoaudi\u00f3loga con...","breadcrumb":{"@id":"https:\/\/webdelmaestrocmf.com\/portal\/cuales-son-los-principales-trastornos-del-lenguaje-y-como-detectarlos\/#breadcrumb"},"inLanguage":"es","potentialAction":[{"@type":"ReadAction","target":["https:\/\/webdelmaestrocmf.com\/portal\/cuales-son-los-principales-trastornos-del-lenguaje-y-como-detectarlos\/"]}]},{"@type":"ImageObject","inLanguage":"es","@id":"https:\/\/webdelmaestrocmf.com\/portal\/cuales-son-los-principales-trastornos-del-lenguaje-y-como-detectarlos\/#primaryimage","url":"https:\/\/webdelmaestrocmf.com\/portal\/wp-content\/uploads\/2020\/10\/1-copia-24.jpg","contentUrl":"https:\/\/webdelmaestrocmf.com\/portal\/wp-content\/uploads\/2020\/10\/1-copia-24.jpg","width":1100,"height":680},{"@type":"BreadcrumbList","@id":"https:\/\/webdelmaestrocmf.com\/portal\/cuales-son-los-principales-trastornos-del-lenguaje-y-como-detectarlos\/#breadcrumb","itemListElement":[{"@type":"ListItem","position":1,"name":"Portada","item":"https:\/\/webdelmaestrocmf.com\/portal\/"},{"@type":"ListItem","position":2,"name":"Recursos","item":"https:\/\/webdelmaestrocmf.com\/portal\/category\/pedagogia\/"},{"@type":"ListItem","position":3,"name":"Cu\u00e1les son los principales trastornos del lenguaje y c\u00f3mo detectarlos"}]},{"@type":"WebSite","@id":"https:\/\/webdelmaestrocmf.com\/portal\/#website","url":"https:\/\/webdelmaestrocmf.com\/portal\/","name":"Web del Maestro CMF","description":"Maestros al servicio de la educaci\u00f3n","publisher":{"@id":"https:\/\/webdelmaestrocmf.com\/portal\/#organization"},"alternateName":"WMCMF","potentialAction":[{"@type":"SearchAction","target":{"@type":"EntryPoint","urlTemplate":"https:\/\/webdelmaestrocmf.com\/portal\/?s={search_term_string}"},"query-input":{"@type":"PropertyValueSpecification","valueRequired":true,"valueName":"search_term_string"}}],"inLanguage":"es"},{"@type":"Organization","@id":"https:\/\/webdelmaestrocmf.com\/portal\/#organization","name":"Web del Maestro CMF","alternateName":"WMCMF","url":"https:\/\/webdelmaestrocmf.com\/portal\/","logo":{"@type":"ImageObject","inLanguage":"es","@id":"https:\/\/webdelmaestrocmf.com\/portal\/#\/schema\/logo\/image\/","url":"https:\/\/webdelmaestrocmf.com\/portal\/wp-content\/uploads\/2023\/01\/logo-wmcmf-2.png","contentUrl":"https:\/\/webdelmaestrocmf.com\/portal\/wp-content\/uploads\/2023\/01\/logo-wmcmf-2.png","width":200,"height":60,"caption":"Web del Maestro CMF"},"image":{"@id":"https:\/\/webdelmaestrocmf.com\/portal\/#\/schema\/logo\/image\/"},"sameAs":["https:\/\/www.facebook.com\/WebdelMaestroCMF\/","https:\/\/x.com\/cmf_w","https:\/\/www.pinterest.com\/WMCMF\/","https:\/\/www.linkedin.com\/company\/web-del-maestro-cmf\/","https:\/\/www.instagram.com\/wmcmf\/","https:\/\/www.youtube.com\/channel\/UCDPSvjbdodE5sHnC3OxutHw","https:\/\/mastodon.social\/@wmcmf","https:\/\/www.tiktok.com\/@webdelmaestrocmf"]},{"@type":"Person","@id":"https:\/\/webdelmaestrocmf.com\/portal\/#\/schema\/person\/1072a2ed7bd960df8ef99a551fa35dc5","name":"Web del Maestro CMF","image":{"@type":"ImageObject","inLanguage":"es","@id":"https:\/\/secure.gravatar.com\/avatar\/23291dd5b5ae1077dcff3dbb04c3e02bd28403fa75af6d8787d5e97c5bbbe30b?s=96&d=mm&r=g","url":"https:\/\/secure.gravatar.com\/avatar\/23291dd5b5ae1077dcff3dbb04c3e02bd28403fa75af6d8787d5e97c5bbbe30b?s=96&d=mm&r=g","contentUrl":"https:\/\/secure.gravatar.com\/avatar\/23291dd5b5ae1077dcff3dbb04c3e02bd28403fa75af6d8787d5e97c5bbbe30b?s=96&d=mm&r=g","caption":"Web del Maestro CMF"},"description":"Esta Web se cre\u00f3 sin fines de lucro, con fines educativos, cient\u00edficos y acad\u00e9micos, para personas que tengan dificultades y\/o inconvenientes en visualizar el material original. El objetivo es entregar recursos, compartir experiencias y materiales que ayuden a los padres de familia, maestros y estudiantes en su actualizaci\u00f3n y formaci\u00f3n permanente, en bien de la Educaci\u00f3n.","sameAs":["http:\/\/webdelmaestrocmf.com\/portal","https:\/\/www.facebook.com\/WebdelMaestroCMF\/","https:\/\/www.instagram.com\/wmcmf\/","https:\/\/cl.linkedin.com\/company\/web-del-maestro-cmf","https:\/\/www.pinterest.com\/WMCMF\/publicaciones\/","https:\/\/x.com\/cmf_w","https:\/\/www.youtube.com\/@WMCMF"]}]}},"jetpack_featured_media_url":"https:\/\/webdelmaestrocmf.com\/portal\/wp-content\/uploads\/2020\/10\/1-copia-24.jpg","jetpack_sharing_enabled":true,"jetpack-related-posts":[{"id":80799,"url":"https:\/\/webdelmaestrocmf.com\/portal\/nueva-terminologia-el-trastorno-del-lenguaje-tl-y-el-trastorno-del-desarrollo-del-lenguaje-tdl\/","url_meta":{"origin":52629,"position":0},"title":"Nueva terminolog\u00eda: El Trastorno del Lenguaje (TL) y el Trastorno del Desarrollo del Lenguaje (TDL)","author":"Web del Maestro CMF","date":"6 octubre, 2022","format":false,"excerpt":"La terminolog\u00eda utilizada para describir los problemas del lenguaje en ni\u00f1os ha sido objeto de debate y discusi\u00f3n durante mucho tiempo. Este art\u00edculo se centra en la evoluci\u00f3n de la terminolog\u00eda, desde el \"Trastorno Espec\u00edfico del Lenguaje\" (TEL) al \"Trastorno del Desarrollo del Lenguaje\" (TDL), y explora los desaf\u00edos que\u2026","rel":"","context":"En \u00abTranstornos\u00bb","block_context":{"text":"Transtornos","link":"https:\/\/webdelmaestrocmf.com\/portal\/category\/pedagogia\/transtornos\/"},"img":{"alt_text":"Trastorno del Lenguaje","src":"https:\/\/i0.wp.com\/webdelmaestrocmf.com\/portal\/wp-content\/uploads\/2022\/10\/1a-6.jpg?resize=350%2C200&ssl=1","width":350,"height":200,"srcset":"https:\/\/i0.wp.com\/webdelmaestrocmf.com\/portal\/wp-content\/uploads\/2022\/10\/1a-6.jpg?resize=350%2C200&ssl=1 1x, https:\/\/i0.wp.com\/webdelmaestrocmf.com\/portal\/wp-content\/uploads\/2022\/10\/1a-6.jpg?resize=525%2C300&ssl=1 1.5x, https:\/\/i0.wp.com\/webdelmaestrocmf.com\/portal\/wp-content\/uploads\/2022\/10\/1a-6.jpg?resize=700%2C400&ssl=1 2x"},"classes":[]},{"id":114722,"url":"https:\/\/webdelmaestrocmf.com\/portal\/principales-trastornos-y-condiciones-del-neurodesarrollo-una-mirada-clara-y-responsable\/","url_meta":{"origin":52629,"position":1},"title":"Principales trastornos y condiciones del neurodesarrollo: una mirada clara y responsable","author":"Web del Maestro CMF","date":"12 enero, 2026","format":false,"excerpt":"Una gu\u00eda clara para comprender el neurodesarrollo, evitar estigmas, no diagnosticar sin profesionales y promover educaci\u00f3n inclusiva con evidencia cient\u00edfica.","rel":"","context":"En \u00abRecursos\u00bb","block_context":{"text":"Recursos","link":"https:\/\/webdelmaestrocmf.com\/portal\/category\/pedagogia\/"},"img":{"alt_text":"","src":"https:\/\/i0.wp.com\/webdelmaestrocmf.com\/portal\/wp-content\/uploads\/2026\/01\/Portada-articulos-.jpg?resize=350%2C200&ssl=1","width":350,"height":200,"srcset":"https:\/\/i0.wp.com\/webdelmaestrocmf.com\/portal\/wp-content\/uploads\/2026\/01\/Portada-articulos-.jpg?resize=350%2C200&ssl=1 1x, https:\/\/i0.wp.com\/webdelmaestrocmf.com\/portal\/wp-content\/uploads\/2026\/01\/Portada-articulos-.jpg?resize=525%2C300&ssl=1 1.5x, https:\/\/i0.wp.com\/webdelmaestrocmf.com\/portal\/wp-content\/uploads\/2026\/01\/Portada-articulos-.jpg?resize=700%2C400&ssl=1 2x"},"classes":[]},{"id":27638,"url":"https:\/\/webdelmaestrocmf.com\/portal\/10-ejercicios-sencillos-para-problemas-del-lenguaje\/","url_meta":{"origin":52629,"position":2},"title":"10 ejercicios sencillos para problemas del lenguaje","author":"Web del Maestro CMF","date":"7 octubre, 2019","format":false,"excerpt":"Si su hijo tienen problemas para leer y deletrear, la terapia del habla podr\u00eda no parecer la respuesta obvia. Muchas personas piensan que los terapeutas del habla solamente trabajan con personas que tienen problemas para producir ciertos sonidos (articulaci\u00f3n), que tartamudean o tienen alg\u00fan ceceo. Los terapeutas del habla se\u2026","rel":"","context":"En \u00abComunicaci\u00f3n\u00bb","block_context":{"text":"Comunicaci\u00f3n","link":"https:\/\/webdelmaestrocmf.com\/portal\/category\/pedagogia\/comunicacion\/"},"img":{"alt_text":"problemas del lenguaje","src":"https:\/\/i0.wp.com\/webdelmaestrocmf.com\/portal\/wp-content\/uploads\/2018\/05\/1-74.jpg?resize=350%2C200&ssl=1","width":350,"height":200,"srcset":"https:\/\/i0.wp.com\/webdelmaestrocmf.com\/portal\/wp-content\/uploads\/2018\/05\/1-74.jpg?resize=350%2C200&ssl=1 1x, https:\/\/i0.wp.com\/webdelmaestrocmf.com\/portal\/wp-content\/uploads\/2018\/05\/1-74.jpg?resize=525%2C300&ssl=1 1.5x, https:\/\/i0.wp.com\/webdelmaestrocmf.com\/portal\/wp-content\/uploads\/2018\/05\/1-74.jpg?resize=700%2C400&ssl=1 2x"},"classes":[]},{"id":74569,"url":"https:\/\/webdelmaestrocmf.com\/portal\/sabes-como-trabajar-el-desarrollo-del-lenguaje-oral-en-tus-estudiantes\/","url_meta":{"origin":52629,"position":3},"title":"\u00bfSabes c\u00f3mo trabajar el desarrollo del lenguaje oral en tus estudiantes?","author":"Web del Maestro CMF","date":"5 abril, 2022","format":false,"excerpt":"Cualquier tipo de lenguaje es un sistema de comunicaci\u00f3n, tiene su propia estructura y se desarrolla en un contexto con algunas reglas de combinaciones posibles. El lenguaje oral es la capacidad para comunicarse verbal y ling\u00fc\u00edsticamente a trav\u00e9s de una conversaci\u00f3n y se aprende desde que somos peque\u00f1os. Por esa\u2026","rel":"","context":"En \u00abDescargas Manuales PDF\u00bb","block_context":{"text":"Descargas Manuales PDF","link":"https:\/\/webdelmaestrocmf.com\/portal\/category\/pedagogia\/descargas-manuales-pdf\/"},"img":{"alt_text":"","src":"https:\/\/i0.wp.com\/webdelmaestrocmf.com\/portal\/wp-content\/uploads\/2022\/02\/1-90.jpg?resize=350%2C200&ssl=1","width":350,"height":200,"srcset":"https:\/\/i0.wp.com\/webdelmaestrocmf.com\/portal\/wp-content\/uploads\/2022\/02\/1-90.jpg?resize=350%2C200&ssl=1 1x, https:\/\/i0.wp.com\/webdelmaestrocmf.com\/portal\/wp-content\/uploads\/2022\/02\/1-90.jpg?resize=525%2C300&ssl=1 1.5x, https:\/\/i0.wp.com\/webdelmaestrocmf.com\/portal\/wp-content\/uploads\/2022\/02\/1-90.jpg?resize=700%2C400&ssl=1 2x, https:\/\/i0.wp.com\/webdelmaestrocmf.com\/portal\/wp-content\/uploads\/2022\/02\/1-90.jpg?resize=1050%2C600&ssl=1 3x"},"classes":[]},{"id":18096,"url":"https:\/\/webdelmaestrocmf.com\/portal\/trastornos-del-aprendizaje-en-los-estudiantes-como-identificarlos\/","url_meta":{"origin":52629,"position":4},"title":"Trastornos del aprendizaje en los estudiantes, \u00bfc\u00f3mo identificarlos? Descarga la gu\u00eda para padres y docentes","author":"Web del Maestro CMF","date":"6 abril, 2026","format":false,"excerpt":"Detectar se\u00f1ales tempranas permite intervenir a tiempo y evitar que las dificultades de aprendizaje afecten la autoestima y el desarrollo escolar.","rel":"","context":"En \u00abDocentes\u00bb","block_context":{"text":"Docentes","link":"https:\/\/webdelmaestrocmf.com\/portal\/category\/pedagogia\/docentes\/"},"img":{"alt_text":"Trastornos","src":"https:\/\/i0.wp.com\/webdelmaestrocmf.com\/portal\/wp-content\/uploads\/2021\/02\/Banner-1-portada-imagen-10-37.jpg?resize=350%2C200&ssl=1","width":350,"height":200,"srcset":"https:\/\/i0.wp.com\/webdelmaestrocmf.com\/portal\/wp-content\/uploads\/2021\/02\/Banner-1-portada-imagen-10-37.jpg?resize=350%2C200&ssl=1 1x, https:\/\/i0.wp.com\/webdelmaestrocmf.com\/portal\/wp-content\/uploads\/2021\/02\/Banner-1-portada-imagen-10-37.jpg?resize=525%2C300&ssl=1 1.5x, https:\/\/i0.wp.com\/webdelmaestrocmf.com\/portal\/wp-content\/uploads\/2021\/02\/Banner-1-portada-imagen-10-37.jpg?resize=700%2C400&ssl=1 2x"},"classes":[]},{"id":72581,"url":"https:\/\/webdelmaestrocmf.com\/portal\/ejercicios-sencillos-para-problemas-del-lenguaje\/","url_meta":{"origin":52629,"position":5},"title":"Ejercicios sencillos para problemas del lenguaje","author":"Web del Maestro CMF","date":"30 marzo, 2022","format":false,"excerpt":"Existe un gran cantidad de problemas del lenguaje, la mayor\u00eda inciden en la articulaci\u00f3n en las palabras o son causados por dificultades motoras en los m\u00fasculos implicados en el habla. Por tal motivo, existen varios ejercicios que pueden ayudar a superarlos, siendo aplicados en el aula o incluso desde casa,\u2026","rel":"","context":"En \u00abPedagog\u00eda\u00bb","block_context":{"text":"Pedagog\u00eda","link":"https:\/\/webdelmaestrocmf.com\/portal\/category\/pedagogia\/educacion-pedagogia\/"},"img":{"alt_text":"","src":"https:\/\/i0.wp.com\/webdelmaestrocmf.com\/portal\/wp-content\/uploads\/2022\/01\/1-1.jpg?resize=350%2C200&ssl=1","width":350,"height":200,"srcset":"https:\/\/i0.wp.com\/webdelmaestrocmf.com\/portal\/wp-content\/uploads\/2022\/01\/1-1.jpg?resize=350%2C200&ssl=1 1x, https:\/\/i0.wp.com\/webdelmaestrocmf.com\/portal\/wp-content\/uploads\/2022\/01\/1-1.jpg?resize=525%2C300&ssl=1 1.5x, https:\/\/i0.wp.com\/webdelmaestrocmf.com\/portal\/wp-content\/uploads\/2022\/01\/1-1.jpg?resize=700%2C400&ssl=1 2x, https:\/\/i0.wp.com\/webdelmaestrocmf.com\/portal\/wp-content\/uploads\/2022\/01\/1-1.jpg?resize=1050%2C600&ssl=1 3x"},"classes":[]}],"_links":{"self":[{"href":"https:\/\/webdelmaestrocmf.com\/portal\/wp-json\/wp\/v2\/posts\/52629","targetHints":{"allow":["GET"]}}],"collection":[{"href":"https:\/\/webdelmaestrocmf.com\/portal\/wp-json\/wp\/v2\/posts"}],"about":[{"href":"https:\/\/webdelmaestrocmf.com\/portal\/wp-json\/wp\/v2\/types\/post"}],"author":[{"embeddable":true,"href":"https:\/\/webdelmaestrocmf.com\/portal\/wp-json\/wp\/v2\/users\/1"}],"replies":[{"embeddable":true,"href":"https:\/\/webdelmaestrocmf.com\/portal\/wp-json\/wp\/v2\/comments?post=52629"}],"version-history":[{"count":0,"href":"https:\/\/webdelmaestrocmf.com\/portal\/wp-json\/wp\/v2\/posts\/52629\/revisions"}],"wp:featuredmedia":[{"embeddable":true,"href":"https:\/\/webdelmaestrocmf.com\/portal\/wp-json\/wp\/v2\/media\/52643"}],"wp:attachment":[{"href":"https:\/\/webdelmaestrocmf.com\/portal\/wp-json\/wp\/v2\/media?parent=52629"}],"wp:term":[{"taxonomy":"category","embeddable":true,"href":"https:\/\/webdelmaestrocmf.com\/portal\/wp-json\/wp\/v2\/categories?post=52629"},{"taxonomy":"post_tag","embeddable":true,"href":"https:\/\/webdelmaestrocmf.com\/portal\/wp-json\/wp\/v2\/tags?post=52629"}],"curies":[{"name":"wp","href":"https:\/\/api.w.org\/{rel}","templated":true}]}}